{"id":7386,"date":"2021-11-19T15:45:14","date_gmt":"2021-11-19T14:45:14","guid":{"rendered":"https:\/\/www.renouvelle.be\/?p=7386"},"modified":"2021-11-19T16:25:29","modified_gmt":"2021-11-19T15:25:29","slug":"la-democratie-locale-comme-point-dappui-de-la-transition","status":"publish","type":"post","link":"https:\/\/www.renouvelle.be\/fr\/la-democratie-locale-comme-point-dappui-de-la-transition\/","title":{"rendered":"La d\u00e9mocratie locale comme point d\u2019appui de la transition"},"content":{"rendered":"\n<p>Les communes sont en premi\u00e8re ligne dans la gestion des impacts sanitaires, \u00e9conomiques et sociaux du changement climatique, et de la destruction de la biodiversit\u00e9 et des sols. Nous le constatons aujourd\u2019hui avec la crise engendr\u00e9e par la pand\u00e9mie de Covid-19 et avec les inondations de l\u2019\u00e9t\u00e9 2021. Et demain, d\u2019autres d\u00e9fis seront \u00e0 relever.<\/p>\n\n\n\n<p>De plus, certaines mati\u00e8res premi\u00e8res vont devenir plus rares, dont les combustibles fossiles, ce qui nous emm\u00e8ne in\u00e9vitablement vers plus de sobri\u00e9t\u00e9 et cr\u00e9e un mouvement structurel de retour au local qui pourrait tr\u00e8s rapidement s\u2019acc\u00e9l\u00e9rer.<\/p>\n\n\n\n<p>La charge des communes et les responsabilit\u00e9s de leurs \u00e9lus ne cesse donc de cro\u00eetre sans que des moyens humains et financiers suffisants y soient allou\u00e9s. Les bourgmestres et \u00e9chevins ainsi que les services communaux et sociaux sont submerg\u00e9s par la gestion des urgences et la d\u00e9tresse sociale. Or ils devraient pouvoir planifier la r\u00e9silience de leur territoire, c-\u00e0-d sa capacit\u00e9 \u00e0 absorber des chocs et changements brutaux de l\u2019environnement naturel et construit. Ils devraient \u00e9galement pouvoir anticiper d\u2019\u00e9ventuelles ruptures soudaines de normalit\u00e9 dans les conditions environnementales, les services ou les cha\u00eenes d\u2019approvisionnement, par exemple. &nbsp;&nbsp;<\/p>\n\n\n\n<p>Beaucoup d\u2019\u00e9lus et agents communaux sont \u00e0 bout, pris en \u00e9tau entre une charge administrative de plus en plus lourde et des attentes de plus en plus importantes (et exprim\u00e9es avec une agressivit\u00e9 croissante) d\u2019une population qui se pr\u00e9carise.&nbsp; Au point que beaucoup d\u2019entre-eux s\u2019\u00e9puisent, d\u00e9missionnent ou annoncent ne pas vouloir se repr\u00e9senter aux \u00e9lections.<\/p>\n\n\n\n<h2 class=\"wp-block-heading\"><strong>Alors que faire ?<\/strong><\/h2>\n\n\n\n<p>Renforcer les moyens humains et financier des communes et des CPAS, n\u00e9cessairement&nbsp;! C\u2019est ce que la Wallonie s\u2019efforce de faire \u00e0 travers diff\u00e9rents programmes et appels \u00e0 projets tels que <a href=\"https:\/\/energiecommune.be\/projet\/pollec\/\">POLLEC<\/a>.<\/p>\n\n\n\n<p>Il s\u2019agit de travailler au niveau de bassins de vie d\u00e9passant parfois les limites d\u2019une commune, forc\u00e9ment. C\u2019est ce que font les conf\u00e9rences d\u2019\u00e9lus, les Groupes d\u2019Action Locale, certains centre culturels, etc.<\/p>\n\n\n\n<p>Mais face \u00e0 l\u2019ampleur de la t\u00e2che et \u00e0 la complexit\u00e9 des enjeux, il est fort probable que ces moyens ne soient jamais suffisants si on ne r\u00e9ussit pas \u00e0 replacer les citoyens au centre de la gestion de leur territoire.<\/p>\n\n\n\n<p>Il ne s\u2019agit pas de consulter les citoyens pour leur demander ce que la commune peut faire pour eux, mais de leur demander ce qu\u2019ils veulent faire de mani\u00e8re collective et solidaire pour am\u00e9liorer leurs conditions de vie, et de les soutenir dans la concr\u00e9tisation de cette action.<\/p>\n\n\n\n<p>A travers des assembl\u00e9es citoyennes, des partenariats public-priv\u00e9-citoyen, des budgets participatifs, et des mises \u00e0 disposition de bien communaux, les \u00e9lus d\u00e9cident de confier \u00e0 leurs citoyens, rassembl\u00e9s en comit\u00e9s de quartier, en association ou en coop\u00e9rative, la planification et la mise en \u0153uvre avec des moyens publics et priv\u00e9s des r\u00e9ponses locales \u00e0 certains enjeux tels que la s\u00e9curit\u00e9 alimentaire et l\u2019approvisionnement \u00e9nerg\u00e9tique.<\/p>\n\n\n\n<figure class=\"wp-block-image size-full is-resized\"><img loading=\"lazy\" decoding=\"async\" src=\"https:\/\/www.renouvelle.be\/wp-content\/uploads\/2021\/11\/citoyens2-1.jpg\" alt=\"\" class=\"wp-image-7391\" width=\"439\" height=\"468\" srcset=\"https:\/\/www.renouvelle.be\/wp-content\/uploads\/2021\/11\/citoyens2-1.jpg 700w, https:\/\/www.renouvelle.be\/wp-content\/uploads\/2021\/11\/citoyens2-1-281x300.jpg 281w\" sizes=\"auto, (max-width: 439px) 100vw, 439px\" \/><\/figure>\n\n\n\n<h2 class=\"wp-block-heading\"><strong>De nombreux exemples<\/strong><\/h2>\n\n\n\n<p>De nombreux exemples allant dans ce sens existent d\u00e9j\u00e0.<\/p>\n\n\n\n<p>Parmi eux, citons l\u2019initiative citoyenne de la Ceinture Energ\u00e9tique Namuroise, soutenue par la Ville de Namur \u00e0 travers un budget participatif. Son objectifs ? Mener un G100 locale de l\u2019\u00e9nergie visant \u00e0 planifier la production d\u2019\u00e9nergie renouvelable locale (lire notre article <a href=\"https:\/\/www.renouvelle.be\/fr\/les-citoyens-simpliquent-dans-la-transition-energetique\/\">Les citoyens s\u2019impliquent dans la transition \u00e9nerg\u00e9tique<\/a>).<\/p>\n\n\n\n<p>Des projets de tiers-investissement citoyen photovolta\u00efque se d\u00e9veloppent \u00e9galement, notamment \u00e0 Courcelles (lire notre article <a href=\"https:\/\/www.renouvelle.be\/fr\/la-commune-de-courcelles-sequipe-en-photovoltaique\/\">La commune de Courcelles s\u2019\u00e9quipe en photovolta\u00efque<\/a>).<\/p>\n\n\n\n<p>Des communes participent \u00e0 des soci\u00e9t\u00e9s d\u2019exploitation d\u2019\u00e9oliennes comme Fernelmont (lire cette <a href=\"http:\/\/lampspw.wallonie.be\/dgo4\/conventiondesmaires\/assets\/documents\/content\/bonne-pratique\/450\/les-projets-eoliens-differentes-formes-dimplication-communale.pdf\">fiche bonnes pratiques<\/a>).<\/p>\n\n\n\n<p>De nombreux budgets participatifs permettent de soutenir des projets d\u2019int\u00e9r\u00eat g\u00e9n\u00e9ral soumis PAR et POUR les citoyens, comme \u00e0 <a href=\"https:\/\/participation.frw.be\/fr-BE\/projects\/bp-assesse\/4\">Assesse<\/a>, <a href=\"https:\/\/proximitybelgium.be\/static\/Andenne-projets\">Andenne<\/a> et <a href=\"https:\/\/fr.woluwe1200.be\/le-budget-participatif\">Woluwe-st-Lambert<\/a>.<\/p>\n\n\n\n<p>Par ailleurs, des communes &#8211; comme Amel et Bullange \u2013 s&rsquo;associent pour d\u00e9velopper des parcs \u00e9oliens communs, en partenariat avec des coop\u00e9ratives citoyennes (lire notre article <a href=\"https:\/\/www.renouvelle.be\/fr\/en-wallonie-un-projet-eolien-participatif-inedit\/\">En Wallonie, un projet \u00e9olien participatif in\u00e9dit<\/a>).<\/p>\n\n\n\n<p>Enfin, des communes, telles que Saint-Leger en Gaume, souhaitent attirer sur leur territoire des producteurs de l\u00e9gumes et d\u00e9velopper les circuits courts. Elles mettent d\u00e8s lors \u00e0 disposition, gratuitement, des champs communaux en friche pour y cr\u00e9er du mara\u00eechage. Une mani\u00e8re de contrer la hausse des prix des terres agricoles.<\/p>\n\n\n\n<h2 class=\"wp-block-heading\"><strong>Un tissu associatif foisonnant<\/strong><\/h2>\n\n\n\n<p>Ce changement de posture politique locale ouvre la voie \u00e0 une r\u00e9elle d\u00e9mocratie \u00e0 une \u00e9chelle humaine, o\u00f9 chaque individu peut ressentir qu\u2019il a prise sur sa r\u00e9alit\u00e9 s\u2019il agit au sein d\u2019un collectif.<\/p>\n\n\n\n<p>Cette participation citoyenne constitue \u00e9galement un maillon indispensable pour raviver les solidarit\u00e9s et renforcer la coh\u00e9sion sociale dont nous avons tellement besoin.<\/p>\n\n\n\n<p>La Wallonie dispose d\u2019une force inestimable car elle rec\u00e8le un tissu associatif et un secteur de l\u2019\u00e9conomie sociale foisonnants sur lesquels cette transformation syst\u00e9mique peut s\u2019appuyer. Et de nombreux outils juridiques et financiers existent pour la concr\u00e9tiser, tandis que d\u2019autres doivent encore \u00eatre invent\u00e9s ou amend\u00e9s.<\/p>\n\n\n\n<p>L\u2019ampleur du changement soci\u00e9tal que cela implique peut donner le vertige. Mais maintenant que le sol se d\u00e9robe sous nos pieds et qu\u2019une mobilisation g\u00e9n\u00e9rale est plus urgente que jamais, cette force appara\u00eet comme un point d\u2019appui vital.<\/p>\n","protected":false},"excerpt":{"rendered":"<p>Les communes sont en premi\u00e8re ligne dans la gestion des impacts sanitaires, \u00e9conomiques et sociaux du changement climatique, et de la destruction de la biodiversit\u00e9 et des sols. Nous le constatons aujourd\u2019hui avec la crise engendr\u00e9e par la pand\u00e9mie de Covid-19 et avec les inondations de l\u2019\u00e9t\u00e9 2021. Et demain, d\u2019autres d\u00e9fis seront \u00e0 relever. De plus, certaines mati\u00e8res premi\u00e8res vont devenir plus rares, dont les combustibles fossiles, ce qui nous emm\u00e8ne in\u00e9vitablement vers plus de sobri\u00e9t\u00e9 et cr\u00e9e un mouvement structurel de retour au local qui pourrait tr\u00e8s rapidement s\u2019acc\u00e9l\u00e9rer. La charge des communes et les responsabilit\u00e9s de leurs \u00e9lus ne cesse donc de cro\u00eetre sans que des moyens humains et financiers suffisants y soient allou\u00e9s. Les bourgmestres et \u00e9chevins ainsi que les services communaux et sociaux sont submerg\u00e9s par la gestion des urgences et la d\u00e9tresse sociale. Or ils devraient pouvoir planifier la r\u00e9silience de leur territoire, c-\u00e0-d sa capacit\u00e9 \u00e0 absorber des chocs et changements brutaux de l\u2019environnement naturel et construit. Ils devraient \u00e9galement pouvoir anticiper d\u2019\u00e9ventuelles ruptures soudaines de normalit\u00e9 dans les conditions environnementales, les services ou les cha\u00eenes d\u2019approvisionnement, par exemple. &nbsp;&nbsp; Beaucoup d\u2019\u00e9lus et agents communaux sont \u00e0 bout, pris en \u00e9tau entre une charge administrative de plus en plus lourde et des attentes de plus en plus importantes (et exprim\u00e9es avec une agressivit\u00e9 croissante) d\u2019une population qui se pr\u00e9carise.&nbsp; Au point que beaucoup d\u2019entre-eux s\u2019\u00e9puisent, d\u00e9missionnent ou annoncent ne pas vouloir se repr\u00e9senter aux \u00e9lections. Alors que faire ? Renforcer les moyens humains et financier des communes et des CPAS, n\u00e9cessairement&nbsp;! C\u2019est ce que la Wallonie s\u2019efforce de faire \u00e0 travers diff\u00e9rents programmes et appels \u00e0 projets tels que POLLEC. Il s\u2019agit de travailler au niveau de bassins de vie d\u00e9passant parfois les &hellip; <a href=\"https:\/\/www.renouvelle.be\/fr\/la-democratie-locale-comme-point-dappui-de-la-transition\/\" class=\"more-link\">Continue reading<span class=\"screen-reader-text\"> \u00ab\u00a0La d\u00e9mocratie locale comme point d\u2019appui de la transition\u00a0\u00bb<\/span><\/a><\/p>\n","protected":false},"author":21,"featured_media":7387,"comment_status":"closed","ping_status":"closed","sticky":false,"template":"","format":"standard","meta":{"_acf_changed":false,"footnotes":""},"categories":[21],"tags":[],"section":[8],"class_list":["post-7386","post","type-post","status-publish","format-standard","has-post-thumbnail","hentry","category-debats","section-energie-renouvelables"],"acf":[],"yoast_head":"<!-- This site is optimized with the Yoast SEO plugin v27.4 - https:\/\/yoast.com\/product\/yoast-seo-wordpress\/ -->\n<title>La d\u00e9mocratie locale comme point d\u2019appui de la transition - Renouvelle<\/title>\n<meta name=\"robots\" content=\"index, follow, max-snippet:-1, max-image-preview:large, max-video-preview:-1\" \/>\n<link rel=\"canonical\" href=\"https:\/\/www.renouvelle.be\/fr\/la-democratie-locale-comme-point-dappui-de-la-transition\/\" \/>\n<meta property=\"og:locale\" content=\"fr_FR\" \/>\n<meta property=\"og:type\" content=\"article\" \/>\n<meta property=\"og:title\" content=\"La d\u00e9mocratie locale comme point d\u2019appui de la transition - Renouvelle\" \/>\n<meta property=\"og:description\" content=\"Les communes sont en premi\u00e8re ligne dans la gestion des impacts sanitaires, \u00e9conomiques et sociaux du changement climatique, et de la destruction de la biodiversit\u00e9 et des sols. Nous le constatons aujourd\u2019hui avec la crise engendr\u00e9e par la pand\u00e9mie de Covid-19 et avec les inondations de l\u2019\u00e9t\u00e9 2021. Et demain, d\u2019autres d\u00e9fis seront \u00e0 relever. De plus, certaines mati\u00e8res premi\u00e8res vont devenir plus rares, dont les combustibles fossiles, ce qui nous emm\u00e8ne in\u00e9vitablement vers plus de sobri\u00e9t\u00e9 et cr\u00e9e un mouvement structurel de retour au local qui pourrait tr\u00e8s rapidement s\u2019acc\u00e9l\u00e9rer. La charge des communes et les responsabilit\u00e9s de leurs \u00e9lus ne cesse donc de cro\u00eetre sans que des moyens humains et financiers suffisants y soient allou\u00e9s. Les bourgmestres et \u00e9chevins ainsi que les services communaux et sociaux sont submerg\u00e9s par la gestion des urgences et la d\u00e9tresse sociale. Or ils devraient pouvoir planifier la r\u00e9silience de leur territoire, c-\u00e0-d sa capacit\u00e9 \u00e0 absorber des chocs et changements brutaux de l\u2019environnement naturel et construit. Ils devraient \u00e9galement pouvoir anticiper d\u2019\u00e9ventuelles ruptures soudaines de normalit\u00e9 dans les conditions environnementales, les services ou les cha\u00eenes d\u2019approvisionnement, par exemple. &nbsp;&nbsp; Beaucoup d\u2019\u00e9lus et agents communaux sont \u00e0 bout, pris en \u00e9tau entre une charge administrative de plus en plus lourde et des attentes de plus en plus importantes (et exprim\u00e9es avec une agressivit\u00e9 croissante) d\u2019une population qui se pr\u00e9carise.&nbsp; Au point que beaucoup d\u2019entre-eux s\u2019\u00e9puisent, d\u00e9missionnent ou annoncent ne pas vouloir se repr\u00e9senter aux \u00e9lections. Alors que faire ? Renforcer les moyens humains et financier des communes et des CPAS, n\u00e9cessairement&nbsp;! C\u2019est ce que la Wallonie s\u2019efforce de faire \u00e0 travers diff\u00e9rents programmes et appels \u00e0 projets tels que POLLEC. Il s\u2019agit de travailler au niveau de bassins de vie d\u00e9passant parfois les &hellip; Continue reading &quot;La d\u00e9mocratie locale comme point d\u2019appui de la transition&quot;\" \/>\n<meta property=\"og:url\" content=\"https:\/\/www.renouvelle.be\/fr\/la-democratie-locale-comme-point-dappui-de-la-transition\/\" \/>\n<meta property=\"og:site_name\" content=\"Renouvelle\" \/>\n<meta property=\"article:published_time\" content=\"2021-11-19T14:45:14+00:00\" \/>\n<meta property=\"article:modified_time\" content=\"2021-11-19T15:25:29+00:00\" \/>\n<meta property=\"og:image\" content=\"https:\/\/www.renouvelle.be\/wp-content\/uploads\/2021\/11\/citoyens.jpg\" \/>\n\t<meta property=\"og:image:width\" content=\"700\" \/>\n\t<meta property=\"og:image:height\" content=\"575\" \/>\n\t<meta property=\"og:image:type\" content=\"image\/jpeg\" \/>\n<meta name=\"author\" content=\"Fr\u00e9d\u00e9ric PRAILLET\" \/>\n<meta name=\"twitter:card\" content=\"summary_large_image\" \/>\n<script type=\"application\/ld+json\" class=\"yoast-schema-graph\">{\"@context\":\"https:\\\/\\\/schema.org\",\"@graph\":[{\"@type\":\"Article\",\"@id\":\"https:\\\/\\\/www.renouvelle.be\\\/fr\\\/la-democratie-locale-comme-point-dappui-de-la-transition\\\/#article\",\"isPartOf\":{\"@id\":\"https:\\\/\\\/www.renouvelle.be\\\/fr\\\/la-democratie-locale-comme-point-dappui-de-la-transition\\\/\"},\"author\":{\"name\":\"Fr\u00e9d\u00e9ric PRAILLET\",\"@id\":\"https:\\\/\\\/www.renouvelle.be\\\/fr\\\/#\\\/schema\\\/person\\\/9d3565ca9db7252f965f75c1f3561a53\"},\"headline\":\"La d\u00e9mocratie locale comme point d\u2019appui de la transition\",\"datePublished\":\"2021-11-19T14:45:14+00:00\",\"dateModified\":\"2021-11-19T15:25:29+00:00\",\"mainEntityOfPage\":{\"@id\":\"https:\\\/\\\/www.renouvelle.be\\\/fr\\\/la-democratie-locale-comme-point-dappui-de-la-transition\\\/\"},\"wordCount\":922,\"image\":{\"@id\":\"https:\\\/\\\/www.renouvelle.be\\\/fr\\\/la-democratie-locale-comme-point-dappui-de-la-transition\\\/#primaryimage\"},\"thumbnailUrl\":\"https:\\\/\\\/www.renouvelle.be\\\/wp-content\\\/uploads\\\/2021\\\/11\\\/citoyens.jpg\",\"articleSection\":[\"D\u00e9bats\"],\"inLanguage\":\"fr-FR\"},{\"@type\":\"WebPage\",\"@id\":\"https:\\\/\\\/www.renouvelle.be\\\/fr\\\/la-democratie-locale-comme-point-dappui-de-la-transition\\\/\",\"url\":\"https:\\\/\\\/www.renouvelle.be\\\/fr\\\/la-democratie-locale-comme-point-dappui-de-la-transition\\\/\",\"name\":\"La d\u00e9mocratie locale comme point d\u2019appui de la transition - Renouvelle\",\"isPartOf\":{\"@id\":\"https:\\\/\\\/www.renouvelle.be\\\/fr\\\/#website\"},\"primaryImageOfPage\":{\"@id\":\"https:\\\/\\\/www.renouvelle.be\\\/fr\\\/la-democratie-locale-comme-point-dappui-de-la-transition\\\/#primaryimage\"},\"image\":{\"@id\":\"https:\\\/\\\/www.renouvelle.be\\\/fr\\\/la-democratie-locale-comme-point-dappui-de-la-transition\\\/#primaryimage\"},\"thumbnailUrl\":\"https:\\\/\\\/www.renouvelle.be\\\/wp-content\\\/uploads\\\/2021\\\/11\\\/citoyens.jpg\",\"datePublished\":\"2021-11-19T14:45:14+00:00\",\"dateModified\":\"2021-11-19T15:25:29+00:00\",\"author\":{\"@id\":\"https:\\\/\\\/www.renouvelle.be\\\/fr\\\/#\\\/schema\\\/person\\\/9d3565ca9db7252f965f75c1f3561a53\"},\"breadcrumb\":{\"@id\":\"https:\\\/\\\/www.renouvelle.be\\\/fr\\\/la-democratie-locale-comme-point-dappui-de-la-transition\\\/#breadcrumb\"},\"inLanguage\":\"fr-FR\",\"potentialAction\":[{\"@type\":\"ReadAction\",\"target\":[\"https:\\\/\\\/www.renouvelle.be\\\/fr\\\/la-democratie-locale-comme-point-dappui-de-la-transition\\\/\"]}]},{\"@type\":\"ImageObject\",\"inLanguage\":\"fr-FR\",\"@id\":\"https:\\\/\\\/www.renouvelle.be\\\/fr\\\/la-democratie-locale-comme-point-dappui-de-la-transition\\\/#primaryimage\",\"url\":\"https:\\\/\\\/www.renouvelle.be\\\/wp-content\\\/uploads\\\/2021\\\/11\\\/citoyens.jpg\",\"contentUrl\":\"https:\\\/\\\/www.renouvelle.be\\\/wp-content\\\/uploads\\\/2021\\\/11\\\/citoyens.jpg\",\"width\":700,\"height\":575,\"caption\":\"Green Business Team Meeting\"},{\"@type\":\"BreadcrumbList\",\"@id\":\"https:\\\/\\\/www.renouvelle.be\\\/fr\\\/la-democratie-locale-comme-point-dappui-de-la-transition\\\/#breadcrumb\",\"itemListElement\":[{\"@type\":\"ListItem\",\"position\":1,\"name\":\"Accueil\",\"item\":\"https:\\\/\\\/www.renouvelle.be\\\/fr\\\/\"},{\"@type\":\"ListItem\",\"position\":2,\"name\":\"La d\u00e9mocratie locale comme point d\u2019appui de la transition\"}]},{\"@type\":\"WebSite\",\"@id\":\"https:\\\/\\\/www.renouvelle.be\\\/fr\\\/#website\",\"url\":\"https:\\\/\\\/www.renouvelle.be\\\/fr\\\/\",\"name\":\"Renouvelle\",\"description\":\"L&#039;actualit\u00e9 de l&#039;\u00e9nergie durable\",\"potentialAction\":[{\"@type\":\"SearchAction\",\"target\":{\"@type\":\"EntryPoint\",\"urlTemplate\":\"https:\\\/\\\/www.renouvelle.be\\\/fr\\\/?s={search_term_string}\"},\"query-input\":{\"@type\":\"PropertyValueSpecification\",\"valueRequired\":true,\"valueName\":\"search_term_string\"}}],\"inLanguage\":\"fr-FR\"},{\"@type\":\"Person\",\"@id\":\"https:\\\/\\\/www.renouvelle.be\\\/fr\\\/#\\\/schema\\\/person\\\/9d3565ca9db7252f965f75c1f3561a53\",\"name\":\"Fr\u00e9d\u00e9ric PRAILLET\",\"url\":\"https:\\\/\\\/www.renouvelle.be\\\/fr\\\/author\\\/fredericpraillet\\\/\"}]}<\/script>\n<!-- \/ Yoast SEO plugin. -->","yoast_head_json":{"title":"La d\u00e9mocratie locale comme point d\u2019appui de la transition - Renouvelle","robots":{"index":"index","follow":"follow","max-snippet":"max-snippet:-1","max-image-preview":"max-image-preview:large","max-video-preview":"max-video-preview:-1"},"canonical":"https:\/\/www.renouvelle.be\/fr\/la-democratie-locale-comme-point-dappui-de-la-transition\/","og_locale":"fr_FR","og_type":"article","og_title":"La d\u00e9mocratie locale comme point d\u2019appui de la transition - Renouvelle","og_description":"Les communes sont en premi\u00e8re ligne dans la gestion des impacts sanitaires, \u00e9conomiques et sociaux du changement climatique, et de la destruction de la biodiversit\u00e9 et des sols. Nous le constatons aujourd\u2019hui avec la crise engendr\u00e9e par la pand\u00e9mie de Covid-19 et avec les inondations de l\u2019\u00e9t\u00e9 2021. Et demain, d\u2019autres d\u00e9fis seront \u00e0 relever. De plus, certaines mati\u00e8res premi\u00e8res vont devenir plus rares, dont les combustibles fossiles, ce qui nous emm\u00e8ne in\u00e9vitablement vers plus de sobri\u00e9t\u00e9 et cr\u00e9e un mouvement structurel de retour au local qui pourrait tr\u00e8s rapidement s\u2019acc\u00e9l\u00e9rer. La charge des communes et les responsabilit\u00e9s de leurs \u00e9lus ne cesse donc de cro\u00eetre sans que des moyens humains et financiers suffisants y soient allou\u00e9s. Les bourgmestres et \u00e9chevins ainsi que les services communaux et sociaux sont submerg\u00e9s par la gestion des urgences et la d\u00e9tresse sociale. Or ils devraient pouvoir planifier la r\u00e9silience de leur territoire, c-\u00e0-d sa capacit\u00e9 \u00e0 absorber des chocs et changements brutaux de l\u2019environnement naturel et construit. Ils devraient \u00e9galement pouvoir anticiper d\u2019\u00e9ventuelles ruptures soudaines de normalit\u00e9 dans les conditions environnementales, les services ou les cha\u00eenes d\u2019approvisionnement, par exemple. &nbsp;&nbsp; Beaucoup d\u2019\u00e9lus et agents communaux sont \u00e0 bout, pris en \u00e9tau entre une charge administrative de plus en plus lourde et des attentes de plus en plus importantes (et exprim\u00e9es avec une agressivit\u00e9 croissante) d\u2019une population qui se pr\u00e9carise.&nbsp; Au point que beaucoup d\u2019entre-eux s\u2019\u00e9puisent, d\u00e9missionnent ou annoncent ne pas vouloir se repr\u00e9senter aux \u00e9lections. Alors que faire ? Renforcer les moyens humains et financier des communes et des CPAS, n\u00e9cessairement&nbsp;! C\u2019est ce que la Wallonie s\u2019efforce de faire \u00e0 travers diff\u00e9rents programmes et appels \u00e0 projets tels que POLLEC. Il s\u2019agit de travailler au niveau de bassins de vie d\u00e9passant parfois les &hellip; Continue reading \"La d\u00e9mocratie locale comme point d\u2019appui de la transition\"","og_url":"https:\/\/www.renouvelle.be\/fr\/la-democratie-locale-comme-point-dappui-de-la-transition\/","og_site_name":"Renouvelle","article_published_time":"2021-11-19T14:45:14+00:00","article_modified_time":"2021-11-19T15:25:29+00:00","og_image":[{"width":700,"height":575,"url":"https:\/\/www.renouvelle.be\/wp-content\/uploads\/2021\/11\/citoyens.jpg","type":"image\/jpeg"}],"author":"Fr\u00e9d\u00e9ric PRAILLET","twitter_card":"summary_large_image","schema":{"@context":"https:\/\/schema.org","@graph":[{"@type":"Article","@id":"https:\/\/www.renouvelle.be\/fr\/la-democratie-locale-comme-point-dappui-de-la-transition\/#article","isPartOf":{"@id":"https:\/\/www.renouvelle.be\/fr\/la-democratie-locale-comme-point-dappui-de-la-transition\/"},"author":{"name":"Fr\u00e9d\u00e9ric PRAILLET","@id":"https:\/\/www.renouvelle.be\/fr\/#\/schema\/person\/9d3565ca9db7252f965f75c1f3561a53"},"headline":"La d\u00e9mocratie locale comme point d\u2019appui de la transition","datePublished":"2021-11-19T14:45:14+00:00","dateModified":"2021-11-19T15:25:29+00:00","mainEntityOfPage":{"@id":"https:\/\/www.renouvelle.be\/fr\/la-democratie-locale-comme-point-dappui-de-la-transition\/"},"wordCount":922,"image":{"@id":"https:\/\/www.renouvelle.be\/fr\/la-democratie-locale-comme-point-dappui-de-la-transition\/#primaryimage"},"thumbnailUrl":"https:\/\/www.renouvelle.be\/wp-content\/uploads\/2021\/11\/citoyens.jpg","articleSection":["D\u00e9bats"],"inLanguage":"fr-FR"},{"@type":"WebPage","@id":"https:\/\/www.renouvelle.be\/fr\/la-democratie-locale-comme-point-dappui-de-la-transition\/","url":"https:\/\/www.renouvelle.be\/fr\/la-democratie-locale-comme-point-dappui-de-la-transition\/","name":"La d\u00e9mocratie locale comme point d\u2019appui de la transition - Renouvelle","isPartOf":{"@id":"https:\/\/www.renouvelle.be\/fr\/#website"},"primaryImageOfPage":{"@id":"https:\/\/www.renouvelle.be\/fr\/la-democratie-locale-comme-point-dappui-de-la-transition\/#primaryimage"},"image":{"@id":"https:\/\/www.renouvelle.be\/fr\/la-democratie-locale-comme-point-dappui-de-la-transition\/#primaryimage"},"thumbnailUrl":"https:\/\/www.renouvelle.be\/wp-content\/uploads\/2021\/11\/citoyens.jpg","datePublished":"2021-11-19T14:45:14+00:00","dateModified":"2021-11-19T15:25:29+00:00","author":{"@id":"https:\/\/www.renouvelle.be\/fr\/#\/schema\/person\/9d3565ca9db7252f965f75c1f3561a53"},"breadcrumb":{"@id":"https:\/\/www.renouvelle.be\/fr\/la-democratie-locale-comme-point-dappui-de-la-transition\/#breadcrumb"},"inLanguage":"fr-FR","potentialAction":[{"@type":"ReadAction","target":["https:\/\/www.renouvelle.be\/fr\/la-democratie-locale-comme-point-dappui-de-la-transition\/"]}]},{"@type":"ImageObject","inLanguage":"fr-FR","@id":"https:\/\/www.renouvelle.be\/fr\/la-democratie-locale-comme-point-dappui-de-la-transition\/#primaryimage","url":"https:\/\/www.renouvelle.be\/wp-content\/uploads\/2021\/11\/citoyens.jpg","contentUrl":"https:\/\/www.renouvelle.be\/wp-content\/uploads\/2021\/11\/citoyens.jpg","width":700,"height":575,"caption":"Green Business Team Meeting"},{"@type":"BreadcrumbList","@id":"https:\/\/www.renouvelle.be\/fr\/la-democratie-locale-comme-point-dappui-de-la-transition\/#breadcrumb","itemListElement":[{"@type":"ListItem","position":1,"name":"Accueil","item":"https:\/\/www.renouvelle.be\/fr\/"},{"@type":"ListItem","position":2,"name":"La d\u00e9mocratie locale comme point d\u2019appui de la transition"}]},{"@type":"WebSite","@id":"https:\/\/www.renouvelle.be\/fr\/#website","url":"https:\/\/www.renouvelle.be\/fr\/","name":"Renouvelle","description":"L&#039;actualit\u00e9 de l&#039;\u00e9nergie durable","potentialAction":[{"@type":"SearchAction","target":{"@type":"EntryPoint","urlTemplate":"https:\/\/www.renouvelle.be\/fr\/?s={search_term_string}"},"query-input":{"@type":"PropertyValueSpecification","valueRequired":true,"valueName":"search_term_string"}}],"inLanguage":"fr-FR"},{"@type":"Person","@id":"https:\/\/www.renouvelle.be\/fr\/#\/schema\/person\/9d3565ca9db7252f965f75c1f3561a53","name":"Fr\u00e9d\u00e9ric PRAILLET","url":"https:\/\/www.renouvelle.be\/fr\/author\/fredericpraillet\/"}]}},"_links":{"self":[{"href":"https:\/\/www.renouvelle.be\/fr\/wp-json\/wp\/v2\/posts\/7386","targetHints":{"allow":["GET"]}}],"collection":[{"href":"https:\/\/www.renouvelle.be\/fr\/wp-json\/wp\/v2\/posts"}],"about":[{"href":"https:\/\/www.renouvelle.be\/fr\/wp-json\/wp\/v2\/types\/post"}],"author":[{"embeddable":true,"href":"https:\/\/www.renouvelle.be\/fr\/wp-json\/wp\/v2\/users\/21"}],"replies":[{"embeddable":true,"href":"https:\/\/www.renouvelle.be\/fr\/wp-json\/wp\/v2\/comments?post=7386"}],"version-history":[{"count":5,"href":"https:\/\/www.renouvelle.be\/fr\/wp-json\/wp\/v2\/posts\/7386\/revisions"}],"predecessor-version":[{"id":7395,"href":"https:\/\/www.renouvelle.be\/fr\/wp-json\/wp\/v2\/posts\/7386\/revisions\/7395"}],"wp:featuredmedia":[{"embeddable":true,"href":"https:\/\/www.renouvelle.be\/fr\/wp-json\/wp\/v2\/media\/7387"}],"wp:attachment":[{"href":"https:\/\/www.renouvelle.be\/fr\/wp-json\/wp\/v2\/media?parent=7386"}],"wp:term":[{"taxonomy":"category","embeddable":true,"href":"https:\/\/www.renouvelle.be\/fr\/wp-json\/wp\/v2\/categories?post=7386"},{"taxonomy":"post_tag","embeddable":true,"href":"https:\/\/www.renouvelle.be\/fr\/wp-json\/wp\/v2\/tags?post=7386"},{"taxonomy":"section","embeddable":true,"href":"https:\/\/www.renouvelle.be\/fr\/wp-json\/wp\/v2\/section?post=7386"}],"curies":[{"name":"wp","href":"https:\/\/api.w.org\/{rel}","templated":true}]}}