{"id":7345,"date":"2021-11-09T15:13:02","date_gmt":"2021-11-09T14:13:02","guid":{"rendered":"https:\/\/www.renouvelle.be\/?p=7345"},"modified":"2023-07-11T00:12:41","modified_gmt":"2023-07-10T22:12:41","slug":"vers-un-eclairage-public-plus-econome-et-plus-discret","status":"publish","type":"post","link":"https:\/\/www.renouvelle.be\/fr\/vers-un-eclairage-public-plus-econome-et-plus-discret\/","title":{"rendered":"Vers un \u00e9clairage public plus \u00e9conome et plus discret"},"content":{"rendered":"\n<p>En Wallonie, le parc communal d\u2019\u00e9clairage public est constitu\u00e9 de technologies anciennes, \u00e9nergivores et co\u00fbteuses. Il repr\u00e9sente encore plus de la moiti\u00e9 de la facture d\u2019\u00e9lectricit\u00e9 des communes !&nbsp;<\/p>\n\n\n\n<p>On d\u00e9nombre 19 lampadaires pour 100 habitants, contre 12 en moyenne en Europe. Et la tendance est \u00e0 la hausse : l\u2019\u00e9clairage public a plus que doubl\u00e9 ces 25 derni\u00e8res ann\u00e9es.&nbsp;<\/p>\n\n\n\n<p>Or le d\u00e9veloppement et la maturit\u00e9 de la technologie LED ouvre d\u00e9sormais de belles perspectives d\u2019\u00e9conomies d\u2019\u00e9nergie et de co\u00fbts.&nbsp;<\/p>\n\n\n\n<p>Soutenues par le gouvernement wallon, les communes wallonnes vont proc\u00e9der au remplacement des 585.000 luminaires public sur une p\u00e9riode de 10 ans &#8211; soit 60.000 luminaires par an jusqu\u2019en 2030. Elles r\u00e9duiront ainsi leur consommation d\u2019\u00e9lectricit\u00e9 pour l\u2019\u00e9clairage public d\u2019environ 60%, associ\u00e9 \u00e0 une \u00e9conomie financi\u00e8re similaire et une importante diminution de leurs \u00e9missions de CO<sub>2<\/sub>.&nbsp;<\/p>\n\n\n\n<p>Le programme POLLEC (Politique Locale Energie Climat) pr\u00e9voit des subsides pour aider les communes \u00e0 mener \u00e0 bien ce chantier.&nbsp;<\/p>\n\n\n\n<h2 class=\"wp-block-heading\"><strong>Limiter l\u2019impact sur la biodiversit\u00e9<\/strong>&nbsp;<\/h2>\n\n\n\n<figure class=\"wp-block-image size-full\"><img loading=\"lazy\" decoding=\"async\" width=\"700\" height=\"467\" src=\"https:\/\/www.renouvelle.be\/wp-content\/uploads\/2021\/11\/image-1.jpeg\" alt=\"\" class=\"wp-image-7346\" srcset=\"https:\/\/www.renouvelle.be\/wp-content\/uploads\/2021\/11\/image-1.jpeg 700w, https:\/\/www.renouvelle.be\/wp-content\/uploads\/2021\/11\/image-1-300x200.jpeg 300w\" sizes=\"auto, (max-width: 700px) 100vw, 700px\" \/><figcaption class=\"wp-element-caption\">L\u2019\u00e9clairage nocturne a un effet n\u00e9gatif sur la faune.<\/figcaption><\/figure>\n\n\n\n<p><\/p>\n\n\n\n<p>Les projets financ\u00e9s devront notamment porter sur le remplacement, l\u2019adaptation et\/ou la suppression de l&rsquo;\u00e9clairage aux abords des b\u00e2timents et monuments publics et dans les sites naturels, afin de limiter l\u2019impact sur la biodiversit\u00e9.&nbsp;<\/p>\n\n\n\n<p>Depuis quelques d\u00e9cennies, on observe une augmentation importante de points lumineux, y compris en site naturel ou \u00e0 proximit\u00e9. Les effets de cette pollution lumineuse sur la faune sont globalement n\u00e9gatifs.&nbsp;<\/p>\n\n\n\n<p>En effet, les lumi\u00e8res urbaines jouent un r\u00f4le d\u2019attraction \/ r\u00e9pulsion chez diverses esp\u00e8ces animales (les insectes, les oiseaux, les chauves-souris, les batraciens). Elles perturbent leurs d\u00e9placements et leurs comportements alimentaires modifiant l\u2019\u00e9quilibre naturel.&nbsp;<\/p>\n\n\n\n<p>N\u00e9anmoins, les \u00e9volutions technologiques dans le domaine de l\u2019\u00e9clairage, l\u2019adoption de r\u00e8gles simples et une utilisation parcimonieuse permettent de limiter ces impacts n\u00e9gatifs.&nbsp;<\/p>\n\n\n\n<p>De m\u00eame, l\u2019\u00e9clairage nocturne d\u2019\u00e9difices tels que les \u00e9glises, citadelles, ch\u00e2teaux \u2026 ou tunnels doit \u00eatre \u00e9vit\u00e9 ou analys\u00e9 avec pr\u00e9caution car ils sont susceptibles d\u2019\u00eatre le g\u00eete d\u2019esp\u00e8ces sensibles \u00e0 la lumi\u00e8re comme les chauves-souris ou les rapaces nocturnes.&nbsp;<\/p>\n\n\n\n<h2 class=\"wp-block-heading\"><strong>Repenser l\u2019\u00e9clairage<\/strong>&nbsp;<\/h2>\n\n\n\n<p>Cette op\u00e9ration de relighting est \u00e9galement l\u2019occasion de repenser l\u2019\u00e9clairage public communal.&nbsp;<\/p>\n\n\n\n<p>Le programme POLLEC finance donc aussi les analyses globales du territoire qui permettent de supprimer les points lumineux superflus, sur base d\u2019une cartographie.&nbsp;<\/p>\n\n\n\n<p>Historiquement, l\u2019apparition de l\u2019\u00e9clairage urbain a permis de rendre les rues plus s\u00fbres. Mais cela n\u2019est plus vrai aujourd\u2019hui.&nbsp;<\/p>\n\n\n\n<p>En Wallonie, la commune de Chaumont-Gistoux a compl\u00e8tement repens\u00e9 son \u00e9clairage public et explique sa d\u00e9marche sur cette <a href=\"https:\/\/www.chaumont-gistoux.be\/actualites\/entre-2020-et-2030-l2019eclairage-public-communal-fait-peau-neuve\" target=\"_blank\" rel=\"noreferrer noopener\">page<\/a>.&nbsp;<\/p>\n\n\n\n<p>Voici quelques \u00e9l\u00e9ments de leurs r\u00e9flexions.&nbsp;<\/p>\n\n\n\n<p>Les scientifiques et les nombreux plans lumi\u00e8res de grandes villes nous montrent qu\u2019\u00e9clairage public ne rime pas forc\u00e9ment avec s\u00e9curit\u00e9. Ainsi, la grande majorit\u00e9 des cambriolages ont lieu en journ\u00e9e, lorsque les occupants sont au travail. De m\u00eame, les accidents de nuit sur la route se produisent le plus souvent sur des voiries &#8230;\u00e9clair\u00e9es. Les causes sont la vitesse (favoris\u00e9e par des routes \u00e9clair\u00e9es), l\u2019alcool ou les stup\u00e9fiants, l\u2019endormissement au volant et les conditions climatiques.&nbsp;<\/p>\n\n\n\n<p>Cette association \u00ab \u00e9clairage public = s\u00e9curit\u00e9 \u00bb est ancr\u00e9e en nous. De m\u00eame que l\u2019association \u00ab espace public non \u00e9clair\u00e9 = peur \u00bb. La s\u00e9curit\u00e9 est une chose, le sentiment de s\u00e9curit\u00e9 ou notre peur en est une autre.&nbsp;<\/p>\n\n\n\n<p>La question qui se pose aujourd\u2019hui est la suivante : voulons-nous maintenir, voire renforcer, un \u00e9clairage co\u00fbteux, gros consommateur d\u2019\u00e9nergie et grand \u00e9metteur de CO2 dont on conclut qu\u2019il n\u2019am\u00e9liore pas notre s\u00e9curit\u00e9, si ce n\u2019est qu\u2019il contribue, \u00e0 la surface, \u00e0 notre sentiment de s\u00e9curit\u00e9 ?&nbsp;<\/p>\n\n\n\n<p>La commune a donc opt\u00e9 pour la suppression de nombreux points lumineux superflus et cibl\u00e9 l\u2019\u00e9clairage sur les lieux o\u00f9 il renforce r\u00e9ellement la s\u00e9curit\u00e9, tels que les passages pi\u00e9tons.&nbsp;<\/p>\n\n\n\n<p>Nous conseillons \u00e9galement le t\u00e9moignage de la commune de Viroinval, qui a d\u00e9j\u00e0 remplac\u00e9 tous ses luminaires par la technologie LED (lire notre article <a href=\"https:\/\/www.renouvelle.be\/fr\/eclairage-public-en-wallonie-100-led-dici-2030\/\" target=\"_blank\" rel=\"noreferrer noopener\">Eclairage public en Wallonie : 100% LED d\u2019ici 2030<\/a>).&nbsp;&nbsp;<\/p>\n","protected":false},"excerpt":{"rendered":"<p>En Wallonie, le parc communal d\u2019\u00e9clairage public est constitu\u00e9 de technologies anciennes, \u00e9nergivores et co\u00fbteuses. Il repr\u00e9sente encore plus de la moiti\u00e9 de la facture d\u2019\u00e9lectricit\u00e9 des communes !&nbsp; On d\u00e9nombre 19 lampadaires pour 100 habitants, contre 12 en moyenne en Europe. Et la tendance est \u00e0 la hausse : l\u2019\u00e9clairage public a plus que doubl\u00e9 ces 25 derni\u00e8res ann\u00e9es.&nbsp; Or le d\u00e9veloppement et la maturit\u00e9 de la technologie LED ouvre d\u00e9sormais de belles perspectives d\u2019\u00e9conomies d\u2019\u00e9nergie et de co\u00fbts.&nbsp; Soutenues par le gouvernement wallon, les communes wallonnes vont proc\u00e9der au remplacement des 585.000 luminaires public sur une p\u00e9riode de 10 ans &#8211; soit 60.000 luminaires par an jusqu\u2019en 2030. Elles r\u00e9duiront ainsi leur consommation d\u2019\u00e9lectricit\u00e9 pour l\u2019\u00e9clairage public d\u2019environ 60%, associ\u00e9 \u00e0 une \u00e9conomie financi\u00e8re similaire et une importante diminution de leurs \u00e9missions de CO2.&nbsp; Le programme POLLEC (Politique Locale Energie Climat) pr\u00e9voit des subsides pour aider les communes \u00e0 mener \u00e0 bien ce chantier.&nbsp; Limiter l\u2019impact sur la biodiversit\u00e9&nbsp; Les projets financ\u00e9s devront notamment porter sur le remplacement, l\u2019adaptation et\/ou la suppression de l&rsquo;\u00e9clairage aux abords des b\u00e2timents et monuments publics et dans les sites naturels, afin de limiter l\u2019impact sur la biodiversit\u00e9.&nbsp; Depuis quelques d\u00e9cennies, on observe une augmentation importante de points lumineux, y compris en site naturel ou \u00e0 proximit\u00e9. Les effets de cette pollution lumineuse sur la faune sont globalement n\u00e9gatifs.&nbsp; En effet, les lumi\u00e8res urbaines jouent un r\u00f4le d\u2019attraction \/ r\u00e9pulsion chez diverses esp\u00e8ces animales (les insectes, les oiseaux, les chauves-souris, les batraciens). Elles perturbent leurs d\u00e9placements et leurs comportements alimentaires modifiant l\u2019\u00e9quilibre naturel.&nbsp; N\u00e9anmoins, les \u00e9volutions technologiques dans le domaine de l\u2019\u00e9clairage, l\u2019adoption de r\u00e8gles simples et une utilisation parcimonieuse permettent de limiter ces impacts n\u00e9gatifs.&nbsp; De m\u00eame, l\u2019\u00e9clairage nocturne d\u2019\u00e9difices tels que &hellip; <a href=\"https:\/\/www.renouvelle.be\/fr\/vers-un-eclairage-public-plus-econome-et-plus-discret\/\" class=\"more-link\">Continue reading<span class=\"screen-reader-text\"> \u00ab\u00a0Vers un \u00e9clairage public plus \u00e9conome et plus discret\u00a0\u00bb<\/span><\/a><\/p>\n","protected":false},"author":3,"featured_media":7348,"comment_status":"closed","ping_status":"closed","sticky":false,"template":"","format":"standard","meta":{"_acf_changed":false,"footnotes":""},"categories":[17],"tags":[],"section":[8],"class_list":["post-7345","post","type-post","status-publish","format-standard","has-post-thumbnail","hentry","category-actualite-en-belgique","section-energie-renouvelables"],"acf":[],"yoast_head":"<!-- This site is optimized with the Yoast SEO plugin v27.5 - https:\/\/yoast.com\/product\/yoast-seo-wordpress\/ -->\n<title>Vers un \u00e9clairage public plus \u00e9conome et plus discret - Renouvelle<\/title>\n<meta name=\"robots\" content=\"index, follow, max-snippet:-1, max-image-preview:large, max-video-preview:-1\" \/>\n<link rel=\"canonical\" href=\"https:\/\/www.renouvelle.be\/fr\/vers-un-eclairage-public-plus-econome-et-plus-discret\/\" \/>\n<meta property=\"og:locale\" content=\"fr_FR\" \/>\n<meta property=\"og:type\" content=\"article\" \/>\n<meta property=\"og:title\" content=\"Vers un \u00e9clairage public plus \u00e9conome et plus discret - Renouvelle\" \/>\n<meta property=\"og:description\" content=\"En Wallonie, le parc communal d\u2019\u00e9clairage public est constitu\u00e9 de technologies anciennes, \u00e9nergivores et co\u00fbteuses. Il repr\u00e9sente encore plus de la moiti\u00e9 de la facture d\u2019\u00e9lectricit\u00e9 des communes !&nbsp; On d\u00e9nombre 19 lampadaires pour 100 habitants, contre 12 en moyenne en Europe. Et la tendance est \u00e0 la hausse : l\u2019\u00e9clairage public a plus que doubl\u00e9 ces 25 derni\u00e8res ann\u00e9es.&nbsp; Or le d\u00e9veloppement et la maturit\u00e9 de la technologie LED ouvre d\u00e9sormais de belles perspectives d\u2019\u00e9conomies d\u2019\u00e9nergie et de co\u00fbts.&nbsp; Soutenues par le gouvernement wallon, les communes wallonnes vont proc\u00e9der au remplacement des 585.000 luminaires public sur une p\u00e9riode de 10 ans &#8211; soit 60.000 luminaires par an jusqu\u2019en 2030. Elles r\u00e9duiront ainsi leur consommation d\u2019\u00e9lectricit\u00e9 pour l\u2019\u00e9clairage public d\u2019environ 60%, associ\u00e9 \u00e0 une \u00e9conomie financi\u00e8re similaire et une importante diminution de leurs \u00e9missions de CO2.&nbsp; Le programme POLLEC (Politique Locale Energie Climat) pr\u00e9voit des subsides pour aider les communes \u00e0 mener \u00e0 bien ce chantier.&nbsp; Limiter l\u2019impact sur la biodiversit\u00e9&nbsp; Les projets financ\u00e9s devront notamment porter sur le remplacement, l\u2019adaptation et\/ou la suppression de l&rsquo;\u00e9clairage aux abords des b\u00e2timents et monuments publics et dans les sites naturels, afin de limiter l\u2019impact sur la biodiversit\u00e9.&nbsp; Depuis quelques d\u00e9cennies, on observe une augmentation importante de points lumineux, y compris en site naturel ou \u00e0 proximit\u00e9. Les effets de cette pollution lumineuse sur la faune sont globalement n\u00e9gatifs.&nbsp; En effet, les lumi\u00e8res urbaines jouent un r\u00f4le d\u2019attraction \/ r\u00e9pulsion chez diverses esp\u00e8ces animales (les insectes, les oiseaux, les chauves-souris, les batraciens). Elles perturbent leurs d\u00e9placements et leurs comportements alimentaires modifiant l\u2019\u00e9quilibre naturel.&nbsp; N\u00e9anmoins, les \u00e9volutions technologiques dans le domaine de l\u2019\u00e9clairage, l\u2019adoption de r\u00e8gles simples et une utilisation parcimonieuse permettent de limiter ces impacts n\u00e9gatifs.&nbsp; De m\u00eame, l\u2019\u00e9clairage nocturne d\u2019\u00e9difices tels que &hellip; Continue reading &quot;Vers un \u00e9clairage public plus \u00e9conome et plus discret&quot;\" \/>\n<meta property=\"og:url\" content=\"https:\/\/www.renouvelle.be\/fr\/vers-un-eclairage-public-plus-econome-et-plus-discret\/\" \/>\n<meta property=\"og:site_name\" content=\"Renouvelle\" \/>\n<meta property=\"article:published_time\" content=\"2021-11-09T14:13:02+00:00\" \/>\n<meta property=\"article:modified_time\" content=\"2023-07-10T22:12:41+00:00\" \/>\n<meta property=\"og:image\" content=\"https:\/\/www.renouvelle.be\/wp-content\/uploads\/2021\/11\/LED.jpg\" \/>\n\t<meta property=\"og:image:width\" content=\"700\" \/>\n\t<meta property=\"og:image:height\" content=\"467\" \/>\n\t<meta property=\"og:image:type\" content=\"image\/jpeg\" \/>\n<meta name=\"author\" content=\"Energie Commune\" \/>\n<meta name=\"twitter:card\" content=\"summary_large_image\" \/>\n<script type=\"application\/ld+json\" class=\"yoast-schema-graph\">{\"@context\":\"https:\\\/\\\/schema.org\",\"@graph\":[{\"@type\":\"Article\",\"@id\":\"https:\\\/\\\/www.renouvelle.be\\\/fr\\\/vers-un-eclairage-public-plus-econome-et-plus-discret\\\/#article\",\"isPartOf\":{\"@id\":\"https:\\\/\\\/www.renouvelle.be\\\/fr\\\/vers-un-eclairage-public-plus-econome-et-plus-discret\\\/\"},\"author\":{\"name\":\"Energie Commune\",\"@id\":\"https:\\\/\\\/www.renouvelle.be\\\/fr\\\/#\\\/schema\\\/person\\\/01fbe8226a07f8f3d4a1cd059b31f17a\"},\"headline\":\"Vers un \u00e9clairage public plus \u00e9conome et plus discret\",\"datePublished\":\"2021-11-09T14:13:02+00:00\",\"dateModified\":\"2023-07-10T22:12:41+00:00\",\"mainEntityOfPage\":{\"@id\":\"https:\\\/\\\/www.renouvelle.be\\\/fr\\\/vers-un-eclairage-public-plus-econome-et-plus-discret\\\/\"},\"wordCount\":742,\"image\":{\"@id\":\"https:\\\/\\\/www.renouvelle.be\\\/fr\\\/vers-un-eclairage-public-plus-econome-et-plus-discret\\\/#primaryimage\"},\"thumbnailUrl\":\"https:\\\/\\\/www.renouvelle.be\\\/wp-content\\\/uploads\\\/2021\\\/11\\\/LED.jpg\",\"articleSection\":[\"Actualit\u00e9 en Belgique\"],\"inLanguage\":\"fr-FR\"},{\"@type\":\"WebPage\",\"@id\":\"https:\\\/\\\/www.renouvelle.be\\\/fr\\\/vers-un-eclairage-public-plus-econome-et-plus-discret\\\/\",\"url\":\"https:\\\/\\\/www.renouvelle.be\\\/fr\\\/vers-un-eclairage-public-plus-econome-et-plus-discret\\\/\",\"name\":\"Vers un \u00e9clairage public plus \u00e9conome et plus discret - Renouvelle\",\"isPartOf\":{\"@id\":\"https:\\\/\\\/www.renouvelle.be\\\/fr\\\/#website\"},\"primaryImageOfPage\":{\"@id\":\"https:\\\/\\\/www.renouvelle.be\\\/fr\\\/vers-un-eclairage-public-plus-econome-et-plus-discret\\\/#primaryimage\"},\"image\":{\"@id\":\"https:\\\/\\\/www.renouvelle.be\\\/fr\\\/vers-un-eclairage-public-plus-econome-et-plus-discret\\\/#primaryimage\"},\"thumbnailUrl\":\"https:\\\/\\\/www.renouvelle.be\\\/wp-content\\\/uploads\\\/2021\\\/11\\\/LED.jpg\",\"datePublished\":\"2021-11-09T14:13:02+00:00\",\"dateModified\":\"2023-07-10T22:12:41+00:00\",\"author\":{\"@id\":\"https:\\\/\\\/www.renouvelle.be\\\/fr\\\/#\\\/schema\\\/person\\\/01fbe8226a07f8f3d4a1cd059b31f17a\"},\"breadcrumb\":{\"@id\":\"https:\\\/\\\/www.renouvelle.be\\\/fr\\\/vers-un-eclairage-public-plus-econome-et-plus-discret\\\/#breadcrumb\"},\"inLanguage\":\"fr-FR\",\"potentialAction\":[{\"@type\":\"ReadAction\",\"target\":[\"https:\\\/\\\/www.renouvelle.be\\\/fr\\\/vers-un-eclairage-public-plus-econome-et-plus-discret\\\/\"]}]},{\"@type\":\"ImageObject\",\"inLanguage\":\"fr-FR\",\"@id\":\"https:\\\/\\\/www.renouvelle.be\\\/fr\\\/vers-un-eclairage-public-plus-econome-et-plus-discret\\\/#primaryimage\",\"url\":\"https:\\\/\\\/www.renouvelle.be\\\/wp-content\\\/uploads\\\/2021\\\/11\\\/LED.jpg\",\"contentUrl\":\"https:\\\/\\\/www.renouvelle.be\\\/wp-content\\\/uploads\\\/2021\\\/11\\\/LED.jpg\",\"width\":700,\"height\":467,\"caption\":\"Yohana Rokka Ward, Universal City Part 3\"},{\"@type\":\"BreadcrumbList\",\"@id\":\"https:\\\/\\\/www.renouvelle.be\\\/fr\\\/vers-un-eclairage-public-plus-econome-et-plus-discret\\\/#breadcrumb\",\"itemListElement\":[{\"@type\":\"ListItem\",\"position\":1,\"name\":\"Accueil\",\"item\":\"https:\\\/\\\/www.renouvelle.be\\\/fr\\\/\"},{\"@type\":\"ListItem\",\"position\":2,\"name\":\"Vers un \u00e9clairage public plus \u00e9conome et plus discret\"}]},{\"@type\":\"WebSite\",\"@id\":\"https:\\\/\\\/www.renouvelle.be\\\/fr\\\/#website\",\"url\":\"https:\\\/\\\/www.renouvelle.be\\\/fr\\\/\",\"name\":\"Renouvelle\",\"description\":\"L&#039;actualit\u00e9 de l&#039;\u00e9nergie durable\",\"potentialAction\":[{\"@type\":\"SearchAction\",\"target\":{\"@type\":\"EntryPoint\",\"urlTemplate\":\"https:\\\/\\\/www.renouvelle.be\\\/fr\\\/?s={search_term_string}\"},\"query-input\":{\"@type\":\"PropertyValueSpecification\",\"valueRequired\":true,\"valueName\":\"search_term_string\"}}],\"inLanguage\":\"fr-FR\"},{\"@type\":\"Person\",\"@id\":\"https:\\\/\\\/www.renouvelle.be\\\/fr\\\/#\\\/schema\\\/person\\\/01fbe8226a07f8f3d4a1cd059b31f17a\",\"name\":\"Energie Commune\",\"url\":\"https:\\\/\\\/www.renouvelle.be\\\/fr\\\/author\\\/apere\\\/\"}]}<\/script>\n<!-- \/ Yoast SEO plugin. -->","yoast_head_json":{"title":"Vers un \u00e9clairage public plus \u00e9conome et plus discret - Renouvelle","robots":{"index":"index","follow":"follow","max-snippet":"max-snippet:-1","max-image-preview":"max-image-preview:large","max-video-preview":"max-video-preview:-1"},"canonical":"https:\/\/www.renouvelle.be\/fr\/vers-un-eclairage-public-plus-econome-et-plus-discret\/","og_locale":"fr_FR","og_type":"article","og_title":"Vers un \u00e9clairage public plus \u00e9conome et plus discret - Renouvelle","og_description":"En Wallonie, le parc communal d\u2019\u00e9clairage public est constitu\u00e9 de technologies anciennes, \u00e9nergivores et co\u00fbteuses. Il repr\u00e9sente encore plus de la moiti\u00e9 de la facture d\u2019\u00e9lectricit\u00e9 des communes !&nbsp; On d\u00e9nombre 19 lampadaires pour 100 habitants, contre 12 en moyenne en Europe. Et la tendance est \u00e0 la hausse : l\u2019\u00e9clairage public a plus que doubl\u00e9 ces 25 derni\u00e8res ann\u00e9es.&nbsp; Or le d\u00e9veloppement et la maturit\u00e9 de la technologie LED ouvre d\u00e9sormais de belles perspectives d\u2019\u00e9conomies d\u2019\u00e9nergie et de co\u00fbts.&nbsp; Soutenues par le gouvernement wallon, les communes wallonnes vont proc\u00e9der au remplacement des 585.000 luminaires public sur une p\u00e9riode de 10 ans &#8211; soit 60.000 luminaires par an jusqu\u2019en 2030. Elles r\u00e9duiront ainsi leur consommation d\u2019\u00e9lectricit\u00e9 pour l\u2019\u00e9clairage public d\u2019environ 60%, associ\u00e9 \u00e0 une \u00e9conomie financi\u00e8re similaire et une importante diminution de leurs \u00e9missions de CO2.&nbsp; Le programme POLLEC (Politique Locale Energie Climat) pr\u00e9voit des subsides pour aider les communes \u00e0 mener \u00e0 bien ce chantier.&nbsp; Limiter l\u2019impact sur la biodiversit\u00e9&nbsp; Les projets financ\u00e9s devront notamment porter sur le remplacement, l\u2019adaptation et\/ou la suppression de l&rsquo;\u00e9clairage aux abords des b\u00e2timents et monuments publics et dans les sites naturels, afin de limiter l\u2019impact sur la biodiversit\u00e9.&nbsp; Depuis quelques d\u00e9cennies, on observe une augmentation importante de points lumineux, y compris en site naturel ou \u00e0 proximit\u00e9. Les effets de cette pollution lumineuse sur la faune sont globalement n\u00e9gatifs.&nbsp; En effet, les lumi\u00e8res urbaines jouent un r\u00f4le d\u2019attraction \/ r\u00e9pulsion chez diverses esp\u00e8ces animales (les insectes, les oiseaux, les chauves-souris, les batraciens). Elles perturbent leurs d\u00e9placements et leurs comportements alimentaires modifiant l\u2019\u00e9quilibre naturel.&nbsp; N\u00e9anmoins, les \u00e9volutions technologiques dans le domaine de l\u2019\u00e9clairage, l\u2019adoption de r\u00e8gles simples et une utilisation parcimonieuse permettent de limiter ces impacts n\u00e9gatifs.&nbsp; De m\u00eame, l\u2019\u00e9clairage nocturne d\u2019\u00e9difices tels que &hellip; Continue reading \"Vers un \u00e9clairage public plus \u00e9conome et plus discret\"","og_url":"https:\/\/www.renouvelle.be\/fr\/vers-un-eclairage-public-plus-econome-et-plus-discret\/","og_site_name":"Renouvelle","article_published_time":"2021-11-09T14:13:02+00:00","article_modified_time":"2023-07-10T22:12:41+00:00","og_image":[{"width":700,"height":467,"url":"https:\/\/www.renouvelle.be\/wp-content\/uploads\/2021\/11\/LED.jpg","type":"image\/jpeg"}],"author":"Energie Commune","twitter_card":"summary_large_image","schema":{"@context":"https:\/\/schema.org","@graph":[{"@type":"Article","@id":"https:\/\/www.renouvelle.be\/fr\/vers-un-eclairage-public-plus-econome-et-plus-discret\/#article","isPartOf":{"@id":"https:\/\/www.renouvelle.be\/fr\/vers-un-eclairage-public-plus-econome-et-plus-discret\/"},"author":{"name":"Energie Commune","@id":"https:\/\/www.renouvelle.be\/fr\/#\/schema\/person\/01fbe8226a07f8f3d4a1cd059b31f17a"},"headline":"Vers un \u00e9clairage public plus \u00e9conome et plus discret","datePublished":"2021-11-09T14:13:02+00:00","dateModified":"2023-07-10T22:12:41+00:00","mainEntityOfPage":{"@id":"https:\/\/www.renouvelle.be\/fr\/vers-un-eclairage-public-plus-econome-et-plus-discret\/"},"wordCount":742,"image":{"@id":"https:\/\/www.renouvelle.be\/fr\/vers-un-eclairage-public-plus-econome-et-plus-discret\/#primaryimage"},"thumbnailUrl":"https:\/\/www.renouvelle.be\/wp-content\/uploads\/2021\/11\/LED.jpg","articleSection":["Actualit\u00e9 en Belgique"],"inLanguage":"fr-FR"},{"@type":"WebPage","@id":"https:\/\/www.renouvelle.be\/fr\/vers-un-eclairage-public-plus-econome-et-plus-discret\/","url":"https:\/\/www.renouvelle.be\/fr\/vers-un-eclairage-public-plus-econome-et-plus-discret\/","name":"Vers un \u00e9clairage public plus \u00e9conome et plus discret - Renouvelle","isPartOf":{"@id":"https:\/\/www.renouvelle.be\/fr\/#website"},"primaryImageOfPage":{"@id":"https:\/\/www.renouvelle.be\/fr\/vers-un-eclairage-public-plus-econome-et-plus-discret\/#primaryimage"},"image":{"@id":"https:\/\/www.renouvelle.be\/fr\/vers-un-eclairage-public-plus-econome-et-plus-discret\/#primaryimage"},"thumbnailUrl":"https:\/\/www.renouvelle.be\/wp-content\/uploads\/2021\/11\/LED.jpg","datePublished":"2021-11-09T14:13:02+00:00","dateModified":"2023-07-10T22:12:41+00:00","author":{"@id":"https:\/\/www.renouvelle.be\/fr\/#\/schema\/person\/01fbe8226a07f8f3d4a1cd059b31f17a"},"breadcrumb":{"@id":"https:\/\/www.renouvelle.be\/fr\/vers-un-eclairage-public-plus-econome-et-plus-discret\/#breadcrumb"},"inLanguage":"fr-FR","potentialAction":[{"@type":"ReadAction","target":["https:\/\/www.renouvelle.be\/fr\/vers-un-eclairage-public-plus-econome-et-plus-discret\/"]}]},{"@type":"ImageObject","inLanguage":"fr-FR","@id":"https:\/\/www.renouvelle.be\/fr\/vers-un-eclairage-public-plus-econome-et-plus-discret\/#primaryimage","url":"https:\/\/www.renouvelle.be\/wp-content\/uploads\/2021\/11\/LED.jpg","contentUrl":"https:\/\/www.renouvelle.be\/wp-content\/uploads\/2021\/11\/LED.jpg","width":700,"height":467,"caption":"Yohana Rokka Ward, Universal City Part 3"},{"@type":"BreadcrumbList","@id":"https:\/\/www.renouvelle.be\/fr\/vers-un-eclairage-public-plus-econome-et-plus-discret\/#breadcrumb","itemListElement":[{"@type":"ListItem","position":1,"name":"Accueil","item":"https:\/\/www.renouvelle.be\/fr\/"},{"@type":"ListItem","position":2,"name":"Vers un \u00e9clairage public plus \u00e9conome et plus discret"}]},{"@type":"WebSite","@id":"https:\/\/www.renouvelle.be\/fr\/#website","url":"https:\/\/www.renouvelle.be\/fr\/","name":"Renouvelle","description":"L&#039;actualit\u00e9 de l&#039;\u00e9nergie durable","potentialAction":[{"@type":"SearchAction","target":{"@type":"EntryPoint","urlTemplate":"https:\/\/www.renouvelle.be\/fr\/?s={search_term_string}"},"query-input":{"@type":"PropertyValueSpecification","valueRequired":true,"valueName":"search_term_string"}}],"inLanguage":"fr-FR"},{"@type":"Person","@id":"https:\/\/www.renouvelle.be\/fr\/#\/schema\/person\/01fbe8226a07f8f3d4a1cd059b31f17a","name":"Energie Commune","url":"https:\/\/www.renouvelle.be\/fr\/author\/apere\/"}]}},"_links":{"self":[{"href":"https:\/\/www.renouvelle.be\/fr\/wp-json\/wp\/v2\/posts\/7345","targetHints":{"allow":["GET"]}}],"collection":[{"href":"https:\/\/www.renouvelle.be\/fr\/wp-json\/wp\/v2\/posts"}],"about":[{"href":"https:\/\/www.renouvelle.be\/fr\/wp-json\/wp\/v2\/types\/post"}],"author":[{"embeddable":true,"href":"https:\/\/www.renouvelle.be\/fr\/wp-json\/wp\/v2\/users\/3"}],"replies":[{"embeddable":true,"href":"https:\/\/www.renouvelle.be\/fr\/wp-json\/wp\/v2\/comments?post=7345"}],"version-history":[{"count":6,"href":"https:\/\/www.renouvelle.be\/fr\/wp-json\/wp\/v2\/posts\/7345\/revisions"}],"predecessor-version":[{"id":10192,"href":"https:\/\/www.renouvelle.be\/fr\/wp-json\/wp\/v2\/posts\/7345\/revisions\/10192"}],"wp:featuredmedia":[{"embeddable":true,"href":"https:\/\/www.renouvelle.be\/fr\/wp-json\/wp\/v2\/media\/7348"}],"wp:attachment":[{"href":"https:\/\/www.renouvelle.be\/fr\/wp-json\/wp\/v2\/media?parent=7345"}],"wp:term":[{"taxonomy":"category","embeddable":true,"href":"https:\/\/www.renouvelle.be\/fr\/wp-json\/wp\/v2\/categories?post=7345"},{"taxonomy":"post_tag","embeddable":true,"href":"https:\/\/www.renouvelle.be\/fr\/wp-json\/wp\/v2\/tags?post=7345"},{"taxonomy":"section","embeddable":true,"href":"https:\/\/www.renouvelle.be\/fr\/wp-json\/wp\/v2\/section?post=7345"}],"curies":[{"name":"wp","href":"https:\/\/api.w.org\/{rel}","templated":true}]}}