{"id":7237,"date":"2021-10-22T14:45:59","date_gmt":"2021-10-22T12:45:59","guid":{"rendered":"https:\/\/www.renouvelle.be\/?p=7237"},"modified":"2023-06-08T11:57:56","modified_gmt":"2023-06-08T09:57:56","slug":"les-energies-renouvelables-protegent-les-menages-de-la-hausse-des-prix-de-lenergie","status":"publish","type":"post","link":"https:\/\/www.renouvelle.be\/fr\/les-energies-renouvelables-protegent-les-menages-de-la-hausse-des-prix-de-lenergie\/","title":{"rendered":"Les \u00e9nergies renouvelables prot\u00e8gent les m\u00e9nages de la hausse des prix de l\u2019\u00e9nergie"},"content":{"rendered":"\n<p>Les prix de l\u2019\u00e9nergie sont actuellement en hausse, ce qui inqui\u00e8te les m\u00e9nages, le politique et les m\u00e9dias.&nbsp;<\/p>\n\n\n\n<p><a href=\"https:\/\/energiecommune.be\" target=\"_blank\" rel=\"noreferrer noopener\">Energie Commune<\/a>, qui assure un suivi statistique des prix de l\u2019\u00e9nergie en Belgique, temp\u00e8re quelque peu cette inqui\u00e9tude, pour le march\u00e9 belge en tout cas. Comme le montre le graphique ci-dessous, les prix des diff\u00e9rentes formes d\u2019\u00e9nergie retrouvent actuellement des niveaux que nous avons d\u00e9j\u00e0 connus ces 10 derni\u00e8res ann\u00e9es.&nbsp;<\/p>\n\n\n\n<figure class=\"wp-block-image size-full\"><img loading=\"lazy\" decoding=\"async\" width=\"900\" height=\"515\" src=\"https:\/\/www.renouvelle.be\/wp-content\/uploads\/2021\/10\/prix.jpg\" alt=\"\" class=\"wp-image-7244\" srcset=\"https:\/\/www.renouvelle.be\/wp-content\/uploads\/2021\/10\/prix.jpg 900w, https:\/\/www.renouvelle.be\/wp-content\/uploads\/2021\/10\/prix-300x172.jpg 300w, https:\/\/www.renouvelle.be\/wp-content\/uploads\/2021\/10\/prix-768x439.jpg 768w\" sizes=\"auto, (max-width: 900px) 100vw, 900px\" \/><\/figure>\n\n\n\n<p>Source : <a href=\"https:\/\/energiecommune.be\/statistique\/prix-energie\/\" target=\"_blank\" rel=\"noreferrer noopener\">Observatoire belge des prix de l\u2019\u00e9nergie<\/a>&nbsp;<\/p>\n\n\n\n<h2 class=\"wp-block-heading\"><strong>Changer de fournisseur ?<\/strong>&nbsp;<\/h2>\n\n\n\n<p>La question est de savoir si ces prix vont se stabiliser ou continuer de grimper dans les prochains mois. Cette inconnue nous laisse prudents pour conseiller les m\u00e9nages : \u00e0 ce stade, rien ne dit qu\u2019il est urgent de changer de fournisseur ou de contrat (fixe ou variable) pour des raisons financi\u00e8res.&nbsp;&nbsp;<\/p>\n\n\n\n<p>Mais il est toujours utile de comparer r\u00e9guli\u00e8rement les offres sur les comparateurs officiels \u00e0 <a href=\"https:\/\/www.brugel.brussels\/outils\/brusim-2\" target=\"_blank\" rel=\"noreferrer noopener\">Bruxelles<\/a> et en <a href=\"https:\/\/www.compacwape.be\/client\/#\/myProfile\" target=\"_blank\" rel=\"noreferrer noopener\">Wallonie<\/a> et de suivre les achats group\u00e9s d\u2019\u00e9nergie organis\u00e9s par votre commune ou par une plateforme telle que <a href=\"https:\/\/wikipower.be\" target=\"_blank\" rel=\"noreferrer noopener\">Wikipower<\/a>.&nbsp;<\/p>\n\n\n\n<p>Attention cependant \u00e0 deux \u00e9l\u00e9ments :&nbsp;<\/p>\n\n\n\n<ul class=\"wp-block-list\">\n<li>Certains fournisseurs ne proposent plus de contrats fixes ou \u00e0 des prix dissuasifs.&nbsp;<\/li>\n<\/ul>\n\n\n\n<ul class=\"wp-block-list\">\n<li>En quittant votre fournisseur actuel, vous devrez peut-\u00eatre r\u00e9clamer le remboursement de votre redevance annuelle au pro rata du nombre de mois de consommation.&nbsp;<\/li>\n<\/ul>\n\n\n\n<p>Quoi qu\u2019il en soit, vous pouvez \u00e9galement entamer des d\u00e9marches pour planifier des travaux d\u2019isolation ou d\u2019\u00e9quipements d\u2019\u00e9nergies renouvelables : \u00e0 moyen et long termes, vous serez toujours gagnants (lire notre article <a href=\"https:\/\/www.renouvelle.be\/fr\/quelle-technologie-renouvelable-pour-chauffer-mon-logement\/\" target=\"_blank\" rel=\"noreferrer noopener\">Quelle technologie renouvelable pour chauffer mon logement ?<\/a>).&nbsp;<\/p>\n\n\n\n<p>Vous pouvez \u00e9galement demander conseils aupr\u00e8s de diff\u00e9rents organismes :&nbsp;<\/p>\n\n\n\n<p>A Bruxelles :&nbsp;&nbsp;<\/p>\n\n\n\n<p><a href=\"http:\/\/www.inforgazelec.be\" target=\"_blank\" rel=\"noreferrer noopener\">Infor GazElec<\/a> &#8211; 02\/209 21 90 &#8211; info@gazelec.info&nbsp;<\/p>\n\n\n\n<p>En Wallonie :&nbsp;&nbsp;<\/p>\n\n\n\n<p><a href=\"https:\/\/www.energieinfowallonie.be\/fr\" target=\"_blank\" rel=\"noreferrer noopener\">Energie Info Wallonie<\/a> &#8211; <a href=\"tel:081247010\" target=\"_blank\" rel=\"noreferrer noopener\">081\/24 70 10<\/a> &#8211; <a href=\"mailto:info@energieinfowallonie.be\" target=\"_blank\" rel=\"noreferrer noopener\">info@energieinfowallonie.be<\/a>&nbsp;<\/p>\n\n\n\n<p><a href=\"https:\/\/www.wallonie.be\/fr\/demarches\/contacter-les-guichets-energie-wallonie\" target=\"_blank\" rel=\"noreferrer noopener\">Guichets de l\u2019Energie<\/a>&nbsp;<\/p>\n\n\n\n<p>Belgique :&nbsp;<\/p>\n\n\n\n<p>Test-Achat : 0800 50 222 &#8211; <a href=\"https:\/\/www.test-achats.be\/energyguide\" target=\"_blank\" rel=\"noreferrer noopener\">Energyguide<\/a>&nbsp;<\/p>\n\n\n\n<p>Et le politique se doit de prendre des mesures pour prot\u00e9ger les m\u00e9nages en situation de pr\u00e9carit\u00e9 \u00e9nerg\u00e9tique (lire nos articles <a href=\"https:\/\/www.renouvelle.be\/fr\/comment-mener-une-transition-energetique-juste-et-inclusive\/\" target=\"_blank\" rel=\"noreferrer noopener\">Comment mener une transition \u00e9nerg\u00e9tique juste et inclusive<\/a> et <a href=\"https:\/\/www.renouvelle.be\/fr\/energie-chere-et-precarite-energetique-la-renovation-et-lelectricite-renouvelable-sont-des-solutions\/\" target=\"_blank\" rel=\"noreferrer noopener\">Energie ch\u00e8re et pr\u00e9carit\u00e9 \u00e9nerg\u00e9tique : la r\u00e9novation et l\u2019\u00e9lectricit\u00e9 renouvelable sont des solutions<\/a>).&nbsp;<\/p>\n\n\n\n<p>Le gouvernement f\u00e9d\u00e9ral va ainsi d\u00e9bloquer <a href=\"https:\/\/www.lalibre.be\/belgique\/politique-belge\/2021\/10\/16\/le-gouvernement-federal-va-debloquer-un-million-deuros-en-vue-dun-tarif-social-pour-un-chauffage-durable-E2UDFHFJM5C6VMEZOOWJFO2BKI\/\" target=\"_blank\" rel=\"noreferrer noopener\">un million d&rsquo;euros<\/a> en vue d&rsquo;un tarif social pour un chauffage durable tel que l\u2019aquathermie ou la g\u00e9othermie.&nbsp;<\/p>\n\n\n\n<p>Une chose est s\u00fbre : les \u00e9nergies renouvelables sont une solution pour faire baisser la facture des m\u00e9nages.&nbsp;<\/p>\n\n\n\n<p>Voici pourquoi.&nbsp;<\/p>\n\n\n\n<h2 class=\"wp-block-heading\"><strong>Un march\u00e9 du gaz tr\u00e8s volatil<\/strong>&nbsp;<\/h2>\n\n\n\n<p>La hausse actuelle des prix de l\u2019\u00e9nergie s\u2019explique principalement pour deux raisons.&nbsp;&nbsp;<\/p>\n\n\n\n<p>Premi\u00e8rement, la reprise de l\u2019\u00e9conomie mondiale g\u00e9n\u00e8re une forte demande d\u2019\u00e9nergie alors que les producteurs d\u2019\u00e9nergie fossile ne parviennent pas \u00e0 augmenter leur offre. Les prix du gaz ont ainsi quasi doubl\u00e9 en Europe depuis 2020. Rappelons cependant que les prix du gaz ont chut\u00e9 en mars 2020, lorsque la demande \u00e9tait tr\u00e8s faible (confinements) et l\u2019offre surabondante &nbsp;<\/p>\n\n\n\n<p>Deuxi\u00e8mement, la flamb\u00e9e du prix du gaz pousse les producteurs d\u2019\u00e9lectricit\u00e9 \u00e0 se rabattre sur le charbon, ce qui \u00e9met plus de CO<sub>2<\/sub>, augmente la demande de quotas et double le prix du carbone, r\u00e9percut\u00e9 sur le prix de l\u2019\u00e9lectricit\u00e9.&nbsp;<\/p>\n\n\n\n<p>Dans le m\u00eame temps, les prix de la biomasse (bois, pellets) sont rest\u00e9s stables (voir graphique en haut de page) car cette ressource est locale et ne d\u00e9pend pas des march\u00e9s internationaux.&nbsp;<\/p>\n\n\n\n<p>De plus, les prix de l\u2019\u00e9olien et du photovolta\u00efque &#8211; sont \u00e9galement rest\u00e9s stables car la ressource est gratuite (vent, soleil).&nbsp;<\/p>\n\n\n\n<p>Les \u00e9nergies renouvelables d\u00e9montrent ainsi leur capacit\u00e9 \u00e0 r\u00e9duire \u00e0 la fois la facture d\u2019\u00e9nergie et notre empreinte carbone. N&rsquo;h\u00e9sitez pas \u00e0 vous \u00e9quiper d&rsquo;une chaudi\u00e8re \u00e0 pellets, d\u2019un po\u00eale \u00e0 bois performant et\/ou de panneaux photovolta\u00efques. De nombreux observateurs le confirment : au plus on d\u00e9veloppera les \u00e9nergies renouvelables, au plus nos \u00e9conomies s\u2019affranchiront des flamb\u00e9es des prix des \u00e9nergies fossiles et de la tonne de carbone.&nbsp;<\/p>\n\n\n\n<h2 class=\"wp-block-heading\"><strong>\u201cLes renouvelables feront baisser la facture\u201d<\/strong>&nbsp;<\/h2>\n\n\n\n<figure class=\"wp-block-image size-full\"><img loading=\"lazy\" decoding=\"async\" width=\"700\" height=\"426\" src=\"https:\/\/www.renouvelle.be\/wp-content\/uploads\/2021\/10\/image-4.jpeg\" alt=\"\" class=\"wp-image-7240\" srcset=\"https:\/\/www.renouvelle.be\/wp-content\/uploads\/2021\/10\/image-4.jpeg 700w, https:\/\/www.renouvelle.be\/wp-content\/uploads\/2021\/10\/image-4-300x183.jpeg 300w, https:\/\/www.renouvelle.be\/wp-content\/uploads\/2021\/10\/image-4-330x200.jpeg 330w\" sizes=\"auto, (max-width: 700px) 100vw, 700px\" \/><\/figure>\n\n\n\n<p>Au Royaume-Uni, o\u00f9 les prix du gaz ont \u00e9t\u00e9 multipli\u00e9s par six en quelques mois, le Secr\u00e9taire d\u2019Etat \u00e0 l\u2019Energie, Kwasi Kwarteng, a ainsi r\u00e9cemment <a href=\"https:\/\/www.independent.co.uk\/business\/business-secretary-renewables-will-shield-households-from-soaring-gas-bills-b1933982.html\" target=\"_blank\" rel=\"noreferrer noopener\">d\u00e9clar\u00e9<\/a> que <em>\u201cles consommateurs seront mieux prot\u00e9g\u00e9s des prix instables du gaz lorsque les \u00e9nergies \u00e9olienne et solaire commenceront \u00e0 fournir plus d\u2019\u00e9nergie aux m\u00e9nages britanniques.<\/em><em> Jusqu&rsquo;\u00e0 pr\u00e9sent, le Royaume-Uni a fait de grands progr\u00e8s dans la diversification de son mix \u00e9nerg\u00e9tique. Mais nous sommes toujours tr\u00e8s d\u00e9pendants, peut-\u00eatre trop, des combustibles fossiles et de leurs prix volatils.\u201d<\/em>&nbsp;<\/p>\n\n\n\n<p>&nbsp;Le gouvernement britannique vise \u00e0 d\u00e9carboner totalement la production \u00e9lectrique d\u2019ici 2035.&nbsp;<\/p>\n\n\n\n<p><em>\u00ab\u00a0Nos maisons et nos entreprises seront aliment\u00e9es par une \u00e9lectricit\u00e9 abordable, propre et s\u00fbre produite ici au Royaume-Uni, pour les habitants du Royaume-Uni\u00a0\u00bb, a poursuivi M. Kwarteng. \u201dS&rsquo;appuyer sur la production d&rsquo;\u00e9lectricit\u00e9 locale prot\u00e9gera les consommateurs des fluctuations des prix du gaz. Et cela fera, \u00e0 long terme, baisser les factures.\u201d<\/em>&nbsp;<\/p>\n\n\n\n<p>La pr\u00e9sidente de la Commission europ\u00e9enne, Ursula von der Leyen, a fait une <a href=\"https:\/\/twitter.com\/vonderleyen\/status\/1446444984782266372\" target=\"_blank\" rel=\"noreferrer noopener\">d\u00e9claration<\/a> similaire : <em>\u201cLe Green deal et les renouvelables sont la solution \u00e0 l\u2019augmentation des prix de l\u2019\u00e9lectricit\u00e9\u201d.<\/em>&nbsp;<\/p>\n\n\n\n<p>Cette affirmation est confirm\u00e9e par le rapport de IRENA sur les <a href=\"https:\/\/www.irena.org\/publications\/2021\/Jun\/Renewable-Power-Costs-in-2020\" target=\"_blank\" rel=\"noreferrer noopener\">Co\u00fbts de production des \u00e9nergies renouvelables en 2020.<\/a>&nbsp;<\/p>\n\n\n\n<p>Francesco La Camera, directeur g\u00e9n\u00e9ral de l&rsquo;IRENA, donnait ce <a href=\"https:\/\/www.google.com\/url?sa=t&amp;rct=j&amp;q=&amp;esrc=s&amp;source=web&amp;cd=&amp;cad=rja&amp;uact=8&amp;ved=2ahUKEwickIWh6N3zAhVOQEEAHfeTC0AQFnoECAcQAQ&amp;url=https%3A%2F%2Fwww.irena.org%2F-%2Fmedia%2FFiles%2FIRENA%2FAgency%2FPress-Release%2F2021%2FJun%2FPress-ReleaseCosts-2020-French.pdf%3Fla%3Den%26hash%3D357D28712BEABCA289862C3E7EB4676E334476F5&amp;usg=AOvVaw0fKZDUrjI0F-IhvELyRnHs\" target=\"_blank\" rel=\"noreferrer noopener\">commentaire<\/a> en juin dernier :<em> \u00ab Aujourd&rsquo;hui, les \u00e9nergies renouvelables sont la source d&rsquo;\u00e9lectricit\u00e9 la moins ch\u00e8re. Les \u00e9nergies renouvelables offrent aux pays concern\u00e9s la possibilit\u00e9 d&rsquo;\u00e9chapper progressivement \u00e0 leur d\u00e9pendance au charbon gr\u00e2ce \u00e0 une solution \u00e9conomiquement attrayante leur garantissant de pouvoir r\u00e9pondre \u00e0 la demande \u00e9nerg\u00e9tique croissante sans renoncer \u00e0 r\u00e9duire les co\u00fbts, cr\u00e9er des emplois, stimuler la croissance et atteindre leurs objectifs en mati\u00e8re de climat.\u00a0\u00bb<\/em>&nbsp;Cette comp\u00e9titivit\u00e9 des \u00e9nergies renouvelables est d\u00e9sormais \u00e9galement valable face \u00e0 la hausse des prix du gaz.<\/p>\n\n\n\n<p>Et \u00e0 cette r\u00e9duction des co\u00fbts s&rsquo;ajoutent les avantages \u00e9conomiques et le recul des \u00e9missions de carbone.&nbsp;<\/p>\n\n\n\n<p>En Belgique, le Bureau du Plan a r\u00e9cemment publi\u00e9 une <a href=\"https:\/\/www.plan.be\/publications\/publication-2172-fr-bon_vent_setting_sail_for_a_climate_neutral_belgian_energy_system_future_belgian_offshore_wind_unravelled\" target=\"_blank\" rel=\"noreferrer noopener\">\u00e9tude<\/a> sur l\u2019interconnexion des parcs \u00e9oliens offshore belges avec ceux des pays voisins (Pays-Bas, Grande Bretagne, Danemark, &#8230;).&nbsp;<\/p>\n\n\n\n<p>Conclusion : cette int\u00e9gration sur le r\u00e9seau international ferait baisser les co\u00fbts de l\u2019\u00e9lectricit\u00e9 en Belgique.&nbsp;<\/p>\n","protected":false},"excerpt":{"rendered":"<p>Les prix de l\u2019\u00e9nergie sont actuellement en hausse, ce qui inqui\u00e8te les m\u00e9nages, le politique et les m\u00e9dias.&nbsp; Energie Commune, qui assure un suivi statistique des prix de l\u2019\u00e9nergie en Belgique, temp\u00e8re quelque peu cette inqui\u00e9tude, pour le march\u00e9 belge en tout cas. Comme le montre le graphique ci-dessous, les prix des diff\u00e9rentes formes d\u2019\u00e9nergie retrouvent actuellement des niveaux que nous avons d\u00e9j\u00e0 connus ces 10 derni\u00e8res ann\u00e9es.&nbsp; Source : Observatoire belge des prix de l\u2019\u00e9nergie&nbsp; Changer de fournisseur ?&nbsp; La question est de savoir si ces prix vont se stabiliser ou continuer de grimper dans les prochains mois. Cette inconnue nous laisse prudents pour conseiller les m\u00e9nages : \u00e0 ce stade, rien ne dit qu\u2019il est urgent de changer de fournisseur ou de contrat (fixe ou variable) pour des raisons financi\u00e8res.&nbsp;&nbsp; Mais il est toujours utile de comparer r\u00e9guli\u00e8rement les offres sur les comparateurs officiels \u00e0 Bruxelles et en Wallonie et de suivre les achats group\u00e9s d\u2019\u00e9nergie organis\u00e9s par votre commune ou par une plateforme telle que Wikipower.&nbsp; Attention cependant \u00e0 deux \u00e9l\u00e9ments :&nbsp; Quoi qu\u2019il en soit, vous pouvez \u00e9galement entamer des d\u00e9marches pour planifier des travaux d\u2019isolation ou d\u2019\u00e9quipements d\u2019\u00e9nergies renouvelables : \u00e0 moyen et long termes, vous serez toujours gagnants (lire notre article Quelle technologie renouvelable pour chauffer mon logement ?).&nbsp; Vous pouvez \u00e9galement demander conseils aupr\u00e8s de diff\u00e9rents organismes :&nbsp; A Bruxelles :&nbsp;&nbsp; Infor GazElec &#8211; 02\/209 21 90 &#8211; info@gazelec.info&nbsp; En Wallonie :&nbsp;&nbsp; Energie Info Wallonie &#8211; 081\/24 70 10 &#8211; info@energieinfowallonie.be&nbsp; Guichets de l\u2019Energie&nbsp; Belgique :&nbsp; Test-Achat : 0800 50 222 &#8211; Energyguide&nbsp; Et le politique se doit de prendre des mesures pour prot\u00e9ger les m\u00e9nages en situation de pr\u00e9carit\u00e9 \u00e9nerg\u00e9tique (lire nos articles Comment mener une transition \u00e9nerg\u00e9tique juste et inclusive et &hellip; <a href=\"https:\/\/www.renouvelle.be\/fr\/les-energies-renouvelables-protegent-les-menages-de-la-hausse-des-prix-de-lenergie\/\" class=\"more-link\">Continue reading<span class=\"screen-reader-text\"> \u00ab\u00a0Les \u00e9nergies renouvelables prot\u00e8gent les m\u00e9nages de la hausse des prix de l\u2019\u00e9nergie\u00a0\u00bb<\/span><\/a><\/p>\n","protected":false},"author":3,"featured_media":7238,"comment_status":"closed","ping_status":"closed","sticky":false,"template":"","format":"standard","meta":{"_acf_changed":false,"footnotes":""},"categories":[18],"tags":[],"section":[8],"class_list":["post-7237","post","type-post","status-publish","format-standard","has-post-thumbnail","hentry","category-actualite-internationale","section-energie-renouvelables"],"acf":[],"yoast_head":"<!-- This site is optimized with the Yoast SEO plugin v27.5 - https:\/\/yoast.com\/product\/yoast-seo-wordpress\/ -->\n<title>Les \u00e9nergies renouvelables prot\u00e8gent les m\u00e9nages de la hausse des prix de l\u2019\u00e9nergie - Renouvelle<\/title>\n<meta name=\"robots\" content=\"index, follow, max-snippet:-1, max-image-preview:large, max-video-preview:-1\" \/>\n<link rel=\"canonical\" href=\"https:\/\/www.renouvelle.be\/fr\/les-energies-renouvelables-protegent-les-menages-de-la-hausse-des-prix-de-lenergie\/\" \/>\n<meta property=\"og:locale\" content=\"fr_FR\" \/>\n<meta property=\"og:type\" content=\"article\" \/>\n<meta property=\"og:title\" content=\"Les \u00e9nergies renouvelables prot\u00e8gent les m\u00e9nages de la hausse des prix de l\u2019\u00e9nergie - Renouvelle\" \/>\n<meta property=\"og:description\" content=\"Les prix de l\u2019\u00e9nergie sont actuellement en hausse, ce qui inqui\u00e8te les m\u00e9nages, le politique et les m\u00e9dias.&nbsp; Energie Commune, qui assure un suivi statistique des prix de l\u2019\u00e9nergie en Belgique, temp\u00e8re quelque peu cette inqui\u00e9tude, pour le march\u00e9 belge en tout cas. Comme le montre le graphique ci-dessous, les prix des diff\u00e9rentes formes d\u2019\u00e9nergie retrouvent actuellement des niveaux que nous avons d\u00e9j\u00e0 connus ces 10 derni\u00e8res ann\u00e9es.&nbsp; Source : Observatoire belge des prix de l\u2019\u00e9nergie&nbsp; Changer de fournisseur ?&nbsp; La question est de savoir si ces prix vont se stabiliser ou continuer de grimper dans les prochains mois. Cette inconnue nous laisse prudents pour conseiller les m\u00e9nages : \u00e0 ce stade, rien ne dit qu\u2019il est urgent de changer de fournisseur ou de contrat (fixe ou variable) pour des raisons financi\u00e8res.&nbsp;&nbsp; Mais il est toujours utile de comparer r\u00e9guli\u00e8rement les offres sur les comparateurs officiels \u00e0 Bruxelles et en Wallonie et de suivre les achats group\u00e9s d\u2019\u00e9nergie organis\u00e9s par votre commune ou par une plateforme telle que Wikipower.&nbsp; Attention cependant \u00e0 deux \u00e9l\u00e9ments :&nbsp; Quoi qu\u2019il en soit, vous pouvez \u00e9galement entamer des d\u00e9marches pour planifier des travaux d\u2019isolation ou d\u2019\u00e9quipements d\u2019\u00e9nergies renouvelables : \u00e0 moyen et long termes, vous serez toujours gagnants (lire notre article Quelle technologie renouvelable pour chauffer mon logement ?).&nbsp; Vous pouvez \u00e9galement demander conseils aupr\u00e8s de diff\u00e9rents organismes :&nbsp; A Bruxelles :&nbsp;&nbsp; Infor GazElec &#8211; 02\/209 21 90 &#8211; info@gazelec.info&nbsp; En Wallonie :&nbsp;&nbsp; Energie Info Wallonie &#8211; 081\/24 70 10 &#8211; info@energieinfowallonie.be&nbsp; Guichets de l\u2019Energie&nbsp; Belgique :&nbsp; Test-Achat : 0800 50 222 &#8211; Energyguide&nbsp; Et le politique se doit de prendre des mesures pour prot\u00e9ger les m\u00e9nages en situation de pr\u00e9carit\u00e9 \u00e9nerg\u00e9tique (lire nos articles Comment mener une transition \u00e9nerg\u00e9tique juste et inclusive et &hellip; Continue reading &quot;Les \u00e9nergies renouvelables prot\u00e8gent les m\u00e9nages de la hausse des prix de l\u2019\u00e9nergie&quot;\" \/>\n<meta property=\"og:url\" content=\"https:\/\/www.renouvelle.be\/fr\/les-energies-renouvelables-protegent-les-menages-de-la-hausse-des-prix-de-lenergie\/\" \/>\n<meta property=\"og:site_name\" content=\"Renouvelle\" \/>\n<meta property=\"article:published_time\" content=\"2021-10-22T12:45:59+00:00\" \/>\n<meta property=\"article:modified_time\" content=\"2023-06-08T09:57:56+00:00\" \/>\n<meta property=\"og:image\" content=\"https:\/\/www.renouvelle.be\/wp-content\/uploads\/2021\/10\/Maison-ER-1.jpg\" \/>\n\t<meta property=\"og:image:width\" content=\"700\" \/>\n\t<meta property=\"og:image:height\" content=\"467\" \/>\n\t<meta property=\"og:image:type\" content=\"image\/jpeg\" \/>\n<meta name=\"author\" content=\"Energie Commune\" \/>\n<meta name=\"twitter:card\" content=\"summary_large_image\" \/>\n<script type=\"application\/ld+json\" class=\"yoast-schema-graph\">{\"@context\":\"https:\\\/\\\/schema.org\",\"@graph\":[{\"@type\":\"Article\",\"@id\":\"https:\\\/\\\/www.renouvelle.be\\\/fr\\\/les-energies-renouvelables-protegent-les-menages-de-la-hausse-des-prix-de-lenergie\\\/#article\",\"isPartOf\":{\"@id\":\"https:\\\/\\\/www.renouvelle.be\\\/fr\\\/les-energies-renouvelables-protegent-les-menages-de-la-hausse-des-prix-de-lenergie\\\/\"},\"author\":{\"name\":\"Energie Commune\",\"@id\":\"https:\\\/\\\/www.renouvelle.be\\\/fr\\\/#\\\/schema\\\/person\\\/01fbe8226a07f8f3d4a1cd059b31f17a\"},\"headline\":\"Les \u00e9nergies renouvelables prot\u00e8gent les m\u00e9nages de la hausse des prix de l\u2019\u00e9nergie\",\"datePublished\":\"2021-10-22T12:45:59+00:00\",\"dateModified\":\"2023-06-08T09:57:56+00:00\",\"mainEntityOfPage\":{\"@id\":\"https:\\\/\\\/www.renouvelle.be\\\/fr\\\/les-energies-renouvelables-protegent-les-menages-de-la-hausse-des-prix-de-lenergie\\\/\"},\"wordCount\":1133,\"image\":{\"@id\":\"https:\\\/\\\/www.renouvelle.be\\\/fr\\\/les-energies-renouvelables-protegent-les-menages-de-la-hausse-des-prix-de-lenergie\\\/#primaryimage\"},\"thumbnailUrl\":\"https:\\\/\\\/www.renouvelle.be\\\/wp-content\\\/uploads\\\/2021\\\/10\\\/Maison-ER-1.jpg\",\"articleSection\":[\"Actualit\u00e9 internationale\"],\"inLanguage\":\"fr-FR\"},{\"@type\":\"WebPage\",\"@id\":\"https:\\\/\\\/www.renouvelle.be\\\/fr\\\/les-energies-renouvelables-protegent-les-menages-de-la-hausse-des-prix-de-lenergie\\\/\",\"url\":\"https:\\\/\\\/www.renouvelle.be\\\/fr\\\/les-energies-renouvelables-protegent-les-menages-de-la-hausse-des-prix-de-lenergie\\\/\",\"name\":\"Les \u00e9nergies renouvelables prot\u00e8gent les m\u00e9nages de la hausse des prix de l\u2019\u00e9nergie - Renouvelle\",\"isPartOf\":{\"@id\":\"https:\\\/\\\/www.renouvelle.be\\\/fr\\\/#website\"},\"primaryImageOfPage\":{\"@id\":\"https:\\\/\\\/www.renouvelle.be\\\/fr\\\/les-energies-renouvelables-protegent-les-menages-de-la-hausse-des-prix-de-lenergie\\\/#primaryimage\"},\"image\":{\"@id\":\"https:\\\/\\\/www.renouvelle.be\\\/fr\\\/les-energies-renouvelables-protegent-les-menages-de-la-hausse-des-prix-de-lenergie\\\/#primaryimage\"},\"thumbnailUrl\":\"https:\\\/\\\/www.renouvelle.be\\\/wp-content\\\/uploads\\\/2021\\\/10\\\/Maison-ER-1.jpg\",\"datePublished\":\"2021-10-22T12:45:59+00:00\",\"dateModified\":\"2023-06-08T09:57:56+00:00\",\"author\":{\"@id\":\"https:\\\/\\\/www.renouvelle.be\\\/fr\\\/#\\\/schema\\\/person\\\/01fbe8226a07f8f3d4a1cd059b31f17a\"},\"breadcrumb\":{\"@id\":\"https:\\\/\\\/www.renouvelle.be\\\/fr\\\/les-energies-renouvelables-protegent-les-menages-de-la-hausse-des-prix-de-lenergie\\\/#breadcrumb\"},\"inLanguage\":\"fr-FR\",\"potentialAction\":[{\"@type\":\"ReadAction\",\"target\":[\"https:\\\/\\\/www.renouvelle.be\\\/fr\\\/les-energies-renouvelables-protegent-les-menages-de-la-hausse-des-prix-de-lenergie\\\/\"]}]},{\"@type\":\"ImageObject\",\"inLanguage\":\"fr-FR\",\"@id\":\"https:\\\/\\\/www.renouvelle.be\\\/fr\\\/les-energies-renouvelables-protegent-les-menages-de-la-hausse-des-prix-de-lenergie\\\/#primaryimage\",\"url\":\"https:\\\/\\\/www.renouvelle.be\\\/wp-content\\\/uploads\\\/2021\\\/10\\\/Maison-ER-1.jpg\",\"contentUrl\":\"https:\\\/\\\/www.renouvelle.be\\\/wp-content\\\/uploads\\\/2021\\\/10\\\/Maison-ER-1.jpg\",\"width\":700,\"height\":467,\"caption\":\"Future clean \\\/ renewable or alternative energy for modern living concept : House model, light bulb with green leaf, solar panel, wind mill on wood balance scale, depicts the awareness of environment.\"},{\"@type\":\"BreadcrumbList\",\"@id\":\"https:\\\/\\\/www.renouvelle.be\\\/fr\\\/les-energies-renouvelables-protegent-les-menages-de-la-hausse-des-prix-de-lenergie\\\/#breadcrumb\",\"itemListElement\":[{\"@type\":\"ListItem\",\"position\":1,\"name\":\"Accueil\",\"item\":\"https:\\\/\\\/www.renouvelle.be\\\/fr\\\/\"},{\"@type\":\"ListItem\",\"position\":2,\"name\":\"Les \u00e9nergies renouvelables prot\u00e8gent les m\u00e9nages de la hausse des prix de l\u2019\u00e9nergie\"}]},{\"@type\":\"WebSite\",\"@id\":\"https:\\\/\\\/www.renouvelle.be\\\/fr\\\/#website\",\"url\":\"https:\\\/\\\/www.renouvelle.be\\\/fr\\\/\",\"name\":\"Renouvelle\",\"description\":\"L&#039;actualit\u00e9 de l&#039;\u00e9nergie durable\",\"potentialAction\":[{\"@type\":\"SearchAction\",\"target\":{\"@type\":\"EntryPoint\",\"urlTemplate\":\"https:\\\/\\\/www.renouvelle.be\\\/fr\\\/?s={search_term_string}\"},\"query-input\":{\"@type\":\"PropertyValueSpecification\",\"valueRequired\":true,\"valueName\":\"search_term_string\"}}],\"inLanguage\":\"fr-FR\"},{\"@type\":\"Person\",\"@id\":\"https:\\\/\\\/www.renouvelle.be\\\/fr\\\/#\\\/schema\\\/person\\\/01fbe8226a07f8f3d4a1cd059b31f17a\",\"name\":\"Energie Commune\",\"url\":\"https:\\\/\\\/www.renouvelle.be\\\/fr\\\/author\\\/apere\\\/\"}]}<\/script>\n<!-- \/ Yoast SEO plugin. -->","yoast_head_json":{"title":"Les \u00e9nergies renouvelables prot\u00e8gent les m\u00e9nages de la hausse des prix de l\u2019\u00e9nergie - Renouvelle","robots":{"index":"index","follow":"follow","max-snippet":"max-snippet:-1","max-image-preview":"max-image-preview:large","max-video-preview":"max-video-preview:-1"},"canonical":"https:\/\/www.renouvelle.be\/fr\/les-energies-renouvelables-protegent-les-menages-de-la-hausse-des-prix-de-lenergie\/","og_locale":"fr_FR","og_type":"article","og_title":"Les \u00e9nergies renouvelables prot\u00e8gent les m\u00e9nages de la hausse des prix de l\u2019\u00e9nergie - Renouvelle","og_description":"Les prix de l\u2019\u00e9nergie sont actuellement en hausse, ce qui inqui\u00e8te les m\u00e9nages, le politique et les m\u00e9dias.&nbsp; Energie Commune, qui assure un suivi statistique des prix de l\u2019\u00e9nergie en Belgique, temp\u00e8re quelque peu cette inqui\u00e9tude, pour le march\u00e9 belge en tout cas. Comme le montre le graphique ci-dessous, les prix des diff\u00e9rentes formes d\u2019\u00e9nergie retrouvent actuellement des niveaux que nous avons d\u00e9j\u00e0 connus ces 10 derni\u00e8res ann\u00e9es.&nbsp; Source : Observatoire belge des prix de l\u2019\u00e9nergie&nbsp; Changer de fournisseur ?&nbsp; La question est de savoir si ces prix vont se stabiliser ou continuer de grimper dans les prochains mois. Cette inconnue nous laisse prudents pour conseiller les m\u00e9nages : \u00e0 ce stade, rien ne dit qu\u2019il est urgent de changer de fournisseur ou de contrat (fixe ou variable) pour des raisons financi\u00e8res.&nbsp;&nbsp; Mais il est toujours utile de comparer r\u00e9guli\u00e8rement les offres sur les comparateurs officiels \u00e0 Bruxelles et en Wallonie et de suivre les achats group\u00e9s d\u2019\u00e9nergie organis\u00e9s par votre commune ou par une plateforme telle que Wikipower.&nbsp; Attention cependant \u00e0 deux \u00e9l\u00e9ments :&nbsp; Quoi qu\u2019il en soit, vous pouvez \u00e9galement entamer des d\u00e9marches pour planifier des travaux d\u2019isolation ou d\u2019\u00e9quipements d\u2019\u00e9nergies renouvelables : \u00e0 moyen et long termes, vous serez toujours gagnants (lire notre article Quelle technologie renouvelable pour chauffer mon logement ?).&nbsp; Vous pouvez \u00e9galement demander conseils aupr\u00e8s de diff\u00e9rents organismes :&nbsp; A Bruxelles :&nbsp;&nbsp; Infor GazElec &#8211; 02\/209 21 90 &#8211; info@gazelec.info&nbsp; En Wallonie :&nbsp;&nbsp; Energie Info Wallonie &#8211; 081\/24 70 10 &#8211; info@energieinfowallonie.be&nbsp; Guichets de l\u2019Energie&nbsp; Belgique :&nbsp; Test-Achat : 0800 50 222 &#8211; Energyguide&nbsp; Et le politique se doit de prendre des mesures pour prot\u00e9ger les m\u00e9nages en situation de pr\u00e9carit\u00e9 \u00e9nerg\u00e9tique (lire nos articles Comment mener une transition \u00e9nerg\u00e9tique juste et inclusive et &hellip; Continue reading \"Les \u00e9nergies renouvelables prot\u00e8gent les m\u00e9nages de la hausse des prix de l\u2019\u00e9nergie\"","og_url":"https:\/\/www.renouvelle.be\/fr\/les-energies-renouvelables-protegent-les-menages-de-la-hausse-des-prix-de-lenergie\/","og_site_name":"Renouvelle","article_published_time":"2021-10-22T12:45:59+00:00","article_modified_time":"2023-06-08T09:57:56+00:00","og_image":[{"width":700,"height":467,"url":"https:\/\/www.renouvelle.be\/wp-content\/uploads\/2021\/10\/Maison-ER-1.jpg","type":"image\/jpeg"}],"author":"Energie Commune","twitter_card":"summary_large_image","schema":{"@context":"https:\/\/schema.org","@graph":[{"@type":"Article","@id":"https:\/\/www.renouvelle.be\/fr\/les-energies-renouvelables-protegent-les-menages-de-la-hausse-des-prix-de-lenergie\/#article","isPartOf":{"@id":"https:\/\/www.renouvelle.be\/fr\/les-energies-renouvelables-protegent-les-menages-de-la-hausse-des-prix-de-lenergie\/"},"author":{"name":"Energie Commune","@id":"https:\/\/www.renouvelle.be\/fr\/#\/schema\/person\/01fbe8226a07f8f3d4a1cd059b31f17a"},"headline":"Les \u00e9nergies renouvelables prot\u00e8gent les m\u00e9nages de la hausse des prix de l\u2019\u00e9nergie","datePublished":"2021-10-22T12:45:59+00:00","dateModified":"2023-06-08T09:57:56+00:00","mainEntityOfPage":{"@id":"https:\/\/www.renouvelle.be\/fr\/les-energies-renouvelables-protegent-les-menages-de-la-hausse-des-prix-de-lenergie\/"},"wordCount":1133,"image":{"@id":"https:\/\/www.renouvelle.be\/fr\/les-energies-renouvelables-protegent-les-menages-de-la-hausse-des-prix-de-lenergie\/#primaryimage"},"thumbnailUrl":"https:\/\/www.renouvelle.be\/wp-content\/uploads\/2021\/10\/Maison-ER-1.jpg","articleSection":["Actualit\u00e9 internationale"],"inLanguage":"fr-FR"},{"@type":"WebPage","@id":"https:\/\/www.renouvelle.be\/fr\/les-energies-renouvelables-protegent-les-menages-de-la-hausse-des-prix-de-lenergie\/","url":"https:\/\/www.renouvelle.be\/fr\/les-energies-renouvelables-protegent-les-menages-de-la-hausse-des-prix-de-lenergie\/","name":"Les \u00e9nergies renouvelables prot\u00e8gent les m\u00e9nages de la hausse des prix de l\u2019\u00e9nergie - Renouvelle","isPartOf":{"@id":"https:\/\/www.renouvelle.be\/fr\/#website"},"primaryImageOfPage":{"@id":"https:\/\/www.renouvelle.be\/fr\/les-energies-renouvelables-protegent-les-menages-de-la-hausse-des-prix-de-lenergie\/#primaryimage"},"image":{"@id":"https:\/\/www.renouvelle.be\/fr\/les-energies-renouvelables-protegent-les-menages-de-la-hausse-des-prix-de-lenergie\/#primaryimage"},"thumbnailUrl":"https:\/\/www.renouvelle.be\/wp-content\/uploads\/2021\/10\/Maison-ER-1.jpg","datePublished":"2021-10-22T12:45:59+00:00","dateModified":"2023-06-08T09:57:56+00:00","author":{"@id":"https:\/\/www.renouvelle.be\/fr\/#\/schema\/person\/01fbe8226a07f8f3d4a1cd059b31f17a"},"breadcrumb":{"@id":"https:\/\/www.renouvelle.be\/fr\/les-energies-renouvelables-protegent-les-menages-de-la-hausse-des-prix-de-lenergie\/#breadcrumb"},"inLanguage":"fr-FR","potentialAction":[{"@type":"ReadAction","target":["https:\/\/www.renouvelle.be\/fr\/les-energies-renouvelables-protegent-les-menages-de-la-hausse-des-prix-de-lenergie\/"]}]},{"@type":"ImageObject","inLanguage":"fr-FR","@id":"https:\/\/www.renouvelle.be\/fr\/les-energies-renouvelables-protegent-les-menages-de-la-hausse-des-prix-de-lenergie\/#primaryimage","url":"https:\/\/www.renouvelle.be\/wp-content\/uploads\/2021\/10\/Maison-ER-1.jpg","contentUrl":"https:\/\/www.renouvelle.be\/wp-content\/uploads\/2021\/10\/Maison-ER-1.jpg","width":700,"height":467,"caption":"Future clean \/ renewable or alternative energy for modern living concept : House model, light bulb with green leaf, solar panel, wind mill on wood balance scale, depicts the awareness of environment."},{"@type":"BreadcrumbList","@id":"https:\/\/www.renouvelle.be\/fr\/les-energies-renouvelables-protegent-les-menages-de-la-hausse-des-prix-de-lenergie\/#breadcrumb","itemListElement":[{"@type":"ListItem","position":1,"name":"Accueil","item":"https:\/\/www.renouvelle.be\/fr\/"},{"@type":"ListItem","position":2,"name":"Les \u00e9nergies renouvelables prot\u00e8gent les m\u00e9nages de la hausse des prix de l\u2019\u00e9nergie"}]},{"@type":"WebSite","@id":"https:\/\/www.renouvelle.be\/fr\/#website","url":"https:\/\/www.renouvelle.be\/fr\/","name":"Renouvelle","description":"L&#039;actualit\u00e9 de l&#039;\u00e9nergie durable","potentialAction":[{"@type":"SearchAction","target":{"@type":"EntryPoint","urlTemplate":"https:\/\/www.renouvelle.be\/fr\/?s={search_term_string}"},"query-input":{"@type":"PropertyValueSpecification","valueRequired":true,"valueName":"search_term_string"}}],"inLanguage":"fr-FR"},{"@type":"Person","@id":"https:\/\/www.renouvelle.be\/fr\/#\/schema\/person\/01fbe8226a07f8f3d4a1cd059b31f17a","name":"Energie Commune","url":"https:\/\/www.renouvelle.be\/fr\/author\/apere\/"}]}},"_links":{"self":[{"href":"https:\/\/www.renouvelle.be\/fr\/wp-json\/wp\/v2\/posts\/7237","targetHints":{"allow":["GET"]}}],"collection":[{"href":"https:\/\/www.renouvelle.be\/fr\/wp-json\/wp\/v2\/posts"}],"about":[{"href":"https:\/\/www.renouvelle.be\/fr\/wp-json\/wp\/v2\/types\/post"}],"author":[{"embeddable":true,"href":"https:\/\/www.renouvelle.be\/fr\/wp-json\/wp\/v2\/users\/3"}],"replies":[{"embeddable":true,"href":"https:\/\/www.renouvelle.be\/fr\/wp-json\/wp\/v2\/comments?post=7237"}],"version-history":[{"count":9,"href":"https:\/\/www.renouvelle.be\/fr\/wp-json\/wp\/v2\/posts\/7237\/revisions"}],"predecessor-version":[{"id":9536,"href":"https:\/\/www.renouvelle.be\/fr\/wp-json\/wp\/v2\/posts\/7237\/revisions\/9536"}],"wp:featuredmedia":[{"embeddable":true,"href":"https:\/\/www.renouvelle.be\/fr\/wp-json\/wp\/v2\/media\/7238"}],"wp:attachment":[{"href":"https:\/\/www.renouvelle.be\/fr\/wp-json\/wp\/v2\/media?parent=7237"}],"wp:term":[{"taxonomy":"category","embeddable":true,"href":"https:\/\/www.renouvelle.be\/fr\/wp-json\/wp\/v2\/categories?post=7237"},{"taxonomy":"post_tag","embeddable":true,"href":"https:\/\/www.renouvelle.be\/fr\/wp-json\/wp\/v2\/tags?post=7237"},{"taxonomy":"section","embeddable":true,"href":"https:\/\/www.renouvelle.be\/fr\/wp-json\/wp\/v2\/section?post=7237"}],"curies":[{"name":"wp","href":"https:\/\/api.w.org\/{rel}","templated":true}]}}