{"id":6856,"date":"2021-10-21T11:20:45","date_gmt":"2021-10-21T09:20:45","guid":{"rendered":"https:\/\/www.renouvelle.be\/?p=6856"},"modified":"2023-07-11T00:04:56","modified_gmt":"2023-07-10T22:04:56","slug":"taxer-plus-le-gaz-et-moins-lelectricite","status":"publish","type":"post","link":"https:\/\/www.renouvelle.be\/fr\/taxer-plus-le-gaz-et-moins-lelectricite\/","title":{"rendered":"Taxer plus le gaz et moins l\u2019\u00e9lectricit\u00e9 ?"},"content":{"rendered":"\n<p>Au Royaume Uni, la flamb\u00e9e des prix du gaz &#8211; multipli\u00e9s par 6 en quelques mois \u2013 fait exploser la facture des m\u00e9nages et met en p\u00e9ril l\u2019objectif d\u2019atteindre un mix \u00e9nerg\u00e9tique z\u00e9ro carbone d\u2019ici 2050.&nbsp;&nbsp;<\/p>\n\n\n\n<p>Le gouvernement britannique compte d\u00e8s lors d\u00e9placer la taxe verte, actuellement appliqu\u00e9e \u00e0 l\u2019\u00e9lectricit\u00e9, vers le gaz.&nbsp;<\/p>\n\n\n\n<p>Ce glissement fiscal (\u201ctax shift\u201d) vise \u00e0 d\u00e9courager les usages du gaz et orienter les consommateurs vers les alternatives bas carbone.&nbsp;<\/p>\n\n\n\n<p>Concr\u00e8tement, les citoyens qui chauffent leur maison \u00e0 l&rsquo;\u00e9lectricit\u00e9 via une pompe \u00e0 chaleur ou conduisent des voitures \u00e9lectriques paieront moins, mais ceux qui continuent \u00e0 utiliser des chaudi\u00e8res au gaz paieront plus.&nbsp;<\/p>\n\n\n\n<p><a href=\"https:\/\/www.ft.com\/content\/54b437ad-4683-434e-89aa-e26772092b31\" target=\"_blank\" rel=\"noreferrer noopener\">Cette politique<\/a> sera mise en place progressivement sur le long terme (jusqu\u2019\u00e0 10 ans) et le co\u00fbt combin\u00e9 du gaz et de l\u2019\u00e9lectricit\u00e9 restera identique sur la facture.&nbsp;<\/p>\n\n\n\n<p>La d\u00e9marche veillera \u00e0 rendre cette transition juste et abordable pour les consommateurs et les contribuables.&nbsp;<\/p>\n\n\n\n<h2 class=\"wp-block-heading\"><strong>Taxer les \u00e9nergies les plus polluantes<\/strong>&nbsp;<\/h2>\n\n\n\n<p>Au Royaume Uni, pr\u00e8s d&rsquo;un cinqui\u00e8me des \u00e9missions de dioxyde de carbone proviennent du chauffage des maisons et des entreprises, qui d\u00e9pendent fortement de la consommation de gaz.&nbsp;&nbsp;<\/p>\n\n\n\n<p>Or le gaz polluant est actuellement moins tax\u00e9 que l&rsquo;\u00e9lectricit\u00e9 produite par les \u00e9nergies renouvelables propres.&nbsp;&nbsp;<\/p>\n\n\n\n<p>Les m\u00e9nages paient actuellement en moyenne 159 \u00a3 (environ 188\u20ac) de surtaxe verte sur leur facture d&rsquo;\u00e9lectricit\u00e9.&nbsp;<\/p>\n\n\n\n<p>Hannah Dillon, porte parole de la campagne <a href=\"https:\/\/www.zeroc.org.uk\" target=\"_blank\" rel=\"noreferrer noopener\">Z\u00e9ro carbone<\/a>, a d\u00e9clar\u00e9 qu&rsquo;il \u00e9tait important de corriger ce d\u00e9s\u00e9quilibre. <em>\u00ab\u00a0Nous voulons mettre fin \u00e0 la perversion de surtaxer l&rsquo;\u00e9lectricit\u00e9 et de sous-taxer le gaz. La tarification du dioxyde de carbone (et des gaz \u00e0 effet de serre \u00e9quivalents) dans notre \u00e9conomie et l&rsquo;utilisation des revenus pour prot\u00e9ger les m\u00e9nages contre l&rsquo;augmentation des co\u00fbts, est le moyen le plus juste et le plus efficace d&rsquo;atteindre le z\u00e9ro carbone net \u00e0 un prix que la soci\u00e9t\u00e9 peut se permettre.\u201d<\/em>&nbsp;<\/p>\n\n\n\n<h2 class=\"wp-block-heading\"><strong>Couvrir le surco\u00fbt des pompes \u00e0 chaleur<\/strong>&nbsp;<\/h2>\n\n\n\n<figure class=\"wp-block-image size-full\"><img loading=\"lazy\" decoding=\"async\" width=\"700\" height=\"700\" src=\"https:\/\/www.renouvelle.be\/wp-content\/uploads\/2021\/10\/image-3.jpeg\" alt=\"\" class=\"wp-image-6857\" srcset=\"https:\/\/www.renouvelle.be\/wp-content\/uploads\/2021\/10\/image-3.jpeg 700w, https:\/\/www.renouvelle.be\/wp-content\/uploads\/2021\/10\/image-3-300x300.jpeg 300w, https:\/\/www.renouvelle.be\/wp-content\/uploads\/2021\/10\/image-3-150x150.jpeg 150w\" sizes=\"auto, (max-width: 700px) 100vw, 700px\" \/><\/figure>\n\n\n\n<p>Notons que, au Royaume Uni, la vente de nouvelles chaudi\u00e8res au gaz sera interdite en 2035 et que, actuellement, le co\u00fbt initial d\u2019installation d\u2019une pompe \u00e0 chaleur (illustration ci-dessus) s\u2019av\u00e8re beaucoup plus \u00e9lev\u00e9. Ce \u201ctax shift\u201d devrait donc inverser la tendance.&nbsp;<\/p>\n\n\n\n<p>Selon un sondage de RSK Group, quasi 80% des propri\u00e9taires se disent pr\u00eats \u00e0 investir dans une pompe \u00e0 chaleur s\u2019ils re\u00e7oivent un soutien financier qui couvre le co\u00fbt d\u2019installation.&nbsp;<\/p>\n\n\n\n<p>Un porte-parole de l\u2019administration de l\u2019\u00e9nergie a ainsi d\u00e9clar\u00e9 : <em>\u201c<\/em><em>Avec les principaux fabricants et fournisseurs de syst\u00e8mes de chauffage, nous sommes convaincus que les co\u00fbts initiaux des syst\u00e8mes de chauffage \u00e0 faible \u00e9mission de carbone, tels que les pompes \u00e0 chaleur, diminueront dans les ann\u00e9es \u00e0 venir, et nous chercherons \u00e0 aider le march\u00e9 \u00e0 r\u00e9duire ces co\u00fbts.\u201d<\/em>&nbsp;<\/p>\n\n\n\n<h2 class=\"wp-block-heading\"><strong>Un exemple \u00e0 suivre<\/strong>&nbsp;<\/h2>\n\n\n\n<p>De nombreux pays europ\u00e9ens, dont la Belgique, connaissent une situation similaire o\u00f9 le gaz est moins tax\u00e9 que l\u2019\u00e9lectricit\u00e9, ce qui rend cette \u00e9nergie fossile plus concurrentielle que les alternatives renouvelables.&nbsp;<\/p>\n\n\n\n<p>Cet exemple britannique pourrait inspirer le gouvernement f\u00e9d\u00e9ral belge, qui planche actuellement sur une r\u00e9forme fiscale.&nbsp;<\/p>\n\n\n\n<p>Face \u00e0 la flamb\u00e9e actuelle des prix du gaz, soulignons que les \u00e9nergies renouvelables permettront de r\u00e9duire la facture des consommateurs (lire nos articles Les \u00e9nergies renouvelables prot\u00e8gent les m\u00e9nages de la hausse des prix de l\u2019\u00e9nergie et <a href=\"https:\/\/www.renouvelle.be\/fr\/energie-chere-et-precarite-energetique-la-renovation-et-lelectricite-renouvelable-sont-des-solutions\/\" target=\"_blank\" rel=\"noreferrer noopener\">Energie ch\u00e8re et pr\u00e9carit\u00e9 \u00e9nerg\u00e9tique : la r\u00e9novation et l\u2019\u00e9lectricit\u00e9 renouvelable sont des solutions<\/a>).&nbsp;<\/p>\n","protected":false},"excerpt":{"rendered":"<p>Au Royaume Uni, la flamb\u00e9e des prix du gaz &#8211; multipli\u00e9s par 6 en quelques mois \u2013 fait exploser la facture des m\u00e9nages et met en p\u00e9ril l\u2019objectif d\u2019atteindre un mix \u00e9nerg\u00e9tique z\u00e9ro carbone d\u2019ici 2050.&nbsp;&nbsp; Le gouvernement britannique compte d\u00e8s lors d\u00e9placer la taxe verte, actuellement appliqu\u00e9e \u00e0 l\u2019\u00e9lectricit\u00e9, vers le gaz.&nbsp; Ce glissement fiscal (\u201ctax shift\u201d) vise \u00e0 d\u00e9courager les usages du gaz et orienter les consommateurs vers les alternatives bas carbone.&nbsp; Concr\u00e8tement, les citoyens qui chauffent leur maison \u00e0 l&rsquo;\u00e9lectricit\u00e9 via une pompe \u00e0 chaleur ou conduisent des voitures \u00e9lectriques paieront moins, mais ceux qui continuent \u00e0 utiliser des chaudi\u00e8res au gaz paieront plus.&nbsp; Cette politique sera mise en place progressivement sur le long terme (jusqu\u2019\u00e0 10 ans) et le co\u00fbt combin\u00e9 du gaz et de l\u2019\u00e9lectricit\u00e9 restera identique sur la facture.&nbsp; La d\u00e9marche veillera \u00e0 rendre cette transition juste et abordable pour les consommateurs et les contribuables.&nbsp; Taxer les \u00e9nergies les plus polluantes&nbsp; Au Royaume Uni, pr\u00e8s d&rsquo;un cinqui\u00e8me des \u00e9missions de dioxyde de carbone proviennent du chauffage des maisons et des entreprises, qui d\u00e9pendent fortement de la consommation de gaz.&nbsp;&nbsp; Or le gaz polluant est actuellement moins tax\u00e9 que l&rsquo;\u00e9lectricit\u00e9 produite par les \u00e9nergies renouvelables propres.&nbsp;&nbsp; Les m\u00e9nages paient actuellement en moyenne 159 \u00a3 (environ 188\u20ac) de surtaxe verte sur leur facture d&rsquo;\u00e9lectricit\u00e9.&nbsp; Hannah Dillon, porte parole de la campagne Z\u00e9ro carbone, a d\u00e9clar\u00e9 qu&rsquo;il \u00e9tait important de corriger ce d\u00e9s\u00e9quilibre. \u00ab\u00a0Nous voulons mettre fin \u00e0 la perversion de surtaxer l&rsquo;\u00e9lectricit\u00e9 et de sous-taxer le gaz. La tarification du dioxyde de carbone (et des gaz \u00e0 effet de serre \u00e9quivalents) dans notre \u00e9conomie et l&rsquo;utilisation des revenus pour prot\u00e9ger les m\u00e9nages contre l&rsquo;augmentation des co\u00fbts, est le moyen le plus juste et le plus efficace &hellip; <a href=\"https:\/\/www.renouvelle.be\/fr\/taxer-plus-le-gaz-et-moins-lelectricite\/\" class=\"more-link\">Continue reading<span class=\"screen-reader-text\"> \u00ab\u00a0Taxer plus le gaz et moins l\u2019\u00e9lectricit\u00e9 ?\u00a0\u00bb<\/span><\/a><\/p>\n","protected":false},"author":3,"featured_media":6859,"comment_status":"closed","ping_status":"closed","sticky":false,"template":"","format":"standard","meta":{"_acf_changed":false,"footnotes":""},"categories":[21],"tags":[],"section":[8],"class_list":["post-6856","post","type-post","status-publish","format-standard","has-post-thumbnail","hentry","category-debats","section-energie-renouvelables"],"acf":[],"yoast_head":"<!-- This site is optimized with the Yoast SEO plugin v27.5 - https:\/\/yoast.com\/product\/yoast-seo-wordpress\/ -->\n<title>Taxer plus le gaz et moins l\u2019\u00e9lectricit\u00e9 ? - Renouvelle<\/title>\n<meta name=\"robots\" content=\"index, follow, max-snippet:-1, max-image-preview:large, max-video-preview:-1\" \/>\n<link rel=\"canonical\" href=\"https:\/\/www.renouvelle.be\/fr\/taxer-plus-le-gaz-et-moins-lelectricite\/\" \/>\n<meta property=\"og:locale\" content=\"fr_FR\" \/>\n<meta property=\"og:type\" content=\"article\" \/>\n<meta property=\"og:title\" content=\"Taxer plus le gaz et moins l\u2019\u00e9lectricit\u00e9 ? - Renouvelle\" \/>\n<meta property=\"og:description\" content=\"Au Royaume Uni, la flamb\u00e9e des prix du gaz &#8211; multipli\u00e9s par 6 en quelques mois \u2013 fait exploser la facture des m\u00e9nages et met en p\u00e9ril l\u2019objectif d\u2019atteindre un mix \u00e9nerg\u00e9tique z\u00e9ro carbone d\u2019ici 2050.&nbsp;&nbsp; Le gouvernement britannique compte d\u00e8s lors d\u00e9placer la taxe verte, actuellement appliqu\u00e9e \u00e0 l\u2019\u00e9lectricit\u00e9, vers le gaz.&nbsp; Ce glissement fiscal (\u201ctax shift\u201d) vise \u00e0 d\u00e9courager les usages du gaz et orienter les consommateurs vers les alternatives bas carbone.&nbsp; Concr\u00e8tement, les citoyens qui chauffent leur maison \u00e0 l&rsquo;\u00e9lectricit\u00e9 via une pompe \u00e0 chaleur ou conduisent des voitures \u00e9lectriques paieront moins, mais ceux qui continuent \u00e0 utiliser des chaudi\u00e8res au gaz paieront plus.&nbsp; Cette politique sera mise en place progressivement sur le long terme (jusqu\u2019\u00e0 10 ans) et le co\u00fbt combin\u00e9 du gaz et de l\u2019\u00e9lectricit\u00e9 restera identique sur la facture.&nbsp; La d\u00e9marche veillera \u00e0 rendre cette transition juste et abordable pour les consommateurs et les contribuables.&nbsp; Taxer les \u00e9nergies les plus polluantes&nbsp; Au Royaume Uni, pr\u00e8s d&rsquo;un cinqui\u00e8me des \u00e9missions de dioxyde de carbone proviennent du chauffage des maisons et des entreprises, qui d\u00e9pendent fortement de la consommation de gaz.&nbsp;&nbsp; Or le gaz polluant est actuellement moins tax\u00e9 que l&rsquo;\u00e9lectricit\u00e9 produite par les \u00e9nergies renouvelables propres.&nbsp;&nbsp; Les m\u00e9nages paient actuellement en moyenne 159 \u00a3 (environ 188\u20ac) de surtaxe verte sur leur facture d&rsquo;\u00e9lectricit\u00e9.&nbsp; Hannah Dillon, porte parole de la campagne Z\u00e9ro carbone, a d\u00e9clar\u00e9 qu&rsquo;il \u00e9tait important de corriger ce d\u00e9s\u00e9quilibre. \u00ab\u00a0Nous voulons mettre fin \u00e0 la perversion de surtaxer l&rsquo;\u00e9lectricit\u00e9 et de sous-taxer le gaz. La tarification du dioxyde de carbone (et des gaz \u00e0 effet de serre \u00e9quivalents) dans notre \u00e9conomie et l&rsquo;utilisation des revenus pour prot\u00e9ger les m\u00e9nages contre l&rsquo;augmentation des co\u00fbts, est le moyen le plus juste et le plus efficace &hellip; Continue reading &quot;Taxer plus le gaz et moins l\u2019\u00e9lectricit\u00e9 ?&quot;\" \/>\n<meta property=\"og:url\" content=\"https:\/\/www.renouvelle.be\/fr\/taxer-plus-le-gaz-et-moins-lelectricite\/\" \/>\n<meta property=\"og:site_name\" content=\"Renouvelle\" \/>\n<meta property=\"article:published_time\" content=\"2021-10-21T09:20:45+00:00\" \/>\n<meta property=\"article:modified_time\" content=\"2023-07-10T22:04:56+00:00\" \/>\n<meta property=\"og:image\" content=\"https:\/\/www.renouvelle.be\/wp-content\/uploads\/2021\/10\/gaz-elec-bill.jpg\" \/>\n\t<meta property=\"og:image:width\" content=\"700\" \/>\n\t<meta property=\"og:image:height\" content=\"467\" \/>\n\t<meta property=\"og:image:type\" content=\"image\/jpeg\" \/>\n<meta name=\"author\" content=\"Energie Commune\" \/>\n<meta name=\"twitter:card\" content=\"summary_large_image\" \/>\n<script type=\"application\/ld+json\" class=\"yoast-schema-graph\">{\"@context\":\"https:\\\/\\\/schema.org\",\"@graph\":[{\"@type\":\"Article\",\"@id\":\"https:\\\/\\\/www.renouvelle.be\\\/fr\\\/taxer-plus-le-gaz-et-moins-lelectricite\\\/#article\",\"isPartOf\":{\"@id\":\"https:\\\/\\\/www.renouvelle.be\\\/fr\\\/taxer-plus-le-gaz-et-moins-lelectricite\\\/\"},\"author\":{\"name\":\"Energie Commune\",\"@id\":\"https:\\\/\\\/www.renouvelle.be\\\/fr\\\/#\\\/schema\\\/person\\\/01fbe8226a07f8f3d4a1cd059b31f17a\"},\"headline\":\"Taxer plus le gaz et moins l\u2019\u00e9lectricit\u00e9 ?\",\"datePublished\":\"2021-10-21T09:20:45+00:00\",\"dateModified\":\"2023-07-10T22:04:56+00:00\",\"mainEntityOfPage\":{\"@id\":\"https:\\\/\\\/www.renouvelle.be\\\/fr\\\/taxer-plus-le-gaz-et-moins-lelectricite\\\/\"},\"wordCount\":621,\"image\":{\"@id\":\"https:\\\/\\\/www.renouvelle.be\\\/fr\\\/taxer-plus-le-gaz-et-moins-lelectricite\\\/#primaryimage\"},\"thumbnailUrl\":\"https:\\\/\\\/www.renouvelle.be\\\/wp-content\\\/uploads\\\/2021\\\/10\\\/gaz-elec-bill.jpg\",\"articleSection\":[\"D\u00e9bats\"],\"inLanguage\":\"fr-FR\"},{\"@type\":\"WebPage\",\"@id\":\"https:\\\/\\\/www.renouvelle.be\\\/fr\\\/taxer-plus-le-gaz-et-moins-lelectricite\\\/\",\"url\":\"https:\\\/\\\/www.renouvelle.be\\\/fr\\\/taxer-plus-le-gaz-et-moins-lelectricite\\\/\",\"name\":\"Taxer plus le gaz et moins l\u2019\u00e9lectricit\u00e9 ? - Renouvelle\",\"isPartOf\":{\"@id\":\"https:\\\/\\\/www.renouvelle.be\\\/fr\\\/#website\"},\"primaryImageOfPage\":{\"@id\":\"https:\\\/\\\/www.renouvelle.be\\\/fr\\\/taxer-plus-le-gaz-et-moins-lelectricite\\\/#primaryimage\"},\"image\":{\"@id\":\"https:\\\/\\\/www.renouvelle.be\\\/fr\\\/taxer-plus-le-gaz-et-moins-lelectricite\\\/#primaryimage\"},\"thumbnailUrl\":\"https:\\\/\\\/www.renouvelle.be\\\/wp-content\\\/uploads\\\/2021\\\/10\\\/gaz-elec-bill.jpg\",\"datePublished\":\"2021-10-21T09:20:45+00:00\",\"dateModified\":\"2023-07-10T22:04:56+00:00\",\"author\":{\"@id\":\"https:\\\/\\\/www.renouvelle.be\\\/fr\\\/#\\\/schema\\\/person\\\/01fbe8226a07f8f3d4a1cd059b31f17a\"},\"breadcrumb\":{\"@id\":\"https:\\\/\\\/www.renouvelle.be\\\/fr\\\/taxer-plus-le-gaz-et-moins-lelectricite\\\/#breadcrumb\"},\"inLanguage\":\"fr-FR\",\"potentialAction\":[{\"@type\":\"ReadAction\",\"target\":[\"https:\\\/\\\/www.renouvelle.be\\\/fr\\\/taxer-plus-le-gaz-et-moins-lelectricite\\\/\"]}]},{\"@type\":\"ImageObject\",\"inLanguage\":\"fr-FR\",\"@id\":\"https:\\\/\\\/www.renouvelle.be\\\/fr\\\/taxer-plus-le-gaz-et-moins-lelectricite\\\/#primaryimage\",\"url\":\"https:\\\/\\\/www.renouvelle.be\\\/wp-content\\\/uploads\\\/2021\\\/10\\\/gaz-elec-bill.jpg\",\"contentUrl\":\"https:\\\/\\\/www.renouvelle.be\\\/wp-content\\\/uploads\\\/2021\\\/10\\\/gaz-elec-bill.jpg\",\"width\":700,\"height\":467,\"caption\":\"Energy bill paper forms on the table closeup\"},{\"@type\":\"BreadcrumbList\",\"@id\":\"https:\\\/\\\/www.renouvelle.be\\\/fr\\\/taxer-plus-le-gaz-et-moins-lelectricite\\\/#breadcrumb\",\"itemListElement\":[{\"@type\":\"ListItem\",\"position\":1,\"name\":\"Accueil\",\"item\":\"https:\\\/\\\/www.renouvelle.be\\\/fr\\\/\"},{\"@type\":\"ListItem\",\"position\":2,\"name\":\"Taxer plus le gaz et moins l\u2019\u00e9lectricit\u00e9 ?\"}]},{\"@type\":\"WebSite\",\"@id\":\"https:\\\/\\\/www.renouvelle.be\\\/fr\\\/#website\",\"url\":\"https:\\\/\\\/www.renouvelle.be\\\/fr\\\/\",\"name\":\"Renouvelle\",\"description\":\"L&#039;actualit\u00e9 de l&#039;\u00e9nergie durable\",\"potentialAction\":[{\"@type\":\"SearchAction\",\"target\":{\"@type\":\"EntryPoint\",\"urlTemplate\":\"https:\\\/\\\/www.renouvelle.be\\\/fr\\\/?s={search_term_string}\"},\"query-input\":{\"@type\":\"PropertyValueSpecification\",\"valueRequired\":true,\"valueName\":\"search_term_string\"}}],\"inLanguage\":\"fr-FR\"},{\"@type\":\"Person\",\"@id\":\"https:\\\/\\\/www.renouvelle.be\\\/fr\\\/#\\\/schema\\\/person\\\/01fbe8226a07f8f3d4a1cd059b31f17a\",\"name\":\"Energie Commune\",\"url\":\"https:\\\/\\\/www.renouvelle.be\\\/fr\\\/author\\\/apere\\\/\"}]}<\/script>\n<!-- \/ Yoast SEO plugin. -->","yoast_head_json":{"title":"Taxer plus le gaz et moins l\u2019\u00e9lectricit\u00e9 ? - Renouvelle","robots":{"index":"index","follow":"follow","max-snippet":"max-snippet:-1","max-image-preview":"max-image-preview:large","max-video-preview":"max-video-preview:-1"},"canonical":"https:\/\/www.renouvelle.be\/fr\/taxer-plus-le-gaz-et-moins-lelectricite\/","og_locale":"fr_FR","og_type":"article","og_title":"Taxer plus le gaz et moins l\u2019\u00e9lectricit\u00e9 ? - Renouvelle","og_description":"Au Royaume Uni, la flamb\u00e9e des prix du gaz &#8211; multipli\u00e9s par 6 en quelques mois \u2013 fait exploser la facture des m\u00e9nages et met en p\u00e9ril l\u2019objectif d\u2019atteindre un mix \u00e9nerg\u00e9tique z\u00e9ro carbone d\u2019ici 2050.&nbsp;&nbsp; Le gouvernement britannique compte d\u00e8s lors d\u00e9placer la taxe verte, actuellement appliqu\u00e9e \u00e0 l\u2019\u00e9lectricit\u00e9, vers le gaz.&nbsp; Ce glissement fiscal (\u201ctax shift\u201d) vise \u00e0 d\u00e9courager les usages du gaz et orienter les consommateurs vers les alternatives bas carbone.&nbsp; Concr\u00e8tement, les citoyens qui chauffent leur maison \u00e0 l&rsquo;\u00e9lectricit\u00e9 via une pompe \u00e0 chaleur ou conduisent des voitures \u00e9lectriques paieront moins, mais ceux qui continuent \u00e0 utiliser des chaudi\u00e8res au gaz paieront plus.&nbsp; Cette politique sera mise en place progressivement sur le long terme (jusqu\u2019\u00e0 10 ans) et le co\u00fbt combin\u00e9 du gaz et de l\u2019\u00e9lectricit\u00e9 restera identique sur la facture.&nbsp; La d\u00e9marche veillera \u00e0 rendre cette transition juste et abordable pour les consommateurs et les contribuables.&nbsp; Taxer les \u00e9nergies les plus polluantes&nbsp; Au Royaume Uni, pr\u00e8s d&rsquo;un cinqui\u00e8me des \u00e9missions de dioxyde de carbone proviennent du chauffage des maisons et des entreprises, qui d\u00e9pendent fortement de la consommation de gaz.&nbsp;&nbsp; Or le gaz polluant est actuellement moins tax\u00e9 que l&rsquo;\u00e9lectricit\u00e9 produite par les \u00e9nergies renouvelables propres.&nbsp;&nbsp; Les m\u00e9nages paient actuellement en moyenne 159 \u00a3 (environ 188\u20ac) de surtaxe verte sur leur facture d&rsquo;\u00e9lectricit\u00e9.&nbsp; Hannah Dillon, porte parole de la campagne Z\u00e9ro carbone, a d\u00e9clar\u00e9 qu&rsquo;il \u00e9tait important de corriger ce d\u00e9s\u00e9quilibre. \u00ab\u00a0Nous voulons mettre fin \u00e0 la perversion de surtaxer l&rsquo;\u00e9lectricit\u00e9 et de sous-taxer le gaz. La tarification du dioxyde de carbone (et des gaz \u00e0 effet de serre \u00e9quivalents) dans notre \u00e9conomie et l&rsquo;utilisation des revenus pour prot\u00e9ger les m\u00e9nages contre l&rsquo;augmentation des co\u00fbts, est le moyen le plus juste et le plus efficace &hellip; Continue reading \"Taxer plus le gaz et moins l\u2019\u00e9lectricit\u00e9 ?\"","og_url":"https:\/\/www.renouvelle.be\/fr\/taxer-plus-le-gaz-et-moins-lelectricite\/","og_site_name":"Renouvelle","article_published_time":"2021-10-21T09:20:45+00:00","article_modified_time":"2023-07-10T22:04:56+00:00","og_image":[{"width":700,"height":467,"url":"https:\/\/www.renouvelle.be\/wp-content\/uploads\/2021\/10\/gaz-elec-bill.jpg","type":"image\/jpeg"}],"author":"Energie Commune","twitter_card":"summary_large_image","schema":{"@context":"https:\/\/schema.org","@graph":[{"@type":"Article","@id":"https:\/\/www.renouvelle.be\/fr\/taxer-plus-le-gaz-et-moins-lelectricite\/#article","isPartOf":{"@id":"https:\/\/www.renouvelle.be\/fr\/taxer-plus-le-gaz-et-moins-lelectricite\/"},"author":{"name":"Energie Commune","@id":"https:\/\/www.renouvelle.be\/fr\/#\/schema\/person\/01fbe8226a07f8f3d4a1cd059b31f17a"},"headline":"Taxer plus le gaz et moins l\u2019\u00e9lectricit\u00e9 ?","datePublished":"2021-10-21T09:20:45+00:00","dateModified":"2023-07-10T22:04:56+00:00","mainEntityOfPage":{"@id":"https:\/\/www.renouvelle.be\/fr\/taxer-plus-le-gaz-et-moins-lelectricite\/"},"wordCount":621,"image":{"@id":"https:\/\/www.renouvelle.be\/fr\/taxer-plus-le-gaz-et-moins-lelectricite\/#primaryimage"},"thumbnailUrl":"https:\/\/www.renouvelle.be\/wp-content\/uploads\/2021\/10\/gaz-elec-bill.jpg","articleSection":["D\u00e9bats"],"inLanguage":"fr-FR"},{"@type":"WebPage","@id":"https:\/\/www.renouvelle.be\/fr\/taxer-plus-le-gaz-et-moins-lelectricite\/","url":"https:\/\/www.renouvelle.be\/fr\/taxer-plus-le-gaz-et-moins-lelectricite\/","name":"Taxer plus le gaz et moins l\u2019\u00e9lectricit\u00e9 ? - Renouvelle","isPartOf":{"@id":"https:\/\/www.renouvelle.be\/fr\/#website"},"primaryImageOfPage":{"@id":"https:\/\/www.renouvelle.be\/fr\/taxer-plus-le-gaz-et-moins-lelectricite\/#primaryimage"},"image":{"@id":"https:\/\/www.renouvelle.be\/fr\/taxer-plus-le-gaz-et-moins-lelectricite\/#primaryimage"},"thumbnailUrl":"https:\/\/www.renouvelle.be\/wp-content\/uploads\/2021\/10\/gaz-elec-bill.jpg","datePublished":"2021-10-21T09:20:45+00:00","dateModified":"2023-07-10T22:04:56+00:00","author":{"@id":"https:\/\/www.renouvelle.be\/fr\/#\/schema\/person\/01fbe8226a07f8f3d4a1cd059b31f17a"},"breadcrumb":{"@id":"https:\/\/www.renouvelle.be\/fr\/taxer-plus-le-gaz-et-moins-lelectricite\/#breadcrumb"},"inLanguage":"fr-FR","potentialAction":[{"@type":"ReadAction","target":["https:\/\/www.renouvelle.be\/fr\/taxer-plus-le-gaz-et-moins-lelectricite\/"]}]},{"@type":"ImageObject","inLanguage":"fr-FR","@id":"https:\/\/www.renouvelle.be\/fr\/taxer-plus-le-gaz-et-moins-lelectricite\/#primaryimage","url":"https:\/\/www.renouvelle.be\/wp-content\/uploads\/2021\/10\/gaz-elec-bill.jpg","contentUrl":"https:\/\/www.renouvelle.be\/wp-content\/uploads\/2021\/10\/gaz-elec-bill.jpg","width":700,"height":467,"caption":"Energy bill paper forms on the table closeup"},{"@type":"BreadcrumbList","@id":"https:\/\/www.renouvelle.be\/fr\/taxer-plus-le-gaz-et-moins-lelectricite\/#breadcrumb","itemListElement":[{"@type":"ListItem","position":1,"name":"Accueil","item":"https:\/\/www.renouvelle.be\/fr\/"},{"@type":"ListItem","position":2,"name":"Taxer plus le gaz et moins l\u2019\u00e9lectricit\u00e9 ?"}]},{"@type":"WebSite","@id":"https:\/\/www.renouvelle.be\/fr\/#website","url":"https:\/\/www.renouvelle.be\/fr\/","name":"Renouvelle","description":"L&#039;actualit\u00e9 de l&#039;\u00e9nergie durable","potentialAction":[{"@type":"SearchAction","target":{"@type":"EntryPoint","urlTemplate":"https:\/\/www.renouvelle.be\/fr\/?s={search_term_string}"},"query-input":{"@type":"PropertyValueSpecification","valueRequired":true,"valueName":"search_term_string"}}],"inLanguage":"fr-FR"},{"@type":"Person","@id":"https:\/\/www.renouvelle.be\/fr\/#\/schema\/person\/01fbe8226a07f8f3d4a1cd059b31f17a","name":"Energie Commune","url":"https:\/\/www.renouvelle.be\/fr\/author\/apere\/"}]}},"_links":{"self":[{"href":"https:\/\/www.renouvelle.be\/fr\/wp-json\/wp\/v2\/posts\/6856","targetHints":{"allow":["GET"]}}],"collection":[{"href":"https:\/\/www.renouvelle.be\/fr\/wp-json\/wp\/v2\/posts"}],"about":[{"href":"https:\/\/www.renouvelle.be\/fr\/wp-json\/wp\/v2\/types\/post"}],"author":[{"embeddable":true,"href":"https:\/\/www.renouvelle.be\/fr\/wp-json\/wp\/v2\/users\/3"}],"replies":[{"embeddable":true,"href":"https:\/\/www.renouvelle.be\/fr\/wp-json\/wp\/v2\/comments?post=6856"}],"version-history":[{"count":5,"href":"https:\/\/www.renouvelle.be\/fr\/wp-json\/wp\/v2\/posts\/6856\/revisions"}],"predecessor-version":[{"id":10187,"href":"https:\/\/www.renouvelle.be\/fr\/wp-json\/wp\/v2\/posts\/6856\/revisions\/10187"}],"wp:featuredmedia":[{"embeddable":true,"href":"https:\/\/www.renouvelle.be\/fr\/wp-json\/wp\/v2\/media\/6859"}],"wp:attachment":[{"href":"https:\/\/www.renouvelle.be\/fr\/wp-json\/wp\/v2\/media?parent=6856"}],"wp:term":[{"taxonomy":"category","embeddable":true,"href":"https:\/\/www.renouvelle.be\/fr\/wp-json\/wp\/v2\/categories?post=6856"},{"taxonomy":"post_tag","embeddable":true,"href":"https:\/\/www.renouvelle.be\/fr\/wp-json\/wp\/v2\/tags?post=6856"},{"taxonomy":"section","embeddable":true,"href":"https:\/\/www.renouvelle.be\/fr\/wp-json\/wp\/v2\/section?post=6856"}],"curies":[{"name":"wp","href":"https:\/\/api.w.org\/{rel}","templated":true}]}}