{"id":6811,"date":"2021-10-18T12:03:43","date_gmt":"2021-10-18T10:03:43","guid":{"rendered":"https:\/\/www.renouvelle.be\/?p=6811"},"modified":"2023-07-11T00:04:28","modified_gmt":"2023-07-10T22:04:28","slug":"tripler-leolien-en-mer-du-nod","status":"publish","type":"post","link":"https:\/\/www.renouvelle.be\/fr\/tripler-leolien-en-mer-du-nod\/","title":{"rendered":"Tripler l\u2019\u00e9olien en mer du Nord"},"content":{"rendered":"\n<p>Le gouvernement f\u00e9d\u00e9ral souhaite tripler la capacit\u00e9 actuelle des \u00e9oliennes en mer pour la porter \u00e0 5,7 GW.&nbsp;<\/p>\n\n\n\n<p>Deux zones sont actuellement d\u00e9di\u00e9es aux parcs offshore en mer du Nord belge (illustration ci-dessous). La premi\u00e8re zone comporte 9 parcs \u00e9oliens, tous op\u00e9rationnels depuis 2020, pour une puissance totale install\u00e9e de 2,2 Gw.&nbsp;<\/p>\n\n\n\n<p>La deuxi\u00e8me zone, baptis\u00e9e \u201cPrincesse Elizabeth\u201d, qui fera bient\u00f4t d\u2019un appel d\u2019offres, devait initialement accueillir 2 GW : le gouvernement a d\u00e9cid\u00e9 d\u2019augmenter l\u2019objectif \u00e0 3,5 GW.&nbsp;<\/p>\n\n\n\n<p>Cela pourra se faire gr\u00e2ce \u00e0 des \u00e9oliennes plus hautes et plus puissantes, suivant les progr\u00e8s actuels de la technologie \u00e9olienne offshore.&nbsp;<\/p>\n\n\n\n<p>Au total, l\u2019\u00e9olien maritime atteindra d\u2019ici 2030 une capacit\u00e9 suffisante pour couvrir la totalit\u00e9 de la consommation d&rsquo;\u00e9lectricit\u00e9 de tous les m\u00e9nages belges.&nbsp;<\/p>\n\n\n\n<p>Avec cette extension, les parcs \u00e9oliens en mer reprendraient alors le flambeau des centrales nucl\u00e9aires en tant que principale source de production d\u2019\u00e9lectricit\u00e9 dans le pays.&nbsp;<\/p>\n\n\n\n<p>Ce d\u00e9veloppement pourra se faire avec tr\u00e8s peu de subsides.<\/p>\n\n\n\n<figure class=\"wp-block-image size-full\"><img loading=\"lazy\" decoding=\"async\" width=\"768\" height=\"488\" src=\"https:\/\/www.renouvelle.be\/wp-content\/uploads\/2021\/10\/image-1.jpeg\" alt=\"\" class=\"wp-image-6815\" srcset=\"https:\/\/www.renouvelle.be\/wp-content\/uploads\/2021\/10\/image-1.jpeg 768w, https:\/\/www.renouvelle.be\/wp-content\/uploads\/2021\/10\/image-1-300x191.jpeg 300w, https:\/\/www.renouvelle.be\/wp-content\/uploads\/2021\/10\/image-1-100x65.jpeg 100w\" sizes=\"auto, (max-width: 768px) 100vw, 768px\" \/><\/figure>\n\n\n\n<h2 class=\"wp-block-heading\">Mont\u00e9e en puissance<\/h2>\n\n\n\n<p><\/p>\n\n\n\n<p>Cette mont\u00e9e en puissance de l&rsquo;\u00e9olien offshore s&rsquo;explique notamment par les progr\u00e8s technologiques fulgurants ces derni\u00e8res ann\u00e9es : la plupart des turbines belges actuelles affichent 3 MW, avec un record \u00e0 9,5 MW ; mais demain on installera des machines de 13 \u00e0 15 MW voire plus.<\/p>\n\n\n\n<p>Par ailleurs, la deuxi\u00e8me zone offshore pr\u00e9voit la construction d&rsquo;une \u00eele \u00e9nerg\u00e9tique (hub), qui permettra l&rsquo;interconnexion avec les parcs \u00e9oliens offshore des pays voisins (Pays-Bas, Grande-Bretagne, Danemark, &#8230;), ce qui permettra une grande s\u00e9curit\u00e9 d&rsquo;approvisionnement en \u00e9olien (lire notre article <a href=\"https:\/\/www.renouvelle.be\/fr\/la-belgique-bientot-interconnectee-avec-le-danemark\/\" target=\"_blank\" rel=\"noreferrer noopener\">La Belgique bient\u00f4t interconnect\u00e9e avec le Danemark ?<\/a>).<\/p>\n\n\n\n<h2 class=\"wp-block-heading\">Faire baisser le co\u00fbt de l&rsquo;\u00e9lectricit\u00e9<\/h2>\n\n\n\n<p>Le Bureau du Plan a pr\u00e9cis\u00e9ment publi\u00e9 une <a href=\"https:\/\/www.plan.be\/publications\/publication-2172-fr-bon_vent_setting_sail_for_a_climate_neutral_belgian_energy_system_future_belgian_offshore_wind_unravelled\" target=\"_blank\" rel=\"noreferrer noopener\">\u00e9tude<\/a> sur l\u2019interconnexion avec les parcs \u00e9oliens offshore des pays voisins.<\/p>\n\n\n\n<p>Conclusions&nbsp;: Une \u00eele \u00e9nerg\u00e9tique ferait baisser les co\u00fbts de l\u2019\u00e9lectricit\u00e9 ; tandis que les centrales au gaz classiques avec un syst\u00e8me de capture du CO2 ne seraient pas comp\u00e9titives.<\/p>\n\n\n\n<p><\/p>\n\n\n\n<h2 class=\"wp-block-heading\"><strong>10.000 emplois<\/strong>&nbsp;<\/h2>\n\n\n\n<p>La Belgian Offshore Platform (BOP), f\u00e9d\u00e9ration qui r\u00e9unit les acteurs belges de l\u2019\u00e9olien maritime, plaidait pr\u00e9cis\u00e9ment pour un <a href=\"https:\/\/www.belgianoffshoreplatform.be\/fr\/news\/6-gw-denergie-eolienne-en-mer-du-nord-belge-un-atout-pour-leconomie-et-le-climat\/\" target=\"_blank\" rel=\"noreferrer noopener\">objectif de 6 GW<\/a>, et non 4,4 GW comme initialement pr\u00e9vu.&nbsp;<\/p>\n\n\n\n<p>Elle s\u2019appuie pour cela sur une \u00e9tude r\u00e9alis\u00e9e par Climact : <em>\u201c<\/em><em>Les r\u00e9sultats de cette \u00e9tude montrent que des d\u00e9veloppements suppl\u00e9mentaires de l\u2019\u00e9olien en mer en Belgique pourraient cr\u00e9er 10.000 nouveaux emplois, et que le secteur pourrait contribuer jusqu\u2019\u00e0 1,5 milliard d\u2019euros au produit int\u00e9rieur brut de la Belgique. En outre, avec 6 GW d\u2019\u00e9oliennes en mer, on peut \u00e9viter jusqu\u2019\u00e0 6,1 millions de tonnes suppl\u00e9mentaires de CO2 chaque ann\u00e9e, par rapport \u00e0 4,4 GW d\u2019\u00e9oliennes en mer. Cela correspond \u00e0 l\u2019empreinte carbone annuelle de 380.000 habitants de la Belgique.\u201d<\/em>&nbsp;<\/p>\n\n\n\n<p>Les ambitions de la BOP semblent donc avoir \u00e9t\u00e9 entendues par le politique.&nbsp;<\/p>\n\n\n\n<h2 class=\"wp-block-heading\"><strong>Renforcer le r\u00e9seau \u00e9lectrique<\/strong>&nbsp;<\/h2>\n\n\n\n<p>Elia, gestionnaire du r\u00e9seau \u00e9lectrique haute-tension, a aussit\u00f4t r\u00e9agi dans le journal <a href=\"https:\/\/www.lesoir.be\/400842\/article\/2021-10-15\/au-vu-des-projets-du-gouvernement-il-faut-renforcer-le-reseau-haute-tension\" target=\"_blank\" rel=\"noreferrer noopener\">Le Soir<\/a> : &nbsp;<\/p>\n\n\n\n<p><em>\u201cPour acheminer cette \u00e9nergie vers l&rsquo;int\u00e9rieur des terres, le r\u00e9seau \u00e0 haute tension doit \u00eatre modernis\u00e9, tant en Flandre occidentale (raccordement \u00e0 haute tension Ventilus) que dans le Hainaut (raccordement \u00e0 haute tension Boucle du Hainaut). Ce sont les deux \u00ab\u00a0cha\u00eenons manquants\u00a0\u00bb du r\u00e9seau.\u201d<\/em>&nbsp;<\/p>\n\n\n\n<p>Cependant, Elia ne peut pas encore commencer les travaux car elle ne dispose pas encore des permis<em>. \u00ab\u00a0Les travaux eux-m\u00eames prendront trois ans. On ne peut pas faire plus court. Les plans du gouvernement d\u00e9montrent une fois de plus la n\u00e9cessit\u00e9 de renforcer le r\u00e9seau\u00a0\u00bb.<\/em>&nbsp;<\/p>\n\n\n\n<p>Toutefois, les retards dans la proc\u00e9dure d&rsquo;octroi de permis risquent de compromettre le calendrier, les r\u00e9sidents locaux ayant beaucoup protest\u00e9. Les nouvelles \u00e9oliennes sont cens\u00e9es commencer \u00e0 produire de l&rsquo;\u00e9lectricit\u00e9 en 2027. Mais les investisseurs dans les parcs \u00e9oliens pourraient se retirer si le&nbsp;renforcement du r\u00e9seau n\u2019a pas eu lieu \u00e0 cette date, estime Elia.&nbsp;<\/p>\n\n\n\n<p>Le projet de la Boucle du Hainaut fait effectivement face \u00e0 une opposition locale et n\u00e9cessite un dialogue avec Elia, comme l&rsquo;expliquait Tinne Van de Streaten, Ministre f\u00e9d\u00e9rale de l&rsquo;Energie, dans notre <a href=\"https:\/\/www.renouvelle.be\/fr\/tinne-van-der-straeten-nous-realiserons-la-transition-energetique-avec-les-citoyens\/\" target=\"_blank\" rel=\"noreferrer noopener\">interview.<\/a><\/p>\n\n\n\n<p><\/p>\n\n\n\n<h2 class=\"wp-block-heading\"><strong>Trois avantages<\/strong>&nbsp;<\/h2>\n\n\n\n<p>Des \u00e9oliennes plus grandes et plus puissantes ?&nbsp;<\/p>\n\n\n\n<p>Benjamin Wilkin, directeur de Energie Commune, y voit tois avantages :&nbsp;<\/p>\n\n\n\n<p>\u00ab\u00a0P<em>remi\u00e8rement l\u2019\u00e9olienne produit plus gr\u00e2ce \u00e0 sa taille. Les pales de l\u2019\u00e9olienne&nbsp;qui alimentent le rotor sont plus grandes. De ce fait, elles balayent plus d\u2019air et tournent plus souvent. Il suffit d\u2019une l\u00e9g\u00e8re brise pour que le rotor s\u2019actionne. Cela permet de produire beaucoup plus sur l\u2019ann\u00e9e ce qui permet une plus grande stabilit\u00e9 de production.<\/em>\u00a0\u00bb&nbsp;<\/p>\n\n\n\n<p>Deuxi\u00e8mement, ces nouvelles \u00e9oliennes apportent b\u00e9n\u00e9fice \u00e9conomique: \u201ce<em>lles permettent par exemple d\u2019installer 10 \u00e9oliennes \u00e0 la place de 15, ce qui co\u00fbte moins cher pour la m\u00eame production, voire pour une production plus grande. Moins d\u2019\u00e9oliennes signifie&nbsp;aussi un raccordement moindre.<\/em>\u00a0\u00bb&nbsp;<\/p>\n\n\n\n<p><em>\u201cEnfin, troisi\u00e8mement, c\u2019est bon pour l\u2019environnement, car la faune aviaire est moins d\u00e9rang\u00e9e&nbsp;par les \u00e9oliennes et&nbsp;cela sollicite aussi moins de mati\u00e8res premi\u00e8res, ce qui les rend plus efficaces,\u201d conclut Benjamin Wilkin.<\/em>&nbsp;<\/p>\n\n\n\n<h2 class=\"wp-block-heading\"><strong>Quelle configuration ?<\/strong>&nbsp;<\/h2>\n\n\n\n<figure class=\"wp-block-image size-full\"><img loading=\"lazy\" decoding=\"async\" width=\"700\" height=\"448\" src=\"https:\/\/www.renouvelle.be\/wp-content\/uploads\/2021\/10\/offshore.jpg\" alt=\"\" class=\"wp-image-6817\" srcset=\"https:\/\/www.renouvelle.be\/wp-content\/uploads\/2021\/10\/offshore.jpg 700w, https:\/\/www.renouvelle.be\/wp-content\/uploads\/2021\/10\/offshore-300x192.jpg 300w, https:\/\/www.renouvelle.be\/wp-content\/uploads\/2021\/10\/offshore-100x65.jpg 100w\" sizes=\"auto, (max-width: 700px) 100vw, 700px\" \/><\/figure>\n\n\n\n<p>La mont\u00e9e en puissance pose cependant des questions pratiques. Ainsi, les \u00e9oliennes ont un impact les unes sur les autres : une \u00e9olienne derri\u00e8re une autre re\u00e7oit moins de vent et donc tourne moins.&nbsp;<\/p>\n\n\n\n<p>Ce ph\u00e9nom\u00e8ne n\u2019existe pas pour des \u00e9oliennes isol\u00e9es, mais bien \u00e0 l\u2019int\u00e9rieur dans un parc carr\u00e9, \u00e0 la romaine (illustration ci-dessus). Autrement dit, il n\u2019y aurait que les \u00e9oliennes de bordures qui pourraient b\u00e9n\u00e9ficier d\u2019une r\u00e9elle augmentation de production li\u00e9e \u00e0 une augmentation de puissance.&nbsp;<\/p>\n\n\n\n<p>&nbsp;Selon Benjamin Wilkin,<em> \u201cune solution consiste \u00e0 augmenter l\u2019\u00e9cart entre les \u00e9oliennes \u00e0 mesure que leur taille et leur puissance augmente. Mais on doit alors \u00e9largir la taille de la zone pr\u00e9vue\u201d. <\/em>Or il n\u2019est pas encore question d\u2019\u00e9largir la zone.&nbsp;<\/p>\n\n\n\n<p>De nombreuses modalit\u00e9s pratiques devront donc encore \u00eatre d\u00e9finies.&nbsp;<\/p>\n","protected":false},"excerpt":{"rendered":"<p>Le gouvernement f\u00e9d\u00e9ral souhaite tripler la capacit\u00e9 actuelle des \u00e9oliennes en mer pour la porter \u00e0 5,7 GW.&nbsp; Deux zones sont actuellement d\u00e9di\u00e9es aux parcs offshore en mer du Nord belge (illustration ci-dessous). La premi\u00e8re zone comporte 9 parcs \u00e9oliens, tous op\u00e9rationnels depuis 2020, pour une puissance totale install\u00e9e de 2,2 Gw.&nbsp; La deuxi\u00e8me zone, baptis\u00e9e \u201cPrincesse Elizabeth\u201d, qui fera bient\u00f4t d\u2019un appel d\u2019offres, devait initialement accueillir 2 GW : le gouvernement a d\u00e9cid\u00e9 d\u2019augmenter l\u2019objectif \u00e0 3,5 GW.&nbsp; Cela pourra se faire gr\u00e2ce \u00e0 des \u00e9oliennes plus hautes et plus puissantes, suivant les progr\u00e8s actuels de la technologie \u00e9olienne offshore.&nbsp; Au total, l\u2019\u00e9olien maritime atteindra d\u2019ici 2030 une capacit\u00e9 suffisante pour couvrir la totalit\u00e9 de la consommation d&rsquo;\u00e9lectricit\u00e9 de tous les m\u00e9nages belges.&nbsp; Avec cette extension, les parcs \u00e9oliens en mer reprendraient alors le flambeau des centrales nucl\u00e9aires en tant que principale source de production d\u2019\u00e9lectricit\u00e9 dans le pays.&nbsp; Ce d\u00e9veloppement pourra se faire avec tr\u00e8s peu de subsides. Mont\u00e9e en puissance Cette mont\u00e9e en puissance de l&rsquo;\u00e9olien offshore s&rsquo;explique notamment par les progr\u00e8s technologiques fulgurants ces derni\u00e8res ann\u00e9es : la plupart des turbines belges actuelles affichent 3 MW, avec un record \u00e0 9,5 MW ; mais demain on installera des machines de 13 \u00e0 15 MW voire plus. Par ailleurs, la deuxi\u00e8me zone offshore pr\u00e9voit la construction d&rsquo;une \u00eele \u00e9nerg\u00e9tique (hub), qui permettra l&rsquo;interconnexion avec les parcs \u00e9oliens offshore des pays voisins (Pays-Bas, Grande-Bretagne, Danemark, &#8230;), ce qui permettra une grande s\u00e9curit\u00e9 d&rsquo;approvisionnement en \u00e9olien (lire notre article La Belgique bient\u00f4t interconnect\u00e9e avec le Danemark ?). Faire baisser le co\u00fbt de l&rsquo;\u00e9lectricit\u00e9 Le Bureau du Plan a pr\u00e9cis\u00e9ment publi\u00e9 une \u00e9tude sur l\u2019interconnexion avec les parcs \u00e9oliens offshore des pays voisins. Conclusions&nbsp;: Une \u00eele \u00e9nerg\u00e9tique ferait baisser les &hellip; <a href=\"https:\/\/www.renouvelle.be\/fr\/tripler-leolien-en-mer-du-nod\/\" class=\"more-link\">Continue reading<span class=\"screen-reader-text\"> \u00ab\u00a0Tripler l\u2019\u00e9olien en mer du Nord\u00a0\u00bb<\/span><\/a><\/p>\n","protected":false},"author":3,"featured_media":6812,"comment_status":"closed","ping_status":"closed","sticky":false,"template":"","format":"standard","meta":{"_acf_changed":false,"footnotes":""},"categories":[17],"tags":[],"section":[6],"class_list":["post-6811","post","type-post","status-publish","format-standard","has-post-thumbnail","hentry","category-actualite-en-belgique","section-eolien"],"acf":[],"yoast_head":"<!-- This site is optimized with the Yoast SEO plugin v27.5 - https:\/\/yoast.com\/product\/yoast-seo-wordpress\/ -->\n<title>Tripler l\u2019\u00e9olien en mer du Nord - Renouvelle<\/title>\n<meta name=\"robots\" content=\"index, follow, max-snippet:-1, max-image-preview:large, max-video-preview:-1\" \/>\n<link rel=\"canonical\" href=\"https:\/\/www.renouvelle.be\/fr\/tripler-leolien-en-mer-du-nod\/\" \/>\n<meta property=\"og:locale\" content=\"fr_FR\" \/>\n<meta property=\"og:type\" content=\"article\" \/>\n<meta property=\"og:title\" content=\"Tripler l\u2019\u00e9olien en mer du Nord - Renouvelle\" \/>\n<meta property=\"og:description\" content=\"Le gouvernement f\u00e9d\u00e9ral souhaite tripler la capacit\u00e9 actuelle des \u00e9oliennes en mer pour la porter \u00e0 5,7 GW.&nbsp; Deux zones sont actuellement d\u00e9di\u00e9es aux parcs offshore en mer du Nord belge (illustration ci-dessous). La premi\u00e8re zone comporte 9 parcs \u00e9oliens, tous op\u00e9rationnels depuis 2020, pour une puissance totale install\u00e9e de 2,2 Gw.&nbsp; La deuxi\u00e8me zone, baptis\u00e9e \u201cPrincesse Elizabeth\u201d, qui fera bient\u00f4t d\u2019un appel d\u2019offres, devait initialement accueillir 2 GW : le gouvernement a d\u00e9cid\u00e9 d\u2019augmenter l\u2019objectif \u00e0 3,5 GW.&nbsp; Cela pourra se faire gr\u00e2ce \u00e0 des \u00e9oliennes plus hautes et plus puissantes, suivant les progr\u00e8s actuels de la technologie \u00e9olienne offshore.&nbsp; Au total, l\u2019\u00e9olien maritime atteindra d\u2019ici 2030 une capacit\u00e9 suffisante pour couvrir la totalit\u00e9 de la consommation d&rsquo;\u00e9lectricit\u00e9 de tous les m\u00e9nages belges.&nbsp; Avec cette extension, les parcs \u00e9oliens en mer reprendraient alors le flambeau des centrales nucl\u00e9aires en tant que principale source de production d\u2019\u00e9lectricit\u00e9 dans le pays.&nbsp; Ce d\u00e9veloppement pourra se faire avec tr\u00e8s peu de subsides. Mont\u00e9e en puissance Cette mont\u00e9e en puissance de l&rsquo;\u00e9olien offshore s&rsquo;explique notamment par les progr\u00e8s technologiques fulgurants ces derni\u00e8res ann\u00e9es : la plupart des turbines belges actuelles affichent 3 MW, avec un record \u00e0 9,5 MW ; mais demain on installera des machines de 13 \u00e0 15 MW voire plus. Par ailleurs, la deuxi\u00e8me zone offshore pr\u00e9voit la construction d&rsquo;une \u00eele \u00e9nerg\u00e9tique (hub), qui permettra l&rsquo;interconnexion avec les parcs \u00e9oliens offshore des pays voisins (Pays-Bas, Grande-Bretagne, Danemark, &#8230;), ce qui permettra une grande s\u00e9curit\u00e9 d&rsquo;approvisionnement en \u00e9olien (lire notre article La Belgique bient\u00f4t interconnect\u00e9e avec le Danemark ?). Faire baisser le co\u00fbt de l&rsquo;\u00e9lectricit\u00e9 Le Bureau du Plan a pr\u00e9cis\u00e9ment publi\u00e9 une \u00e9tude sur l\u2019interconnexion avec les parcs \u00e9oliens offshore des pays voisins. Conclusions&nbsp;: Une \u00eele \u00e9nerg\u00e9tique ferait baisser les &hellip; Continue reading &quot;Tripler l\u2019\u00e9olien en mer du Nord&quot;\" \/>\n<meta property=\"og:url\" content=\"https:\/\/www.renouvelle.be\/fr\/tripler-leolien-en-mer-du-nod\/\" \/>\n<meta property=\"og:site_name\" content=\"Renouvelle\" \/>\n<meta property=\"article:published_time\" content=\"2021-10-18T10:03:43+00:00\" \/>\n<meta property=\"article:modified_time\" content=\"2023-07-10T22:04:28+00:00\" \/>\n<meta property=\"og:image\" content=\"https:\/\/www.renouvelle.be\/wp-content\/uploads\/2021\/10\/offshore2.jpg\" \/>\n\t<meta property=\"og:image:width\" content=\"700\" \/>\n\t<meta property=\"og:image:height\" content=\"465\" \/>\n\t<meta property=\"og:image:type\" content=\"image\/jpeg\" \/>\n<meta name=\"author\" content=\"Energie Commune\" \/>\n<meta name=\"twitter:card\" content=\"summary_large_image\" \/>\n<script type=\"application\/ld+json\" class=\"yoast-schema-graph\">{\"@context\":\"https:\\\/\\\/schema.org\",\"@graph\":[{\"@type\":\"Article\",\"@id\":\"https:\\\/\\\/www.renouvelle.be\\\/fr\\\/tripler-leolien-en-mer-du-nod\\\/#article\",\"isPartOf\":{\"@id\":\"https:\\\/\\\/www.renouvelle.be\\\/fr\\\/tripler-leolien-en-mer-du-nod\\\/\"},\"author\":{\"name\":\"Energie Commune\",\"@id\":\"https:\\\/\\\/www.renouvelle.be\\\/fr\\\/#\\\/schema\\\/person\\\/afa67e74a6712f1b8af9aaa3a0f874bf\"},\"headline\":\"Tripler l\u2019\u00e9olien en mer du Nord\",\"datePublished\":\"2021-10-18T10:03:43+00:00\",\"dateModified\":\"2023-07-10T22:04:28+00:00\",\"mainEntityOfPage\":{\"@id\":\"https:\\\/\\\/www.renouvelle.be\\\/fr\\\/tripler-leolien-en-mer-du-nod\\\/\"},\"wordCount\":1056,\"image\":{\"@id\":\"https:\\\/\\\/www.renouvelle.be\\\/fr\\\/tripler-leolien-en-mer-du-nod\\\/#primaryimage\"},\"thumbnailUrl\":\"https:\\\/\\\/www.renouvelle.be\\\/wp-content\\\/uploads\\\/2021\\\/10\\\/offshore2.jpg\",\"articleSection\":[\"Actualit\u00e9 en Belgique\"],\"inLanguage\":\"fr-FR\"},{\"@type\":\"WebPage\",\"@id\":\"https:\\\/\\\/www.renouvelle.be\\\/fr\\\/tripler-leolien-en-mer-du-nod\\\/\",\"url\":\"https:\\\/\\\/www.renouvelle.be\\\/fr\\\/tripler-leolien-en-mer-du-nod\\\/\",\"name\":\"Tripler l\u2019\u00e9olien en mer du Nord - Renouvelle\",\"isPartOf\":{\"@id\":\"https:\\\/\\\/www.renouvelle.be\\\/fr\\\/#website\"},\"primaryImageOfPage\":{\"@id\":\"https:\\\/\\\/www.renouvelle.be\\\/fr\\\/tripler-leolien-en-mer-du-nod\\\/#primaryimage\"},\"image\":{\"@id\":\"https:\\\/\\\/www.renouvelle.be\\\/fr\\\/tripler-leolien-en-mer-du-nod\\\/#primaryimage\"},\"thumbnailUrl\":\"https:\\\/\\\/www.renouvelle.be\\\/wp-content\\\/uploads\\\/2021\\\/10\\\/offshore2.jpg\",\"datePublished\":\"2021-10-18T10:03:43+00:00\",\"dateModified\":\"2023-07-10T22:04:28+00:00\",\"author\":{\"@id\":\"https:\\\/\\\/www.renouvelle.be\\\/fr\\\/#\\\/schema\\\/person\\\/afa67e74a6712f1b8af9aaa3a0f874bf\"},\"breadcrumb\":{\"@id\":\"https:\\\/\\\/www.renouvelle.be\\\/fr\\\/tripler-leolien-en-mer-du-nod\\\/#breadcrumb\"},\"inLanguage\":\"fr-FR\",\"potentialAction\":[{\"@type\":\"ReadAction\",\"target\":[\"https:\\\/\\\/www.renouvelle.be\\\/fr\\\/tripler-leolien-en-mer-du-nod\\\/\"]}]},{\"@type\":\"ImageObject\",\"inLanguage\":\"fr-FR\",\"@id\":\"https:\\\/\\\/www.renouvelle.be\\\/fr\\\/tripler-leolien-en-mer-du-nod\\\/#primaryimage\",\"url\":\"https:\\\/\\\/www.renouvelle.be\\\/wp-content\\\/uploads\\\/2021\\\/10\\\/offshore2.jpg\",\"contentUrl\":\"https:\\\/\\\/www.renouvelle.be\\\/wp-content\\\/uploads\\\/2021\\\/10\\\/offshore2.jpg\",\"width\":700,\"height\":465},{\"@type\":\"BreadcrumbList\",\"@id\":\"https:\\\/\\\/www.renouvelle.be\\\/fr\\\/tripler-leolien-en-mer-du-nod\\\/#breadcrumb\",\"itemListElement\":[{\"@type\":\"ListItem\",\"position\":1,\"name\":\"Accueil\",\"item\":\"https:\\\/\\\/www.renouvelle.be\\\/fr\\\/\"},{\"@type\":\"ListItem\",\"position\":2,\"name\":\"Tripler l\u2019\u00e9olien en mer du Nord\"}]},{\"@type\":\"WebSite\",\"@id\":\"https:\\\/\\\/www.renouvelle.be\\\/fr\\\/#website\",\"url\":\"https:\\\/\\\/www.renouvelle.be\\\/fr\\\/\",\"name\":\"Renouvelle\",\"description\":\"L&#039;actualit\u00e9 de l&#039;\u00e9nergie durable\",\"potentialAction\":[{\"@type\":\"SearchAction\",\"target\":{\"@type\":\"EntryPoint\",\"urlTemplate\":\"https:\\\/\\\/www.renouvelle.be\\\/fr\\\/?s={search_term_string}\"},\"query-input\":{\"@type\":\"PropertyValueSpecification\",\"valueRequired\":true,\"valueName\":\"search_term_string\"}}],\"inLanguage\":\"fr-FR\"},{\"@type\":\"Person\",\"@id\":\"https:\\\/\\\/www.renouvelle.be\\\/fr\\\/#\\\/schema\\\/person\\\/afa67e74a6712f1b8af9aaa3a0f874bf\",\"name\":\"Energie Commune\",\"url\":\"https:\\\/\\\/www.renouvelle.be\\\/fr\\\/author\\\/apere\\\/\"}]}<\/script>\n<!-- \/ Yoast SEO plugin. -->","yoast_head_json":{"title":"Tripler l\u2019\u00e9olien en mer du Nord - Renouvelle","robots":{"index":"index","follow":"follow","max-snippet":"max-snippet:-1","max-image-preview":"max-image-preview:large","max-video-preview":"max-video-preview:-1"},"canonical":"https:\/\/www.renouvelle.be\/fr\/tripler-leolien-en-mer-du-nod\/","og_locale":"fr_FR","og_type":"article","og_title":"Tripler l\u2019\u00e9olien en mer du Nord - Renouvelle","og_description":"Le gouvernement f\u00e9d\u00e9ral souhaite tripler la capacit\u00e9 actuelle des \u00e9oliennes en mer pour la porter \u00e0 5,7 GW.&nbsp; Deux zones sont actuellement d\u00e9di\u00e9es aux parcs offshore en mer du Nord belge (illustration ci-dessous). La premi\u00e8re zone comporte 9 parcs \u00e9oliens, tous op\u00e9rationnels depuis 2020, pour une puissance totale install\u00e9e de 2,2 Gw.&nbsp; La deuxi\u00e8me zone, baptis\u00e9e \u201cPrincesse Elizabeth\u201d, qui fera bient\u00f4t d\u2019un appel d\u2019offres, devait initialement accueillir 2 GW : le gouvernement a d\u00e9cid\u00e9 d\u2019augmenter l\u2019objectif \u00e0 3,5 GW.&nbsp; Cela pourra se faire gr\u00e2ce \u00e0 des \u00e9oliennes plus hautes et plus puissantes, suivant les progr\u00e8s actuels de la technologie \u00e9olienne offshore.&nbsp; Au total, l\u2019\u00e9olien maritime atteindra d\u2019ici 2030 une capacit\u00e9 suffisante pour couvrir la totalit\u00e9 de la consommation d&rsquo;\u00e9lectricit\u00e9 de tous les m\u00e9nages belges.&nbsp; Avec cette extension, les parcs \u00e9oliens en mer reprendraient alors le flambeau des centrales nucl\u00e9aires en tant que principale source de production d\u2019\u00e9lectricit\u00e9 dans le pays.&nbsp; Ce d\u00e9veloppement pourra se faire avec tr\u00e8s peu de subsides. Mont\u00e9e en puissance Cette mont\u00e9e en puissance de l&rsquo;\u00e9olien offshore s&rsquo;explique notamment par les progr\u00e8s technologiques fulgurants ces derni\u00e8res ann\u00e9es : la plupart des turbines belges actuelles affichent 3 MW, avec un record \u00e0 9,5 MW ; mais demain on installera des machines de 13 \u00e0 15 MW voire plus. Par ailleurs, la deuxi\u00e8me zone offshore pr\u00e9voit la construction d&rsquo;une \u00eele \u00e9nerg\u00e9tique (hub), qui permettra l&rsquo;interconnexion avec les parcs \u00e9oliens offshore des pays voisins (Pays-Bas, Grande-Bretagne, Danemark, &#8230;), ce qui permettra une grande s\u00e9curit\u00e9 d&rsquo;approvisionnement en \u00e9olien (lire notre article La Belgique bient\u00f4t interconnect\u00e9e avec le Danemark ?). Faire baisser le co\u00fbt de l&rsquo;\u00e9lectricit\u00e9 Le Bureau du Plan a pr\u00e9cis\u00e9ment publi\u00e9 une \u00e9tude sur l\u2019interconnexion avec les parcs \u00e9oliens offshore des pays voisins. Conclusions&nbsp;: Une \u00eele \u00e9nerg\u00e9tique ferait baisser les &hellip; Continue reading \"Tripler l\u2019\u00e9olien en mer du Nord\"","og_url":"https:\/\/www.renouvelle.be\/fr\/tripler-leolien-en-mer-du-nod\/","og_site_name":"Renouvelle","article_published_time":"2021-10-18T10:03:43+00:00","article_modified_time":"2023-07-10T22:04:28+00:00","og_image":[{"width":700,"height":465,"url":"https:\/\/www.renouvelle.be\/wp-content\/uploads\/2021\/10\/offshore2.jpg","type":"image\/jpeg"}],"author":"Energie Commune","twitter_card":"summary_large_image","schema":{"@context":"https:\/\/schema.org","@graph":[{"@type":"Article","@id":"https:\/\/www.renouvelle.be\/fr\/tripler-leolien-en-mer-du-nod\/#article","isPartOf":{"@id":"https:\/\/www.renouvelle.be\/fr\/tripler-leolien-en-mer-du-nod\/"},"author":{"name":"Energie Commune","@id":"https:\/\/www.renouvelle.be\/fr\/#\/schema\/person\/afa67e74a6712f1b8af9aaa3a0f874bf"},"headline":"Tripler l\u2019\u00e9olien en mer du Nord","datePublished":"2021-10-18T10:03:43+00:00","dateModified":"2023-07-10T22:04:28+00:00","mainEntityOfPage":{"@id":"https:\/\/www.renouvelle.be\/fr\/tripler-leolien-en-mer-du-nod\/"},"wordCount":1056,"image":{"@id":"https:\/\/www.renouvelle.be\/fr\/tripler-leolien-en-mer-du-nod\/#primaryimage"},"thumbnailUrl":"https:\/\/www.renouvelle.be\/wp-content\/uploads\/2021\/10\/offshore2.jpg","articleSection":["Actualit\u00e9 en Belgique"],"inLanguage":"fr-FR"},{"@type":"WebPage","@id":"https:\/\/www.renouvelle.be\/fr\/tripler-leolien-en-mer-du-nod\/","url":"https:\/\/www.renouvelle.be\/fr\/tripler-leolien-en-mer-du-nod\/","name":"Tripler l\u2019\u00e9olien en mer du Nord - Renouvelle","isPartOf":{"@id":"https:\/\/www.renouvelle.be\/fr\/#website"},"primaryImageOfPage":{"@id":"https:\/\/www.renouvelle.be\/fr\/tripler-leolien-en-mer-du-nod\/#primaryimage"},"image":{"@id":"https:\/\/www.renouvelle.be\/fr\/tripler-leolien-en-mer-du-nod\/#primaryimage"},"thumbnailUrl":"https:\/\/www.renouvelle.be\/wp-content\/uploads\/2021\/10\/offshore2.jpg","datePublished":"2021-10-18T10:03:43+00:00","dateModified":"2023-07-10T22:04:28+00:00","author":{"@id":"https:\/\/www.renouvelle.be\/fr\/#\/schema\/person\/afa67e74a6712f1b8af9aaa3a0f874bf"},"breadcrumb":{"@id":"https:\/\/www.renouvelle.be\/fr\/tripler-leolien-en-mer-du-nod\/#breadcrumb"},"inLanguage":"fr-FR","potentialAction":[{"@type":"ReadAction","target":["https:\/\/www.renouvelle.be\/fr\/tripler-leolien-en-mer-du-nod\/"]}]},{"@type":"ImageObject","inLanguage":"fr-FR","@id":"https:\/\/www.renouvelle.be\/fr\/tripler-leolien-en-mer-du-nod\/#primaryimage","url":"https:\/\/www.renouvelle.be\/wp-content\/uploads\/2021\/10\/offshore2.jpg","contentUrl":"https:\/\/www.renouvelle.be\/wp-content\/uploads\/2021\/10\/offshore2.jpg","width":700,"height":465},{"@type":"BreadcrumbList","@id":"https:\/\/www.renouvelle.be\/fr\/tripler-leolien-en-mer-du-nod\/#breadcrumb","itemListElement":[{"@type":"ListItem","position":1,"name":"Accueil","item":"https:\/\/www.renouvelle.be\/fr\/"},{"@type":"ListItem","position":2,"name":"Tripler l\u2019\u00e9olien en mer du Nord"}]},{"@type":"WebSite","@id":"https:\/\/www.renouvelle.be\/fr\/#website","url":"https:\/\/www.renouvelle.be\/fr\/","name":"Renouvelle","description":"L&#039;actualit\u00e9 de l&#039;\u00e9nergie durable","potentialAction":[{"@type":"SearchAction","target":{"@type":"EntryPoint","urlTemplate":"https:\/\/www.renouvelle.be\/fr\/?s={search_term_string}"},"query-input":{"@type":"PropertyValueSpecification","valueRequired":true,"valueName":"search_term_string"}}],"inLanguage":"fr-FR"},{"@type":"Person","@id":"https:\/\/www.renouvelle.be\/fr\/#\/schema\/person\/afa67e74a6712f1b8af9aaa3a0f874bf","name":"Energie Commune","url":"https:\/\/www.renouvelle.be\/fr\/author\/apere\/"}]}},"_links":{"self":[{"href":"https:\/\/www.renouvelle.be\/fr\/wp-json\/wp\/v2\/posts\/6811","targetHints":{"allow":["GET"]}}],"collection":[{"href":"https:\/\/www.renouvelle.be\/fr\/wp-json\/wp\/v2\/posts"}],"about":[{"href":"https:\/\/www.renouvelle.be\/fr\/wp-json\/wp\/v2\/types\/post"}],"author":[{"embeddable":true,"href":"https:\/\/www.renouvelle.be\/fr\/wp-json\/wp\/v2\/users\/3"}],"replies":[{"embeddable":true,"href":"https:\/\/www.renouvelle.be\/fr\/wp-json\/wp\/v2\/comments?post=6811"}],"version-history":[{"count":15,"href":"https:\/\/www.renouvelle.be\/fr\/wp-json\/wp\/v2\/posts\/6811\/revisions"}],"predecessor-version":[{"id":10186,"href":"https:\/\/www.renouvelle.be\/fr\/wp-json\/wp\/v2\/posts\/6811\/revisions\/10186"}],"wp:featuredmedia":[{"embeddable":true,"href":"https:\/\/www.renouvelle.be\/fr\/wp-json\/wp\/v2\/media\/6812"}],"wp:attachment":[{"href":"https:\/\/www.renouvelle.be\/fr\/wp-json\/wp\/v2\/media?parent=6811"}],"wp:term":[{"taxonomy":"category","embeddable":true,"href":"https:\/\/www.renouvelle.be\/fr\/wp-json\/wp\/v2\/categories?post=6811"},{"taxonomy":"post_tag","embeddable":true,"href":"https:\/\/www.renouvelle.be\/fr\/wp-json\/wp\/v2\/tags?post=6811"},{"taxonomy":"section","embeddable":true,"href":"https:\/\/www.renouvelle.be\/fr\/wp-json\/wp\/v2\/section?post=6811"}],"curies":[{"name":"wp","href":"https:\/\/api.w.org\/{rel}","templated":true}]}}