{"id":6762,"date":"2021-10-11T16:49:15","date_gmt":"2021-10-11T14:49:15","guid":{"rendered":"https:\/\/www.renouvelle.be\/?p=6762"},"modified":"2023-07-11T00:03:03","modified_gmt":"2023-07-10T22:03:03","slug":"fin-de-la-compensation-a-bruxelles-les-prosumers-pourront-vendre-leur-electricite-solaire","status":"publish","type":"post","link":"https:\/\/www.renouvelle.be\/fr\/fin-de-la-compensation-a-bruxelles-les-prosumers-pourront-vendre-leur-electricite-solaire\/","title":{"rendered":"Fin de la compensation \u00e0 Bruxelles : les prosumers pourront vendre leur \u00e9lectricit\u00e9 solaire"},"content":{"rendered":"\n<p>La compensation est l\u2019un des incitants historiques mis en place dans les 3 R\u00e9gions de Belgique \u2013 et dans d\u2019autres Etats europ\u00e9ens \u2013 pour encourager les m\u00e9nages \u00e0 s\u2019\u00e9quiper en photovolta\u00efque.&nbsp;<\/p>\n\n\n\n<p>On l\u2019appelle plus simplement \u00ab&nbsp;le compteur qui tourne \u00e0 l\u2019envers&nbsp;\u00bb, car il peut effectivement tourner \u00e0 l\u2019envers quand les panneaux photovolta\u00efques injectent de l\u2019\u00e9lectricit\u00e9 dans le r\u00e9seau.&nbsp;<\/p>\n\n\n\n<p>Apr\u00e8s plus de 10 ann\u00e9es d\u2019exp\u00e9rience, le contexte belge et europ\u00e9en a \u00e9volu\u00e9 et les 3 R\u00e9gions ont d\u00e9cid\u00e9 ou annonc\u00e9 la suppression de ce principe.&nbsp;<\/p>\n\n\n\n<h2 class=\"wp-block-heading\" id=\"pourquoi-supprimer-ce-mecanisme\"><strong>Pourquoi supprimer ce m\u00e9canisme ?<\/strong>&nbsp;<\/h2>\n\n\n\n<p>Annonc\u00e9e depuis plusieurs ann\u00e9es, la suppression du m\u00e9canisme de compensation est aujourd\u2019hui rendue obligatoire par la directive europ\u00e9enne \u00ab Electricity market design \u00bb, adopt\u00e9e en juin 2019, et qui incite les Etats membres \u00e0 adopter d\u2019ici fin 2023 des modalit\u00e9s de sortie progressive (\u00ab&nbsp;phasing out&nbsp;\u00bb).&nbsp;<\/p>\n\n\n\n<p>Par ailleurs, le m\u00e9canisme de compensation a \u00e9t\u00e9 jug\u00e9 discriminatoire vis-\u00e0-vis des consommateurs \u00ab classiques \u00bb (non \u00e9quip\u00e9s en panneaux photovolta\u00efques). En effet, avec ce principe, les prosumers ne contribuent aux frais du r\u00e9seau qu\u2019en raison de la quantit\u00e9 nette d\u2019\u00e9nergie pr\u00e9lev\u00e9e \u2013 le solde apr\u00e8s le bilan annuel de la compensation \u2013 alors que, dans la r\u00e9alit\u00e9, ils ont pr\u00e9lev\u00e9 des quantit\u00e9s brutes plus \u00e9lev\u00e9es tout au long de l\u2019ann\u00e9e.&nbsp;<\/p>\n\n\n\n<p>Il s\u2019agit donc de faire contribuer de mani\u00e8re \u00e9quitable tous les consommateurs, avec ou sans panneaux solaires, aux couts du r\u00e9seau, selon leurs pr\u00e9l\u00e8vements r\u00e9els.&nbsp;<\/p>\n\n\n\n<p>En juste retour des choses, les prosumers ont le droit de contribuer aux frais du r\u00e9seau, soit selon un forfait d\u00e9finis par le r\u00e9gulateur, soit sur base de leurs pr\u00e9l\u00e8vements r\u00e9els d\u2019\u00e9lectricit\u00e9 sur le r\u00e9seau \u2013 ce qui n\u00e9cessite l\u2019installation d\u2019un compteur double-flux (bidirectionnel) ou d\u2019un compteur intelligent, tous deux capables de comptabiliser s\u00e9par\u00e9ment les flux de pr\u00e9l\u00e8vements d\u2019\u00e9lectricit\u00e9 et les flux d\u2019injection d\u2019\u00e9lectricit\u00e9 solaire sur le r\u00e9seau.&nbsp;<\/p>\n\n\n\n<p>La fin de la compensation est donc techniquement li\u00e9e \u00e0 la disponibilit\u00e9 ou non, chez le prosumer, de l\u2019un de ces deux types de compteur, afin qu\u2019il puisse exercer son droit \u00e0 une facturation sur base de sa consommation r\u00e9elle.&nbsp;<\/p>\n\n\n\n<h2 class=\"wp-block-heading\" id=\"sortie-definitive\"><strong>Sortie d\u00e9finitive<\/strong>&nbsp;<\/h2>\n\n\n\n<p>D\u00e9but 2020, la R\u00e9gion bruxelloise a instaur\u00e9 une fin partielle de la compensation : la partie \u00ab co\u00fbt de r\u00e9seau \u00bb de la facture d\u2019\u00e9lectricit\u00e9 n\u2019\u00e9tait plus compens\u00e9e, seule la partie&nbsp;\u00ab \u00e9nergie \u00bb (aussi appel\u00e9e \u00ab commodit\u00e9 \u00bb) restait compens\u00e9e.&nbsp;<\/p>\n\n\n\n<p>A partir du 1er novembre 2021, la fin de la compensation s\u2019appliquera aussi \u00e0 la partie \u00ab \u00e9nergie \u00bb et sera donc d\u00e9finitive.&nbsp;<\/p>\n\n\n\n<h2 class=\"wp-block-heading\" id=\"un-releve-complementaire\"><strong>Un relev\u00e9 compl\u00e9mentaire<\/strong>&nbsp;<\/h2>\n\n\n\n<p>Pour mettre fin au principe de compensation, un relev\u00e9 de compteur exceptionnel aura lieu \u00e0 partir de mi-septembre 2021, et ceci m\u00eame si le relev\u00e9 annuel vient d\u2019\u00eatre effectu\u00e9. Celui-ci sera r\u00e9alis\u00e9 par <a href=\"https:\/\/www.sibelga.be\/fr\/tarifs\/tarifs-utilisation-reseau\/fin-compensation\" target=\"_blank\" rel=\"noreferrer noopener\">Sibelga<\/a>.&nbsp;<\/p>\n\n\n\n<p>En cas d\u2019absence, un document sera laiss\u00e9 sur place invitant le prosumer \u00e0 communiquer lui-m\u00eame son index \u00e0 Sibelga. Sans relev\u00e9 de compteur, les index de pr\u00e9l\u00e8vement et d&rsquo;injection seront estim\u00e9s.&nbsp;<\/p>\n\n\n\n<h2 class=\"wp-block-heading\" id=\"un-changement-de-logique\"><strong>Un changement de logique<\/strong>&nbsp;<\/h2>\n\n\n\n<p>La fin de compensation&nbsp;aura un (l\u00e9ger) impact sur la facture.&nbsp;<\/p>\n\n\n\n<p>Mais, pour les prosumers, cela induit surtout un changement de logique \u00e9conomique. Ces m\u00e9nages ont d\u00e9sormais un int\u00e9r\u00eat \u00e9conomique \u00e0 pr\u00e9lever (et payer) le moins possible d\u2019\u00e9lectricit\u00e9 du r\u00e9seau.&nbsp;<\/p>\n\n\n\n<p>Concr\u00e8tement, il s\u2019agit&nbsp;de maximiser votre autoconsommation solaire et de vendre votre surplus d\u2019\u00e9lectricit\u00e9 \u00e0 un fournisseur d\u2019\u00e9nergie.&nbsp;<\/p>\n\n\n\n<p>Voici comment.&nbsp;<\/p>\n\n\n\n<h2 class=\"wp-block-heading\" id=\"comment-booster-votre-autoconsommation-solaire\"><strong>Comment booster votre autoconsommation solaire<\/strong>&nbsp;<\/h2>\n\n\n\n<figure class=\"wp-block-image size-full\"><img loading=\"lazy\" decoding=\"async\" width=\"580\" height=\"348\" src=\"https:\/\/www.renouvelle.be\/wp-content\/uploads\/2021\/10\/image.jpeg\" alt=\"\" class=\"wp-image-6765\" srcset=\"https:\/\/www.renouvelle.be\/wp-content\/uploads\/2021\/10\/image.jpeg 580w, https:\/\/www.renouvelle.be\/wp-content\/uploads\/2021\/10\/image-300x180.jpeg 300w\" sizes=\"auto, (max-width: 580px) 100vw, 580px\" \/><\/figure>\n\n\n\n<p>Les prosumers peuvent agir sur trois leviers&nbsp;:&nbsp;<\/p>\n\n\n\n<ul class=\"wp-block-list\">\n<li>R\u00e9duire les consommations superflues d\u2019\u00e9lectricit\u00e9 (changement d\u2019habitudes et petits investissements&nbsp;: multiprises, ampoules LED, \u2026).&nbsp;<\/li>\n\n\n\n<li>D\u00e9placer au maximum la consommation r\u00e9siduelle au moment de production solaire (en programmant par exemple les appareils \u00e9lectro-m\u00e9nagers en journ\u00e9e).&nbsp;<\/li>\n\n\n\n<li>Surdimensionner leur installation pour couvrir au maximum leur consommation, en toutes saisons.&nbsp;<\/li>\n<\/ul>\n\n\n\n<p>Parmi les autres actions possibles&nbsp;pour atteindre jusqu\u2019\u00e0 60 % d\u2019autonomie solaire : installer un PVheater pour chauffer l\u2019eau sanitaire de votre maison \u00e0 partir de l\u2019\u00e9lectricit\u00e9 solaire et\/ou remplacer votre voiture thermique par un mod\u00e8le \u00e9lectrique \u00e0 recharger chez vous en journ\u00e9e (le week-end par exemple). La batterie statique \u00e0 placer dans la maison n\u2019est, \u00e0 ce stade, pas encore \u00e9conomiquement rentable.&nbsp;<\/p>\n\n\n\n<p>Vous trouverez d\u2019autres conseils ici :&nbsp;<\/p>\n\n\n\n<ul class=\"wp-block-list\">\n<li>Bruxelles-Environnement : <a href=\"https:\/\/environnement.brussels\/thematiques\/batiment-et-energie\/energie-verte\/produire-votre-propre-energie-verte\/panneaux-solaires\" target=\"_blank\" rel=\"noreferrer noopener\">Photovolta\u00efque : adaptez votre consommation<\/a>&nbsp;<\/li>\n<\/ul>\n\n\n\n<ul class=\"wp-block-list\">\n<li>Energuide.be : <a href=\"https:\/\/www.energuide.be\/fr\/questions-reponses\/comment-rentabiliser-au-maximum-lelectricite-produite-par-mes-panneaux-photovoltaiques\/1746\/?dossier=12\" target=\"_blank\" rel=\"noreferrer noopener\">Comment rentabiliser au maximum l\u2019\u00e9lectricit\u00e9 produite par mes panneaux photovolta\u00efques ?<\/a>&nbsp;<\/li>\n<\/ul>\n\n\n\n<p>En fonction du profil de consommation de chacun, il pourrait \u00eatre int\u00e9ressant de modifier certaines habitudes, changer de tarif (mono ou bi-horaire), et\/ou de changer de fournisseur.&nbsp;<\/p>\n\n\n\n<p>Faites une simulation sur le <a href=\"https:\/\/www.brugel.brussels\/outils\/brusim-2\" target=\"_blank\" rel=\"noreferrer noopener\">comparateur Brusim<\/a> !&nbsp;<\/p>\n\n\n\n<h2 class=\"wp-block-heading\" id=\"vendre-l-electricite-injectee\"><strong>Vendre l\u2019\u00e9lectricit\u00e9 inject\u00e9e<\/strong>&nbsp;<\/h2>\n\n\n\n<p>Maintenant que vous ne b\u00e9n\u00e9ficiez plus de la compensation, vous pouvez valoriser l\u2019\u00e9lectricit\u00e9 exc\u00e9dentaire inject\u00e9e sur le r\u00e9seau en la vendant \u00e0 un fournisseur d\u2019\u00e9nergie (ou \u00e0 d\u2019\u00e9ventuels agr\u00e9gateurs).&nbsp;<\/p>\n\n\n\n<p>L\u2019\u00e9lectricit\u00e9 inject\u00e9e sera achet\u00e9e par les fournisseurs au prix de la partie \u00e9nergie (c.\u00e0.d. hors tarifs r\u00e9seaux, taxes, etc\u2026). Ce prix peut varier en fonction de l\u2019\u00e9volution du march\u00e9 et de la strat\u00e9gie des acheteurs.&nbsp;<\/p>\n\n\n\n<p>Si vous avez une installation d\u2019une puissance inf\u00e9rieure ou \u00e9gale \u00e0 10 kVA et que vous n\u2019avez pas de num\u00e9ro TVA, vous n\u2019\u00eates pas soumis aux obligations TVA pour vendre l\u2019exc\u00e9dent de votre production. Un syst\u00e8me de facturation simple peut \u00eatre mis en place par le fournisseur \u00e0 qui vous vendez votre \u00e9lectricit\u00e9 inject\u00e9e, pr\u00e9cise Brugel dans ce <a href=\"https:\/\/www.brugel.brussels\/themes\/energies-renouvelables-11\/fin-du-principe-de-la-compensation-472\" target=\"_blank\" rel=\"noreferrer noopener\">communiqu\u00e9.<\/a>&nbsp;<\/p>\n\n\n\n<p>Mais les fournisseurs sont-ils pr\u00eats \u00e0 jouer le jeu ? A premi\u00e8re vue, ils semblent peu int\u00e9ress\u00e9s par le rachat aux prosumers de nombreux petits volumes d\u2019\u00e9lectricit\u00e9.&nbsp;<\/p>\n\n\n\n<p>Pour en savoir plus, contactez votre fournisseur d&rsquo;\u00e9nergie.&nbsp;<\/p>\n\n\n\n<p>Dans ce contexte, verra-t-on \u00e9merger des plateformes (g\u00e9r\u00e9es par des communes ?) afin de regrouper les prosumers et vendre un volume plus attractif aupr\u00e8s des fournisseurs ?&nbsp;<\/p>\n\n\n\n<p>A moyen terme en tout cas, les prosumers pourront probablement vendre leur \u00e9lectricit\u00e9 \u00e0 des Communaut\u00e9s locales d\u2019\u00e9nergie, en cours de d\u00e9veloppement \u00e0 Bruxelles (lire notre article La premi\u00e8re communaut\u00e9 d\u2019\u00e9nergie renouvelable de Belgique prend son envol).&nbsp;<\/p>\n\n\n\n<h2 class=\"wp-block-heading\" id=\"toujours-rentable\"><strong>Toujours rentable<\/strong>&nbsp;<\/h2>\n\n\n\n<p>En ce qui concerne les certificats verts, rien ne change car ceux-ci sont calcul\u00e9s sur la production d\u2019\u00e9lectricit\u00e9 verte et ce syst\u00e8me de soutien est maintenu en R\u00e9gion bruxelloise.&nbsp;<\/p>\n\n\n\n<p>Les propri\u00e9taires d\u2019installations continuent donc \u00e0 b\u00e9n\u00e9ficier de certificats verts pendant toute la p\u00e9riode durant laquelle ils y ont droit.&nbsp;<\/p>\n\n\n\n<p>Le syst\u00e8me reste calibr\u00e9 pour assurer un retour sur investissement de 7 ans pour tout investissement photovolta\u00efque gr\u00e2ce aux certificats verts octroy\u00e9s au cours des 10 premi\u00e8res ann\u00e9es de production.&nbsp;<\/p>\n","protected":false},"excerpt":{"rendered":"<p>xx<\/p>\n","protected":false},"author":3,"featured_media":6763,"comment_status":"closed","ping_status":"closed","sticky":false,"template":"","format":"standard","meta":{"_acf_changed":false,"footnotes":""},"categories":[17],"tags":[],"section":[13],"class_list":["post-6762","post","type-post","status-publish","format-standard","has-post-thumbnail","hentry","category-actualite-en-belgique","section-solaire"],"acf":[],"yoast_head":"<!-- This site is optimized with the Yoast SEO plugin v27.5 - https:\/\/yoast.com\/product\/yoast-seo-wordpress\/ -->\n<title>Fin de la compensation \u00e0 Bruxelles : les prosumers pourront vendre leur \u00e9lectricit\u00e9 solaire - Renouvelle<\/title>\n<meta name=\"robots\" content=\"index, follow, max-snippet:-1, max-image-preview:large, max-video-preview:-1\" \/>\n<link rel=\"canonical\" href=\"https:\/\/www.renouvelle.be\/fr\/fin-de-la-compensation-a-bruxelles-les-prosumers-pourront-vendre-leur-electricite-solaire\/\" \/>\n<meta property=\"og:locale\" content=\"fr_FR\" \/>\n<meta property=\"og:type\" content=\"article\" \/>\n<meta property=\"og:title\" content=\"Fin de la compensation \u00e0 Bruxelles : les prosumers pourront vendre leur \u00e9lectricit\u00e9 solaire - Renouvelle\" \/>\n<meta property=\"og:description\" content=\"xx\" \/>\n<meta property=\"og:url\" content=\"https:\/\/www.renouvelle.be\/fr\/fin-de-la-compensation-a-bruxelles-les-prosumers-pourront-vendre-leur-electricite-solaire\/\" \/>\n<meta property=\"og:site_name\" content=\"Renouvelle\" \/>\n<meta property=\"article:published_time\" content=\"2021-10-11T14:49:15+00:00\" \/>\n<meta property=\"article:modified_time\" content=\"2023-07-10T22:03:03+00:00\" \/>\n<meta property=\"og:image\" content=\"https:\/\/www.renouvelle.be\/wp-content\/uploads\/2021\/10\/iStock-121714413.jpg\" \/>\n\t<meta property=\"og:image:width\" content=\"700\" \/>\n\t<meta property=\"og:image:height\" content=\"525\" \/>\n\t<meta property=\"og:image:type\" content=\"image\/jpeg\" \/>\n<meta name=\"author\" content=\"Energie Commune\" \/>\n<meta name=\"twitter:card\" content=\"summary_large_image\" \/>\n<script type=\"application\/ld+json\" class=\"yoast-schema-graph\">{\"@context\":\"https:\\\/\\\/schema.org\",\"@graph\":[{\"@type\":\"Article\",\"@id\":\"https:\\\/\\\/www.renouvelle.be\\\/fr\\\/fin-de-la-compensation-a-bruxelles-les-prosumers-pourront-vendre-leur-electricite-solaire\\\/#article\",\"isPartOf\":{\"@id\":\"https:\\\/\\\/www.renouvelle.be\\\/fr\\\/fin-de-la-compensation-a-bruxelles-les-prosumers-pourront-vendre-leur-electricite-solaire\\\/\"},\"author\":{\"name\":\"Energie Commune\",\"@id\":\"https:\\\/\\\/www.renouvelle.be\\\/fr\\\/#\\\/schema\\\/person\\\/01fbe8226a07f8f3d4a1cd059b31f17a\"},\"headline\":\"Fin de la compensation \u00e0 Bruxelles : les prosumers pourront vendre leur \u00e9lectricit\u00e9 solaire\",\"datePublished\":\"2021-10-11T14:49:15+00:00\",\"dateModified\":\"2023-07-10T22:03:03+00:00\",\"mainEntityOfPage\":{\"@id\":\"https:\\\/\\\/www.renouvelle.be\\\/fr\\\/fin-de-la-compensation-a-bruxelles-les-prosumers-pourront-vendre-leur-electricite-solaire\\\/\"},\"wordCount\":1209,\"image\":{\"@id\":\"https:\\\/\\\/www.renouvelle.be\\\/fr\\\/fin-de-la-compensation-a-bruxelles-les-prosumers-pourront-vendre-leur-electricite-solaire\\\/#primaryimage\"},\"thumbnailUrl\":\"https:\\\/\\\/www.renouvelle.be\\\/wp-content\\\/uploads\\\/2021\\\/10\\\/iStock-121714413.jpg\",\"articleSection\":[\"Actualit\u00e9 en Belgique\"],\"inLanguage\":\"fr-FR\"},{\"@type\":\"WebPage\",\"@id\":\"https:\\\/\\\/www.renouvelle.be\\\/fr\\\/fin-de-la-compensation-a-bruxelles-les-prosumers-pourront-vendre-leur-electricite-solaire\\\/\",\"url\":\"https:\\\/\\\/www.renouvelle.be\\\/fr\\\/fin-de-la-compensation-a-bruxelles-les-prosumers-pourront-vendre-leur-electricite-solaire\\\/\",\"name\":\"Fin de la compensation \u00e0 Bruxelles : les prosumers pourront vendre leur \u00e9lectricit\u00e9 solaire - Renouvelle\",\"isPartOf\":{\"@id\":\"https:\\\/\\\/www.renouvelle.be\\\/fr\\\/#website\"},\"primaryImageOfPage\":{\"@id\":\"https:\\\/\\\/www.renouvelle.be\\\/fr\\\/fin-de-la-compensation-a-bruxelles-les-prosumers-pourront-vendre-leur-electricite-solaire\\\/#primaryimage\"},\"image\":{\"@id\":\"https:\\\/\\\/www.renouvelle.be\\\/fr\\\/fin-de-la-compensation-a-bruxelles-les-prosumers-pourront-vendre-leur-electricite-solaire\\\/#primaryimage\"},\"thumbnailUrl\":\"https:\\\/\\\/www.renouvelle.be\\\/wp-content\\\/uploads\\\/2021\\\/10\\\/iStock-121714413.jpg\",\"datePublished\":\"2021-10-11T14:49:15+00:00\",\"dateModified\":\"2023-07-10T22:03:03+00:00\",\"author\":{\"@id\":\"https:\\\/\\\/www.renouvelle.be\\\/fr\\\/#\\\/schema\\\/person\\\/01fbe8226a07f8f3d4a1cd059b31f17a\"},\"breadcrumb\":{\"@id\":\"https:\\\/\\\/www.renouvelle.be\\\/fr\\\/fin-de-la-compensation-a-bruxelles-les-prosumers-pourront-vendre-leur-electricite-solaire\\\/#breadcrumb\"},\"inLanguage\":\"fr-FR\",\"potentialAction\":[{\"@type\":\"ReadAction\",\"target\":[\"https:\\\/\\\/www.renouvelle.be\\\/fr\\\/fin-de-la-compensation-a-bruxelles-les-prosumers-pourront-vendre-leur-electricite-solaire\\\/\"]}]},{\"@type\":\"ImageObject\",\"inLanguage\":\"fr-FR\",\"@id\":\"https:\\\/\\\/www.renouvelle.be\\\/fr\\\/fin-de-la-compensation-a-bruxelles-les-prosumers-pourront-vendre-leur-electricite-solaire\\\/#primaryimage\",\"url\":\"https:\\\/\\\/www.renouvelle.be\\\/wp-content\\\/uploads\\\/2021\\\/10\\\/iStock-121714413.jpg\",\"contentUrl\":\"https:\\\/\\\/www.renouvelle.be\\\/wp-content\\\/uploads\\\/2021\\\/10\\\/iStock-121714413.jpg\",\"width\":700,\"height\":525},{\"@type\":\"BreadcrumbList\",\"@id\":\"https:\\\/\\\/www.renouvelle.be\\\/fr\\\/fin-de-la-compensation-a-bruxelles-les-prosumers-pourront-vendre-leur-electricite-solaire\\\/#breadcrumb\",\"itemListElement\":[{\"@type\":\"ListItem\",\"position\":1,\"name\":\"Accueil\",\"item\":\"https:\\\/\\\/www.renouvelle.be\\\/fr\\\/\"},{\"@type\":\"ListItem\",\"position\":2,\"name\":\"Fin de la compensation \u00e0 Bruxelles : les prosumers pourront vendre leur \u00e9lectricit\u00e9 solaire\"}]},{\"@type\":\"WebSite\",\"@id\":\"https:\\\/\\\/www.renouvelle.be\\\/fr\\\/#website\",\"url\":\"https:\\\/\\\/www.renouvelle.be\\\/fr\\\/\",\"name\":\"Renouvelle\",\"description\":\"L&#039;actualit\u00e9 de l&#039;\u00e9nergie durable\",\"potentialAction\":[{\"@type\":\"SearchAction\",\"target\":{\"@type\":\"EntryPoint\",\"urlTemplate\":\"https:\\\/\\\/www.renouvelle.be\\\/fr\\\/?s={search_term_string}\"},\"query-input\":{\"@type\":\"PropertyValueSpecification\",\"valueRequired\":true,\"valueName\":\"search_term_string\"}}],\"inLanguage\":\"fr-FR\"},{\"@type\":\"Person\",\"@id\":\"https:\\\/\\\/www.renouvelle.be\\\/fr\\\/#\\\/schema\\\/person\\\/01fbe8226a07f8f3d4a1cd059b31f17a\",\"name\":\"Energie Commune\",\"url\":\"https:\\\/\\\/www.renouvelle.be\\\/fr\\\/author\\\/apere\\\/\"}]}<\/script>\n<!-- \/ Yoast SEO plugin. -->","yoast_head_json":{"title":"Fin de la compensation \u00e0 Bruxelles : les prosumers pourront vendre leur \u00e9lectricit\u00e9 solaire - Renouvelle","robots":{"index":"index","follow":"follow","max-snippet":"max-snippet:-1","max-image-preview":"max-image-preview:large","max-video-preview":"max-video-preview:-1"},"canonical":"https:\/\/www.renouvelle.be\/fr\/fin-de-la-compensation-a-bruxelles-les-prosumers-pourront-vendre-leur-electricite-solaire\/","og_locale":"fr_FR","og_type":"article","og_title":"Fin de la compensation \u00e0 Bruxelles : les prosumers pourront vendre leur \u00e9lectricit\u00e9 solaire - Renouvelle","og_description":"xx","og_url":"https:\/\/www.renouvelle.be\/fr\/fin-de-la-compensation-a-bruxelles-les-prosumers-pourront-vendre-leur-electricite-solaire\/","og_site_name":"Renouvelle","article_published_time":"2021-10-11T14:49:15+00:00","article_modified_time":"2023-07-10T22:03:03+00:00","og_image":[{"width":700,"height":525,"url":"https:\/\/www.renouvelle.be\/wp-content\/uploads\/2021\/10\/iStock-121714413.jpg","type":"image\/jpeg"}],"author":"Energie Commune","twitter_card":"summary_large_image","schema":{"@context":"https:\/\/schema.org","@graph":[{"@type":"Article","@id":"https:\/\/www.renouvelle.be\/fr\/fin-de-la-compensation-a-bruxelles-les-prosumers-pourront-vendre-leur-electricite-solaire\/#article","isPartOf":{"@id":"https:\/\/www.renouvelle.be\/fr\/fin-de-la-compensation-a-bruxelles-les-prosumers-pourront-vendre-leur-electricite-solaire\/"},"author":{"name":"Energie Commune","@id":"https:\/\/www.renouvelle.be\/fr\/#\/schema\/person\/01fbe8226a07f8f3d4a1cd059b31f17a"},"headline":"Fin de la compensation \u00e0 Bruxelles : les prosumers pourront vendre leur \u00e9lectricit\u00e9 solaire","datePublished":"2021-10-11T14:49:15+00:00","dateModified":"2023-07-10T22:03:03+00:00","mainEntityOfPage":{"@id":"https:\/\/www.renouvelle.be\/fr\/fin-de-la-compensation-a-bruxelles-les-prosumers-pourront-vendre-leur-electricite-solaire\/"},"wordCount":1209,"image":{"@id":"https:\/\/www.renouvelle.be\/fr\/fin-de-la-compensation-a-bruxelles-les-prosumers-pourront-vendre-leur-electricite-solaire\/#primaryimage"},"thumbnailUrl":"https:\/\/www.renouvelle.be\/wp-content\/uploads\/2021\/10\/iStock-121714413.jpg","articleSection":["Actualit\u00e9 en Belgique"],"inLanguage":"fr-FR"},{"@type":"WebPage","@id":"https:\/\/www.renouvelle.be\/fr\/fin-de-la-compensation-a-bruxelles-les-prosumers-pourront-vendre-leur-electricite-solaire\/","url":"https:\/\/www.renouvelle.be\/fr\/fin-de-la-compensation-a-bruxelles-les-prosumers-pourront-vendre-leur-electricite-solaire\/","name":"Fin de la compensation \u00e0 Bruxelles : les prosumers pourront vendre leur \u00e9lectricit\u00e9 solaire - Renouvelle","isPartOf":{"@id":"https:\/\/www.renouvelle.be\/fr\/#website"},"primaryImageOfPage":{"@id":"https:\/\/www.renouvelle.be\/fr\/fin-de-la-compensation-a-bruxelles-les-prosumers-pourront-vendre-leur-electricite-solaire\/#primaryimage"},"image":{"@id":"https:\/\/www.renouvelle.be\/fr\/fin-de-la-compensation-a-bruxelles-les-prosumers-pourront-vendre-leur-electricite-solaire\/#primaryimage"},"thumbnailUrl":"https:\/\/www.renouvelle.be\/wp-content\/uploads\/2021\/10\/iStock-121714413.jpg","datePublished":"2021-10-11T14:49:15+00:00","dateModified":"2023-07-10T22:03:03+00:00","author":{"@id":"https:\/\/www.renouvelle.be\/fr\/#\/schema\/person\/01fbe8226a07f8f3d4a1cd059b31f17a"},"breadcrumb":{"@id":"https:\/\/www.renouvelle.be\/fr\/fin-de-la-compensation-a-bruxelles-les-prosumers-pourront-vendre-leur-electricite-solaire\/#breadcrumb"},"inLanguage":"fr-FR","potentialAction":[{"@type":"ReadAction","target":["https:\/\/www.renouvelle.be\/fr\/fin-de-la-compensation-a-bruxelles-les-prosumers-pourront-vendre-leur-electricite-solaire\/"]}]},{"@type":"ImageObject","inLanguage":"fr-FR","@id":"https:\/\/www.renouvelle.be\/fr\/fin-de-la-compensation-a-bruxelles-les-prosumers-pourront-vendre-leur-electricite-solaire\/#primaryimage","url":"https:\/\/www.renouvelle.be\/wp-content\/uploads\/2021\/10\/iStock-121714413.jpg","contentUrl":"https:\/\/www.renouvelle.be\/wp-content\/uploads\/2021\/10\/iStock-121714413.jpg","width":700,"height":525},{"@type":"BreadcrumbList","@id":"https:\/\/www.renouvelle.be\/fr\/fin-de-la-compensation-a-bruxelles-les-prosumers-pourront-vendre-leur-electricite-solaire\/#breadcrumb","itemListElement":[{"@type":"ListItem","position":1,"name":"Accueil","item":"https:\/\/www.renouvelle.be\/fr\/"},{"@type":"ListItem","position":2,"name":"Fin de la compensation \u00e0 Bruxelles : les prosumers pourront vendre leur \u00e9lectricit\u00e9 solaire"}]},{"@type":"WebSite","@id":"https:\/\/www.renouvelle.be\/fr\/#website","url":"https:\/\/www.renouvelle.be\/fr\/","name":"Renouvelle","description":"L&#039;actualit\u00e9 de l&#039;\u00e9nergie durable","potentialAction":[{"@type":"SearchAction","target":{"@type":"EntryPoint","urlTemplate":"https:\/\/www.renouvelle.be\/fr\/?s={search_term_string}"},"query-input":{"@type":"PropertyValueSpecification","valueRequired":true,"valueName":"search_term_string"}}],"inLanguage":"fr-FR"},{"@type":"Person","@id":"https:\/\/www.renouvelle.be\/fr\/#\/schema\/person\/01fbe8226a07f8f3d4a1cd059b31f17a","name":"Energie Commune","url":"https:\/\/www.renouvelle.be\/fr\/author\/apere\/"}]}},"_links":{"self":[{"href":"https:\/\/www.renouvelle.be\/fr\/wp-json\/wp\/v2\/posts\/6762","targetHints":{"allow":["GET"]}}],"collection":[{"href":"https:\/\/www.renouvelle.be\/fr\/wp-json\/wp\/v2\/posts"}],"about":[{"href":"https:\/\/www.renouvelle.be\/fr\/wp-json\/wp\/v2\/types\/post"}],"author":[{"embeddable":true,"href":"https:\/\/www.renouvelle.be\/fr\/wp-json\/wp\/v2\/users\/3"}],"replies":[{"embeddable":true,"href":"https:\/\/www.renouvelle.be\/fr\/wp-json\/wp\/v2\/comments?post=6762"}],"version-history":[{"count":6,"href":"https:\/\/www.renouvelle.be\/fr\/wp-json\/wp\/v2\/posts\/6762\/revisions"}],"predecessor-version":[{"id":10185,"href":"https:\/\/www.renouvelle.be\/fr\/wp-json\/wp\/v2\/posts\/6762\/revisions\/10185"}],"wp:featuredmedia":[{"embeddable":true,"href":"https:\/\/www.renouvelle.be\/fr\/wp-json\/wp\/v2\/media\/6763"}],"wp:attachment":[{"href":"https:\/\/www.renouvelle.be\/fr\/wp-json\/wp\/v2\/media?parent=6762"}],"wp:term":[{"taxonomy":"category","embeddable":true,"href":"https:\/\/www.renouvelle.be\/fr\/wp-json\/wp\/v2\/categories?post=6762"},{"taxonomy":"post_tag","embeddable":true,"href":"https:\/\/www.renouvelle.be\/fr\/wp-json\/wp\/v2\/tags?post=6762"},{"taxonomy":"section","embeddable":true,"href":"https:\/\/www.renouvelle.be\/fr\/wp-json\/wp\/v2\/section?post=6762"}],"curies":[{"name":"wp","href":"https:\/\/api.w.org\/{rel}","templated":true}]}}