{"id":6616,"date":"2021-09-14T14:00:05","date_gmt":"2021-09-14T12:00:05","guid":{"rendered":"https:\/\/www.renouvelle.be\/?p=6616"},"modified":"2023-06-08T12:11:41","modified_gmt":"2023-06-08T10:11:41","slug":"energie-chere-et-precarite-energetique-la-renovation-et-lelectricite-renouvelable-sont-des-solutions","status":"publish","type":"post","link":"https:\/\/www.renouvelle.be\/fr\/energie-chere-et-precarite-energetique-la-renovation-et-lelectricite-renouvelable-sont-des-solutions\/","title":{"rendered":"Energie ch\u00e8re et pr\u00e9carit\u00e9 \u00e9nerg\u00e9tique : la r\u00e9novation et l\u2019\u00e9lectricit\u00e9 renouvelable sont des solutions"},"content":{"rendered":"\n<p>On parle souvent, \u00e0 juste titre, du d\u00e9veloppement des \u00e9nergies renouvelables comme l\u2019une des principales solutions face au r\u00e9chauffement climatique. On en parle beaucoup moins comme \u00e9tant une solution face \u00e0 l\u2019augmentation des prix de l\u2019\u00e9lectricit\u00e9, particuli\u00e8rement importante ces derniers mois.&nbsp;<\/p>\n\n\n\n<p>Cette flamb\u00e9e des prix impacte tous les m\u00e9nages et entreprises, et plus encore les citoyens \u00e0 revenus modestes.&nbsp;<\/p>\n\n\n\n<p>Selon le<a href=\"https:\/\/www.kbs-frb.be\/fr\/~\/media\/Files\/Bib\/Publications\/PUB2020_3700_BarometresPrecariteEnergetiqueHydrique_DEF.pdf\" target=\"_blank\" rel=\"noreferrer noopener\"> Barom\u00e8tre de la pr\u00e9carit\u00e9 \u00e9nerg\u00e9tique<\/a> \u00e9dit\u00e9 par la Fondation Roi Baudouin, 1 m\u00e9nage belge sur 5 \u00e9prouve d\u00e9j\u00e0 des difficult\u00e9s \u00e0 chauffer son logement ou \u00e0 payer ses factures d\u2019\u00e9nergie. La plupart sont locataires d\u2019un b\u00e2timent (tr\u00e8s) mal isol\u00e9.&nbsp;<\/p>\n\n\n\n<p>Les publics les plus touch\u00e9s sont les m\u00e9nages \u00e0 faibles revenus (avec ou sans travail), les personnes isol\u00e9es, les familles monoparentales \u2013 souvent des m\u00e8res seules avec enfants \u2013 et les seniors isol\u00e9s.&nbsp;<\/p>\n\n\n\n<p>Or, la transition \u00e9nerg\u00e9tique ouvre la possibilit\u00e9 \u00e0 tous les m\u00e9nages, propri\u00e9taires ou non, \u00e0 revenus modestes ou non, d\u2019acc\u00e9der \u00e0 un logement digne, bien isol\u00e9 et aliment\u00e9 par des sources d\u2019\u00e9nergies renouvelables et, par ce biais, diminuer durablement leur facture d\u2019\u00e9nergie.&nbsp;<\/p>\n\n\n\n<h2 class=\"wp-block-heading\"><strong>R\u00e9nover des logements et garantir un co\u00fbt inchang\u00e9 pour le locataire<\/strong>&nbsp;<\/h2>\n\n\n\n<p>En mati\u00e8re de r\u00e9novation \u00e9nerg\u00e9tique, des plateformes locales peuvent d\u00e9sormais accompagner les propri\u00e9taires (bailleurs ou non) en vue d\u2019am\u00e9liorer l\u2019isolation du logement. N\u00e9 en France, ce mod\u00e8le se d\u00e9veloppe actuellement en Wallonie sous forme d\u2019exp\u00e9riences-pilotes ou de coop\u00e9ratives locales.&nbsp;<\/p>\n\n\n\n<p>Ces op\u00e9rateurs travaillent avec les entreprises locales, conseillent le propri\u00e9taire dans ses d\u00e9marches et suivent chaque \u00e9tape du chantier jusqu\u2019\u00e0 la validation des nouvelles performances \u00e9nerg\u00e9tiques du b\u00e2timent r\u00e9nov\u00e9.&nbsp;<\/p>\n\n\n\n<p>Les Agences Immobili\u00e8res Sociales et les soci\u00e9t\u00e9s de logements sociaux pourraient jouer ici un r\u00f4le de premi\u00e8re ligne dans le cadre d\u2019un guichet unique d\u00e9di\u00e9 au march\u00e9 locatif. Elles pourraient notamment tester les possibilit\u00e9s d\u2019accroissement de loyer en cas de r\u00e9novation \u00e9nerg\u00e9tique ambitieuse en cours de bail tout en garantissant un co\u00fbt global du logement (loyer + charges) inchang\u00e9 pour l\u2019occupant avant et apr\u00e8s travaux.&nbsp;<\/p>\n\n\n\n<p>En finale, les m\u00e9nages en situation de pr\u00e9carit\u00e9 \u00e9nerg\u00e9tique pourraient ainsi voir leur confort nettement am\u00e9lior\u00e9, avec, pour certains, une diminution de leurs consommations d\u2019\u00e9nergie et donc de la facture \u00e9nerg\u00e9tique.&nbsp;<\/p>\n\n\n\n<p>Lire notre article <a href=\"https:\/\/www.renouvelle.be\/fr\/precarite-energetique-comment-inciter-les-proprietaires-bailleurs-a-renover-les\/\" target=\"_blank\" rel=\"noreferrer noopener\">Pr\u00e9carit\u00e9 \u00e9nerg\u00e9tique : comment inciter les propri\u00e9taires-bailleurs \u00e0 r\u00e9nover les logements lou\u00e9s ?<\/a><\/p>\n\n\n\n<figure class=\"wp-block-image size-full\"><img loading=\"lazy\" decoding=\"async\" width=\"580\" height=\"387\" src=\"https:\/\/www.renouvelle.be\/wp-content\/uploads\/2021\/09\/istock-873936804.jpg\" alt=\"\" class=\"wp-image-6622\" srcset=\"https:\/\/www.renouvelle.be\/wp-content\/uploads\/2021\/09\/istock-873936804.jpg 580w, https:\/\/www.renouvelle.be\/wp-content\/uploads\/2021\/09\/istock-873936804-300x200.jpg 300w\" sizes=\"auto, (max-width: 580px) 100vw, 580px\" \/><\/figure>\n\n\n\n<h2 class=\"wp-block-heading\"><strong>L\u2019\u00e9lectricit\u00e9 renouvelable : un co\u00fbt comp\u00e9titif, stable et pr\u00e9visible<\/strong>&nbsp;<\/h2>\n\n\n\n<p>En ce qui concernent le prix de l\u2019\u00e9lectricit\u00e9, soulignons que les march\u00e9s internationaux de l\u2019\u00e9nergie \u00e0 flux tendus subissent de nombreuses perturbations : rar\u00e9faction des ressources fossiles, pand\u00e9mie, augmentation du prix du carbone, catastrophes naturelles, instabilit\u00e9 g\u00e9opolitique, \u00e9volution tr\u00e8s fluctuante de la demande, \u2026 Cela rend les prix de l\u2019\u00e9lectricit\u00e9 variables et tr\u00e8s difficiles \u00e0 pr\u00e9voir dans le temps, pour le meilleur comme pour le pire.&nbsp;<\/p>\n\n\n\n<p>Avec la chute continue de leurs co\u00fbts, l\u2019\u00e9olien et le photovolta\u00efque sont en revanche devenus plus comp\u00e9titifs que les centrales fossiles les moins ch\u00e8res (<a href=\"https:\/\/www.irena.org\/publications\/2021\/Jun\/Renewable-Power-Costs-in-2020\" target=\"_blank\" rel=\"noreferrer noopener\"><em>Renewable Power Generation Costs in 2020<\/em>, IRENA, 2021<\/a>).&nbsp;<\/p>\n\n\n\n<p>Equip\u00e9 d\u2019une installation solaire, un m\u00e9nage peut donc produire lui-m\u00eame une partie de son \u00e9lectricit\u00e9 \u00e0 un co\u00fbt abordable et comp\u00e9titif, mais aussi stable et pr\u00e9visible dans le temps et d\u00e8s lors ind\u00e9pendant de ce qui se passe sur les march\u00e9s internationaux de l\u2019\u00e9lectricit\u00e9 pour 25 ans.&nbsp;<\/p>\n\n\n\n<p>Or cet \u00e9quipement rentable n\u2019est pas \u2013 plus &#8211; r\u00e9serv\u00e9 aux seuls m\u00e9nages propri\u00e9taires et disposant d\u2019un capital \u00e0 investir.&nbsp;<\/p>\n\n\n\n<p>Tout le monde peut b\u00e9n\u00e9ficier d\u2019une transition \u00e9nerg\u00e9tique juste et inclusive.&nbsp;<\/p>\n\n\n\n<h2 class=\"wp-block-heading\"><strong>De nouveaux mod\u00e8les de partage et de solidarit\u00e9<\/strong>&nbsp;<\/h2>\n\n\n\n<p>En effet, un nouveau contexte l\u00e9gal ouvre d\u00e9sormais l\u2019opportunit\u00e9 de partager une production locale d\u2019\u00e9lectricit\u00e9 renouvelable \u2013 par exemple une installation photovolta\u00efque sur le toit d\u2019une \u00e9cole &#8211; entre plusieurs consommateurs \u00e0 proximit\u00e9, \u00e0 un prix plus attractif qu\u2019un fournisseur d\u2019\u00e9nergie.&nbsp;<\/p>\n\n\n\n<p>Pouss\u00e9es par deux directives europ\u00e9ennes, les l\u00e9gislations wallonne et bruxelloise vont bient\u00f4t instituer ce nouveau droit. Or il s\u2019agit d\u2019un formidable levier pour faire b\u00e9n\u00e9ficier les publics pr\u00e9caris\u00e9s, et notamment les locataires de logements sociaux, d\u2019une \u00e9lectricit\u00e9 dont le co\u00fbt est faible et stable, d\u2019autant plus si le vendeur ne cherche pas le profit (au contraire des fournisseurs), mais simplement \u00e0 vendre sa production \u00e0 un prix lui permettant de couvrir ses frais de production.&nbsp;<\/p>\n\n\n\n<p>Ces futures l\u00e9gislations permettront \u00e9galement aux citoyens, communes et entreprises locales d\u2019investir ensemble, via une Communaut\u00e9 d\u2019\u00e9nergie, dans une centrale renouvelable et de se partager sa production. Dans ce cas, les r\u00e8gles du partage et le prix sont d\u00e9cid\u00e9s par les consommateurs eux-m\u00eames.&nbsp;<\/p>\n\n\n\n<h2 class=\"wp-block-heading\"><strong>Electricit\u00e9 solaire partag\u00e9e : moins cher que le tarif social<\/strong>&nbsp;<\/h2>\n\n\n\n<figure class=\"wp-block-image size-full\"><img loading=\"lazy\" decoding=\"async\" width=\"700\" height=\"464\" src=\"https:\/\/www.renouvelle.be\/wp-content\/uploads\/2021\/09\/SunSud2.jpg\" alt=\"\" class=\"wp-image-6657\" srcset=\"https:\/\/www.renouvelle.be\/wp-content\/uploads\/2021\/09\/SunSud2.jpg 700w, https:\/\/www.renouvelle.be\/wp-content\/uploads\/2021\/09\/SunSud2-300x199.jpg 300w, https:\/\/www.renouvelle.be\/wp-content\/uploads\/2021\/09\/SunSud2-100x65.jpg 100w\" sizes=\"auto, (max-width: 700px) 100vw, 700px\" \/><\/figure>\n\n\n\n<p>Energie Commune (anciennement APERe asbl), soutenue par les pouvoirs publics bruxellois, stimule la recherche et le d\u00e9veloppement concret de ces nouveaux mod\u00e8les de partage d\u2019\u00e9nergie entre citoyens, PME et pouvoirs publics.&nbsp;<\/p>\n\n\n\n<p>Ainsi, le projet-pilote SunSud, en cours de d\u00e9veloppement \u00e0 Saint-Gilles, vise \u00e0 partager l\u2019\u00e9lectricit\u00e9 produite par une installation solaire de 40 kWc situ\u00e9e sur le toit d\u2019un b\u00e2timent de logements sociaux (photo ci-dessus) afin d\u2019en faire b\u00e9n\u00e9ficier les locataires.&nbsp;&nbsp;<\/p>\n\n\n\n<p>L\u2019\u00e9lectricit\u00e9 solaire sera vendue aux participants, par la soci\u00e9t\u00e9 de logements propri\u00e9taire du b\u00e2timent et des panneaux, \u00e0 un peu moins de 10 c\u20ac\/kWh soit \u00e0 environ 2\/3 du tarif social pour l\u2019\u00e9lectricit\u00e9. &nbsp;<\/p>\n\n\n\n<p>Offrir un tel tarif est possible gr\u00e2ce aux faibles co\u00fbts de production, pratiquement couverts par les certificats verts, mais aussi gr\u00e2ce au fait que la soci\u00e9t\u00e9 ne souhaite faire aucuns b\u00e9n\u00e9fices. D\u2019ailleurs, l\u2019\u00e9ventuel b\u00e9n\u00e9fice issu de la vente d\u2019\u00e9lectricit\u00e9 sera vers\u00e9\u202f\u00e0 un fond commun dont l\u2019affection sera d\u00e9cid\u00e9e par les participants eux-m\u00eames, en vue par exemple de mener des travaux de r\u00e9novation \u00e9nerg\u00e9tique dans le b\u00e2timent.&nbsp;&nbsp;<\/p>\n\n\n\n<p>Citons \u00e9galement la toute premi\u00e8re Communaut\u00e9 d\u2019\u00e9nergie renouvelable de Belgique a d\u00e9marr\u00e9 le 1er ao\u00fbt 2020 autour de l\u2019\u00e9cole Nos bambins \u00e0 Ganshoren. Deux installations photovolta\u00efques, l\u2019une sur le toit de l\u2019\u00e9cole, l\u2019autre sur la maison d\u2019un habitant du quartier (environ 37 kWc au total), partagent d\u00e9sormais leur \u00e9lectricit\u00e9 solaire avec des consommateurs locaux, dont des particuliers et la commune (18 compteurs au total).&nbsp;<\/p>\n\n\n\n<p>Sur un an, les participants ont ainsi b\u00e9n\u00e9fici\u00e9 d\u2019une r\u00e9duction moyenne de 11% du montant de leur facture individuelle.&nbsp;<\/p>\n\n\n\n<p>Stimul\u00e9es par les directives europ\u00e9ennes, ce type de projets deviendra une nouvelle norme en Europe.&nbsp;<\/p>\n\n\n\n<h2 class=\"wp-block-heading\"><strong>D\u00e9carboner les m\u00e9canismes de soutien<\/strong>&nbsp;<\/h2>\n\n\n\n<p>De mani\u00e8re plus large, ce nouveau droit pourra \u00e9galement permettre de d\u00e9carboner les m\u00e9canismes financiers de lutte contre la pr\u00e9carit\u00e9 \u00e9nerg\u00e9tique. Aujourd\u2019hui, ces m\u00e9canismes se limitent \u00e0 aider ses b\u00e9n\u00e9ficiaires \u00e0 payer leur facture d\u2019\u00e9lectricit\u00e9, principalement d\u2019origine fossile.&nbsp;<\/p>\n\n\n\n<p>Demain, ils pourraient \u00eatre petit \u00e0 petit r\u00e9orient\u00e9s, au moins en partie, vers le soutien aux initiatives de Communaut\u00e9s d\u2019\u00e9nergie renouvelables incluant des publics pr\u00e9caires et leur permettant d\u2019acc\u00e9der \u00e0 une \u00e9lectricit\u00e9 d\u00e9carbon\u00e9e, locale et dont le prix est stable et bon march\u00e9. Autrement dit, voil\u00e0 une belle opportunit\u00e9 de concilier \u00ab\u202ffin du monde\u202f\u00bb et \u00ab\u202ffin du mois\u202f\u00bb. Aux pouvoirs publics de la saisir, en encourageant de mani\u00e8re proactive ce type d\u2019initiatives.&nbsp;<\/p>\n\n\n\n<p>Lire \u00e9galement notre article <a href=\"https:\/\/www.renouvelle.be\/fr\/comment-mener-une-transition-energetique-juste-et-inclusive\/\" target=\"_blank\" rel=\"noreferrer noopener\">Comment mener une transition \u00e9nerg\u00e9tique juste et inclusive ?<\/a><\/p>\n\n\n\n<p><em>Cet article est paru sous forme de <\/em><a href=\"https:\/\/plus.lesoir.be\/395009\/article\/2021-09-16\/carte-blanche-la-renovation-et-lelectricite-renouvelable-sont-des-solutions\" target=\"_blank\" rel=\"noreferrer noopener\"><em>carte blanche<\/em> <em>dans le journal Le Soir.<\/em><\/a><\/p>\n","protected":false},"excerpt":{"rendered":"<p>On parle souvent, \u00e0 juste titre, du d\u00e9veloppement des \u00e9nergies renouvelables comme l\u2019une des principales solutions face au r\u00e9chauffement climatique. On en parle beaucoup moins comme \u00e9tant une solution face \u00e0 l\u2019augmentation des prix de l\u2019\u00e9lectricit\u00e9, particuli\u00e8rement importante ces derniers mois.&nbsp; Cette flamb\u00e9e des prix impacte tous les m\u00e9nages et entreprises, et plus encore les citoyens \u00e0 revenus modestes.&nbsp; Selon le Barom\u00e8tre de la pr\u00e9carit\u00e9 \u00e9nerg\u00e9tique \u00e9dit\u00e9 par la Fondation Roi Baudouin, 1 m\u00e9nage belge sur 5 \u00e9prouve d\u00e9j\u00e0 des difficult\u00e9s \u00e0 chauffer son logement ou \u00e0 payer ses factures d\u2019\u00e9nergie. La plupart sont locataires d\u2019un b\u00e2timent (tr\u00e8s) mal isol\u00e9.&nbsp; Les publics les plus touch\u00e9s sont les m\u00e9nages \u00e0 faibles revenus (avec ou sans travail), les personnes isol\u00e9es, les familles monoparentales \u2013 souvent des m\u00e8res seules avec enfants \u2013 et les seniors isol\u00e9s.&nbsp; Or, la transition \u00e9nerg\u00e9tique ouvre la possibilit\u00e9 \u00e0 tous les m\u00e9nages, propri\u00e9taires ou non, \u00e0 revenus modestes ou non, d\u2019acc\u00e9der \u00e0 un logement digne, bien isol\u00e9 et aliment\u00e9 par des sources d\u2019\u00e9nergies renouvelables et, par ce biais, diminuer durablement leur facture d\u2019\u00e9nergie.&nbsp; R\u00e9nover des logements et garantir un co\u00fbt inchang\u00e9 pour le locataire&nbsp; En mati\u00e8re de r\u00e9novation \u00e9nerg\u00e9tique, des plateformes locales peuvent d\u00e9sormais accompagner les propri\u00e9taires (bailleurs ou non) en vue d\u2019am\u00e9liorer l\u2019isolation du logement. N\u00e9 en France, ce mod\u00e8le se d\u00e9veloppe actuellement en Wallonie sous forme d\u2019exp\u00e9riences-pilotes ou de coop\u00e9ratives locales.&nbsp; Ces op\u00e9rateurs travaillent avec les entreprises locales, conseillent le propri\u00e9taire dans ses d\u00e9marches et suivent chaque \u00e9tape du chantier jusqu\u2019\u00e0 la validation des nouvelles performances \u00e9nerg\u00e9tiques du b\u00e2timent r\u00e9nov\u00e9.&nbsp; Les Agences Immobili\u00e8res Sociales et les soci\u00e9t\u00e9s de logements sociaux pourraient jouer ici un r\u00f4le de premi\u00e8re ligne dans le cadre d\u2019un guichet unique d\u00e9di\u00e9 au march\u00e9 locatif. Elles pourraient notamment tester les possibilit\u00e9s d\u2019accroissement de &hellip; <a href=\"https:\/\/www.renouvelle.be\/fr\/energie-chere-et-precarite-energetique-la-renovation-et-lelectricite-renouvelable-sont-des-solutions\/\" class=\"more-link\">Continue reading<span class=\"screen-reader-text\"> \u00ab\u00a0Energie ch\u00e8re et pr\u00e9carit\u00e9 \u00e9nerg\u00e9tique : la r\u00e9novation et l\u2019\u00e9lectricit\u00e9 renouvelable sont des solutions\u00a0\u00bb<\/span><\/a><\/p>\n","protected":false},"author":3,"featured_media":6617,"comment_status":"closed","ping_status":"closed","sticky":false,"template":"","format":"standard","meta":{"_acf_changed":false,"footnotes":""},"categories":[21],"tags":[],"section":[8,13],"class_list":["post-6616","post","type-post","status-publish","format-standard","has-post-thumbnail","hentry","category-debats","section-energie-renouvelables","section-solaire"],"acf":[],"yoast_head":"<!-- This site is optimized with the Yoast SEO plugin v27.5 - https:\/\/yoast.com\/product\/yoast-seo-wordpress\/ -->\n<title>Energie ch\u00e8re et pr\u00e9carit\u00e9 \u00e9nerg\u00e9tique : la r\u00e9novation et l\u2019\u00e9lectricit\u00e9 renouvelable sont des solutions - Renouvelle<\/title>\n<meta name=\"robots\" content=\"index, follow, max-snippet:-1, max-image-preview:large, max-video-preview:-1\" \/>\n<link rel=\"canonical\" href=\"https:\/\/www.renouvelle.be\/fr\/energie-chere-et-precarite-energetique-la-renovation-et-lelectricite-renouvelable-sont-des-solutions\/\" \/>\n<meta property=\"og:locale\" content=\"fr_FR\" \/>\n<meta property=\"og:type\" content=\"article\" \/>\n<meta property=\"og:title\" content=\"Energie ch\u00e8re et pr\u00e9carit\u00e9 \u00e9nerg\u00e9tique : la r\u00e9novation et l\u2019\u00e9lectricit\u00e9 renouvelable sont des solutions - Renouvelle\" \/>\n<meta property=\"og:description\" content=\"On parle souvent, \u00e0 juste titre, du d\u00e9veloppement des \u00e9nergies renouvelables comme l\u2019une des principales solutions face au r\u00e9chauffement climatique. On en parle beaucoup moins comme \u00e9tant une solution face \u00e0 l\u2019augmentation des prix de l\u2019\u00e9lectricit\u00e9, particuli\u00e8rement importante ces derniers mois.&nbsp; Cette flamb\u00e9e des prix impacte tous les m\u00e9nages et entreprises, et plus encore les citoyens \u00e0 revenus modestes.&nbsp; Selon le Barom\u00e8tre de la pr\u00e9carit\u00e9 \u00e9nerg\u00e9tique \u00e9dit\u00e9 par la Fondation Roi Baudouin, 1 m\u00e9nage belge sur 5 \u00e9prouve d\u00e9j\u00e0 des difficult\u00e9s \u00e0 chauffer son logement ou \u00e0 payer ses factures d\u2019\u00e9nergie. La plupart sont locataires d\u2019un b\u00e2timent (tr\u00e8s) mal isol\u00e9.&nbsp; Les publics les plus touch\u00e9s sont les m\u00e9nages \u00e0 faibles revenus (avec ou sans travail), les personnes isol\u00e9es, les familles monoparentales \u2013 souvent des m\u00e8res seules avec enfants \u2013 et les seniors isol\u00e9s.&nbsp; Or, la transition \u00e9nerg\u00e9tique ouvre la possibilit\u00e9 \u00e0 tous les m\u00e9nages, propri\u00e9taires ou non, \u00e0 revenus modestes ou non, d\u2019acc\u00e9der \u00e0 un logement digne, bien isol\u00e9 et aliment\u00e9 par des sources d\u2019\u00e9nergies renouvelables et, par ce biais, diminuer durablement leur facture d\u2019\u00e9nergie.&nbsp; R\u00e9nover des logements et garantir un co\u00fbt inchang\u00e9 pour le locataire&nbsp; En mati\u00e8re de r\u00e9novation \u00e9nerg\u00e9tique, des plateformes locales peuvent d\u00e9sormais accompagner les propri\u00e9taires (bailleurs ou non) en vue d\u2019am\u00e9liorer l\u2019isolation du logement. N\u00e9 en France, ce mod\u00e8le se d\u00e9veloppe actuellement en Wallonie sous forme d\u2019exp\u00e9riences-pilotes ou de coop\u00e9ratives locales.&nbsp; Ces op\u00e9rateurs travaillent avec les entreprises locales, conseillent le propri\u00e9taire dans ses d\u00e9marches et suivent chaque \u00e9tape du chantier jusqu\u2019\u00e0 la validation des nouvelles performances \u00e9nerg\u00e9tiques du b\u00e2timent r\u00e9nov\u00e9.&nbsp; Les Agences Immobili\u00e8res Sociales et les soci\u00e9t\u00e9s de logements sociaux pourraient jouer ici un r\u00f4le de premi\u00e8re ligne dans le cadre d\u2019un guichet unique d\u00e9di\u00e9 au march\u00e9 locatif. Elles pourraient notamment tester les possibilit\u00e9s d\u2019accroissement de &hellip; Continue reading &quot;Energie ch\u00e8re et pr\u00e9carit\u00e9 \u00e9nerg\u00e9tique : la r\u00e9novation et l\u2019\u00e9lectricit\u00e9 renouvelable sont des solutions&quot;\" \/>\n<meta property=\"og:url\" content=\"https:\/\/www.renouvelle.be\/fr\/energie-chere-et-precarite-energetique-la-renovation-et-lelectricite-renouvelable-sont-des-solutions\/\" \/>\n<meta property=\"og:site_name\" content=\"Renouvelle\" \/>\n<meta property=\"article:published_time\" content=\"2021-09-14T12:00:05+00:00\" \/>\n<meta property=\"article:modified_time\" content=\"2023-06-08T10:11:41+00:00\" \/>\n<meta property=\"og:image\" content=\"https:\/\/www.renouvelle.be\/wp-content\/uploads\/2021\/09\/immeuble-pv.jpg\" \/>\n\t<meta property=\"og:image:width\" content=\"700\" \/>\n\t<meta property=\"og:image:height\" content=\"467\" \/>\n\t<meta property=\"og:image:type\" content=\"image\/jpeg\" \/>\n<meta name=\"author\" content=\"Energie Commune\" \/>\n<meta name=\"twitter:card\" content=\"summary_large_image\" \/>\n<script type=\"application\/ld+json\" class=\"yoast-schema-graph\">{\"@context\":\"https:\\\/\\\/schema.org\",\"@graph\":[{\"@type\":\"Article\",\"@id\":\"https:\\\/\\\/www.renouvelle.be\\\/fr\\\/energie-chere-et-precarite-energetique-la-renovation-et-lelectricite-renouvelable-sont-des-solutions\\\/#article\",\"isPartOf\":{\"@id\":\"https:\\\/\\\/www.renouvelle.be\\\/fr\\\/energie-chere-et-precarite-energetique-la-renovation-et-lelectricite-renouvelable-sont-des-solutions\\\/\"},\"author\":{\"name\":\"Energie Commune\",\"@id\":\"https:\\\/\\\/www.renouvelle.be\\\/fr\\\/#\\\/schema\\\/person\\\/01fbe8226a07f8f3d4a1cd059b31f17a\"},\"headline\":\"Energie ch\u00e8re et pr\u00e9carit\u00e9 \u00e9nerg\u00e9tique : la r\u00e9novation et l\u2019\u00e9lectricit\u00e9 renouvelable sont des solutions\",\"datePublished\":\"2021-09-14T12:00:05+00:00\",\"dateModified\":\"2023-06-08T10:11:41+00:00\",\"mainEntityOfPage\":{\"@id\":\"https:\\\/\\\/www.renouvelle.be\\\/fr\\\/energie-chere-et-precarite-energetique-la-renovation-et-lelectricite-renouvelable-sont-des-solutions\\\/\"},\"wordCount\":1358,\"image\":{\"@id\":\"https:\\\/\\\/www.renouvelle.be\\\/fr\\\/energie-chere-et-precarite-energetique-la-renovation-et-lelectricite-renouvelable-sont-des-solutions\\\/#primaryimage\"},\"thumbnailUrl\":\"https:\\\/\\\/www.renouvelle.be\\\/wp-content\\\/uploads\\\/2021\\\/09\\\/immeuble-pv.jpg\",\"articleSection\":[\"D\u00e9bats\"],\"inLanguage\":\"fr-FR\"},{\"@type\":\"WebPage\",\"@id\":\"https:\\\/\\\/www.renouvelle.be\\\/fr\\\/energie-chere-et-precarite-energetique-la-renovation-et-lelectricite-renouvelable-sont-des-solutions\\\/\",\"url\":\"https:\\\/\\\/www.renouvelle.be\\\/fr\\\/energie-chere-et-precarite-energetique-la-renovation-et-lelectricite-renouvelable-sont-des-solutions\\\/\",\"name\":\"Energie ch\u00e8re et pr\u00e9carit\u00e9 \u00e9nerg\u00e9tique : la r\u00e9novation et l\u2019\u00e9lectricit\u00e9 renouvelable sont des solutions - Renouvelle\",\"isPartOf\":{\"@id\":\"https:\\\/\\\/www.renouvelle.be\\\/fr\\\/#website\"},\"primaryImageOfPage\":{\"@id\":\"https:\\\/\\\/www.renouvelle.be\\\/fr\\\/energie-chere-et-precarite-energetique-la-renovation-et-lelectricite-renouvelable-sont-des-solutions\\\/#primaryimage\"},\"image\":{\"@id\":\"https:\\\/\\\/www.renouvelle.be\\\/fr\\\/energie-chere-et-precarite-energetique-la-renovation-et-lelectricite-renouvelable-sont-des-solutions\\\/#primaryimage\"},\"thumbnailUrl\":\"https:\\\/\\\/www.renouvelle.be\\\/wp-content\\\/uploads\\\/2021\\\/09\\\/immeuble-pv.jpg\",\"datePublished\":\"2021-09-14T12:00:05+00:00\",\"dateModified\":\"2023-06-08T10:11:41+00:00\",\"author\":{\"@id\":\"https:\\\/\\\/www.renouvelle.be\\\/fr\\\/#\\\/schema\\\/person\\\/01fbe8226a07f8f3d4a1cd059b31f17a\"},\"breadcrumb\":{\"@id\":\"https:\\\/\\\/www.renouvelle.be\\\/fr\\\/energie-chere-et-precarite-energetique-la-renovation-et-lelectricite-renouvelable-sont-des-solutions\\\/#breadcrumb\"},\"inLanguage\":\"fr-FR\",\"potentialAction\":[{\"@type\":\"ReadAction\",\"target\":[\"https:\\\/\\\/www.renouvelle.be\\\/fr\\\/energie-chere-et-precarite-energetique-la-renovation-et-lelectricite-renouvelable-sont-des-solutions\\\/\"]}]},{\"@type\":\"ImageObject\",\"inLanguage\":\"fr-FR\",\"@id\":\"https:\\\/\\\/www.renouvelle.be\\\/fr\\\/energie-chere-et-precarite-energetique-la-renovation-et-lelectricite-renouvelable-sont-des-solutions\\\/#primaryimage\",\"url\":\"https:\\\/\\\/www.renouvelle.be\\\/wp-content\\\/uploads\\\/2021\\\/09\\\/immeuble-pv.jpg\",\"contentUrl\":\"https:\\\/\\\/www.renouvelle.be\\\/wp-content\\\/uploads\\\/2021\\\/09\\\/immeuble-pv.jpg\",\"width\":700,\"height\":467,\"caption\":\"Aerial view of many photo voltaic solar panels mounted of industrial building roof.\"},{\"@type\":\"BreadcrumbList\",\"@id\":\"https:\\\/\\\/www.renouvelle.be\\\/fr\\\/energie-chere-et-precarite-energetique-la-renovation-et-lelectricite-renouvelable-sont-des-solutions\\\/#breadcrumb\",\"itemListElement\":[{\"@type\":\"ListItem\",\"position\":1,\"name\":\"Accueil\",\"item\":\"https:\\\/\\\/www.renouvelle.be\\\/fr\\\/\"},{\"@type\":\"ListItem\",\"position\":2,\"name\":\"Energie ch\u00e8re et pr\u00e9carit\u00e9 \u00e9nerg\u00e9tique : la r\u00e9novation et l\u2019\u00e9lectricit\u00e9 renouvelable sont des solutions\"}]},{\"@type\":\"WebSite\",\"@id\":\"https:\\\/\\\/www.renouvelle.be\\\/fr\\\/#website\",\"url\":\"https:\\\/\\\/www.renouvelle.be\\\/fr\\\/\",\"name\":\"Renouvelle\",\"description\":\"L&#039;actualit\u00e9 de l&#039;\u00e9nergie durable\",\"potentialAction\":[{\"@type\":\"SearchAction\",\"target\":{\"@type\":\"EntryPoint\",\"urlTemplate\":\"https:\\\/\\\/www.renouvelle.be\\\/fr\\\/?s={search_term_string}\"},\"query-input\":{\"@type\":\"PropertyValueSpecification\",\"valueRequired\":true,\"valueName\":\"search_term_string\"}}],\"inLanguage\":\"fr-FR\"},{\"@type\":\"Person\",\"@id\":\"https:\\\/\\\/www.renouvelle.be\\\/fr\\\/#\\\/schema\\\/person\\\/01fbe8226a07f8f3d4a1cd059b31f17a\",\"name\":\"Energie Commune\",\"url\":\"https:\\\/\\\/www.renouvelle.be\\\/fr\\\/author\\\/apere\\\/\"}]}<\/script>\n<!-- \/ Yoast SEO plugin. -->","yoast_head_json":{"title":"Energie ch\u00e8re et pr\u00e9carit\u00e9 \u00e9nerg\u00e9tique : la r\u00e9novation et l\u2019\u00e9lectricit\u00e9 renouvelable sont des solutions - Renouvelle","robots":{"index":"index","follow":"follow","max-snippet":"max-snippet:-1","max-image-preview":"max-image-preview:large","max-video-preview":"max-video-preview:-1"},"canonical":"https:\/\/www.renouvelle.be\/fr\/energie-chere-et-precarite-energetique-la-renovation-et-lelectricite-renouvelable-sont-des-solutions\/","og_locale":"fr_FR","og_type":"article","og_title":"Energie ch\u00e8re et pr\u00e9carit\u00e9 \u00e9nerg\u00e9tique : la r\u00e9novation et l\u2019\u00e9lectricit\u00e9 renouvelable sont des solutions - Renouvelle","og_description":"On parle souvent, \u00e0 juste titre, du d\u00e9veloppement des \u00e9nergies renouvelables comme l\u2019une des principales solutions face au r\u00e9chauffement climatique. On en parle beaucoup moins comme \u00e9tant une solution face \u00e0 l\u2019augmentation des prix de l\u2019\u00e9lectricit\u00e9, particuli\u00e8rement importante ces derniers mois.&nbsp; Cette flamb\u00e9e des prix impacte tous les m\u00e9nages et entreprises, et plus encore les citoyens \u00e0 revenus modestes.&nbsp; Selon le Barom\u00e8tre de la pr\u00e9carit\u00e9 \u00e9nerg\u00e9tique \u00e9dit\u00e9 par la Fondation Roi Baudouin, 1 m\u00e9nage belge sur 5 \u00e9prouve d\u00e9j\u00e0 des difficult\u00e9s \u00e0 chauffer son logement ou \u00e0 payer ses factures d\u2019\u00e9nergie. La plupart sont locataires d\u2019un b\u00e2timent (tr\u00e8s) mal isol\u00e9.&nbsp; Les publics les plus touch\u00e9s sont les m\u00e9nages \u00e0 faibles revenus (avec ou sans travail), les personnes isol\u00e9es, les familles monoparentales \u2013 souvent des m\u00e8res seules avec enfants \u2013 et les seniors isol\u00e9s.&nbsp; Or, la transition \u00e9nerg\u00e9tique ouvre la possibilit\u00e9 \u00e0 tous les m\u00e9nages, propri\u00e9taires ou non, \u00e0 revenus modestes ou non, d\u2019acc\u00e9der \u00e0 un logement digne, bien isol\u00e9 et aliment\u00e9 par des sources d\u2019\u00e9nergies renouvelables et, par ce biais, diminuer durablement leur facture d\u2019\u00e9nergie.&nbsp; R\u00e9nover des logements et garantir un co\u00fbt inchang\u00e9 pour le locataire&nbsp; En mati\u00e8re de r\u00e9novation \u00e9nerg\u00e9tique, des plateformes locales peuvent d\u00e9sormais accompagner les propri\u00e9taires (bailleurs ou non) en vue d\u2019am\u00e9liorer l\u2019isolation du logement. N\u00e9 en France, ce mod\u00e8le se d\u00e9veloppe actuellement en Wallonie sous forme d\u2019exp\u00e9riences-pilotes ou de coop\u00e9ratives locales.&nbsp; Ces op\u00e9rateurs travaillent avec les entreprises locales, conseillent le propri\u00e9taire dans ses d\u00e9marches et suivent chaque \u00e9tape du chantier jusqu\u2019\u00e0 la validation des nouvelles performances \u00e9nerg\u00e9tiques du b\u00e2timent r\u00e9nov\u00e9.&nbsp; Les Agences Immobili\u00e8res Sociales et les soci\u00e9t\u00e9s de logements sociaux pourraient jouer ici un r\u00f4le de premi\u00e8re ligne dans le cadre d\u2019un guichet unique d\u00e9di\u00e9 au march\u00e9 locatif. Elles pourraient notamment tester les possibilit\u00e9s d\u2019accroissement de &hellip; Continue reading \"Energie ch\u00e8re et pr\u00e9carit\u00e9 \u00e9nerg\u00e9tique : la r\u00e9novation et l\u2019\u00e9lectricit\u00e9 renouvelable sont des solutions\"","og_url":"https:\/\/www.renouvelle.be\/fr\/energie-chere-et-precarite-energetique-la-renovation-et-lelectricite-renouvelable-sont-des-solutions\/","og_site_name":"Renouvelle","article_published_time":"2021-09-14T12:00:05+00:00","article_modified_time":"2023-06-08T10:11:41+00:00","og_image":[{"width":700,"height":467,"url":"https:\/\/www.renouvelle.be\/wp-content\/uploads\/2021\/09\/immeuble-pv.jpg","type":"image\/jpeg"}],"author":"Energie Commune","twitter_card":"summary_large_image","schema":{"@context":"https:\/\/schema.org","@graph":[{"@type":"Article","@id":"https:\/\/www.renouvelle.be\/fr\/energie-chere-et-precarite-energetique-la-renovation-et-lelectricite-renouvelable-sont-des-solutions\/#article","isPartOf":{"@id":"https:\/\/www.renouvelle.be\/fr\/energie-chere-et-precarite-energetique-la-renovation-et-lelectricite-renouvelable-sont-des-solutions\/"},"author":{"name":"Energie Commune","@id":"https:\/\/www.renouvelle.be\/fr\/#\/schema\/person\/01fbe8226a07f8f3d4a1cd059b31f17a"},"headline":"Energie ch\u00e8re et pr\u00e9carit\u00e9 \u00e9nerg\u00e9tique : la r\u00e9novation et l\u2019\u00e9lectricit\u00e9 renouvelable sont des solutions","datePublished":"2021-09-14T12:00:05+00:00","dateModified":"2023-06-08T10:11:41+00:00","mainEntityOfPage":{"@id":"https:\/\/www.renouvelle.be\/fr\/energie-chere-et-precarite-energetique-la-renovation-et-lelectricite-renouvelable-sont-des-solutions\/"},"wordCount":1358,"image":{"@id":"https:\/\/www.renouvelle.be\/fr\/energie-chere-et-precarite-energetique-la-renovation-et-lelectricite-renouvelable-sont-des-solutions\/#primaryimage"},"thumbnailUrl":"https:\/\/www.renouvelle.be\/wp-content\/uploads\/2021\/09\/immeuble-pv.jpg","articleSection":["D\u00e9bats"],"inLanguage":"fr-FR"},{"@type":"WebPage","@id":"https:\/\/www.renouvelle.be\/fr\/energie-chere-et-precarite-energetique-la-renovation-et-lelectricite-renouvelable-sont-des-solutions\/","url":"https:\/\/www.renouvelle.be\/fr\/energie-chere-et-precarite-energetique-la-renovation-et-lelectricite-renouvelable-sont-des-solutions\/","name":"Energie ch\u00e8re et pr\u00e9carit\u00e9 \u00e9nerg\u00e9tique : la r\u00e9novation et l\u2019\u00e9lectricit\u00e9 renouvelable sont des solutions - Renouvelle","isPartOf":{"@id":"https:\/\/www.renouvelle.be\/fr\/#website"},"primaryImageOfPage":{"@id":"https:\/\/www.renouvelle.be\/fr\/energie-chere-et-precarite-energetique-la-renovation-et-lelectricite-renouvelable-sont-des-solutions\/#primaryimage"},"image":{"@id":"https:\/\/www.renouvelle.be\/fr\/energie-chere-et-precarite-energetique-la-renovation-et-lelectricite-renouvelable-sont-des-solutions\/#primaryimage"},"thumbnailUrl":"https:\/\/www.renouvelle.be\/wp-content\/uploads\/2021\/09\/immeuble-pv.jpg","datePublished":"2021-09-14T12:00:05+00:00","dateModified":"2023-06-08T10:11:41+00:00","author":{"@id":"https:\/\/www.renouvelle.be\/fr\/#\/schema\/person\/01fbe8226a07f8f3d4a1cd059b31f17a"},"breadcrumb":{"@id":"https:\/\/www.renouvelle.be\/fr\/energie-chere-et-precarite-energetique-la-renovation-et-lelectricite-renouvelable-sont-des-solutions\/#breadcrumb"},"inLanguage":"fr-FR","potentialAction":[{"@type":"ReadAction","target":["https:\/\/www.renouvelle.be\/fr\/energie-chere-et-precarite-energetique-la-renovation-et-lelectricite-renouvelable-sont-des-solutions\/"]}]},{"@type":"ImageObject","inLanguage":"fr-FR","@id":"https:\/\/www.renouvelle.be\/fr\/energie-chere-et-precarite-energetique-la-renovation-et-lelectricite-renouvelable-sont-des-solutions\/#primaryimage","url":"https:\/\/www.renouvelle.be\/wp-content\/uploads\/2021\/09\/immeuble-pv.jpg","contentUrl":"https:\/\/www.renouvelle.be\/wp-content\/uploads\/2021\/09\/immeuble-pv.jpg","width":700,"height":467,"caption":"Aerial view of many photo voltaic solar panels mounted of industrial building roof."},{"@type":"BreadcrumbList","@id":"https:\/\/www.renouvelle.be\/fr\/energie-chere-et-precarite-energetique-la-renovation-et-lelectricite-renouvelable-sont-des-solutions\/#breadcrumb","itemListElement":[{"@type":"ListItem","position":1,"name":"Accueil","item":"https:\/\/www.renouvelle.be\/fr\/"},{"@type":"ListItem","position":2,"name":"Energie ch\u00e8re et pr\u00e9carit\u00e9 \u00e9nerg\u00e9tique : la r\u00e9novation et l\u2019\u00e9lectricit\u00e9 renouvelable sont des solutions"}]},{"@type":"WebSite","@id":"https:\/\/www.renouvelle.be\/fr\/#website","url":"https:\/\/www.renouvelle.be\/fr\/","name":"Renouvelle","description":"L&#039;actualit\u00e9 de l&#039;\u00e9nergie durable","potentialAction":[{"@type":"SearchAction","target":{"@type":"EntryPoint","urlTemplate":"https:\/\/www.renouvelle.be\/fr\/?s={search_term_string}"},"query-input":{"@type":"PropertyValueSpecification","valueRequired":true,"valueName":"search_term_string"}}],"inLanguage":"fr-FR"},{"@type":"Person","@id":"https:\/\/www.renouvelle.be\/fr\/#\/schema\/person\/01fbe8226a07f8f3d4a1cd059b31f17a","name":"Energie Commune","url":"https:\/\/www.renouvelle.be\/fr\/author\/apere\/"}]}},"_links":{"self":[{"href":"https:\/\/www.renouvelle.be\/fr\/wp-json\/wp\/v2\/posts\/6616","targetHints":{"allow":["GET"]}}],"collection":[{"href":"https:\/\/www.renouvelle.be\/fr\/wp-json\/wp\/v2\/posts"}],"about":[{"href":"https:\/\/www.renouvelle.be\/fr\/wp-json\/wp\/v2\/types\/post"}],"author":[{"embeddable":true,"href":"https:\/\/www.renouvelle.be\/fr\/wp-json\/wp\/v2\/users\/3"}],"replies":[{"embeddable":true,"href":"https:\/\/www.renouvelle.be\/fr\/wp-json\/wp\/v2\/comments?post=6616"}],"version-history":[{"count":14,"href":"https:\/\/www.renouvelle.be\/fr\/wp-json\/wp\/v2\/posts\/6616\/revisions"}],"predecessor-version":[{"id":9545,"href":"https:\/\/www.renouvelle.be\/fr\/wp-json\/wp\/v2\/posts\/6616\/revisions\/9545"}],"wp:featuredmedia":[{"embeddable":true,"href":"https:\/\/www.renouvelle.be\/fr\/wp-json\/wp\/v2\/media\/6617"}],"wp:attachment":[{"href":"https:\/\/www.renouvelle.be\/fr\/wp-json\/wp\/v2\/media?parent=6616"}],"wp:term":[{"taxonomy":"category","embeddable":true,"href":"https:\/\/www.renouvelle.be\/fr\/wp-json\/wp\/v2\/categories?post=6616"},{"taxonomy":"post_tag","embeddable":true,"href":"https:\/\/www.renouvelle.be\/fr\/wp-json\/wp\/v2\/tags?post=6616"},{"taxonomy":"section","embeddable":true,"href":"https:\/\/www.renouvelle.be\/fr\/wp-json\/wp\/v2\/section?post=6616"}],"curies":[{"name":"wp","href":"https:\/\/api.w.org\/{rel}","templated":true}]}}