{"id":6474,"date":"2021-06-21T11:19:00","date_gmt":"2021-06-21T09:19:00","guid":{"rendered":"https:\/\/www.renouvelle.be\/?p=6474"},"modified":"2023-07-11T00:00:04","modified_gmt":"2023-07-10T22:00:04","slug":"photovoltaique-pour-tous-des-outils-de-reference","status":"publish","type":"post","link":"https:\/\/www.renouvelle.be\/fr\/photovoltaique-pour-tous-des-outils-de-reference\/","title":{"rendered":"Photovolta\u00efque pour tous : des outils de r\u00e9f\u00e9rence"},"content":{"rendered":"\n<p>La coop\u00e9rative Courant d\u2019air lance une grande campagne :&nbsp;<a href=\"https:\/\/pv.courantdair.be\/\" target=\"_blank\" rel=\"noreferrer noopener\">Photovolta\u00efque pour tous !<\/a>&nbsp;<\/p>\n\n\n\n<p>Il s\u2019agit de motiver et accompagner les citoyens des cantons de l\u2019Est&nbsp;qui souhaitent s\u2019\u00e9quiper en photovolta\u00efque&nbsp;et devenir acteurs de leur avenir \u00e9nerg\u00e9tique.&nbsp;<\/p>\n\n\n\n<p>Concr\u00e8tement, Courant d\u2019Air a lanc\u00e9 un appel aupr\u00e8s des installateurs locaux. Les professionnels participant au projet se sont engag\u00e9s \u00e0 respecter un cahier des charges avec des crit\u00e8res pr\u00e9cis sur la qualit\u00e9 et le prix.&nbsp;<\/p>\n\n\n\n<p>Les installateurs sont par exemple certifi\u00e9s et doivent respecter les normes techniques et environnementales en vigueur sur l\u2019installation ainsi que garantir un seuil minimal de production d\u2019\u00e9lectricit\u00e9 solaire.&nbsp;<\/p>\n\n\n\n<p>Les citoyens qui rejoignent&nbsp;l\u2019achat accompagn\u00e9 sont donc s\u00fbrs d\u2019obtenir une installation de qualit\u00e9 \u00e0 prix raisonnable.&nbsp;<\/p>\n\n\n\n<p>Des s\u00e9ances d\u2019information permettent aux citoyens locaux d\u2019en savoir plus.&nbsp;<\/p>\n\n\n\n<p>Courant d\u2019air a \u00e9galement d\u00e9velopp\u00e9 un simulateur financier&nbsp;tr\u00e8s convivial,&nbsp;adapt\u00e9 aux&nbsp;caract\u00e9ristiques \u00e9conomiques des cantons de l\u2019Est&nbsp;(ensoleillement, co\u00fbt du r\u00e9seau, &#8230;)&nbsp;mais qui permet \u00e0 tous les Wallons de se faire une id\u00e9e de la rentabilit\u00e9 du photovolta\u00efque.&nbsp;<\/p>\n\n\n\n<p>Enfin, la coop\u00e9rative a publi\u00e9 une&nbsp;<a href=\"https:\/\/pv.courantdair.be\/depliants\/\" target=\"_blank\" rel=\"noreferrer noopener\">brochure de r\u00e9f\u00e9renc<\/a>e, en collaboration avec l\u2019APERe, qui r\u00e9pond&nbsp;\u00e0 de nombreuses questions :&nbsp;Quelle est la rentabilit\u00e9 du photovolta\u00efque en Wallonie avec le tarif&nbsp;prosumer&nbsp;? Quelle est l\u2019\u00e9volution de l\u2019efficacit\u00e9 des panneaux ? Quelle est leur dette \u00e9nerg\u00e9tique ? Comment sont-ils recycl\u00e9s ? \u2026&nbsp;<\/p>\n\n\n\n<p>N\u2019h\u00e9sitez pas \u00e0 la consulter et \u00e0 la diffuser !&nbsp;<\/p>\n\n\n\n<p>Cette campagne de qualit\u00e9 inspirera peut-\u00eatre d\u2019autres coop\u00e9ratives ou communes \u00e0 lancer leurs propres achats accompagn\u00e9s.&nbsp;<\/p>\n","protected":false},"excerpt":{"rendered":"<p>La coop\u00e9rative Courant d\u2019air lance une grande campagne :&nbsp;Photovolta\u00efque pour tous !&nbsp; Il s\u2019agit de motiver et accompagner les citoyens des cantons de l\u2019Est&nbsp;qui souhaitent s\u2019\u00e9quiper en photovolta\u00efque&nbsp;et devenir acteurs de leur avenir \u00e9nerg\u00e9tique.&nbsp; Concr\u00e8tement, Courant d\u2019Air a lanc\u00e9 un appel aupr\u00e8s des installateurs locaux. Les professionnels participant au projet se sont engag\u00e9s \u00e0 respecter un cahier des charges avec des crit\u00e8res pr\u00e9cis sur la qualit\u00e9 et le prix.&nbsp; Les installateurs sont par exemple certifi\u00e9s et doivent respecter les normes techniques et environnementales en vigueur sur l\u2019installation ainsi que garantir un seuil minimal de production d\u2019\u00e9lectricit\u00e9 solaire.&nbsp; Les citoyens qui rejoignent&nbsp;l\u2019achat accompagn\u00e9 sont donc s\u00fbrs d\u2019obtenir une installation de qualit\u00e9 \u00e0 prix raisonnable.&nbsp; Des s\u00e9ances d\u2019information permettent aux citoyens locaux d\u2019en savoir plus.&nbsp; Courant d\u2019air a \u00e9galement d\u00e9velopp\u00e9 un simulateur financier&nbsp;tr\u00e8s convivial,&nbsp;adapt\u00e9 aux&nbsp;caract\u00e9ristiques \u00e9conomiques des cantons de l\u2019Est&nbsp;(ensoleillement, co\u00fbt du r\u00e9seau, &#8230;)&nbsp;mais qui permet \u00e0 tous les Wallons de se faire une id\u00e9e de la rentabilit\u00e9 du photovolta\u00efque.&nbsp; Enfin, la coop\u00e9rative a publi\u00e9 une&nbsp;brochure de r\u00e9f\u00e9rence, en collaboration avec l\u2019APERe, qui r\u00e9pond&nbsp;\u00e0 de nombreuses questions :&nbsp;Quelle est la rentabilit\u00e9 du photovolta\u00efque en Wallonie avec le tarif&nbsp;prosumer&nbsp;? Quelle est l\u2019\u00e9volution de l\u2019efficacit\u00e9 des panneaux ? Quelle est leur dette \u00e9nerg\u00e9tique ? Comment sont-ils recycl\u00e9s ? \u2026&nbsp; N\u2019h\u00e9sitez pas \u00e0 la consulter et \u00e0 la diffuser !&nbsp; Cette campagne de qualit\u00e9 inspirera peut-\u00eatre d\u2019autres coop\u00e9ratives ou communes \u00e0 lancer leurs propres achats accompagn\u00e9s.&nbsp;<\/p>\n","protected":false},"author":3,"featured_media":6475,"comment_status":"closed","ping_status":"closed","sticky":false,"template":"","format":"standard","meta":{"_acf_changed":false,"footnotes":""},"categories":[19],"tags":[],"section":[13],"class_list":["post-6474","post","type-post","status-publish","format-standard","has-post-thumbnail","hentry","category-outils-categories","section-solaire"],"acf":[],"yoast_head":"<!-- This site is optimized with the Yoast SEO plugin v27.4 - https:\/\/yoast.com\/product\/yoast-seo-wordpress\/ -->\n<title>Photovolta\u00efque pour tous : des outils de r\u00e9f\u00e9rence - Renouvelle<\/title>\n<meta name=\"robots\" content=\"index, follow, max-snippet:-1, max-image-preview:large, max-video-preview:-1\" \/>\n<link rel=\"canonical\" href=\"https:\/\/www.renouvelle.be\/fr\/photovoltaique-pour-tous-des-outils-de-reference\/\" \/>\n<meta property=\"og:locale\" content=\"fr_FR\" \/>\n<meta property=\"og:type\" content=\"article\" \/>\n<meta property=\"og:title\" content=\"Photovolta\u00efque pour tous : des outils de r\u00e9f\u00e9rence - Renouvelle\" \/>\n<meta property=\"og:description\" content=\"La coop\u00e9rative Courant d\u2019air lance une grande campagne :&nbsp;Photovolta\u00efque pour tous !&nbsp; Il s\u2019agit de motiver et accompagner les citoyens des cantons de l\u2019Est&nbsp;qui souhaitent s\u2019\u00e9quiper en photovolta\u00efque&nbsp;et devenir acteurs de leur avenir \u00e9nerg\u00e9tique.&nbsp; Concr\u00e8tement, Courant d\u2019Air a lanc\u00e9 un appel aupr\u00e8s des installateurs locaux. Les professionnels participant au projet se sont engag\u00e9s \u00e0 respecter un cahier des charges avec des crit\u00e8res pr\u00e9cis sur la qualit\u00e9 et le prix.&nbsp; Les installateurs sont par exemple certifi\u00e9s et doivent respecter les normes techniques et environnementales en vigueur sur l\u2019installation ainsi que garantir un seuil minimal de production d\u2019\u00e9lectricit\u00e9 solaire.&nbsp; Les citoyens qui rejoignent&nbsp;l\u2019achat accompagn\u00e9 sont donc s\u00fbrs d\u2019obtenir une installation de qualit\u00e9 \u00e0 prix raisonnable.&nbsp; Des s\u00e9ances d\u2019information permettent aux citoyens locaux d\u2019en savoir plus.&nbsp; Courant d\u2019air a \u00e9galement d\u00e9velopp\u00e9 un simulateur financier&nbsp;tr\u00e8s convivial,&nbsp;adapt\u00e9 aux&nbsp;caract\u00e9ristiques \u00e9conomiques des cantons de l\u2019Est&nbsp;(ensoleillement, co\u00fbt du r\u00e9seau, &#8230;)&nbsp;mais qui permet \u00e0 tous les Wallons de se faire une id\u00e9e de la rentabilit\u00e9 du photovolta\u00efque.&nbsp; Enfin, la coop\u00e9rative a publi\u00e9 une&nbsp;brochure de r\u00e9f\u00e9rence, en collaboration avec l\u2019APERe, qui r\u00e9pond&nbsp;\u00e0 de nombreuses questions :&nbsp;Quelle est la rentabilit\u00e9 du photovolta\u00efque en Wallonie avec le tarif&nbsp;prosumer&nbsp;? Quelle est l\u2019\u00e9volution de l\u2019efficacit\u00e9 des panneaux ? Quelle est leur dette \u00e9nerg\u00e9tique ? Comment sont-ils recycl\u00e9s ? \u2026&nbsp; N\u2019h\u00e9sitez pas \u00e0 la consulter et \u00e0 la diffuser !&nbsp; Cette campagne de qualit\u00e9 inspirera peut-\u00eatre d\u2019autres coop\u00e9ratives ou communes \u00e0 lancer leurs propres achats accompagn\u00e9s.&nbsp;\" \/>\n<meta property=\"og:url\" content=\"https:\/\/www.renouvelle.be\/fr\/photovoltaique-pour-tous-des-outils-de-reference\/\" \/>\n<meta property=\"og:site_name\" content=\"Renouvelle\" \/>\n<meta property=\"article:published_time\" content=\"2021-06-21T09:19:00+00:00\" \/>\n<meta property=\"article:modified_time\" content=\"2023-07-10T22:00:04+00:00\" \/>\n<meta property=\"og:image\" content=\"https:\/\/www.renouvelle.be\/wp-content\/uploads\/2021\/06\/pv-pour-tous.jpg\" \/>\n\t<meta property=\"og:image:width\" content=\"680\" \/>\n\t<meta property=\"og:image:height\" content=\"476\" \/>\n\t<meta property=\"og:image:type\" content=\"image\/jpeg\" \/>\n<meta name=\"author\" content=\"Energie Commune\" \/>\n<meta name=\"twitter:card\" content=\"summary_large_image\" \/>\n<script type=\"application\/ld+json\" class=\"yoast-schema-graph\">{\"@context\":\"https:\\\/\\\/schema.org\",\"@graph\":[{\"@type\":\"Article\",\"@id\":\"https:\\\/\\\/www.renouvelle.be\\\/fr\\\/photovoltaique-pour-tous-des-outils-de-reference\\\/#article\",\"isPartOf\":{\"@id\":\"https:\\\/\\\/www.renouvelle.be\\\/fr\\\/photovoltaique-pour-tous-des-outils-de-reference\\\/\"},\"author\":{\"name\":\"Energie Commune\",\"@id\":\"https:\\\/\\\/www.renouvelle.be\\\/fr\\\/#\\\/schema\\\/person\\\/01fbe8226a07f8f3d4a1cd059b31f17a\"},\"headline\":\"Photovolta\u00efque pour tous : des outils de r\u00e9f\u00e9rence\",\"datePublished\":\"2021-06-21T09:19:00+00:00\",\"dateModified\":\"2023-07-10T22:00:04+00:00\",\"mainEntityOfPage\":{\"@id\":\"https:\\\/\\\/www.renouvelle.be\\\/fr\\\/photovoltaique-pour-tous-des-outils-de-reference\\\/\"},\"wordCount\":310,\"image\":{\"@id\":\"https:\\\/\\\/www.renouvelle.be\\\/fr\\\/photovoltaique-pour-tous-des-outils-de-reference\\\/#primaryimage\"},\"thumbnailUrl\":\"https:\\\/\\\/www.renouvelle.be\\\/wp-content\\\/uploads\\\/2021\\\/06\\\/pv-pour-tous.jpg\",\"articleSection\":[\"Outils\"],\"inLanguage\":\"fr-FR\"},{\"@type\":\"WebPage\",\"@id\":\"https:\\\/\\\/www.renouvelle.be\\\/fr\\\/photovoltaique-pour-tous-des-outils-de-reference\\\/\",\"url\":\"https:\\\/\\\/www.renouvelle.be\\\/fr\\\/photovoltaique-pour-tous-des-outils-de-reference\\\/\",\"name\":\"Photovolta\u00efque pour tous : des outils de r\u00e9f\u00e9rence - Renouvelle\",\"isPartOf\":{\"@id\":\"https:\\\/\\\/www.renouvelle.be\\\/fr\\\/#website\"},\"primaryImageOfPage\":{\"@id\":\"https:\\\/\\\/www.renouvelle.be\\\/fr\\\/photovoltaique-pour-tous-des-outils-de-reference\\\/#primaryimage\"},\"image\":{\"@id\":\"https:\\\/\\\/www.renouvelle.be\\\/fr\\\/photovoltaique-pour-tous-des-outils-de-reference\\\/#primaryimage\"},\"thumbnailUrl\":\"https:\\\/\\\/www.renouvelle.be\\\/wp-content\\\/uploads\\\/2021\\\/06\\\/pv-pour-tous.jpg\",\"datePublished\":\"2021-06-21T09:19:00+00:00\",\"dateModified\":\"2023-07-10T22:00:04+00:00\",\"author\":{\"@id\":\"https:\\\/\\\/www.renouvelle.be\\\/fr\\\/#\\\/schema\\\/person\\\/01fbe8226a07f8f3d4a1cd059b31f17a\"},\"breadcrumb\":{\"@id\":\"https:\\\/\\\/www.renouvelle.be\\\/fr\\\/photovoltaique-pour-tous-des-outils-de-reference\\\/#breadcrumb\"},\"inLanguage\":\"fr-FR\",\"potentialAction\":[{\"@type\":\"ReadAction\",\"target\":[\"https:\\\/\\\/www.renouvelle.be\\\/fr\\\/photovoltaique-pour-tous-des-outils-de-reference\\\/\"]}]},{\"@type\":\"ImageObject\",\"inLanguage\":\"fr-FR\",\"@id\":\"https:\\\/\\\/www.renouvelle.be\\\/fr\\\/photovoltaique-pour-tous-des-outils-de-reference\\\/#primaryimage\",\"url\":\"https:\\\/\\\/www.renouvelle.be\\\/wp-content\\\/uploads\\\/2021\\\/06\\\/pv-pour-tous.jpg\",\"contentUrl\":\"https:\\\/\\\/www.renouvelle.be\\\/wp-content\\\/uploads\\\/2021\\\/06\\\/pv-pour-tous.jpg\",\"width\":680,\"height\":476},{\"@type\":\"BreadcrumbList\",\"@id\":\"https:\\\/\\\/www.renouvelle.be\\\/fr\\\/photovoltaique-pour-tous-des-outils-de-reference\\\/#breadcrumb\",\"itemListElement\":[{\"@type\":\"ListItem\",\"position\":1,\"name\":\"Accueil\",\"item\":\"https:\\\/\\\/www.renouvelle.be\\\/fr\\\/\"},{\"@type\":\"ListItem\",\"position\":2,\"name\":\"Photovolta\u00efque pour tous : des outils de r\u00e9f\u00e9rence\"}]},{\"@type\":\"WebSite\",\"@id\":\"https:\\\/\\\/www.renouvelle.be\\\/fr\\\/#website\",\"url\":\"https:\\\/\\\/www.renouvelle.be\\\/fr\\\/\",\"name\":\"Renouvelle\",\"description\":\"L&#039;actualit\u00e9 de l&#039;\u00e9nergie durable\",\"potentialAction\":[{\"@type\":\"SearchAction\",\"target\":{\"@type\":\"EntryPoint\",\"urlTemplate\":\"https:\\\/\\\/www.renouvelle.be\\\/fr\\\/?s={search_term_string}\"},\"query-input\":{\"@type\":\"PropertyValueSpecification\",\"valueRequired\":true,\"valueName\":\"search_term_string\"}}],\"inLanguage\":\"fr-FR\"},{\"@type\":\"Person\",\"@id\":\"https:\\\/\\\/www.renouvelle.be\\\/fr\\\/#\\\/schema\\\/person\\\/01fbe8226a07f8f3d4a1cd059b31f17a\",\"name\":\"Energie Commune\",\"url\":\"https:\\\/\\\/www.renouvelle.be\\\/fr\\\/author\\\/apere\\\/\"}]}<\/script>\n<!-- \/ Yoast SEO plugin. -->","yoast_head_json":{"title":"Photovolta\u00efque pour tous : des outils de r\u00e9f\u00e9rence - Renouvelle","robots":{"index":"index","follow":"follow","max-snippet":"max-snippet:-1","max-image-preview":"max-image-preview:large","max-video-preview":"max-video-preview:-1"},"canonical":"https:\/\/www.renouvelle.be\/fr\/photovoltaique-pour-tous-des-outils-de-reference\/","og_locale":"fr_FR","og_type":"article","og_title":"Photovolta\u00efque pour tous : des outils de r\u00e9f\u00e9rence - Renouvelle","og_description":"La coop\u00e9rative Courant d\u2019air lance une grande campagne :&nbsp;Photovolta\u00efque pour tous !&nbsp; Il s\u2019agit de motiver et accompagner les citoyens des cantons de l\u2019Est&nbsp;qui souhaitent s\u2019\u00e9quiper en photovolta\u00efque&nbsp;et devenir acteurs de leur avenir \u00e9nerg\u00e9tique.&nbsp; Concr\u00e8tement, Courant d\u2019Air a lanc\u00e9 un appel aupr\u00e8s des installateurs locaux. Les professionnels participant au projet se sont engag\u00e9s \u00e0 respecter un cahier des charges avec des crit\u00e8res pr\u00e9cis sur la qualit\u00e9 et le prix.&nbsp; Les installateurs sont par exemple certifi\u00e9s et doivent respecter les normes techniques et environnementales en vigueur sur l\u2019installation ainsi que garantir un seuil minimal de production d\u2019\u00e9lectricit\u00e9 solaire.&nbsp; Les citoyens qui rejoignent&nbsp;l\u2019achat accompagn\u00e9 sont donc s\u00fbrs d\u2019obtenir une installation de qualit\u00e9 \u00e0 prix raisonnable.&nbsp; Des s\u00e9ances d\u2019information permettent aux citoyens locaux d\u2019en savoir plus.&nbsp; Courant d\u2019air a \u00e9galement d\u00e9velopp\u00e9 un simulateur financier&nbsp;tr\u00e8s convivial,&nbsp;adapt\u00e9 aux&nbsp;caract\u00e9ristiques \u00e9conomiques des cantons de l\u2019Est&nbsp;(ensoleillement, co\u00fbt du r\u00e9seau, &#8230;)&nbsp;mais qui permet \u00e0 tous les Wallons de se faire une id\u00e9e de la rentabilit\u00e9 du photovolta\u00efque.&nbsp; Enfin, la coop\u00e9rative a publi\u00e9 une&nbsp;brochure de r\u00e9f\u00e9rence, en collaboration avec l\u2019APERe, qui r\u00e9pond&nbsp;\u00e0 de nombreuses questions :&nbsp;Quelle est la rentabilit\u00e9 du photovolta\u00efque en Wallonie avec le tarif&nbsp;prosumer&nbsp;? Quelle est l\u2019\u00e9volution de l\u2019efficacit\u00e9 des panneaux ? Quelle est leur dette \u00e9nerg\u00e9tique ? Comment sont-ils recycl\u00e9s ? \u2026&nbsp; N\u2019h\u00e9sitez pas \u00e0 la consulter et \u00e0 la diffuser !&nbsp; Cette campagne de qualit\u00e9 inspirera peut-\u00eatre d\u2019autres coop\u00e9ratives ou communes \u00e0 lancer leurs propres achats accompagn\u00e9s.&nbsp;","og_url":"https:\/\/www.renouvelle.be\/fr\/photovoltaique-pour-tous-des-outils-de-reference\/","og_site_name":"Renouvelle","article_published_time":"2021-06-21T09:19:00+00:00","article_modified_time":"2023-07-10T22:00:04+00:00","og_image":[{"width":680,"height":476,"url":"https:\/\/www.renouvelle.be\/wp-content\/uploads\/2021\/06\/pv-pour-tous.jpg","type":"image\/jpeg"}],"author":"Energie Commune","twitter_card":"summary_large_image","schema":{"@context":"https:\/\/schema.org","@graph":[{"@type":"Article","@id":"https:\/\/www.renouvelle.be\/fr\/photovoltaique-pour-tous-des-outils-de-reference\/#article","isPartOf":{"@id":"https:\/\/www.renouvelle.be\/fr\/photovoltaique-pour-tous-des-outils-de-reference\/"},"author":{"name":"Energie Commune","@id":"https:\/\/www.renouvelle.be\/fr\/#\/schema\/person\/01fbe8226a07f8f3d4a1cd059b31f17a"},"headline":"Photovolta\u00efque pour tous : des outils de r\u00e9f\u00e9rence","datePublished":"2021-06-21T09:19:00+00:00","dateModified":"2023-07-10T22:00:04+00:00","mainEntityOfPage":{"@id":"https:\/\/www.renouvelle.be\/fr\/photovoltaique-pour-tous-des-outils-de-reference\/"},"wordCount":310,"image":{"@id":"https:\/\/www.renouvelle.be\/fr\/photovoltaique-pour-tous-des-outils-de-reference\/#primaryimage"},"thumbnailUrl":"https:\/\/www.renouvelle.be\/wp-content\/uploads\/2021\/06\/pv-pour-tous.jpg","articleSection":["Outils"],"inLanguage":"fr-FR"},{"@type":"WebPage","@id":"https:\/\/www.renouvelle.be\/fr\/photovoltaique-pour-tous-des-outils-de-reference\/","url":"https:\/\/www.renouvelle.be\/fr\/photovoltaique-pour-tous-des-outils-de-reference\/","name":"Photovolta\u00efque pour tous : des outils de r\u00e9f\u00e9rence - Renouvelle","isPartOf":{"@id":"https:\/\/www.renouvelle.be\/fr\/#website"},"primaryImageOfPage":{"@id":"https:\/\/www.renouvelle.be\/fr\/photovoltaique-pour-tous-des-outils-de-reference\/#primaryimage"},"image":{"@id":"https:\/\/www.renouvelle.be\/fr\/photovoltaique-pour-tous-des-outils-de-reference\/#primaryimage"},"thumbnailUrl":"https:\/\/www.renouvelle.be\/wp-content\/uploads\/2021\/06\/pv-pour-tous.jpg","datePublished":"2021-06-21T09:19:00+00:00","dateModified":"2023-07-10T22:00:04+00:00","author":{"@id":"https:\/\/www.renouvelle.be\/fr\/#\/schema\/person\/01fbe8226a07f8f3d4a1cd059b31f17a"},"breadcrumb":{"@id":"https:\/\/www.renouvelle.be\/fr\/photovoltaique-pour-tous-des-outils-de-reference\/#breadcrumb"},"inLanguage":"fr-FR","potentialAction":[{"@type":"ReadAction","target":["https:\/\/www.renouvelle.be\/fr\/photovoltaique-pour-tous-des-outils-de-reference\/"]}]},{"@type":"ImageObject","inLanguage":"fr-FR","@id":"https:\/\/www.renouvelle.be\/fr\/photovoltaique-pour-tous-des-outils-de-reference\/#primaryimage","url":"https:\/\/www.renouvelle.be\/wp-content\/uploads\/2021\/06\/pv-pour-tous.jpg","contentUrl":"https:\/\/www.renouvelle.be\/wp-content\/uploads\/2021\/06\/pv-pour-tous.jpg","width":680,"height":476},{"@type":"BreadcrumbList","@id":"https:\/\/www.renouvelle.be\/fr\/photovoltaique-pour-tous-des-outils-de-reference\/#breadcrumb","itemListElement":[{"@type":"ListItem","position":1,"name":"Accueil","item":"https:\/\/www.renouvelle.be\/fr\/"},{"@type":"ListItem","position":2,"name":"Photovolta\u00efque pour tous : des outils de r\u00e9f\u00e9rence"}]},{"@type":"WebSite","@id":"https:\/\/www.renouvelle.be\/fr\/#website","url":"https:\/\/www.renouvelle.be\/fr\/","name":"Renouvelle","description":"L&#039;actualit\u00e9 de l&#039;\u00e9nergie durable","potentialAction":[{"@type":"SearchAction","target":{"@type":"EntryPoint","urlTemplate":"https:\/\/www.renouvelle.be\/fr\/?s={search_term_string}"},"query-input":{"@type":"PropertyValueSpecification","valueRequired":true,"valueName":"search_term_string"}}],"inLanguage":"fr-FR"},{"@type":"Person","@id":"https:\/\/www.renouvelle.be\/fr\/#\/schema\/person\/01fbe8226a07f8f3d4a1cd059b31f17a","name":"Energie Commune","url":"https:\/\/www.renouvelle.be\/fr\/author\/apere\/"}]}},"_links":{"self":[{"href":"https:\/\/www.renouvelle.be\/fr\/wp-json\/wp\/v2\/posts\/6474","targetHints":{"allow":["GET"]}}],"collection":[{"href":"https:\/\/www.renouvelle.be\/fr\/wp-json\/wp\/v2\/posts"}],"about":[{"href":"https:\/\/www.renouvelle.be\/fr\/wp-json\/wp\/v2\/types\/post"}],"author":[{"embeddable":true,"href":"https:\/\/www.renouvelle.be\/fr\/wp-json\/wp\/v2\/users\/3"}],"replies":[{"embeddable":true,"href":"https:\/\/www.renouvelle.be\/fr\/wp-json\/wp\/v2\/comments?post=6474"}],"version-history":[{"count":4,"href":"https:\/\/www.renouvelle.be\/fr\/wp-json\/wp\/v2\/posts\/6474\/revisions"}],"predecessor-version":[{"id":14132,"href":"https:\/\/www.renouvelle.be\/fr\/wp-json\/wp\/v2\/posts\/6474\/revisions\/14132"}],"wp:featuredmedia":[{"embeddable":true,"href":"https:\/\/www.renouvelle.be\/fr\/wp-json\/wp\/v2\/media\/6475"}],"wp:attachment":[{"href":"https:\/\/www.renouvelle.be\/fr\/wp-json\/wp\/v2\/media?parent=6474"}],"wp:term":[{"taxonomy":"category","embeddable":true,"href":"https:\/\/www.renouvelle.be\/fr\/wp-json\/wp\/v2\/categories?post=6474"},{"taxonomy":"post_tag","embeddable":true,"href":"https:\/\/www.renouvelle.be\/fr\/wp-json\/wp\/v2\/tags?post=6474"},{"taxonomy":"section","embeddable":true,"href":"https:\/\/www.renouvelle.be\/fr\/wp-json\/wp\/v2\/section?post=6474"}],"curies":[{"name":"wp","href":"https:\/\/api.w.org\/{rel}","templated":true}]}}