{"id":6413,"date":"2021-06-15T15:48:09","date_gmt":"2021-06-15T13:48:09","guid":{"rendered":"https:\/\/www.renouvelle.be\/?p=6413"},"modified":"2025-03-21T09:42:04","modified_gmt":"2025-03-21T08:42:04","slug":"tot-ou-tard-les-batteries-sans-subsides-vont-concurrencer-les-centrales-au-gaz","status":"publish","type":"post","link":"https:\/\/www.renouvelle.be\/fr\/tot-ou-tard-les-batteries-sans-subsides-vont-concurrencer-les-centrales-au-gaz\/","title":{"rendered":"\u00ab T\u00f4t ou tard, les batteries sans subsides vont concurrencer les centrales au gaz \u00bb"},"content":{"rendered":"\n<p>Dans toute l\u2019Europe, des acteurs testent et d\u00e9veloppent des solutions de stockage d\u2019\u00e9lectricit\u00e9 dans la perspective d\u2019un continent 100% renouvelables d\u2019ici 2050.&nbsp;<\/p>\n\n\n\n<p>En effet, il s\u2019agit de stocker les surplus de production \u00e9olienne et photovolta\u00efque lorsque le vent souffle ou que le soleil brille, afin de les restituer sur le r\u00e9seau \u00e9lectrique lorsque les conditions m\u00e9t\u00e9orologiques sont moins bonnes.&nbsp;<\/p>\n\n\n\n<p>Et la Belgique participe \u00e0 ce mouvement.&nbsp;<\/p>\n\n\n\n<p>La Flandre a ainsi d\u00e9velopp\u00e9 en 2018 une centrale de stockage de 18 MW (lire cet article&nbsp;<a href=\"https:\/\/www.renouvelle.be\/fr\/technologies\/la-flandre-sequipe-dune-centrale-de-stockage-tesla-de-18-mw\" target=\"_blank\" rel=\"noreferrer noopener\">La Flandre s\u2019\u00e9quipe d\u2019une centrale de stockage Tesla de 18 MW<\/a>).&nbsp;<\/p>\n\n\n\n<p>C\u2019est \u00e0 pr\u00e9sent au tour de la Wallonie : le consortium public-priv\u00e9 belge ESTOR-LUX annonce la mise en service&nbsp;en septembre&nbsp;2021 d\u2019un parc de batteries lithium-ion de 10 MW\/20 MWh dans un zoning de Bastogne&nbsp;\u2013 photo ci-dessous&nbsp;&#8211; afin de fournir un service d\u2019\u00e9quilibrage au r\u00e9seau haute tension (lire notre&nbsp;article&nbsp;<a href=\"https:\/\/www.renouvelle.be\/fr\/premier-stockage-par-batteries-sur-le-reseau-electrique-wallon\/\" target=\"_blank\" rel=\"noreferrer noopener\">Premier stockage par batteries sur le r\u00e9seau \u00e9lectrique wallon<\/a>).&nbsp;<\/p>\n\n\n\n<h2 class=\"wp-block-heading\"><strong>Un mod\u00e8le novateur<\/strong>&nbsp;<\/h2>\n\n\n\n<p>Si diverses solutions existent pour du stockage \u00e9lectrique \u00e0 petite \u00e9chelle, d\u00e9ployer cette technologie \u00e0 grande \u00e9chelle sans sch\u00e9mas de soutien d\u00e9di\u00e9s reste un d\u00e9fi de taille. C&rsquo;est pr\u00e9cis\u00e9ment l\u00e0 que r\u00e9side l&rsquo;innovation du consortium public-priv\u00e9 belge ESTOR-LUX, qui s&rsquo;appr\u00eate \u00e0 faire entrer les projets de stockage \u00e9lectrique dans une nouvelle \u00e8re.&nbsp;<\/p>\n\n\n\n<p>En effet,&nbsp;ESTOR-LUX a r\u00e9ussi \u00e0 mettre en place&nbsp;et financer&nbsp;un&nbsp;mod\u00e8le technico-\u00e9conomique novateur et tr\u00e8s prometteur&nbsp;permettant de contourner ces \u00e9cueils de d\u00e9veloppement.&nbsp;<\/p>\n\n\n\n<p>Le cluster TWEED organisait un&nbsp;<a href=\"http:\/\/clusters.wallonie.be\/tweed-fr\/15-06-2021-feedback-stockage-flexibilite-de-l-energie-zoom-sur-les-projets-estor-lux-peps-15-juin-2021.html?IDC=1670&amp;IDD=126846\" target=\"_blank\" rel=\"noreferrer noopener\">webinaire<\/a>&nbsp;le&nbsp;15 juin dernier sur le th\u00e8me du stockage et de la flexibilit\u00e9, ce qui nous permet d\u2019en savoir un peu plus sur ce projet innovant.&nbsp;<\/p>\n\n\n\n<p><a href=\"https:\/\/www.centrica.com\/\" target=\"_blank\" rel=\"noreferrer noopener\">Centrica<\/a>,&nbsp;<em>battery&nbsp;optimizer&nbsp;<\/em>et&nbsp;partenaire du consortium, testera \u00e0 Bastogne son mod\u00e8le d\u2019optimisation de batteries.&nbsp;<\/p>\n\n\n\n<p>La&nbsp;<a href=\"https:\/\/www.sriw.be\/fr\/\" target=\"_blank\" rel=\"noreferrer noopener\">Soci\u00e9t\u00e9 R\u00e9gionale&nbsp;d\u2019Investissement&nbsp;de Wallonie<\/a>&nbsp;(SRWI)&nbsp;co-d\u00e9veloppe&nbsp;\u00e9galement ce projet.&nbsp;<\/p>\n\n\n\n<p>Les d\u00e9veloppeurs rappellent qu\u2019il est tout \u00e0 fait possible de stocker l\u2019\u00e9nergie, pas forc\u00e9ment sous forme \u00e9lectrique, mais&nbsp;sous forme de&nbsp;conversion&nbsp;d\u2019\u00e9nergie&nbsp;\u00e9lectro-m\u00e9canique.&nbsp;&nbsp;<\/p>\n\n\n\n<p>Les batteries&nbsp;Lithium-Ion, dont les performances ont augment\u00e9 et les co\u00fbts diminu\u00e9 depuis 10 ans,&nbsp;permettent d\u00e9sormais de stocker des puissances de 1 kW \u00e0 1 GW, pour des capacit\u00e9s \u00e9nerg\u00e9tiques&nbsp;allant de 30 minutes \u00e0 12h&nbsp;(temps pour charger ou d\u00e9charger la batterie&nbsp;\u00e0 pleine puissance), pour&nbsp;une dur\u00e9e de stockage&nbsp;allant&nbsp;de un jour \u00e0 une semaine (mais le stockage&nbsp;de plus&nbsp;longue dur\u00e9e s\u2019av\u00e8re moins pertinent, en raison de l\u2019autod\u00e9charge&nbsp;et d\u2019une faible densit\u00e9 \u00e9nerg\u00e9tique).&nbsp;<\/p>\n\n\n\n<h2 class=\"wp-block-heading\"><strong>Economiquement viable<\/strong>&nbsp;<\/h2>\n\n\n\n<p>Mais le stockage n\u2019est pas toujours \u00e9conomiquement viable.&nbsp;<\/p>\n\n\n\n<p>ESTOR-Lux a \u00e9t\u00e9 d\u00e9velopp\u00e9 sans subside et sans contrat long terme avec le gestionnaire de r\u00e9seau et se trouve donc expos\u00e9 aux fluctuations du march\u00e9. Mais il a \u00e9t\u00e9 possible de cr\u00e9er un financement sans recours&nbsp;envers les actionnaires. C\u2019est un premier aspect novateur.&nbsp;<\/p>\n\n\n\n<p>Le deuxi\u00e8me aspect novateur, c\u2019est la dur\u00e9e de stockage : 2h. C\u2019est&nbsp;plus&nbsp;que la dur\u00e9e moyenne en Europe, qui se situe entre 30 minutes et une heure.&nbsp;&nbsp;<\/p>\n\n\n\n<p><em>\u00ab&nbsp;Ca&nbsp;<\/em><em>nous&nbsp;permet de nous positionner de mani\u00e8re unique sur des services \u00e0 forte intensit\u00e9 \u00e9nerg\u00e9tique\u201d,&nbsp;<\/em>explique&nbsp;C\u00e9dric&nbsp;Legros, Invest Manager \u00e0 la SRIW-Environnement.&nbsp;<em>\u201cOn veut \u00eatre activ\u00e9, de mani\u00e8re r\u00e9guli\u00e8re et sur des p\u00e9riodes plus longues que la majorit\u00e9 des projets&nbsp;&#8211; qui sont activ\u00e9s rarement et sur des p\u00e9riodes plus courtes.&nbsp;\u00bb<\/em><\/p>\n\n\n\n<p>Le stockage par batterie a atteint la rentabilit\u00e9 sur le march\u00e9 intra-day&nbsp;et&nbsp;offre une alternative aux g\u00e9n\u00e9rateurs thermiques pour stabiliser&nbsp;le r\u00e9seau.&nbsp;<em>\u201cEt avec l\u2019augmentation des \u00e9nergies renouvelables dans le mix \u00e9lectrique et la diminution des co\u00fbts des batteries \u00e0 l\u2019avenir,&nbsp;le stockage par batterie va devenir \u00e9galement rentable sur le march\u00e9&nbsp;day-ahead\u00a0\u00bb,&nbsp;<\/em>poursuit C\u00e9dric Legros.&nbsp;<\/p>\n\n\n\n<p><em>\u201cL\u2019ambition du projet est de montrer qu\u2019un mod\u00e8le <\/em>front-in-meter<em>&nbsp;est techniquement et \u00e9conomiquement viable et surtout bancable&nbsp;car la&nbsp;bancabilit\u00e9&nbsp;va nous permettre de r\u00e9pliquer ce type de projets \u00e0 grande \u00e9chelle\u201d<\/em>, conclut-il.&nbsp;<\/p>\n\n\n\n<h2 class=\"wp-block-heading\"><strong>Des projets d\u00e9di\u00e9s \u00e0 la flexibilit\u00e9<\/strong>&nbsp;<\/h2>\n\n\n\n<p>Plusieurs incidents survenus au Royaume Uni d\u00e9montrent les limites des centrales thermiques pour jouer un r\u00f4le de flexibilit\u00e9. En effet, le&nbsp;pays compte beaucoup d\u2019\u00e9nergies renouvelables disponibles et deux centrales thermiques pour \u00e9quilibrer le r\u00e9seau. Or&nbsp;des incidents ont rendu ces centrales indisponibles au m\u00eame moment, for\u00e7ant le gestionnaire de r\u00e9seau \u00e0 un d\u00e9lestage c-\u00e0-d \u00e0 couper certaines r\u00e9gions du r\u00e9seau \u00e9lectrique. Certains industriels ne pouvaient plus produire et le trafic ferroviaire \u00e9tait \u00e0 l\u2019arr\u00eat.<\/p>\n\n\n\n<p><em>\u00ab&nbsp;Dans la transition \u00e9nerg\u00e9tique, on a besoin de capacit\u00e9s flexibles sp\u00e9cifiquement d\u00e9di\u00e9es \u00e0 cette flexibilit\u00e9 et les projets de batteries peuvent&nbsp;palier&nbsp;\u00e0&nbsp;cette probl\u00e9matique&nbsp;\u00bb,<\/em> souligne C\u00e9dric Legros.<\/p>\n\n\n\n<h2 class=\"wp-block-heading\"><strong>Sortie du nucl\u00e9aire et \u00e9olien offshore<\/strong><\/h2>\n\n\n\n<p>ESTOR-LUX vise un portefeuille de projets de 100 MW d\u2019ici 2023 et compte absorber des projets beaucoup plus importants en 2025-26.<\/p>\n\n\n\n<p>A cette \u00e9ch\u00e9ance, la Belgique va en effet changer de paradigme&nbsp;avec la sortie \u2013 totale ou partielle \u2013 du nucl\u00e9aire et le doublement des capacit\u00e9s \u00e9oliennes en mer du Nord pour atteindre 4,5 GW.<\/p>\n\n\n\n<p>Selon les acteurs concern\u00e9s, des capacit\u00e9s de stockage beaucoup plus importantes vont donc voir le jour en Belgique.<\/p>\n\n\n\n<h2 class=\"wp-block-heading\"><strong>Cr\u00e9er de la valeur<\/strong><\/h2>\n\n\n\n<p>Pour rendre un projet rentable, il faut apporter de la valeur aux industriels. Il s\u2019agit d\u2019introduire la batterie au sein de la strat\u00e9gie \u00e9nerg\u00e9tique et&nbsp;de la d\u00e9velopper comme un service.&nbsp;&nbsp;&nbsp;<\/p>\n\n\n\n<p>Un agr\u00e9gateur de flexibilit\u00e9 va donc mon\u00e9tiser les batteries et maximiser les revenus pour les op\u00e9rateurs (via des&nbsp;algorithmes et des big datas).&nbsp;En effet, les batteries et la gestion active de la demande se compl\u00e8tent de mieux en mieux (lire notre article <a href=\"https:\/\/www.renouvelle.be\/fr\/flexibilite-et-stockage-deux-solutions-complementaires\/\" target=\"_blank\" rel=\"noreferrer noopener\">Flexibilit\u00e9 et stockage, deux solutions compl\u00e9mentaires<\/a>).<\/p>\n\n\n\n<p>Voici trois situations qui ne cr\u00e9e pas de valeur&nbsp;:<\/p>\n\n\n\n<ul class=\"wp-block-list\">\n<li>d\u00e9caler dans le temps l\u2019injection d\u2019\u00e9lectricit\u00e9 solaire ou \u00e9olienne&nbsp;;<\/li>\n\n\n\n<li>d\u00e9caler le pr\u00e9l\u00e8vement quand il y a abondance d\u2019\u00e9nergie&nbsp;;<\/li>\n\n\n\n<li>fournir des r\u00e9serves au gestionnaire ou faire de l\u2019arbitrage sur les march\u00e9s.<br><br>Par contre, voici trois situations qui cr\u00e9ent de la valeur&nbsp;:<\/li>\n<\/ul>\n\n\n\n<ul class=\"wp-block-list\">\n<li>Lorsqu\u2019un industriel autoconsomme de l\u2019\u00e9lectricit\u00e9 solaire ou \u00e9olienne (autoproduite ou achet\u00e9e), la batterie va maximiser cette&nbsp;autoconsommation&nbsp;jusqu\u2019\u00e0 40-50%.&nbsp;<\/li>\n\n\n\n<li>Lorsqu\u2019un industriel autoconsomme, il d\u00e9t\u00e9riore son profil de consommation, ce qui augmente le co\u00fbt de l\u2019\u00e9lectricit\u00e9 r\u00e9siduelle&nbsp;qu\u2019il&nbsp;devra acheter sur le r\u00e9seau. La batterie va d\u00e8s lors permettre d\u2019\u00e9viter ce surco\u00fbt.&nbsp;<\/li>\n\n\n\n<li>Enfin, si l\u2019industriel arrive \u00e0 \u00eatre&nbsp;<em>behind-the-meter<\/em>, l\u2019agr\u00e9gateur pourra cr\u00e9er de la valeur.<\/li>\n<\/ul>\n\n\n\n<p>Il faut une combinaison des trois situations pour atteindre la rentabilit\u00e9 et&nbsp;la bancabilit\u00e9.&nbsp;<\/p>\n\n\n\n<h2 class=\"wp-block-heading\"><strong>Quel sera l\u2019impact du CRM&nbsp;?<\/strong><\/h2>\n\n\n\n<p>Le m\u00e9canisme de r\u00e9mun\u00e9ration de capacit\u00e9 (CRM) pr\u00e9voit de subsidier des centrales au gaz pour compenser la fin du nucl\u00e9aire.<\/p>\n\n\n\n<p>Quel sera d\u00e8s lors l&rsquo;impact du CRM sur le <em>business model<\/em> du stockage par batterie ?<\/p>\n\n\n\n<p><em>\u00ab&nbsp;<\/em><em>Notre ambition consiste \u00e0 d\u00e9velopper des projets sans subsides, y compris sans CRM&nbsp;\u00bb,<\/em> pr\u00e9cise C\u00e9dric Legros. <em>\u00ab&nbsp;Par contre, tel que le CRM&nbsp;<\/em><em>est con\u00e7u, il pr\u00e9sente peu d\u2019int\u00e9r\u00eat pour les batteries. Mais t\u00f4t ou tard, les&nbsp;batteries&nbsp;sans subsides vont concurrencer les centrales \u00e0 gaz pour la fourniture de pointe. On esp\u00e8re que&nbsp;les <\/em>directing&nbsp;factors<em>, tr\u00e8s strictes pour les batteries, seront revus&nbsp;dans les premi\u00e8res ann\u00e9es du CRM pour permettre le d\u00e9veloppement de capacit\u00e9s de stockage.&nbsp;\u00bb<\/em><em><\/em><\/p>\n","protected":false},"excerpt":{"rendered":"<p>Dans toute l\u2019Europe, des acteurs testent et d\u00e9veloppent des solutions de stockage d\u2019\u00e9lectricit\u00e9 dans la perspective d\u2019un continent 100% renouvelables d\u2019ici 2050.&nbsp; En effet, il s\u2019agit de stocker les surplus de production \u00e9olienne et photovolta\u00efque lorsque le vent souffle ou que le soleil brille, afin de les restituer sur le r\u00e9seau \u00e9lectrique lorsque les conditions m\u00e9t\u00e9orologiques sont moins bonnes.&nbsp; Et la Belgique participe \u00e0 ce mouvement.&nbsp; La Flandre a ainsi d\u00e9velopp\u00e9 en 2018 une centrale de stockage de 18 MW (lire cet article&nbsp;La Flandre s\u2019\u00e9quipe d\u2019une centrale de stockage Tesla de 18 MW).&nbsp; C\u2019est \u00e0 pr\u00e9sent au tour de la Wallonie : le consortium public-priv\u00e9 belge ESTOR-LUX annonce la mise en service&nbsp;en septembre&nbsp;2021 d\u2019un parc de batteries lithium-ion de 10 MW\/20 MWh dans un zoning de Bastogne&nbsp;\u2013 photo ci-dessous&nbsp;&#8211; afin de fournir un service d\u2019\u00e9quilibrage au r\u00e9seau haute tension (lire notre&nbsp;article&nbsp;Premier stockage par batteries sur le r\u00e9seau \u00e9lectrique wallon).&nbsp; Un mod\u00e8le novateur&nbsp; Si diverses solutions existent pour du stockage \u00e9lectrique \u00e0 petite \u00e9chelle, d\u00e9ployer cette technologie \u00e0 grande \u00e9chelle sans sch\u00e9mas de soutien d\u00e9di\u00e9s reste un d\u00e9fi de taille. C&rsquo;est pr\u00e9cis\u00e9ment l\u00e0 que r\u00e9side l&rsquo;innovation du consortium public-priv\u00e9 belge ESTOR-LUX, qui s&rsquo;appr\u00eate \u00e0 faire entrer les projets de stockage \u00e9lectrique dans une nouvelle \u00e8re.&nbsp; En effet,&nbsp;ESTOR-LUX a r\u00e9ussi \u00e0 mettre en place&nbsp;et financer&nbsp;un&nbsp;mod\u00e8le technico-\u00e9conomique novateur et tr\u00e8s prometteur&nbsp;permettant de contourner ces \u00e9cueils de d\u00e9veloppement.&nbsp; Le cluster TWEED organisait un&nbsp;webinaire&nbsp;le&nbsp;15 juin dernier sur le th\u00e8me du stockage et de la flexibilit\u00e9, ce qui nous permet d\u2019en savoir un peu plus sur ce projet innovant.&nbsp; Centrica,&nbsp;battery&nbsp;optimizer&nbsp;et&nbsp;partenaire du consortium, testera \u00e0 Bastogne son mod\u00e8le d\u2019optimisation de batteries.&nbsp; La&nbsp;Soci\u00e9t\u00e9 R\u00e9gionale&nbsp;d\u2019Investissement&nbsp;de Wallonie&nbsp;(SRWI)&nbsp;co-d\u00e9veloppe&nbsp;\u00e9galement ce projet.&nbsp; Les d\u00e9veloppeurs rappellent qu\u2019il est tout \u00e0 fait possible de stocker l\u2019\u00e9nergie, pas forc\u00e9ment sous forme \u00e9lectrique, mais&nbsp;sous forme de&nbsp;conversion&nbsp;d\u2019\u00e9nergie&nbsp;\u00e9lectro-m\u00e9canique.&nbsp;&nbsp; Les &hellip; <a href=\"https:\/\/www.renouvelle.be\/fr\/tot-ou-tard-les-batteries-sans-subsides-vont-concurrencer-les-centrales-au-gaz\/\" class=\"more-link\">Continue reading<span class=\"screen-reader-text\"> \u00ab\u00a0\u00ab T\u00f4t ou tard, les batteries sans subsides vont concurrencer les centrales au gaz \u00bb\u00a0\u00bb<\/span><\/a><\/p>\n","protected":false},"author":3,"featured_media":6414,"comment_status":"closed","ping_status":"closed","sticky":false,"template":"","format":"standard","meta":{"_acf_changed":false,"footnotes":""},"categories":[20],"tags":[],"section":[14],"class_list":["post-6413","post","type-post","status-publish","format-standard","has-post-thumbnail","hentry","category-technologies","section-stockage"],"acf":[],"yoast_head":"<!-- This site is optimized with the Yoast SEO plugin v27.4 - https:\/\/yoast.com\/product\/yoast-seo-wordpress\/ -->\n<title>\u00ab T\u00f4t ou tard, les batteries sans subsides vont concurrencer les centrales au gaz \u00bb - Renouvelle<\/title>\n<meta name=\"robots\" content=\"index, follow, max-snippet:-1, max-image-preview:large, max-video-preview:-1\" \/>\n<link rel=\"canonical\" href=\"https:\/\/www.renouvelle.be\/fr\/tot-ou-tard-les-batteries-sans-subsides-vont-concurrencer-les-centrales-au-gaz\/\" \/>\n<meta property=\"og:locale\" content=\"fr_FR\" \/>\n<meta property=\"og:type\" content=\"article\" \/>\n<meta property=\"og:title\" content=\"\u00ab T\u00f4t ou tard, les batteries sans subsides vont concurrencer les centrales au gaz \u00bb - Renouvelle\" \/>\n<meta property=\"og:description\" content=\"Dans toute l\u2019Europe, des acteurs testent et d\u00e9veloppent des solutions de stockage d\u2019\u00e9lectricit\u00e9 dans la perspective d\u2019un continent 100% renouvelables d\u2019ici 2050.&nbsp; En effet, il s\u2019agit de stocker les surplus de production \u00e9olienne et photovolta\u00efque lorsque le vent souffle ou que le soleil brille, afin de les restituer sur le r\u00e9seau \u00e9lectrique lorsque les conditions m\u00e9t\u00e9orologiques sont moins bonnes.&nbsp; Et la Belgique participe \u00e0 ce mouvement.&nbsp; La Flandre a ainsi d\u00e9velopp\u00e9 en 2018 une centrale de stockage de 18 MW (lire cet article&nbsp;La Flandre s\u2019\u00e9quipe d\u2019une centrale de stockage Tesla de 18 MW).&nbsp; C\u2019est \u00e0 pr\u00e9sent au tour de la Wallonie : le consortium public-priv\u00e9 belge ESTOR-LUX annonce la mise en service&nbsp;en septembre&nbsp;2021 d\u2019un parc de batteries lithium-ion de 10 MW\/20 MWh dans un zoning de Bastogne&nbsp;\u2013 photo ci-dessous&nbsp;&#8211; afin de fournir un service d\u2019\u00e9quilibrage au r\u00e9seau haute tension (lire notre&nbsp;article&nbsp;Premier stockage par batteries sur le r\u00e9seau \u00e9lectrique wallon).&nbsp; Un mod\u00e8le novateur&nbsp; Si diverses solutions existent pour du stockage \u00e9lectrique \u00e0 petite \u00e9chelle, d\u00e9ployer cette technologie \u00e0 grande \u00e9chelle sans sch\u00e9mas de soutien d\u00e9di\u00e9s reste un d\u00e9fi de taille. C&rsquo;est pr\u00e9cis\u00e9ment l\u00e0 que r\u00e9side l&rsquo;innovation du consortium public-priv\u00e9 belge ESTOR-LUX, qui s&rsquo;appr\u00eate \u00e0 faire entrer les projets de stockage \u00e9lectrique dans une nouvelle \u00e8re.&nbsp; En effet,&nbsp;ESTOR-LUX a r\u00e9ussi \u00e0 mettre en place&nbsp;et financer&nbsp;un&nbsp;mod\u00e8le technico-\u00e9conomique novateur et tr\u00e8s prometteur&nbsp;permettant de contourner ces \u00e9cueils de d\u00e9veloppement.&nbsp; Le cluster TWEED organisait un&nbsp;webinaire&nbsp;le&nbsp;15 juin dernier sur le th\u00e8me du stockage et de la flexibilit\u00e9, ce qui nous permet d\u2019en savoir un peu plus sur ce projet innovant.&nbsp; Centrica,&nbsp;battery&nbsp;optimizer&nbsp;et&nbsp;partenaire du consortium, testera \u00e0 Bastogne son mod\u00e8le d\u2019optimisation de batteries.&nbsp; La&nbsp;Soci\u00e9t\u00e9 R\u00e9gionale&nbsp;d\u2019Investissement&nbsp;de Wallonie&nbsp;(SRWI)&nbsp;co-d\u00e9veloppe&nbsp;\u00e9galement ce projet.&nbsp; Les d\u00e9veloppeurs rappellent qu\u2019il est tout \u00e0 fait possible de stocker l\u2019\u00e9nergie, pas forc\u00e9ment sous forme \u00e9lectrique, mais&nbsp;sous forme de&nbsp;conversion&nbsp;d\u2019\u00e9nergie&nbsp;\u00e9lectro-m\u00e9canique.&nbsp;&nbsp; Les &hellip; Continue reading &quot;\u00ab T\u00f4t ou tard, les batteries sans subsides vont concurrencer les centrales au gaz \u00bb&quot;\" \/>\n<meta property=\"og:url\" content=\"https:\/\/www.renouvelle.be\/fr\/tot-ou-tard-les-batteries-sans-subsides-vont-concurrencer-les-centrales-au-gaz\/\" \/>\n<meta property=\"og:site_name\" content=\"Renouvelle\" \/>\n<meta property=\"article:published_time\" content=\"2021-06-15T13:48:09+00:00\" \/>\n<meta property=\"article:modified_time\" content=\"2025-03-21T08:42:04+00:00\" \/>\n<meta property=\"og:image\" content=\"https:\/\/www.renouvelle.be\/wp-content\/uploads\/2021\/06\/estor.jpg\" \/>\n\t<meta property=\"og:image:width\" content=\"619\" \/>\n\t<meta property=\"og:image:height\" content=\"427\" \/>\n\t<meta property=\"og:image:type\" content=\"image\/jpeg\" \/>\n<meta name=\"author\" content=\"Energie Commune\" \/>\n<meta name=\"twitter:card\" content=\"summary_large_image\" \/>\n<script type=\"application\/ld+json\" class=\"yoast-schema-graph\">{\"@context\":\"https:\\\/\\\/schema.org\",\"@graph\":[{\"@type\":\"Article\",\"@id\":\"https:\\\/\\\/www.renouvelle.be\\\/fr\\\/tot-ou-tard-les-batteries-sans-subsides-vont-concurrencer-les-centrales-au-gaz\\\/#article\",\"isPartOf\":{\"@id\":\"https:\\\/\\\/www.renouvelle.be\\\/fr\\\/tot-ou-tard-les-batteries-sans-subsides-vont-concurrencer-les-centrales-au-gaz\\\/\"},\"author\":{\"name\":\"Energie Commune\",\"@id\":\"https:\\\/\\\/www.renouvelle.be\\\/fr\\\/#\\\/schema\\\/person\\\/01fbe8226a07f8f3d4a1cd059b31f17a\"},\"headline\":\"\u00ab T\u00f4t ou tard, les batteries sans subsides vont concurrencer les centrales au gaz \u00bb\",\"datePublished\":\"2021-06-15T13:48:09+00:00\",\"dateModified\":\"2025-03-21T08:42:04+00:00\",\"mainEntityOfPage\":{\"@id\":\"https:\\\/\\\/www.renouvelle.be\\\/fr\\\/tot-ou-tard-les-batteries-sans-subsides-vont-concurrencer-les-centrales-au-gaz\\\/\"},\"wordCount\":1416,\"image\":{\"@id\":\"https:\\\/\\\/www.renouvelle.be\\\/fr\\\/tot-ou-tard-les-batteries-sans-subsides-vont-concurrencer-les-centrales-au-gaz\\\/#primaryimage\"},\"thumbnailUrl\":\"https:\\\/\\\/www.renouvelle.be\\\/wp-content\\\/uploads\\\/2021\\\/06\\\/estor.jpg\",\"articleSection\":[\"Technologies\"],\"inLanguage\":\"fr-FR\"},{\"@type\":\"WebPage\",\"@id\":\"https:\\\/\\\/www.renouvelle.be\\\/fr\\\/tot-ou-tard-les-batteries-sans-subsides-vont-concurrencer-les-centrales-au-gaz\\\/\",\"url\":\"https:\\\/\\\/www.renouvelle.be\\\/fr\\\/tot-ou-tard-les-batteries-sans-subsides-vont-concurrencer-les-centrales-au-gaz\\\/\",\"name\":\"\u00ab T\u00f4t ou tard, les batteries sans subsides vont concurrencer les centrales au gaz \u00bb - Renouvelle\",\"isPartOf\":{\"@id\":\"https:\\\/\\\/www.renouvelle.be\\\/fr\\\/#website\"},\"primaryImageOfPage\":{\"@id\":\"https:\\\/\\\/www.renouvelle.be\\\/fr\\\/tot-ou-tard-les-batteries-sans-subsides-vont-concurrencer-les-centrales-au-gaz\\\/#primaryimage\"},\"image\":{\"@id\":\"https:\\\/\\\/www.renouvelle.be\\\/fr\\\/tot-ou-tard-les-batteries-sans-subsides-vont-concurrencer-les-centrales-au-gaz\\\/#primaryimage\"},\"thumbnailUrl\":\"https:\\\/\\\/www.renouvelle.be\\\/wp-content\\\/uploads\\\/2021\\\/06\\\/estor.jpg\",\"datePublished\":\"2021-06-15T13:48:09+00:00\",\"dateModified\":\"2025-03-21T08:42:04+00:00\",\"author\":{\"@id\":\"https:\\\/\\\/www.renouvelle.be\\\/fr\\\/#\\\/schema\\\/person\\\/01fbe8226a07f8f3d4a1cd059b31f17a\"},\"breadcrumb\":{\"@id\":\"https:\\\/\\\/www.renouvelle.be\\\/fr\\\/tot-ou-tard-les-batteries-sans-subsides-vont-concurrencer-les-centrales-au-gaz\\\/#breadcrumb\"},\"inLanguage\":\"fr-FR\",\"potentialAction\":[{\"@type\":\"ReadAction\",\"target\":[\"https:\\\/\\\/www.renouvelle.be\\\/fr\\\/tot-ou-tard-les-batteries-sans-subsides-vont-concurrencer-les-centrales-au-gaz\\\/\"]}]},{\"@type\":\"ImageObject\",\"inLanguage\":\"fr-FR\",\"@id\":\"https:\\\/\\\/www.renouvelle.be\\\/fr\\\/tot-ou-tard-les-batteries-sans-subsides-vont-concurrencer-les-centrales-au-gaz\\\/#primaryimage\",\"url\":\"https:\\\/\\\/www.renouvelle.be\\\/wp-content\\\/uploads\\\/2021\\\/06\\\/estor.jpg\",\"contentUrl\":\"https:\\\/\\\/www.renouvelle.be\\\/wp-content\\\/uploads\\\/2021\\\/06\\\/estor.jpg\",\"width\":619,\"height\":427},{\"@type\":\"BreadcrumbList\",\"@id\":\"https:\\\/\\\/www.renouvelle.be\\\/fr\\\/tot-ou-tard-les-batteries-sans-subsides-vont-concurrencer-les-centrales-au-gaz\\\/#breadcrumb\",\"itemListElement\":[{\"@type\":\"ListItem\",\"position\":1,\"name\":\"Accueil\",\"item\":\"https:\\\/\\\/www.renouvelle.be\\\/fr\\\/\"},{\"@type\":\"ListItem\",\"position\":2,\"name\":\"\u00ab T\u00f4t ou tard, les batteries sans subsides vont concurrencer les centrales au gaz \u00bb\"}]},{\"@type\":\"WebSite\",\"@id\":\"https:\\\/\\\/www.renouvelle.be\\\/fr\\\/#website\",\"url\":\"https:\\\/\\\/www.renouvelle.be\\\/fr\\\/\",\"name\":\"Renouvelle\",\"description\":\"L&#039;actualit\u00e9 de l&#039;\u00e9nergie durable\",\"potentialAction\":[{\"@type\":\"SearchAction\",\"target\":{\"@type\":\"EntryPoint\",\"urlTemplate\":\"https:\\\/\\\/www.renouvelle.be\\\/fr\\\/?s={search_term_string}\"},\"query-input\":{\"@type\":\"PropertyValueSpecification\",\"valueRequired\":true,\"valueName\":\"search_term_string\"}}],\"inLanguage\":\"fr-FR\"},{\"@type\":\"Person\",\"@id\":\"https:\\\/\\\/www.renouvelle.be\\\/fr\\\/#\\\/schema\\\/person\\\/01fbe8226a07f8f3d4a1cd059b31f17a\",\"name\":\"Energie Commune\",\"url\":\"https:\\\/\\\/www.renouvelle.be\\\/fr\\\/author\\\/apere\\\/\"}]}<\/script>\n<!-- \/ Yoast SEO plugin. -->","yoast_head_json":{"title":"\u00ab T\u00f4t ou tard, les batteries sans subsides vont concurrencer les centrales au gaz \u00bb - Renouvelle","robots":{"index":"index","follow":"follow","max-snippet":"max-snippet:-1","max-image-preview":"max-image-preview:large","max-video-preview":"max-video-preview:-1"},"canonical":"https:\/\/www.renouvelle.be\/fr\/tot-ou-tard-les-batteries-sans-subsides-vont-concurrencer-les-centrales-au-gaz\/","og_locale":"fr_FR","og_type":"article","og_title":"\u00ab T\u00f4t ou tard, les batteries sans subsides vont concurrencer les centrales au gaz \u00bb - Renouvelle","og_description":"Dans toute l\u2019Europe, des acteurs testent et d\u00e9veloppent des solutions de stockage d\u2019\u00e9lectricit\u00e9 dans la perspective d\u2019un continent 100% renouvelables d\u2019ici 2050.&nbsp; En effet, il s\u2019agit de stocker les surplus de production \u00e9olienne et photovolta\u00efque lorsque le vent souffle ou que le soleil brille, afin de les restituer sur le r\u00e9seau \u00e9lectrique lorsque les conditions m\u00e9t\u00e9orologiques sont moins bonnes.&nbsp; Et la Belgique participe \u00e0 ce mouvement.&nbsp; La Flandre a ainsi d\u00e9velopp\u00e9 en 2018 une centrale de stockage de 18 MW (lire cet article&nbsp;La Flandre s\u2019\u00e9quipe d\u2019une centrale de stockage Tesla de 18 MW).&nbsp; C\u2019est \u00e0 pr\u00e9sent au tour de la Wallonie : le consortium public-priv\u00e9 belge ESTOR-LUX annonce la mise en service&nbsp;en septembre&nbsp;2021 d\u2019un parc de batteries lithium-ion de 10 MW\/20 MWh dans un zoning de Bastogne&nbsp;\u2013 photo ci-dessous&nbsp;&#8211; afin de fournir un service d\u2019\u00e9quilibrage au r\u00e9seau haute tension (lire notre&nbsp;article&nbsp;Premier stockage par batteries sur le r\u00e9seau \u00e9lectrique wallon).&nbsp; Un mod\u00e8le novateur&nbsp; Si diverses solutions existent pour du stockage \u00e9lectrique \u00e0 petite \u00e9chelle, d\u00e9ployer cette technologie \u00e0 grande \u00e9chelle sans sch\u00e9mas de soutien d\u00e9di\u00e9s reste un d\u00e9fi de taille. C&rsquo;est pr\u00e9cis\u00e9ment l\u00e0 que r\u00e9side l&rsquo;innovation du consortium public-priv\u00e9 belge ESTOR-LUX, qui s&rsquo;appr\u00eate \u00e0 faire entrer les projets de stockage \u00e9lectrique dans une nouvelle \u00e8re.&nbsp; En effet,&nbsp;ESTOR-LUX a r\u00e9ussi \u00e0 mettre en place&nbsp;et financer&nbsp;un&nbsp;mod\u00e8le technico-\u00e9conomique novateur et tr\u00e8s prometteur&nbsp;permettant de contourner ces \u00e9cueils de d\u00e9veloppement.&nbsp; Le cluster TWEED organisait un&nbsp;webinaire&nbsp;le&nbsp;15 juin dernier sur le th\u00e8me du stockage et de la flexibilit\u00e9, ce qui nous permet d\u2019en savoir un peu plus sur ce projet innovant.&nbsp; Centrica,&nbsp;battery&nbsp;optimizer&nbsp;et&nbsp;partenaire du consortium, testera \u00e0 Bastogne son mod\u00e8le d\u2019optimisation de batteries.&nbsp; La&nbsp;Soci\u00e9t\u00e9 R\u00e9gionale&nbsp;d\u2019Investissement&nbsp;de Wallonie&nbsp;(SRWI)&nbsp;co-d\u00e9veloppe&nbsp;\u00e9galement ce projet.&nbsp; Les d\u00e9veloppeurs rappellent qu\u2019il est tout \u00e0 fait possible de stocker l\u2019\u00e9nergie, pas forc\u00e9ment sous forme \u00e9lectrique, mais&nbsp;sous forme de&nbsp;conversion&nbsp;d\u2019\u00e9nergie&nbsp;\u00e9lectro-m\u00e9canique.&nbsp;&nbsp; Les &hellip; Continue reading \"\u00ab T\u00f4t ou tard, les batteries sans subsides vont concurrencer les centrales au gaz \u00bb\"","og_url":"https:\/\/www.renouvelle.be\/fr\/tot-ou-tard-les-batteries-sans-subsides-vont-concurrencer-les-centrales-au-gaz\/","og_site_name":"Renouvelle","article_published_time":"2021-06-15T13:48:09+00:00","article_modified_time":"2025-03-21T08:42:04+00:00","og_image":[{"width":619,"height":427,"url":"https:\/\/www.renouvelle.be\/wp-content\/uploads\/2021\/06\/estor.jpg","type":"image\/jpeg"}],"author":"Energie Commune","twitter_card":"summary_large_image","schema":{"@context":"https:\/\/schema.org","@graph":[{"@type":"Article","@id":"https:\/\/www.renouvelle.be\/fr\/tot-ou-tard-les-batteries-sans-subsides-vont-concurrencer-les-centrales-au-gaz\/#article","isPartOf":{"@id":"https:\/\/www.renouvelle.be\/fr\/tot-ou-tard-les-batteries-sans-subsides-vont-concurrencer-les-centrales-au-gaz\/"},"author":{"name":"Energie Commune","@id":"https:\/\/www.renouvelle.be\/fr\/#\/schema\/person\/01fbe8226a07f8f3d4a1cd059b31f17a"},"headline":"\u00ab T\u00f4t ou tard, les batteries sans subsides vont concurrencer les centrales au gaz \u00bb","datePublished":"2021-06-15T13:48:09+00:00","dateModified":"2025-03-21T08:42:04+00:00","mainEntityOfPage":{"@id":"https:\/\/www.renouvelle.be\/fr\/tot-ou-tard-les-batteries-sans-subsides-vont-concurrencer-les-centrales-au-gaz\/"},"wordCount":1416,"image":{"@id":"https:\/\/www.renouvelle.be\/fr\/tot-ou-tard-les-batteries-sans-subsides-vont-concurrencer-les-centrales-au-gaz\/#primaryimage"},"thumbnailUrl":"https:\/\/www.renouvelle.be\/wp-content\/uploads\/2021\/06\/estor.jpg","articleSection":["Technologies"],"inLanguage":"fr-FR"},{"@type":"WebPage","@id":"https:\/\/www.renouvelle.be\/fr\/tot-ou-tard-les-batteries-sans-subsides-vont-concurrencer-les-centrales-au-gaz\/","url":"https:\/\/www.renouvelle.be\/fr\/tot-ou-tard-les-batteries-sans-subsides-vont-concurrencer-les-centrales-au-gaz\/","name":"\u00ab T\u00f4t ou tard, les batteries sans subsides vont concurrencer les centrales au gaz \u00bb - Renouvelle","isPartOf":{"@id":"https:\/\/www.renouvelle.be\/fr\/#website"},"primaryImageOfPage":{"@id":"https:\/\/www.renouvelle.be\/fr\/tot-ou-tard-les-batteries-sans-subsides-vont-concurrencer-les-centrales-au-gaz\/#primaryimage"},"image":{"@id":"https:\/\/www.renouvelle.be\/fr\/tot-ou-tard-les-batteries-sans-subsides-vont-concurrencer-les-centrales-au-gaz\/#primaryimage"},"thumbnailUrl":"https:\/\/www.renouvelle.be\/wp-content\/uploads\/2021\/06\/estor.jpg","datePublished":"2021-06-15T13:48:09+00:00","dateModified":"2025-03-21T08:42:04+00:00","author":{"@id":"https:\/\/www.renouvelle.be\/fr\/#\/schema\/person\/01fbe8226a07f8f3d4a1cd059b31f17a"},"breadcrumb":{"@id":"https:\/\/www.renouvelle.be\/fr\/tot-ou-tard-les-batteries-sans-subsides-vont-concurrencer-les-centrales-au-gaz\/#breadcrumb"},"inLanguage":"fr-FR","potentialAction":[{"@type":"ReadAction","target":["https:\/\/www.renouvelle.be\/fr\/tot-ou-tard-les-batteries-sans-subsides-vont-concurrencer-les-centrales-au-gaz\/"]}]},{"@type":"ImageObject","inLanguage":"fr-FR","@id":"https:\/\/www.renouvelle.be\/fr\/tot-ou-tard-les-batteries-sans-subsides-vont-concurrencer-les-centrales-au-gaz\/#primaryimage","url":"https:\/\/www.renouvelle.be\/wp-content\/uploads\/2021\/06\/estor.jpg","contentUrl":"https:\/\/www.renouvelle.be\/wp-content\/uploads\/2021\/06\/estor.jpg","width":619,"height":427},{"@type":"BreadcrumbList","@id":"https:\/\/www.renouvelle.be\/fr\/tot-ou-tard-les-batteries-sans-subsides-vont-concurrencer-les-centrales-au-gaz\/#breadcrumb","itemListElement":[{"@type":"ListItem","position":1,"name":"Accueil","item":"https:\/\/www.renouvelle.be\/fr\/"},{"@type":"ListItem","position":2,"name":"\u00ab T\u00f4t ou tard, les batteries sans subsides vont concurrencer les centrales au gaz \u00bb"}]},{"@type":"WebSite","@id":"https:\/\/www.renouvelle.be\/fr\/#website","url":"https:\/\/www.renouvelle.be\/fr\/","name":"Renouvelle","description":"L&#039;actualit\u00e9 de l&#039;\u00e9nergie durable","potentialAction":[{"@type":"SearchAction","target":{"@type":"EntryPoint","urlTemplate":"https:\/\/www.renouvelle.be\/fr\/?s={search_term_string}"},"query-input":{"@type":"PropertyValueSpecification","valueRequired":true,"valueName":"search_term_string"}}],"inLanguage":"fr-FR"},{"@type":"Person","@id":"https:\/\/www.renouvelle.be\/fr\/#\/schema\/person\/01fbe8226a07f8f3d4a1cd059b31f17a","name":"Energie Commune","url":"https:\/\/www.renouvelle.be\/fr\/author\/apere\/"}]}},"_links":{"self":[{"href":"https:\/\/www.renouvelle.be\/fr\/wp-json\/wp\/v2\/posts\/6413","targetHints":{"allow":["GET"]}}],"collection":[{"href":"https:\/\/www.renouvelle.be\/fr\/wp-json\/wp\/v2\/posts"}],"about":[{"href":"https:\/\/www.renouvelle.be\/fr\/wp-json\/wp\/v2\/types\/post"}],"author":[{"embeddable":true,"href":"https:\/\/www.renouvelle.be\/fr\/wp-json\/wp\/v2\/users\/3"}],"replies":[{"embeddable":true,"href":"https:\/\/www.renouvelle.be\/fr\/wp-json\/wp\/v2\/comments?post=6413"}],"version-history":[{"count":15,"href":"https:\/\/www.renouvelle.be\/fr\/wp-json\/wp\/v2\/posts\/6413\/revisions"}],"predecessor-version":[{"id":14891,"href":"https:\/\/www.renouvelle.be\/fr\/wp-json\/wp\/v2\/posts\/6413\/revisions\/14891"}],"wp:featuredmedia":[{"embeddable":true,"href":"https:\/\/www.renouvelle.be\/fr\/wp-json\/wp\/v2\/media\/6414"}],"wp:attachment":[{"href":"https:\/\/www.renouvelle.be\/fr\/wp-json\/wp\/v2\/media?parent=6413"}],"wp:term":[{"taxonomy":"category","embeddable":true,"href":"https:\/\/www.renouvelle.be\/fr\/wp-json\/wp\/v2\/categories?post=6413"},{"taxonomy":"post_tag","embeddable":true,"href":"https:\/\/www.renouvelle.be\/fr\/wp-json\/wp\/v2\/tags?post=6413"},{"taxonomy":"section","embeddable":true,"href":"https:\/\/www.renouvelle.be\/fr\/wp-json\/wp\/v2\/section?post=6413"}],"curies":[{"name":"wp","href":"https:\/\/api.w.org\/{rel}","templated":true}]}}