{"id":6091,"date":"2021-04-13T15:04:16","date_gmt":"2021-04-13T13:04:16","guid":{"rendered":"https:\/\/www.renouvelle.be\/?p=6091"},"modified":"2023-06-08T12:51:01","modified_gmt":"2023-06-08T10:51:01","slug":"la-wallonie-veut-encourager-le-transport-fluvial","status":"publish","type":"post","link":"https:\/\/www.renouvelle.be\/fr\/la-wallonie-veut-encourager-le-transport-fluvial\/","title":{"rendered":"La Wallonie veut encourager le transport fluvial"},"content":{"rendered":"\n<p>En Wallonie, le transport de marchandises repr\u00e9sente 10% de notre mobilit\u00e9. Or ce trafic&nbsp;se fait principalement par route (84%),&nbsp;tandis qu\u2019une petite partie du fret circule par chemin de fer (9%) et par voie fluviale (7%).&nbsp;<\/p>\n\n\n\n<p>Les camions sont ainsi responsables de 99 % des \u00e9missions de CO2 du transport terrestre de marchandises, sans compter les autres nuisances pour les habitants : pollution, bruit, vibration,&nbsp;embouteillages, \u2026&nbsp;<\/p>\n\n\n\n<p>Et ce transport routier est en croissance :&nbsp;si l\u2019on n\u2019agit pas,&nbsp;il devrait repr\u00e9senter, en 2040,&nbsp;79.5 milliards de&nbsp;tonnes.kilom\u00e8tre, avec une hausse de 20% du trafic !&nbsp;<\/p>\n\n\n\n<p>Consciente de ces enjeux, la Wallonie a r\u00e9cemment adopt\u00e9 une&nbsp;<a href=\"http:\/\/mobilite.wallonie.be\/news\/strategie-regionale-de-mobilite---transport-de-marchandises\" target=\"_blank\" rel=\"noreferrer noopener\">Strat\u00e9gie&nbsp;R\u00e9gionale de Mobilit\u00e9 d\u00e9di\u00e9 aux marchandises<\/a>.&nbsp;<\/p>\n\n\n\n<p>Si aucuns objectifs chiffr\u00e9s ne sont fix\u00e9s, cette strat\u00e9gie d\u00e9montre la volont\u00e9 de&nbsp;d\u00e9velopper&nbsp;les modes de transport alternatifs \u00e0 la route&nbsp;afin de r\u00e9duire de mani\u00e8re significative&nbsp;ses \u00e9missions de gaz \u00e0 effet de serre d\u2019ici 2030.&nbsp;<\/p>\n\n\n\n<p>Car le transport de&nbsp;marchandises&nbsp;par trains et par&nbsp;bateaux&nbsp;s\u2019av\u00e8re nettement moins \u00e9nergivore et plus \u00e9cologique.&nbsp;<\/p>\n\n\n\n<p>La Wallonie compte 450 km de voies navigables&nbsp;et&nbsp;1 665 km de voies ferr\u00e9es reli\u00e9es \u00e0 toute l\u2019Europe.&nbsp;&nbsp;<\/p>\n\n\n\n<p>A ce titre, la r\u00e9ouverture en 2022 du&nbsp;Canal Cond\u00e9-Pommer\u0153ul&nbsp;&#8211; ferm\u00e9 durant 40 ans \u2013 offrira un acc\u00e8s&nbsp;fluvial&nbsp;direct entre les bassins \u00e9conomiques wallons et le nord de la France avec la perspective, \u00e0 terme, d\u2019une liaison \u00e0 grand gabarit vers Paris.&nbsp;<\/p>\n\n\n\n<p>Sur les voies navigables&nbsp;wallonnes, on constate une diminution du nombre de bateaux, mais une augmentation du tonnage de ces derniers (+ 23 %). Il y a donc moins de circulation, mais plus de \u00ab\u00a0poids lourds\u00a0\u00bb sur nos cours d&rsquo;eau. Cela est li\u00e9 aux am\u00e9liorations op\u00e9r\u00e9es sur nos voies navigables pour permettre le passage de&nbsp;bateaux plus larges.&nbsp;<\/p>\n\n\n\n<p>Ces bateaux transportent en majorit\u00e9 des mat\u00e9riaux de construction.&nbsp;<\/p>\n\n\n\n<p>Voici des illustrations qui r\u00e9sument bien l\u2019int\u00e9r\u00eat du transport fluvial.&nbsp;<\/p>\n\n\n\n<figure class=\"wp-block-image size-large\"><img loading=\"lazy\" decoding=\"async\" width=\"786\" height=\"787\" src=\"https:\/\/www.renouvelle.be\/wp-content\/uploads\/2021\/04\/image-8.png\" alt=\"\" class=\"wp-image-6094\" srcset=\"https:\/\/www.renouvelle.be\/wp-content\/uploads\/2021\/04\/image-8.png 786w, https:\/\/www.renouvelle.be\/wp-content\/uploads\/2021\/04\/image-8-300x300.png 300w, https:\/\/www.renouvelle.be\/wp-content\/uploads\/2021\/04\/image-8-150x150.png 150w, https:\/\/www.renouvelle.be\/wp-content\/uploads\/2021\/04\/image-8-768x769.png 768w\" sizes=\"auto, (max-width: 786px) 100vw, 786px\" \/><\/figure>\n\n\n\n<figure class=\"wp-block-image size-large\"><img loading=\"lazy\" decoding=\"async\" width=\"786\" height=\"787\" src=\"https:\/\/www.renouvelle.be\/wp-content\/uploads\/2021\/04\/image-9.png\" alt=\"\" class=\"wp-image-6099\" srcset=\"https:\/\/www.renouvelle.be\/wp-content\/uploads\/2021\/04\/image-9.png 786w, https:\/\/www.renouvelle.be\/wp-content\/uploads\/2021\/04\/image-9-300x300.png 300w, https:\/\/www.renouvelle.be\/wp-content\/uploads\/2021\/04\/image-9-150x150.png 150w, https:\/\/www.renouvelle.be\/wp-content\/uploads\/2021\/04\/image-9-768x769.png 768w\" sizes=\"auto, (max-width: 786px) 100vw, 786px\" \/><\/figure>\n\n\n\n<h2 class=\"wp-block-heading\"><strong>Un<\/strong><strong>e<\/strong><strong>&nbsp;gestion plus complexe<\/strong>&nbsp;<\/h2>\n\n\n\n<p>Encore faut-il encourager les entreprises \u00e0 choisir&nbsp;la voie fluviale plut\u00f4t que la route,&nbsp;et ce&nbsp;n\u2019est pas une mince affaire !&nbsp;<\/p>\n\n\n\n<p>En effet, le transport par bateaux s\u2019av\u00e8re plus lent,&nbsp;plus massifi\u00e9 et&nbsp;pertinent sur une tr\u00e8s longue distance, et&nbsp;ne permet pas la livraison de porte \u00e0 porte,&nbsp;contrairement aux camions. Il en d\u00e9coule une gestion logistique plus complexe, n\u00e9cessitant&nbsp;d\u2019int\u00e9grer&nbsp;les&nbsp;chargements&nbsp;et&nbsp;le&nbsp;stockage de grands&nbsp;volumes&nbsp;et&nbsp;d\u2019assurer&nbsp;l\u2019intermodalit\u00e9 c-\u00e0-d&nbsp;le transfert des marchandises du bateau vers un autre moyen&nbsp;de transport (train, camion)&nbsp;afin de parcourir les derniers kilom\u00e8tres et livrer&nbsp;le client final.&nbsp;<\/p>\n\n\n\n<p>L\u2019entreprise&nbsp;doit ainsi reconsid\u00e9rer son&nbsp;organisation, non plus seulement en flux de transport mais aussi en flux de production&nbsp;: manutention, outils de chargement, gestion du stock de production, gestion des envois, gestion administrative, etc.&nbsp;<\/p>\n\n\n\n<p>C\u2019est \u00e0 cette condition que le&nbsp;transport fluvial peut structurer la logistique d\u2019une entreprise et devenir un facteur de gain et d\u2019efficacit\u00e9 (lire notre&nbsp;<a href=\"https:\/\/www.renouvelle.be\/fr\/transport-durable-larguez-les-amarres\/\" target=\"_blank\" rel=\"noreferrer noopener\">interview<\/a>&nbsp;de&nbsp;Pascal Moens,&nbsp;Directeur Transport et Intermodalit\u00e9 des Marchandises&nbsp;au&nbsp;SPW Mobilit\u00e9 et Infrastructures).&nbsp;<\/p>\n\n\n\n<p>Pour aider les entreprises&nbsp;\u00e0 faire ce choix, le Service Public de Wallonie, \u00e0 travers sa Direction g\u00e9n\u00e9rale&nbsp;op\u00e9rationnelle de la Mobilit\u00e9 et des Voies hydrauliques,&nbsp;d\u00e9livre des conseils et&nbsp;une expertise gratuits&nbsp;pour favoriser le transfert modal.&nbsp;<\/p>\n\n\n\n<figure class=\"wp-block-image size-large\"><img loading=\"lazy\" decoding=\"async\" width=\"692\" height=\"489\" src=\"https:\/\/www.renouvelle.be\/wp-content\/uploads\/2021\/04\/image-3.jpeg\" alt=\"\" class=\"wp-image-6096\" srcset=\"https:\/\/www.renouvelle.be\/wp-content\/uploads\/2021\/04\/image-3.jpeg 692w, https:\/\/www.renouvelle.be\/wp-content\/uploads\/2021\/04\/image-3-300x212.jpeg 300w\" sizes=\"auto, (max-width: 692px) 100vw, 692px\" \/><figcaption class=\"wp-element-caption\">Illustrations ci-dessus et ci-dessous : Vue du&nbsp;Trilogiport&nbsp;intermodal \u00e0 Li\u00e8ge.&nbsp;<\/figcaption><\/figure>\n\n\n\n<figure class=\"wp-block-image size-large\"><img loading=\"lazy\" decoding=\"async\" width=\"692\" height=\"489\" src=\"https:\/\/www.renouvelle.be\/wp-content\/uploads\/2021\/04\/image-3.jpeg\" alt=\"\" class=\"wp-image-6095\" srcset=\"https:\/\/www.renouvelle.be\/wp-content\/uploads\/2021\/04\/image-3.jpeg 692w, https:\/\/www.renouvelle.be\/wp-content\/uploads\/2021\/04\/image-3-300x212.jpeg 300w\" sizes=\"auto, (max-width: 692px) 100vw, 692px\" \/><figcaption class=\"wp-element-caption\">Chaque tonne de fret transport\u00e9 par bateau consomme 4 \u00e0 6 fois moins d\u2019\u00e9nergie que sur la terre ferme et \u00e9met 2 \u00e0 3 fois moins de CO2 que le transport routier.&nbsp;<\/figcaption><\/figure>\n\n\n\n<h2 class=\"wp-block-heading\"><strong>Des incitants pour les entreprises<\/strong>&nbsp;<\/h2>\n\n\n\n<p>Dans la m\u00eame logique, la Wallonie a renouvel\u00e9 le&nbsp;<a href=\"https:\/\/www.wallonie.be\/fr\/actualites\/20-millions-eu-pour-les-modes-de-transports-fluviaux-et-ferroviaires\" target=\"_blank\" rel=\"noreferrer noopener\">Plan d\u2019aides aux modes de transport alternatifs pour la p\u00e9riode 2021-2025<\/a>, assorti d\u2019un budget total de 20 millions \u20ac. En favorisant l\u2019investissement des entreprises wallonnes dans le d\u00e9veloppement et l\u2019usage des modes de transport moins polluants, le Gouvernement wallon entend ainsi rencontrer des objectifs tant \u00e9conomiques qu&rsquo;environnementaux.&nbsp;<\/p>\n\n\n\n<p>Ce Plan vise \u00e0 inciter les entreprises industrielles et logistiques \u00e0 utiliser davantage le rail ou la voie d&rsquo;eau, \u00e0 d\u00e9velopper le transport fluvial de conteneurs et \u00e0 moderniser la flotte wallonne de navigation int\u00e9rieure qui \u00e9met deux \u00e0 trois fois moins de CO2&nbsp;par tonne transport\u00e9e que le transport routier.&nbsp;<\/p>\n\n\n\n<p>Le Gouvernement wallon a instaur\u00e9 trois primes :&nbsp;<\/p>\n\n\n\n<ul class=\"wp-block-list\">\n<li><strong>Une prime au transport fluvial de conteneurs<\/strong>&nbsp;<br>Aujourd&rsquo;hui, 5 terminaux wallons utilisent une navette fluviale pour transporter des conteneurs entre la Wallonie et Anvers ou Rotterdam. Ce dispositif a \u00e9vit\u00e9 le transport de pr\u00e8s de 100 000 conteneurs par les routes. L&rsquo;objectif est de cr\u00e9er de la valeur ajout\u00e9e et de l&#8217;emploi dans le domaine de la logistique.&nbsp;&nbsp;<br>&nbsp;&nbsp;<\/li>\n\n\n\n<li><strong>Une prime aux investissements dans des \u00e9quipements de transbordement de marchandises<\/strong>&nbsp;<br>En 2018, les entreprises qui ont b\u00e9n\u00e9fici\u00e9 d&rsquo;une prime \u00e0 l&rsquo;investissement dans ce type de mat\u00e9riel ont charg\u00e9 5,5 millions de tonnes sur les transports fluviaux. Cela repr\u00e9sente 220.000 camions en moins sur les routes et 40.000 tonnes de CO2 en moins dans l&rsquo;atmosph\u00e8re, par rapport \u00e0 un transport routier \u00e9quivalent.&nbsp;<br>&nbsp;&nbsp;<\/li>\n\n\n\n<li><strong>Une prime \u00e0 l&rsquo;adaptation technique de la flotte wallonne de navigation int\u00e9rieure<\/strong>&nbsp;<br>Cette prime tend \u00e0 d\u00e9velopper, sp\u00e9cialiser, et verdir la flotte int\u00e9rieure en Belgique&nbsp;car de nombreux bateaux tournent encore avec des moteurs diesel peu efficaces. Les bateaux pourront donc acqu\u00e9rir des moteurs plus&nbsp;performants, ou d&rsquo;autres \u00e9quipements afin de se sp\u00e9cialiser dans certains transports pr\u00e9cis.&nbsp;<\/li>\n<\/ul>\n\n\n\n<p>Pour r\u00e9ussir sa strat\u00e9gie, la Wallonie devra \u00e9galement&nbsp;d\u00e9velopper une expertise&nbsp;de la g\u00e9ographie des flux de marchandises et des prix du transport, pour affiner notamment la connaissance du domaine de pertinence de chaque mode.&nbsp;<\/p>\n\n\n\n<p>Elle pourra alors identifier&nbsp;les flux qui peuvent \u00e9viter la route et s\u2019av\u00e9rer plus comp\u00e9titif par voie fluviale.&nbsp;<\/p>\n\n\n\n<p>Un vaste programme, donc, \u00e0 la hauteur du d\u00e9fi \u00e9nerg\u00e9tique et environnemental.&nbsp;<\/p>\n","protected":false},"excerpt":{"rendered":"<p>En Wallonie, le transport de marchandises repr\u00e9sente 10% de notre mobilit\u00e9. Or ce trafic&nbsp;se fait principalement par route (84%),&nbsp;tandis qu\u2019une petite partie du fret circule par chemin de fer (9%) et par voie fluviale (7%).&nbsp; Les camions sont ainsi responsables de 99 % des \u00e9missions de CO2 du transport terrestre de marchandises, sans compter les autres nuisances pour les habitants : pollution, bruit, vibration,&nbsp;embouteillages, \u2026&nbsp; Et ce transport routier est en croissance :&nbsp;si l\u2019on n\u2019agit pas,&nbsp;il devrait repr\u00e9senter, en 2040,&nbsp;79.5 milliards de&nbsp;tonnes.kilom\u00e8tre, avec une hausse de 20% du trafic !&nbsp; Consciente de ces enjeux, la Wallonie a r\u00e9cemment adopt\u00e9 une&nbsp;Strat\u00e9gie&nbsp;R\u00e9gionale de Mobilit\u00e9 d\u00e9di\u00e9 aux marchandises.&nbsp; Si aucuns objectifs chiffr\u00e9s ne sont fix\u00e9s, cette strat\u00e9gie d\u00e9montre la volont\u00e9 de&nbsp;d\u00e9velopper&nbsp;les modes de transport alternatifs \u00e0 la route&nbsp;afin de r\u00e9duire de mani\u00e8re significative&nbsp;ses \u00e9missions de gaz \u00e0 effet de serre d\u2019ici 2030.&nbsp; Car le transport de&nbsp;marchandises&nbsp;par trains et par&nbsp;bateaux&nbsp;s\u2019av\u00e8re nettement moins \u00e9nergivore et plus \u00e9cologique.&nbsp; La Wallonie compte 450 km de voies navigables&nbsp;et&nbsp;1 665 km de voies ferr\u00e9es reli\u00e9es \u00e0 toute l\u2019Europe.&nbsp;&nbsp; A ce titre, la r\u00e9ouverture en 2022 du&nbsp;Canal Cond\u00e9-Pommer\u0153ul&nbsp;&#8211; ferm\u00e9 durant 40 ans \u2013 offrira un acc\u00e8s&nbsp;fluvial&nbsp;direct entre les bassins \u00e9conomiques wallons et le nord de la France avec la perspective, \u00e0 terme, d\u2019une liaison \u00e0 grand gabarit vers Paris.&nbsp; Sur les voies navigables&nbsp;wallonnes, on constate une diminution du nombre de bateaux, mais une augmentation du tonnage de ces derniers (+ 23 %). Il y a donc moins de circulation, mais plus de \u00ab\u00a0poids lourds\u00a0\u00bb sur nos cours d&rsquo;eau. Cela est li\u00e9 aux am\u00e9liorations op\u00e9r\u00e9es sur nos voies navigables pour permettre le passage de&nbsp;bateaux plus larges.&nbsp; Ces bateaux transportent en majorit\u00e9 des mat\u00e9riaux de construction.&nbsp; Voici des illustrations qui r\u00e9sument bien l\u2019int\u00e9r\u00eat du transport fluvial.&nbsp; Une&nbsp;gestion plus complexe&nbsp; Encore faut-il encourager &hellip; <a href=\"https:\/\/www.renouvelle.be\/fr\/la-wallonie-veut-encourager-le-transport-fluvial\/\" class=\"more-link\">Continue reading<span class=\"screen-reader-text\"> \u00ab\u00a0La Wallonie veut encourager le transport fluvial\u00a0\u00bb<\/span><\/a><\/p>\n","protected":false},"author":3,"featured_media":6092,"comment_status":"closed","ping_status":"closed","sticky":false,"template":"","format":"standard","meta":{"_acf_changed":false,"footnotes":""},"categories":[17],"tags":[],"section":[12],"class_list":["post-6091","post","type-post","status-publish","format-standard","has-post-thumbnail","hentry","category-actualite-en-belgique","section-mobilite"],"acf":[],"yoast_head":"<!-- This site is optimized with the Yoast SEO plugin v27.5 - https:\/\/yoast.com\/product\/yoast-seo-wordpress\/ -->\n<title>La Wallonie veut encourager le transport fluvial - Renouvelle<\/title>\n<meta name=\"robots\" content=\"index, follow, max-snippet:-1, max-image-preview:large, max-video-preview:-1\" \/>\n<link rel=\"canonical\" href=\"https:\/\/www.renouvelle.be\/fr\/la-wallonie-veut-encourager-le-transport-fluvial\/\" \/>\n<meta property=\"og:locale\" content=\"fr_FR\" \/>\n<meta property=\"og:type\" content=\"article\" \/>\n<meta property=\"og:title\" content=\"La Wallonie veut encourager le transport fluvial - Renouvelle\" \/>\n<meta property=\"og:description\" content=\"En Wallonie, le transport de marchandises repr\u00e9sente 10% de notre mobilit\u00e9. Or ce trafic&nbsp;se fait principalement par route (84%),&nbsp;tandis qu\u2019une petite partie du fret circule par chemin de fer (9%) et par voie fluviale (7%).&nbsp; Les camions sont ainsi responsables de 99 % des \u00e9missions de CO2 du transport terrestre de marchandises, sans compter les autres nuisances pour les habitants : pollution, bruit, vibration,&nbsp;embouteillages, \u2026&nbsp; Et ce transport routier est en croissance :&nbsp;si l\u2019on n\u2019agit pas,&nbsp;il devrait repr\u00e9senter, en 2040,&nbsp;79.5 milliards de&nbsp;tonnes.kilom\u00e8tre, avec une hausse de 20% du trafic !&nbsp; Consciente de ces enjeux, la Wallonie a r\u00e9cemment adopt\u00e9 une&nbsp;Strat\u00e9gie&nbsp;R\u00e9gionale de Mobilit\u00e9 d\u00e9di\u00e9 aux marchandises.&nbsp; Si aucuns objectifs chiffr\u00e9s ne sont fix\u00e9s, cette strat\u00e9gie d\u00e9montre la volont\u00e9 de&nbsp;d\u00e9velopper&nbsp;les modes de transport alternatifs \u00e0 la route&nbsp;afin de r\u00e9duire de mani\u00e8re significative&nbsp;ses \u00e9missions de gaz \u00e0 effet de serre d\u2019ici 2030.&nbsp; Car le transport de&nbsp;marchandises&nbsp;par trains et par&nbsp;bateaux&nbsp;s\u2019av\u00e8re nettement moins \u00e9nergivore et plus \u00e9cologique.&nbsp; La Wallonie compte 450 km de voies navigables&nbsp;et&nbsp;1 665 km de voies ferr\u00e9es reli\u00e9es \u00e0 toute l\u2019Europe.&nbsp;&nbsp; A ce titre, la r\u00e9ouverture en 2022 du&nbsp;Canal Cond\u00e9-Pommer\u0153ul&nbsp;&#8211; ferm\u00e9 durant 40 ans \u2013 offrira un acc\u00e8s&nbsp;fluvial&nbsp;direct entre les bassins \u00e9conomiques wallons et le nord de la France avec la perspective, \u00e0 terme, d\u2019une liaison \u00e0 grand gabarit vers Paris.&nbsp; Sur les voies navigables&nbsp;wallonnes, on constate une diminution du nombre de bateaux, mais une augmentation du tonnage de ces derniers (+ 23 %). Il y a donc moins de circulation, mais plus de \u00ab\u00a0poids lourds\u00a0\u00bb sur nos cours d&rsquo;eau. Cela est li\u00e9 aux am\u00e9liorations op\u00e9r\u00e9es sur nos voies navigables pour permettre le passage de&nbsp;bateaux plus larges.&nbsp; Ces bateaux transportent en majorit\u00e9 des mat\u00e9riaux de construction.&nbsp; Voici des illustrations qui r\u00e9sument bien l\u2019int\u00e9r\u00eat du transport fluvial.&nbsp; Une&nbsp;gestion plus complexe&nbsp; Encore faut-il encourager &hellip; Continue reading &quot;La Wallonie veut encourager le transport fluvial&quot;\" \/>\n<meta property=\"og:url\" content=\"https:\/\/www.renouvelle.be\/fr\/la-wallonie-veut-encourager-le-transport-fluvial\/\" \/>\n<meta property=\"og:site_name\" content=\"Renouvelle\" \/>\n<meta property=\"article:published_time\" content=\"2021-04-13T13:04:16+00:00\" \/>\n<meta property=\"article:modified_time\" content=\"2023-06-08T10:51:01+00:00\" \/>\n<meta property=\"og:image\" content=\"https:\/\/www.renouvelle.be\/wp-content\/uploads\/2021\/04\/iStock-1300299356-scaled.jpg\" \/>\n\t<meta property=\"og:image:width\" content=\"2560\" \/>\n\t<meta property=\"og:image:height\" content=\"1555\" \/>\n\t<meta property=\"og:image:type\" content=\"image\/jpeg\" \/>\n<meta name=\"author\" content=\"Energie Commune\" \/>\n<meta name=\"twitter:card\" content=\"summary_large_image\" \/>\n<script type=\"application\/ld+json\" class=\"yoast-schema-graph\">{\"@context\":\"https:\\\/\\\/schema.org\",\"@graph\":[{\"@type\":\"Article\",\"@id\":\"https:\\\/\\\/www.renouvelle.be\\\/fr\\\/la-wallonie-veut-encourager-le-transport-fluvial\\\/#article\",\"isPartOf\":{\"@id\":\"https:\\\/\\\/www.renouvelle.be\\\/fr\\\/la-wallonie-veut-encourager-le-transport-fluvial\\\/\"},\"author\":{\"name\":\"Energie Commune\",\"@id\":\"https:\\\/\\\/www.renouvelle.be\\\/fr\\\/#\\\/schema\\\/person\\\/01fbe8226a07f8f3d4a1cd059b31f17a\"},\"headline\":\"La Wallonie veut encourager le transport fluvial\",\"datePublished\":\"2021-04-13T13:04:16+00:00\",\"dateModified\":\"2023-06-08T10:51:01+00:00\",\"mainEntityOfPage\":{\"@id\":\"https:\\\/\\\/www.renouvelle.be\\\/fr\\\/la-wallonie-veut-encourager-le-transport-fluvial\\\/\"},\"wordCount\":1090,\"image\":{\"@id\":\"https:\\\/\\\/www.renouvelle.be\\\/fr\\\/la-wallonie-veut-encourager-le-transport-fluvial\\\/#primaryimage\"},\"thumbnailUrl\":\"https:\\\/\\\/www.renouvelle.be\\\/wp-content\\\/uploads\\\/2021\\\/04\\\/iStock-1300299356-scaled.jpg\",\"articleSection\":[\"Actualit\u00e9 en Belgique\"],\"inLanguage\":\"fr-FR\"},{\"@type\":\"WebPage\",\"@id\":\"https:\\\/\\\/www.renouvelle.be\\\/fr\\\/la-wallonie-veut-encourager-le-transport-fluvial\\\/\",\"url\":\"https:\\\/\\\/www.renouvelle.be\\\/fr\\\/la-wallonie-veut-encourager-le-transport-fluvial\\\/\",\"name\":\"La Wallonie veut encourager le transport fluvial - Renouvelle\",\"isPartOf\":{\"@id\":\"https:\\\/\\\/www.renouvelle.be\\\/fr\\\/#website\"},\"primaryImageOfPage\":{\"@id\":\"https:\\\/\\\/www.renouvelle.be\\\/fr\\\/la-wallonie-veut-encourager-le-transport-fluvial\\\/#primaryimage\"},\"image\":{\"@id\":\"https:\\\/\\\/www.renouvelle.be\\\/fr\\\/la-wallonie-veut-encourager-le-transport-fluvial\\\/#primaryimage\"},\"thumbnailUrl\":\"https:\\\/\\\/www.renouvelle.be\\\/wp-content\\\/uploads\\\/2021\\\/04\\\/iStock-1300299356-scaled.jpg\",\"datePublished\":\"2021-04-13T13:04:16+00:00\",\"dateModified\":\"2023-06-08T10:51:01+00:00\",\"author\":{\"@id\":\"https:\\\/\\\/www.renouvelle.be\\\/fr\\\/#\\\/schema\\\/person\\\/01fbe8226a07f8f3d4a1cd059b31f17a\"},\"breadcrumb\":{\"@id\":\"https:\\\/\\\/www.renouvelle.be\\\/fr\\\/la-wallonie-veut-encourager-le-transport-fluvial\\\/#breadcrumb\"},\"inLanguage\":\"fr-FR\",\"potentialAction\":[{\"@type\":\"ReadAction\",\"target\":[\"https:\\\/\\\/www.renouvelle.be\\\/fr\\\/la-wallonie-veut-encourager-le-transport-fluvial\\\/\"]}]},{\"@type\":\"ImageObject\",\"inLanguage\":\"fr-FR\",\"@id\":\"https:\\\/\\\/www.renouvelle.be\\\/fr\\\/la-wallonie-veut-encourager-le-transport-fluvial\\\/#primaryimage\",\"url\":\"https:\\\/\\\/www.renouvelle.be\\\/wp-content\\\/uploads\\\/2021\\\/04\\\/iStock-1300299356-scaled.jpg\",\"contentUrl\":\"https:\\\/\\\/www.renouvelle.be\\\/wp-content\\\/uploads\\\/2021\\\/04\\\/iStock-1300299356-scaled.jpg\",\"width\":2560,\"height\":1555,\"caption\":\"Symbolic Transport Industry\"},{\"@type\":\"BreadcrumbList\",\"@id\":\"https:\\\/\\\/www.renouvelle.be\\\/fr\\\/la-wallonie-veut-encourager-le-transport-fluvial\\\/#breadcrumb\",\"itemListElement\":[{\"@type\":\"ListItem\",\"position\":1,\"name\":\"Accueil\",\"item\":\"https:\\\/\\\/www.renouvelle.be\\\/fr\\\/\"},{\"@type\":\"ListItem\",\"position\":2,\"name\":\"La Wallonie veut encourager le transport fluvial\"}]},{\"@type\":\"WebSite\",\"@id\":\"https:\\\/\\\/www.renouvelle.be\\\/fr\\\/#website\",\"url\":\"https:\\\/\\\/www.renouvelle.be\\\/fr\\\/\",\"name\":\"Renouvelle\",\"description\":\"L&#039;actualit\u00e9 de l&#039;\u00e9nergie durable\",\"potentialAction\":[{\"@type\":\"SearchAction\",\"target\":{\"@type\":\"EntryPoint\",\"urlTemplate\":\"https:\\\/\\\/www.renouvelle.be\\\/fr\\\/?s={search_term_string}\"},\"query-input\":{\"@type\":\"PropertyValueSpecification\",\"valueRequired\":true,\"valueName\":\"search_term_string\"}}],\"inLanguage\":\"fr-FR\"},{\"@type\":\"Person\",\"@id\":\"https:\\\/\\\/www.renouvelle.be\\\/fr\\\/#\\\/schema\\\/person\\\/01fbe8226a07f8f3d4a1cd059b31f17a\",\"name\":\"Energie Commune\",\"url\":\"https:\\\/\\\/www.renouvelle.be\\\/fr\\\/author\\\/apere\\\/\"}]}<\/script>\n<!-- \/ Yoast SEO plugin. -->","yoast_head_json":{"title":"La Wallonie veut encourager le transport fluvial - Renouvelle","robots":{"index":"index","follow":"follow","max-snippet":"max-snippet:-1","max-image-preview":"max-image-preview:large","max-video-preview":"max-video-preview:-1"},"canonical":"https:\/\/www.renouvelle.be\/fr\/la-wallonie-veut-encourager-le-transport-fluvial\/","og_locale":"fr_FR","og_type":"article","og_title":"La Wallonie veut encourager le transport fluvial - Renouvelle","og_description":"En Wallonie, le transport de marchandises repr\u00e9sente 10% de notre mobilit\u00e9. Or ce trafic&nbsp;se fait principalement par route (84%),&nbsp;tandis qu\u2019une petite partie du fret circule par chemin de fer (9%) et par voie fluviale (7%).&nbsp; Les camions sont ainsi responsables de 99 % des \u00e9missions de CO2 du transport terrestre de marchandises, sans compter les autres nuisances pour les habitants : pollution, bruit, vibration,&nbsp;embouteillages, \u2026&nbsp; Et ce transport routier est en croissance :&nbsp;si l\u2019on n\u2019agit pas,&nbsp;il devrait repr\u00e9senter, en 2040,&nbsp;79.5 milliards de&nbsp;tonnes.kilom\u00e8tre, avec une hausse de 20% du trafic !&nbsp; Consciente de ces enjeux, la Wallonie a r\u00e9cemment adopt\u00e9 une&nbsp;Strat\u00e9gie&nbsp;R\u00e9gionale de Mobilit\u00e9 d\u00e9di\u00e9 aux marchandises.&nbsp; Si aucuns objectifs chiffr\u00e9s ne sont fix\u00e9s, cette strat\u00e9gie d\u00e9montre la volont\u00e9 de&nbsp;d\u00e9velopper&nbsp;les modes de transport alternatifs \u00e0 la route&nbsp;afin de r\u00e9duire de mani\u00e8re significative&nbsp;ses \u00e9missions de gaz \u00e0 effet de serre d\u2019ici 2030.&nbsp; Car le transport de&nbsp;marchandises&nbsp;par trains et par&nbsp;bateaux&nbsp;s\u2019av\u00e8re nettement moins \u00e9nergivore et plus \u00e9cologique.&nbsp; La Wallonie compte 450 km de voies navigables&nbsp;et&nbsp;1 665 km de voies ferr\u00e9es reli\u00e9es \u00e0 toute l\u2019Europe.&nbsp;&nbsp; A ce titre, la r\u00e9ouverture en 2022 du&nbsp;Canal Cond\u00e9-Pommer\u0153ul&nbsp;&#8211; ferm\u00e9 durant 40 ans \u2013 offrira un acc\u00e8s&nbsp;fluvial&nbsp;direct entre les bassins \u00e9conomiques wallons et le nord de la France avec la perspective, \u00e0 terme, d\u2019une liaison \u00e0 grand gabarit vers Paris.&nbsp; Sur les voies navigables&nbsp;wallonnes, on constate une diminution du nombre de bateaux, mais une augmentation du tonnage de ces derniers (+ 23 %). Il y a donc moins de circulation, mais plus de \u00ab\u00a0poids lourds\u00a0\u00bb sur nos cours d&rsquo;eau. Cela est li\u00e9 aux am\u00e9liorations op\u00e9r\u00e9es sur nos voies navigables pour permettre le passage de&nbsp;bateaux plus larges.&nbsp; Ces bateaux transportent en majorit\u00e9 des mat\u00e9riaux de construction.&nbsp; Voici des illustrations qui r\u00e9sument bien l\u2019int\u00e9r\u00eat du transport fluvial.&nbsp; Une&nbsp;gestion plus complexe&nbsp; Encore faut-il encourager &hellip; Continue reading \"La Wallonie veut encourager le transport fluvial\"","og_url":"https:\/\/www.renouvelle.be\/fr\/la-wallonie-veut-encourager-le-transport-fluvial\/","og_site_name":"Renouvelle","article_published_time":"2021-04-13T13:04:16+00:00","article_modified_time":"2023-06-08T10:51:01+00:00","og_image":[{"width":2560,"height":1555,"url":"https:\/\/www.renouvelle.be\/wp-content\/uploads\/2021\/04\/iStock-1300299356-scaled.jpg","type":"image\/jpeg"}],"author":"Energie Commune","twitter_card":"summary_large_image","schema":{"@context":"https:\/\/schema.org","@graph":[{"@type":"Article","@id":"https:\/\/www.renouvelle.be\/fr\/la-wallonie-veut-encourager-le-transport-fluvial\/#article","isPartOf":{"@id":"https:\/\/www.renouvelle.be\/fr\/la-wallonie-veut-encourager-le-transport-fluvial\/"},"author":{"name":"Energie Commune","@id":"https:\/\/www.renouvelle.be\/fr\/#\/schema\/person\/01fbe8226a07f8f3d4a1cd059b31f17a"},"headline":"La Wallonie veut encourager le transport fluvial","datePublished":"2021-04-13T13:04:16+00:00","dateModified":"2023-06-08T10:51:01+00:00","mainEntityOfPage":{"@id":"https:\/\/www.renouvelle.be\/fr\/la-wallonie-veut-encourager-le-transport-fluvial\/"},"wordCount":1090,"image":{"@id":"https:\/\/www.renouvelle.be\/fr\/la-wallonie-veut-encourager-le-transport-fluvial\/#primaryimage"},"thumbnailUrl":"https:\/\/www.renouvelle.be\/wp-content\/uploads\/2021\/04\/iStock-1300299356-scaled.jpg","articleSection":["Actualit\u00e9 en Belgique"],"inLanguage":"fr-FR"},{"@type":"WebPage","@id":"https:\/\/www.renouvelle.be\/fr\/la-wallonie-veut-encourager-le-transport-fluvial\/","url":"https:\/\/www.renouvelle.be\/fr\/la-wallonie-veut-encourager-le-transport-fluvial\/","name":"La Wallonie veut encourager le transport fluvial - Renouvelle","isPartOf":{"@id":"https:\/\/www.renouvelle.be\/fr\/#website"},"primaryImageOfPage":{"@id":"https:\/\/www.renouvelle.be\/fr\/la-wallonie-veut-encourager-le-transport-fluvial\/#primaryimage"},"image":{"@id":"https:\/\/www.renouvelle.be\/fr\/la-wallonie-veut-encourager-le-transport-fluvial\/#primaryimage"},"thumbnailUrl":"https:\/\/www.renouvelle.be\/wp-content\/uploads\/2021\/04\/iStock-1300299356-scaled.jpg","datePublished":"2021-04-13T13:04:16+00:00","dateModified":"2023-06-08T10:51:01+00:00","author":{"@id":"https:\/\/www.renouvelle.be\/fr\/#\/schema\/person\/01fbe8226a07f8f3d4a1cd059b31f17a"},"breadcrumb":{"@id":"https:\/\/www.renouvelle.be\/fr\/la-wallonie-veut-encourager-le-transport-fluvial\/#breadcrumb"},"inLanguage":"fr-FR","potentialAction":[{"@type":"ReadAction","target":["https:\/\/www.renouvelle.be\/fr\/la-wallonie-veut-encourager-le-transport-fluvial\/"]}]},{"@type":"ImageObject","inLanguage":"fr-FR","@id":"https:\/\/www.renouvelle.be\/fr\/la-wallonie-veut-encourager-le-transport-fluvial\/#primaryimage","url":"https:\/\/www.renouvelle.be\/wp-content\/uploads\/2021\/04\/iStock-1300299356-scaled.jpg","contentUrl":"https:\/\/www.renouvelle.be\/wp-content\/uploads\/2021\/04\/iStock-1300299356-scaled.jpg","width":2560,"height":1555,"caption":"Symbolic Transport Industry"},{"@type":"BreadcrumbList","@id":"https:\/\/www.renouvelle.be\/fr\/la-wallonie-veut-encourager-le-transport-fluvial\/#breadcrumb","itemListElement":[{"@type":"ListItem","position":1,"name":"Accueil","item":"https:\/\/www.renouvelle.be\/fr\/"},{"@type":"ListItem","position":2,"name":"La Wallonie veut encourager le transport fluvial"}]},{"@type":"WebSite","@id":"https:\/\/www.renouvelle.be\/fr\/#website","url":"https:\/\/www.renouvelle.be\/fr\/","name":"Renouvelle","description":"L&#039;actualit\u00e9 de l&#039;\u00e9nergie durable","potentialAction":[{"@type":"SearchAction","target":{"@type":"EntryPoint","urlTemplate":"https:\/\/www.renouvelle.be\/fr\/?s={search_term_string}"},"query-input":{"@type":"PropertyValueSpecification","valueRequired":true,"valueName":"search_term_string"}}],"inLanguage":"fr-FR"},{"@type":"Person","@id":"https:\/\/www.renouvelle.be\/fr\/#\/schema\/person\/01fbe8226a07f8f3d4a1cd059b31f17a","name":"Energie Commune","url":"https:\/\/www.renouvelle.be\/fr\/author\/apere\/"}]}},"_links":{"self":[{"href":"https:\/\/www.renouvelle.be\/fr\/wp-json\/wp\/v2\/posts\/6091","targetHints":{"allow":["GET"]}}],"collection":[{"href":"https:\/\/www.renouvelle.be\/fr\/wp-json\/wp\/v2\/posts"}],"about":[{"href":"https:\/\/www.renouvelle.be\/fr\/wp-json\/wp\/v2\/types\/post"}],"author":[{"embeddable":true,"href":"https:\/\/www.renouvelle.be\/fr\/wp-json\/wp\/v2\/users\/3"}],"replies":[{"embeddable":true,"href":"https:\/\/www.renouvelle.be\/fr\/wp-json\/wp\/v2\/comments?post=6091"}],"version-history":[{"count":5,"href":"https:\/\/www.renouvelle.be\/fr\/wp-json\/wp\/v2\/posts\/6091\/revisions"}],"predecessor-version":[{"id":9562,"href":"https:\/\/www.renouvelle.be\/fr\/wp-json\/wp\/v2\/posts\/6091\/revisions\/9562"}],"wp:featuredmedia":[{"embeddable":true,"href":"https:\/\/www.renouvelle.be\/fr\/wp-json\/wp\/v2\/media\/6092"}],"wp:attachment":[{"href":"https:\/\/www.renouvelle.be\/fr\/wp-json\/wp\/v2\/media?parent=6091"}],"wp:term":[{"taxonomy":"category","embeddable":true,"href":"https:\/\/www.renouvelle.be\/fr\/wp-json\/wp\/v2\/categories?post=6091"},{"taxonomy":"post_tag","embeddable":true,"href":"https:\/\/www.renouvelle.be\/fr\/wp-json\/wp\/v2\/tags?post=6091"},{"taxonomy":"section","embeddable":true,"href":"https:\/\/www.renouvelle.be\/fr\/wp-json\/wp\/v2\/section?post=6091"}],"curies":[{"name":"wp","href":"https:\/\/api.w.org\/{rel}","templated":true}]}}