{"id":5922,"date":"2021-03-19T11:59:11","date_gmt":"2021-03-19T10:59:11","guid":{"rendered":"https:\/\/www.renouvelle.be\/?p=5922"},"modified":"2023-06-09T16:02:10","modified_gmt":"2023-06-09T14:02:10","slug":"le-bifacial-vertical-dans-lagrivoltaisme","status":"publish","type":"post","link":"https:\/\/www.renouvelle.be\/fr\/le-bifacial-vertical-dans-lagrivoltaisme\/","title":{"rendered":"D&rsquo;o\u00f9 l&rsquo;int\u00e9r\u00eat du bifacial vertical dans l\u2019agrivolta\u00efsme"},"content":{"rendered":"\n<p>Dans un pr\u00e9c\u00e9dent article, nous avions vu qu\u2019installer du photovolta\u00efque,&nbsp;sur des b\u00e2timents ou des terrains agricoles,&nbsp;permet de combiner deux activit\u00e9s : produire de l\u2019\u00e9lectricit\u00e9 et d\u00e9velopper une culture ou un \u00e9levage.&nbsp;&nbsp;<\/p>\n\n\n\n<p>Nous en avions conclu que les syst\u00e8mes&nbsp;photovolta\u00efques&nbsp;sur des toitures de b\u00e2timents agricoles restaient le meilleur compromis d\u2019un point&nbsp;de&nbsp;vue&nbsp;production et co\u00fbt d\u2019installation par&nbsp;unit\u00e9 de&nbsp;surface utilis\u00e9e.&nbsp;En effet,&nbsp;les d\u00e9penses d\u2019investissement sont&nbsp;r\u00e9duites, et l\u2019activit\u00e9&nbsp;d\u2019\u00e9levage&nbsp;est maintenue \u00e0 l\u2019identique.&nbsp;&nbsp;<\/p>\n\n\n\n<p>Pour l\u2019int\u00e9gration du&nbsp;photovolta\u00efque&nbsp;au-dessus des surfaces mara\u00eech\u00e8res, la n\u00e9cessit\u00e9 d\u2019espacer les rang\u00e9es de panneaux&nbsp;engendrait un co\u00fbt d\u2019installation plus \u00e9lev\u00e9 pour une plus faible production par m\u00b2 de terre cultiv\u00e9e.&nbsp;Dans ce dernier cas,&nbsp;la production de l\u00e9gumes&nbsp;pouvait,&nbsp;suivant la vari\u00e9t\u00e9,&nbsp;\u00eatre&nbsp;l\u00e9g\u00e8rement r\u00e9duite par un plus faible percement des rayons solaire sur le sol&nbsp;(lire notre article&nbsp;<a href=\"https:\/\/www.renouvelle.be\/fr\/technologies\/agrivoltaisme-quelles-applications-possibles-en-belgique\">Agrivolta\u00efsme : Quelles applications possibles en Belgique ?<\/a>).&nbsp;<\/p>\n\n\n\n<p>Mais il existe une troisi\u00e8me technique assez particuli\u00e8re, qui commence \u00e0 se d\u00e9velopper dans nos pays voisins&nbsp;: des panneaux bifaciaux verticaux sur des champs agricoles&nbsp;(voir illustration ci-dessus). Cette technique&nbsp;int\u00e9gr\u00e9e \u00e0 l\u2019agriculture&nbsp;poss\u00e8de des avantages et inconv\u00e9nients que nous expliquons ci-apr\u00e8s.&nbsp;<\/p>\n\n\n\n<h2 class=\"wp-block-heading\"><strong>Le b<\/strong><strong>ifacial vertical<\/strong><strong>,<\/strong><strong>&nbsp;pour une production&nbsp;<\/strong><strong>\u00e9lectrique&nbsp;<\/strong><strong>d\u00e9cal\u00e9e<\/strong><strong>&nbsp;dans la journ\u00e9e<\/strong>&nbsp;<\/h2>\n\n\n\n<p>La technologie bifaciale&nbsp;permet de produire de l\u2019\u00e9lectricit\u00e9 \u00e0 partir des deux faces du panneau, ce qui le rend plus performant&nbsp;(voir&nbsp;<a href=\"https:\/\/www.renouvelle.be\/fr\/technologies\/photovoltaique-le-bifacial-promis-a-un-bel-avenir\" target=\"_blank\" rel=\"noreferrer noopener\">Photovolta\u00efque\u202f: le bifacial promis \u00e0 un bel avenir.<\/a>).&nbsp;&nbsp;<\/p>\n\n\n\n<p>Cette bifacialit\u00e9 est g\u00e9n\u00e9ralement utilis\u00e9e&nbsp;pour des projets \u00e0 structure fixe ou&nbsp;tracking, disposant d\u2019une inclinaison entre 30\u00b0 et 60\u00b0 pour garantir une l\u00e9g\u00e8re production suppl\u00e9mentaire de la face arri\u00e8re.&nbsp;&nbsp;<\/p>\n\n\n\n<p>Mais dans le cas de l\u2019agrivolta\u00efsme, les panneaux peuvent \u00eatre mis \u00e0 la verticale pour r\u00e9duire l\u2019emprise des structures sur le sol. Les rang\u00e9es de panneaux peuvent \u00eatre espac\u00e9e de&nbsp;7 \u00e0 15&nbsp;m entre elles pour r\u00e9duire l\u2019effet de l\u2019ombrage port\u00e9 sur les panneaux&nbsp;et permettre aux&nbsp;engins agricoles de man\u0153uvrer sans probl\u00e8me&nbsp;(exemple ci-dessous).&nbsp;<\/p>\n\n\n\n<figure class=\"wp-block-image size-large is-resized\"><img loading=\"lazy\" decoding=\"async\" src=\"https:\/\/www.renouvelle.be\/wp-content\/uploads\/2021\/03\/Wintertime-Pilot-plant-Losheim-am-See-1024x768.jpeg\" alt=\"\" class=\"wp-image-5925\" width=\"617\" height=\"463\" srcset=\"https:\/\/www.renouvelle.be\/wp-content\/uploads\/2021\/03\/Wintertime-Pilot-plant-Losheim-am-See-1024x768.jpeg 1024w, https:\/\/www.renouvelle.be\/wp-content\/uploads\/2021\/03\/Wintertime-Pilot-plant-Losheim-am-See-300x225.jpeg 300w, https:\/\/www.renouvelle.be\/wp-content\/uploads\/2021\/03\/Wintertime-Pilot-plant-Losheim-am-See-768x576.jpeg 768w, https:\/\/www.renouvelle.be\/wp-content\/uploads\/2021\/03\/Wintertime-Pilot-plant-Losheim-am-See-1536x1152.jpeg 1536w, https:\/\/www.renouvelle.be\/wp-content\/uploads\/2021\/03\/Wintertime-Pilot-plant-Losheim-am-See-1200x900.jpeg 1200w, https:\/\/www.renouvelle.be\/wp-content\/uploads\/2021\/03\/Wintertime-Pilot-plant-Losheim-am-See.jpeg 1920w\" sizes=\"auto, (max-width: 617px) 100vw, 617px\" \/><figcaption class=\"wp-element-caption\">Photo : Next2Sun<\/figcaption><\/figure>\n\n\n\n<p>La verticalit\u00e9 de ces panneaux et leur orientation&nbsp;auront&nbsp;une&nbsp;incidence&nbsp;sur la production&nbsp;journali\u00e8re&nbsp;d\u2019\u00e9lectricit\u00e9.&nbsp;Si on les&nbsp;oriente face avant (la plus productive) vers l\u2019Est, et la face arri\u00e8re (moins productive) ver l\u2019Ouest, on verra appara\u00eetre deux pics de production journali\u00e8re.&nbsp;&nbsp;<\/p>\n\n\n\n<p>Le premier a lieu en matin\u00e9e lorsque le soleil se retrouve&nbsp;perpendiculaire au panneau, et le second en fin d\u2019apr\u00e8s midi&nbsp;sur l\u2019autre face&nbsp;(voir sch\u00e9ma ci-dessous).&nbsp;<\/p>\n\n\n\n<figure class=\"wp-block-image size-large\"><img loading=\"lazy\" decoding=\"async\" width=\"492\" height=\"216\" src=\"https:\/\/www.renouvelle.be\/wp-content\/uploads\/2021\/03\/graph.jpg\" alt=\"\" class=\"wp-image-5927\" srcset=\"https:\/\/www.renouvelle.be\/wp-content\/uploads\/2021\/03\/graph.jpg 492w, https:\/\/www.renouvelle.be\/wp-content\/uploads\/2021\/03\/graph-300x132.jpg 300w\" sizes=\"auto, (max-width: 492px) 100vw, 492px\" \/><\/figure>\n\n\n\n<p>Certes, la&nbsp;puissance atteinte par chacune des faces sera&nbsp;r\u00e9duite par rapport \u00e0 la puissance nominale du panneau en condition optimal (inclin\u00e9 \u00e0&nbsp;35\u00b0 plein sud), mais sur une journ\u00e9e enti\u00e8re, la quantit\u00e9 d\u2019\u00e9lectricit\u00e9&nbsp;sera&nbsp;proche&nbsp;des condition optimales&nbsp;(-5 \u00e0 -10% de perte&nbsp;en Belgique par rapport \u00e0 un panneau monofacial plein Sud).&nbsp;&nbsp;Et donc,&nbsp;pour une surface occup\u00e9e moindre, les panneaux verticaux peuvent produire l\u2019\u00e9quivalent des panneaux monofaciaux.&nbsp;<\/p>\n\n\n\n<h2 class=\"wp-block-heading\"><strong>Une orientation&nbsp;<\/strong><strong>Est-Ouest<\/strong>&nbsp;<\/h2>\n\n\n\n<p>Dans le cas d\u2019une orientation Est-Ouest, l\u2019ombrage&nbsp;engendr\u00e9 par les panneaux en matin\u00e9e et en fin de journ\u00e9e, d\u00fb&nbsp;\u00e0 une faible inclinaison du soleil au moment o\u00f9 celui-ci est&nbsp;perpendiculaire aux panneaux, n\u00e9cessite d\u2019espacer les rang\u00e9es de 15m suivant la hauteur des syst\u00e8mes. Ce qui r\u00e9duit la densit\u00e9 de production par unit\u00e9 de surface, mais privil\u00e9gie l\u2019exploitation agricole des terres.&nbsp;&nbsp;<\/p>\n\n\n\n<p>Si l\u2019on dispose d\u2019un hectare de terrain, on aura ainsi plus de production avec une installation dite en terrasse que en bifacial vertical. Mais dans un contexte o\u00f9 le terrain poss\u00e8de une valeur agricole, la bifacialit\u00e9 verticale donne un avantage sur les centrales solaires au sol car l\u2019activit\u00e9 agricole est maintenue.&nbsp;<\/p>\n\n\n\n<p>Cette configuration permet \u00e9galement de&nbsp;cr\u00e9er un pic de production plus en phase avec la demande d\u2019\u00e9lectricit\u00e9 qui a lieu en fin de journ\u00e9e.&nbsp;<\/p>\n\n\n\n<figure class=\"wp-block-image size-large\"><img loading=\"lazy\" decoding=\"async\" width=\"1024\" height=\"685\" src=\"https:\/\/www.renouvelle.be\/wp-content\/uploads\/2021\/03\/Mowing-Between-Module-Rows-1024x685.jpeg\" alt=\"\" class=\"wp-image-5929\" srcset=\"https:\/\/www.renouvelle.be\/wp-content\/uploads\/2021\/03\/Mowing-Between-Module-Rows-1024x685.jpeg 1024w, https:\/\/www.renouvelle.be\/wp-content\/uploads\/2021\/03\/Mowing-Between-Module-Rows-300x201.jpeg 300w, https:\/\/www.renouvelle.be\/wp-content\/uploads\/2021\/03\/Mowing-Between-Module-Rows-768x514.jpeg 768w, https:\/\/www.renouvelle.be\/wp-content\/uploads\/2021\/03\/Mowing-Between-Module-Rows-1536x1028.jpeg 1536w, https:\/\/www.renouvelle.be\/wp-content\/uploads\/2021\/03\/Mowing-Between-Module-Rows-1200x803.jpeg 1200w, https:\/\/www.renouvelle.be\/wp-content\/uploads\/2021\/03\/Mowing-Between-Module-Rows.jpeg 1920w\" sizes=\"auto, (max-width: 1024px) 100vw, 1024px\" \/><figcaption class=\"wp-element-caption\">Photo : Next2Sun<\/figcaption><\/figure>\n\n\n\n<h2 class=\"wp-block-heading\"><strong>Une orientation&nbsp;<\/strong><strong>Nord-sud<\/strong>&nbsp;<\/h2>\n\n\n\n<p>Un m\u00eame panneau vertical orient\u00e9&nbsp;Nord-Sud&nbsp;(face avant Sud, face arri\u00e8re Nord)&nbsp; produira moins d\u2019\u00e9lectricit\u00e9&nbsp;sur une journ\u00e9e, mais&nbsp;l\u2019effet d\u2019ombre&nbsp;port\u00e9e&nbsp;\u00e9tant moindre, d\u00fb&nbsp;au soleil tr\u00e8s haut \u00e0 midi, les rang\u00e9es peuvent \u00eatre rapproch\u00e9es jusqu\u2019\u00e0 7&nbsp;m pour densifier la production.&nbsp;&nbsp;<\/p>\n\n\n\n<p>Cette configuration&nbsp;n\u2019\u00e9largit&nbsp;pas la p\u00e9riode de production journali\u00e8re et aurait tendance \u00e0 restreindre l\u2019espace pour la culture.&nbsp;La&nbsp;baisse de la production&nbsp;d\u2019\u00e9lectricit\u00e9&nbsp;serait donc combl\u00e9e par une densification plus importante des&nbsp;panneaux,&nbsp;ce qui limite cependant&nbsp;le charroi agricole.&nbsp;Ce type de configuration s\u2019acclimate donc bien avec des espaces demandant peu d&rsquo;envergure pour les engins agricoles.&nbsp;<\/p>\n\n\n\n<p>Savoir si l\u2019une des orientations est plus productive que l\u2019autre, demande l\u2019utilisation d\u2019un outil de simulation qui permettra de&nbsp;comparer les gains des deux syst\u00e8mes.&nbsp;<\/p>\n\n\n\n<h2 class=\"wp-block-heading\"><strong>Et si les sillons des champs ne sont pas dans ces orientations l\u00e0\u202f?<\/strong>&nbsp;<\/h2>\n\n\n\n<p>G\u00e9n\u00e9ralement,&nbsp;les panneaux sont orient\u00e9s&nbsp;suivant les sillons des champs cultiv\u00e9s. De cette mani\u00e8re, le&nbsp;cultivateur peut&nbsp;circuler dans le m\u00eame sens que&nbsp;son chemin habituel.&nbsp;&nbsp;<\/p>\n\n\n\n<p>Les&nbsp;orientations&nbsp;d\u00e9crites ci-dessus&nbsp;ne sont&nbsp;donc que&nbsp;tr\u00e8s peu rencontr\u00e9es.&nbsp;On privil\u00e8gera toujours la face la plus productive (face avant)&nbsp;orient\u00e9e le plus vers&nbsp;le Sud,&nbsp;pour&nbsp;ainsi augmenter les gains&nbsp;totaux de production. En effet,&nbsp;la face qui produit moins d\u2019\u00e9lectricit\u00e9 (face arri\u00e8re) sera moins impact\u00e9e&nbsp;par une orientation&nbsp;plus d\u00e9favorable&nbsp;au Nord. En d\u2019autres termes,&nbsp;les&nbsp;panneaux&nbsp;peuvent \u00eatre&nbsp;orient\u00e9s&nbsp;Sud-Est&nbsp;(face&nbsp;avant) et Nord-Ouest&nbsp;(&nbsp;face&nbsp;arri\u00e8re).&nbsp;&nbsp;<\/p>\n\n\n\n<figure class=\"wp-block-image size-large\"><img loading=\"lazy\" decoding=\"async\" width=\"525\" height=\"390\" src=\"https:\/\/www.renouvelle.be\/wp-content\/uploads\/2021\/03\/illu.jpg\" alt=\"\" class=\"wp-image-5931\" srcset=\"https:\/\/www.renouvelle.be\/wp-content\/uploads\/2021\/03\/illu.jpg 525w, https:\/\/www.renouvelle.be\/wp-content\/uploads\/2021\/03\/illu-300x223.jpg 300w\" sizes=\"auto, (max-width: 525px) 100vw, 525px\" \/><figcaption class=\"wp-element-caption\">Maquette 3D de panneaux bifaciaux verticaux sur une surface agricole. Illustration : LuciSun<\/figcaption><\/figure>\n\n\n\n<h2 class=\"wp-block-heading\"><strong>Diversifier l\u2019orientation des panneaux<\/strong>&nbsp;<\/h2>\n\n\n\n<p>Comment choisir l\u2019orientation des panneaux&nbsp;et donc les moments de production&nbsp;? Dans le cas d\u2019un agriculteur, il est plus int\u00e9ressant de&nbsp;cibler les heures o\u00f9 la production solaire est&nbsp;revaloris\u00e9e&nbsp;\u00e0 un bon prix, afin de la revendre \u00e0 son fournisseur avec un b\u00e9n\u00e9fice.&nbsp;<\/p>\n\n\n\n<p>La pointe de demande en \u00e9lectricit\u00e9 est g\u00e9n\u00e9ralement&nbsp;localis\u00e9e en fin d\u2019apr\u00e8s midi et d\u00e9but de soir\u00e9e,&nbsp;lorsque les m\u00e9nages rentrent chez eux et comment \u00e0 consommer, cuisiner, etc. Ce contexte&nbsp;laisse \u00e0 penser qu\u2019une orientation avec la face avant&nbsp;vers l\u2019Ouest&nbsp;(ou&nbsp;Sud-Ouest)&nbsp;peut&nbsp;\u00eatre plus favorable pour&nbsp;produire lors de ce pic de consommation, revendre l\u2019\u00e9lectricit\u00e9 solaire au meilleur prix&nbsp;et participer&nbsp;\u00e0&nbsp;l\u2019\u00e9quilibre du r\u00e9seau.&nbsp;&nbsp;<\/p>\n\n\n\n<p>En 2030, la production photovolta\u00efque sera beaucoup plus importante qu\u2019aujourd\u2019hui, or nous voyons d\u00e9j\u00e0,&nbsp;certains jours,&nbsp;des prix de l\u2019\u00e9lectricit\u00e9 qui deviennent n\u00e9gatifs en p\u00e9riode de surproduction solaire&nbsp;(\u00e0 midi)&nbsp;d\u00fb \u00e0 une orientation majoritairement plein Sud. Diversifier l\u2019orientation des panneaux gr\u00e2ce&nbsp;aux panneaux bifaciaux verticaux&nbsp;permettra de lisser les pics de production&nbsp;sur une plus longue p\u00e9riode&nbsp;(voir sch\u00e9ma ci-dessous).&nbsp;&nbsp;<\/p>\n\n\n\n<figure class=\"wp-block-image size-large\"><img loading=\"lazy\" decoding=\"async\" width=\"486\" height=\"294\" src=\"https:\/\/www.renouvelle.be\/wp-content\/uploads\/2021\/03\/graph2-2.jpg\" alt=\"\" class=\"wp-image-5933\" srcset=\"https:\/\/www.renouvelle.be\/wp-content\/uploads\/2021\/03\/graph2-2.jpg 486w, https:\/\/www.renouvelle.be\/wp-content\/uploads\/2021\/03\/graph2-2-300x181.jpg 300w, https:\/\/www.renouvelle.be\/wp-content\/uploads\/2021\/03\/graph2-2-330x200.jpg 330w\" sizes=\"auto, (max-width: 486px) 100vw, 486px\" \/><figcaption class=\"wp-element-caption\">Comparaison de la puissance de sortie de panneaux bifaciaux\/monofaciaux avec la pointe de demande du r\u00e9seau.<\/figcaption><\/figure>\n\n\n\n<h2 class=\"wp-block-heading\"><strong>Qu\u2019en&nbsp;est-il de&nbsp;la structure de ces panneaux\u202f?<\/strong>&nbsp;<\/h2>\n\n\n\n<p>Il y a un bon compromis \u00e0 trouver entre&nbsp;la hauteur de la structure et&nbsp;le rendement de production agricole.&nbsp;&nbsp;<\/p>\n\n\n\n<p>G\u00e9n\u00e9ralement,&nbsp;on essayera de garder une hauteur libre (sans obstacle pour la lumi\u00e8re) de 1&nbsp;m au sol,&nbsp;cela permet&nbsp;de laisser passer les rayons lumineux sous le premier panneau, et atteindre ainsi les plantes situ\u00e9es derri\u00e8re, ou bien d\u2019\u00eatre r\u00e9fl\u00e9chis sur le sol pour atteindre les panneaux de la rang\u00e9e suivante.&nbsp;&nbsp;C\u2019est donc \u00e0 partir de cette hauteur que l\u2019on vient placer le premier panneau.&nbsp;Les structures sont compos\u00e9es&nbsp;de deux \u00e9tages de panneaux pour maximiser la production sur l\u2019espace&nbsp;utilis\u00e9 (voir illustration ci-dessous).&nbsp;&nbsp;<\/p>\n\n\n\n<figure class=\"wp-block-image size-large\"><img loading=\"lazy\" decoding=\"async\" width=\"267\" height=\"351\" src=\"https:\/\/www.renouvelle.be\/wp-content\/uploads\/2021\/03\/graph3.jpg\" alt=\"\" class=\"wp-image-5935\" srcset=\"https:\/\/www.renouvelle.be\/wp-content\/uploads\/2021\/03\/graph3.jpg 267w, https:\/\/www.renouvelle.be\/wp-content\/uploads\/2021\/03\/graph3-228x300.jpg 228w\" sizes=\"auto, (max-width: 267px) 100vw, 267px\" \/><\/figure>\n\n\n\n<h2 class=\"wp-block-heading\"><strong>Pourquoi ne pas ajouter un troisi\u00e8me \u00e9tage\u202f?<\/strong>&nbsp;&nbsp;&nbsp;<\/h2>\n\n\n\n<p>Il est normal que la hauteur ne doive pas exc\u00e9der les 3&nbsp;m&nbsp;(1&nbsp;m de hauteur libre + 2 x 1 m de panneaux), ce qui permet \u00e0 la structure\u202f:&nbsp;<\/p>\n\n\n\n<ul class=\"wp-block-list\">\n<li>de r\u00e9duire son impact&nbsp;visuel&nbsp;sur l\u2019environnement&nbsp;;&nbsp;<\/li>\n\n\n\n<li>de ne&nbsp;pas \u00eatre surdimensionn\u00e9e&nbsp;pour r\u00e9sister aux efforts de vents&nbsp;(les&nbsp;premi\u00e8res rang\u00e9es&nbsp;de panneaux sont les plus sensibles&nbsp;et r\u00e9sistent tr\u00e8s mal \u00e0 la flexion et \u00e0 la torsion, au-del\u00e0&nbsp;le vent se trouve \u00eatre ralenti).&nbsp;<\/li>\n\n\n\n<li>de r\u00e9duire le temps de montage des structures,&nbsp;ce&nbsp;qui&nbsp;\u00e9vite&nbsp;un&nbsp;co\u00fbt d\u2019investissement&nbsp;plus \u00e9lev\u00e9&nbsp;car la part&nbsp;de la main d\u2019\u0153uvre est non n\u00e9gligeable dans le prix d\u2019installation.&nbsp;<\/li>\n<\/ul>\n\n\n\n<p>De plus, cette hauteur conditionne l\u2019espace&nbsp;requis entre les rang\u00e9es de panneaux pour&nbsp;limiter l\u2019effet d\u2019ombrage port\u00e9. Comme nous l\u2019avons vu plus haut, suivant l\u2019orientation des panneaux, un espace de 7 \u00e0 15&nbsp;m peut-\u00eatre demand\u00e9, influen\u00e7ant la production par unit\u00e9 de surface (kWh\/m\u00b2).&nbsp;<\/p>\n\n\n\n<h2 class=\"wp-block-heading\"><strong>Et qu<\/strong><strong>\u2019en<\/strong><strong>&nbsp;est-il de la production agricole<\/strong><strong>\u202f?<\/strong>&nbsp;<\/h2>\n\n\n\n<p>Suivant&nbsp;les retours d\u2019exp\u00e9riences des projets d\u00e9j\u00e0 en cours d\u2019exploitation,&nbsp;le sol re\u00e7oit en moyenne&nbsp;90%&nbsp;de l\u2019irradiation solaire&nbsp;qu\u2019il aurait d\u00fb&nbsp;recevoir sur une ann\u00e9e id\u00e9ale.&nbsp;&nbsp;<\/p>\n\n\n\n<p>Or on peut d\u00e9j\u00e0 dire que,&nbsp;d\u2019une ann\u00e9e \u00e0 l\u2019autre, la&nbsp;pr\u00e9sence de soleil peut&nbsp;tout \u00e0 fait varier. Moins de rayons signifierait une l\u00e9g\u00e8re&nbsp;perte de&nbsp;rendement de&nbsp;culture, combl\u00e9e par un apport de production&nbsp;\u00e9lectrique&nbsp;plus important.&nbsp;Nous pourrions \u00e9galement dire que cette r\u00e9duction de&nbsp;lumi\u00e8re n\u2019appara\u00eet qu\u2019\u00e0 certains moment de la journ\u00e9e,&nbsp;et reste presque nulle en \u00e9t\u00e9 lorsque le soleil est au plus haut.&nbsp;&nbsp;<\/p>\n\n\n\n<p>De futurs tests&nbsp;permettront de d\u00e9terminer les&nbsp;cat\u00e9gories de&nbsp;cultures qui&nbsp;seraient les&nbsp;plus adapt\u00e9es \u00e0 ce type de syst\u00e8me. Sachant que les champs ne sont pas cultiv\u00e9s&nbsp;durant l\u2019enti\u00e8ret\u00e9 de l\u2019ann\u00e9e, les panneaux seraient moins&nbsp;atteints&nbsp;par l\u2019ombrage des plantes&nbsp;en p\u00e9riode de labourage et apr\u00e8s la r\u00e9colte des cultures.&nbsp;Inversement, les cultures ayant lieu bien souvent du printemps \u00e0 fin de l\u2019\u00e9t\u00e9, le soleil est&nbsp;au&nbsp;plus haut, ce qui limite la pr\u00e9sence d\u2019ombre sur les champs.&nbsp;&nbsp;<\/p>\n\n\n\n<figure class=\"wp-block-image size-large\"><img loading=\"lazy\" decoding=\"async\" width=\"435\" height=\"264\" src=\"https:\/\/www.renouvelle.be\/wp-content\/uploads\/2021\/03\/illu2.jpg\" alt=\"\" class=\"wp-image-5937\" srcset=\"https:\/\/www.renouvelle.be\/wp-content\/uploads\/2021\/03\/illu2.jpg 435w, https:\/\/www.renouvelle.be\/wp-content\/uploads\/2021\/03\/illu2-300x182.jpg 300w, https:\/\/www.renouvelle.be\/wp-content\/uploads\/2021\/03\/illu2-330x200.jpg 330w\" sizes=\"auto, (max-width: 435px) 100vw, 435px\" \/><figcaption class=\"wp-element-caption\">Simulation du soleil \u00e0 l&rsquo;Est et la r\u00e9flexion du sol agissant sur les cellules de la face arri\u00e8re. Illustration : LuciSun<\/figcaption><\/figure>\n\n\n\n<p>Pour mettre en place des rang\u00e9es de panneaux comme celles-ci, 50&nbsp;cm\u00b2&nbsp;d\u2019emprise au sol&nbsp;sont&nbsp;n\u00e9cessaires&nbsp;par&nbsp;m\u00e8tre de rang\u00e9e. La perte de surface agricole est donc \u00e0 \u00e9tudier par rapport au revenu issu de la production d\u2019\u00e9lectricit\u00e9.&nbsp;<\/p>\n\n\n\n<p>A titre de comparaison, entre un champs qui dispose d\u2019une installation&nbsp;dite&nbsp;en \u00ab\u202fterrasse\u202f\u00bb&nbsp;(centrale&nbsp;solaire&nbsp;au sol), occupant toute la surface au sol avec un inclinaison de 20\u00b0 plein Sud&nbsp;(pas de culture possible),&nbsp;les panneaux&nbsp;bifaciaux verticaux espac\u00e9s&nbsp;de 15&nbsp;m en rang\u00e9e&nbsp;produiront&nbsp;1\/3 d\u2019\u00e9lectricit\u00e9 en moins, mais pour une surface&nbsp;toujours cultivable.&nbsp;&nbsp;<\/p>\n\n\n\n<p>Les panneaux peuvent \u00e9galement avoir une autre vocation, comme d\u00e9limiter un p\u00e9rim\u00e8tre dans lequel se trouve l\u2019\u00e9levage&nbsp;(comme nous le voyons sur l\u2019image ci-dessous).&nbsp;<\/p>\n\n\n\n<figure class=\"wp-block-image size-large is-resized\"><img loading=\"lazy\" decoding=\"async\" src=\"https:\/\/www.renouvelle.be\/wp-content\/uploads\/2021\/03\/Bifacial-solar-fence-as-enclosure-for-livestock-768x1024.jpg\" alt=\"\" class=\"wp-image-5939\" width=\"473\" height=\"631\" srcset=\"https:\/\/www.renouvelle.be\/wp-content\/uploads\/2021\/03\/Bifacial-solar-fence-as-enclosure-for-livestock-768x1024.jpg 768w, https:\/\/www.renouvelle.be\/wp-content\/uploads\/2021\/03\/Bifacial-solar-fence-as-enclosure-for-livestock-225x300.jpg 225w, https:\/\/www.renouvelle.be\/wp-content\/uploads\/2021\/03\/Bifacial-solar-fence-as-enclosure-for-livestock-1152x1536.jpg 1152w, https:\/\/www.renouvelle.be\/wp-content\/uploads\/2021\/03\/Bifacial-solar-fence-as-enclosure-for-livestock-1536x2048.jpg 1536w, https:\/\/www.renouvelle.be\/wp-content\/uploads\/2021\/03\/Bifacial-solar-fence-as-enclosure-for-livestock-1200x1600.jpg 1200w, https:\/\/www.renouvelle.be\/wp-content\/uploads\/2021\/03\/Bifacial-solar-fence-as-enclosure-for-livestock-scaled.jpg 1920w\" sizes=\"auto, (max-width: 473px) 100vw, 473px\" \/><figcaption class=\"wp-element-caption\">Des panneaux bifaciaux verticaux comme cl\u00f4ture d&rsquo;un poulailler. Photo : Next2Sun.<\/figcaption><\/figure>\n\n\n\n<h2 class=\"wp-block-heading\"><strong>Quel impact sur le&nbsp;<\/strong><strong>foncier<\/strong><strong>&nbsp;?<\/strong>&nbsp;<\/h2>\n\n\n\n<p>Dans notre pr\u00e9c\u00e9dent article sur l\u2019agrivolta\u00efsme, nous avions&nbsp;vu qu\u2019un&nbsp;ratio foncier peut \u00eatre utilis\u00e9 pour d\u00e9terminer&nbsp;la valeur fonci\u00e8re ajout\u00e9e \u00e0 la surface de culture&nbsp;gr\u00e2ce \u00e0 la production d\u2019\u00e9lectricit\u00e9.&nbsp;&nbsp;<\/p>\n\n\n\n<p>Ce ratio&nbsp;d\u00e9pend de la valorisation&nbsp;mon\u00e9taire&nbsp;de chaque surface&nbsp;cultiv\u00e9e&nbsp;et de la production d\u2019\u00e9lectricit\u00e9&nbsp;qui&nbsp;peut en \u00eatre tir\u00e9e. Si le m\u00b2 de culture est plus int\u00e9ressant&nbsp;\u00e9conomiquement&nbsp;pour le cultivateur, la production d\u2019\u00e9lectricit\u00e9 devra \u00eatre dimensionn\u00e9e&nbsp;en cons\u00e9quence pour maximiser le rendement agricole. Le revenu suppl\u00e9mentaire issu de la vente d\u2019\u00e9lectricit\u00e9 permettra d\u2019ajouter une&nbsp;valeur suppl\u00e9mentaire au m\u00b2 que peut&nbsp;apporter le champ&nbsp;par rapport&nbsp;\u00e0 un&nbsp;terrain&nbsp;qui n\u2019est&nbsp;pas \u00e9quip\u00e9 de panneaux.&nbsp;<\/p>\n\n\n\n<p>L\u2019impact d\u2019une telle structure et la pression fonci\u00e8re pour un agriculteur&nbsp;sont deux&nbsp;questions&nbsp;qui m\u00e8nent&nbsp;\u00e0&nbsp;un&nbsp;d\u00e9bat.&nbsp;Les agriculteurs&nbsp;belges, suivant les r\u00e9gions de notre pays, ne sont pas toujours propri\u00e9taires des terres agricoles.&nbsp;Les promoteurs de projets&nbsp;photovolta\u00efques&nbsp;en qu\u00eate de terrains bien expos\u00e9s et&nbsp;peu d\u00e9grad\u00e9s, cherchent \u00e0 trouver un compromis avec les propri\u00e9taires pour louer les parcelles de terres en vue d\u2019y produire de l\u2019\u00e9lectricit\u00e9. Dans ce cas, avec des panneaux bifaciaux verticaux, la culture&nbsp;ne&nbsp;serait r\u00e9duite que sur un faible pourcentage pour le cultivateur. Le bailleur peut ainsi percevoir un revenu suppl\u00e9mentaire gr\u00e2ce \u00e0 la location de sa terre&nbsp;au promoteur d\u2019\u00e9nergie, mais aussi gr\u00e2ce \u00e0 l\u2019exploitation de sa terre&nbsp;par le cultivateur. Si les revenus d\u00e9gag\u00e9s&nbsp;par&nbsp;ces deux locations&nbsp;permettent au bailleur de r\u00e9duire la valeur locative des terrains pour les agriculteurs, tout le monde pourrait en sortir gagnant.&nbsp;&nbsp;<\/p>\n\n\n\n<figure class=\"wp-block-image size-large\"><img loading=\"lazy\" decoding=\"async\" width=\"462\" height=\"339\" src=\"https:\/\/www.renouvelle.be\/wp-content\/uploads\/2021\/03\/illu3.jpg\" alt=\"\" class=\"wp-image-5941\" srcset=\"https:\/\/www.renouvelle.be\/wp-content\/uploads\/2021\/03\/illu3.jpg 462w, https:\/\/www.renouvelle.be\/wp-content\/uploads\/2021\/03\/illu3-300x220.jpg 300w\" sizes=\"auto, (max-width: 462px) 100vw, 462px\" \/><figcaption class=\"wp-element-caption\">Photo : Next2Sun<\/figcaption><\/figure>\n\n\n\n<p>En France, les&nbsp;cahiers des charges pour les appels d\u2019offre en vue d\u2019installer de grandes centrales&nbsp;solaires,&nbsp;accordent&nbsp;un bonus si le terrain utilis\u00e9 est&nbsp;jug\u00e9 \u00ab\u202fd\u00e9grad\u00e9\u202f\u00bb. Ainsi,&nbsp;on encourage les promoteurs \u00e0&nbsp;\u00e9tudier en priorit\u00e9 l\u2019utilisation des terrains pollu\u00e9s par une activit\u00e9 pass\u00e9e, ou bien peu accessibles&nbsp;pour y construire des habitations. Mais&nbsp;le co\u00fbt d\u2019installation sur ces terrains&nbsp;d\u00e9grad\u00e9s&nbsp;(d\u00e9pollution,&nbsp;montage plus complexe) ne fait pas bondir les promoteurs sur cette niche de march\u00e9.&nbsp;Il est moins cher d\u2019\u00e9quiper une surface horizontale propre qu\u2019un talus abandonn\u00e9.&nbsp;&nbsp;<\/p>\n\n\n\n<p>En Allemagne, les projets photovolta\u00efques&nbsp;utilisant des panneaux verticaux seraient install\u00e9s sur des terrains \u00ab\u202fd\u00e9laiss\u00e9s\u202f\u00bb, jug\u00e9s non favorables&nbsp;\u00e0 l\u2019agriculture. Un tiers&nbsp;de la surface agricole&nbsp;allemande serait concern\u00e9.&nbsp;<\/p>\n\n\n\n<p>Suivant cela, nous imaginons que ce type d\u2019installation aurait son sens sur des terres en jach\u00e8re, o\u00f9 le revenu de la&nbsp;location aurait peu de conflit avec l\u2019activit\u00e9 agricole.&nbsp;Mais dans notre petit pays, les installations renouvelable seraient un \u00e9l\u00e9ment suppl\u00e9mentaire \u00e0 la pression fonci\u00e8re d\u00e9j\u00e0&nbsp;occasionn\u00e9e par les autres secteurs d\u2019activit\u00e9.&nbsp;<\/p>\n\n\n\n<h2 class=\"wp-block-heading\"><strong>Une entreprise&nbsp;<\/strong><strong>b<\/strong><strong>elge d\u00e9j\u00e0 tr\u00e8s promet<\/strong><strong>t<\/strong><strong>euse<\/strong>&nbsp;<\/h2>\n\n\n\n<p>L\u2019enjeu aujourd\u2019hui dans le d\u00e9veloppement du bifacial vertical, que ce soit pour&nbsp;une implantation en terre agricole ou sur une zone abandonn\u00e9e, est de d\u00e9terminer avec pr\u00e9cision la production d\u2019\u00e9lectricit\u00e9 du syst\u00e8me, qui d\u00e9pend \u00e9norm\u00e9ment des rayonnements diffus et r\u00e9fl\u00e9chis. Et pour cela, LuciSun, une entreprise belge experte dans la simulation de production&nbsp;photovolta\u00efque, s\u2019est&nbsp;pench\u00e9e depuis quelques ann\u00e9es sur la technologie&nbsp;bifaciale. Elle a d\u00e9velopp\u00e9 une interface 3D, utilisant les m\u00eames biblioth\u00e8ques&nbsp;de calcul qui furent utilis\u00e9es&nbsp;pour les jeux vid\u00e9o.&nbsp;Elles construisent les maquettes comme des jeux vid\u00e9o pour en d\u00e9terminer la production solaire&nbsp;avec une pr\u00e9cision qui d\u00e9passe les autres simulateurs du march\u00e9.&nbsp;<\/p>\n\n\n\n<figure class=\"wp-block-image size-large\"><img loading=\"lazy\" decoding=\"async\" width=\"700\" height=\"156\" src=\"https:\/\/www.renouvelle.be\/wp-content\/uploads\/2021\/03\/illu4.jpg\" alt=\"\" class=\"wp-image-5943\" srcset=\"https:\/\/www.renouvelle.be\/wp-content\/uploads\/2021\/03\/illu4.jpg 700w, https:\/\/www.renouvelle.be\/wp-content\/uploads\/2021\/03\/illu4-300x67.jpg 300w\" sizes=\"auto, (max-width: 700px) 100vw, 700px\" \/><figcaption class=\"wp-element-caption\">Image de l&rsquo;outil de simulation de LuciSun&nbsp;qui montre la course du soleil d\u2019Est en Ouest.<\/figcaption><\/figure>\n\n\n\n<p>L\u2019image ci-dessus nous montre le comportement de la production des cellules&nbsp;sur la face arri\u00e8re des panneaux,&nbsp;en fonction de la position du soleil et de la r\u00e9flexion des rayons sur le sol.&nbsp;Plus les couleurs sont bleues, moins les cellules produisent gr\u00e2ce aux rayons r\u00e9fl\u00e9chis.&nbsp;On peut ainsi voir que lorsque le soleil&nbsp;se situe derri\u00e8re&nbsp;la rang\u00e9e de panneaux (image de&nbsp;gauche), ce sont les cellules du bas qui re\u00e7oivent une plus grande part du&nbsp;rayonnement r\u00e9fl\u00e9chi provenant du sol, au contraire de l\u2019image de&nbsp;droite&nbsp;lorsque le soleil&nbsp;est de l\u2019autre&nbsp;c\u00f4t\u00e9 des panneaux,&nbsp;o\u00f9 ce sont les cellules sup\u00e9rieures qui en b\u00e9n\u00e9ficient.&nbsp;<\/p>\n\n\n\n<h2 class=\"wp-block-heading\"><strong>Quels avantages<\/strong><strong>&nbsp;<\/strong><strong>en Belgique\u202f?<\/strong>&nbsp;<\/h2>\n\n\n\n<p>Le d\u00e9veloppement du bifacial vertical en Belgique pr\u00e9senterait&nbsp;quelques avantages\u202f:&nbsp;<\/p>\n\n\n\n<ul class=\"wp-block-list\">\n<li>Cr\u00e9ation de deux pics de production plus en phase avec les pics&nbsp;de demande d\u2019\u00e9lectricit\u00e9.&nbsp;<\/li>\n\n\n\n<li>Le bifacial donne des performances int\u00e9ressantes&nbsp;compar\u00e9 aux panneaux&nbsp;traditionnels.&nbsp;Dans un syst\u00e8me vertical, la production journali\u00e8re&nbsp;est comp\u00e9titive avec un panneau classique gr\u00e2ce \u00e0 la pr\u00e9sence de nuages en Belgique, qui augmentent le rayonnement diffus.&nbsp;<\/li>\n\n\n\n<li>L\u2019utilisation de terres&nbsp;peu valorisables&nbsp;par l\u2019agriculteur ou le bailleur en vue d\u2019y implanter du&nbsp;bifacial vertical permettrait d\u2019apporter un revenu suppl\u00e9mentaire&nbsp;\u00e0 l\u2019exploitant, tout en maintenant son utilisation en jach\u00e8re.&nbsp;<\/li>\n\n\n\n<li>Le l\u00e9ger surco\u00fbt de la bifacialit\u00e9 peut&nbsp;\u00eatre compens\u00e9 par une meilleure valorisation de l\u2019\u00e9lectricit\u00e9 lorsque celle-ci est la plus demand\u00e9e.&nbsp;<\/li>\n\n\n\n<li>Des garanties&nbsp;pour le d\u00e9mant\u00e8lement des installations en fin de vie peuvent \u00eatre demand\u00e9es&nbsp;par la&nbsp;R\u00e9gion en cas de faillite du promoteur, prot\u00e9geant ainsi le propri\u00e9taire des terres d\u2019un surco\u00fbt.&nbsp;<\/li>\n<\/ul>\n\n\n\n<figure class=\"wp-block-image size-large\"><img loading=\"lazy\" decoding=\"async\" width=\"576\" height=\"342\" src=\"https:\/\/www.renouvelle.be\/wp-content\/uploads\/2021\/03\/illu5.jpg\" alt=\"\" class=\"wp-image-5945\" srcset=\"https:\/\/www.renouvelle.be\/wp-content\/uploads\/2021\/03\/illu5.jpg 576w, https:\/\/www.renouvelle.be\/wp-content\/uploads\/2021\/03\/illu5-300x178.jpg 300w\" sizes=\"auto, (max-width: 576px) 100vw, 576px\" \/><figcaption class=\"wp-element-caption\">Solarpark Farrels (Irlande). Photo : Next2Sun.<\/figcaption><\/figure>\n\n\n\n<figure class=\"wp-block-image size-large\"><img loading=\"lazy\" decoding=\"async\" width=\"570\" height=\"315\" src=\"https:\/\/www.renouvelle.be\/wp-content\/uploads\/2021\/03\/illu6.jpg\" alt=\"\" class=\"wp-image-5947\" srcset=\"https:\/\/www.renouvelle.be\/wp-content\/uploads\/2021\/03\/illu6.jpg 570w, https:\/\/www.renouvelle.be\/wp-content\/uploads\/2021\/03\/illu6-300x166.jpg 300w\" sizes=\"auto, (max-width: 570px) 100vw, 570px\" \/><figcaption class=\"wp-element-caption\">Solar park Dirmingen (Allemagne). Photo : Next2Sun.<\/figcaption><\/figure>\n\n\n\n<h2 class=\"wp-block-heading\"><strong>Mais aussi quelques inconv\u00e9nients<\/strong>&nbsp;<\/h2>\n\n\n\n<p>Les principaux inconv\u00e9nients sont :&nbsp;<\/p>\n\n\n\n<ul class=\"wp-block-list\">\n<li>L\u2019aspect visuel de ces&nbsp;installations dans une zone naturelle ou agricole risque de nuire au paysage&nbsp;;&nbsp;<\/li>\n\n\n\n<li>Les structures demandent&nbsp;parfois plus d\u2019acier pour r\u00e9sister au vent (l\u2019acier r\u00e9siste tr\u00e8s bien \u00e0 la traction mais moins \u00e0 la flexion et \u00e0 la torsion)&nbsp;;&nbsp;<\/li>\n\n\n\n<li>Il faut d\u00e9finir un&nbsp;\u00e9cartement maximal&nbsp;entre les rang\u00e9es pour trouver un bon compromis entre la densit\u00e9 de production solaire et l&rsquo;ergonomie pour certaines machines agricoles&nbsp;(un&nbsp;pulv\u00e9risateur&nbsp;fait souvent autour de 30 m de largeur).&nbsp;<\/li>\n\n\n\n<li>Les organismes financiers&nbsp;n\u2019ont pas encore assez confiance en cette technologie,&nbsp;vu le&nbsp;peu d\u2019exp\u00e9riences&nbsp;r\u00e9alis\u00e9es&nbsp;ces&nbsp;derni\u00e8res ann\u00e9es, ce qui laisse \u00e0 pr\u00e9dire un co\u00fbt&nbsp;d\u2019investissement plus important, et donc un&nbsp;co\u00fbt actualis\u00e9 de l\u2019\u00e9nergie (LCOE)&nbsp;plus grand (les pr\u00eateurs&nbsp;utilisent une notion de risque qui fait augmenter les taux d\u2019emprunt)&nbsp;;&nbsp;<\/li>\n\n\n\n<li>Les promoteurs de ce genre d\u2019installation doivent&nbsp;proposer des prix de location suffisamment int\u00e9ressants&nbsp;pour que la perte de culture puisse \u00eatre compens\u00e9e par un gain suppl\u00e9mentaire pour l\u2019agriculteur.&nbsp;Il faudrait donc,&nbsp;en cas de&nbsp;d\u00e9penses d\u2019investissement&nbsp;importantes, d\u00e9terminer un&nbsp;subside sp\u00e9cifique \u00e0 ce genre de projet.&nbsp;<\/li>\n\n\n\n<li>La r\u00e9gulation de ce type de projet doit \u00eatre judicieusement suivie&nbsp;par les autorit\u00e9s, pour ne pas risquer de r\u00e9duire trop drastiquement le nombre de surfaces&nbsp;exploitables, ce qui ferait grimper les prix de location des terres.&nbsp;<\/li>\n<\/ul>\n\n\n\n<h2 class=\"wp-block-heading\"><strong>En c<\/strong><strong>onclusion<\/strong>&nbsp;<\/h2>\n\n\n\n<p>L\u2019enjeu aujourd\u2019hui est de pr\u00e9dire judicieusement plusieurs valeurs en phase d\u2019avant projet&nbsp;:&nbsp;<\/p>\n\n\n\n<ul class=\"wp-block-list\">\n<li>Les gains sociaux et environnementaux de ce type de syst\u00e8me, compar\u00e9 \u00e0 une centrale solaire&nbsp;au sol&nbsp;en terrasse ou bien sans installation&nbsp;photovolta\u00efque ;&nbsp;<\/li>\n\n\n\n<li>Les productions attendues par ces installations qui sont encore plus complexes&nbsp;\u00e0 calculer&nbsp;;&nbsp;<\/li>\n\n\n\n<li>La perte de production agricole suivant la configuration de l\u2019installation, et l\u2019espace disponible de culture de la r\u00e9gion en question.&nbsp;<\/li>\n<\/ul>\n\n\n\n<figure class=\"wp-block-image size-large\"><img loading=\"lazy\" decoding=\"async\" width=\"450\" height=\"300\" src=\"https:\/\/www.renouvelle.be\/wp-content\/uploads\/2021\/03\/illu7.jpg\" alt=\"\" class=\"wp-image-5949\" srcset=\"https:\/\/www.renouvelle.be\/wp-content\/uploads\/2021\/03\/illu7.jpg 450w, https:\/\/www.renouvelle.be\/wp-content\/uploads\/2021\/03\/illu7-300x200.jpg 300w\" sizes=\"auto, (max-width: 450px) 100vw, 450px\" \/><\/figure>\n\n\n\n<p>Le bifacial permet d\u2019augmenter les performances de production, mais demande un terrain propice pour la bifacialit\u00e9, une hauteur libre et&nbsp;un&nbsp;espace plus important que des syst\u00e8mes traditionnels. Il peut donc y avoir&nbsp;certains&nbsp;secteurs&nbsp;(non-agricoles) pour&nbsp;lesquels cette technologie pourra tr\u00e8s bien s\u2019adapter, et nous verrons cela dans un prochain article.&nbsp;<\/p>\n\n\n\n<figure class=\"wp-block-image size-large is-resized\"><img loading=\"lazy\" decoding=\"async\" src=\"https:\/\/www.renouvelle.be\/wp-content\/uploads\/2021\/03\/Premium-version-of-the-bifacial-solar-fence-for-the-residential-sector-768x1024.jpg\" alt=\"\" class=\"wp-image-5951\" width=\"464\" height=\"619\" srcset=\"https:\/\/www.renouvelle.be\/wp-content\/uploads\/2021\/03\/Premium-version-of-the-bifacial-solar-fence-for-the-residential-sector-768x1024.jpg 768w, https:\/\/www.renouvelle.be\/wp-content\/uploads\/2021\/03\/Premium-version-of-the-bifacial-solar-fence-for-the-residential-sector-225x300.jpg 225w, https:\/\/www.renouvelle.be\/wp-content\/uploads\/2021\/03\/Premium-version-of-the-bifacial-solar-fence-for-the-residential-sector-1152x1536.jpg 1152w, https:\/\/www.renouvelle.be\/wp-content\/uploads\/2021\/03\/Premium-version-of-the-bifacial-solar-fence-for-the-residential-sector-1536x2048.jpg 1536w, https:\/\/www.renouvelle.be\/wp-content\/uploads\/2021\/03\/Premium-version-of-the-bifacial-solar-fence-for-the-residential-sector-1200x1600.jpg 1200w, https:\/\/www.renouvelle.be\/wp-content\/uploads\/2021\/03\/Premium-version-of-the-bifacial-solar-fence-for-the-residential-sector-scaled.jpg 1920w\" sizes=\"auto, (max-width: 464px) 100vw, 464px\" \/><figcaption class=\"wp-element-caption\">Premi\u00e8re \u00e9tape d&rsquo;une barri\u00e8re r\u00e9sidentielle.<\/figcaption><\/figure>\n","protected":false},"excerpt":{"rendered":"<p>Dans un pr\u00e9c\u00e9dent article, nous avions vu qu\u2019installer du photovolta\u00efque,&nbsp;sur des b\u00e2timents ou des terrains agricoles,&nbsp;permet de combiner deux activit\u00e9s : produire de l\u2019\u00e9lectricit\u00e9 et d\u00e9velopper une culture ou un \u00e9levage.&nbsp;&nbsp; Nous en avions conclu que les syst\u00e8mes&nbsp;photovolta\u00efques&nbsp;sur des toitures de b\u00e2timents agricoles restaient le meilleur compromis d\u2019un point&nbsp;de&nbsp;vue&nbsp;production et co\u00fbt d\u2019installation par&nbsp;unit\u00e9 de&nbsp;surface utilis\u00e9e.&nbsp;En effet,&nbsp;les d\u00e9penses d\u2019investissement sont&nbsp;r\u00e9duites, et l\u2019activit\u00e9&nbsp;d\u2019\u00e9levage&nbsp;est maintenue \u00e0 l\u2019identique.&nbsp;&nbsp; Pour l\u2019int\u00e9gration du&nbsp;photovolta\u00efque&nbsp;au-dessus des surfaces mara\u00eech\u00e8res, la n\u00e9cessit\u00e9 d\u2019espacer les rang\u00e9es de panneaux&nbsp;engendrait un co\u00fbt d\u2019installation plus \u00e9lev\u00e9 pour une plus faible production par m\u00b2 de terre cultiv\u00e9e.&nbsp;Dans ce dernier cas,&nbsp;la production de l\u00e9gumes&nbsp;pouvait,&nbsp;suivant la vari\u00e9t\u00e9,&nbsp;\u00eatre&nbsp;l\u00e9g\u00e8rement r\u00e9duite par un plus faible percement des rayons solaire sur le sol&nbsp;(lire notre article&nbsp;Agrivolta\u00efsme : Quelles applications possibles en Belgique ?).&nbsp; Mais il existe une troisi\u00e8me technique assez particuli\u00e8re, qui commence \u00e0 se d\u00e9velopper dans nos pays voisins&nbsp;: des panneaux bifaciaux verticaux sur des champs agricoles&nbsp;(voir illustration ci-dessus). Cette technique&nbsp;int\u00e9gr\u00e9e \u00e0 l\u2019agriculture&nbsp;poss\u00e8de des avantages et inconv\u00e9nients que nous expliquons ci-apr\u00e8s.&nbsp; Le bifacial vertical,&nbsp;pour une production&nbsp;\u00e9lectrique&nbsp;d\u00e9cal\u00e9e&nbsp;dans la journ\u00e9e&nbsp; La technologie bifaciale&nbsp;permet de produire de l\u2019\u00e9lectricit\u00e9 \u00e0 partir des deux faces du panneau, ce qui le rend plus performant&nbsp;(voir&nbsp;Photovolta\u00efque\u202f: le bifacial promis \u00e0 un bel avenir.).&nbsp;&nbsp; Cette bifacialit\u00e9 est g\u00e9n\u00e9ralement utilis\u00e9e&nbsp;pour des projets \u00e0 structure fixe ou&nbsp;tracking, disposant d\u2019une inclinaison entre 30\u00b0 et 60\u00b0 pour garantir une l\u00e9g\u00e8re production suppl\u00e9mentaire de la face arri\u00e8re.&nbsp;&nbsp; Mais dans le cas de l\u2019agrivolta\u00efsme, les panneaux peuvent \u00eatre mis \u00e0 la verticale pour r\u00e9duire l\u2019emprise des structures sur le sol. Les rang\u00e9es de panneaux peuvent \u00eatre espac\u00e9e de&nbsp;7 \u00e0 15&nbsp;m entre elles pour r\u00e9duire l\u2019effet de l\u2019ombrage port\u00e9 sur les panneaux&nbsp;et permettre aux&nbsp;engins agricoles de man\u0153uvrer sans probl\u00e8me&nbsp;(exemple ci-dessous).&nbsp; La verticalit\u00e9 de ces panneaux et leur orientation&nbsp;auront&nbsp;une&nbsp;incidence&nbsp;sur la production&nbsp;journali\u00e8re&nbsp;d\u2019\u00e9lectricit\u00e9.&nbsp;Si on les&nbsp;oriente face avant (la plus productive) &hellip; <a href=\"https:\/\/www.renouvelle.be\/fr\/le-bifacial-vertical-dans-lagrivoltaisme\/\" class=\"more-link\">Continue reading<span class=\"screen-reader-text\"> \u00ab\u00a0D&rsquo;o\u00f9 l&rsquo;int\u00e9r\u00eat du bifacial vertical dans l\u2019agrivolta\u00efsme\u00a0\u00bb<\/span><\/a><\/p>\n","protected":false},"author":3,"featured_media":5923,"comment_status":"closed","ping_status":"closed","sticky":false,"template":"","format":"standard","meta":{"_acf_changed":false,"footnotes":""},"categories":[20],"tags":[],"section":[13],"class_list":["post-5922","post","type-post","status-publish","format-standard","has-post-thumbnail","hentry","category-technologies","section-solaire"],"acf":[],"yoast_head":"<!-- This site is optimized with the Yoast SEO plugin v27.5 - https:\/\/yoast.com\/product\/yoast-seo-wordpress\/ -->\n<title>D&#039;o\u00f9 l&#039;int\u00e9r\u00eat du bifacial vertical dans l\u2019agrivolta\u00efsme - Renouvelle<\/title>\n<meta name=\"robots\" content=\"index, follow, max-snippet:-1, max-image-preview:large, max-video-preview:-1\" \/>\n<link rel=\"canonical\" href=\"https:\/\/www.renouvelle.be\/fr\/le-bifacial-vertical-dans-lagrivoltaisme\/\" \/>\n<meta property=\"og:locale\" content=\"fr_FR\" \/>\n<meta property=\"og:type\" content=\"article\" \/>\n<meta property=\"og:title\" content=\"D&#039;o\u00f9 l&#039;int\u00e9r\u00eat du bifacial vertical dans l\u2019agrivolta\u00efsme - Renouvelle\" \/>\n<meta property=\"og:description\" content=\"Dans un pr\u00e9c\u00e9dent article, nous avions vu qu\u2019installer du photovolta\u00efque,&nbsp;sur des b\u00e2timents ou des terrains agricoles,&nbsp;permet de combiner deux activit\u00e9s : produire de l\u2019\u00e9lectricit\u00e9 et d\u00e9velopper une culture ou un \u00e9levage.&nbsp;&nbsp; Nous en avions conclu que les syst\u00e8mes&nbsp;photovolta\u00efques&nbsp;sur des toitures de b\u00e2timents agricoles restaient le meilleur compromis d\u2019un point&nbsp;de&nbsp;vue&nbsp;production et co\u00fbt d\u2019installation par&nbsp;unit\u00e9 de&nbsp;surface utilis\u00e9e.&nbsp;En effet,&nbsp;les d\u00e9penses d\u2019investissement sont&nbsp;r\u00e9duites, et l\u2019activit\u00e9&nbsp;d\u2019\u00e9levage&nbsp;est maintenue \u00e0 l\u2019identique.&nbsp;&nbsp; Pour l\u2019int\u00e9gration du&nbsp;photovolta\u00efque&nbsp;au-dessus des surfaces mara\u00eech\u00e8res, la n\u00e9cessit\u00e9 d\u2019espacer les rang\u00e9es de panneaux&nbsp;engendrait un co\u00fbt d\u2019installation plus \u00e9lev\u00e9 pour une plus faible production par m\u00b2 de terre cultiv\u00e9e.&nbsp;Dans ce dernier cas,&nbsp;la production de l\u00e9gumes&nbsp;pouvait,&nbsp;suivant la vari\u00e9t\u00e9,&nbsp;\u00eatre&nbsp;l\u00e9g\u00e8rement r\u00e9duite par un plus faible percement des rayons solaire sur le sol&nbsp;(lire notre article&nbsp;Agrivolta\u00efsme : Quelles applications possibles en Belgique ?).&nbsp; Mais il existe une troisi\u00e8me technique assez particuli\u00e8re, qui commence \u00e0 se d\u00e9velopper dans nos pays voisins&nbsp;: des panneaux bifaciaux verticaux sur des champs agricoles&nbsp;(voir illustration ci-dessus). Cette technique&nbsp;int\u00e9gr\u00e9e \u00e0 l\u2019agriculture&nbsp;poss\u00e8de des avantages et inconv\u00e9nients que nous expliquons ci-apr\u00e8s.&nbsp; Le bifacial vertical,&nbsp;pour une production&nbsp;\u00e9lectrique&nbsp;d\u00e9cal\u00e9e&nbsp;dans la journ\u00e9e&nbsp; La technologie bifaciale&nbsp;permet de produire de l\u2019\u00e9lectricit\u00e9 \u00e0 partir des deux faces du panneau, ce qui le rend plus performant&nbsp;(voir&nbsp;Photovolta\u00efque\u202f: le bifacial promis \u00e0 un bel avenir.).&nbsp;&nbsp; Cette bifacialit\u00e9 est g\u00e9n\u00e9ralement utilis\u00e9e&nbsp;pour des projets \u00e0 structure fixe ou&nbsp;tracking, disposant d\u2019une inclinaison entre 30\u00b0 et 60\u00b0 pour garantir une l\u00e9g\u00e8re production suppl\u00e9mentaire de la face arri\u00e8re.&nbsp;&nbsp; Mais dans le cas de l\u2019agrivolta\u00efsme, les panneaux peuvent \u00eatre mis \u00e0 la verticale pour r\u00e9duire l\u2019emprise des structures sur le sol. Les rang\u00e9es de panneaux peuvent \u00eatre espac\u00e9e de&nbsp;7 \u00e0 15&nbsp;m entre elles pour r\u00e9duire l\u2019effet de l\u2019ombrage port\u00e9 sur les panneaux&nbsp;et permettre aux&nbsp;engins agricoles de man\u0153uvrer sans probl\u00e8me&nbsp;(exemple ci-dessous).&nbsp; La verticalit\u00e9 de ces panneaux et leur orientation&nbsp;auront&nbsp;une&nbsp;incidence&nbsp;sur la production&nbsp;journali\u00e8re&nbsp;d\u2019\u00e9lectricit\u00e9.&nbsp;Si on les&nbsp;oriente face avant (la plus productive) &hellip; Continue reading &quot;D&rsquo;o\u00f9 l&rsquo;int\u00e9r\u00eat du bifacial vertical dans l\u2019agrivolta\u00efsme&quot;\" \/>\n<meta property=\"og:url\" content=\"https:\/\/www.renouvelle.be\/fr\/le-bifacial-vertical-dans-lagrivoltaisme\/\" \/>\n<meta property=\"og:site_name\" content=\"Renouvelle\" \/>\n<meta property=\"article:published_time\" content=\"2021-03-19T10:59:11+00:00\" \/>\n<meta property=\"article:modified_time\" content=\"2023-06-09T14:02:10+00:00\" \/>\n<meta property=\"og:image\" content=\"https:\/\/www.renouvelle.be\/wp-content\/uploads\/2021\/03\/Cows-between-module-rows.jpeg\" \/>\n\t<meta property=\"og:image:width\" content=\"1920\" \/>\n\t<meta property=\"og:image:height\" content=\"1278\" \/>\n\t<meta property=\"og:image:type\" content=\"image\/jpeg\" \/>\n<meta name=\"author\" content=\"Energie Commune\" \/>\n<meta name=\"twitter:card\" content=\"summary_large_image\" \/>\n<script type=\"application\/ld+json\" class=\"yoast-schema-graph\">{\"@context\":\"https:\\\/\\\/schema.org\",\"@graph\":[{\"@type\":\"Article\",\"@id\":\"https:\\\/\\\/www.renouvelle.be\\\/fr\\\/le-bifacial-vertical-dans-lagrivoltaisme\\\/#article\",\"isPartOf\":{\"@id\":\"https:\\\/\\\/www.renouvelle.be\\\/fr\\\/le-bifacial-vertical-dans-lagrivoltaisme\\\/\"},\"author\":{\"name\":\"Energie Commune\",\"@id\":\"https:\\\/\\\/www.renouvelle.be\\\/fr\\\/#\\\/schema\\\/person\\\/01fbe8226a07f8f3d4a1cd059b31f17a\"},\"headline\":\"D&rsquo;o\u00f9 l&rsquo;int\u00e9r\u00eat du bifacial vertical dans l\u2019agrivolta\u00efsme\",\"datePublished\":\"2021-03-19T10:59:11+00:00\",\"dateModified\":\"2023-06-09T14:02:10+00:00\",\"mainEntityOfPage\":{\"@id\":\"https:\\\/\\\/www.renouvelle.be\\\/fr\\\/le-bifacial-vertical-dans-lagrivoltaisme\\\/\"},\"wordCount\":3717,\"image\":{\"@id\":\"https:\\\/\\\/www.renouvelle.be\\\/fr\\\/le-bifacial-vertical-dans-lagrivoltaisme\\\/#primaryimage\"},\"thumbnailUrl\":\"https:\\\/\\\/www.renouvelle.be\\\/wp-content\\\/uploads\\\/2021\\\/03\\\/Cows-between-module-rows.jpeg\",\"articleSection\":[\"Technologies\"],\"inLanguage\":\"fr-FR\"},{\"@type\":\"WebPage\",\"@id\":\"https:\\\/\\\/www.renouvelle.be\\\/fr\\\/le-bifacial-vertical-dans-lagrivoltaisme\\\/\",\"url\":\"https:\\\/\\\/www.renouvelle.be\\\/fr\\\/le-bifacial-vertical-dans-lagrivoltaisme\\\/\",\"name\":\"D'o\u00f9 l'int\u00e9r\u00eat du bifacial vertical dans l\u2019agrivolta\u00efsme - Renouvelle\",\"isPartOf\":{\"@id\":\"https:\\\/\\\/www.renouvelle.be\\\/fr\\\/#website\"},\"primaryImageOfPage\":{\"@id\":\"https:\\\/\\\/www.renouvelle.be\\\/fr\\\/le-bifacial-vertical-dans-lagrivoltaisme\\\/#primaryimage\"},\"image\":{\"@id\":\"https:\\\/\\\/www.renouvelle.be\\\/fr\\\/le-bifacial-vertical-dans-lagrivoltaisme\\\/#primaryimage\"},\"thumbnailUrl\":\"https:\\\/\\\/www.renouvelle.be\\\/wp-content\\\/uploads\\\/2021\\\/03\\\/Cows-between-module-rows.jpeg\",\"datePublished\":\"2021-03-19T10:59:11+00:00\",\"dateModified\":\"2023-06-09T14:02:10+00:00\",\"author\":{\"@id\":\"https:\\\/\\\/www.renouvelle.be\\\/fr\\\/#\\\/schema\\\/person\\\/01fbe8226a07f8f3d4a1cd059b31f17a\"},\"breadcrumb\":{\"@id\":\"https:\\\/\\\/www.renouvelle.be\\\/fr\\\/le-bifacial-vertical-dans-lagrivoltaisme\\\/#breadcrumb\"},\"inLanguage\":\"fr-FR\",\"potentialAction\":[{\"@type\":\"ReadAction\",\"target\":[\"https:\\\/\\\/www.renouvelle.be\\\/fr\\\/le-bifacial-vertical-dans-lagrivoltaisme\\\/\"]}]},{\"@type\":\"ImageObject\",\"inLanguage\":\"fr-FR\",\"@id\":\"https:\\\/\\\/www.renouvelle.be\\\/fr\\\/le-bifacial-vertical-dans-lagrivoltaisme\\\/#primaryimage\",\"url\":\"https:\\\/\\\/www.renouvelle.be\\\/wp-content\\\/uploads\\\/2021\\\/03\\\/Cows-between-module-rows.jpeg\",\"contentUrl\":\"https:\\\/\\\/www.renouvelle.be\\\/wp-content\\\/uploads\\\/2021\\\/03\\\/Cows-between-module-rows.jpeg\",\"width\":1920,\"height\":1278,\"caption\":\"Solaranlage der Firma \u00d6kostrom-Saar am Diensdtag (09.05.2017), bei Losheim am See im Saarland Foto: BeckerBredel\"},{\"@type\":\"BreadcrumbList\",\"@id\":\"https:\\\/\\\/www.renouvelle.be\\\/fr\\\/le-bifacial-vertical-dans-lagrivoltaisme\\\/#breadcrumb\",\"itemListElement\":[{\"@type\":\"ListItem\",\"position\":1,\"name\":\"Accueil\",\"item\":\"https:\\\/\\\/www.renouvelle.be\\\/fr\\\/\"},{\"@type\":\"ListItem\",\"position\":2,\"name\":\"D&rsquo;o\u00f9 l&rsquo;int\u00e9r\u00eat du bifacial vertical dans l\u2019agrivolta\u00efsme\"}]},{\"@type\":\"WebSite\",\"@id\":\"https:\\\/\\\/www.renouvelle.be\\\/fr\\\/#website\",\"url\":\"https:\\\/\\\/www.renouvelle.be\\\/fr\\\/\",\"name\":\"Renouvelle\",\"description\":\"L&#039;actualit\u00e9 de l&#039;\u00e9nergie durable\",\"potentialAction\":[{\"@type\":\"SearchAction\",\"target\":{\"@type\":\"EntryPoint\",\"urlTemplate\":\"https:\\\/\\\/www.renouvelle.be\\\/fr\\\/?s={search_term_string}\"},\"query-input\":{\"@type\":\"PropertyValueSpecification\",\"valueRequired\":true,\"valueName\":\"search_term_string\"}}],\"inLanguage\":\"fr-FR\"},{\"@type\":\"Person\",\"@id\":\"https:\\\/\\\/www.renouvelle.be\\\/fr\\\/#\\\/schema\\\/person\\\/01fbe8226a07f8f3d4a1cd059b31f17a\",\"name\":\"Energie Commune\",\"url\":\"https:\\\/\\\/www.renouvelle.be\\\/fr\\\/author\\\/apere\\\/\"}]}<\/script>\n<!-- \/ Yoast SEO plugin. -->","yoast_head_json":{"title":"D'o\u00f9 l'int\u00e9r\u00eat du bifacial vertical dans l\u2019agrivolta\u00efsme - Renouvelle","robots":{"index":"index","follow":"follow","max-snippet":"max-snippet:-1","max-image-preview":"max-image-preview:large","max-video-preview":"max-video-preview:-1"},"canonical":"https:\/\/www.renouvelle.be\/fr\/le-bifacial-vertical-dans-lagrivoltaisme\/","og_locale":"fr_FR","og_type":"article","og_title":"D'o\u00f9 l'int\u00e9r\u00eat du bifacial vertical dans l\u2019agrivolta\u00efsme - Renouvelle","og_description":"Dans un pr\u00e9c\u00e9dent article, nous avions vu qu\u2019installer du photovolta\u00efque,&nbsp;sur des b\u00e2timents ou des terrains agricoles,&nbsp;permet de combiner deux activit\u00e9s : produire de l\u2019\u00e9lectricit\u00e9 et d\u00e9velopper une culture ou un \u00e9levage.&nbsp;&nbsp; Nous en avions conclu que les syst\u00e8mes&nbsp;photovolta\u00efques&nbsp;sur des toitures de b\u00e2timents agricoles restaient le meilleur compromis d\u2019un point&nbsp;de&nbsp;vue&nbsp;production et co\u00fbt d\u2019installation par&nbsp;unit\u00e9 de&nbsp;surface utilis\u00e9e.&nbsp;En effet,&nbsp;les d\u00e9penses d\u2019investissement sont&nbsp;r\u00e9duites, et l\u2019activit\u00e9&nbsp;d\u2019\u00e9levage&nbsp;est maintenue \u00e0 l\u2019identique.&nbsp;&nbsp; Pour l\u2019int\u00e9gration du&nbsp;photovolta\u00efque&nbsp;au-dessus des surfaces mara\u00eech\u00e8res, la n\u00e9cessit\u00e9 d\u2019espacer les rang\u00e9es de panneaux&nbsp;engendrait un co\u00fbt d\u2019installation plus \u00e9lev\u00e9 pour une plus faible production par m\u00b2 de terre cultiv\u00e9e.&nbsp;Dans ce dernier cas,&nbsp;la production de l\u00e9gumes&nbsp;pouvait,&nbsp;suivant la vari\u00e9t\u00e9,&nbsp;\u00eatre&nbsp;l\u00e9g\u00e8rement r\u00e9duite par un plus faible percement des rayons solaire sur le sol&nbsp;(lire notre article&nbsp;Agrivolta\u00efsme : Quelles applications possibles en Belgique ?).&nbsp; Mais il existe une troisi\u00e8me technique assez particuli\u00e8re, qui commence \u00e0 se d\u00e9velopper dans nos pays voisins&nbsp;: des panneaux bifaciaux verticaux sur des champs agricoles&nbsp;(voir illustration ci-dessus). Cette technique&nbsp;int\u00e9gr\u00e9e \u00e0 l\u2019agriculture&nbsp;poss\u00e8de des avantages et inconv\u00e9nients que nous expliquons ci-apr\u00e8s.&nbsp; Le bifacial vertical,&nbsp;pour une production&nbsp;\u00e9lectrique&nbsp;d\u00e9cal\u00e9e&nbsp;dans la journ\u00e9e&nbsp; La technologie bifaciale&nbsp;permet de produire de l\u2019\u00e9lectricit\u00e9 \u00e0 partir des deux faces du panneau, ce qui le rend plus performant&nbsp;(voir&nbsp;Photovolta\u00efque\u202f: le bifacial promis \u00e0 un bel avenir.).&nbsp;&nbsp; Cette bifacialit\u00e9 est g\u00e9n\u00e9ralement utilis\u00e9e&nbsp;pour des projets \u00e0 structure fixe ou&nbsp;tracking, disposant d\u2019une inclinaison entre 30\u00b0 et 60\u00b0 pour garantir une l\u00e9g\u00e8re production suppl\u00e9mentaire de la face arri\u00e8re.&nbsp;&nbsp; Mais dans le cas de l\u2019agrivolta\u00efsme, les panneaux peuvent \u00eatre mis \u00e0 la verticale pour r\u00e9duire l\u2019emprise des structures sur le sol. Les rang\u00e9es de panneaux peuvent \u00eatre espac\u00e9e de&nbsp;7 \u00e0 15&nbsp;m entre elles pour r\u00e9duire l\u2019effet de l\u2019ombrage port\u00e9 sur les panneaux&nbsp;et permettre aux&nbsp;engins agricoles de man\u0153uvrer sans probl\u00e8me&nbsp;(exemple ci-dessous).&nbsp; La verticalit\u00e9 de ces panneaux et leur orientation&nbsp;auront&nbsp;une&nbsp;incidence&nbsp;sur la production&nbsp;journali\u00e8re&nbsp;d\u2019\u00e9lectricit\u00e9.&nbsp;Si on les&nbsp;oriente face avant (la plus productive) &hellip; Continue reading \"D&rsquo;o\u00f9 l&rsquo;int\u00e9r\u00eat du bifacial vertical dans l\u2019agrivolta\u00efsme\"","og_url":"https:\/\/www.renouvelle.be\/fr\/le-bifacial-vertical-dans-lagrivoltaisme\/","og_site_name":"Renouvelle","article_published_time":"2021-03-19T10:59:11+00:00","article_modified_time":"2023-06-09T14:02:10+00:00","og_image":[{"width":1920,"height":1278,"url":"https:\/\/www.renouvelle.be\/wp-content\/uploads\/2021\/03\/Cows-between-module-rows.jpeg","type":"image\/jpeg"}],"author":"Energie Commune","twitter_card":"summary_large_image","schema":{"@context":"https:\/\/schema.org","@graph":[{"@type":"Article","@id":"https:\/\/www.renouvelle.be\/fr\/le-bifacial-vertical-dans-lagrivoltaisme\/#article","isPartOf":{"@id":"https:\/\/www.renouvelle.be\/fr\/le-bifacial-vertical-dans-lagrivoltaisme\/"},"author":{"name":"Energie Commune","@id":"https:\/\/www.renouvelle.be\/fr\/#\/schema\/person\/01fbe8226a07f8f3d4a1cd059b31f17a"},"headline":"D&rsquo;o\u00f9 l&rsquo;int\u00e9r\u00eat du bifacial vertical dans l\u2019agrivolta\u00efsme","datePublished":"2021-03-19T10:59:11+00:00","dateModified":"2023-06-09T14:02:10+00:00","mainEntityOfPage":{"@id":"https:\/\/www.renouvelle.be\/fr\/le-bifacial-vertical-dans-lagrivoltaisme\/"},"wordCount":3717,"image":{"@id":"https:\/\/www.renouvelle.be\/fr\/le-bifacial-vertical-dans-lagrivoltaisme\/#primaryimage"},"thumbnailUrl":"https:\/\/www.renouvelle.be\/wp-content\/uploads\/2021\/03\/Cows-between-module-rows.jpeg","articleSection":["Technologies"],"inLanguage":"fr-FR"},{"@type":"WebPage","@id":"https:\/\/www.renouvelle.be\/fr\/le-bifacial-vertical-dans-lagrivoltaisme\/","url":"https:\/\/www.renouvelle.be\/fr\/le-bifacial-vertical-dans-lagrivoltaisme\/","name":"D'o\u00f9 l'int\u00e9r\u00eat du bifacial vertical dans l\u2019agrivolta\u00efsme - Renouvelle","isPartOf":{"@id":"https:\/\/www.renouvelle.be\/fr\/#website"},"primaryImageOfPage":{"@id":"https:\/\/www.renouvelle.be\/fr\/le-bifacial-vertical-dans-lagrivoltaisme\/#primaryimage"},"image":{"@id":"https:\/\/www.renouvelle.be\/fr\/le-bifacial-vertical-dans-lagrivoltaisme\/#primaryimage"},"thumbnailUrl":"https:\/\/www.renouvelle.be\/wp-content\/uploads\/2021\/03\/Cows-between-module-rows.jpeg","datePublished":"2021-03-19T10:59:11+00:00","dateModified":"2023-06-09T14:02:10+00:00","author":{"@id":"https:\/\/www.renouvelle.be\/fr\/#\/schema\/person\/01fbe8226a07f8f3d4a1cd059b31f17a"},"breadcrumb":{"@id":"https:\/\/www.renouvelle.be\/fr\/le-bifacial-vertical-dans-lagrivoltaisme\/#breadcrumb"},"inLanguage":"fr-FR","potentialAction":[{"@type":"ReadAction","target":["https:\/\/www.renouvelle.be\/fr\/le-bifacial-vertical-dans-lagrivoltaisme\/"]}]},{"@type":"ImageObject","inLanguage":"fr-FR","@id":"https:\/\/www.renouvelle.be\/fr\/le-bifacial-vertical-dans-lagrivoltaisme\/#primaryimage","url":"https:\/\/www.renouvelle.be\/wp-content\/uploads\/2021\/03\/Cows-between-module-rows.jpeg","contentUrl":"https:\/\/www.renouvelle.be\/wp-content\/uploads\/2021\/03\/Cows-between-module-rows.jpeg","width":1920,"height":1278,"caption":"Solaranlage der Firma \u00d6kostrom-Saar am Diensdtag (09.05.2017), bei Losheim am See im Saarland Foto: BeckerBredel"},{"@type":"BreadcrumbList","@id":"https:\/\/www.renouvelle.be\/fr\/le-bifacial-vertical-dans-lagrivoltaisme\/#breadcrumb","itemListElement":[{"@type":"ListItem","position":1,"name":"Accueil","item":"https:\/\/www.renouvelle.be\/fr\/"},{"@type":"ListItem","position":2,"name":"D&rsquo;o\u00f9 l&rsquo;int\u00e9r\u00eat du bifacial vertical dans l\u2019agrivolta\u00efsme"}]},{"@type":"WebSite","@id":"https:\/\/www.renouvelle.be\/fr\/#website","url":"https:\/\/www.renouvelle.be\/fr\/","name":"Renouvelle","description":"L&#039;actualit\u00e9 de l&#039;\u00e9nergie durable","potentialAction":[{"@type":"SearchAction","target":{"@type":"EntryPoint","urlTemplate":"https:\/\/www.renouvelle.be\/fr\/?s={search_term_string}"},"query-input":{"@type":"PropertyValueSpecification","valueRequired":true,"valueName":"search_term_string"}}],"inLanguage":"fr-FR"},{"@type":"Person","@id":"https:\/\/www.renouvelle.be\/fr\/#\/schema\/person\/01fbe8226a07f8f3d4a1cd059b31f17a","name":"Energie Commune","url":"https:\/\/www.renouvelle.be\/fr\/author\/apere\/"}]}},"_links":{"self":[{"href":"https:\/\/www.renouvelle.be\/fr\/wp-json\/wp\/v2\/posts\/5922","targetHints":{"allow":["GET"]}}],"collection":[{"href":"https:\/\/www.renouvelle.be\/fr\/wp-json\/wp\/v2\/posts"}],"about":[{"href":"https:\/\/www.renouvelle.be\/fr\/wp-json\/wp\/v2\/types\/post"}],"author":[{"embeddable":true,"href":"https:\/\/www.renouvelle.be\/fr\/wp-json\/wp\/v2\/users\/3"}],"replies":[{"embeddable":true,"href":"https:\/\/www.renouvelle.be\/fr\/wp-json\/wp\/v2\/comments?post=5922"}],"version-history":[{"count":18,"href":"https:\/\/www.renouvelle.be\/fr\/wp-json\/wp\/v2\/posts\/5922\/revisions"}],"predecessor-version":[{"id":9726,"href":"https:\/\/www.renouvelle.be\/fr\/wp-json\/wp\/v2\/posts\/5922\/revisions\/9726"}],"wp:featuredmedia":[{"embeddable":true,"href":"https:\/\/www.renouvelle.be\/fr\/wp-json\/wp\/v2\/media\/5923"}],"wp:attachment":[{"href":"https:\/\/www.renouvelle.be\/fr\/wp-json\/wp\/v2\/media?parent=5922"}],"wp:term":[{"taxonomy":"category","embeddable":true,"href":"https:\/\/www.renouvelle.be\/fr\/wp-json\/wp\/v2\/categories?post=5922"},{"taxonomy":"post_tag","embeddable":true,"href":"https:\/\/www.renouvelle.be\/fr\/wp-json\/wp\/v2\/tags?post=5922"},{"taxonomy":"section","embeddable":true,"href":"https:\/\/www.renouvelle.be\/fr\/wp-json\/wp\/v2\/section?post=5922"}],"curies":[{"name":"wp","href":"https:\/\/api.w.org\/{rel}","templated":true}]}}