{"id":5498,"date":"2021-03-11T11:38:23","date_gmt":"2021-03-11T10:38:23","guid":{"rendered":"http:\/\/dev21.renouvelle.be\/?p=5498"},"modified":"2021-03-11T12:05:19","modified_gmt":"2021-03-11T11:05:19","slug":"une-taxe-carbone-belge-peut-saverer-benefique-pour-leconomie-les-menages-et-le-climat","status":"publish","type":"post","link":"https:\/\/www.renouvelle.be\/fr\/une-taxe-carbone-belge-peut-saverer-benefique-pour-leconomie-les-menages-et-le-climat\/","title":{"rendered":"Une taxe carbone belge peut s\u2019av\u00e9rer b\u00e9n\u00e9fique pour l\u2019\u00e9conomie, les m\u00e9nages et le climat"},"content":{"rendered":"\n<p>La&nbsp;tarification&nbsp;du&nbsp;carbone,&nbsp;c\u2019est un peu&nbsp;l\u2019Arl\u00e9sienne&nbsp;des politiques climatiques.&nbsp;On&nbsp;en parle depuis des ann\u00e9es,&nbsp;sans qu\u2019elle&nbsp;ne&nbsp;soit&nbsp;mise&nbsp;en place&nbsp;\u00e0 un niveau&nbsp;suffisant pour avoir des effets significatifs sur les \u00e9missions de carbone.&nbsp;<\/p>\n\n\n\n<p>Les \u00e9nergies fossiles (p\u00e9trole, gaz, charbon), utilis\u00e9es par nos industries et nos moyens de transport&nbsp;et fortement \u00e9mettrices de gaz \u00e0 effet de serre,&nbsp;devraient&nbsp;pourtant&nbsp;contribuer aux efforts nationaux et internationaux pour acc\u00e9l\u00e9rer la transition&nbsp;vers un syst\u00e8me Z\u00e9ro carbone.&nbsp;<\/p>\n\n\n\n<p>Il est vrai que les&nbsp;r\u00e9sistances sont nombreuses et les&nbsp;contre-arguments&nbsp;ne&nbsp;manquent&nbsp;pas\u202f: baisse de comp\u00e9titivit\u00e9 des entreprises, perte d\u2019emplois, augmentation&nbsp;des&nbsp;in\u00e9galit\u00e9s sociales,&nbsp;appel \u00e0 mettre en place une telle tarification au niveau international,&nbsp;\u2026&nbsp;&nbsp;<\/p>\n\n\n\n<p>Ces&nbsp;contre-arguments,&nbsp;on les a&nbsp;entendus&nbsp;encore r\u00e9cemment au niveau belge,&nbsp;lorsque la Ministre&nbsp;f\u00e9d\u00e9rale&nbsp;du Climat et du&nbsp;D\u00e9veloppement durable&nbsp;Zakia&nbsp;Khattabi,&nbsp;a remis sur la table&nbsp;fin 2020&nbsp;l\u2019id\u00e9e d\u2019instaurer une tarification&nbsp;carbone en Belgique.&nbsp;&nbsp;<\/p>\n\n\n\n<p>Ces&nbsp;contre-arguments sont&nbsp;\u00e0 premi\u00e8re vue&nbsp;assez intuitifs&nbsp;et peuvent&nbsp;difficilement&nbsp;\u00eatre ignor\u00e9s.&nbsp;Et&nbsp;les gilets jaunes&nbsp;seront&nbsp;toujours&nbsp;l\u00e0 pour nous rappeler&nbsp;qu&rsquo;une taxe injuste peut provoquer une col\u00e8re sociale de grande ampleur (lire notre article&nbsp;<a href=\"https:\/\/www.renouvelle.be\/fr\/debats\/gilets-jaunes-et-climat-meme-combat\">\u00ab Gilets jaunes \u00bb et climat, m\u00eame combat ?<\/a> ).&nbsp;<\/p>\n\n\n\n<p>Mais&nbsp;la v\u00e9rit\u00e9 n\u2019est peut-\u00eatre pas aussi proche de nos intuitions. En effet, une&nbsp;<a href=\"https:\/\/www.nbb.be\/fr\/articles\/lutter-contre-le-rechauffement-climatique-en-fixant-un-prix-pour-le-carbone-intuitions-0\" target=\"_blank\" rel=\"noreferrer noopener\">\u00e9tude<\/a>&nbsp;publi\u00e9e&nbsp;en d\u00e9cembre&nbsp;2020&nbsp;vient mettre \u00e0 mal une bonne&nbsp;partie de ces&nbsp;contre-arguments.&nbsp;Cette \u00e9tude&nbsp;n\u2019a pas \u00e9t\u00e9&nbsp;men\u00e9e&nbsp;par&nbsp;une ONG environnementale, mais bien&nbsp;par la&nbsp;Banque nationale belge,&nbsp;qui n\u2019est&nbsp;pas&nbsp;r\u00e9put\u00e9e&nbsp;pour ces positions pro-environnementales.&nbsp;&nbsp;<\/p>\n\n\n\n<p>Cette \u00e9tude dresse plusieurs constats qui se basent&nbsp;sur des exp\u00e9riences \u00e9trang\u00e8res de&nbsp;mise&nbsp;en place d\u2019une telle&nbsp;tarification&nbsp;carbone,&nbsp;dans des pays comme&nbsp;la Su\u00e8de,&nbsp;le Royaume,&nbsp;l\u2019Irlande, les Etats-Unis, \u2026&nbsp;<\/p>\n\n\n\n<figure class=\"wp-block-image size-large\"><img loading=\"lazy\" decoding=\"async\" width=\"700\" height=\"433\" src=\"http:\/\/dev21.renouvelle.be\/wp-content\/uploads\/2021\/03\/taxe-carbone.jpg\" alt=\"\" class=\"wp-image-5499\" srcset=\"https:\/\/www.renouvelle.be\/wp-content\/uploads\/2021\/03\/taxe-carbone.jpg 700w, https:\/\/www.renouvelle.be\/wp-content\/uploads\/2021\/03\/taxe-carbone-300x186.jpg 300w\" sizes=\"auto, (max-width: 700px) 100vw, 700px\" \/><\/figure>\n\n\n\n<h2 class=\"wp-block-heading\"><strong>Qu\u2019est-ce que la tarification carbone\u202f?<\/strong>&nbsp;<\/h2>\n\n\n\n<p>Avant&nbsp;de pr\u00e9senter plus d\u00e9tails ces r\u00e9sultats,&nbsp;pr\u00e9cisons d\u2019abord de quoi on parle.&nbsp;&nbsp;<\/p>\n\n\n\n<p>Nous employons volontairement le terme \u00ab\u202ftarification\u202f\u00bb et non \u00ab\u202ftaxe\u202f\u00bb\u202f? En effet,&nbsp;appliquer un tarif \u00e0 l\u2019\u00e9mission de carbone peut&nbsp;\u00eatre&nbsp;r\u00e9alis\u00e9&nbsp;de deux mani\u00e8res\u202f:&nbsp;<\/p>\n\n\n\n<ul class=\"wp-block-list\"><li>Directement,&nbsp;via une taxe&nbsp;dont le montant, fixe ou variable,&nbsp;est d\u00e9cid\u00e9 par les pouvoirs publics. C\u2019est l\u2019option mise en place dans plusieurs pays \u00e0 travers le monde&nbsp;&nbsp;&nbsp;<br><\/li><li>Indirectement,&nbsp;via un syst\u00e8me de quotas d\u2019\u00e9missions. Les entreprises qui&nbsp;d\u00e9passent leur quota doivent acheter un&nbsp;permis d\u2019\u00e9mettre du carbone.&nbsp;Les acteurs dont les \u00e9missions sont inf\u00e9rieures au quota fix\u00e9 revendent \u00e0 ceux dont les \u00e9missions sont sup\u00e9rieures \u00e0 ce quota. Le&nbsp;prix d\u2019achat est fix\u00e9&nbsp;par&nbsp;le&nbsp;march\u00e9.&nbsp;C\u2019est le syst\u00e8me mis en place au niveau de l\u2019Union europ\u00e9enne, appel\u00e9&nbsp;ETS (Emission Trading System),&nbsp;et qui s\u2019applique \u00e0 certains&nbsp;secteurs \u00e9conomiques&nbsp;(sid\u00e9rurgie, cimenterie, aviation intra-europ\u00e9enne, \u2026).&nbsp;&nbsp;<\/li><\/ul>\n\n\n\n<h2 class=\"wp-block-heading\"><strong>Qu\u2019est ce qui est en place en Belgique\u202f?<\/strong><strong>&nbsp;<\/strong>&nbsp;<\/h2>\n\n\n\n<p>En vertu du&nbsp;syst\u00e8me&nbsp;ETS,&nbsp;seules&nbsp;certaines&nbsp;grandes&nbsp;entreprises belges&nbsp;sont soumises \u00e0 une tarification carbone. L\u2019id\u00e9e \u00e9mise par&nbsp;la Ministre&nbsp;Khattabi&nbsp;est de soumettre les autres&nbsp;\u00e9metteurs de carbone (entreprises, m\u00e9nages, administrations, \u00e9coles, \u2026)&nbsp;\u00e0 une tarification directe,&nbsp;via une taxe.&nbsp;&nbsp;<\/p>\n\n\n\n<h2 class=\"wp-block-heading\"><strong>Quel serait l\u2019impact d\u2019une telle taxe\u202fsur l\u2019\u00e9conomie&nbsp;<\/strong><strong>belge&nbsp;<\/strong><strong>?<\/strong>&nbsp;<\/h2>\n\n\n\n<p>Pour r\u00e9pondre \u00e0 cette question, revenons&nbsp;aux r\u00e9sultats&nbsp;de l\u2019\u00e9tude de la&nbsp;Banque nationale qui a imagin\u00e9&nbsp;plusieurs&nbsp;sc\u00e9narios&nbsp;\u00e0 ce sujet.&nbsp;Ces derniers&nbsp;varient&nbsp;selon que&nbsp;la&nbsp;taxe touche uniquement les entreprises, les m\u00e9nages ou les deux, mais aussi&nbsp;selon que&nbsp;les recettes de la taxe sont redistribu\u00e9es ou non \u00e0 l\u2019ensemble des m\u00e9nages et\/ou aux entreprises, par exemple sous formes de r\u00e9duction d\u2019imp\u00f4ts ou&nbsp;de soutien aux m\u00e9nages et aux entreprises qui investissent&nbsp;dans la transition \u00e9nerg\u00e9tique&nbsp;(lire notre article&nbsp;<a href=\"https:\/\/www.renouvelle.be\/fr\/debats\/la-taxe-carbone-belge-sera-t-elle-juste\" target=\"_blank\" rel=\"noreferrer noopener\">La taxe carbone belge sera-t-elle juste ?<\/a>).&nbsp;Enfin, un dernier sc\u00e9nario mod\u00e9lise une taxe&nbsp;mise en place au niveau europ\u00e9en,&nbsp;sans redistribution.&nbsp;&nbsp;<\/p>\n\n\n\n<p>Tous ces sc\u00e9narios&nbsp;ont&nbsp;n\u00e9anmoins&nbsp;une constante\u202f: une taxe carbone de 50 euros\/tonne, qui augmente de 4% par an&nbsp;(montant recommand\u00e9 par l\u2019\u00e9conomiste fran\u00e7ais Christian&nbsp;Gollier&nbsp;de la Toulouse&nbsp;School&nbsp;of&nbsp;Economics).&nbsp;L\u2019\u00e9tude analyse cet impact&nbsp;sur&nbsp;une \u00e9chelle de&nbsp;5 ans&nbsp;apr\u00e8s&nbsp;la&nbsp;mise en place&nbsp;de la taxe.&nbsp;&nbsp;<\/p>\n\n\n\n<p>Deux principaux&nbsp;constats ressortent de la mod\u00e9lisation de ces diff\u00e9rents sc\u00e9narios\u202f:&nbsp;&nbsp;<\/p>\n\n\n\n<ul class=\"wp-block-list\"><li>Contrairement&nbsp;\u00e0 ce que l\u2019on pourrait&nbsp;croire&nbsp;<em>a priori<\/em>, une taxe&nbsp;d\u00e9cid\u00e9e&nbsp;au niveau europ\u00e9en&nbsp;ne minimise en rien les impacts macro\u00e9conomiques&nbsp;n\u00e9gatifs&nbsp;d\u2019une taxe carbone,&nbsp;que du contraire.&nbsp;Un tel sc\u00e9nario&nbsp;minimise&nbsp;certes la perte de&nbsp;comp\u00e9titivit\u00e9&nbsp;des entreprises belges vis-\u00e0-vis des pays voisins, mais&nbsp;il&nbsp;entraine&nbsp;une perte&nbsp;de&nbsp;comp\u00e9titivit\u00e9&nbsp;des&nbsp;entreprises&nbsp;europ\u00e9ennes en g\u00e9n\u00e9ral vis-\u00e0-vis du reste du monde. Perte&nbsp;qui se combine avec une&nbsp;baisse de la&nbsp;demande&nbsp;intra-europ\u00e9enne,&nbsp;due&nbsp;\u00e0 l\u2019augmentation des prix gonfl\u00e9s&nbsp;par la taxe.&nbsp;Ce&nbsp;qui affectera les exportations belges.&nbsp;En termes chiffr\u00e9s,&nbsp;une taxe au niveau europ\u00e9en&nbsp;entrainerait,&nbsp;en&nbsp;Belgique,&nbsp;une inflation des prix de 1.3%,&nbsp;une baisse de 1.4% du PIB&nbsp;et&nbsp;la perte&nbsp;de 63.000 emplois.&nbsp;<\/li><\/ul>\n\n\n\n<ul class=\"wp-block-list\"><li>En revanche, la mise en place d\u2019une taxe carbone au niveau belge, accompagn\u00e9e d\u2019une redistribution&nbsp;de ses recettes,&nbsp;diminue&nbsp;fortement&nbsp;ses impacts&nbsp;macro\u00e9conomiques&nbsp;n\u00e9gatifs. En effet,&nbsp;un tel sc\u00e9nario entrainerait&nbsp;la perte de 19.000 emplois&nbsp;(contre 54.000 sans redistribution)&nbsp;et&nbsp;causerait m\u00eame une&nbsp;augmentation&nbsp;du&nbsp;PIB de 0.1%&nbsp;et une baisse des prix de 1.9%.&nbsp;En revanche,&nbsp;sans redistribution,&nbsp;le PIB baisserait de&nbsp;1% et les prix augmenteraient de 1.6%.&nbsp;<\/li><\/ul>\n\n\n\n<h2 class=\"wp-block-heading\"><strong>Quel serait l\u2019impact d\u2019une telle&nbsp;tarification\u202fsur&nbsp;les \u00e9missions\u202f?<\/strong>&nbsp;<\/h2>\n\n\n\n<figure class=\"wp-block-image size-large\"><img loading=\"lazy\" decoding=\"async\" width=\"700\" height=\"320\" src=\"http:\/\/dev21.renouvelle.be\/wp-content\/uploads\/2021\/03\/CO2.jpg\" alt=\"\" class=\"wp-image-5501\" srcset=\"https:\/\/www.renouvelle.be\/wp-content\/uploads\/2021\/03\/CO2.jpg 700w, https:\/\/www.renouvelle.be\/wp-content\/uploads\/2021\/03\/CO2-300x137.jpg 300w\" sizes=\"auto, (max-width: 700px) 100vw, 700px\" \/><\/figure>\n\n\n\n<p>Cette question,&nbsp;tout aussi importante que la pr\u00e9c\u00e9dente, est \u00e9galement abord\u00e9e par l\u2019\u00e9tude&nbsp;qui reprend les conclusions de plusieurs autres \u00e9tudes, tout en pr\u00e9cisant qu\u2019il est difficile d\u2019isoler \u00e0 100% l\u2019effet d\u2019une telle taxe sur l\u2019\u00e9volution des \u00e9missions carbones.&nbsp;On y apprend par exemple que la&nbsp;taxe carbone en vigueur&nbsp;au Royaume-Unis&nbsp;depuis 2013, en compl\u00e9ment du syst\u00e8me ETS,&nbsp;en vue d\u2019atteindre un prix plancher fix\u00e9 par le Gouvernement&nbsp;pour les producteurs d\u2019\u00e9lectricit\u00e9,&nbsp;a fait chuter leur&nbsp;consommation de charbon de 78%&nbsp;entre 2013 et 2018.&nbsp;&nbsp;&nbsp;&nbsp;<\/p>\n\n\n\n<p>L\u2019\u00e9tude mentionne \u00e9galement le fait que diff\u00e9rents exemples&nbsp;de taxes&nbsp;carbone&nbsp;sur&nbsp;la consommation de p\u00e9trole&nbsp;entrainent&nbsp;une baisse de la demande&nbsp;deux \u00e0 quatre fois plus importante qu\u2019une&nbsp;augmentation des prix li\u00e9e au prix fix\u00e9 par le march\u00e9. En effet,&nbsp;les consommateurs&nbsp;s\u2019attendent&nbsp;\u00e0 ce que ce&nbsp;prix&nbsp;fluctue bien plus r\u00e9guli\u00e8rement que le montant de la taxe.&nbsp;&nbsp;&nbsp;<\/p>\n\n\n\n<p>D\u2019autres exemples cit\u00e9s dans l\u2019\u00e9tude vont dans le m\u00eame sens\u202f: une&nbsp;taxe&nbsp;carbone semble avoir un effet plus ou moins significatif,&nbsp;\u00e0 la fois sur la demande d\u2019\u00e9nergie fossile et les \u00e9missions de carbones. Elle&nbsp;et constitue ainsi un outil efficace dans la lutte contre le r\u00e9chauffement climatique.&nbsp;&nbsp;<\/p>\n\n\n\n<p>La&nbsp;Banque nationale&nbsp;belge&nbsp;n\u2019est pas la premi\u00e8re&nbsp;\u00e0&nbsp;abonder&nbsp;dans ce sens. D\u2019autres acteurs tels que le <a href=\"https:\/\/www.europe1.fr\/societe\/la-taxe-carbone-est-la-plus-efficace-pour-lutter-contre-la-pollution-selon-le-fmi-3896557\" target=\"_blank\" rel=\"noreferrer noopener\">FMI<\/a>,&nbsp;la&nbsp;<a href=\"https:\/\/www.worldbank.org\/content\/dam\/Worldbank\/document\/Climate\/dd\/decarbonizing-development-report.pdf\" target=\"_blank\" rel=\"noreferrer noopener\">Banque mondiale<\/a>&nbsp;ou encore&nbsp;l\u2019<a href=\"https:\/\/www.franceinter.fr\/quand-l-ocde-livre-un-plaidoyer-en-faveur-de-la-taxe-carbone\" target=\"_blank\" rel=\"noreferrer noopener\">OCDE<\/a>,&nbsp;sans parler des nombreuses ONG&nbsp;environnementales,&nbsp;plaident \u00e9galement pour cette fiscalit\u00e9 climatique. Un certain consensus semble donc se d\u00e9gager au niveau international sur l\u2019efficacit\u00e9 d\u2019une telle taxe&nbsp;pour lutter contre le r\u00e9chauffement climatique.&nbsp;&nbsp;<\/p>\n\n\n\n<p>Il s\u2019agit m\u00eame d\u2019une r\u00e9elle opportunit\u00e9&nbsp;dans un contexte&nbsp;o\u00f9&nbsp;les prix des&nbsp;\u00e9nergies&nbsp;fossiles&nbsp;sont bas,&nbsp;\u00e0 la suite des&nbsp;confinements successifs,&nbsp;m\u00eame s\u2019ils ont tendance \u00e0 remonter&nbsp;ces derni\u00e8res semaines&nbsp;(lire notre article&nbsp;<a href=\"https:\/\/www.renouvelle.be\/fr\/actualite-internationale\/la-chute-du-prix-des-energies-fossiles-menace-ou-opportunite-pour-une\" target=\"_blank\" rel=\"noreferrer noopener\">La chute du prix des \u00e9nergies fossiles : menace ou opportunit\u00e9 pour une relance \u00ab\u202fverte\u202f\u00bb de l\u2019\u00e9conomie\u202f?<\/a>).&nbsp;<\/p>\n\n\n\n<h2 class=\"wp-block-heading\"><strong>Vers une taxe belge ?<\/strong>&nbsp;<\/h2>\n\n\n\n<p>En conclusion,&nbsp;les&nbsp;r\u00e9sultats&nbsp;de cette&nbsp;\u00e9tude sont assez clairs&nbsp;et offre de solides arguments pour plaider en faveur de la mise en place d\u2019une&nbsp;telle taxe au niveau belge, m\u00eame s\u2019il&nbsp;est vrai qu\u2019il ne s\u2019agit&nbsp;que d\u2019une&nbsp;\u00e9tude&nbsp;parmi d\u2019autres&nbsp;et qui,&nbsp;comme toute d\u00e9marche de ce genre,&nbsp;a ses limites en termes m\u00e9thodologiques.&nbsp;N\u00e9anmoins, le&nbsp;fait qu\u2019elle&nbsp;ait \u00e9t\u00e9 men\u00e9e par&nbsp;un acteur tel que la&nbsp;Banque nationale et vient rejoindre le point de vue d\u2019autre acteurs&nbsp;internationaux, en&nbsp;montrent tout l\u2019int\u00e9r\u00eat.&nbsp;&nbsp;<\/p>\n\n\n\n<p>Une telle taxe n\u2019est pas pr\u00e9vue&nbsp;dans l\u2019accord&nbsp;du Gouvernement&nbsp;f\u00e9d\u00e9ral,&nbsp;ce qui d\u2019un point de vue politique ne facilitera pas sa mise en place.&nbsp;N\u00e9anmoins,&nbsp;la multiplication des \u00e9tudes allant dans le&nbsp;m\u00eame sens&nbsp;finira&nbsp;peut-\u00eatre par&nbsp;convaincre l\u2019ensemble des&nbsp;partenaires&nbsp;du Gouvernement \u00e0&nbsp;mettre&nbsp;en place cet outil fiscal et climatique.&nbsp;<\/p>\n","protected":false},"excerpt":{"rendered":"<p>La&nbsp;tarification&nbsp;du&nbsp;carbone,&nbsp;c\u2019est un peu&nbsp;l\u2019Arl\u00e9sienne&nbsp;des politiques climatiques.&nbsp;On&nbsp;en parle depuis des ann\u00e9es,&nbsp;sans qu\u2019elle&nbsp;ne&nbsp;soit&nbsp;mise&nbsp;en place&nbsp;\u00e0 un niveau&nbsp;suffisant pour avoir des effets significatifs sur les \u00e9missions de carbone.&nbsp; Les \u00e9nergies fossiles (p\u00e9trole, gaz, charbon), utilis\u00e9es par nos industries et nos moyens de transport&nbsp;et fortement \u00e9mettrices de gaz \u00e0 effet de serre,&nbsp;devraient&nbsp;pourtant&nbsp;contribuer aux efforts nationaux et internationaux pour acc\u00e9l\u00e9rer la transition&nbsp;vers un syst\u00e8me Z\u00e9ro carbone.&nbsp; Il est vrai que les&nbsp;r\u00e9sistances sont nombreuses et les&nbsp;contre-arguments&nbsp;ne&nbsp;manquent&nbsp;pas\u202f: baisse de comp\u00e9titivit\u00e9 des entreprises, perte d\u2019emplois, augmentation&nbsp;des&nbsp;in\u00e9galit\u00e9s sociales,&nbsp;appel \u00e0 mettre en place une telle tarification au niveau international,&nbsp;\u2026&nbsp;&nbsp; Ces&nbsp;contre-arguments,&nbsp;on les a&nbsp;entendus&nbsp;encore r\u00e9cemment au niveau belge,&nbsp;lorsque la Ministre&nbsp;f\u00e9d\u00e9rale&nbsp;du Climat et du&nbsp;D\u00e9veloppement durable&nbsp;Zakia&nbsp;Khattabi,&nbsp;a remis sur la table&nbsp;fin 2020&nbsp;l\u2019id\u00e9e d\u2019instaurer une tarification&nbsp;carbone en Belgique.&nbsp;&nbsp; Ces&nbsp;contre-arguments sont&nbsp;\u00e0 premi\u00e8re vue&nbsp;assez intuitifs&nbsp;et peuvent&nbsp;difficilement&nbsp;\u00eatre ignor\u00e9s.&nbsp;Et&nbsp;les gilets jaunes&nbsp;seront&nbsp;toujours&nbsp;l\u00e0 pour nous rappeler&nbsp;qu&rsquo;une taxe injuste peut provoquer une col\u00e8re sociale de grande ampleur (lire notre article&nbsp;\u00ab Gilets jaunes \u00bb et climat, m\u00eame combat ? ).&nbsp; Mais&nbsp;la v\u00e9rit\u00e9 n\u2019est peut-\u00eatre pas aussi proche de nos intuitions. En effet, une&nbsp;\u00e9tude&nbsp;publi\u00e9e&nbsp;en d\u00e9cembre&nbsp;2020&nbsp;vient mettre \u00e0 mal une bonne&nbsp;partie de ces&nbsp;contre-arguments.&nbsp;Cette \u00e9tude&nbsp;n\u2019a pas \u00e9t\u00e9&nbsp;men\u00e9e&nbsp;par&nbsp;une ONG environnementale, mais bien&nbsp;par la&nbsp;Banque nationale belge,&nbsp;qui n\u2019est&nbsp;pas&nbsp;r\u00e9put\u00e9e&nbsp;pour ces positions pro-environnementales.&nbsp;&nbsp; Cette \u00e9tude dresse plusieurs constats qui se basent&nbsp;sur des exp\u00e9riences \u00e9trang\u00e8res de&nbsp;mise&nbsp;en place d\u2019une telle&nbsp;tarification&nbsp;carbone,&nbsp;dans des pays comme&nbsp;la Su\u00e8de,&nbsp;le Royaume,&nbsp;l\u2019Irlande, les Etats-Unis, \u2026&nbsp; Qu\u2019est-ce que la tarification carbone\u202f?&nbsp; Avant&nbsp;de pr\u00e9senter plus d\u00e9tails ces r\u00e9sultats,&nbsp;pr\u00e9cisons d\u2019abord de quoi on parle.&nbsp;&nbsp; Nous employons volontairement le terme \u00ab\u202ftarification\u202f\u00bb et non \u00ab\u202ftaxe\u202f\u00bb\u202f? En effet,&nbsp;appliquer un tarif \u00e0 l\u2019\u00e9mission de carbone peut&nbsp;\u00eatre&nbsp;r\u00e9alis\u00e9&nbsp;de deux mani\u00e8res\u202f:&nbsp; Directement,&nbsp;via une taxe&nbsp;dont le montant, fixe ou variable,&nbsp;est d\u00e9cid\u00e9 par les pouvoirs publics. C\u2019est l\u2019option mise en place dans plusieurs pays \u00e0 travers le monde&nbsp;&nbsp;&nbsp; Indirectement,&nbsp;via un syst\u00e8me de quotas d\u2019\u00e9missions. Les entreprises qui&nbsp;d\u00e9passent leur quota doivent acheter un&nbsp;permis d\u2019\u00e9mettre du carbone.&nbsp;Les acteurs dont les \u00e9missions sont inf\u00e9rieures au quota fix\u00e9 revendent &hellip; <a href=\"https:\/\/www.renouvelle.be\/fr\/une-taxe-carbone-belge-peut-saverer-benefique-pour-leconomie-les-menages-et-le-climat\/\" class=\"more-link\">Continue reading<span class=\"screen-reader-text\"> \u00ab\u00a0Une taxe carbone belge peut s\u2019av\u00e9rer b\u00e9n\u00e9fique pour l\u2019\u00e9conomie, les m\u00e9nages et le climat\u00a0\u00bb<\/span><\/a><\/p>\n","protected":false},"author":24,"featured_media":5503,"comment_status":"closed","ping_status":"closed","sticky":false,"template":"","format":"standard","meta":{"_acf_changed":false,"footnotes":""},"categories":[21],"tags":[],"section":[8],"class_list":["post-5498","post","type-post","status-publish","format-standard","has-post-thumbnail","hentry","category-debats","section-energie-renouvelables"],"acf":[],"yoast_head":"<!-- This site is optimized with the Yoast SEO plugin v27.5 - https:\/\/yoast.com\/product\/yoast-seo-wordpress\/ -->\n<title>Une taxe carbone belge peut s\u2019av\u00e9rer b\u00e9n\u00e9fique pour l\u2019\u00e9conomie, les m\u00e9nages et le climat - Renouvelle<\/title>\n<meta name=\"robots\" content=\"index, follow, max-snippet:-1, max-image-preview:large, max-video-preview:-1\" \/>\n<link rel=\"canonical\" href=\"https:\/\/www.renouvelle.be\/fr\/une-taxe-carbone-belge-peut-saverer-benefique-pour-leconomie-les-menages-et-le-climat\/\" \/>\n<meta property=\"og:locale\" content=\"fr_FR\" \/>\n<meta property=\"og:type\" content=\"article\" \/>\n<meta property=\"og:title\" content=\"Une taxe carbone belge peut s\u2019av\u00e9rer b\u00e9n\u00e9fique pour l\u2019\u00e9conomie, les m\u00e9nages et le climat - Renouvelle\" \/>\n<meta property=\"og:description\" content=\"La&nbsp;tarification&nbsp;du&nbsp;carbone,&nbsp;c\u2019est un peu&nbsp;l\u2019Arl\u00e9sienne&nbsp;des politiques climatiques.&nbsp;On&nbsp;en parle depuis des ann\u00e9es,&nbsp;sans qu\u2019elle&nbsp;ne&nbsp;soit&nbsp;mise&nbsp;en place&nbsp;\u00e0 un niveau&nbsp;suffisant pour avoir des effets significatifs sur les \u00e9missions de carbone.&nbsp; Les \u00e9nergies fossiles (p\u00e9trole, gaz, charbon), utilis\u00e9es par nos industries et nos moyens de transport&nbsp;et fortement \u00e9mettrices de gaz \u00e0 effet de serre,&nbsp;devraient&nbsp;pourtant&nbsp;contribuer aux efforts nationaux et internationaux pour acc\u00e9l\u00e9rer la transition&nbsp;vers un syst\u00e8me Z\u00e9ro carbone.&nbsp; Il est vrai que les&nbsp;r\u00e9sistances sont nombreuses et les&nbsp;contre-arguments&nbsp;ne&nbsp;manquent&nbsp;pas\u202f: baisse de comp\u00e9titivit\u00e9 des entreprises, perte d\u2019emplois, augmentation&nbsp;des&nbsp;in\u00e9galit\u00e9s sociales,&nbsp;appel \u00e0 mettre en place une telle tarification au niveau international,&nbsp;\u2026&nbsp;&nbsp; Ces&nbsp;contre-arguments,&nbsp;on les a&nbsp;entendus&nbsp;encore r\u00e9cemment au niveau belge,&nbsp;lorsque la Ministre&nbsp;f\u00e9d\u00e9rale&nbsp;du Climat et du&nbsp;D\u00e9veloppement durable&nbsp;Zakia&nbsp;Khattabi,&nbsp;a remis sur la table&nbsp;fin 2020&nbsp;l\u2019id\u00e9e d\u2019instaurer une tarification&nbsp;carbone en Belgique.&nbsp;&nbsp; Ces&nbsp;contre-arguments sont&nbsp;\u00e0 premi\u00e8re vue&nbsp;assez intuitifs&nbsp;et peuvent&nbsp;difficilement&nbsp;\u00eatre ignor\u00e9s.&nbsp;Et&nbsp;les gilets jaunes&nbsp;seront&nbsp;toujours&nbsp;l\u00e0 pour nous rappeler&nbsp;qu&rsquo;une taxe injuste peut provoquer une col\u00e8re sociale de grande ampleur (lire notre article&nbsp;\u00ab Gilets jaunes \u00bb et climat, m\u00eame combat ? ).&nbsp; Mais&nbsp;la v\u00e9rit\u00e9 n\u2019est peut-\u00eatre pas aussi proche de nos intuitions. En effet, une&nbsp;\u00e9tude&nbsp;publi\u00e9e&nbsp;en d\u00e9cembre&nbsp;2020&nbsp;vient mettre \u00e0 mal une bonne&nbsp;partie de ces&nbsp;contre-arguments.&nbsp;Cette \u00e9tude&nbsp;n\u2019a pas \u00e9t\u00e9&nbsp;men\u00e9e&nbsp;par&nbsp;une ONG environnementale, mais bien&nbsp;par la&nbsp;Banque nationale belge,&nbsp;qui n\u2019est&nbsp;pas&nbsp;r\u00e9put\u00e9e&nbsp;pour ces positions pro-environnementales.&nbsp;&nbsp; Cette \u00e9tude dresse plusieurs constats qui se basent&nbsp;sur des exp\u00e9riences \u00e9trang\u00e8res de&nbsp;mise&nbsp;en place d\u2019une telle&nbsp;tarification&nbsp;carbone,&nbsp;dans des pays comme&nbsp;la Su\u00e8de,&nbsp;le Royaume,&nbsp;l\u2019Irlande, les Etats-Unis, \u2026&nbsp; Qu\u2019est-ce que la tarification carbone\u202f?&nbsp; Avant&nbsp;de pr\u00e9senter plus d\u00e9tails ces r\u00e9sultats,&nbsp;pr\u00e9cisons d\u2019abord de quoi on parle.&nbsp;&nbsp; Nous employons volontairement le terme \u00ab\u202ftarification\u202f\u00bb et non \u00ab\u202ftaxe\u202f\u00bb\u202f? En effet,&nbsp;appliquer un tarif \u00e0 l\u2019\u00e9mission de carbone peut&nbsp;\u00eatre&nbsp;r\u00e9alis\u00e9&nbsp;de deux mani\u00e8res\u202f:&nbsp; Directement,&nbsp;via une taxe&nbsp;dont le montant, fixe ou variable,&nbsp;est d\u00e9cid\u00e9 par les pouvoirs publics. C\u2019est l\u2019option mise en place dans plusieurs pays \u00e0 travers le monde&nbsp;&nbsp;&nbsp; Indirectement,&nbsp;via un syst\u00e8me de quotas d\u2019\u00e9missions. Les entreprises qui&nbsp;d\u00e9passent leur quota doivent acheter un&nbsp;permis d\u2019\u00e9mettre du carbone.&nbsp;Les acteurs dont les \u00e9missions sont inf\u00e9rieures au quota fix\u00e9 revendent &hellip; Continue reading &quot;Une taxe carbone belge peut s\u2019av\u00e9rer b\u00e9n\u00e9fique pour l\u2019\u00e9conomie, les m\u00e9nages et le climat&quot;\" \/>\n<meta property=\"og:url\" content=\"https:\/\/www.renouvelle.be\/fr\/une-taxe-carbone-belge-peut-saverer-benefique-pour-leconomie-les-menages-et-le-climat\/\" \/>\n<meta property=\"og:site_name\" content=\"Renouvelle\" \/>\n<meta property=\"article:published_time\" content=\"2021-03-11T10:38:23+00:00\" \/>\n<meta property=\"article:modified_time\" content=\"2021-03-11T11:05:19+00:00\" \/>\n<meta property=\"og:image\" content=\"https:\/\/www.renouvelle.be\/wp-content\/uploads\/2021\/03\/transition.jpg\" \/>\n\t<meta property=\"og:image:width\" content=\"700\" \/>\n\t<meta property=\"og:image:height\" content=\"467\" \/>\n\t<meta property=\"og:image:type\" content=\"image\/jpeg\" \/>\n<meta name=\"author\" content=\"Mathieu BOURGEOIS\" \/>\n<meta name=\"twitter:card\" content=\"summary_large_image\" \/>\n<script type=\"application\/ld+json\" class=\"yoast-schema-graph\">{\"@context\":\"https:\\\/\\\/schema.org\",\"@graph\":[{\"@type\":\"Article\",\"@id\":\"https:\\\/\\\/www.renouvelle.be\\\/fr\\\/une-taxe-carbone-belge-peut-saverer-benefique-pour-leconomie-les-menages-et-le-climat\\\/#article\",\"isPartOf\":{\"@id\":\"https:\\\/\\\/www.renouvelle.be\\\/fr\\\/une-taxe-carbone-belge-peut-saverer-benefique-pour-leconomie-les-menages-et-le-climat\\\/\"},\"author\":{\"name\":\"Mathieu BOURGEOIS\",\"@id\":\"https:\\\/\\\/www.renouvelle.be\\\/fr\\\/#\\\/schema\\\/person\\\/25b0106180029ed5faaae2c145f02f09\"},\"headline\":\"Une taxe carbone belge peut s\u2019av\u00e9rer b\u00e9n\u00e9fique pour l\u2019\u00e9conomie, les m\u00e9nages et le climat\",\"datePublished\":\"2021-03-11T10:38:23+00:00\",\"dateModified\":\"2021-03-11T11:05:19+00:00\",\"mainEntityOfPage\":{\"@id\":\"https:\\\/\\\/www.renouvelle.be\\\/fr\\\/une-taxe-carbone-belge-peut-saverer-benefique-pour-leconomie-les-menages-et-le-climat\\\/\"},\"wordCount\":1826,\"image\":{\"@id\":\"https:\\\/\\\/www.renouvelle.be\\\/fr\\\/une-taxe-carbone-belge-peut-saverer-benefique-pour-leconomie-les-menages-et-le-climat\\\/#primaryimage\"},\"thumbnailUrl\":\"https:\\\/\\\/www.renouvelle.be\\\/wp-content\\\/uploads\\\/2021\\\/03\\\/transition.jpg\",\"articleSection\":[\"D\u00e9bats\"],\"inLanguage\":\"fr-FR\"},{\"@type\":\"WebPage\",\"@id\":\"https:\\\/\\\/www.renouvelle.be\\\/fr\\\/une-taxe-carbone-belge-peut-saverer-benefique-pour-leconomie-les-menages-et-le-climat\\\/\",\"url\":\"https:\\\/\\\/www.renouvelle.be\\\/fr\\\/une-taxe-carbone-belge-peut-saverer-benefique-pour-leconomie-les-menages-et-le-climat\\\/\",\"name\":\"Une taxe carbone belge peut s\u2019av\u00e9rer b\u00e9n\u00e9fique pour l\u2019\u00e9conomie, les m\u00e9nages et le climat - Renouvelle\",\"isPartOf\":{\"@id\":\"https:\\\/\\\/www.renouvelle.be\\\/fr\\\/#website\"},\"primaryImageOfPage\":{\"@id\":\"https:\\\/\\\/www.renouvelle.be\\\/fr\\\/une-taxe-carbone-belge-peut-saverer-benefique-pour-leconomie-les-menages-et-le-climat\\\/#primaryimage\"},\"image\":{\"@id\":\"https:\\\/\\\/www.renouvelle.be\\\/fr\\\/une-taxe-carbone-belge-peut-saverer-benefique-pour-leconomie-les-menages-et-le-climat\\\/#primaryimage\"},\"thumbnailUrl\":\"https:\\\/\\\/www.renouvelle.be\\\/wp-content\\\/uploads\\\/2021\\\/03\\\/transition.jpg\",\"datePublished\":\"2021-03-11T10:38:23+00:00\",\"dateModified\":\"2021-03-11T11:05:19+00:00\",\"author\":{\"@id\":\"https:\\\/\\\/www.renouvelle.be\\\/fr\\\/#\\\/schema\\\/person\\\/25b0106180029ed5faaae2c145f02f09\"},\"breadcrumb\":{\"@id\":\"https:\\\/\\\/www.renouvelle.be\\\/fr\\\/une-taxe-carbone-belge-peut-saverer-benefique-pour-leconomie-les-menages-et-le-climat\\\/#breadcrumb\"},\"inLanguage\":\"fr-FR\",\"potentialAction\":[{\"@type\":\"ReadAction\",\"target\":[\"https:\\\/\\\/www.renouvelle.be\\\/fr\\\/une-taxe-carbone-belge-peut-saverer-benefique-pour-leconomie-les-menages-et-le-climat\\\/\"]}]},{\"@type\":\"ImageObject\",\"inLanguage\":\"fr-FR\",\"@id\":\"https:\\\/\\\/www.renouvelle.be\\\/fr\\\/une-taxe-carbone-belge-peut-saverer-benefique-pour-leconomie-les-menages-et-le-climat\\\/#primaryimage\",\"url\":\"https:\\\/\\\/www.renouvelle.be\\\/wp-content\\\/uploads\\\/2021\\\/03\\\/transition.jpg\",\"contentUrl\":\"https:\\\/\\\/www.renouvelle.be\\\/wp-content\\\/uploads\\\/2021\\\/03\\\/transition.jpg\",\"width\":700,\"height\":467,\"caption\":\"Fossil fuel vs renewable \\\/ future clean alternative energy concept : Petroleum pumpjack, crude oil drum barrel, solar panel, green leaf battery, wind turbine on a wood balance scale in equal position.\"},{\"@type\":\"BreadcrumbList\",\"@id\":\"https:\\\/\\\/www.renouvelle.be\\\/fr\\\/une-taxe-carbone-belge-peut-saverer-benefique-pour-leconomie-les-menages-et-le-climat\\\/#breadcrumb\",\"itemListElement\":[{\"@type\":\"ListItem\",\"position\":1,\"name\":\"Accueil\",\"item\":\"https:\\\/\\\/www.renouvelle.be\\\/fr\\\/\"},{\"@type\":\"ListItem\",\"position\":2,\"name\":\"Une taxe carbone belge peut s\u2019av\u00e9rer b\u00e9n\u00e9fique pour l\u2019\u00e9conomie, les m\u00e9nages et le climat\"}]},{\"@type\":\"WebSite\",\"@id\":\"https:\\\/\\\/www.renouvelle.be\\\/fr\\\/#website\",\"url\":\"https:\\\/\\\/www.renouvelle.be\\\/fr\\\/\",\"name\":\"Renouvelle\",\"description\":\"L&#039;actualit\u00e9 de l&#039;\u00e9nergie durable\",\"potentialAction\":[{\"@type\":\"SearchAction\",\"target\":{\"@type\":\"EntryPoint\",\"urlTemplate\":\"https:\\\/\\\/www.renouvelle.be\\\/fr\\\/?s={search_term_string}\"},\"query-input\":{\"@type\":\"PropertyValueSpecification\",\"valueRequired\":true,\"valueName\":\"search_term_string\"}}],\"inLanguage\":\"fr-FR\"},{\"@type\":\"Person\",\"@id\":\"https:\\\/\\\/www.renouvelle.be\\\/fr\\\/#\\\/schema\\\/person\\\/25b0106180029ed5faaae2c145f02f09\",\"name\":\"Mathieu BOURGEOIS\",\"url\":\"https:\\\/\\\/www.renouvelle.be\\\/fr\\\/author\\\/mathieubourgeois\\\/\"}]}<\/script>\n<!-- \/ Yoast SEO plugin. -->","yoast_head_json":{"title":"Une taxe carbone belge peut s\u2019av\u00e9rer b\u00e9n\u00e9fique pour l\u2019\u00e9conomie, les m\u00e9nages et le climat - Renouvelle","robots":{"index":"index","follow":"follow","max-snippet":"max-snippet:-1","max-image-preview":"max-image-preview:large","max-video-preview":"max-video-preview:-1"},"canonical":"https:\/\/www.renouvelle.be\/fr\/une-taxe-carbone-belge-peut-saverer-benefique-pour-leconomie-les-menages-et-le-climat\/","og_locale":"fr_FR","og_type":"article","og_title":"Une taxe carbone belge peut s\u2019av\u00e9rer b\u00e9n\u00e9fique pour l\u2019\u00e9conomie, les m\u00e9nages et le climat - Renouvelle","og_description":"La&nbsp;tarification&nbsp;du&nbsp;carbone,&nbsp;c\u2019est un peu&nbsp;l\u2019Arl\u00e9sienne&nbsp;des politiques climatiques.&nbsp;On&nbsp;en parle depuis des ann\u00e9es,&nbsp;sans qu\u2019elle&nbsp;ne&nbsp;soit&nbsp;mise&nbsp;en place&nbsp;\u00e0 un niveau&nbsp;suffisant pour avoir des effets significatifs sur les \u00e9missions de carbone.&nbsp; Les \u00e9nergies fossiles (p\u00e9trole, gaz, charbon), utilis\u00e9es par nos industries et nos moyens de transport&nbsp;et fortement \u00e9mettrices de gaz \u00e0 effet de serre,&nbsp;devraient&nbsp;pourtant&nbsp;contribuer aux efforts nationaux et internationaux pour acc\u00e9l\u00e9rer la transition&nbsp;vers un syst\u00e8me Z\u00e9ro carbone.&nbsp; Il est vrai que les&nbsp;r\u00e9sistances sont nombreuses et les&nbsp;contre-arguments&nbsp;ne&nbsp;manquent&nbsp;pas\u202f: baisse de comp\u00e9titivit\u00e9 des entreprises, perte d\u2019emplois, augmentation&nbsp;des&nbsp;in\u00e9galit\u00e9s sociales,&nbsp;appel \u00e0 mettre en place une telle tarification au niveau international,&nbsp;\u2026&nbsp;&nbsp; Ces&nbsp;contre-arguments,&nbsp;on les a&nbsp;entendus&nbsp;encore r\u00e9cemment au niveau belge,&nbsp;lorsque la Ministre&nbsp;f\u00e9d\u00e9rale&nbsp;du Climat et du&nbsp;D\u00e9veloppement durable&nbsp;Zakia&nbsp;Khattabi,&nbsp;a remis sur la table&nbsp;fin 2020&nbsp;l\u2019id\u00e9e d\u2019instaurer une tarification&nbsp;carbone en Belgique.&nbsp;&nbsp; Ces&nbsp;contre-arguments sont&nbsp;\u00e0 premi\u00e8re vue&nbsp;assez intuitifs&nbsp;et peuvent&nbsp;difficilement&nbsp;\u00eatre ignor\u00e9s.&nbsp;Et&nbsp;les gilets jaunes&nbsp;seront&nbsp;toujours&nbsp;l\u00e0 pour nous rappeler&nbsp;qu&rsquo;une taxe injuste peut provoquer une col\u00e8re sociale de grande ampleur (lire notre article&nbsp;\u00ab Gilets jaunes \u00bb et climat, m\u00eame combat ? ).&nbsp; Mais&nbsp;la v\u00e9rit\u00e9 n\u2019est peut-\u00eatre pas aussi proche de nos intuitions. En effet, une&nbsp;\u00e9tude&nbsp;publi\u00e9e&nbsp;en d\u00e9cembre&nbsp;2020&nbsp;vient mettre \u00e0 mal une bonne&nbsp;partie de ces&nbsp;contre-arguments.&nbsp;Cette \u00e9tude&nbsp;n\u2019a pas \u00e9t\u00e9&nbsp;men\u00e9e&nbsp;par&nbsp;une ONG environnementale, mais bien&nbsp;par la&nbsp;Banque nationale belge,&nbsp;qui n\u2019est&nbsp;pas&nbsp;r\u00e9put\u00e9e&nbsp;pour ces positions pro-environnementales.&nbsp;&nbsp; Cette \u00e9tude dresse plusieurs constats qui se basent&nbsp;sur des exp\u00e9riences \u00e9trang\u00e8res de&nbsp;mise&nbsp;en place d\u2019une telle&nbsp;tarification&nbsp;carbone,&nbsp;dans des pays comme&nbsp;la Su\u00e8de,&nbsp;le Royaume,&nbsp;l\u2019Irlande, les Etats-Unis, \u2026&nbsp; Qu\u2019est-ce que la tarification carbone\u202f?&nbsp; Avant&nbsp;de pr\u00e9senter plus d\u00e9tails ces r\u00e9sultats,&nbsp;pr\u00e9cisons d\u2019abord de quoi on parle.&nbsp;&nbsp; Nous employons volontairement le terme \u00ab\u202ftarification\u202f\u00bb et non \u00ab\u202ftaxe\u202f\u00bb\u202f? En effet,&nbsp;appliquer un tarif \u00e0 l\u2019\u00e9mission de carbone peut&nbsp;\u00eatre&nbsp;r\u00e9alis\u00e9&nbsp;de deux mani\u00e8res\u202f:&nbsp; Directement,&nbsp;via une taxe&nbsp;dont le montant, fixe ou variable,&nbsp;est d\u00e9cid\u00e9 par les pouvoirs publics. C\u2019est l\u2019option mise en place dans plusieurs pays \u00e0 travers le monde&nbsp;&nbsp;&nbsp; Indirectement,&nbsp;via un syst\u00e8me de quotas d\u2019\u00e9missions. Les entreprises qui&nbsp;d\u00e9passent leur quota doivent acheter un&nbsp;permis d\u2019\u00e9mettre du carbone.&nbsp;Les acteurs dont les \u00e9missions sont inf\u00e9rieures au quota fix\u00e9 revendent &hellip; Continue reading \"Une taxe carbone belge peut s\u2019av\u00e9rer b\u00e9n\u00e9fique pour l\u2019\u00e9conomie, les m\u00e9nages et le climat\"","og_url":"https:\/\/www.renouvelle.be\/fr\/une-taxe-carbone-belge-peut-saverer-benefique-pour-leconomie-les-menages-et-le-climat\/","og_site_name":"Renouvelle","article_published_time":"2021-03-11T10:38:23+00:00","article_modified_time":"2021-03-11T11:05:19+00:00","og_image":[{"width":700,"height":467,"url":"https:\/\/www.renouvelle.be\/wp-content\/uploads\/2021\/03\/transition.jpg","type":"image\/jpeg"}],"author":"Mathieu BOURGEOIS","twitter_card":"summary_large_image","schema":{"@context":"https:\/\/schema.org","@graph":[{"@type":"Article","@id":"https:\/\/www.renouvelle.be\/fr\/une-taxe-carbone-belge-peut-saverer-benefique-pour-leconomie-les-menages-et-le-climat\/#article","isPartOf":{"@id":"https:\/\/www.renouvelle.be\/fr\/une-taxe-carbone-belge-peut-saverer-benefique-pour-leconomie-les-menages-et-le-climat\/"},"author":{"name":"Mathieu BOURGEOIS","@id":"https:\/\/www.renouvelle.be\/fr\/#\/schema\/person\/25b0106180029ed5faaae2c145f02f09"},"headline":"Une taxe carbone belge peut s\u2019av\u00e9rer b\u00e9n\u00e9fique pour l\u2019\u00e9conomie, les m\u00e9nages et le climat","datePublished":"2021-03-11T10:38:23+00:00","dateModified":"2021-03-11T11:05:19+00:00","mainEntityOfPage":{"@id":"https:\/\/www.renouvelle.be\/fr\/une-taxe-carbone-belge-peut-saverer-benefique-pour-leconomie-les-menages-et-le-climat\/"},"wordCount":1826,"image":{"@id":"https:\/\/www.renouvelle.be\/fr\/une-taxe-carbone-belge-peut-saverer-benefique-pour-leconomie-les-menages-et-le-climat\/#primaryimage"},"thumbnailUrl":"https:\/\/www.renouvelle.be\/wp-content\/uploads\/2021\/03\/transition.jpg","articleSection":["D\u00e9bats"],"inLanguage":"fr-FR"},{"@type":"WebPage","@id":"https:\/\/www.renouvelle.be\/fr\/une-taxe-carbone-belge-peut-saverer-benefique-pour-leconomie-les-menages-et-le-climat\/","url":"https:\/\/www.renouvelle.be\/fr\/une-taxe-carbone-belge-peut-saverer-benefique-pour-leconomie-les-menages-et-le-climat\/","name":"Une taxe carbone belge peut s\u2019av\u00e9rer b\u00e9n\u00e9fique pour l\u2019\u00e9conomie, les m\u00e9nages et le climat - Renouvelle","isPartOf":{"@id":"https:\/\/www.renouvelle.be\/fr\/#website"},"primaryImageOfPage":{"@id":"https:\/\/www.renouvelle.be\/fr\/une-taxe-carbone-belge-peut-saverer-benefique-pour-leconomie-les-menages-et-le-climat\/#primaryimage"},"image":{"@id":"https:\/\/www.renouvelle.be\/fr\/une-taxe-carbone-belge-peut-saverer-benefique-pour-leconomie-les-menages-et-le-climat\/#primaryimage"},"thumbnailUrl":"https:\/\/www.renouvelle.be\/wp-content\/uploads\/2021\/03\/transition.jpg","datePublished":"2021-03-11T10:38:23+00:00","dateModified":"2021-03-11T11:05:19+00:00","author":{"@id":"https:\/\/www.renouvelle.be\/fr\/#\/schema\/person\/25b0106180029ed5faaae2c145f02f09"},"breadcrumb":{"@id":"https:\/\/www.renouvelle.be\/fr\/une-taxe-carbone-belge-peut-saverer-benefique-pour-leconomie-les-menages-et-le-climat\/#breadcrumb"},"inLanguage":"fr-FR","potentialAction":[{"@type":"ReadAction","target":["https:\/\/www.renouvelle.be\/fr\/une-taxe-carbone-belge-peut-saverer-benefique-pour-leconomie-les-menages-et-le-climat\/"]}]},{"@type":"ImageObject","inLanguage":"fr-FR","@id":"https:\/\/www.renouvelle.be\/fr\/une-taxe-carbone-belge-peut-saverer-benefique-pour-leconomie-les-menages-et-le-climat\/#primaryimage","url":"https:\/\/www.renouvelle.be\/wp-content\/uploads\/2021\/03\/transition.jpg","contentUrl":"https:\/\/www.renouvelle.be\/wp-content\/uploads\/2021\/03\/transition.jpg","width":700,"height":467,"caption":"Fossil fuel vs renewable \/ future clean alternative energy concept : Petroleum pumpjack, crude oil drum barrel, solar panel, green leaf battery, wind turbine on a wood balance scale in equal position."},{"@type":"BreadcrumbList","@id":"https:\/\/www.renouvelle.be\/fr\/une-taxe-carbone-belge-peut-saverer-benefique-pour-leconomie-les-menages-et-le-climat\/#breadcrumb","itemListElement":[{"@type":"ListItem","position":1,"name":"Accueil","item":"https:\/\/www.renouvelle.be\/fr\/"},{"@type":"ListItem","position":2,"name":"Une taxe carbone belge peut s\u2019av\u00e9rer b\u00e9n\u00e9fique pour l\u2019\u00e9conomie, les m\u00e9nages et le climat"}]},{"@type":"WebSite","@id":"https:\/\/www.renouvelle.be\/fr\/#website","url":"https:\/\/www.renouvelle.be\/fr\/","name":"Renouvelle","description":"L&#039;actualit\u00e9 de l&#039;\u00e9nergie durable","potentialAction":[{"@type":"SearchAction","target":{"@type":"EntryPoint","urlTemplate":"https:\/\/www.renouvelle.be\/fr\/?s={search_term_string}"},"query-input":{"@type":"PropertyValueSpecification","valueRequired":true,"valueName":"search_term_string"}}],"inLanguage":"fr-FR"},{"@type":"Person","@id":"https:\/\/www.renouvelle.be\/fr\/#\/schema\/person\/25b0106180029ed5faaae2c145f02f09","name":"Mathieu BOURGEOIS","url":"https:\/\/www.renouvelle.be\/fr\/author\/mathieubourgeois\/"}]}},"_links":{"self":[{"href":"https:\/\/www.renouvelle.be\/fr\/wp-json\/wp\/v2\/posts\/5498","targetHints":{"allow":["GET"]}}],"collection":[{"href":"https:\/\/www.renouvelle.be\/fr\/wp-json\/wp\/v2\/posts"}],"about":[{"href":"https:\/\/www.renouvelle.be\/fr\/wp-json\/wp\/v2\/types\/post"}],"author":[{"embeddable":true,"href":"https:\/\/www.renouvelle.be\/fr\/wp-json\/wp\/v2\/users\/24"}],"replies":[{"embeddable":true,"href":"https:\/\/www.renouvelle.be\/fr\/wp-json\/wp\/v2\/comments?post=5498"}],"version-history":[{"count":5,"href":"https:\/\/www.renouvelle.be\/fr\/wp-json\/wp\/v2\/posts\/5498\/revisions"}],"predecessor-version":[{"id":5509,"href":"https:\/\/www.renouvelle.be\/fr\/wp-json\/wp\/v2\/posts\/5498\/revisions\/5509"}],"wp:featuredmedia":[{"embeddable":true,"href":"https:\/\/www.renouvelle.be\/fr\/wp-json\/wp\/v2\/media\/5503"}],"wp:attachment":[{"href":"https:\/\/www.renouvelle.be\/fr\/wp-json\/wp\/v2\/media?parent=5498"}],"wp:term":[{"taxonomy":"category","embeddable":true,"href":"https:\/\/www.renouvelle.be\/fr\/wp-json\/wp\/v2\/categories?post=5498"},{"taxonomy":"post_tag","embeddable":true,"href":"https:\/\/www.renouvelle.be\/fr\/wp-json\/wp\/v2\/tags?post=5498"},{"taxonomy":"section","embeddable":true,"href":"https:\/\/www.renouvelle.be\/fr\/wp-json\/wp\/v2\/section?post=5498"}],"curies":[{"name":"wp","href":"https:\/\/api.w.org\/{rel}","templated":true}]}}