{"id":5175,"date":"2021-03-01T15:06:15","date_gmt":"2021-03-01T14:06:15","guid":{"rendered":"http:\/\/dev21.renouvelle.be\/?p=5175"},"modified":"2025-03-21T09:38:46","modified_gmt":"2025-03-21T08:38:46","slug":"la-belgique-bientot-interconnectee-avec-le-danemark","status":"publish","type":"post","link":"https:\/\/www.renouvelle.be\/fr\/la-belgique-bientot-interconnectee-avec-le-danemark\/","title":{"rendered":"La Belgique bient\u00f4t interconnect\u00e9e avec le Danemark ?"},"content":{"rendered":"\n<p>Les r\u00e9seaux \u00e9lectriques belge et danois seront-ils bient\u00f4t reli\u00e9s en mer du Nord ?<\/p>\n\n\n\n<p>L\u2019id\u00e9e peut surprendre vu l\u2019\u00e9loignement g\u00e9ographique entre les deux pays. Et pourtant, ce type d&rsquo;interconnexions sont amen\u00e9es \u00e0 se d\u00e9velopper dans les mers europ\u00e9ennes.<\/p>\n\n\n\n<p>En effet, avec la multiplication de parcs \u00e9oliens offshore, les 7 pays riverains de la mer du Nord envisagent d\u2019utiliser ces sites pour cr\u00e9er des interconnexions hybrides : on combine \u00e0 la fois un raccordement du parc \u00e9olien maritime et une interconnexion avec un pays proche, ce qui permet de mieux int\u00e9grer et \u00e9changer les productions \u00e9oliennes. &nbsp;<\/p>\n\n\n\n<p>Le premier interconnecteur hybride au monde a ainsi \u00e9t\u00e9 inaugur\u00e9 en octobre 2020 en mer Baltique. Un c\u00e2ble \u00e9lectrique de 25 km relie d\u00e9sormais deux parcs \u00e9oliens offshore, l\u2019un danois l\u2019autre allemand, assurant d\u00e8s lors une interconnexion entre ces deux pays.<\/p>\n\n\n\n<p>Or cette premi\u00e8re mondiale a \u00e9t\u00e9 d\u00e9velopp\u00e9e en partenariat avec 50 Hertz, filiale allemande d\u2019Elia, le gestionnaire belge du r\u00e9seau haute tension.<\/p>\n\n\n\n<p>Elia dispose donc d\u2019une expertise innovante dans ce type de projets.<\/p>\n\n\n\n<figure class=\"wp-block-image\"><img decoding=\"async\" src=\"\/wp-content\/uploads\/2021\/03\/offshore_2.jpg\" alt=\"\"\/><\/figure>\n\n\n\n<h2 class=\"wp-block-heading\">Un c\u00e2ble sous-marin de 600 km &nbsp;<\/h2>\n\n\n\n<p>C\u2019est ainsi que les gestionnaires de r\u00e9seaux belge (Elia) et danois (Energynet) \u00e9tudient la faisabilit\u00e9 d\u2019un c\u00e2ble sous-marin entre la Belgique et le Danemark, sur une distance de 600 km, via un parc \u00e9olien qui formerait une v\u00e9ritable \u00eele \u00e9nerg\u00e9tique&nbsp;(illustration ci-dessous).<\/p>\n\n\n\n<figure class=\"wp-block-image\"><img decoding=\"async\" src=\"\/wp-content\/uploads\/2021\/03\/20210212_elia_carte-interconnector-dk_be_fr_600x519.jpg\" alt=\"\"\/><\/figure>\n\n\n\n<p><small>Source : Elia<\/small><\/p>\n\n\n\n<p>Pr\u00e9vu pour \u00eatre construit \u00e0 80 kilom\u00e8tres des c\u00f4tes du Jutland \u00e0 l\u2019ouest du Danemark pour capter des vents puissants, ce \u00ab hub \u00e9nerg\u00e9tique \u00bb relierait 200 puis, \u00e0 terme, 600 grandes \u00e9oliennes en mer.<\/p>\n\n\n\n<p>Avec une capacit\u00e9 de 3 puis 10 gigawatts, les responsables du projet avancent une production \u00e9lectrique permettant de fournir 3 \u00e0 10 millions de foyers, selon l\u2019agence France Presse.<\/p>\n\n\n\n<p>Vaste de 12 \u00e0 46 hectares, cette \u00eele artificielle jouera un r\u00f4le de centre de transit en Europe du Nord en reliant par des c\u00e2bles sous-marins plusieurs autres pays voisins de la mer du Nord, comme la Norv\u00e8ge ou l\u2019Allemagne.<\/p>\n\n\n\n<p>Ce hub abritera diff\u00e9rentes activit\u00e9s \u00e9conomiques, telles que l\u2019exploitation et la maintenance des \u00e9oliennes et la production d\u2019hydrog\u00e8ne vert par \u00e9lectrolyse de l\u2019eau&nbsp;\u00e0 partir de l\u2019\u00e9lectricit\u00e9 \u00e9olienne.<\/p>\n\n\n\n<p>Le projet \u2013 28 milliards \u20ac &#8211; sera men\u00e9 par le gouvernement danois, en collaboration avec des acteurs priv\u00e9s (dont Elia pour la connexion belge).<\/p>\n\n\n\n<p>Le chantier d\u00e9butera en 2026 et devrait s\u2019achever entre 2030 et 2033.<\/p>\n\n\n\n<p>Le projet s\u2019inscrit dans le cadre des efforts du Danemark pour r\u00e9duire de 70 % ses \u00e9missions de CO<sub>2<\/sub>&nbsp;d\u2019ici 2030 par rapport au niveau de 1990, un des objectifs les plus ambitieux en Europe.<\/p>\n\n\n\n<h2 class=\"wp-block-heading\">Une \u00eele belge<\/h2>\n\n\n\n<p>Stimul\u00e9 par ces innovations, le gouvernement belge annonce \u00e9galement la cr\u00e9ation d\u2019une \u00eele \u00e9nerg\u00e9tique proche de la c\u00f4te belge, dans le cadre du plan de relance \u00e9conomique post-Covid-19.<\/p>\n\n\n\n<p>Elle devrait \u00eatre install\u00e9e dans les eaux territoriales belges, au sein de la deuxi\u00e8me zone d\u00e9di\u00e9e \u00e0 l\u2019\u00e9olien offshore &#8211; baptis\u00e9e Princesse Elisabeth, c\u00f4t\u00e9 France -, o\u00f9 2,2 GW seront construits (voir carte ci-dessous et lire notre article&nbsp;<a href=\"https:\/\/www.renouvelle.be\/fr\/actualite-belgique\/la-belgique-doublera-sa-puissance-eolienne-en-mer-du-nord\">La Belgique doublera sa puissance \u00e9olienne en mer du Nord<\/a>).<\/p>\n\n\n\n<figure class=\"wp-block-image\"><img decoding=\"async\" src=\"\/wp-content\/uploads\/2021\/03\/offshore4_2.jpg\" alt=\"\"\/><\/figure>\n\n\n\n<p>Selon L\u2019Echo (11\/02\/2021), ce hub \u00e9nerg\u00e9tique multifonctionnel servira de plaque tournante pour la connexion des futurs parcs \u00e9oliens belges, mais accueillera aussi des liaisons sous-marines permettant d\u2019\u00e9changer l\u2019\u00e9lectricit\u00e9 \u00e9olienne avec d\u2019autres pays \u2013 notamment le Danemark.<\/p>\n\n\n\n<p>Cette \u00eele artificielle s\u2019\u00e9tendrait&nbsp;sur 5 hectares et accueillerait&nbsp;diverses activit\u00e9s : la production d\u2019hydrog\u00e8ne vert, le stockage par batteries, l\u2019installation d\u2019un data center, le d\u00e9veloppement de panneaux photovolta\u00efques flottant entre les \u00e9oliennes ou encore l\u2019implantation d\u2019antennes 5G.<\/p>\n\n\n\n<p>Le projet \u2013 420 millions \u20ac &#8211; pourrait \u00eatre op\u00e9rationnel mi-2025.<\/p>\n\n\n\n<p>La Belgique, num\u00e9ro quatre mondial de l\u2019\u00e9olien en mer, d\u00e9velopperait ainsi une expertise qui sera tr\u00e8s sollicit\u00e9e \u00e0 l\u2019avenir.<\/p>\n\n\n\n<h2 class=\"wp-block-heading\">Multiplier les \u00eeles \u00e9nerg\u00e9tiques<\/h2>\n\n\n\n<p>En effet, les \u00eeles \u00e9nerg\u00e9tiques sont appel\u00e9es \u00e0 se multiplier dans les mers europ\u00e9ennes.&nbsp;<\/p>\n\n\n\n<p>En Belgique, les projets \u00e9oliens offshore sont programm\u00e9s pour atteindre 4,5 GW.&nbsp;Selon le&nbsp;<a href=\"https:\/\/economie.fgov.be\/sites\/default\/files\/Files\/Energy\/Plan-de-developpement-federal-du-reseau-de-transport-2020-2030-Elia.pdf\" target=\"_blank\" rel=\"noreferrer noopener\">Plan de d\u00e9veloppement f\u00e9d\u00e9ral<\/a>, le potentiel \u00e9olien maximum dans les eaux territoriales belges est estim\u00e9 \u00e0 8 GW, ce qui s\u2019av\u00e8re insuffisant pour atteindre les objectifs europ\u00e9ens.<\/p>\n\n\n\n<p>D\u2019o\u00f9 l\u2019id\u00e9e d\u2019int\u00e9grer la Belgique dans un r\u00e9seau maill\u00e9 international en mer du Nord.<\/p>\n\n\n\n<p>L\u2019initiative \u00abNorth Seas Energy Cooperation \u00bb m\u00e8ne ainsi des \u00e9tudes de projets hybrides concrets dans le secteur maritime compris entre la Belgique, les Pays-Bas et le Royaume-Uni.<\/p>\n\n\n\n<p>Ces hubs permettront, ici aussi, de mieux int\u00e9grer et \u00e9changer l\u2019\u00e9lectricit\u00e9 \u00e9olienne entre les pays; mais aussi de produire de l&rsquo;hydrog\u00e8ne vert \u00e0 grande \u00e9chelle (voir carte ci-dessous).<\/p>\n\n\n\n<figure class=\"wp-block-image\"><img decoding=\"async\" src=\"\/wp-content\/uploads\/2021\/03\/mer-du-nord.jpg\" alt=\"\"\/><\/figure>\n","protected":false},"excerpt":{"rendered":"<p>Les r\u00e9seaux \u00e9lectriques belge et danois seront-ils bient\u00f4t reli\u00e9s en mer du Nord ? L\u2019id\u00e9e peut surprendre vu l\u2019\u00e9loignement g\u00e9ographique entre les deux pays. Et pourtant, ce type d&rsquo;interconnexions sont amen\u00e9es \u00e0 se d\u00e9velopper dans les mers europ\u00e9ennes. En effet, avec la multiplication de parcs \u00e9oliens offshore, les 7 pays riverains de la mer du Nord envisagent d\u2019utiliser ces sites pour cr\u00e9er des interconnexions hybrides : on combine \u00e0 la fois un raccordement du parc \u00e9olien maritime et une interconnexion avec un pays proche, ce qui permet de mieux int\u00e9grer et \u00e9changer les productions \u00e9oliennes. &nbsp; Le premier interconnecteur hybride au monde a ainsi \u00e9t\u00e9 inaugur\u00e9 en octobre 2020 en mer Baltique. Un c\u00e2ble \u00e9lectrique de 25 km relie d\u00e9sormais deux parcs \u00e9oliens offshore, l\u2019un danois l\u2019autre allemand, assurant d\u00e8s lors une interconnexion entre ces deux pays. Or cette premi\u00e8re mondiale a \u00e9t\u00e9 d\u00e9velopp\u00e9e en partenariat avec 50 Hertz, filiale allemande d\u2019Elia, le gestionnaire belge du r\u00e9seau haute tension. Elia dispose donc d\u2019une expertise innovante dans ce type de projets. Un c\u00e2ble sous-marin de 600 km &nbsp; C\u2019est ainsi que les gestionnaires de r\u00e9seaux belge (Elia) et danois (Energynet) \u00e9tudient la faisabilit\u00e9 d\u2019un c\u00e2ble sous-marin entre la Belgique et le Danemark, sur une distance de 600 km, via un parc \u00e9olien qui formerait une v\u00e9ritable \u00eele \u00e9nerg\u00e9tique&nbsp;(illustration ci-dessous). Source : Elia Pr\u00e9vu pour \u00eatre construit \u00e0 80 kilom\u00e8tres des c\u00f4tes du Jutland \u00e0 l\u2019ouest du Danemark pour capter des vents puissants, ce \u00ab hub \u00e9nerg\u00e9tique \u00bb relierait 200 puis, \u00e0 terme, 600 grandes \u00e9oliennes en mer. Avec une capacit\u00e9 de 3 puis 10 gigawatts, les responsables du projet avancent une production \u00e9lectrique permettant de fournir 3 \u00e0 10 millions de foyers, selon l\u2019agence France Presse. Vaste de 12 \u00e0 46 &hellip; <a href=\"https:\/\/www.renouvelle.be\/fr\/la-belgique-bientot-interconnectee-avec-le-danemark\/\" class=\"more-link\">Continue reading<span class=\"screen-reader-text\"> \u00ab\u00a0La Belgique bient\u00f4t interconnect\u00e9e avec le Danemark ?\u00a0\u00bb<\/span><\/a><\/p>\n","protected":false},"author":3,"featured_media":5301,"comment_status":"closed","ping_status":"closed","sticky":false,"template":"","format":"standard","meta":{"_acf_changed":false,"footnotes":""},"categories":[17],"tags":[],"section":[6],"class_list":["post-5175","post","type-post","status-publish","format-standard","has-post-thumbnail","hentry","category-actualite-en-belgique","section-eolien"],"acf":[],"yoast_head":"<!-- This site is optimized with the Yoast SEO plugin v27.5 - https:\/\/yoast.com\/product\/yoast-seo-wordpress\/ -->\n<title>La Belgique bient\u00f4t interconnect\u00e9e avec le Danemark ? - Renouvelle<\/title>\n<meta name=\"robots\" content=\"index, follow, max-snippet:-1, max-image-preview:large, max-video-preview:-1\" \/>\n<link rel=\"canonical\" href=\"https:\/\/www.renouvelle.be\/fr\/la-belgique-bientot-interconnectee-avec-le-danemark\/\" \/>\n<meta property=\"og:locale\" content=\"fr_FR\" \/>\n<meta property=\"og:type\" content=\"article\" \/>\n<meta property=\"og:title\" content=\"La Belgique bient\u00f4t interconnect\u00e9e avec le Danemark ? - Renouvelle\" \/>\n<meta property=\"og:description\" content=\"Les r\u00e9seaux \u00e9lectriques belge et danois seront-ils bient\u00f4t reli\u00e9s en mer du Nord ? L\u2019id\u00e9e peut surprendre vu l\u2019\u00e9loignement g\u00e9ographique entre les deux pays. Et pourtant, ce type d&rsquo;interconnexions sont amen\u00e9es \u00e0 se d\u00e9velopper dans les mers europ\u00e9ennes. En effet, avec la multiplication de parcs \u00e9oliens offshore, les 7 pays riverains de la mer du Nord envisagent d\u2019utiliser ces sites pour cr\u00e9er des interconnexions hybrides : on combine \u00e0 la fois un raccordement du parc \u00e9olien maritime et une interconnexion avec un pays proche, ce qui permet de mieux int\u00e9grer et \u00e9changer les productions \u00e9oliennes. &nbsp; Le premier interconnecteur hybride au monde a ainsi \u00e9t\u00e9 inaugur\u00e9 en octobre 2020 en mer Baltique. Un c\u00e2ble \u00e9lectrique de 25 km relie d\u00e9sormais deux parcs \u00e9oliens offshore, l\u2019un danois l\u2019autre allemand, assurant d\u00e8s lors une interconnexion entre ces deux pays. Or cette premi\u00e8re mondiale a \u00e9t\u00e9 d\u00e9velopp\u00e9e en partenariat avec 50 Hertz, filiale allemande d\u2019Elia, le gestionnaire belge du r\u00e9seau haute tension. Elia dispose donc d\u2019une expertise innovante dans ce type de projets. Un c\u00e2ble sous-marin de 600 km &nbsp; C\u2019est ainsi que les gestionnaires de r\u00e9seaux belge (Elia) et danois (Energynet) \u00e9tudient la faisabilit\u00e9 d\u2019un c\u00e2ble sous-marin entre la Belgique et le Danemark, sur une distance de 600 km, via un parc \u00e9olien qui formerait une v\u00e9ritable \u00eele \u00e9nerg\u00e9tique&nbsp;(illustration ci-dessous). Source : Elia Pr\u00e9vu pour \u00eatre construit \u00e0 80 kilom\u00e8tres des c\u00f4tes du Jutland \u00e0 l\u2019ouest du Danemark pour capter des vents puissants, ce \u00ab hub \u00e9nerg\u00e9tique \u00bb relierait 200 puis, \u00e0 terme, 600 grandes \u00e9oliennes en mer. Avec une capacit\u00e9 de 3 puis 10 gigawatts, les responsables du projet avancent une production \u00e9lectrique permettant de fournir 3 \u00e0 10 millions de foyers, selon l\u2019agence France Presse. Vaste de 12 \u00e0 46 &hellip; Continue reading &quot;La Belgique bient\u00f4t interconnect\u00e9e avec le Danemark ?&quot;\" \/>\n<meta property=\"og:url\" content=\"https:\/\/www.renouvelle.be\/fr\/la-belgique-bientot-interconnectee-avec-le-danemark\/\" \/>\n<meta property=\"og:site_name\" content=\"Renouvelle\" \/>\n<meta property=\"article:published_time\" content=\"2021-03-01T14:06:15+00:00\" \/>\n<meta property=\"article:modified_time\" content=\"2025-03-21T08:38:46+00:00\" \/>\n<meta property=\"og:image\" content=\"https:\/\/www.renouvelle.be\/wp-content\/uploads\/2021\/03\/elia-dk2-1-1.jpg\" \/>\n\t<meta property=\"og:image:width\" content=\"482\" \/>\n\t<meta property=\"og:image:height\" content=\"312\" \/>\n\t<meta property=\"og:image:type\" content=\"image\/jpeg\" \/>\n<meta name=\"author\" content=\"Energie Commune\" \/>\n<meta name=\"twitter:card\" content=\"summary_large_image\" \/>\n<script type=\"application\/ld+json\" class=\"yoast-schema-graph\">{\"@context\":\"https:\\\/\\\/schema.org\",\"@graph\":[{\"@type\":\"Article\",\"@id\":\"https:\\\/\\\/www.renouvelle.be\\\/fr\\\/la-belgique-bientot-interconnectee-avec-le-danemark\\\/#article\",\"isPartOf\":{\"@id\":\"https:\\\/\\\/www.renouvelle.be\\\/fr\\\/la-belgique-bientot-interconnectee-avec-le-danemark\\\/\"},\"author\":{\"name\":\"Energie Commune\",\"@id\":\"https:\\\/\\\/www.renouvelle.be\\\/fr\\\/#\\\/schema\\\/person\\\/01fbe8226a07f8f3d4a1cd059b31f17a\"},\"headline\":\"La Belgique bient\u00f4t interconnect\u00e9e avec le Danemark ?\",\"datePublished\":\"2021-03-01T14:06:15+00:00\",\"dateModified\":\"2025-03-21T08:38:46+00:00\",\"mainEntityOfPage\":{\"@id\":\"https:\\\/\\\/www.renouvelle.be\\\/fr\\\/la-belgique-bientot-interconnectee-avec-le-danemark\\\/\"},\"wordCount\":812,\"image\":{\"@id\":\"https:\\\/\\\/www.renouvelle.be\\\/fr\\\/la-belgique-bientot-interconnectee-avec-le-danemark\\\/#primaryimage\"},\"thumbnailUrl\":\"https:\\\/\\\/www.renouvelle.be\\\/wp-content\\\/uploads\\\/2021\\\/03\\\/elia-dk2-1-1.jpg\",\"articleSection\":[\"Actualit\u00e9 en Belgique\"],\"inLanguage\":\"fr-FR\"},{\"@type\":\"WebPage\",\"@id\":\"https:\\\/\\\/www.renouvelle.be\\\/fr\\\/la-belgique-bientot-interconnectee-avec-le-danemark\\\/\",\"url\":\"https:\\\/\\\/www.renouvelle.be\\\/fr\\\/la-belgique-bientot-interconnectee-avec-le-danemark\\\/\",\"name\":\"La Belgique bient\u00f4t interconnect\u00e9e avec le Danemark ? - Renouvelle\",\"isPartOf\":{\"@id\":\"https:\\\/\\\/www.renouvelle.be\\\/fr\\\/#website\"},\"primaryImageOfPage\":{\"@id\":\"https:\\\/\\\/www.renouvelle.be\\\/fr\\\/la-belgique-bientot-interconnectee-avec-le-danemark\\\/#primaryimage\"},\"image\":{\"@id\":\"https:\\\/\\\/www.renouvelle.be\\\/fr\\\/la-belgique-bientot-interconnectee-avec-le-danemark\\\/#primaryimage\"},\"thumbnailUrl\":\"https:\\\/\\\/www.renouvelle.be\\\/wp-content\\\/uploads\\\/2021\\\/03\\\/elia-dk2-1-1.jpg\",\"datePublished\":\"2021-03-01T14:06:15+00:00\",\"dateModified\":\"2025-03-21T08:38:46+00:00\",\"author\":{\"@id\":\"https:\\\/\\\/www.renouvelle.be\\\/fr\\\/#\\\/schema\\\/person\\\/01fbe8226a07f8f3d4a1cd059b31f17a\"},\"breadcrumb\":{\"@id\":\"https:\\\/\\\/www.renouvelle.be\\\/fr\\\/la-belgique-bientot-interconnectee-avec-le-danemark\\\/#breadcrumb\"},\"inLanguage\":\"fr-FR\",\"potentialAction\":[{\"@type\":\"ReadAction\",\"target\":[\"https:\\\/\\\/www.renouvelle.be\\\/fr\\\/la-belgique-bientot-interconnectee-avec-le-danemark\\\/\"]}]},{\"@type\":\"ImageObject\",\"inLanguage\":\"fr-FR\",\"@id\":\"https:\\\/\\\/www.renouvelle.be\\\/fr\\\/la-belgique-bientot-interconnectee-avec-le-danemark\\\/#primaryimage\",\"url\":\"https:\\\/\\\/www.renouvelle.be\\\/wp-content\\\/uploads\\\/2021\\\/03\\\/elia-dk2-1-1.jpg\",\"contentUrl\":\"https:\\\/\\\/www.renouvelle.be\\\/wp-content\\\/uploads\\\/2021\\\/03\\\/elia-dk2-1-1.jpg\",\"width\":482,\"height\":312},{\"@type\":\"BreadcrumbList\",\"@id\":\"https:\\\/\\\/www.renouvelle.be\\\/fr\\\/la-belgique-bientot-interconnectee-avec-le-danemark\\\/#breadcrumb\",\"itemListElement\":[{\"@type\":\"ListItem\",\"position\":1,\"name\":\"Accueil\",\"item\":\"https:\\\/\\\/www.renouvelle.be\\\/fr\\\/\"},{\"@type\":\"ListItem\",\"position\":2,\"name\":\"La Belgique bient\u00f4t interconnect\u00e9e avec le Danemark ?\"}]},{\"@type\":\"WebSite\",\"@id\":\"https:\\\/\\\/www.renouvelle.be\\\/fr\\\/#website\",\"url\":\"https:\\\/\\\/www.renouvelle.be\\\/fr\\\/\",\"name\":\"Renouvelle\",\"description\":\"L&#039;actualit\u00e9 de l&#039;\u00e9nergie durable\",\"potentialAction\":[{\"@type\":\"SearchAction\",\"target\":{\"@type\":\"EntryPoint\",\"urlTemplate\":\"https:\\\/\\\/www.renouvelle.be\\\/fr\\\/?s={search_term_string}\"},\"query-input\":{\"@type\":\"PropertyValueSpecification\",\"valueRequired\":true,\"valueName\":\"search_term_string\"}}],\"inLanguage\":\"fr-FR\"},{\"@type\":\"Person\",\"@id\":\"https:\\\/\\\/www.renouvelle.be\\\/fr\\\/#\\\/schema\\\/person\\\/01fbe8226a07f8f3d4a1cd059b31f17a\",\"name\":\"Energie Commune\",\"url\":\"https:\\\/\\\/www.renouvelle.be\\\/fr\\\/author\\\/apere\\\/\"}]}<\/script>\n<!-- \/ Yoast SEO plugin. -->","yoast_head_json":{"title":"La Belgique bient\u00f4t interconnect\u00e9e avec le Danemark ? - Renouvelle","robots":{"index":"index","follow":"follow","max-snippet":"max-snippet:-1","max-image-preview":"max-image-preview:large","max-video-preview":"max-video-preview:-1"},"canonical":"https:\/\/www.renouvelle.be\/fr\/la-belgique-bientot-interconnectee-avec-le-danemark\/","og_locale":"fr_FR","og_type":"article","og_title":"La Belgique bient\u00f4t interconnect\u00e9e avec le Danemark ? - Renouvelle","og_description":"Les r\u00e9seaux \u00e9lectriques belge et danois seront-ils bient\u00f4t reli\u00e9s en mer du Nord ? L\u2019id\u00e9e peut surprendre vu l\u2019\u00e9loignement g\u00e9ographique entre les deux pays. Et pourtant, ce type d&rsquo;interconnexions sont amen\u00e9es \u00e0 se d\u00e9velopper dans les mers europ\u00e9ennes. En effet, avec la multiplication de parcs \u00e9oliens offshore, les 7 pays riverains de la mer du Nord envisagent d\u2019utiliser ces sites pour cr\u00e9er des interconnexions hybrides : on combine \u00e0 la fois un raccordement du parc \u00e9olien maritime et une interconnexion avec un pays proche, ce qui permet de mieux int\u00e9grer et \u00e9changer les productions \u00e9oliennes. &nbsp; Le premier interconnecteur hybride au monde a ainsi \u00e9t\u00e9 inaugur\u00e9 en octobre 2020 en mer Baltique. Un c\u00e2ble \u00e9lectrique de 25 km relie d\u00e9sormais deux parcs \u00e9oliens offshore, l\u2019un danois l\u2019autre allemand, assurant d\u00e8s lors une interconnexion entre ces deux pays. Or cette premi\u00e8re mondiale a \u00e9t\u00e9 d\u00e9velopp\u00e9e en partenariat avec 50 Hertz, filiale allemande d\u2019Elia, le gestionnaire belge du r\u00e9seau haute tension. Elia dispose donc d\u2019une expertise innovante dans ce type de projets. Un c\u00e2ble sous-marin de 600 km &nbsp; C\u2019est ainsi que les gestionnaires de r\u00e9seaux belge (Elia) et danois (Energynet) \u00e9tudient la faisabilit\u00e9 d\u2019un c\u00e2ble sous-marin entre la Belgique et le Danemark, sur une distance de 600 km, via un parc \u00e9olien qui formerait une v\u00e9ritable \u00eele \u00e9nerg\u00e9tique&nbsp;(illustration ci-dessous). Source : Elia Pr\u00e9vu pour \u00eatre construit \u00e0 80 kilom\u00e8tres des c\u00f4tes du Jutland \u00e0 l\u2019ouest du Danemark pour capter des vents puissants, ce \u00ab hub \u00e9nerg\u00e9tique \u00bb relierait 200 puis, \u00e0 terme, 600 grandes \u00e9oliennes en mer. Avec une capacit\u00e9 de 3 puis 10 gigawatts, les responsables du projet avancent une production \u00e9lectrique permettant de fournir 3 \u00e0 10 millions de foyers, selon l\u2019agence France Presse. Vaste de 12 \u00e0 46 &hellip; Continue reading \"La Belgique bient\u00f4t interconnect\u00e9e avec le Danemark ?\"","og_url":"https:\/\/www.renouvelle.be\/fr\/la-belgique-bientot-interconnectee-avec-le-danemark\/","og_site_name":"Renouvelle","article_published_time":"2021-03-01T14:06:15+00:00","article_modified_time":"2025-03-21T08:38:46+00:00","og_image":[{"width":482,"height":312,"url":"https:\/\/www.renouvelle.be\/wp-content\/uploads\/2021\/03\/elia-dk2-1-1.jpg","type":"image\/jpeg"}],"author":"Energie Commune","twitter_card":"summary_large_image","schema":{"@context":"https:\/\/schema.org","@graph":[{"@type":"Article","@id":"https:\/\/www.renouvelle.be\/fr\/la-belgique-bientot-interconnectee-avec-le-danemark\/#article","isPartOf":{"@id":"https:\/\/www.renouvelle.be\/fr\/la-belgique-bientot-interconnectee-avec-le-danemark\/"},"author":{"name":"Energie Commune","@id":"https:\/\/www.renouvelle.be\/fr\/#\/schema\/person\/01fbe8226a07f8f3d4a1cd059b31f17a"},"headline":"La Belgique bient\u00f4t interconnect\u00e9e avec le Danemark ?","datePublished":"2021-03-01T14:06:15+00:00","dateModified":"2025-03-21T08:38:46+00:00","mainEntityOfPage":{"@id":"https:\/\/www.renouvelle.be\/fr\/la-belgique-bientot-interconnectee-avec-le-danemark\/"},"wordCount":812,"image":{"@id":"https:\/\/www.renouvelle.be\/fr\/la-belgique-bientot-interconnectee-avec-le-danemark\/#primaryimage"},"thumbnailUrl":"https:\/\/www.renouvelle.be\/wp-content\/uploads\/2021\/03\/elia-dk2-1-1.jpg","articleSection":["Actualit\u00e9 en Belgique"],"inLanguage":"fr-FR"},{"@type":"WebPage","@id":"https:\/\/www.renouvelle.be\/fr\/la-belgique-bientot-interconnectee-avec-le-danemark\/","url":"https:\/\/www.renouvelle.be\/fr\/la-belgique-bientot-interconnectee-avec-le-danemark\/","name":"La Belgique bient\u00f4t interconnect\u00e9e avec le Danemark ? - Renouvelle","isPartOf":{"@id":"https:\/\/www.renouvelle.be\/fr\/#website"},"primaryImageOfPage":{"@id":"https:\/\/www.renouvelle.be\/fr\/la-belgique-bientot-interconnectee-avec-le-danemark\/#primaryimage"},"image":{"@id":"https:\/\/www.renouvelle.be\/fr\/la-belgique-bientot-interconnectee-avec-le-danemark\/#primaryimage"},"thumbnailUrl":"https:\/\/www.renouvelle.be\/wp-content\/uploads\/2021\/03\/elia-dk2-1-1.jpg","datePublished":"2021-03-01T14:06:15+00:00","dateModified":"2025-03-21T08:38:46+00:00","author":{"@id":"https:\/\/www.renouvelle.be\/fr\/#\/schema\/person\/01fbe8226a07f8f3d4a1cd059b31f17a"},"breadcrumb":{"@id":"https:\/\/www.renouvelle.be\/fr\/la-belgique-bientot-interconnectee-avec-le-danemark\/#breadcrumb"},"inLanguage":"fr-FR","potentialAction":[{"@type":"ReadAction","target":["https:\/\/www.renouvelle.be\/fr\/la-belgique-bientot-interconnectee-avec-le-danemark\/"]}]},{"@type":"ImageObject","inLanguage":"fr-FR","@id":"https:\/\/www.renouvelle.be\/fr\/la-belgique-bientot-interconnectee-avec-le-danemark\/#primaryimage","url":"https:\/\/www.renouvelle.be\/wp-content\/uploads\/2021\/03\/elia-dk2-1-1.jpg","contentUrl":"https:\/\/www.renouvelle.be\/wp-content\/uploads\/2021\/03\/elia-dk2-1-1.jpg","width":482,"height":312},{"@type":"BreadcrumbList","@id":"https:\/\/www.renouvelle.be\/fr\/la-belgique-bientot-interconnectee-avec-le-danemark\/#breadcrumb","itemListElement":[{"@type":"ListItem","position":1,"name":"Accueil","item":"https:\/\/www.renouvelle.be\/fr\/"},{"@type":"ListItem","position":2,"name":"La Belgique bient\u00f4t interconnect\u00e9e avec le Danemark ?"}]},{"@type":"WebSite","@id":"https:\/\/www.renouvelle.be\/fr\/#website","url":"https:\/\/www.renouvelle.be\/fr\/","name":"Renouvelle","description":"L&#039;actualit\u00e9 de l&#039;\u00e9nergie durable","potentialAction":[{"@type":"SearchAction","target":{"@type":"EntryPoint","urlTemplate":"https:\/\/www.renouvelle.be\/fr\/?s={search_term_string}"},"query-input":{"@type":"PropertyValueSpecification","valueRequired":true,"valueName":"search_term_string"}}],"inLanguage":"fr-FR"},{"@type":"Person","@id":"https:\/\/www.renouvelle.be\/fr\/#\/schema\/person\/01fbe8226a07f8f3d4a1cd059b31f17a","name":"Energie Commune","url":"https:\/\/www.renouvelle.be\/fr\/author\/apere\/"}]}},"_links":{"self":[{"href":"https:\/\/www.renouvelle.be\/fr\/wp-json\/wp\/v2\/posts\/5175","targetHints":{"allow":["GET"]}}],"collection":[{"href":"https:\/\/www.renouvelle.be\/fr\/wp-json\/wp\/v2\/posts"}],"about":[{"href":"https:\/\/www.renouvelle.be\/fr\/wp-json\/wp\/v2\/types\/post"}],"author":[{"embeddable":true,"href":"https:\/\/www.renouvelle.be\/fr\/wp-json\/wp\/v2\/users\/3"}],"replies":[{"embeddable":true,"href":"https:\/\/www.renouvelle.be\/fr\/wp-json\/wp\/v2\/comments?post=5175"}],"version-history":[{"count":16,"href":"https:\/\/www.renouvelle.be\/fr\/wp-json\/wp\/v2\/posts\/5175\/revisions"}],"predecessor-version":[{"id":14890,"href":"https:\/\/www.renouvelle.be\/fr\/wp-json\/wp\/v2\/posts\/5175\/revisions\/14890"}],"wp:featuredmedia":[{"embeddable":true,"href":"https:\/\/www.renouvelle.be\/fr\/wp-json\/wp\/v2\/media\/5301"}],"wp:attachment":[{"href":"https:\/\/www.renouvelle.be\/fr\/wp-json\/wp\/v2\/media?parent=5175"}],"wp:term":[{"taxonomy":"category","embeddable":true,"href":"https:\/\/www.renouvelle.be\/fr\/wp-json\/wp\/v2\/categories?post=5175"},{"taxonomy":"post_tag","embeddable":true,"href":"https:\/\/www.renouvelle.be\/fr\/wp-json\/wp\/v2\/tags?post=5175"},{"taxonomy":"section","embeddable":true,"href":"https:\/\/www.renouvelle.be\/fr\/wp-json\/wp\/v2\/section?post=5175"}],"curies":[{"name":"wp","href":"https:\/\/api.w.org\/{rel}","templated":true}]}}