{"id":3908,"date":"2020-12-11T10:46:37","date_gmt":"2020-12-11T10:46:37","guid":{"rendered":""},"modified":"2023-06-09T16:04:54","modified_gmt":"2023-06-09T14:04:54","slug":"les-reseaux-de-chaleur-ce-grand-potentiel-renouvelable","status":"publish","type":"post","link":"https:\/\/www.renouvelle.be\/fr\/les-reseaux-de-chaleur-ce-grand-potentiel-renouvelable\/","title":{"rendered":"Les r\u00e9seaux de chaleur, ce grand potentiel renouvelable"},"content":{"rendered":"<p>La f\u00e9d\u00e9ration EDORA et le cluster TWEED organisait le 26 novembre dernier un webinaire qui faisait le point sur les r\u00e9seaux de chaleur en Wallonie.<\/p>\n<p>L\u2019actualit\u00e9 est en effet riche : la Wallonie a adopt\u00e9 en octobre dernier un cadre r\u00e9glementaire, certes minimal, mais qui pourrait stimuler les projets ; tandis que sur le terrain plusieurs r\u00e9seaux de chaleur commencent \u00e0 se concr\u00e9tiser.<\/p>\n<p>&nbsp;<\/p>\n<h2>De quoi s\u2019agit-il ?<\/h2>\n<p>&nbsp;<\/p>\n<p>Un r\u00e9seau de chaleur permet de relier les b\u00e2timents d\u2019un quartier \u2013 par exemple 50 logements et 7 b\u00e2timents publics et priv\u00e9s -, qui seront chauff\u00e9s par une chaudi\u00e8re collective. L\u2019eau qui circule dans les conduits est chauff\u00e9e \u00e0 60-70\u00b0 et passe par un \u00e9changeur situ\u00e9 sous chaque b\u00e2timent, transf\u00e9rant ainsi sa chaleur au circuit d\u2019eau du b\u00e2timent et ses radiateurs.&nbsp;&nbsp;<\/p>\n<p>Or ces r\u00e9seaux de chauffage urbain offrent un grand potentiel pour valoriser des sources d\u2019\u00e9nergies renouvelables actuellement sous-exploit\u00e9es : ces chaudi\u00e8res collectives peuvent en effet \u00eatre aliment\u00e9e par la biomasse (bois, pellets, plaquettes), le biogaz, la g\u00e9othermie (eau naturellement chaude pr\u00e9sente sous terre) ou la chaleur fatale c-\u00e0-d la chaleur qui est perdue au cours d\u2019un processus industriel et qui pourrait \u00eatre ainsi r\u00e9cup\u00e9r\u00e9e.&nbsp;<\/p>\n<p>De quoi remplacer, progressivement, une grande partie des \u00e9nergies fossiles (gaz, mazout) majoritairement utilis\u00e9es pour chauffer nos maisons et b\u00e2timents.&nbsp;<\/p>\n<p>Voici un exemple de r\u00e9alisation \u00e0 Vis\u00e9, dans l\u2019\u00e9co-quartier \u00ab Les pl\u00e9iades \u00bb.<\/p>\n<p><img decoding=\"async\" alt=\"\" src=\"\/wp-content\/uploads\/2021\/02\/post\/rc3_0.png\"><\/p>\n<p><a href=\"https:\/\/monprojet.labiomasseenwallonie.be\/temoignages\/un-reseau-de-chaleur-intelligent-alimente-en-bois-local\" target=\"_blank\" rel=\"noopener\">Description compl\u00e8te du projet<\/a><\/p>\n<p>&nbsp;<\/p>\n<h2>Des objectifs stimulants<\/h2>\n<p>&nbsp;<\/p>\n<p>En Europe, environ 10% de la population est raccord\u00e9e \u00e0 un tel r\u00e9seau. Les champions sont le Danemark, la Su\u00e8de, l\u2019Allemagne et l\u2019Autriche. La France s\u2019est \u00e9galement fix\u00e9e des objectifs ambitieux. La Wallonie commence \u00e0 peine \u00e0 s\u2019y int\u00e9resser, avec 54 r\u00e9seaux existants et plusieurs projets en d\u00e9veloppement.<\/p>\n<p>Mais les objectifs du Plan belge Energie-Climat devrait booster la production de chaleur de sources renouvelables, qui doublera dans les 10 prochaines ann\u00e9es, passant de 8,7 TWh (2016) \u00e0 14,2 TWh en 2030. Une production particuli\u00e8rement valorisable dans les r\u00e9seaux de chauffage urbain.<\/p>\n<p>Et si, parall\u00e8lement, la Wallonie atteint \u2013 ou augmente &#8211; ses objectifs d\u2019isolation de ses logements \u2013 r\u00e9duisant ainsi les besoins de chauffage -, ces r\u00e9seaux de chaleur renouvelable pourront couvrir une large partie de la consommation des m\u00e9nages.<\/p>\n<p>&nbsp;<\/p>\n<h2>Un grand potentiel pour les logements<\/h2>\n<p>&nbsp;<\/p>\n<p>Le Service Public de Wallonie a r\u00e9alis\u00e9 une \u00e9tude \u2013 qui sera bient\u00f4t publi\u00e9e \u2013 et qui d\u00e9montre que les r\u00e9seaux de chaleur pourraient couvrir 44% des besoins en \u00e9nergie finale et 70% des besoins de chaleur en Wallonie, soit un potentiel \u00e9norme.<\/p>\n<p>Comme le montre le graphique ci-dessous, le plus grand potentiel se situe au niveau des logements (secteur r\u00e9sidentiel) : 84% des besoins de chaleur peuvent y \u00eatre substitu\u00e9 par des r\u00e9seaux de chaleur. Le potentiel dans le secteurs tertiaire (bureaux, magasins) repr\u00e9sente 54% et le secteur industriel 29%.<\/p>\n<p>La raison en est simple : les logements sont de grands consommateurs de chaleur et la temp\u00e9rature de l\u2019eau qui circule dans un r\u00e9seau de chaleur (60-70\u00b0) correspond pr\u00e9cis\u00e9ment aux temp\u00e9ratures n\u00e9cessaires pour chauffer ces logements. Le secteur tertiaire consomme moins de chaleur ; tandis que l\u2019industrie demande g\u00e9n\u00e9ralement des temp\u00e9ratures tr\u00e8s \u00e9lev\u00e9e (&gt;140\u00b0) que les r\u00e9seaux de chaleur ne peuvent couvrir, d\u2019o\u00f9 des potentiels moins importants.<\/p>\n<p><img decoding=\"async\" alt=\"\" src=\"\/wp-content\/uploads\/2021\/02\/post\/rc1.png\" style=\"width: 580px; height: 204px;\"><\/p>\n<p>Source : SPW &#8211; Etude \u00ab Promotion de l\u2019efficacit\u00e9 en mati\u00e8re de chaleur et de froid \u00bb &#8211; 2020.<\/p>\n<p>&nbsp;<\/p>\n<p>&nbsp;<\/p>\n<h2>Opportunit\u00e9s et contraintes&nbsp;<\/h2>\n<p>&nbsp;<\/p>\n<p>Mais concr\u00e8tement, ces r\u00e9seaux de chaleur ne pourront se r\u00e9aliser sur tout le territoire. Ils sont pertinents et rentables l\u00e0 ou une densit\u00e9 de population est suffisamment forte (zone urbaine et p\u00e9ri-urbaine).<\/p>\n<p>Pour les communes et les m\u00e9nages, cela repr\u00e9sente une opportunit\u00e9 : acc\u00e8s \u00e0 une \u00e9nergie renouvelable \u00e0 prix comp\u00e9titif, un investissement mutualis\u00e9, une chaudi\u00e8re collective plus efficiente que plusieurs chaudi\u00e8res individuelles, une \u00e9conomie sur les co\u00fbts d\u2019exploitation, \u2026<\/p>\n<p>Mais aussi des contraintes : d\u00e9marche de concertation entre les riverains du projet, des travaux lourds avec ouverture des voiries, \u2026<\/p>\n<p>Pour les d\u00e9veloppeurs, ces projets ne sont pas simples non plus : l\u2019investissement initial est tr\u00e8s important mais avec un temps de retour assez long (8 \u00e0 16 ans), les d\u00e9marches sont complexes, la gestion comporte des risques en cas de soucis technique (une chaudi\u00e8re collective en panne, c\u2019est plusieurs dizaines de logements sans chauffage, il faut donc garantir un back-up).<\/p>\n<p>Sur une dur\u00e9e de 30 ans, un r\u00e9seau de chaleur s\u2019av\u00e8re n\u00e9anmoins toujours comp\u00e9titif aux niveaux financier et r\u00e9duction de nos \u00e9missions de CO2, selon l\u2019\u00e9tude du SPW.<\/p>\n<p><img decoding=\"async\" alt=\"\" src=\"\/wp-content\/uploads\/2021\/02\/post\/reseau-chaleur.jpg\" style=\"width: 580px; height: 388px;\"><\/p>\n<p><small>La cr\u00e9ation d\u2019un r\u00e9seau de chaleur repr\u00e9sente d\u2019importants travaux de voirie mais s\u2019av\u00e8re avantageux \u00e0 long terme.<\/small><\/p>\n<p>&nbsp;<\/p>\n<h2>Principalement \u00e0 biomasse<\/h2>\n<p>&nbsp;<\/p>\n<p>La grande majorit\u00e9 (85%) des r\u00e9seaux de chaleurs wallons sont aliment\u00e9s \u00e0 partir de biomasse.<\/p>\n<p>En voici deux exemples int\u00e9ressants :<\/p>\n<p>&nbsp;<\/p>\n<h3>Le campus universitaire du Sart-Tilman<\/h3>\n<p>&nbsp;<\/p>\n<p><img decoding=\"async\" alt=\"\" src=\"\/wp-content\/uploads\/2021\/02\/post\/sart-tilman.png\" style=\"width: 580px; height: 232px;\"><\/p>\n<p>\u2022<span style=\"white-space:pre\"> <\/span>Cog\u00e9n\u00e9ration biomasse (7,2 MW thermique, 2,5 MW \u00e9lectrique)<\/p>\n<p>\u2022<span style=\"white-space:pre\"> <\/span>22 km de r\u00e9seau \u00e0 trois branches<\/p>\n<p>\u2022<span style=\"white-space:pre\"> <\/span>150 sous-stations (60 b\u00e2timents du campus dont le Centre Hospitalier Universitaire)<\/p>\n<p>\u2022<span style=\"white-space:pre\"> <\/span>Couvre 25% des besoins \u00e9lectriques et 50% des besoins thermiques du site<\/p>\n<p><img decoding=\"async\" alt=\"\" src=\"\/wp-content\/uploads\/2021\/02\/post\/sart-tilman2.png\" style=\"width: 355px; height: 173px;\"><\/p>\n<p><a href=\"https:\/\/www.durable.uliege.be\/cms\/c_10382858\/fr\/le-campus-du-sart-tilman-chauffe-grace-a-la-cogeneration-biomasse\" target=\"_blank\" rel=\"noopener\">Description compl\u00e8te<\/a><\/p>\n<p>&nbsp;<\/p>\n<h3>Le r\u00e9seau coop\u00e9ratif de Malempr\u00e9<\/h3>\n<p>&nbsp;<\/p>\n<p><img decoding=\"async\" alt=\"\" src=\"\/wp-content\/uploads\/2021\/02\/post\/rc4.jpg\" style=\"width: 300px; height: 201px;\"><\/p>\n<p>\u2022<span style=\"white-space:pre\"> <\/span>Soci\u00e9t\u00e9 coop\u00e9rative citoyenne initi\u00e9e par un agriculteur local<\/p>\n<p>\u2022<span style=\"white-space:pre\"> <\/span>Chaudi\u00e8re \u00e0 plaquette (540 kW)<\/p>\n<p>\u2022<span style=\"white-space:pre\"> <\/span>3,3 km de r\u00e9seau<\/p>\n<p>\u2022<span style=\"white-space:pre\"> <\/span>43 b\u00e2timents dont 4 b\u00e2timents publics<\/p>\n<p><a href=\"https:\/\/monprojet.labiomasseenwallonie.be\/temoignages\/reseau-de-chaleur-cooperatif-au-bois\" target=\"_blank\" rel=\"noopener\">Description compl\u00e8te<\/a><\/p>\n<p>&nbsp;<\/p>\n<p>Notons qu\u2019il existe aussi des r\u00e9seaux de chaleur aliment\u00e9s en biogaz. C\u2019est notamment le cas \u00e0 Surice, o\u00f9 une unit\u00e9 de biom\u00e9thanisation produit de l\u2019\u00e9lectricit\u00e9 et de la chaleur par cog\u00e9n\u00e9ration. Un petit r\u00e9seau de chaleur alimente les habitations voisines (<a href=\"https:\/\/energie.wallonie.be\/servlet\/Repository\/valbiom-projet-temoin-biomethanisation-surice.pdf?ID=42195&amp;saveFile=true\" target=\"_blank\" rel=\"noopener\">description compl\u00e8te<\/a>).<\/p>\n<p>&nbsp;<\/p>\n<h2>La g\u00e9othermie refait surface<\/h2>\n<p>&nbsp;<\/p>\n<p>Le bassin de Mons dispose d\u2019un potentiel g\u00e9othermique prouv\u00e9, comme en atteste la d\u00e9couverte accidentelle en 1976 d\u2019un gisement \u00e0 Saint-Ghislain, valoris\u00e9 depuis lors dans un r\u00e9seau de chauffage urbain (10 MW) qui relie 350 logements, une piscine, 3 \u00e9coles, un h\u00f4pital et une gare (<a href=\"https:\/\/www.idea.be\/fr\/geothermie\/le-fonctionnement-du-reseau-de-chauffage-urbain-et-les-services-proposes-par-l-idea\/le-fonctionnement-du-reseau-de-chauffage-urbain.html\" target=\"_blank\" rel=\"noopener\">description compl\u00e8te<\/a>).<\/p>\n<p>Le potentiel g\u00e9othermique de la Wallonie est cependant encore largement m\u00e9connu et n\u00e9cessite des campagnes d\u2019exploration du sous-sol afin de cartographier la ressource et ainsi minimiser les risques pour les investisseurs. Actuellement, les d\u00e9veloppeurs doivent proc\u00e9der \u00e0 des forages co\u00fbteux sans certitude de r\u00e9sultats. La Wallonie proc\u00e8dera \u00e0 de nouvelles campagnes g\u00e9ophysiques en 2021.<\/p>\n<p>Le jeu en vaut la chandelle : cette \u00e9nergie renouvelable, disponible en permanence (quelle que soit la m\u00e9t\u00e9o) peut fournir chauffage et refroidissement, avec un faible impact visuel et environnemental. De plus, la basse temp\u00e9rature est applicable sur tout le territoire et est rentable si elle est bien dimensionn\u00e9e.<\/p>\n<p>Selon un rapport de l\u2019ADEME (2019), la g\u00e9othermie devient surtout comp\u00e9titive \u00e0 partir de 3 MW de chaleur, devenant ainsi plus int\u00e9ressante que le gaz et la biomasse. C\u2019est pr\u00e9cis\u00e9ment \u00e0 partir de cette gamme de puissance que cette source pourrait \u00eatre valoris\u00e9e \u00e0 travers des r\u00e9seaux de chaleur.<\/p>\n<p>Pour l\u2019heure, tous les regards se tournent vers un nouveau projet montois&nbsp;: L\u2019intercommunale IDEA compte r\u00e9aliser en 2021 le forage d\u2019un doublet de puits \u00e0 2.500 m de profondeur, permettant de capter une eau chaude \u00e0 65 &#8211; 70\u00b0C avec un d\u00e9bit esp\u00e9r\u00e9 de 150 m\u00b3\/heure, et destin\u00e9 \u00e0 alimenter un nouveau r\u00e9seau de chaleur urbain qui couvrira essentiellement les besoins en chaleur et en eau chaude sanitaire de l\u2019h\u00f4pital Ambroise Par\u00e9 (lire notre article <a href=\"https:\/\/www.renouvelle.be\/fr\/actualite-belgique\/avec-geothermia-la-geothermie-wallonne-refait-surface\">Avec GOTHERMIA, la g\u00e9othermie wallonne refait surface<\/a>&nbsp; et consulter le <a href=\"https:\/\/geothermiemons.be\/projet\/projet-de-la-porte-de-nimy\/\" target=\"_blank\" rel=\"noopener\">site web du projet<\/a>).<\/p>\n<p><img decoding=\"async\" alt=\"\" src=\"\/wp-content\/uploads\/2021\/02\/post\/hosto2_0.jpg\" style=\"width: 580px; height: 193px;\"><\/p>\n<p><small>L\u2019h\u00f4pital Ambroise Par\u00e9 \u00e0 Mons sera chauff\u00e9 \u00e0 la g\u00e9othermie \u00e0 partir de 2023.<\/small><\/p>\n<p>&nbsp;<\/p>\n<h2>La chaleur fatale, un potentiel consid\u00e9rable<\/h2>\n<p>&nbsp;<\/p>\n<p>Le secteur industriel \u2013 cimenteries, verreries &#8211; peut \u00e9galement fournir une quantit\u00e9 importante de chaleur valorisable dans des r\u00e9seaux de chauffage urbain. En effet, de nombreux process industriel g\u00e9n\u00e8rent un rejet d\u2019\u00e9nergie thermique longtemps consid\u00e9r\u00e9e comme perdue, appel\u00e9e chaleur fatale.<\/p>\n<p>Il ne s\u2019agit pas d\u2019une source d\u2019\u00e9nergie renouvelable, mais d\u2019une r\u00e9cup\u00e9ration intelligente d\u2019un gaspillage diffus.<\/p>\n<p>Or l\u2019\u00e9tude du SPW &#8211; mentionn\u00e9e plus haut &#8211; chiffre le potentiel de la chaleur fatale \u00e0 6,3 TWh par an, soit 14% du besoin de chaleur substituable en Wallonie (44.000 GWh\/an). Ce qui est consid\u00e9rable.<\/p>\n<p>Pour mieux conna\u00eetre cette fili\u00e8re, nous vous invitons \u00e0 lire nos article et interview :<\/p>\n<p><a href=\"https:\/\/www.renouvelle.be\/fr\/technologies\/chaleur-fatale-lenjeu-de-sa-recuperation\">Chaleur fatale : l\u2019enjeu de sa r\u00e9cup\u00e9ration<\/a><\/p>\n<p><a href=\"https:\/\/www.renouvelle.be\/fr\/technologies\/les-ressources-meconnues-de-la-chaleur-fatale-0\">Les ressources m\u00e9connues de la chaleur fatale<\/a><\/p>\n<p>En Wallonie, deux projets int\u00e9ressants sont en cours de d\u00e9veloppement.<\/p>\n<p>A Pont-de-loup (r\u00e9gion de Charleroi), l\u2019incin\u00e9rateur de l\u2019intercommunale Tibi valorisera sa chaleur fatale \u00e0 travers un r\u00e9seau qui alimentera 800 logements sociaux, une piscine, plusieurs \u00e9coles et l\u2019administration communale. La commune voisine de Farciennes s\u2019est \u00e9galement affili\u00e9e au r\u00e9seau en vue de chauffer ses b\u00e2timents communautaires. L\u2019usine Aperam, situ\u00e9e \u00e0 proximit\u00e9, pourrait \u00e9galement s\u2019y raccorder et y valoriser sa chaleur fatale.<\/p>\n<p>A Herstal, l\u2019incin\u00e9rateur Intradel-Uv\u00e9lia valorisera sa chaleur fatale \u00e0 travers un r\u00e9seau de 6,5 km qui couvrira les besoins en chauffage et en eau chaude sanitaire d\u2019environ 5 000 \u00e9quivalents logements. Les travaux sous voirie commenceront fin 2020 pour une mise en service pr\u00e9vue fin 2021.<\/p>\n<p>A terme, le r\u00e9seau de distribution s\u2019\u00e9tendra au-del\u00e0 des limites de la ville de Herstal pour desservir une partie de la ville de Li\u00e8ge (illustrations ci-dessous).<\/p>\n<p><img decoding=\"async\" alt=\"\" src=\"\/wp-content\/uploads\/2021\/02\/post\/herstal1.jpg\" style=\"width: 501px; height: 346px;\"><\/p>\n<p><img decoding=\"async\" alt=\"\" src=\"\/wp-content\/uploads\/2021\/02\/post\/herstal2.jpg\" style=\"width: 580px; height: 508px;\"><\/p>\n<p>&nbsp;<\/p>\n<p>&nbsp;<\/p>\n<h2>Le biogaz aussi<\/h2>\n<p>&nbsp;<\/p>\n<p>Outre la cr\u00e9ation de r\u00e9seaux de chaleur renouvelable, la Wallonie pourra aussi compter sur la production et l\u2019injection de biogaz dans les r\u00e9seaux de gaz naturel existants.<\/p>\n<p>Lire nos articles :<\/p>\n<p><a href=\"https:\/\/www.renouvelle.be\/fr\/actualite-belgique\/le-biogaz-pourrait-alimenter-1-foyer-wallon-sur-2\">Le biogaz pourrait alimenter 1 foyer wallon sur 2<\/a><\/p>\n<p><a href=\"https:\/\/www.renouvelle.be\/fr\/actualite-belgique\/premiere-injection-de-biogaz-dans-le-reseau-wallon\">Premi\u00e8re injection de biogaz dans le r\u00e9seau wallon<\/a><\/p>\n<p>&nbsp;<\/p>\n","protected":false},"excerpt":{"rendered":"<p>La f\u00e9d\u00e9ration EDORA et le cluster TWEED organisait le 26 novembre dernier un webinaire qui faisait le point sur les r\u00e9seaux de chaleur en Wallonie. L\u2019actualit\u00e9 est en effet riche : la Wallonie a adopt\u00e9 en octobre dernier un cadre r\u00e9glementaire, certes minimal, mais qui pourrait stimuler les projets ; tandis que sur le terrain plusieurs r\u00e9seaux de chaleur commencent \u00e0 se concr\u00e9tiser. &nbsp; De quoi s\u2019agit-il ? &nbsp; Un r\u00e9seau de chaleur permet de relier les b\u00e2timents d\u2019un quartier \u2013 par exemple 50 logements et 7 b\u00e2timents publics et priv\u00e9s -, qui seront chauff\u00e9s par une chaudi\u00e8re collective. L\u2019eau qui circule dans les conduits est chauff\u00e9e \u00e0 60-70\u00b0 et passe par un \u00e9changeur situ\u00e9 sous chaque b\u00e2timent, transf\u00e9rant ainsi sa chaleur au circuit d\u2019eau du b\u00e2timent et ses radiateurs.&nbsp;&nbsp; Or ces r\u00e9seaux de chauffage urbain offrent un grand potentiel pour valoriser des sources d\u2019\u00e9nergies renouvelables actuellement sous-exploit\u00e9es : ces chaudi\u00e8res collectives peuvent en effet \u00eatre aliment\u00e9e par la biomasse (bois, pellets, plaquettes), le biogaz, la g\u00e9othermie (eau naturellement chaude pr\u00e9sente sous terre) ou la chaleur fatale c-\u00e0-d la chaleur qui est perdue au cours d\u2019un processus industriel et qui pourrait \u00eatre ainsi r\u00e9cup\u00e9r\u00e9e.&nbsp; De quoi remplacer, progressivement, une grande partie des \u00e9nergies fossiles (gaz, mazout) majoritairement utilis\u00e9es pour chauffer nos maisons et b\u00e2timents.&nbsp; Voici un exemple de r\u00e9alisation \u00e0 Vis\u00e9, dans l\u2019\u00e9co-quartier \u00ab Les pl\u00e9iades \u00bb. Description compl\u00e8te du projet &nbsp; Des objectifs stimulants &nbsp; En Europe, environ 10% de la population est raccord\u00e9e \u00e0 un tel r\u00e9seau. Les champions sont le Danemark, la Su\u00e8de, l\u2019Allemagne et l\u2019Autriche. La France s\u2019est \u00e9galement fix\u00e9e des objectifs ambitieux. La Wallonie commence \u00e0 peine \u00e0 s\u2019y int\u00e9resser, avec 54 r\u00e9seaux existants et plusieurs projets en d\u00e9veloppement. Mais les objectifs du Plan belge &hellip; <a href=\"https:\/\/www.renouvelle.be\/fr\/les-reseaux-de-chaleur-ce-grand-potentiel-renouvelable\/\" class=\"more-link\">Continue reading<span class=\"screen-reader-text\"> \u00ab\u00a0Les r\u00e9seaux de chaleur, ce grand potentiel renouvelable\u00a0\u00bb<\/span><\/a><\/p>\n","protected":false},"author":3,"featured_media":4732,"comment_status":"open","ping_status":"open","sticky":false,"template":"","format":"standard","meta":{"_acf_changed":false,"footnotes":""},"categories":[17],"tags":[],"section":[4,9],"class_list":["post-3908","post","type-post","status-publish","format-standard","has-post-thumbnail","hentry","category-actualite-en-belgique","section-biomasse-energie","section-geothermie-pac"],"acf":[],"yoast_head":"<!-- This site is optimized with the Yoast SEO plugin v27.5 - https:\/\/yoast.com\/product\/yoast-seo-wordpress\/ -->\n<title>Les r\u00e9seaux de chaleur, ce grand potentiel renouvelable - Renouvelle<\/title>\n<meta name=\"robots\" content=\"index, follow, max-snippet:-1, max-image-preview:large, max-video-preview:-1\" \/>\n<link rel=\"canonical\" href=\"https:\/\/www.renouvelle.be\/fr\/les-reseaux-de-chaleur-ce-grand-potentiel-renouvelable\/\" \/>\n<meta property=\"og:locale\" content=\"fr_FR\" \/>\n<meta property=\"og:type\" content=\"article\" \/>\n<meta property=\"og:title\" content=\"Les r\u00e9seaux de chaleur, ce grand potentiel renouvelable - Renouvelle\" \/>\n<meta property=\"og:description\" content=\"La f\u00e9d\u00e9ration EDORA et le cluster TWEED organisait le 26 novembre dernier un webinaire qui faisait le point sur les r\u00e9seaux de chaleur en Wallonie. L\u2019actualit\u00e9 est en effet riche : la Wallonie a adopt\u00e9 en octobre dernier un cadre r\u00e9glementaire, certes minimal, mais qui pourrait stimuler les projets ; tandis que sur le terrain plusieurs r\u00e9seaux de chaleur commencent \u00e0 se concr\u00e9tiser. &nbsp; De quoi s\u2019agit-il ? &nbsp; Un r\u00e9seau de chaleur permet de relier les b\u00e2timents d\u2019un quartier \u2013 par exemple 50 logements et 7 b\u00e2timents publics et priv\u00e9s -, qui seront chauff\u00e9s par une chaudi\u00e8re collective. L\u2019eau qui circule dans les conduits est chauff\u00e9e \u00e0 60-70\u00b0 et passe par un \u00e9changeur situ\u00e9 sous chaque b\u00e2timent, transf\u00e9rant ainsi sa chaleur au circuit d\u2019eau du b\u00e2timent et ses radiateurs.&nbsp;&nbsp; Or ces r\u00e9seaux de chauffage urbain offrent un grand potentiel pour valoriser des sources d\u2019\u00e9nergies renouvelables actuellement sous-exploit\u00e9es : ces chaudi\u00e8res collectives peuvent en effet \u00eatre aliment\u00e9e par la biomasse (bois, pellets, plaquettes), le biogaz, la g\u00e9othermie (eau naturellement chaude pr\u00e9sente sous terre) ou la chaleur fatale c-\u00e0-d la chaleur qui est perdue au cours d\u2019un processus industriel et qui pourrait \u00eatre ainsi r\u00e9cup\u00e9r\u00e9e.&nbsp; De quoi remplacer, progressivement, une grande partie des \u00e9nergies fossiles (gaz, mazout) majoritairement utilis\u00e9es pour chauffer nos maisons et b\u00e2timents.&nbsp; Voici un exemple de r\u00e9alisation \u00e0 Vis\u00e9, dans l\u2019\u00e9co-quartier \u00ab Les pl\u00e9iades \u00bb. Description compl\u00e8te du projet &nbsp; Des objectifs stimulants &nbsp; En Europe, environ 10% de la population est raccord\u00e9e \u00e0 un tel r\u00e9seau. Les champions sont le Danemark, la Su\u00e8de, l\u2019Allemagne et l\u2019Autriche. La France s\u2019est \u00e9galement fix\u00e9e des objectifs ambitieux. La Wallonie commence \u00e0 peine \u00e0 s\u2019y int\u00e9resser, avec 54 r\u00e9seaux existants et plusieurs projets en d\u00e9veloppement. Mais les objectifs du Plan belge &hellip; Continue reading &quot;Les r\u00e9seaux de chaleur, ce grand potentiel renouvelable&quot;\" \/>\n<meta property=\"og:url\" content=\"https:\/\/www.renouvelle.be\/fr\/les-reseaux-de-chaleur-ce-grand-potentiel-renouvelable\/\" \/>\n<meta property=\"og:site_name\" content=\"Renouvelle\" \/>\n<meta property=\"article:published_time\" content=\"2020-12-11T10:46:37+00:00\" \/>\n<meta property=\"article:modified_time\" content=\"2023-06-09T14:04:54+00:00\" \/>\n<meta property=\"og:image\" content=\"https:\/\/www.renouvelle.be\/wp-content\/uploads\/2021\/02\/reseau-chaleur.jpg\" \/>\n\t<meta property=\"og:image:width\" content=\"916\" \/>\n\t<meta property=\"og:image:height\" content=\"549\" \/>\n\t<meta property=\"og:image:type\" content=\"image\/jpeg\" \/>\n<meta name=\"author\" content=\"Energie Commune\" \/>\n<meta name=\"twitter:card\" content=\"summary_large_image\" \/>\n<script type=\"application\/ld+json\" class=\"yoast-schema-graph\">{\"@context\":\"https:\\\/\\\/schema.org\",\"@graph\":[{\"@type\":\"Article\",\"@id\":\"https:\\\/\\\/www.renouvelle.be\\\/fr\\\/les-reseaux-de-chaleur-ce-grand-potentiel-renouvelable\\\/#article\",\"isPartOf\":{\"@id\":\"https:\\\/\\\/www.renouvelle.be\\\/fr\\\/les-reseaux-de-chaleur-ce-grand-potentiel-renouvelable\\\/\"},\"author\":{\"name\":\"Energie Commune\",\"@id\":\"https:\\\/\\\/www.renouvelle.be\\\/fr\\\/#\\\/schema\\\/person\\\/01fbe8226a07f8f3d4a1cd059b31f17a\"},\"headline\":\"Les r\u00e9seaux de chaleur, ce grand potentiel renouvelable\",\"datePublished\":\"2020-12-11T10:46:37+00:00\",\"dateModified\":\"2023-06-09T14:04:54+00:00\",\"mainEntityOfPage\":{\"@id\":\"https:\\\/\\\/www.renouvelle.be\\\/fr\\\/les-reseaux-de-chaleur-ce-grand-potentiel-renouvelable\\\/\"},\"wordCount\":1683,\"commentCount\":0,\"image\":{\"@id\":\"https:\\\/\\\/www.renouvelle.be\\\/fr\\\/les-reseaux-de-chaleur-ce-grand-potentiel-renouvelable\\\/#primaryimage\"},\"thumbnailUrl\":\"https:\\\/\\\/www.renouvelle.be\\\/wp-content\\\/uploads\\\/2021\\\/02\\\/reseau-chaleur.jpg\",\"articleSection\":[\"Actualit\u00e9 en Belgique\"],\"inLanguage\":\"fr-FR\",\"potentialAction\":[{\"@type\":\"CommentAction\",\"name\":\"Comment\",\"target\":[\"https:\\\/\\\/www.renouvelle.be\\\/fr\\\/les-reseaux-de-chaleur-ce-grand-potentiel-renouvelable\\\/#respond\"]}]},{\"@type\":\"WebPage\",\"@id\":\"https:\\\/\\\/www.renouvelle.be\\\/fr\\\/les-reseaux-de-chaleur-ce-grand-potentiel-renouvelable\\\/\",\"url\":\"https:\\\/\\\/www.renouvelle.be\\\/fr\\\/les-reseaux-de-chaleur-ce-grand-potentiel-renouvelable\\\/\",\"name\":\"Les r\u00e9seaux de chaleur, ce grand potentiel renouvelable - Renouvelle\",\"isPartOf\":{\"@id\":\"https:\\\/\\\/www.renouvelle.be\\\/fr\\\/#website\"},\"primaryImageOfPage\":{\"@id\":\"https:\\\/\\\/www.renouvelle.be\\\/fr\\\/les-reseaux-de-chaleur-ce-grand-potentiel-renouvelable\\\/#primaryimage\"},\"image\":{\"@id\":\"https:\\\/\\\/www.renouvelle.be\\\/fr\\\/les-reseaux-de-chaleur-ce-grand-potentiel-renouvelable\\\/#primaryimage\"},\"thumbnailUrl\":\"https:\\\/\\\/www.renouvelle.be\\\/wp-content\\\/uploads\\\/2021\\\/02\\\/reseau-chaleur.jpg\",\"datePublished\":\"2020-12-11T10:46:37+00:00\",\"dateModified\":\"2023-06-09T14:04:54+00:00\",\"author\":{\"@id\":\"https:\\\/\\\/www.renouvelle.be\\\/fr\\\/#\\\/schema\\\/person\\\/01fbe8226a07f8f3d4a1cd059b31f17a\"},\"breadcrumb\":{\"@id\":\"https:\\\/\\\/www.renouvelle.be\\\/fr\\\/les-reseaux-de-chaleur-ce-grand-potentiel-renouvelable\\\/#breadcrumb\"},\"inLanguage\":\"fr-FR\",\"potentialAction\":[{\"@type\":\"ReadAction\",\"target\":[\"https:\\\/\\\/www.renouvelle.be\\\/fr\\\/les-reseaux-de-chaleur-ce-grand-potentiel-renouvelable\\\/\"]}]},{\"@type\":\"ImageObject\",\"inLanguage\":\"fr-FR\",\"@id\":\"https:\\\/\\\/www.renouvelle.be\\\/fr\\\/les-reseaux-de-chaleur-ce-grand-potentiel-renouvelable\\\/#primaryimage\",\"url\":\"https:\\\/\\\/www.renouvelle.be\\\/wp-content\\\/uploads\\\/2021\\\/02\\\/reseau-chaleur.jpg\",\"contentUrl\":\"https:\\\/\\\/www.renouvelle.be\\\/wp-content\\\/uploads\\\/2021\\\/02\\\/reseau-chaleur.jpg\",\"width\":916,\"height\":549},{\"@type\":\"BreadcrumbList\",\"@id\":\"https:\\\/\\\/www.renouvelle.be\\\/fr\\\/les-reseaux-de-chaleur-ce-grand-potentiel-renouvelable\\\/#breadcrumb\",\"itemListElement\":[{\"@type\":\"ListItem\",\"position\":1,\"name\":\"Accueil\",\"item\":\"https:\\\/\\\/www.renouvelle.be\\\/fr\\\/\"},{\"@type\":\"ListItem\",\"position\":2,\"name\":\"Les r\u00e9seaux de chaleur, ce grand potentiel renouvelable\"}]},{\"@type\":\"WebSite\",\"@id\":\"https:\\\/\\\/www.renouvelle.be\\\/fr\\\/#website\",\"url\":\"https:\\\/\\\/www.renouvelle.be\\\/fr\\\/\",\"name\":\"Renouvelle\",\"description\":\"L&#039;actualit\u00e9 de l&#039;\u00e9nergie durable\",\"potentialAction\":[{\"@type\":\"SearchAction\",\"target\":{\"@type\":\"EntryPoint\",\"urlTemplate\":\"https:\\\/\\\/www.renouvelle.be\\\/fr\\\/?s={search_term_string}\"},\"query-input\":{\"@type\":\"PropertyValueSpecification\",\"valueRequired\":true,\"valueName\":\"search_term_string\"}}],\"inLanguage\":\"fr-FR\"},{\"@type\":\"Person\",\"@id\":\"https:\\\/\\\/www.renouvelle.be\\\/fr\\\/#\\\/schema\\\/person\\\/01fbe8226a07f8f3d4a1cd059b31f17a\",\"name\":\"Energie Commune\",\"url\":\"https:\\\/\\\/www.renouvelle.be\\\/fr\\\/author\\\/apere\\\/\"}]}<\/script>\n<!-- \/ Yoast SEO plugin. -->","yoast_head_json":{"title":"Les r\u00e9seaux de chaleur, ce grand potentiel renouvelable - Renouvelle","robots":{"index":"index","follow":"follow","max-snippet":"max-snippet:-1","max-image-preview":"max-image-preview:large","max-video-preview":"max-video-preview:-1"},"canonical":"https:\/\/www.renouvelle.be\/fr\/les-reseaux-de-chaleur-ce-grand-potentiel-renouvelable\/","og_locale":"fr_FR","og_type":"article","og_title":"Les r\u00e9seaux de chaleur, ce grand potentiel renouvelable - Renouvelle","og_description":"La f\u00e9d\u00e9ration EDORA et le cluster TWEED organisait le 26 novembre dernier un webinaire qui faisait le point sur les r\u00e9seaux de chaleur en Wallonie. L\u2019actualit\u00e9 est en effet riche : la Wallonie a adopt\u00e9 en octobre dernier un cadre r\u00e9glementaire, certes minimal, mais qui pourrait stimuler les projets ; tandis que sur le terrain plusieurs r\u00e9seaux de chaleur commencent \u00e0 se concr\u00e9tiser. &nbsp; De quoi s\u2019agit-il ? &nbsp; Un r\u00e9seau de chaleur permet de relier les b\u00e2timents d\u2019un quartier \u2013 par exemple 50 logements et 7 b\u00e2timents publics et priv\u00e9s -, qui seront chauff\u00e9s par une chaudi\u00e8re collective. L\u2019eau qui circule dans les conduits est chauff\u00e9e \u00e0 60-70\u00b0 et passe par un \u00e9changeur situ\u00e9 sous chaque b\u00e2timent, transf\u00e9rant ainsi sa chaleur au circuit d\u2019eau du b\u00e2timent et ses radiateurs.&nbsp;&nbsp; Or ces r\u00e9seaux de chauffage urbain offrent un grand potentiel pour valoriser des sources d\u2019\u00e9nergies renouvelables actuellement sous-exploit\u00e9es : ces chaudi\u00e8res collectives peuvent en effet \u00eatre aliment\u00e9e par la biomasse (bois, pellets, plaquettes), le biogaz, la g\u00e9othermie (eau naturellement chaude pr\u00e9sente sous terre) ou la chaleur fatale c-\u00e0-d la chaleur qui est perdue au cours d\u2019un processus industriel et qui pourrait \u00eatre ainsi r\u00e9cup\u00e9r\u00e9e.&nbsp; De quoi remplacer, progressivement, une grande partie des \u00e9nergies fossiles (gaz, mazout) majoritairement utilis\u00e9es pour chauffer nos maisons et b\u00e2timents.&nbsp; Voici un exemple de r\u00e9alisation \u00e0 Vis\u00e9, dans l\u2019\u00e9co-quartier \u00ab Les pl\u00e9iades \u00bb. Description compl\u00e8te du projet &nbsp; Des objectifs stimulants &nbsp; En Europe, environ 10% de la population est raccord\u00e9e \u00e0 un tel r\u00e9seau. Les champions sont le Danemark, la Su\u00e8de, l\u2019Allemagne et l\u2019Autriche. La France s\u2019est \u00e9galement fix\u00e9e des objectifs ambitieux. La Wallonie commence \u00e0 peine \u00e0 s\u2019y int\u00e9resser, avec 54 r\u00e9seaux existants et plusieurs projets en d\u00e9veloppement. Mais les objectifs du Plan belge &hellip; Continue reading \"Les r\u00e9seaux de chaleur, ce grand potentiel renouvelable\"","og_url":"https:\/\/www.renouvelle.be\/fr\/les-reseaux-de-chaleur-ce-grand-potentiel-renouvelable\/","og_site_name":"Renouvelle","article_published_time":"2020-12-11T10:46:37+00:00","article_modified_time":"2023-06-09T14:04:54+00:00","og_image":[{"width":916,"height":549,"url":"https:\/\/www.renouvelle.be\/wp-content\/uploads\/2021\/02\/reseau-chaleur.jpg","type":"image\/jpeg"}],"author":"Energie Commune","twitter_card":"summary_large_image","schema":{"@context":"https:\/\/schema.org","@graph":[{"@type":"Article","@id":"https:\/\/www.renouvelle.be\/fr\/les-reseaux-de-chaleur-ce-grand-potentiel-renouvelable\/#article","isPartOf":{"@id":"https:\/\/www.renouvelle.be\/fr\/les-reseaux-de-chaleur-ce-grand-potentiel-renouvelable\/"},"author":{"name":"Energie Commune","@id":"https:\/\/www.renouvelle.be\/fr\/#\/schema\/person\/01fbe8226a07f8f3d4a1cd059b31f17a"},"headline":"Les r\u00e9seaux de chaleur, ce grand potentiel renouvelable","datePublished":"2020-12-11T10:46:37+00:00","dateModified":"2023-06-09T14:04:54+00:00","mainEntityOfPage":{"@id":"https:\/\/www.renouvelle.be\/fr\/les-reseaux-de-chaleur-ce-grand-potentiel-renouvelable\/"},"wordCount":1683,"commentCount":0,"image":{"@id":"https:\/\/www.renouvelle.be\/fr\/les-reseaux-de-chaleur-ce-grand-potentiel-renouvelable\/#primaryimage"},"thumbnailUrl":"https:\/\/www.renouvelle.be\/wp-content\/uploads\/2021\/02\/reseau-chaleur.jpg","articleSection":["Actualit\u00e9 en Belgique"],"inLanguage":"fr-FR","potentialAction":[{"@type":"CommentAction","name":"Comment","target":["https:\/\/www.renouvelle.be\/fr\/les-reseaux-de-chaleur-ce-grand-potentiel-renouvelable\/#respond"]}]},{"@type":"WebPage","@id":"https:\/\/www.renouvelle.be\/fr\/les-reseaux-de-chaleur-ce-grand-potentiel-renouvelable\/","url":"https:\/\/www.renouvelle.be\/fr\/les-reseaux-de-chaleur-ce-grand-potentiel-renouvelable\/","name":"Les r\u00e9seaux de chaleur, ce grand potentiel renouvelable - Renouvelle","isPartOf":{"@id":"https:\/\/www.renouvelle.be\/fr\/#website"},"primaryImageOfPage":{"@id":"https:\/\/www.renouvelle.be\/fr\/les-reseaux-de-chaleur-ce-grand-potentiel-renouvelable\/#primaryimage"},"image":{"@id":"https:\/\/www.renouvelle.be\/fr\/les-reseaux-de-chaleur-ce-grand-potentiel-renouvelable\/#primaryimage"},"thumbnailUrl":"https:\/\/www.renouvelle.be\/wp-content\/uploads\/2021\/02\/reseau-chaleur.jpg","datePublished":"2020-12-11T10:46:37+00:00","dateModified":"2023-06-09T14:04:54+00:00","author":{"@id":"https:\/\/www.renouvelle.be\/fr\/#\/schema\/person\/01fbe8226a07f8f3d4a1cd059b31f17a"},"breadcrumb":{"@id":"https:\/\/www.renouvelle.be\/fr\/les-reseaux-de-chaleur-ce-grand-potentiel-renouvelable\/#breadcrumb"},"inLanguage":"fr-FR","potentialAction":[{"@type":"ReadAction","target":["https:\/\/www.renouvelle.be\/fr\/les-reseaux-de-chaleur-ce-grand-potentiel-renouvelable\/"]}]},{"@type":"ImageObject","inLanguage":"fr-FR","@id":"https:\/\/www.renouvelle.be\/fr\/les-reseaux-de-chaleur-ce-grand-potentiel-renouvelable\/#primaryimage","url":"https:\/\/www.renouvelle.be\/wp-content\/uploads\/2021\/02\/reseau-chaleur.jpg","contentUrl":"https:\/\/www.renouvelle.be\/wp-content\/uploads\/2021\/02\/reseau-chaleur.jpg","width":916,"height":549},{"@type":"BreadcrumbList","@id":"https:\/\/www.renouvelle.be\/fr\/les-reseaux-de-chaleur-ce-grand-potentiel-renouvelable\/#breadcrumb","itemListElement":[{"@type":"ListItem","position":1,"name":"Accueil","item":"https:\/\/www.renouvelle.be\/fr\/"},{"@type":"ListItem","position":2,"name":"Les r\u00e9seaux de chaleur, ce grand potentiel renouvelable"}]},{"@type":"WebSite","@id":"https:\/\/www.renouvelle.be\/fr\/#website","url":"https:\/\/www.renouvelle.be\/fr\/","name":"Renouvelle","description":"L&#039;actualit\u00e9 de l&#039;\u00e9nergie durable","potentialAction":[{"@type":"SearchAction","target":{"@type":"EntryPoint","urlTemplate":"https:\/\/www.renouvelle.be\/fr\/?s={search_term_string}"},"query-input":{"@type":"PropertyValueSpecification","valueRequired":true,"valueName":"search_term_string"}}],"inLanguage":"fr-FR"},{"@type":"Person","@id":"https:\/\/www.renouvelle.be\/fr\/#\/schema\/person\/01fbe8226a07f8f3d4a1cd059b31f17a","name":"Energie Commune","url":"https:\/\/www.renouvelle.be\/fr\/author\/apere\/"}]}},"_links":{"self":[{"href":"https:\/\/www.renouvelle.be\/fr\/wp-json\/wp\/v2\/posts\/3908","targetHints":{"allow":["GET"]}}],"collection":[{"href":"https:\/\/www.renouvelle.be\/fr\/wp-json\/wp\/v2\/posts"}],"about":[{"href":"https:\/\/www.renouvelle.be\/fr\/wp-json\/wp\/v2\/types\/post"}],"author":[{"embeddable":true,"href":"https:\/\/www.renouvelle.be\/fr\/wp-json\/wp\/v2\/users\/3"}],"replies":[{"embeddable":true,"href":"https:\/\/www.renouvelle.be\/fr\/wp-json\/wp\/v2\/comments?post=3908"}],"version-history":[{"count":6,"href":"https:\/\/www.renouvelle.be\/fr\/wp-json\/wp\/v2\/posts\/3908\/revisions"}],"predecessor-version":[{"id":9728,"href":"https:\/\/www.renouvelle.be\/fr\/wp-json\/wp\/v2\/posts\/3908\/revisions\/9728"}],"wp:featuredmedia":[{"embeddable":true,"href":"https:\/\/www.renouvelle.be\/fr\/wp-json\/wp\/v2\/media\/4732"}],"wp:attachment":[{"href":"https:\/\/www.renouvelle.be\/fr\/wp-json\/wp\/v2\/media?parent=3908"}],"wp:term":[{"taxonomy":"category","embeddable":true,"href":"https:\/\/www.renouvelle.be\/fr\/wp-json\/wp\/v2\/categories?post=3908"},{"taxonomy":"post_tag","embeddable":true,"href":"https:\/\/www.renouvelle.be\/fr\/wp-json\/wp\/v2\/tags?post=3908"},{"taxonomy":"section","embeddable":true,"href":"https:\/\/www.renouvelle.be\/fr\/wp-json\/wp\/v2\/section?post=3908"}],"curies":[{"name":"wp","href":"https:\/\/api.w.org\/{rel}","templated":true}]}}