{"id":3899,"date":"2020-11-13T15:18:23","date_gmt":"2020-11-13T15:18:23","guid":{"rendered":""},"modified":"2022-10-28T12:27:12","modified_gmt":"2022-10-28T10:27:12","slug":"des-eoliennes-onshore-moins-performantes-pas-si-vite","status":"publish","type":"post","link":"https:\/\/www.renouvelle.be\/fr\/des-eoliennes-onshore-moins-performantes-pas-si-vite\/","title":{"rendered":"Des \u00e9oliennes onshore moins performantes ? Pas si vite"},"content":{"rendered":"<p>Le taux de charge est un indicateur qui permet de mesurer la performance d\u2019une production \u00e9olienne. Le taux de charge global d&rsquo;une \u00e9olienne se d\u00e9finit par le rapport entre le nombre d&rsquo;heures de fonctionnement \u00e0 puissance nominale de l&rsquo;\u00e9olienne et le nombre d&rsquo;heures d&rsquo;une ann\u00e9e.&nbsp;<\/p>\n<p>Lorsqu\u2019on analyse l\u2019\u00e9volution du taux de charge de l\u2019\u00e9olien onshore ces derni\u00e8res ann\u00e9es, on constate effectivement qu\u2019il est pass\u00e9 de 26 \u00e0 18% en moins de 10 ans (voir graphique ci-dessous) et qu\u2019il est assez bas pour les ann\u00e9es 2016 \u00e0 2019.&nbsp;<\/p>\n<p><\/p>\n<p><iframe loading=\"lazy\" title=\"METEO_EOL_TauxCharge\" width=\"600\" height=\"373.5\" src=\"https:\/\/app.powerbi.com\/view?r=eyJrIjoiZTIxNWY2NTAtMTkxMi00MThjLTgzYjUtZWRlM2Q0ZTMxNWEwIiwidCI6IjYwNTM2MTIzLTkxNDYtNDM2ZC05ZGRkLWJjNmIwYTJiZTE3NiIsImMiOjl9&amp;pageName=ReportSection\" frameborder=\"0\" allowfullscreen=\"true\"><\/iframe><\/p>\n<p>Mais il ne nous semble pas pertinent de tirer des conclusions sur une base statistique de 4 ans. La moyenne du taux de charge sur 10 ans est d\u2019ailleurs de 22%, ce qui correspond aux performances attendues.<\/p>\n<p>N\u00e9anmoins, si la tendance observ\u00e9e ces 4 derni\u00e8res ann\u00e9es se confirmait, voici les explications potentielles que nous identifions \u00e0 ce stade.&nbsp;<\/p>\n<p><\/p>\n<h2>Des ann\u00e9es moins venteuses ?&nbsp;<\/h2>\n<p><\/p>\n<p>Cette baisse du taux de charge s\u2019expliquerait-elle par des ann\u00e9es moins venteuses ?&nbsp;<\/p>\n<p>Une comparaison entre l\u2019\u00e9olien onshore et offshore est utile.<\/p>\n<p>Le graphique ci-dessous montre l\u2019\u00e9volution des taux de charges mensuels moyens de 2012 \u00e0 2019 pour l\u2019\u00e9olien onshore, offshore et total.&nbsp;&nbsp;<\/p>\n<p><img decoding=\"async\" style=\"width: 580px; height: 357px;\" src=\"\/wp-content\/uploads\/2021\/02\/post\/graph1_2.jpg\" alt=\"\"><\/p>\n<p>On y constate que les taux de charge de l\u2019onshore et de l\u2019offshore suivent des courbes tr\u00e8s similaires, avec notamment une baisse \u00e0 partir de 2016. L\u2019\u00e9volution des conditions de vent peut donc expliquer en partie la baisse du taux de charge de l\u2019\u00e9olien onshore.<\/p>\n<p>N\u00e9anmoins, lorsque la valeur du taux de charge offshore baisse de 6% (entre 2012 et 2019), celle du taux de charge onshore baisse de 31%. De plus, on constate que les deux courbes s\u2019\u00e9cartent, ce quimontre une augmentation progressive de la diff\u00e9rence entre les taux de charge offshore et onshore.&nbsp;<\/p>\n<p>L\u2019\u00e9volution des conditions de vent ne serait donc pas le principal facteur influen\u00e7ant le taux de charge onshore.&nbsp;&nbsp;<\/p>\n<p><\/p>\n<h2>Des sites moins venteux ?&nbsp;<\/h2>\n<p><\/p>\n<p>Voici une autre piste d\u2019explication : les d\u00e9veloppeurs \u00e9oliens ont d\u2019abord choisi les sites les plus venteux et, au fil des ans, se retrouvent aujourd\u2019hui \u00e0 installer des parcs \u00e9oliens sur des sites moins venteux et donc moins performants.<\/p>\n<p>Pourtant, les \u00e9tudes de vent r\u00e9alis\u00e9es pour les projets \u00e9oliens ne montrent pas de diminution significative de la qualit\u00e9 venteuse des sites en Wallonie, ce qui infirme cette hypoth\u00e8se.&nbsp;<\/p>\n<p><\/p>\n<h2>Un parc vieillissant ?&nbsp;<\/h2>\n<p><\/p>\n<p>Il est \u00e9galement possible que le parc \u00e9olien wallon soit vieillissant et perde ainsi en performance. Les d\u00e9veloppeurs commencent \u00e0 remplacer les anciennes turbines par de nouvelles, plus puissantes.<\/p>\n<p>En Wallonie, la premi\u00e8re op\u00e9ration de \u201crepowering\u201d a eu lieu en juin 2020 : Le parc de Sainte-Ode a remplac\u00e9 ses 6 anciennes \u00e9oliennes par 4 nouveaux mod\u00e8les, plus puissants (+ 4,5 MW au total). D\u2019autres op\u00e9rations de \u201crepowering\u201d devraient suivre ailleurs en Wallonie.<\/p>\n<p>Le parc \u00e9olien wallon devrait ainsi progressivement augmenter en puissance (lire notre article <a href=\"https:\/\/www.renouvelle.be\/fr\/actualite-belgique\/premier-repowering-de-parc-eolien-en-wallonie\">Premier repowering de parc \u00e9olien en Wallonie<\/a>).<\/p>\n<p>Mais cette mont\u00e9e en puissance ne jouera pas forc\u00e9ment en faveur d\u2019une meilleure performance, comme nous l\u2019expliquons ci-apr\u00e8s.&nbsp;<\/p>\n<p><\/p>\n<h2>Des \u00e9oliennes plus puissantes ?&nbsp;<\/h2>\n<p><\/p>\n<p>Parall\u00e8lement, on constate que les \u00e9oliennes install\u00e9es en Wallonie sont de plus en plus puissantes. La puissance par m\u00e2t onshore install\u00e9 a ainsi progress\u00e9 de +27% entre 2013 (2,16 MW\/m\u00e2t)&nbsp; et 2017 (2,74 MW\/m\u00e2t).<\/p>\n<p>Les nouvelles \u00e9oliennes onshore pr\u00e9sentent donc vraisemblablement un taux de charge moins \u00e9lev\u00e9, ce qui fait baisser le taux de charge global.&nbsp;&nbsp;<\/p>\n<p>Le but recherch\u00e9 par ce \u00ab surdimensionnement \u00bb est d\u2019obtenir une production plus importante et mieux liss\u00e9e dans le temps. En effet, les \u00e9oliennes plus puissantes ont un diam\u00e8tre plus important et d\u00e9marrent donc avec des vents plus faibles. Elles tournent donc plus souvent mais avec un taux de charge plus faible.&nbsp;<\/p>\n<p><\/p>\n<h2>Un autre indicateur ?&nbsp;<\/h2>\n<p><\/p>\n<p>A ce stade, il n\u2019est donc pas pertinent de parler d\u2019une baisse de la performance des \u00e9oliennes onshore en Wallonie. Il s\u2019agira de suivre les statistiques des prochaines ann\u00e9es pour v\u00e9rifier si le taux de charge confirme ou non sa diminution.&nbsp;<\/p>\n<p>Les diff\u00e9rentes hypoth\u00e8ses \u00e9voqu\u00e9es ci-dessus pourraient alors entrer en ligne de compte \u2013 ou non.<\/p>\n<p>Quoi qu\u2019il en soit, le taux de charge n\u2019est pas le seul indicateur possible pour mesurer la performance des \u00e9oliennes.<\/p>\n<p>Au vu de l\u2019\u00e9volution de cette fili\u00e8re, un taux de production d\u2019\u00e9lectricit\u00e9 par m\u00e2t (et non plus en fonction de la puissance de l\u2019\u00e9olienne) serait d\u2019ailleurs un indicateur plus pertinent pour suivre la performance de nos \u00e9oliennes.&nbsp;<\/p>\n\n\n<p><\/p>\n","protected":false},"excerpt":{"rendered":"<p>Le taux de charge est un indicateur qui permet de mesurer la performance d\u2019une production \u00e9olienne. Le taux de charge global d&rsquo;une \u00e9olienne se d\u00e9finit par le rapport entre le nombre d&rsquo;heures de fonctionnement \u00e0 puissance nominale de l&rsquo;\u00e9olienne et le nombre d&rsquo;heures d&rsquo;une ann\u00e9e.&nbsp; Lorsqu\u2019on analyse l\u2019\u00e9volution du taux de charge de l\u2019\u00e9olien onshore ces derni\u00e8res ann\u00e9es, on constate effectivement qu\u2019il est pass\u00e9 de 26 \u00e0 18% en moins de 10 ans (voir graphique ci-dessous) et qu\u2019il est assez bas pour les ann\u00e9es 2016 \u00e0 2019.&nbsp; Mais il ne nous semble pas pertinent de tirer des conclusions sur une base statistique de 4 ans. La moyenne du taux de charge sur 10 ans est d\u2019ailleurs de 22%, ce qui correspond aux performances attendues. N\u00e9anmoins, si la tendance observ\u00e9e ces 4 derni\u00e8res ann\u00e9es se confirmait, voici les explications potentielles que nous identifions \u00e0 ce stade.&nbsp; Des ann\u00e9es moins venteuses ?&nbsp; Cette baisse du taux de charge s\u2019expliquerait-elle par des ann\u00e9es moins venteuses ?&nbsp; Une comparaison entre l\u2019\u00e9olien onshore et offshore est utile. Le graphique ci-dessous montre l\u2019\u00e9volution des taux de charges mensuels moyens de 2012 \u00e0 2019 pour l\u2019\u00e9olien onshore, offshore et total.&nbsp;&nbsp; On y constate que les taux de charge de l\u2019onshore et de l\u2019offshore suivent des courbes tr\u00e8s similaires, avec notamment une baisse \u00e0 partir de 2016. L\u2019\u00e9volution des conditions de vent peut donc expliquer en partie la baisse du taux de charge de l\u2019\u00e9olien onshore. N\u00e9anmoins, lorsque la valeur du taux de charge offshore baisse de 6% (entre 2012 et 2019), celle du taux de charge onshore baisse de 31%. De plus, on constate que les deux courbes s\u2019\u00e9cartent, ce quimontre une augmentation progressive de la diff\u00e9rence entre les taux de charge offshore et onshore.&nbsp; L\u2019\u00e9volution des &hellip; <a href=\"https:\/\/www.renouvelle.be\/fr\/des-eoliennes-onshore-moins-performantes-pas-si-vite\/\" class=\"more-link\">Continue reading<span class=\"screen-reader-text\"> \u00ab\u00a0Des \u00e9oliennes onshore moins performantes ? Pas si vite\u00a0\u00bb<\/span><\/a><\/p>\n","protected":false},"author":21,"featured_media":4458,"comment_status":"open","ping_status":"open","sticky":false,"template":"","format":"standard","meta":{"_acf_changed":false,"footnotes":""},"categories":[22],"tags":[],"section":[6],"class_list":["post-3899","post","type-post","status-publish","format-standard","has-post-thumbnail","hentry","category-statistiques","section-eolien"],"acf":[],"yoast_head":"<!-- This site is optimized with the Yoast SEO plugin v27.5 - https:\/\/yoast.com\/product\/yoast-seo-wordpress\/ -->\n<title>Des \u00e9oliennes onshore moins performantes ? Pas si vite - Renouvelle<\/title>\n<meta name=\"robots\" content=\"index, follow, max-snippet:-1, max-image-preview:large, max-video-preview:-1\" \/>\n<link rel=\"canonical\" href=\"https:\/\/www.renouvelle.be\/fr\/des-eoliennes-onshore-moins-performantes-pas-si-vite\/\" \/>\n<meta property=\"og:locale\" content=\"fr_FR\" \/>\n<meta property=\"og:type\" content=\"article\" \/>\n<meta property=\"og:title\" content=\"Des \u00e9oliennes onshore moins performantes ? Pas si vite - Renouvelle\" \/>\n<meta property=\"og:description\" content=\"Le taux de charge est un indicateur qui permet de mesurer la performance d\u2019une production \u00e9olienne. Le taux de charge global d&rsquo;une \u00e9olienne se d\u00e9finit par le rapport entre le nombre d&rsquo;heures de fonctionnement \u00e0 puissance nominale de l&rsquo;\u00e9olienne et le nombre d&rsquo;heures d&rsquo;une ann\u00e9e.&nbsp; Lorsqu\u2019on analyse l\u2019\u00e9volution du taux de charge de l\u2019\u00e9olien onshore ces derni\u00e8res ann\u00e9es, on constate effectivement qu\u2019il est pass\u00e9 de 26 \u00e0 18% en moins de 10 ans (voir graphique ci-dessous) et qu\u2019il est assez bas pour les ann\u00e9es 2016 \u00e0 2019.&nbsp; Mais il ne nous semble pas pertinent de tirer des conclusions sur une base statistique de 4 ans. La moyenne du taux de charge sur 10 ans est d\u2019ailleurs de 22%, ce qui correspond aux performances attendues. N\u00e9anmoins, si la tendance observ\u00e9e ces 4 derni\u00e8res ann\u00e9es se confirmait, voici les explications potentielles que nous identifions \u00e0 ce stade.&nbsp; Des ann\u00e9es moins venteuses ?&nbsp; Cette baisse du taux de charge s\u2019expliquerait-elle par des ann\u00e9es moins venteuses ?&nbsp; Une comparaison entre l\u2019\u00e9olien onshore et offshore est utile. Le graphique ci-dessous montre l\u2019\u00e9volution des taux de charges mensuels moyens de 2012 \u00e0 2019 pour l\u2019\u00e9olien onshore, offshore et total.&nbsp;&nbsp; On y constate que les taux de charge de l\u2019onshore et de l\u2019offshore suivent des courbes tr\u00e8s similaires, avec notamment une baisse \u00e0 partir de 2016. L\u2019\u00e9volution des conditions de vent peut donc expliquer en partie la baisse du taux de charge de l\u2019\u00e9olien onshore. N\u00e9anmoins, lorsque la valeur du taux de charge offshore baisse de 6% (entre 2012 et 2019), celle du taux de charge onshore baisse de 31%. De plus, on constate que les deux courbes s\u2019\u00e9cartent, ce quimontre une augmentation progressive de la diff\u00e9rence entre les taux de charge offshore et onshore.&nbsp; L\u2019\u00e9volution des &hellip; Continue reading &quot;Des \u00e9oliennes onshore moins performantes ? Pas si vite&quot;\" \/>\n<meta property=\"og:url\" content=\"https:\/\/www.renouvelle.be\/fr\/des-eoliennes-onshore-moins-performantes-pas-si-vite\/\" \/>\n<meta property=\"og:site_name\" content=\"Renouvelle\" \/>\n<meta property=\"article:published_time\" content=\"2020-11-13T15:18:23+00:00\" \/>\n<meta property=\"article:modified_time\" content=\"2022-10-28T10:27:12+00:00\" \/>\n<meta property=\"og:image\" content=\"https:\/\/www.renouvelle.be\/wp-content\/uploads\/2021\/02\/demontag-eolienne.jpg\" \/>\n\t<meta property=\"og:image:width\" content=\"580\" \/>\n\t<meta property=\"og:image:height\" content=\"387\" \/>\n\t<meta property=\"og:image:type\" content=\"image\/jpeg\" \/>\n<meta name=\"author\" content=\"Fr\u00e9d\u00e9ric PRAILLET\" \/>\n<meta name=\"twitter:card\" content=\"summary_large_image\" \/>\n<script type=\"application\/ld+json\" class=\"yoast-schema-graph\">{\"@context\":\"https:\\\/\\\/schema.org\",\"@graph\":[{\"@type\":\"Article\",\"@id\":\"https:\\\/\\\/www.renouvelle.be\\\/fr\\\/des-eoliennes-onshore-moins-performantes-pas-si-vite\\\/#article\",\"isPartOf\":{\"@id\":\"https:\\\/\\\/www.renouvelle.be\\\/fr\\\/des-eoliennes-onshore-moins-performantes-pas-si-vite\\\/\"},\"author\":{\"name\":\"Fr\u00e9d\u00e9ric PRAILLET\",\"@id\":\"https:\\\/\\\/www.renouvelle.be\\\/fr\\\/#\\\/schema\\\/person\\\/9d3565ca9db7252f965f75c1f3561a53\"},\"headline\":\"Des \u00e9oliennes onshore moins performantes ? Pas si vite\",\"datePublished\":\"2020-11-13T15:18:23+00:00\",\"dateModified\":\"2022-10-28T10:27:12+00:00\",\"mainEntityOfPage\":{\"@id\":\"https:\\\/\\\/www.renouvelle.be\\\/fr\\\/des-eoliennes-onshore-moins-performantes-pas-si-vite\\\/\"},\"wordCount\":792,\"commentCount\":0,\"image\":{\"@id\":\"https:\\\/\\\/www.renouvelle.be\\\/fr\\\/des-eoliennes-onshore-moins-performantes-pas-si-vite\\\/#primaryimage\"},\"thumbnailUrl\":\"https:\\\/\\\/www.renouvelle.be\\\/wp-content\\\/uploads\\\/2021\\\/02\\\/demontag-eolienne.jpg\",\"articleSection\":[\"Statistiques\"],\"inLanguage\":\"fr-FR\",\"potentialAction\":[{\"@type\":\"CommentAction\",\"name\":\"Comment\",\"target\":[\"https:\\\/\\\/www.renouvelle.be\\\/fr\\\/des-eoliennes-onshore-moins-performantes-pas-si-vite\\\/#respond\"]}]},{\"@type\":\"WebPage\",\"@id\":\"https:\\\/\\\/www.renouvelle.be\\\/fr\\\/des-eoliennes-onshore-moins-performantes-pas-si-vite\\\/\",\"url\":\"https:\\\/\\\/www.renouvelle.be\\\/fr\\\/des-eoliennes-onshore-moins-performantes-pas-si-vite\\\/\",\"name\":\"Des \u00e9oliennes onshore moins performantes ? Pas si vite - Renouvelle\",\"isPartOf\":{\"@id\":\"https:\\\/\\\/www.renouvelle.be\\\/fr\\\/#website\"},\"primaryImageOfPage\":{\"@id\":\"https:\\\/\\\/www.renouvelle.be\\\/fr\\\/des-eoliennes-onshore-moins-performantes-pas-si-vite\\\/#primaryimage\"},\"image\":{\"@id\":\"https:\\\/\\\/www.renouvelle.be\\\/fr\\\/des-eoliennes-onshore-moins-performantes-pas-si-vite\\\/#primaryimage\"},\"thumbnailUrl\":\"https:\\\/\\\/www.renouvelle.be\\\/wp-content\\\/uploads\\\/2021\\\/02\\\/demontag-eolienne.jpg\",\"datePublished\":\"2020-11-13T15:18:23+00:00\",\"dateModified\":\"2022-10-28T10:27:12+00:00\",\"author\":{\"@id\":\"https:\\\/\\\/www.renouvelle.be\\\/fr\\\/#\\\/schema\\\/person\\\/9d3565ca9db7252f965f75c1f3561a53\"},\"breadcrumb\":{\"@id\":\"https:\\\/\\\/www.renouvelle.be\\\/fr\\\/des-eoliennes-onshore-moins-performantes-pas-si-vite\\\/#breadcrumb\"},\"inLanguage\":\"fr-FR\",\"potentialAction\":[{\"@type\":\"ReadAction\",\"target\":[\"https:\\\/\\\/www.renouvelle.be\\\/fr\\\/des-eoliennes-onshore-moins-performantes-pas-si-vite\\\/\"]}]},{\"@type\":\"ImageObject\",\"inLanguage\":\"fr-FR\",\"@id\":\"https:\\\/\\\/www.renouvelle.be\\\/fr\\\/des-eoliennes-onshore-moins-performantes-pas-si-vite\\\/#primaryimage\",\"url\":\"https:\\\/\\\/www.renouvelle.be\\\/wp-content\\\/uploads\\\/2021\\\/02\\\/demontag-eolienne.jpg\",\"contentUrl\":\"https:\\\/\\\/www.renouvelle.be\\\/wp-content\\\/uploads\\\/2021\\\/02\\\/demontag-eolienne.jpg\",\"width\":580,\"height\":387},{\"@type\":\"BreadcrumbList\",\"@id\":\"https:\\\/\\\/www.renouvelle.be\\\/fr\\\/des-eoliennes-onshore-moins-performantes-pas-si-vite\\\/#breadcrumb\",\"itemListElement\":[{\"@type\":\"ListItem\",\"position\":1,\"name\":\"Accueil\",\"item\":\"https:\\\/\\\/www.renouvelle.be\\\/fr\\\/\"},{\"@type\":\"ListItem\",\"position\":2,\"name\":\"Des \u00e9oliennes onshore moins performantes ? Pas si vite\"}]},{\"@type\":\"WebSite\",\"@id\":\"https:\\\/\\\/www.renouvelle.be\\\/fr\\\/#website\",\"url\":\"https:\\\/\\\/www.renouvelle.be\\\/fr\\\/\",\"name\":\"Renouvelle\",\"description\":\"L&#039;actualit\u00e9 de l&#039;\u00e9nergie durable\",\"potentialAction\":[{\"@type\":\"SearchAction\",\"target\":{\"@type\":\"EntryPoint\",\"urlTemplate\":\"https:\\\/\\\/www.renouvelle.be\\\/fr\\\/?s={search_term_string}\"},\"query-input\":{\"@type\":\"PropertyValueSpecification\",\"valueRequired\":true,\"valueName\":\"search_term_string\"}}],\"inLanguage\":\"fr-FR\"},{\"@type\":\"Person\",\"@id\":\"https:\\\/\\\/www.renouvelle.be\\\/fr\\\/#\\\/schema\\\/person\\\/9d3565ca9db7252f965f75c1f3561a53\",\"name\":\"Fr\u00e9d\u00e9ric PRAILLET\",\"url\":\"https:\\\/\\\/www.renouvelle.be\\\/fr\\\/author\\\/fredericpraillet\\\/\"}]}<\/script>\n<!-- \/ Yoast SEO plugin. -->","yoast_head_json":{"title":"Des \u00e9oliennes onshore moins performantes ? Pas si vite - Renouvelle","robots":{"index":"index","follow":"follow","max-snippet":"max-snippet:-1","max-image-preview":"max-image-preview:large","max-video-preview":"max-video-preview:-1"},"canonical":"https:\/\/www.renouvelle.be\/fr\/des-eoliennes-onshore-moins-performantes-pas-si-vite\/","og_locale":"fr_FR","og_type":"article","og_title":"Des \u00e9oliennes onshore moins performantes ? Pas si vite - Renouvelle","og_description":"Le taux de charge est un indicateur qui permet de mesurer la performance d\u2019une production \u00e9olienne. Le taux de charge global d&rsquo;une \u00e9olienne se d\u00e9finit par le rapport entre le nombre d&rsquo;heures de fonctionnement \u00e0 puissance nominale de l&rsquo;\u00e9olienne et le nombre d&rsquo;heures d&rsquo;une ann\u00e9e.&nbsp; Lorsqu\u2019on analyse l\u2019\u00e9volution du taux de charge de l\u2019\u00e9olien onshore ces derni\u00e8res ann\u00e9es, on constate effectivement qu\u2019il est pass\u00e9 de 26 \u00e0 18% en moins de 10 ans (voir graphique ci-dessous) et qu\u2019il est assez bas pour les ann\u00e9es 2016 \u00e0 2019.&nbsp; Mais il ne nous semble pas pertinent de tirer des conclusions sur une base statistique de 4 ans. La moyenne du taux de charge sur 10 ans est d\u2019ailleurs de 22%, ce qui correspond aux performances attendues. N\u00e9anmoins, si la tendance observ\u00e9e ces 4 derni\u00e8res ann\u00e9es se confirmait, voici les explications potentielles que nous identifions \u00e0 ce stade.&nbsp; Des ann\u00e9es moins venteuses ?&nbsp; Cette baisse du taux de charge s\u2019expliquerait-elle par des ann\u00e9es moins venteuses ?&nbsp; Une comparaison entre l\u2019\u00e9olien onshore et offshore est utile. Le graphique ci-dessous montre l\u2019\u00e9volution des taux de charges mensuels moyens de 2012 \u00e0 2019 pour l\u2019\u00e9olien onshore, offshore et total.&nbsp;&nbsp; On y constate que les taux de charge de l\u2019onshore et de l\u2019offshore suivent des courbes tr\u00e8s similaires, avec notamment une baisse \u00e0 partir de 2016. L\u2019\u00e9volution des conditions de vent peut donc expliquer en partie la baisse du taux de charge de l\u2019\u00e9olien onshore. N\u00e9anmoins, lorsque la valeur du taux de charge offshore baisse de 6% (entre 2012 et 2019), celle du taux de charge onshore baisse de 31%. De plus, on constate que les deux courbes s\u2019\u00e9cartent, ce quimontre une augmentation progressive de la diff\u00e9rence entre les taux de charge offshore et onshore.&nbsp; L\u2019\u00e9volution des &hellip; Continue reading \"Des \u00e9oliennes onshore moins performantes ? Pas si vite\"","og_url":"https:\/\/www.renouvelle.be\/fr\/des-eoliennes-onshore-moins-performantes-pas-si-vite\/","og_site_name":"Renouvelle","article_published_time":"2020-11-13T15:18:23+00:00","article_modified_time":"2022-10-28T10:27:12+00:00","og_image":[{"width":580,"height":387,"url":"https:\/\/www.renouvelle.be\/wp-content\/uploads\/2021\/02\/demontag-eolienne.jpg","type":"image\/jpeg"}],"author":"Fr\u00e9d\u00e9ric PRAILLET","twitter_card":"summary_large_image","schema":{"@context":"https:\/\/schema.org","@graph":[{"@type":"Article","@id":"https:\/\/www.renouvelle.be\/fr\/des-eoliennes-onshore-moins-performantes-pas-si-vite\/#article","isPartOf":{"@id":"https:\/\/www.renouvelle.be\/fr\/des-eoliennes-onshore-moins-performantes-pas-si-vite\/"},"author":{"name":"Fr\u00e9d\u00e9ric PRAILLET","@id":"https:\/\/www.renouvelle.be\/fr\/#\/schema\/person\/9d3565ca9db7252f965f75c1f3561a53"},"headline":"Des \u00e9oliennes onshore moins performantes ? Pas si vite","datePublished":"2020-11-13T15:18:23+00:00","dateModified":"2022-10-28T10:27:12+00:00","mainEntityOfPage":{"@id":"https:\/\/www.renouvelle.be\/fr\/des-eoliennes-onshore-moins-performantes-pas-si-vite\/"},"wordCount":792,"commentCount":0,"image":{"@id":"https:\/\/www.renouvelle.be\/fr\/des-eoliennes-onshore-moins-performantes-pas-si-vite\/#primaryimage"},"thumbnailUrl":"https:\/\/www.renouvelle.be\/wp-content\/uploads\/2021\/02\/demontag-eolienne.jpg","articleSection":["Statistiques"],"inLanguage":"fr-FR","potentialAction":[{"@type":"CommentAction","name":"Comment","target":["https:\/\/www.renouvelle.be\/fr\/des-eoliennes-onshore-moins-performantes-pas-si-vite\/#respond"]}]},{"@type":"WebPage","@id":"https:\/\/www.renouvelle.be\/fr\/des-eoliennes-onshore-moins-performantes-pas-si-vite\/","url":"https:\/\/www.renouvelle.be\/fr\/des-eoliennes-onshore-moins-performantes-pas-si-vite\/","name":"Des \u00e9oliennes onshore moins performantes ? Pas si vite - Renouvelle","isPartOf":{"@id":"https:\/\/www.renouvelle.be\/fr\/#website"},"primaryImageOfPage":{"@id":"https:\/\/www.renouvelle.be\/fr\/des-eoliennes-onshore-moins-performantes-pas-si-vite\/#primaryimage"},"image":{"@id":"https:\/\/www.renouvelle.be\/fr\/des-eoliennes-onshore-moins-performantes-pas-si-vite\/#primaryimage"},"thumbnailUrl":"https:\/\/www.renouvelle.be\/wp-content\/uploads\/2021\/02\/demontag-eolienne.jpg","datePublished":"2020-11-13T15:18:23+00:00","dateModified":"2022-10-28T10:27:12+00:00","author":{"@id":"https:\/\/www.renouvelle.be\/fr\/#\/schema\/person\/9d3565ca9db7252f965f75c1f3561a53"},"breadcrumb":{"@id":"https:\/\/www.renouvelle.be\/fr\/des-eoliennes-onshore-moins-performantes-pas-si-vite\/#breadcrumb"},"inLanguage":"fr-FR","potentialAction":[{"@type":"ReadAction","target":["https:\/\/www.renouvelle.be\/fr\/des-eoliennes-onshore-moins-performantes-pas-si-vite\/"]}]},{"@type":"ImageObject","inLanguage":"fr-FR","@id":"https:\/\/www.renouvelle.be\/fr\/des-eoliennes-onshore-moins-performantes-pas-si-vite\/#primaryimage","url":"https:\/\/www.renouvelle.be\/wp-content\/uploads\/2021\/02\/demontag-eolienne.jpg","contentUrl":"https:\/\/www.renouvelle.be\/wp-content\/uploads\/2021\/02\/demontag-eolienne.jpg","width":580,"height":387},{"@type":"BreadcrumbList","@id":"https:\/\/www.renouvelle.be\/fr\/des-eoliennes-onshore-moins-performantes-pas-si-vite\/#breadcrumb","itemListElement":[{"@type":"ListItem","position":1,"name":"Accueil","item":"https:\/\/www.renouvelle.be\/fr\/"},{"@type":"ListItem","position":2,"name":"Des \u00e9oliennes onshore moins performantes ? Pas si vite"}]},{"@type":"WebSite","@id":"https:\/\/www.renouvelle.be\/fr\/#website","url":"https:\/\/www.renouvelle.be\/fr\/","name":"Renouvelle","description":"L&#039;actualit\u00e9 de l&#039;\u00e9nergie durable","potentialAction":[{"@type":"SearchAction","target":{"@type":"EntryPoint","urlTemplate":"https:\/\/www.renouvelle.be\/fr\/?s={search_term_string}"},"query-input":{"@type":"PropertyValueSpecification","valueRequired":true,"valueName":"search_term_string"}}],"inLanguage":"fr-FR"},{"@type":"Person","@id":"https:\/\/www.renouvelle.be\/fr\/#\/schema\/person\/9d3565ca9db7252f965f75c1f3561a53","name":"Fr\u00e9d\u00e9ric PRAILLET","url":"https:\/\/www.renouvelle.be\/fr\/author\/fredericpraillet\/"}]}},"_links":{"self":[{"href":"https:\/\/www.renouvelle.be\/fr\/wp-json\/wp\/v2\/posts\/3899","targetHints":{"allow":["GET"]}}],"collection":[{"href":"https:\/\/www.renouvelle.be\/fr\/wp-json\/wp\/v2\/posts"}],"about":[{"href":"https:\/\/www.renouvelle.be\/fr\/wp-json\/wp\/v2\/types\/post"}],"author":[{"embeddable":true,"href":"https:\/\/www.renouvelle.be\/fr\/wp-json\/wp\/v2\/users\/21"}],"replies":[{"embeddable":true,"href":"https:\/\/www.renouvelle.be\/fr\/wp-json\/wp\/v2\/comments?post=3899"}],"version-history":[{"count":4,"href":"https:\/\/www.renouvelle.be\/fr\/wp-json\/wp\/v2\/posts\/3899\/revisions"}],"predecessor-version":[{"id":8525,"href":"https:\/\/www.renouvelle.be\/fr\/wp-json\/wp\/v2\/posts\/3899\/revisions\/8525"}],"wp:featuredmedia":[{"embeddable":true,"href":"https:\/\/www.renouvelle.be\/fr\/wp-json\/wp\/v2\/media\/4458"}],"wp:attachment":[{"href":"https:\/\/www.renouvelle.be\/fr\/wp-json\/wp\/v2\/media?parent=3899"}],"wp:term":[{"taxonomy":"category","embeddable":true,"href":"https:\/\/www.renouvelle.be\/fr\/wp-json\/wp\/v2\/categories?post=3899"},{"taxonomy":"post_tag","embeddable":true,"href":"https:\/\/www.renouvelle.be\/fr\/wp-json\/wp\/v2\/tags?post=3899"},{"taxonomy":"section","embeddable":true,"href":"https:\/\/www.renouvelle.be\/fr\/wp-json\/wp\/v2\/section?post=3899"}],"curies":[{"name":"wp","href":"https:\/\/api.w.org\/{rel}","templated":true}]}}