{"id":3898,"date":"2020-11-13T14:56:10","date_gmt":"2020-11-13T14:56:10","guid":{"rendered":""},"modified":"2023-06-09T16:09:01","modified_gmt":"2023-06-09T14:09:01","slug":"photovoltaique-le-bifacial-promis-a-un-bel-avenir","status":"publish","type":"post","link":"https:\/\/www.renouvelle.be\/fr\/photovoltaique-le-bifacial-promis-a-un-bel-avenir\/","title":{"rendered":"Photovolta\u00efque\u202f: le bifacial promis \u00e0 un bel avenir"},"content":{"rendered":"<p>En gestation et tests depuis plusieurs ann\u00e9es, la technologie photovolta\u00efque bifaciale commence \u00e0 \u00e9merger sur le march\u00e9, au vu de ses avantages :<\/p>\n<ul>\n<li>Le bifacial produit de l\u2019\u00e9lectricit\u00e9 gr\u00e2ce au rayonnement global provenant du soleil en utilisant \u00e0 la fois sa face avant et sa face arri\u00e8re (illustration ci-dessus). Compar\u00e9 \u00e0 un panneau traditionnel, un mod\u00e8le bifacial produit donc une quantit\u00e9 suppl\u00e9mentaire d\u2019\u00e9lectricit\u00e9 par unit\u00e9 de surface occup\u00e9e.<\/li>\n<li>Son prix l\u00e9g\u00e8rement plus \u00e9lev\u00e9 est compens\u00e9 par la quantit\u00e9 additionnelle d\u2019\u00e9lectricit\u00e9 produite.<\/li>\n<\/ul>\n<p>La technologie bifaciale se d\u00e9veloppe aujourd\u2019hui partout dans le monde et donne des retours d\u2019exp\u00e9rience tr\u00e8s prometteurs. Renouvelle a pu participer \u00e0 une formation organis\u00e9e par <a href=\"https:\/\/www.gopvproject.eu\/\" target=\"_blank\" rel=\"noopener\">GO PV<\/a>&nbsp;sur le sujet, dont voici un compte-rendu utile.<\/p>\n<p><img decoding=\"async\" style=\"width: 580px; height: 387px;\" src=\"\/wp-content\/uploads\/2021\/02\/post\/cea-ines.jpg\" alt=\"\"><\/p>\n<p><small>Source : CEA-INES&nbsp;<\/small><\/p>\n<h2>Trois ratios pour \u00e9valuer le rendement<\/h2>\n<p>La face avant du panneau est la seule \u00e0 b\u00e9n\u00e9ficier du rayonnement solaire direct. Mais les deux faces b\u00e9n\u00e9ficient du rayonnement diffus (caus\u00e9 par les nuages notamment) et de l\u2019albedo c-\u00e0-d du pouvoir r\u00e9fl\u00e9chissant du sol et des surfaces proches. La neige r\u00e9fl\u00e9chira ainsi plus de rayonnement que l\u2019herbe ou bien l\u2019asphalte. L\u2019albedo change au fur et \u00e0 mesure des saisons, car la neige et la v\u00e9g\u00e9tation ne recouvrent pas constamment le sol dans les m\u00eames proportions.<\/p>\n<p><img decoding=\"async\" style=\"width: 438px; height: 266px;\" src=\"\/wp-content\/uploads\/2021\/02\/post\/graph3_2.png\" alt=\"\"><\/p>\n<p>Pour \u00e9valuer le rendement d\u2019un projet bifacial, le d\u00e9veloppeur doit \u00e9valuer trois ratios.<\/p>\n<p><strong>Le premier ratio<\/strong> (\u00ab bifacial &nbsp;irradiation gain&nbsp;\u00bb) calcule l\u2019irradiation re\u00e7ue sur la face arri\u00e8re par rapport \u00e0 l\u2019irradiation re\u00e7ue sur la face avant. Ce ratio approche les 5 \u00e0 15% sur des surfaces normale (herbe, b\u00e9ton, \u2026) d\u00e9pendant de l\u2019albedo.<\/p>\n<p>Des projets sont ainsi install\u00e9s sur du sable blanc ou sur des b\u00e2ches synth\u00e9tiques blanches afin d\u2019augmenter le pouvoir r\u00e9fl\u00e9chissant du sol et optimiser ce ratio.<\/p>\n<p><strong>Le deuxi\u00e8me ratio<\/strong> (\u00ab module bifaciality \u00bb) calcule la puissance nominale arri\u00e8re par rapport \u00e0 la puissance nominale avant. Ce ratio d\u00e9pend de la technologie des cellules et du type de parois du module (verre, polym\u00e8re, \u2026), mais est g\u00e9n\u00e9ralement compris entre 60 et 95%. Ce ratio d\u00e9signe l\u2019efficacit\u00e9 de la face arri\u00e8re par rapport \u00e0 la face avant \u00e0 fonctionner \u00e0 puissance nominale.<\/p>\n<p>Un ratio de 95% signifie que la face arri\u00e8re \u00e0 presque la m\u00eame efficacit\u00e9 que la face avant. Mais ce ratio ne veut pas dire que la face arri\u00e8re produira la m\u00eame quantit\u00e9 que la face avant car la production d\u00e9pend de la quantit\u00e9 d\u2019\u00e9nergie rayonn\u00e9e que peu recevoir la face arri\u00e8re, et donc une technologie tr\u00e8s bonne avec un rendement de 95% dans un environnement \u00e0 faible albedo, ne produira pas beaucoup d\u2019\u00e9nergie en face arri\u00e8re.<\/p>\n<p><strong>Le troisi\u00e8me ratio<\/strong> (\u00ab bifacial energy gain \u00bb) calcule le gain suppl\u00e9mentaire d\u2019\u00e9lectricit\u00e9 produite avec la face arri\u00e8re. Il est li\u00e9 au deux pr\u00e9c\u00e9dant ratios. Un panneau bifacial produira entre 5 et 10 % d\u2019\u00e9lectricit\u00e9 en plus qu\u2019un panneau normal sur l&rsquo;ann\u00e9e (5 \u00e0 7% sur herbe, 8 \u00e0 10% sur sol blanc). Ces gains sont plus pertinents dans les pays o\u00f9 le rayonnement diffus est important (rayonnement r\u00e9fl\u00e9chi par les nuages sur la face arri\u00e8re du panneau &#8211; voir illustration en haut de l&rsquo;article). Ce ratio est par exemple beaucoup plus important en Norv\u00e8ge qu&rsquo;en Espagne &#8211; o\u00f9 les rayonnements sont essentiellement directs (rayons provennant directement du soleil sur la face avant du panneau).<\/p>\n<p>Ce troisi\u00e8me ratio est le r\u00e9sultat du produit des deux premiers ratios (<span style=\"color: #333333;\">\u00ab bifacial energy gain \u00bb =&nbsp;\u00ab module bifaciality \u00bb x&nbsp;\u00ab bifacial &nbsp;irradiation gain&nbsp;\u00bb).<\/span><\/p>\n<p>Les d\u00e9veloppeurs \u00e9tudieront donc chacun de ces ratios pour \u00e9valuer la rentabilit\u00e9 de leur projet, selon les contraintes sp\u00e9cifiques du site.<\/p>\n<p>A noter que le syst\u00e8me bifacial demande une structure portante appropri\u00e9e \u00e0 la technologie : hauteur libre plus importante et d\u00e9gag\u00e9e en partie basse pour emp\u00eacher les ombres.<\/p>\n<h2>Des cellules bifaciales \u00e0 moindre co\u00fbt<\/h2>\n<p>Les projets bifaciaux, initialement plus co\u00fbteux et plus risqu\u00e9s, deviennent aujourd\u2019hui tr\u00e8s comp\u00e9titifs.<\/p>\n<p>Notons par exemple que la production de cellules bifaciales se fait d\u00e9sormais au m\u00eame co\u00fbt que des cellules monofaciales. Au niveau industriel, les proc\u00e9d\u00e9s PERC et PERT sont les plus faciles \u00e0 transformer en bifaciale.<\/p>\n<p>Le type PERC-p reste le moins cher sur le march\u00e9 (70-90% de bifacialit\u00e9), c-\u00e0-d que la puissance de la face arri\u00e8re n\u2019est pas tout \u00e0 fait similaire \u00e0 la puissance de la face avant.<\/p>\n<p>Les proc\u00e9d\u00e9s HJT\/SHJ sont tr\u00e8s efficaces (95% de bifacialit\u00e9) mais co\u00fbtent plus ch\u00e8re que les PERC\/PERT. La puissance de la face arri\u00e8re est presque similaire \u00e0 la face avant.<\/p>\n<h2>Le tracking augmente la performance<\/h2>\n<p>Les syst\u00e8mes bifaciaux ont prouv\u00e9 qu\u2019ils \u00e9taient encore plus performants lorsqu\u2019ils sont combin\u00e9s \u00e0 un tracking sur un axe horizontal.<\/p>\n<p>Un tracker permet de faire pivoter le panneau selon la courbe du soleil et donc d\u2019optimiser la production d\u2019\u00e9lectricit\u00e9 (photo ci-dessous).<\/p>\n<p><img decoding=\"async\" style=\"width: 580px; height: 387px;\" src=\"\/wp-content\/uploads\/2021\/02\/post\/soltec-tracker-bifacial-modules.jpg\" alt=\"\"><\/p>\n<p>Par rapport \u00e0 une installation classique fixe, le tracking permet d\u2019augmenter la production \u00e9lectrique de 10 \u00e0 25% selon la r\u00e9gion g\u00e9ographique (plut\u00f4t 10% en Belgique et 25% en Espagne) pour un co\u00fbt suppl\u00e9mentaire de 15%, ce qui rend cette technologie peu pertinente en Belgique mais plus int\u00e9ressante en Espagne. Et si on \u00e9quipe le panneau de cellules bifaciales, on ajoute 4 \u00e0 15% de production suppl\u00e9mentaire.<\/p>\n<p><img decoding=\"async\" style=\"width: 454px; height: 96px;\" src=\"\/wp-content\/uploads\/2021\/02\/post\/graph4_2.png\" alt=\"\"><\/p>\n<p>Le plus grand projet de ce type a \u00e9t\u00e9 r\u00e9alis\u00e9 en 2018 en Chine, dans la province de Qinghai, totalisant 71 MW de modules bifaciaux (photo ci-dessous et lire cet <a href=\"http:\/\/taiyangnews.info\/technology\/20-mw-bifacial-solar-system-in-china\/\" target=\"_blank\" rel=\"noopener\">article<\/a> du Taiyangnews).<\/p>\n<p><img decoding=\"async\" style=\"width: 580px; height: 452px;\" src=\"\/wp-content\/uploads\/2021\/02\/post\/bifacial-qinghai.jpg\" alt=\"\"><\/p>\n<p>Ce projet chinois permet de se faire une id\u00e9e des performances.<\/p>\n<p>Le premier graphique ci-dessous indique, les gains de production d\u2019\u00e9lectricit\u00e9 en passant de cellules monofaciales \u00e0 des cellules bifaciales (+10%). Le deuxi\u00e8me graphique montre que les cellules bifaciales les plus performantes (n-PERT), install\u00e9es sur un tracker, booste la production (+22%) et produisent ainsi 25% d\u2019\u00e9lectricit\u00e9 en plus qu\u2019un syst\u00e8me monofacial fixe.<\/p>\n<p><img decoding=\"async\" style=\"width: 416px; height: 388px;\" src=\"\/wp-content\/uploads\/2021\/02\/post\/graph1_4.png\" alt=\"\"><\/p>\n<p><small>Source : GOPV<\/small><\/p>\n<h2>25% d\u2019\u00e9lectricit\u00e9 en plus<\/h2>\n<p>Un gain de 25% d\u2019\u00e9lectricit\u00e9 suppl\u00e9mentaire, c\u2019est beaucoup !<\/p>\n<p>Comparons avec le contexte belge.<\/p>\n<p>Une installation photovolta\u00efque standard, sur une toiture orient\u00e9e Sud et inclin\u00e9e \u00e0 30-35\u00b0, offre une production g\u00e9n\u00e9ralement estim\u00e9e \u00e0 940 kWh\/kWc.<\/p>\n<p>Imaginons \u00e0 pr\u00e9sent un projet belge de tracking avec syst\u00e8me bifacial performant, sur sol blanc : un gain de 25% permettrait une production de 1175 kWh\/kWc. Cependant,&nbsp;au vu du prix du terrain <span style=\"color: #333333;\">en Belgique<\/span>, les mod\u00e8les&nbsp;bifacial sur tracking 1 axe serait difficilement concurrentiels par rapport aux&nbsp;syt\u00e8mes fixes actuels. Mais des projets&nbsp;sur des friches industrielles sont envisageables.<\/p>\n<h2>Un prix record \u00e0 11\u20ac\/MWh<\/h2>\n<p>Au niveau international, les projets bifaciaux avec tracking ont ainsi atteint une comp\u00e9titivit\u00e9 in\u00e9dite \u00e0 17\u20ac\/MWh (co\u00fbt actualis\u00e9 de l\u2019\u00e9nergie \u2013 LCOE).<\/p>\n<p>Un premier record a \u00e9t\u00e9 \u00e9tabli par l\u2019immense parc solaire Mohammed Bin Rashid Al Maktoum en cours de construction \u00e0 Duba\u00ef et qui atteindra 5 GW d\u2019ici 2030. Pour la 5\u00e8me phase du projet (900 MW en bifacial avec tracking), l\u2019offre mondiale la plus basse a \u00e9t\u00e9 remport\u00e9e en octobre 2019 \u00e0 14,4\u20ac\/MWh (lire ce <a href=\"https:\/\/www.gopa-intec.de\/fr\/node\/251\" target=\"_blank\" rel=\"noopener\">communiqu\u00e9 <\/a>de DEWA).<\/p>\n<p>Nouveau record en juillet 2020 \u00e0 Abu Dhabi : un projet de 2 GW avec modules bifaciaux a \u00e9t\u00e9 octroy\u00e9 \u00e0 11,4\u20ac\/MWh (lire ce <a href=\"https:\/\/www.edf.fr\/groupe-edf\/espaces-dedies\/journalistes\/tous-les-communiques-de-presse\/le-consortium-edf-jinko-power-remporte-le-plus-puissant-projet-solaire-au-monde-a-abu-dhabi\" target=\"_blank\" rel=\"noopener\">communiqu\u00e9<\/a> de EDF).<\/p>\n<p>Par comparaison, une grande installation photovolta\u00efque fixe arrive actuellement \u00e0 50\u20ac\/MWh, ce qui est d\u00e9j\u00e0 performant.<\/p>\n<p>Ces prix tr\u00e8s comp\u00e9titifs du bifacial au Moyen-Orient s&rsquo;expliquent notamment par un meilleur ensoleillement, des espaces disponibles pour des installations de tr\u00e8s grandes envergures &#8211; plusieurs GWc, l\u00e0 o\u00f9 les projets europ\u00e9ens se limitent \u00e0 plusieurs MWc &#8211; permettant des \u00e9conomies d&rsquo;\u00e9chelle, ainsi que la volont\u00e9 de grands groupes \u00e9nerg\u00e9tiques&nbsp;de se diversifier et investir dans cette technologie.<\/p>\n<p>En Europe, des projets bifaciaux commencent \u00e0 se d\u00e9velopper et donneront bient\u00f4t leurs retours d&rsquo;exp\u00e9rience.<\/p>\n<p>Avec ou sans tracking, la technologie bifaciale est ainsi promise \u00e0 un bel avenir. Le graphique ci-dessous indique les pr\u00e9visions de parts de march\u00e9 pour les modules et cellules bifaciales d\u2019ici 2030.<\/p>\n<p><img decoding=\"async\" src=\"\/wp-content\/uploads\/2021\/02\/post\/graph2_2.png\" alt=\"\"><\/p>\n<p><small>Source : Solar Power Europe, Global Outlook Market 2020.&nbsp;<\/small><\/p>\n<p>Comme on le voit, ce march\u00e9 est prometteur en Europe dans des pays o\u00f9 le terrain est disponible et\/ou le rayonnement diffus plus important (Espagne et Norv\u00e8ge). Le potentiel en Belgique, quant \u00e0 lui, reste limit\u00e9.<\/p>\n<p>Lire \u00e9galement notre article <a href=\"https:\/\/www.renouvelle.be\/fr\/le-bifacial-vertical-dans-lagrivoltaisme\/\">D\u2019o\u00f9 l\u2019int\u00e9r\u00eat du bifacial vertical dans l\u2019agrivolta\u00efsme<\/a>.<\/p>\n<p><img decoding=\"async\" style=\"width: 194px; height: 105px;\" src=\"\/wp-content\/uploads\/2021\/02\/post\/ieapvps_2_0.jpg\" alt=\"\"><\/p>\n<h2><em>Rejoindre l\u2019IEA et la t\u00e2che \u00ab Expertise &#8211; Outreach \u00bb<\/em><\/h2>\n<p><em>Vous \u00eates actif dans le domaine du photovolta\u00efque en Belgique et vous souhaitez apporter votre expertise au sein de l\u2019Agence Internationale de l\u2019Energie&nbsp;(IEA) ?<\/em><\/p>\n<p><em>La Belgique assure une pr\u00e9sence permanente au sein du programme IEA-PVPS via la contribution des 3 R\u00e9gions. Cette contribution ouvre les portes \u00e0 toute entreprise, chercheur ou professionnel \u00e0 participer \u00e0 l\u2019une des 8 t\u00e2ches en cours, dont la t\u00e2che 1 \u00ab <a href=\"https:\/\/iea-pvps.org\/research-tasks\/strategic-pv-analysis-outreach\/\" target=\"_blank\" rel=\"noopener\">Expertise &#8211; Outreach<\/a> \u00bb.<\/em><\/p>\n<p><em>Une participation signifie des \u00e9changes d\u2019informations, des r\u00e9sultats de recherche, des statistiques, des innovations technologiques et de march\u00e9, dans une application du photovolta\u00efque. Ces \u00e9changes internationaux sont ponctu\u00e9s par des meetings, de fr\u00e9quence bisannuelle, qui permettent d\u2019aller plus loin dans les collaborations.<\/em><\/p>\n<p><em>Pour tout int\u00e9r\u00eat \u00e0 rejoindre la t\u00e2che 1 de l\u2019IEA-PVPS, veuillez contacter l\u2019APERe qui est le repr\u00e9sentant belge en la personne de Benjamin Wilkin&nbsp;: <\/em><a href=\"mailto:bwilkin@apere.org\"><em>bwilkin@apere.org<\/em><\/a><em> .<\/em><\/p>\n","protected":false},"excerpt":{"rendered":"<p>En gestation et tests depuis plusieurs ann\u00e9es, la technologie photovolta\u00efque bifaciale commence \u00e0 \u00e9merger sur le march\u00e9, au vu de ses avantages : Le bifacial produit de l\u2019\u00e9lectricit\u00e9 gr\u00e2ce au rayonnement global provenant du soleil en utilisant \u00e0 la fois sa face avant et sa face arri\u00e8re (illustration ci-dessus). Compar\u00e9 \u00e0 un panneau traditionnel, un mod\u00e8le bifacial produit donc une quantit\u00e9 suppl\u00e9mentaire d\u2019\u00e9lectricit\u00e9 par unit\u00e9 de surface occup\u00e9e. Son prix l\u00e9g\u00e8rement plus \u00e9lev\u00e9 est compens\u00e9 par la quantit\u00e9 additionnelle d\u2019\u00e9lectricit\u00e9 produite. La technologie bifaciale se d\u00e9veloppe aujourd\u2019hui partout dans le monde et donne des retours d\u2019exp\u00e9rience tr\u00e8s prometteurs. Renouvelle a pu participer \u00e0 une formation organis\u00e9e par GO PV&nbsp;sur le sujet, dont voici un compte-rendu utile. Source : CEA-INES&nbsp; Trois ratios pour \u00e9valuer le rendement La face avant du panneau est la seule \u00e0 b\u00e9n\u00e9ficier du rayonnement solaire direct. Mais les deux faces b\u00e9n\u00e9ficient du rayonnement diffus (caus\u00e9 par les nuages notamment) et de l\u2019albedo c-\u00e0-d du pouvoir r\u00e9fl\u00e9chissant du sol et des surfaces proches. La neige r\u00e9fl\u00e9chira ainsi plus de rayonnement que l\u2019herbe ou bien l\u2019asphalte. L\u2019albedo change au fur et \u00e0 mesure des saisons, car la neige et la v\u00e9g\u00e9tation ne recouvrent pas constamment le sol dans les m\u00eames proportions. Pour \u00e9valuer le rendement d\u2019un projet bifacial, le d\u00e9veloppeur doit \u00e9valuer trois ratios. Le premier ratio (\u00ab bifacial &nbsp;irradiation gain&nbsp;\u00bb) calcule l\u2019irradiation re\u00e7ue sur la face arri\u00e8re par rapport \u00e0 l\u2019irradiation re\u00e7ue sur la face avant. Ce ratio approche les 5 \u00e0 15% sur des surfaces normale (herbe, b\u00e9ton, \u2026) d\u00e9pendant de l\u2019albedo. Des projets sont ainsi install\u00e9s sur du sable blanc ou sur des b\u00e2ches synth\u00e9tiques blanches afin d\u2019augmenter le pouvoir r\u00e9fl\u00e9chissant du sol et optimiser ce ratio. Le deuxi\u00e8me ratio (\u00ab module bifaciality \u00bb) calcule la &hellip; <a href=\"https:\/\/www.renouvelle.be\/fr\/photovoltaique-le-bifacial-promis-a-un-bel-avenir\/\" class=\"more-link\">Continue reading<span class=\"screen-reader-text\"> \u00ab\u00a0Photovolta\u00efque\u202f: le bifacial promis \u00e0 un bel avenir\u00a0\u00bb<\/span><\/a><\/p>\n","protected":false},"author":3,"featured_media":4406,"comment_status":"open","ping_status":"open","sticky":false,"template":"","format":"standard","meta":{"_acf_changed":false,"footnotes":""},"categories":[20],"tags":[],"section":[13],"class_list":["post-3898","post","type-post","status-publish","format-standard","has-post-thumbnail","hentry","category-technologies","section-solaire"],"acf":[],"yoast_head":"<!-- This site is optimized with the Yoast SEO plugin v27.5 - https:\/\/yoast.com\/product\/yoast-seo-wordpress\/ -->\n<title>Photovolta\u00efque\u202f: le bifacial promis \u00e0 un bel avenir - Renouvelle<\/title>\n<meta name=\"robots\" content=\"index, follow, max-snippet:-1, max-image-preview:large, max-video-preview:-1\" \/>\n<link rel=\"canonical\" href=\"https:\/\/www.renouvelle.be\/fr\/photovoltaique-le-bifacial-promis-a-un-bel-avenir\/\" \/>\n<meta property=\"og:locale\" content=\"fr_FR\" \/>\n<meta property=\"og:type\" content=\"article\" \/>\n<meta property=\"og:title\" content=\"Photovolta\u00efque\u202f: le bifacial promis \u00e0 un bel avenir - Renouvelle\" \/>\n<meta property=\"og:description\" content=\"En gestation et tests depuis plusieurs ann\u00e9es, la technologie photovolta\u00efque bifaciale commence \u00e0 \u00e9merger sur le march\u00e9, au vu de ses avantages : Le bifacial produit de l\u2019\u00e9lectricit\u00e9 gr\u00e2ce au rayonnement global provenant du soleil en utilisant \u00e0 la fois sa face avant et sa face arri\u00e8re (illustration ci-dessus). Compar\u00e9 \u00e0 un panneau traditionnel, un mod\u00e8le bifacial produit donc une quantit\u00e9 suppl\u00e9mentaire d\u2019\u00e9lectricit\u00e9 par unit\u00e9 de surface occup\u00e9e. Son prix l\u00e9g\u00e8rement plus \u00e9lev\u00e9 est compens\u00e9 par la quantit\u00e9 additionnelle d\u2019\u00e9lectricit\u00e9 produite. La technologie bifaciale se d\u00e9veloppe aujourd\u2019hui partout dans le monde et donne des retours d\u2019exp\u00e9rience tr\u00e8s prometteurs. Renouvelle a pu participer \u00e0 une formation organis\u00e9e par GO PV&nbsp;sur le sujet, dont voici un compte-rendu utile. Source : CEA-INES&nbsp; Trois ratios pour \u00e9valuer le rendement La face avant du panneau est la seule \u00e0 b\u00e9n\u00e9ficier du rayonnement solaire direct. Mais les deux faces b\u00e9n\u00e9ficient du rayonnement diffus (caus\u00e9 par les nuages notamment) et de l\u2019albedo c-\u00e0-d du pouvoir r\u00e9fl\u00e9chissant du sol et des surfaces proches. La neige r\u00e9fl\u00e9chira ainsi plus de rayonnement que l\u2019herbe ou bien l\u2019asphalte. L\u2019albedo change au fur et \u00e0 mesure des saisons, car la neige et la v\u00e9g\u00e9tation ne recouvrent pas constamment le sol dans les m\u00eames proportions. Pour \u00e9valuer le rendement d\u2019un projet bifacial, le d\u00e9veloppeur doit \u00e9valuer trois ratios. Le premier ratio (\u00ab bifacial &nbsp;irradiation gain&nbsp;\u00bb) calcule l\u2019irradiation re\u00e7ue sur la face arri\u00e8re par rapport \u00e0 l\u2019irradiation re\u00e7ue sur la face avant. Ce ratio approche les 5 \u00e0 15% sur des surfaces normale (herbe, b\u00e9ton, \u2026) d\u00e9pendant de l\u2019albedo. Des projets sont ainsi install\u00e9s sur du sable blanc ou sur des b\u00e2ches synth\u00e9tiques blanches afin d\u2019augmenter le pouvoir r\u00e9fl\u00e9chissant du sol et optimiser ce ratio. Le deuxi\u00e8me ratio (\u00ab module bifaciality \u00bb) calcule la &hellip; Continue reading &quot;Photovolta\u00efque\u202f: le bifacial promis \u00e0 un bel avenir&quot;\" \/>\n<meta property=\"og:url\" content=\"https:\/\/www.renouvelle.be\/fr\/photovoltaique-le-bifacial-promis-a-un-bel-avenir\/\" \/>\n<meta property=\"og:site_name\" content=\"Renouvelle\" \/>\n<meta property=\"article:published_time\" content=\"2020-11-13T14:56:10+00:00\" \/>\n<meta property=\"article:modified_time\" content=\"2023-06-09T14:09:01+00:00\" \/>\n<meta property=\"og:image\" content=\"https:\/\/www.renouvelle.be\/wp-content\/uploads\/2021\/02\/bifacial.png\" \/>\n\t<meta property=\"og:image:width\" content=\"600\" \/>\n\t<meta property=\"og:image:height\" content=\"424\" \/>\n\t<meta property=\"og:image:type\" content=\"image\/png\" \/>\n<meta name=\"author\" content=\"Energie Commune\" \/>\n<meta name=\"twitter:card\" content=\"summary_large_image\" \/>\n<script type=\"application\/ld+json\" class=\"yoast-schema-graph\">{\"@context\":\"https:\\\/\\\/schema.org\",\"@graph\":[{\"@type\":\"Article\",\"@id\":\"https:\\\/\\\/www.renouvelle.be\\\/fr\\\/photovoltaique-le-bifacial-promis-a-un-bel-avenir\\\/#article\",\"isPartOf\":{\"@id\":\"https:\\\/\\\/www.renouvelle.be\\\/fr\\\/photovoltaique-le-bifacial-promis-a-un-bel-avenir\\\/\"},\"author\":{\"name\":\"Energie Commune\",\"@id\":\"https:\\\/\\\/www.renouvelle.be\\\/fr\\\/#\\\/schema\\\/person\\\/01fbe8226a07f8f3d4a1cd059b31f17a\"},\"headline\":\"Photovolta\u00efque\u202f: le bifacial promis \u00e0 un bel avenir\",\"datePublished\":\"2020-11-13T14:56:10+00:00\",\"dateModified\":\"2023-06-09T14:09:01+00:00\",\"mainEntityOfPage\":{\"@id\":\"https:\\\/\\\/www.renouvelle.be\\\/fr\\\/photovoltaique-le-bifacial-promis-a-un-bel-avenir\\\/\"},\"wordCount\":1596,\"commentCount\":1,\"image\":{\"@id\":\"https:\\\/\\\/www.renouvelle.be\\\/fr\\\/photovoltaique-le-bifacial-promis-a-un-bel-avenir\\\/#primaryimage\"},\"thumbnailUrl\":\"https:\\\/\\\/www.renouvelle.be\\\/wp-content\\\/uploads\\\/2021\\\/02\\\/bifacial.png\",\"articleSection\":[\"Technologies\"],\"inLanguage\":\"fr-FR\",\"potentialAction\":[{\"@type\":\"CommentAction\",\"name\":\"Comment\",\"target\":[\"https:\\\/\\\/www.renouvelle.be\\\/fr\\\/photovoltaique-le-bifacial-promis-a-un-bel-avenir\\\/#respond\"]}]},{\"@type\":\"WebPage\",\"@id\":\"https:\\\/\\\/www.renouvelle.be\\\/fr\\\/photovoltaique-le-bifacial-promis-a-un-bel-avenir\\\/\",\"url\":\"https:\\\/\\\/www.renouvelle.be\\\/fr\\\/photovoltaique-le-bifacial-promis-a-un-bel-avenir\\\/\",\"name\":\"Photovolta\u00efque\u202f: le bifacial promis \u00e0 un bel avenir - Renouvelle\",\"isPartOf\":{\"@id\":\"https:\\\/\\\/www.renouvelle.be\\\/fr\\\/#website\"},\"primaryImageOfPage\":{\"@id\":\"https:\\\/\\\/www.renouvelle.be\\\/fr\\\/photovoltaique-le-bifacial-promis-a-un-bel-avenir\\\/#primaryimage\"},\"image\":{\"@id\":\"https:\\\/\\\/www.renouvelle.be\\\/fr\\\/photovoltaique-le-bifacial-promis-a-un-bel-avenir\\\/#primaryimage\"},\"thumbnailUrl\":\"https:\\\/\\\/www.renouvelle.be\\\/wp-content\\\/uploads\\\/2021\\\/02\\\/bifacial.png\",\"datePublished\":\"2020-11-13T14:56:10+00:00\",\"dateModified\":\"2023-06-09T14:09:01+00:00\",\"author\":{\"@id\":\"https:\\\/\\\/www.renouvelle.be\\\/fr\\\/#\\\/schema\\\/person\\\/01fbe8226a07f8f3d4a1cd059b31f17a\"},\"breadcrumb\":{\"@id\":\"https:\\\/\\\/www.renouvelle.be\\\/fr\\\/photovoltaique-le-bifacial-promis-a-un-bel-avenir\\\/#breadcrumb\"},\"inLanguage\":\"fr-FR\",\"potentialAction\":[{\"@type\":\"ReadAction\",\"target\":[\"https:\\\/\\\/www.renouvelle.be\\\/fr\\\/photovoltaique-le-bifacial-promis-a-un-bel-avenir\\\/\"]}]},{\"@type\":\"ImageObject\",\"inLanguage\":\"fr-FR\",\"@id\":\"https:\\\/\\\/www.renouvelle.be\\\/fr\\\/photovoltaique-le-bifacial-promis-a-un-bel-avenir\\\/#primaryimage\",\"url\":\"https:\\\/\\\/www.renouvelle.be\\\/wp-content\\\/uploads\\\/2021\\\/02\\\/bifacial.png\",\"contentUrl\":\"https:\\\/\\\/www.renouvelle.be\\\/wp-content\\\/uploads\\\/2021\\\/02\\\/bifacial.png\",\"width\":600,\"height\":424},{\"@type\":\"BreadcrumbList\",\"@id\":\"https:\\\/\\\/www.renouvelle.be\\\/fr\\\/photovoltaique-le-bifacial-promis-a-un-bel-avenir\\\/#breadcrumb\",\"itemListElement\":[{\"@type\":\"ListItem\",\"position\":1,\"name\":\"Accueil\",\"item\":\"https:\\\/\\\/www.renouvelle.be\\\/fr\\\/\"},{\"@type\":\"ListItem\",\"position\":2,\"name\":\"Photovolta\u00efque\u202f: le bifacial promis \u00e0 un bel avenir\"}]},{\"@type\":\"WebSite\",\"@id\":\"https:\\\/\\\/www.renouvelle.be\\\/fr\\\/#website\",\"url\":\"https:\\\/\\\/www.renouvelle.be\\\/fr\\\/\",\"name\":\"Renouvelle\",\"description\":\"L&#039;actualit\u00e9 de l&#039;\u00e9nergie durable\",\"potentialAction\":[{\"@type\":\"SearchAction\",\"target\":{\"@type\":\"EntryPoint\",\"urlTemplate\":\"https:\\\/\\\/www.renouvelle.be\\\/fr\\\/?s={search_term_string}\"},\"query-input\":{\"@type\":\"PropertyValueSpecification\",\"valueRequired\":true,\"valueName\":\"search_term_string\"}}],\"inLanguage\":\"fr-FR\"},{\"@type\":\"Person\",\"@id\":\"https:\\\/\\\/www.renouvelle.be\\\/fr\\\/#\\\/schema\\\/person\\\/01fbe8226a07f8f3d4a1cd059b31f17a\",\"name\":\"Energie Commune\",\"url\":\"https:\\\/\\\/www.renouvelle.be\\\/fr\\\/author\\\/apere\\\/\"}]}<\/script>\n<!-- \/ Yoast SEO plugin. -->","yoast_head_json":{"title":"Photovolta\u00efque\u202f: le bifacial promis \u00e0 un bel avenir - Renouvelle","robots":{"index":"index","follow":"follow","max-snippet":"max-snippet:-1","max-image-preview":"max-image-preview:large","max-video-preview":"max-video-preview:-1"},"canonical":"https:\/\/www.renouvelle.be\/fr\/photovoltaique-le-bifacial-promis-a-un-bel-avenir\/","og_locale":"fr_FR","og_type":"article","og_title":"Photovolta\u00efque\u202f: le bifacial promis \u00e0 un bel avenir - Renouvelle","og_description":"En gestation et tests depuis plusieurs ann\u00e9es, la technologie photovolta\u00efque bifaciale commence \u00e0 \u00e9merger sur le march\u00e9, au vu de ses avantages : Le bifacial produit de l\u2019\u00e9lectricit\u00e9 gr\u00e2ce au rayonnement global provenant du soleil en utilisant \u00e0 la fois sa face avant et sa face arri\u00e8re (illustration ci-dessus). Compar\u00e9 \u00e0 un panneau traditionnel, un mod\u00e8le bifacial produit donc une quantit\u00e9 suppl\u00e9mentaire d\u2019\u00e9lectricit\u00e9 par unit\u00e9 de surface occup\u00e9e. Son prix l\u00e9g\u00e8rement plus \u00e9lev\u00e9 est compens\u00e9 par la quantit\u00e9 additionnelle d\u2019\u00e9lectricit\u00e9 produite. La technologie bifaciale se d\u00e9veloppe aujourd\u2019hui partout dans le monde et donne des retours d\u2019exp\u00e9rience tr\u00e8s prometteurs. Renouvelle a pu participer \u00e0 une formation organis\u00e9e par GO PV&nbsp;sur le sujet, dont voici un compte-rendu utile. Source : CEA-INES&nbsp; Trois ratios pour \u00e9valuer le rendement La face avant du panneau est la seule \u00e0 b\u00e9n\u00e9ficier du rayonnement solaire direct. Mais les deux faces b\u00e9n\u00e9ficient du rayonnement diffus (caus\u00e9 par les nuages notamment) et de l\u2019albedo c-\u00e0-d du pouvoir r\u00e9fl\u00e9chissant du sol et des surfaces proches. La neige r\u00e9fl\u00e9chira ainsi plus de rayonnement que l\u2019herbe ou bien l\u2019asphalte. L\u2019albedo change au fur et \u00e0 mesure des saisons, car la neige et la v\u00e9g\u00e9tation ne recouvrent pas constamment le sol dans les m\u00eames proportions. Pour \u00e9valuer le rendement d\u2019un projet bifacial, le d\u00e9veloppeur doit \u00e9valuer trois ratios. Le premier ratio (\u00ab bifacial &nbsp;irradiation gain&nbsp;\u00bb) calcule l\u2019irradiation re\u00e7ue sur la face arri\u00e8re par rapport \u00e0 l\u2019irradiation re\u00e7ue sur la face avant. Ce ratio approche les 5 \u00e0 15% sur des surfaces normale (herbe, b\u00e9ton, \u2026) d\u00e9pendant de l\u2019albedo. Des projets sont ainsi install\u00e9s sur du sable blanc ou sur des b\u00e2ches synth\u00e9tiques blanches afin d\u2019augmenter le pouvoir r\u00e9fl\u00e9chissant du sol et optimiser ce ratio. Le deuxi\u00e8me ratio (\u00ab module bifaciality \u00bb) calcule la &hellip; Continue reading \"Photovolta\u00efque\u202f: le bifacial promis \u00e0 un bel avenir\"","og_url":"https:\/\/www.renouvelle.be\/fr\/photovoltaique-le-bifacial-promis-a-un-bel-avenir\/","og_site_name":"Renouvelle","article_published_time":"2020-11-13T14:56:10+00:00","article_modified_time":"2023-06-09T14:09:01+00:00","og_image":[{"width":600,"height":424,"url":"https:\/\/www.renouvelle.be\/wp-content\/uploads\/2021\/02\/bifacial.png","type":"image\/png"}],"author":"Energie Commune","twitter_card":"summary_large_image","schema":{"@context":"https:\/\/schema.org","@graph":[{"@type":"Article","@id":"https:\/\/www.renouvelle.be\/fr\/photovoltaique-le-bifacial-promis-a-un-bel-avenir\/#article","isPartOf":{"@id":"https:\/\/www.renouvelle.be\/fr\/photovoltaique-le-bifacial-promis-a-un-bel-avenir\/"},"author":{"name":"Energie Commune","@id":"https:\/\/www.renouvelle.be\/fr\/#\/schema\/person\/01fbe8226a07f8f3d4a1cd059b31f17a"},"headline":"Photovolta\u00efque\u202f: le bifacial promis \u00e0 un bel avenir","datePublished":"2020-11-13T14:56:10+00:00","dateModified":"2023-06-09T14:09:01+00:00","mainEntityOfPage":{"@id":"https:\/\/www.renouvelle.be\/fr\/photovoltaique-le-bifacial-promis-a-un-bel-avenir\/"},"wordCount":1596,"commentCount":1,"image":{"@id":"https:\/\/www.renouvelle.be\/fr\/photovoltaique-le-bifacial-promis-a-un-bel-avenir\/#primaryimage"},"thumbnailUrl":"https:\/\/www.renouvelle.be\/wp-content\/uploads\/2021\/02\/bifacial.png","articleSection":["Technologies"],"inLanguage":"fr-FR","potentialAction":[{"@type":"CommentAction","name":"Comment","target":["https:\/\/www.renouvelle.be\/fr\/photovoltaique-le-bifacial-promis-a-un-bel-avenir\/#respond"]}]},{"@type":"WebPage","@id":"https:\/\/www.renouvelle.be\/fr\/photovoltaique-le-bifacial-promis-a-un-bel-avenir\/","url":"https:\/\/www.renouvelle.be\/fr\/photovoltaique-le-bifacial-promis-a-un-bel-avenir\/","name":"Photovolta\u00efque\u202f: le bifacial promis \u00e0 un bel avenir - Renouvelle","isPartOf":{"@id":"https:\/\/www.renouvelle.be\/fr\/#website"},"primaryImageOfPage":{"@id":"https:\/\/www.renouvelle.be\/fr\/photovoltaique-le-bifacial-promis-a-un-bel-avenir\/#primaryimage"},"image":{"@id":"https:\/\/www.renouvelle.be\/fr\/photovoltaique-le-bifacial-promis-a-un-bel-avenir\/#primaryimage"},"thumbnailUrl":"https:\/\/www.renouvelle.be\/wp-content\/uploads\/2021\/02\/bifacial.png","datePublished":"2020-11-13T14:56:10+00:00","dateModified":"2023-06-09T14:09:01+00:00","author":{"@id":"https:\/\/www.renouvelle.be\/fr\/#\/schema\/person\/01fbe8226a07f8f3d4a1cd059b31f17a"},"breadcrumb":{"@id":"https:\/\/www.renouvelle.be\/fr\/photovoltaique-le-bifacial-promis-a-un-bel-avenir\/#breadcrumb"},"inLanguage":"fr-FR","potentialAction":[{"@type":"ReadAction","target":["https:\/\/www.renouvelle.be\/fr\/photovoltaique-le-bifacial-promis-a-un-bel-avenir\/"]}]},{"@type":"ImageObject","inLanguage":"fr-FR","@id":"https:\/\/www.renouvelle.be\/fr\/photovoltaique-le-bifacial-promis-a-un-bel-avenir\/#primaryimage","url":"https:\/\/www.renouvelle.be\/wp-content\/uploads\/2021\/02\/bifacial.png","contentUrl":"https:\/\/www.renouvelle.be\/wp-content\/uploads\/2021\/02\/bifacial.png","width":600,"height":424},{"@type":"BreadcrumbList","@id":"https:\/\/www.renouvelle.be\/fr\/photovoltaique-le-bifacial-promis-a-un-bel-avenir\/#breadcrumb","itemListElement":[{"@type":"ListItem","position":1,"name":"Accueil","item":"https:\/\/www.renouvelle.be\/fr\/"},{"@type":"ListItem","position":2,"name":"Photovolta\u00efque\u202f: le bifacial promis \u00e0 un bel avenir"}]},{"@type":"WebSite","@id":"https:\/\/www.renouvelle.be\/fr\/#website","url":"https:\/\/www.renouvelle.be\/fr\/","name":"Renouvelle","description":"L&#039;actualit\u00e9 de l&#039;\u00e9nergie durable","potentialAction":[{"@type":"SearchAction","target":{"@type":"EntryPoint","urlTemplate":"https:\/\/www.renouvelle.be\/fr\/?s={search_term_string}"},"query-input":{"@type":"PropertyValueSpecification","valueRequired":true,"valueName":"search_term_string"}}],"inLanguage":"fr-FR"},{"@type":"Person","@id":"https:\/\/www.renouvelle.be\/fr\/#\/schema\/person\/01fbe8226a07f8f3d4a1cd059b31f17a","name":"Energie Commune","url":"https:\/\/www.renouvelle.be\/fr\/author\/apere\/"}]}},"_links":{"self":[{"href":"https:\/\/www.renouvelle.be\/fr\/wp-json\/wp\/v2\/posts\/3898","targetHints":{"allow":["GET"]}}],"collection":[{"href":"https:\/\/www.renouvelle.be\/fr\/wp-json\/wp\/v2\/posts"}],"about":[{"href":"https:\/\/www.renouvelle.be\/fr\/wp-json\/wp\/v2\/types\/post"}],"author":[{"embeddable":true,"href":"https:\/\/www.renouvelle.be\/fr\/wp-json\/wp\/v2\/users\/3"}],"replies":[{"embeddable":true,"href":"https:\/\/www.renouvelle.be\/fr\/wp-json\/wp\/v2\/comments?post=3898"}],"version-history":[{"count":8,"href":"https:\/\/www.renouvelle.be\/fr\/wp-json\/wp\/v2\/posts\/3898\/revisions"}],"predecessor-version":[{"id":9734,"href":"https:\/\/www.renouvelle.be\/fr\/wp-json\/wp\/v2\/posts\/3898\/revisions\/9734"}],"wp:featuredmedia":[{"embeddable":true,"href":"https:\/\/www.renouvelle.be\/fr\/wp-json\/wp\/v2\/media\/4406"}],"wp:attachment":[{"href":"https:\/\/www.renouvelle.be\/fr\/wp-json\/wp\/v2\/media?parent=3898"}],"wp:term":[{"taxonomy":"category","embeddable":true,"href":"https:\/\/www.renouvelle.be\/fr\/wp-json\/wp\/v2\/categories?post=3898"},{"taxonomy":"post_tag","embeddable":true,"href":"https:\/\/www.renouvelle.be\/fr\/wp-json\/wp\/v2\/tags?post=3898"},{"taxonomy":"section","embeddable":true,"href":"https:\/\/www.renouvelle.be\/fr\/wp-json\/wp\/v2\/section?post=3898"}],"curies":[{"name":"wp","href":"https:\/\/api.w.org\/{rel}","templated":true}]}}