{"id":3892,"date":"2020-10-16T13:11:25","date_gmt":"2020-10-16T13:11:25","guid":{"rendered":""},"modified":"2023-07-10T23:45:00","modified_gmt":"2023-07-10T21:45:00","slug":"la-premiere-communaute-denergie-renouvelable-de-belgique-prend-son-envol","status":"publish","type":"post","link":"https:\/\/www.renouvelle.be\/fr\/la-premiere-communaute-denergie-renouvelable-de-belgique-prend-son-envol\/","title":{"rendered":"La premi\u00e8re communaut\u00e9 d\u2019\u00e9nergie renouvelable de Belgique prend son envol"},"content":{"rendered":"<p>La toute premi\u00e8re communaut\u00e9 d\u2019\u00e9nergie renouvelable de Belgique a d\u00e9marr\u00e9 le 1er ao\u00fbt 2020 autour de l\u2019\u00e9cole Nos bambins \u00e0 Ganshoren. Deux installations photovolta\u00efques, l\u2019une sur le toit de l\u2019\u00e9cole, l\u2019autre sur la maison d\u2019un habitant du quartier, partagent d\u00e9sormais leur \u00e9lectricit\u00e9 solaire avec des consommateurs locaux, dont des particuliers et la commune.<\/p>\n<p>Initi\u00e9e par l\u2019Association pour la Promotion des Energies Renouvelables (APERe), cette communaut\u00e9 livre aujourd\u2019hui ses premiers retours d\u2019exp\u00e9rience.<\/p>\n<p>&nbsp;<\/p>\n<h2>64% d\u2019autoconsommation<\/h2>\n<p>&nbsp;<\/p>\n<p>Au total, ces deux installations ont produit 4 398 kWh durant le mois d\u2019ao\u00fbt. Autrement dit, plus que la consommation annuelle d\u2019un m\u00e9nage belge, estim\u00e9 \u00e0 3 500 kWh\/an. Le surplus d\u2019\u00e9lectricit\u00e9, c\u2019est-\u00e0-dire l\u2019\u00e9lectricit\u00e9 qui n\u2019a pas \u00e9t\u00e9 consomm\u00e9e par les deux producteurs locaux, au moment o\u00f9 elle \u00e9tait produite, est r\u00e9parti entre les habitations des participants. Gr\u00e2ce \u00e0 ce syst\u00e8me, le taux d\u2019autoconsommation des installations est d\u00e9sormais de 64%, contre 18% s\u2019il n\u2019y avait pas eu de partage. &nbsp;<\/p>\n<p>&nbsp;<\/p>\n<h2>Tarif avantageux<\/h2>\n<p>&nbsp;<\/p>\n<p>Du c\u00f4t\u00e9 des consommateurs, ils ont tout int\u00e9r\u00eat \u00e0 consommer le surplus d\u2019\u00e9lectricit\u00e9 de l\u2019installation voisine, car celle-ci est vendue \u00e0 un prix plus attractif : 13,02 c\u20ac\/kWh TVAC. Or, le tarif fournisseur se situe entre 17,98 c\u20ac\/kWh et 25,10 c\u20ac\/kWh TVAC. Cette diff\u00e9rence s\u2019explique par quatre \u00e9l\u00e9ments :<\/p>\n<ul>\n<li>Le tarif d\u2019utilisation du r\u00e9seau \u00e9lectrique que l\u2019on paie via la facture d\u2019\u00e9lectricit\u00e9 est r\u00e9duit, vu que seule une portion tr\u00e8s r\u00e9duite du r\u00e9seau est utilis\u00e9e et l\u2019augmentation du taux d\u2019autoconsommation am\u00e9liore l\u2019\u00e9quilibre local du r\u00e9seau ;<\/li>\n<li>Les frais d\u2019utilisation du r\u00e9seau de transport sont supprim\u00e9s car l\u2019\u00e9lectricit\u00e9 produite et distribu\u00e9e localement transite uniquement par le r\u00e9seau basse tension.<\/li>\n<li>Le lien direct entre producteur d\u2019\u00e9lectricit\u00e9 solaire et le consommateur permet \u00e0 ce dernier de b\u00e9n\u00e9ficier directement de la diminution du co\u00fbt de la production d\u2019\u00e9lectricit\u00e9 solaire.<\/li>\n<li>La production d\u2019\u00e9lectricit\u00e9 solaire b\u00e9n\u00e9ficie \u00e0 Bruxelles d\u2019un soutien financier public important, via les certificats verts ;<\/li>\n<\/ul>\n<p>&nbsp;<\/p>\n<h2>Une \u00e9conomie de 123\u20ac sur un mois<\/h2>\n<p>&nbsp;<\/p>\n<p>Ensemble, les consommateurs ont \u00e9conomis\u00e9 123,57 \u20ac sur leurs factures d\u2019\u00e9lectricit\u00e9 du mois d\u2019ao\u00fbt. Toutefois, au-del\u00e0 de l\u2019int\u00e9r\u00eat de d\u00e9placer les heures de consommation pour faire des \u00e9conomies, l\u2019APERe insiste sur le fait que \u00ab L\u2019\u00e9nergie la plus verte, est celle que l\u2019on ne consomme pas. Essayer d\u2019abord de r\u00e9duire sa consommation avant de la d\u00e9placer est la bonne habitude \u00e0 adopter. \u00bb. &nbsp;<\/p>\n<p>Notons que les consommateurs gardent leur contrat avec leurs fournisseurs actuels, afin de compl\u00e9ter l\u2019approvisionnement qui ne serait pas satisfait par la production photovolta\u00efque voisine. N\u00e9anmoins, l\u2019APERe a constat\u00e9 que 44% de l\u2019\u00e9lectricit\u00e9 consomm\u00e9e par les participants provient des deux producteurs locaux. Ce chiffre correspond donc \u00e9galement \u00e0 la diminution de la consommation des participants aupr\u00e8s de leurs fournisseurs.<\/p>\n<p>Pour l\u2019APERe, ces premiers retours d\u2019exp\u00e9rience sont encourageants et montrent que le partage d\u2019\u00e9nergie est avantageux \u00e0 de nombreux points de vue et nous fait \u00e9voluer vers un autre syst\u00e8me \u00e9nerg\u00e9tique, o\u00f9 les citoyens peuvent jouer un r\u00f4le plus actif dans la transition \u00e9nerg\u00e9tique. &nbsp;<\/p>\n<p>&nbsp;<\/p>\n<h2>Chiffres-clefs<\/h2>\n<p>&nbsp;<\/p>\n<ul>\n<li>7 consommateurs (dont des particuliers et la commune de Ganshoren).<\/li>\n<li>2 producteurs qui mettent \u00e0 disposition leur surplus d\u2019\u00e9lectricit\u00e9 issu de deux installations solaires de 2.4 kWc et de 34.77 kWc.<\/li>\n<li>12 compteurs \u00ab consommateurs \u00bb aliment\u00e9s en \u00e9lectricit\u00e9 locale.<\/li>\n<li>Taux d\u2019autoconsommation moyen des 2 installations (avant le projet) : 18 %.<\/li>\n<li>Taux d\u2019autoconsommation moyen des 2 installations (apr\u00e8s le projet)&nbsp; : 64% .<\/li>\n<li>Diminution du volume d\u2019\u00e9lectricit\u00e9 consomm\u00e9s aupr\u00e8s du fournisseur : &#8211; 44%.<\/li>\n<li>Montant total de l\u2019\u00e9conomie sur facture d\u2019\u00e9lectricit\u00e9 des 7 consommateurs : 123,57\u20ac.<\/li>\n<\/ul>\n<p>&nbsp;<\/p>\n<p><img decoding=\"async\" alt=\"\" src=\"\/wp-content\/uploads\/2021\/02\/post\/fiche-presentation-bambins.jpg\" style=\"width: 580px; height: 821px;\"><\/p>\n<p>&nbsp;<\/p>\n<h2>\u201cD\u00e9finir un cadre l\u00e9gal solide\u201d<\/h2>\n<p>&nbsp;<\/p>\n<p>Pour Benjamin Wilkin, directeur de l\u2019APERe, cette communaut\u00e9 constitue une \u00e9tape charni\u00e8re dans l\u2019\u00e9volution du march\u00e9 de l\u2019\u00e9lectricit\u00e9. <em>\u201cCe projet nous d\u00e9montre qu\u2019il est possible de g\u00e9n\u00e9rer au niveau local des b\u00e9n\u00e9fices sociaux, environnementaux et \u00e9conomiques et de s\u2019affranchir de la logique du profit financier suivie par les gros acteurs du march\u00e9 de l\u2019\u00e9nergie. Par ailleurs, la gestion est guid\u00e9e par les principes de l\u2019\u00e9conomie sociale \u00e0 savoir, la d\u00e9mocratie, le volontariat et la primaut\u00e9 de la personne sur le capital. Les retours d\u2019exp\u00e9rience de ce premier projet-pilote vont nourrir les autorit\u00e9s pour d\u00e9finir un cadre l\u00e9gal solide et praticable \u00e0 grande \u00e9chelle afin de transposer les Directives europ\u00e9ennes qui donnent le droit \u00e0 tous les consommateurs de produire, consommer, stocker et vendre de l\u2019\u00e9lectricit\u00e9 renouvelable. Actuellement, vendre son \u00e9lectricit\u00e9 \u00e0 son voisin est interdit si vous n\u2019\u00eates pas titulaire d\u2019une licence de fourniture. \u00bb<\/em><\/p>\n<p>&nbsp;<\/p>\n<p>Lire \u00e9galement nos articles :<\/p>\n<p><a href=\"https:\/\/www.renouvelle.be\/fr\/actualite-belgique\/premiers-projets-pilotes-dautoconsommation-collective-a-bruxelles\">Premiers projets pilotes d\u2019autoconsommation collective \u00e0 Bruxelles<\/a><\/p>\n<p><a href=\"https:\/\/www.renouvelle.be\/fr\/actualite-belgique\/les-communautes-denergie-renouvelable-favoriseront-la-competitivite-des\">Les communaut\u00e9s d\u2019\u00e9nergie renouvelable favoriseront la comp\u00e9titivit\u00e9 des entreprises wallonnes<\/a><\/p>\n","protected":false},"excerpt":{"rendered":"<p>La toute premi\u00e8re communaut\u00e9 d\u2019\u00e9nergie renouvelable de Belgique a d\u00e9marr\u00e9 le 1er ao\u00fbt 2020 autour de l\u2019\u00e9cole Nos bambins \u00e0 Ganshoren. Deux installations photovolta\u00efques, l\u2019une sur le toit de l\u2019\u00e9cole, l\u2019autre sur la maison d\u2019un habitant du quartier, partagent d\u00e9sormais leur \u00e9lectricit\u00e9 solaire avec des consommateurs locaux, dont des particuliers et la commune. Initi\u00e9e par l\u2019Association pour la Promotion des Energies Renouvelables (APERe), cette communaut\u00e9 livre aujourd\u2019hui ses premiers retours d\u2019exp\u00e9rience. &nbsp; 64% d\u2019autoconsommation &nbsp; Au total, ces deux installations ont produit 4 398 kWh durant le mois d\u2019ao\u00fbt. Autrement dit, plus que la consommation annuelle d\u2019un m\u00e9nage belge, estim\u00e9 \u00e0 3 500 kWh\/an. Le surplus d\u2019\u00e9lectricit\u00e9, c\u2019est-\u00e0-dire l\u2019\u00e9lectricit\u00e9 qui n\u2019a pas \u00e9t\u00e9 consomm\u00e9e par les deux producteurs locaux, au moment o\u00f9 elle \u00e9tait produite, est r\u00e9parti entre les habitations des participants. Gr\u00e2ce \u00e0 ce syst\u00e8me, le taux d\u2019autoconsommation des installations est d\u00e9sormais de 64%, contre 18% s\u2019il n\u2019y avait pas eu de partage. &nbsp; &nbsp; Tarif avantageux &nbsp; Du c\u00f4t\u00e9 des consommateurs, ils ont tout int\u00e9r\u00eat \u00e0 consommer le surplus d\u2019\u00e9lectricit\u00e9 de l\u2019installation voisine, car celle-ci est vendue \u00e0 un prix plus attractif : 13,02 c\u20ac\/kWh TVAC. Or, le tarif fournisseur se situe entre 17,98 c\u20ac\/kWh et 25,10 c\u20ac\/kWh TVAC. Cette diff\u00e9rence s\u2019explique par quatre \u00e9l\u00e9ments : Le tarif d\u2019utilisation du r\u00e9seau \u00e9lectrique que l\u2019on paie via la facture d\u2019\u00e9lectricit\u00e9 est r\u00e9duit, vu que seule une portion tr\u00e8s r\u00e9duite du r\u00e9seau est utilis\u00e9e et l\u2019augmentation du taux d\u2019autoconsommation am\u00e9liore l\u2019\u00e9quilibre local du r\u00e9seau ; Les frais d\u2019utilisation du r\u00e9seau de transport sont supprim\u00e9s car l\u2019\u00e9lectricit\u00e9 produite et distribu\u00e9e localement transite uniquement par le r\u00e9seau basse tension. Le lien direct entre producteur d\u2019\u00e9lectricit\u00e9 solaire et le consommateur permet \u00e0 ce dernier de b\u00e9n\u00e9ficier directement de la diminution du co\u00fbt de &hellip; <a href=\"https:\/\/www.renouvelle.be\/fr\/la-premiere-communaute-denergie-renouvelable-de-belgique-prend-son-envol\/\" class=\"more-link\">Continue reading<span class=\"screen-reader-text\"> \u00ab\u00a0La premi\u00e8re communaut\u00e9 d\u2019\u00e9nergie renouvelable de Belgique prend son envol\u00a0\u00bb<\/span><\/a><\/p>\n","protected":false},"author":3,"featured_media":4503,"comment_status":"open","ping_status":"open","sticky":false,"template":"","format":"standard","meta":{"_acf_changed":false,"footnotes":""},"categories":[17],"tags":[],"section":[5],"class_list":["post-3892","post","type-post","status-publish","format-standard","has-post-thumbnail","hentry","category-actualite-en-belgique","section-communaute-denergie"],"acf":[],"yoast_head":"<!-- This site is optimized with the Yoast SEO plugin v27.5 - https:\/\/yoast.com\/product\/yoast-seo-wordpress\/ -->\n<title>La premi\u00e8re communaut\u00e9 d\u2019\u00e9nergie renouvelable de Belgique prend son envol - Renouvelle<\/title>\n<meta name=\"robots\" content=\"index, follow, max-snippet:-1, max-image-preview:large, max-video-preview:-1\" \/>\n<link rel=\"canonical\" href=\"https:\/\/www.renouvelle.be\/fr\/la-premiere-communaute-denergie-renouvelable-de-belgique-prend-son-envol\/\" \/>\n<meta property=\"og:locale\" content=\"fr_FR\" \/>\n<meta property=\"og:type\" content=\"article\" \/>\n<meta property=\"og:title\" content=\"La premi\u00e8re communaut\u00e9 d\u2019\u00e9nergie renouvelable de Belgique prend son envol - Renouvelle\" \/>\n<meta property=\"og:description\" content=\"La toute premi\u00e8re communaut\u00e9 d\u2019\u00e9nergie renouvelable de Belgique a d\u00e9marr\u00e9 le 1er ao\u00fbt 2020 autour de l\u2019\u00e9cole Nos bambins \u00e0 Ganshoren. Deux installations photovolta\u00efques, l\u2019une sur le toit de l\u2019\u00e9cole, l\u2019autre sur la maison d\u2019un habitant du quartier, partagent d\u00e9sormais leur \u00e9lectricit\u00e9 solaire avec des consommateurs locaux, dont des particuliers et la commune. Initi\u00e9e par l\u2019Association pour la Promotion des Energies Renouvelables (APERe), cette communaut\u00e9 livre aujourd\u2019hui ses premiers retours d\u2019exp\u00e9rience. &nbsp; 64% d\u2019autoconsommation &nbsp; Au total, ces deux installations ont produit 4 398 kWh durant le mois d\u2019ao\u00fbt. Autrement dit, plus que la consommation annuelle d\u2019un m\u00e9nage belge, estim\u00e9 \u00e0 3 500 kWh\/an. Le surplus d\u2019\u00e9lectricit\u00e9, c\u2019est-\u00e0-dire l\u2019\u00e9lectricit\u00e9 qui n\u2019a pas \u00e9t\u00e9 consomm\u00e9e par les deux producteurs locaux, au moment o\u00f9 elle \u00e9tait produite, est r\u00e9parti entre les habitations des participants. Gr\u00e2ce \u00e0 ce syst\u00e8me, le taux d\u2019autoconsommation des installations est d\u00e9sormais de 64%, contre 18% s\u2019il n\u2019y avait pas eu de partage. &nbsp; &nbsp; Tarif avantageux &nbsp; Du c\u00f4t\u00e9 des consommateurs, ils ont tout int\u00e9r\u00eat \u00e0 consommer le surplus d\u2019\u00e9lectricit\u00e9 de l\u2019installation voisine, car celle-ci est vendue \u00e0 un prix plus attractif : 13,02 c\u20ac\/kWh TVAC. Or, le tarif fournisseur se situe entre 17,98 c\u20ac\/kWh et 25,10 c\u20ac\/kWh TVAC. Cette diff\u00e9rence s\u2019explique par quatre \u00e9l\u00e9ments : Le tarif d\u2019utilisation du r\u00e9seau \u00e9lectrique que l\u2019on paie via la facture d\u2019\u00e9lectricit\u00e9 est r\u00e9duit, vu que seule une portion tr\u00e8s r\u00e9duite du r\u00e9seau est utilis\u00e9e et l\u2019augmentation du taux d\u2019autoconsommation am\u00e9liore l\u2019\u00e9quilibre local du r\u00e9seau ; Les frais d\u2019utilisation du r\u00e9seau de transport sont supprim\u00e9s car l\u2019\u00e9lectricit\u00e9 produite et distribu\u00e9e localement transite uniquement par le r\u00e9seau basse tension. Le lien direct entre producteur d\u2019\u00e9lectricit\u00e9 solaire et le consommateur permet \u00e0 ce dernier de b\u00e9n\u00e9ficier directement de la diminution du co\u00fbt de &hellip; Continue reading &quot;La premi\u00e8re communaut\u00e9 d\u2019\u00e9nergie renouvelable de Belgique prend son envol&quot;\" \/>\n<meta property=\"og:url\" content=\"https:\/\/www.renouvelle.be\/fr\/la-premiere-communaute-denergie-renouvelable-de-belgique-prend-son-envol\/\" \/>\n<meta property=\"og:site_name\" content=\"Renouvelle\" \/>\n<meta property=\"article:published_time\" content=\"2020-10-16T13:11:25+00:00\" \/>\n<meta property=\"article:modified_time\" content=\"2023-07-10T21:45:00+00:00\" \/>\n<meta property=\"og:image\" content=\"https:\/\/www.renouvelle.be\/wp-content\/uploads\/2021\/02\/ganshoren1.jpg\" \/>\n\t<meta property=\"og:image:width\" content=\"572\" \/>\n\t<meta property=\"og:image:height\" content=\"425\" \/>\n\t<meta property=\"og:image:type\" content=\"image\/jpeg\" \/>\n<meta name=\"author\" content=\"Energie Commune\" \/>\n<meta name=\"twitter:card\" content=\"summary_large_image\" \/>\n<script type=\"application\/ld+json\" class=\"yoast-schema-graph\">{\"@context\":\"https:\\\/\\\/schema.org\",\"@graph\":[{\"@type\":\"Article\",\"@id\":\"https:\\\/\\\/www.renouvelle.be\\\/fr\\\/la-premiere-communaute-denergie-renouvelable-de-belgique-prend-son-envol\\\/#article\",\"isPartOf\":{\"@id\":\"https:\\\/\\\/www.renouvelle.be\\\/fr\\\/la-premiere-communaute-denergie-renouvelable-de-belgique-prend-son-envol\\\/\"},\"author\":{\"name\":\"Energie Commune\",\"@id\":\"https:\\\/\\\/www.renouvelle.be\\\/fr\\\/#\\\/schema\\\/person\\\/01fbe8226a07f8f3d4a1cd059b31f17a\"},\"headline\":\"La premi\u00e8re communaut\u00e9 d\u2019\u00e9nergie renouvelable de Belgique prend son envol\",\"datePublished\":\"2020-10-16T13:11:25+00:00\",\"dateModified\":\"2023-07-10T21:45:00+00:00\",\"mainEntityOfPage\":{\"@id\":\"https:\\\/\\\/www.renouvelle.be\\\/fr\\\/la-premiere-communaute-denergie-renouvelable-de-belgique-prend-son-envol\\\/\"},\"wordCount\":852,\"commentCount\":0,\"image\":{\"@id\":\"https:\\\/\\\/www.renouvelle.be\\\/fr\\\/la-premiere-communaute-denergie-renouvelable-de-belgique-prend-son-envol\\\/#primaryimage\"},\"thumbnailUrl\":\"https:\\\/\\\/www.renouvelle.be\\\/wp-content\\\/uploads\\\/2021\\\/02\\\/ganshoren1.jpg\",\"articleSection\":[\"Actualit\u00e9 en Belgique\"],\"inLanguage\":\"fr-FR\",\"potentialAction\":[{\"@type\":\"CommentAction\",\"name\":\"Comment\",\"target\":[\"https:\\\/\\\/www.renouvelle.be\\\/fr\\\/la-premiere-communaute-denergie-renouvelable-de-belgique-prend-son-envol\\\/#respond\"]}]},{\"@type\":\"WebPage\",\"@id\":\"https:\\\/\\\/www.renouvelle.be\\\/fr\\\/la-premiere-communaute-denergie-renouvelable-de-belgique-prend-son-envol\\\/\",\"url\":\"https:\\\/\\\/www.renouvelle.be\\\/fr\\\/la-premiere-communaute-denergie-renouvelable-de-belgique-prend-son-envol\\\/\",\"name\":\"La premi\u00e8re communaut\u00e9 d\u2019\u00e9nergie renouvelable de Belgique prend son envol - Renouvelle\",\"isPartOf\":{\"@id\":\"https:\\\/\\\/www.renouvelle.be\\\/fr\\\/#website\"},\"primaryImageOfPage\":{\"@id\":\"https:\\\/\\\/www.renouvelle.be\\\/fr\\\/la-premiere-communaute-denergie-renouvelable-de-belgique-prend-son-envol\\\/#primaryimage\"},\"image\":{\"@id\":\"https:\\\/\\\/www.renouvelle.be\\\/fr\\\/la-premiere-communaute-denergie-renouvelable-de-belgique-prend-son-envol\\\/#primaryimage\"},\"thumbnailUrl\":\"https:\\\/\\\/www.renouvelle.be\\\/wp-content\\\/uploads\\\/2021\\\/02\\\/ganshoren1.jpg\",\"datePublished\":\"2020-10-16T13:11:25+00:00\",\"dateModified\":\"2023-07-10T21:45:00+00:00\",\"author\":{\"@id\":\"https:\\\/\\\/www.renouvelle.be\\\/fr\\\/#\\\/schema\\\/person\\\/01fbe8226a07f8f3d4a1cd059b31f17a\"},\"breadcrumb\":{\"@id\":\"https:\\\/\\\/www.renouvelle.be\\\/fr\\\/la-premiere-communaute-denergie-renouvelable-de-belgique-prend-son-envol\\\/#breadcrumb\"},\"inLanguage\":\"fr-FR\",\"potentialAction\":[{\"@type\":\"ReadAction\",\"target\":[\"https:\\\/\\\/www.renouvelle.be\\\/fr\\\/la-premiere-communaute-denergie-renouvelable-de-belgique-prend-son-envol\\\/\"]}]},{\"@type\":\"ImageObject\",\"inLanguage\":\"fr-FR\",\"@id\":\"https:\\\/\\\/www.renouvelle.be\\\/fr\\\/la-premiere-communaute-denergie-renouvelable-de-belgique-prend-son-envol\\\/#primaryimage\",\"url\":\"https:\\\/\\\/www.renouvelle.be\\\/wp-content\\\/uploads\\\/2021\\\/02\\\/ganshoren1.jpg\",\"contentUrl\":\"https:\\\/\\\/www.renouvelle.be\\\/wp-content\\\/uploads\\\/2021\\\/02\\\/ganshoren1.jpg\",\"width\":572,\"height\":425},{\"@type\":\"BreadcrumbList\",\"@id\":\"https:\\\/\\\/www.renouvelle.be\\\/fr\\\/la-premiere-communaute-denergie-renouvelable-de-belgique-prend-son-envol\\\/#breadcrumb\",\"itemListElement\":[{\"@type\":\"ListItem\",\"position\":1,\"name\":\"Accueil\",\"item\":\"https:\\\/\\\/www.renouvelle.be\\\/fr\\\/\"},{\"@type\":\"ListItem\",\"position\":2,\"name\":\"La premi\u00e8re communaut\u00e9 d\u2019\u00e9nergie renouvelable de Belgique prend son envol\"}]},{\"@type\":\"WebSite\",\"@id\":\"https:\\\/\\\/www.renouvelle.be\\\/fr\\\/#website\",\"url\":\"https:\\\/\\\/www.renouvelle.be\\\/fr\\\/\",\"name\":\"Renouvelle\",\"description\":\"L&#039;actualit\u00e9 de l&#039;\u00e9nergie durable\",\"potentialAction\":[{\"@type\":\"SearchAction\",\"target\":{\"@type\":\"EntryPoint\",\"urlTemplate\":\"https:\\\/\\\/www.renouvelle.be\\\/fr\\\/?s={search_term_string}\"},\"query-input\":{\"@type\":\"PropertyValueSpecification\",\"valueRequired\":true,\"valueName\":\"search_term_string\"}}],\"inLanguage\":\"fr-FR\"},{\"@type\":\"Person\",\"@id\":\"https:\\\/\\\/www.renouvelle.be\\\/fr\\\/#\\\/schema\\\/person\\\/01fbe8226a07f8f3d4a1cd059b31f17a\",\"name\":\"Energie Commune\",\"url\":\"https:\\\/\\\/www.renouvelle.be\\\/fr\\\/author\\\/apere\\\/\"}]}<\/script>\n<!-- \/ Yoast SEO plugin. -->","yoast_head_json":{"title":"La premi\u00e8re communaut\u00e9 d\u2019\u00e9nergie renouvelable de Belgique prend son envol - Renouvelle","robots":{"index":"index","follow":"follow","max-snippet":"max-snippet:-1","max-image-preview":"max-image-preview:large","max-video-preview":"max-video-preview:-1"},"canonical":"https:\/\/www.renouvelle.be\/fr\/la-premiere-communaute-denergie-renouvelable-de-belgique-prend-son-envol\/","og_locale":"fr_FR","og_type":"article","og_title":"La premi\u00e8re communaut\u00e9 d\u2019\u00e9nergie renouvelable de Belgique prend son envol - Renouvelle","og_description":"La toute premi\u00e8re communaut\u00e9 d\u2019\u00e9nergie renouvelable de Belgique a d\u00e9marr\u00e9 le 1er ao\u00fbt 2020 autour de l\u2019\u00e9cole Nos bambins \u00e0 Ganshoren. Deux installations photovolta\u00efques, l\u2019une sur le toit de l\u2019\u00e9cole, l\u2019autre sur la maison d\u2019un habitant du quartier, partagent d\u00e9sormais leur \u00e9lectricit\u00e9 solaire avec des consommateurs locaux, dont des particuliers et la commune. Initi\u00e9e par l\u2019Association pour la Promotion des Energies Renouvelables (APERe), cette communaut\u00e9 livre aujourd\u2019hui ses premiers retours d\u2019exp\u00e9rience. &nbsp; 64% d\u2019autoconsommation &nbsp; Au total, ces deux installations ont produit 4 398 kWh durant le mois d\u2019ao\u00fbt. Autrement dit, plus que la consommation annuelle d\u2019un m\u00e9nage belge, estim\u00e9 \u00e0 3 500 kWh\/an. Le surplus d\u2019\u00e9lectricit\u00e9, c\u2019est-\u00e0-dire l\u2019\u00e9lectricit\u00e9 qui n\u2019a pas \u00e9t\u00e9 consomm\u00e9e par les deux producteurs locaux, au moment o\u00f9 elle \u00e9tait produite, est r\u00e9parti entre les habitations des participants. Gr\u00e2ce \u00e0 ce syst\u00e8me, le taux d\u2019autoconsommation des installations est d\u00e9sormais de 64%, contre 18% s\u2019il n\u2019y avait pas eu de partage. &nbsp; &nbsp; Tarif avantageux &nbsp; Du c\u00f4t\u00e9 des consommateurs, ils ont tout int\u00e9r\u00eat \u00e0 consommer le surplus d\u2019\u00e9lectricit\u00e9 de l\u2019installation voisine, car celle-ci est vendue \u00e0 un prix plus attractif : 13,02 c\u20ac\/kWh TVAC. Or, le tarif fournisseur se situe entre 17,98 c\u20ac\/kWh et 25,10 c\u20ac\/kWh TVAC. Cette diff\u00e9rence s\u2019explique par quatre \u00e9l\u00e9ments : Le tarif d\u2019utilisation du r\u00e9seau \u00e9lectrique que l\u2019on paie via la facture d\u2019\u00e9lectricit\u00e9 est r\u00e9duit, vu que seule une portion tr\u00e8s r\u00e9duite du r\u00e9seau est utilis\u00e9e et l\u2019augmentation du taux d\u2019autoconsommation am\u00e9liore l\u2019\u00e9quilibre local du r\u00e9seau ; Les frais d\u2019utilisation du r\u00e9seau de transport sont supprim\u00e9s car l\u2019\u00e9lectricit\u00e9 produite et distribu\u00e9e localement transite uniquement par le r\u00e9seau basse tension. Le lien direct entre producteur d\u2019\u00e9lectricit\u00e9 solaire et le consommateur permet \u00e0 ce dernier de b\u00e9n\u00e9ficier directement de la diminution du co\u00fbt de &hellip; Continue reading \"La premi\u00e8re communaut\u00e9 d\u2019\u00e9nergie renouvelable de Belgique prend son envol\"","og_url":"https:\/\/www.renouvelle.be\/fr\/la-premiere-communaute-denergie-renouvelable-de-belgique-prend-son-envol\/","og_site_name":"Renouvelle","article_published_time":"2020-10-16T13:11:25+00:00","article_modified_time":"2023-07-10T21:45:00+00:00","og_image":[{"width":572,"height":425,"url":"https:\/\/www.renouvelle.be\/wp-content\/uploads\/2021\/02\/ganshoren1.jpg","type":"image\/jpeg"}],"author":"Energie Commune","twitter_card":"summary_large_image","schema":{"@context":"https:\/\/schema.org","@graph":[{"@type":"Article","@id":"https:\/\/www.renouvelle.be\/fr\/la-premiere-communaute-denergie-renouvelable-de-belgique-prend-son-envol\/#article","isPartOf":{"@id":"https:\/\/www.renouvelle.be\/fr\/la-premiere-communaute-denergie-renouvelable-de-belgique-prend-son-envol\/"},"author":{"name":"Energie Commune","@id":"https:\/\/www.renouvelle.be\/fr\/#\/schema\/person\/01fbe8226a07f8f3d4a1cd059b31f17a"},"headline":"La premi\u00e8re communaut\u00e9 d\u2019\u00e9nergie renouvelable de Belgique prend son envol","datePublished":"2020-10-16T13:11:25+00:00","dateModified":"2023-07-10T21:45:00+00:00","mainEntityOfPage":{"@id":"https:\/\/www.renouvelle.be\/fr\/la-premiere-communaute-denergie-renouvelable-de-belgique-prend-son-envol\/"},"wordCount":852,"commentCount":0,"image":{"@id":"https:\/\/www.renouvelle.be\/fr\/la-premiere-communaute-denergie-renouvelable-de-belgique-prend-son-envol\/#primaryimage"},"thumbnailUrl":"https:\/\/www.renouvelle.be\/wp-content\/uploads\/2021\/02\/ganshoren1.jpg","articleSection":["Actualit\u00e9 en Belgique"],"inLanguage":"fr-FR","potentialAction":[{"@type":"CommentAction","name":"Comment","target":["https:\/\/www.renouvelle.be\/fr\/la-premiere-communaute-denergie-renouvelable-de-belgique-prend-son-envol\/#respond"]}]},{"@type":"WebPage","@id":"https:\/\/www.renouvelle.be\/fr\/la-premiere-communaute-denergie-renouvelable-de-belgique-prend-son-envol\/","url":"https:\/\/www.renouvelle.be\/fr\/la-premiere-communaute-denergie-renouvelable-de-belgique-prend-son-envol\/","name":"La premi\u00e8re communaut\u00e9 d\u2019\u00e9nergie renouvelable de Belgique prend son envol - Renouvelle","isPartOf":{"@id":"https:\/\/www.renouvelle.be\/fr\/#website"},"primaryImageOfPage":{"@id":"https:\/\/www.renouvelle.be\/fr\/la-premiere-communaute-denergie-renouvelable-de-belgique-prend-son-envol\/#primaryimage"},"image":{"@id":"https:\/\/www.renouvelle.be\/fr\/la-premiere-communaute-denergie-renouvelable-de-belgique-prend-son-envol\/#primaryimage"},"thumbnailUrl":"https:\/\/www.renouvelle.be\/wp-content\/uploads\/2021\/02\/ganshoren1.jpg","datePublished":"2020-10-16T13:11:25+00:00","dateModified":"2023-07-10T21:45:00+00:00","author":{"@id":"https:\/\/www.renouvelle.be\/fr\/#\/schema\/person\/01fbe8226a07f8f3d4a1cd059b31f17a"},"breadcrumb":{"@id":"https:\/\/www.renouvelle.be\/fr\/la-premiere-communaute-denergie-renouvelable-de-belgique-prend-son-envol\/#breadcrumb"},"inLanguage":"fr-FR","potentialAction":[{"@type":"ReadAction","target":["https:\/\/www.renouvelle.be\/fr\/la-premiere-communaute-denergie-renouvelable-de-belgique-prend-son-envol\/"]}]},{"@type":"ImageObject","inLanguage":"fr-FR","@id":"https:\/\/www.renouvelle.be\/fr\/la-premiere-communaute-denergie-renouvelable-de-belgique-prend-son-envol\/#primaryimage","url":"https:\/\/www.renouvelle.be\/wp-content\/uploads\/2021\/02\/ganshoren1.jpg","contentUrl":"https:\/\/www.renouvelle.be\/wp-content\/uploads\/2021\/02\/ganshoren1.jpg","width":572,"height":425},{"@type":"BreadcrumbList","@id":"https:\/\/www.renouvelle.be\/fr\/la-premiere-communaute-denergie-renouvelable-de-belgique-prend-son-envol\/#breadcrumb","itemListElement":[{"@type":"ListItem","position":1,"name":"Accueil","item":"https:\/\/www.renouvelle.be\/fr\/"},{"@type":"ListItem","position":2,"name":"La premi\u00e8re communaut\u00e9 d\u2019\u00e9nergie renouvelable de Belgique prend son envol"}]},{"@type":"WebSite","@id":"https:\/\/www.renouvelle.be\/fr\/#website","url":"https:\/\/www.renouvelle.be\/fr\/","name":"Renouvelle","description":"L&#039;actualit\u00e9 de l&#039;\u00e9nergie durable","potentialAction":[{"@type":"SearchAction","target":{"@type":"EntryPoint","urlTemplate":"https:\/\/www.renouvelle.be\/fr\/?s={search_term_string}"},"query-input":{"@type":"PropertyValueSpecification","valueRequired":true,"valueName":"search_term_string"}}],"inLanguage":"fr-FR"},{"@type":"Person","@id":"https:\/\/www.renouvelle.be\/fr\/#\/schema\/person\/01fbe8226a07f8f3d4a1cd059b31f17a","name":"Energie Commune","url":"https:\/\/www.renouvelle.be\/fr\/author\/apere\/"}]}},"_links":{"self":[{"href":"https:\/\/www.renouvelle.be\/fr\/wp-json\/wp\/v2\/posts\/3892","targetHints":{"allow":["GET"]}}],"collection":[{"href":"https:\/\/www.renouvelle.be\/fr\/wp-json\/wp\/v2\/posts"}],"about":[{"href":"https:\/\/www.renouvelle.be\/fr\/wp-json\/wp\/v2\/types\/post"}],"author":[{"embeddable":true,"href":"https:\/\/www.renouvelle.be\/fr\/wp-json\/wp\/v2\/users\/3"}],"replies":[{"embeddable":true,"href":"https:\/\/www.renouvelle.be\/fr\/wp-json\/wp\/v2\/comments?post=3892"}],"version-history":[{"count":4,"href":"https:\/\/www.renouvelle.be\/fr\/wp-json\/wp\/v2\/posts\/3892\/revisions"}],"predecessor-version":[{"id":10175,"href":"https:\/\/www.renouvelle.be\/fr\/wp-json\/wp\/v2\/posts\/3892\/revisions\/10175"}],"wp:featuredmedia":[{"embeddable":true,"href":"https:\/\/www.renouvelle.be\/fr\/wp-json\/wp\/v2\/media\/4503"}],"wp:attachment":[{"href":"https:\/\/www.renouvelle.be\/fr\/wp-json\/wp\/v2\/media?parent=3892"}],"wp:term":[{"taxonomy":"category","embeddable":true,"href":"https:\/\/www.renouvelle.be\/fr\/wp-json\/wp\/v2\/categories?post=3892"},{"taxonomy":"post_tag","embeddable":true,"href":"https:\/\/www.renouvelle.be\/fr\/wp-json\/wp\/v2\/tags?post=3892"},{"taxonomy":"section","embeddable":true,"href":"https:\/\/www.renouvelle.be\/fr\/wp-json\/wp\/v2\/section?post=3892"}],"curies":[{"name":"wp","href":"https:\/\/api.w.org\/{rel}","templated":true}]}}