{"id":3889,"date":"2020-10-09T10:00:28","date_gmt":"2020-10-09T10:00:28","guid":{"rendered":""},"modified":"2021-03-08T17:30:11","modified_gmt":"2021-03-08T16:30:11","slug":"les-batteries-ont-un-bilan-co2-favorable-a-grande-echelle-uniquement","status":"publish","type":"post","link":"https:\/\/www.renouvelle.be\/fr\/les-batteries-ont-un-bilan-co2-favorable-a-grande-echelle-uniquement\/","title":{"rendered":"Les batteries ont un bilan CO2 favorable\u2026 \u00e0 grande \u00e9chelle uniquement"},"content":{"rendered":"<p>L\u2019Agence internationale de l\u2019\u00e9nergie et son programme R&amp;D d\u00e9di\u00e9 au photovolta\u00efque (IEA PVPS) s\u2019est r\u00e9cemment int\u00e9ress\u00e9e au bilan environnemental des syst\u00e8mes photovolta\u00efques r\u00e9sidentiels coupl\u00e9s \u00e0 un stockage par batterie.<\/p>\n<p>Elle a ainsi r\u00e9cemment publi\u00e9 un <a href=\"https:\/\/iea-pvps.org\/key-topics\/environmental-life-cycle-assessment-of-residential-pv-and-battery-storage-systems\/\" target=\"_blank\" rel=\"noopener\">rapport<\/a> sur l\u2019analyse du cycle de vie d\u2019un syst\u00e8me dont voici les caract\u00e9ristiques :<\/p>\n<p><u>PV + batterie (Europe)<\/u><\/p>\n<ul>\n<li>Installation photovolta\u00efque de 10 kWc<\/li>\n<li>Panneaux polycristallin Silicium<\/li>\n<li>Production annuelle : 10.000 kWh<\/li>\n<li>Tests sur des batteries Li-ion de 3 capacit\u00e9s de stockage diff\u00e9rentes : 5, 10 et 20 kWh.<\/li>\n<\/ul>\n<p>&nbsp;<\/p>\n<p><u>B\u00e2timent r\u00e9sidentiel :<\/u><\/p>\n<ul>\n<li>Consommation annuelle : 10.000 kWh.<\/li>\n<li>Auto-consommation annuelle :<\/li>\n<\/ul>\n<p>&nbsp;&nbsp;&nbsp; Directe : 3.000 kWh (soit 30%)<br \/>\n&nbsp;&nbsp;&nbsp; Via batterie : 1500 kWh (15%), 2700 kWh (27%) et 3900 kWh (39%)<\/p>\n<p><u>Unit\u00e9 fonctionnelle : &nbsp;<\/u><\/p>\n<ul>\n<li>1 kWh AC \u00e9lectricit\u00e9 auto-consomm\u00e9e<\/li>\n<\/ul>\n<p>&nbsp;<\/p>\n<p><img decoding=\"async\" alt=\"\" src=\"\/wp-content\/uploads\/2021\/02\/post\/ieapvps1.jpg\" style=\"width: 322px; height: 220px;\"><\/p>\n<p>Les r\u00e9sultats de l\u2019analyse (Life Cycle Assessment &#8211; LCA) montrent un plus grand impact environnemental d\u2019un syst\u00e8me photovolta\u00efque coupl\u00e9 \u00e0 une batterie. La production d\u2019un kWh d\u2019\u00e9lectricit\u00e9 solaire auto-consomm\u00e9 via les trois batteries de capacit\u00e9s croissantes, \u00e9met des gaz \u00e0 effet de serre cumul\u00e9s de, respectivement, 80, 84 et 88 g C0<sub>2<\/sub>-eq\/kWh. &nbsp;<\/p>\n<p>La fabrication des panneaux repr\u00e9sente la moiti\u00e9 de ces \u00e9missions, tandis que les trois batteries comptent, respectivement, pour 17%, 23% et 28% de ces \u00e9missions -, principalement en raison de la nature de l\u2019\u00e9nergie relative \u00e0 l\u2019\u00e9lectricit\u00e9 n\u00e9cessaire pour fabriquer les cellules des batteries.<\/p>\n<p><img decoding=\"async\" alt=\"\" src=\"\/wp-content\/uploads\/2021\/02\/post\/ieapvps2.jpg\" style=\"width: 580px; height: 191px;\"><\/p>\n<p>Par comparaison, les \u00e9missions cumul\u00e9es de gaz \u00e0 effet de serre d\u2019un kWh d\u2019\u00e9lectricit\u00e9 solaire directement auto-consomm\u00e9 ou inject\u00e9 dans le r\u00e9seau (sans batterie donc) sont de 54 g CO<sub>2<\/sub>-eq\/kWh.<\/p>\n<p>L\u2019analyse montre \u00e9galement que l\u2019impact environnemental change selon la dur\u00e9e de vie de la batterie. Ainsi, une r\u00e9duction de 5.000 \u00e0 3.000 cycles de charge augmente la demande d\u2019\u00e9nergie non-renouvelable cumul\u00e9e de 24% et les \u00e9missions de gaz \u00e0 effet de serre de 16%. Et inversement, une augmentation de 5.000 \u00e0 7.000 cycles de charge diminue les impacts environnementaux ( -6% pour l\u2019\u00e9nergie, -7% pour les GES).<\/p>\n<p>&nbsp;<\/p>\n<h2>Mieux vaut des batteries que des centrales au gaz naturel<\/h2>\n<p>&nbsp;<\/p>\n<p>Les auteurs mentionnent \u00e9galement une \u00e9tude californienne qui illustre que dans, le cas d\u2019un syst\u00e8me de batterie \u00e0 grande \u00e9chelle combin\u00e9 \u00e0 une grosse surproduction d\u2019\u00e9lectricit\u00e9 solaire, il y a une r\u00e9duction significative d\u2019environ 8% des \u00e9missions de gaz \u00e0 effet de serre, si on compare la formule PV + batterie comme alternative de back-up \u00e0 l\u2019usage de centrale au gaz naturel (fossile).<\/p>\n<p><img decoding=\"async\" alt=\"\" src=\"\/wp-content\/uploads\/2021\/02\/post\/ieapvps3.jpg\" style=\"width: 580px; height: 267px;\"><\/p>\n<p><small>Figure 1: Business as usual (Solaire + gaz naturel comme back-up) compar\u00e9 \u00e0 du solaire + batterie de grande \u00e9chelle comme back-up, sc\u00e9narios sur une p\u00e9diode 2016-2030 (Balakrishnan et al. 2019).<\/small><\/p>\n<p>Cette derni\u00e8re analyse est importante et apporte un \u00e9clairage nouveau dans les discussions (d\u00e9bats) qui ont actuellement lieux par rapport \u00e0 la d\u00e9cision du gouvernement f\u00e9d\u00e9ral de maintenir l\u2019objectif de fermer les centrales nucl\u00e9aires belges en 2025.<\/p>\n<p>Elle offre des alternatives plus vertueuses \u00e0 la solution \u00ab tout au gaz naturel \u00bb qui \u00e9tait l\u2019option 1 du gouvernement f\u00e9d\u00e9ral pr\u00e9c\u00e9dent en mati\u00e8re de s\u00e9curit\u00e9 d\u2019approvisionnement. Une partie de la solution au CRM, comme nous le pr\u00e9sentions dans notre article <a href=\"https:\/\/www.renouvelle.be\/fr\/debats\/une-facture-delectricite-plus-chere-et-plus-polluante-reduisons-plutot-la-puissance\">Une \u00e9lectricit\u00e9 plus ch\u00e8re et plus polluante ? R\u00e9duisons plut\u00f4t la puissance ! <\/a><\/p>\n<p>&nbsp;<\/p>\n<p><img decoding=\"async\" alt=\"\" src=\"\/wp-content\/uploads\/2021\/02\/post\/ieapvps_1.jpg\" style=\"width: 194px; height: 105px;\"><\/p>\n<h2><em>Rejoindre l\u2019IEA et la t\u00e2che \u00ab PV Sustainability \u00bb<\/em><\/h2>\n<p><em>Vous \u00eates actif dans le domaine du photovolta\u00efque en Belgique et vous souhaitez apporter votre expertise, comme d\u2019autres entreprises et centres de recherche belges, au sein de la section photovolta\u00efque de l\u2019Agence Internationale de l\u2019Energie (https:\/\/iea-pvps.org\/) ?<\/em><\/p>\n<p><em>La Belgique assure une pr\u00e9sence permanente au sein du programme IEA-PVPS via la contribution des 3 R\u00e9gions. Cette contribution ouvre les portes \u00e0 toute entreprise, chercheur ou professionnel \u00e0 participer \u00e0 l\u2019une des 8 t\u00e2ches en cours, dont la t\u00e2che 12 \u00ab PV Sustainability \u00bb. &nbsp;<\/em><\/p>\n<p><em>Une participation signifie des \u00e9changes d\u2019informations, des r\u00e9sultats de recherche, des statistiques, des innovations technologiques et de march\u00e9, dans une application du photovolta\u00efque. Ces \u00e9changes internationaux sont ponctu\u00e9s par des meetings, de fr\u00e9quence bisannuelle, qui permettent d\u2019aller plus loin dans les collaborations.<\/em><\/p>\n<p><em>Pour tout int\u00e9r\u00eat \u00e0 rejoindre la t\u00e2che 12 de l\u2019IEA-PVPS, veuillez contacter l\u2019APERe qui est le repr\u00e9sentant belge en la personne de Benjamin Wilkin : bwilkin@apere.org .<\/em><\/p>\n<p>&nbsp;<br \/>\n&nbsp;<\/p>\n","protected":false},"excerpt":{"rendered":"<p>L\u2019Agence internationale de l\u2019\u00e9nergie et son programme R&amp;D d\u00e9di\u00e9 au photovolta\u00efque (IEA PVPS) s\u2019est r\u00e9cemment int\u00e9ress\u00e9e au bilan environnemental des syst\u00e8mes photovolta\u00efques r\u00e9sidentiels coupl\u00e9s \u00e0 un stockage par batterie. Elle a ainsi r\u00e9cemment publi\u00e9 un rapport sur l\u2019analyse du cycle de vie d\u2019un syst\u00e8me dont voici les caract\u00e9ristiques : PV + batterie (Europe) Installation photovolta\u00efque de 10 kWc Panneaux polycristallin Silicium Production annuelle : 10.000 kWh Tests sur des batteries Li-ion de 3 capacit\u00e9s de stockage diff\u00e9rentes : 5, 10 et 20 kWh. &nbsp; B\u00e2timent r\u00e9sidentiel : Consommation annuelle : 10.000 kWh. Auto-consommation annuelle : &nbsp;&nbsp;&nbsp; Directe : 3.000 kWh (soit 30%) &nbsp;&nbsp;&nbsp; Via batterie : 1500 kWh (15%), 2700 kWh (27%) et 3900 kWh (39%) Unit\u00e9 fonctionnelle : &nbsp; 1 kWh AC \u00e9lectricit\u00e9 auto-consomm\u00e9e &nbsp; Les r\u00e9sultats de l\u2019analyse (Life Cycle Assessment &#8211; LCA) montrent un plus grand impact environnemental d\u2019un syst\u00e8me photovolta\u00efque coupl\u00e9 \u00e0 une batterie. La production d\u2019un kWh d\u2019\u00e9lectricit\u00e9 solaire auto-consomm\u00e9 via les trois batteries de capacit\u00e9s croissantes, \u00e9met des gaz \u00e0 effet de serre cumul\u00e9s de, respectivement, 80, 84 et 88 g C02-eq\/kWh. &nbsp; La fabrication des panneaux repr\u00e9sente la moiti\u00e9 de ces \u00e9missions, tandis que les trois batteries comptent, respectivement, pour 17%, 23% et 28% de ces \u00e9missions -, principalement en raison de la nature de l\u2019\u00e9nergie relative \u00e0 l\u2019\u00e9lectricit\u00e9 n\u00e9cessaire pour fabriquer les cellules des batteries. Par comparaison, les \u00e9missions cumul\u00e9es de gaz \u00e0 effet de serre d\u2019un kWh d\u2019\u00e9lectricit\u00e9 solaire directement auto-consomm\u00e9 ou inject\u00e9 dans le r\u00e9seau (sans batterie donc) sont de 54 g CO2-eq\/kWh. L\u2019analyse montre \u00e9galement que l\u2019impact environnemental change selon la dur\u00e9e de vie de la batterie. Ainsi, une r\u00e9duction de 5.000 \u00e0 3.000 cycles de charge augmente la demande d\u2019\u00e9nergie non-renouvelable cumul\u00e9e de 24% et les \u00e9missions de &hellip; <a href=\"https:\/\/www.renouvelle.be\/fr\/les-batteries-ont-un-bilan-co2-favorable-a-grande-echelle-uniquement\/\" class=\"more-link\">Continue reading<span class=\"screen-reader-text\"> \u00ab\u00a0Les batteries ont un bilan CO2 favorable\u2026 \u00e0 grande \u00e9chelle uniquement\u00a0\u00bb<\/span><\/a><\/p>\n","protected":false},"author":17,"featured_media":4720,"comment_status":"open","ping_status":"open","sticky":false,"template":"","format":"standard","meta":{"_acf_changed":false,"footnotes":""},"categories":[18],"tags":[],"section":[14],"class_list":["post-3889","post","type-post","status-publish","format-standard","has-post-thumbnail","hentry","category-actualite-internationale","section-stockage"],"acf":[],"yoast_head":"<!-- This site is optimized with the Yoast SEO plugin v27.5 - https:\/\/yoast.com\/product\/yoast-seo-wordpress\/ -->\n<title>Les batteries ont un bilan CO2 favorable\u2026 \u00e0 grande \u00e9chelle uniquement - Renouvelle<\/title>\n<meta name=\"robots\" content=\"index, follow, max-snippet:-1, max-image-preview:large, max-video-preview:-1\" \/>\n<link rel=\"canonical\" href=\"https:\/\/www.renouvelle.be\/fr\/les-batteries-ont-un-bilan-co2-favorable-a-grande-echelle-uniquement\/\" \/>\n<meta property=\"og:locale\" content=\"fr_FR\" \/>\n<meta property=\"og:type\" content=\"article\" \/>\n<meta property=\"og:title\" content=\"Les batteries ont un bilan CO2 favorable\u2026 \u00e0 grande \u00e9chelle uniquement - Renouvelle\" \/>\n<meta property=\"og:description\" content=\"L\u2019Agence internationale de l\u2019\u00e9nergie et son programme R&amp;D d\u00e9di\u00e9 au photovolta\u00efque (IEA PVPS) s\u2019est r\u00e9cemment int\u00e9ress\u00e9e au bilan environnemental des syst\u00e8mes photovolta\u00efques r\u00e9sidentiels coupl\u00e9s \u00e0 un stockage par batterie. Elle a ainsi r\u00e9cemment publi\u00e9 un rapport sur l\u2019analyse du cycle de vie d\u2019un syst\u00e8me dont voici les caract\u00e9ristiques : PV + batterie (Europe) Installation photovolta\u00efque de 10 kWc Panneaux polycristallin Silicium Production annuelle : 10.000 kWh Tests sur des batteries Li-ion de 3 capacit\u00e9s de stockage diff\u00e9rentes : 5, 10 et 20 kWh. &nbsp; B\u00e2timent r\u00e9sidentiel : Consommation annuelle : 10.000 kWh. Auto-consommation annuelle : &nbsp;&nbsp;&nbsp; Directe : 3.000 kWh (soit 30%) &nbsp;&nbsp;&nbsp; Via batterie : 1500 kWh (15%), 2700 kWh (27%) et 3900 kWh (39%) Unit\u00e9 fonctionnelle : &nbsp; 1 kWh AC \u00e9lectricit\u00e9 auto-consomm\u00e9e &nbsp; Les r\u00e9sultats de l\u2019analyse (Life Cycle Assessment &#8211; LCA) montrent un plus grand impact environnemental d\u2019un syst\u00e8me photovolta\u00efque coupl\u00e9 \u00e0 une batterie. La production d\u2019un kWh d\u2019\u00e9lectricit\u00e9 solaire auto-consomm\u00e9 via les trois batteries de capacit\u00e9s croissantes, \u00e9met des gaz \u00e0 effet de serre cumul\u00e9s de, respectivement, 80, 84 et 88 g C02-eq\/kWh. &nbsp; La fabrication des panneaux repr\u00e9sente la moiti\u00e9 de ces \u00e9missions, tandis que les trois batteries comptent, respectivement, pour 17%, 23% et 28% de ces \u00e9missions -, principalement en raison de la nature de l\u2019\u00e9nergie relative \u00e0 l\u2019\u00e9lectricit\u00e9 n\u00e9cessaire pour fabriquer les cellules des batteries. Par comparaison, les \u00e9missions cumul\u00e9es de gaz \u00e0 effet de serre d\u2019un kWh d\u2019\u00e9lectricit\u00e9 solaire directement auto-consomm\u00e9 ou inject\u00e9 dans le r\u00e9seau (sans batterie donc) sont de 54 g CO2-eq\/kWh. L\u2019analyse montre \u00e9galement que l\u2019impact environnemental change selon la dur\u00e9e de vie de la batterie. Ainsi, une r\u00e9duction de 5.000 \u00e0 3.000 cycles de charge augmente la demande d\u2019\u00e9nergie non-renouvelable cumul\u00e9e de 24% et les \u00e9missions de &hellip; Continue reading &quot;Les batteries ont un bilan CO2 favorable\u2026 \u00e0 grande \u00e9chelle uniquement&quot;\" \/>\n<meta property=\"og:url\" content=\"https:\/\/www.renouvelle.be\/fr\/les-batteries-ont-un-bilan-co2-favorable-a-grande-echelle-uniquement\/\" \/>\n<meta property=\"og:site_name\" content=\"Renouvelle\" \/>\n<meta property=\"article:published_time\" content=\"2020-10-09T10:00:28+00:00\" \/>\n<meta property=\"article:modified_time\" content=\"2021-03-08T16:30:11+00:00\" \/>\n<meta property=\"og:image\" content=\"https:\/\/www.renouvelle.be\/wp-content\/uploads\/2021\/02\/pv-stockage.jpg\" \/>\n\t<meta property=\"og:image:width\" content=\"580\" \/>\n\t<meta property=\"og:image:height\" content=\"286\" \/>\n\t<meta property=\"og:image:type\" content=\"image\/jpeg\" \/>\n<meta name=\"author\" content=\"Benjamin WILKIN\" \/>\n<meta name=\"twitter:card\" content=\"summary_large_image\" \/>\n<script type=\"application\/ld+json\" class=\"yoast-schema-graph\">{\"@context\":\"https:\\\/\\\/schema.org\",\"@graph\":[{\"@type\":\"Article\",\"@id\":\"https:\\\/\\\/www.renouvelle.be\\\/fr\\\/les-batteries-ont-un-bilan-co2-favorable-a-grande-echelle-uniquement\\\/#article\",\"isPartOf\":{\"@id\":\"https:\\\/\\\/www.renouvelle.be\\\/fr\\\/les-batteries-ont-un-bilan-co2-favorable-a-grande-echelle-uniquement\\\/\"},\"author\":{\"name\":\"Benjamin WILKIN\",\"@id\":\"https:\\\/\\\/www.renouvelle.be\\\/fr\\\/#\\\/schema\\\/person\\\/20d41a25c5a48ee6500cc1a14288f058\"},\"headline\":\"Les batteries ont un bilan CO2 favorable\u2026 \u00e0 grande \u00e9chelle uniquement\",\"datePublished\":\"2020-10-09T10:00:28+00:00\",\"dateModified\":\"2021-03-08T16:30:11+00:00\",\"mainEntityOfPage\":{\"@id\":\"https:\\\/\\\/www.renouvelle.be\\\/fr\\\/les-batteries-ont-un-bilan-co2-favorable-a-grande-echelle-uniquement\\\/\"},\"wordCount\":722,\"commentCount\":2,\"image\":{\"@id\":\"https:\\\/\\\/www.renouvelle.be\\\/fr\\\/les-batteries-ont-un-bilan-co2-favorable-a-grande-echelle-uniquement\\\/#primaryimage\"},\"thumbnailUrl\":\"https:\\\/\\\/www.renouvelle.be\\\/wp-content\\\/uploads\\\/2021\\\/02\\\/pv-stockage.jpg\",\"articleSection\":[\"Actualit\u00e9 internationale\"],\"inLanguage\":\"fr-FR\",\"potentialAction\":[{\"@type\":\"CommentAction\",\"name\":\"Comment\",\"target\":[\"https:\\\/\\\/www.renouvelle.be\\\/fr\\\/les-batteries-ont-un-bilan-co2-favorable-a-grande-echelle-uniquement\\\/#respond\"]}]},{\"@type\":\"WebPage\",\"@id\":\"https:\\\/\\\/www.renouvelle.be\\\/fr\\\/les-batteries-ont-un-bilan-co2-favorable-a-grande-echelle-uniquement\\\/\",\"url\":\"https:\\\/\\\/www.renouvelle.be\\\/fr\\\/les-batteries-ont-un-bilan-co2-favorable-a-grande-echelle-uniquement\\\/\",\"name\":\"Les batteries ont un bilan CO2 favorable\u2026 \u00e0 grande \u00e9chelle uniquement - Renouvelle\",\"isPartOf\":{\"@id\":\"https:\\\/\\\/www.renouvelle.be\\\/fr\\\/#website\"},\"primaryImageOfPage\":{\"@id\":\"https:\\\/\\\/www.renouvelle.be\\\/fr\\\/les-batteries-ont-un-bilan-co2-favorable-a-grande-echelle-uniquement\\\/#primaryimage\"},\"image\":{\"@id\":\"https:\\\/\\\/www.renouvelle.be\\\/fr\\\/les-batteries-ont-un-bilan-co2-favorable-a-grande-echelle-uniquement\\\/#primaryimage\"},\"thumbnailUrl\":\"https:\\\/\\\/www.renouvelle.be\\\/wp-content\\\/uploads\\\/2021\\\/02\\\/pv-stockage.jpg\",\"datePublished\":\"2020-10-09T10:00:28+00:00\",\"dateModified\":\"2021-03-08T16:30:11+00:00\",\"author\":{\"@id\":\"https:\\\/\\\/www.renouvelle.be\\\/fr\\\/#\\\/schema\\\/person\\\/20d41a25c5a48ee6500cc1a14288f058\"},\"breadcrumb\":{\"@id\":\"https:\\\/\\\/www.renouvelle.be\\\/fr\\\/les-batteries-ont-un-bilan-co2-favorable-a-grande-echelle-uniquement\\\/#breadcrumb\"},\"inLanguage\":\"fr-FR\",\"potentialAction\":[{\"@type\":\"ReadAction\",\"target\":[\"https:\\\/\\\/www.renouvelle.be\\\/fr\\\/les-batteries-ont-un-bilan-co2-favorable-a-grande-echelle-uniquement\\\/\"]}]},{\"@type\":\"ImageObject\",\"inLanguage\":\"fr-FR\",\"@id\":\"https:\\\/\\\/www.renouvelle.be\\\/fr\\\/les-batteries-ont-un-bilan-co2-favorable-a-grande-echelle-uniquement\\\/#primaryimage\",\"url\":\"https:\\\/\\\/www.renouvelle.be\\\/wp-content\\\/uploads\\\/2021\\\/02\\\/pv-stockage.jpg\",\"contentUrl\":\"https:\\\/\\\/www.renouvelle.be\\\/wp-content\\\/uploads\\\/2021\\\/02\\\/pv-stockage.jpg\",\"width\":580,\"height\":286,\"caption\":\"Solar container unit. 3d rendering concept of a white industrial battery energy storage container with mounted black solar panels situated on fresh green grass in late sunny weather.\"},{\"@type\":\"BreadcrumbList\",\"@id\":\"https:\\\/\\\/www.renouvelle.be\\\/fr\\\/les-batteries-ont-un-bilan-co2-favorable-a-grande-echelle-uniquement\\\/#breadcrumb\",\"itemListElement\":[{\"@type\":\"ListItem\",\"position\":1,\"name\":\"Accueil\",\"item\":\"https:\\\/\\\/www.renouvelle.be\\\/fr\\\/\"},{\"@type\":\"ListItem\",\"position\":2,\"name\":\"Les batteries ont un bilan CO2 favorable\u2026 \u00e0 grande \u00e9chelle uniquement\"}]},{\"@type\":\"WebSite\",\"@id\":\"https:\\\/\\\/www.renouvelle.be\\\/fr\\\/#website\",\"url\":\"https:\\\/\\\/www.renouvelle.be\\\/fr\\\/\",\"name\":\"Renouvelle\",\"description\":\"L&#039;actualit\u00e9 de l&#039;\u00e9nergie durable\",\"potentialAction\":[{\"@type\":\"SearchAction\",\"target\":{\"@type\":\"EntryPoint\",\"urlTemplate\":\"https:\\\/\\\/www.renouvelle.be\\\/fr\\\/?s={search_term_string}\"},\"query-input\":{\"@type\":\"PropertyValueSpecification\",\"valueRequired\":true,\"valueName\":\"search_term_string\"}}],\"inLanguage\":\"fr-FR\"},{\"@type\":\"Person\",\"@id\":\"https:\\\/\\\/www.renouvelle.be\\\/fr\\\/#\\\/schema\\\/person\\\/20d41a25c5a48ee6500cc1a14288f058\",\"name\":\"Benjamin WILKIN\",\"url\":\"https:\\\/\\\/www.renouvelle.be\\\/fr\\\/author\\\/benjaminwilkin\\\/\"}]}<\/script>\n<!-- \/ Yoast SEO plugin. -->","yoast_head_json":{"title":"Les batteries ont un bilan CO2 favorable\u2026 \u00e0 grande \u00e9chelle uniquement - Renouvelle","robots":{"index":"index","follow":"follow","max-snippet":"max-snippet:-1","max-image-preview":"max-image-preview:large","max-video-preview":"max-video-preview:-1"},"canonical":"https:\/\/www.renouvelle.be\/fr\/les-batteries-ont-un-bilan-co2-favorable-a-grande-echelle-uniquement\/","og_locale":"fr_FR","og_type":"article","og_title":"Les batteries ont un bilan CO2 favorable\u2026 \u00e0 grande \u00e9chelle uniquement - Renouvelle","og_description":"L\u2019Agence internationale de l\u2019\u00e9nergie et son programme R&amp;D d\u00e9di\u00e9 au photovolta\u00efque (IEA PVPS) s\u2019est r\u00e9cemment int\u00e9ress\u00e9e au bilan environnemental des syst\u00e8mes photovolta\u00efques r\u00e9sidentiels coupl\u00e9s \u00e0 un stockage par batterie. Elle a ainsi r\u00e9cemment publi\u00e9 un rapport sur l\u2019analyse du cycle de vie d\u2019un syst\u00e8me dont voici les caract\u00e9ristiques : PV + batterie (Europe) Installation photovolta\u00efque de 10 kWc Panneaux polycristallin Silicium Production annuelle : 10.000 kWh Tests sur des batteries Li-ion de 3 capacit\u00e9s de stockage diff\u00e9rentes : 5, 10 et 20 kWh. &nbsp; B\u00e2timent r\u00e9sidentiel : Consommation annuelle : 10.000 kWh. Auto-consommation annuelle : &nbsp;&nbsp;&nbsp; Directe : 3.000 kWh (soit 30%) &nbsp;&nbsp;&nbsp; Via batterie : 1500 kWh (15%), 2700 kWh (27%) et 3900 kWh (39%) Unit\u00e9 fonctionnelle : &nbsp; 1 kWh AC \u00e9lectricit\u00e9 auto-consomm\u00e9e &nbsp; Les r\u00e9sultats de l\u2019analyse (Life Cycle Assessment &#8211; LCA) montrent un plus grand impact environnemental d\u2019un syst\u00e8me photovolta\u00efque coupl\u00e9 \u00e0 une batterie. La production d\u2019un kWh d\u2019\u00e9lectricit\u00e9 solaire auto-consomm\u00e9 via les trois batteries de capacit\u00e9s croissantes, \u00e9met des gaz \u00e0 effet de serre cumul\u00e9s de, respectivement, 80, 84 et 88 g C02-eq\/kWh. &nbsp; La fabrication des panneaux repr\u00e9sente la moiti\u00e9 de ces \u00e9missions, tandis que les trois batteries comptent, respectivement, pour 17%, 23% et 28% de ces \u00e9missions -, principalement en raison de la nature de l\u2019\u00e9nergie relative \u00e0 l\u2019\u00e9lectricit\u00e9 n\u00e9cessaire pour fabriquer les cellules des batteries. Par comparaison, les \u00e9missions cumul\u00e9es de gaz \u00e0 effet de serre d\u2019un kWh d\u2019\u00e9lectricit\u00e9 solaire directement auto-consomm\u00e9 ou inject\u00e9 dans le r\u00e9seau (sans batterie donc) sont de 54 g CO2-eq\/kWh. L\u2019analyse montre \u00e9galement que l\u2019impact environnemental change selon la dur\u00e9e de vie de la batterie. Ainsi, une r\u00e9duction de 5.000 \u00e0 3.000 cycles de charge augmente la demande d\u2019\u00e9nergie non-renouvelable cumul\u00e9e de 24% et les \u00e9missions de &hellip; Continue reading \"Les batteries ont un bilan CO2 favorable\u2026 \u00e0 grande \u00e9chelle uniquement\"","og_url":"https:\/\/www.renouvelle.be\/fr\/les-batteries-ont-un-bilan-co2-favorable-a-grande-echelle-uniquement\/","og_site_name":"Renouvelle","article_published_time":"2020-10-09T10:00:28+00:00","article_modified_time":"2021-03-08T16:30:11+00:00","og_image":[{"width":580,"height":286,"url":"https:\/\/www.renouvelle.be\/wp-content\/uploads\/2021\/02\/pv-stockage.jpg","type":"image\/jpeg"}],"author":"Benjamin WILKIN","twitter_card":"summary_large_image","schema":{"@context":"https:\/\/schema.org","@graph":[{"@type":"Article","@id":"https:\/\/www.renouvelle.be\/fr\/les-batteries-ont-un-bilan-co2-favorable-a-grande-echelle-uniquement\/#article","isPartOf":{"@id":"https:\/\/www.renouvelle.be\/fr\/les-batteries-ont-un-bilan-co2-favorable-a-grande-echelle-uniquement\/"},"author":{"name":"Benjamin WILKIN","@id":"https:\/\/www.renouvelle.be\/fr\/#\/schema\/person\/20d41a25c5a48ee6500cc1a14288f058"},"headline":"Les batteries ont un bilan CO2 favorable\u2026 \u00e0 grande \u00e9chelle uniquement","datePublished":"2020-10-09T10:00:28+00:00","dateModified":"2021-03-08T16:30:11+00:00","mainEntityOfPage":{"@id":"https:\/\/www.renouvelle.be\/fr\/les-batteries-ont-un-bilan-co2-favorable-a-grande-echelle-uniquement\/"},"wordCount":722,"commentCount":2,"image":{"@id":"https:\/\/www.renouvelle.be\/fr\/les-batteries-ont-un-bilan-co2-favorable-a-grande-echelle-uniquement\/#primaryimage"},"thumbnailUrl":"https:\/\/www.renouvelle.be\/wp-content\/uploads\/2021\/02\/pv-stockage.jpg","articleSection":["Actualit\u00e9 internationale"],"inLanguage":"fr-FR","potentialAction":[{"@type":"CommentAction","name":"Comment","target":["https:\/\/www.renouvelle.be\/fr\/les-batteries-ont-un-bilan-co2-favorable-a-grande-echelle-uniquement\/#respond"]}]},{"@type":"WebPage","@id":"https:\/\/www.renouvelle.be\/fr\/les-batteries-ont-un-bilan-co2-favorable-a-grande-echelle-uniquement\/","url":"https:\/\/www.renouvelle.be\/fr\/les-batteries-ont-un-bilan-co2-favorable-a-grande-echelle-uniquement\/","name":"Les batteries ont un bilan CO2 favorable\u2026 \u00e0 grande \u00e9chelle uniquement - Renouvelle","isPartOf":{"@id":"https:\/\/www.renouvelle.be\/fr\/#website"},"primaryImageOfPage":{"@id":"https:\/\/www.renouvelle.be\/fr\/les-batteries-ont-un-bilan-co2-favorable-a-grande-echelle-uniquement\/#primaryimage"},"image":{"@id":"https:\/\/www.renouvelle.be\/fr\/les-batteries-ont-un-bilan-co2-favorable-a-grande-echelle-uniquement\/#primaryimage"},"thumbnailUrl":"https:\/\/www.renouvelle.be\/wp-content\/uploads\/2021\/02\/pv-stockage.jpg","datePublished":"2020-10-09T10:00:28+00:00","dateModified":"2021-03-08T16:30:11+00:00","author":{"@id":"https:\/\/www.renouvelle.be\/fr\/#\/schema\/person\/20d41a25c5a48ee6500cc1a14288f058"},"breadcrumb":{"@id":"https:\/\/www.renouvelle.be\/fr\/les-batteries-ont-un-bilan-co2-favorable-a-grande-echelle-uniquement\/#breadcrumb"},"inLanguage":"fr-FR","potentialAction":[{"@type":"ReadAction","target":["https:\/\/www.renouvelle.be\/fr\/les-batteries-ont-un-bilan-co2-favorable-a-grande-echelle-uniquement\/"]}]},{"@type":"ImageObject","inLanguage":"fr-FR","@id":"https:\/\/www.renouvelle.be\/fr\/les-batteries-ont-un-bilan-co2-favorable-a-grande-echelle-uniquement\/#primaryimage","url":"https:\/\/www.renouvelle.be\/wp-content\/uploads\/2021\/02\/pv-stockage.jpg","contentUrl":"https:\/\/www.renouvelle.be\/wp-content\/uploads\/2021\/02\/pv-stockage.jpg","width":580,"height":286,"caption":"Solar container unit. 3d rendering concept of a white industrial battery energy storage container with mounted black solar panels situated on fresh green grass in late sunny weather."},{"@type":"BreadcrumbList","@id":"https:\/\/www.renouvelle.be\/fr\/les-batteries-ont-un-bilan-co2-favorable-a-grande-echelle-uniquement\/#breadcrumb","itemListElement":[{"@type":"ListItem","position":1,"name":"Accueil","item":"https:\/\/www.renouvelle.be\/fr\/"},{"@type":"ListItem","position":2,"name":"Les batteries ont un bilan CO2 favorable\u2026 \u00e0 grande \u00e9chelle uniquement"}]},{"@type":"WebSite","@id":"https:\/\/www.renouvelle.be\/fr\/#website","url":"https:\/\/www.renouvelle.be\/fr\/","name":"Renouvelle","description":"L&#039;actualit\u00e9 de l&#039;\u00e9nergie durable","potentialAction":[{"@type":"SearchAction","target":{"@type":"EntryPoint","urlTemplate":"https:\/\/www.renouvelle.be\/fr\/?s={search_term_string}"},"query-input":{"@type":"PropertyValueSpecification","valueRequired":true,"valueName":"search_term_string"}}],"inLanguage":"fr-FR"},{"@type":"Person","@id":"https:\/\/www.renouvelle.be\/fr\/#\/schema\/person\/20d41a25c5a48ee6500cc1a14288f058","name":"Benjamin WILKIN","url":"https:\/\/www.renouvelle.be\/fr\/author\/benjaminwilkin\/"}]}},"_links":{"self":[{"href":"https:\/\/www.renouvelle.be\/fr\/wp-json\/wp\/v2\/posts\/3889","targetHints":{"allow":["GET"]}}],"collection":[{"href":"https:\/\/www.renouvelle.be\/fr\/wp-json\/wp\/v2\/posts"}],"about":[{"href":"https:\/\/www.renouvelle.be\/fr\/wp-json\/wp\/v2\/types\/post"}],"author":[{"embeddable":true,"href":"https:\/\/www.renouvelle.be\/fr\/wp-json\/wp\/v2\/users\/17"}],"replies":[{"embeddable":true,"href":"https:\/\/www.renouvelle.be\/fr\/wp-json\/wp\/v2\/comments?post=3889"}],"version-history":[{"count":3,"href":"https:\/\/www.renouvelle.be\/fr\/wp-json\/wp\/v2\/posts\/3889\/revisions"}],"predecessor-version":[{"id":5417,"href":"https:\/\/www.renouvelle.be\/fr\/wp-json\/wp\/v2\/posts\/3889\/revisions\/5417"}],"wp:featuredmedia":[{"embeddable":true,"href":"https:\/\/www.renouvelle.be\/fr\/wp-json\/wp\/v2\/media\/4720"}],"wp:attachment":[{"href":"https:\/\/www.renouvelle.be\/fr\/wp-json\/wp\/v2\/media?parent=3889"}],"wp:term":[{"taxonomy":"category","embeddable":true,"href":"https:\/\/www.renouvelle.be\/fr\/wp-json\/wp\/v2\/categories?post=3889"},{"taxonomy":"post_tag","embeddable":true,"href":"https:\/\/www.renouvelle.be\/fr\/wp-json\/wp\/v2\/tags?post=3889"},{"taxonomy":"section","embeddable":true,"href":"https:\/\/www.renouvelle.be\/fr\/wp-json\/wp\/v2\/section?post=3889"}],"curies":[{"name":"wp","href":"https:\/\/api.w.org\/{rel}","templated":true}]}}