{"id":3888,"date":"2020-10-08T12:29:06","date_gmt":"2020-10-08T12:29:06","guid":{"rendered":""},"modified":"2023-06-08T15:32:04","modified_gmt":"2023-06-08T13:32:04","slug":"centrales-photovoltaiques-au-sol-choisir-des-sites-prioritaires-sans-incidence","status":"publish","type":"post","link":"https:\/\/www.renouvelle.be\/fr\/centrales-photovoltaiques-au-sol-choisir-des-sites-prioritaires-sans-incidence\/","title":{"rendered":"Centrales photovolta\u00efques au sol : choisir des sites prioritaires, sans incidence pour les riverains"},"content":{"rendered":"<p>Les projets de centrales photovolta\u00efques au sol \u2013 ou champs solaires \u2013 sur des sites naturels, bien que peu nombreux en Wallonie, suscitent d\u00e9sormais des d\u00e9bats et des oppositions de riverains.&nbsp;<\/p>\n<p>On peut les comprendre. Est-il bien pertinent d\u2019installer une centrale solaire dans une prairie \u00e0 proximit\u00e9 d\u2019habitations ou dans un espace naturel propice \u00e0 la promenade ?&nbsp;<\/p>\n<p><em>\u201cLe prix tr\u00e8s comp\u00e9titif du photovolta\u00efque pousse en effet les d\u00e9veloppeurs \u00e0 proposer des projets l\u00e0 o\u00f9 des terrains sont disponibles, sans trop se soucier des incidences locales\u201d, <\/em>explique Benjamin Wilkin, Secr\u00e9taire G\u00e9n\u00e9rale de l\u2019APERe.<em> \u201cOr le Gouvernement wallon &#8211; et la fili\u00e8re &#8211; aurait int\u00e9r\u00eat \u00e0 d\u00e9velopper une strat\u00e9gie et orienter le march\u00e9 en priorit\u00e9 sur les sites marginaux tels que les friches industrielles et les parkings.\u201d&nbsp;<\/em><\/p>\n<p>Ces sites repr\u00e9sentent en effet un grand potentiel de valorisation solaire, car ces sols sont d\u00e9j\u00e0 artificialis\u00e9s (b\u00e9tonn\u00e9s) et n\u2019entrent pas en concurrence avec d\u2019autres usages possibles (agricole, commercial, industriel, \u2026). Il n\u2019y a donc pas d\u2019arbitrage \u00e0 faire ; on valorise simplement ces surfaces par une production d\u2019\u00e9lectricit\u00e9 renouvelable.&nbsp;<\/p>\n<p><em>\u201cDe plus\u201d<\/em>, poursuit Benjamin Wilkin, <em>\u201cles anciens sites industriels se trouvent souvent \u00e0 proximit\u00e9 de postes de raccordement au r\u00e9seau \u00e9lectrique, ce qui facilite l\u2019int\u00e9gration de ces centrales solaires au r\u00e9seau. Mais, pour d\u00e9velopper une telle strat\u00e9gie, la fili\u00e8re a besoin d\u2019un cadastre des sols.\u201d&nbsp;<\/em><\/p>\n<p>&nbsp;<\/p>\n<h2>Les parkings et les friches, ce grand potentiel solaire&nbsp;<\/h2>\n<p>&nbsp;&nbsp;<\/p>\n<p>En France, l\u2019Agence de l\u2019Environnement et de la Ma\u00eetrise de l\u2019Energie (ADEME) a ainsi publi\u00e9 une \u00e9tude qui souligne <a href=\"https:\/\/presse.ademe.fr\/2019\/05\/etude-limportant-potentiel-des-friches-et-des-parkings-pour-developper-lenergie-photovoltaique.html\" target=\"_blank\" rel=\"noopener\">L\u2019important potentiel des friches et parkings pour l\u2019\u00e9nergie photovolta\u00efque<\/a>).&nbsp;<\/p>\n<p>L\u2019Agence estime ce potentiel en France \u00e0 53 GWc, r\u00e9parti \u00e0 93 % sur les friches (49 GWc) et \u00e0 7 % sur les parkings (4 GWc).&nbsp;<\/p>\n<p>Sur certaines friches, les \u00e9ventuelles d\u00e9molitions et d\u00e9pollutions du sol ne constituent donc pas des contraintes insurmontables pour y d\u00e9velopper des centrales photovolta\u00efques.&nbsp;<\/p>\n<p>En Wallonie, r\u00e9gion tr\u00e8s marqu\u00e9e par son pass\u00e9 industriel, un <a href=\"https:\/\/www.iweps.be\/indicateur-statistique\/sites-a-reamenager\/\" target=\"_blank\" rel=\"noopener\">cadastre<\/a>&nbsp;comptabilise 3.795 ha de sites \u00e0 r\u00e9am\u00e9nager (carte ci-dessous).&nbsp;<\/p>\n<p><img decoding=\"async\" alt=\"\" src=\"\/wp-content\/uploads\/2021\/02\/post\/iweps_0.jpg\" style=\"width: 580px; height: 363px;\"><\/p>\n<p>La SPAQUE, entreprise sp\u00e9cialis\u00e9e charg\u00e9e de r\u00e9habiliter ces sites, y a d\u00e9velopp\u00e9 plusieurs projets photovolta\u00efques, notamment sur d\u2019anciennes d\u00e9charges (Mellery, Hensies, Les Isnes) et sur les anciens sites industriels \u00ab SAFEA \u00bb \u00e0 La Louvi\u00e8re (1 MWc) et des \u00ab Nouveaux ateliers m\u00e9caniques \u00bb \u00e0 Morlanwelz (750 kWc). D\u2019autres projets sont en cours.&nbsp;<\/p>\n<p>Au niveau des parkings photovolta\u00efques, le jardin zoologique PAIRI DAIZA dispose d\u00e9sormais du plus grand carport solaire du monde (illustration ci-dessous).&nbsp;<\/p>\n<p><img decoding=\"async\" alt=\"\" src=\"\/wp-content\/uploads\/2021\/02\/post\/pairi-daiza_0.jpg\" style=\"width: 580px; height: 162px;\"><\/p>\n<p>Les 62.750 panneaux solaires couvrent une surface de 104.000 m2, pour une puissance totale de 20 MWc, ce qui en fait aussi la production photovolta\u00efque la plus puissante de Wallonie (lire notre article <a href=\"https:\/\/www.renouvelle.be\/fr\/actualite-belgique\/pairi-daiza-construit-le-plus-grand-parking-photovoltaique-au-monde\" target=\"_blank\" rel=\"noopener\">PAIRI DAIZA construit le plus grand parking photovolta\u00efque au monde<\/a>).<\/p>\n<p>Ce genre de r\u00e9alisation est faisable sur les innombrables parkings de supermarch\u00e9s et de gares notamment.&nbsp;<\/p>\n<p>Selon les estimations de l\u2019APERe, le potentiel en Belgique est tr\u00e8s \u00e9lev\u00e9 : au moins 2,5 GWc sur les friches industrielles et 200 MWc sur les parkings. Ce potentiel m\u00e9riterait n\u00e9anmoins d\u2019\u00eatre chiffr\u00e9 plus pr\u00e9cis\u00e9ment.&nbsp;<\/p>\n<p><em>\u00ab Ces surfaces peuvent \u00eatre facilement valoris\u00e9es par des projets photovolta\u00efques \u00bb,<\/em> estime Benjamin Wilkin. <em>\u00ab Le mod\u00e8le de PAIRI DAIZA m\u00e9riterait d\u2019\u00eatre largement r\u00e9pliqu\u00e9. Et il y a certainement moyen de faire plus que 10 parkings solaires de ce type en Belgique, pensons \u00e0 Walibi par exemple. \u00bb&nbsp;<\/em><\/p>\n<p>&nbsp;<\/p>\n<h2>Les hangars agricoles, comme chez nos voisins&nbsp;<\/h2>\n<p>&nbsp;<\/p>\n<p>Au Grand-Duch\u00e9 du Luxembourg, on peut rencontrer des villages d\u00e9centralis\u00e9s au sein desquels il y a plus de panneaux solaires sur les toitures agricoles, que de vaches dans les pr\u00e9s.&nbsp;<\/p>\n<p>Cette politique d\u2019\u00e9quipement, d\u00e9marr\u00e9e il y a plus de 10 ans, permet de r\u00e9aliser des installations solaires de plus grande taille \u2013 donc moins ch\u00e8res \u2013 tout en offrant une diversification de revenus aux agriculteurs sans artificialiser de nouvelles surfaces.&nbsp;<\/p>\n<p>Connect\u00e9es au r\u00e9seau, ces village-piles photovolta\u00efques, alimentent en journ\u00e9e les centres urbains singeant les flux alimentaires qui poss\u00e8dent la m\u00eame dynamique. En passant, divers besoins locaux sont \u00e9galement satisfaits.&nbsp;<\/p>\n<p>Nous pourrions ais\u00e9ment imaginer un syst\u00e8me de promotion sp\u00e9cifiquement d\u00e9di\u00e9 au monde agricole, en Belgique, afin d\u2019atteindre les m\u00eames r\u00e9sultats que par-del\u00e0 la fronti\u00e8re.&nbsp;<\/p>\n<p><img decoding=\"async\" alt=\"\" src=\"\/wp-content\/uploads\/2021\/02\/post\/hangar-pv.jpg\" style=\"width: 472px; height: 420px;\"><\/p>\n<p><small>Les trois fermes de Hautbellain, au Grand Duch\u00e9 du Luxembourg, sont toutes \u00e9quip\u00e9es de photovolta\u00efque. Avec 213 habitants dans la commune, cela repr\u00e9sente pas loin&nbsp;de 20 panneaux par habitant.<\/small><\/p>\n<p>&nbsp;<\/p>\n<h2>L\u2019agrivolta\u00efque, un autre potentiel int\u00e9ressant&nbsp;<\/h2>\n<p>&nbsp;<\/p>\n<p>Outre les friches industrielles, les&nbsp;parkings et les hangars, les d\u00e9veloppeurs auraient \u00e9galement int\u00e9r\u00eat \u00e0 investir dans l\u2019agro-photovolta\u00efque (ou agrivolta\u00efque).&nbsp;<\/p>\n<p>Cette application technologique consiste \u00e0 installer une infrastructure solaire au-dessus de terres cultivables, ce qui permet de combiner productions agricoles et \u00e9nerg\u00e9tiques (voir photo ci-dessous).&nbsp;<\/p>\n<p><img decoding=\"async\" alt=\"\" src=\"\/wp-content\/uploads\/2021\/02\/post\/agro-pv.jpg\" style=\"width: 580px; height: 316px;\"><\/p>\n<p>Les projets-pilotes en Europe montrent que la lumi\u00e8re au sol reste suffisante pour la photosynth\u00e8se et que certains l\u00e9gumes y trouvent un milieu plus favorable \u00e0 leur croissance (lire notre article <a href=\"https:\/\/www.renouvelle.be\/fr\/technologies\/agriculture-et-photovoltaique-peuvent-utiliser-une-meme-surface\" target=\"_blank\" rel=\"noopener\">Agriculture et photovolta\u00efque peuvent utiliser une m\u00eame surface<\/a>); tandis que l\u2019agriculteur per\u00e7oit un revenu pour accueillir cette infrastructure.&nbsp;<\/p>\n<p>Si de nombreuses r\u00e9alisations existent d\u00e9j\u00e0 dans le monde, il n\u2019existe pas encore&nbsp;de centrales agrivolta\u00efques en Belgique &#8211; \u00e0 l&rsquo;exception d&rsquo;un projet pilote dans un verger de poires en Brabant flamand (lire cet article de <a href=\"https:\/\/www.revolution-energetique.com\/des-chercheurs-belges-testent-lagrivoltaisme-sur-les-vergers-de-poires\/\" target=\"_blank\" rel=\"noopener\">R\u00e9volution \u00e9nerg\u00e9tique<\/a>).&nbsp;<\/p>\n<p>Or le potentiel solaire est ici aussi int\u00e9ressant \u00e0 valoriser, car il n\u2019entre pas non plus en concurrence avec un autre usage du sol et n\u2019aura pas \u2013 ou peu \u2013 d&rsquo;incidence sur l\u2019environnement local et le voisinage.&nbsp;<\/p>\n<p>Autant de pistes, donc, \u00e0 explorer et d\u00e9velopper pour assurer une int\u00e9gration harmonieuse de la fili\u00e8re photovolta\u00efque sur le territoire wallon.&nbsp;<\/p>\n<p>&nbsp;<\/p>\n<p>Lire aussi nos articles :&nbsp;<\/p>\n<p><a href=\"https:\/\/www.renouvelle.be\/fr\/actualite-belgique\/un-champ-solaire-a-arlon-co-finance-par-des-citoyens\">Un champ solaire \u00e0 Arlon co-financ\u00e9 par des citoyens&nbsp;<\/a><\/p>\n<p><a href=\"https:\/\/www.renouvelle.be\/fr\/actualite-belgique\/les-champs-solaires-poussent-en-wallonie\">Les champs solaires poussent en Wallonie&nbsp;<\/a><\/p>\n<p>&nbsp;<\/p>\n","protected":false},"excerpt":{"rendered":"<p>Les projets de centrales photovolta\u00efques au sol \u2013 ou champs solaires \u2013 sur des sites naturels, bien que peu nombreux en Wallonie, suscitent d\u00e9sormais des d\u00e9bats et des oppositions de riverains.&nbsp; On peut les comprendre. Est-il bien pertinent d\u2019installer une centrale solaire dans une prairie \u00e0 proximit\u00e9 d\u2019habitations ou dans un espace naturel propice \u00e0 la promenade ?&nbsp; \u201cLe prix tr\u00e8s comp\u00e9titif du photovolta\u00efque pousse en effet les d\u00e9veloppeurs \u00e0 proposer des projets l\u00e0 o\u00f9 des terrains sont disponibles, sans trop se soucier des incidences locales\u201d, explique Benjamin Wilkin, Secr\u00e9taire G\u00e9n\u00e9rale de l\u2019APERe. \u201cOr le Gouvernement wallon &#8211; et la fili\u00e8re &#8211; aurait int\u00e9r\u00eat \u00e0 d\u00e9velopper une strat\u00e9gie et orienter le march\u00e9 en priorit\u00e9 sur les sites marginaux tels que les friches industrielles et les parkings.\u201d&nbsp; Ces sites repr\u00e9sentent en effet un grand potentiel de valorisation solaire, car ces sols sont d\u00e9j\u00e0 artificialis\u00e9s (b\u00e9tonn\u00e9s) et n\u2019entrent pas en concurrence avec d\u2019autres usages possibles (agricole, commercial, industriel, \u2026). Il n\u2019y a donc pas d\u2019arbitrage \u00e0 faire ; on valorise simplement ces surfaces par une production d\u2019\u00e9lectricit\u00e9 renouvelable.&nbsp; \u201cDe plus\u201d, poursuit Benjamin Wilkin, \u201cles anciens sites industriels se trouvent souvent \u00e0 proximit\u00e9 de postes de raccordement au r\u00e9seau \u00e9lectrique, ce qui facilite l\u2019int\u00e9gration de ces centrales solaires au r\u00e9seau. Mais, pour d\u00e9velopper une telle strat\u00e9gie, la fili\u00e8re a besoin d\u2019un cadastre des sols.\u201d&nbsp; &nbsp; Les parkings et les friches, ce grand potentiel solaire&nbsp; &nbsp;&nbsp; En France, l\u2019Agence de l\u2019Environnement et de la Ma\u00eetrise de l\u2019Energie (ADEME) a ainsi publi\u00e9 une \u00e9tude qui souligne L\u2019important potentiel des friches et parkings pour l\u2019\u00e9nergie photovolta\u00efque).&nbsp; L\u2019Agence estime ce potentiel en France \u00e0 53 GWc, r\u00e9parti \u00e0 93 % sur les friches (49 GWc) et \u00e0 7 % sur les parkings (4 GWc).&nbsp; Sur certaines friches, &hellip; <a href=\"https:\/\/www.renouvelle.be\/fr\/centrales-photovoltaiques-au-sol-choisir-des-sites-prioritaires-sans-incidence\/\" class=\"more-link\">Continue reading<span class=\"screen-reader-text\"> \u00ab\u00a0Centrales photovolta\u00efques au sol : choisir des sites prioritaires, sans incidence pour les riverains\u00a0\u00bb<\/span><\/a><\/p>\n","protected":false},"author":3,"featured_media":4683,"comment_status":"open","ping_status":"open","sticky":false,"template":"","format":"standard","meta":{"_acf_changed":false,"footnotes":""},"categories":[17],"tags":[],"section":[13],"class_list":["post-3888","post","type-post","status-publish","format-standard","has-post-thumbnail","hentry","category-actualite-en-belgique","section-solaire"],"acf":[],"yoast_head":"<!-- This site is optimized with the Yoast SEO plugin v27.4 - https:\/\/yoast.com\/product\/yoast-seo-wordpress\/ -->\n<title>Centrales photovolta\u00efques au sol : choisir des sites prioritaires, sans incidence pour les riverains - Renouvelle<\/title>\n<meta name=\"robots\" content=\"index, follow, max-snippet:-1, max-image-preview:large, max-video-preview:-1\" \/>\n<link rel=\"canonical\" href=\"https:\/\/www.renouvelle.be\/fr\/centrales-photovoltaiques-au-sol-choisir-des-sites-prioritaires-sans-incidence\/\" \/>\n<meta property=\"og:locale\" content=\"fr_FR\" \/>\n<meta property=\"og:type\" content=\"article\" \/>\n<meta property=\"og:title\" content=\"Centrales photovolta\u00efques au sol : choisir des sites prioritaires, sans incidence pour les riverains - Renouvelle\" \/>\n<meta property=\"og:description\" content=\"Les projets de centrales photovolta\u00efques au sol \u2013 ou champs solaires \u2013 sur des sites naturels, bien que peu nombreux en Wallonie, suscitent d\u00e9sormais des d\u00e9bats et des oppositions de riverains.&nbsp; On peut les comprendre. Est-il bien pertinent d\u2019installer une centrale solaire dans une prairie \u00e0 proximit\u00e9 d\u2019habitations ou dans un espace naturel propice \u00e0 la promenade ?&nbsp; \u201cLe prix tr\u00e8s comp\u00e9titif du photovolta\u00efque pousse en effet les d\u00e9veloppeurs \u00e0 proposer des projets l\u00e0 o\u00f9 des terrains sont disponibles, sans trop se soucier des incidences locales\u201d, explique Benjamin Wilkin, Secr\u00e9taire G\u00e9n\u00e9rale de l\u2019APERe. \u201cOr le Gouvernement wallon &#8211; et la fili\u00e8re &#8211; aurait int\u00e9r\u00eat \u00e0 d\u00e9velopper une strat\u00e9gie et orienter le march\u00e9 en priorit\u00e9 sur les sites marginaux tels que les friches industrielles et les parkings.\u201d&nbsp; Ces sites repr\u00e9sentent en effet un grand potentiel de valorisation solaire, car ces sols sont d\u00e9j\u00e0 artificialis\u00e9s (b\u00e9tonn\u00e9s) et n\u2019entrent pas en concurrence avec d\u2019autres usages possibles (agricole, commercial, industriel, \u2026). Il n\u2019y a donc pas d\u2019arbitrage \u00e0 faire ; on valorise simplement ces surfaces par une production d\u2019\u00e9lectricit\u00e9 renouvelable.&nbsp; \u201cDe plus\u201d, poursuit Benjamin Wilkin, \u201cles anciens sites industriels se trouvent souvent \u00e0 proximit\u00e9 de postes de raccordement au r\u00e9seau \u00e9lectrique, ce qui facilite l\u2019int\u00e9gration de ces centrales solaires au r\u00e9seau. Mais, pour d\u00e9velopper une telle strat\u00e9gie, la fili\u00e8re a besoin d\u2019un cadastre des sols.\u201d&nbsp; &nbsp; Les parkings et les friches, ce grand potentiel solaire&nbsp; &nbsp;&nbsp; En France, l\u2019Agence de l\u2019Environnement et de la Ma\u00eetrise de l\u2019Energie (ADEME) a ainsi publi\u00e9 une \u00e9tude qui souligne L\u2019important potentiel des friches et parkings pour l\u2019\u00e9nergie photovolta\u00efque).&nbsp; L\u2019Agence estime ce potentiel en France \u00e0 53 GWc, r\u00e9parti \u00e0 93 % sur les friches (49 GWc) et \u00e0 7 % sur les parkings (4 GWc).&nbsp; Sur certaines friches, &hellip; Continue reading &quot;Centrales photovolta\u00efques au sol : choisir des sites prioritaires, sans incidence pour les riverains&quot;\" \/>\n<meta property=\"og:url\" content=\"https:\/\/www.renouvelle.be\/fr\/centrales-photovoltaiques-au-sol-choisir-des-sites-prioritaires-sans-incidence\/\" \/>\n<meta property=\"og:site_name\" content=\"Renouvelle\" \/>\n<meta property=\"article:published_time\" content=\"2020-10-08T12:29:06+00:00\" \/>\n<meta property=\"article:modified_time\" content=\"2023-06-08T13:32:04+00:00\" \/>\n<meta property=\"og:image\" content=\"https:\/\/www.renouvelle.be\/wp-content\/uploads\/2021\/02\/parking-pv.jpg\" \/>\n\t<meta property=\"og:image:width\" content=\"580\" \/>\n\t<meta property=\"og:image:height\" content=\"387\" \/>\n\t<meta property=\"og:image:type\" content=\"image\/jpeg\" \/>\n<meta name=\"author\" content=\"Energie Commune\" \/>\n<meta name=\"twitter:card\" content=\"summary_large_image\" \/>\n<script type=\"application\/ld+json\" class=\"yoast-schema-graph\">{\"@context\":\"https:\\\/\\\/schema.org\",\"@graph\":[{\"@type\":\"Article\",\"@id\":\"https:\\\/\\\/www.renouvelle.be\\\/fr\\\/centrales-photovoltaiques-au-sol-choisir-des-sites-prioritaires-sans-incidence\\\/#article\",\"isPartOf\":{\"@id\":\"https:\\\/\\\/www.renouvelle.be\\\/fr\\\/centrales-photovoltaiques-au-sol-choisir-des-sites-prioritaires-sans-incidence\\\/\"},\"author\":{\"name\":\"Energie Commune\",\"@id\":\"https:\\\/\\\/www.renouvelle.be\\\/fr\\\/#\\\/schema\\\/person\\\/01fbe8226a07f8f3d4a1cd059b31f17a\"},\"headline\":\"Centrales photovolta\u00efques au sol : choisir des sites prioritaires, sans incidence pour les riverains\",\"datePublished\":\"2020-10-08T12:29:06+00:00\",\"dateModified\":\"2023-06-08T13:32:04+00:00\",\"mainEntityOfPage\":{\"@id\":\"https:\\\/\\\/www.renouvelle.be\\\/fr\\\/centrales-photovoltaiques-au-sol-choisir-des-sites-prioritaires-sans-incidence\\\/\"},\"wordCount\":1063,\"commentCount\":0,\"image\":{\"@id\":\"https:\\\/\\\/www.renouvelle.be\\\/fr\\\/centrales-photovoltaiques-au-sol-choisir-des-sites-prioritaires-sans-incidence\\\/#primaryimage\"},\"thumbnailUrl\":\"https:\\\/\\\/www.renouvelle.be\\\/wp-content\\\/uploads\\\/2021\\\/02\\\/parking-pv.jpg\",\"articleSection\":[\"Actualit\u00e9 en Belgique\"],\"inLanguage\":\"fr-FR\",\"potentialAction\":[{\"@type\":\"CommentAction\",\"name\":\"Comment\",\"target\":[\"https:\\\/\\\/www.renouvelle.be\\\/fr\\\/centrales-photovoltaiques-au-sol-choisir-des-sites-prioritaires-sans-incidence\\\/#respond\"]}]},{\"@type\":\"WebPage\",\"@id\":\"https:\\\/\\\/www.renouvelle.be\\\/fr\\\/centrales-photovoltaiques-au-sol-choisir-des-sites-prioritaires-sans-incidence\\\/\",\"url\":\"https:\\\/\\\/www.renouvelle.be\\\/fr\\\/centrales-photovoltaiques-au-sol-choisir-des-sites-prioritaires-sans-incidence\\\/\",\"name\":\"Centrales photovolta\u00efques au sol : choisir des sites prioritaires, sans incidence pour les riverains - Renouvelle\",\"isPartOf\":{\"@id\":\"https:\\\/\\\/www.renouvelle.be\\\/fr\\\/#website\"},\"primaryImageOfPage\":{\"@id\":\"https:\\\/\\\/www.renouvelle.be\\\/fr\\\/centrales-photovoltaiques-au-sol-choisir-des-sites-prioritaires-sans-incidence\\\/#primaryimage\"},\"image\":{\"@id\":\"https:\\\/\\\/www.renouvelle.be\\\/fr\\\/centrales-photovoltaiques-au-sol-choisir-des-sites-prioritaires-sans-incidence\\\/#primaryimage\"},\"thumbnailUrl\":\"https:\\\/\\\/www.renouvelle.be\\\/wp-content\\\/uploads\\\/2021\\\/02\\\/parking-pv.jpg\",\"datePublished\":\"2020-10-08T12:29:06+00:00\",\"dateModified\":\"2023-06-08T13:32:04+00:00\",\"author\":{\"@id\":\"https:\\\/\\\/www.renouvelle.be\\\/fr\\\/#\\\/schema\\\/person\\\/01fbe8226a07f8f3d4a1cd059b31f17a\"},\"breadcrumb\":{\"@id\":\"https:\\\/\\\/www.renouvelle.be\\\/fr\\\/centrales-photovoltaiques-au-sol-choisir-des-sites-prioritaires-sans-incidence\\\/#breadcrumb\"},\"inLanguage\":\"fr-FR\",\"potentialAction\":[{\"@type\":\"ReadAction\",\"target\":[\"https:\\\/\\\/www.renouvelle.be\\\/fr\\\/centrales-photovoltaiques-au-sol-choisir-des-sites-prioritaires-sans-incidence\\\/\"]}]},{\"@type\":\"ImageObject\",\"inLanguage\":\"fr-FR\",\"@id\":\"https:\\\/\\\/www.renouvelle.be\\\/fr\\\/centrales-photovoltaiques-au-sol-choisir-des-sites-prioritaires-sans-incidence\\\/#primaryimage\",\"url\":\"https:\\\/\\\/www.renouvelle.be\\\/wp-content\\\/uploads\\\/2021\\\/02\\\/parking-pv.jpg\",\"contentUrl\":\"https:\\\/\\\/www.renouvelle.be\\\/wp-content\\\/uploads\\\/2021\\\/02\\\/parking-pv.jpg\",\"width\":580,\"height\":387},{\"@type\":\"BreadcrumbList\",\"@id\":\"https:\\\/\\\/www.renouvelle.be\\\/fr\\\/centrales-photovoltaiques-au-sol-choisir-des-sites-prioritaires-sans-incidence\\\/#breadcrumb\",\"itemListElement\":[{\"@type\":\"ListItem\",\"position\":1,\"name\":\"Accueil\",\"item\":\"https:\\\/\\\/www.renouvelle.be\\\/fr\\\/\"},{\"@type\":\"ListItem\",\"position\":2,\"name\":\"Centrales photovolta\u00efques au sol : choisir des sites prioritaires, sans incidence pour les riverains\"}]},{\"@type\":\"WebSite\",\"@id\":\"https:\\\/\\\/www.renouvelle.be\\\/fr\\\/#website\",\"url\":\"https:\\\/\\\/www.renouvelle.be\\\/fr\\\/\",\"name\":\"Renouvelle\",\"description\":\"L&#039;actualit\u00e9 de l&#039;\u00e9nergie durable\",\"potentialAction\":[{\"@type\":\"SearchAction\",\"target\":{\"@type\":\"EntryPoint\",\"urlTemplate\":\"https:\\\/\\\/www.renouvelle.be\\\/fr\\\/?s={search_term_string}\"},\"query-input\":{\"@type\":\"PropertyValueSpecification\",\"valueRequired\":true,\"valueName\":\"search_term_string\"}}],\"inLanguage\":\"fr-FR\"},{\"@type\":\"Person\",\"@id\":\"https:\\\/\\\/www.renouvelle.be\\\/fr\\\/#\\\/schema\\\/person\\\/01fbe8226a07f8f3d4a1cd059b31f17a\",\"name\":\"Energie Commune\",\"url\":\"https:\\\/\\\/www.renouvelle.be\\\/fr\\\/author\\\/apere\\\/\"}]}<\/script>\n<!-- \/ Yoast SEO plugin. -->","yoast_head_json":{"title":"Centrales photovolta\u00efques au sol : choisir des sites prioritaires, sans incidence pour les riverains - Renouvelle","robots":{"index":"index","follow":"follow","max-snippet":"max-snippet:-1","max-image-preview":"max-image-preview:large","max-video-preview":"max-video-preview:-1"},"canonical":"https:\/\/www.renouvelle.be\/fr\/centrales-photovoltaiques-au-sol-choisir-des-sites-prioritaires-sans-incidence\/","og_locale":"fr_FR","og_type":"article","og_title":"Centrales photovolta\u00efques au sol : choisir des sites prioritaires, sans incidence pour les riverains - Renouvelle","og_description":"Les projets de centrales photovolta\u00efques au sol \u2013 ou champs solaires \u2013 sur des sites naturels, bien que peu nombreux en Wallonie, suscitent d\u00e9sormais des d\u00e9bats et des oppositions de riverains.&nbsp; On peut les comprendre. Est-il bien pertinent d\u2019installer une centrale solaire dans une prairie \u00e0 proximit\u00e9 d\u2019habitations ou dans un espace naturel propice \u00e0 la promenade ?&nbsp; \u201cLe prix tr\u00e8s comp\u00e9titif du photovolta\u00efque pousse en effet les d\u00e9veloppeurs \u00e0 proposer des projets l\u00e0 o\u00f9 des terrains sont disponibles, sans trop se soucier des incidences locales\u201d, explique Benjamin Wilkin, Secr\u00e9taire G\u00e9n\u00e9rale de l\u2019APERe. \u201cOr le Gouvernement wallon &#8211; et la fili\u00e8re &#8211; aurait int\u00e9r\u00eat \u00e0 d\u00e9velopper une strat\u00e9gie et orienter le march\u00e9 en priorit\u00e9 sur les sites marginaux tels que les friches industrielles et les parkings.\u201d&nbsp; Ces sites repr\u00e9sentent en effet un grand potentiel de valorisation solaire, car ces sols sont d\u00e9j\u00e0 artificialis\u00e9s (b\u00e9tonn\u00e9s) et n\u2019entrent pas en concurrence avec d\u2019autres usages possibles (agricole, commercial, industriel, \u2026). Il n\u2019y a donc pas d\u2019arbitrage \u00e0 faire ; on valorise simplement ces surfaces par une production d\u2019\u00e9lectricit\u00e9 renouvelable.&nbsp; \u201cDe plus\u201d, poursuit Benjamin Wilkin, \u201cles anciens sites industriels se trouvent souvent \u00e0 proximit\u00e9 de postes de raccordement au r\u00e9seau \u00e9lectrique, ce qui facilite l\u2019int\u00e9gration de ces centrales solaires au r\u00e9seau. Mais, pour d\u00e9velopper une telle strat\u00e9gie, la fili\u00e8re a besoin d\u2019un cadastre des sols.\u201d&nbsp; &nbsp; Les parkings et les friches, ce grand potentiel solaire&nbsp; &nbsp;&nbsp; En France, l\u2019Agence de l\u2019Environnement et de la Ma\u00eetrise de l\u2019Energie (ADEME) a ainsi publi\u00e9 une \u00e9tude qui souligne L\u2019important potentiel des friches et parkings pour l\u2019\u00e9nergie photovolta\u00efque).&nbsp; L\u2019Agence estime ce potentiel en France \u00e0 53 GWc, r\u00e9parti \u00e0 93 % sur les friches (49 GWc) et \u00e0 7 % sur les parkings (4 GWc).&nbsp; Sur certaines friches, &hellip; Continue reading \"Centrales photovolta\u00efques au sol : choisir des sites prioritaires, sans incidence pour les riverains\"","og_url":"https:\/\/www.renouvelle.be\/fr\/centrales-photovoltaiques-au-sol-choisir-des-sites-prioritaires-sans-incidence\/","og_site_name":"Renouvelle","article_published_time":"2020-10-08T12:29:06+00:00","article_modified_time":"2023-06-08T13:32:04+00:00","og_image":[{"width":580,"height":387,"url":"https:\/\/www.renouvelle.be\/wp-content\/uploads\/2021\/02\/parking-pv.jpg","type":"image\/jpeg"}],"author":"Energie Commune","twitter_card":"summary_large_image","schema":{"@context":"https:\/\/schema.org","@graph":[{"@type":"Article","@id":"https:\/\/www.renouvelle.be\/fr\/centrales-photovoltaiques-au-sol-choisir-des-sites-prioritaires-sans-incidence\/#article","isPartOf":{"@id":"https:\/\/www.renouvelle.be\/fr\/centrales-photovoltaiques-au-sol-choisir-des-sites-prioritaires-sans-incidence\/"},"author":{"name":"Energie Commune","@id":"https:\/\/www.renouvelle.be\/fr\/#\/schema\/person\/01fbe8226a07f8f3d4a1cd059b31f17a"},"headline":"Centrales photovolta\u00efques au sol : choisir des sites prioritaires, sans incidence pour les riverains","datePublished":"2020-10-08T12:29:06+00:00","dateModified":"2023-06-08T13:32:04+00:00","mainEntityOfPage":{"@id":"https:\/\/www.renouvelle.be\/fr\/centrales-photovoltaiques-au-sol-choisir-des-sites-prioritaires-sans-incidence\/"},"wordCount":1063,"commentCount":0,"image":{"@id":"https:\/\/www.renouvelle.be\/fr\/centrales-photovoltaiques-au-sol-choisir-des-sites-prioritaires-sans-incidence\/#primaryimage"},"thumbnailUrl":"https:\/\/www.renouvelle.be\/wp-content\/uploads\/2021\/02\/parking-pv.jpg","articleSection":["Actualit\u00e9 en Belgique"],"inLanguage":"fr-FR","potentialAction":[{"@type":"CommentAction","name":"Comment","target":["https:\/\/www.renouvelle.be\/fr\/centrales-photovoltaiques-au-sol-choisir-des-sites-prioritaires-sans-incidence\/#respond"]}]},{"@type":"WebPage","@id":"https:\/\/www.renouvelle.be\/fr\/centrales-photovoltaiques-au-sol-choisir-des-sites-prioritaires-sans-incidence\/","url":"https:\/\/www.renouvelle.be\/fr\/centrales-photovoltaiques-au-sol-choisir-des-sites-prioritaires-sans-incidence\/","name":"Centrales photovolta\u00efques au sol : choisir des sites prioritaires, sans incidence pour les riverains - Renouvelle","isPartOf":{"@id":"https:\/\/www.renouvelle.be\/fr\/#website"},"primaryImageOfPage":{"@id":"https:\/\/www.renouvelle.be\/fr\/centrales-photovoltaiques-au-sol-choisir-des-sites-prioritaires-sans-incidence\/#primaryimage"},"image":{"@id":"https:\/\/www.renouvelle.be\/fr\/centrales-photovoltaiques-au-sol-choisir-des-sites-prioritaires-sans-incidence\/#primaryimage"},"thumbnailUrl":"https:\/\/www.renouvelle.be\/wp-content\/uploads\/2021\/02\/parking-pv.jpg","datePublished":"2020-10-08T12:29:06+00:00","dateModified":"2023-06-08T13:32:04+00:00","author":{"@id":"https:\/\/www.renouvelle.be\/fr\/#\/schema\/person\/01fbe8226a07f8f3d4a1cd059b31f17a"},"breadcrumb":{"@id":"https:\/\/www.renouvelle.be\/fr\/centrales-photovoltaiques-au-sol-choisir-des-sites-prioritaires-sans-incidence\/#breadcrumb"},"inLanguage":"fr-FR","potentialAction":[{"@type":"ReadAction","target":["https:\/\/www.renouvelle.be\/fr\/centrales-photovoltaiques-au-sol-choisir-des-sites-prioritaires-sans-incidence\/"]}]},{"@type":"ImageObject","inLanguage":"fr-FR","@id":"https:\/\/www.renouvelle.be\/fr\/centrales-photovoltaiques-au-sol-choisir-des-sites-prioritaires-sans-incidence\/#primaryimage","url":"https:\/\/www.renouvelle.be\/wp-content\/uploads\/2021\/02\/parking-pv.jpg","contentUrl":"https:\/\/www.renouvelle.be\/wp-content\/uploads\/2021\/02\/parking-pv.jpg","width":580,"height":387},{"@type":"BreadcrumbList","@id":"https:\/\/www.renouvelle.be\/fr\/centrales-photovoltaiques-au-sol-choisir-des-sites-prioritaires-sans-incidence\/#breadcrumb","itemListElement":[{"@type":"ListItem","position":1,"name":"Accueil","item":"https:\/\/www.renouvelle.be\/fr\/"},{"@type":"ListItem","position":2,"name":"Centrales photovolta\u00efques au sol : choisir des sites prioritaires, sans incidence pour les riverains"}]},{"@type":"WebSite","@id":"https:\/\/www.renouvelle.be\/fr\/#website","url":"https:\/\/www.renouvelle.be\/fr\/","name":"Renouvelle","description":"L&#039;actualit\u00e9 de l&#039;\u00e9nergie durable","potentialAction":[{"@type":"SearchAction","target":{"@type":"EntryPoint","urlTemplate":"https:\/\/www.renouvelle.be\/fr\/?s={search_term_string}"},"query-input":{"@type":"PropertyValueSpecification","valueRequired":true,"valueName":"search_term_string"}}],"inLanguage":"fr-FR"},{"@type":"Person","@id":"https:\/\/www.renouvelle.be\/fr\/#\/schema\/person\/01fbe8226a07f8f3d4a1cd059b31f17a","name":"Energie Commune","url":"https:\/\/www.renouvelle.be\/fr\/author\/apere\/"}]}},"_links":{"self":[{"href":"https:\/\/www.renouvelle.be\/fr\/wp-json\/wp\/v2\/posts\/3888","targetHints":{"allow":["GET"]}}],"collection":[{"href":"https:\/\/www.renouvelle.be\/fr\/wp-json\/wp\/v2\/posts"}],"about":[{"href":"https:\/\/www.renouvelle.be\/fr\/wp-json\/wp\/v2\/types\/post"}],"author":[{"embeddable":true,"href":"https:\/\/www.renouvelle.be\/fr\/wp-json\/wp\/v2\/users\/3"}],"replies":[{"embeddable":true,"href":"https:\/\/www.renouvelle.be\/fr\/wp-json\/wp\/v2\/comments?post=3888"}],"version-history":[{"count":2,"href":"https:\/\/www.renouvelle.be\/fr\/wp-json\/wp\/v2\/posts\/3888\/revisions"}],"predecessor-version":[{"id":5524,"href":"https:\/\/www.renouvelle.be\/fr\/wp-json\/wp\/v2\/posts\/3888\/revisions\/5524"}],"wp:featuredmedia":[{"embeddable":true,"href":"https:\/\/www.renouvelle.be\/fr\/wp-json\/wp\/v2\/media\/4683"}],"wp:attachment":[{"href":"https:\/\/www.renouvelle.be\/fr\/wp-json\/wp\/v2\/media?parent=3888"}],"wp:term":[{"taxonomy":"category","embeddable":true,"href":"https:\/\/www.renouvelle.be\/fr\/wp-json\/wp\/v2\/categories?post=3888"},{"taxonomy":"post_tag","embeddable":true,"href":"https:\/\/www.renouvelle.be\/fr\/wp-json\/wp\/v2\/tags?post=3888"},{"taxonomy":"section","embeddable":true,"href":"https:\/\/www.renouvelle.be\/fr\/wp-json\/wp\/v2\/section?post=3888"}],"curies":[{"name":"wp","href":"https:\/\/api.w.org\/{rel}","templated":true}]}}