{"id":3884,"date":"2020-10-01T09:55:08","date_gmt":"2020-10-01T09:55:08","guid":{"rendered":""},"modified":"2023-07-10T23:44:13","modified_gmt":"2023-07-10T21:44:13","slug":"la-belgique-et-lallemagne-sont-desormais-interconnectees","status":"publish","type":"post","link":"https:\/\/www.renouvelle.be\/fr\/la-belgique-et-lallemagne-sont-desormais-interconnectees\/","title":{"rendered":"La Belgique et l\u2019Allemagne sont d\u00e9sormais interconnect\u00e9es"},"content":{"rendered":"<p>Le groupe Elia, gestionnaire du r\u00e9seau belge haute tension, poursuit ses chantiers strat\u00e9giques d\u2019interconnexion entre la Belgique et ses pays voisins.&nbsp;<\/p>\n<p>Fin 2018 \u00e9tait inaugur\u00e9e l\u2019interconnexion sous-marine Nemo Link avec le Royaume Uni, permettant l\u2019\u00e9change de 1 GW suppl\u00e9mentaire entre les deux pays (lire notre article <a href=\"https:\/\/www.renouvelle.be\/fr\/actualite-internationale\/la-belgique-et-le-royaume-uni-sont-desormais-interconnectes\">La Belgique et le Royaume Uni sont d\u00e9sormais interconnect\u00e9s<\/a>).&nbsp;<\/p>\n<p>Fin 2020 sera inaugur\u00e9e l\u2019interconnexion ALEGrO avec l\u2019Allemagne, permettant \u00e9galement de faire circuler 1 GW suppl\u00e9mentaire entre les deux pays \u2013 soit entre 8 et 20% de la puissance en \u00e9lectricit\u00e9 consomm\u00e9e en Belgique en journ\u00e9e en fonction qu\u2019il s\u2019agisse d\u2019une journ\u00e9e d\u2019hiver \u00e0 forte consommation ou, inversement, d\u2019\u00e9t\u00e9 \u00e0 faible consommation.<\/p>\n<p>La liaison souterraine s\u2019\u00e9tend sur 90 km \u2013 dont 49 en Belgique \u2013 et relie les stations de conversion de Lixhe (Belgique) et de Oberzier (Allemagne) &#8211; illustration ci-dessous.&nbsp;<\/p>\n<p><img decoding=\"async\" alt=\"\" src=\"\/wp-content\/uploads\/2021\/02\/post\/alegro2.jpg\" style=\"width: 580px; height: 295px;\"><\/p>\n<p>Pour permettre l\u2019importation ou exportation souterraine d\u2019\u00e9lectricit\u00e9 entre les deux pays, le choix a \u00e9t\u00e9 fait de travailler en courant continu : il faut donc transformer le courant alternatif (utilis\u00e9 sur le r\u00e9seau haute-tension) en courant continu, ce qui se fait dans les stations de conversion \u00e0 chaque extr\u00e9mit\u00e9 de la liaison souterraine \u2013 illustration ci-dessous. L\u2019\u00e9change d\u2019\u00e9lectricit\u00e9 se fait instantan\u00e9ment et \u00e0 double direction.&nbsp;<\/p>\n<p><img decoding=\"async\" alt=\"\" src=\"\/wp-content\/uploads\/2021\/02\/post\/alegro1.jpg\" style=\"width: 580px; height: 306px;\"><\/p>\n<p>&nbsp;<\/p>\n<p>Le projet ALEGrO a n\u00e9cessit\u00e9 un investissement colossal de 500 millions \u20ac et 10 ans de travaux. La liaison sera op\u00e9rationnelle mi-novembre 2020.&nbsp;<\/p>\n<p><img decoding=\"async\" alt=\"\" src=\"\/wp-content\/uploads\/2021\/02\/post\/alegro4.jpg\" style=\"width: 580px; height: 326px;\"><\/p>\n<p>La station de conversion de Lixhe, une infrastructure in\u00e9dite en Wallonie. Photo: Elia.&nbsp;<\/p>\n<p>&nbsp;<\/p>\n<h2>Mieux int\u00e9grer, techniquement, les renouvelables&nbsp;<\/h2>\n<p>&nbsp;<\/p>\n<p>Les interconnexions entre les r\u00e9seaux europ\u00e9ens offrent au moins trois avantages : elles augmentent la s\u00e9curit\u00e9 d\u2019approvisionnement, harmonisent les prix de l\u2019\u00e9lectricit\u00e9 au niveau europ\u00e9en en les poussant, pour l\u2019instant, \u00e0 la baisse et permettent de transporter les surplus des productions renouvelables locales vers les r\u00e9gions o\u00f9 la demande d\u2019\u00e9lectricit\u00e9 est plus forte.&nbsp;<\/p>\n<p>Dans le cas d\u2019ALEGrO, les gestionnaires des r\u00e9seaux belge et allemand comptent par exemple exporter les surplus de production des parcs \u00e9oliens offshore en mer baltique vers les entreprises belges grandes consommatrices d\u2019\u00e9lectricit\u00e9 ou, inversement et selon la m\u00e9t\u00e9o, exporter les surplus \u00e9oliens ou solaires belges vers les grands consommateurs allemands.&nbsp;<\/p>\n<p>A terme, un super r\u00e9seau europ\u00e9en pourra donc int\u00e9grer 100% d\u2019\u00e9lectricit\u00e9 renouvelables, produites localement selon les potentiels et conditions m\u00e9t\u00e9o de chaque r\u00e9gion.&nbsp;<\/p>\n<p>Le r\u00e9seau haute-tension belge est consid\u00e9r\u00e9 comme un hub essentiel pour ce futur super r\u00e9seau europ\u00e9en.&nbsp;<\/p>\n<p>Ces interconnexions et capacit\u00e9s d\u2019\u00e9change avec nos voisins joueront \u00e9galement un r\u00f4le positif pour compenser le nucl\u00e9aire belge, dont la sortie est programm\u00e9e en 2025.&nbsp;<\/p>\n","protected":false},"excerpt":{"rendered":"<p>Le groupe Elia, gestionnaire du r\u00e9seau belge haute tension, poursuit ses chantiers strat\u00e9giques d\u2019interconnexion entre la Belgique et ses pays voisins.&nbsp; Fin 2018 \u00e9tait inaugur\u00e9e l\u2019interconnexion sous-marine Nemo Link avec le Royaume Uni, permettant l\u2019\u00e9change de 1 GW suppl\u00e9mentaire entre les deux pays (lire notre article La Belgique et le Royaume Uni sont d\u00e9sormais interconnect\u00e9s).&nbsp; Fin 2020 sera inaugur\u00e9e l\u2019interconnexion ALEGrO avec l\u2019Allemagne, permettant \u00e9galement de faire circuler 1 GW suppl\u00e9mentaire entre les deux pays \u2013 soit entre 8 et 20% de la puissance en \u00e9lectricit\u00e9 consomm\u00e9e en Belgique en journ\u00e9e en fonction qu\u2019il s\u2019agisse d\u2019une journ\u00e9e d\u2019hiver \u00e0 forte consommation ou, inversement, d\u2019\u00e9t\u00e9 \u00e0 faible consommation. La liaison souterraine s\u2019\u00e9tend sur 90 km \u2013 dont 49 en Belgique \u2013 et relie les stations de conversion de Lixhe (Belgique) et de Oberzier (Allemagne) &#8211; illustration ci-dessous.&nbsp; Pour permettre l\u2019importation ou exportation souterraine d\u2019\u00e9lectricit\u00e9 entre les deux pays, le choix a \u00e9t\u00e9 fait de travailler en courant continu : il faut donc transformer le courant alternatif (utilis\u00e9 sur le r\u00e9seau haute-tension) en courant continu, ce qui se fait dans les stations de conversion \u00e0 chaque extr\u00e9mit\u00e9 de la liaison souterraine \u2013 illustration ci-dessous. L\u2019\u00e9change d\u2019\u00e9lectricit\u00e9 se fait instantan\u00e9ment et \u00e0 double direction.&nbsp; &nbsp; Le projet ALEGrO a n\u00e9cessit\u00e9 un investissement colossal de 500 millions \u20ac et 10 ans de travaux. La liaison sera op\u00e9rationnelle mi-novembre 2020.&nbsp; La station de conversion de Lixhe, une infrastructure in\u00e9dite en Wallonie. Photo: Elia.&nbsp; &nbsp; Mieux int\u00e9grer, techniquement, les renouvelables&nbsp; &nbsp; Les interconnexions entre les r\u00e9seaux europ\u00e9ens offrent au moins trois avantages : elles augmentent la s\u00e9curit\u00e9 d\u2019approvisionnement, harmonisent les prix de l\u2019\u00e9lectricit\u00e9 au niveau europ\u00e9en en les poussant, pour l\u2019instant, \u00e0 la baisse et permettent de transporter les surplus des productions renouvelables locales vers les &hellip; <a href=\"https:\/\/www.renouvelle.be\/fr\/la-belgique-et-lallemagne-sont-desormais-interconnectees\/\" class=\"more-link\">Continue reading<span class=\"screen-reader-text\"> \u00ab\u00a0La Belgique et l\u2019Allemagne sont d\u00e9sormais interconnect\u00e9es\u00a0\u00bb<\/span><\/a><\/p>\n","protected":false},"author":3,"featured_media":4393,"comment_status":"open","ping_status":"open","sticky":false,"template":"","format":"standard","meta":{"_acf_changed":false,"footnotes":""},"categories":[17],"tags":[],"section":[8],"class_list":["post-3884","post","type-post","status-publish","format-standard","has-post-thumbnail","hentry","category-actualite-en-belgique","section-energie-renouvelables"],"acf":[],"yoast_head":"<!-- This site is optimized with the Yoast SEO plugin v27.5 - https:\/\/yoast.com\/product\/yoast-seo-wordpress\/ -->\n<title>La Belgique et l\u2019Allemagne sont d\u00e9sormais interconnect\u00e9es - Renouvelle<\/title>\n<meta name=\"robots\" content=\"index, follow, max-snippet:-1, max-image-preview:large, max-video-preview:-1\" \/>\n<link rel=\"canonical\" href=\"https:\/\/www.renouvelle.be\/fr\/la-belgique-et-lallemagne-sont-desormais-interconnectees\/\" \/>\n<meta property=\"og:locale\" content=\"fr_FR\" \/>\n<meta property=\"og:type\" content=\"article\" \/>\n<meta property=\"og:title\" content=\"La Belgique et l\u2019Allemagne sont d\u00e9sormais interconnect\u00e9es - Renouvelle\" \/>\n<meta property=\"og:description\" content=\"Le groupe Elia, gestionnaire du r\u00e9seau belge haute tension, poursuit ses chantiers strat\u00e9giques d\u2019interconnexion entre la Belgique et ses pays voisins.&nbsp; Fin 2018 \u00e9tait inaugur\u00e9e l\u2019interconnexion sous-marine Nemo Link avec le Royaume Uni, permettant l\u2019\u00e9change de 1 GW suppl\u00e9mentaire entre les deux pays (lire notre article La Belgique et le Royaume Uni sont d\u00e9sormais interconnect\u00e9s).&nbsp; Fin 2020 sera inaugur\u00e9e l\u2019interconnexion ALEGrO avec l\u2019Allemagne, permettant \u00e9galement de faire circuler 1 GW suppl\u00e9mentaire entre les deux pays \u2013 soit entre 8 et 20% de la puissance en \u00e9lectricit\u00e9 consomm\u00e9e en Belgique en journ\u00e9e en fonction qu\u2019il s\u2019agisse d\u2019une journ\u00e9e d\u2019hiver \u00e0 forte consommation ou, inversement, d\u2019\u00e9t\u00e9 \u00e0 faible consommation. La liaison souterraine s\u2019\u00e9tend sur 90 km \u2013 dont 49 en Belgique \u2013 et relie les stations de conversion de Lixhe (Belgique) et de Oberzier (Allemagne) &#8211; illustration ci-dessous.&nbsp; Pour permettre l\u2019importation ou exportation souterraine d\u2019\u00e9lectricit\u00e9 entre les deux pays, le choix a \u00e9t\u00e9 fait de travailler en courant continu : il faut donc transformer le courant alternatif (utilis\u00e9 sur le r\u00e9seau haute-tension) en courant continu, ce qui se fait dans les stations de conversion \u00e0 chaque extr\u00e9mit\u00e9 de la liaison souterraine \u2013 illustration ci-dessous. L\u2019\u00e9change d\u2019\u00e9lectricit\u00e9 se fait instantan\u00e9ment et \u00e0 double direction.&nbsp; &nbsp; Le projet ALEGrO a n\u00e9cessit\u00e9 un investissement colossal de 500 millions \u20ac et 10 ans de travaux. La liaison sera op\u00e9rationnelle mi-novembre 2020.&nbsp; La station de conversion de Lixhe, une infrastructure in\u00e9dite en Wallonie. Photo: Elia.&nbsp; &nbsp; Mieux int\u00e9grer, techniquement, les renouvelables&nbsp; &nbsp; Les interconnexions entre les r\u00e9seaux europ\u00e9ens offrent au moins trois avantages : elles augmentent la s\u00e9curit\u00e9 d\u2019approvisionnement, harmonisent les prix de l\u2019\u00e9lectricit\u00e9 au niveau europ\u00e9en en les poussant, pour l\u2019instant, \u00e0 la baisse et permettent de transporter les surplus des productions renouvelables locales vers les &hellip; Continue reading &quot;La Belgique et l\u2019Allemagne sont d\u00e9sormais interconnect\u00e9es&quot;\" \/>\n<meta property=\"og:url\" content=\"https:\/\/www.renouvelle.be\/fr\/la-belgique-et-lallemagne-sont-desormais-interconnectees\/\" \/>\n<meta property=\"og:site_name\" content=\"Renouvelle\" \/>\n<meta property=\"article:published_time\" content=\"2020-10-01T09:55:08+00:00\" \/>\n<meta property=\"article:modified_time\" content=\"2023-07-10T21:44:13+00:00\" \/>\n<meta property=\"og:image\" content=\"https:\/\/www.renouvelle.be\/wp-content\/uploads\/2021\/02\/alegro3.png\" \/>\n\t<meta property=\"og:image:width\" content=\"928\" \/>\n\t<meta property=\"og:image:height\" content=\"458\" \/>\n\t<meta property=\"og:image:type\" content=\"image\/png\" \/>\n<meta name=\"author\" content=\"Energie Commune\" \/>\n<meta name=\"twitter:card\" content=\"summary_large_image\" \/>\n<script type=\"application\/ld+json\" class=\"yoast-schema-graph\">{\"@context\":\"https:\\\/\\\/schema.org\",\"@graph\":[{\"@type\":\"Article\",\"@id\":\"https:\\\/\\\/www.renouvelle.be\\\/fr\\\/la-belgique-et-lallemagne-sont-desormais-interconnectees\\\/#article\",\"isPartOf\":{\"@id\":\"https:\\\/\\\/www.renouvelle.be\\\/fr\\\/la-belgique-et-lallemagne-sont-desormais-interconnectees\\\/\"},\"author\":{\"name\":\"Energie Commune\",\"@id\":\"https:\\\/\\\/www.renouvelle.be\\\/fr\\\/#\\\/schema\\\/person\\\/01fbe8226a07f8f3d4a1cd059b31f17a\"},\"headline\":\"La Belgique et l\u2019Allemagne sont d\u00e9sormais interconnect\u00e9es\",\"datePublished\":\"2020-10-01T09:55:08+00:00\",\"dateModified\":\"2023-07-10T21:44:13+00:00\",\"mainEntityOfPage\":{\"@id\":\"https:\\\/\\\/www.renouvelle.be\\\/fr\\\/la-belgique-et-lallemagne-sont-desormais-interconnectees\\\/\"},\"wordCount\":473,\"commentCount\":0,\"image\":{\"@id\":\"https:\\\/\\\/www.renouvelle.be\\\/fr\\\/la-belgique-et-lallemagne-sont-desormais-interconnectees\\\/#primaryimage\"},\"thumbnailUrl\":\"https:\\\/\\\/www.renouvelle.be\\\/wp-content\\\/uploads\\\/2021\\\/02\\\/alegro3.png\",\"articleSection\":[\"Actualit\u00e9 en Belgique\"],\"inLanguage\":\"fr-FR\",\"potentialAction\":[{\"@type\":\"CommentAction\",\"name\":\"Comment\",\"target\":[\"https:\\\/\\\/www.renouvelle.be\\\/fr\\\/la-belgique-et-lallemagne-sont-desormais-interconnectees\\\/#respond\"]}]},{\"@type\":\"WebPage\",\"@id\":\"https:\\\/\\\/www.renouvelle.be\\\/fr\\\/la-belgique-et-lallemagne-sont-desormais-interconnectees\\\/\",\"url\":\"https:\\\/\\\/www.renouvelle.be\\\/fr\\\/la-belgique-et-lallemagne-sont-desormais-interconnectees\\\/\",\"name\":\"La Belgique et l\u2019Allemagne sont d\u00e9sormais interconnect\u00e9es - Renouvelle\",\"isPartOf\":{\"@id\":\"https:\\\/\\\/www.renouvelle.be\\\/fr\\\/#website\"},\"primaryImageOfPage\":{\"@id\":\"https:\\\/\\\/www.renouvelle.be\\\/fr\\\/la-belgique-et-lallemagne-sont-desormais-interconnectees\\\/#primaryimage\"},\"image\":{\"@id\":\"https:\\\/\\\/www.renouvelle.be\\\/fr\\\/la-belgique-et-lallemagne-sont-desormais-interconnectees\\\/#primaryimage\"},\"thumbnailUrl\":\"https:\\\/\\\/www.renouvelle.be\\\/wp-content\\\/uploads\\\/2021\\\/02\\\/alegro3.png\",\"datePublished\":\"2020-10-01T09:55:08+00:00\",\"dateModified\":\"2023-07-10T21:44:13+00:00\",\"author\":{\"@id\":\"https:\\\/\\\/www.renouvelle.be\\\/fr\\\/#\\\/schema\\\/person\\\/01fbe8226a07f8f3d4a1cd059b31f17a\"},\"breadcrumb\":{\"@id\":\"https:\\\/\\\/www.renouvelle.be\\\/fr\\\/la-belgique-et-lallemagne-sont-desormais-interconnectees\\\/#breadcrumb\"},\"inLanguage\":\"fr-FR\",\"potentialAction\":[{\"@type\":\"ReadAction\",\"target\":[\"https:\\\/\\\/www.renouvelle.be\\\/fr\\\/la-belgique-et-lallemagne-sont-desormais-interconnectees\\\/\"]}]},{\"@type\":\"ImageObject\",\"inLanguage\":\"fr-FR\",\"@id\":\"https:\\\/\\\/www.renouvelle.be\\\/fr\\\/la-belgique-et-lallemagne-sont-desormais-interconnectees\\\/#primaryimage\",\"url\":\"https:\\\/\\\/www.renouvelle.be\\\/wp-content\\\/uploads\\\/2021\\\/02\\\/alegro3.png\",\"contentUrl\":\"https:\\\/\\\/www.renouvelle.be\\\/wp-content\\\/uploads\\\/2021\\\/02\\\/alegro3.png\",\"width\":928,\"height\":458},{\"@type\":\"BreadcrumbList\",\"@id\":\"https:\\\/\\\/www.renouvelle.be\\\/fr\\\/la-belgique-et-lallemagne-sont-desormais-interconnectees\\\/#breadcrumb\",\"itemListElement\":[{\"@type\":\"ListItem\",\"position\":1,\"name\":\"Accueil\",\"item\":\"https:\\\/\\\/www.renouvelle.be\\\/fr\\\/\"},{\"@type\":\"ListItem\",\"position\":2,\"name\":\"La Belgique et l\u2019Allemagne sont d\u00e9sormais interconnect\u00e9es\"}]},{\"@type\":\"WebSite\",\"@id\":\"https:\\\/\\\/www.renouvelle.be\\\/fr\\\/#website\",\"url\":\"https:\\\/\\\/www.renouvelle.be\\\/fr\\\/\",\"name\":\"Renouvelle\",\"description\":\"L&#039;actualit\u00e9 de l&#039;\u00e9nergie durable\",\"potentialAction\":[{\"@type\":\"SearchAction\",\"target\":{\"@type\":\"EntryPoint\",\"urlTemplate\":\"https:\\\/\\\/www.renouvelle.be\\\/fr\\\/?s={search_term_string}\"},\"query-input\":{\"@type\":\"PropertyValueSpecification\",\"valueRequired\":true,\"valueName\":\"search_term_string\"}}],\"inLanguage\":\"fr-FR\"},{\"@type\":\"Person\",\"@id\":\"https:\\\/\\\/www.renouvelle.be\\\/fr\\\/#\\\/schema\\\/person\\\/01fbe8226a07f8f3d4a1cd059b31f17a\",\"name\":\"Energie Commune\",\"url\":\"https:\\\/\\\/www.renouvelle.be\\\/fr\\\/author\\\/apere\\\/\"}]}<\/script>\n<!-- \/ Yoast SEO plugin. -->","yoast_head_json":{"title":"La Belgique et l\u2019Allemagne sont d\u00e9sormais interconnect\u00e9es - Renouvelle","robots":{"index":"index","follow":"follow","max-snippet":"max-snippet:-1","max-image-preview":"max-image-preview:large","max-video-preview":"max-video-preview:-1"},"canonical":"https:\/\/www.renouvelle.be\/fr\/la-belgique-et-lallemagne-sont-desormais-interconnectees\/","og_locale":"fr_FR","og_type":"article","og_title":"La Belgique et l\u2019Allemagne sont d\u00e9sormais interconnect\u00e9es - Renouvelle","og_description":"Le groupe Elia, gestionnaire du r\u00e9seau belge haute tension, poursuit ses chantiers strat\u00e9giques d\u2019interconnexion entre la Belgique et ses pays voisins.&nbsp; Fin 2018 \u00e9tait inaugur\u00e9e l\u2019interconnexion sous-marine Nemo Link avec le Royaume Uni, permettant l\u2019\u00e9change de 1 GW suppl\u00e9mentaire entre les deux pays (lire notre article La Belgique et le Royaume Uni sont d\u00e9sormais interconnect\u00e9s).&nbsp; Fin 2020 sera inaugur\u00e9e l\u2019interconnexion ALEGrO avec l\u2019Allemagne, permettant \u00e9galement de faire circuler 1 GW suppl\u00e9mentaire entre les deux pays \u2013 soit entre 8 et 20% de la puissance en \u00e9lectricit\u00e9 consomm\u00e9e en Belgique en journ\u00e9e en fonction qu\u2019il s\u2019agisse d\u2019une journ\u00e9e d\u2019hiver \u00e0 forte consommation ou, inversement, d\u2019\u00e9t\u00e9 \u00e0 faible consommation. La liaison souterraine s\u2019\u00e9tend sur 90 km \u2013 dont 49 en Belgique \u2013 et relie les stations de conversion de Lixhe (Belgique) et de Oberzier (Allemagne) &#8211; illustration ci-dessous.&nbsp; Pour permettre l\u2019importation ou exportation souterraine d\u2019\u00e9lectricit\u00e9 entre les deux pays, le choix a \u00e9t\u00e9 fait de travailler en courant continu : il faut donc transformer le courant alternatif (utilis\u00e9 sur le r\u00e9seau haute-tension) en courant continu, ce qui se fait dans les stations de conversion \u00e0 chaque extr\u00e9mit\u00e9 de la liaison souterraine \u2013 illustration ci-dessous. L\u2019\u00e9change d\u2019\u00e9lectricit\u00e9 se fait instantan\u00e9ment et \u00e0 double direction.&nbsp; &nbsp; Le projet ALEGrO a n\u00e9cessit\u00e9 un investissement colossal de 500 millions \u20ac et 10 ans de travaux. La liaison sera op\u00e9rationnelle mi-novembre 2020.&nbsp; La station de conversion de Lixhe, une infrastructure in\u00e9dite en Wallonie. Photo: Elia.&nbsp; &nbsp; Mieux int\u00e9grer, techniquement, les renouvelables&nbsp; &nbsp; Les interconnexions entre les r\u00e9seaux europ\u00e9ens offrent au moins trois avantages : elles augmentent la s\u00e9curit\u00e9 d\u2019approvisionnement, harmonisent les prix de l\u2019\u00e9lectricit\u00e9 au niveau europ\u00e9en en les poussant, pour l\u2019instant, \u00e0 la baisse et permettent de transporter les surplus des productions renouvelables locales vers les &hellip; Continue reading \"La Belgique et l\u2019Allemagne sont d\u00e9sormais interconnect\u00e9es\"","og_url":"https:\/\/www.renouvelle.be\/fr\/la-belgique-et-lallemagne-sont-desormais-interconnectees\/","og_site_name":"Renouvelle","article_published_time":"2020-10-01T09:55:08+00:00","article_modified_time":"2023-07-10T21:44:13+00:00","og_image":[{"width":928,"height":458,"url":"https:\/\/www.renouvelle.be\/wp-content\/uploads\/2021\/02\/alegro3.png","type":"image\/png"}],"author":"Energie Commune","twitter_card":"summary_large_image","schema":{"@context":"https:\/\/schema.org","@graph":[{"@type":"Article","@id":"https:\/\/www.renouvelle.be\/fr\/la-belgique-et-lallemagne-sont-desormais-interconnectees\/#article","isPartOf":{"@id":"https:\/\/www.renouvelle.be\/fr\/la-belgique-et-lallemagne-sont-desormais-interconnectees\/"},"author":{"name":"Energie Commune","@id":"https:\/\/www.renouvelle.be\/fr\/#\/schema\/person\/01fbe8226a07f8f3d4a1cd059b31f17a"},"headline":"La Belgique et l\u2019Allemagne sont d\u00e9sormais interconnect\u00e9es","datePublished":"2020-10-01T09:55:08+00:00","dateModified":"2023-07-10T21:44:13+00:00","mainEntityOfPage":{"@id":"https:\/\/www.renouvelle.be\/fr\/la-belgique-et-lallemagne-sont-desormais-interconnectees\/"},"wordCount":473,"commentCount":0,"image":{"@id":"https:\/\/www.renouvelle.be\/fr\/la-belgique-et-lallemagne-sont-desormais-interconnectees\/#primaryimage"},"thumbnailUrl":"https:\/\/www.renouvelle.be\/wp-content\/uploads\/2021\/02\/alegro3.png","articleSection":["Actualit\u00e9 en Belgique"],"inLanguage":"fr-FR","potentialAction":[{"@type":"CommentAction","name":"Comment","target":["https:\/\/www.renouvelle.be\/fr\/la-belgique-et-lallemagne-sont-desormais-interconnectees\/#respond"]}]},{"@type":"WebPage","@id":"https:\/\/www.renouvelle.be\/fr\/la-belgique-et-lallemagne-sont-desormais-interconnectees\/","url":"https:\/\/www.renouvelle.be\/fr\/la-belgique-et-lallemagne-sont-desormais-interconnectees\/","name":"La Belgique et l\u2019Allemagne sont d\u00e9sormais interconnect\u00e9es - Renouvelle","isPartOf":{"@id":"https:\/\/www.renouvelle.be\/fr\/#website"},"primaryImageOfPage":{"@id":"https:\/\/www.renouvelle.be\/fr\/la-belgique-et-lallemagne-sont-desormais-interconnectees\/#primaryimage"},"image":{"@id":"https:\/\/www.renouvelle.be\/fr\/la-belgique-et-lallemagne-sont-desormais-interconnectees\/#primaryimage"},"thumbnailUrl":"https:\/\/www.renouvelle.be\/wp-content\/uploads\/2021\/02\/alegro3.png","datePublished":"2020-10-01T09:55:08+00:00","dateModified":"2023-07-10T21:44:13+00:00","author":{"@id":"https:\/\/www.renouvelle.be\/fr\/#\/schema\/person\/01fbe8226a07f8f3d4a1cd059b31f17a"},"breadcrumb":{"@id":"https:\/\/www.renouvelle.be\/fr\/la-belgique-et-lallemagne-sont-desormais-interconnectees\/#breadcrumb"},"inLanguage":"fr-FR","potentialAction":[{"@type":"ReadAction","target":["https:\/\/www.renouvelle.be\/fr\/la-belgique-et-lallemagne-sont-desormais-interconnectees\/"]}]},{"@type":"ImageObject","inLanguage":"fr-FR","@id":"https:\/\/www.renouvelle.be\/fr\/la-belgique-et-lallemagne-sont-desormais-interconnectees\/#primaryimage","url":"https:\/\/www.renouvelle.be\/wp-content\/uploads\/2021\/02\/alegro3.png","contentUrl":"https:\/\/www.renouvelle.be\/wp-content\/uploads\/2021\/02\/alegro3.png","width":928,"height":458},{"@type":"BreadcrumbList","@id":"https:\/\/www.renouvelle.be\/fr\/la-belgique-et-lallemagne-sont-desormais-interconnectees\/#breadcrumb","itemListElement":[{"@type":"ListItem","position":1,"name":"Accueil","item":"https:\/\/www.renouvelle.be\/fr\/"},{"@type":"ListItem","position":2,"name":"La Belgique et l\u2019Allemagne sont d\u00e9sormais interconnect\u00e9es"}]},{"@type":"WebSite","@id":"https:\/\/www.renouvelle.be\/fr\/#website","url":"https:\/\/www.renouvelle.be\/fr\/","name":"Renouvelle","description":"L&#039;actualit\u00e9 de l&#039;\u00e9nergie durable","potentialAction":[{"@type":"SearchAction","target":{"@type":"EntryPoint","urlTemplate":"https:\/\/www.renouvelle.be\/fr\/?s={search_term_string}"},"query-input":{"@type":"PropertyValueSpecification","valueRequired":true,"valueName":"search_term_string"}}],"inLanguage":"fr-FR"},{"@type":"Person","@id":"https:\/\/www.renouvelle.be\/fr\/#\/schema\/person\/01fbe8226a07f8f3d4a1cd059b31f17a","name":"Energie Commune","url":"https:\/\/www.renouvelle.be\/fr\/author\/apere\/"}]}},"_links":{"self":[{"href":"https:\/\/www.renouvelle.be\/fr\/wp-json\/wp\/v2\/posts\/3884","targetHints":{"allow":["GET"]}}],"collection":[{"href":"https:\/\/www.renouvelle.be\/fr\/wp-json\/wp\/v2\/posts"}],"about":[{"href":"https:\/\/www.renouvelle.be\/fr\/wp-json\/wp\/v2\/types\/post"}],"author":[{"embeddable":true,"href":"https:\/\/www.renouvelle.be\/fr\/wp-json\/wp\/v2\/users\/3"}],"replies":[{"embeddable":true,"href":"https:\/\/www.renouvelle.be\/fr\/wp-json\/wp\/v2\/comments?post=3884"}],"version-history":[{"count":3,"href":"https:\/\/www.renouvelle.be\/fr\/wp-json\/wp\/v2\/posts\/3884\/revisions"}],"predecessor-version":[{"id":10174,"href":"https:\/\/www.renouvelle.be\/fr\/wp-json\/wp\/v2\/posts\/3884\/revisions\/10174"}],"wp:featuredmedia":[{"embeddable":true,"href":"https:\/\/www.renouvelle.be\/fr\/wp-json\/wp\/v2\/media\/4393"}],"wp:attachment":[{"href":"https:\/\/www.renouvelle.be\/fr\/wp-json\/wp\/v2\/media?parent=3884"}],"wp:term":[{"taxonomy":"category","embeddable":true,"href":"https:\/\/www.renouvelle.be\/fr\/wp-json\/wp\/v2\/categories?post=3884"},{"taxonomy":"post_tag","embeddable":true,"href":"https:\/\/www.renouvelle.be\/fr\/wp-json\/wp\/v2\/tags?post=3884"},{"taxonomy":"section","embeddable":true,"href":"https:\/\/www.renouvelle.be\/fr\/wp-json\/wp\/v2\/section?post=3884"}],"curies":[{"name":"wp","href":"https:\/\/api.w.org\/{rel}","templated":true}]}}