{"id":3882,"date":"2020-09-14T15:43:22","date_gmt":"2020-09-14T15:43:22","guid":{"rendered":""},"modified":"2021-03-08T17:09:00","modified_gmt":"2021-03-08T16:09:00","slug":"les-communautes-denergie-une-forme-deconomie-sociale","status":"publish","type":"post","link":"https:\/\/www.renouvelle.be\/fr\/les-communautes-denergie-une-forme-deconomie-sociale\/","title":{"rendered":"Les communaut\u00e9s d\u2019\u00e9nergie, une forme d\u2019\u00e9conomie sociale"},"content":{"rendered":"<p>L\u2019Europe a instaur\u00e9 un nouveau droit pour les citoyens, les PME et les municipalit\u00e9s : celui de produire, vendre (partager), stocker et consommer une \u00e9nergie renouvelable locale dans l\u2019objectif de produire des b\u00e9n\u00e9fices sociaux, \u00e9conomiques et environnementaux aux participants ou \u00e0 la collectivit\u00e9. A titre d\u2019exemple, il sera bient\u00f4t possible, partout en Belgique et en Europe, d\u2019\u00e9quiper un b\u00e2timent &#8211; \u00e9cole, entreprise, \u2026 &#8211; en panneaux photovolta\u00efques et de vendre cette production d\u2019\u00e9lectricit\u00e9 \u00e0 un tarif int\u00e9ressant, dans le sens o\u00f9 le tarif reconnait les b\u00e9n\u00e9fices apport\u00e9s, aux voisins &#8211; m\u00e9nages, logements sociaux, commerces, \u2026&nbsp;<\/p>\n<p>Sur base de deux directives europ\u00e9ennes, ce droit peut s\u2019exercer, entre autres mais pas uniquement, sous forme de communaut\u00e9 (nouvelle entit\u00e9 juridique). Cette communaut\u00e9 d\u2019\u00e9nergie est soit \u201ccitoyenne\u201d, soit \u201crenouvelables\u201d.&nbsp;<\/p>\n<p>Ces textes l\u00e9gislatifs visent \u00e0 renforcer le r\u00f4le des citoyens, des pouvoirs locaux et des PME comme acteurs du march\u00e9 de l\u2019\u00e9nergie, en pla\u00e7ant en dernier lieux l\u2019objectif de profits financiers et en mettant en avant la g\u00e9n\u00e9ration de plus-value sociales, environnementales ou \u00e9conomiques au b\u00e9n\u00e9fice des membres ou du territoire sur lequel les activit\u00e9s sont exerc\u00e9es.&nbsp;<\/p>\n<p>C\u2019est, en soi, une v\u00e9ritable r\u00e9volution culturelle dans un monde \u00e9nerg\u00e9tique totalement domin\u00e9 par des entreprises (ou des groupes) dont l\u2019objectif premier (la recherche du profit financier) induit jusqu\u2019\u00e0 pr\u00e9sent le mode de fonctionnement, oriente les innovations et fa\u00e7onne le lobbying.&nbsp;&nbsp;<\/p>\n<p>Les Etats membres travaillent d\u00e9sormais \u00e0 la transposition de ces directives europ\u00e9ennes, \u00e0 finaliser d\u2019ici le 30 juin 2021. Pour mieux conna\u00eetre ce processus et ses enjeux, lire notre article <a href=\"https:\/\/www.renouvelle.be\/fr\/actualite-internationale\/vers-des-citoyens-acteurs-du-marche-de-lenergie-durable\">Vers des citoyens acteurs du march\u00e9 de l\u2019\u00e9nergie durable<\/a>.&nbsp;<\/p>\n<p>&nbsp;<\/p>\n<h2>Un cadre d\u00e9j\u00e0 d\u00e9fini par l\u2019\u00e9conomie sociale&nbsp;<\/h2>\n<p>&nbsp;<\/p>\n<p><img decoding=\"async\" alt=\"\" src=\"\/wp-content\/uploads\/2021\/02\/post\/reunion.jpg\" style=\"width: 580px; height: 458px;\"><\/p>\n<p>Si le concept des communaut\u00e9s d\u2019\u00e9nergie, et les objectifs sp\u00e9cifiques qui leurs sont attach\u00e9s par d\u00e9finition, est in\u00e9dit dans le secteur de l\u2019\u00e9nergie, nous avons la chance de pouvoir nous appuyer sur une base l\u00e9gale qui embrasse la plupart de leurs caract\u00e9ristiques.&nbsp;<\/p>\n<p>Cette base existe en Europe, en Belgique, dans les R\u00e9gions et la F\u00e9d\u00e9ration Wallonie-Bruxelles : c\u2019est celle de : l\u2019\u00e9conomie sociale.&nbsp;<\/p>\n<p>En effet, l\u2019\u00e9conomie sociale est un mod\u00e8le \u00e9conomique d\u00e9j\u00e0 largement d\u00e9fini et qui rejoint compl\u00e8tement les d\u00e9finitions europ\u00e9ennes, et l\u2019esprit des communaut\u00e9s d\u2019\u00e9nergie.&nbsp;<\/p>\n<p>Selon l\u2019association SAW-B &#8211; Solidarit\u00e9 des Alternatives Wallonnes et Bruxelloises -, acteur de r\u00e9f\u00e9rence de l\u2019\u00e9conomie sociale, la d\u00e9finition suivante fait aujourd\u2019hui l\u2019unanimit\u00e9 en Wallonie&nbsp;:&nbsp;<\/p>\n<p><em>\u00ab L\u2019\u00e9conomie sociale est un mod\u00e8le \u00e9conomique qui se d\u00e9finit par ses valeurs. L\u2019\u00e9conomie sociale se compose d\u2019activit\u00e9s \u00e9conomiques, productrices de biens ou de services, exerc\u00e9es par des soci\u00e9t\u00e9s, principalement coop\u00e9ratives et\/ou \u00e0 finalit\u00e9 sociale, des associations, des mutuelles ou des fondations, dont l\u2019\u00e9thique se traduit par l\u2019ensemble des principes suivants :&nbsp;<\/em><\/p>\n<ul>\n<li><em>finalit\u00e9 de service \u00e0 la collectivit\u00e9 ou aux membres, plut\u00f4t que finalit\u00e9 de profit ;&nbsp;<\/em><\/li>\n<li><em><em>autonomie de gestion ;&nbsp;<\/em><\/em><\/li>\n<li><em><em><em>processus de d\u00e9cision d\u00e9mocratique ;&nbsp;<\/em><\/em><\/em><\/li>\n<li><em><em><em><em>primaut\u00e9 des personnes et du travail sur le capital dans la r\u00e9partition des revenus. \u00bb&nbsp;<\/em><\/em><\/em><\/em><\/li>\n<\/ul>\n<p>&nbsp;<\/p>\n<p>(Pour en savoir plus : <a href=\"https:\/\/saw-b.be\/publication\/identites-et-dynamiques-plurielles-de-leconomie-sociale\/\" target=\"_blank\" rel=\"noopener\">saw-b.be<\/a>&nbsp;&#8211; La R\u00e9gion bruxelloise a adopt\u00e9 une <a href=\"http:\/\/werk-economie-emploi.brussels\/fr\/entreprise-sociale#\" target=\"_blank\" rel=\"noopener\">d\u00e9finition similaire<\/a>).<\/p>\n<p>Or les 3 premiers principes des communaut\u00e9s se retrouvent presque mot pour mot dans les directives europ\u00e9ennes relatives aux communaut\u00e9s d\u2019\u00e9nergie. Avec un ajout : l\u2019objectif de g\u00e9n\u00e9rer une plus-value environnementale.&nbsp;<\/p>\n<p><img decoding=\"async\" alt=\"\" src=\"\/wp-content\/uploads\/2021\/02\/post\/directive1.jpg\" style=\"width: 580px; height: 205px;\"><\/p>\n<p><img decoding=\"async\" alt=\"\" src=\"\/wp-content\/uploads\/2021\/02\/post\/directive2.jpg\" style=\"width: 580px; height: 181px;\"><\/p>\n<p>&nbsp;<\/p>\n<h2>Les coop\u00e9ratives citoyennes : de futures communaut\u00e9s d\u2019\u00e9nergie d\u00e9j\u00e0 existantes&nbsp;<\/h2>\n<p>&nbsp;<\/p>\n<p><img decoding=\"async\" alt=\"\" src=\"\/wp-content\/uploads\/2021\/02\/post\/eolien-citoyens.jpg\" style=\"width: 580px; height: 476px;\"><\/p>\n<p>Par cons\u00e9quent, les entreprises d\u2019\u00e9conomie sociale actives dans le domaine de l\u2019\u00e9nergie en Belgique, sont d\u00e9j\u00e0 des formes de communaut\u00e9 d\u2019\u00e9nergie. Et la structure l\u00e9gale qui leur correspond le mieux : c\u2019est la coop\u00e9rative, m\u00eame si cela n\u2019exclut pas les asbl ou tout autre forme d\u2019entreprise qui inscrirait dans ses statuts les 3 principes de l\u2019\u00e9conomie sociale, \u00e9voqu\u00e9s par les directives, et \/ ou l\u2019objectif de cr\u00e9ation de plus-value environnementale.&nbsp;<\/p>\n<p>Concr\u00e8tement, les nombreuses coop\u00e9ratives citoyennes actives dans la production d\u2019\u00e9nergie renouvelable &#8211; \u00e9olien, photovolta\u00efque, hydro\u00e9lectricit\u00e9, biomasse, \u2026 &#8211; repr\u00e9sentent, par leurs valeurs, statuts, fonctionnement et finalit\u00e9s, \u00e0 la fois des acteurs de l\u2019\u00e9conomie sociale et des (futures) communaut\u00e9s d\u2019\u00e9nergie.&nbsp;<\/p>\n<p>Les politiques et les administrations charg\u00e9es de la transposition du droit europ\u00e9en trouvent donc ici un terrain connu et un cadre d\u00e9j\u00e0 largement impl\u00e9ment\u00e9 en Belgique qui devrait faciliter la t\u00e2che de transposition et de coh\u00e9rence inter-r\u00e9gionale et f\u00e9d\u00e9rale.&nbsp;<\/p>\n<p>&nbsp;<\/p>\n<h2>La Wallonie anticipe et soutient Rescoop Wallonie&nbsp;<\/h2>\n<p>&nbsp;<\/p>\n<p>La Wallonie a r\u00e9cemment pris la mesure de ces obligations europ\u00e9ennes et anticip\u00e9 la transposition des directives en accordant un soutien \u00e0 Rescoop Wallonie, la f\u00e9d\u00e9ration des coop\u00e9ratives citoyennes actives dans la production d\u2019\u00e9nergie verte, locale et renouvelable.&nbsp;<\/p>\n<p>Le Gouvernement wallon a en effet accord\u00e9 un subside pluri-annuel \u00e0 Rescoop Wallonie pour <em>\u201caugmenter et d\u00e9velopper ce mod\u00e8le alternatif de gestion et de production d\u2019\u00e9nergie\u201d.&nbsp;<\/em><\/p>\n<p>REScoop Wallonie, qui rassemble aujourd\u2019hui 16 coop\u00e9ratives citoyennes, 12 000 coop\u00e9rateurs et alimente d\u00e9j\u00e0 plus de 16.000 m\u00e9nages en \u00e9nergies renouvelables, pourra ainsi mettre \u00e0 disposition de ses membres <em>\u201cdes services et outils pour augmenter et mutualiser leurs productions d\u2019\u00e9nergie et g\u00e9n\u00e9rer des \u00e9conomies financi\u00e8res\u201d.&nbsp;<\/em> Les b\u00e9n\u00e9fices engrang\u00e9s par ces op\u00e9rations seront ensuite r\u00e9investis dans la production d\u2019\u00e9nergie renouvelable.&nbsp;<\/p>\n<p>Signe d\u2019une transition \u00e0 la fois \u00e9conomique, \u00e9cologique et sociale, ce soutien est accord\u00e9 par la Ministre wallonne en charge de l\u2019\u00c9conomie sociale, Christie Morreale, et par le Ministre wallon de l\u2019Energie, Philippe Henri (lire le <a href=\"https:\/\/morreale.wallonie.be\/home\/presse--actualites\/publications\/leconomie-sociale-se-deploie-dans-lenergie-verte-et-renouvelable.publicationfull.html\" target=\"_blank\" rel=\"noopener\">communiqu\u00e9 commun<\/a>).&nbsp;<\/p>\n<p>Rescoop Wallonie pourra ainsi jouer un r\u00f4le moteur dans l\u2019\u00e9mergence des communaut\u00e9s d\u2019\u00e9nergie en Wallonie, en s\u2019appuyant sur le cadre existant de l\u2019\u00e9conomie sociale.&nbsp;<\/p>\n<p>&nbsp;<\/p>\n","protected":false},"excerpt":{"rendered":"<p>L\u2019Europe a instaur\u00e9 un nouveau droit pour les citoyens, les PME et les municipalit\u00e9s : celui de produire, vendre (partager), stocker et consommer une \u00e9nergie renouvelable locale dans l\u2019objectif de produire des b\u00e9n\u00e9fices sociaux, \u00e9conomiques et environnementaux aux participants ou \u00e0 la collectivit\u00e9. A titre d\u2019exemple, il sera bient\u00f4t possible, partout en Belgique et en Europe, d\u2019\u00e9quiper un b\u00e2timent &#8211; \u00e9cole, entreprise, \u2026 &#8211; en panneaux photovolta\u00efques et de vendre cette production d\u2019\u00e9lectricit\u00e9 \u00e0 un tarif int\u00e9ressant, dans le sens o\u00f9 le tarif reconnait les b\u00e9n\u00e9fices apport\u00e9s, aux voisins &#8211; m\u00e9nages, logements sociaux, commerces, \u2026&nbsp; Sur base de deux directives europ\u00e9ennes, ce droit peut s\u2019exercer, entre autres mais pas uniquement, sous forme de communaut\u00e9 (nouvelle entit\u00e9 juridique). Cette communaut\u00e9 d\u2019\u00e9nergie est soit \u201ccitoyenne\u201d, soit \u201crenouvelables\u201d.&nbsp; Ces textes l\u00e9gislatifs visent \u00e0 renforcer le r\u00f4le des citoyens, des pouvoirs locaux et des PME comme acteurs du march\u00e9 de l\u2019\u00e9nergie, en pla\u00e7ant en dernier lieux l\u2019objectif de profits financiers et en mettant en avant la g\u00e9n\u00e9ration de plus-value sociales, environnementales ou \u00e9conomiques au b\u00e9n\u00e9fice des membres ou du territoire sur lequel les activit\u00e9s sont exerc\u00e9es.&nbsp; C\u2019est, en soi, une v\u00e9ritable r\u00e9volution culturelle dans un monde \u00e9nerg\u00e9tique totalement domin\u00e9 par des entreprises (ou des groupes) dont l\u2019objectif premier (la recherche du profit financier) induit jusqu\u2019\u00e0 pr\u00e9sent le mode de fonctionnement, oriente les innovations et fa\u00e7onne le lobbying.&nbsp;&nbsp; Les Etats membres travaillent d\u00e9sormais \u00e0 la transposition de ces directives europ\u00e9ennes, \u00e0 finaliser d\u2019ici le 30 juin 2021. Pour mieux conna\u00eetre ce processus et ses enjeux, lire notre article Vers des citoyens acteurs du march\u00e9 de l\u2019\u00e9nergie durable.&nbsp; &nbsp; Un cadre d\u00e9j\u00e0 d\u00e9fini par l\u2019\u00e9conomie sociale&nbsp; &nbsp; Si le concept des communaut\u00e9s d\u2019\u00e9nergie, et les objectifs sp\u00e9cifiques qui leurs sont attach\u00e9s par d\u00e9finition, est in\u00e9dit dans &hellip; <a href=\"https:\/\/www.renouvelle.be\/fr\/les-communautes-denergie-une-forme-deconomie-sociale\/\" class=\"more-link\">Continue reading<span class=\"screen-reader-text\"> \u00ab\u00a0Les communaut\u00e9s d\u2019\u00e9nergie, une forme d\u2019\u00e9conomie sociale\u00a0\u00bb<\/span><\/a><\/p>\n","protected":false},"author":17,"featured_media":5389,"comment_status":"open","ping_status":"open","sticky":false,"template":"","format":"standard","meta":{"_acf_changed":false,"footnotes":""},"categories":[21],"tags":[],"section":[5],"class_list":["post-3882","post","type-post","status-publish","format-standard","has-post-thumbnail","hentry","category-debats","section-communaute-denergie"],"acf":[],"yoast_head":"<!-- This site is optimized with the Yoast SEO plugin v27.4 - https:\/\/yoast.com\/product\/yoast-seo-wordpress\/ -->\n<title>Les communaut\u00e9s d\u2019\u00e9nergie, une forme d\u2019\u00e9conomie sociale - Renouvelle<\/title>\n<meta name=\"robots\" content=\"index, follow, max-snippet:-1, max-image-preview:large, max-video-preview:-1\" \/>\n<link rel=\"canonical\" href=\"https:\/\/www.renouvelle.be\/fr\/les-communautes-denergie-une-forme-deconomie-sociale\/\" \/>\n<meta property=\"og:locale\" content=\"fr_FR\" \/>\n<meta property=\"og:type\" content=\"article\" \/>\n<meta property=\"og:title\" content=\"Les communaut\u00e9s d\u2019\u00e9nergie, une forme d\u2019\u00e9conomie sociale - Renouvelle\" \/>\n<meta property=\"og:description\" content=\"L\u2019Europe a instaur\u00e9 un nouveau droit pour les citoyens, les PME et les municipalit\u00e9s : celui de produire, vendre (partager), stocker et consommer une \u00e9nergie renouvelable locale dans l\u2019objectif de produire des b\u00e9n\u00e9fices sociaux, \u00e9conomiques et environnementaux aux participants ou \u00e0 la collectivit\u00e9. A titre d\u2019exemple, il sera bient\u00f4t possible, partout en Belgique et en Europe, d\u2019\u00e9quiper un b\u00e2timent &#8211; \u00e9cole, entreprise, \u2026 &#8211; en panneaux photovolta\u00efques et de vendre cette production d\u2019\u00e9lectricit\u00e9 \u00e0 un tarif int\u00e9ressant, dans le sens o\u00f9 le tarif reconnait les b\u00e9n\u00e9fices apport\u00e9s, aux voisins &#8211; m\u00e9nages, logements sociaux, commerces, \u2026&nbsp; Sur base de deux directives europ\u00e9ennes, ce droit peut s\u2019exercer, entre autres mais pas uniquement, sous forme de communaut\u00e9 (nouvelle entit\u00e9 juridique). Cette communaut\u00e9 d\u2019\u00e9nergie est soit \u201ccitoyenne\u201d, soit \u201crenouvelables\u201d.&nbsp; Ces textes l\u00e9gislatifs visent \u00e0 renforcer le r\u00f4le des citoyens, des pouvoirs locaux et des PME comme acteurs du march\u00e9 de l\u2019\u00e9nergie, en pla\u00e7ant en dernier lieux l\u2019objectif de profits financiers et en mettant en avant la g\u00e9n\u00e9ration de plus-value sociales, environnementales ou \u00e9conomiques au b\u00e9n\u00e9fice des membres ou du territoire sur lequel les activit\u00e9s sont exerc\u00e9es.&nbsp; C\u2019est, en soi, une v\u00e9ritable r\u00e9volution culturelle dans un monde \u00e9nerg\u00e9tique totalement domin\u00e9 par des entreprises (ou des groupes) dont l\u2019objectif premier (la recherche du profit financier) induit jusqu\u2019\u00e0 pr\u00e9sent le mode de fonctionnement, oriente les innovations et fa\u00e7onne le lobbying.&nbsp;&nbsp; Les Etats membres travaillent d\u00e9sormais \u00e0 la transposition de ces directives europ\u00e9ennes, \u00e0 finaliser d\u2019ici le 30 juin 2021. Pour mieux conna\u00eetre ce processus et ses enjeux, lire notre article Vers des citoyens acteurs du march\u00e9 de l\u2019\u00e9nergie durable.&nbsp; &nbsp; Un cadre d\u00e9j\u00e0 d\u00e9fini par l\u2019\u00e9conomie sociale&nbsp; &nbsp; Si le concept des communaut\u00e9s d\u2019\u00e9nergie, et les objectifs sp\u00e9cifiques qui leurs sont attach\u00e9s par d\u00e9finition, est in\u00e9dit dans &hellip; Continue reading &quot;Les communaut\u00e9s d\u2019\u00e9nergie, une forme d\u2019\u00e9conomie sociale&quot;\" \/>\n<meta property=\"og:url\" content=\"https:\/\/www.renouvelle.be\/fr\/les-communautes-denergie-une-forme-deconomie-sociale\/\" \/>\n<meta property=\"og:site_name\" content=\"Renouvelle\" \/>\n<meta property=\"article:published_time\" content=\"2020-09-14T15:43:22+00:00\" \/>\n<meta property=\"article:modified_time\" content=\"2021-03-08T16:09:00+00:00\" \/>\n<meta property=\"og:image\" content=\"https:\/\/www.renouvelle.be\/wp-content\/uploads\/2020\/09\/communaute-er.jpg\" \/>\n\t<meta property=\"og:image:width\" content=\"700\" \/>\n\t<meta property=\"og:image:height\" content=\"747\" \/>\n\t<meta property=\"og:image:type\" content=\"image\/jpeg\" \/>\n<meta name=\"author\" content=\"Benjamin WILKIN\" \/>\n<meta name=\"twitter:card\" content=\"summary_large_image\" \/>\n<script type=\"application\/ld+json\" class=\"yoast-schema-graph\">{\"@context\":\"https:\\\/\\\/schema.org\",\"@graph\":[{\"@type\":\"Article\",\"@id\":\"https:\\\/\\\/www.renouvelle.be\\\/fr\\\/les-communautes-denergie-une-forme-deconomie-sociale\\\/#article\",\"isPartOf\":{\"@id\":\"https:\\\/\\\/www.renouvelle.be\\\/fr\\\/les-communautes-denergie-une-forme-deconomie-sociale\\\/\"},\"author\":{\"name\":\"Benjamin WILKIN\",\"@id\":\"https:\\\/\\\/www.renouvelle.be\\\/fr\\\/#\\\/schema\\\/person\\\/20d41a25c5a48ee6500cc1a14288f058\"},\"headline\":\"Les communaut\u00e9s d\u2019\u00e9nergie, une forme d\u2019\u00e9conomie sociale\",\"datePublished\":\"2020-09-14T15:43:22+00:00\",\"dateModified\":\"2021-03-08T16:09:00+00:00\",\"mainEntityOfPage\":{\"@id\":\"https:\\\/\\\/www.renouvelle.be\\\/fr\\\/les-communautes-denergie-une-forme-deconomie-sociale\\\/\"},\"wordCount\":1052,\"commentCount\":0,\"image\":{\"@id\":\"https:\\\/\\\/www.renouvelle.be\\\/fr\\\/les-communautes-denergie-une-forme-deconomie-sociale\\\/#primaryimage\"},\"thumbnailUrl\":\"https:\\\/\\\/www.renouvelle.be\\\/wp-content\\\/uploads\\\/2020\\\/09\\\/communaute-er.jpg\",\"articleSection\":[\"D\u00e9bats\"],\"inLanguage\":\"fr-FR\",\"potentialAction\":[{\"@type\":\"CommentAction\",\"name\":\"Comment\",\"target\":[\"https:\\\/\\\/www.renouvelle.be\\\/fr\\\/les-communautes-denergie-une-forme-deconomie-sociale\\\/#respond\"]}]},{\"@type\":\"WebPage\",\"@id\":\"https:\\\/\\\/www.renouvelle.be\\\/fr\\\/les-communautes-denergie-une-forme-deconomie-sociale\\\/\",\"url\":\"https:\\\/\\\/www.renouvelle.be\\\/fr\\\/les-communautes-denergie-une-forme-deconomie-sociale\\\/\",\"name\":\"Les communaut\u00e9s d\u2019\u00e9nergie, une forme d\u2019\u00e9conomie sociale - Renouvelle\",\"isPartOf\":{\"@id\":\"https:\\\/\\\/www.renouvelle.be\\\/fr\\\/#website\"},\"primaryImageOfPage\":{\"@id\":\"https:\\\/\\\/www.renouvelle.be\\\/fr\\\/les-communautes-denergie-une-forme-deconomie-sociale\\\/#primaryimage\"},\"image\":{\"@id\":\"https:\\\/\\\/www.renouvelle.be\\\/fr\\\/les-communautes-denergie-une-forme-deconomie-sociale\\\/#primaryimage\"},\"thumbnailUrl\":\"https:\\\/\\\/www.renouvelle.be\\\/wp-content\\\/uploads\\\/2020\\\/09\\\/communaute-er.jpg\",\"datePublished\":\"2020-09-14T15:43:22+00:00\",\"dateModified\":\"2021-03-08T16:09:00+00:00\",\"author\":{\"@id\":\"https:\\\/\\\/www.renouvelle.be\\\/fr\\\/#\\\/schema\\\/person\\\/20d41a25c5a48ee6500cc1a14288f058\"},\"breadcrumb\":{\"@id\":\"https:\\\/\\\/www.renouvelle.be\\\/fr\\\/les-communautes-denergie-une-forme-deconomie-sociale\\\/#breadcrumb\"},\"inLanguage\":\"fr-FR\",\"potentialAction\":[{\"@type\":\"ReadAction\",\"target\":[\"https:\\\/\\\/www.renouvelle.be\\\/fr\\\/les-communautes-denergie-une-forme-deconomie-sociale\\\/\"]}]},{\"@type\":\"ImageObject\",\"inLanguage\":\"fr-FR\",\"@id\":\"https:\\\/\\\/www.renouvelle.be\\\/fr\\\/les-communautes-denergie-une-forme-deconomie-sociale\\\/#primaryimage\",\"url\":\"https:\\\/\\\/www.renouvelle.be\\\/wp-content\\\/uploads\\\/2020\\\/09\\\/communaute-er.jpg\",\"contentUrl\":\"https:\\\/\\\/www.renouvelle.be\\\/wp-content\\\/uploads\\\/2020\\\/09\\\/communaute-er.jpg\",\"width\":700,\"height\":747},{\"@type\":\"BreadcrumbList\",\"@id\":\"https:\\\/\\\/www.renouvelle.be\\\/fr\\\/les-communautes-denergie-une-forme-deconomie-sociale\\\/#breadcrumb\",\"itemListElement\":[{\"@type\":\"ListItem\",\"position\":1,\"name\":\"Accueil\",\"item\":\"https:\\\/\\\/www.renouvelle.be\\\/fr\\\/\"},{\"@type\":\"ListItem\",\"position\":2,\"name\":\"Les communaut\u00e9s d\u2019\u00e9nergie, une forme d\u2019\u00e9conomie sociale\"}]},{\"@type\":\"WebSite\",\"@id\":\"https:\\\/\\\/www.renouvelle.be\\\/fr\\\/#website\",\"url\":\"https:\\\/\\\/www.renouvelle.be\\\/fr\\\/\",\"name\":\"Renouvelle\",\"description\":\"L&#039;actualit\u00e9 de l&#039;\u00e9nergie durable\",\"potentialAction\":[{\"@type\":\"SearchAction\",\"target\":{\"@type\":\"EntryPoint\",\"urlTemplate\":\"https:\\\/\\\/www.renouvelle.be\\\/fr\\\/?s={search_term_string}\"},\"query-input\":{\"@type\":\"PropertyValueSpecification\",\"valueRequired\":true,\"valueName\":\"search_term_string\"}}],\"inLanguage\":\"fr-FR\"},{\"@type\":\"Person\",\"@id\":\"https:\\\/\\\/www.renouvelle.be\\\/fr\\\/#\\\/schema\\\/person\\\/20d41a25c5a48ee6500cc1a14288f058\",\"name\":\"Benjamin WILKIN\",\"url\":\"https:\\\/\\\/www.renouvelle.be\\\/fr\\\/author\\\/benjaminwilkin\\\/\"}]}<\/script>\n<!-- \/ Yoast SEO plugin. -->","yoast_head_json":{"title":"Les communaut\u00e9s d\u2019\u00e9nergie, une forme d\u2019\u00e9conomie sociale - Renouvelle","robots":{"index":"index","follow":"follow","max-snippet":"max-snippet:-1","max-image-preview":"max-image-preview:large","max-video-preview":"max-video-preview:-1"},"canonical":"https:\/\/www.renouvelle.be\/fr\/les-communautes-denergie-une-forme-deconomie-sociale\/","og_locale":"fr_FR","og_type":"article","og_title":"Les communaut\u00e9s d\u2019\u00e9nergie, une forme d\u2019\u00e9conomie sociale - Renouvelle","og_description":"L\u2019Europe a instaur\u00e9 un nouveau droit pour les citoyens, les PME et les municipalit\u00e9s : celui de produire, vendre (partager), stocker et consommer une \u00e9nergie renouvelable locale dans l\u2019objectif de produire des b\u00e9n\u00e9fices sociaux, \u00e9conomiques et environnementaux aux participants ou \u00e0 la collectivit\u00e9. A titre d\u2019exemple, il sera bient\u00f4t possible, partout en Belgique et en Europe, d\u2019\u00e9quiper un b\u00e2timent &#8211; \u00e9cole, entreprise, \u2026 &#8211; en panneaux photovolta\u00efques et de vendre cette production d\u2019\u00e9lectricit\u00e9 \u00e0 un tarif int\u00e9ressant, dans le sens o\u00f9 le tarif reconnait les b\u00e9n\u00e9fices apport\u00e9s, aux voisins &#8211; m\u00e9nages, logements sociaux, commerces, \u2026&nbsp; Sur base de deux directives europ\u00e9ennes, ce droit peut s\u2019exercer, entre autres mais pas uniquement, sous forme de communaut\u00e9 (nouvelle entit\u00e9 juridique). Cette communaut\u00e9 d\u2019\u00e9nergie est soit \u201ccitoyenne\u201d, soit \u201crenouvelables\u201d.&nbsp; Ces textes l\u00e9gislatifs visent \u00e0 renforcer le r\u00f4le des citoyens, des pouvoirs locaux et des PME comme acteurs du march\u00e9 de l\u2019\u00e9nergie, en pla\u00e7ant en dernier lieux l\u2019objectif de profits financiers et en mettant en avant la g\u00e9n\u00e9ration de plus-value sociales, environnementales ou \u00e9conomiques au b\u00e9n\u00e9fice des membres ou du territoire sur lequel les activit\u00e9s sont exerc\u00e9es.&nbsp; C\u2019est, en soi, une v\u00e9ritable r\u00e9volution culturelle dans un monde \u00e9nerg\u00e9tique totalement domin\u00e9 par des entreprises (ou des groupes) dont l\u2019objectif premier (la recherche du profit financier) induit jusqu\u2019\u00e0 pr\u00e9sent le mode de fonctionnement, oriente les innovations et fa\u00e7onne le lobbying.&nbsp;&nbsp; Les Etats membres travaillent d\u00e9sormais \u00e0 la transposition de ces directives europ\u00e9ennes, \u00e0 finaliser d\u2019ici le 30 juin 2021. Pour mieux conna\u00eetre ce processus et ses enjeux, lire notre article Vers des citoyens acteurs du march\u00e9 de l\u2019\u00e9nergie durable.&nbsp; &nbsp; Un cadre d\u00e9j\u00e0 d\u00e9fini par l\u2019\u00e9conomie sociale&nbsp; &nbsp; Si le concept des communaut\u00e9s d\u2019\u00e9nergie, et les objectifs sp\u00e9cifiques qui leurs sont attach\u00e9s par d\u00e9finition, est in\u00e9dit dans &hellip; Continue reading \"Les communaut\u00e9s d\u2019\u00e9nergie, une forme d\u2019\u00e9conomie sociale\"","og_url":"https:\/\/www.renouvelle.be\/fr\/les-communautes-denergie-une-forme-deconomie-sociale\/","og_site_name":"Renouvelle","article_published_time":"2020-09-14T15:43:22+00:00","article_modified_time":"2021-03-08T16:09:00+00:00","og_image":[{"width":700,"height":747,"url":"https:\/\/www.renouvelle.be\/wp-content\/uploads\/2020\/09\/communaute-er.jpg","type":"image\/jpeg"}],"author":"Benjamin WILKIN","twitter_card":"summary_large_image","schema":{"@context":"https:\/\/schema.org","@graph":[{"@type":"Article","@id":"https:\/\/www.renouvelle.be\/fr\/les-communautes-denergie-une-forme-deconomie-sociale\/#article","isPartOf":{"@id":"https:\/\/www.renouvelle.be\/fr\/les-communautes-denergie-une-forme-deconomie-sociale\/"},"author":{"name":"Benjamin WILKIN","@id":"https:\/\/www.renouvelle.be\/fr\/#\/schema\/person\/20d41a25c5a48ee6500cc1a14288f058"},"headline":"Les communaut\u00e9s d\u2019\u00e9nergie, une forme d\u2019\u00e9conomie sociale","datePublished":"2020-09-14T15:43:22+00:00","dateModified":"2021-03-08T16:09:00+00:00","mainEntityOfPage":{"@id":"https:\/\/www.renouvelle.be\/fr\/les-communautes-denergie-une-forme-deconomie-sociale\/"},"wordCount":1052,"commentCount":0,"image":{"@id":"https:\/\/www.renouvelle.be\/fr\/les-communautes-denergie-une-forme-deconomie-sociale\/#primaryimage"},"thumbnailUrl":"https:\/\/www.renouvelle.be\/wp-content\/uploads\/2020\/09\/communaute-er.jpg","articleSection":["D\u00e9bats"],"inLanguage":"fr-FR","potentialAction":[{"@type":"CommentAction","name":"Comment","target":["https:\/\/www.renouvelle.be\/fr\/les-communautes-denergie-une-forme-deconomie-sociale\/#respond"]}]},{"@type":"WebPage","@id":"https:\/\/www.renouvelle.be\/fr\/les-communautes-denergie-une-forme-deconomie-sociale\/","url":"https:\/\/www.renouvelle.be\/fr\/les-communautes-denergie-une-forme-deconomie-sociale\/","name":"Les communaut\u00e9s d\u2019\u00e9nergie, une forme d\u2019\u00e9conomie sociale - Renouvelle","isPartOf":{"@id":"https:\/\/www.renouvelle.be\/fr\/#website"},"primaryImageOfPage":{"@id":"https:\/\/www.renouvelle.be\/fr\/les-communautes-denergie-une-forme-deconomie-sociale\/#primaryimage"},"image":{"@id":"https:\/\/www.renouvelle.be\/fr\/les-communautes-denergie-une-forme-deconomie-sociale\/#primaryimage"},"thumbnailUrl":"https:\/\/www.renouvelle.be\/wp-content\/uploads\/2020\/09\/communaute-er.jpg","datePublished":"2020-09-14T15:43:22+00:00","dateModified":"2021-03-08T16:09:00+00:00","author":{"@id":"https:\/\/www.renouvelle.be\/fr\/#\/schema\/person\/20d41a25c5a48ee6500cc1a14288f058"},"breadcrumb":{"@id":"https:\/\/www.renouvelle.be\/fr\/les-communautes-denergie-une-forme-deconomie-sociale\/#breadcrumb"},"inLanguage":"fr-FR","potentialAction":[{"@type":"ReadAction","target":["https:\/\/www.renouvelle.be\/fr\/les-communautes-denergie-une-forme-deconomie-sociale\/"]}]},{"@type":"ImageObject","inLanguage":"fr-FR","@id":"https:\/\/www.renouvelle.be\/fr\/les-communautes-denergie-une-forme-deconomie-sociale\/#primaryimage","url":"https:\/\/www.renouvelle.be\/wp-content\/uploads\/2020\/09\/communaute-er.jpg","contentUrl":"https:\/\/www.renouvelle.be\/wp-content\/uploads\/2020\/09\/communaute-er.jpg","width":700,"height":747},{"@type":"BreadcrumbList","@id":"https:\/\/www.renouvelle.be\/fr\/les-communautes-denergie-une-forme-deconomie-sociale\/#breadcrumb","itemListElement":[{"@type":"ListItem","position":1,"name":"Accueil","item":"https:\/\/www.renouvelle.be\/fr\/"},{"@type":"ListItem","position":2,"name":"Les communaut\u00e9s d\u2019\u00e9nergie, une forme d\u2019\u00e9conomie sociale"}]},{"@type":"WebSite","@id":"https:\/\/www.renouvelle.be\/fr\/#website","url":"https:\/\/www.renouvelle.be\/fr\/","name":"Renouvelle","description":"L&#039;actualit\u00e9 de l&#039;\u00e9nergie durable","potentialAction":[{"@type":"SearchAction","target":{"@type":"EntryPoint","urlTemplate":"https:\/\/www.renouvelle.be\/fr\/?s={search_term_string}"},"query-input":{"@type":"PropertyValueSpecification","valueRequired":true,"valueName":"search_term_string"}}],"inLanguage":"fr-FR"},{"@type":"Person","@id":"https:\/\/www.renouvelle.be\/fr\/#\/schema\/person\/20d41a25c5a48ee6500cc1a14288f058","name":"Benjamin WILKIN","url":"https:\/\/www.renouvelle.be\/fr\/author\/benjaminwilkin\/"}]}},"_links":{"self":[{"href":"https:\/\/www.renouvelle.be\/fr\/wp-json\/wp\/v2\/posts\/3882","targetHints":{"allow":["GET"]}}],"collection":[{"href":"https:\/\/www.renouvelle.be\/fr\/wp-json\/wp\/v2\/posts"}],"about":[{"href":"https:\/\/www.renouvelle.be\/fr\/wp-json\/wp\/v2\/types\/post"}],"author":[{"embeddable":true,"href":"https:\/\/www.renouvelle.be\/fr\/wp-json\/wp\/v2\/users\/17"}],"replies":[{"embeddable":true,"href":"https:\/\/www.renouvelle.be\/fr\/wp-json\/wp\/v2\/comments?post=3882"}],"version-history":[{"count":3,"href":"https:\/\/www.renouvelle.be\/fr\/wp-json\/wp\/v2\/posts\/3882\/revisions"}],"predecessor-version":[{"id":5388,"href":"https:\/\/www.renouvelle.be\/fr\/wp-json\/wp\/v2\/posts\/3882\/revisions\/5388"}],"wp:featuredmedia":[{"embeddable":true,"href":"https:\/\/www.renouvelle.be\/fr\/wp-json\/wp\/v2\/media\/5389"}],"wp:attachment":[{"href":"https:\/\/www.renouvelle.be\/fr\/wp-json\/wp\/v2\/media?parent=3882"}],"wp:term":[{"taxonomy":"category","embeddable":true,"href":"https:\/\/www.renouvelle.be\/fr\/wp-json\/wp\/v2\/categories?post=3882"},{"taxonomy":"post_tag","embeddable":true,"href":"https:\/\/www.renouvelle.be\/fr\/wp-json\/wp\/v2\/tags?post=3882"},{"taxonomy":"section","embeddable":true,"href":"https:\/\/www.renouvelle.be\/fr\/wp-json\/wp\/v2\/section?post=3882"}],"curies":[{"name":"wp","href":"https:\/\/api.w.org\/{rel}","templated":true}]}}