{"id":3880,"date":"2020-09-01T10:17:20","date_gmt":"2020-09-01T10:17:20","guid":{"rendered":""},"modified":"2023-07-10T23:43:50","modified_gmt":"2023-07-10T21:43:50","slug":"les-oiseaux-evitent-mieux-les-eoliennes-peintes-en-noir","status":"publish","type":"post","link":"https:\/\/www.renouvelle.be\/fr\/les-oiseaux-evitent-mieux-les-eoliennes-peintes-en-noir\/","title":{"rendered":"Les oiseaux \u00e9vitent mieux les \u00e9oliennes peintes en noir"},"content":{"rendered":"<p>Rappelons d\u2019abord que les \u00e9oliennes constituent une cause minime d\u2019accidents mortels chez les oiseaux. Des \u00e9tudes ont ainsi montr\u00e9 que la mortalit\u00e9 des oiseaux et la destruction des nids sont principalement dues aux chats et aux collisions mortelles avec les fen\u00eatres, les v\u00e9hicules et les lignes \u00e0 haute tension (graphique ci-dessous).<\/p>\n<p><img decoding=\"async\" style=\"width: 577px; height: 227px;\" src=\"\/wp-content\/uploads\/2021\/02\/post\/statistiques.gif\" alt=\"\"><\/p>\n<p>Cependant, certaines esp\u00e8ces ne per\u00e7oivent pas l\u2019\u00e9olienne en rotation comme un danger et risquent donc d\u2019entrer en collision. Il faut donc leur accorder une attention particuli\u00e8re.<\/p>\n<p>En Wallonie, pour chaque projet \u00e9olien, plusieurs dizaines d\u2019hectares sont d\u00e9sormais affect\u00e9s \u00e0 la biodiversit\u00e9, si bien que certaines zones du territoire wallon se retrouvent avec une biodiversit\u00e9 locale plus riche apr\u00e8s l\u2019installation d\u2019un parc \u00e9olien qu\u2019avant. La Ligue Royale Belge pour la Protection des Oiseaux a d&rsquo;ailleurs publi\u00e9 une enqu\u00eate intitul\u00e9e <a href=\"https:\/\/www.renouvelle.be\/wp-content\/uploads\/2021\/05\/LRBPO_ZONES_COMPENSATOIRES.pdf\" target=\"_blank\" rel=\"noreferrer noopener\">L&rsquo;incroyable attractivit\u00e9 des zones compensatoires implant\u00e9es en Hesbaye.<\/a><\/p>\n<p>Et la fili\u00e8re \u00e9olienne innove constamment afin de minimiser plus encore son impact sur la biodiversit\u00e9 locale, comme nous allons le voir.<\/p>\n<h2>Augmenter le contraste<\/h2>\n<p>En 2003, des chercheurs am\u00e9ricains du National Renewable Research Laboratory avaient ainsi d\u00e9j\u00e0 d\u00e9montr\u00e9 dans une <a href=\"https:\/\/www.nrel.gov\/docs\/fy03osti\/33249.pdf\" target=\"_blank\" rel=\"noopener\">\u00e9tude<\/a>&nbsp;que des pales d\u2019\u00e9olienne peintes en noir \u00e9taient mieux visibles pour les oiseaux.<\/p>\n<p>En effet, pour la grande majorit\u00e9 d\u2019entre eux, une \u00e9olienne blanche en mouvement s\u2019apparente \u00e0 un flou (\u201cmotion blur\u201d) qui fait penser \u00e0 un espace s\u00fbr, avec parfois des cons\u00e9quences fatales. Le fait de peindre une des trois pales en noir augmente le contraste et la visibilit\u00e9 de l\u2019\u00e9olienne et permet ainsi aux oiseaux d\u2019\u00e9viter cet obstacle \u00e0 temps.<\/p>\n<p>Cette hypoth\u00e8se n\u2019avait cependant jamais \u00e9t\u00e9 v\u00e9rifi\u00e9e sur le terrain. C\u2019est pr\u00e9cis\u00e9ment ce \u00e0 quoi s\u2019est attel\u00e9 une \u00e9quipe de chercheurs du Norwegian Institute for Nature research (NINA).<\/p>\n<p>L&rsquo;\u00e9quipe norv\u00e9gienne a choisi le site de l&rsquo;archipel de Sm\u00f8la, o\u00f9 est exploit\u00e9 un parc de 68 \u00e9oliennes. Quatre d&rsquo;entre elles ont re\u00e7u un coup de peinture noire sur l&rsquo;une des trois pales (photo ci-dessous).<\/p>\n<p><img decoding=\"async\" style=\"width: 580px; height: 867px;\" src=\"\/wp-content\/uploads\/2021\/02\/post\/paint-it-black2.jpg\" alt=\"\"><\/p>\n<p>De 2006 \u00e0 2016, les chercheurs ont effectu\u00e9 pr\u00e8s de 10 000 visites au pied des \u00e9oliennes \u00e0 la recherche de cadavres d&rsquo;oiseaux, \u00e0 l\u2019aide de chiens sp\u00e9cialement entra\u00een\u00e9s.<\/p>\n<p>Les r\u00e9sultats de ces dix ans d&rsquo;observation, publi\u00e9s r\u00e9cemment dans la revue <a href=\"https:\/\/onlinelibrary.wiley.com\/doi\/full\/10.1002\/ece3.6592\" target=\"_blank\" rel=\"noopener\">Ecology and evolution<\/a>, sont clairs : les collisions avec les \u00e9oliennes peintes en noir ont diminu\u00e9 en moyenne de 70% par rapport \u00e0 une \u00e9olienne voisine rest\u00e9e totalement blanche.<\/p>\n<p>La m\u00e9thode s\u2019est av\u00e9r\u00e9e particuli\u00e8rement efficace pour les pygargues, aussi appel\u00e9s aigles \u00e0 queue blanche. Ces rapaces, connus dans le monde entier comme victimes des \u00e9oliennes, ont compl\u00e8tement \u00e9vit\u00e9 l\u2019obstacle : les impacts sont pass\u00e9s de 6 \u00e0 z\u00e9ro avant et apr\u00e8s le coup de peinture.<\/p>\n<p>Une exp\u00e9rience sp\u00e9cifique a \u00e9t\u00e9 men\u00e9e pour les lagop\u00e8des, une esp\u00e8ce qui entre plut\u00f4t en collision avec le m\u00e2t de l\u2019\u00e9olienne. Une dizaine de m\u00e2ts ont donc \u00e9t\u00e9 peints en noir \u00e0 leur base, ce qui a r\u00e9duit la mortalit\u00e9 de moiti\u00e9 par rapport aux \u00e9oliennes blanches de la m\u00eame zone.<\/p>\n<p>Au cours de ces dix ann\u00e9es, les chercheurs n&rsquo;ont pas constat\u00e9 de ph\u00e9nom\u00e8ne d&rsquo;habituation des oiseaux qui aurait provoqu\u00e9 de leur part une baisse de vigilance.<\/p>\n<h2>Une exp\u00e9rience \u00e0 r\u00e9p\u00e9ter ailleurs dans le monde<\/h2>\n<p>Les chercheurs conseillent d\u00e9sormais de r\u00e9p\u00e9ter l&rsquo;exp\u00e9rience dans d&rsquo;autres parcs \u00e9oliens dans diff\u00e9rentes r\u00e9gions du monde pour mieux valider les r\u00e9sultats enregistr\u00e9s \u00e0 Sm\u00f8la.<\/p>\n<p>L\u2019exp\u00e9rience norv\u00e9gienne a n\u00e9cessit\u00e9 du temps, de l\u2019argent et du personnel qualifi\u00e9 car il a fallu peindre des pales de 50 m\u00e8tres de long d\u00e9j\u00e0 install\u00e9es. Si cette m\u00e9thode se voit valid\u00e9e partout dans le monde, les constructeurs \u00e9oliens pourront pr\u00e9voir cette mise en peinture en usine, avant l\u2019assemblage et montage de l\u2019\u00e9olienne, expliquent les chercheurs dans cet&nbsp;<a href=\"https:\/\/nina.no\/english\/News\/News-article\/ArticleId\/5037\/S-229-effektive-er-tiltakene-for-fuglevennlig-vindkraft\" target=\"_blank\" rel=\"noopener\">interview<\/a>.<\/p>\n<p>Lire \u00e9galement notre interview sur la protection de la biodiversit\u00e9 en Wallonie : <a href=\"https:\/\/www.renouvelle.be\/fr\/technologies\/les-eoliennes-sadaptent-aux-oiseaux-et-chauves-souris\">Les \u00e9oliennes s\u2019adaptent aux oiseaux et chauves-souris<\/a>&nbsp;et notre article <a href=\"http:\/\/renouvelle.be\/fr\/actualite-belgique\/eoliennes-des-ultrasons-pour-mieux-proteger-les-chauves-souris\">Eoliennes : des ultrasons pour mieux prot\u00e9ger les chauves-souris<\/a>.<\/p>\n","protected":false},"excerpt":{"rendered":"<p>Rappelons d\u2019abord que les \u00e9oliennes constituent une cause minime d\u2019accidents mortels chez les oiseaux. Des \u00e9tudes ont ainsi montr\u00e9 que la mortalit\u00e9 des oiseaux et la destruction des nids sont principalement dues aux chats et aux collisions mortelles avec les fen\u00eatres, les v\u00e9hicules et les lignes \u00e0 haute tension (graphique ci-dessous). Cependant, certaines esp\u00e8ces ne per\u00e7oivent pas l\u2019\u00e9olienne en rotation comme un danger et risquent donc d\u2019entrer en collision. Il faut donc leur accorder une attention particuli\u00e8re. En Wallonie, pour chaque projet \u00e9olien, plusieurs dizaines d\u2019hectares sont d\u00e9sormais affect\u00e9s \u00e0 la biodiversit\u00e9, si bien que certaines zones du territoire wallon se retrouvent avec une biodiversit\u00e9 locale plus riche apr\u00e8s l\u2019installation d\u2019un parc \u00e9olien qu\u2019avant. La Ligue Royale Belge pour la Protection des Oiseaux a d&rsquo;ailleurs publi\u00e9 une enqu\u00eate intitul\u00e9e L&rsquo;incroyable attractivit\u00e9 des zones compensatoires implant\u00e9es en Hesbaye. Et la fili\u00e8re \u00e9olienne innove constamment afin de minimiser plus encore son impact sur la biodiversit\u00e9 locale, comme nous allons le voir. Augmenter le contraste En 2003, des chercheurs am\u00e9ricains du National Renewable Research Laboratory avaient ainsi d\u00e9j\u00e0 d\u00e9montr\u00e9 dans une \u00e9tude&nbsp;que des pales d\u2019\u00e9olienne peintes en noir \u00e9taient mieux visibles pour les oiseaux. En effet, pour la grande majorit\u00e9 d\u2019entre eux, une \u00e9olienne blanche en mouvement s\u2019apparente \u00e0 un flou (\u201cmotion blur\u201d) qui fait penser \u00e0 un espace s\u00fbr, avec parfois des cons\u00e9quences fatales. Le fait de peindre une des trois pales en noir augmente le contraste et la visibilit\u00e9 de l\u2019\u00e9olienne et permet ainsi aux oiseaux d\u2019\u00e9viter cet obstacle \u00e0 temps. Cette hypoth\u00e8se n\u2019avait cependant jamais \u00e9t\u00e9 v\u00e9rifi\u00e9e sur le terrain. C\u2019est pr\u00e9cis\u00e9ment ce \u00e0 quoi s\u2019est attel\u00e9 une \u00e9quipe de chercheurs du Norwegian Institute for Nature research (NINA). L&rsquo;\u00e9quipe norv\u00e9gienne a choisi le site de l&rsquo;archipel de Sm\u00f8la, o\u00f9 est &hellip; <a href=\"https:\/\/www.renouvelle.be\/fr\/les-oiseaux-evitent-mieux-les-eoliennes-peintes-en-noir\/\" class=\"more-link\">Continue reading<span class=\"screen-reader-text\"> \u00ab\u00a0Les oiseaux \u00e9vitent mieux les \u00e9oliennes peintes en noir\u00a0\u00bb<\/span><\/a><\/p>\n","protected":false},"author":3,"featured_media":4679,"comment_status":"open","ping_status":"open","sticky":false,"template":"","format":"standard","meta":{"_acf_changed":false,"footnotes":""},"categories":[18],"tags":[],"section":[6],"class_list":["post-3880","post","type-post","status-publish","format-standard","has-post-thumbnail","hentry","category-actualite-internationale","section-eolien"],"acf":[],"yoast_head":"<!-- This site is optimized with the Yoast SEO plugin v27.5 - https:\/\/yoast.com\/product\/yoast-seo-wordpress\/ -->\n<title>Les oiseaux \u00e9vitent mieux les \u00e9oliennes peintes en noir - Renouvelle<\/title>\n<meta name=\"robots\" content=\"index, follow, max-snippet:-1, max-image-preview:large, max-video-preview:-1\" \/>\n<link rel=\"canonical\" href=\"https:\/\/www.renouvelle.be\/fr\/les-oiseaux-evitent-mieux-les-eoliennes-peintes-en-noir\/\" \/>\n<meta property=\"og:locale\" content=\"fr_FR\" \/>\n<meta property=\"og:type\" content=\"article\" \/>\n<meta property=\"og:title\" content=\"Les oiseaux \u00e9vitent mieux les \u00e9oliennes peintes en noir - Renouvelle\" \/>\n<meta property=\"og:description\" content=\"Rappelons d\u2019abord que les \u00e9oliennes constituent une cause minime d\u2019accidents mortels chez les oiseaux. Des \u00e9tudes ont ainsi montr\u00e9 que la mortalit\u00e9 des oiseaux et la destruction des nids sont principalement dues aux chats et aux collisions mortelles avec les fen\u00eatres, les v\u00e9hicules et les lignes \u00e0 haute tension (graphique ci-dessous). Cependant, certaines esp\u00e8ces ne per\u00e7oivent pas l\u2019\u00e9olienne en rotation comme un danger et risquent donc d\u2019entrer en collision. Il faut donc leur accorder une attention particuli\u00e8re. En Wallonie, pour chaque projet \u00e9olien, plusieurs dizaines d\u2019hectares sont d\u00e9sormais affect\u00e9s \u00e0 la biodiversit\u00e9, si bien que certaines zones du territoire wallon se retrouvent avec une biodiversit\u00e9 locale plus riche apr\u00e8s l\u2019installation d\u2019un parc \u00e9olien qu\u2019avant. La Ligue Royale Belge pour la Protection des Oiseaux a d&rsquo;ailleurs publi\u00e9 une enqu\u00eate intitul\u00e9e L&rsquo;incroyable attractivit\u00e9 des zones compensatoires implant\u00e9es en Hesbaye. Et la fili\u00e8re \u00e9olienne innove constamment afin de minimiser plus encore son impact sur la biodiversit\u00e9 locale, comme nous allons le voir. Augmenter le contraste En 2003, des chercheurs am\u00e9ricains du National Renewable Research Laboratory avaient ainsi d\u00e9j\u00e0 d\u00e9montr\u00e9 dans une \u00e9tude&nbsp;que des pales d\u2019\u00e9olienne peintes en noir \u00e9taient mieux visibles pour les oiseaux. En effet, pour la grande majorit\u00e9 d\u2019entre eux, une \u00e9olienne blanche en mouvement s\u2019apparente \u00e0 un flou (\u201cmotion blur\u201d) qui fait penser \u00e0 un espace s\u00fbr, avec parfois des cons\u00e9quences fatales. Le fait de peindre une des trois pales en noir augmente le contraste et la visibilit\u00e9 de l\u2019\u00e9olienne et permet ainsi aux oiseaux d\u2019\u00e9viter cet obstacle \u00e0 temps. Cette hypoth\u00e8se n\u2019avait cependant jamais \u00e9t\u00e9 v\u00e9rifi\u00e9e sur le terrain. C\u2019est pr\u00e9cis\u00e9ment ce \u00e0 quoi s\u2019est attel\u00e9 une \u00e9quipe de chercheurs du Norwegian Institute for Nature research (NINA). L&rsquo;\u00e9quipe norv\u00e9gienne a choisi le site de l&rsquo;archipel de Sm\u00f8la, o\u00f9 est &hellip; Continue reading &quot;Les oiseaux \u00e9vitent mieux les \u00e9oliennes peintes en noir&quot;\" \/>\n<meta property=\"og:url\" content=\"https:\/\/www.renouvelle.be\/fr\/les-oiseaux-evitent-mieux-les-eoliennes-peintes-en-noir\/\" \/>\n<meta property=\"og:site_name\" content=\"Renouvelle\" \/>\n<meta property=\"article:published_time\" content=\"2020-09-01T10:17:20+00:00\" \/>\n<meta property=\"article:modified_time\" content=\"2023-07-10T21:43:50+00:00\" \/>\n<meta property=\"og:image\" content=\"https:\/\/www.renouvelle.be\/wp-content\/uploads\/2021\/02\/paint-it-black.jpg\" \/>\n\t<meta property=\"og:image:width\" content=\"1200\" \/>\n\t<meta property=\"og:image:height\" content=\"600\" \/>\n\t<meta property=\"og:image:type\" content=\"image\/jpeg\" \/>\n<meta name=\"author\" content=\"Energie Commune\" \/>\n<meta name=\"twitter:card\" content=\"summary_large_image\" \/>\n<script type=\"application\/ld+json\" class=\"yoast-schema-graph\">{\"@context\":\"https:\\\/\\\/schema.org\",\"@graph\":[{\"@type\":\"Article\",\"@id\":\"https:\\\/\\\/www.renouvelle.be\\\/fr\\\/les-oiseaux-evitent-mieux-les-eoliennes-peintes-en-noir\\\/#article\",\"isPartOf\":{\"@id\":\"https:\\\/\\\/www.renouvelle.be\\\/fr\\\/les-oiseaux-evitent-mieux-les-eoliennes-peintes-en-noir\\\/\"},\"author\":{\"name\":\"Energie Commune\",\"@id\":\"https:\\\/\\\/www.renouvelle.be\\\/fr\\\/#\\\/schema\\\/person\\\/01fbe8226a07f8f3d4a1cd059b31f17a\"},\"headline\":\"Les oiseaux \u00e9vitent mieux les \u00e9oliennes peintes en noir\",\"datePublished\":\"2020-09-01T10:17:20+00:00\",\"dateModified\":\"2023-07-10T21:43:50+00:00\",\"mainEntityOfPage\":{\"@id\":\"https:\\\/\\\/www.renouvelle.be\\\/fr\\\/les-oiseaux-evitent-mieux-les-eoliennes-peintes-en-noir\\\/\"},\"wordCount\":728,\"commentCount\":0,\"image\":{\"@id\":\"https:\\\/\\\/www.renouvelle.be\\\/fr\\\/les-oiseaux-evitent-mieux-les-eoliennes-peintes-en-noir\\\/#primaryimage\"},\"thumbnailUrl\":\"https:\\\/\\\/www.renouvelle.be\\\/wp-content\\\/uploads\\\/2021\\\/02\\\/paint-it-black.jpg\",\"articleSection\":[\"Actualit\u00e9 internationale\"],\"inLanguage\":\"fr-FR\",\"potentialAction\":[{\"@type\":\"CommentAction\",\"name\":\"Comment\",\"target\":[\"https:\\\/\\\/www.renouvelle.be\\\/fr\\\/les-oiseaux-evitent-mieux-les-eoliennes-peintes-en-noir\\\/#respond\"]}]},{\"@type\":\"WebPage\",\"@id\":\"https:\\\/\\\/www.renouvelle.be\\\/fr\\\/les-oiseaux-evitent-mieux-les-eoliennes-peintes-en-noir\\\/\",\"url\":\"https:\\\/\\\/www.renouvelle.be\\\/fr\\\/les-oiseaux-evitent-mieux-les-eoliennes-peintes-en-noir\\\/\",\"name\":\"Les oiseaux \u00e9vitent mieux les \u00e9oliennes peintes en noir - Renouvelle\",\"isPartOf\":{\"@id\":\"https:\\\/\\\/www.renouvelle.be\\\/fr\\\/#website\"},\"primaryImageOfPage\":{\"@id\":\"https:\\\/\\\/www.renouvelle.be\\\/fr\\\/les-oiseaux-evitent-mieux-les-eoliennes-peintes-en-noir\\\/#primaryimage\"},\"image\":{\"@id\":\"https:\\\/\\\/www.renouvelle.be\\\/fr\\\/les-oiseaux-evitent-mieux-les-eoliennes-peintes-en-noir\\\/#primaryimage\"},\"thumbnailUrl\":\"https:\\\/\\\/www.renouvelle.be\\\/wp-content\\\/uploads\\\/2021\\\/02\\\/paint-it-black.jpg\",\"datePublished\":\"2020-09-01T10:17:20+00:00\",\"dateModified\":\"2023-07-10T21:43:50+00:00\",\"author\":{\"@id\":\"https:\\\/\\\/www.renouvelle.be\\\/fr\\\/#\\\/schema\\\/person\\\/01fbe8226a07f8f3d4a1cd059b31f17a\"},\"breadcrumb\":{\"@id\":\"https:\\\/\\\/www.renouvelle.be\\\/fr\\\/les-oiseaux-evitent-mieux-les-eoliennes-peintes-en-noir\\\/#breadcrumb\"},\"inLanguage\":\"fr-FR\",\"potentialAction\":[{\"@type\":\"ReadAction\",\"target\":[\"https:\\\/\\\/www.renouvelle.be\\\/fr\\\/les-oiseaux-evitent-mieux-les-eoliennes-peintes-en-noir\\\/\"]}]},{\"@type\":\"ImageObject\",\"inLanguage\":\"fr-FR\",\"@id\":\"https:\\\/\\\/www.renouvelle.be\\\/fr\\\/les-oiseaux-evitent-mieux-les-eoliennes-peintes-en-noir\\\/#primaryimage\",\"url\":\"https:\\\/\\\/www.renouvelle.be\\\/wp-content\\\/uploads\\\/2021\\\/02\\\/paint-it-black.jpg\",\"contentUrl\":\"https:\\\/\\\/www.renouvelle.be\\\/wp-content\\\/uploads\\\/2021\\\/02\\\/paint-it-black.jpg\",\"width\":1200,\"height\":600},{\"@type\":\"BreadcrumbList\",\"@id\":\"https:\\\/\\\/www.renouvelle.be\\\/fr\\\/les-oiseaux-evitent-mieux-les-eoliennes-peintes-en-noir\\\/#breadcrumb\",\"itemListElement\":[{\"@type\":\"ListItem\",\"position\":1,\"name\":\"Accueil\",\"item\":\"https:\\\/\\\/www.renouvelle.be\\\/fr\\\/\"},{\"@type\":\"ListItem\",\"position\":2,\"name\":\"Les oiseaux \u00e9vitent mieux les \u00e9oliennes peintes en noir\"}]},{\"@type\":\"WebSite\",\"@id\":\"https:\\\/\\\/www.renouvelle.be\\\/fr\\\/#website\",\"url\":\"https:\\\/\\\/www.renouvelle.be\\\/fr\\\/\",\"name\":\"Renouvelle\",\"description\":\"L&#039;actualit\u00e9 de l&#039;\u00e9nergie durable\",\"potentialAction\":[{\"@type\":\"SearchAction\",\"target\":{\"@type\":\"EntryPoint\",\"urlTemplate\":\"https:\\\/\\\/www.renouvelle.be\\\/fr\\\/?s={search_term_string}\"},\"query-input\":{\"@type\":\"PropertyValueSpecification\",\"valueRequired\":true,\"valueName\":\"search_term_string\"}}],\"inLanguage\":\"fr-FR\"},{\"@type\":\"Person\",\"@id\":\"https:\\\/\\\/www.renouvelle.be\\\/fr\\\/#\\\/schema\\\/person\\\/01fbe8226a07f8f3d4a1cd059b31f17a\",\"name\":\"Energie Commune\",\"url\":\"https:\\\/\\\/www.renouvelle.be\\\/fr\\\/author\\\/apere\\\/\"}]}<\/script>\n<!-- \/ Yoast SEO plugin. -->","yoast_head_json":{"title":"Les oiseaux \u00e9vitent mieux les \u00e9oliennes peintes en noir - Renouvelle","robots":{"index":"index","follow":"follow","max-snippet":"max-snippet:-1","max-image-preview":"max-image-preview:large","max-video-preview":"max-video-preview:-1"},"canonical":"https:\/\/www.renouvelle.be\/fr\/les-oiseaux-evitent-mieux-les-eoliennes-peintes-en-noir\/","og_locale":"fr_FR","og_type":"article","og_title":"Les oiseaux \u00e9vitent mieux les \u00e9oliennes peintes en noir - Renouvelle","og_description":"Rappelons d\u2019abord que les \u00e9oliennes constituent une cause minime d\u2019accidents mortels chez les oiseaux. Des \u00e9tudes ont ainsi montr\u00e9 que la mortalit\u00e9 des oiseaux et la destruction des nids sont principalement dues aux chats et aux collisions mortelles avec les fen\u00eatres, les v\u00e9hicules et les lignes \u00e0 haute tension (graphique ci-dessous). Cependant, certaines esp\u00e8ces ne per\u00e7oivent pas l\u2019\u00e9olienne en rotation comme un danger et risquent donc d\u2019entrer en collision. Il faut donc leur accorder une attention particuli\u00e8re. En Wallonie, pour chaque projet \u00e9olien, plusieurs dizaines d\u2019hectares sont d\u00e9sormais affect\u00e9s \u00e0 la biodiversit\u00e9, si bien que certaines zones du territoire wallon se retrouvent avec une biodiversit\u00e9 locale plus riche apr\u00e8s l\u2019installation d\u2019un parc \u00e9olien qu\u2019avant. La Ligue Royale Belge pour la Protection des Oiseaux a d&rsquo;ailleurs publi\u00e9 une enqu\u00eate intitul\u00e9e L&rsquo;incroyable attractivit\u00e9 des zones compensatoires implant\u00e9es en Hesbaye. Et la fili\u00e8re \u00e9olienne innove constamment afin de minimiser plus encore son impact sur la biodiversit\u00e9 locale, comme nous allons le voir. Augmenter le contraste En 2003, des chercheurs am\u00e9ricains du National Renewable Research Laboratory avaient ainsi d\u00e9j\u00e0 d\u00e9montr\u00e9 dans une \u00e9tude&nbsp;que des pales d\u2019\u00e9olienne peintes en noir \u00e9taient mieux visibles pour les oiseaux. En effet, pour la grande majorit\u00e9 d\u2019entre eux, une \u00e9olienne blanche en mouvement s\u2019apparente \u00e0 un flou (\u201cmotion blur\u201d) qui fait penser \u00e0 un espace s\u00fbr, avec parfois des cons\u00e9quences fatales. Le fait de peindre une des trois pales en noir augmente le contraste et la visibilit\u00e9 de l\u2019\u00e9olienne et permet ainsi aux oiseaux d\u2019\u00e9viter cet obstacle \u00e0 temps. Cette hypoth\u00e8se n\u2019avait cependant jamais \u00e9t\u00e9 v\u00e9rifi\u00e9e sur le terrain. C\u2019est pr\u00e9cis\u00e9ment ce \u00e0 quoi s\u2019est attel\u00e9 une \u00e9quipe de chercheurs du Norwegian Institute for Nature research (NINA). L&rsquo;\u00e9quipe norv\u00e9gienne a choisi le site de l&rsquo;archipel de Sm\u00f8la, o\u00f9 est &hellip; Continue reading \"Les oiseaux \u00e9vitent mieux les \u00e9oliennes peintes en noir\"","og_url":"https:\/\/www.renouvelle.be\/fr\/les-oiseaux-evitent-mieux-les-eoliennes-peintes-en-noir\/","og_site_name":"Renouvelle","article_published_time":"2020-09-01T10:17:20+00:00","article_modified_time":"2023-07-10T21:43:50+00:00","og_image":[{"width":1200,"height":600,"url":"https:\/\/www.renouvelle.be\/wp-content\/uploads\/2021\/02\/paint-it-black.jpg","type":"image\/jpeg"}],"author":"Energie Commune","twitter_card":"summary_large_image","schema":{"@context":"https:\/\/schema.org","@graph":[{"@type":"Article","@id":"https:\/\/www.renouvelle.be\/fr\/les-oiseaux-evitent-mieux-les-eoliennes-peintes-en-noir\/#article","isPartOf":{"@id":"https:\/\/www.renouvelle.be\/fr\/les-oiseaux-evitent-mieux-les-eoliennes-peintes-en-noir\/"},"author":{"name":"Energie Commune","@id":"https:\/\/www.renouvelle.be\/fr\/#\/schema\/person\/01fbe8226a07f8f3d4a1cd059b31f17a"},"headline":"Les oiseaux \u00e9vitent mieux les \u00e9oliennes peintes en noir","datePublished":"2020-09-01T10:17:20+00:00","dateModified":"2023-07-10T21:43:50+00:00","mainEntityOfPage":{"@id":"https:\/\/www.renouvelle.be\/fr\/les-oiseaux-evitent-mieux-les-eoliennes-peintes-en-noir\/"},"wordCount":728,"commentCount":0,"image":{"@id":"https:\/\/www.renouvelle.be\/fr\/les-oiseaux-evitent-mieux-les-eoliennes-peintes-en-noir\/#primaryimage"},"thumbnailUrl":"https:\/\/www.renouvelle.be\/wp-content\/uploads\/2021\/02\/paint-it-black.jpg","articleSection":["Actualit\u00e9 internationale"],"inLanguage":"fr-FR","potentialAction":[{"@type":"CommentAction","name":"Comment","target":["https:\/\/www.renouvelle.be\/fr\/les-oiseaux-evitent-mieux-les-eoliennes-peintes-en-noir\/#respond"]}]},{"@type":"WebPage","@id":"https:\/\/www.renouvelle.be\/fr\/les-oiseaux-evitent-mieux-les-eoliennes-peintes-en-noir\/","url":"https:\/\/www.renouvelle.be\/fr\/les-oiseaux-evitent-mieux-les-eoliennes-peintes-en-noir\/","name":"Les oiseaux \u00e9vitent mieux les \u00e9oliennes peintes en noir - Renouvelle","isPartOf":{"@id":"https:\/\/www.renouvelle.be\/fr\/#website"},"primaryImageOfPage":{"@id":"https:\/\/www.renouvelle.be\/fr\/les-oiseaux-evitent-mieux-les-eoliennes-peintes-en-noir\/#primaryimage"},"image":{"@id":"https:\/\/www.renouvelle.be\/fr\/les-oiseaux-evitent-mieux-les-eoliennes-peintes-en-noir\/#primaryimage"},"thumbnailUrl":"https:\/\/www.renouvelle.be\/wp-content\/uploads\/2021\/02\/paint-it-black.jpg","datePublished":"2020-09-01T10:17:20+00:00","dateModified":"2023-07-10T21:43:50+00:00","author":{"@id":"https:\/\/www.renouvelle.be\/fr\/#\/schema\/person\/01fbe8226a07f8f3d4a1cd059b31f17a"},"breadcrumb":{"@id":"https:\/\/www.renouvelle.be\/fr\/les-oiseaux-evitent-mieux-les-eoliennes-peintes-en-noir\/#breadcrumb"},"inLanguage":"fr-FR","potentialAction":[{"@type":"ReadAction","target":["https:\/\/www.renouvelle.be\/fr\/les-oiseaux-evitent-mieux-les-eoliennes-peintes-en-noir\/"]}]},{"@type":"ImageObject","inLanguage":"fr-FR","@id":"https:\/\/www.renouvelle.be\/fr\/les-oiseaux-evitent-mieux-les-eoliennes-peintes-en-noir\/#primaryimage","url":"https:\/\/www.renouvelle.be\/wp-content\/uploads\/2021\/02\/paint-it-black.jpg","contentUrl":"https:\/\/www.renouvelle.be\/wp-content\/uploads\/2021\/02\/paint-it-black.jpg","width":1200,"height":600},{"@type":"BreadcrumbList","@id":"https:\/\/www.renouvelle.be\/fr\/les-oiseaux-evitent-mieux-les-eoliennes-peintes-en-noir\/#breadcrumb","itemListElement":[{"@type":"ListItem","position":1,"name":"Accueil","item":"https:\/\/www.renouvelle.be\/fr\/"},{"@type":"ListItem","position":2,"name":"Les oiseaux \u00e9vitent mieux les \u00e9oliennes peintes en noir"}]},{"@type":"WebSite","@id":"https:\/\/www.renouvelle.be\/fr\/#website","url":"https:\/\/www.renouvelle.be\/fr\/","name":"Renouvelle","description":"L&#039;actualit\u00e9 de l&#039;\u00e9nergie durable","potentialAction":[{"@type":"SearchAction","target":{"@type":"EntryPoint","urlTemplate":"https:\/\/www.renouvelle.be\/fr\/?s={search_term_string}"},"query-input":{"@type":"PropertyValueSpecification","valueRequired":true,"valueName":"search_term_string"}}],"inLanguage":"fr-FR"},{"@type":"Person","@id":"https:\/\/www.renouvelle.be\/fr\/#\/schema\/person\/01fbe8226a07f8f3d4a1cd059b31f17a","name":"Energie Commune","url":"https:\/\/www.renouvelle.be\/fr\/author\/apere\/"}]}},"_links":{"self":[{"href":"https:\/\/www.renouvelle.be\/fr\/wp-json\/wp\/v2\/posts\/3880","targetHints":{"allow":["GET"]}}],"collection":[{"href":"https:\/\/www.renouvelle.be\/fr\/wp-json\/wp\/v2\/posts"}],"about":[{"href":"https:\/\/www.renouvelle.be\/fr\/wp-json\/wp\/v2\/types\/post"}],"author":[{"embeddable":true,"href":"https:\/\/www.renouvelle.be\/fr\/wp-json\/wp\/v2\/users\/3"}],"replies":[{"embeddable":true,"href":"https:\/\/www.renouvelle.be\/fr\/wp-json\/wp\/v2\/comments?post=3880"}],"version-history":[{"count":5,"href":"https:\/\/www.renouvelle.be\/fr\/wp-json\/wp\/v2\/posts\/3880\/revisions"}],"predecessor-version":[{"id":10173,"href":"https:\/\/www.renouvelle.be\/fr\/wp-json\/wp\/v2\/posts\/3880\/revisions\/10173"}],"wp:featuredmedia":[{"embeddable":true,"href":"https:\/\/www.renouvelle.be\/fr\/wp-json\/wp\/v2\/media\/4679"}],"wp:attachment":[{"href":"https:\/\/www.renouvelle.be\/fr\/wp-json\/wp\/v2\/media?parent=3880"}],"wp:term":[{"taxonomy":"category","embeddable":true,"href":"https:\/\/www.renouvelle.be\/fr\/wp-json\/wp\/v2\/categories?post=3880"},{"taxonomy":"post_tag","embeddable":true,"href":"https:\/\/www.renouvelle.be\/fr\/wp-json\/wp\/v2\/tags?post=3880"},{"taxonomy":"section","embeddable":true,"href":"https:\/\/www.renouvelle.be\/fr\/wp-json\/wp\/v2\/section?post=3880"}],"curies":[{"name":"wp","href":"https:\/\/api.w.org\/{rel}","templated":true}]}}