{"id":3875,"date":"2020-08-18T07:34:23","date_gmt":"2020-08-18T07:34:23","guid":{"rendered":""},"modified":"2023-07-10T23:38:13","modified_gmt":"2023-07-10T21:38:13","slug":"premieres-centrales-hydroelectriques-citoyennes-en-wallonie","status":"publish","type":"post","link":"https:\/\/www.renouvelle.be\/fr\/premieres-centrales-hydroelectriques-citoyennes-en-wallonie\/","title":{"rendered":"Premi\u00e8res centrales hydro\u00e9lectriques citoyennes en Wallonie"},"content":{"rendered":"<p>Deux chantiers in\u00e9dits sont en cours sur l\u2019Ourthe en Wallonie : deux centrales hydro\u00e9lectriques en construction, \u00e0 Chanxhe et aux Grosses Battes \u00e0 Angleur, et co-financ\u00e9es par des citoyens.<\/p>\n<p>Ces milliers de coop\u00e9rateurs, issus d\u2019une dizaine de coop\u00e9ratives actives dans la production d\u2019\u00e9nergie renouvelable, ont acquis des parts \u00e0 125\u20ac dans ces projets et, ensemble, ont investi environ 6 millions \u20ac.<\/p>\n<p>Il s\u2019agit des premi\u00e8res centrales hydro\u00e9lectriques wallonnes financ\u00e9es&nbsp; par des citoyens. Chacun.e peut encore rejoindre ces projets et acqu\u00e9rir une ou des parts \u00e0 125\u20ac.<\/p>\n<p>&nbsp;<\/p>\n<h2>Petite et moyenne puissances<\/h2>\n<p>&nbsp;<\/p>\n<p>Sur le barrage de Chanxhe (photos ci-dessous), le projet est relativement modeste avec une centrale de 420 kW qui produira 1.600 MWh\/an (l\u2019\u00e9quivalent de la consommation \u00e9lectrique d\u2019environ 400 m\u00e9nages) et \u00e9vitera l\u2019\u00e9mission de 744 tonnes de CO2 par an. La date de mise en service est pr\u00e9vue pour septembre 2020.<\/p>\n<p><img decoding=\"async\" alt=\"\" src=\"\/wp-content\/uploads\/2021\/02\/post\/chanxhe-600x217.jpg\" style=\"width: 580px; height: 210px;\"><\/p>\n<p><small>Illus : Condroz Energies Citoyennes<\/small><\/p>\n<p>Sur le barrage-\u00e9cluse des Grosses Battes par contre (photo en haut de l\u2019article), le projet s\u2019av\u00e8re de plus grande envergure avec l\u2019installation de deux turbines hydro\u00e9lectriques qui totaliseront une puissance de 1,4 MW et produiront ensemble 4.400 MWh par an (l\u2019\u00e9quivalent de la consommation \u00e9lectrique de 1.257 m\u00e9nages) pour 2.000 tonnes de CO2 \u00e9vit\u00e9s par an. La date de mise en service est pr\u00e9vue pour novembre 2020.<\/p>\n<p>Ces centrales seront \u00e9quip\u00e9es d\u2019\u00e9chelles \u00e0 poissons afin de ne pas nuire \u00e0 la faune aquatique.<\/p>\n<p>Parmi les partenaires des deux projets, citons HydroB, Emissions Z\u00e9ro, HesbEnergie, Allons en Vent, Condroz Energies Citoyennes, Clef, Courant d\u2019Air, Luc\u00e9ole, Vent du Sud et WattArdenne.<\/p>\n<p>Les deux centrales hydro\u00e9lectriques seront exploit\u00e9es par la soci\u00e9t\u00e9 coop\u00e9rative HOSe avec participation citoyenne \u00e0 50%.<\/p>\n<p>&nbsp;<\/p>\n<h2>Pourquoi choisir l\u2019hydro ?<\/h2>\n<p>&nbsp;<\/p>\n<p>Pour ces coop\u00e9ratives citoyennes, investir dans l\u2019hydro\u00e9lectricit\u00e9 pr\u00e9sente plusieurs avantages. &nbsp;<\/p>\n<p>Premi\u00e8rement, cela permet de diversifier leur mix de production d\u2019\u00e9lectricit\u00e9 renouvelable (elles sont souvent historiquement actives dans l\u2019\u00e9olien et le photovolta\u00efque voire la biomasse). &nbsp;<\/p>\n<p>La fili\u00e8re hydro pr\u00e9sente ensuite l\u2019int\u00e9r\u00eat d\u2019une production assez stable, particuli\u00e8rement durant les 6 mois frais de l\u2019ann\u00e9e, quand les besoins en \u00e9nergie sont \u00e9lev\u00e9s. Elle compl\u00e8te d\u00e8s lors tr\u00e8s bien les productions \u00e9olienne \u2013 optimale en automne et hiver &#8211; et photovolta\u00efque \u2013 maximale au printemps et en \u00e9t\u00e9.<\/p>\n<p>Par ailleurs, une centrale hydro\u00e9lectrique vit deux fois plus longtemps qu\u2019une \u00e9olienne. En outre, l&rsquo;hydraulique de fleuve et rivi\u00e8re pr\u00e9sente le meilleur bilan CO2 de toutes les sources connues de production d\u2019\u00e9lectricit\u00e9.<\/p>\n<p>Enfin, l\u2019\u00e9lectricit\u00e9 produite sera revendue \u00e0 COCITER, un fournisseur 100% vert et citoyen, qui fournit d\u00e9j\u00e0 aux m\u00e9nages l\u2019\u00e9lectricit\u00e9 produite par 12 coop\u00e9ratives citoyennes \u2013 notamment \u00e9olien et photovolta\u00efque. Gr\u00e2ce \u00e0 ce projet hydro\u00e9lectrique, COCITER pourra ainsi compl\u00e9ter ses sources de production d\u2019\u00e9lectricit\u00e9 verte au fil des saisons.<\/p>\n<p>A noter que, pour le 3\u00e8me \u00e9t\u00e9 cons\u00e9cutif, les centrales hydro sur les cours d\u2019eau non navigables sont \u00e0 l\u2019arr\u00eat \u00e0 cause de la s\u00e9cheresse, depuis le 6 juillet. Lire notre article <a href=\"https:\/\/www.renouvelle.be\/fr\/actualite-belgique\/de-petits-producteurs-hydroelectriques-en-perte-seche\">De petits producteurs hydro\u00e9lectriques en perte s\u00e8che.<\/a><\/p>\n<p>&nbsp;<\/p>\n<p>Lire \u00e9galement nos articles :<\/p>\n<p><a href=\"https:\/\/www.renouvelle.be\/fr\/technologies\/reconcilier-les-centrales-hydroelectriques-et-la-faune-piscicole-en-basse-meuse\">R\u00e9concilier les centrales hydro\u00e9lectriques et la faune piscicole en Basse-Meuse<\/a><\/p>\n<p><a href=\"https:\/\/www.renouvelle.be\/fr\/technologies\/merygrid-un-micro-reseau-local-en-pilotage-intelligent\">MeryGrid, un micro-r\u00e9seau local en pilotage intelligent<\/a><\/p>\n<p><a href=\"https:\/\/www.renouvelle.be\/fr\/technologies\/hydroelectricite-des-avancees-technologiques-appliquees-en-belgique\">Hydro\u00e9lectricit\u00e9 : Des avanc\u00e9es technologiques appliqu\u00e9es en Belgique<\/a><\/p>\n<p>&nbsp;<\/p>\n","protected":false},"excerpt":{"rendered":"<p>Deux chantiers in\u00e9dits sont en cours sur l\u2019Ourthe en Wallonie : deux centrales hydro\u00e9lectriques en construction, \u00e0 Chanxhe et aux Grosses Battes \u00e0 Angleur, et co-financ\u00e9es par des citoyens. Ces milliers de coop\u00e9rateurs, issus d\u2019une dizaine de coop\u00e9ratives actives dans la production d\u2019\u00e9nergie renouvelable, ont acquis des parts \u00e0 125\u20ac dans ces projets et, ensemble, ont investi environ 6 millions \u20ac. Il s\u2019agit des premi\u00e8res centrales hydro\u00e9lectriques wallonnes financ\u00e9es&nbsp; par des citoyens. Chacun.e peut encore rejoindre ces projets et acqu\u00e9rir une ou des parts \u00e0 125\u20ac. &nbsp; Petite et moyenne puissances &nbsp; Sur le barrage de Chanxhe (photos ci-dessous), le projet est relativement modeste avec une centrale de 420 kW qui produira 1.600 MWh\/an (l\u2019\u00e9quivalent de la consommation \u00e9lectrique d\u2019environ 400 m\u00e9nages) et \u00e9vitera l\u2019\u00e9mission de 744 tonnes de CO2 par an. La date de mise en service est pr\u00e9vue pour septembre 2020. Illus : Condroz Energies Citoyennes Sur le barrage-\u00e9cluse des Grosses Battes par contre (photo en haut de l\u2019article), le projet s\u2019av\u00e8re de plus grande envergure avec l\u2019installation de deux turbines hydro\u00e9lectriques qui totaliseront une puissance de 1,4 MW et produiront ensemble 4.400 MWh par an (l\u2019\u00e9quivalent de la consommation \u00e9lectrique de 1.257 m\u00e9nages) pour 2.000 tonnes de CO2 \u00e9vit\u00e9s par an. La date de mise en service est pr\u00e9vue pour novembre 2020. Ces centrales seront \u00e9quip\u00e9es d\u2019\u00e9chelles \u00e0 poissons afin de ne pas nuire \u00e0 la faune aquatique. Parmi les partenaires des deux projets, citons HydroB, Emissions Z\u00e9ro, HesbEnergie, Allons en Vent, Condroz Energies Citoyennes, Clef, Courant d\u2019Air, Luc\u00e9ole, Vent du Sud et WattArdenne. Les deux centrales hydro\u00e9lectriques seront exploit\u00e9es par la soci\u00e9t\u00e9 coop\u00e9rative HOSe avec participation citoyenne \u00e0 50%. &nbsp; Pourquoi choisir l\u2019hydro ? &nbsp; Pour ces coop\u00e9ratives citoyennes, investir dans l\u2019hydro\u00e9lectricit\u00e9 pr\u00e9sente plusieurs avantages. &nbsp; &hellip; <a href=\"https:\/\/www.renouvelle.be\/fr\/premieres-centrales-hydroelectriques-citoyennes-en-wallonie\/\" class=\"more-link\">Continue reading<span class=\"screen-reader-text\"> \u00ab\u00a0Premi\u00e8res centrales hydro\u00e9lectriques citoyennes en Wallonie\u00a0\u00bb<\/span><\/a><\/p>\n","protected":false},"author":3,"featured_media":4504,"comment_status":"open","ping_status":"open","sticky":false,"template":"","format":"standard","meta":{"_acf_changed":false,"footnotes":""},"categories":[17],"tags":[],"section":[10],"class_list":["post-3875","post","type-post","status-publish","format-standard","has-post-thumbnail","hentry","category-actualite-en-belgique","section-hydroenergie"],"acf":[],"yoast_head":"<!-- This site is optimized with the Yoast SEO plugin v27.5 - https:\/\/yoast.com\/product\/yoast-seo-wordpress\/ -->\n<title>Premi\u00e8res centrales hydro\u00e9lectriques citoyennes en Wallonie - Renouvelle<\/title>\n<meta name=\"robots\" content=\"index, follow, max-snippet:-1, max-image-preview:large, max-video-preview:-1\" \/>\n<link rel=\"canonical\" href=\"https:\/\/www.renouvelle.be\/fr\/premieres-centrales-hydroelectriques-citoyennes-en-wallonie\/\" \/>\n<meta property=\"og:locale\" content=\"fr_FR\" \/>\n<meta property=\"og:type\" content=\"article\" \/>\n<meta property=\"og:title\" content=\"Premi\u00e8res centrales hydro\u00e9lectriques citoyennes en Wallonie - Renouvelle\" \/>\n<meta property=\"og:description\" content=\"Deux chantiers in\u00e9dits sont en cours sur l\u2019Ourthe en Wallonie : deux centrales hydro\u00e9lectriques en construction, \u00e0 Chanxhe et aux Grosses Battes \u00e0 Angleur, et co-financ\u00e9es par des citoyens. Ces milliers de coop\u00e9rateurs, issus d\u2019une dizaine de coop\u00e9ratives actives dans la production d\u2019\u00e9nergie renouvelable, ont acquis des parts \u00e0 125\u20ac dans ces projets et, ensemble, ont investi environ 6 millions \u20ac. Il s\u2019agit des premi\u00e8res centrales hydro\u00e9lectriques wallonnes financ\u00e9es&nbsp; par des citoyens. Chacun.e peut encore rejoindre ces projets et acqu\u00e9rir une ou des parts \u00e0 125\u20ac. &nbsp; Petite et moyenne puissances &nbsp; Sur le barrage de Chanxhe (photos ci-dessous), le projet est relativement modeste avec une centrale de 420 kW qui produira 1.600 MWh\/an (l\u2019\u00e9quivalent de la consommation \u00e9lectrique d\u2019environ 400 m\u00e9nages) et \u00e9vitera l\u2019\u00e9mission de 744 tonnes de CO2 par an. La date de mise en service est pr\u00e9vue pour septembre 2020. Illus : Condroz Energies Citoyennes Sur le barrage-\u00e9cluse des Grosses Battes par contre (photo en haut de l\u2019article), le projet s\u2019av\u00e8re de plus grande envergure avec l\u2019installation de deux turbines hydro\u00e9lectriques qui totaliseront une puissance de 1,4 MW et produiront ensemble 4.400 MWh par an (l\u2019\u00e9quivalent de la consommation \u00e9lectrique de 1.257 m\u00e9nages) pour 2.000 tonnes de CO2 \u00e9vit\u00e9s par an. La date de mise en service est pr\u00e9vue pour novembre 2020. Ces centrales seront \u00e9quip\u00e9es d\u2019\u00e9chelles \u00e0 poissons afin de ne pas nuire \u00e0 la faune aquatique. Parmi les partenaires des deux projets, citons HydroB, Emissions Z\u00e9ro, HesbEnergie, Allons en Vent, Condroz Energies Citoyennes, Clef, Courant d\u2019Air, Luc\u00e9ole, Vent du Sud et WattArdenne. Les deux centrales hydro\u00e9lectriques seront exploit\u00e9es par la soci\u00e9t\u00e9 coop\u00e9rative HOSe avec participation citoyenne \u00e0 50%. &nbsp; Pourquoi choisir l\u2019hydro ? &nbsp; Pour ces coop\u00e9ratives citoyennes, investir dans l\u2019hydro\u00e9lectricit\u00e9 pr\u00e9sente plusieurs avantages. &nbsp; &hellip; Continue reading &quot;Premi\u00e8res centrales hydro\u00e9lectriques citoyennes en Wallonie&quot;\" \/>\n<meta property=\"og:url\" content=\"https:\/\/www.renouvelle.be\/fr\/premieres-centrales-hydroelectriques-citoyennes-en-wallonie\/\" \/>\n<meta property=\"og:site_name\" content=\"Renouvelle\" \/>\n<meta property=\"article:published_time\" content=\"2020-08-18T07:34:23+00:00\" \/>\n<meta property=\"article:modified_time\" content=\"2023-07-10T21:38:13+00:00\" \/>\n<meta property=\"og:image\" content=\"https:\/\/www.renouvelle.be\/wp-content\/uploads\/2021\/02\/gb1.jpg\" \/>\n\t<meta property=\"og:image:width\" content=\"1174\" \/>\n\t<meta property=\"og:image:height\" content=\"769\" \/>\n\t<meta property=\"og:image:type\" content=\"image\/jpeg\" \/>\n<meta name=\"author\" content=\"Energie Commune\" \/>\n<meta name=\"twitter:card\" content=\"summary_large_image\" \/>\n<script type=\"application\/ld+json\" class=\"yoast-schema-graph\">{\"@context\":\"https:\\\/\\\/schema.org\",\"@graph\":[{\"@type\":\"Article\",\"@id\":\"https:\\\/\\\/www.renouvelle.be\\\/fr\\\/premieres-centrales-hydroelectriques-citoyennes-en-wallonie\\\/#article\",\"isPartOf\":{\"@id\":\"https:\\\/\\\/www.renouvelle.be\\\/fr\\\/premieres-centrales-hydroelectriques-citoyennes-en-wallonie\\\/\"},\"author\":{\"name\":\"Energie Commune\",\"@id\":\"https:\\\/\\\/www.renouvelle.be\\\/fr\\\/#\\\/schema\\\/person\\\/01fbe8226a07f8f3d4a1cd059b31f17a\"},\"headline\":\"Premi\u00e8res centrales hydro\u00e9lectriques citoyennes en Wallonie\",\"datePublished\":\"2020-08-18T07:34:23+00:00\",\"dateModified\":\"2023-07-10T21:38:13+00:00\",\"mainEntityOfPage\":{\"@id\":\"https:\\\/\\\/www.renouvelle.be\\\/fr\\\/premieres-centrales-hydroelectriques-citoyennes-en-wallonie\\\/\"},\"wordCount\":578,\"commentCount\":0,\"image\":{\"@id\":\"https:\\\/\\\/www.renouvelle.be\\\/fr\\\/premieres-centrales-hydroelectriques-citoyennes-en-wallonie\\\/#primaryimage\"},\"thumbnailUrl\":\"https:\\\/\\\/www.renouvelle.be\\\/wp-content\\\/uploads\\\/2021\\\/02\\\/gb1.jpg\",\"articleSection\":[\"Actualit\u00e9 en Belgique\"],\"inLanguage\":\"fr-FR\",\"potentialAction\":[{\"@type\":\"CommentAction\",\"name\":\"Comment\",\"target\":[\"https:\\\/\\\/www.renouvelle.be\\\/fr\\\/premieres-centrales-hydroelectriques-citoyennes-en-wallonie\\\/#respond\"]}]},{\"@type\":\"WebPage\",\"@id\":\"https:\\\/\\\/www.renouvelle.be\\\/fr\\\/premieres-centrales-hydroelectriques-citoyennes-en-wallonie\\\/\",\"url\":\"https:\\\/\\\/www.renouvelle.be\\\/fr\\\/premieres-centrales-hydroelectriques-citoyennes-en-wallonie\\\/\",\"name\":\"Premi\u00e8res centrales hydro\u00e9lectriques citoyennes en Wallonie - Renouvelle\",\"isPartOf\":{\"@id\":\"https:\\\/\\\/www.renouvelle.be\\\/fr\\\/#website\"},\"primaryImageOfPage\":{\"@id\":\"https:\\\/\\\/www.renouvelle.be\\\/fr\\\/premieres-centrales-hydroelectriques-citoyennes-en-wallonie\\\/#primaryimage\"},\"image\":{\"@id\":\"https:\\\/\\\/www.renouvelle.be\\\/fr\\\/premieres-centrales-hydroelectriques-citoyennes-en-wallonie\\\/#primaryimage\"},\"thumbnailUrl\":\"https:\\\/\\\/www.renouvelle.be\\\/wp-content\\\/uploads\\\/2021\\\/02\\\/gb1.jpg\",\"datePublished\":\"2020-08-18T07:34:23+00:00\",\"dateModified\":\"2023-07-10T21:38:13+00:00\",\"author\":{\"@id\":\"https:\\\/\\\/www.renouvelle.be\\\/fr\\\/#\\\/schema\\\/person\\\/01fbe8226a07f8f3d4a1cd059b31f17a\"},\"breadcrumb\":{\"@id\":\"https:\\\/\\\/www.renouvelle.be\\\/fr\\\/premieres-centrales-hydroelectriques-citoyennes-en-wallonie\\\/#breadcrumb\"},\"inLanguage\":\"fr-FR\",\"potentialAction\":[{\"@type\":\"ReadAction\",\"target\":[\"https:\\\/\\\/www.renouvelle.be\\\/fr\\\/premieres-centrales-hydroelectriques-citoyennes-en-wallonie\\\/\"]}]},{\"@type\":\"ImageObject\",\"inLanguage\":\"fr-FR\",\"@id\":\"https:\\\/\\\/www.renouvelle.be\\\/fr\\\/premieres-centrales-hydroelectriques-citoyennes-en-wallonie\\\/#primaryimage\",\"url\":\"https:\\\/\\\/www.renouvelle.be\\\/wp-content\\\/uploads\\\/2021\\\/02\\\/gb1.jpg\",\"contentUrl\":\"https:\\\/\\\/www.renouvelle.be\\\/wp-content\\\/uploads\\\/2021\\\/02\\\/gb1.jpg\",\"width\":1174,\"height\":769},{\"@type\":\"BreadcrumbList\",\"@id\":\"https:\\\/\\\/www.renouvelle.be\\\/fr\\\/premieres-centrales-hydroelectriques-citoyennes-en-wallonie\\\/#breadcrumb\",\"itemListElement\":[{\"@type\":\"ListItem\",\"position\":1,\"name\":\"Accueil\",\"item\":\"https:\\\/\\\/www.renouvelle.be\\\/fr\\\/\"},{\"@type\":\"ListItem\",\"position\":2,\"name\":\"Premi\u00e8res centrales hydro\u00e9lectriques citoyennes en Wallonie\"}]},{\"@type\":\"WebSite\",\"@id\":\"https:\\\/\\\/www.renouvelle.be\\\/fr\\\/#website\",\"url\":\"https:\\\/\\\/www.renouvelle.be\\\/fr\\\/\",\"name\":\"Renouvelle\",\"description\":\"L&#039;actualit\u00e9 de l&#039;\u00e9nergie durable\",\"potentialAction\":[{\"@type\":\"SearchAction\",\"target\":{\"@type\":\"EntryPoint\",\"urlTemplate\":\"https:\\\/\\\/www.renouvelle.be\\\/fr\\\/?s={search_term_string}\"},\"query-input\":{\"@type\":\"PropertyValueSpecification\",\"valueRequired\":true,\"valueName\":\"search_term_string\"}}],\"inLanguage\":\"fr-FR\"},{\"@type\":\"Person\",\"@id\":\"https:\\\/\\\/www.renouvelle.be\\\/fr\\\/#\\\/schema\\\/person\\\/01fbe8226a07f8f3d4a1cd059b31f17a\",\"name\":\"Energie Commune\",\"url\":\"https:\\\/\\\/www.renouvelle.be\\\/fr\\\/author\\\/apere\\\/\"}]}<\/script>\n<!-- \/ Yoast SEO plugin. -->","yoast_head_json":{"title":"Premi\u00e8res centrales hydro\u00e9lectriques citoyennes en Wallonie - Renouvelle","robots":{"index":"index","follow":"follow","max-snippet":"max-snippet:-1","max-image-preview":"max-image-preview:large","max-video-preview":"max-video-preview:-1"},"canonical":"https:\/\/www.renouvelle.be\/fr\/premieres-centrales-hydroelectriques-citoyennes-en-wallonie\/","og_locale":"fr_FR","og_type":"article","og_title":"Premi\u00e8res centrales hydro\u00e9lectriques citoyennes en Wallonie - Renouvelle","og_description":"Deux chantiers in\u00e9dits sont en cours sur l\u2019Ourthe en Wallonie : deux centrales hydro\u00e9lectriques en construction, \u00e0 Chanxhe et aux Grosses Battes \u00e0 Angleur, et co-financ\u00e9es par des citoyens. Ces milliers de coop\u00e9rateurs, issus d\u2019une dizaine de coop\u00e9ratives actives dans la production d\u2019\u00e9nergie renouvelable, ont acquis des parts \u00e0 125\u20ac dans ces projets et, ensemble, ont investi environ 6 millions \u20ac. Il s\u2019agit des premi\u00e8res centrales hydro\u00e9lectriques wallonnes financ\u00e9es&nbsp; par des citoyens. Chacun.e peut encore rejoindre ces projets et acqu\u00e9rir une ou des parts \u00e0 125\u20ac. &nbsp; Petite et moyenne puissances &nbsp; Sur le barrage de Chanxhe (photos ci-dessous), le projet est relativement modeste avec une centrale de 420 kW qui produira 1.600 MWh\/an (l\u2019\u00e9quivalent de la consommation \u00e9lectrique d\u2019environ 400 m\u00e9nages) et \u00e9vitera l\u2019\u00e9mission de 744 tonnes de CO2 par an. La date de mise en service est pr\u00e9vue pour septembre 2020. Illus : Condroz Energies Citoyennes Sur le barrage-\u00e9cluse des Grosses Battes par contre (photo en haut de l\u2019article), le projet s\u2019av\u00e8re de plus grande envergure avec l\u2019installation de deux turbines hydro\u00e9lectriques qui totaliseront une puissance de 1,4 MW et produiront ensemble 4.400 MWh par an (l\u2019\u00e9quivalent de la consommation \u00e9lectrique de 1.257 m\u00e9nages) pour 2.000 tonnes de CO2 \u00e9vit\u00e9s par an. La date de mise en service est pr\u00e9vue pour novembre 2020. Ces centrales seront \u00e9quip\u00e9es d\u2019\u00e9chelles \u00e0 poissons afin de ne pas nuire \u00e0 la faune aquatique. Parmi les partenaires des deux projets, citons HydroB, Emissions Z\u00e9ro, HesbEnergie, Allons en Vent, Condroz Energies Citoyennes, Clef, Courant d\u2019Air, Luc\u00e9ole, Vent du Sud et WattArdenne. Les deux centrales hydro\u00e9lectriques seront exploit\u00e9es par la soci\u00e9t\u00e9 coop\u00e9rative HOSe avec participation citoyenne \u00e0 50%. &nbsp; Pourquoi choisir l\u2019hydro ? &nbsp; Pour ces coop\u00e9ratives citoyennes, investir dans l\u2019hydro\u00e9lectricit\u00e9 pr\u00e9sente plusieurs avantages. &nbsp; &hellip; Continue reading \"Premi\u00e8res centrales hydro\u00e9lectriques citoyennes en Wallonie\"","og_url":"https:\/\/www.renouvelle.be\/fr\/premieres-centrales-hydroelectriques-citoyennes-en-wallonie\/","og_site_name":"Renouvelle","article_published_time":"2020-08-18T07:34:23+00:00","article_modified_time":"2023-07-10T21:38:13+00:00","og_image":[{"width":1174,"height":769,"url":"https:\/\/www.renouvelle.be\/wp-content\/uploads\/2021\/02\/gb1.jpg","type":"image\/jpeg"}],"author":"Energie Commune","twitter_card":"summary_large_image","schema":{"@context":"https:\/\/schema.org","@graph":[{"@type":"Article","@id":"https:\/\/www.renouvelle.be\/fr\/premieres-centrales-hydroelectriques-citoyennes-en-wallonie\/#article","isPartOf":{"@id":"https:\/\/www.renouvelle.be\/fr\/premieres-centrales-hydroelectriques-citoyennes-en-wallonie\/"},"author":{"name":"Energie Commune","@id":"https:\/\/www.renouvelle.be\/fr\/#\/schema\/person\/01fbe8226a07f8f3d4a1cd059b31f17a"},"headline":"Premi\u00e8res centrales hydro\u00e9lectriques citoyennes en Wallonie","datePublished":"2020-08-18T07:34:23+00:00","dateModified":"2023-07-10T21:38:13+00:00","mainEntityOfPage":{"@id":"https:\/\/www.renouvelle.be\/fr\/premieres-centrales-hydroelectriques-citoyennes-en-wallonie\/"},"wordCount":578,"commentCount":0,"image":{"@id":"https:\/\/www.renouvelle.be\/fr\/premieres-centrales-hydroelectriques-citoyennes-en-wallonie\/#primaryimage"},"thumbnailUrl":"https:\/\/www.renouvelle.be\/wp-content\/uploads\/2021\/02\/gb1.jpg","articleSection":["Actualit\u00e9 en Belgique"],"inLanguage":"fr-FR","potentialAction":[{"@type":"CommentAction","name":"Comment","target":["https:\/\/www.renouvelle.be\/fr\/premieres-centrales-hydroelectriques-citoyennes-en-wallonie\/#respond"]}]},{"@type":"WebPage","@id":"https:\/\/www.renouvelle.be\/fr\/premieres-centrales-hydroelectriques-citoyennes-en-wallonie\/","url":"https:\/\/www.renouvelle.be\/fr\/premieres-centrales-hydroelectriques-citoyennes-en-wallonie\/","name":"Premi\u00e8res centrales hydro\u00e9lectriques citoyennes en Wallonie - Renouvelle","isPartOf":{"@id":"https:\/\/www.renouvelle.be\/fr\/#website"},"primaryImageOfPage":{"@id":"https:\/\/www.renouvelle.be\/fr\/premieres-centrales-hydroelectriques-citoyennes-en-wallonie\/#primaryimage"},"image":{"@id":"https:\/\/www.renouvelle.be\/fr\/premieres-centrales-hydroelectriques-citoyennes-en-wallonie\/#primaryimage"},"thumbnailUrl":"https:\/\/www.renouvelle.be\/wp-content\/uploads\/2021\/02\/gb1.jpg","datePublished":"2020-08-18T07:34:23+00:00","dateModified":"2023-07-10T21:38:13+00:00","author":{"@id":"https:\/\/www.renouvelle.be\/fr\/#\/schema\/person\/01fbe8226a07f8f3d4a1cd059b31f17a"},"breadcrumb":{"@id":"https:\/\/www.renouvelle.be\/fr\/premieres-centrales-hydroelectriques-citoyennes-en-wallonie\/#breadcrumb"},"inLanguage":"fr-FR","potentialAction":[{"@type":"ReadAction","target":["https:\/\/www.renouvelle.be\/fr\/premieres-centrales-hydroelectriques-citoyennes-en-wallonie\/"]}]},{"@type":"ImageObject","inLanguage":"fr-FR","@id":"https:\/\/www.renouvelle.be\/fr\/premieres-centrales-hydroelectriques-citoyennes-en-wallonie\/#primaryimage","url":"https:\/\/www.renouvelle.be\/wp-content\/uploads\/2021\/02\/gb1.jpg","contentUrl":"https:\/\/www.renouvelle.be\/wp-content\/uploads\/2021\/02\/gb1.jpg","width":1174,"height":769},{"@type":"BreadcrumbList","@id":"https:\/\/www.renouvelle.be\/fr\/premieres-centrales-hydroelectriques-citoyennes-en-wallonie\/#breadcrumb","itemListElement":[{"@type":"ListItem","position":1,"name":"Accueil","item":"https:\/\/www.renouvelle.be\/fr\/"},{"@type":"ListItem","position":2,"name":"Premi\u00e8res centrales hydro\u00e9lectriques citoyennes en Wallonie"}]},{"@type":"WebSite","@id":"https:\/\/www.renouvelle.be\/fr\/#website","url":"https:\/\/www.renouvelle.be\/fr\/","name":"Renouvelle","description":"L&#039;actualit\u00e9 de l&#039;\u00e9nergie durable","potentialAction":[{"@type":"SearchAction","target":{"@type":"EntryPoint","urlTemplate":"https:\/\/www.renouvelle.be\/fr\/?s={search_term_string}"},"query-input":{"@type":"PropertyValueSpecification","valueRequired":true,"valueName":"search_term_string"}}],"inLanguage":"fr-FR"},{"@type":"Person","@id":"https:\/\/www.renouvelle.be\/fr\/#\/schema\/person\/01fbe8226a07f8f3d4a1cd059b31f17a","name":"Energie Commune","url":"https:\/\/www.renouvelle.be\/fr\/author\/apere\/"}]}},"_links":{"self":[{"href":"https:\/\/www.renouvelle.be\/fr\/wp-json\/wp\/v2\/posts\/3875","targetHints":{"allow":["GET"]}}],"collection":[{"href":"https:\/\/www.renouvelle.be\/fr\/wp-json\/wp\/v2\/posts"}],"about":[{"href":"https:\/\/www.renouvelle.be\/fr\/wp-json\/wp\/v2\/types\/post"}],"author":[{"embeddable":true,"href":"https:\/\/www.renouvelle.be\/fr\/wp-json\/wp\/v2\/users\/3"}],"replies":[{"embeddable":true,"href":"https:\/\/www.renouvelle.be\/fr\/wp-json\/wp\/v2\/comments?post=3875"}],"version-history":[{"count":4,"href":"https:\/\/www.renouvelle.be\/fr\/wp-json\/wp\/v2\/posts\/3875\/revisions"}],"predecessor-version":[{"id":10170,"href":"https:\/\/www.renouvelle.be\/fr\/wp-json\/wp\/v2\/posts\/3875\/revisions\/10170"}],"wp:featuredmedia":[{"embeddable":true,"href":"https:\/\/www.renouvelle.be\/fr\/wp-json\/wp\/v2\/media\/4504"}],"wp:attachment":[{"href":"https:\/\/www.renouvelle.be\/fr\/wp-json\/wp\/v2\/media?parent=3875"}],"wp:term":[{"taxonomy":"category","embeddable":true,"href":"https:\/\/www.renouvelle.be\/fr\/wp-json\/wp\/v2\/categories?post=3875"},{"taxonomy":"post_tag","embeddable":true,"href":"https:\/\/www.renouvelle.be\/fr\/wp-json\/wp\/v2\/tags?post=3875"},{"taxonomy":"section","embeddable":true,"href":"https:\/\/www.renouvelle.be\/fr\/wp-json\/wp\/v2\/section?post=3875"}],"curies":[{"name":"wp","href":"https:\/\/api.w.org\/{rel}","templated":true}]}}