{"id":3867,"date":"2020-06-24T07:40:04","date_gmt":"2020-06-24T07:40:04","guid":{"rendered":""},"modified":"2020-06-24T07:40:04","modified_gmt":"2020-06-24T07:40:04","slug":"premier-repowering-de-parc-eolien-en-wallonie","status":"publish","type":"post","link":"https:\/\/www.renouvelle.be\/fr\/premier-repowering-de-parc-eolien-en-wallonie\/","title":{"rendered":"Premier repowering de parc \u00e9olien en Wallonie"},"content":{"rendered":"<p>Le <em>repowering<\/em> d\u2019un parc \u00e9olien consiste \u00e0 remplacer compl\u00e8tement ou partiellement les \u00e9oliennes existantes par de nouvelles turbines de technologie plus performante.<\/p>\n<p>Le premier <em>repowering<\/em> sur sol wallon concerne le parc \u00e9olien de Sainte-Ode, dont le permis a \u00e9t\u00e9 octroy\u00e9 en 2002 (premier parc \u00e9olien en Wallonie, \u00e0 l\u2019initiative de Claude Boever), pour une dur\u00e9e de 20 ans.<\/p>\n<p>Ce permis aurait pu \u00eatre prolong\u00e9 de 10 ans, sur demande au Service Public de Wallonie. Mais apr\u00e8s plus de 17 ans de production d\u2019\u00e9lectricit\u00e9, les 6 anciennes \u00e9oliennes arrivaient d\u00e9j\u00e0 \u00e0 bout de souffle, et au vu des \u00e9volutions technologiques au niveau des mod\u00e8les d\u2019\u00e9oliennes, l\u2019exploitant, la soci\u00e9t\u00e9 Renewable Power Company, a pr\u00e9f\u00e9r\u00e9 r\u00e9-introduire une demande de permis pour les remplacer par 4 \u00e9oliennes de nouvelle g\u00e9n\u00e9ration.<\/p>\n<p>Les 6 anciennes \u00e9oliennes de 1,25 MW (Dewind D6 -hauteur de m\u00e2t: 91,5m; diam\u00e8tre de rotor: 64m; hauteur totale: 124m) ont \u00e9t\u00e9 d\u00e9mantel\u00e9es par grues d\u00e9but 2020 et remplac\u00e9es ce printemps par 4 \u00e9oliennes d\u2019une puissance nominale de 3 MW (Nordex N100 Delta \u2013 hauteur de m\u00e2t&nbsp;: 100m, diam\u00e8tre du rotor 100m&nbsp;; hauteur totale&nbsp;: 150 m &#8211; illustration ci-dessous).<\/p>\n<p><img decoding=\"async\" alt=\"\" src=\"\/wp-content\/uploads\/2021\/02\/post\/nordex-delta-2.jpg\" style=\"width: 580px; height: 421px;\" \/><\/p>\n<p>La puissance totale du parc est donc pass\u00e9e de 7,5 MW \u00e0 12 MW. <em>\u00ab&nbsp;Cette op\u00e9ration permet un gain net de 4,5 MW, pour une \u00e9nergie produite suppl\u00e9mentaire attendue d\u2019environ 9.000 MWh annuellement&nbsp;\u00bb, <\/em>explique Jan Poppe, d\u00e9veloppeur chez Renewable Power Company.<\/p>\n<p>La cabine de t\u00eate a \u00e9t\u00e9 compl\u00e8tement remplac\u00e9e pour \u00eatre conforme aux normes \u00e9lectriques actuelles et le c\u00e2ble moyenne tension pour l\u2019injection a \u00e9t\u00e9 prolong\u00e9 de environ 150 m pour atteindre les nouveaux emplacements des machines.<\/p>\n<p>Les anciennes \u00e9oliennes \u00e9taient de moindre puissance et de moindre taille&nbsp;; on pouvait donc en placer 6 sur un espace d\u00e9termin\u00e9. Aujourd\u2019hui, les contraintes en termes de distances aux infrastructures (ici, une ligne \u00e0 haute tension), le respect de conditions plus strictes en mati\u00e8re de protection de l\u2019avifaune ou encore des contraintes paysag\u00e8res ont limit\u00e9 \u00e0 4 le nombre de machines sur le site.<\/p>\n<p>En termes visuels, le m\u00e2t est l\u00e9g\u00e8rement plus haut mais ce sont surtout les pales qui ont \u00e9t\u00e9 allong\u00e9es, ce qui est le reflet de l\u2019\u00e9volution technologique. Au plus la surface balay\u00e9e est grande, au plus l\u2019\u00e9nergie produite est \u00e9lev\u00e9e.<\/p>\n<p>La vitesse de rotation est largement plus faible&nbsp;: de circa 21 tours\/min pour l\u2019ancien mod\u00e8le \u00e0 circa 12-13 tours\/min aujourd\u2019hui. Les \u00e9oliennes actuelles sont \u00e9quip\u00e9es de <em>Serrations<\/em> et font \u00e9galement moins de bruit. Les bridages acoustiques, stroboscopiques et chiropt\u00e9rologiques n\u2019affectent pas le productible de mani\u00e8re sensible et ne remettent pas en cause la production du projet sur ce site.<\/p>\n<p>&nbsp;<\/p>\n<h2>Un recyclage quasi-complet<\/h2>\n<p>&nbsp;<\/p>\n<p>Les \u00e9l\u00e9ments constitutifs des anciennes \u00e9oliennes (rotors, nacelles, m\u00e2ts) ont \u00e9t\u00e9 d\u00e9mont\u00e9s et \u00e9vacu\u00e9s et achemin\u00e9s vers des centres de recyclage appropri\u00e9s.<\/p>\n<p>Notons que, en fin de vie, la majorit\u00e9 des composants d\u2019une \u00e9olienne sont recyclables : cuivre, fer, acier, aluminium, plastique, zinc, b\u00e9ton repr\u00e9sentent 98% du poids des mat\u00e9riaux d\u2019une \u00e9olienne. Seuls les composites, tels que la fibre de verre ou de carbone, sont difficilement recyclables. Utilis\u00e9s dans les pales d\u2019\u00e9oliennes, ils sont broy\u00e9s, parfois enfouis ou&nbsp;valoris\u00e9s comme combustible dans les cimenteries (en remplacement des combustibles fossiles). Mais le secteur a r\u00e9cemment d\u00e9velopp\u00e9 un proc\u00e9d\u00e9 qui permet un recyclage complet des pales, y compris la fibre de verre (lire notre article <a href=\"https:\/\/www.renouvelle.be\/fr\/technologies\/le-developpement-eolien-consommera-peu-de-matieres-premieres\">Le d\u00e9veloppement \u00e9olien consommera peu de mati\u00e8res premi\u00e8res<\/a>).<\/p>\n<p>A Sainte-Ode, le d\u00e9montage a dur\u00e9 maximum 5 jours de travail par machine (en conditions m\u00e9t\u00e9orologiques correctes).<\/p>\n<p>La revente \u00e0 l\u2019\u00e9tranger des machines d\u2019occasion est difficile pour l\u2019instant, le march\u00e9 est satur\u00e9 de machines en provenance d\u2019Allemagne qui concr\u00e9tise de nombreux projets de <em>repowering<\/em> sur son territoire.<\/p>\n<p>Cet \u00e9t\u00e9, le chantier de Sainte-Ode verra l\u2019arasement complet des fondations, le d\u00e9capage et le remblai des aires de montage et, en concertation avec les agriculteurs locaux,l\u2019\u00e9ventuel d\u00e9capage et remblaides chemins d\u2019acc\u00e8s en domaine priv\u00e9 qui ne seront pas r\u00e9utilis\u00e9s pour le nouveau parc. &nbsp;<\/p>\n<p>A noter que ce premier <em>repowering <\/em>wallon se place dans la continuit\u00e9 de l\u2019extension actuelle du parc (Sainte-Ode 2), install\u00e9e en 2009 et qui compte 6 \u00e9oliennes de 2,5 MW ainsi que de la machine de 2,7 MW mise en service en novembre 2019, et s\u2019accroche visuellement \u00e0 la Nationale 4 (photo ci-dessous).<\/p>\n<p><img decoding=\"async\" alt=\"\" src=\"\/wp-content\/uploads\/2021\/02\/post\/sainte-ode_photo_ftlb-pwillems_11.jpg\" style=\"width: 580px; height: 434px;\" \/><\/p>\n<p><small>Les anciennes \u00e9oliennes de Sainte-Ode font d\u00e9somais place \u00e0 des mod\u00e8les \u00e0 des mod\u00e8les plus puissants. Cr\u00e9dit photo : P. Willems.<\/small><\/p>\n<h2>&nbsp;<\/h2>\n<h2>D\u2019autres <em>repowering<\/em> en vue<\/h2>\n<p>&nbsp;<\/p>\n<p>Des op\u00e9rations similaires de <em>repowering <\/em>sont envisag\u00e9es pour d\u2019autres parcs \u00e9oliens en Wallonie.<\/p>\n<p>Eneco Wind Belgium a ainsi rentr\u00e9 une demande de permis pour le parc de Perwez (remplacement de 8 machines de 1,5 MW par 7 machines de 4,2 MW).<\/p>\n<p>Vents d\u2019Houyet a \u00e9galement rentr\u00e9 un permis pour remplacer leur premi\u00e8re machine de Mesnil-Eglise de 600 kW par une 800 kW.<\/p>\n<p>Enfin deux projets de <em>repowering<\/em> sont en \u00e9tudes d\u2019incidences&nbsp;: un premier pour le parc Eneco Wind Belgium-Engie de Gembloux-Sombreffe (remplacement de 6 machines de 1,5 MW par 6 machines de 4,2 MW)&nbsp;; un second pour le parc Engie de B\u00fctgenbach (remplacement de 4 machines de 2 MW par 6 machines de 4 MW).<\/p>\n<p>Ces op\u00e9rations permettront de belles mont\u00e9es en puissance des parcs \u00e9oliens wallons existants.<\/p>\n<p>Notons que, dans certains cas, les nouvelles normes d\u2019installation \u00e9olienne ne permettent pas un repowering complet du parc. L\u2019exploitant peut alors opter pour deux autres options&nbsp;: &nbsp;soit r\u00e9aliser des investissements \u201cde jouvence\u201d, soit exploiter le parc \u00e9olien sans investissement jusqu&rsquo;\u00e0 un souci majeur sur le plan technique \u2013 une pale f\u00eal\u00e9e par exemple (lire notre article&nbsp;: <a href=\"https:\/\/www.renouvelle.be\/fr\/technologies\/que-faire-des-eoliennes-vieillissantes\">Que faire des \u00e9oliennes vieillissantes ?<\/a>).<\/p>\n<p>&nbsp;<\/p>\n","protected":false},"excerpt":{"rendered":"<p>Le repowering d\u2019un parc \u00e9olien consiste \u00e0 remplacer compl\u00e8tement ou partiellement les \u00e9oliennes existantes par de nouvelles turbines de technologie plus performante. Le premier repowering sur sol wallon concerne le parc \u00e9olien de Sainte-Ode, dont le permis a \u00e9t\u00e9 octroy\u00e9 en 2002 (premier parc \u00e9olien en Wallonie, \u00e0 l\u2019initiative de Claude Boever), pour une dur\u00e9e de 20 ans. Ce permis aurait pu \u00eatre prolong\u00e9 de 10 ans, sur demande au Service Public de Wallonie. Mais apr\u00e8s plus de 17 ans de production d\u2019\u00e9lectricit\u00e9, les 6 anciennes \u00e9oliennes arrivaient d\u00e9j\u00e0 \u00e0 bout de souffle, et au vu des \u00e9volutions technologiques au niveau des mod\u00e8les d\u2019\u00e9oliennes, l\u2019exploitant, la soci\u00e9t\u00e9 Renewable Power Company, a pr\u00e9f\u00e9r\u00e9 r\u00e9-introduire une demande de permis pour les remplacer par 4 \u00e9oliennes de nouvelle g\u00e9n\u00e9ration. Les 6 anciennes \u00e9oliennes de 1,25 MW (Dewind D6 -hauteur de m\u00e2t: 91,5m; diam\u00e8tre de rotor: 64m; hauteur totale: 124m) ont \u00e9t\u00e9 d\u00e9mantel\u00e9es par grues d\u00e9but 2020 et remplac\u00e9es ce printemps par 4 \u00e9oliennes d\u2019une puissance nominale de 3 MW (Nordex N100 Delta \u2013 hauteur de m\u00e2t&nbsp;: 100m, diam\u00e8tre du rotor 100m&nbsp;; hauteur totale&nbsp;: 150 m &#8211; illustration ci-dessous). La puissance totale du parc est donc pass\u00e9e de 7,5 MW \u00e0 12 MW. \u00ab&nbsp;Cette op\u00e9ration permet un gain net de 4,5 MW, pour une \u00e9nergie produite suppl\u00e9mentaire attendue d\u2019environ 9.000 MWh annuellement&nbsp;\u00bb, explique Jan Poppe, d\u00e9veloppeur chez Renewable Power Company. La cabine de t\u00eate a \u00e9t\u00e9 compl\u00e8tement remplac\u00e9e pour \u00eatre conforme aux normes \u00e9lectriques actuelles et le c\u00e2ble moyenne tension pour l\u2019injection a \u00e9t\u00e9 prolong\u00e9 de environ 150 m pour atteindre les nouveaux emplacements des machines. Les anciennes \u00e9oliennes \u00e9taient de moindre puissance et de moindre taille&nbsp;; on pouvait donc en placer 6 sur un espace d\u00e9termin\u00e9. Aujourd\u2019hui, les contraintes en termes de distances &hellip; <a href=\"https:\/\/www.renouvelle.be\/fr\/premier-repowering-de-parc-eolien-en-wallonie\/\" class=\"more-link\">Continue reading<span class=\"screen-reader-text\"> \u00ab\u00a0Premier repowering de parc \u00e9olien en Wallonie\u00a0\u00bb<\/span><\/a><\/p>\n","protected":false},"author":9,"featured_media":4458,"comment_status":"open","ping_status":"open","sticky":false,"template":"","format":"standard","meta":{"_acf_changed":false,"footnotes":""},"categories":[17],"tags":[],"section":[6],"class_list":["post-3867","post","type-post","status-publish","format-standard","has-post-thumbnail","hentry","category-actualite-en-belgique","section-eolien"],"acf":[],"yoast_head":"<!-- This site is optimized with the Yoast SEO plugin v27.5 - https:\/\/yoast.com\/product\/yoast-seo-wordpress\/ -->\n<title>Premier repowering de parc \u00e9olien en Wallonie - Renouvelle<\/title>\n<meta name=\"robots\" content=\"index, follow, max-snippet:-1, max-image-preview:large, max-video-preview:-1\" \/>\n<link rel=\"canonical\" href=\"https:\/\/www.renouvelle.be\/fr\/premier-repowering-de-parc-eolien-en-wallonie\/\" \/>\n<meta property=\"og:locale\" content=\"fr_FR\" \/>\n<meta property=\"og:type\" content=\"article\" \/>\n<meta property=\"og:title\" content=\"Premier repowering de parc \u00e9olien en Wallonie - Renouvelle\" \/>\n<meta property=\"og:description\" content=\"Le repowering d\u2019un parc \u00e9olien consiste \u00e0 remplacer compl\u00e8tement ou partiellement les \u00e9oliennes existantes par de nouvelles turbines de technologie plus performante. Le premier repowering sur sol wallon concerne le parc \u00e9olien de Sainte-Ode, dont le permis a \u00e9t\u00e9 octroy\u00e9 en 2002 (premier parc \u00e9olien en Wallonie, \u00e0 l\u2019initiative de Claude Boever), pour une dur\u00e9e de 20 ans. Ce permis aurait pu \u00eatre prolong\u00e9 de 10 ans, sur demande au Service Public de Wallonie. Mais apr\u00e8s plus de 17 ans de production d\u2019\u00e9lectricit\u00e9, les 6 anciennes \u00e9oliennes arrivaient d\u00e9j\u00e0 \u00e0 bout de souffle, et au vu des \u00e9volutions technologiques au niveau des mod\u00e8les d\u2019\u00e9oliennes, l\u2019exploitant, la soci\u00e9t\u00e9 Renewable Power Company, a pr\u00e9f\u00e9r\u00e9 r\u00e9-introduire une demande de permis pour les remplacer par 4 \u00e9oliennes de nouvelle g\u00e9n\u00e9ration. Les 6 anciennes \u00e9oliennes de 1,25 MW (Dewind D6 -hauteur de m\u00e2t: 91,5m; diam\u00e8tre de rotor: 64m; hauteur totale: 124m) ont \u00e9t\u00e9 d\u00e9mantel\u00e9es par grues d\u00e9but 2020 et remplac\u00e9es ce printemps par 4 \u00e9oliennes d\u2019une puissance nominale de 3 MW (Nordex N100 Delta \u2013 hauteur de m\u00e2t&nbsp;: 100m, diam\u00e8tre du rotor 100m&nbsp;; hauteur totale&nbsp;: 150 m &#8211; illustration ci-dessous). La puissance totale du parc est donc pass\u00e9e de 7,5 MW \u00e0 12 MW. \u00ab&nbsp;Cette op\u00e9ration permet un gain net de 4,5 MW, pour une \u00e9nergie produite suppl\u00e9mentaire attendue d\u2019environ 9.000 MWh annuellement&nbsp;\u00bb, explique Jan Poppe, d\u00e9veloppeur chez Renewable Power Company. La cabine de t\u00eate a \u00e9t\u00e9 compl\u00e8tement remplac\u00e9e pour \u00eatre conforme aux normes \u00e9lectriques actuelles et le c\u00e2ble moyenne tension pour l\u2019injection a \u00e9t\u00e9 prolong\u00e9 de environ 150 m pour atteindre les nouveaux emplacements des machines. Les anciennes \u00e9oliennes \u00e9taient de moindre puissance et de moindre taille&nbsp;; on pouvait donc en placer 6 sur un espace d\u00e9termin\u00e9. Aujourd\u2019hui, les contraintes en termes de distances &hellip; Continue reading &quot;Premier repowering de parc \u00e9olien en Wallonie&quot;\" \/>\n<meta property=\"og:url\" content=\"https:\/\/www.renouvelle.be\/fr\/premier-repowering-de-parc-eolien-en-wallonie\/\" \/>\n<meta property=\"og:site_name\" content=\"Renouvelle\" \/>\n<meta property=\"article:published_time\" content=\"2020-06-24T07:40:04+00:00\" \/>\n<meta property=\"og:image\" content=\"https:\/\/www.renouvelle.be\/wp-content\/uploads\/2021\/02\/demontag-eolienne.jpg\" \/>\n\t<meta property=\"og:image:width\" content=\"580\" \/>\n\t<meta property=\"og:image:height\" content=\"387\" \/>\n\t<meta property=\"og:image:type\" content=\"image\/jpeg\" \/>\n<meta name=\"author\" content=\"Johanna D&#039;hernoncourt\" \/>\n<meta name=\"twitter:card\" content=\"summary_large_image\" \/>\n<script type=\"application\/ld+json\" class=\"yoast-schema-graph\">{\"@context\":\"https:\\\/\\\/schema.org\",\"@graph\":[{\"@type\":\"Article\",\"@id\":\"https:\\\/\\\/www.renouvelle.be\\\/fr\\\/premier-repowering-de-parc-eolien-en-wallonie\\\/#article\",\"isPartOf\":{\"@id\":\"https:\\\/\\\/www.renouvelle.be\\\/fr\\\/premier-repowering-de-parc-eolien-en-wallonie\\\/\"},\"author\":{\"name\":\"Johanna D'hernoncourt\",\"@id\":\"https:\\\/\\\/www.renouvelle.be\\\/fr\\\/#\\\/schema\\\/person\\\/f4eff35e1c33b24317aedb9f1834fa6e\"},\"headline\":\"Premier repowering de parc \u00e9olien en Wallonie\",\"datePublished\":\"2020-06-24T07:40:04+00:00\",\"mainEntityOfPage\":{\"@id\":\"https:\\\/\\\/www.renouvelle.be\\\/fr\\\/premier-repowering-de-parc-eolien-en-wallonie\\\/\"},\"wordCount\":993,\"commentCount\":0,\"image\":{\"@id\":\"https:\\\/\\\/www.renouvelle.be\\\/fr\\\/premier-repowering-de-parc-eolien-en-wallonie\\\/#primaryimage\"},\"thumbnailUrl\":\"https:\\\/\\\/www.renouvelle.be\\\/wp-content\\\/uploads\\\/2021\\\/02\\\/demontag-eolienne.jpg\",\"articleSection\":[\"Actualit\u00e9 en Belgique\"],\"inLanguage\":\"fr-FR\",\"potentialAction\":[{\"@type\":\"CommentAction\",\"name\":\"Comment\",\"target\":[\"https:\\\/\\\/www.renouvelle.be\\\/fr\\\/premier-repowering-de-parc-eolien-en-wallonie\\\/#respond\"]}]},{\"@type\":\"WebPage\",\"@id\":\"https:\\\/\\\/www.renouvelle.be\\\/fr\\\/premier-repowering-de-parc-eolien-en-wallonie\\\/\",\"url\":\"https:\\\/\\\/www.renouvelle.be\\\/fr\\\/premier-repowering-de-parc-eolien-en-wallonie\\\/\",\"name\":\"Premier repowering de parc \u00e9olien en Wallonie - Renouvelle\",\"isPartOf\":{\"@id\":\"https:\\\/\\\/www.renouvelle.be\\\/fr\\\/#website\"},\"primaryImageOfPage\":{\"@id\":\"https:\\\/\\\/www.renouvelle.be\\\/fr\\\/premier-repowering-de-parc-eolien-en-wallonie\\\/#primaryimage\"},\"image\":{\"@id\":\"https:\\\/\\\/www.renouvelle.be\\\/fr\\\/premier-repowering-de-parc-eolien-en-wallonie\\\/#primaryimage\"},\"thumbnailUrl\":\"https:\\\/\\\/www.renouvelle.be\\\/wp-content\\\/uploads\\\/2021\\\/02\\\/demontag-eolienne.jpg\",\"datePublished\":\"2020-06-24T07:40:04+00:00\",\"author\":{\"@id\":\"https:\\\/\\\/www.renouvelle.be\\\/fr\\\/#\\\/schema\\\/person\\\/f4eff35e1c33b24317aedb9f1834fa6e\"},\"breadcrumb\":{\"@id\":\"https:\\\/\\\/www.renouvelle.be\\\/fr\\\/premier-repowering-de-parc-eolien-en-wallonie\\\/#breadcrumb\"},\"inLanguage\":\"fr-FR\",\"potentialAction\":[{\"@type\":\"ReadAction\",\"target\":[\"https:\\\/\\\/www.renouvelle.be\\\/fr\\\/premier-repowering-de-parc-eolien-en-wallonie\\\/\"]}]},{\"@type\":\"ImageObject\",\"inLanguage\":\"fr-FR\",\"@id\":\"https:\\\/\\\/www.renouvelle.be\\\/fr\\\/premier-repowering-de-parc-eolien-en-wallonie\\\/#primaryimage\",\"url\":\"https:\\\/\\\/www.renouvelle.be\\\/wp-content\\\/uploads\\\/2021\\\/02\\\/demontag-eolienne.jpg\",\"contentUrl\":\"https:\\\/\\\/www.renouvelle.be\\\/wp-content\\\/uploads\\\/2021\\\/02\\\/demontag-eolienne.jpg\",\"width\":580,\"height\":387},{\"@type\":\"BreadcrumbList\",\"@id\":\"https:\\\/\\\/www.renouvelle.be\\\/fr\\\/premier-repowering-de-parc-eolien-en-wallonie\\\/#breadcrumb\",\"itemListElement\":[{\"@type\":\"ListItem\",\"position\":1,\"name\":\"Accueil\",\"item\":\"https:\\\/\\\/www.renouvelle.be\\\/fr\\\/\"},{\"@type\":\"ListItem\",\"position\":2,\"name\":\"Premier repowering de parc \u00e9olien en Wallonie\"}]},{\"@type\":\"WebSite\",\"@id\":\"https:\\\/\\\/www.renouvelle.be\\\/fr\\\/#website\",\"url\":\"https:\\\/\\\/www.renouvelle.be\\\/fr\\\/\",\"name\":\"Renouvelle\",\"description\":\"L&#039;actualit\u00e9 de l&#039;\u00e9nergie durable\",\"potentialAction\":[{\"@type\":\"SearchAction\",\"target\":{\"@type\":\"EntryPoint\",\"urlTemplate\":\"https:\\\/\\\/www.renouvelle.be\\\/fr\\\/?s={search_term_string}\"},\"query-input\":{\"@type\":\"PropertyValueSpecification\",\"valueRequired\":true,\"valueName\":\"search_term_string\"}}],\"inLanguage\":\"fr-FR\"},{\"@type\":\"Person\",\"@id\":\"https:\\\/\\\/www.renouvelle.be\\\/fr\\\/#\\\/schema\\\/person\\\/f4eff35e1c33b24317aedb9f1834fa6e\",\"name\":\"Johanna D'hernoncourt\",\"url\":\"https:\\\/\\\/www.renouvelle.be\\\/fr\\\/author\\\/johannadhernoncourt\\\/\"}]}<\/script>\n<!-- \/ Yoast SEO plugin. -->","yoast_head_json":{"title":"Premier repowering de parc \u00e9olien en Wallonie - Renouvelle","robots":{"index":"index","follow":"follow","max-snippet":"max-snippet:-1","max-image-preview":"max-image-preview:large","max-video-preview":"max-video-preview:-1"},"canonical":"https:\/\/www.renouvelle.be\/fr\/premier-repowering-de-parc-eolien-en-wallonie\/","og_locale":"fr_FR","og_type":"article","og_title":"Premier repowering de parc \u00e9olien en Wallonie - Renouvelle","og_description":"Le repowering d\u2019un parc \u00e9olien consiste \u00e0 remplacer compl\u00e8tement ou partiellement les \u00e9oliennes existantes par de nouvelles turbines de technologie plus performante. Le premier repowering sur sol wallon concerne le parc \u00e9olien de Sainte-Ode, dont le permis a \u00e9t\u00e9 octroy\u00e9 en 2002 (premier parc \u00e9olien en Wallonie, \u00e0 l\u2019initiative de Claude Boever), pour une dur\u00e9e de 20 ans. Ce permis aurait pu \u00eatre prolong\u00e9 de 10 ans, sur demande au Service Public de Wallonie. Mais apr\u00e8s plus de 17 ans de production d\u2019\u00e9lectricit\u00e9, les 6 anciennes \u00e9oliennes arrivaient d\u00e9j\u00e0 \u00e0 bout de souffle, et au vu des \u00e9volutions technologiques au niveau des mod\u00e8les d\u2019\u00e9oliennes, l\u2019exploitant, la soci\u00e9t\u00e9 Renewable Power Company, a pr\u00e9f\u00e9r\u00e9 r\u00e9-introduire une demande de permis pour les remplacer par 4 \u00e9oliennes de nouvelle g\u00e9n\u00e9ration. Les 6 anciennes \u00e9oliennes de 1,25 MW (Dewind D6 -hauteur de m\u00e2t: 91,5m; diam\u00e8tre de rotor: 64m; hauteur totale: 124m) ont \u00e9t\u00e9 d\u00e9mantel\u00e9es par grues d\u00e9but 2020 et remplac\u00e9es ce printemps par 4 \u00e9oliennes d\u2019une puissance nominale de 3 MW (Nordex N100 Delta \u2013 hauteur de m\u00e2t&nbsp;: 100m, diam\u00e8tre du rotor 100m&nbsp;; hauteur totale&nbsp;: 150 m &#8211; illustration ci-dessous). La puissance totale du parc est donc pass\u00e9e de 7,5 MW \u00e0 12 MW. \u00ab&nbsp;Cette op\u00e9ration permet un gain net de 4,5 MW, pour une \u00e9nergie produite suppl\u00e9mentaire attendue d\u2019environ 9.000 MWh annuellement&nbsp;\u00bb, explique Jan Poppe, d\u00e9veloppeur chez Renewable Power Company. La cabine de t\u00eate a \u00e9t\u00e9 compl\u00e8tement remplac\u00e9e pour \u00eatre conforme aux normes \u00e9lectriques actuelles et le c\u00e2ble moyenne tension pour l\u2019injection a \u00e9t\u00e9 prolong\u00e9 de environ 150 m pour atteindre les nouveaux emplacements des machines. Les anciennes \u00e9oliennes \u00e9taient de moindre puissance et de moindre taille&nbsp;; on pouvait donc en placer 6 sur un espace d\u00e9termin\u00e9. Aujourd\u2019hui, les contraintes en termes de distances &hellip; Continue reading \"Premier repowering de parc \u00e9olien en Wallonie\"","og_url":"https:\/\/www.renouvelle.be\/fr\/premier-repowering-de-parc-eolien-en-wallonie\/","og_site_name":"Renouvelle","article_published_time":"2020-06-24T07:40:04+00:00","og_image":[{"width":580,"height":387,"url":"https:\/\/www.renouvelle.be\/wp-content\/uploads\/2021\/02\/demontag-eolienne.jpg","type":"image\/jpeg"}],"author":"Johanna D'hernoncourt","twitter_card":"summary_large_image","schema":{"@context":"https:\/\/schema.org","@graph":[{"@type":"Article","@id":"https:\/\/www.renouvelle.be\/fr\/premier-repowering-de-parc-eolien-en-wallonie\/#article","isPartOf":{"@id":"https:\/\/www.renouvelle.be\/fr\/premier-repowering-de-parc-eolien-en-wallonie\/"},"author":{"name":"Johanna D'hernoncourt","@id":"https:\/\/www.renouvelle.be\/fr\/#\/schema\/person\/f4eff35e1c33b24317aedb9f1834fa6e"},"headline":"Premier repowering de parc \u00e9olien en Wallonie","datePublished":"2020-06-24T07:40:04+00:00","mainEntityOfPage":{"@id":"https:\/\/www.renouvelle.be\/fr\/premier-repowering-de-parc-eolien-en-wallonie\/"},"wordCount":993,"commentCount":0,"image":{"@id":"https:\/\/www.renouvelle.be\/fr\/premier-repowering-de-parc-eolien-en-wallonie\/#primaryimage"},"thumbnailUrl":"https:\/\/www.renouvelle.be\/wp-content\/uploads\/2021\/02\/demontag-eolienne.jpg","articleSection":["Actualit\u00e9 en Belgique"],"inLanguage":"fr-FR","potentialAction":[{"@type":"CommentAction","name":"Comment","target":["https:\/\/www.renouvelle.be\/fr\/premier-repowering-de-parc-eolien-en-wallonie\/#respond"]}]},{"@type":"WebPage","@id":"https:\/\/www.renouvelle.be\/fr\/premier-repowering-de-parc-eolien-en-wallonie\/","url":"https:\/\/www.renouvelle.be\/fr\/premier-repowering-de-parc-eolien-en-wallonie\/","name":"Premier repowering de parc \u00e9olien en Wallonie - Renouvelle","isPartOf":{"@id":"https:\/\/www.renouvelle.be\/fr\/#website"},"primaryImageOfPage":{"@id":"https:\/\/www.renouvelle.be\/fr\/premier-repowering-de-parc-eolien-en-wallonie\/#primaryimage"},"image":{"@id":"https:\/\/www.renouvelle.be\/fr\/premier-repowering-de-parc-eolien-en-wallonie\/#primaryimage"},"thumbnailUrl":"https:\/\/www.renouvelle.be\/wp-content\/uploads\/2021\/02\/demontag-eolienne.jpg","datePublished":"2020-06-24T07:40:04+00:00","author":{"@id":"https:\/\/www.renouvelle.be\/fr\/#\/schema\/person\/f4eff35e1c33b24317aedb9f1834fa6e"},"breadcrumb":{"@id":"https:\/\/www.renouvelle.be\/fr\/premier-repowering-de-parc-eolien-en-wallonie\/#breadcrumb"},"inLanguage":"fr-FR","potentialAction":[{"@type":"ReadAction","target":["https:\/\/www.renouvelle.be\/fr\/premier-repowering-de-parc-eolien-en-wallonie\/"]}]},{"@type":"ImageObject","inLanguage":"fr-FR","@id":"https:\/\/www.renouvelle.be\/fr\/premier-repowering-de-parc-eolien-en-wallonie\/#primaryimage","url":"https:\/\/www.renouvelle.be\/wp-content\/uploads\/2021\/02\/demontag-eolienne.jpg","contentUrl":"https:\/\/www.renouvelle.be\/wp-content\/uploads\/2021\/02\/demontag-eolienne.jpg","width":580,"height":387},{"@type":"BreadcrumbList","@id":"https:\/\/www.renouvelle.be\/fr\/premier-repowering-de-parc-eolien-en-wallonie\/#breadcrumb","itemListElement":[{"@type":"ListItem","position":1,"name":"Accueil","item":"https:\/\/www.renouvelle.be\/fr\/"},{"@type":"ListItem","position":2,"name":"Premier repowering de parc \u00e9olien en Wallonie"}]},{"@type":"WebSite","@id":"https:\/\/www.renouvelle.be\/fr\/#website","url":"https:\/\/www.renouvelle.be\/fr\/","name":"Renouvelle","description":"L&#039;actualit\u00e9 de l&#039;\u00e9nergie durable","potentialAction":[{"@type":"SearchAction","target":{"@type":"EntryPoint","urlTemplate":"https:\/\/www.renouvelle.be\/fr\/?s={search_term_string}"},"query-input":{"@type":"PropertyValueSpecification","valueRequired":true,"valueName":"search_term_string"}}],"inLanguage":"fr-FR"},{"@type":"Person","@id":"https:\/\/www.renouvelle.be\/fr\/#\/schema\/person\/f4eff35e1c33b24317aedb9f1834fa6e","name":"Johanna D'hernoncourt","url":"https:\/\/www.renouvelle.be\/fr\/author\/johannadhernoncourt\/"}]}},"_links":{"self":[{"href":"https:\/\/www.renouvelle.be\/fr\/wp-json\/wp\/v2\/posts\/3867","targetHints":{"allow":["GET"]}}],"collection":[{"href":"https:\/\/www.renouvelle.be\/fr\/wp-json\/wp\/v2\/posts"}],"about":[{"href":"https:\/\/www.renouvelle.be\/fr\/wp-json\/wp\/v2\/types\/post"}],"author":[{"embeddable":true,"href":"https:\/\/www.renouvelle.be\/fr\/wp-json\/wp\/v2\/users\/9"}],"replies":[{"embeddable":true,"href":"https:\/\/www.renouvelle.be\/fr\/wp-json\/wp\/v2\/comments?post=3867"}],"version-history":[{"count":0,"href":"https:\/\/www.renouvelle.be\/fr\/wp-json\/wp\/v2\/posts\/3867\/revisions"}],"wp:featuredmedia":[{"embeddable":true,"href":"https:\/\/www.renouvelle.be\/fr\/wp-json\/wp\/v2\/media\/4458"}],"wp:attachment":[{"href":"https:\/\/www.renouvelle.be\/fr\/wp-json\/wp\/v2\/media?parent=3867"}],"wp:term":[{"taxonomy":"category","embeddable":true,"href":"https:\/\/www.renouvelle.be\/fr\/wp-json\/wp\/v2\/categories?post=3867"},{"taxonomy":"post_tag","embeddable":true,"href":"https:\/\/www.renouvelle.be\/fr\/wp-json\/wp\/v2\/tags?post=3867"},{"taxonomy":"section","embeddable":true,"href":"https:\/\/www.renouvelle.be\/fr\/wp-json\/wp\/v2\/section?post=3867"}],"curies":[{"name":"wp","href":"https:\/\/api.w.org\/{rel}","templated":true}]}}