{"id":3864,"date":"2020-06-03T13:08:00","date_gmt":"2020-06-03T13:08:00","guid":{"rendered":""},"modified":"2020-06-03T13:08:00","modified_gmt":"2020-06-03T13:08:00","slug":"une-electricite-plus-chere-et-plus-polluante-adaptons-plutot-notre-puissance","status":"publish","type":"post","link":"https:\/\/www.renouvelle.be\/fr\/une-electricite-plus-chere-et-plus-polluante-adaptons-plutot-notre-puissance\/","title":{"rendered":"Une \u00e9lectricit\u00e9 plus ch\u00e8re et plus polluante ? Adaptons plut\u00f4t notre puissance !"},"content":{"rendered":"<p><span style=\"color: rgb(51, 51, 51);\">Le saviez-vous ? La Belgique a programm\u00e9 l\u2019<\/span><a href=\"https:\/\/1soue.r.ag.d.sendibm3.com\/mk\/cl\/f\/O3-jN4aqcsEZvOwFThry2ZOcKx1V0U4Da4IgbSVgFcv6276C9KqXOBZjpRP7kqKNfv572SsVCUPW4rF2yqQirBsnRP3OlNnFeARrrnJyr1ypzNPETvYRVYV3qF0S3tMd1YNOLo_zTQCsC6KCyU6tYEfh5nsBZNCql6q3PQP6bI-rBi4e2sMd8aLHOwiPFoKVqnFcCbqDmzjfHEGFBUCjTYdh10aqo2oJBEHhphjpFUQUTU-WAEMBuySwGF0SpdExNiInrSxl5D3AI8NpFrN642vviLQ3fwc5OQDcF6VdSZSHfzHorTTUOHhmJbTXVhN3_YtGG2BpVD7Ex_jqP1fJ0BzNkrFAkviOQnwwDcm_TnfEs7DE2RPxqBSCJAWSCT0Z9Esl3Pd2_INyCWqc5wiOuO8\" target=\"_blank\">arr\u00eat de ses centrales nucl\u00e9aires d\u2019ici 2025<\/a><span style=\"color: rgb(51, 51, 51);\">. Pour palier \u00e0 cette absence, <\/span>le Gouvernement f\u00e9d\u00e9ral compte subsidier de nouvelles centrales au gaz fossile. Un projet co\u00fbteux pour les citoyens \u2013 environ 100\u20ac\/an par m\u00e9nage &#8211; et nocif pour le climat.<\/p>\n<p>L&rsquo;APERe pense au contraire qu\u2019il existe d\u2019autres solutions plus simples et moins co\u00fbteuses (lire notre analyse : <a href=\"https:\/\/www.renouvelle.be\/fr\/debats\/une-facture-delectricite-plus-chere-et-plus-polluante-reduisons-plutot-la-puissance?\">Une facture d\u2019\u00e9lectricit\u00e9 plus ch\u00e8re et plus polluante ? R\u00e9duisons plut\u00f4t la puissance <\/a>!).<\/p>\n<p><span style=\"color: rgb(51, 51, 51);\">Les \u00e9nergies renouvelables constituent d\u00e9j\u00e0 une partie de la solution pour palier \u00e0 cette absence nucl\u00e9aire. Mais en tant que consommatrice et consommateur, vous pouvez aussi participer facilement \u00e0 cette transition !&nbsp;<\/span>&nbsp;<\/p>\n<p>Nous pouvons par exemple \u00e9viter d\u2019utiliser certains appareils \u00e9lectriques \u00e9nergivores durant les pics de consommation : le chicon gratin d&rsquo;hiver (oui !), mais pas toutes et tous en m\u00eame temps.<\/p>\n<p>Ensemble, nous avons cette capacit\u00e9 \u00e0 agir et \u00e0 ajuster notre puissance \u00e9lectrique, afin d\u2019offrir \u00e0 toutes et tous un acc\u00e8s digne \u00e0 l\u2019\u00e9nergie, de mani\u00e8re solidaire et respectueuse pour notre environnement.<\/p>\n<p>\u00cates-vous pr\u00eat \u00e0 moduler vos habitudes et \u00e0 devenir flexible, c\u2019est-\u00e0-dire, adapter votre consommation aux moments d\u2019abondance ou \u00e0 d\u2019\u00e9ventuelles p\u00e9nuries d\u2019\u00e9lectricit\u00e9 ?<\/p>\n<p><img decoding=\"async\" alt=\"\" src=\"\/wp-content\/uploads\/2021\/02\/post\/citoyens-energie_0.png\" style=\"width: 580px; height: 215px;\" \/><\/p>\n<p>Faites le test pour mesurer votre fl\u00e9xibilit\u00e9 \u00e9nerg\u00e9tique en 3 questions.&nbsp;<\/p>\n<p><iframe loading=\"lazy\" allowfullscreen=\"\" frameborder=\"0\" height=\"480px\" marginheight=\"0\" marginwidth=\"0\" mozallowfullscreen=\"\" msallowfullscreen=\"\" src=\"https:\/\/forms.office.com\/Pages\/ResponsePage.aspx?id=I2FTYEaRbUOd3bxrCivhdns3EyMJiKBLvD9MkFNoln5URVhSUVpRVko2NTExNzg2S1NWSEhVQ1RDVy4u&amp;embed=true\" style=\"border: none; max-width:100%; max-height:100vh\" webkitallowfullscreen=\"\" width=\"580px\"><\/iframe><\/p>\n<p>La campagne d\u2019\u00c9ducation Permanente 2020 \u00ab\u202fCitoyens d\u2019\u00e9nergie\u202f\u00bb de l\u2019APERe, vous offre la possibilit\u00e9 de vous informer et d\u2019agir.<\/p>\n<p>Retrouvez sur notre site : Infos, vid\u00e9o, kit de communication et kit p\u00e9dagogique, <a href=\"http:\/\/apere.org\/fr\/citoyens-energie\" target=\"_blank\">c\u2019est par ici<\/a>\u202f!<\/p>\n<p>&nbsp;<\/p>\n<p>Contact : APERe asbl &#8211; Violette Penasse, Charg\u00e9e d&rsquo;\u00c9ducation Permanente &#8211;&nbsp;<a href=\"mailto:vpenasse@apere.org\">vpenasse@apere.org<\/a><\/p>\n<p><iframe loading=\"lazy\" allow=\"accelerometer; autoplay; encrypted-media; gyroscope; picture-in-picture\" allowfullscreen=\"\" frameborder=\"0\" height=\"315\" src=\"https:\/\/www.youtube.com\/embed\/0LgvJ5_H_1U\" width=\"560\"><\/iframe><\/p>\n","protected":false},"excerpt":{"rendered":"<p>Le saviez-vous ? La Belgique a programm\u00e9 l\u2019arr\u00eat de ses centrales nucl\u00e9aires d\u2019ici 2025. Pour palier \u00e0 cette absence, le Gouvernement f\u00e9d\u00e9ral compte subsidier de nouvelles centrales au gaz fossile. Un projet co\u00fbteux pour les citoyens \u2013 environ 100\u20ac\/an par m\u00e9nage &#8211; et nocif pour le climat. L&rsquo;APERe pense au contraire qu\u2019il existe d\u2019autres solutions plus simples et moins co\u00fbteuses (lire notre analyse : Une facture d\u2019\u00e9lectricit\u00e9 plus ch\u00e8re et plus polluante ? R\u00e9duisons plut\u00f4t la puissance !). Les \u00e9nergies renouvelables constituent d\u00e9j\u00e0 une partie de la solution pour palier \u00e0 cette absence nucl\u00e9aire. Mais en tant que consommatrice et consommateur, vous pouvez aussi participer facilement \u00e0 cette transition !&nbsp;&nbsp; Nous pouvons par exemple \u00e9viter d\u2019utiliser certains appareils \u00e9lectriques \u00e9nergivores durant les pics de consommation : le chicon gratin d&rsquo;hiver (oui !), mais pas toutes et tous en m\u00eame temps. Ensemble, nous avons cette capacit\u00e9 \u00e0 agir et \u00e0 ajuster notre puissance \u00e9lectrique, afin d\u2019offrir \u00e0 toutes et tous un acc\u00e8s digne \u00e0 l\u2019\u00e9nergie, de mani\u00e8re solidaire et respectueuse pour notre environnement. \u00cates-vous pr\u00eat \u00e0 moduler vos habitudes et \u00e0 devenir flexible, c\u2019est-\u00e0-dire, adapter votre consommation aux moments d\u2019abondance ou \u00e0 d\u2019\u00e9ventuelles p\u00e9nuries d\u2019\u00e9lectricit\u00e9 ? Faites le test pour mesurer votre fl\u00e9xibilit\u00e9 \u00e9nerg\u00e9tique en 3 questions.&nbsp; La campagne d\u2019\u00c9ducation Permanente 2020 \u00ab\u202fCitoyens d\u2019\u00e9nergie\u202f\u00bb de l\u2019APERe, vous offre la possibilit\u00e9 de vous informer et d\u2019agir. Retrouvez sur notre site : Infos, vid\u00e9o, kit de communication et kit p\u00e9dagogique, c\u2019est par ici\u202f! &nbsp; Contact : APERe asbl &#8211; Violette Penasse, Charg\u00e9e d&rsquo;\u00c9ducation Permanente &#8211;&nbsp;vpenasse@apere.org<\/p>\n","protected":false},"author":25,"featured_media":4436,"comment_status":"open","ping_status":"open","sticky":false,"template":"","format":"standard","meta":{"_acf_changed":false,"footnotes":""},"categories":[19],"tags":[],"section":[8],"class_list":["post-3864","post","type-post","status-publish","format-standard","has-post-thumbnail","hentry","category-outils-categories","section-energie-renouvelables"],"acf":[],"yoast_head":"<!-- This site is optimized with the Yoast SEO plugin v27.4 - https:\/\/yoast.com\/product\/yoast-seo-wordpress\/ -->\n<title>Une \u00e9lectricit\u00e9 plus ch\u00e8re et plus polluante ? Adaptons plut\u00f4t notre puissance ! - Renouvelle<\/title>\n<meta name=\"robots\" content=\"index, follow, max-snippet:-1, max-image-preview:large, max-video-preview:-1\" \/>\n<link rel=\"canonical\" href=\"https:\/\/www.renouvelle.be\/fr\/une-electricite-plus-chere-et-plus-polluante-adaptons-plutot-notre-puissance\/\" \/>\n<meta property=\"og:locale\" content=\"fr_FR\" \/>\n<meta property=\"og:type\" content=\"article\" \/>\n<meta property=\"og:title\" content=\"Une \u00e9lectricit\u00e9 plus ch\u00e8re et plus polluante ? Adaptons plut\u00f4t notre puissance ! - Renouvelle\" \/>\n<meta property=\"og:description\" content=\"Le saviez-vous ? La Belgique a programm\u00e9 l\u2019arr\u00eat de ses centrales nucl\u00e9aires d\u2019ici 2025. Pour palier \u00e0 cette absence, le Gouvernement f\u00e9d\u00e9ral compte subsidier de nouvelles centrales au gaz fossile. Un projet co\u00fbteux pour les citoyens \u2013 environ 100\u20ac\/an par m\u00e9nage &#8211; et nocif pour le climat. L&rsquo;APERe pense au contraire qu\u2019il existe d\u2019autres solutions plus simples et moins co\u00fbteuses (lire notre analyse : Une facture d\u2019\u00e9lectricit\u00e9 plus ch\u00e8re et plus polluante ? R\u00e9duisons plut\u00f4t la puissance !). Les \u00e9nergies renouvelables constituent d\u00e9j\u00e0 une partie de la solution pour palier \u00e0 cette absence nucl\u00e9aire. Mais en tant que consommatrice et consommateur, vous pouvez aussi participer facilement \u00e0 cette transition !&nbsp;&nbsp; Nous pouvons par exemple \u00e9viter d\u2019utiliser certains appareils \u00e9lectriques \u00e9nergivores durant les pics de consommation : le chicon gratin d&rsquo;hiver (oui !), mais pas toutes et tous en m\u00eame temps. Ensemble, nous avons cette capacit\u00e9 \u00e0 agir et \u00e0 ajuster notre puissance \u00e9lectrique, afin d\u2019offrir \u00e0 toutes et tous un acc\u00e8s digne \u00e0 l\u2019\u00e9nergie, de mani\u00e8re solidaire et respectueuse pour notre environnement. \u00cates-vous pr\u00eat \u00e0 moduler vos habitudes et \u00e0 devenir flexible, c\u2019est-\u00e0-dire, adapter votre consommation aux moments d\u2019abondance ou \u00e0 d\u2019\u00e9ventuelles p\u00e9nuries d\u2019\u00e9lectricit\u00e9 ? Faites le test pour mesurer votre fl\u00e9xibilit\u00e9 \u00e9nerg\u00e9tique en 3 questions.&nbsp; La campagne d\u2019\u00c9ducation Permanente 2020 \u00ab\u202fCitoyens d\u2019\u00e9nergie\u202f\u00bb de l\u2019APERe, vous offre la possibilit\u00e9 de vous informer et d\u2019agir. Retrouvez sur notre site : Infos, vid\u00e9o, kit de communication et kit p\u00e9dagogique, c\u2019est par ici\u202f! &nbsp; Contact : APERe asbl &#8211; Violette Penasse, Charg\u00e9e d&rsquo;\u00c9ducation Permanente &#8211;&nbsp;vpenasse@apere.org\" \/>\n<meta property=\"og:url\" content=\"https:\/\/www.renouvelle.be\/fr\/une-electricite-plus-chere-et-plus-polluante-adaptons-plutot-notre-puissance\/\" \/>\n<meta property=\"og:site_name\" content=\"Renouvelle\" \/>\n<meta property=\"article:published_time\" content=\"2020-06-03T13:08:00+00:00\" \/>\n<meta property=\"og:image\" content=\"https:\/\/www.renouvelle.be\/wp-content\/uploads\/2021\/02\/citoyens-energie2.png\" \/>\n\t<meta property=\"og:image:width\" content=\"580\" \/>\n\t<meta property=\"og:image:height\" content=\"377\" \/>\n\t<meta property=\"og:image:type\" content=\"image\/png\" \/>\n<meta name=\"author\" content=\"Violette PENASSE\" \/>\n<meta name=\"twitter:card\" content=\"summary_large_image\" \/>\n<script type=\"application\/ld+json\" class=\"yoast-schema-graph\">{\"@context\":\"https:\\\/\\\/schema.org\",\"@graph\":[{\"@type\":\"Article\",\"@id\":\"https:\\\/\\\/www.renouvelle.be\\\/fr\\\/une-electricite-plus-chere-et-plus-polluante-adaptons-plutot-notre-puissance\\\/#article\",\"isPartOf\":{\"@id\":\"https:\\\/\\\/www.renouvelle.be\\\/fr\\\/une-electricite-plus-chere-et-plus-polluante-adaptons-plutot-notre-puissance\\\/\"},\"author\":{\"name\":\"Violette PENASSE\",\"@id\":\"https:\\\/\\\/www.renouvelle.be\\\/fr\\\/#\\\/schema\\\/person\\\/054b4cc9302367971288591a95d14e29\"},\"headline\":\"Une \u00e9lectricit\u00e9 plus ch\u00e8re et plus polluante ? Adaptons plut\u00f4t notre puissance !\",\"datePublished\":\"2020-06-03T13:08:00+00:00\",\"mainEntityOfPage\":{\"@id\":\"https:\\\/\\\/www.renouvelle.be\\\/fr\\\/une-electricite-plus-chere-et-plus-polluante-adaptons-plutot-notre-puissance\\\/\"},\"wordCount\":291,\"commentCount\":0,\"image\":{\"@id\":\"https:\\\/\\\/www.renouvelle.be\\\/fr\\\/une-electricite-plus-chere-et-plus-polluante-adaptons-plutot-notre-puissance\\\/#primaryimage\"},\"thumbnailUrl\":\"https:\\\/\\\/www.renouvelle.be\\\/wp-content\\\/uploads\\\/2021\\\/02\\\/citoyens-energie2.png\",\"articleSection\":[\"Outils\"],\"inLanguage\":\"fr-FR\",\"potentialAction\":[{\"@type\":\"CommentAction\",\"name\":\"Comment\",\"target\":[\"https:\\\/\\\/www.renouvelle.be\\\/fr\\\/une-electricite-plus-chere-et-plus-polluante-adaptons-plutot-notre-puissance\\\/#respond\"]}]},{\"@type\":\"WebPage\",\"@id\":\"https:\\\/\\\/www.renouvelle.be\\\/fr\\\/une-electricite-plus-chere-et-plus-polluante-adaptons-plutot-notre-puissance\\\/\",\"url\":\"https:\\\/\\\/www.renouvelle.be\\\/fr\\\/une-electricite-plus-chere-et-plus-polluante-adaptons-plutot-notre-puissance\\\/\",\"name\":\"Une \u00e9lectricit\u00e9 plus ch\u00e8re et plus polluante ? Adaptons plut\u00f4t notre puissance ! - Renouvelle\",\"isPartOf\":{\"@id\":\"https:\\\/\\\/www.renouvelle.be\\\/fr\\\/#website\"},\"primaryImageOfPage\":{\"@id\":\"https:\\\/\\\/www.renouvelle.be\\\/fr\\\/une-electricite-plus-chere-et-plus-polluante-adaptons-plutot-notre-puissance\\\/#primaryimage\"},\"image\":{\"@id\":\"https:\\\/\\\/www.renouvelle.be\\\/fr\\\/une-electricite-plus-chere-et-plus-polluante-adaptons-plutot-notre-puissance\\\/#primaryimage\"},\"thumbnailUrl\":\"https:\\\/\\\/www.renouvelle.be\\\/wp-content\\\/uploads\\\/2021\\\/02\\\/citoyens-energie2.png\",\"datePublished\":\"2020-06-03T13:08:00+00:00\",\"author\":{\"@id\":\"https:\\\/\\\/www.renouvelle.be\\\/fr\\\/#\\\/schema\\\/person\\\/054b4cc9302367971288591a95d14e29\"},\"breadcrumb\":{\"@id\":\"https:\\\/\\\/www.renouvelle.be\\\/fr\\\/une-electricite-plus-chere-et-plus-polluante-adaptons-plutot-notre-puissance\\\/#breadcrumb\"},\"inLanguage\":\"fr-FR\",\"potentialAction\":[{\"@type\":\"ReadAction\",\"target\":[\"https:\\\/\\\/www.renouvelle.be\\\/fr\\\/une-electricite-plus-chere-et-plus-polluante-adaptons-plutot-notre-puissance\\\/\"]}]},{\"@type\":\"ImageObject\",\"inLanguage\":\"fr-FR\",\"@id\":\"https:\\\/\\\/www.renouvelle.be\\\/fr\\\/une-electricite-plus-chere-et-plus-polluante-adaptons-plutot-notre-puissance\\\/#primaryimage\",\"url\":\"https:\\\/\\\/www.renouvelle.be\\\/wp-content\\\/uploads\\\/2021\\\/02\\\/citoyens-energie2.png\",\"contentUrl\":\"https:\\\/\\\/www.renouvelle.be\\\/wp-content\\\/uploads\\\/2021\\\/02\\\/citoyens-energie2.png\",\"width\":580,\"height\":377},{\"@type\":\"BreadcrumbList\",\"@id\":\"https:\\\/\\\/www.renouvelle.be\\\/fr\\\/une-electricite-plus-chere-et-plus-polluante-adaptons-plutot-notre-puissance\\\/#breadcrumb\",\"itemListElement\":[{\"@type\":\"ListItem\",\"position\":1,\"name\":\"Accueil\",\"item\":\"https:\\\/\\\/www.renouvelle.be\\\/fr\\\/\"},{\"@type\":\"ListItem\",\"position\":2,\"name\":\"Une \u00e9lectricit\u00e9 plus ch\u00e8re et plus polluante ? Adaptons plut\u00f4t notre puissance !\"}]},{\"@type\":\"WebSite\",\"@id\":\"https:\\\/\\\/www.renouvelle.be\\\/fr\\\/#website\",\"url\":\"https:\\\/\\\/www.renouvelle.be\\\/fr\\\/\",\"name\":\"Renouvelle\",\"description\":\"L&#039;actualit\u00e9 de l&#039;\u00e9nergie durable\",\"potentialAction\":[{\"@type\":\"SearchAction\",\"target\":{\"@type\":\"EntryPoint\",\"urlTemplate\":\"https:\\\/\\\/www.renouvelle.be\\\/fr\\\/?s={search_term_string}\"},\"query-input\":{\"@type\":\"PropertyValueSpecification\",\"valueRequired\":true,\"valueName\":\"search_term_string\"}}],\"inLanguage\":\"fr-FR\"},{\"@type\":\"Person\",\"@id\":\"https:\\\/\\\/www.renouvelle.be\\\/fr\\\/#\\\/schema\\\/person\\\/054b4cc9302367971288591a95d14e29\",\"name\":\"Violette PENASSE\",\"url\":\"https:\\\/\\\/www.renouvelle.be\\\/fr\\\/author\\\/violettepenasse\\\/\"}]}<\/script>\n<!-- \/ Yoast SEO plugin. -->","yoast_head_json":{"title":"Une \u00e9lectricit\u00e9 plus ch\u00e8re et plus polluante ? Adaptons plut\u00f4t notre puissance ! - Renouvelle","robots":{"index":"index","follow":"follow","max-snippet":"max-snippet:-1","max-image-preview":"max-image-preview:large","max-video-preview":"max-video-preview:-1"},"canonical":"https:\/\/www.renouvelle.be\/fr\/une-electricite-plus-chere-et-plus-polluante-adaptons-plutot-notre-puissance\/","og_locale":"fr_FR","og_type":"article","og_title":"Une \u00e9lectricit\u00e9 plus ch\u00e8re et plus polluante ? Adaptons plut\u00f4t notre puissance ! - Renouvelle","og_description":"Le saviez-vous ? La Belgique a programm\u00e9 l\u2019arr\u00eat de ses centrales nucl\u00e9aires d\u2019ici 2025. Pour palier \u00e0 cette absence, le Gouvernement f\u00e9d\u00e9ral compte subsidier de nouvelles centrales au gaz fossile. Un projet co\u00fbteux pour les citoyens \u2013 environ 100\u20ac\/an par m\u00e9nage &#8211; et nocif pour le climat. L&rsquo;APERe pense au contraire qu\u2019il existe d\u2019autres solutions plus simples et moins co\u00fbteuses (lire notre analyse : Une facture d\u2019\u00e9lectricit\u00e9 plus ch\u00e8re et plus polluante ? R\u00e9duisons plut\u00f4t la puissance !). Les \u00e9nergies renouvelables constituent d\u00e9j\u00e0 une partie de la solution pour palier \u00e0 cette absence nucl\u00e9aire. Mais en tant que consommatrice et consommateur, vous pouvez aussi participer facilement \u00e0 cette transition !&nbsp;&nbsp; Nous pouvons par exemple \u00e9viter d\u2019utiliser certains appareils \u00e9lectriques \u00e9nergivores durant les pics de consommation : le chicon gratin d&rsquo;hiver (oui !), mais pas toutes et tous en m\u00eame temps. Ensemble, nous avons cette capacit\u00e9 \u00e0 agir et \u00e0 ajuster notre puissance \u00e9lectrique, afin d\u2019offrir \u00e0 toutes et tous un acc\u00e8s digne \u00e0 l\u2019\u00e9nergie, de mani\u00e8re solidaire et respectueuse pour notre environnement. \u00cates-vous pr\u00eat \u00e0 moduler vos habitudes et \u00e0 devenir flexible, c\u2019est-\u00e0-dire, adapter votre consommation aux moments d\u2019abondance ou \u00e0 d\u2019\u00e9ventuelles p\u00e9nuries d\u2019\u00e9lectricit\u00e9 ? Faites le test pour mesurer votre fl\u00e9xibilit\u00e9 \u00e9nerg\u00e9tique en 3 questions.&nbsp; La campagne d\u2019\u00c9ducation Permanente 2020 \u00ab\u202fCitoyens d\u2019\u00e9nergie\u202f\u00bb de l\u2019APERe, vous offre la possibilit\u00e9 de vous informer et d\u2019agir. Retrouvez sur notre site : Infos, vid\u00e9o, kit de communication et kit p\u00e9dagogique, c\u2019est par ici\u202f! &nbsp; Contact : APERe asbl &#8211; Violette Penasse, Charg\u00e9e d&rsquo;\u00c9ducation Permanente &#8211;&nbsp;vpenasse@apere.org","og_url":"https:\/\/www.renouvelle.be\/fr\/une-electricite-plus-chere-et-plus-polluante-adaptons-plutot-notre-puissance\/","og_site_name":"Renouvelle","article_published_time":"2020-06-03T13:08:00+00:00","og_image":[{"width":580,"height":377,"url":"https:\/\/www.renouvelle.be\/wp-content\/uploads\/2021\/02\/citoyens-energie2.png","type":"image\/png"}],"author":"Violette PENASSE","twitter_card":"summary_large_image","schema":{"@context":"https:\/\/schema.org","@graph":[{"@type":"Article","@id":"https:\/\/www.renouvelle.be\/fr\/une-electricite-plus-chere-et-plus-polluante-adaptons-plutot-notre-puissance\/#article","isPartOf":{"@id":"https:\/\/www.renouvelle.be\/fr\/une-electricite-plus-chere-et-plus-polluante-adaptons-plutot-notre-puissance\/"},"author":{"name":"Violette PENASSE","@id":"https:\/\/www.renouvelle.be\/fr\/#\/schema\/person\/054b4cc9302367971288591a95d14e29"},"headline":"Une \u00e9lectricit\u00e9 plus ch\u00e8re et plus polluante ? Adaptons plut\u00f4t notre puissance !","datePublished":"2020-06-03T13:08:00+00:00","mainEntityOfPage":{"@id":"https:\/\/www.renouvelle.be\/fr\/une-electricite-plus-chere-et-plus-polluante-adaptons-plutot-notre-puissance\/"},"wordCount":291,"commentCount":0,"image":{"@id":"https:\/\/www.renouvelle.be\/fr\/une-electricite-plus-chere-et-plus-polluante-adaptons-plutot-notre-puissance\/#primaryimage"},"thumbnailUrl":"https:\/\/www.renouvelle.be\/wp-content\/uploads\/2021\/02\/citoyens-energie2.png","articleSection":["Outils"],"inLanguage":"fr-FR","potentialAction":[{"@type":"CommentAction","name":"Comment","target":["https:\/\/www.renouvelle.be\/fr\/une-electricite-plus-chere-et-plus-polluante-adaptons-plutot-notre-puissance\/#respond"]}]},{"@type":"WebPage","@id":"https:\/\/www.renouvelle.be\/fr\/une-electricite-plus-chere-et-plus-polluante-adaptons-plutot-notre-puissance\/","url":"https:\/\/www.renouvelle.be\/fr\/une-electricite-plus-chere-et-plus-polluante-adaptons-plutot-notre-puissance\/","name":"Une \u00e9lectricit\u00e9 plus ch\u00e8re et plus polluante ? Adaptons plut\u00f4t notre puissance ! - Renouvelle","isPartOf":{"@id":"https:\/\/www.renouvelle.be\/fr\/#website"},"primaryImageOfPage":{"@id":"https:\/\/www.renouvelle.be\/fr\/une-electricite-plus-chere-et-plus-polluante-adaptons-plutot-notre-puissance\/#primaryimage"},"image":{"@id":"https:\/\/www.renouvelle.be\/fr\/une-electricite-plus-chere-et-plus-polluante-adaptons-plutot-notre-puissance\/#primaryimage"},"thumbnailUrl":"https:\/\/www.renouvelle.be\/wp-content\/uploads\/2021\/02\/citoyens-energie2.png","datePublished":"2020-06-03T13:08:00+00:00","author":{"@id":"https:\/\/www.renouvelle.be\/fr\/#\/schema\/person\/054b4cc9302367971288591a95d14e29"},"breadcrumb":{"@id":"https:\/\/www.renouvelle.be\/fr\/une-electricite-plus-chere-et-plus-polluante-adaptons-plutot-notre-puissance\/#breadcrumb"},"inLanguage":"fr-FR","potentialAction":[{"@type":"ReadAction","target":["https:\/\/www.renouvelle.be\/fr\/une-electricite-plus-chere-et-plus-polluante-adaptons-plutot-notre-puissance\/"]}]},{"@type":"ImageObject","inLanguage":"fr-FR","@id":"https:\/\/www.renouvelle.be\/fr\/une-electricite-plus-chere-et-plus-polluante-adaptons-plutot-notre-puissance\/#primaryimage","url":"https:\/\/www.renouvelle.be\/wp-content\/uploads\/2021\/02\/citoyens-energie2.png","contentUrl":"https:\/\/www.renouvelle.be\/wp-content\/uploads\/2021\/02\/citoyens-energie2.png","width":580,"height":377},{"@type":"BreadcrumbList","@id":"https:\/\/www.renouvelle.be\/fr\/une-electricite-plus-chere-et-plus-polluante-adaptons-plutot-notre-puissance\/#breadcrumb","itemListElement":[{"@type":"ListItem","position":1,"name":"Accueil","item":"https:\/\/www.renouvelle.be\/fr\/"},{"@type":"ListItem","position":2,"name":"Une \u00e9lectricit\u00e9 plus ch\u00e8re et plus polluante ? Adaptons plut\u00f4t notre puissance !"}]},{"@type":"WebSite","@id":"https:\/\/www.renouvelle.be\/fr\/#website","url":"https:\/\/www.renouvelle.be\/fr\/","name":"Renouvelle","description":"L&#039;actualit\u00e9 de l&#039;\u00e9nergie durable","potentialAction":[{"@type":"SearchAction","target":{"@type":"EntryPoint","urlTemplate":"https:\/\/www.renouvelle.be\/fr\/?s={search_term_string}"},"query-input":{"@type":"PropertyValueSpecification","valueRequired":true,"valueName":"search_term_string"}}],"inLanguage":"fr-FR"},{"@type":"Person","@id":"https:\/\/www.renouvelle.be\/fr\/#\/schema\/person\/054b4cc9302367971288591a95d14e29","name":"Violette PENASSE","url":"https:\/\/www.renouvelle.be\/fr\/author\/violettepenasse\/"}]}},"_links":{"self":[{"href":"https:\/\/www.renouvelle.be\/fr\/wp-json\/wp\/v2\/posts\/3864","targetHints":{"allow":["GET"]}}],"collection":[{"href":"https:\/\/www.renouvelle.be\/fr\/wp-json\/wp\/v2\/posts"}],"about":[{"href":"https:\/\/www.renouvelle.be\/fr\/wp-json\/wp\/v2\/types\/post"}],"author":[{"embeddable":true,"href":"https:\/\/www.renouvelle.be\/fr\/wp-json\/wp\/v2\/users\/25"}],"replies":[{"embeddable":true,"href":"https:\/\/www.renouvelle.be\/fr\/wp-json\/wp\/v2\/comments?post=3864"}],"version-history":[{"count":0,"href":"https:\/\/www.renouvelle.be\/fr\/wp-json\/wp\/v2\/posts\/3864\/revisions"}],"wp:featuredmedia":[{"embeddable":true,"href":"https:\/\/www.renouvelle.be\/fr\/wp-json\/wp\/v2\/media\/4436"}],"wp:attachment":[{"href":"https:\/\/www.renouvelle.be\/fr\/wp-json\/wp\/v2\/media?parent=3864"}],"wp:term":[{"taxonomy":"category","embeddable":true,"href":"https:\/\/www.renouvelle.be\/fr\/wp-json\/wp\/v2\/categories?post=3864"},{"taxonomy":"post_tag","embeddable":true,"href":"https:\/\/www.renouvelle.be\/fr\/wp-json\/wp\/v2\/tags?post=3864"},{"taxonomy":"section","embeddable":true,"href":"https:\/\/www.renouvelle.be\/fr\/wp-json\/wp\/v2\/section?post=3864"}],"curies":[{"name":"wp","href":"https:\/\/api.w.org\/{rel}","templated":true}]}}