{"id":3855,"date":"2020-05-25T09:49:29","date_gmt":"2020-05-25T09:49:29","guid":{"rendered":""},"modified":"2023-07-10T23:37:28","modified_gmt":"2023-07-10T21:37:28","slug":"photovoltaique-les-professionnels-doivent-desormais-financer-le-recyclage-a","status":"publish","type":"post","link":"https:\/\/www.renouvelle.be\/fr\/photovoltaique-les-professionnels-doivent-desormais-financer-le-recyclage-a\/","title":{"rendered":"Photovolta\u00efque : Les professionnels doivent d\u00e9sormais financer le recyclage \u00e0 Bruxelles"},"content":{"rendered":"<p>En Europe, la fili\u00e8re photovolta\u00efque a b\u00e9n\u00e9fici\u00e9 d\u00e8s son essor d\u2019un contexte l\u00e9gislatif important en mati\u00e8re de gestion des d\u00e9chets. D\u00e8s 2007, une association europ\u00e9enne \u2013 PVCYCLE &#8211; est n\u00e9e afin de pr\u00e9voir la gestion optimale des d\u00e9chets qui seront g\u00e9n\u00e9r\u00e9s par les syst\u00e8mes photovolta\u00efques apr\u00e8s 25 ans de bons et loyaux services.&nbsp;<\/p>\n<p>Cette association est le fer de lance de la fili\u00e8re de collecte et de recyclage photovolta\u00efque qui, si elle reste confidentielle aujourd\u2019hui en Belgique (environ 10.000 tonnes par an), constituera une r\u00e9elle activit\u00e9 \u00e0 partir de 2025\/2030 : on parle de plus de 130.000 tonnes par an (lire notre article <a href=\"https:\/\/www.renouvelle.be\/fr\/actualite-belgique\/quelle-fin-de-vie-durable-pour-les-panneaux-photovoltaiques\">Quelle fin de vie durable pour les panneaux photovolta\u00efques ?<\/a>).<\/p>\n<p><img decoding=\"async\" alt=\"\" src=\"\/wp-content\/uploads\/2021\/02\/post\/pv-cycle2.png\" style=\"width: 580px; height: 372px;\"><\/p>\n<p>Au niveau l\u00e9gislatif, la directive DEEE (Directive pour les D\u00e9chets d&rsquo;\u00c9quipements \u00c9lectriques et \u00c9lectroniques) int\u00e8gre les panneaux photovolta\u00efques depuis 2012. Selon cette directive, chaque fabricant\/importateur et installateur de panneaux photovolta\u00efques a l\u2019obligation l\u00e9gale de d\u00e9clarer le nombre de panneaux mis sur le march\u00e9 et d\u2019assurer la collecte et le recyclage des panneaux usag\u00e9s.<\/p>\n<p>Cette directive doit \u00eatre transpos\u00e9e dans le droit national ou r\u00e9gional &#8211; comme en&nbsp;Belgique. La Flandre l\u2019a adapt\u00e9e d\u00e8s 2016. C\u2019est \u00e0 pr\u00e9sent au tour de la R\u00e9gion bruxelloise :&nbsp;&nbsp;<\/p>\n<ul>\n<li>Du 1er janvier au 30 juin 2020, quiconque mettant sur le march\u00e9 des panneaux photovolta\u00efques sur le territoire de la R\u00e9gion Bruxelles-Capitale doit <a href=\"http:\/\/extranet.pvcycle.org\" target=\"_blank\" rel=\"noopener\">s\u2019enregistrer<\/a>&nbsp;aupr\u00e8s de PV CYCLE BELGIUM et d\u00e9clarer apr\u00e8s le premier et le deuxi\u00e8me trimestre, le nombre de panneaux vendus.<\/li>\n<li>\t\u00c0 partir du 1er juillet 2020, quiconque mettant sur le march\u00e9 des panneaux photovolta\u00efques sur le territoire de la R\u00e9gion Bruxelles-Capitale devra en plus facturer la contribution environnementale photovolta\u00efque au suivant dans la boucle jusqu&rsquo;au client final.<\/li>\n<\/ul>\n<p>Cette contribution environnementale permet de financer et garantir la collecte et le traitement des panneaux photovolta\u00efques usag\u00e9s. A Bruxelles, le montant d\u00e9finitif a \u00e9t\u00e9 fix\u00e9 \u00e0 2\u20ac (hors TVA) par panneau.&nbsp;<\/p>\n<p>Notons que la Wallonie n\u2019a pas encore adopt\u00e9 son cadre l\u00e9gislatif mais celui-ci pourrait entrer en vigueur en 2021.&nbsp;<\/p>\n<p>&nbsp;<\/p>\n<h2>Un recyclage quasi complet&nbsp;<\/h2>\n<p>&nbsp;<\/p>\n<p><img decoding=\"async\" alt=\"\" src=\"\/wp-content\/uploads\/2021\/02\/post\/pv-cycle3.png\" style=\"width: 580px; height: 284px;\"><\/p>\n<p>Le recyclage des diff\u00e9rents composants photovolta\u00efques atteint d\u00e9j\u00e0 un taux de 90%, selon les principes vertueux de l\u2019\u00e9conomie circulaire. Et de nouvelles innovations permettront de faire mieux. Ainsi &#8211; cocorico ! -, l\u2019entreprise wallonne de recyclage RECMA d\u00e9veloppe de nouvelles technologies de recyclage des panneaux photovolta\u00efques permettant de d\u00e9passer un taux de 95%. Elle ambitionne de se positionner comme un acteur important et de g\u00e9n\u00e9rer, par cette activit\u00e9, une petite vingtaine d\u2019emplois directs et indirects.&nbsp;<\/p>\n<p>Le recyclage des composants et l\u2019usage des r\u00e9sidus permet de fabriquer de nouveaux capteurs photovolta\u00efques en utilisant \u00e0 peine 1\/3 de l\u2019\u00e9nergie n\u00e9cessaire \u00e0 la fabrication de capteurs neufs.&nbsp;<\/p>\n<p>De quoi augmenter encore l\u2019int\u00e9r\u00eat environnemental de cette technologie et diminuer \u00e0 1 an son temps de retour \u00e9nerg\u00e9tique en Belgique (lire notre article <a href=\"https:\/\/www.renouvelle.be\/fr\/technologies\/le-photovoltaique-a-deja-rembourse-sa-dette-energetique\">Le photovolta\u00efque a d\u00e9j\u00e0 rembours\u00e9 sa dette \u00e9nerg\u00e9tique<\/a>).&nbsp;&nbsp;<\/p>\n<p>Ce qui permet \u00e0 certains de dire que le photovolta\u00efque est une industrie \u00ab doublement verte \u00bb : production d\u2019\u00e9lectricit\u00e9 propre et recyclage quasi-complet (lire notre article <a href=\"https:\/\/www.renouvelle.be\/fr\/technologies\/le-recyclage-photovoltaique-soptimise\">Le recyclage photovolta\u00efque s\u2019optimise<\/a>).&nbsp;<\/p>\n<p>&nbsp;<\/p>\n<p>&nbsp;<\/p>\n<p>&nbsp;<\/p>\n<p>&nbsp;<\/p>\n","protected":false},"excerpt":{"rendered":"<p>En Europe, la fili\u00e8re photovolta\u00efque a b\u00e9n\u00e9fici\u00e9 d\u00e8s son essor d\u2019un contexte l\u00e9gislatif important en mati\u00e8re de gestion des d\u00e9chets. D\u00e8s 2007, une association europ\u00e9enne \u2013 PVCYCLE &#8211; est n\u00e9e afin de pr\u00e9voir la gestion optimale des d\u00e9chets qui seront g\u00e9n\u00e9r\u00e9s par les syst\u00e8mes photovolta\u00efques apr\u00e8s 25 ans de bons et loyaux services.&nbsp; Cette association est le fer de lance de la fili\u00e8re de collecte et de recyclage photovolta\u00efque qui, si elle reste confidentielle aujourd\u2019hui en Belgique (environ 10.000 tonnes par an), constituera une r\u00e9elle activit\u00e9 \u00e0 partir de 2025\/2030 : on parle de plus de 130.000 tonnes par an (lire notre article Quelle fin de vie durable pour les panneaux photovolta\u00efques ?). Au niveau l\u00e9gislatif, la directive DEEE (Directive pour les D\u00e9chets d&rsquo;\u00c9quipements \u00c9lectriques et \u00c9lectroniques) int\u00e8gre les panneaux photovolta\u00efques depuis 2012. Selon cette directive, chaque fabricant\/importateur et installateur de panneaux photovolta\u00efques a l\u2019obligation l\u00e9gale de d\u00e9clarer le nombre de panneaux mis sur le march\u00e9 et d\u2019assurer la collecte et le recyclage des panneaux usag\u00e9s. Cette directive doit \u00eatre transpos\u00e9e dans le droit national ou r\u00e9gional &#8211; comme en&nbsp;Belgique. La Flandre l\u2019a adapt\u00e9e d\u00e8s 2016. C\u2019est \u00e0 pr\u00e9sent au tour de la R\u00e9gion bruxelloise :&nbsp;&nbsp; Du 1er janvier au 30 juin 2020, quiconque mettant sur le march\u00e9 des panneaux photovolta\u00efques sur le territoire de la R\u00e9gion Bruxelles-Capitale doit s\u2019enregistrer&nbsp;aupr\u00e8s de PV CYCLE BELGIUM et d\u00e9clarer apr\u00e8s le premier et le deuxi\u00e8me trimestre, le nombre de panneaux vendus. \u00c0 partir du 1er juillet 2020, quiconque mettant sur le march\u00e9 des panneaux photovolta\u00efques sur le territoire de la R\u00e9gion Bruxelles-Capitale devra en plus facturer la contribution environnementale photovolta\u00efque au suivant dans la boucle jusqu&rsquo;au client final. Cette contribution environnementale permet de financer et garantir la collecte et le traitement des panneaux &hellip; <a href=\"https:\/\/www.renouvelle.be\/fr\/photovoltaique-les-professionnels-doivent-desormais-financer-le-recyclage-a\/\" class=\"more-link\">Continue reading<span class=\"screen-reader-text\"> \u00ab\u00a0Photovolta\u00efque : Les professionnels doivent d\u00e9sormais financer le recyclage \u00e0 Bruxelles\u00a0\u00bb<\/span><\/a><\/p>\n","protected":false},"author":3,"featured_media":4715,"comment_status":"open","ping_status":"open","sticky":false,"template":"","format":"standard","meta":{"_acf_changed":false,"footnotes":""},"categories":[17],"tags":[],"section":[13],"class_list":["post-3855","post","type-post","status-publish","format-standard","has-post-thumbnail","hentry","category-actualite-en-belgique","section-solaire"],"acf":[],"yoast_head":"<!-- This site is optimized with the Yoast SEO plugin v27.5 - https:\/\/yoast.com\/product\/yoast-seo-wordpress\/ -->\n<title>Photovolta\u00efque : Les professionnels doivent d\u00e9sormais financer le recyclage \u00e0 Bruxelles - Renouvelle<\/title>\n<meta name=\"robots\" content=\"index, follow, max-snippet:-1, max-image-preview:large, max-video-preview:-1\" \/>\n<link rel=\"canonical\" href=\"https:\/\/www.renouvelle.be\/fr\/photovoltaique-les-professionnels-doivent-desormais-financer-le-recyclage-a\/\" \/>\n<meta property=\"og:locale\" content=\"fr_FR\" \/>\n<meta property=\"og:type\" content=\"article\" \/>\n<meta property=\"og:title\" content=\"Photovolta\u00efque : Les professionnels doivent d\u00e9sormais financer le recyclage \u00e0 Bruxelles - Renouvelle\" \/>\n<meta property=\"og:description\" content=\"En Europe, la fili\u00e8re photovolta\u00efque a b\u00e9n\u00e9fici\u00e9 d\u00e8s son essor d\u2019un contexte l\u00e9gislatif important en mati\u00e8re de gestion des d\u00e9chets. D\u00e8s 2007, une association europ\u00e9enne \u2013 PVCYCLE &#8211; est n\u00e9e afin de pr\u00e9voir la gestion optimale des d\u00e9chets qui seront g\u00e9n\u00e9r\u00e9s par les syst\u00e8mes photovolta\u00efques apr\u00e8s 25 ans de bons et loyaux services.&nbsp; Cette association est le fer de lance de la fili\u00e8re de collecte et de recyclage photovolta\u00efque qui, si elle reste confidentielle aujourd\u2019hui en Belgique (environ 10.000 tonnes par an), constituera une r\u00e9elle activit\u00e9 \u00e0 partir de 2025\/2030 : on parle de plus de 130.000 tonnes par an (lire notre article Quelle fin de vie durable pour les panneaux photovolta\u00efques ?). Au niveau l\u00e9gislatif, la directive DEEE (Directive pour les D\u00e9chets d&rsquo;\u00c9quipements \u00c9lectriques et \u00c9lectroniques) int\u00e8gre les panneaux photovolta\u00efques depuis 2012. Selon cette directive, chaque fabricant\/importateur et installateur de panneaux photovolta\u00efques a l\u2019obligation l\u00e9gale de d\u00e9clarer le nombre de panneaux mis sur le march\u00e9 et d\u2019assurer la collecte et le recyclage des panneaux usag\u00e9s. Cette directive doit \u00eatre transpos\u00e9e dans le droit national ou r\u00e9gional &#8211; comme en&nbsp;Belgique. La Flandre l\u2019a adapt\u00e9e d\u00e8s 2016. C\u2019est \u00e0 pr\u00e9sent au tour de la R\u00e9gion bruxelloise :&nbsp;&nbsp; Du 1er janvier au 30 juin 2020, quiconque mettant sur le march\u00e9 des panneaux photovolta\u00efques sur le territoire de la R\u00e9gion Bruxelles-Capitale doit s\u2019enregistrer&nbsp;aupr\u00e8s de PV CYCLE BELGIUM et d\u00e9clarer apr\u00e8s le premier et le deuxi\u00e8me trimestre, le nombre de panneaux vendus. \u00c0 partir du 1er juillet 2020, quiconque mettant sur le march\u00e9 des panneaux photovolta\u00efques sur le territoire de la R\u00e9gion Bruxelles-Capitale devra en plus facturer la contribution environnementale photovolta\u00efque au suivant dans la boucle jusqu&rsquo;au client final. Cette contribution environnementale permet de financer et garantir la collecte et le traitement des panneaux &hellip; Continue reading &quot;Photovolta\u00efque : Les professionnels doivent d\u00e9sormais financer le recyclage \u00e0 Bruxelles&quot;\" \/>\n<meta property=\"og:url\" content=\"https:\/\/www.renouvelle.be\/fr\/photovoltaique-les-professionnels-doivent-desormais-financer-le-recyclage-a\/\" \/>\n<meta property=\"og:site_name\" content=\"Renouvelle\" \/>\n<meta property=\"article:published_time\" content=\"2020-05-25T09:49:29+00:00\" \/>\n<meta property=\"article:modified_time\" content=\"2023-07-10T21:37:28+00:00\" \/>\n<meta property=\"og:image\" content=\"https:\/\/www.renouvelle.be\/wp-content\/uploads\/2021\/02\/pv-cycle1.png\" \/>\n\t<meta property=\"og:image:width\" content=\"580\" \/>\n\t<meta property=\"og:image:height\" content=\"315\" \/>\n\t<meta property=\"og:image:type\" content=\"image\/png\" \/>\n<meta name=\"author\" content=\"Energie Commune\" \/>\n<meta name=\"twitter:card\" content=\"summary_large_image\" \/>\n<script type=\"application\/ld+json\" class=\"yoast-schema-graph\">{\"@context\":\"https:\\\/\\\/schema.org\",\"@graph\":[{\"@type\":\"Article\",\"@id\":\"https:\\\/\\\/www.renouvelle.be\\\/fr\\\/photovoltaique-les-professionnels-doivent-desormais-financer-le-recyclage-a\\\/#article\",\"isPartOf\":{\"@id\":\"https:\\\/\\\/www.renouvelle.be\\\/fr\\\/photovoltaique-les-professionnels-doivent-desormais-financer-le-recyclage-a\\\/\"},\"author\":{\"name\":\"Energie Commune\",\"@id\":\"https:\\\/\\\/www.renouvelle.be\\\/fr\\\/#\\\/schema\\\/person\\\/01fbe8226a07f8f3d4a1cd059b31f17a\"},\"headline\":\"Photovolta\u00efque : Les professionnels doivent d\u00e9sormais financer le recyclage \u00e0 Bruxelles\",\"datePublished\":\"2020-05-25T09:49:29+00:00\",\"dateModified\":\"2023-07-10T21:37:28+00:00\",\"mainEntityOfPage\":{\"@id\":\"https:\\\/\\\/www.renouvelle.be\\\/fr\\\/photovoltaique-les-professionnels-doivent-desormais-financer-le-recyclage-a\\\/\"},\"wordCount\":584,\"commentCount\":0,\"image\":{\"@id\":\"https:\\\/\\\/www.renouvelle.be\\\/fr\\\/photovoltaique-les-professionnels-doivent-desormais-financer-le-recyclage-a\\\/#primaryimage\"},\"thumbnailUrl\":\"https:\\\/\\\/www.renouvelle.be\\\/wp-content\\\/uploads\\\/2021\\\/02\\\/pv-cycle1.png\",\"articleSection\":[\"Actualit\u00e9 en Belgique\"],\"inLanguage\":\"fr-FR\",\"potentialAction\":[{\"@type\":\"CommentAction\",\"name\":\"Comment\",\"target\":[\"https:\\\/\\\/www.renouvelle.be\\\/fr\\\/photovoltaique-les-professionnels-doivent-desormais-financer-le-recyclage-a\\\/#respond\"]}]},{\"@type\":\"WebPage\",\"@id\":\"https:\\\/\\\/www.renouvelle.be\\\/fr\\\/photovoltaique-les-professionnels-doivent-desormais-financer-le-recyclage-a\\\/\",\"url\":\"https:\\\/\\\/www.renouvelle.be\\\/fr\\\/photovoltaique-les-professionnels-doivent-desormais-financer-le-recyclage-a\\\/\",\"name\":\"Photovolta\u00efque : Les professionnels doivent d\u00e9sormais financer le recyclage \u00e0 Bruxelles - Renouvelle\",\"isPartOf\":{\"@id\":\"https:\\\/\\\/www.renouvelle.be\\\/fr\\\/#website\"},\"primaryImageOfPage\":{\"@id\":\"https:\\\/\\\/www.renouvelle.be\\\/fr\\\/photovoltaique-les-professionnels-doivent-desormais-financer-le-recyclage-a\\\/#primaryimage\"},\"image\":{\"@id\":\"https:\\\/\\\/www.renouvelle.be\\\/fr\\\/photovoltaique-les-professionnels-doivent-desormais-financer-le-recyclage-a\\\/#primaryimage\"},\"thumbnailUrl\":\"https:\\\/\\\/www.renouvelle.be\\\/wp-content\\\/uploads\\\/2021\\\/02\\\/pv-cycle1.png\",\"datePublished\":\"2020-05-25T09:49:29+00:00\",\"dateModified\":\"2023-07-10T21:37:28+00:00\",\"author\":{\"@id\":\"https:\\\/\\\/www.renouvelle.be\\\/fr\\\/#\\\/schema\\\/person\\\/01fbe8226a07f8f3d4a1cd059b31f17a\"},\"breadcrumb\":{\"@id\":\"https:\\\/\\\/www.renouvelle.be\\\/fr\\\/photovoltaique-les-professionnels-doivent-desormais-financer-le-recyclage-a\\\/#breadcrumb\"},\"inLanguage\":\"fr-FR\",\"potentialAction\":[{\"@type\":\"ReadAction\",\"target\":[\"https:\\\/\\\/www.renouvelle.be\\\/fr\\\/photovoltaique-les-professionnels-doivent-desormais-financer-le-recyclage-a\\\/\"]}]},{\"@type\":\"ImageObject\",\"inLanguage\":\"fr-FR\",\"@id\":\"https:\\\/\\\/www.renouvelle.be\\\/fr\\\/photovoltaique-les-professionnels-doivent-desormais-financer-le-recyclage-a\\\/#primaryimage\",\"url\":\"https:\\\/\\\/www.renouvelle.be\\\/wp-content\\\/uploads\\\/2021\\\/02\\\/pv-cycle1.png\",\"contentUrl\":\"https:\\\/\\\/www.renouvelle.be\\\/wp-content\\\/uploads\\\/2021\\\/02\\\/pv-cycle1.png\",\"width\":580,\"height\":315},{\"@type\":\"BreadcrumbList\",\"@id\":\"https:\\\/\\\/www.renouvelle.be\\\/fr\\\/photovoltaique-les-professionnels-doivent-desormais-financer-le-recyclage-a\\\/#breadcrumb\",\"itemListElement\":[{\"@type\":\"ListItem\",\"position\":1,\"name\":\"Accueil\",\"item\":\"https:\\\/\\\/www.renouvelle.be\\\/fr\\\/\"},{\"@type\":\"ListItem\",\"position\":2,\"name\":\"Photovolta\u00efque : Les professionnels doivent d\u00e9sormais financer le recyclage \u00e0 Bruxelles\"}]},{\"@type\":\"WebSite\",\"@id\":\"https:\\\/\\\/www.renouvelle.be\\\/fr\\\/#website\",\"url\":\"https:\\\/\\\/www.renouvelle.be\\\/fr\\\/\",\"name\":\"Renouvelle\",\"description\":\"L&#039;actualit\u00e9 de l&#039;\u00e9nergie durable\",\"potentialAction\":[{\"@type\":\"SearchAction\",\"target\":{\"@type\":\"EntryPoint\",\"urlTemplate\":\"https:\\\/\\\/www.renouvelle.be\\\/fr\\\/?s={search_term_string}\"},\"query-input\":{\"@type\":\"PropertyValueSpecification\",\"valueRequired\":true,\"valueName\":\"search_term_string\"}}],\"inLanguage\":\"fr-FR\"},{\"@type\":\"Person\",\"@id\":\"https:\\\/\\\/www.renouvelle.be\\\/fr\\\/#\\\/schema\\\/person\\\/01fbe8226a07f8f3d4a1cd059b31f17a\",\"name\":\"Energie Commune\",\"url\":\"https:\\\/\\\/www.renouvelle.be\\\/fr\\\/author\\\/apere\\\/\"}]}<\/script>\n<!-- \/ Yoast SEO plugin. -->","yoast_head_json":{"title":"Photovolta\u00efque : Les professionnels doivent d\u00e9sormais financer le recyclage \u00e0 Bruxelles - Renouvelle","robots":{"index":"index","follow":"follow","max-snippet":"max-snippet:-1","max-image-preview":"max-image-preview:large","max-video-preview":"max-video-preview:-1"},"canonical":"https:\/\/www.renouvelle.be\/fr\/photovoltaique-les-professionnels-doivent-desormais-financer-le-recyclage-a\/","og_locale":"fr_FR","og_type":"article","og_title":"Photovolta\u00efque : Les professionnels doivent d\u00e9sormais financer le recyclage \u00e0 Bruxelles - Renouvelle","og_description":"En Europe, la fili\u00e8re photovolta\u00efque a b\u00e9n\u00e9fici\u00e9 d\u00e8s son essor d\u2019un contexte l\u00e9gislatif important en mati\u00e8re de gestion des d\u00e9chets. D\u00e8s 2007, une association europ\u00e9enne \u2013 PVCYCLE &#8211; est n\u00e9e afin de pr\u00e9voir la gestion optimale des d\u00e9chets qui seront g\u00e9n\u00e9r\u00e9s par les syst\u00e8mes photovolta\u00efques apr\u00e8s 25 ans de bons et loyaux services.&nbsp; Cette association est le fer de lance de la fili\u00e8re de collecte et de recyclage photovolta\u00efque qui, si elle reste confidentielle aujourd\u2019hui en Belgique (environ 10.000 tonnes par an), constituera une r\u00e9elle activit\u00e9 \u00e0 partir de 2025\/2030 : on parle de plus de 130.000 tonnes par an (lire notre article Quelle fin de vie durable pour les panneaux photovolta\u00efques ?). Au niveau l\u00e9gislatif, la directive DEEE (Directive pour les D\u00e9chets d&rsquo;\u00c9quipements \u00c9lectriques et \u00c9lectroniques) int\u00e8gre les panneaux photovolta\u00efques depuis 2012. Selon cette directive, chaque fabricant\/importateur et installateur de panneaux photovolta\u00efques a l\u2019obligation l\u00e9gale de d\u00e9clarer le nombre de panneaux mis sur le march\u00e9 et d\u2019assurer la collecte et le recyclage des panneaux usag\u00e9s. Cette directive doit \u00eatre transpos\u00e9e dans le droit national ou r\u00e9gional &#8211; comme en&nbsp;Belgique. La Flandre l\u2019a adapt\u00e9e d\u00e8s 2016. C\u2019est \u00e0 pr\u00e9sent au tour de la R\u00e9gion bruxelloise :&nbsp;&nbsp; Du 1er janvier au 30 juin 2020, quiconque mettant sur le march\u00e9 des panneaux photovolta\u00efques sur le territoire de la R\u00e9gion Bruxelles-Capitale doit s\u2019enregistrer&nbsp;aupr\u00e8s de PV CYCLE BELGIUM et d\u00e9clarer apr\u00e8s le premier et le deuxi\u00e8me trimestre, le nombre de panneaux vendus. \u00c0 partir du 1er juillet 2020, quiconque mettant sur le march\u00e9 des panneaux photovolta\u00efques sur le territoire de la R\u00e9gion Bruxelles-Capitale devra en plus facturer la contribution environnementale photovolta\u00efque au suivant dans la boucle jusqu&rsquo;au client final. Cette contribution environnementale permet de financer et garantir la collecte et le traitement des panneaux &hellip; Continue reading \"Photovolta\u00efque : Les professionnels doivent d\u00e9sormais financer le recyclage \u00e0 Bruxelles\"","og_url":"https:\/\/www.renouvelle.be\/fr\/photovoltaique-les-professionnels-doivent-desormais-financer-le-recyclage-a\/","og_site_name":"Renouvelle","article_published_time":"2020-05-25T09:49:29+00:00","article_modified_time":"2023-07-10T21:37:28+00:00","og_image":[{"width":580,"height":315,"url":"https:\/\/www.renouvelle.be\/wp-content\/uploads\/2021\/02\/pv-cycle1.png","type":"image\/png"}],"author":"Energie Commune","twitter_card":"summary_large_image","schema":{"@context":"https:\/\/schema.org","@graph":[{"@type":"Article","@id":"https:\/\/www.renouvelle.be\/fr\/photovoltaique-les-professionnels-doivent-desormais-financer-le-recyclage-a\/#article","isPartOf":{"@id":"https:\/\/www.renouvelle.be\/fr\/photovoltaique-les-professionnels-doivent-desormais-financer-le-recyclage-a\/"},"author":{"name":"Energie Commune","@id":"https:\/\/www.renouvelle.be\/fr\/#\/schema\/person\/01fbe8226a07f8f3d4a1cd059b31f17a"},"headline":"Photovolta\u00efque : Les professionnels doivent d\u00e9sormais financer le recyclage \u00e0 Bruxelles","datePublished":"2020-05-25T09:49:29+00:00","dateModified":"2023-07-10T21:37:28+00:00","mainEntityOfPage":{"@id":"https:\/\/www.renouvelle.be\/fr\/photovoltaique-les-professionnels-doivent-desormais-financer-le-recyclage-a\/"},"wordCount":584,"commentCount":0,"image":{"@id":"https:\/\/www.renouvelle.be\/fr\/photovoltaique-les-professionnels-doivent-desormais-financer-le-recyclage-a\/#primaryimage"},"thumbnailUrl":"https:\/\/www.renouvelle.be\/wp-content\/uploads\/2021\/02\/pv-cycle1.png","articleSection":["Actualit\u00e9 en Belgique"],"inLanguage":"fr-FR","potentialAction":[{"@type":"CommentAction","name":"Comment","target":["https:\/\/www.renouvelle.be\/fr\/photovoltaique-les-professionnels-doivent-desormais-financer-le-recyclage-a\/#respond"]}]},{"@type":"WebPage","@id":"https:\/\/www.renouvelle.be\/fr\/photovoltaique-les-professionnels-doivent-desormais-financer-le-recyclage-a\/","url":"https:\/\/www.renouvelle.be\/fr\/photovoltaique-les-professionnels-doivent-desormais-financer-le-recyclage-a\/","name":"Photovolta\u00efque : Les professionnels doivent d\u00e9sormais financer le recyclage \u00e0 Bruxelles - Renouvelle","isPartOf":{"@id":"https:\/\/www.renouvelle.be\/fr\/#website"},"primaryImageOfPage":{"@id":"https:\/\/www.renouvelle.be\/fr\/photovoltaique-les-professionnels-doivent-desormais-financer-le-recyclage-a\/#primaryimage"},"image":{"@id":"https:\/\/www.renouvelle.be\/fr\/photovoltaique-les-professionnels-doivent-desormais-financer-le-recyclage-a\/#primaryimage"},"thumbnailUrl":"https:\/\/www.renouvelle.be\/wp-content\/uploads\/2021\/02\/pv-cycle1.png","datePublished":"2020-05-25T09:49:29+00:00","dateModified":"2023-07-10T21:37:28+00:00","author":{"@id":"https:\/\/www.renouvelle.be\/fr\/#\/schema\/person\/01fbe8226a07f8f3d4a1cd059b31f17a"},"breadcrumb":{"@id":"https:\/\/www.renouvelle.be\/fr\/photovoltaique-les-professionnels-doivent-desormais-financer-le-recyclage-a\/#breadcrumb"},"inLanguage":"fr-FR","potentialAction":[{"@type":"ReadAction","target":["https:\/\/www.renouvelle.be\/fr\/photovoltaique-les-professionnels-doivent-desormais-financer-le-recyclage-a\/"]}]},{"@type":"ImageObject","inLanguage":"fr-FR","@id":"https:\/\/www.renouvelle.be\/fr\/photovoltaique-les-professionnels-doivent-desormais-financer-le-recyclage-a\/#primaryimage","url":"https:\/\/www.renouvelle.be\/wp-content\/uploads\/2021\/02\/pv-cycle1.png","contentUrl":"https:\/\/www.renouvelle.be\/wp-content\/uploads\/2021\/02\/pv-cycle1.png","width":580,"height":315},{"@type":"BreadcrumbList","@id":"https:\/\/www.renouvelle.be\/fr\/photovoltaique-les-professionnels-doivent-desormais-financer-le-recyclage-a\/#breadcrumb","itemListElement":[{"@type":"ListItem","position":1,"name":"Accueil","item":"https:\/\/www.renouvelle.be\/fr\/"},{"@type":"ListItem","position":2,"name":"Photovolta\u00efque : Les professionnels doivent d\u00e9sormais financer le recyclage \u00e0 Bruxelles"}]},{"@type":"WebSite","@id":"https:\/\/www.renouvelle.be\/fr\/#website","url":"https:\/\/www.renouvelle.be\/fr\/","name":"Renouvelle","description":"L&#039;actualit\u00e9 de l&#039;\u00e9nergie durable","potentialAction":[{"@type":"SearchAction","target":{"@type":"EntryPoint","urlTemplate":"https:\/\/www.renouvelle.be\/fr\/?s={search_term_string}"},"query-input":{"@type":"PropertyValueSpecification","valueRequired":true,"valueName":"search_term_string"}}],"inLanguage":"fr-FR"},{"@type":"Person","@id":"https:\/\/www.renouvelle.be\/fr\/#\/schema\/person\/01fbe8226a07f8f3d4a1cd059b31f17a","name":"Energie Commune","url":"https:\/\/www.renouvelle.be\/fr\/author\/apere\/"}]}},"_links":{"self":[{"href":"https:\/\/www.renouvelle.be\/fr\/wp-json\/wp\/v2\/posts\/3855","targetHints":{"allow":["GET"]}}],"collection":[{"href":"https:\/\/www.renouvelle.be\/fr\/wp-json\/wp\/v2\/posts"}],"about":[{"href":"https:\/\/www.renouvelle.be\/fr\/wp-json\/wp\/v2\/types\/post"}],"author":[{"embeddable":true,"href":"https:\/\/www.renouvelle.be\/fr\/wp-json\/wp\/v2\/users\/3"}],"replies":[{"embeddable":true,"href":"https:\/\/www.renouvelle.be\/fr\/wp-json\/wp\/v2\/comments?post=3855"}],"version-history":[{"count":3,"href":"https:\/\/www.renouvelle.be\/fr\/wp-json\/wp\/v2\/posts\/3855\/revisions"}],"predecessor-version":[{"id":10169,"href":"https:\/\/www.renouvelle.be\/fr\/wp-json\/wp\/v2\/posts\/3855\/revisions\/10169"}],"wp:featuredmedia":[{"embeddable":true,"href":"https:\/\/www.renouvelle.be\/fr\/wp-json\/wp\/v2\/media\/4715"}],"wp:attachment":[{"href":"https:\/\/www.renouvelle.be\/fr\/wp-json\/wp\/v2\/media?parent=3855"}],"wp:term":[{"taxonomy":"category","embeddable":true,"href":"https:\/\/www.renouvelle.be\/fr\/wp-json\/wp\/v2\/categories?post=3855"},{"taxonomy":"post_tag","embeddable":true,"href":"https:\/\/www.renouvelle.be\/fr\/wp-json\/wp\/v2\/tags?post=3855"},{"taxonomy":"section","embeddable":true,"href":"https:\/\/www.renouvelle.be\/fr\/wp-json\/wp\/v2\/section?post=3855"}],"curies":[{"name":"wp","href":"https:\/\/api.w.org\/{rel}","templated":true}]}}