{"id":3847,"date":"2020-05-08T08:28:17","date_gmt":"2020-05-08T08:28:17","guid":{"rendered":""},"modified":"2023-06-09T17:10:49","modified_gmt":"2023-06-09T15:10:49","slug":"jinstalle-des-panneaux-photovoltaiques-sans-rien-dire-a-malin-malin-et-demi","status":"publish","type":"post","link":"https:\/\/www.renouvelle.be\/fr\/jinstalle-des-panneaux-photovoltaiques-sans-rien-dire-a-malin-malin-et-demi\/","title":{"rendered":"\u00ab J\u2019installe des panneaux photovolta\u00efques sans rien dire \u00bb :  A malin, malin et demi\u202f!"},"content":{"rendered":"<p>En Wallonie, la saga du tarif prosumer a connu de nombreux rebondissements politiques depuis quasi 8 ans et ce n\u2019est sans doute pas fini. Nous suivons ce dossier de pr\u00e8s mais nous ne publions que les informations que nous estimons utiles et pertinentes sur le long terme.&nbsp;<\/p>\n<p>A ce stade, le Gouvernement wallon annonce l\u2019entr\u00e9e en vigueur du tarif prosumer au 1er octobre 2020, le temps de mettre en \u0153uvre des mesures d\u2019accompagnement : compensation directe, prime, &#8230; (lire ce <a href=\"https:\/\/gouvernement.wallonie.be\/files\/%255BCP%255D%20-%20Prosumers%20-%20le%20Gouvernement%20de%20Wallonie%20s%e2%80%99accorde%20sur%20une%20solution%20qui%20acce%cc%81le%cc%80re%20la%20transition%20e%cc%81nerge%cc%81tique.pdf\" target=\"_blank\" rel=\"noopener\">communiqu\u00e9<\/a>).&nbsp;<\/p>\n<p>Sur le fond, ces mesures compensatoires risquent de susciter un d\u00e9bat politique, car elles seraient financ\u00e9es par l\u2019ensemble des consommateurs d\u2019\u00e9lectricit\u00e9.&nbsp;<\/p>\n<p>Or le tarif prosumer vise pr\u00e9cis\u00e9ment \u00e0 r\u00e9tablir une \u00e9quit\u00e9 entre tous les consommateurs wallons.&nbsp;<\/p>\n<p>Des rebondissements sont donc encore possibles.&nbsp;<\/p>\n<p>&nbsp;<\/p>\n<h2>Un tarif \u00e9quitable&nbsp;<\/h2>\n<p>&nbsp;<\/p>\n<p>La CWaPE le r\u00e9p\u00e8te : le principe de ce tarif est une question de solidarit\u00e9 et d\u2019\u00e9quit\u00e9 entre tous les usagers du r\u00e9seau \u00e9lectrique.&nbsp;<\/p>\n<p>Jusqu&rsquo;\u00e0 pr\u00e9sent, les prosumers r\u00e9sidentiels (basse-tension) ne contribuaient pas aux co\u00fbts du r\u00e9seau (le compteur tournant \u00e0 l\u2019envers), alors qu\u2019ils utilisent le r\u00e9seau lorsqu\u2019ils consomment de l\u2019\u00e9lectricit\u00e9 \u00e0 un moment o\u00f9 leur installation photovolta\u00efque ne produit pas ou pas assez d\u2019\u00e9nergie.&nbsp;&nbsp;<\/p>\n<p>Ce principe de \u00ab compensation \u00bb vise \u00e0 encourager \u00e9conomiquement des citoyens \u00e0 faire un acte qui est bon pour l\u2019environnement et diminue l\u00e9g\u00e8rement certains co\u00fbts du r\u00e9seau. En effet, les b\u00e9n\u00e9fices des \u00e9missions de CO2 \u00e9vit\u00e9es, de m\u00eame que la diminution des pertes du r\u00e9seau et leur compensation li\u00e9e \u00e0 l\u2019injection solaire, profitent \u00e0 tout le monde.&nbsp;<\/p>\n<p>Mais \u00e9tant donn\u00e9 que les co\u00fbts globaux du r\u00e9seaux (ainsi que de nombreuses autres taxes) sont financ\u00e9s directement par les tarifs de pr\u00e9l\u00e8vement de l\u2019\u00e9lectricit\u00e9, le co\u00fbt du r\u00e9seau est m\u00e9caniquement port\u00e9 par moins de consommateurs, entre-autre lesm\u00e9nages qui ne poss\u00e8dent pas de panneaux photovolta\u00efques, ce qui a \u00e9t\u00e9 consid\u00e9r\u00e9 comme discriminatoire par la cour de justice de Li\u00e8ge, et est un avis partag\u00e9 par la CWaPE.&nbsp;&nbsp;<\/p>\n<p>Le tarif prosumer vise donc \u00e0 r\u00e9tablir une \u00e9quit\u00e9 entre des consommateurs r\u00e9sidentiels basse tension, les prosumers n\u2019\u00e9tant pas l\u00e9galement identifi\u00e9s comme diff\u00e9rents des consommateurs \u00ab normaux \u00bb.&nbsp;&nbsp;<\/p>\n<p>Notons que d\u2019autres cat\u00e9gories de consommateurs, l\u00e9galement identifi\u00e9s comme diff\u00e9rents (gros consommateurs industriels en haute ou moyenne tension par exemple), ne contribuent pas de la m\u00eame mani\u00e8re que le consommateur r\u00e9sidentiel aux frais du r\u00e9seau. Ils b\u00e9n\u00e9ficient de tarifs moindre, justifi\u00e9s comme soutien \u00e0 l\u2019\u00e9conomie, et payent donc moins pour le r\u00e9seau.<\/p>\n<p>Par ailleurs, malgr\u00e9 les inqui\u00e9tudes de certains prosumers r\u00e9sidentiels, un investissement photovolta\u00efque reste int\u00e9ressant m\u00eame avec ce tarif prosumer (lire notre article <a href=\"https:\/\/www.renouvelle.be\/fr\/actualite-belgique\/photovoltaique-en-wallonie-calculez-la-rentabilite-de-votre-installation-avec-le\">Photovolta\u00efque en Wallonie : calculez la rentabilit\u00e9 de votre installation, avec le tarif prosumer<\/a>).&nbsp;<\/p>\n<p>Mais cette saga politique a contribu\u00e9 \u00e0 amplifier les inqui\u00e9tudes des prosumers, au lieu d\u2019expliquer les enjeux d\u2019\u00e9quit\u00e9, de pr\u00e9senter une vision d\u2019avenir et de les rassurer sur la rentabilit\u00e9 de leur investissement.&nbsp;<\/p>\n<p>Dans ce contexte et selon plusieurs \u00e9chos du terrain, nous avons pris connaissance de personnes qui envisagent d\u2019installer du photovolta\u00efque sur leur toit, sans le d\u00e9clarer, en esp\u00e9rant \u00e9viter ledit tarif prosumer.&nbsp;<\/p>\n<p>Nous avons contact\u00e9 la CWaPE ainsi que des gestionnaires de r\u00e9seau de distribution (GRD) pour conna\u00eetre les risques de tels comportements. Il en ressort que les prosumers non-d\u00e9clar\u00e9s encourent de nombreuses sanctions et se feront toujours pincer.&nbsp;<\/p>\n<p>&nbsp;<\/p>\n<h2>Un contrevenant se fera toujours pincer&nbsp;<\/h2>\n<p>&nbsp;<\/p>\n<p><img decoding=\"async\" alt=\"\" src=\"\/wp-content\/uploads\/2021\/02\/post\/menteur.jpg\" style=\"width: 580px; height: 580px;\"><\/p>\n<p>Voici en d\u00e9tail ce \u00e0 quoi ils s\u2019exposent :&nbsp;<\/p>\n<p>Tout d\u2019abord, il convient de constater que, ne pas d\u00e9clarer son installation de production est une infraction \u00e0 la prescription C10\/11 de Synergrid et d\u00e8s lors une entorse au r\u00e8glement technique pouvant mener \u00e0 la <strong>suspension de l\u2019acc\u00e8s au r\u00e9seau<\/strong> de distribution pour l\u2019utilisateur. Cette prescription est connue de tous les installateurs. En premier lieu, elle a pour but d\u2019assurer la s\u00e9curit\u00e9 du personnel travaillant sur le r\u00e9seau, mais elle facilite \u00e9galement une bonne gestion de celui-ci (entre autres la pr\u00e9vention des surtensions).&nbsp;<\/p>\n<p>De mani\u00e8re plus g\u00e9n\u00e9rale, les Arr\u00eat\u00e9s du Gouvernement wallon relatifs aux obligations de service public pr\u00e9voient, en cas de fraude, la coupure du point d\u2019acc\u00e8s \u00ab le temps n\u00e9cessaire \u00e0 la r\u00e9gularisation de la situation, en ce compris le <strong>remboursement de la dette \u00e9ventuelle<\/strong> r\u00e9sultant de la fraude, <strong>des frais<\/strong> de suspension de la fourniture et des frais encourus lors de son r\u00e9tablissement \u00bb.&nbsp;&nbsp;<\/p>\n<p>La CWaPE consid\u00e8re en effet que toute dissimulation ou d\u00e9claration inexacte ou incompl\u00e8te destin\u00e9e \u00e0 \u00e9luder tout ou partie de sa facture d\u2019\u00e9lectricit\u00e9 (faux index, non d\u00e9claration d\u2019une installation de production, \u2026) rel\u00e8ve de la fraude et peut \u00eatre sanctionn\u00e9 par une <strong>coupure<\/strong>.<\/p>\n<p>En outre, toujours selon le r\u00e9gulateur, l\u2019article 54 du d\u00e9cret du 12 avril 2001 relatif \u00e0 l\u2019organisation du march\u00e9 r\u00e9gional de l\u2019\u00e9lectricit\u00e9 pr\u00e9voit que \u00ab Les dispositions des articles 523 et 525 du Code p\u00e9nal sont respectivement applicables aux faits de destruction partielle ou totale des infrastructures de production, transport local, distribution et d&rsquo;utilisation de l&rsquo;\u00e9lectricit\u00e9 et aux faits d&#8217;emp\u00eachement ou d&rsquo;atteinte volontaire \u00e0 la transmission de l&rsquo;\u00e9lectricit\u00e9 sur les r\u00e9seaux. Ceux qui, par d\u00e9faut de pr\u00e9caution, auront involontairement d\u00e9truit ou d\u00e9grad\u00e9 des infrastructures de production, transformation, transport local, distribution et d&rsquo;utilisation de l&rsquo;\u00e9lectricit\u00e9, emp\u00each\u00e9 ou entrav\u00e9 la transmission d&rsquo;\u00e9lectricit\u00e9 sur le r\u00e9seau, seront punis des peines indiqu\u00e9es \u00e0 l&rsquo;article 563 du Code p\u00e9nal \u00bb.&nbsp;&nbsp;<\/p>\n<p>Ainsi, si l\u2019absence de d\u00e9claration devait aboutir \u00e0 un dommage sur le r\u00e9seau, il pourrait y avoir poursuites au p\u00e9nal. Il en irait de m\u00eame en cas de blessures involontairement caus\u00e9es \u00e0 un agent du gestionnaire de r\u00e9seau ignorant l\u2019existence de l\u2019installation au moment de son intervention (article 418 et suivants du Code p\u00e9nal visant l\u2019homicide ou les l\u00e9sions involontaires).&nbsp;<\/p>\n<p>De plus, la CWaPE pourra <strong>appliquer le tarif prosumer de mani\u00e8re r\u00e9troactive<\/strong> et l&rsquo;accompagner de mesures voire de <strong>sanctions compl\u00e9mentaires<\/strong> dissuadant de tels comportements.&nbsp;<\/p>\n<p>Du c\u00f4t\u00e9 des GRD , ceux-ci estiment qu\u2019ils finiront toujours par prendre connaissance de l\u2019installation photovolta\u00efque non-d\u00e9clar\u00e9e lors de la rel\u00e8ve de l\u2019index. Ce m\u00e9nage pourra alors :&nbsp;<\/p>\n<ul>\n<li>Soit d\u00e9montrer qu\u2019il avait fait les d\u00e9marches vers le GRD, auquel cas le GRD lui comptera la compensation depuis la mise en service de son installation ;&nbsp;<\/li>\n<li>\n\tSoit avouer qu\u2019il ne s\u2019\u00e9tait pas enregistr\u00e9 aupr\u00e8s du GRD, auquel cas il sera factur\u00e9 sur base d\u2019une estimation jusqu\u2019\u00e0 ce qu\u2019il se r\u00e9gularise.&nbsp;<\/li>\n<\/ul>\n<p>&nbsp;Au final, le contrevenant risque de <strong>perde le b\u00e9n\u00e9fice du m\u00e9canisme de compensation<\/strong> entre le d\u00e9but de sa production et sa premi\u00e8re rel\u00e8ve d\u2019index.&nbsp;<\/p>\n<p>&nbsp;<\/p>\n<p>&nbsp;&nbsp;<\/p>\n","protected":false},"excerpt":{"rendered":"<p>En Wallonie, la saga du tarif prosumer a connu de nombreux rebondissements politiques depuis quasi 8 ans et ce n\u2019est sans doute pas fini. Nous suivons ce dossier de pr\u00e8s mais nous ne publions que les informations que nous estimons utiles et pertinentes sur le long terme.&nbsp; A ce stade, le Gouvernement wallon annonce l\u2019entr\u00e9e en vigueur du tarif prosumer au 1er octobre 2020, le temps de mettre en \u0153uvre des mesures d\u2019accompagnement : compensation directe, prime, &#8230; (lire ce communiqu\u00e9).&nbsp; Sur le fond, ces mesures compensatoires risquent de susciter un d\u00e9bat politique, car elles seraient financ\u00e9es par l\u2019ensemble des consommateurs d\u2019\u00e9lectricit\u00e9.&nbsp; Or le tarif prosumer vise pr\u00e9cis\u00e9ment \u00e0 r\u00e9tablir une \u00e9quit\u00e9 entre tous les consommateurs wallons.&nbsp; Des rebondissements sont donc encore possibles.&nbsp; &nbsp; Un tarif \u00e9quitable&nbsp; &nbsp; La CWaPE le r\u00e9p\u00e8te : le principe de ce tarif est une question de solidarit\u00e9 et d\u2019\u00e9quit\u00e9 entre tous les usagers du r\u00e9seau \u00e9lectrique.&nbsp; Jusqu&rsquo;\u00e0 pr\u00e9sent, les prosumers r\u00e9sidentiels (basse-tension) ne contribuaient pas aux co\u00fbts du r\u00e9seau (le compteur tournant \u00e0 l\u2019envers), alors qu\u2019ils utilisent le r\u00e9seau lorsqu\u2019ils consomment de l\u2019\u00e9lectricit\u00e9 \u00e0 un moment o\u00f9 leur installation photovolta\u00efque ne produit pas ou pas assez d\u2019\u00e9nergie.&nbsp;&nbsp; Ce principe de \u00ab compensation \u00bb vise \u00e0 encourager \u00e9conomiquement des citoyens \u00e0 faire un acte qui est bon pour l\u2019environnement et diminue l\u00e9g\u00e8rement certains co\u00fbts du r\u00e9seau. En effet, les b\u00e9n\u00e9fices des \u00e9missions de CO2 \u00e9vit\u00e9es, de m\u00eame que la diminution des pertes du r\u00e9seau et leur compensation li\u00e9e \u00e0 l\u2019injection solaire, profitent \u00e0 tout le monde.&nbsp; Mais \u00e9tant donn\u00e9 que les co\u00fbts globaux du r\u00e9seaux (ainsi que de nombreuses autres taxes) sont financ\u00e9s directement par les tarifs de pr\u00e9l\u00e8vement de l\u2019\u00e9lectricit\u00e9, le co\u00fbt du r\u00e9seau est m\u00e9caniquement port\u00e9 par moins de consommateurs, entre-autre lesm\u00e9nages qui &hellip; <a href=\"https:\/\/www.renouvelle.be\/fr\/jinstalle-des-panneaux-photovoltaiques-sans-rien-dire-a-malin-malin-et-demi\/\" class=\"more-link\">Continue reading<span class=\"screen-reader-text\"> \u00ab\u00a0\u00ab J\u2019installe des panneaux photovolta\u00efques sans rien dire \u00bb :  A malin, malin et demi\u202f!\u00a0\u00bb<\/span><\/a><\/p>\n","protected":false},"author":3,"featured_media":4388,"comment_status":"open","ping_status":"open","sticky":false,"template":"","format":"standard","meta":{"_acf_changed":false,"footnotes":""},"categories":[17],"tags":[],"section":[13],"class_list":["post-3847","post","type-post","status-publish","format-standard","has-post-thumbnail","hentry","category-actualite-en-belgique","section-solaire"],"acf":[],"yoast_head":"<!-- This site is optimized with the Yoast SEO plugin v27.5 - https:\/\/yoast.com\/product\/yoast-seo-wordpress\/ -->\n<title>\u00ab J\u2019installe des panneaux photovolta\u00efques sans rien dire \u00bb : A malin, malin et demi\u202f! - Renouvelle<\/title>\n<meta name=\"robots\" content=\"index, follow, max-snippet:-1, max-image-preview:large, max-video-preview:-1\" \/>\n<link rel=\"canonical\" href=\"https:\/\/www.renouvelle.be\/fr\/jinstalle-des-panneaux-photovoltaiques-sans-rien-dire-a-malin-malin-et-demi\/\" \/>\n<meta property=\"og:locale\" content=\"fr_FR\" \/>\n<meta property=\"og:type\" content=\"article\" \/>\n<meta property=\"og:title\" content=\"\u00ab J\u2019installe des panneaux photovolta\u00efques sans rien dire \u00bb : A malin, malin et demi\u202f! - Renouvelle\" \/>\n<meta property=\"og:description\" content=\"En Wallonie, la saga du tarif prosumer a connu de nombreux rebondissements politiques depuis quasi 8 ans et ce n\u2019est sans doute pas fini. Nous suivons ce dossier de pr\u00e8s mais nous ne publions que les informations que nous estimons utiles et pertinentes sur le long terme.&nbsp; A ce stade, le Gouvernement wallon annonce l\u2019entr\u00e9e en vigueur du tarif prosumer au 1er octobre 2020, le temps de mettre en \u0153uvre des mesures d\u2019accompagnement : compensation directe, prime, &#8230; (lire ce communiqu\u00e9).&nbsp; Sur le fond, ces mesures compensatoires risquent de susciter un d\u00e9bat politique, car elles seraient financ\u00e9es par l\u2019ensemble des consommateurs d\u2019\u00e9lectricit\u00e9.&nbsp; Or le tarif prosumer vise pr\u00e9cis\u00e9ment \u00e0 r\u00e9tablir une \u00e9quit\u00e9 entre tous les consommateurs wallons.&nbsp; Des rebondissements sont donc encore possibles.&nbsp; &nbsp; Un tarif \u00e9quitable&nbsp; &nbsp; La CWaPE le r\u00e9p\u00e8te : le principe de ce tarif est une question de solidarit\u00e9 et d\u2019\u00e9quit\u00e9 entre tous les usagers du r\u00e9seau \u00e9lectrique.&nbsp; Jusqu&rsquo;\u00e0 pr\u00e9sent, les prosumers r\u00e9sidentiels (basse-tension) ne contribuaient pas aux co\u00fbts du r\u00e9seau (le compteur tournant \u00e0 l\u2019envers), alors qu\u2019ils utilisent le r\u00e9seau lorsqu\u2019ils consomment de l\u2019\u00e9lectricit\u00e9 \u00e0 un moment o\u00f9 leur installation photovolta\u00efque ne produit pas ou pas assez d\u2019\u00e9nergie.&nbsp;&nbsp; Ce principe de \u00ab compensation \u00bb vise \u00e0 encourager \u00e9conomiquement des citoyens \u00e0 faire un acte qui est bon pour l\u2019environnement et diminue l\u00e9g\u00e8rement certains co\u00fbts du r\u00e9seau. En effet, les b\u00e9n\u00e9fices des \u00e9missions de CO2 \u00e9vit\u00e9es, de m\u00eame que la diminution des pertes du r\u00e9seau et leur compensation li\u00e9e \u00e0 l\u2019injection solaire, profitent \u00e0 tout le monde.&nbsp; Mais \u00e9tant donn\u00e9 que les co\u00fbts globaux du r\u00e9seaux (ainsi que de nombreuses autres taxes) sont financ\u00e9s directement par les tarifs de pr\u00e9l\u00e8vement de l\u2019\u00e9lectricit\u00e9, le co\u00fbt du r\u00e9seau est m\u00e9caniquement port\u00e9 par moins de consommateurs, entre-autre lesm\u00e9nages qui &hellip; Continue reading &quot;\u00ab J\u2019installe des panneaux photovolta\u00efques sans rien dire \u00bb : A malin, malin et demi\u202f!&quot;\" \/>\n<meta property=\"og:url\" content=\"https:\/\/www.renouvelle.be\/fr\/jinstalle-des-panneaux-photovoltaiques-sans-rien-dire-a-malin-malin-et-demi\/\" \/>\n<meta property=\"og:site_name\" content=\"Renouvelle\" \/>\n<meta property=\"article:published_time\" content=\"2020-05-08T08:28:17+00:00\" \/>\n<meta property=\"article:modified_time\" content=\"2023-06-09T15:10:49+00:00\" \/>\n<meta property=\"og:image\" content=\"https:\/\/www.renouvelle.be\/wp-content\/uploads\/2021\/02\/accord-pv.jpg\" \/>\n\t<meta property=\"og:image:width\" content=\"580\" \/>\n\t<meta property=\"og:image:height\" content=\"295\" \/>\n\t<meta property=\"og:image:type\" content=\"image\/jpeg\" \/>\n<meta name=\"author\" content=\"Energie Commune\" \/>\n<meta name=\"twitter:card\" content=\"summary_large_image\" \/>\n<script type=\"application\/ld+json\" class=\"yoast-schema-graph\">{\"@context\":\"https:\\\/\\\/schema.org\",\"@graph\":[{\"@type\":\"Article\",\"@id\":\"https:\\\/\\\/www.renouvelle.be\\\/fr\\\/jinstalle-des-panneaux-photovoltaiques-sans-rien-dire-a-malin-malin-et-demi\\\/#article\",\"isPartOf\":{\"@id\":\"https:\\\/\\\/www.renouvelle.be\\\/fr\\\/jinstalle-des-panneaux-photovoltaiques-sans-rien-dire-a-malin-malin-et-demi\\\/\"},\"author\":{\"name\":\"Energie Commune\",\"@id\":\"https:\\\/\\\/www.renouvelle.be\\\/fr\\\/#\\\/schema\\\/person\\\/01fbe8226a07f8f3d4a1cd059b31f17a\"},\"headline\":\"\u00ab J\u2019installe des panneaux photovolta\u00efques sans rien dire \u00bb : A malin, malin et demi\u202f!\",\"datePublished\":\"2020-05-08T08:28:17+00:00\",\"dateModified\":\"2023-06-09T15:10:49+00:00\",\"mainEntityOfPage\":{\"@id\":\"https:\\\/\\\/www.renouvelle.be\\\/fr\\\/jinstalle-des-panneaux-photovoltaiques-sans-rien-dire-a-malin-malin-et-demi\\\/\"},\"wordCount\":1242,\"commentCount\":0,\"image\":{\"@id\":\"https:\\\/\\\/www.renouvelle.be\\\/fr\\\/jinstalle-des-panneaux-photovoltaiques-sans-rien-dire-a-malin-malin-et-demi\\\/#primaryimage\"},\"thumbnailUrl\":\"https:\\\/\\\/www.renouvelle.be\\\/wp-content\\\/uploads\\\/2021\\\/02\\\/accord-pv.jpg\",\"articleSection\":[\"Actualit\u00e9 en Belgique\"],\"inLanguage\":\"fr-FR\",\"potentialAction\":[{\"@type\":\"CommentAction\",\"name\":\"Comment\",\"target\":[\"https:\\\/\\\/www.renouvelle.be\\\/fr\\\/jinstalle-des-panneaux-photovoltaiques-sans-rien-dire-a-malin-malin-et-demi\\\/#respond\"]}]},{\"@type\":\"WebPage\",\"@id\":\"https:\\\/\\\/www.renouvelle.be\\\/fr\\\/jinstalle-des-panneaux-photovoltaiques-sans-rien-dire-a-malin-malin-et-demi\\\/\",\"url\":\"https:\\\/\\\/www.renouvelle.be\\\/fr\\\/jinstalle-des-panneaux-photovoltaiques-sans-rien-dire-a-malin-malin-et-demi\\\/\",\"name\":\"\u00ab J\u2019installe des panneaux photovolta\u00efques sans rien dire \u00bb : A malin, malin et demi\u202f! - Renouvelle\",\"isPartOf\":{\"@id\":\"https:\\\/\\\/www.renouvelle.be\\\/fr\\\/#website\"},\"primaryImageOfPage\":{\"@id\":\"https:\\\/\\\/www.renouvelle.be\\\/fr\\\/jinstalle-des-panneaux-photovoltaiques-sans-rien-dire-a-malin-malin-et-demi\\\/#primaryimage\"},\"image\":{\"@id\":\"https:\\\/\\\/www.renouvelle.be\\\/fr\\\/jinstalle-des-panneaux-photovoltaiques-sans-rien-dire-a-malin-malin-et-demi\\\/#primaryimage\"},\"thumbnailUrl\":\"https:\\\/\\\/www.renouvelle.be\\\/wp-content\\\/uploads\\\/2021\\\/02\\\/accord-pv.jpg\",\"datePublished\":\"2020-05-08T08:28:17+00:00\",\"dateModified\":\"2023-06-09T15:10:49+00:00\",\"author\":{\"@id\":\"https:\\\/\\\/www.renouvelle.be\\\/fr\\\/#\\\/schema\\\/person\\\/01fbe8226a07f8f3d4a1cd059b31f17a\"},\"breadcrumb\":{\"@id\":\"https:\\\/\\\/www.renouvelle.be\\\/fr\\\/jinstalle-des-panneaux-photovoltaiques-sans-rien-dire-a-malin-malin-et-demi\\\/#breadcrumb\"},\"inLanguage\":\"fr-FR\",\"potentialAction\":[{\"@type\":\"ReadAction\",\"target\":[\"https:\\\/\\\/www.renouvelle.be\\\/fr\\\/jinstalle-des-panneaux-photovoltaiques-sans-rien-dire-a-malin-malin-et-demi\\\/\"]}]},{\"@type\":\"ImageObject\",\"inLanguage\":\"fr-FR\",\"@id\":\"https:\\\/\\\/www.renouvelle.be\\\/fr\\\/jinstalle-des-panneaux-photovoltaiques-sans-rien-dire-a-malin-malin-et-demi\\\/#primaryimage\",\"url\":\"https:\\\/\\\/www.renouvelle.be\\\/wp-content\\\/uploads\\\/2021\\\/02\\\/accord-pv.jpg\",\"contentUrl\":\"https:\\\/\\\/www.renouvelle.be\\\/wp-content\\\/uploads\\\/2021\\\/02\\\/accord-pv.jpg\",\"width\":580,\"height\":295},{\"@type\":\"BreadcrumbList\",\"@id\":\"https:\\\/\\\/www.renouvelle.be\\\/fr\\\/jinstalle-des-panneaux-photovoltaiques-sans-rien-dire-a-malin-malin-et-demi\\\/#breadcrumb\",\"itemListElement\":[{\"@type\":\"ListItem\",\"position\":1,\"name\":\"Accueil\",\"item\":\"https:\\\/\\\/www.renouvelle.be\\\/fr\\\/\"},{\"@type\":\"ListItem\",\"position\":2,\"name\":\"\u00ab J\u2019installe des panneaux photovolta\u00efques sans rien dire \u00bb : A malin, malin et demi\u202f!\"}]},{\"@type\":\"WebSite\",\"@id\":\"https:\\\/\\\/www.renouvelle.be\\\/fr\\\/#website\",\"url\":\"https:\\\/\\\/www.renouvelle.be\\\/fr\\\/\",\"name\":\"Renouvelle\",\"description\":\"L&#039;actualit\u00e9 de l&#039;\u00e9nergie durable\",\"potentialAction\":[{\"@type\":\"SearchAction\",\"target\":{\"@type\":\"EntryPoint\",\"urlTemplate\":\"https:\\\/\\\/www.renouvelle.be\\\/fr\\\/?s={search_term_string}\"},\"query-input\":{\"@type\":\"PropertyValueSpecification\",\"valueRequired\":true,\"valueName\":\"search_term_string\"}}],\"inLanguage\":\"fr-FR\"},{\"@type\":\"Person\",\"@id\":\"https:\\\/\\\/www.renouvelle.be\\\/fr\\\/#\\\/schema\\\/person\\\/01fbe8226a07f8f3d4a1cd059b31f17a\",\"name\":\"Energie Commune\",\"url\":\"https:\\\/\\\/www.renouvelle.be\\\/fr\\\/author\\\/apere\\\/\"}]}<\/script>\n<!-- \/ Yoast SEO plugin. -->","yoast_head_json":{"title":"\u00ab J\u2019installe des panneaux photovolta\u00efques sans rien dire \u00bb : A malin, malin et demi\u202f! - Renouvelle","robots":{"index":"index","follow":"follow","max-snippet":"max-snippet:-1","max-image-preview":"max-image-preview:large","max-video-preview":"max-video-preview:-1"},"canonical":"https:\/\/www.renouvelle.be\/fr\/jinstalle-des-panneaux-photovoltaiques-sans-rien-dire-a-malin-malin-et-demi\/","og_locale":"fr_FR","og_type":"article","og_title":"\u00ab J\u2019installe des panneaux photovolta\u00efques sans rien dire \u00bb : A malin, malin et demi\u202f! - Renouvelle","og_description":"En Wallonie, la saga du tarif prosumer a connu de nombreux rebondissements politiques depuis quasi 8 ans et ce n\u2019est sans doute pas fini. Nous suivons ce dossier de pr\u00e8s mais nous ne publions que les informations que nous estimons utiles et pertinentes sur le long terme.&nbsp; A ce stade, le Gouvernement wallon annonce l\u2019entr\u00e9e en vigueur du tarif prosumer au 1er octobre 2020, le temps de mettre en \u0153uvre des mesures d\u2019accompagnement : compensation directe, prime, &#8230; (lire ce communiqu\u00e9).&nbsp; Sur le fond, ces mesures compensatoires risquent de susciter un d\u00e9bat politique, car elles seraient financ\u00e9es par l\u2019ensemble des consommateurs d\u2019\u00e9lectricit\u00e9.&nbsp; Or le tarif prosumer vise pr\u00e9cis\u00e9ment \u00e0 r\u00e9tablir une \u00e9quit\u00e9 entre tous les consommateurs wallons.&nbsp; Des rebondissements sont donc encore possibles.&nbsp; &nbsp; Un tarif \u00e9quitable&nbsp; &nbsp; La CWaPE le r\u00e9p\u00e8te : le principe de ce tarif est une question de solidarit\u00e9 et d\u2019\u00e9quit\u00e9 entre tous les usagers du r\u00e9seau \u00e9lectrique.&nbsp; Jusqu&rsquo;\u00e0 pr\u00e9sent, les prosumers r\u00e9sidentiels (basse-tension) ne contribuaient pas aux co\u00fbts du r\u00e9seau (le compteur tournant \u00e0 l\u2019envers), alors qu\u2019ils utilisent le r\u00e9seau lorsqu\u2019ils consomment de l\u2019\u00e9lectricit\u00e9 \u00e0 un moment o\u00f9 leur installation photovolta\u00efque ne produit pas ou pas assez d\u2019\u00e9nergie.&nbsp;&nbsp; Ce principe de \u00ab compensation \u00bb vise \u00e0 encourager \u00e9conomiquement des citoyens \u00e0 faire un acte qui est bon pour l\u2019environnement et diminue l\u00e9g\u00e8rement certains co\u00fbts du r\u00e9seau. En effet, les b\u00e9n\u00e9fices des \u00e9missions de CO2 \u00e9vit\u00e9es, de m\u00eame que la diminution des pertes du r\u00e9seau et leur compensation li\u00e9e \u00e0 l\u2019injection solaire, profitent \u00e0 tout le monde.&nbsp; Mais \u00e9tant donn\u00e9 que les co\u00fbts globaux du r\u00e9seaux (ainsi que de nombreuses autres taxes) sont financ\u00e9s directement par les tarifs de pr\u00e9l\u00e8vement de l\u2019\u00e9lectricit\u00e9, le co\u00fbt du r\u00e9seau est m\u00e9caniquement port\u00e9 par moins de consommateurs, entre-autre lesm\u00e9nages qui &hellip; Continue reading \"\u00ab J\u2019installe des panneaux photovolta\u00efques sans rien dire \u00bb : A malin, malin et demi\u202f!\"","og_url":"https:\/\/www.renouvelle.be\/fr\/jinstalle-des-panneaux-photovoltaiques-sans-rien-dire-a-malin-malin-et-demi\/","og_site_name":"Renouvelle","article_published_time":"2020-05-08T08:28:17+00:00","article_modified_time":"2023-06-09T15:10:49+00:00","og_image":[{"width":580,"height":295,"url":"https:\/\/www.renouvelle.be\/wp-content\/uploads\/2021\/02\/accord-pv.jpg","type":"image\/jpeg"}],"author":"Energie Commune","twitter_card":"summary_large_image","schema":{"@context":"https:\/\/schema.org","@graph":[{"@type":"Article","@id":"https:\/\/www.renouvelle.be\/fr\/jinstalle-des-panneaux-photovoltaiques-sans-rien-dire-a-malin-malin-et-demi\/#article","isPartOf":{"@id":"https:\/\/www.renouvelle.be\/fr\/jinstalle-des-panneaux-photovoltaiques-sans-rien-dire-a-malin-malin-et-demi\/"},"author":{"name":"Energie Commune","@id":"https:\/\/www.renouvelle.be\/fr\/#\/schema\/person\/01fbe8226a07f8f3d4a1cd059b31f17a"},"headline":"\u00ab J\u2019installe des panneaux photovolta\u00efques sans rien dire \u00bb : A malin, malin et demi\u202f!","datePublished":"2020-05-08T08:28:17+00:00","dateModified":"2023-06-09T15:10:49+00:00","mainEntityOfPage":{"@id":"https:\/\/www.renouvelle.be\/fr\/jinstalle-des-panneaux-photovoltaiques-sans-rien-dire-a-malin-malin-et-demi\/"},"wordCount":1242,"commentCount":0,"image":{"@id":"https:\/\/www.renouvelle.be\/fr\/jinstalle-des-panneaux-photovoltaiques-sans-rien-dire-a-malin-malin-et-demi\/#primaryimage"},"thumbnailUrl":"https:\/\/www.renouvelle.be\/wp-content\/uploads\/2021\/02\/accord-pv.jpg","articleSection":["Actualit\u00e9 en Belgique"],"inLanguage":"fr-FR","potentialAction":[{"@type":"CommentAction","name":"Comment","target":["https:\/\/www.renouvelle.be\/fr\/jinstalle-des-panneaux-photovoltaiques-sans-rien-dire-a-malin-malin-et-demi\/#respond"]}]},{"@type":"WebPage","@id":"https:\/\/www.renouvelle.be\/fr\/jinstalle-des-panneaux-photovoltaiques-sans-rien-dire-a-malin-malin-et-demi\/","url":"https:\/\/www.renouvelle.be\/fr\/jinstalle-des-panneaux-photovoltaiques-sans-rien-dire-a-malin-malin-et-demi\/","name":"\u00ab J\u2019installe des panneaux photovolta\u00efques sans rien dire \u00bb : A malin, malin et demi\u202f! - Renouvelle","isPartOf":{"@id":"https:\/\/www.renouvelle.be\/fr\/#website"},"primaryImageOfPage":{"@id":"https:\/\/www.renouvelle.be\/fr\/jinstalle-des-panneaux-photovoltaiques-sans-rien-dire-a-malin-malin-et-demi\/#primaryimage"},"image":{"@id":"https:\/\/www.renouvelle.be\/fr\/jinstalle-des-panneaux-photovoltaiques-sans-rien-dire-a-malin-malin-et-demi\/#primaryimage"},"thumbnailUrl":"https:\/\/www.renouvelle.be\/wp-content\/uploads\/2021\/02\/accord-pv.jpg","datePublished":"2020-05-08T08:28:17+00:00","dateModified":"2023-06-09T15:10:49+00:00","author":{"@id":"https:\/\/www.renouvelle.be\/fr\/#\/schema\/person\/01fbe8226a07f8f3d4a1cd059b31f17a"},"breadcrumb":{"@id":"https:\/\/www.renouvelle.be\/fr\/jinstalle-des-panneaux-photovoltaiques-sans-rien-dire-a-malin-malin-et-demi\/#breadcrumb"},"inLanguage":"fr-FR","potentialAction":[{"@type":"ReadAction","target":["https:\/\/www.renouvelle.be\/fr\/jinstalle-des-panneaux-photovoltaiques-sans-rien-dire-a-malin-malin-et-demi\/"]}]},{"@type":"ImageObject","inLanguage":"fr-FR","@id":"https:\/\/www.renouvelle.be\/fr\/jinstalle-des-panneaux-photovoltaiques-sans-rien-dire-a-malin-malin-et-demi\/#primaryimage","url":"https:\/\/www.renouvelle.be\/wp-content\/uploads\/2021\/02\/accord-pv.jpg","contentUrl":"https:\/\/www.renouvelle.be\/wp-content\/uploads\/2021\/02\/accord-pv.jpg","width":580,"height":295},{"@type":"BreadcrumbList","@id":"https:\/\/www.renouvelle.be\/fr\/jinstalle-des-panneaux-photovoltaiques-sans-rien-dire-a-malin-malin-et-demi\/#breadcrumb","itemListElement":[{"@type":"ListItem","position":1,"name":"Accueil","item":"https:\/\/www.renouvelle.be\/fr\/"},{"@type":"ListItem","position":2,"name":"\u00ab J\u2019installe des panneaux photovolta\u00efques sans rien dire \u00bb : A malin, malin et demi\u202f!"}]},{"@type":"WebSite","@id":"https:\/\/www.renouvelle.be\/fr\/#website","url":"https:\/\/www.renouvelle.be\/fr\/","name":"Renouvelle","description":"L&#039;actualit\u00e9 de l&#039;\u00e9nergie durable","potentialAction":[{"@type":"SearchAction","target":{"@type":"EntryPoint","urlTemplate":"https:\/\/www.renouvelle.be\/fr\/?s={search_term_string}"},"query-input":{"@type":"PropertyValueSpecification","valueRequired":true,"valueName":"search_term_string"}}],"inLanguage":"fr-FR"},{"@type":"Person","@id":"https:\/\/www.renouvelle.be\/fr\/#\/schema\/person\/01fbe8226a07f8f3d4a1cd059b31f17a","name":"Energie Commune","url":"https:\/\/www.renouvelle.be\/fr\/author\/apere\/"}]}},"_links":{"self":[{"href":"https:\/\/www.renouvelle.be\/fr\/wp-json\/wp\/v2\/posts\/3847","targetHints":{"allow":["GET"]}}],"collection":[{"href":"https:\/\/www.renouvelle.be\/fr\/wp-json\/wp\/v2\/posts"}],"about":[{"href":"https:\/\/www.renouvelle.be\/fr\/wp-json\/wp\/v2\/types\/post"}],"author":[{"embeddable":true,"href":"https:\/\/www.renouvelle.be\/fr\/wp-json\/wp\/v2\/users\/3"}],"replies":[{"embeddable":true,"href":"https:\/\/www.renouvelle.be\/fr\/wp-json\/wp\/v2\/comments?post=3847"}],"version-history":[{"count":4,"href":"https:\/\/www.renouvelle.be\/fr\/wp-json\/wp\/v2\/posts\/3847\/revisions"}],"predecessor-version":[{"id":9747,"href":"https:\/\/www.renouvelle.be\/fr\/wp-json\/wp\/v2\/posts\/3847\/revisions\/9747"}],"wp:featuredmedia":[{"embeddable":true,"href":"https:\/\/www.renouvelle.be\/fr\/wp-json\/wp\/v2\/media\/4388"}],"wp:attachment":[{"href":"https:\/\/www.renouvelle.be\/fr\/wp-json\/wp\/v2\/media?parent=3847"}],"wp:term":[{"taxonomy":"category","embeddable":true,"href":"https:\/\/www.renouvelle.be\/fr\/wp-json\/wp\/v2\/categories?post=3847"},{"taxonomy":"post_tag","embeddable":true,"href":"https:\/\/www.renouvelle.be\/fr\/wp-json\/wp\/v2\/tags?post=3847"},{"taxonomy":"section","embeddable":true,"href":"https:\/\/www.renouvelle.be\/fr\/wp-json\/wp\/v2\/section?post=3847"}],"curies":[{"name":"wp","href":"https:\/\/api.w.org\/{rel}","templated":true}]}}