{"id":3840,"date":"2020-04-05T07:15:17","date_gmt":"2020-04-05T07:15:17","guid":{"rendered":""},"modified":"2021-03-04T11:38:40","modified_gmt":"2021-03-04T10:38:40","slug":"relocaliser-leconomie-les-territoires-en-question","status":"publish","type":"post","link":"https:\/\/www.renouvelle.be\/fr\/relocaliser-leconomie-les-territoires-en-question\/","title":{"rendered":"Relocaliser l&rsquo;\u00e9conomie : les territoires en question"},"content":{"rendered":"<p>Voici un an, Renouvelle posait et analysait cette question : <a href=\"https:\/\/www.renouvelle.be\/fr\/debats\/quelles-echelles-territoriales-pour-la-transition-ecologique\">Quelle(s) \u00e9chelle(s) territoriale(s) pour la transition \u00e9cologique ?<\/a><\/p>\n<p>Aujourd\u2019hui, en pleine crise sanitaire et \u00e9conomique du Covid-19, cet enjeu prend une dimension cruciale (lire par exemple cette tribune dans Le Monde : <a href=\"https:\/\/www.lemonde.fr\/idees\/article\/2020\/03\/22\/relocaliser-n-est-plus-une-option-mais-une-condition-de-survie-de-nos-systemes-economiques-et-sociaux_6034010_3232.html\" target=\"_blank\" rel=\"noopener\">\u00ab Relocaliser n\u2019est plus une option mais une condition de survie de nos syst\u00e8mes \u00e9conomiques et sociaux \u00bb<\/a>).&nbsp;<\/p>\n<p>Face \u00e0 la vuln\u00e9rabilit\u00e9 d\u2019un syst\u00e8me \u00e9conomique mondialis\u00e9, les Etats envisagent en effet de relocaliser des activit\u00e9s essentielles sur leur territoire.&nbsp;&nbsp;<\/p>\n<p>Mais quelles sont ces activit\u00e9s essentielles ? Et \u00e0 quelle \u00e9chelle territoriale doivent-elles \u00eatre relocalis\u00e9es (Europe, pays, r\u00e9gions, provinces, arrondissements, communes\u2026) ?&nbsp;&nbsp;<\/p>\n<p>A l\u2019instar du gouvernement wallon, plusieurs dirigeants ont manifest\u00e9 leur volont\u00e9, une fois l\u2019urgence sanitaire d\u00e9pass\u00e9e, d\u2019orienter le red\u00e9ploiement \u00ab vers la relocalisation d\u2019activit\u00e9s, l\u2019\u00e9conomie circulaire, les circuits courts et des premi\u00e8res concr\u00e9tisations du Plan de transition \u00bb.&nbsp;&nbsp;<\/p>\n<p>Cette approche traduit bien une prise en compte de l\u2019interd\u00e9pendance entre les choix de mod\u00e8les \u00e9conomiques, les enjeux sanitaires et la transition \u00e9cologique. Pour r\u00e9pondre aux questions ci-dessus, il s\u2019agira donc d\u2019identifier les biens et services essentiels et le territoire qui rendra la cha\u00eene d\u2019approvisionnement de chacun d\u2019eux la plus robuste et soutenable dans un contexte mondial boulevers\u00e9.&nbsp;<\/p>\n<p>&nbsp;<\/p>\n<h2>Le terme \u00ab d\u00e9mondialisation \u00bb n\u2019est plus tabou &nbsp;<\/h2>\n<p>&nbsp;<\/p>\n<p>Depuis mars 2020, la n\u00e9cessit\u00e9 d\u2019une certaine d\u00e9mondialisation, sujet pourtant encore tabou quelques semaines plus t\u00f4t, a fait irruption dans le d\u00e9bat public. Ce d\u00e9bat est actuellement, et c\u2019est bien normal, principalement centr\u00e9 sur la production de mat\u00e9riel m\u00e9dical. Mais d\u2019autres besoins pourraient rapidement devoir int\u00e9grer le c\u0153ur des discussions. La mise sous tension des chaines d\u2019approvisionnement mondialis\u00e9es par le confinement d\u2019une partie de plus en plus importante de l\u2019humanit\u00e9 cause d\u00e9j\u00e0 et causera in\u00e9vitablement des p\u00e9nuries dans le monde, notamment en mati\u00e8re d\u2019approvisionnement alimentaire (lire et visionner ce <a href=\"https:\/\/www.rtbf.be\/info\/societe\/detail_olivier-de-schutter-les-consequences-alimentaires-de-la-crise-actuelle-sont-dans-l-angle-mort?id=10479553\" target=\"_blank\" rel=\"noopener\">d\u00e9bat<\/a> sur La Premi\u00e8re).<\/p>\n<p>De plus, on peine encore \u00e0 \u00e9valuer l\u2019ampleur de la d\u00e9pression \u00e9conomique d\u00e9clench\u00e9e par la pand\u00e9mie. Mais tous les analystes s\u2019accordent maintenant pour dire qu\u2019on assiste \u00e0 du jamais vu. Dans ce contexte socio-\u00e9conomique in\u00e9dit par sa gravit\u00e9, les questions de garantie de l\u2019acc\u00e8s pour tous les citoyens \u00e0 une alimentation et un logement de qualit\u00e9, \u00e0 une \u00e9nergie abordable, aux soins de sant\u00e9, \u00e0 des v\u00eatements, et \u00e0 des loisirs doit \u00eatre pos\u00e9e.&nbsp; &nbsp;<\/p>\n<p><img decoding=\"async\" alt=\"\" src=\"\/wp-content\/uploads\/2021\/02\/post\/istock-901653474_0.jpg\" style=\"width: 580px; height: 387px;\"><\/p>\n<p><small>Dans le monde de demain, les citoyens devront notamment avoir acc\u00e8s une alimentation locale durable.&nbsp;<\/small><\/p>\n<p>&nbsp;<\/p>\n<h2>Des clivages politiques exacerb\u00e9s<\/h2>\n<h2>&nbsp;<\/h2>\n<p>Bien conscientes de ces enjeux, les banques centrales d\u00e9ploient des moyens mon\u00e9taires hors norme pour tenter de maintenir le syst\u00e8me financier mondial, tandis que les Etats du monde entier investissent des montants colossaux pour soutenir les entreprises et les m\u00e9nages, rel\u00e9guant \u00e0 un autre temps les r\u00e8gles de discipline budg\u00e9taire jusqu\u2019ici en vigueur.&nbsp; &nbsp;&nbsp;<\/p>\n<p>Mais \u00e0 quoi cet argent va-t-il \u00eatre utilis\u00e9 ? Quel mod\u00e8le de red\u00e9ploiement va-t-il soutenir dans un contexte de d\u00e9clin des ressources de stock (p\u00e9trole en t\u00eate), de r\u00e9chauffement climatique et d\u2019effondrement de la biodiversit\u00e9 ? Un vaste d\u00e9bat de soci\u00e9t\u00e9 doit \u00eatre engag\u00e9 pour r\u00e9pondre \u00e0 ces questions. Les clivages politiques traditionnels risquent de s\u2019exacerber, entre les tenants d\u2019une r\u00e9forme du syst\u00e8me pour le renforcer face \u00e0 des risques comme les pand\u00e9mies, et ceux d\u2019une transformation plus en profondeur bas\u00e9e notamment sur une relocalisation massive de pans entiers de l\u2019\u00e9conomie.&nbsp;&nbsp;<\/p>\n<p>&nbsp;<\/p>\n<h2>La notion de territoire comme outil de consensus&nbsp;<\/h2>\n<p>&nbsp;<\/p>\n<p>Pour tenter de d\u00e9passer ces clivages, il s\u2019agit tout d\u2019abord de d\u00e9finir un objectif commun partag\u00e9 par l\u2019ensemble (ou la grande majorit\u00e9) des tendances politiques. Cet objectif rassembleur pourrait se r\u00e9sumer comme suit : <strong>\u00ab Tendre vers une soci\u00e9t\u00e9 r\u00e9siliente garantissant un nouvel \u00e9quilibre \u00e9cosyst\u00e9mique et offrant \u00e0 tous une perspective de vie d\u00e9cente et digne \u00bb<\/strong>.&nbsp;<\/p>\n<p>Une fois cet objectif d\u00e9fini, libre \u00e0 chacun de proposer au d\u00e9bat sa mani\u00e8re de l\u2019atteindre. C\u2019est \u00e0 ce stade que la question des territoires pourrait aider \u00e0 prendre de la hauteur.&nbsp;&nbsp;<\/p>\n<p>En effet, selon la d\u00e9finition \u00ab animale \u00bb du terme, le territoire d\u2019un individu ou d\u2019un groupe d\u2019individus est l\u2019espace dont il tire ses moyens de subsistance. Poser la question de la r\u00e9silience \u00e0 court et moyen terme passe donc notamment par une \u00e9valuation de la vuln\u00e9rabilit\u00e9 et de l\u2019impact \u00e9cologique des processus de production et des chaines d\u2019approvisionnement, pour aboutir \u00e0 la d\u00e9finition des proc\u00e9d\u00e9s de production et d\u2019\u00e9chelle territoriale qui r\u00e9duiront cette vuln\u00e9rabilit\u00e9 et ces impacts au maximum, en tenant compte des contraintes techniques, organisationnelles, \u00e9conomiques, sociales et culturelles.<\/p>\n<p>&nbsp;<\/p>\n<h2>Alors, o\u00f9 atterrir ?&nbsp;&nbsp;<\/h2>\n<p>&nbsp;<\/p>\n<p>Le r\u00e9sultat d\u2019un tel processus consisterait en une r\u00e9organisation des activit\u00e9s et des solidarit\u00e9s humaines (et donc des comp\u00e9tences politiques) \u00e0 des \u00e9chelles territoriales variant en fonction de la th\u00e9matique trait\u00e9e pour tenter de ramener notre territoire dans les limites des ressources plan\u00e9taires&nbsp;<\/p>\n<p>Mener un changement soci\u00e9tal aussi profond s\u2019av\u00e8re pour le moins p\u00e9rilleux \u00e9tant donn\u00e9s les forces en pr\u00e9sence et le contexte culturel, social et psychologique des prochains mois.&nbsp; Il s\u2019agira de croiser les disciplines, les expertises et les politiques pour atteindre tant que faire se peut une vision syst\u00e9mique. Il s\u2019agira surtout de faire de ce processus un vecteur de reconnexion des citoyens avec leur territoire et le bien commun.&nbsp;&nbsp;<\/p>\n<p>On trouve ce type d\u2019approche dans l\u2019\u00e9tude \u00ab <a href=\"https:\/\/www.institutmomentum.org\/bioregion-ile-de-france-2050-scenario-de-linstitut-momentum\/\" target=\"_blank\" rel=\"noopener\">Bio-r\u00e9gion, Ile-de-France 2050<\/a> \u00bb r\u00e9alis\u00e9 par l\u2019Institut Momentum en 2019. Partant du constat que cette r\u00e9gion, \u00e0 bien des \u00e9gards similaire \u00e0 la Belgique, ne produit plus que 10% de ce qu\u2019elle consomme, cette \u00e9tude propose un sc\u00e9nario de transformation profonde de l\u2019am\u00e9nagement des territoires et de la vie qui pourra s\u2019y d\u00e9velopper dans un monde sans p\u00e9trole. On y parle de r\u00e9organisation administrative, de d\u00e9centralisation, de diversification, simplification et redondance des syst\u00e8mes de production et des chaines d\u2019approvisionnement, d\u2019adaptation de la consommation d\u2019\u00e9nergie \u00e0 la production, de solidarit\u00e9s rural-urbain, etc.&nbsp;<\/p>\n<p>Dans un registre plus cibl\u00e9, l\u2019\u00e9tude \u00ab <a href=\"https:\/\/www.greens-efa.eu\/legacy\/fileadmin\/dam\/Documents\/Events\/2013_10_17_Feeding_Europe\/PE-Nourrir_A4_web_22112013.pdf\" target=\"_blank\" rel=\"noopener\">Nourrir l\u2019Europe en temps de crise<\/a> \u00bb pr\u00e9sent\u00e9e par le Groupe des Verts au Parlement europ\u00e9en en 2014 peut \u00e9galement permettre de se poser les bonnes questions au moment de r\u00e9fl\u00e9chir \u00e0 notre r\u00e9silience alimentaire. Elle propose d\u2019appuyer la reconception des syst\u00e8mes alimentaires sur la d\u00e9centralisation, la diversification, la circularit\u00e9 et la coh\u00e9sion sociale selon les principes de restauration des \u00e9cosyst\u00e8mes et de conversion aux \u00e9nergies renouvelables.&nbsp;&nbsp;<\/p>\n<p>Du point de vue \u00e9nerg\u00e9tique, il s\u2019agit donc d\u2019accompagner cette recomposition du syst\u00e8me \u00e9conomique par une d\u00e9centralisation de la production \u00e0 partir de sources renouvelables dans une dynamique de circularit\u00e9 et de coh\u00e9sion sociale. Bonne nouvelle, c\u2019est exactement ce que l\u2019Europe d\u00e9sire promotionner \u00e0 travers le d\u00e9veloppement de communaut\u00e9s d\u2019\u00e9nergie renouvelable (lire notre article <a href=\"https:\/\/www.renouvelle.be\/fr\/actualite-internationale\/coronavirus-la-democratie-energetique-comme-resilience\">Coronavirus : La D\u00e9mocratie \u00e9nerg\u00e9tique comme r\u00e9silience ?<\/a>).&nbsp; &nbsp;<\/p>\n<p><img decoding=\"async\" alt=\"\" src=\"\/wp-content\/uploads\/2021\/02\/post\/webinaire.png\" style=\"width: 580px; height: 185px;\"><\/p>\n<p><small>Les communaut\u00e9s d\u2019\u00e9nergies renouvelables, qui se d\u00e9veloppent partout en Europe, permet par exemple de partager sa production photovolta\u00efque avec ses voisins. Ce mod\u00e8le offre de grandes perspectives de r\u00e9silience \u00e9conomique et de solidarit\u00e9s humaines.&nbsp;<\/small><\/p>\n<p>&nbsp;<\/p>\n<h2>Vers des plans locaux de red\u00e9ploiement r\u00e9silient ?<\/h2>\n<p>&nbsp;<\/p>\n<p>Bien que les techniques de pilotage n\u00e9cessaires \u00e0 la r\u00e9ussite d\u2019un tel atterrissage doivent encore pour beaucoup \u00eatre invent\u00e9es, il est d\u00e9j\u00e0 possible de baliser quelque peu la piste.&nbsp; &nbsp;<\/p>\n<p>Pris entre l\u2019urgence d\u2019agir et le temps n\u00e9cessaire \u00e0 l\u2019appropriation citoyenne indispensable d\u2019un tel processus, nous devons trouver un subtil \u00e9quilibre entre politiques nationales, r\u00e9gionales, supra-locales et locales.&nbsp;&nbsp;<\/p>\n<p>Aux niveaux local et supra-local, les Plans d\u2019Action pour l\u2019Energie et le Climat d\u00e9velopp\u00e9s depuis quelques ann\u00e9es par des villes et communes de Wallonie constituent assur\u00e9ment de bonnes bases de travail.&nbsp;&nbsp;<\/p>\n<p>En effet, ces Plans locaux traitent les questions d\u2019att\u00e9nuation des \u00e9missions de CO2 (donc de r\u00e9duction de la d\u00e9pendance aux \u00e9nergies fossiles) et d\u2019adaptation aux impacts du changement climatique en tenant compte de l\u2019interconnexion des enjeux environnementaux, sociaux, \u00e9conomiques, d\u00e9mocratiques et culturels (lire notre article <a href=\"https:\/\/www.renouvelle.be\/fr\/outils\/un-guide-pratique-pour-la-transition-energetique-locale\" target=\"_blank\" rel=\"noopener\">Un guide pratique pour la transition \u00e9nerg\u00e9tique locale<\/a>&nbsp;).<\/p>\n<p>A l\u2019heure de se relever de la pand\u00e9mie, les communes qui iront au bout de cette d\u00e9marche syst\u00e9mique \u00e0 travers un processus de co-construction citoyenne et une bonne coordination avec les niveaux de pouvoir sup\u00e9rieurs disposeront d\u2019un outil pr\u00e9cieux pour \u0153uvrer au red\u00e9ploiement r\u00e9silient des activit\u00e9s locales et de leur r\u00e9gion, un v\u00e9ritable \u00ab Plan local de red\u00e9ploiement r\u00e9silient \u00bb.&nbsp;&nbsp;<\/p>\n<p>&nbsp;<\/p>\n","protected":false},"excerpt":{"rendered":"<p>Voici un an, Renouvelle posait et analysait cette question : Quelle(s) \u00e9chelle(s) territoriale(s) pour la transition \u00e9cologique ? Aujourd\u2019hui, en pleine crise sanitaire et \u00e9conomique du Covid-19, cet enjeu prend une dimension cruciale (lire par exemple cette tribune dans Le Monde : \u00ab Relocaliser n\u2019est plus une option mais une condition de survie de nos syst\u00e8mes \u00e9conomiques et sociaux \u00bb).&nbsp; Face \u00e0 la vuln\u00e9rabilit\u00e9 d\u2019un syst\u00e8me \u00e9conomique mondialis\u00e9, les Etats envisagent en effet de relocaliser des activit\u00e9s essentielles sur leur territoire.&nbsp;&nbsp; Mais quelles sont ces activit\u00e9s essentielles ? Et \u00e0 quelle \u00e9chelle territoriale doivent-elles \u00eatre relocalis\u00e9es (Europe, pays, r\u00e9gions, provinces, arrondissements, communes\u2026) ?&nbsp;&nbsp; A l\u2019instar du gouvernement wallon, plusieurs dirigeants ont manifest\u00e9 leur volont\u00e9, une fois l\u2019urgence sanitaire d\u00e9pass\u00e9e, d\u2019orienter le red\u00e9ploiement \u00ab vers la relocalisation d\u2019activit\u00e9s, l\u2019\u00e9conomie circulaire, les circuits courts et des premi\u00e8res concr\u00e9tisations du Plan de transition \u00bb.&nbsp;&nbsp; Cette approche traduit bien une prise en compte de l\u2019interd\u00e9pendance entre les choix de mod\u00e8les \u00e9conomiques, les enjeux sanitaires et la transition \u00e9cologique. Pour r\u00e9pondre aux questions ci-dessus, il s\u2019agira donc d\u2019identifier les biens et services essentiels et le territoire qui rendra la cha\u00eene d\u2019approvisionnement de chacun d\u2019eux la plus robuste et soutenable dans un contexte mondial boulevers\u00e9.&nbsp; &nbsp; Le terme \u00ab d\u00e9mondialisation \u00bb n\u2019est plus tabou &nbsp; &nbsp; Depuis mars 2020, la n\u00e9cessit\u00e9 d\u2019une certaine d\u00e9mondialisation, sujet pourtant encore tabou quelques semaines plus t\u00f4t, a fait irruption dans le d\u00e9bat public. Ce d\u00e9bat est actuellement, et c\u2019est bien normal, principalement centr\u00e9 sur la production de mat\u00e9riel m\u00e9dical. Mais d\u2019autres besoins pourraient rapidement devoir int\u00e9grer le c\u0153ur des discussions. La mise sous tension des chaines d\u2019approvisionnement mondialis\u00e9es par le confinement d\u2019une partie de plus en plus importante de l\u2019humanit\u00e9 cause d\u00e9j\u00e0 et causera in\u00e9vitablement des p\u00e9nuries dans le monde, &hellip; <a href=\"https:\/\/www.renouvelle.be\/fr\/relocaliser-leconomie-les-territoires-en-question\/\" class=\"more-link\">Continue reading<span class=\"screen-reader-text\"> \u00ab\u00a0Relocaliser l&rsquo;\u00e9conomie : les territoires en question\u00a0\u00bb<\/span><\/a><\/p>\n","protected":false},"author":21,"featured_media":4771,"comment_status":"open","ping_status":"open","sticky":false,"template":"","format":"standard","meta":{"_acf_changed":false,"footnotes":""},"categories":[17],"tags":[],"section":[8],"class_list":["post-3840","post","type-post","status-publish","format-standard","has-post-thumbnail","hentry","category-actualite-en-belgique","section-energie-renouvelables"],"acf":[],"yoast_head":"<!-- This site is optimized with the Yoast SEO plugin v27.5 - https:\/\/yoast.com\/product\/yoast-seo-wordpress\/ -->\n<title>Relocaliser l&#039;\u00e9conomie : les territoires en question - Renouvelle<\/title>\n<meta name=\"robots\" content=\"index, follow, max-snippet:-1, max-image-preview:large, max-video-preview:-1\" \/>\n<link rel=\"canonical\" href=\"https:\/\/www.renouvelle.be\/fr\/relocaliser-leconomie-les-territoires-en-question\/\" \/>\n<meta property=\"og:locale\" content=\"fr_FR\" \/>\n<meta property=\"og:type\" content=\"article\" \/>\n<meta property=\"og:title\" content=\"Relocaliser l&#039;\u00e9conomie : les territoires en question - Renouvelle\" \/>\n<meta property=\"og:description\" content=\"Voici un an, Renouvelle posait et analysait cette question : Quelle(s) \u00e9chelle(s) territoriale(s) pour la transition \u00e9cologique ? Aujourd\u2019hui, en pleine crise sanitaire et \u00e9conomique du Covid-19, cet enjeu prend une dimension cruciale (lire par exemple cette tribune dans Le Monde : \u00ab Relocaliser n\u2019est plus une option mais une condition de survie de nos syst\u00e8mes \u00e9conomiques et sociaux \u00bb).&nbsp; Face \u00e0 la vuln\u00e9rabilit\u00e9 d\u2019un syst\u00e8me \u00e9conomique mondialis\u00e9, les Etats envisagent en effet de relocaliser des activit\u00e9s essentielles sur leur territoire.&nbsp;&nbsp; Mais quelles sont ces activit\u00e9s essentielles ? Et \u00e0 quelle \u00e9chelle territoriale doivent-elles \u00eatre relocalis\u00e9es (Europe, pays, r\u00e9gions, provinces, arrondissements, communes\u2026) ?&nbsp;&nbsp; A l\u2019instar du gouvernement wallon, plusieurs dirigeants ont manifest\u00e9 leur volont\u00e9, une fois l\u2019urgence sanitaire d\u00e9pass\u00e9e, d\u2019orienter le red\u00e9ploiement \u00ab vers la relocalisation d\u2019activit\u00e9s, l\u2019\u00e9conomie circulaire, les circuits courts et des premi\u00e8res concr\u00e9tisations du Plan de transition \u00bb.&nbsp;&nbsp; Cette approche traduit bien une prise en compte de l\u2019interd\u00e9pendance entre les choix de mod\u00e8les \u00e9conomiques, les enjeux sanitaires et la transition \u00e9cologique. Pour r\u00e9pondre aux questions ci-dessus, il s\u2019agira donc d\u2019identifier les biens et services essentiels et le territoire qui rendra la cha\u00eene d\u2019approvisionnement de chacun d\u2019eux la plus robuste et soutenable dans un contexte mondial boulevers\u00e9.&nbsp; &nbsp; Le terme \u00ab d\u00e9mondialisation \u00bb n\u2019est plus tabou &nbsp; &nbsp; Depuis mars 2020, la n\u00e9cessit\u00e9 d\u2019une certaine d\u00e9mondialisation, sujet pourtant encore tabou quelques semaines plus t\u00f4t, a fait irruption dans le d\u00e9bat public. Ce d\u00e9bat est actuellement, et c\u2019est bien normal, principalement centr\u00e9 sur la production de mat\u00e9riel m\u00e9dical. Mais d\u2019autres besoins pourraient rapidement devoir int\u00e9grer le c\u0153ur des discussions. La mise sous tension des chaines d\u2019approvisionnement mondialis\u00e9es par le confinement d\u2019une partie de plus en plus importante de l\u2019humanit\u00e9 cause d\u00e9j\u00e0 et causera in\u00e9vitablement des p\u00e9nuries dans le monde, &hellip; Continue reading &quot;Relocaliser l&rsquo;\u00e9conomie : les territoires en question&quot;\" \/>\n<meta property=\"og:url\" content=\"https:\/\/www.renouvelle.be\/fr\/relocaliser-leconomie-les-territoires-en-question\/\" \/>\n<meta property=\"og:site_name\" content=\"Renouvelle\" \/>\n<meta property=\"article:published_time\" content=\"2020-04-05T07:15:17+00:00\" \/>\n<meta property=\"article:modified_time\" content=\"2021-03-04T10:38:40+00:00\" \/>\n<meta property=\"og:image\" content=\"https:\/\/www.renouvelle.be\/wp-content\/uploads\/2021\/02\/ville-ecologique.jpg\" \/>\n\t<meta property=\"og:image:width\" content=\"580\" \/>\n\t<meta property=\"og:image:height\" content=\"246\" \/>\n\t<meta property=\"og:image:type\" content=\"image\/jpeg\" \/>\n<meta name=\"author\" content=\"Fr\u00e9d\u00e9ric PRAILLET\" \/>\n<meta name=\"twitter:card\" content=\"summary_large_image\" \/>\n<script type=\"application\/ld+json\" class=\"yoast-schema-graph\">{\"@context\":\"https:\\\/\\\/schema.org\",\"@graph\":[{\"@type\":\"Article\",\"@id\":\"https:\\\/\\\/www.renouvelle.be\\\/fr\\\/relocaliser-leconomie-les-territoires-en-question\\\/#article\",\"isPartOf\":{\"@id\":\"https:\\\/\\\/www.renouvelle.be\\\/fr\\\/relocaliser-leconomie-les-territoires-en-question\\\/\"},\"author\":{\"name\":\"Fr\u00e9d\u00e9ric PRAILLET\",\"@id\":\"https:\\\/\\\/www.renouvelle.be\\\/fr\\\/#\\\/schema\\\/person\\\/9d3565ca9db7252f965f75c1f3561a53\"},\"headline\":\"Relocaliser l&rsquo;\u00e9conomie : les territoires en question\",\"datePublished\":\"2020-04-05T07:15:17+00:00\",\"dateModified\":\"2021-03-04T10:38:40+00:00\",\"mainEntityOfPage\":{\"@id\":\"https:\\\/\\\/www.renouvelle.be\\\/fr\\\/relocaliser-leconomie-les-territoires-en-question\\\/\"},\"wordCount\":1561,\"commentCount\":0,\"image\":{\"@id\":\"https:\\\/\\\/www.renouvelle.be\\\/fr\\\/relocaliser-leconomie-les-territoires-en-question\\\/#primaryimage\"},\"thumbnailUrl\":\"https:\\\/\\\/www.renouvelle.be\\\/wp-content\\\/uploads\\\/2021\\\/02\\\/ville-ecologique.jpg\",\"articleSection\":[\"Actualit\u00e9 en Belgique\"],\"inLanguage\":\"fr-FR\",\"potentialAction\":[{\"@type\":\"CommentAction\",\"name\":\"Comment\",\"target\":[\"https:\\\/\\\/www.renouvelle.be\\\/fr\\\/relocaliser-leconomie-les-territoires-en-question\\\/#respond\"]}]},{\"@type\":\"WebPage\",\"@id\":\"https:\\\/\\\/www.renouvelle.be\\\/fr\\\/relocaliser-leconomie-les-territoires-en-question\\\/\",\"url\":\"https:\\\/\\\/www.renouvelle.be\\\/fr\\\/relocaliser-leconomie-les-territoires-en-question\\\/\",\"name\":\"Relocaliser l'\u00e9conomie : les territoires en question - Renouvelle\",\"isPartOf\":{\"@id\":\"https:\\\/\\\/www.renouvelle.be\\\/fr\\\/#website\"},\"primaryImageOfPage\":{\"@id\":\"https:\\\/\\\/www.renouvelle.be\\\/fr\\\/relocaliser-leconomie-les-territoires-en-question\\\/#primaryimage\"},\"image\":{\"@id\":\"https:\\\/\\\/www.renouvelle.be\\\/fr\\\/relocaliser-leconomie-les-territoires-en-question\\\/#primaryimage\"},\"thumbnailUrl\":\"https:\\\/\\\/www.renouvelle.be\\\/wp-content\\\/uploads\\\/2021\\\/02\\\/ville-ecologique.jpg\",\"datePublished\":\"2020-04-05T07:15:17+00:00\",\"dateModified\":\"2021-03-04T10:38:40+00:00\",\"author\":{\"@id\":\"https:\\\/\\\/www.renouvelle.be\\\/fr\\\/#\\\/schema\\\/person\\\/9d3565ca9db7252f965f75c1f3561a53\"},\"breadcrumb\":{\"@id\":\"https:\\\/\\\/www.renouvelle.be\\\/fr\\\/relocaliser-leconomie-les-territoires-en-question\\\/#breadcrumb\"},\"inLanguage\":\"fr-FR\",\"potentialAction\":[{\"@type\":\"ReadAction\",\"target\":[\"https:\\\/\\\/www.renouvelle.be\\\/fr\\\/relocaliser-leconomie-les-territoires-en-question\\\/\"]}]},{\"@type\":\"ImageObject\",\"inLanguage\":\"fr-FR\",\"@id\":\"https:\\\/\\\/www.renouvelle.be\\\/fr\\\/relocaliser-leconomie-les-territoires-en-question\\\/#primaryimage\",\"url\":\"https:\\\/\\\/www.renouvelle.be\\\/wp-content\\\/uploads\\\/2021\\\/02\\\/ville-ecologique.jpg\",\"contentUrl\":\"https:\\\/\\\/www.renouvelle.be\\\/wp-content\\\/uploads\\\/2021\\\/02\\\/ville-ecologique.jpg\",\"width\":580,\"height\":246},{\"@type\":\"BreadcrumbList\",\"@id\":\"https:\\\/\\\/www.renouvelle.be\\\/fr\\\/relocaliser-leconomie-les-territoires-en-question\\\/#breadcrumb\",\"itemListElement\":[{\"@type\":\"ListItem\",\"position\":1,\"name\":\"Accueil\",\"item\":\"https:\\\/\\\/www.renouvelle.be\\\/fr\\\/\"},{\"@type\":\"ListItem\",\"position\":2,\"name\":\"Relocaliser l&rsquo;\u00e9conomie : les territoires en question\"}]},{\"@type\":\"WebSite\",\"@id\":\"https:\\\/\\\/www.renouvelle.be\\\/fr\\\/#website\",\"url\":\"https:\\\/\\\/www.renouvelle.be\\\/fr\\\/\",\"name\":\"Renouvelle\",\"description\":\"L&#039;actualit\u00e9 de l&#039;\u00e9nergie durable\",\"potentialAction\":[{\"@type\":\"SearchAction\",\"target\":{\"@type\":\"EntryPoint\",\"urlTemplate\":\"https:\\\/\\\/www.renouvelle.be\\\/fr\\\/?s={search_term_string}\"},\"query-input\":{\"@type\":\"PropertyValueSpecification\",\"valueRequired\":true,\"valueName\":\"search_term_string\"}}],\"inLanguage\":\"fr-FR\"},{\"@type\":\"Person\",\"@id\":\"https:\\\/\\\/www.renouvelle.be\\\/fr\\\/#\\\/schema\\\/person\\\/9d3565ca9db7252f965f75c1f3561a53\",\"name\":\"Fr\u00e9d\u00e9ric PRAILLET\",\"url\":\"https:\\\/\\\/www.renouvelle.be\\\/fr\\\/author\\\/fredericpraillet\\\/\"}]}<\/script>\n<!-- \/ Yoast SEO plugin. -->","yoast_head_json":{"title":"Relocaliser l'\u00e9conomie : les territoires en question - Renouvelle","robots":{"index":"index","follow":"follow","max-snippet":"max-snippet:-1","max-image-preview":"max-image-preview:large","max-video-preview":"max-video-preview:-1"},"canonical":"https:\/\/www.renouvelle.be\/fr\/relocaliser-leconomie-les-territoires-en-question\/","og_locale":"fr_FR","og_type":"article","og_title":"Relocaliser l'\u00e9conomie : les territoires en question - Renouvelle","og_description":"Voici un an, Renouvelle posait et analysait cette question : Quelle(s) \u00e9chelle(s) territoriale(s) pour la transition \u00e9cologique ? Aujourd\u2019hui, en pleine crise sanitaire et \u00e9conomique du Covid-19, cet enjeu prend une dimension cruciale (lire par exemple cette tribune dans Le Monde : \u00ab Relocaliser n\u2019est plus une option mais une condition de survie de nos syst\u00e8mes \u00e9conomiques et sociaux \u00bb).&nbsp; Face \u00e0 la vuln\u00e9rabilit\u00e9 d\u2019un syst\u00e8me \u00e9conomique mondialis\u00e9, les Etats envisagent en effet de relocaliser des activit\u00e9s essentielles sur leur territoire.&nbsp;&nbsp; Mais quelles sont ces activit\u00e9s essentielles ? Et \u00e0 quelle \u00e9chelle territoriale doivent-elles \u00eatre relocalis\u00e9es (Europe, pays, r\u00e9gions, provinces, arrondissements, communes\u2026) ?&nbsp;&nbsp; A l\u2019instar du gouvernement wallon, plusieurs dirigeants ont manifest\u00e9 leur volont\u00e9, une fois l\u2019urgence sanitaire d\u00e9pass\u00e9e, d\u2019orienter le red\u00e9ploiement \u00ab vers la relocalisation d\u2019activit\u00e9s, l\u2019\u00e9conomie circulaire, les circuits courts et des premi\u00e8res concr\u00e9tisations du Plan de transition \u00bb.&nbsp;&nbsp; Cette approche traduit bien une prise en compte de l\u2019interd\u00e9pendance entre les choix de mod\u00e8les \u00e9conomiques, les enjeux sanitaires et la transition \u00e9cologique. Pour r\u00e9pondre aux questions ci-dessus, il s\u2019agira donc d\u2019identifier les biens et services essentiels et le territoire qui rendra la cha\u00eene d\u2019approvisionnement de chacun d\u2019eux la plus robuste et soutenable dans un contexte mondial boulevers\u00e9.&nbsp; &nbsp; Le terme \u00ab d\u00e9mondialisation \u00bb n\u2019est plus tabou &nbsp; &nbsp; Depuis mars 2020, la n\u00e9cessit\u00e9 d\u2019une certaine d\u00e9mondialisation, sujet pourtant encore tabou quelques semaines plus t\u00f4t, a fait irruption dans le d\u00e9bat public. Ce d\u00e9bat est actuellement, et c\u2019est bien normal, principalement centr\u00e9 sur la production de mat\u00e9riel m\u00e9dical. Mais d\u2019autres besoins pourraient rapidement devoir int\u00e9grer le c\u0153ur des discussions. La mise sous tension des chaines d\u2019approvisionnement mondialis\u00e9es par le confinement d\u2019une partie de plus en plus importante de l\u2019humanit\u00e9 cause d\u00e9j\u00e0 et causera in\u00e9vitablement des p\u00e9nuries dans le monde, &hellip; Continue reading \"Relocaliser l&rsquo;\u00e9conomie : les territoires en question\"","og_url":"https:\/\/www.renouvelle.be\/fr\/relocaliser-leconomie-les-territoires-en-question\/","og_site_name":"Renouvelle","article_published_time":"2020-04-05T07:15:17+00:00","article_modified_time":"2021-03-04T10:38:40+00:00","og_image":[{"width":580,"height":246,"url":"https:\/\/www.renouvelle.be\/wp-content\/uploads\/2021\/02\/ville-ecologique.jpg","type":"image\/jpeg"}],"author":"Fr\u00e9d\u00e9ric PRAILLET","twitter_card":"summary_large_image","schema":{"@context":"https:\/\/schema.org","@graph":[{"@type":"Article","@id":"https:\/\/www.renouvelle.be\/fr\/relocaliser-leconomie-les-territoires-en-question\/#article","isPartOf":{"@id":"https:\/\/www.renouvelle.be\/fr\/relocaliser-leconomie-les-territoires-en-question\/"},"author":{"name":"Fr\u00e9d\u00e9ric PRAILLET","@id":"https:\/\/www.renouvelle.be\/fr\/#\/schema\/person\/9d3565ca9db7252f965f75c1f3561a53"},"headline":"Relocaliser l&rsquo;\u00e9conomie : les territoires en question","datePublished":"2020-04-05T07:15:17+00:00","dateModified":"2021-03-04T10:38:40+00:00","mainEntityOfPage":{"@id":"https:\/\/www.renouvelle.be\/fr\/relocaliser-leconomie-les-territoires-en-question\/"},"wordCount":1561,"commentCount":0,"image":{"@id":"https:\/\/www.renouvelle.be\/fr\/relocaliser-leconomie-les-territoires-en-question\/#primaryimage"},"thumbnailUrl":"https:\/\/www.renouvelle.be\/wp-content\/uploads\/2021\/02\/ville-ecologique.jpg","articleSection":["Actualit\u00e9 en Belgique"],"inLanguage":"fr-FR","potentialAction":[{"@type":"CommentAction","name":"Comment","target":["https:\/\/www.renouvelle.be\/fr\/relocaliser-leconomie-les-territoires-en-question\/#respond"]}]},{"@type":"WebPage","@id":"https:\/\/www.renouvelle.be\/fr\/relocaliser-leconomie-les-territoires-en-question\/","url":"https:\/\/www.renouvelle.be\/fr\/relocaliser-leconomie-les-territoires-en-question\/","name":"Relocaliser l'\u00e9conomie : les territoires en question - Renouvelle","isPartOf":{"@id":"https:\/\/www.renouvelle.be\/fr\/#website"},"primaryImageOfPage":{"@id":"https:\/\/www.renouvelle.be\/fr\/relocaliser-leconomie-les-territoires-en-question\/#primaryimage"},"image":{"@id":"https:\/\/www.renouvelle.be\/fr\/relocaliser-leconomie-les-territoires-en-question\/#primaryimage"},"thumbnailUrl":"https:\/\/www.renouvelle.be\/wp-content\/uploads\/2021\/02\/ville-ecologique.jpg","datePublished":"2020-04-05T07:15:17+00:00","dateModified":"2021-03-04T10:38:40+00:00","author":{"@id":"https:\/\/www.renouvelle.be\/fr\/#\/schema\/person\/9d3565ca9db7252f965f75c1f3561a53"},"breadcrumb":{"@id":"https:\/\/www.renouvelle.be\/fr\/relocaliser-leconomie-les-territoires-en-question\/#breadcrumb"},"inLanguage":"fr-FR","potentialAction":[{"@type":"ReadAction","target":["https:\/\/www.renouvelle.be\/fr\/relocaliser-leconomie-les-territoires-en-question\/"]}]},{"@type":"ImageObject","inLanguage":"fr-FR","@id":"https:\/\/www.renouvelle.be\/fr\/relocaliser-leconomie-les-territoires-en-question\/#primaryimage","url":"https:\/\/www.renouvelle.be\/wp-content\/uploads\/2021\/02\/ville-ecologique.jpg","contentUrl":"https:\/\/www.renouvelle.be\/wp-content\/uploads\/2021\/02\/ville-ecologique.jpg","width":580,"height":246},{"@type":"BreadcrumbList","@id":"https:\/\/www.renouvelle.be\/fr\/relocaliser-leconomie-les-territoires-en-question\/#breadcrumb","itemListElement":[{"@type":"ListItem","position":1,"name":"Accueil","item":"https:\/\/www.renouvelle.be\/fr\/"},{"@type":"ListItem","position":2,"name":"Relocaliser l&rsquo;\u00e9conomie : les territoires en question"}]},{"@type":"WebSite","@id":"https:\/\/www.renouvelle.be\/fr\/#website","url":"https:\/\/www.renouvelle.be\/fr\/","name":"Renouvelle","description":"L&#039;actualit\u00e9 de l&#039;\u00e9nergie durable","potentialAction":[{"@type":"SearchAction","target":{"@type":"EntryPoint","urlTemplate":"https:\/\/www.renouvelle.be\/fr\/?s={search_term_string}"},"query-input":{"@type":"PropertyValueSpecification","valueRequired":true,"valueName":"search_term_string"}}],"inLanguage":"fr-FR"},{"@type":"Person","@id":"https:\/\/www.renouvelle.be\/fr\/#\/schema\/person\/9d3565ca9db7252f965f75c1f3561a53","name":"Fr\u00e9d\u00e9ric PRAILLET","url":"https:\/\/www.renouvelle.be\/fr\/author\/fredericpraillet\/"}]}},"_links":{"self":[{"href":"https:\/\/www.renouvelle.be\/fr\/wp-json\/wp\/v2\/posts\/3840","targetHints":{"allow":["GET"]}}],"collection":[{"href":"https:\/\/www.renouvelle.be\/fr\/wp-json\/wp\/v2\/posts"}],"about":[{"href":"https:\/\/www.renouvelle.be\/fr\/wp-json\/wp\/v2\/types\/post"}],"author":[{"embeddable":true,"href":"https:\/\/www.renouvelle.be\/fr\/wp-json\/wp\/v2\/users\/21"}],"replies":[{"embeddable":true,"href":"https:\/\/www.renouvelle.be\/fr\/wp-json\/wp\/v2\/comments?post=3840"}],"version-history":[{"count":2,"href":"https:\/\/www.renouvelle.be\/fr\/wp-json\/wp\/v2\/posts\/3840\/revisions"}],"predecessor-version":[{"id":5298,"href":"https:\/\/www.renouvelle.be\/fr\/wp-json\/wp\/v2\/posts\/3840\/revisions\/5298"}],"wp:featuredmedia":[{"embeddable":true,"href":"https:\/\/www.renouvelle.be\/fr\/wp-json\/wp\/v2\/media\/4771"}],"wp:attachment":[{"href":"https:\/\/www.renouvelle.be\/fr\/wp-json\/wp\/v2\/media?parent=3840"}],"wp:term":[{"taxonomy":"category","embeddable":true,"href":"https:\/\/www.renouvelle.be\/fr\/wp-json\/wp\/v2\/categories?post=3840"},{"taxonomy":"post_tag","embeddable":true,"href":"https:\/\/www.renouvelle.be\/fr\/wp-json\/wp\/v2\/tags?post=3840"},{"taxonomy":"section","embeddable":true,"href":"https:\/\/www.renouvelle.be\/fr\/wp-json\/wp\/v2\/section?post=3840"}],"curies":[{"name":"wp","href":"https:\/\/api.w.org\/{rel}","templated":true}]}}