{"id":3836,"date":"2020-04-06T09:52:52","date_gmt":"2020-04-06T09:52:52","guid":{"rendered":""},"modified":"2021-03-12T10:35:43","modified_gmt":"2021-03-12T09:35:43","slug":"relocaliser-leconomie-bientot-des-panneaux-solaires-made-in-europe","status":"publish","type":"post","link":"https:\/\/www.renouvelle.be\/fr\/relocaliser-leconomie-bientot-des-panneaux-solaires-made-in-europe\/","title":{"rendered":"Relocaliser l&rsquo;\u00e9conomie : Bient\u00f4t des panneaux solaires \u00ab Made in Europe \u00bb ?"},"content":{"rendered":"<p>Au sein de l\u2019\u00e9conomie mondialis\u00e9e, la Chine est devenue la principale \u00ab usine du monde \u00bb pour la plupart des biens que nous consommons. Les panneaux solaires n\u2019y \u00e9chappent pas. Ceux-ci sont essentiellement fabriqu\u00e9s en Asie, en Chine en particulier, comme le montre la figure ci-dessous issue du \u00ab <a href=\"https:\/\/iea-pvps.org\/research-tasks\/strategic-pv-analysis-outreach\/trends\/\" target=\"_blank\" rel=\"noopener\">Trends 2019<\/a> \u00bb publi\u00e9 par l\u2019Agence Internationale de l\u2019Energie. Et ce \u00e0 toutes les \u00e9tapes de fabrication.&nbsp;<\/p>\n<p>Or la crise du coronavirus, \u00e0 travers la p\u00e9nurie de masques de protection notamment, a mis en \u00e9vidence l\u2019impact d\u2019une si grande d\u00e9pendance ext\u00e9rieure envers des biens jug\u00e9s essentiels.&nbsp;&nbsp;<\/p>\n<p>En 2020, la fili\u00e8re photovolta\u00efque sera tr\u00e8s impact\u00e9e par l\u2019arr\u00eat et les retards de fabrication de panneaux solaires en Chine. L\u2019agence BloomergergNEF estime ainsi qu\u2019il est d\u00e9sormais n\u00e9cessaire de relocaliser une industrie solaire en Europe notamment (lire cet <a href=\"https:\/\/www.euractiv.com\/section\/energy\/news\/europe-warned-about-virus-impact-on-clean-tech\/\" target=\"_blank\" rel=\"noopener\">article<\/a> de Euractiv).&nbsp;<\/p>\n<p>Et plus globalement, de nombreux \u00e9conomistes et acteurs professionnels estiment d\u00e9sormais que la survie de nos \u00e9conomies passera par une relocalisation des activit\u00e9s (lire notre article <a href=\"https:\/\/www.renouvelle.be\/fr\/actualite-internationale\/coronavirus-la-democratie-energetique-comme-resilience\">Coronavirus : La D\u00e9mocratie \u00e9nerg\u00e9tique comme r\u00e9silience ?<\/a> et cette tribune dans Le Monde : <a href=\"https:\/\/www.lemonde.fr\/idees\/article\/2020\/03\/22\/relocaliser-n-est-plus-une-option-mais-une-condition-de-survie-de-nos-systemes-economiques-et-sociaux_6034010_3232.html\" target=\"_blank\" rel=\"noopener\">\u00ab Relocaliser n\u2019est plus une option mais une condition de survie de nos syst\u00e8mes \u00e9conomiques et sociaux \u00bb<\/a>).&nbsp;<\/p>\n<p><img decoding=\"async\" alt=\"\" src=\"\/wp-content\/uploads\/2021\/02\/post\/ieapvps_0.jpg\" style=\"width: 580px; height: 396px;\"><\/p>\n<p><small>Source : IEA-PVPS<\/small><\/p>\n<p>Soulignons \u00e9galement que l\u2019Europe d\u00e9pend \u00e0 58% de l\u2019ext\u00e9rieur pour son approvisionnement \u00e9nerg\u00e9tique, \u00e0 travers ses importations de p\u00e9trole et de gaz notamment (chiffres <a href=\"https:\/\/appsso.eurostat.ec.europa.eu\/nui\/show.do?dataset=nrg_ind_id&amp;lang=en\" target=\"_blank\" rel=\"noopener\">Eurostat <\/a>2028).&nbsp;&nbsp;<\/p>\n<p>Pour atteindre son objectif Z\u00e9ro carbone d\u2019ici 2050, l\u2019Europe doit donc s\u2019affranchir de ces importations et d\u00e9velopper sur son territoires toutes les sources d\u2019\u00e9nergies renouvelables disponibles : photovolta\u00efque, \u00e9olien, biomasse, g\u00e9othermie, hydro\u00e9nergie&#8230;&nbsp;<\/p>\n<p>Dans ce contexte, les panneaux solaires deviennent donc un bien essentiel pour assurer l\u2019autonomie \u00e9nerg\u00e9tique europ\u00e9enne.&nbsp;<\/p>\n<p>De nombreux acteurs de la fili\u00e8re plaident pour une re-localisation en Europe d\u2019une production industrielle de panneaux solaires.&nbsp;<\/p>\n<p>Ce projet, qui germait depuis quelques ann\u00e9es, pourrait bient\u00f4t s\u2019acc\u00e9l\u00e9rer, au b\u00e9n\u00e9fice d\u2019une dynamique vertueuse en Europe. Il pourrait s&rsquo;inspirer de l&rsquo;<a href=\"https:\/\/www.eba250.com\/\" target=\"_blank\" rel=\"noopener\">Alliance Europ\u00e9enne de la Batterie<\/a>,&nbsp;car la production photovolta\u00efque et le stockage sont hautement compl\u00e9mentaire.<\/p>\n<p>&nbsp;<\/p>\n<h2>Vers une collaboration industrielle europ\u00e9enne ?&nbsp;<\/h2>\n<p>&nbsp;<\/p>\n<p>En 2014 d\u00e9j\u00e0, Eicke Weber du Fraunhoffer Institute, pr\u00e9sentait \u00e0 Bruxelles le concept d\u2019une \u00ab xGW solar Manufacturing in Europe \u00bb lors de la <a href=\"https:\/\/etip-pv.eu\/events\/etip-pv-conference\/conference-european-photovoltaic-technology-platform-new-dawn-large-scale-pv-manufacturing-europe-reality-or-pipe-dream\/\" target=\"_blank\" rel=\"noopener\">conf\u00e9rence annuelle<\/a> de la European Technology &amp; Innovation&nbsp; Platform Photovoltaic (<a href=\"https:\/\/etip-pv.eu\" target=\"_blank\" rel=\"noopener\">ETIP-PV.eu<\/a>).<\/p>\n<p>Mi-2019, le Fraunhoffer Institute pr\u00e9cisait ce concept en publiant diff\u00e9rentes \u00e9tudes d\u00e9montrant la pertinence industrielle et \u00e9conomique d\u2019un tel projet via ces communiqu\u00e9s de presse : <a href=\"https:\/\/www.ise.fraunhofer.de\/en\/press-media\/press-releases\/2019\/new-photovoltaic-production-factories-in-europe-are-possible.html\" target=\"_blank\" rel=\"noopener\">1<\/a> et <a href=\"https:\/\/www.ise.fraunhofer.de\/en\/press-media\/news\/2019\/study-european-solar-industry-could-be-ready-for-a-comeback.html\" target=\"_blank\" rel=\"noopener\">2<\/a>.<\/p>\n<p>A l\u2019image du projet industriel Airbus, cette Giga Factory solaire pourrait s\u2019appuyer sur une collaboration industrielle entre des Etats europ\u00e9ens. Cette collaboration se concr\u00e9tise d\u00e9j\u00e0 au sein du European Solar Manufacturing Council (<a href=\"https:\/\/europeansolar.org\/\" target=\"_blank\" rel=\"noopener\">ESMC<\/a>). Cette initiative met en \u00e9vidence que, au regard de ses co\u00fbts, la production d\u2019\u00e9nergie solaire n\u2019en est qu\u2019\u00e0 ses d\u00e9buts et que le march\u00e9 de l\u2019\u00e9quipement \u2013 et par l\u00e0 de la fabrication \u2013 est simplement gigantesque, comme le montre le graphique ci-dessous.&nbsp;&nbsp;<\/p>\n<p><img decoding=\"async\" alt=\"\" src=\"\/wp-content\/uploads\/2021\/02\/post\/shell_0.jpg\" style=\"width: 580px; height: 240px;\"><\/p>\n<p><small>Source : Fraunhofer Institute, sur base d&rsquo;une \u00e9tude de march\u00e9 Shell.<\/small><\/p>\n<p>Il y a donc une grande place pour le \u00ab Made in Europe \u00bb dans le monde du solaire. Et si l\u2019Europe ne le fait pas\u2026 et bien la Chine annonce d\u00e9j\u00e0 la construction d\u2019une usine&nbsp; permettant de produire 60 GWc de panneaux solaires chaque ann\u00e9e. Ce qui repr\u00e9sente plus de la moiti\u00e9 de ce qui a \u00e9t\u00e9 install\u00e9 en 2018 au niveau mondial.&nbsp;<\/p>\n<p>&nbsp;<\/p>\n<h2>Une dynamique d\u2019\u00e9quipement \u00e0 la hauteur des d\u00e9fis&nbsp;<\/h2>\n<p>&nbsp;<\/p>\n<p>Cette initiative est d\u2019autant plus s\u00e9duisante qu\u2019elle cr\u00e9e une dynamique de renforcement mutuel entre les politiques que les Etats membres doivent mettre en \u0153uvre au regard des accords de Paris (engagement moral) et des objectifs renouvelables fix\u00e9s par la Commission europ\u00e9enne (obligation).&nbsp;<\/p>\n<p>Tablant sur l\u2019existence d\u2019une capacit\u00e9 de production \u00e0 proximit\u00e9, les Etats membres peuvent revoir de mani\u00e8re ambitieuse \u00e0 la hausse leurs objectifs dont cette industrie peut directement b\u00e9n\u00e9ficier.&nbsp;<\/p>\n<p>En effet, diff\u00e9rentes \u00e9tudes d\u00e9montrent que la proportion de l\u2019\u00e9nergie solaire dans notre consommation d\u2019\u00e9nergie finale est majoritaire dans un mix \u00e9nerg\u00e9tique assur\u00e9 100% par du renouvelable \u00e0 l\u2019horizon 2050.&nbsp;<\/p>\n<p>Une \u00e9tude <a href=\"https:\/\/www.researchgate.net\/publication\/320934766_Global_Energy_System_based_on_100_Renewable_Energy_-_Power_Sector\" target=\"_blank\" rel=\"noopener\">finlandaise<\/a> \u00e9voque 50% d\u2019\u00e9nergie solaire pour la zone \u00e9conomique \u00e0 laquelle la Belgique appartient (pour 67% au niveau mondial), tandis qu\u2019une \u00e9tude <a href=\"https:\/\/www.google.fr\/url?sa=t&amp;rct=j&amp;q=&amp;esrc=s&amp;source=web&amp;cd=1&amp;cad=rja&amp;uact=8&amp;ved=2ahUKEwjEv4vX0LroAhUmPewKHfUrB6QQFjAAegQIAhAB&amp;url=https%3A%2F%2Fweb.stanford.edu%2Fgroup%2Fefmh%2Fjacobson%2FArticles%2FI%2FTimelineDetailed.pdf&amp;usg=AOvVaw0jrLnsa6oTS22XLRsIFWLo\" target=\"_blank\" rel=\"noopener\">anglaise<\/a> mentionne quasi 70% de solaire pour la Belgique.&nbsp;<\/p>\n<p><img decoding=\"async\" alt=\"\" src=\"\/wp-content\/uploads\/2021\/02\/post\/fin_0.jpg\" style=\"width: 572px; height: 388px;\"><\/p>\n<p><small>Figure ci-dessus : A l\u2019horizon 2050, l\u2019\u00e9tude finlandaise consid\u00e8re que la r\u00e9gion BENELUX pourrait satisfaire ses besoins \u00e9nerg\u00e9tiques \u00e0 hauteur de 50% par la production solaire seule.&nbsp;<\/small><\/p>\n<p>&nbsp;<\/p>\n<h2>Des emplois locaux avec du sens&nbsp;<\/h2>\n<p>&nbsp;<\/p>\n<p>Cela va sans dire : une nouvelle industrie europ\u00e9enne signifie des emplois europ\u00e9ens. Et comme ils se basent sur une ressource locale non d\u00e9localisable, ces emplois peuvent-\u00eatre vu dans la dur\u00e9e.&nbsp;<\/p>\n<p><img decoding=\"async\" alt=\"\" src=\"\/wp-content\/uploads\/2021\/02\/post\/graph7_0.jpg\" style=\"width: 580px; height: 467px;\"><\/p>\n<p><small>Source : Fraunhofer Institute.<\/small><\/p>\n<p>De plus, ces emplois peuvent \u00eatre qualifi\u00e9s d\u2019essentiels : ils participent \u00e0 notre effort d\u2019\u00e9quipement vers un continent Z\u00e9ro carbone et s\u00e9curisent notre alimentation \u00e9nerg\u00e9tique.&nbsp;<\/p>\n<p>&nbsp;<\/p>\n<h2>Une fili\u00e8re encore plus vertueuse&nbsp;<\/h2>\n<h2>&nbsp;<\/h2>\n<p>L\u2019initiative d\u00e9passe l\u2019opportunit\u00e9 financi\u00e8re d\u2019un d\u00e9veloppement industriel : elle ambitionne \u00e9galement d\u2019aller plus loin afin de rendre cette fili\u00e8re encore plus vertueuse, dans 4 domaines au moins :<br>\n&nbsp;<\/p>\n<ol>\n<li>Dans l\u2019am\u00e9lioration des m\u00e9thodes de production et de valorisation des mati\u00e8res recycl\u00e9es, pour avoir une fili\u00e8re dont la circularit\u00e9 est importante (lire notre article <a href=\"https:\/\/www.renouvelle.be\/fr\/actualite-internationale\/le-recyclage-photovoltaique-simpose\">Le recyclage photovolta\u00efque s\u2019impose<\/a>).&nbsp;<br>\n\t<img decoding=\"async\" alt=\"\" src=\"\/wp-content\/uploads\/2021\/02\/post\/recyle2_0.jpg\" style=\"width: 580px; height: 511px;\"><br>\n&nbsp;<\/li>\n<li>Dans la diminution des transports de mati\u00e8re. Actuellement le transport de panneaux depuis la Chine jusqu\u2019en Europe repr\u00e9sente environ 5 \u00e0 10% de leur emprunte carbone.\t<img decoding=\"async\" alt=\"\" src=\"\/wp-content\/uploads\/2021\/02\/post\/graph8_0.jpg\" style=\"width: 580px; height: 213px;\"><\/li>\n<li><small>Source : ETIP-PV.eu <\/small><br>\n&nbsp;<\/li>\n<li>Dans la valorisation des nouvelles m\u00e9thodes de production d\u00e9velopp\u00e9es en Europe, par exemple via la croissance \u00e9pitaxiale (ou Kerfless) des cellules plut\u00f4t que le sciage des lingots (lire notre article&nbsp;<a href=\"https:\/\/www.renouvelle.be\/fr\/technologies\/les-cellules-solaires-kerfless-une-technologie-a-prix-inedit\">Les cellules solaires \u00ab kerfless \u00bb, une technologie \u00e0 prix in\u00e9dit<\/a>).&nbsp;\t<img decoding=\"async\" alt=\"\" src=\"\/wp-content\/uploads\/2021\/02\/post\/graph9_0.jpg\" style=\"width: 580px; height: 441px;\"><br>\n&nbsp;<\/li>\n<li>En ayant recours \u00e0 un mix \u00e9nerg\u00e9tique europ\u00e9en, globalement plus propre que celui de l\u2019Asie (surtout \u00e0 l\u2019Ouest et au Nord de l\u2019Europe), la fabrication europ\u00e9enne pourra diminuer de moiti\u00e9 l\u2019empreinte carbone (d\u00e9j\u00e0 r\u00e9duite) des panneaux solaires produits.&nbsp;<\/li>\n<\/ol>\n<p><img decoding=\"async\" alt=\"\" src=\"\/wp-content\/uploads\/2021\/02\/post\/graph10_0.jpg\" style=\"width: 502px; height: 358px;\"><\/p>\n<p><small>Source : World Energy Outlook 2019.<\/small><\/p>\n<p>&nbsp;<\/p>\n<h2>Nous devons stocker des exc\u00e9dents&nbsp;<\/h2>\n<p>&nbsp;<\/p>\n<p>Le solaire n\u2019est bien entendu pas la seule solution. La production photovolta\u00efque est absente la nuit et plus faible \u00e0 certaines saisons.<\/p>\n<p>La fili\u00e8re est donc compl\u00e9mentaire aux autres sources renouvelables (\u00e9olien, pompes \u00e0 chaleur, hydro\u00e9nergie, \u2026), \u00e0 l\u2019efficience \u00e9nerg\u00e9tique (isolation) et \u00e0 la flexibilit\u00e9 (consommer diff\u00e9remment selon les moments).<\/p>\n<p>Mais nous attirons l\u2019attention sur le fait que nous devons cr\u00e9er des moments d\u2019exc\u00e9dents de production renouvelable. C\u2019est indispensable pour pouvoir stocker des exc\u00e9dents en vue d\u2019assurer les besoins essentiels durant les p\u00e9riodes o\u00f9 la m\u00e9t\u00e9o est d\u00e9favorable. Ce stockage peut se faire via des batteries pour quelques heures\/jours et via du gaz de synth\u00e8se pour quelques semaines\/mois.<\/p>\n<p>Or le photovolta\u00efque est, aujourd\u2019hui, la solution la moins ch\u00e8re et la plus rapidement impl\u00e9mentable pour cr\u00e9er ces exc\u00e9dents \u00e0 des moments pr\u00e9visibles.&nbsp;<\/p>\n<p>&nbsp;<\/p>\n<p>&nbsp;<\/p>\n<p>&nbsp;<\/p>\n<p>&nbsp;<\/p>\n\n\n<p><\/p>\n","protected":false},"excerpt":{"rendered":"<p>Au sein de l\u2019\u00e9conomie mondialis\u00e9e, la Chine est devenue la principale \u00ab usine du monde \u00bb pour la plupart des biens que nous consommons. Les panneaux solaires n\u2019y \u00e9chappent pas. Ceux-ci sont essentiellement fabriqu\u00e9s en Asie, en Chine en particulier, comme le montre la figure ci-dessous issue du \u00ab Trends 2019 \u00bb publi\u00e9 par l\u2019Agence Internationale de l\u2019Energie. Et ce \u00e0 toutes les \u00e9tapes de fabrication.&nbsp; Or la crise du coronavirus, \u00e0 travers la p\u00e9nurie de masques de protection notamment, a mis en \u00e9vidence l\u2019impact d\u2019une si grande d\u00e9pendance ext\u00e9rieure envers des biens jug\u00e9s essentiels.&nbsp;&nbsp; En 2020, la fili\u00e8re photovolta\u00efque sera tr\u00e8s impact\u00e9e par l\u2019arr\u00eat et les retards de fabrication de panneaux solaires en Chine. L\u2019agence BloomergergNEF estime ainsi qu\u2019il est d\u00e9sormais n\u00e9cessaire de relocaliser une industrie solaire en Europe notamment (lire cet article de Euractiv).&nbsp; Et plus globalement, de nombreux \u00e9conomistes et acteurs professionnels estiment d\u00e9sormais que la survie de nos \u00e9conomies passera par une relocalisation des activit\u00e9s (lire notre article Coronavirus : La D\u00e9mocratie \u00e9nerg\u00e9tique comme r\u00e9silience ? et cette tribune dans Le Monde : \u00ab Relocaliser n\u2019est plus une option mais une condition de survie de nos syst\u00e8mes \u00e9conomiques et sociaux \u00bb).&nbsp; Source : IEA-PVPS Soulignons \u00e9galement que l\u2019Europe d\u00e9pend \u00e0 58% de l\u2019ext\u00e9rieur pour son approvisionnement \u00e9nerg\u00e9tique, \u00e0 travers ses importations de p\u00e9trole et de gaz notamment (chiffres Eurostat 2028).&nbsp;&nbsp; Pour atteindre son objectif Z\u00e9ro carbone d\u2019ici 2050, l\u2019Europe doit donc s\u2019affranchir de ces importations et d\u00e9velopper sur son territoires toutes les sources d\u2019\u00e9nergies renouvelables disponibles : photovolta\u00efque, \u00e9olien, biomasse, g\u00e9othermie, hydro\u00e9nergie&#8230;&nbsp; Dans ce contexte, les panneaux solaires deviennent donc un bien essentiel pour assurer l\u2019autonomie \u00e9nerg\u00e9tique europ\u00e9enne.&nbsp; De nombreux acteurs de la fili\u00e8re plaident pour une re-localisation en Europe d\u2019une production industrielle de panneaux solaires.&nbsp; &hellip; <a href=\"https:\/\/www.renouvelle.be\/fr\/relocaliser-leconomie-bientot-des-panneaux-solaires-made-in-europe\/\" class=\"more-link\">Continue reading<span class=\"screen-reader-text\"> \u00ab\u00a0Relocaliser l&rsquo;\u00e9conomie : Bient\u00f4t des panneaux solaires \u00ab Made in Europe \u00bb ?\u00a0\u00bb<\/span><\/a><\/p>\n","protected":false},"author":17,"featured_media":5712,"comment_status":"open","ping_status":"open","sticky":false,"template":"","format":"standard","meta":{"_acf_changed":false,"footnotes":""},"categories":[18],"tags":[],"section":[13],"class_list":["post-3836","post","type-post","status-publish","format-standard","has-post-thumbnail","hentry","category-actualite-internationale","section-solaire"],"acf":[],"yoast_head":"<!-- This site is optimized with the Yoast SEO plugin v27.5 - https:\/\/yoast.com\/product\/yoast-seo-wordpress\/ -->\n<title>Relocaliser l&#039;\u00e9conomie : Bient\u00f4t des panneaux solaires \u00ab Made in Europe \u00bb ? - Renouvelle<\/title>\n<meta name=\"robots\" content=\"index, follow, max-snippet:-1, max-image-preview:large, max-video-preview:-1\" \/>\n<link rel=\"canonical\" href=\"https:\/\/www.renouvelle.be\/fr\/relocaliser-leconomie-bientot-des-panneaux-solaires-made-in-europe\/\" \/>\n<meta property=\"og:locale\" content=\"fr_FR\" \/>\n<meta property=\"og:type\" content=\"article\" \/>\n<meta property=\"og:title\" content=\"Relocaliser l&#039;\u00e9conomie : Bient\u00f4t des panneaux solaires \u00ab Made in Europe \u00bb ? - Renouvelle\" \/>\n<meta property=\"og:description\" content=\"Au sein de l\u2019\u00e9conomie mondialis\u00e9e, la Chine est devenue la principale \u00ab usine du monde \u00bb pour la plupart des biens que nous consommons. Les panneaux solaires n\u2019y \u00e9chappent pas. Ceux-ci sont essentiellement fabriqu\u00e9s en Asie, en Chine en particulier, comme le montre la figure ci-dessous issue du \u00ab Trends 2019 \u00bb publi\u00e9 par l\u2019Agence Internationale de l\u2019Energie. Et ce \u00e0 toutes les \u00e9tapes de fabrication.&nbsp; Or la crise du coronavirus, \u00e0 travers la p\u00e9nurie de masques de protection notamment, a mis en \u00e9vidence l\u2019impact d\u2019une si grande d\u00e9pendance ext\u00e9rieure envers des biens jug\u00e9s essentiels.&nbsp;&nbsp; En 2020, la fili\u00e8re photovolta\u00efque sera tr\u00e8s impact\u00e9e par l\u2019arr\u00eat et les retards de fabrication de panneaux solaires en Chine. L\u2019agence BloomergergNEF estime ainsi qu\u2019il est d\u00e9sormais n\u00e9cessaire de relocaliser une industrie solaire en Europe notamment (lire cet article de Euractiv).&nbsp; Et plus globalement, de nombreux \u00e9conomistes et acteurs professionnels estiment d\u00e9sormais que la survie de nos \u00e9conomies passera par une relocalisation des activit\u00e9s (lire notre article Coronavirus : La D\u00e9mocratie \u00e9nerg\u00e9tique comme r\u00e9silience ? et cette tribune dans Le Monde : \u00ab Relocaliser n\u2019est plus une option mais une condition de survie de nos syst\u00e8mes \u00e9conomiques et sociaux \u00bb).&nbsp; Source : IEA-PVPS Soulignons \u00e9galement que l\u2019Europe d\u00e9pend \u00e0 58% de l\u2019ext\u00e9rieur pour son approvisionnement \u00e9nerg\u00e9tique, \u00e0 travers ses importations de p\u00e9trole et de gaz notamment (chiffres Eurostat 2028).&nbsp;&nbsp; Pour atteindre son objectif Z\u00e9ro carbone d\u2019ici 2050, l\u2019Europe doit donc s\u2019affranchir de ces importations et d\u00e9velopper sur son territoires toutes les sources d\u2019\u00e9nergies renouvelables disponibles : photovolta\u00efque, \u00e9olien, biomasse, g\u00e9othermie, hydro\u00e9nergie&#8230;&nbsp; Dans ce contexte, les panneaux solaires deviennent donc un bien essentiel pour assurer l\u2019autonomie \u00e9nerg\u00e9tique europ\u00e9enne.&nbsp; De nombreux acteurs de la fili\u00e8re plaident pour une re-localisation en Europe d\u2019une production industrielle de panneaux solaires.&nbsp; &hellip; Continue reading &quot;Relocaliser l&rsquo;\u00e9conomie : Bient\u00f4t des panneaux solaires \u00ab Made in Europe \u00bb ?&quot;\" \/>\n<meta property=\"og:url\" content=\"https:\/\/www.renouvelle.be\/fr\/relocaliser-leconomie-bientot-des-panneaux-solaires-made-in-europe\/\" \/>\n<meta property=\"og:site_name\" content=\"Renouvelle\" \/>\n<meta property=\"article:published_time\" content=\"2020-04-06T09:52:52+00:00\" \/>\n<meta property=\"article:modified_time\" content=\"2021-03-12T09:35:43+00:00\" \/>\n<meta property=\"og:image\" content=\"https:\/\/www.renouvelle.be\/wp-content\/uploads\/2020\/04\/pv_0.jpg\" \/>\n\t<meta property=\"og:image:width\" content=\"580\" \/>\n\t<meta property=\"og:image:height\" content=\"387\" \/>\n\t<meta property=\"og:image:type\" content=\"image\/jpeg\" \/>\n<meta name=\"author\" content=\"Benjamin WILKIN\" \/>\n<meta name=\"twitter:card\" content=\"summary_large_image\" \/>\n<script type=\"application\/ld+json\" class=\"yoast-schema-graph\">{\"@context\":\"https:\\\/\\\/schema.org\",\"@graph\":[{\"@type\":\"Article\",\"@id\":\"https:\\\/\\\/www.renouvelle.be\\\/fr\\\/relocaliser-leconomie-bientot-des-panneaux-solaires-made-in-europe\\\/#article\",\"isPartOf\":{\"@id\":\"https:\\\/\\\/www.renouvelle.be\\\/fr\\\/relocaliser-leconomie-bientot-des-panneaux-solaires-made-in-europe\\\/\"},\"author\":{\"name\":\"Benjamin WILKIN\",\"@id\":\"https:\\\/\\\/www.renouvelle.be\\\/fr\\\/#\\\/schema\\\/person\\\/20d41a25c5a48ee6500cc1a14288f058\"},\"headline\":\"Relocaliser l&rsquo;\u00e9conomie : Bient\u00f4t des panneaux solaires \u00ab Made in Europe \u00bb ?\",\"datePublished\":\"2020-04-06T09:52:52+00:00\",\"dateModified\":\"2021-03-12T09:35:43+00:00\",\"mainEntityOfPage\":{\"@id\":\"https:\\\/\\\/www.renouvelle.be\\\/fr\\\/relocaliser-leconomie-bientot-des-panneaux-solaires-made-in-europe\\\/\"},\"wordCount\":1272,\"commentCount\":0,\"image\":{\"@id\":\"https:\\\/\\\/www.renouvelle.be\\\/fr\\\/relocaliser-leconomie-bientot-des-panneaux-solaires-made-in-europe\\\/#primaryimage\"},\"thumbnailUrl\":\"https:\\\/\\\/www.renouvelle.be\\\/wp-content\\\/uploads\\\/2020\\\/04\\\/pv_0.jpg\",\"articleSection\":[\"Actualit\u00e9 internationale\"],\"inLanguage\":\"fr-FR\",\"potentialAction\":[{\"@type\":\"CommentAction\",\"name\":\"Comment\",\"target\":[\"https:\\\/\\\/www.renouvelle.be\\\/fr\\\/relocaliser-leconomie-bientot-des-panneaux-solaires-made-in-europe\\\/#respond\"]}]},{\"@type\":\"WebPage\",\"@id\":\"https:\\\/\\\/www.renouvelle.be\\\/fr\\\/relocaliser-leconomie-bientot-des-panneaux-solaires-made-in-europe\\\/\",\"url\":\"https:\\\/\\\/www.renouvelle.be\\\/fr\\\/relocaliser-leconomie-bientot-des-panneaux-solaires-made-in-europe\\\/\",\"name\":\"Relocaliser l'\u00e9conomie : Bient\u00f4t des panneaux solaires \u00ab Made in Europe \u00bb ? - Renouvelle\",\"isPartOf\":{\"@id\":\"https:\\\/\\\/www.renouvelle.be\\\/fr\\\/#website\"},\"primaryImageOfPage\":{\"@id\":\"https:\\\/\\\/www.renouvelle.be\\\/fr\\\/relocaliser-leconomie-bientot-des-panneaux-solaires-made-in-europe\\\/#primaryimage\"},\"image\":{\"@id\":\"https:\\\/\\\/www.renouvelle.be\\\/fr\\\/relocaliser-leconomie-bientot-des-panneaux-solaires-made-in-europe\\\/#primaryimage\"},\"thumbnailUrl\":\"https:\\\/\\\/www.renouvelle.be\\\/wp-content\\\/uploads\\\/2020\\\/04\\\/pv_0.jpg\",\"datePublished\":\"2020-04-06T09:52:52+00:00\",\"dateModified\":\"2021-03-12T09:35:43+00:00\",\"author\":{\"@id\":\"https:\\\/\\\/www.renouvelle.be\\\/fr\\\/#\\\/schema\\\/person\\\/20d41a25c5a48ee6500cc1a14288f058\"},\"breadcrumb\":{\"@id\":\"https:\\\/\\\/www.renouvelle.be\\\/fr\\\/relocaliser-leconomie-bientot-des-panneaux-solaires-made-in-europe\\\/#breadcrumb\"},\"inLanguage\":\"fr-FR\",\"potentialAction\":[{\"@type\":\"ReadAction\",\"target\":[\"https:\\\/\\\/www.renouvelle.be\\\/fr\\\/relocaliser-leconomie-bientot-des-panneaux-solaires-made-in-europe\\\/\"]}]},{\"@type\":\"ImageObject\",\"inLanguage\":\"fr-FR\",\"@id\":\"https:\\\/\\\/www.renouvelle.be\\\/fr\\\/relocaliser-leconomie-bientot-des-panneaux-solaires-made-in-europe\\\/#primaryimage\",\"url\":\"https:\\\/\\\/www.renouvelle.be\\\/wp-content\\\/uploads\\\/2020\\\/04\\\/pv_0.jpg\",\"contentUrl\":\"https:\\\/\\\/www.renouvelle.be\\\/wp-content\\\/uploads\\\/2020\\\/04\\\/pv_0.jpg\",\"width\":580,\"height\":387,\"caption\":\"Manufacturing of solar panel system in factory.Industry concept.\"},{\"@type\":\"BreadcrumbList\",\"@id\":\"https:\\\/\\\/www.renouvelle.be\\\/fr\\\/relocaliser-leconomie-bientot-des-panneaux-solaires-made-in-europe\\\/#breadcrumb\",\"itemListElement\":[{\"@type\":\"ListItem\",\"position\":1,\"name\":\"Accueil\",\"item\":\"https:\\\/\\\/www.renouvelle.be\\\/fr\\\/\"},{\"@type\":\"ListItem\",\"position\":2,\"name\":\"Relocaliser l&rsquo;\u00e9conomie : Bient\u00f4t des panneaux solaires \u00ab Made in Europe \u00bb ?\"}]},{\"@type\":\"WebSite\",\"@id\":\"https:\\\/\\\/www.renouvelle.be\\\/fr\\\/#website\",\"url\":\"https:\\\/\\\/www.renouvelle.be\\\/fr\\\/\",\"name\":\"Renouvelle\",\"description\":\"L&#039;actualit\u00e9 de l&#039;\u00e9nergie durable\",\"potentialAction\":[{\"@type\":\"SearchAction\",\"target\":{\"@type\":\"EntryPoint\",\"urlTemplate\":\"https:\\\/\\\/www.renouvelle.be\\\/fr\\\/?s={search_term_string}\"},\"query-input\":{\"@type\":\"PropertyValueSpecification\",\"valueRequired\":true,\"valueName\":\"search_term_string\"}}],\"inLanguage\":\"fr-FR\"},{\"@type\":\"Person\",\"@id\":\"https:\\\/\\\/www.renouvelle.be\\\/fr\\\/#\\\/schema\\\/person\\\/20d41a25c5a48ee6500cc1a14288f058\",\"name\":\"Benjamin WILKIN\",\"url\":\"https:\\\/\\\/www.renouvelle.be\\\/fr\\\/author\\\/benjaminwilkin\\\/\"}]}<\/script>\n<!-- \/ Yoast SEO plugin. -->","yoast_head_json":{"title":"Relocaliser l'\u00e9conomie : Bient\u00f4t des panneaux solaires \u00ab Made in Europe \u00bb ? - Renouvelle","robots":{"index":"index","follow":"follow","max-snippet":"max-snippet:-1","max-image-preview":"max-image-preview:large","max-video-preview":"max-video-preview:-1"},"canonical":"https:\/\/www.renouvelle.be\/fr\/relocaliser-leconomie-bientot-des-panneaux-solaires-made-in-europe\/","og_locale":"fr_FR","og_type":"article","og_title":"Relocaliser l'\u00e9conomie : Bient\u00f4t des panneaux solaires \u00ab Made in Europe \u00bb ? - Renouvelle","og_description":"Au sein de l\u2019\u00e9conomie mondialis\u00e9e, la Chine est devenue la principale \u00ab usine du monde \u00bb pour la plupart des biens que nous consommons. Les panneaux solaires n\u2019y \u00e9chappent pas. Ceux-ci sont essentiellement fabriqu\u00e9s en Asie, en Chine en particulier, comme le montre la figure ci-dessous issue du \u00ab Trends 2019 \u00bb publi\u00e9 par l\u2019Agence Internationale de l\u2019Energie. Et ce \u00e0 toutes les \u00e9tapes de fabrication.&nbsp; Or la crise du coronavirus, \u00e0 travers la p\u00e9nurie de masques de protection notamment, a mis en \u00e9vidence l\u2019impact d\u2019une si grande d\u00e9pendance ext\u00e9rieure envers des biens jug\u00e9s essentiels.&nbsp;&nbsp; En 2020, la fili\u00e8re photovolta\u00efque sera tr\u00e8s impact\u00e9e par l\u2019arr\u00eat et les retards de fabrication de panneaux solaires en Chine. L\u2019agence BloomergergNEF estime ainsi qu\u2019il est d\u00e9sormais n\u00e9cessaire de relocaliser une industrie solaire en Europe notamment (lire cet article de Euractiv).&nbsp; Et plus globalement, de nombreux \u00e9conomistes et acteurs professionnels estiment d\u00e9sormais que la survie de nos \u00e9conomies passera par une relocalisation des activit\u00e9s (lire notre article Coronavirus : La D\u00e9mocratie \u00e9nerg\u00e9tique comme r\u00e9silience ? et cette tribune dans Le Monde : \u00ab Relocaliser n\u2019est plus une option mais une condition de survie de nos syst\u00e8mes \u00e9conomiques et sociaux \u00bb).&nbsp; Source : IEA-PVPS Soulignons \u00e9galement que l\u2019Europe d\u00e9pend \u00e0 58% de l\u2019ext\u00e9rieur pour son approvisionnement \u00e9nerg\u00e9tique, \u00e0 travers ses importations de p\u00e9trole et de gaz notamment (chiffres Eurostat 2028).&nbsp;&nbsp; Pour atteindre son objectif Z\u00e9ro carbone d\u2019ici 2050, l\u2019Europe doit donc s\u2019affranchir de ces importations et d\u00e9velopper sur son territoires toutes les sources d\u2019\u00e9nergies renouvelables disponibles : photovolta\u00efque, \u00e9olien, biomasse, g\u00e9othermie, hydro\u00e9nergie&#8230;&nbsp; Dans ce contexte, les panneaux solaires deviennent donc un bien essentiel pour assurer l\u2019autonomie \u00e9nerg\u00e9tique europ\u00e9enne.&nbsp; De nombreux acteurs de la fili\u00e8re plaident pour une re-localisation en Europe d\u2019une production industrielle de panneaux solaires.&nbsp; &hellip; Continue reading \"Relocaliser l&rsquo;\u00e9conomie : Bient\u00f4t des panneaux solaires \u00ab Made in Europe \u00bb ?\"","og_url":"https:\/\/www.renouvelle.be\/fr\/relocaliser-leconomie-bientot-des-panneaux-solaires-made-in-europe\/","og_site_name":"Renouvelle","article_published_time":"2020-04-06T09:52:52+00:00","article_modified_time":"2021-03-12T09:35:43+00:00","og_image":[{"width":580,"height":387,"url":"https:\/\/www.renouvelle.be\/wp-content\/uploads\/2020\/04\/pv_0.jpg","type":"image\/jpeg"}],"author":"Benjamin WILKIN","twitter_card":"summary_large_image","schema":{"@context":"https:\/\/schema.org","@graph":[{"@type":"Article","@id":"https:\/\/www.renouvelle.be\/fr\/relocaliser-leconomie-bientot-des-panneaux-solaires-made-in-europe\/#article","isPartOf":{"@id":"https:\/\/www.renouvelle.be\/fr\/relocaliser-leconomie-bientot-des-panneaux-solaires-made-in-europe\/"},"author":{"name":"Benjamin WILKIN","@id":"https:\/\/www.renouvelle.be\/fr\/#\/schema\/person\/20d41a25c5a48ee6500cc1a14288f058"},"headline":"Relocaliser l&rsquo;\u00e9conomie : Bient\u00f4t des panneaux solaires \u00ab Made in Europe \u00bb ?","datePublished":"2020-04-06T09:52:52+00:00","dateModified":"2021-03-12T09:35:43+00:00","mainEntityOfPage":{"@id":"https:\/\/www.renouvelle.be\/fr\/relocaliser-leconomie-bientot-des-panneaux-solaires-made-in-europe\/"},"wordCount":1272,"commentCount":0,"image":{"@id":"https:\/\/www.renouvelle.be\/fr\/relocaliser-leconomie-bientot-des-panneaux-solaires-made-in-europe\/#primaryimage"},"thumbnailUrl":"https:\/\/www.renouvelle.be\/wp-content\/uploads\/2020\/04\/pv_0.jpg","articleSection":["Actualit\u00e9 internationale"],"inLanguage":"fr-FR","potentialAction":[{"@type":"CommentAction","name":"Comment","target":["https:\/\/www.renouvelle.be\/fr\/relocaliser-leconomie-bientot-des-panneaux-solaires-made-in-europe\/#respond"]}]},{"@type":"WebPage","@id":"https:\/\/www.renouvelle.be\/fr\/relocaliser-leconomie-bientot-des-panneaux-solaires-made-in-europe\/","url":"https:\/\/www.renouvelle.be\/fr\/relocaliser-leconomie-bientot-des-panneaux-solaires-made-in-europe\/","name":"Relocaliser l'\u00e9conomie : Bient\u00f4t des panneaux solaires \u00ab Made in Europe \u00bb ? - Renouvelle","isPartOf":{"@id":"https:\/\/www.renouvelle.be\/fr\/#website"},"primaryImageOfPage":{"@id":"https:\/\/www.renouvelle.be\/fr\/relocaliser-leconomie-bientot-des-panneaux-solaires-made-in-europe\/#primaryimage"},"image":{"@id":"https:\/\/www.renouvelle.be\/fr\/relocaliser-leconomie-bientot-des-panneaux-solaires-made-in-europe\/#primaryimage"},"thumbnailUrl":"https:\/\/www.renouvelle.be\/wp-content\/uploads\/2020\/04\/pv_0.jpg","datePublished":"2020-04-06T09:52:52+00:00","dateModified":"2021-03-12T09:35:43+00:00","author":{"@id":"https:\/\/www.renouvelle.be\/fr\/#\/schema\/person\/20d41a25c5a48ee6500cc1a14288f058"},"breadcrumb":{"@id":"https:\/\/www.renouvelle.be\/fr\/relocaliser-leconomie-bientot-des-panneaux-solaires-made-in-europe\/#breadcrumb"},"inLanguage":"fr-FR","potentialAction":[{"@type":"ReadAction","target":["https:\/\/www.renouvelle.be\/fr\/relocaliser-leconomie-bientot-des-panneaux-solaires-made-in-europe\/"]}]},{"@type":"ImageObject","inLanguage":"fr-FR","@id":"https:\/\/www.renouvelle.be\/fr\/relocaliser-leconomie-bientot-des-panneaux-solaires-made-in-europe\/#primaryimage","url":"https:\/\/www.renouvelle.be\/wp-content\/uploads\/2020\/04\/pv_0.jpg","contentUrl":"https:\/\/www.renouvelle.be\/wp-content\/uploads\/2020\/04\/pv_0.jpg","width":580,"height":387,"caption":"Manufacturing of solar panel system in factory.Industry concept."},{"@type":"BreadcrumbList","@id":"https:\/\/www.renouvelle.be\/fr\/relocaliser-leconomie-bientot-des-panneaux-solaires-made-in-europe\/#breadcrumb","itemListElement":[{"@type":"ListItem","position":1,"name":"Accueil","item":"https:\/\/www.renouvelle.be\/fr\/"},{"@type":"ListItem","position":2,"name":"Relocaliser l&rsquo;\u00e9conomie : Bient\u00f4t des panneaux solaires \u00ab Made in Europe \u00bb ?"}]},{"@type":"WebSite","@id":"https:\/\/www.renouvelle.be\/fr\/#website","url":"https:\/\/www.renouvelle.be\/fr\/","name":"Renouvelle","description":"L&#039;actualit\u00e9 de l&#039;\u00e9nergie durable","potentialAction":[{"@type":"SearchAction","target":{"@type":"EntryPoint","urlTemplate":"https:\/\/www.renouvelle.be\/fr\/?s={search_term_string}"},"query-input":{"@type":"PropertyValueSpecification","valueRequired":true,"valueName":"search_term_string"}}],"inLanguage":"fr-FR"},{"@type":"Person","@id":"https:\/\/www.renouvelle.be\/fr\/#\/schema\/person\/20d41a25c5a48ee6500cc1a14288f058","name":"Benjamin WILKIN","url":"https:\/\/www.renouvelle.be\/fr\/author\/benjaminwilkin\/"}]}},"_links":{"self":[{"href":"https:\/\/www.renouvelle.be\/fr\/wp-json\/wp\/v2\/posts\/3836","targetHints":{"allow":["GET"]}}],"collection":[{"href":"https:\/\/www.renouvelle.be\/fr\/wp-json\/wp\/v2\/posts"}],"about":[{"href":"https:\/\/www.renouvelle.be\/fr\/wp-json\/wp\/v2\/types\/post"}],"author":[{"embeddable":true,"href":"https:\/\/www.renouvelle.be\/fr\/wp-json\/wp\/v2\/users\/17"}],"replies":[{"embeddable":true,"href":"https:\/\/www.renouvelle.be\/fr\/wp-json\/wp\/v2\/comments?post=3836"}],"version-history":[{"count":3,"href":"https:\/\/www.renouvelle.be\/fr\/wp-json\/wp\/v2\/posts\/3836\/revisions"}],"predecessor-version":[{"id":5443,"href":"https:\/\/www.renouvelle.be\/fr\/wp-json\/wp\/v2\/posts\/3836\/revisions\/5443"}],"wp:featuredmedia":[{"embeddable":true,"href":"https:\/\/www.renouvelle.be\/fr\/wp-json\/wp\/v2\/media\/5712"}],"wp:attachment":[{"href":"https:\/\/www.renouvelle.be\/fr\/wp-json\/wp\/v2\/media?parent=3836"}],"wp:term":[{"taxonomy":"category","embeddable":true,"href":"https:\/\/www.renouvelle.be\/fr\/wp-json\/wp\/v2\/categories?post=3836"},{"taxonomy":"post_tag","embeddable":true,"href":"https:\/\/www.renouvelle.be\/fr\/wp-json\/wp\/v2\/tags?post=3836"},{"taxonomy":"section","embeddable":true,"href":"https:\/\/www.renouvelle.be\/fr\/wp-json\/wp\/v2\/section?post=3836"}],"curies":[{"name":"wp","href":"https:\/\/api.w.org\/{rel}","templated":true}]}}