{"id":3814,"date":"2020-02-14T11:50:15","date_gmt":"2020-02-14T11:50:15","guid":{"rendered":"https:\/\/www.renouvelle.be\/fr\/les-emissions-mondiales-de-co2-ont-stagne-en-2019-vont-elles-enfin\/"},"modified":"2023-10-02T17:44:30","modified_gmt":"2023-10-02T15:44:30","slug":"les-emissions-mondiales-de-co2-ont-stagne-en-2019-vont-elles-enfin","status":"publish","type":"post","link":"https:\/\/www.renouvelle.be\/fr\/les-emissions-mondiales-de-co2-ont-stagne-en-2019-vont-elles-enfin\/","title":{"rendered":"Les \u00e9missions mondiales de CO2 ont stagn\u00e9 en 2019 : vont-elles enfin d\u00e9cro\u00eetre ?"},"content":{"rendered":"<p>Le nouveau <a href=\"https:\/\/www.iea.org\/news\/defying-expectations-of-a-rise-global-carbon-dioxide-emissions-flatlined-in-2019?utm_campaign=IEA%20newsletters&amp;utm_source=SendGrid&amp;utm_medium=Email\">rapport<\/a> de l\u2019Agence Internationale de l\u2019Energie (AIE) le souligne : D\u00e9fiant une croissance attendue, les \u00e9missions mondiales de CO2 sont, au contraire, rest\u00e9es stables en 2019, malgr\u00e9 une croissance \u00e9conomique de 2,9%.<\/p>\n<p>Apr\u00e8s deux ann\u00e9es d\u2019augmentation, ces \u00e9missions de carbone ont stagn\u00e9, en 2018 et en 2019, \u00e0 33 gigatonnes.<\/p>\n<p>Selon l\u2019AIE, cette bonne nouvelle s\u2019explique en premier lieu par une production d\u2019\u00e9lectricit\u00e9 moins carbon\u00e9e dans les \u00e9conomies avanc\u00e9es, gr\u00e2ce \u00e0 la croissance des \u00e9nergies renouvelables &#8211; \u00e9olien et solaire principalement -, au remplacement du charbon par du gaz naturel et par une plus grande part de nucl\u00e9aire.<\/p>\n<p>D\u2019autres facteurs ont \u00e9galement jou\u00e9, notamment des temp\u00e9ratures plus douces dans plusieurs pays et une croissance \u00e9conomique plus faible dans plusieurs march\u00e9s \u00e9mergents.<\/p>\n<p>&nbsp;<\/p>\n<h2>D\u00e9croissance aux Etats-Unis, en Europe et au Japon<\/h2>\n<p>&nbsp;<\/p>\n<p>Les Etats-Unis ont enregistr\u00e9 le plus grand d\u00e9clin des \u00e9missions de CO2 sur une base nationale, avec une chute de 140 millions de tonnes (2,9%). L\u2019Union europ\u00e9enne enregistre une chute de 160 millions de tonnes (5%).<\/p>\n<p>Pour la premi\u00e8re fois en Europe, la production d\u2019\u00e9lectricit\u00e9 \u00e0 partir de gaz a d\u00e9pass\u00e9 la production au charbon ; tandis que l\u2019\u00e9olien a \u00e9galement rattrap\u00e9 la production au charbon.<\/p>\n<p>Le Japon a \u00e9galement connu une chute de 45 millions de tonnes (4%).<\/p>\n<p>Ailleurs dans le monde, les \u00e9missions ont continu\u00e9 \u00e0 augmenter en 2019, principalement en raison d\u2019une croissance des productions au charbon en Asie.<\/p>\n<p>&nbsp;<\/p>\n<h2><em>\u00ab Nous pouvons relever le d\u00e9fi climatique \u00bb<\/em><\/h2>\n<p>&nbsp;<\/p>\n<p>Cette stagnation amorce-t-elle une v\u00e9ritable d\u00e9croissance des \u00e9missions de gaz \u00e0 effet de serre, comme le pr\u00e9conise la communaut\u00e9 scientifique pour stabiliser le climat ?<\/p>\n<p><em>\u00ab&nbsp;Nous devons \u00e0 pr\u00e9sent travailler dur pour faire en sorte que 2019 soit consid\u00e9r\u00e9e comme un pic d\u00e9finitif dans les \u00e9missions mondiales, et pas simplement une pause dans leur augmentation&nbsp;\u00bb, <\/em>a insist\u00e9 Fatih Birol, Directeur Ex\u00e9cutif de l\u2019AIE.<\/p>\n<p><em>\u00ab Cet arr\u00eat bienvenu de la croissance des \u00e9missions est un motif d\u2019optimisme : nous pouvons relever le d\u00e9fi climatique de cette d\u00e9cennie \u00bb,<\/em> a d\u00e9clar\u00e9 le Dr Birol. <em>\u00ab Cela prouve que des transitions vers une \u00e9nergie propre sont en cours &#8211; et c&rsquo;est aussi un signal que nous avons la possibilit\u00e9 de r\u00e9duire les \u00e9missions de mani\u00e8re significative par le biais de politiques et d&rsquo;investissements plus ambitieux. \u00bb<\/em><\/p>\n<p>Pour soutenir ces objectifs, l&rsquo;AIE publiera un rapport sp\u00e9cial sur les perspectives \u00e9nerg\u00e9tiques mondiales en juin 2020 qui expliquera comment r\u00e9duire les \u00e9missions mondiales de carbone li\u00e9es \u00e0 l&rsquo;\u00e9nergie d&rsquo;un tiers d&rsquo;ici 2030 et mettra le monde sur la voie des objectifs climatiques \u00e0 plus long terme.<\/p>\n<p>L&rsquo;Agence organisera \u00e9galement un sommet sur les transitions \u00e9nerg\u00e9tiques propres \u00e0 Paris le 9 juillet 2020, r\u00e9unissant les principaux ministres, PDG, investisseurs et autres parties prenantes du monde entier dans le but d&rsquo;acc\u00e9l\u00e9rer le rythme du changement gr\u00e2ce \u00e0 des solutions ambitieuses et r\u00e9elles.<\/p>\n<p>&nbsp;<\/p>\n<h2>Une croissance \u00e9conomique en r\u00e9duisant les \u00e9missions de CO2 ?<\/h2>\n<p>&nbsp;<\/p>\n<p>Pour la premi\u00e8re fois dans l\u2019histoire, on assisterait donc \u00e0 un d\u00e9couplage entre croissance \u00e9conomique mondiale et \u00e9missions de CO2. C\u2019est incontestablement une bonne nouvelle. Et l\u2019AIE d\u2019affirmer que : \u00ab&nbsp;<em>Nous pouvons relever le d\u00e9fi climatique&nbsp;\u00bb. <\/em>Un message d\u2019espoir susceptible de rendre du baume au c\u0153ur \u00e0 ceux que l\u2019inertie soci\u00e9tale face \u00e0 l\u2019urgence climatique pourrait d\u00e9courager.<\/p>\n<p>Ce discours v\u00e9hicule n\u00e9anmoins surtout l\u2019id\u00e9e que la transition \u00e9nerg\u00e9tique pourra s\u2019op\u00e9rer dans le cadre d\u2019une croissance \u00e9conomique similaire \u00e0 celle que nous avons connu ces derni\u00e8res d\u00e9cennies.<\/p>\n<p>Nombreuses sont pourtant les voix qui remettent en cause cette possibilit\u00e9 de maintenir la croissance \u00e9conomique de mani\u00e8re infinie dans un monde aux ressources et capacit\u00e9s pourtant limit\u00e9es.<\/p>\n<p>Pour illustrer le principe du d\u00e9couplage, le graphique ci-dessous montre comment devrait baisser l\u2019intensit\u00e9 carbone de notre \u00e9conomie (Emissions\/PIB) pour r\u00e9duire les \u00e9missions de 45% \u00e0 l\u2019horizon 2030 et de 100% \u00e0 l\u2019horizon 2050 (objectif propos\u00e9 par le GIEC pour limiter le r\u00e9chauffement climatique \u00e0 1,5\u00b0C) dans une dynamique de croissance du PIB mondial similaire \u00e0 celle de 2019 (2,9%).<\/p>\n<p><img decoding=\"async\" alt=\"\" src=\"\/wp-content\/uploads\/2021\/02\/post\/graph1_1.jpg\" style=\"width: 570px; height: 333px;\"><\/p>\n<p>Tout d\u2019abord, la forme exponentielle de la courbe de croissance du PIB nous rappelle l\u2019impact inou\u00ef d\u2019une politique visant une croissance de 2,9% du PIB par an. Une telle croissance multiplie le PIB par 1,4 en 10 ans et par 2,5 en 30 ans&nbsp;!<\/p>\n<p>Une infinit\u00e9 de sc\u00e9narios th\u00e9oriques permettrait de suivre la courbe de baisse de l\u2019intensit\u00e9 carbone de notre \u00e9conomie. En effet, deux axes de travail s\u2019offrent \u00e0 nous pour r\u00e9duire cette intensit\u00e9 dans un contexte de croissance&nbsp;: l\u2019am\u00e9lioration de l\u2019efficacit\u00e9 \u00e9nerg\u00e9tique de notre \u00e9conomie, et le recours aux \u00e9nergies renouvelables. En d\u00e9finissant ce que nous sommes pr\u00eats \u00e0 faire suivant un axe, nous pouvons facilement d\u00e9duire l\u2019effort \u00e0 r\u00e9aliser suivant l\u2019autre axe.<\/p>\n<p>Ainsi, d\u2019apr\u00e8s nos calculs, pour r\u00e9duire les \u00e9missions mondiales suivant les prescriptions du GIEC en maintenant un taux de croissance \u00e9conomique de l\u2019ordre de 3%, nous devrions par exemple d\u00e8s aujourd\u2019hui multiplier par 3 et maintenir pendant 30 ans le rythme d\u2019am\u00e9lioration de l\u2019efficacit\u00e9 \u00e9nerg\u00e9tique de notre \u00e9conomie (Energie totale consomm\u00e9e\/PIB) et multiplier par 28 la production d\u2019\u00e9nergie renouvelable en 30 ans (graphique ci-dessous).<\/p>\n<p><img decoding=\"async\" alt=\"\" src=\"\/wp-content\/uploads\/2021\/02\/post\/graph2_1.jpg\" style=\"width: 580px; height: 361px;\"><\/p>\n<p><small>Voici la trajectoire \u00e0 suivre d\u2019ici 2050 pour stabiliser le climat (ktep = <a href=\"https:\/\/fr.wiktionary.org\/wiki\/mille\" title=\"mille\">Mille<\/a> <a href=\"https:\/\/fr.wiktionary.org\/wiki\/tonne\" title=\"tonne\">tonnes<\/a> d\u2019<a href=\"https:\/\/fr.wiktionary.org\/w\/index.php?title=%C3%A9quivalent_p%C3%A9trole&amp;action=edit&amp;redlink=1\" title=\"\u00e9quivalent p\u00e9trole (page inexistante)\">\u00e9quivalent p\u00e9trole<\/a>).<\/small><\/p>\n<p>Pour suivre ce sc\u00e9nario, nous devrions r\u00e9ussir \u00e0 r\u00e9duire la consommation d\u2019\u00e9nergie par unit\u00e9 de PIB de moiti\u00e9 en 10 ans, ce qui rel\u00e8ve de la pure science-fiction, et multiplier le parc de production renouvelable par 10 sur la m\u00eame p\u00e9riode (10 fois plus d\u2019\u00e9oliennes, de panneaux solaires, etc.), ce qui ne semble pas beaucoup plus r\u00e9aliste.<\/p>\n<p>M\u00eame sans aborder les questions de la disponibilit\u00e9 des ressources (minerais, etc\u2026) n\u00e9cessaires pour soutenir cette croissance et de la capacit\u00e9 du syst\u00e8me-Terre \u00e0 la supporter (pression sur la biodiversit\u00e9, etc.), une d\u00e9bat objectif sur la transition \u00e9nerg\u00e9tique ne peut donc pas \u00e9luder les questions de la sobri\u00e9t\u00e9 et de la d\u00e9croissance, et leurs pendants \u00e9conomiques, sociaux et \u00e9thiques&#8230;<\/p>\n<p>Si la stagnation du CO<sub>2<\/sub> en 2019 est en soi une bonne nouvelle, elle ne doit pas masquer un d\u00e9bat n\u00e9cessaire sur la d\u00e9croissance \u00e9conomique, seul sc\u00e9nario \u00e0 m\u00eame de poursuivre la d\u00e9carbonation g\u00e9n\u00e9ralis\u00e9e de notre \u00e9conomie.<\/p>\n","protected":false},"excerpt":{"rendered":"<p>Le nouveau rapport de l\u2019Agence Internationale de l\u2019Energie (AIE) le souligne : D\u00e9fiant une croissance attendue, les \u00e9missions mondiales de CO2 sont, au contraire, rest\u00e9es stables en 2019, malgr\u00e9 une croissance \u00e9conomique de 2,9%. Apr\u00e8s deux ann\u00e9es d\u2019augmentation, ces \u00e9missions de carbone ont stagn\u00e9, en 2018 et en 2019, \u00e0 33 gigatonnes. Selon l\u2019AIE, cette bonne nouvelle s\u2019explique en premier lieu par une production d\u2019\u00e9lectricit\u00e9 moins carbon\u00e9e dans les \u00e9conomies avanc\u00e9es, gr\u00e2ce \u00e0 la croissance des \u00e9nergies renouvelables &#8211; \u00e9olien et solaire principalement -, au remplacement du charbon par du gaz naturel et par une plus grande part de nucl\u00e9aire. D\u2019autres facteurs ont \u00e9galement jou\u00e9, notamment des temp\u00e9ratures plus douces dans plusieurs pays et une croissance \u00e9conomique plus faible dans plusieurs march\u00e9s \u00e9mergents. &nbsp; D\u00e9croissance aux Etats-Unis, en Europe et au Japon &nbsp; Les Etats-Unis ont enregistr\u00e9 le plus grand d\u00e9clin des \u00e9missions de CO2 sur une base nationale, avec une chute de 140 millions de tonnes (2,9%). L\u2019Union europ\u00e9enne enregistre une chute de 160 millions de tonnes (5%). Pour la premi\u00e8re fois en Europe, la production d\u2019\u00e9lectricit\u00e9 \u00e0 partir de gaz a d\u00e9pass\u00e9 la production au charbon ; tandis que l\u2019\u00e9olien a \u00e9galement rattrap\u00e9 la production au charbon. Le Japon a \u00e9galement connu une chute de 45 millions de tonnes (4%). Ailleurs dans le monde, les \u00e9missions ont continu\u00e9 \u00e0 augmenter en 2019, principalement en raison d\u2019une croissance des productions au charbon en Asie. &nbsp; \u00ab Nous pouvons relever le d\u00e9fi climatique \u00bb &nbsp; Cette stagnation amorce-t-elle une v\u00e9ritable d\u00e9croissance des \u00e9missions de gaz \u00e0 effet de serre, comme le pr\u00e9conise la communaut\u00e9 scientifique pour stabiliser le climat ? \u00ab&nbsp;Nous devons \u00e0 pr\u00e9sent travailler dur pour faire en sorte que 2019 soit consid\u00e9r\u00e9e comme un pic d\u00e9finitif dans les &hellip; <a href=\"https:\/\/www.renouvelle.be\/fr\/les-emissions-mondiales-de-co2-ont-stagne-en-2019-vont-elles-enfin\/\" class=\"more-link\">Continue reading<span class=\"screen-reader-text\"> \u00ab\u00a0Les \u00e9missions mondiales de CO2 ont stagn\u00e9 en 2019 : vont-elles enfin d\u00e9cro\u00eetre ?\u00a0\u00bb<\/span><\/a><\/p>\n","protected":false},"author":3,"featured_media":4617,"comment_status":"open","ping_status":"open","sticky":false,"template":"","format":"standard","meta":{"_acf_changed":false,"footnotes":""},"categories":[18],"tags":[],"section":[8],"class_list":["post-3814","post","type-post","status-publish","format-standard","has-post-thumbnail","hentry","category-actualite-internationale","section-energie-renouvelables"],"acf":[],"yoast_head":"<!-- This site is optimized with the Yoast SEO plugin v27.5 - https:\/\/yoast.com\/product\/yoast-seo-wordpress\/ -->\n<title>Les \u00e9missions mondiales de CO2 ont stagn\u00e9 en 2019 : vont-elles enfin d\u00e9cro\u00eetre ? - Renouvelle<\/title>\n<meta name=\"robots\" content=\"index, follow, max-snippet:-1, max-image-preview:large, max-video-preview:-1\" \/>\n<link rel=\"canonical\" href=\"https:\/\/www.renouvelle.be\/fr\/les-emissions-mondiales-de-co2-ont-stagne-en-2019-vont-elles-enfin\/\" \/>\n<meta property=\"og:locale\" content=\"fr_FR\" \/>\n<meta property=\"og:type\" content=\"article\" \/>\n<meta property=\"og:title\" content=\"Les \u00e9missions mondiales de CO2 ont stagn\u00e9 en 2019 : vont-elles enfin d\u00e9cro\u00eetre ? - Renouvelle\" \/>\n<meta property=\"og:description\" content=\"Le nouveau rapport de l\u2019Agence Internationale de l\u2019Energie (AIE) le souligne : D\u00e9fiant une croissance attendue, les \u00e9missions mondiales de CO2 sont, au contraire, rest\u00e9es stables en 2019, malgr\u00e9 une croissance \u00e9conomique de 2,9%. Apr\u00e8s deux ann\u00e9es d\u2019augmentation, ces \u00e9missions de carbone ont stagn\u00e9, en 2018 et en 2019, \u00e0 33 gigatonnes. Selon l\u2019AIE, cette bonne nouvelle s\u2019explique en premier lieu par une production d\u2019\u00e9lectricit\u00e9 moins carbon\u00e9e dans les \u00e9conomies avanc\u00e9es, gr\u00e2ce \u00e0 la croissance des \u00e9nergies renouvelables &#8211; \u00e9olien et solaire principalement -, au remplacement du charbon par du gaz naturel et par une plus grande part de nucl\u00e9aire. D\u2019autres facteurs ont \u00e9galement jou\u00e9, notamment des temp\u00e9ratures plus douces dans plusieurs pays et une croissance \u00e9conomique plus faible dans plusieurs march\u00e9s \u00e9mergents. &nbsp; D\u00e9croissance aux Etats-Unis, en Europe et au Japon &nbsp; Les Etats-Unis ont enregistr\u00e9 le plus grand d\u00e9clin des \u00e9missions de CO2 sur une base nationale, avec une chute de 140 millions de tonnes (2,9%). L\u2019Union europ\u00e9enne enregistre une chute de 160 millions de tonnes (5%). Pour la premi\u00e8re fois en Europe, la production d\u2019\u00e9lectricit\u00e9 \u00e0 partir de gaz a d\u00e9pass\u00e9 la production au charbon ; tandis que l\u2019\u00e9olien a \u00e9galement rattrap\u00e9 la production au charbon. Le Japon a \u00e9galement connu une chute de 45 millions de tonnes (4%). Ailleurs dans le monde, les \u00e9missions ont continu\u00e9 \u00e0 augmenter en 2019, principalement en raison d\u2019une croissance des productions au charbon en Asie. &nbsp; \u00ab Nous pouvons relever le d\u00e9fi climatique \u00bb &nbsp; Cette stagnation amorce-t-elle une v\u00e9ritable d\u00e9croissance des \u00e9missions de gaz \u00e0 effet de serre, comme le pr\u00e9conise la communaut\u00e9 scientifique pour stabiliser le climat ? \u00ab&nbsp;Nous devons \u00e0 pr\u00e9sent travailler dur pour faire en sorte que 2019 soit consid\u00e9r\u00e9e comme un pic d\u00e9finitif dans les &hellip; Continue reading &quot;Les \u00e9missions mondiales de CO2 ont stagn\u00e9 en 2019 : vont-elles enfin d\u00e9cro\u00eetre ?&quot;\" \/>\n<meta property=\"og:url\" content=\"https:\/\/www.renouvelle.be\/fr\/les-emissions-mondiales-de-co2-ont-stagne-en-2019-vont-elles-enfin\/\" \/>\n<meta property=\"og:site_name\" content=\"Renouvelle\" \/>\n<meta property=\"article:published_time\" content=\"2020-02-14T11:50:15+00:00\" \/>\n<meta property=\"article:modified_time\" content=\"2023-10-02T15:44:30+00:00\" \/>\n<meta property=\"og:image\" content=\"https:\/\/www.renouvelle.be\/wp-content\/uploads\/2021\/02\/istock-976912100.jpg\" \/>\n\t<meta property=\"og:image:width\" content=\"580\" \/>\n\t<meta property=\"og:image:height\" content=\"387\" \/>\n\t<meta property=\"og:image:type\" content=\"image\/jpeg\" \/>\n<meta name=\"author\" content=\"Energie Commune\" \/>\n<meta name=\"twitter:card\" content=\"summary_large_image\" \/>\n<script type=\"application\/ld+json\" class=\"yoast-schema-graph\">{\"@context\":\"https:\\\/\\\/schema.org\",\"@graph\":[{\"@type\":\"Article\",\"@id\":\"https:\\\/\\\/www.renouvelle.be\\\/fr\\\/les-emissions-mondiales-de-co2-ont-stagne-en-2019-vont-elles-enfin\\\/#article\",\"isPartOf\":{\"@id\":\"https:\\\/\\\/www.renouvelle.be\\\/fr\\\/les-emissions-mondiales-de-co2-ont-stagne-en-2019-vont-elles-enfin\\\/\"},\"author\":{\"name\":\"Energie Commune\",\"@id\":\"https:\\\/\\\/www.renouvelle.be\\\/fr\\\/#\\\/schema\\\/person\\\/01fbe8226a07f8f3d4a1cd059b31f17a\"},\"headline\":\"Les \u00e9missions mondiales de CO2 ont stagn\u00e9 en 2019 : vont-elles enfin d\u00e9cro\u00eetre ?\",\"datePublished\":\"2020-02-14T11:50:15+00:00\",\"dateModified\":\"2023-10-02T15:44:30+00:00\",\"mainEntityOfPage\":{\"@id\":\"https:\\\/\\\/www.renouvelle.be\\\/fr\\\/les-emissions-mondiales-de-co2-ont-stagne-en-2019-vont-elles-enfin\\\/\"},\"wordCount\":1100,\"commentCount\":0,\"image\":{\"@id\":\"https:\\\/\\\/www.renouvelle.be\\\/fr\\\/les-emissions-mondiales-de-co2-ont-stagne-en-2019-vont-elles-enfin\\\/#primaryimage\"},\"thumbnailUrl\":\"https:\\\/\\\/www.renouvelle.be\\\/wp-content\\\/uploads\\\/2021\\\/02\\\/istock-976912100.jpg\",\"articleSection\":[\"Actualit\u00e9 internationale\"],\"inLanguage\":\"fr-FR\",\"potentialAction\":[{\"@type\":\"CommentAction\",\"name\":\"Comment\",\"target\":[\"https:\\\/\\\/www.renouvelle.be\\\/fr\\\/les-emissions-mondiales-de-co2-ont-stagne-en-2019-vont-elles-enfin\\\/#respond\"]}]},{\"@type\":\"WebPage\",\"@id\":\"https:\\\/\\\/www.renouvelle.be\\\/fr\\\/les-emissions-mondiales-de-co2-ont-stagne-en-2019-vont-elles-enfin\\\/\",\"url\":\"https:\\\/\\\/www.renouvelle.be\\\/fr\\\/les-emissions-mondiales-de-co2-ont-stagne-en-2019-vont-elles-enfin\\\/\",\"name\":\"Les \u00e9missions mondiales de CO2 ont stagn\u00e9 en 2019 : vont-elles enfin d\u00e9cro\u00eetre ? - Renouvelle\",\"isPartOf\":{\"@id\":\"https:\\\/\\\/www.renouvelle.be\\\/fr\\\/#website\"},\"primaryImageOfPage\":{\"@id\":\"https:\\\/\\\/www.renouvelle.be\\\/fr\\\/les-emissions-mondiales-de-co2-ont-stagne-en-2019-vont-elles-enfin\\\/#primaryimage\"},\"image\":{\"@id\":\"https:\\\/\\\/www.renouvelle.be\\\/fr\\\/les-emissions-mondiales-de-co2-ont-stagne-en-2019-vont-elles-enfin\\\/#primaryimage\"},\"thumbnailUrl\":\"https:\\\/\\\/www.renouvelle.be\\\/wp-content\\\/uploads\\\/2021\\\/02\\\/istock-976912100.jpg\",\"datePublished\":\"2020-02-14T11:50:15+00:00\",\"dateModified\":\"2023-10-02T15:44:30+00:00\",\"author\":{\"@id\":\"https:\\\/\\\/www.renouvelle.be\\\/fr\\\/#\\\/schema\\\/person\\\/01fbe8226a07f8f3d4a1cd059b31f17a\"},\"breadcrumb\":{\"@id\":\"https:\\\/\\\/www.renouvelle.be\\\/fr\\\/les-emissions-mondiales-de-co2-ont-stagne-en-2019-vont-elles-enfin\\\/#breadcrumb\"},\"inLanguage\":\"fr-FR\",\"potentialAction\":[{\"@type\":\"ReadAction\",\"target\":[\"https:\\\/\\\/www.renouvelle.be\\\/fr\\\/les-emissions-mondiales-de-co2-ont-stagne-en-2019-vont-elles-enfin\\\/\"]}]},{\"@type\":\"ImageObject\",\"inLanguage\":\"fr-FR\",\"@id\":\"https:\\\/\\\/www.renouvelle.be\\\/fr\\\/les-emissions-mondiales-de-co2-ont-stagne-en-2019-vont-elles-enfin\\\/#primaryimage\",\"url\":\"https:\\\/\\\/www.renouvelle.be\\\/wp-content\\\/uploads\\\/2021\\\/02\\\/istock-976912100.jpg\",\"contentUrl\":\"https:\\\/\\\/www.renouvelle.be\\\/wp-content\\\/uploads\\\/2021\\\/02\\\/istock-976912100.jpg\",\"width\":580,\"height\":387,\"caption\":\"Symbol CO2 from clouds on blue sky\"},{\"@type\":\"BreadcrumbList\",\"@id\":\"https:\\\/\\\/www.renouvelle.be\\\/fr\\\/les-emissions-mondiales-de-co2-ont-stagne-en-2019-vont-elles-enfin\\\/#breadcrumb\",\"itemListElement\":[{\"@type\":\"ListItem\",\"position\":1,\"name\":\"Accueil\",\"item\":\"https:\\\/\\\/www.renouvelle.be\\\/fr\\\/\"},{\"@type\":\"ListItem\",\"position\":2,\"name\":\"Les \u00e9missions mondiales de CO2 ont stagn\u00e9 en 2019 : vont-elles enfin d\u00e9cro\u00eetre ?\"}]},{\"@type\":\"WebSite\",\"@id\":\"https:\\\/\\\/www.renouvelle.be\\\/fr\\\/#website\",\"url\":\"https:\\\/\\\/www.renouvelle.be\\\/fr\\\/\",\"name\":\"Renouvelle\",\"description\":\"L&#039;actualit\u00e9 de l&#039;\u00e9nergie durable\",\"potentialAction\":[{\"@type\":\"SearchAction\",\"target\":{\"@type\":\"EntryPoint\",\"urlTemplate\":\"https:\\\/\\\/www.renouvelle.be\\\/fr\\\/?s={search_term_string}\"},\"query-input\":{\"@type\":\"PropertyValueSpecification\",\"valueRequired\":true,\"valueName\":\"search_term_string\"}}],\"inLanguage\":\"fr-FR\"},{\"@type\":\"Person\",\"@id\":\"https:\\\/\\\/www.renouvelle.be\\\/fr\\\/#\\\/schema\\\/person\\\/01fbe8226a07f8f3d4a1cd059b31f17a\",\"name\":\"Energie Commune\",\"url\":\"https:\\\/\\\/www.renouvelle.be\\\/fr\\\/author\\\/apere\\\/\"}]}<\/script>\n<!-- \/ Yoast SEO plugin. -->","yoast_head_json":{"title":"Les \u00e9missions mondiales de CO2 ont stagn\u00e9 en 2019 : vont-elles enfin d\u00e9cro\u00eetre ? - Renouvelle","robots":{"index":"index","follow":"follow","max-snippet":"max-snippet:-1","max-image-preview":"max-image-preview:large","max-video-preview":"max-video-preview:-1"},"canonical":"https:\/\/www.renouvelle.be\/fr\/les-emissions-mondiales-de-co2-ont-stagne-en-2019-vont-elles-enfin\/","og_locale":"fr_FR","og_type":"article","og_title":"Les \u00e9missions mondiales de CO2 ont stagn\u00e9 en 2019 : vont-elles enfin d\u00e9cro\u00eetre ? - Renouvelle","og_description":"Le nouveau rapport de l\u2019Agence Internationale de l\u2019Energie (AIE) le souligne : D\u00e9fiant une croissance attendue, les \u00e9missions mondiales de CO2 sont, au contraire, rest\u00e9es stables en 2019, malgr\u00e9 une croissance \u00e9conomique de 2,9%. Apr\u00e8s deux ann\u00e9es d\u2019augmentation, ces \u00e9missions de carbone ont stagn\u00e9, en 2018 et en 2019, \u00e0 33 gigatonnes. Selon l\u2019AIE, cette bonne nouvelle s\u2019explique en premier lieu par une production d\u2019\u00e9lectricit\u00e9 moins carbon\u00e9e dans les \u00e9conomies avanc\u00e9es, gr\u00e2ce \u00e0 la croissance des \u00e9nergies renouvelables &#8211; \u00e9olien et solaire principalement -, au remplacement du charbon par du gaz naturel et par une plus grande part de nucl\u00e9aire. D\u2019autres facteurs ont \u00e9galement jou\u00e9, notamment des temp\u00e9ratures plus douces dans plusieurs pays et une croissance \u00e9conomique plus faible dans plusieurs march\u00e9s \u00e9mergents. &nbsp; D\u00e9croissance aux Etats-Unis, en Europe et au Japon &nbsp; Les Etats-Unis ont enregistr\u00e9 le plus grand d\u00e9clin des \u00e9missions de CO2 sur une base nationale, avec une chute de 140 millions de tonnes (2,9%). L\u2019Union europ\u00e9enne enregistre une chute de 160 millions de tonnes (5%). Pour la premi\u00e8re fois en Europe, la production d\u2019\u00e9lectricit\u00e9 \u00e0 partir de gaz a d\u00e9pass\u00e9 la production au charbon ; tandis que l\u2019\u00e9olien a \u00e9galement rattrap\u00e9 la production au charbon. Le Japon a \u00e9galement connu une chute de 45 millions de tonnes (4%). Ailleurs dans le monde, les \u00e9missions ont continu\u00e9 \u00e0 augmenter en 2019, principalement en raison d\u2019une croissance des productions au charbon en Asie. &nbsp; \u00ab Nous pouvons relever le d\u00e9fi climatique \u00bb &nbsp; Cette stagnation amorce-t-elle une v\u00e9ritable d\u00e9croissance des \u00e9missions de gaz \u00e0 effet de serre, comme le pr\u00e9conise la communaut\u00e9 scientifique pour stabiliser le climat ? \u00ab&nbsp;Nous devons \u00e0 pr\u00e9sent travailler dur pour faire en sorte que 2019 soit consid\u00e9r\u00e9e comme un pic d\u00e9finitif dans les &hellip; Continue reading \"Les \u00e9missions mondiales de CO2 ont stagn\u00e9 en 2019 : vont-elles enfin d\u00e9cro\u00eetre ?\"","og_url":"https:\/\/www.renouvelle.be\/fr\/les-emissions-mondiales-de-co2-ont-stagne-en-2019-vont-elles-enfin\/","og_site_name":"Renouvelle","article_published_time":"2020-02-14T11:50:15+00:00","article_modified_time":"2023-10-02T15:44:30+00:00","og_image":[{"width":580,"height":387,"url":"https:\/\/www.renouvelle.be\/wp-content\/uploads\/2021\/02\/istock-976912100.jpg","type":"image\/jpeg"}],"author":"Energie Commune","twitter_card":"summary_large_image","schema":{"@context":"https:\/\/schema.org","@graph":[{"@type":"Article","@id":"https:\/\/www.renouvelle.be\/fr\/les-emissions-mondiales-de-co2-ont-stagne-en-2019-vont-elles-enfin\/#article","isPartOf":{"@id":"https:\/\/www.renouvelle.be\/fr\/les-emissions-mondiales-de-co2-ont-stagne-en-2019-vont-elles-enfin\/"},"author":{"name":"Energie Commune","@id":"https:\/\/www.renouvelle.be\/fr\/#\/schema\/person\/01fbe8226a07f8f3d4a1cd059b31f17a"},"headline":"Les \u00e9missions mondiales de CO2 ont stagn\u00e9 en 2019 : vont-elles enfin d\u00e9cro\u00eetre ?","datePublished":"2020-02-14T11:50:15+00:00","dateModified":"2023-10-02T15:44:30+00:00","mainEntityOfPage":{"@id":"https:\/\/www.renouvelle.be\/fr\/les-emissions-mondiales-de-co2-ont-stagne-en-2019-vont-elles-enfin\/"},"wordCount":1100,"commentCount":0,"image":{"@id":"https:\/\/www.renouvelle.be\/fr\/les-emissions-mondiales-de-co2-ont-stagne-en-2019-vont-elles-enfin\/#primaryimage"},"thumbnailUrl":"https:\/\/www.renouvelle.be\/wp-content\/uploads\/2021\/02\/istock-976912100.jpg","articleSection":["Actualit\u00e9 internationale"],"inLanguage":"fr-FR","potentialAction":[{"@type":"CommentAction","name":"Comment","target":["https:\/\/www.renouvelle.be\/fr\/les-emissions-mondiales-de-co2-ont-stagne-en-2019-vont-elles-enfin\/#respond"]}]},{"@type":"WebPage","@id":"https:\/\/www.renouvelle.be\/fr\/les-emissions-mondiales-de-co2-ont-stagne-en-2019-vont-elles-enfin\/","url":"https:\/\/www.renouvelle.be\/fr\/les-emissions-mondiales-de-co2-ont-stagne-en-2019-vont-elles-enfin\/","name":"Les \u00e9missions mondiales de CO2 ont stagn\u00e9 en 2019 : vont-elles enfin d\u00e9cro\u00eetre ? - Renouvelle","isPartOf":{"@id":"https:\/\/www.renouvelle.be\/fr\/#website"},"primaryImageOfPage":{"@id":"https:\/\/www.renouvelle.be\/fr\/les-emissions-mondiales-de-co2-ont-stagne-en-2019-vont-elles-enfin\/#primaryimage"},"image":{"@id":"https:\/\/www.renouvelle.be\/fr\/les-emissions-mondiales-de-co2-ont-stagne-en-2019-vont-elles-enfin\/#primaryimage"},"thumbnailUrl":"https:\/\/www.renouvelle.be\/wp-content\/uploads\/2021\/02\/istock-976912100.jpg","datePublished":"2020-02-14T11:50:15+00:00","dateModified":"2023-10-02T15:44:30+00:00","author":{"@id":"https:\/\/www.renouvelle.be\/fr\/#\/schema\/person\/01fbe8226a07f8f3d4a1cd059b31f17a"},"breadcrumb":{"@id":"https:\/\/www.renouvelle.be\/fr\/les-emissions-mondiales-de-co2-ont-stagne-en-2019-vont-elles-enfin\/#breadcrumb"},"inLanguage":"fr-FR","potentialAction":[{"@type":"ReadAction","target":["https:\/\/www.renouvelle.be\/fr\/les-emissions-mondiales-de-co2-ont-stagne-en-2019-vont-elles-enfin\/"]}]},{"@type":"ImageObject","inLanguage":"fr-FR","@id":"https:\/\/www.renouvelle.be\/fr\/les-emissions-mondiales-de-co2-ont-stagne-en-2019-vont-elles-enfin\/#primaryimage","url":"https:\/\/www.renouvelle.be\/wp-content\/uploads\/2021\/02\/istock-976912100.jpg","contentUrl":"https:\/\/www.renouvelle.be\/wp-content\/uploads\/2021\/02\/istock-976912100.jpg","width":580,"height":387,"caption":"Symbol CO2 from clouds on blue sky"},{"@type":"BreadcrumbList","@id":"https:\/\/www.renouvelle.be\/fr\/les-emissions-mondiales-de-co2-ont-stagne-en-2019-vont-elles-enfin\/#breadcrumb","itemListElement":[{"@type":"ListItem","position":1,"name":"Accueil","item":"https:\/\/www.renouvelle.be\/fr\/"},{"@type":"ListItem","position":2,"name":"Les \u00e9missions mondiales de CO2 ont stagn\u00e9 en 2019 : vont-elles enfin d\u00e9cro\u00eetre ?"}]},{"@type":"WebSite","@id":"https:\/\/www.renouvelle.be\/fr\/#website","url":"https:\/\/www.renouvelle.be\/fr\/","name":"Renouvelle","description":"L&#039;actualit\u00e9 de l&#039;\u00e9nergie durable","potentialAction":[{"@type":"SearchAction","target":{"@type":"EntryPoint","urlTemplate":"https:\/\/www.renouvelle.be\/fr\/?s={search_term_string}"},"query-input":{"@type":"PropertyValueSpecification","valueRequired":true,"valueName":"search_term_string"}}],"inLanguage":"fr-FR"},{"@type":"Person","@id":"https:\/\/www.renouvelle.be\/fr\/#\/schema\/person\/01fbe8226a07f8f3d4a1cd059b31f17a","name":"Energie Commune","url":"https:\/\/www.renouvelle.be\/fr\/author\/apere\/"}]}},"_links":{"self":[{"href":"https:\/\/www.renouvelle.be\/fr\/wp-json\/wp\/v2\/posts\/3814","targetHints":{"allow":["GET"]}}],"collection":[{"href":"https:\/\/www.renouvelle.be\/fr\/wp-json\/wp\/v2\/posts"}],"about":[{"href":"https:\/\/www.renouvelle.be\/fr\/wp-json\/wp\/v2\/types\/post"}],"author":[{"embeddable":true,"href":"https:\/\/www.renouvelle.be\/fr\/wp-json\/wp\/v2\/users\/3"}],"replies":[{"embeddable":true,"href":"https:\/\/www.renouvelle.be\/fr\/wp-json\/wp\/v2\/comments?post=3814"}],"version-history":[{"count":5,"href":"https:\/\/www.renouvelle.be\/fr\/wp-json\/wp\/v2\/posts\/3814\/revisions"}],"predecessor-version":[{"id":9752,"href":"https:\/\/www.renouvelle.be\/fr\/wp-json\/wp\/v2\/posts\/3814\/revisions\/9752"}],"wp:featuredmedia":[{"embeddable":true,"href":"https:\/\/www.renouvelle.be\/fr\/wp-json\/wp\/v2\/media\/4617"}],"wp:attachment":[{"href":"https:\/\/www.renouvelle.be\/fr\/wp-json\/wp\/v2\/media?parent=3814"}],"wp:term":[{"taxonomy":"category","embeddable":true,"href":"https:\/\/www.renouvelle.be\/fr\/wp-json\/wp\/v2\/categories?post=3814"},{"taxonomy":"post_tag","embeddable":true,"href":"https:\/\/www.renouvelle.be\/fr\/wp-json\/wp\/v2\/tags?post=3814"},{"taxonomy":"section","embeddable":true,"href":"https:\/\/www.renouvelle.be\/fr\/wp-json\/wp\/v2\/section?post=3814"}],"curies":[{"name":"wp","href":"https:\/\/api.w.org\/{rel}","templated":true}]}}