{"id":3789,"date":"2020-01-06T09:22:08","date_gmt":"2020-01-06T09:22:08","guid":{"rendered":""},"modified":"2023-07-10T23:31:01","modified_gmt":"2023-07-10T21:31:01","slug":"des-centrales-photovoltaiques-flottantes-en-mer-du-nord","status":"publish","type":"post","link":"https:\/\/www.renouvelle.be\/fr\/des-centrales-photovoltaiques-flottantes-en-mer-du-nord\/","title":{"rendered":"Des centrales photovolta\u00efques flottantes en Mer du Nord"},"content":{"rendered":"<p>L\u2019entreprise n\u00e9erlandaise Oceans of Energy a inaugur\u00e9 en novembre dernier une centrale photovolta\u00efque flottante en Mer du Nord, baptis\u00e9e \u00ab&nbsp;<a href=\"https:\/\/oceansofenergy.blue\/2019\/12\/11\/a-worlds-first-offshore-floating-solar-farm-installed-at-the-dutch-north-sea\/\">Solaire en mer&nbsp;<\/a>\u00bb et qualifi\u00e9e de \u00ab&nbsp;premi\u00e8re mondiale&nbsp;\u00bb (photo ci-dessous). Ce projet pilote d\u2019une capacit\u00e9 initiale de 8,5 kWc sera \u00e9tendu \u00e0 50 kWc dans les prochains mois et sera op\u00e9rationnel durant une p\u00e9riode test d\u2019un an.<\/p>\n<p>Ce projet regroupe 6 entreprises et organismes de recherche n\u00e9erlandais, qui testeront cette technologie innovante.<\/p>\n<p><img decoding=\"async\" alt=\"\" src=\"\/wp-content\/uploads\/2021\/02\/post\/pv-ooe.jpg\" style=\"width: 580px; height: 316px;\"><\/p>\n<p>Le photovolta\u00efque flottant se d\u00e9veloppe actuellement partout dans le monde, gr\u00e2ce notamment \u00e0 la baisse continue des co\u00fbts. Les projets jaillissent principalement sur des r\u00e9serves d\u2019eau douce \u00e0 l\u2019int\u00e9rieur des terres (lacs, bassins d\u2019irrigation, r\u00e9servoirs de traitement d\u2019eau, barrages, \u2026). En Belgique, une premi\u00e8re ferme solaire a ainsi vu le jour en 2017 sur un bassin industriel en Hesbaye (lire notre article <a href=\"https:\/\/www.renouvelle.be\/fr\/actualite-belgique\/premiere-centrale-photovoltaique-flottante-en-belgique\">Premi\u00e8re centrale photovolta\u00efque flottante en Belgique<\/a>).<\/p>\n<p>Par contre, l\u2019aventure en mer est plus r\u00e9cente et offre de nouvelles perspectives.<\/p>\n<p>&nbsp;<\/p>\n<h2>Quatre avantages<\/h2>\n<p>&nbsp;<\/p>\n<p>Le photovolta\u00efque flottant offre 4 principaux avantages&nbsp;:<\/p>\n<ul>\n<li>Il permet de valoriser des surfaces d\u2019eau inexploit\u00e9es (sur terre ou en mer) et peut ainsi \u00e9viter une \u00e9ventuelle comp\u00e9tition pour l\u2019occupation des sols.<\/li>\n<li>Les grands plans d\u2019eau b\u00e9n\u00e9ficient d\u2019un ensoleillement maximal et d\u2019un environnement bien d\u00e9gag\u00e9 (pas d\u2019ombrage).<\/li>\n<li>La fra\u00eecheur de l\u2019eau permet d\u2019\u00e9viter la surchauffe de l\u2019installation photovolta\u00efque. Celle-ci offre d\u00e8s lors un rendement de 15 \u00e0 20% plus \u00e9lev\u00e9.<\/li>\n<li>En mer, il peut se d\u00e9velopper au sein des parcs \u00e9oliens offshore. Ces surfaces, d\u00e9j\u00e0 d\u00e9di\u00e9es \u00e0 la production d\u2019\u00e9nergie, pourraient, gr\u00e2ce au solaire, produire 5 fois plus d\u2019\u00e9lectricit\u00e9.<\/li>\n<li>&nbsp;<\/li>\n<\/ul>\n<p>La question de l\u2019usage des sols est particuli\u00e8rement sensible dans les r\u00e9gions dens\u00e9ment peupl\u00e9es comme les Pays-Bas et la Belgique, o\u00f9 l\u2019espace disponible est limit\u00e9. Un projet de centrale photovolta\u00efque au sol peut donc parfois entrer en conflit avec d\u2019autres usages&nbsp;: habitat, exploitation agricole ou foresti\u00e8re, industrie, loisirs, \u2026 Et m\u00eame susciter une opposition des riverains.<\/p>\n<p>La fili\u00e8re trouve cependant de nouvelles solutions pour s\u2019int\u00e9grer sans empi\u00e9ter sur les autres usages du sol. C\u2019est le cas des structures photovolta\u00efques en hauteur qui surplombent des champs agricoles ou des parkings (lire nos articles <a href=\"https:\/\/www.renouvelle.be\/fr\/technologies\/agriculture-et-photovoltaique-peuvent-utiliser-une-meme-surface\">Agriculture et photovolta\u00efque peuvent utiliser une m\u00eame surface<\/a> et <a href=\"https:\/\/www.renouvelle.be\/fr\/actualite-belgique\/pairi-daiza-construit-le-plus-grand-parking-photovoltaique-au-monde\">PAIRI DAIZA construit le plus grand parking photovolta\u00efque au monde<\/a>).<\/p>\n<p>Toujours est-il que, si la fili\u00e8re photovolta\u00efque se d\u00e9veloppe sur l\u2019eau, la terre peut donc rester libre pour d\u2019autres utilisations.<\/p>\n<p><img decoding=\"async\" alt=\"\" src=\"\/wp-content\/uploads\/2021\/02\/post\/istock-1093487948.jpg\" style=\"width: 580px; height: 435px;\"><\/p>\n<p><small>Le photovolta\u00efque flottant s\u2019est d\u2019abord d\u00e9velopp\u00e9 en eaux douces sur des barrages et des lacs (photo ci-dessus) puis dans des lagunes ou tout autre environnement abrit\u00e9 o\u00f9 il peut r\u00e9sister \u00e0 des vagues de taille mod\u00e9r\u00e9e. Il prend d\u00e9sormais la haute mer et peut r\u00e9sister aux temp\u00eates.<\/small><\/p>\n<p>&nbsp;<\/p>\n<h2>La Mer du Nord, nouvel eldorado<\/h2>\n<p>&nbsp;<\/p>\n<p>C\u2019est le postulat du projet n\u00e9erlandais \u00ab&nbsp;Solaire en mer&nbsp;\u00bb. Selon une \u00e9tude men\u00e9e par Oceans of Energy, il ne serait d\u2019ailleurs pas possible de couvrir toute la demande d\u2019\u00e9nergie des Pays-Bas par des sources 100% renouvelables, en raison du manque d\u2019espace sur terre. Dans le meilleur sc\u00e9nario, le photovolta\u00efque et l\u2019\u00e9olien sur terre, combin\u00e9s \u00e0 l\u2019\u00e9olien offshore, ne pourraient couvrir que la moiti\u00e9 de cette demande d\u2019\u00e9nergie. C\u2019est pourquoi, affirment les d\u00e9veloppeurs de ce projet pilote, le solaire en mer s\u2019av\u00e8re n\u00e9cessaire car il peut, \u00e0 lui seul, couvrir l\u2019autre moiti\u00e9 de la demande d\u2019\u00e9nergie des Pays-Bas, en utilisant moins de 5% du territoire maritime n\u00e9erlandais en Mer du Nord.<\/p>\n<p>Or ces 5% peuvent \u00eatre trouv\u00e9s dans le cadre des parcs \u00e9oliens offshore d\u00e9j\u00e0 op\u00e9rationnels ou planifi\u00e9s au large des c\u00f4tes n\u00e9erlandaises, au sein des concessions d\u00e9j\u00e0 d\u00e9di\u00e9es \u00e0 la production d\u2019\u00e9nergie et interdites \u00e0 la navigation commerciale.<\/p>\n<h2>&nbsp;<\/h2>\n<h2>Combiner \u00e9olien et solaire offshore<\/h2>\n<p>&nbsp;<\/p>\n<p>Le dynamisme et la croissance de l\u2019\u00e9olien offshore en Mer du Nord, exceptionnels au niveau mondial, pourraient ainsi servir \u00e0 l\u2019\u00e9mergence du photovolta\u00efque flottant. Selon Oceans of Energy, si des modules solaires flottants sont dispos\u00e9s entre les turbines \u00e9oliennes, 5 fois plus d\u2019\u00e9lectricit\u00e9 pourrait \u00eatre produite sur la m\u00eame surface.<\/p>\n<p>La fourniture d\u2019\u00e9nergie peut \u00e9galement s\u2019av\u00e9rer plus stable et plus continue au cours de l\u2019ann\u00e9e, gr\u00e2ce \u00e0 la compl\u00e9mentarit\u00e9 de ces deux sources d\u2019\u00e9nergies, l\u2019hiver \u00e9tant plus venteux et l\u2019\u00e9t\u00e9 plus ensoleill\u00e9.<\/p>\n<p>De plus, des synergies sont possibles entre ces deux fili\u00e8res&nbsp;: les travaux de d\u00e9veloppement, de maintenance et de connexion au r\u00e9seau \u00e9lectrique peuvent \u00eatre mutualis\u00e9s (photo ci-dessous).<\/p>\n<p><img decoding=\"async\" alt=\"\" src=\"\/wp-content\/uploads\/2021\/02\/post\/istock-1138600462.jpg\" style=\"width: 580px; height: 387px;\"><\/p>\n<p>&nbsp;<\/p>\n<h2>Relever des d\u00e9fis<\/h2>\n<p>&nbsp;<\/p>\n<p>Dans l\u2019imm\u00e9diat, le projet \u00ab&nbsp;Solaire en mer&nbsp;\u00bb s\u2019inscrit dans un programme de Recherche &amp; D\u00e9veloppement et devra donc relever plusieurs d\u00e9fis, avant d\u2019envisager un v\u00e9ritable essor du photovolta\u00efque en mer.<\/p>\n<p>Gr\u00e2ce aux projets d\u00e9velopp\u00e9s sur des r\u00e9serves d\u2019eau douce, cette technologie commence \u00e0 \u00eatre mieux ma\u00eetris\u00e9e, comme en t\u00e9moigne le r\u00e9cent \u00ab&nbsp;Guide du photovolta\u00efque flottant \u00e0 l\u2019intention des d\u00e9veloppeurs&nbsp;\u00bb, publi\u00e9 par la Banque mondiale et l\u2019Institut de recherche en \u00e9nergie solaire de Singapour (lire cet <a href=\"https:\/\/www.pv-magazine.fr\/2019\/11\/12\/un-manuel-pour-le-photovoltaique-flottant\/\">article<\/a> de PV Magazine).<\/p>\n<p>Selon les auteurs, les principaux risques sont li\u00e9s \u00e0 la salet\u00e9, tels que les fientes d\u2019oiseaux, et la d\u00e9gradation plus rapide des composants \u00e9lectriques. <em>\u00ab&nbsp;Le milieu aquatique impose des exigences plus strictes en mati\u00e8re de s\u00e9curit\u00e9 \u00e9lectrique&nbsp;\u00bb, <\/em>pr\u00e9cisent-ils.<\/p>\n<p>Par contre, le d\u00e9veloppement en haute mer est encore peu connu, notamment en ce qui concerne la ma\u00eetrise de la houle et surtout les effets du sel marin sur les panneaux, qui pourraient occasionner des d\u00e9g\u00e2ts constants et n\u00e9cessiter d\u2019importants co\u00fbts de maintenance.<\/p>\n<p>Les impacts sur la faune et la flore devront \u00e9galement \u00eatre \u00e9tudi\u00e9s, mais pourraient avoir un effet positif pour l\u2019\u00e9cosyst\u00e8me. Mais dans ce domaine, le d\u00e9veloppement \u00e9olien offshore a d\u00e9j\u00e0 d\u00e9montr\u00e9 un faible impact (lire notre article <a href=\"https:\/\/www.renouvelle.be\/fr\/actualite-belgique\/les-parcs-eoliens-en-mer-du-nord-perturbent-peu-lecosysteme\">Les parcs \u00e9oliens en mer du Nord perturbent peu l\u2019\u00e9cosyst\u00e8me<\/a>).<\/p>\n<p>&nbsp;<\/p>\n<h2>Mont\u00e9e en puissance<\/h2>\n<p>&nbsp;<\/p>\n<p>Allard van Hoeken, CEO de Oceans of Energy, se montre confiant envers ce projet pilote. <em>\u00ab&nbsp;La premi\u00e8re \u00e9tape a \u00e9t\u00e9 r\u00e9alis\u00e9e, les plateformes flottent dans la Mer du Nord et ont d\u00e9j\u00e0 surv\u00e9cu \u00e0 plusieurs fortes temp\u00eates \u00bb, explique-t-il. \u00ab&nbsp;Notre objectif est d\u2019\u00e9tendre \u00e0 1 MW, le syst\u00e8me modulaire \u00e9tant con\u00e7u de sorte que nous puissions augmenter l\u2019installation jusqu\u2019\u00e0 100 MW et m\u00eame plus. Avec ce premier syst\u00e8me solaire offshore op\u00e9rationnel dans l\u2019une des mers les plus temp\u00e9tueuses au monde, nous nous attendons \u00e0 cr\u00e9er un large impact positif dans le monde. Actuellement, nous avan\u00e7ons vers l\u2019\u00e9tape suivante&nbsp;: la mont\u00e9e en puissance. Nous sommes en train de lever les investissements n\u00e9cessaires&nbsp;\u00bb, conclut-il.<\/em><\/p>\n<p>A terme, l\u2019entreprise s\u2019attend \u00e0 atteindre un co\u00fbt de production similaire \u00e0 l\u2019\u00e9olien offshore.<\/p>\n<p>&nbsp;<\/p>\n<h2>En Belgique aussi<\/h2>\n<p>&nbsp;<\/p>\n<p>La Belgique aussi envisage un projet de centrale solaire flottante en Mer du Nord.<\/p>\n<p>Un consortium d\u2019entreprises, r\u00e9unissant Tractebel (service d\u2019ing\u00e9nierie), DEME (sp\u00e9cialiste des installations en mer), le groupe Jan de Nul (dragage), Soltech (fabricant solaire) et l\u2019Universit\u00e9 de Gand, a en effet initi\u00e9 une \u00e9tude de faisabilit\u00e9. Selon les conclusions de cette \u00e9tude, un projet pilote belge pourrait voir le jour \u00e0 proximit\u00e9 d\u2019un parc \u00e9olien offshore.<\/p>\n<p>Les partenaires expliquent leur motivation dans un <a href=\"https:\/\/tractebel-engie.fr\/fr\/actualites\/2019\/les-panneaux-solaires-flottants-en-haute-mer-bientot-une-realite\">communiqu\u00e9&nbsp;<\/a>:<\/p>\n<p><em>\u00ab Avec la baisse continue des co\u00fbts du photovolta\u00efque, l\u2019\u00e9volution vers les applications offshore en haute mer est la suite logique du d\u00e9veloppement du photovolta\u00efque (&#8230;). Diff\u00e9rents facteurs comme la p\u00e9nurie des terres, la standardisation \u00e0 grande \u00e9chelle et l&rsquo;impact du ph\u00e9nom\u00e8ne &lsquo;nimby&rsquo; (Not in My BackYard) sont \u00e0 l&rsquo;origine de la croissance du march\u00e9 de l&rsquo;\u00e9nergie solaire en pleine mer, comme ce fut le cas auparavant pour l\u2019\u00e9nergie \u00e9olienne. Cette expansion peut plus g\u00e9n\u00e9ralement \u00eatre vue comme une \u00e9tape vers l\u2019\u00e9nergie bleue \u00e0 l\u2019origine d\u2019innovations comme les villes sur l\u2019eau, les p\u00f4les \u00e9nerg\u00e9tiques en pleine mer etc.&nbsp;\u00bb<\/em><\/p>\n<p>&nbsp;<\/p>\n<h2>Potentiel mondial<\/h2>\n<p>&nbsp;<\/p>\n<p>Selon l\u2019<a href=\"http:\/\/www.seris.nus.edu.sg\/doc\/publications\/ESMAP_FloatingSolar_Gde_A4%20WEBL-REV2.pdf\">\u00e9tude<\/a> publi\u00e9e en juin 2019 par SERIS, il y avait environ 1,3 GW de capacit\u00e9 photovolta\u00efque flottante install\u00e9e dans le monde fin 2018. Un sc\u00e9nario volontaire pr\u00e9voit une capacit\u00e9 de production potentielle de 4.044 GW si 10 % des emplacements disponibles dans le monde h\u00e9bergeaient de l\u2019\u00e9nergie solaire flottante.<\/p>\n","protected":false},"excerpt":{"rendered":"<p>L\u2019entreprise n\u00e9erlandaise Oceans of Energy a inaugur\u00e9 en novembre dernier une centrale photovolta\u00efque flottante en Mer du Nord, baptis\u00e9e \u00ab&nbsp;Solaire en mer&nbsp;\u00bb et qualifi\u00e9e de \u00ab&nbsp;premi\u00e8re mondiale&nbsp;\u00bb (photo ci-dessous). Ce projet pilote d\u2019une capacit\u00e9 initiale de 8,5 kWc sera \u00e9tendu \u00e0 50 kWc dans les prochains mois et sera op\u00e9rationnel durant une p\u00e9riode test d\u2019un an. Ce projet regroupe 6 entreprises et organismes de recherche n\u00e9erlandais, qui testeront cette technologie innovante. Le photovolta\u00efque flottant se d\u00e9veloppe actuellement partout dans le monde, gr\u00e2ce notamment \u00e0 la baisse continue des co\u00fbts. Les projets jaillissent principalement sur des r\u00e9serves d\u2019eau douce \u00e0 l\u2019int\u00e9rieur des terres (lacs, bassins d\u2019irrigation, r\u00e9servoirs de traitement d\u2019eau, barrages, \u2026). En Belgique, une premi\u00e8re ferme solaire a ainsi vu le jour en 2017 sur un bassin industriel en Hesbaye (lire notre article Premi\u00e8re centrale photovolta\u00efque flottante en Belgique). Par contre, l\u2019aventure en mer est plus r\u00e9cente et offre de nouvelles perspectives. &nbsp; Quatre avantages &nbsp; Le photovolta\u00efque flottant offre 4 principaux avantages&nbsp;: Il permet de valoriser des surfaces d\u2019eau inexploit\u00e9es (sur terre ou en mer) et peut ainsi \u00e9viter une \u00e9ventuelle comp\u00e9tition pour l\u2019occupation des sols. Les grands plans d\u2019eau b\u00e9n\u00e9ficient d\u2019un ensoleillement maximal et d\u2019un environnement bien d\u00e9gag\u00e9 (pas d\u2019ombrage). La fra\u00eecheur de l\u2019eau permet d\u2019\u00e9viter la surchauffe de l\u2019installation photovolta\u00efque. Celle-ci offre d\u00e8s lors un rendement de 15 \u00e0 20% plus \u00e9lev\u00e9. En mer, il peut se d\u00e9velopper au sein des parcs \u00e9oliens offshore. Ces surfaces, d\u00e9j\u00e0 d\u00e9di\u00e9es \u00e0 la production d\u2019\u00e9nergie, pourraient, gr\u00e2ce au solaire, produire 5 fois plus d\u2019\u00e9lectricit\u00e9. &nbsp; La question de l\u2019usage des sols est particuli\u00e8rement sensible dans les r\u00e9gions dens\u00e9ment peupl\u00e9es comme les Pays-Bas et la Belgique, o\u00f9 l\u2019espace disponible est limit\u00e9. Un projet de centrale photovolta\u00efque au sol peut donc parfois &hellip; <a href=\"https:\/\/www.renouvelle.be\/fr\/des-centrales-photovoltaiques-flottantes-en-mer-du-nord\/\" class=\"more-link\">Continue reading<span class=\"screen-reader-text\"> \u00ab\u00a0Des centrales photovolta\u00efques flottantes en Mer du Nord\u00a0\u00bb<\/span><\/a><\/p>\n","protected":false},"author":3,"featured_media":4721,"comment_status":"open","ping_status":"open","sticky":false,"template":"","format":"standard","meta":{"_acf_changed":false,"footnotes":""},"categories":[18],"tags":[],"section":[13],"class_list":["post-3789","post","type-post","status-publish","format-standard","has-post-thumbnail","hentry","category-actualite-internationale","section-solaire"],"acf":[],"yoast_head":"<!-- This site is optimized with the Yoast SEO plugin v27.5 - https:\/\/yoast.com\/product\/yoast-seo-wordpress\/ -->\n<title>Des centrales photovolta\u00efques flottantes en Mer du Nord - Renouvelle<\/title>\n<meta name=\"robots\" content=\"index, follow, max-snippet:-1, max-image-preview:large, max-video-preview:-1\" \/>\n<link rel=\"canonical\" href=\"https:\/\/www.renouvelle.be\/fr\/des-centrales-photovoltaiques-flottantes-en-mer-du-nord\/\" \/>\n<meta property=\"og:locale\" content=\"fr_FR\" \/>\n<meta property=\"og:type\" content=\"article\" \/>\n<meta property=\"og:title\" content=\"Des centrales photovolta\u00efques flottantes en Mer du Nord - Renouvelle\" \/>\n<meta property=\"og:description\" content=\"L\u2019entreprise n\u00e9erlandaise Oceans of Energy a inaugur\u00e9 en novembre dernier une centrale photovolta\u00efque flottante en Mer du Nord, baptis\u00e9e \u00ab&nbsp;Solaire en mer&nbsp;\u00bb et qualifi\u00e9e de \u00ab&nbsp;premi\u00e8re mondiale&nbsp;\u00bb (photo ci-dessous). Ce projet pilote d\u2019une capacit\u00e9 initiale de 8,5 kWc sera \u00e9tendu \u00e0 50 kWc dans les prochains mois et sera op\u00e9rationnel durant une p\u00e9riode test d\u2019un an. Ce projet regroupe 6 entreprises et organismes de recherche n\u00e9erlandais, qui testeront cette technologie innovante. Le photovolta\u00efque flottant se d\u00e9veloppe actuellement partout dans le monde, gr\u00e2ce notamment \u00e0 la baisse continue des co\u00fbts. Les projets jaillissent principalement sur des r\u00e9serves d\u2019eau douce \u00e0 l\u2019int\u00e9rieur des terres (lacs, bassins d\u2019irrigation, r\u00e9servoirs de traitement d\u2019eau, barrages, \u2026). En Belgique, une premi\u00e8re ferme solaire a ainsi vu le jour en 2017 sur un bassin industriel en Hesbaye (lire notre article Premi\u00e8re centrale photovolta\u00efque flottante en Belgique). Par contre, l\u2019aventure en mer est plus r\u00e9cente et offre de nouvelles perspectives. &nbsp; Quatre avantages &nbsp; Le photovolta\u00efque flottant offre 4 principaux avantages&nbsp;: Il permet de valoriser des surfaces d\u2019eau inexploit\u00e9es (sur terre ou en mer) et peut ainsi \u00e9viter une \u00e9ventuelle comp\u00e9tition pour l\u2019occupation des sols. Les grands plans d\u2019eau b\u00e9n\u00e9ficient d\u2019un ensoleillement maximal et d\u2019un environnement bien d\u00e9gag\u00e9 (pas d\u2019ombrage). La fra\u00eecheur de l\u2019eau permet d\u2019\u00e9viter la surchauffe de l\u2019installation photovolta\u00efque. Celle-ci offre d\u00e8s lors un rendement de 15 \u00e0 20% plus \u00e9lev\u00e9. En mer, il peut se d\u00e9velopper au sein des parcs \u00e9oliens offshore. Ces surfaces, d\u00e9j\u00e0 d\u00e9di\u00e9es \u00e0 la production d\u2019\u00e9nergie, pourraient, gr\u00e2ce au solaire, produire 5 fois plus d\u2019\u00e9lectricit\u00e9. &nbsp; La question de l\u2019usage des sols est particuli\u00e8rement sensible dans les r\u00e9gions dens\u00e9ment peupl\u00e9es comme les Pays-Bas et la Belgique, o\u00f9 l\u2019espace disponible est limit\u00e9. Un projet de centrale photovolta\u00efque au sol peut donc parfois &hellip; Continue reading &quot;Des centrales photovolta\u00efques flottantes en Mer du Nord&quot;\" \/>\n<meta property=\"og:url\" content=\"https:\/\/www.renouvelle.be\/fr\/des-centrales-photovoltaiques-flottantes-en-mer-du-nord\/\" \/>\n<meta property=\"og:site_name\" content=\"Renouvelle\" \/>\n<meta property=\"article:published_time\" content=\"2020-01-06T09:22:08+00:00\" \/>\n<meta property=\"article:modified_time\" content=\"2023-07-10T21:31:01+00:00\" \/>\n<meta property=\"og:image\" content=\"https:\/\/www.renouvelle.be\/wp-content\/uploads\/2021\/02\/pv-tractebel.jpg\" \/>\n\t<meta property=\"og:image:width\" content=\"580\" \/>\n\t<meta property=\"og:image:height\" content=\"326\" \/>\n\t<meta property=\"og:image:type\" content=\"image\/jpeg\" \/>\n<meta name=\"author\" content=\"Energie Commune\" \/>\n<meta name=\"twitter:card\" content=\"summary_large_image\" \/>\n<script type=\"application\/ld+json\" class=\"yoast-schema-graph\">{\"@context\":\"https:\\\/\\\/schema.org\",\"@graph\":[{\"@type\":\"Article\",\"@id\":\"https:\\\/\\\/www.renouvelle.be\\\/fr\\\/des-centrales-photovoltaiques-flottantes-en-mer-du-nord\\\/#article\",\"isPartOf\":{\"@id\":\"https:\\\/\\\/www.renouvelle.be\\\/fr\\\/des-centrales-photovoltaiques-flottantes-en-mer-du-nord\\\/\"},\"author\":{\"name\":\"Energie Commune\",\"@id\":\"https:\\\/\\\/www.renouvelle.be\\\/fr\\\/#\\\/schema\\\/person\\\/01fbe8226a07f8f3d4a1cd059b31f17a\"},\"headline\":\"Des centrales photovolta\u00efques flottantes en Mer du Nord\",\"datePublished\":\"2020-01-06T09:22:08+00:00\",\"dateModified\":\"2023-07-10T21:31:01+00:00\",\"mainEntityOfPage\":{\"@id\":\"https:\\\/\\\/www.renouvelle.be\\\/fr\\\/des-centrales-photovoltaiques-flottantes-en-mer-du-nord\\\/\"},\"wordCount\":1502,\"commentCount\":0,\"image\":{\"@id\":\"https:\\\/\\\/www.renouvelle.be\\\/fr\\\/des-centrales-photovoltaiques-flottantes-en-mer-du-nord\\\/#primaryimage\"},\"thumbnailUrl\":\"https:\\\/\\\/www.renouvelle.be\\\/wp-content\\\/uploads\\\/2021\\\/02\\\/pv-tractebel.jpg\",\"articleSection\":[\"Actualit\u00e9 internationale\"],\"inLanguage\":\"fr-FR\",\"potentialAction\":[{\"@type\":\"CommentAction\",\"name\":\"Comment\",\"target\":[\"https:\\\/\\\/www.renouvelle.be\\\/fr\\\/des-centrales-photovoltaiques-flottantes-en-mer-du-nord\\\/#respond\"]}]},{\"@type\":\"WebPage\",\"@id\":\"https:\\\/\\\/www.renouvelle.be\\\/fr\\\/des-centrales-photovoltaiques-flottantes-en-mer-du-nord\\\/\",\"url\":\"https:\\\/\\\/www.renouvelle.be\\\/fr\\\/des-centrales-photovoltaiques-flottantes-en-mer-du-nord\\\/\",\"name\":\"Des centrales photovolta\u00efques flottantes en Mer du Nord - Renouvelle\",\"isPartOf\":{\"@id\":\"https:\\\/\\\/www.renouvelle.be\\\/fr\\\/#website\"},\"primaryImageOfPage\":{\"@id\":\"https:\\\/\\\/www.renouvelle.be\\\/fr\\\/des-centrales-photovoltaiques-flottantes-en-mer-du-nord\\\/#primaryimage\"},\"image\":{\"@id\":\"https:\\\/\\\/www.renouvelle.be\\\/fr\\\/des-centrales-photovoltaiques-flottantes-en-mer-du-nord\\\/#primaryimage\"},\"thumbnailUrl\":\"https:\\\/\\\/www.renouvelle.be\\\/wp-content\\\/uploads\\\/2021\\\/02\\\/pv-tractebel.jpg\",\"datePublished\":\"2020-01-06T09:22:08+00:00\",\"dateModified\":\"2023-07-10T21:31:01+00:00\",\"author\":{\"@id\":\"https:\\\/\\\/www.renouvelle.be\\\/fr\\\/#\\\/schema\\\/person\\\/01fbe8226a07f8f3d4a1cd059b31f17a\"},\"breadcrumb\":{\"@id\":\"https:\\\/\\\/www.renouvelle.be\\\/fr\\\/des-centrales-photovoltaiques-flottantes-en-mer-du-nord\\\/#breadcrumb\"},\"inLanguage\":\"fr-FR\",\"potentialAction\":[{\"@type\":\"ReadAction\",\"target\":[\"https:\\\/\\\/www.renouvelle.be\\\/fr\\\/des-centrales-photovoltaiques-flottantes-en-mer-du-nord\\\/\"]}]},{\"@type\":\"ImageObject\",\"inLanguage\":\"fr-FR\",\"@id\":\"https:\\\/\\\/www.renouvelle.be\\\/fr\\\/des-centrales-photovoltaiques-flottantes-en-mer-du-nord\\\/#primaryimage\",\"url\":\"https:\\\/\\\/www.renouvelle.be\\\/wp-content\\\/uploads\\\/2021\\\/02\\\/pv-tractebel.jpg\",\"contentUrl\":\"https:\\\/\\\/www.renouvelle.be\\\/wp-content\\\/uploads\\\/2021\\\/02\\\/pv-tractebel.jpg\",\"width\":580,\"height\":326},{\"@type\":\"BreadcrumbList\",\"@id\":\"https:\\\/\\\/www.renouvelle.be\\\/fr\\\/des-centrales-photovoltaiques-flottantes-en-mer-du-nord\\\/#breadcrumb\",\"itemListElement\":[{\"@type\":\"ListItem\",\"position\":1,\"name\":\"Accueil\",\"item\":\"https:\\\/\\\/www.renouvelle.be\\\/fr\\\/\"},{\"@type\":\"ListItem\",\"position\":2,\"name\":\"Des centrales photovolta\u00efques flottantes en Mer du Nord\"}]},{\"@type\":\"WebSite\",\"@id\":\"https:\\\/\\\/www.renouvelle.be\\\/fr\\\/#website\",\"url\":\"https:\\\/\\\/www.renouvelle.be\\\/fr\\\/\",\"name\":\"Renouvelle\",\"description\":\"L&#039;actualit\u00e9 de l&#039;\u00e9nergie durable\",\"potentialAction\":[{\"@type\":\"SearchAction\",\"target\":{\"@type\":\"EntryPoint\",\"urlTemplate\":\"https:\\\/\\\/www.renouvelle.be\\\/fr\\\/?s={search_term_string}\"},\"query-input\":{\"@type\":\"PropertyValueSpecification\",\"valueRequired\":true,\"valueName\":\"search_term_string\"}}],\"inLanguage\":\"fr-FR\"},{\"@type\":\"Person\",\"@id\":\"https:\\\/\\\/www.renouvelle.be\\\/fr\\\/#\\\/schema\\\/person\\\/01fbe8226a07f8f3d4a1cd059b31f17a\",\"name\":\"Energie Commune\",\"url\":\"https:\\\/\\\/www.renouvelle.be\\\/fr\\\/author\\\/apere\\\/\"}]}<\/script>\n<!-- \/ Yoast SEO plugin. -->","yoast_head_json":{"title":"Des centrales photovolta\u00efques flottantes en Mer du Nord - Renouvelle","robots":{"index":"index","follow":"follow","max-snippet":"max-snippet:-1","max-image-preview":"max-image-preview:large","max-video-preview":"max-video-preview:-1"},"canonical":"https:\/\/www.renouvelle.be\/fr\/des-centrales-photovoltaiques-flottantes-en-mer-du-nord\/","og_locale":"fr_FR","og_type":"article","og_title":"Des centrales photovolta\u00efques flottantes en Mer du Nord - Renouvelle","og_description":"L\u2019entreprise n\u00e9erlandaise Oceans of Energy a inaugur\u00e9 en novembre dernier une centrale photovolta\u00efque flottante en Mer du Nord, baptis\u00e9e \u00ab&nbsp;Solaire en mer&nbsp;\u00bb et qualifi\u00e9e de \u00ab&nbsp;premi\u00e8re mondiale&nbsp;\u00bb (photo ci-dessous). Ce projet pilote d\u2019une capacit\u00e9 initiale de 8,5 kWc sera \u00e9tendu \u00e0 50 kWc dans les prochains mois et sera op\u00e9rationnel durant une p\u00e9riode test d\u2019un an. Ce projet regroupe 6 entreprises et organismes de recherche n\u00e9erlandais, qui testeront cette technologie innovante. Le photovolta\u00efque flottant se d\u00e9veloppe actuellement partout dans le monde, gr\u00e2ce notamment \u00e0 la baisse continue des co\u00fbts. Les projets jaillissent principalement sur des r\u00e9serves d\u2019eau douce \u00e0 l\u2019int\u00e9rieur des terres (lacs, bassins d\u2019irrigation, r\u00e9servoirs de traitement d\u2019eau, barrages, \u2026). En Belgique, une premi\u00e8re ferme solaire a ainsi vu le jour en 2017 sur un bassin industriel en Hesbaye (lire notre article Premi\u00e8re centrale photovolta\u00efque flottante en Belgique). Par contre, l\u2019aventure en mer est plus r\u00e9cente et offre de nouvelles perspectives. &nbsp; Quatre avantages &nbsp; Le photovolta\u00efque flottant offre 4 principaux avantages&nbsp;: Il permet de valoriser des surfaces d\u2019eau inexploit\u00e9es (sur terre ou en mer) et peut ainsi \u00e9viter une \u00e9ventuelle comp\u00e9tition pour l\u2019occupation des sols. Les grands plans d\u2019eau b\u00e9n\u00e9ficient d\u2019un ensoleillement maximal et d\u2019un environnement bien d\u00e9gag\u00e9 (pas d\u2019ombrage). La fra\u00eecheur de l\u2019eau permet d\u2019\u00e9viter la surchauffe de l\u2019installation photovolta\u00efque. Celle-ci offre d\u00e8s lors un rendement de 15 \u00e0 20% plus \u00e9lev\u00e9. En mer, il peut se d\u00e9velopper au sein des parcs \u00e9oliens offshore. Ces surfaces, d\u00e9j\u00e0 d\u00e9di\u00e9es \u00e0 la production d\u2019\u00e9nergie, pourraient, gr\u00e2ce au solaire, produire 5 fois plus d\u2019\u00e9lectricit\u00e9. &nbsp; La question de l\u2019usage des sols est particuli\u00e8rement sensible dans les r\u00e9gions dens\u00e9ment peupl\u00e9es comme les Pays-Bas et la Belgique, o\u00f9 l\u2019espace disponible est limit\u00e9. Un projet de centrale photovolta\u00efque au sol peut donc parfois &hellip; Continue reading \"Des centrales photovolta\u00efques flottantes en Mer du Nord\"","og_url":"https:\/\/www.renouvelle.be\/fr\/des-centrales-photovoltaiques-flottantes-en-mer-du-nord\/","og_site_name":"Renouvelle","article_published_time":"2020-01-06T09:22:08+00:00","article_modified_time":"2023-07-10T21:31:01+00:00","og_image":[{"width":580,"height":326,"url":"https:\/\/www.renouvelle.be\/wp-content\/uploads\/2021\/02\/pv-tractebel.jpg","type":"image\/jpeg"}],"author":"Energie Commune","twitter_card":"summary_large_image","schema":{"@context":"https:\/\/schema.org","@graph":[{"@type":"Article","@id":"https:\/\/www.renouvelle.be\/fr\/des-centrales-photovoltaiques-flottantes-en-mer-du-nord\/#article","isPartOf":{"@id":"https:\/\/www.renouvelle.be\/fr\/des-centrales-photovoltaiques-flottantes-en-mer-du-nord\/"},"author":{"name":"Energie Commune","@id":"https:\/\/www.renouvelle.be\/fr\/#\/schema\/person\/01fbe8226a07f8f3d4a1cd059b31f17a"},"headline":"Des centrales photovolta\u00efques flottantes en Mer du Nord","datePublished":"2020-01-06T09:22:08+00:00","dateModified":"2023-07-10T21:31:01+00:00","mainEntityOfPage":{"@id":"https:\/\/www.renouvelle.be\/fr\/des-centrales-photovoltaiques-flottantes-en-mer-du-nord\/"},"wordCount":1502,"commentCount":0,"image":{"@id":"https:\/\/www.renouvelle.be\/fr\/des-centrales-photovoltaiques-flottantes-en-mer-du-nord\/#primaryimage"},"thumbnailUrl":"https:\/\/www.renouvelle.be\/wp-content\/uploads\/2021\/02\/pv-tractebel.jpg","articleSection":["Actualit\u00e9 internationale"],"inLanguage":"fr-FR","potentialAction":[{"@type":"CommentAction","name":"Comment","target":["https:\/\/www.renouvelle.be\/fr\/des-centrales-photovoltaiques-flottantes-en-mer-du-nord\/#respond"]}]},{"@type":"WebPage","@id":"https:\/\/www.renouvelle.be\/fr\/des-centrales-photovoltaiques-flottantes-en-mer-du-nord\/","url":"https:\/\/www.renouvelle.be\/fr\/des-centrales-photovoltaiques-flottantes-en-mer-du-nord\/","name":"Des centrales photovolta\u00efques flottantes en Mer du Nord - Renouvelle","isPartOf":{"@id":"https:\/\/www.renouvelle.be\/fr\/#website"},"primaryImageOfPage":{"@id":"https:\/\/www.renouvelle.be\/fr\/des-centrales-photovoltaiques-flottantes-en-mer-du-nord\/#primaryimage"},"image":{"@id":"https:\/\/www.renouvelle.be\/fr\/des-centrales-photovoltaiques-flottantes-en-mer-du-nord\/#primaryimage"},"thumbnailUrl":"https:\/\/www.renouvelle.be\/wp-content\/uploads\/2021\/02\/pv-tractebel.jpg","datePublished":"2020-01-06T09:22:08+00:00","dateModified":"2023-07-10T21:31:01+00:00","author":{"@id":"https:\/\/www.renouvelle.be\/fr\/#\/schema\/person\/01fbe8226a07f8f3d4a1cd059b31f17a"},"breadcrumb":{"@id":"https:\/\/www.renouvelle.be\/fr\/des-centrales-photovoltaiques-flottantes-en-mer-du-nord\/#breadcrumb"},"inLanguage":"fr-FR","potentialAction":[{"@type":"ReadAction","target":["https:\/\/www.renouvelle.be\/fr\/des-centrales-photovoltaiques-flottantes-en-mer-du-nord\/"]}]},{"@type":"ImageObject","inLanguage":"fr-FR","@id":"https:\/\/www.renouvelle.be\/fr\/des-centrales-photovoltaiques-flottantes-en-mer-du-nord\/#primaryimage","url":"https:\/\/www.renouvelle.be\/wp-content\/uploads\/2021\/02\/pv-tractebel.jpg","contentUrl":"https:\/\/www.renouvelle.be\/wp-content\/uploads\/2021\/02\/pv-tractebel.jpg","width":580,"height":326},{"@type":"BreadcrumbList","@id":"https:\/\/www.renouvelle.be\/fr\/des-centrales-photovoltaiques-flottantes-en-mer-du-nord\/#breadcrumb","itemListElement":[{"@type":"ListItem","position":1,"name":"Accueil","item":"https:\/\/www.renouvelle.be\/fr\/"},{"@type":"ListItem","position":2,"name":"Des centrales photovolta\u00efques flottantes en Mer du Nord"}]},{"@type":"WebSite","@id":"https:\/\/www.renouvelle.be\/fr\/#website","url":"https:\/\/www.renouvelle.be\/fr\/","name":"Renouvelle","description":"L&#039;actualit\u00e9 de l&#039;\u00e9nergie durable","potentialAction":[{"@type":"SearchAction","target":{"@type":"EntryPoint","urlTemplate":"https:\/\/www.renouvelle.be\/fr\/?s={search_term_string}"},"query-input":{"@type":"PropertyValueSpecification","valueRequired":true,"valueName":"search_term_string"}}],"inLanguage":"fr-FR"},{"@type":"Person","@id":"https:\/\/www.renouvelle.be\/fr\/#\/schema\/person\/01fbe8226a07f8f3d4a1cd059b31f17a","name":"Energie Commune","url":"https:\/\/www.renouvelle.be\/fr\/author\/apere\/"}]}},"_links":{"self":[{"href":"https:\/\/www.renouvelle.be\/fr\/wp-json\/wp\/v2\/posts\/3789","targetHints":{"allow":["GET"]}}],"collection":[{"href":"https:\/\/www.renouvelle.be\/fr\/wp-json\/wp\/v2\/posts"}],"about":[{"href":"https:\/\/www.renouvelle.be\/fr\/wp-json\/wp\/v2\/types\/post"}],"author":[{"embeddable":true,"href":"https:\/\/www.renouvelle.be\/fr\/wp-json\/wp\/v2\/users\/3"}],"replies":[{"embeddable":true,"href":"https:\/\/www.renouvelle.be\/fr\/wp-json\/wp\/v2\/comments?post=3789"}],"version-history":[{"count":3,"href":"https:\/\/www.renouvelle.be\/fr\/wp-json\/wp\/v2\/posts\/3789\/revisions"}],"predecessor-version":[{"id":10167,"href":"https:\/\/www.renouvelle.be\/fr\/wp-json\/wp\/v2\/posts\/3789\/revisions\/10167"}],"wp:featuredmedia":[{"embeddable":true,"href":"https:\/\/www.renouvelle.be\/fr\/wp-json\/wp\/v2\/media\/4721"}],"wp:attachment":[{"href":"https:\/\/www.renouvelle.be\/fr\/wp-json\/wp\/v2\/media?parent=3789"}],"wp:term":[{"taxonomy":"category","embeddable":true,"href":"https:\/\/www.renouvelle.be\/fr\/wp-json\/wp\/v2\/categories?post=3789"},{"taxonomy":"post_tag","embeddable":true,"href":"https:\/\/www.renouvelle.be\/fr\/wp-json\/wp\/v2\/tags?post=3789"},{"taxonomy":"section","embeddable":true,"href":"https:\/\/www.renouvelle.be\/fr\/wp-json\/wp\/v2\/section?post=3789"}],"curies":[{"name":"wp","href":"https:\/\/api.w.org\/{rel}","templated":true}]}}