{"id":3777,"date":"2019-12-12T09:36:04","date_gmt":"2019-12-12T09:36:04","guid":{"rendered":""},"modified":"2023-07-10T23:24:16","modified_gmt":"2023-07-10T21:24:16","slug":"premiers-projets-pilotes-dautoconsommation-collective-a-bruxelles","status":"publish","type":"post","link":"https:\/\/www.renouvelle.be\/fr\/premiers-projets-pilotes-dautoconsommation-collective-a-bruxelles\/","title":{"rendered":"Premiers projets pilotes d\u2019autoconsommation collective \u00e0 Bruxelles"},"content":{"rendered":"<p>&nbsp;<\/p>\n<p>Il se pr\u00e9pare actuellement deux projets pilotes d\u2019autoconsommation collective en R\u00e9gion Bruxelloise, sur deux \u00e9coles : Saint-Augustin \u00e0 Forest et Nos bambins \u00e0 Ganshoren (photo ci-dessus).<\/p>\n<p>Le premier projet est d\u00e9velopp\u00e9 par <a href=\"https:\/\/www.sunforschools.be\" target=\"_blank\" rel=\"noopener\">Sun for School<\/a>, le second par l\u2019<a href=\"https:\/\/apere.org\" target=\"_blank\" rel=\"noopener\">APERe<\/a>, en collaboration avec Sibelga.<\/p>\n<p>Ces deux \u00e9coles, d\u00e9j\u00e0 \u00e9quip\u00e9es en panneaux photovolta\u00efques, pourront, \u00e0 terme, vendre leur surplus d\u2019\u00e9lectricit\u00e9 \u00e0 des m\u00e9nages qui habitent le quartier (raccord\u00e9s au m\u00eame poste basse-tension) et qui participeront aux deux communaut\u00e9s d\u2019\u00e9nergies renouvelables locales.<\/p>\n<p>De mani\u00e8re g\u00e9n\u00e9rale, les \u00e9coles sont des b\u00e2timents particuli\u00e8rement int\u00e9ressants pour d\u00e9velopper une autoconsommation collective. En effet, lorsque l\u2019\u00e9cole est ferm\u00e9e et ne peut donc pas consommer son \u00e9lectricit\u00e9 solaire, la production photovolta\u00efque peut \u00eatre partag\u00e9e \u00e0 des voisins : les mercredi apr\u00e8s-midi, les week-ends, durant les vacances scolaires (en juillet-ao\u00fbt notamment, lorsque la production solaire est \u00e9lev\u00e9e), \u2026 &nbsp;<\/p>\n<p>Ces p\u00e9riodes repr\u00e9sentent 64% de la production photovolta\u00efque \u00e0 Forest et 83% \u00e0 Ganshoren. La production, au lieu d\u2019\u00eatre aveugl\u00e9ment inject\u00e9e dans le r\u00e9seau, pourra donc \u00eatre vendue, \u00e0 un tarif avantageux, aux voisins participants, favorisant ainsi une consommation locale d\u2019\u00e9lectricit\u00e9 solaire.<\/p>\n<p>&nbsp;<\/p>\n<h2>Sibelga, dans un r\u00f4le de facilitateur<\/h2>\n<p>&nbsp;<\/p>\n<p>Sibelga, qui joue ici son r\u00f4le de gestionnaire de distribution, a organis\u00e9, en partenariat avec les porteurs des projets, des s\u00e9ances d\u2019information pour les voisins des \u00e9coles, \u00e0 l\u2019issue desquelles 25 consommateurs ont marqu\u00e9 leur int\u00e9r\u00eat.<\/p>\n<p>Equip\u00e9s de compteurs intelligents, les m\u00e9nages participants b\u00e9n\u00e9ficieront du surplus d\u2019\u00e9lectricit\u00e9 solaire en fonction de cl\u00e9s de r\u00e9partition qui devront \u00eatre d\u00e9finies.<\/p>\n<p><em>\u00ab Nous aurons les informations des index pour chaque quart d&rsquo;heure afin de calculer la part du surplus que chacun consomme. Ceci, afin d\u2019impl\u00e9menter la cl\u00e9 de r\u00e9partition entre les diff\u00e9rents membres de la communaut\u00e9 \u00bb<\/em>, explique Daphn\u00e9 Benzennou, Experte de la transition \u00e9nerg\u00e9tique chez Sibelga. &nbsp;<\/p>\n<p>Chaque m\u00e9nage recevra donc deux factures : celle de son fournisseur \u00ab classique \u00bb d\u2019\u00e9nergie et celle de la communaut\u00e9 renouvelable.<\/p>\n<p>&nbsp;<\/p>\n<h2>Encourager la solidarit\u00e9 sociale<\/h2>\n<p><img decoding=\"async\" alt=\"\" src=\"\/wp-content\/uploads\/2021\/02\/post\/autoconso2_3.jpg\" style=\"width: 580px; height: 177px;\"><\/p>\n<p>Le principe d\u2019autoconsommation collective rend les \u00e9nergies renouvelables accessibles \u00e0 tous.<\/p>\n<p>Le Ministre bruxellois de l\u2019\u00c9nergie Alain Maron souligne ainsi que <em>\u00ab les communaut\u00e9s d\u2019\u00e9nergie forment un maillon de la transition \u00e9cologique et solidaire voulue par le Gouvernement. Ces projets innovants et cr\u00e9atifs permettent de tirer le meilleur parti des \u00e9nergies renouvelables et de r\u00e9duire la pr\u00e9carit\u00e9 \u00e9nerg\u00e9tique. Un m\u00e9nage bruxellois, qui a son toit \u00e0 l\u2019ombre ou qui n\u2019a pas les moyens de l\u2019\u00e9quiper, pourra ainsi quand m\u00eame b\u00e9n\u00e9ficier de l\u2019\u00e9lectricit\u00e9 solaire, \u00e9cologiquement et financi\u00e8rement plus avantageuse. \u00bb<\/em><\/p>\n<p>De son c\u00f4t\u00e9, Alexandre Pirson, responsable de Sun for Schools, souligne que <em>\u00ab la symbolique du principe d\u2019autoconsommation collective est tr\u00e8s belle. Le premier projet \u00e0 Bruxelles se fera avec un \u00e9tablissement scolaire. En plus de mutualiser le surplus d&rsquo;\u00e9nergie renouvelable, ce projet contribuera \u00e0 am\u00e9liorer le lien social et la convivialit\u00e9 dans l&rsquo;ensemble du quartier. Apr\u00e8s avoir sensibilis\u00e9 les \u00e9l\u00e8ves et rassembl\u00e9 la communaut\u00e9 scolaire autour des \u00e9nergies renouvelables via le projet Sun for Schools, on va un pas plus loin avec l&rsquo;autoconsommation collective en connectant l&rsquo;\u00e9cole avec la communaut\u00e9 qui l&rsquo;entoure ! \u00bb.&nbsp; <\/em><\/p>\n<p>L\u2019APERe estime pour sa part que <em>\u00ab le projet de l\u2019\u00e9cole Nos Bambins est l\u2019occasion de d\u00e9montrer la solidarit\u00e9 possible entre les personnes capables de placer des panneaux solaires, car elles sont propri\u00e9taires et ont les finances suffisantes, et d\u2019autres. Chacun b\u00e9n\u00e9ficiant de la compl\u00e9mentarit\u00e9 de l\u2019autre. Plus que symbolique, l\u2019enjeu est soci\u00e9tal : l\u2019\u00e9nergie renouvelable est physiquement proche des citoyens, il devient naturel de les placer au centre de l\u2019action. \u00bb.&nbsp; <\/em><\/p>\n<p>Ce mod\u00e8le pourrait par exemple int\u00e9grer des logements sociaux, permettant aux occupants de b\u00e9n\u00e9ficier d\u2019une facture d\u2019\u00e9lectricit\u00e9 r\u00e9duite.<\/p>\n<p>&nbsp;<\/p>\n<h2>D\u00e9marrage d\u00e9but 2020<\/h2>\n<p>&nbsp;<\/p>\n<p>Concr\u00e8tement, les deux projets pilotes attendent aujourd\u2019hui l\u2019autorisation de Brugel \u2013 r\u00e9gulateur du march\u00e9 bruxellois de l\u2019\u00e9nergie \u2013 pour pouvoir d\u00e9marrer, a priori d\u00e9but 2020.<\/p>\n<p>Ils se d\u00e9rouleront sur une p\u00e9riode de 2 ans, renouvelable pour 2 ann\u00e9es suppl\u00e9mentaires.<\/p>\n<p>Ces exp\u00e9riences innovantes permettront de tester l\u2019autoconsommation sur le terrain et d\u2019inspirer les autorit\u00e9s pour fixer un futur cadre l\u00e9gal &#8211; principes juridiques, contractuels, techniques\u2026 &#8211; applicable et favorable \u00e0 une diversit\u00e9 de cas.<\/p>\n<p>Dans son plan strat\u00e9gique, Sibelga envisage que les 118 quartiers bruxellois deviennent quasi autonomes en production et consommation d\u2019\u00e9nergies renouvelables d\u2019ici 2050.<\/p>\n<p>Des exp\u00e9riences pilotes sont \u00e9galement en cours en Wallonie, o\u00f9 un cadre l\u00e9gal a d\u00e9j\u00e0 \u00e9t\u00e9 adopt\u00e9. Lire \u00e0 ce propos nos articles :<\/p>\n<div class=\"OutlineElement Ltr  BCX2 SCXW43260891\" style=\"direction: ltr;\">\n<p aria-level=\"1\" class=\"Paragraph SCXW43260891 BCX2\" role=\"heading\" style=\"font-weight: bold; font-style: normal; vertical-align: baseline; background-color: transparent; color: windowtext; text-align: left; margin-left: 0px; margin-right: 0px; padding-left: 0px; padding-right: 0px; text-indent: 0px;\"><a class=\"Hyperlink SCXW43260891 BCX2\" href=\"https:\/\/www.renouvelle.be\/fr\/actualite-belgique\/la-wallonie-instaure-les-communautes-denergie-renouvelable\" rel=\"noreferrer noopener\" style=\"text-decoration: none; color: inherit;\" target=\"_blank\"><span class=\"TextRun Underlined SCXW43260891 BCX2\" data-contrast=\"none\" lang=\"FR-FR\" style=\"color: rgb(5, 99, 193); font-weight: normal; text-decoration: underline; font-size: 11pt; font-family: Calibri, Calibri_MSFontService, sans-serif; line-height: 18px;\"><span class=\"NormalTextRun SCXW43260891 BCX2\" style=\"background-color: inherit;\">La Wallonie instaure les communaut\u00e9s d\u2019\u00e9nergie renouvelable<\/span><\/span><\/a><span class=\"EOP SCXW43260891 BCX2\" data-ccp-props=\"{&quot;134233117&quot;:true,&quot;134233118&quot;:true,&quot;201341983&quot;:0,&quot;335559740&quot;:240}\" style=\"font-size: 11pt; line-height: 18px; font-family: Calibri, Calibri_MSFontService, sans-serif;\">&nbsp;<\/span><\/p>\n<\/div>\n<div class=\"OutlineElement Ltr  BCX2 SCXW43260891\" style=\"direction: ltr;\">\n<p class=\"Paragraph SCXW43260891 BCX2\" style=\"font-weight: normal; font-style: normal; vertical-align: baseline; background-color: transparent; color: windowtext; text-align: left; margin-left: 0px; margin-right: 0px; padding-left: 0px; padding-right: 0px; text-indent: 0px;\"><a class=\"Hyperlink SCXW43260891 BCX2\" href=\"https:\/\/www.renouvelle.be\/fr\/actualite-belgique\/partager-son-electricite-verte-avec-des-voisins-des-projets-se-preparent-en\" rel=\"noreferrer noopener\" style=\"text-decoration: none; color: inherit;\" target=\"_blank\"><span class=\"TextRun Underlined SCXW43260891 BCX2\" data-contrast=\"none\" lang=\"FR-FR\" style=\"color: rgb(5, 99, 193); text-decoration: underline; font-size: 11pt; font-family: Calibri, Calibri_MSFontService, sans-serif; line-height: 18px;\"><span class=\"NormalTextRun SCXW43260891 BCX2\" style=\"background-color: inherit;\">Partager son \u00e9lectricit\u00e9 verte avec des voisins ? Des projets se pr\u00e9parent en Wallonie Picarde<\/span><\/span><\/a><span class=\"EOP SCXW43260891 BCX2\" data-ccp-props=\"{&quot;134233117&quot;:true,&quot;134233118&quot;:true,&quot;201341983&quot;:0,&quot;335559739&quot;:160,&quot;335559740&quot;:240}\" style=\"font-size: 11pt; line-height: 18px; font-family: Calibri, Calibri_MSFontService, sans-serif;\">&nbsp;<\/span><\/p>\n<\/div>\n<p>&nbsp;<\/p>\n","protected":false},"excerpt":{"rendered":"<p>&nbsp; Il se pr\u00e9pare actuellement deux projets pilotes d\u2019autoconsommation collective en R\u00e9gion Bruxelloise, sur deux \u00e9coles : Saint-Augustin \u00e0 Forest et Nos bambins \u00e0 Ganshoren (photo ci-dessus). Le premier projet est d\u00e9velopp\u00e9 par Sun for School, le second par l\u2019APERe, en collaboration avec Sibelga. Ces deux \u00e9coles, d\u00e9j\u00e0 \u00e9quip\u00e9es en panneaux photovolta\u00efques, pourront, \u00e0 terme, vendre leur surplus d\u2019\u00e9lectricit\u00e9 \u00e0 des m\u00e9nages qui habitent le quartier (raccord\u00e9s au m\u00eame poste basse-tension) et qui participeront aux deux communaut\u00e9s d\u2019\u00e9nergies renouvelables locales. De mani\u00e8re g\u00e9n\u00e9rale, les \u00e9coles sont des b\u00e2timents particuli\u00e8rement int\u00e9ressants pour d\u00e9velopper une autoconsommation collective. En effet, lorsque l\u2019\u00e9cole est ferm\u00e9e et ne peut donc pas consommer son \u00e9lectricit\u00e9 solaire, la production photovolta\u00efque peut \u00eatre partag\u00e9e \u00e0 des voisins : les mercredi apr\u00e8s-midi, les week-ends, durant les vacances scolaires (en juillet-ao\u00fbt notamment, lorsque la production solaire est \u00e9lev\u00e9e), \u2026 &nbsp; Ces p\u00e9riodes repr\u00e9sentent 64% de la production photovolta\u00efque \u00e0 Forest et 83% \u00e0 Ganshoren. La production, au lieu d\u2019\u00eatre aveugl\u00e9ment inject\u00e9e dans le r\u00e9seau, pourra donc \u00eatre vendue, \u00e0 un tarif avantageux, aux voisins participants, favorisant ainsi une consommation locale d\u2019\u00e9lectricit\u00e9 solaire. &nbsp; Sibelga, dans un r\u00f4le de facilitateur &nbsp; Sibelga, qui joue ici son r\u00f4le de gestionnaire de distribution, a organis\u00e9, en partenariat avec les porteurs des projets, des s\u00e9ances d\u2019information pour les voisins des \u00e9coles, \u00e0 l\u2019issue desquelles 25 consommateurs ont marqu\u00e9 leur int\u00e9r\u00eat. Equip\u00e9s de compteurs intelligents, les m\u00e9nages participants b\u00e9n\u00e9ficieront du surplus d\u2019\u00e9lectricit\u00e9 solaire en fonction de cl\u00e9s de r\u00e9partition qui devront \u00eatre d\u00e9finies. \u00ab Nous aurons les informations des index pour chaque quart d&rsquo;heure afin de calculer la part du surplus que chacun consomme. Ceci, afin d\u2019impl\u00e9menter la cl\u00e9 de r\u00e9partition entre les diff\u00e9rents membres de la communaut\u00e9 \u00bb, explique Daphn\u00e9 Benzennou, Experte de la &hellip; <a href=\"https:\/\/www.renouvelle.be\/fr\/premiers-projets-pilotes-dautoconsommation-collective-a-bruxelles\/\" class=\"more-link\">Continue reading<span class=\"screen-reader-text\"> \u00ab\u00a0Premiers projets pilotes d\u2019autoconsommation collective \u00e0 Bruxelles\u00a0\u00bb<\/span><\/a><\/p>\n","protected":false},"author":3,"featured_media":4400,"comment_status":"open","ping_status":"open","sticky":false,"template":"","format":"standard","meta":{"_acf_changed":false,"footnotes":""},"categories":[17],"tags":[],"section":[5,13],"class_list":["post-3777","post","type-post","status-publish","format-standard","has-post-thumbnail","hentry","category-actualite-en-belgique","section-communaute-denergie","section-solaire"],"acf":[],"yoast_head":"<!-- This site is optimized with the Yoast SEO plugin v27.5 - https:\/\/yoast.com\/product\/yoast-seo-wordpress\/ -->\n<title>Premiers projets pilotes d\u2019autoconsommation collective \u00e0 Bruxelles - Renouvelle<\/title>\n<meta name=\"robots\" content=\"index, follow, max-snippet:-1, max-image-preview:large, max-video-preview:-1\" \/>\n<link rel=\"canonical\" href=\"https:\/\/www.renouvelle.be\/fr\/premiers-projets-pilotes-dautoconsommation-collective-a-bruxelles\/\" \/>\n<meta property=\"og:locale\" content=\"fr_FR\" \/>\n<meta property=\"og:type\" content=\"article\" \/>\n<meta property=\"og:title\" content=\"Premiers projets pilotes d\u2019autoconsommation collective \u00e0 Bruxelles - Renouvelle\" \/>\n<meta property=\"og:description\" content=\"&nbsp; Il se pr\u00e9pare actuellement deux projets pilotes d\u2019autoconsommation collective en R\u00e9gion Bruxelloise, sur deux \u00e9coles : Saint-Augustin \u00e0 Forest et Nos bambins \u00e0 Ganshoren (photo ci-dessus). Le premier projet est d\u00e9velopp\u00e9 par Sun for School, le second par l\u2019APERe, en collaboration avec Sibelga. Ces deux \u00e9coles, d\u00e9j\u00e0 \u00e9quip\u00e9es en panneaux photovolta\u00efques, pourront, \u00e0 terme, vendre leur surplus d\u2019\u00e9lectricit\u00e9 \u00e0 des m\u00e9nages qui habitent le quartier (raccord\u00e9s au m\u00eame poste basse-tension) et qui participeront aux deux communaut\u00e9s d\u2019\u00e9nergies renouvelables locales. De mani\u00e8re g\u00e9n\u00e9rale, les \u00e9coles sont des b\u00e2timents particuli\u00e8rement int\u00e9ressants pour d\u00e9velopper une autoconsommation collective. En effet, lorsque l\u2019\u00e9cole est ferm\u00e9e et ne peut donc pas consommer son \u00e9lectricit\u00e9 solaire, la production photovolta\u00efque peut \u00eatre partag\u00e9e \u00e0 des voisins : les mercredi apr\u00e8s-midi, les week-ends, durant les vacances scolaires (en juillet-ao\u00fbt notamment, lorsque la production solaire est \u00e9lev\u00e9e), \u2026 &nbsp; Ces p\u00e9riodes repr\u00e9sentent 64% de la production photovolta\u00efque \u00e0 Forest et 83% \u00e0 Ganshoren. La production, au lieu d\u2019\u00eatre aveugl\u00e9ment inject\u00e9e dans le r\u00e9seau, pourra donc \u00eatre vendue, \u00e0 un tarif avantageux, aux voisins participants, favorisant ainsi une consommation locale d\u2019\u00e9lectricit\u00e9 solaire. &nbsp; Sibelga, dans un r\u00f4le de facilitateur &nbsp; Sibelga, qui joue ici son r\u00f4le de gestionnaire de distribution, a organis\u00e9, en partenariat avec les porteurs des projets, des s\u00e9ances d\u2019information pour les voisins des \u00e9coles, \u00e0 l\u2019issue desquelles 25 consommateurs ont marqu\u00e9 leur int\u00e9r\u00eat. Equip\u00e9s de compteurs intelligents, les m\u00e9nages participants b\u00e9n\u00e9ficieront du surplus d\u2019\u00e9lectricit\u00e9 solaire en fonction de cl\u00e9s de r\u00e9partition qui devront \u00eatre d\u00e9finies. \u00ab Nous aurons les informations des index pour chaque quart d&rsquo;heure afin de calculer la part du surplus que chacun consomme. Ceci, afin d\u2019impl\u00e9menter la cl\u00e9 de r\u00e9partition entre les diff\u00e9rents membres de la communaut\u00e9 \u00bb, explique Daphn\u00e9 Benzennou, Experte de la &hellip; Continue reading &quot;Premiers projets pilotes d\u2019autoconsommation collective \u00e0 Bruxelles&quot;\" \/>\n<meta property=\"og:url\" content=\"https:\/\/www.renouvelle.be\/fr\/premiers-projets-pilotes-dautoconsommation-collective-a-bruxelles\/\" \/>\n<meta property=\"og:site_name\" content=\"Renouvelle\" \/>\n<meta property=\"article:published_time\" content=\"2019-12-12T09:36:04+00:00\" \/>\n<meta property=\"article:modified_time\" content=\"2023-07-10T21:24:16+00:00\" \/>\n<meta property=\"og:image\" content=\"https:\/\/www.renouvelle.be\/wp-content\/uploads\/2021\/02\/bambins.jpg\" \/>\n\t<meta property=\"og:image:width\" content=\"580\" \/>\n\t<meta property=\"og:image:height\" content=\"316\" \/>\n\t<meta property=\"og:image:type\" content=\"image\/jpeg\" \/>\n<meta name=\"author\" content=\"Energie Commune\" \/>\n<meta name=\"twitter:card\" content=\"summary_large_image\" \/>\n<script type=\"application\/ld+json\" class=\"yoast-schema-graph\">{\"@context\":\"https:\\\/\\\/schema.org\",\"@graph\":[{\"@type\":\"Article\",\"@id\":\"https:\\\/\\\/www.renouvelle.be\\\/fr\\\/premiers-projets-pilotes-dautoconsommation-collective-a-bruxelles\\\/#article\",\"isPartOf\":{\"@id\":\"https:\\\/\\\/www.renouvelle.be\\\/fr\\\/premiers-projets-pilotes-dautoconsommation-collective-a-bruxelles\\\/\"},\"author\":{\"name\":\"Energie Commune\",\"@id\":\"https:\\\/\\\/www.renouvelle.be\\\/fr\\\/#\\\/schema\\\/person\\\/01fbe8226a07f8f3d4a1cd059b31f17a\"},\"headline\":\"Premiers projets pilotes d\u2019autoconsommation collective \u00e0 Bruxelles\",\"datePublished\":\"2019-12-12T09:36:04+00:00\",\"dateModified\":\"2023-07-10T21:24:16+00:00\",\"mainEntityOfPage\":{\"@id\":\"https:\\\/\\\/www.renouvelle.be\\\/fr\\\/premiers-projets-pilotes-dautoconsommation-collective-a-bruxelles\\\/\"},\"wordCount\":844,\"commentCount\":0,\"image\":{\"@id\":\"https:\\\/\\\/www.renouvelle.be\\\/fr\\\/premiers-projets-pilotes-dautoconsommation-collective-a-bruxelles\\\/#primaryimage\"},\"thumbnailUrl\":\"https:\\\/\\\/www.renouvelle.be\\\/wp-content\\\/uploads\\\/2021\\\/02\\\/bambins.jpg\",\"articleSection\":[\"Actualit\u00e9 en Belgique\"],\"inLanguage\":\"fr-FR\",\"potentialAction\":[{\"@type\":\"CommentAction\",\"name\":\"Comment\",\"target\":[\"https:\\\/\\\/www.renouvelle.be\\\/fr\\\/premiers-projets-pilotes-dautoconsommation-collective-a-bruxelles\\\/#respond\"]}]},{\"@type\":\"WebPage\",\"@id\":\"https:\\\/\\\/www.renouvelle.be\\\/fr\\\/premiers-projets-pilotes-dautoconsommation-collective-a-bruxelles\\\/\",\"url\":\"https:\\\/\\\/www.renouvelle.be\\\/fr\\\/premiers-projets-pilotes-dautoconsommation-collective-a-bruxelles\\\/\",\"name\":\"Premiers projets pilotes d\u2019autoconsommation collective \u00e0 Bruxelles - Renouvelle\",\"isPartOf\":{\"@id\":\"https:\\\/\\\/www.renouvelle.be\\\/fr\\\/#website\"},\"primaryImageOfPage\":{\"@id\":\"https:\\\/\\\/www.renouvelle.be\\\/fr\\\/premiers-projets-pilotes-dautoconsommation-collective-a-bruxelles\\\/#primaryimage\"},\"image\":{\"@id\":\"https:\\\/\\\/www.renouvelle.be\\\/fr\\\/premiers-projets-pilotes-dautoconsommation-collective-a-bruxelles\\\/#primaryimage\"},\"thumbnailUrl\":\"https:\\\/\\\/www.renouvelle.be\\\/wp-content\\\/uploads\\\/2021\\\/02\\\/bambins.jpg\",\"datePublished\":\"2019-12-12T09:36:04+00:00\",\"dateModified\":\"2023-07-10T21:24:16+00:00\",\"author\":{\"@id\":\"https:\\\/\\\/www.renouvelle.be\\\/fr\\\/#\\\/schema\\\/person\\\/01fbe8226a07f8f3d4a1cd059b31f17a\"},\"breadcrumb\":{\"@id\":\"https:\\\/\\\/www.renouvelle.be\\\/fr\\\/premiers-projets-pilotes-dautoconsommation-collective-a-bruxelles\\\/#breadcrumb\"},\"inLanguage\":\"fr-FR\",\"potentialAction\":[{\"@type\":\"ReadAction\",\"target\":[\"https:\\\/\\\/www.renouvelle.be\\\/fr\\\/premiers-projets-pilotes-dautoconsommation-collective-a-bruxelles\\\/\"]}]},{\"@type\":\"ImageObject\",\"inLanguage\":\"fr-FR\",\"@id\":\"https:\\\/\\\/www.renouvelle.be\\\/fr\\\/premiers-projets-pilotes-dautoconsommation-collective-a-bruxelles\\\/#primaryimage\",\"url\":\"https:\\\/\\\/www.renouvelle.be\\\/wp-content\\\/uploads\\\/2021\\\/02\\\/bambins.jpg\",\"contentUrl\":\"https:\\\/\\\/www.renouvelle.be\\\/wp-content\\\/uploads\\\/2021\\\/02\\\/bambins.jpg\",\"width\":580,\"height\":316},{\"@type\":\"BreadcrumbList\",\"@id\":\"https:\\\/\\\/www.renouvelle.be\\\/fr\\\/premiers-projets-pilotes-dautoconsommation-collective-a-bruxelles\\\/#breadcrumb\",\"itemListElement\":[{\"@type\":\"ListItem\",\"position\":1,\"name\":\"Accueil\",\"item\":\"https:\\\/\\\/www.renouvelle.be\\\/fr\\\/\"},{\"@type\":\"ListItem\",\"position\":2,\"name\":\"Premiers projets pilotes d\u2019autoconsommation collective \u00e0 Bruxelles\"}]},{\"@type\":\"WebSite\",\"@id\":\"https:\\\/\\\/www.renouvelle.be\\\/fr\\\/#website\",\"url\":\"https:\\\/\\\/www.renouvelle.be\\\/fr\\\/\",\"name\":\"Renouvelle\",\"description\":\"L&#039;actualit\u00e9 de l&#039;\u00e9nergie durable\",\"potentialAction\":[{\"@type\":\"SearchAction\",\"target\":{\"@type\":\"EntryPoint\",\"urlTemplate\":\"https:\\\/\\\/www.renouvelle.be\\\/fr\\\/?s={search_term_string}\"},\"query-input\":{\"@type\":\"PropertyValueSpecification\",\"valueRequired\":true,\"valueName\":\"search_term_string\"}}],\"inLanguage\":\"fr-FR\"},{\"@type\":\"Person\",\"@id\":\"https:\\\/\\\/www.renouvelle.be\\\/fr\\\/#\\\/schema\\\/person\\\/01fbe8226a07f8f3d4a1cd059b31f17a\",\"name\":\"Energie Commune\",\"url\":\"https:\\\/\\\/www.renouvelle.be\\\/fr\\\/author\\\/apere\\\/\"}]}<\/script>\n<!-- \/ Yoast SEO plugin. -->","yoast_head_json":{"title":"Premiers projets pilotes d\u2019autoconsommation collective \u00e0 Bruxelles - Renouvelle","robots":{"index":"index","follow":"follow","max-snippet":"max-snippet:-1","max-image-preview":"max-image-preview:large","max-video-preview":"max-video-preview:-1"},"canonical":"https:\/\/www.renouvelle.be\/fr\/premiers-projets-pilotes-dautoconsommation-collective-a-bruxelles\/","og_locale":"fr_FR","og_type":"article","og_title":"Premiers projets pilotes d\u2019autoconsommation collective \u00e0 Bruxelles - Renouvelle","og_description":"&nbsp; Il se pr\u00e9pare actuellement deux projets pilotes d\u2019autoconsommation collective en R\u00e9gion Bruxelloise, sur deux \u00e9coles : Saint-Augustin \u00e0 Forest et Nos bambins \u00e0 Ganshoren (photo ci-dessus). Le premier projet est d\u00e9velopp\u00e9 par Sun for School, le second par l\u2019APERe, en collaboration avec Sibelga. Ces deux \u00e9coles, d\u00e9j\u00e0 \u00e9quip\u00e9es en panneaux photovolta\u00efques, pourront, \u00e0 terme, vendre leur surplus d\u2019\u00e9lectricit\u00e9 \u00e0 des m\u00e9nages qui habitent le quartier (raccord\u00e9s au m\u00eame poste basse-tension) et qui participeront aux deux communaut\u00e9s d\u2019\u00e9nergies renouvelables locales. De mani\u00e8re g\u00e9n\u00e9rale, les \u00e9coles sont des b\u00e2timents particuli\u00e8rement int\u00e9ressants pour d\u00e9velopper une autoconsommation collective. En effet, lorsque l\u2019\u00e9cole est ferm\u00e9e et ne peut donc pas consommer son \u00e9lectricit\u00e9 solaire, la production photovolta\u00efque peut \u00eatre partag\u00e9e \u00e0 des voisins : les mercredi apr\u00e8s-midi, les week-ends, durant les vacances scolaires (en juillet-ao\u00fbt notamment, lorsque la production solaire est \u00e9lev\u00e9e), \u2026 &nbsp; Ces p\u00e9riodes repr\u00e9sentent 64% de la production photovolta\u00efque \u00e0 Forest et 83% \u00e0 Ganshoren. La production, au lieu d\u2019\u00eatre aveugl\u00e9ment inject\u00e9e dans le r\u00e9seau, pourra donc \u00eatre vendue, \u00e0 un tarif avantageux, aux voisins participants, favorisant ainsi une consommation locale d\u2019\u00e9lectricit\u00e9 solaire. &nbsp; Sibelga, dans un r\u00f4le de facilitateur &nbsp; Sibelga, qui joue ici son r\u00f4le de gestionnaire de distribution, a organis\u00e9, en partenariat avec les porteurs des projets, des s\u00e9ances d\u2019information pour les voisins des \u00e9coles, \u00e0 l\u2019issue desquelles 25 consommateurs ont marqu\u00e9 leur int\u00e9r\u00eat. Equip\u00e9s de compteurs intelligents, les m\u00e9nages participants b\u00e9n\u00e9ficieront du surplus d\u2019\u00e9lectricit\u00e9 solaire en fonction de cl\u00e9s de r\u00e9partition qui devront \u00eatre d\u00e9finies. \u00ab Nous aurons les informations des index pour chaque quart d&rsquo;heure afin de calculer la part du surplus que chacun consomme. Ceci, afin d\u2019impl\u00e9menter la cl\u00e9 de r\u00e9partition entre les diff\u00e9rents membres de la communaut\u00e9 \u00bb, explique Daphn\u00e9 Benzennou, Experte de la &hellip; Continue reading \"Premiers projets pilotes d\u2019autoconsommation collective \u00e0 Bruxelles\"","og_url":"https:\/\/www.renouvelle.be\/fr\/premiers-projets-pilotes-dautoconsommation-collective-a-bruxelles\/","og_site_name":"Renouvelle","article_published_time":"2019-12-12T09:36:04+00:00","article_modified_time":"2023-07-10T21:24:16+00:00","og_image":[{"width":580,"height":316,"url":"https:\/\/www.renouvelle.be\/wp-content\/uploads\/2021\/02\/bambins.jpg","type":"image\/jpeg"}],"author":"Energie Commune","twitter_card":"summary_large_image","schema":{"@context":"https:\/\/schema.org","@graph":[{"@type":"Article","@id":"https:\/\/www.renouvelle.be\/fr\/premiers-projets-pilotes-dautoconsommation-collective-a-bruxelles\/#article","isPartOf":{"@id":"https:\/\/www.renouvelle.be\/fr\/premiers-projets-pilotes-dautoconsommation-collective-a-bruxelles\/"},"author":{"name":"Energie Commune","@id":"https:\/\/www.renouvelle.be\/fr\/#\/schema\/person\/01fbe8226a07f8f3d4a1cd059b31f17a"},"headline":"Premiers projets pilotes d\u2019autoconsommation collective \u00e0 Bruxelles","datePublished":"2019-12-12T09:36:04+00:00","dateModified":"2023-07-10T21:24:16+00:00","mainEntityOfPage":{"@id":"https:\/\/www.renouvelle.be\/fr\/premiers-projets-pilotes-dautoconsommation-collective-a-bruxelles\/"},"wordCount":844,"commentCount":0,"image":{"@id":"https:\/\/www.renouvelle.be\/fr\/premiers-projets-pilotes-dautoconsommation-collective-a-bruxelles\/#primaryimage"},"thumbnailUrl":"https:\/\/www.renouvelle.be\/wp-content\/uploads\/2021\/02\/bambins.jpg","articleSection":["Actualit\u00e9 en Belgique"],"inLanguage":"fr-FR","potentialAction":[{"@type":"CommentAction","name":"Comment","target":["https:\/\/www.renouvelle.be\/fr\/premiers-projets-pilotes-dautoconsommation-collective-a-bruxelles\/#respond"]}]},{"@type":"WebPage","@id":"https:\/\/www.renouvelle.be\/fr\/premiers-projets-pilotes-dautoconsommation-collective-a-bruxelles\/","url":"https:\/\/www.renouvelle.be\/fr\/premiers-projets-pilotes-dautoconsommation-collective-a-bruxelles\/","name":"Premiers projets pilotes d\u2019autoconsommation collective \u00e0 Bruxelles - Renouvelle","isPartOf":{"@id":"https:\/\/www.renouvelle.be\/fr\/#website"},"primaryImageOfPage":{"@id":"https:\/\/www.renouvelle.be\/fr\/premiers-projets-pilotes-dautoconsommation-collective-a-bruxelles\/#primaryimage"},"image":{"@id":"https:\/\/www.renouvelle.be\/fr\/premiers-projets-pilotes-dautoconsommation-collective-a-bruxelles\/#primaryimage"},"thumbnailUrl":"https:\/\/www.renouvelle.be\/wp-content\/uploads\/2021\/02\/bambins.jpg","datePublished":"2019-12-12T09:36:04+00:00","dateModified":"2023-07-10T21:24:16+00:00","author":{"@id":"https:\/\/www.renouvelle.be\/fr\/#\/schema\/person\/01fbe8226a07f8f3d4a1cd059b31f17a"},"breadcrumb":{"@id":"https:\/\/www.renouvelle.be\/fr\/premiers-projets-pilotes-dautoconsommation-collective-a-bruxelles\/#breadcrumb"},"inLanguage":"fr-FR","potentialAction":[{"@type":"ReadAction","target":["https:\/\/www.renouvelle.be\/fr\/premiers-projets-pilotes-dautoconsommation-collective-a-bruxelles\/"]}]},{"@type":"ImageObject","inLanguage":"fr-FR","@id":"https:\/\/www.renouvelle.be\/fr\/premiers-projets-pilotes-dautoconsommation-collective-a-bruxelles\/#primaryimage","url":"https:\/\/www.renouvelle.be\/wp-content\/uploads\/2021\/02\/bambins.jpg","contentUrl":"https:\/\/www.renouvelle.be\/wp-content\/uploads\/2021\/02\/bambins.jpg","width":580,"height":316},{"@type":"BreadcrumbList","@id":"https:\/\/www.renouvelle.be\/fr\/premiers-projets-pilotes-dautoconsommation-collective-a-bruxelles\/#breadcrumb","itemListElement":[{"@type":"ListItem","position":1,"name":"Accueil","item":"https:\/\/www.renouvelle.be\/fr\/"},{"@type":"ListItem","position":2,"name":"Premiers projets pilotes d\u2019autoconsommation collective \u00e0 Bruxelles"}]},{"@type":"WebSite","@id":"https:\/\/www.renouvelle.be\/fr\/#website","url":"https:\/\/www.renouvelle.be\/fr\/","name":"Renouvelle","description":"L&#039;actualit\u00e9 de l&#039;\u00e9nergie durable","potentialAction":[{"@type":"SearchAction","target":{"@type":"EntryPoint","urlTemplate":"https:\/\/www.renouvelle.be\/fr\/?s={search_term_string}"},"query-input":{"@type":"PropertyValueSpecification","valueRequired":true,"valueName":"search_term_string"}}],"inLanguage":"fr-FR"},{"@type":"Person","@id":"https:\/\/www.renouvelle.be\/fr\/#\/schema\/person\/01fbe8226a07f8f3d4a1cd059b31f17a","name":"Energie Commune","url":"https:\/\/www.renouvelle.be\/fr\/author\/apere\/"}]}},"_links":{"self":[{"href":"https:\/\/www.renouvelle.be\/fr\/wp-json\/wp\/v2\/posts\/3777","targetHints":{"allow":["GET"]}}],"collection":[{"href":"https:\/\/www.renouvelle.be\/fr\/wp-json\/wp\/v2\/posts"}],"about":[{"href":"https:\/\/www.renouvelle.be\/fr\/wp-json\/wp\/v2\/types\/post"}],"author":[{"embeddable":true,"href":"https:\/\/www.renouvelle.be\/fr\/wp-json\/wp\/v2\/users\/3"}],"replies":[{"embeddable":true,"href":"https:\/\/www.renouvelle.be\/fr\/wp-json\/wp\/v2\/comments?post=3777"}],"version-history":[{"count":2,"href":"https:\/\/www.renouvelle.be\/fr\/wp-json\/wp\/v2\/posts\/3777\/revisions"}],"predecessor-version":[{"id":10166,"href":"https:\/\/www.renouvelle.be\/fr\/wp-json\/wp\/v2\/posts\/3777\/revisions\/10166"}],"wp:featuredmedia":[{"embeddable":true,"href":"https:\/\/www.renouvelle.be\/fr\/wp-json\/wp\/v2\/media\/4400"}],"wp:attachment":[{"href":"https:\/\/www.renouvelle.be\/fr\/wp-json\/wp\/v2\/media?parent=3777"}],"wp:term":[{"taxonomy":"category","embeddable":true,"href":"https:\/\/www.renouvelle.be\/fr\/wp-json\/wp\/v2\/categories?post=3777"},{"taxonomy":"post_tag","embeddable":true,"href":"https:\/\/www.renouvelle.be\/fr\/wp-json\/wp\/v2\/tags?post=3777"},{"taxonomy":"section","embeddable":true,"href":"https:\/\/www.renouvelle.be\/fr\/wp-json\/wp\/v2\/section?post=3777"}],"curies":[{"name":"wp","href":"https:\/\/api.w.org\/{rel}","templated":true}]}}