{"id":3769,"date":"2019-11-15T09:29:56","date_gmt":"2019-11-15T09:29:56","guid":{"rendered":""},"modified":"2021-09-21T11:50:20","modified_gmt":"2021-09-21T09:50:20","slug":"eolien-une-brochure-pour-repondre-aux-rumeurs","status":"publish","type":"post","link":"https:\/\/www.renouvelle.be\/fr\/eolien-une-brochure-pour-repondre-aux-rumeurs\/","title":{"rendered":"Eolien : une brochure pour r\u00e9pondre aux rumeurs"},"content":{"rendered":"<p>Le d\u00e9veloppement d\u2019un projet \u00e9olien suscite des questions bien l\u00e9gitimes chez les riverains&nbsp;:<\/p>\n<p>Les \u00e9oliennes font-elles du bruit&nbsp;?<\/p>\n<p>Ont-elles un impact sur la sant\u00e9&nbsp;?<\/p>\n<p>Sont-elles dangereuses pour les oiseaux et chauve-souris&nbsp;?<\/p>\n<p>La valeur d\u2019un terrain ou d\u2019une maison proche va-t-elle diminuer&nbsp;?<\/p>\n<p>Sont-elles efficaces et r\u00e9ellement propres&nbsp;?<\/p>\n<p>\u2026<\/p>\n<p>Les coop\u00e9ratives citoyennes qui co-d\u00e9veloppent des parcs \u00e9oliens en Wallonie constatent un retour de rumeurs (bouche-\u00e0-oreille, tracts, \u2026) qui viennent polluer les r\u00e9unions d\u2019information avec les riverains.<\/p>\n<p>Rescoop Wallonie, f\u00e9d\u00e9ration des coop\u00e9ratives citoyennes d\u2019\u00e9nergies renouvelables, a d\u00e8s lors demand\u00e9 \u00e0 l\u2019<a href=\"http:\/\/www.apere.org\">APERe<\/a>, association d\u2019expertise en mati\u00e8re d\u2019\u00e9nergies renouvelables, de mettre \u00e0 jour la brochure <a href=\"https:\/\/energiecommune.be\/documentation\/eolien-copy\/\" target=\"_blank\" rel=\"noopener\">Eolien&nbsp;: rumeurs &amp; r\u00e9alit\u00e9s<\/a>.<\/p>\n<p>Cette publication donne des r\u00e9ponses, \u00e9tay\u00e9es par des r\u00e9f\u00e9rences scientifiques r\u00e9centes, afin d\u2019informer objectivement les citoyens.<\/p>\n<p>Vous pouvez la t\u00e9l\u00e9charger en version num\u00e9rique ou commander une version imprim\u00e9e par courriel \u00e0 <a href=\"mailto:info@apere.org\">info@apere.org<\/a> en pr\u00e9cisant votre adresse postale et le nombre d\u2019exemplaires souhait\u00e9s (dans les limites du stock disponible).<\/p>\n<p>N\u2019h\u00e9sitez pas \u00e0 la diffuser largement.<\/p>\n<p>Bonne lecture&nbsp;!<\/p>\n","protected":false},"excerpt":{"rendered":"<p>Le d\u00e9veloppement d\u2019un projet \u00e9olien suscite des questions bien l\u00e9gitimes chez les riverains&nbsp;: Les \u00e9oliennes font-elles du bruit&nbsp;? Ont-elles un impact sur la sant\u00e9&nbsp;? Sont-elles dangereuses pour les oiseaux et chauve-souris&nbsp;? La valeur d\u2019un terrain ou d\u2019une maison proche va-t-elle diminuer&nbsp;? Sont-elles efficaces et r\u00e9ellement propres&nbsp;? \u2026 Les coop\u00e9ratives citoyennes qui co-d\u00e9veloppent des parcs \u00e9oliens en Wallonie constatent un retour de rumeurs (bouche-\u00e0-oreille, tracts, \u2026) qui viennent polluer les r\u00e9unions d\u2019information avec les riverains. Rescoop Wallonie, f\u00e9d\u00e9ration des coop\u00e9ratives citoyennes d\u2019\u00e9nergies renouvelables, a d\u00e8s lors demand\u00e9 \u00e0 l\u2019APERe, association d\u2019expertise en mati\u00e8re d\u2019\u00e9nergies renouvelables, de mettre \u00e0 jour la brochure Eolien&nbsp;: rumeurs &amp; r\u00e9alit\u00e9s. Cette publication donne des r\u00e9ponses, \u00e9tay\u00e9es par des r\u00e9f\u00e9rences scientifiques r\u00e9centes, afin d\u2019informer objectivement les citoyens. Vous pouvez la t\u00e9l\u00e9charger en version num\u00e9rique ou commander une version imprim\u00e9e par courriel \u00e0 info@apere.org en pr\u00e9cisant votre adresse postale et le nombre d\u2019exemplaires souhait\u00e9s (dans les limites du stock disponible). N\u2019h\u00e9sitez pas \u00e0 la diffuser largement. Bonne lecture&nbsp;!<\/p>\n","protected":false},"author":22,"featured_media":4415,"comment_status":"open","ping_status":"open","sticky":false,"template":"","format":"standard","meta":{"_acf_changed":false,"footnotes":""},"categories":[19],"tags":[],"section":[6],"class_list":["post-3769","post","type-post","status-publish","format-standard","has-post-thumbnail","hentry","category-outils-categories","section-eolien"],"acf":[],"yoast_head":"<!-- This site is optimized with the Yoast SEO plugin v27.4 - https:\/\/yoast.com\/product\/yoast-seo-wordpress\/ -->\n<title>Eolien : une brochure pour r\u00e9pondre aux rumeurs - Renouvelle<\/title>\n<meta name=\"robots\" content=\"index, follow, max-snippet:-1, max-image-preview:large, max-video-preview:-1\" \/>\n<link rel=\"canonical\" href=\"https:\/\/www.renouvelle.be\/fr\/eolien-une-brochure-pour-repondre-aux-rumeurs\/\" \/>\n<meta property=\"og:locale\" content=\"fr_FR\" \/>\n<meta property=\"og:type\" content=\"article\" \/>\n<meta property=\"og:title\" content=\"Eolien : une brochure pour r\u00e9pondre aux rumeurs - Renouvelle\" \/>\n<meta property=\"og:description\" content=\"Le d\u00e9veloppement d\u2019un projet \u00e9olien suscite des questions bien l\u00e9gitimes chez les riverains&nbsp;: Les \u00e9oliennes font-elles du bruit&nbsp;? Ont-elles un impact sur la sant\u00e9&nbsp;? Sont-elles dangereuses pour les oiseaux et chauve-souris&nbsp;? La valeur d\u2019un terrain ou d\u2019une maison proche va-t-elle diminuer&nbsp;? Sont-elles efficaces et r\u00e9ellement propres&nbsp;? \u2026 Les coop\u00e9ratives citoyennes qui co-d\u00e9veloppent des parcs \u00e9oliens en Wallonie constatent un retour de rumeurs (bouche-\u00e0-oreille, tracts, \u2026) qui viennent polluer les r\u00e9unions d\u2019information avec les riverains. Rescoop Wallonie, f\u00e9d\u00e9ration des coop\u00e9ratives citoyennes d\u2019\u00e9nergies renouvelables, a d\u00e8s lors demand\u00e9 \u00e0 l\u2019APERe, association d\u2019expertise en mati\u00e8re d\u2019\u00e9nergies renouvelables, de mettre \u00e0 jour la brochure Eolien&nbsp;: rumeurs &amp; r\u00e9alit\u00e9s. Cette publication donne des r\u00e9ponses, \u00e9tay\u00e9es par des r\u00e9f\u00e9rences scientifiques r\u00e9centes, afin d\u2019informer objectivement les citoyens. Vous pouvez la t\u00e9l\u00e9charger en version num\u00e9rique ou commander une version imprim\u00e9e par courriel \u00e0 info@apere.org en pr\u00e9cisant votre adresse postale et le nombre d\u2019exemplaires souhait\u00e9s (dans les limites du stock disponible). N\u2019h\u00e9sitez pas \u00e0 la diffuser largement. Bonne lecture&nbsp;!\" \/>\n<meta property=\"og:url\" content=\"https:\/\/www.renouvelle.be\/fr\/eolien-une-brochure-pour-repondre-aux-rumeurs\/\" \/>\n<meta property=\"og:site_name\" content=\"Renouvelle\" \/>\n<meta property=\"article:published_time\" content=\"2019-11-15T09:29:56+00:00\" \/>\n<meta property=\"article:modified_time\" content=\"2021-09-21T09:50:20+00:00\" \/>\n<meta property=\"og:image\" content=\"https:\/\/www.renouvelle.be\/wp-content\/uploads\/2021\/02\/brochure-eolien.jpg\" \/>\n\t<meta property=\"og:image:width\" content=\"200\" \/>\n\t<meta property=\"og:image:height\" content=\"284\" \/>\n\t<meta property=\"og:image:type\" content=\"image\/jpeg\" \/>\n<meta name=\"author\" content=\"Minh Ch\u00e2u BUI\" \/>\n<meta name=\"twitter:card\" content=\"summary_large_image\" \/>\n<script type=\"application\/ld+json\" class=\"yoast-schema-graph\">{\"@context\":\"https:\\\/\\\/schema.org\",\"@graph\":[{\"@type\":\"Article\",\"@id\":\"https:\\\/\\\/www.renouvelle.be\\\/fr\\\/eolien-une-brochure-pour-repondre-aux-rumeurs\\\/#article\",\"isPartOf\":{\"@id\":\"https:\\\/\\\/www.renouvelle.be\\\/fr\\\/eolien-une-brochure-pour-repondre-aux-rumeurs\\\/\"},\"author\":{\"name\":\"Minh Ch\u00e2u BUI\",\"@id\":\"https:\\\/\\\/www.renouvelle.be\\\/fr\\\/#\\\/schema\\\/person\\\/e7a0c9d6fbb987de79ecd5ccdccec356\"},\"headline\":\"Eolien : une brochure pour r\u00e9pondre aux rumeurs\",\"datePublished\":\"2019-11-15T09:29:56+00:00\",\"dateModified\":\"2021-09-21T09:50:20+00:00\",\"mainEntityOfPage\":{\"@id\":\"https:\\\/\\\/www.renouvelle.be\\\/fr\\\/eolien-une-brochure-pour-repondre-aux-rumeurs\\\/\"},\"wordCount\":209,\"commentCount\":0,\"image\":{\"@id\":\"https:\\\/\\\/www.renouvelle.be\\\/fr\\\/eolien-une-brochure-pour-repondre-aux-rumeurs\\\/#primaryimage\"},\"thumbnailUrl\":\"https:\\\/\\\/www.renouvelle.be\\\/wp-content\\\/uploads\\\/2021\\\/02\\\/brochure-eolien.jpg\",\"articleSection\":[\"Outils\"],\"inLanguage\":\"fr-FR\",\"potentialAction\":[{\"@type\":\"CommentAction\",\"name\":\"Comment\",\"target\":[\"https:\\\/\\\/www.renouvelle.be\\\/fr\\\/eolien-une-brochure-pour-repondre-aux-rumeurs\\\/#respond\"]}]},{\"@type\":\"WebPage\",\"@id\":\"https:\\\/\\\/www.renouvelle.be\\\/fr\\\/eolien-une-brochure-pour-repondre-aux-rumeurs\\\/\",\"url\":\"https:\\\/\\\/www.renouvelle.be\\\/fr\\\/eolien-une-brochure-pour-repondre-aux-rumeurs\\\/\",\"name\":\"Eolien : une brochure pour r\u00e9pondre aux rumeurs - Renouvelle\",\"isPartOf\":{\"@id\":\"https:\\\/\\\/www.renouvelle.be\\\/fr\\\/#website\"},\"primaryImageOfPage\":{\"@id\":\"https:\\\/\\\/www.renouvelle.be\\\/fr\\\/eolien-une-brochure-pour-repondre-aux-rumeurs\\\/#primaryimage\"},\"image\":{\"@id\":\"https:\\\/\\\/www.renouvelle.be\\\/fr\\\/eolien-une-brochure-pour-repondre-aux-rumeurs\\\/#primaryimage\"},\"thumbnailUrl\":\"https:\\\/\\\/www.renouvelle.be\\\/wp-content\\\/uploads\\\/2021\\\/02\\\/brochure-eolien.jpg\",\"datePublished\":\"2019-11-15T09:29:56+00:00\",\"dateModified\":\"2021-09-21T09:50:20+00:00\",\"author\":{\"@id\":\"https:\\\/\\\/www.renouvelle.be\\\/fr\\\/#\\\/schema\\\/person\\\/e7a0c9d6fbb987de79ecd5ccdccec356\"},\"breadcrumb\":{\"@id\":\"https:\\\/\\\/www.renouvelle.be\\\/fr\\\/eolien-une-brochure-pour-repondre-aux-rumeurs\\\/#breadcrumb\"},\"inLanguage\":\"fr-FR\",\"potentialAction\":[{\"@type\":\"ReadAction\",\"target\":[\"https:\\\/\\\/www.renouvelle.be\\\/fr\\\/eolien-une-brochure-pour-repondre-aux-rumeurs\\\/\"]}]},{\"@type\":\"ImageObject\",\"inLanguage\":\"fr-FR\",\"@id\":\"https:\\\/\\\/www.renouvelle.be\\\/fr\\\/eolien-une-brochure-pour-repondre-aux-rumeurs\\\/#primaryimage\",\"url\":\"https:\\\/\\\/www.renouvelle.be\\\/wp-content\\\/uploads\\\/2021\\\/02\\\/brochure-eolien.jpg\",\"contentUrl\":\"https:\\\/\\\/www.renouvelle.be\\\/wp-content\\\/uploads\\\/2021\\\/02\\\/brochure-eolien.jpg\",\"width\":200,\"height\":284},{\"@type\":\"BreadcrumbList\",\"@id\":\"https:\\\/\\\/www.renouvelle.be\\\/fr\\\/eolien-une-brochure-pour-repondre-aux-rumeurs\\\/#breadcrumb\",\"itemListElement\":[{\"@type\":\"ListItem\",\"position\":1,\"name\":\"Accueil\",\"item\":\"https:\\\/\\\/www.renouvelle.be\\\/fr\\\/\"},{\"@type\":\"ListItem\",\"position\":2,\"name\":\"Eolien : une brochure pour r\u00e9pondre aux rumeurs\"}]},{\"@type\":\"WebSite\",\"@id\":\"https:\\\/\\\/www.renouvelle.be\\\/fr\\\/#website\",\"url\":\"https:\\\/\\\/www.renouvelle.be\\\/fr\\\/\",\"name\":\"Renouvelle\",\"description\":\"L&#039;actualit\u00e9 de l&#039;\u00e9nergie durable\",\"potentialAction\":[{\"@type\":\"SearchAction\",\"target\":{\"@type\":\"EntryPoint\",\"urlTemplate\":\"https:\\\/\\\/www.renouvelle.be\\\/fr\\\/?s={search_term_string}\"},\"query-input\":{\"@type\":\"PropertyValueSpecification\",\"valueRequired\":true,\"valueName\":\"search_term_string\"}}],\"inLanguage\":\"fr-FR\"},{\"@type\":\"Person\",\"@id\":\"https:\\\/\\\/www.renouvelle.be\\\/fr\\\/#\\\/schema\\\/person\\\/e7a0c9d6fbb987de79ecd5ccdccec356\",\"name\":\"Minh Ch\u00e2u BUI\",\"url\":\"https:\\\/\\\/www.renouvelle.be\\\/fr\\\/author\\\/minhchaubui\\\/\"}]}<\/script>\n<!-- \/ Yoast SEO plugin. -->","yoast_head_json":{"title":"Eolien : une brochure pour r\u00e9pondre aux rumeurs - Renouvelle","robots":{"index":"index","follow":"follow","max-snippet":"max-snippet:-1","max-image-preview":"max-image-preview:large","max-video-preview":"max-video-preview:-1"},"canonical":"https:\/\/www.renouvelle.be\/fr\/eolien-une-brochure-pour-repondre-aux-rumeurs\/","og_locale":"fr_FR","og_type":"article","og_title":"Eolien : une brochure pour r\u00e9pondre aux rumeurs - Renouvelle","og_description":"Le d\u00e9veloppement d\u2019un projet \u00e9olien suscite des questions bien l\u00e9gitimes chez les riverains&nbsp;: Les \u00e9oliennes font-elles du bruit&nbsp;? Ont-elles un impact sur la sant\u00e9&nbsp;? Sont-elles dangereuses pour les oiseaux et chauve-souris&nbsp;? La valeur d\u2019un terrain ou d\u2019une maison proche va-t-elle diminuer&nbsp;? Sont-elles efficaces et r\u00e9ellement propres&nbsp;? \u2026 Les coop\u00e9ratives citoyennes qui co-d\u00e9veloppent des parcs \u00e9oliens en Wallonie constatent un retour de rumeurs (bouche-\u00e0-oreille, tracts, \u2026) qui viennent polluer les r\u00e9unions d\u2019information avec les riverains. Rescoop Wallonie, f\u00e9d\u00e9ration des coop\u00e9ratives citoyennes d\u2019\u00e9nergies renouvelables, a d\u00e8s lors demand\u00e9 \u00e0 l\u2019APERe, association d\u2019expertise en mati\u00e8re d\u2019\u00e9nergies renouvelables, de mettre \u00e0 jour la brochure Eolien&nbsp;: rumeurs &amp; r\u00e9alit\u00e9s. Cette publication donne des r\u00e9ponses, \u00e9tay\u00e9es par des r\u00e9f\u00e9rences scientifiques r\u00e9centes, afin d\u2019informer objectivement les citoyens. Vous pouvez la t\u00e9l\u00e9charger en version num\u00e9rique ou commander une version imprim\u00e9e par courriel \u00e0 info@apere.org en pr\u00e9cisant votre adresse postale et le nombre d\u2019exemplaires souhait\u00e9s (dans les limites du stock disponible). N\u2019h\u00e9sitez pas \u00e0 la diffuser largement. Bonne lecture&nbsp;!","og_url":"https:\/\/www.renouvelle.be\/fr\/eolien-une-brochure-pour-repondre-aux-rumeurs\/","og_site_name":"Renouvelle","article_published_time":"2019-11-15T09:29:56+00:00","article_modified_time":"2021-09-21T09:50:20+00:00","og_image":[{"width":200,"height":284,"url":"https:\/\/www.renouvelle.be\/wp-content\/uploads\/2021\/02\/brochure-eolien.jpg","type":"image\/jpeg"}],"author":"Minh Ch\u00e2u BUI","twitter_card":"summary_large_image","schema":{"@context":"https:\/\/schema.org","@graph":[{"@type":"Article","@id":"https:\/\/www.renouvelle.be\/fr\/eolien-une-brochure-pour-repondre-aux-rumeurs\/#article","isPartOf":{"@id":"https:\/\/www.renouvelle.be\/fr\/eolien-une-brochure-pour-repondre-aux-rumeurs\/"},"author":{"name":"Minh Ch\u00e2u BUI","@id":"https:\/\/www.renouvelle.be\/fr\/#\/schema\/person\/e7a0c9d6fbb987de79ecd5ccdccec356"},"headline":"Eolien : une brochure pour r\u00e9pondre aux rumeurs","datePublished":"2019-11-15T09:29:56+00:00","dateModified":"2021-09-21T09:50:20+00:00","mainEntityOfPage":{"@id":"https:\/\/www.renouvelle.be\/fr\/eolien-une-brochure-pour-repondre-aux-rumeurs\/"},"wordCount":209,"commentCount":0,"image":{"@id":"https:\/\/www.renouvelle.be\/fr\/eolien-une-brochure-pour-repondre-aux-rumeurs\/#primaryimage"},"thumbnailUrl":"https:\/\/www.renouvelle.be\/wp-content\/uploads\/2021\/02\/brochure-eolien.jpg","articleSection":["Outils"],"inLanguage":"fr-FR","potentialAction":[{"@type":"CommentAction","name":"Comment","target":["https:\/\/www.renouvelle.be\/fr\/eolien-une-brochure-pour-repondre-aux-rumeurs\/#respond"]}]},{"@type":"WebPage","@id":"https:\/\/www.renouvelle.be\/fr\/eolien-une-brochure-pour-repondre-aux-rumeurs\/","url":"https:\/\/www.renouvelle.be\/fr\/eolien-une-brochure-pour-repondre-aux-rumeurs\/","name":"Eolien : une brochure pour r\u00e9pondre aux rumeurs - Renouvelle","isPartOf":{"@id":"https:\/\/www.renouvelle.be\/fr\/#website"},"primaryImageOfPage":{"@id":"https:\/\/www.renouvelle.be\/fr\/eolien-une-brochure-pour-repondre-aux-rumeurs\/#primaryimage"},"image":{"@id":"https:\/\/www.renouvelle.be\/fr\/eolien-une-brochure-pour-repondre-aux-rumeurs\/#primaryimage"},"thumbnailUrl":"https:\/\/www.renouvelle.be\/wp-content\/uploads\/2021\/02\/brochure-eolien.jpg","datePublished":"2019-11-15T09:29:56+00:00","dateModified":"2021-09-21T09:50:20+00:00","author":{"@id":"https:\/\/www.renouvelle.be\/fr\/#\/schema\/person\/e7a0c9d6fbb987de79ecd5ccdccec356"},"breadcrumb":{"@id":"https:\/\/www.renouvelle.be\/fr\/eolien-une-brochure-pour-repondre-aux-rumeurs\/#breadcrumb"},"inLanguage":"fr-FR","potentialAction":[{"@type":"ReadAction","target":["https:\/\/www.renouvelle.be\/fr\/eolien-une-brochure-pour-repondre-aux-rumeurs\/"]}]},{"@type":"ImageObject","inLanguage":"fr-FR","@id":"https:\/\/www.renouvelle.be\/fr\/eolien-une-brochure-pour-repondre-aux-rumeurs\/#primaryimage","url":"https:\/\/www.renouvelle.be\/wp-content\/uploads\/2021\/02\/brochure-eolien.jpg","contentUrl":"https:\/\/www.renouvelle.be\/wp-content\/uploads\/2021\/02\/brochure-eolien.jpg","width":200,"height":284},{"@type":"BreadcrumbList","@id":"https:\/\/www.renouvelle.be\/fr\/eolien-une-brochure-pour-repondre-aux-rumeurs\/#breadcrumb","itemListElement":[{"@type":"ListItem","position":1,"name":"Accueil","item":"https:\/\/www.renouvelle.be\/fr\/"},{"@type":"ListItem","position":2,"name":"Eolien : une brochure pour r\u00e9pondre aux rumeurs"}]},{"@type":"WebSite","@id":"https:\/\/www.renouvelle.be\/fr\/#website","url":"https:\/\/www.renouvelle.be\/fr\/","name":"Renouvelle","description":"L&#039;actualit\u00e9 de l&#039;\u00e9nergie durable","potentialAction":[{"@type":"SearchAction","target":{"@type":"EntryPoint","urlTemplate":"https:\/\/www.renouvelle.be\/fr\/?s={search_term_string}"},"query-input":{"@type":"PropertyValueSpecification","valueRequired":true,"valueName":"search_term_string"}}],"inLanguage":"fr-FR"},{"@type":"Person","@id":"https:\/\/www.renouvelle.be\/fr\/#\/schema\/person\/e7a0c9d6fbb987de79ecd5ccdccec356","name":"Minh Ch\u00e2u BUI","url":"https:\/\/www.renouvelle.be\/fr\/author\/minhchaubui\/"}]}},"_links":{"self":[{"href":"https:\/\/www.renouvelle.be\/fr\/wp-json\/wp\/v2\/posts\/3769","targetHints":{"allow":["GET"]}}],"collection":[{"href":"https:\/\/www.renouvelle.be\/fr\/wp-json\/wp\/v2\/posts"}],"about":[{"href":"https:\/\/www.renouvelle.be\/fr\/wp-json\/wp\/v2\/types\/post"}],"author":[{"embeddable":true,"href":"https:\/\/www.renouvelle.be\/fr\/wp-json\/wp\/v2\/users\/22"}],"replies":[{"embeddable":true,"href":"https:\/\/www.renouvelle.be\/fr\/wp-json\/wp\/v2\/comments?post=3769"}],"version-history":[{"count":3,"href":"https:\/\/www.renouvelle.be\/fr\/wp-json\/wp\/v2\/posts\/3769\/revisions"}],"predecessor-version":[{"id":6672,"href":"https:\/\/www.renouvelle.be\/fr\/wp-json\/wp\/v2\/posts\/3769\/revisions\/6672"}],"wp:featuredmedia":[{"embeddable":true,"href":"https:\/\/www.renouvelle.be\/fr\/wp-json\/wp\/v2\/media\/4415"}],"wp:attachment":[{"href":"https:\/\/www.renouvelle.be\/fr\/wp-json\/wp\/v2\/media?parent=3769"}],"wp:term":[{"taxonomy":"category","embeddable":true,"href":"https:\/\/www.renouvelle.be\/fr\/wp-json\/wp\/v2\/categories?post=3769"},{"taxonomy":"post_tag","embeddable":true,"href":"https:\/\/www.renouvelle.be\/fr\/wp-json\/wp\/v2\/tags?post=3769"},{"taxonomy":"section","embeddable":true,"href":"https:\/\/www.renouvelle.be\/fr\/wp-json\/wp\/v2\/section?post=3769"}],"curies":[{"name":"wp","href":"https:\/\/api.w.org\/{rel}","templated":true}]}}