{"id":3743,"date":"2019-09-12T09:10:32","date_gmt":"2019-09-12T09:10:32","guid":{"rendered":""},"modified":"2023-06-09T17:27:03","modified_gmt":"2023-06-09T15:27:03","slug":"fin-de-la-compensation-maximisons-lautonomie-solaire","status":"publish","type":"post","link":"https:\/\/www.renouvelle.be\/fr\/fin-de-la-compensation-maximisons-lautonomie-solaire\/","title":{"rendered":"Fin de la compensation ? Maximisons l\u2019autonomie solaire !"},"content":{"rendered":"<p>La compensation est l\u2019un des incitants historiques mis en place dans les 3 R\u00e9gions de Belgique \u2013 et dans d\u2019autres Etats europ\u00e9ens &#8211; pour encourager les m\u00e9nages \u00e0 s\u2019\u00e9quiper en photovolta\u00efque.<\/p>\n<p>On l\u2019appelle plus simplement \u00ab&nbsp;le compteur qui tourne \u00e0 l\u2019envers&nbsp;\u00bb, car il peut effectivement tourner \u00e0 l\u2019envers quand les panneaux photovolta\u00efques injectent de l\u2019\u00e9lectricit\u00e9 dans le r\u00e9seau.<\/p>\n<p>Chaque ann\u00e9e, on applique un bilan comptable&nbsp;: sur la facture de consommation d\u2019\u00e9lectricit\u00e9, on d\u00e9duit l\u2019\u00e9lectricit\u00e9 solaire qui a \u00e9t\u00e9 inject\u00e9e sur le r\u00e9seau, ce qui all\u00e8ge la facture du prosumer \u2013 tant pour \u00ab&nbsp;l\u2019achat de l\u2019\u00e9nergie&nbsp;\u00bb que pour \u00ab&nbsp;les co\u00fbts d\u2019utilisation du r\u00e9seau&nbsp;\u00bb.<\/p>\n<p>Apr\u00e8s plus de 10 ann\u00e9es d\u2019exp\u00e9rience, le contexte belge et europ\u00e9en a \u00e9volu\u00e9 et les 3 R\u00e9gions ont d\u00e9cid\u00e9 ou annonc\u00e9 la suppression de ce principe.<\/p>\n<h2>&nbsp;<\/h2>\n<h2>Pourquoi supprimer ce m\u00e9canisme ?<\/h2>\n<p>&nbsp;<\/p>\n<p>Annonc\u00e9e depuis plusieurs ann\u00e9es, la suppression du m\u00e9canisme de compensation est aujourd\u2019hui rendue obligatoire par la directive europ\u00e9enne \u00ab Electricity market design \u00bb, adopt\u00e9e en juin 2019, et qui incite les Etats membres \u00e0 adopter d\u2019ici fin 2023 des modalit\u00e9s de sortie progressive (\u00ab&nbsp;phasing out&nbsp;\u00bb).<\/p>\n<p>Par ailleurs, le m\u00e9canisme de compensation a \u00e9t\u00e9 jug\u00e9 discriminatoire vis-\u00e0-vis des consommateurs \u00ab classiques \u00bb (non \u00e9quip\u00e9s en panneaux photovolta\u00efques). En effet, avec ce principe, les prosumers ne contribuent aux frais du r\u00e9seau qu\u2019en raison de la quantit\u00e9 nette d\u2019\u00e9nergie pr\u00e9lev\u00e9e &#8211; le solde apr\u00e8s le bilan annuel de la compensation \u2013 alors que, dans la r\u00e9alit\u00e9, ils ont pr\u00e9lev\u00e9 des quantit\u00e9s brutes plus \u00e9lev\u00e9es tout au long de l\u2019ann\u00e9e.<\/p>\n<p>Il s\u2019agit donc de faire contribuer de mani\u00e8re \u00e9quitable tous les consommateurs, avec ou sans panneaux solaires, aux couts du r\u00e9seau, selon leurs pr\u00e9l\u00e8vements r\u00e9els.<\/p>\n<p>En juste retour des choses, les prosumers ont le droit de contribuer aux frais du r\u00e9seau, soit selon un forfait d\u00e9finis par le r\u00e9gulateur, soit sur base de leurs pr\u00e9l\u00e8vements r\u00e9els d\u2019\u00e9lectricit\u00e9 sur le r\u00e9seau &#8211; ce qui n\u00e9cessite l\u2019installation d\u2019un compteur double-flux (bidirectionnel) ou d\u2019un compteur intelligent, tous deux capables de comptabiliser s\u00e9par\u00e9ment les flux de pr\u00e9l\u00e8vements d\u2019\u00e9lectricit\u00e9 et les flux d\u2019injection d\u2019\u00e9lectricit\u00e9 solaire sur le r\u00e9seau.<\/p>\n<p>La fin de la compensation est donc techniquement li\u00e9e \u00e0 la disponibilit\u00e9 ou non, chez le prosumer, de l\u2019un de ces deux types de compteur, afin qu\u2019il puisse exercer son droit \u00e0 une facturation sur base de sa consommation r\u00e9elle.<\/p>\n<p>&nbsp;<\/p>\n<h2>La R\u00e9gion bruxelloise est pionni\u00e8re<\/h2>\n<p>&nbsp;<\/p>\n<p>La R\u00e9gion bruxelloise est la premi\u00e8re \u00e0 mettre en \u0153uvre cette sortie.<\/p>\n<p>Pour une raison tr\u00e8s simple&nbsp;: A Bruxelles, les prosumers sont d\u00e9j\u00e0 tous \u00e9quip\u00e9s \u2013 depuis 2007 \u2013 d\u2019un compteur double-flux bidirectionnel ou, depuis le 1<sup>er<\/sup> janvier 2019, d\u2019un compteur bidirectionnel intelligent. Les m\u00e9nages bruxellois peuvent donc d\u00e9j\u00e0 voir sur leurs compteurs les quantit\u00e9s r\u00e9elles d\u2019\u00e9lectricit\u00e9 pr\u00e9lev\u00e9e sur le r\u00e9seau.<\/p>\n<p>Brugel, le r\u00e9gulateur du march\u00e9 bruxellois de l\u2019\u00e9nergie, a d\u00e8s lors pu annoncer r\u00e9cemment dans un <a href=\"https:\/\/www.brugel.brussels\/publication\/document\/communiques\/2019\/fr\/Communique-presse-fin-compensation.pdf\">communiqu\u00e9<\/a> le changement suivant :<\/p>\n<p>\u00ab&nbsp;A partir du 1er janvier 2020, la partie \u00ab co\u00fbt de r\u00e9seau \u00bb de la facture d\u2019\u00e9lectricit\u00e9 ne sera plus compens\u00e9e pour les installations de production d\u2019une puissance inf\u00e9rieure \u00e0 5kW. Les prosumers concern\u00e9s paieront donc la redevance r\u00e9seau sur toute l\u2019\u00e9lectricit\u00e9 qu\u2019ils pr\u00e9l\u00e8vent. Pour ces installations sous 5 kW, la compensation reste par ailleurs d\u2019application pour la partie \u00ab \u00e9nergie \u00bb (aussi appel\u00e9e \u00ab commodit\u00e9 \u00bb), jusqu\u2019\u00e0 une \u00e9ventuelle adaptation de l\u2019arr\u00eat\u00e9 \u00e9lectricit\u00e9 verte qui r\u00e9git cette partie.&nbsp;\u00bb<\/p>\n<p>&nbsp;<\/p>\n<h2>La Wallonie manque de vision<\/h2>\n<p>&nbsp;<\/p>\n<p>En Wallonie, la saga du \u00ab&nbsp;tarif prosumer&nbsp;\u00bb rebondit \u00e0 nouveau&nbsp;: le nouveau Gouvernement wallon annonce que ce tarif s\u2019appliquera, non pas au 1<sup>er<\/sup> janvier 2020 comme pr\u00e9vu, mais en 2025.<\/p>\n<p>Ceci postpose \u00e9galement la sortie progressive de la compensation et entretien un flou.<\/p>\n<p>La CWaPE, r\u00e9gulateur du march\u00e9 wallon de l&rsquo;\u00e9nergie, a r\u00e9agi dans un <a href=\"https:\/\/www.cwape.be\/docs\/?doc=4988\" target=\"_blank\" rel=\"noopener\">communiqu\u00e9<\/a> et estime qu\u2019un report du tarif prosumer met \u00e0 mal la volont\u00e9 d&rsquo;une \u00e9quit\u00e9 vis-\u00e0-vis de tous les citoyens wallons qui n\u2019ont pas de panneaux photovolta\u00efques et qui sont de facto les seuls clients r\u00e9sidentiels \u00e0 financer le r\u00e9seau. Avec un report du tarif prosumer en 2025, \u00ab une charge importante continuera \u00e0 \u00eatre support\u00e9e dans les ann\u00e9es \u00e0 venir par ces citoyens qui sont sans panneaux, parfois parce qu\u2019ils en ont fait le choix, mais parfois aussi parce qu\u2019ils sont locataires, propri\u00e9taires d\u2019appartements ou de maisons aux toits mal orient\u00e9s \u00bb. En outre, la CWaPE rappelle que la tarification rel\u00e8ve de son domaine de comp\u00e9tence et pourrait introduire un recours contre ce report.<\/p>\n<p>Les Gestionnaires de R\u00e9seaux de Distribution (GRD), quant \u00e0 eux, pr\u00e9voient le remplacement progressif des compteurs classiques (analogiques) par des compteurs intelligents, entre 2023 et 2029.<\/p>\n<p>Lorsque les prosumers wallons en seront \u00e9quip\u00e9s, ils pourront alors b\u00e9n\u00e9ficier d\u2019un tarif bas\u00e9 sur leurs pr\u00e9l\u00e8vements r\u00e9els d\u2019\u00e9lectricit\u00e9 sur le r\u00e9seau. Et la compensation pourra s\u2019arr\u00eater progressivement.<\/p>\n<p>Surpris par les rebondissements politiques, les professionnels wallons du photovolta\u00efque souhaitent la mise en place en Wallonie d\u2019un v\u00e9ritable calendrier de sortie de ce m\u00e9canisme, \u00e0 l\u2019instar du mod\u00e8le flamand.<\/p>\n<p><img decoding=\"async\" alt=\"\" src=\"\/wp-content\/uploads\/2021\/02\/post\/istock-477245674.jpg\" style=\"width: 580px; height: 575px;\"><\/p>\n<p><small>En Wallonie et en Flandre, les GRD pr\u00e9voient un remplacement progressif des compteurs classiques par des compteurs intelligents (illustration ci-dessus), entre 2023 et 2029. Les prosumers pourront alors choisir un tarif sur base des pr\u00e9l\u00e8vements r\u00e9els d\u2019\u00e9lectricit\u00e9 sur le r\u00e9seau. Et le m\u00e9canisme de la compensation pourra s\u2019arr\u00eater.<\/small><\/p>\n<p>&nbsp;<\/p>\n<h2>La Flandre planifie une sortie en douceur<\/h2>\n<p>&nbsp;<\/p>\n<p>En Flandre, les prosumers <u>existants<\/u> (ou les m\u00e9nages qui s\u2019\u00e9quipent en photovolta\u00efque d\u2019ici fin 2020) peuvent d\u2019ores et d\u00e9j\u00e0 faire installer un compteur intelligent, sur demande ou dans le cadre d\u2019un remplacement des compteurs programm\u00e9 par les GRD.<\/p>\n<p>A partir de la mise en service du compteur intelligent, le prosumer pourra choisir, pour une p\u00e9riode de 15 ans, entre&nbsp;:<\/p>\n<ul>\n<li>Le maintien de la compensation annuelle + un tarif prosumer forfaitaire ;<\/li>\n<\/ul>\n<p>Ou<\/p>\n<ul>\n<li>Un tarif prosumer bas\u00e9 sur les pr\u00e9l\u00e8vements r\u00e9els + la compensation annuelle sur la partie \u00ab&nbsp;commodit\u00e9&nbsp;\u00bb uniquement c-\u00e0-d sur l\u2019achat de l\u2019\u00e9lectricit\u00e9 (la compensation ne sera donc plus appliqu\u00e9e aux frais de r\u00e9seau).<\/li>\n<\/ul>\n<p>Apr\u00e8s 15 ans, la compensation sera d\u00e9finitivement supprim\u00e9e pour ces prosumers (quel que soit leur choix). Ils rejoindront alors le r\u00e9gime pr\u00e9vu pour les nouvelles installations photovolta\u00efques (expliqu\u00e9 ci-apr\u00e8s).<\/p>\n<p>A partir du 1er janvier 2021, les m\u00e9nages flamands qui s\u2019\u00e9quipent en photovolta\u00efque b\u00e9n\u00e9ficieront du r\u00e9gime pr\u00e9vu pour les nouvelles installations, \u00e0 savoir&nbsp;:<\/p>\n<ul>\n<li>Absence de compensation annuelle,<\/li>\n<li>Obligation de placer un compteur intelligent,<\/li>\n<li>Paiement de l\u2019\u00e9lectricit\u00e9 brut pr\u00e9lev\u00e9 sur le r\u00e9seau (index compteur IN),<\/li>\n<li>Valorisation de l\u2019\u00e9lectricit\u00e9 solaire inject\u00e9e (index compteur OUT) via une obligation de rachat \u00e0 un prix minimum.<\/li>\n<\/ul>\n<p>Parall\u00e8lement, la Flandre a mis en place une prime pour s\u2019\u00e9quiper d\u2019une batterie de stockage (250\u20ac\/kWh de capacit\u00e9).<\/p>\n<p>Ce mod\u00e8le flamand a le m\u00e9rite d\u2019\u00eatre simple et attractif, puisqu\u2019il incite le prosumer \u00e0 adopter des comportements ou \u00e9quipements \u00e9conomes en \u00e9nergie et \u00e0 maximiser son autoconsommation, individuelle ou collective, d\u2019\u00e9lectricit\u00e9 solaire.<\/p>\n<p>Quelles que soient l\u2019\u00e9ch\u00e9ance et les modalit\u00e9s, la fin de la compensation dans les 3 R\u00e9gions incitera donc les prosumers \u00e0 la plus grande autonomie solaire possible.<\/p>\n<p>&nbsp;<\/p>\n<h2>Comment booster votre autoconsommation solaire<\/h2>\n<p>&nbsp;<\/p>\n<p><img decoding=\"async\" alt=\"\" src=\"\/wp-content\/uploads\/2021\/02\/post\/istock-910289776_converti.jpg\" style=\"width: 580px; height: 500px;\"><\/p>\n<p>Pour les prosumers, la fin de la compensation change la logique \u00e9conomique. Ils auront un int\u00e9r\u00eat \u00e9conomique \u00e0 pr\u00e9lever (et payer) le moins possible d\u2019\u00e9lectricit\u00e9 du r\u00e9seau. Ils pourront agir sur trois leviers&nbsp;:<\/p>\n<ul>\n<li>R\u00e9duire les consommations superflues d\u2019\u00e9lectricit\u00e9 (changement d\u2019habitudes et petits investissements&nbsp;: multiprises, ampoules LED, \u2026).<\/li>\n<li>D\u00e9placer au maximum la consommation r\u00e9siduelle au moment de production solaire (en programmant par exemple les appareils \u00e9lectro-m\u00e9nagers en journ\u00e9e).<\/li>\n<li>Surdimensionner leur installation pour couvrir au maximum leur consommation, en toutes saisons.<\/li>\n<\/ul>\n<p>Parmi les autres actions possibles&nbsp;pour atteindre jusqu\u2019\u00e0 60 % d\u2019autonomie solaire : installer un PVheater pour chauffer l\u2019eau sanitaire de votre maison \u00e0 partir de l\u2019\u00e9lectricit\u00e9 solaire et\/ou remplacer votre voiture thermique par un mod\u00e8le \u00e9lectrique \u00e0 recharger chez vous en journ\u00e9e (le week-end par exemple). La batterie statique \u00e0 placer dans la maison n\u2019est, \u00e0 ce stade, pas encore \u00e9conomiquement rentable.<\/p>\n<p>&nbsp;<\/p>\n<p><strong><em>Vous souhaitez suivre toute l&rsquo;actualit\u00e9 du secteur photovolta\u00efque et rencontrer les acteurs du march\u00e9 ? Participez au <a href=\"http:\/\/www.solarday.be\" target=\"_blank\" rel=\"noopener\">Belgian Solar Day<\/a> ! (18 octobre 2019, Bruxelles).<\/em><\/strong><\/p>\n<p>Lire \u00e9galement nos articles&nbsp;:<\/p>\n<p><a href=\"https:\/\/www.renouvelle.be\/fr\/debats\/et-si-les-compteurs-intelligents-offraient-un-benefice-aux-menages\">Et si les compteurs intelligents offraient un b\u00e9n\u00e9fice aux m\u00e9nages ?<\/a><\/p>\n<p><a href=\"https:\/\/www.renouvelle.be\/fr\/technologies\/eau-chaude-sanitaire-quelle-technologie-solaire-choisir-analyse-2019\">Eau chaude sanitaire : quelle technologie solaire choisir ? (analyse 2019)<\/a><\/p>\n<p><a href=\"https:\/\/www.renouvelle.be\/fr\/technologies\/nous-avons-teste-le-pvheater-un-stockage-de-lelectricite-photovoltaique-excedentaire\">Nous avons test\u00e9 le PVheater, un stockage de l\u2019\u00e9lectricit\u00e9 photovolta\u00efque exc\u00e9dentaire domestique<\/a><\/p>\n<p>&nbsp;<\/p>\n<p>&nbsp;<\/p>\n<p>&nbsp;<\/p>\n","protected":false},"excerpt":{"rendered":"<p>La compensation est l\u2019un des incitants historiques mis en place dans les 3 R\u00e9gions de Belgique \u2013 et dans d\u2019autres Etats europ\u00e9ens &#8211; pour encourager les m\u00e9nages \u00e0 s\u2019\u00e9quiper en photovolta\u00efque. On l\u2019appelle plus simplement \u00ab&nbsp;le compteur qui tourne \u00e0 l\u2019envers&nbsp;\u00bb, car il peut effectivement tourner \u00e0 l\u2019envers quand les panneaux photovolta\u00efques injectent de l\u2019\u00e9lectricit\u00e9 dans le r\u00e9seau. Chaque ann\u00e9e, on applique un bilan comptable&nbsp;: sur la facture de consommation d\u2019\u00e9lectricit\u00e9, on d\u00e9duit l\u2019\u00e9lectricit\u00e9 solaire qui a \u00e9t\u00e9 inject\u00e9e sur le r\u00e9seau, ce qui all\u00e8ge la facture du prosumer \u2013 tant pour \u00ab&nbsp;l\u2019achat de l\u2019\u00e9nergie&nbsp;\u00bb que pour \u00ab&nbsp;les co\u00fbts d\u2019utilisation du r\u00e9seau&nbsp;\u00bb. Apr\u00e8s plus de 10 ann\u00e9es d\u2019exp\u00e9rience, le contexte belge et europ\u00e9en a \u00e9volu\u00e9 et les 3 R\u00e9gions ont d\u00e9cid\u00e9 ou annonc\u00e9 la suppression de ce principe. &nbsp; Pourquoi supprimer ce m\u00e9canisme ? &nbsp; Annonc\u00e9e depuis plusieurs ann\u00e9es, la suppression du m\u00e9canisme de compensation est aujourd\u2019hui rendue obligatoire par la directive europ\u00e9enne \u00ab Electricity market design \u00bb, adopt\u00e9e en juin 2019, et qui incite les Etats membres \u00e0 adopter d\u2019ici fin 2023 des modalit\u00e9s de sortie progressive (\u00ab&nbsp;phasing out&nbsp;\u00bb). Par ailleurs, le m\u00e9canisme de compensation a \u00e9t\u00e9 jug\u00e9 discriminatoire vis-\u00e0-vis des consommateurs \u00ab classiques \u00bb (non \u00e9quip\u00e9s en panneaux photovolta\u00efques). En effet, avec ce principe, les prosumers ne contribuent aux frais du r\u00e9seau qu\u2019en raison de la quantit\u00e9 nette d\u2019\u00e9nergie pr\u00e9lev\u00e9e &#8211; le solde apr\u00e8s le bilan annuel de la compensation \u2013 alors que, dans la r\u00e9alit\u00e9, ils ont pr\u00e9lev\u00e9 des quantit\u00e9s brutes plus \u00e9lev\u00e9es tout au long de l\u2019ann\u00e9e. Il s\u2019agit donc de faire contribuer de mani\u00e8re \u00e9quitable tous les consommateurs, avec ou sans panneaux solaires, aux couts du r\u00e9seau, selon leurs pr\u00e9l\u00e8vements r\u00e9els. En juste retour des choses, les prosumers ont le droit de contribuer aux frais &hellip; <a href=\"https:\/\/www.renouvelle.be\/fr\/fin-de-la-compensation-maximisons-lautonomie-solaire\/\" class=\"more-link\">Continue reading<span class=\"screen-reader-text\"> \u00ab\u00a0Fin de la compensation ? Maximisons l\u2019autonomie solaire !\u00a0\u00bb<\/span><\/a><\/p>\n","protected":false},"author":3,"featured_media":4416,"comment_status":"open","ping_status":"open","sticky":false,"template":"","format":"standard","meta":{"_acf_changed":false,"footnotes":""},"categories":[17],"tags":[],"section":[13],"class_list":["post-3743","post","type-post","status-publish","format-standard","has-post-thumbnail","hentry","category-actualite-en-belgique","section-solaire"],"acf":[],"yoast_head":"<!-- This site is optimized with the Yoast SEO plugin v27.5 - https:\/\/yoast.com\/product\/yoast-seo-wordpress\/ -->\n<title>Fin de la compensation ? Maximisons l\u2019autonomie solaire ! - Renouvelle<\/title>\n<meta name=\"robots\" content=\"index, follow, max-snippet:-1, max-image-preview:large, max-video-preview:-1\" \/>\n<link rel=\"canonical\" href=\"https:\/\/www.renouvelle.be\/fr\/fin-de-la-compensation-maximisons-lautonomie-solaire\/\" \/>\n<meta property=\"og:locale\" content=\"fr_FR\" \/>\n<meta property=\"og:type\" content=\"article\" \/>\n<meta property=\"og:title\" content=\"Fin de la compensation ? Maximisons l\u2019autonomie solaire ! - Renouvelle\" \/>\n<meta property=\"og:description\" content=\"La compensation est l\u2019un des incitants historiques mis en place dans les 3 R\u00e9gions de Belgique \u2013 et dans d\u2019autres Etats europ\u00e9ens &#8211; pour encourager les m\u00e9nages \u00e0 s\u2019\u00e9quiper en photovolta\u00efque. On l\u2019appelle plus simplement \u00ab&nbsp;le compteur qui tourne \u00e0 l\u2019envers&nbsp;\u00bb, car il peut effectivement tourner \u00e0 l\u2019envers quand les panneaux photovolta\u00efques injectent de l\u2019\u00e9lectricit\u00e9 dans le r\u00e9seau. Chaque ann\u00e9e, on applique un bilan comptable&nbsp;: sur la facture de consommation d\u2019\u00e9lectricit\u00e9, on d\u00e9duit l\u2019\u00e9lectricit\u00e9 solaire qui a \u00e9t\u00e9 inject\u00e9e sur le r\u00e9seau, ce qui all\u00e8ge la facture du prosumer \u2013 tant pour \u00ab&nbsp;l\u2019achat de l\u2019\u00e9nergie&nbsp;\u00bb que pour \u00ab&nbsp;les co\u00fbts d\u2019utilisation du r\u00e9seau&nbsp;\u00bb. Apr\u00e8s plus de 10 ann\u00e9es d\u2019exp\u00e9rience, le contexte belge et europ\u00e9en a \u00e9volu\u00e9 et les 3 R\u00e9gions ont d\u00e9cid\u00e9 ou annonc\u00e9 la suppression de ce principe. &nbsp; Pourquoi supprimer ce m\u00e9canisme ? &nbsp; Annonc\u00e9e depuis plusieurs ann\u00e9es, la suppression du m\u00e9canisme de compensation est aujourd\u2019hui rendue obligatoire par la directive europ\u00e9enne \u00ab Electricity market design \u00bb, adopt\u00e9e en juin 2019, et qui incite les Etats membres \u00e0 adopter d\u2019ici fin 2023 des modalit\u00e9s de sortie progressive (\u00ab&nbsp;phasing out&nbsp;\u00bb). Par ailleurs, le m\u00e9canisme de compensation a \u00e9t\u00e9 jug\u00e9 discriminatoire vis-\u00e0-vis des consommateurs \u00ab classiques \u00bb (non \u00e9quip\u00e9s en panneaux photovolta\u00efques). En effet, avec ce principe, les prosumers ne contribuent aux frais du r\u00e9seau qu\u2019en raison de la quantit\u00e9 nette d\u2019\u00e9nergie pr\u00e9lev\u00e9e &#8211; le solde apr\u00e8s le bilan annuel de la compensation \u2013 alors que, dans la r\u00e9alit\u00e9, ils ont pr\u00e9lev\u00e9 des quantit\u00e9s brutes plus \u00e9lev\u00e9es tout au long de l\u2019ann\u00e9e. Il s\u2019agit donc de faire contribuer de mani\u00e8re \u00e9quitable tous les consommateurs, avec ou sans panneaux solaires, aux couts du r\u00e9seau, selon leurs pr\u00e9l\u00e8vements r\u00e9els. En juste retour des choses, les prosumers ont le droit de contribuer aux frais &hellip; Continue reading &quot;Fin de la compensation ? Maximisons l\u2019autonomie solaire !&quot;\" \/>\n<meta property=\"og:url\" content=\"https:\/\/www.renouvelle.be\/fr\/fin-de-la-compensation-maximisons-lautonomie-solaire\/\" \/>\n<meta property=\"og:site_name\" content=\"Renouvelle\" \/>\n<meta property=\"article:published_time\" content=\"2019-09-12T09:10:32+00:00\" \/>\n<meta property=\"article:modified_time\" content=\"2023-06-09T15:27:03+00:00\" \/>\n<meta property=\"og:image\" content=\"https:\/\/www.renouvelle.be\/wp-content\/uploads\/2021\/02\/brugel.jpg\" \/>\n\t<meta property=\"og:image:width\" content=\"580\" \/>\n\t<meta property=\"og:image:height\" content=\"348\" \/>\n\t<meta property=\"og:image:type\" content=\"image\/jpeg\" \/>\n<meta name=\"author\" content=\"Energie Commune\" \/>\n<meta name=\"twitter:card\" content=\"summary_large_image\" \/>\n<script type=\"application\/ld+json\" class=\"yoast-schema-graph\">{\"@context\":\"https:\\\/\\\/schema.org\",\"@graph\":[{\"@type\":\"Article\",\"@id\":\"https:\\\/\\\/www.renouvelle.be\\\/fr\\\/fin-de-la-compensation-maximisons-lautonomie-solaire\\\/#article\",\"isPartOf\":{\"@id\":\"https:\\\/\\\/www.renouvelle.be\\\/fr\\\/fin-de-la-compensation-maximisons-lautonomie-solaire\\\/\"},\"author\":{\"name\":\"Energie Commune\",\"@id\":\"https:\\\/\\\/www.renouvelle.be\\\/fr\\\/#\\\/schema\\\/person\\\/01fbe8226a07f8f3d4a1cd059b31f17a\"},\"headline\":\"Fin de la compensation ? Maximisons l\u2019autonomie solaire !\",\"datePublished\":\"2019-09-12T09:10:32+00:00\",\"dateModified\":\"2023-06-09T15:27:03+00:00\",\"mainEntityOfPage\":{\"@id\":\"https:\\\/\\\/www.renouvelle.be\\\/fr\\\/fin-de-la-compensation-maximisons-lautonomie-solaire\\\/\"},\"wordCount\":1558,\"commentCount\":0,\"image\":{\"@id\":\"https:\\\/\\\/www.renouvelle.be\\\/fr\\\/fin-de-la-compensation-maximisons-lautonomie-solaire\\\/#primaryimage\"},\"thumbnailUrl\":\"https:\\\/\\\/www.renouvelle.be\\\/wp-content\\\/uploads\\\/2021\\\/02\\\/brugel.jpg\",\"articleSection\":[\"Actualit\u00e9 en Belgique\"],\"inLanguage\":\"fr-FR\",\"potentialAction\":[{\"@type\":\"CommentAction\",\"name\":\"Comment\",\"target\":[\"https:\\\/\\\/www.renouvelle.be\\\/fr\\\/fin-de-la-compensation-maximisons-lautonomie-solaire\\\/#respond\"]}]},{\"@type\":\"WebPage\",\"@id\":\"https:\\\/\\\/www.renouvelle.be\\\/fr\\\/fin-de-la-compensation-maximisons-lautonomie-solaire\\\/\",\"url\":\"https:\\\/\\\/www.renouvelle.be\\\/fr\\\/fin-de-la-compensation-maximisons-lautonomie-solaire\\\/\",\"name\":\"Fin de la compensation ? Maximisons l\u2019autonomie solaire ! - Renouvelle\",\"isPartOf\":{\"@id\":\"https:\\\/\\\/www.renouvelle.be\\\/fr\\\/#website\"},\"primaryImageOfPage\":{\"@id\":\"https:\\\/\\\/www.renouvelle.be\\\/fr\\\/fin-de-la-compensation-maximisons-lautonomie-solaire\\\/#primaryimage\"},\"image\":{\"@id\":\"https:\\\/\\\/www.renouvelle.be\\\/fr\\\/fin-de-la-compensation-maximisons-lautonomie-solaire\\\/#primaryimage\"},\"thumbnailUrl\":\"https:\\\/\\\/www.renouvelle.be\\\/wp-content\\\/uploads\\\/2021\\\/02\\\/brugel.jpg\",\"datePublished\":\"2019-09-12T09:10:32+00:00\",\"dateModified\":\"2023-06-09T15:27:03+00:00\",\"author\":{\"@id\":\"https:\\\/\\\/www.renouvelle.be\\\/fr\\\/#\\\/schema\\\/person\\\/01fbe8226a07f8f3d4a1cd059b31f17a\"},\"breadcrumb\":{\"@id\":\"https:\\\/\\\/www.renouvelle.be\\\/fr\\\/fin-de-la-compensation-maximisons-lautonomie-solaire\\\/#breadcrumb\"},\"inLanguage\":\"fr-FR\",\"potentialAction\":[{\"@type\":\"ReadAction\",\"target\":[\"https:\\\/\\\/www.renouvelle.be\\\/fr\\\/fin-de-la-compensation-maximisons-lautonomie-solaire\\\/\"]}]},{\"@type\":\"ImageObject\",\"inLanguage\":\"fr-FR\",\"@id\":\"https:\\\/\\\/www.renouvelle.be\\\/fr\\\/fin-de-la-compensation-maximisons-lautonomie-solaire\\\/#primaryimage\",\"url\":\"https:\\\/\\\/www.renouvelle.be\\\/wp-content\\\/uploads\\\/2021\\\/02\\\/brugel.jpg\",\"contentUrl\":\"https:\\\/\\\/www.renouvelle.be\\\/wp-content\\\/uploads\\\/2021\\\/02\\\/brugel.jpg\",\"width\":580,\"height\":348},{\"@type\":\"BreadcrumbList\",\"@id\":\"https:\\\/\\\/www.renouvelle.be\\\/fr\\\/fin-de-la-compensation-maximisons-lautonomie-solaire\\\/#breadcrumb\",\"itemListElement\":[{\"@type\":\"ListItem\",\"position\":1,\"name\":\"Accueil\",\"item\":\"https:\\\/\\\/www.renouvelle.be\\\/fr\\\/\"},{\"@type\":\"ListItem\",\"position\":2,\"name\":\"Fin de la compensation ? Maximisons l\u2019autonomie solaire !\"}]},{\"@type\":\"WebSite\",\"@id\":\"https:\\\/\\\/www.renouvelle.be\\\/fr\\\/#website\",\"url\":\"https:\\\/\\\/www.renouvelle.be\\\/fr\\\/\",\"name\":\"Renouvelle\",\"description\":\"L&#039;actualit\u00e9 de l&#039;\u00e9nergie durable\",\"potentialAction\":[{\"@type\":\"SearchAction\",\"target\":{\"@type\":\"EntryPoint\",\"urlTemplate\":\"https:\\\/\\\/www.renouvelle.be\\\/fr\\\/?s={search_term_string}\"},\"query-input\":{\"@type\":\"PropertyValueSpecification\",\"valueRequired\":true,\"valueName\":\"search_term_string\"}}],\"inLanguage\":\"fr-FR\"},{\"@type\":\"Person\",\"@id\":\"https:\\\/\\\/www.renouvelle.be\\\/fr\\\/#\\\/schema\\\/person\\\/01fbe8226a07f8f3d4a1cd059b31f17a\",\"name\":\"Energie Commune\",\"url\":\"https:\\\/\\\/www.renouvelle.be\\\/fr\\\/author\\\/apere\\\/\"}]}<\/script>\n<!-- \/ Yoast SEO plugin. -->","yoast_head_json":{"title":"Fin de la compensation ? Maximisons l\u2019autonomie solaire ! - Renouvelle","robots":{"index":"index","follow":"follow","max-snippet":"max-snippet:-1","max-image-preview":"max-image-preview:large","max-video-preview":"max-video-preview:-1"},"canonical":"https:\/\/www.renouvelle.be\/fr\/fin-de-la-compensation-maximisons-lautonomie-solaire\/","og_locale":"fr_FR","og_type":"article","og_title":"Fin de la compensation ? Maximisons l\u2019autonomie solaire ! - Renouvelle","og_description":"La compensation est l\u2019un des incitants historiques mis en place dans les 3 R\u00e9gions de Belgique \u2013 et dans d\u2019autres Etats europ\u00e9ens &#8211; pour encourager les m\u00e9nages \u00e0 s\u2019\u00e9quiper en photovolta\u00efque. On l\u2019appelle plus simplement \u00ab&nbsp;le compteur qui tourne \u00e0 l\u2019envers&nbsp;\u00bb, car il peut effectivement tourner \u00e0 l\u2019envers quand les panneaux photovolta\u00efques injectent de l\u2019\u00e9lectricit\u00e9 dans le r\u00e9seau. Chaque ann\u00e9e, on applique un bilan comptable&nbsp;: sur la facture de consommation d\u2019\u00e9lectricit\u00e9, on d\u00e9duit l\u2019\u00e9lectricit\u00e9 solaire qui a \u00e9t\u00e9 inject\u00e9e sur le r\u00e9seau, ce qui all\u00e8ge la facture du prosumer \u2013 tant pour \u00ab&nbsp;l\u2019achat de l\u2019\u00e9nergie&nbsp;\u00bb que pour \u00ab&nbsp;les co\u00fbts d\u2019utilisation du r\u00e9seau&nbsp;\u00bb. Apr\u00e8s plus de 10 ann\u00e9es d\u2019exp\u00e9rience, le contexte belge et europ\u00e9en a \u00e9volu\u00e9 et les 3 R\u00e9gions ont d\u00e9cid\u00e9 ou annonc\u00e9 la suppression de ce principe. &nbsp; Pourquoi supprimer ce m\u00e9canisme ? &nbsp; Annonc\u00e9e depuis plusieurs ann\u00e9es, la suppression du m\u00e9canisme de compensation est aujourd\u2019hui rendue obligatoire par la directive europ\u00e9enne \u00ab Electricity market design \u00bb, adopt\u00e9e en juin 2019, et qui incite les Etats membres \u00e0 adopter d\u2019ici fin 2023 des modalit\u00e9s de sortie progressive (\u00ab&nbsp;phasing out&nbsp;\u00bb). Par ailleurs, le m\u00e9canisme de compensation a \u00e9t\u00e9 jug\u00e9 discriminatoire vis-\u00e0-vis des consommateurs \u00ab classiques \u00bb (non \u00e9quip\u00e9s en panneaux photovolta\u00efques). En effet, avec ce principe, les prosumers ne contribuent aux frais du r\u00e9seau qu\u2019en raison de la quantit\u00e9 nette d\u2019\u00e9nergie pr\u00e9lev\u00e9e &#8211; le solde apr\u00e8s le bilan annuel de la compensation \u2013 alors que, dans la r\u00e9alit\u00e9, ils ont pr\u00e9lev\u00e9 des quantit\u00e9s brutes plus \u00e9lev\u00e9es tout au long de l\u2019ann\u00e9e. Il s\u2019agit donc de faire contribuer de mani\u00e8re \u00e9quitable tous les consommateurs, avec ou sans panneaux solaires, aux couts du r\u00e9seau, selon leurs pr\u00e9l\u00e8vements r\u00e9els. En juste retour des choses, les prosumers ont le droit de contribuer aux frais &hellip; Continue reading \"Fin de la compensation ? Maximisons l\u2019autonomie solaire !\"","og_url":"https:\/\/www.renouvelle.be\/fr\/fin-de-la-compensation-maximisons-lautonomie-solaire\/","og_site_name":"Renouvelle","article_published_time":"2019-09-12T09:10:32+00:00","article_modified_time":"2023-06-09T15:27:03+00:00","og_image":[{"width":580,"height":348,"url":"https:\/\/www.renouvelle.be\/wp-content\/uploads\/2021\/02\/brugel.jpg","type":"image\/jpeg"}],"author":"Energie Commune","twitter_card":"summary_large_image","schema":{"@context":"https:\/\/schema.org","@graph":[{"@type":"Article","@id":"https:\/\/www.renouvelle.be\/fr\/fin-de-la-compensation-maximisons-lautonomie-solaire\/#article","isPartOf":{"@id":"https:\/\/www.renouvelle.be\/fr\/fin-de-la-compensation-maximisons-lautonomie-solaire\/"},"author":{"name":"Energie Commune","@id":"https:\/\/www.renouvelle.be\/fr\/#\/schema\/person\/01fbe8226a07f8f3d4a1cd059b31f17a"},"headline":"Fin de la compensation ? Maximisons l\u2019autonomie solaire !","datePublished":"2019-09-12T09:10:32+00:00","dateModified":"2023-06-09T15:27:03+00:00","mainEntityOfPage":{"@id":"https:\/\/www.renouvelle.be\/fr\/fin-de-la-compensation-maximisons-lautonomie-solaire\/"},"wordCount":1558,"commentCount":0,"image":{"@id":"https:\/\/www.renouvelle.be\/fr\/fin-de-la-compensation-maximisons-lautonomie-solaire\/#primaryimage"},"thumbnailUrl":"https:\/\/www.renouvelle.be\/wp-content\/uploads\/2021\/02\/brugel.jpg","articleSection":["Actualit\u00e9 en Belgique"],"inLanguage":"fr-FR","potentialAction":[{"@type":"CommentAction","name":"Comment","target":["https:\/\/www.renouvelle.be\/fr\/fin-de-la-compensation-maximisons-lautonomie-solaire\/#respond"]}]},{"@type":"WebPage","@id":"https:\/\/www.renouvelle.be\/fr\/fin-de-la-compensation-maximisons-lautonomie-solaire\/","url":"https:\/\/www.renouvelle.be\/fr\/fin-de-la-compensation-maximisons-lautonomie-solaire\/","name":"Fin de la compensation ? Maximisons l\u2019autonomie solaire ! - Renouvelle","isPartOf":{"@id":"https:\/\/www.renouvelle.be\/fr\/#website"},"primaryImageOfPage":{"@id":"https:\/\/www.renouvelle.be\/fr\/fin-de-la-compensation-maximisons-lautonomie-solaire\/#primaryimage"},"image":{"@id":"https:\/\/www.renouvelle.be\/fr\/fin-de-la-compensation-maximisons-lautonomie-solaire\/#primaryimage"},"thumbnailUrl":"https:\/\/www.renouvelle.be\/wp-content\/uploads\/2021\/02\/brugel.jpg","datePublished":"2019-09-12T09:10:32+00:00","dateModified":"2023-06-09T15:27:03+00:00","author":{"@id":"https:\/\/www.renouvelle.be\/fr\/#\/schema\/person\/01fbe8226a07f8f3d4a1cd059b31f17a"},"breadcrumb":{"@id":"https:\/\/www.renouvelle.be\/fr\/fin-de-la-compensation-maximisons-lautonomie-solaire\/#breadcrumb"},"inLanguage":"fr-FR","potentialAction":[{"@type":"ReadAction","target":["https:\/\/www.renouvelle.be\/fr\/fin-de-la-compensation-maximisons-lautonomie-solaire\/"]}]},{"@type":"ImageObject","inLanguage":"fr-FR","@id":"https:\/\/www.renouvelle.be\/fr\/fin-de-la-compensation-maximisons-lautonomie-solaire\/#primaryimage","url":"https:\/\/www.renouvelle.be\/wp-content\/uploads\/2021\/02\/brugel.jpg","contentUrl":"https:\/\/www.renouvelle.be\/wp-content\/uploads\/2021\/02\/brugel.jpg","width":580,"height":348},{"@type":"BreadcrumbList","@id":"https:\/\/www.renouvelle.be\/fr\/fin-de-la-compensation-maximisons-lautonomie-solaire\/#breadcrumb","itemListElement":[{"@type":"ListItem","position":1,"name":"Accueil","item":"https:\/\/www.renouvelle.be\/fr\/"},{"@type":"ListItem","position":2,"name":"Fin de la compensation ? Maximisons l\u2019autonomie solaire !"}]},{"@type":"WebSite","@id":"https:\/\/www.renouvelle.be\/fr\/#website","url":"https:\/\/www.renouvelle.be\/fr\/","name":"Renouvelle","description":"L&#039;actualit\u00e9 de l&#039;\u00e9nergie durable","potentialAction":[{"@type":"SearchAction","target":{"@type":"EntryPoint","urlTemplate":"https:\/\/www.renouvelle.be\/fr\/?s={search_term_string}"},"query-input":{"@type":"PropertyValueSpecification","valueRequired":true,"valueName":"search_term_string"}}],"inLanguage":"fr-FR"},{"@type":"Person","@id":"https:\/\/www.renouvelle.be\/fr\/#\/schema\/person\/01fbe8226a07f8f3d4a1cd059b31f17a","name":"Energie Commune","url":"https:\/\/www.renouvelle.be\/fr\/author\/apere\/"}]}},"_links":{"self":[{"href":"https:\/\/www.renouvelle.be\/fr\/wp-json\/wp\/v2\/posts\/3743","targetHints":{"allow":["GET"]}}],"collection":[{"href":"https:\/\/www.renouvelle.be\/fr\/wp-json\/wp\/v2\/posts"}],"about":[{"href":"https:\/\/www.renouvelle.be\/fr\/wp-json\/wp\/v2\/types\/post"}],"author":[{"embeddable":true,"href":"https:\/\/www.renouvelle.be\/fr\/wp-json\/wp\/v2\/users\/3"}],"replies":[{"embeddable":true,"href":"https:\/\/www.renouvelle.be\/fr\/wp-json\/wp\/v2\/comments?post=3743"}],"version-history":[{"count":3,"href":"https:\/\/www.renouvelle.be\/fr\/wp-json\/wp\/v2\/posts\/3743\/revisions"}],"predecessor-version":[{"id":9758,"href":"https:\/\/www.renouvelle.be\/fr\/wp-json\/wp\/v2\/posts\/3743\/revisions\/9758"}],"wp:featuredmedia":[{"embeddable":true,"href":"https:\/\/www.renouvelle.be\/fr\/wp-json\/wp\/v2\/media\/4416"}],"wp:attachment":[{"href":"https:\/\/www.renouvelle.be\/fr\/wp-json\/wp\/v2\/media?parent=3743"}],"wp:term":[{"taxonomy":"category","embeddable":true,"href":"https:\/\/www.renouvelle.be\/fr\/wp-json\/wp\/v2\/categories?post=3743"},{"taxonomy":"post_tag","embeddable":true,"href":"https:\/\/www.renouvelle.be\/fr\/wp-json\/wp\/v2\/tags?post=3743"},{"taxonomy":"section","embeddable":true,"href":"https:\/\/www.renouvelle.be\/fr\/wp-json\/wp\/v2\/section?post=3743"}],"curies":[{"name":"wp","href":"https:\/\/api.w.org\/{rel}","templated":true}]}}