{"id":3737,"date":"2019-08-19T14:36:06","date_gmt":"2019-08-19T14:36:06","guid":{"rendered":""},"modified":"2023-07-10T23:14:50","modified_gmt":"2023-07-10T21:14:50","slug":"le-developpement-eolien-consommera-peu-de-matieres-premieres","status":"publish","type":"post","link":"https:\/\/www.renouvelle.be\/fr\/le-developpement-eolien-consommera-peu-de-matieres-premieres\/","title":{"rendered":"Le d\u00e9veloppement \u00e9olien consommera peu de mati\u00e8res premi\u00e8res"},"content":{"rendered":"<p>Comme toute industrie en expansion, l\u2019\u00e9olien pose la question des besoins en mati\u00e8res premi\u00e8res&nbsp;: y aura-t-il assez de mat\u00e9riaux sur Terre pour fabriquer des milliers d\u2019\u00e9oliennes dans le cadre d\u2019une transition \u00e9nerg\u00e9tique 100% renouvelables&nbsp;?<\/p>\n<p>Bernard Multon, chercheur au laboratoire SATIE-CNRS, a r\u00e9cemment analys\u00e9 cette question dans cet article&nbsp;: <a href=\"https:\/\/www.echosciences-grenoble.fr\/articles\/xcx\" target=\"_blank\" rel=\"noopener\">D\u00e9veloppement mondial de l\u2019\u00e9olien et criticit\u00e9 des mati\u00e8res premi\u00e8res<\/a>.<\/p>\n<p>Il s\u2019appuie, d\u2019une part, sur le sc\u00e9nario le plus ambitieux de l\u2019IRENA (200 GW de capacit\u00e9s \u00e9oliennes suppl\u00e9mentaires chaque ann\u00e9e jusqu\u2019en 2050) et, d\u2019autre part, sur l\u2019inventaire de cycle de vie d\u2019un parc \u00e9olien de 50 MW (25 machines Vestas de 2 MW) qui permet de conna\u00eetre les quantit\u00e9s de mat\u00e9riaux n\u00e9cessaires pour la construction d\u2019un parc \u00e9olien de r\u00e9f\u00e9rence (figure ci-dessous).<\/p>\n<p>&nbsp;<\/p>\n<p><img decoding=\"async\" alt=\"\" src=\"\/wp-content\/uploads\/2021\/02\/post\/echo007_fig_2.jpg\" style=\"width: 580px; height: 201px;\"><\/p>\n<p><small>Fig. : Bilan des mat\u00e9riaux d\u2019un parc \u00e9olien de 50 MW constitu\u00e9 de 25 machines Vestas V110\/2MW &#8211; Source : <a href=\"https:\/\/www.irena.org\/-\/media\/Files\/IRENA\/Agency\/Publication\/2017\/Jun\/IRENA_Leveraging_for_Onshore_Wind_Executive_Summary_2017.pdf\">\u00e9tude IRENA<\/a>.<\/small><\/p>\n<p>Selon ce chercheur, \u00ab <em>les besoins annuels de mat\u00e9riaux (hors consid\u00e9rations de leur indispensable recyclage) peuvent ainsi \u00eatre estim\u00e9s pour un rythme annuel de 50 GW (l\u2019actuel) et de 200 GW (possible futur) et \u00eatre mis en parall\u00e8le avec la consommation annuelle mondiale (2018) tous usages confondus, face aux r\u00e9serves et ressources mondiales&nbsp;(voir tableau ci-dessous).&nbsp;Les r\u00e9serves et ressources concernant le b\u00e9ton et la fibre de verre sont absentes car elles ne sont pas quantifi\u00e9es dans la litt\u00e9rature.<\/em> \u00bb<\/p>\n<p><img decoding=\"async\" alt=\"\" src=\"\/wp-content\/uploads\/2021\/02\/post\/tableau1.jpg\" style=\"width: 580px; height: 551px;\"><\/p>\n<p>Selon Bernard Multon, \u00ab&nbsp;<em>cette analyse met en lumi\u00e8re que les besoins en mat\u00e9riaux restent, relativement aux autres usages, tr\u00e8s faibles, de l\u2019ordre du pourcent, y compris dans le cadre d\u2019une transition \u00e9nerg\u00e9tique intensive, et moins encore en ce qui concerne le b\u00e9ton. A titre de comparaison, la production automobile absorbe 12% de l\u2019acier mondial&nbsp;! Seuls les mat\u00e9riaux composites (fibre de verre, notamment) repr\u00e9senteraient une part plus significative, mais l&rsquo;\u00e9valuation de leur quantit\u00e9 future est ramen\u00e9e \u00e0 une consommation 2018 encore faible dans le cas des composites.<\/em>&nbsp;\u00bb<\/p>\n<p>En outre, les terres rares, utilis\u00e9es dans les aimants permanents, n\u2019atteignent pas non plus de seuil critique, car la tendance au sein du secteur \u00e9olien est de r\u00e9duire ou de remplacer leur utilisation (lire notre article <a href=\"https:\/\/www.renouvelle.be\/fr\/debats\/lenergie-durable-se-developpera-sans-terres-rares\">L\u2019\u00e9nergie durable se d\u00e9veloppera sans \u00ab terres rares \u00bb<\/a>).<\/p>\n<p>En conclusion, les ressources de la Terre peuvent bel et bien assurer une transition \u00e9nerg\u00e9tique 100% renouvelables, avec une forte contribution de l\u2019\u00e9olien.<\/p>\n<p>Notons que, en fin de vie, la majorit\u00e9 des composants d\u2019une \u00e9olienne sont recyclables : cuivre, fer, acier, aluminium, plastique, zinc, b\u00e9ton repr\u00e9sentent 98% du poids des mat\u00e9riaux d\u2019une \u00e9olienne. Seuls les composites, tels que la fibre de verre ou de carbone, sont difficilement recyclables. Utilis\u00e9s dans les pales d\u2019\u00e9oliennes, ils sont broy\u00e9s, parfois enfouis ou&nbsp;valoris\u00e9s comme combustible dans les cimenteries (en remplacement des combustibles fossiles). Mais le secteur a r\u00e9cemment d\u00e9velopp\u00e9 un proc\u00e9d\u00e9 qui permet un recyclage complet des pales (y compris la fibre de verre). Celles-ci sont broy\u00e9es et m\u00e9lang\u00e9s \u00e0 d\u2019autres mat\u00e9riaux pour former une nouvelle mati\u00e8re mall\u00e9able, baptis\u00e9e Ecopolycrete, qui peut \u00eatre utilis\u00e9e pour r\u00e9aliser de nouveaux produits, comme des plaques d\u2019\u00e9gout ou des panneaux pour le b\u00e2timent, comme l\u2019explique <a href=\"https:\/\/journalducomposite.com\/liens\/progres-recyclage-composites-a-fibre-de-verre\/\">Le Journal du composite<\/a>.<\/p>\n<p>Les pales peuvent \u00e9galement \u00eatre r\u00e9utilis\u00e9es pour du mobilier urbain ou des aires de jeux, comme l\u2019explique cet article de R\u00e9volution-\u00e9nerg\u00e9tique.com&nbsp;: <a href=\"https:\/\/www.revolution-energetique.com\/dossiers\/le-demantelement-et-le-recyclage-des-eoliennes\/\">Le d\u00e9mant\u00e8lement et le recyclage des \u00e9oliennes.<\/a><\/p>\n<p>D&rsquo;autres pistes de valorisation sont en cours de tests industriels.<\/p>\n<p>&nbsp;<\/p>\n<p>&nbsp;<\/p>\n<div>\n<hr align=\"left\" size=\"1\" width=\"33%\">\n<\/div>\n","protected":false},"excerpt":{"rendered":"<p>Comme toute industrie en expansion, l\u2019\u00e9olien pose la question des besoins en mati\u00e8res premi\u00e8res&nbsp;: y aura-t-il assez de mat\u00e9riaux sur Terre pour fabriquer des milliers d\u2019\u00e9oliennes dans le cadre d\u2019une transition \u00e9nerg\u00e9tique 100% renouvelables&nbsp;? Bernard Multon, chercheur au laboratoire SATIE-CNRS, a r\u00e9cemment analys\u00e9 cette question dans cet article&nbsp;: D\u00e9veloppement mondial de l\u2019\u00e9olien et criticit\u00e9 des mati\u00e8res premi\u00e8res. Il s\u2019appuie, d\u2019une part, sur le sc\u00e9nario le plus ambitieux de l\u2019IRENA (200 GW de capacit\u00e9s \u00e9oliennes suppl\u00e9mentaires chaque ann\u00e9e jusqu\u2019en 2050) et, d\u2019autre part, sur l\u2019inventaire de cycle de vie d\u2019un parc \u00e9olien de 50 MW (25 machines Vestas de 2 MW) qui permet de conna\u00eetre les quantit\u00e9s de mat\u00e9riaux n\u00e9cessaires pour la construction d\u2019un parc \u00e9olien de r\u00e9f\u00e9rence (figure ci-dessous). &nbsp; Fig. : Bilan des mat\u00e9riaux d\u2019un parc \u00e9olien de 50 MW constitu\u00e9 de 25 machines Vestas V110\/2MW &#8211; Source : \u00e9tude IRENA. Selon ce chercheur, \u00ab les besoins annuels de mat\u00e9riaux (hors consid\u00e9rations de leur indispensable recyclage) peuvent ainsi \u00eatre estim\u00e9s pour un rythme annuel de 50 GW (l\u2019actuel) et de 200 GW (possible futur) et \u00eatre mis en parall\u00e8le avec la consommation annuelle mondiale (2018) tous usages confondus, face aux r\u00e9serves et ressources mondiales&nbsp;(voir tableau ci-dessous).&nbsp;Les r\u00e9serves et ressources concernant le b\u00e9ton et la fibre de verre sont absentes car elles ne sont pas quantifi\u00e9es dans la litt\u00e9rature. \u00bb Selon Bernard Multon, \u00ab&nbsp;cette analyse met en lumi\u00e8re que les besoins en mat\u00e9riaux restent, relativement aux autres usages, tr\u00e8s faibles, de l\u2019ordre du pourcent, y compris dans le cadre d\u2019une transition \u00e9nerg\u00e9tique intensive, et moins encore en ce qui concerne le b\u00e9ton. A titre de comparaison, la production automobile absorbe 12% de l\u2019acier mondial&nbsp;! Seuls les mat\u00e9riaux composites (fibre de verre, notamment) repr\u00e9senteraient une part plus significative, mais l&rsquo;\u00e9valuation de &hellip; <a href=\"https:\/\/www.renouvelle.be\/fr\/le-developpement-eolien-consommera-peu-de-matieres-premieres\/\" class=\"more-link\">Continue reading<span class=\"screen-reader-text\"> \u00ab\u00a0Le d\u00e9veloppement \u00e9olien consommera peu de mati\u00e8res premi\u00e8res\u00a0\u00bb<\/span><\/a><\/p>\n","protected":false},"author":3,"featured_media":4604,"comment_status":"open","ping_status":"open","sticky":false,"template":"","format":"standard","meta":{"_acf_changed":false,"footnotes":""},"categories":[20],"tags":[],"section":[6],"class_list":["post-3737","post","type-post","status-publish","format-standard","has-post-thumbnail","hentry","category-technologies","section-eolien"],"acf":[],"yoast_head":"<!-- This site is optimized with the Yoast SEO plugin v27.4 - https:\/\/yoast.com\/product\/yoast-seo-wordpress\/ -->\n<title>Le d\u00e9veloppement \u00e9olien consommera peu de mati\u00e8res premi\u00e8res - Renouvelle<\/title>\n<meta name=\"robots\" content=\"index, follow, max-snippet:-1, max-image-preview:large, max-video-preview:-1\" \/>\n<link rel=\"canonical\" href=\"https:\/\/www.renouvelle.be\/fr\/le-developpement-eolien-consommera-peu-de-matieres-premieres\/\" \/>\n<meta property=\"og:locale\" content=\"fr_FR\" \/>\n<meta property=\"og:type\" content=\"article\" \/>\n<meta property=\"og:title\" content=\"Le d\u00e9veloppement \u00e9olien consommera peu de mati\u00e8res premi\u00e8res - Renouvelle\" \/>\n<meta property=\"og:description\" content=\"Comme toute industrie en expansion, l\u2019\u00e9olien pose la question des besoins en mati\u00e8res premi\u00e8res&nbsp;: y aura-t-il assez de mat\u00e9riaux sur Terre pour fabriquer des milliers d\u2019\u00e9oliennes dans le cadre d\u2019une transition \u00e9nerg\u00e9tique 100% renouvelables&nbsp;? Bernard Multon, chercheur au laboratoire SATIE-CNRS, a r\u00e9cemment analys\u00e9 cette question dans cet article&nbsp;: D\u00e9veloppement mondial de l\u2019\u00e9olien et criticit\u00e9 des mati\u00e8res premi\u00e8res. Il s\u2019appuie, d\u2019une part, sur le sc\u00e9nario le plus ambitieux de l\u2019IRENA (200 GW de capacit\u00e9s \u00e9oliennes suppl\u00e9mentaires chaque ann\u00e9e jusqu\u2019en 2050) et, d\u2019autre part, sur l\u2019inventaire de cycle de vie d\u2019un parc \u00e9olien de 50 MW (25 machines Vestas de 2 MW) qui permet de conna\u00eetre les quantit\u00e9s de mat\u00e9riaux n\u00e9cessaires pour la construction d\u2019un parc \u00e9olien de r\u00e9f\u00e9rence (figure ci-dessous). &nbsp; Fig. : Bilan des mat\u00e9riaux d\u2019un parc \u00e9olien de 50 MW constitu\u00e9 de 25 machines Vestas V110\/2MW &#8211; Source : \u00e9tude IRENA. Selon ce chercheur, \u00ab les besoins annuels de mat\u00e9riaux (hors consid\u00e9rations de leur indispensable recyclage) peuvent ainsi \u00eatre estim\u00e9s pour un rythme annuel de 50 GW (l\u2019actuel) et de 200 GW (possible futur) et \u00eatre mis en parall\u00e8le avec la consommation annuelle mondiale (2018) tous usages confondus, face aux r\u00e9serves et ressources mondiales&nbsp;(voir tableau ci-dessous).&nbsp;Les r\u00e9serves et ressources concernant le b\u00e9ton et la fibre de verre sont absentes car elles ne sont pas quantifi\u00e9es dans la litt\u00e9rature. \u00bb Selon Bernard Multon, \u00ab&nbsp;cette analyse met en lumi\u00e8re que les besoins en mat\u00e9riaux restent, relativement aux autres usages, tr\u00e8s faibles, de l\u2019ordre du pourcent, y compris dans le cadre d\u2019une transition \u00e9nerg\u00e9tique intensive, et moins encore en ce qui concerne le b\u00e9ton. A titre de comparaison, la production automobile absorbe 12% de l\u2019acier mondial&nbsp;! Seuls les mat\u00e9riaux composites (fibre de verre, notamment) repr\u00e9senteraient une part plus significative, mais l&rsquo;\u00e9valuation de &hellip; Continue reading &quot;Le d\u00e9veloppement \u00e9olien consommera peu de mati\u00e8res premi\u00e8res&quot;\" \/>\n<meta property=\"og:url\" content=\"https:\/\/www.renouvelle.be\/fr\/le-developpement-eolien-consommera-peu-de-matieres-premieres\/\" \/>\n<meta property=\"og:site_name\" content=\"Renouvelle\" \/>\n<meta property=\"article:published_time\" content=\"2019-08-19T14:36:06+00:00\" \/>\n<meta property=\"article:modified_time\" content=\"2023-07-10T21:14:50+00:00\" \/>\n<meta property=\"og:image\" content=\"https:\/\/www.renouvelle.be\/wp-content\/uploads\/2021\/02\/istock-911501294.jpg\" \/>\n\t<meta property=\"og:image:width\" content=\"580\" \/>\n\t<meta property=\"og:image:height\" content=\"320\" \/>\n\t<meta property=\"og:image:type\" content=\"image\/jpeg\" \/>\n<meta name=\"author\" content=\"Energie Commune\" \/>\n<meta name=\"twitter:card\" content=\"summary_large_image\" \/>\n<script type=\"application\/ld+json\" class=\"yoast-schema-graph\">{\"@context\":\"https:\\\/\\\/schema.org\",\"@graph\":[{\"@type\":\"Article\",\"@id\":\"https:\\\/\\\/www.renouvelle.be\\\/fr\\\/le-developpement-eolien-consommera-peu-de-matieres-premieres\\\/#article\",\"isPartOf\":{\"@id\":\"https:\\\/\\\/www.renouvelle.be\\\/fr\\\/le-developpement-eolien-consommera-peu-de-matieres-premieres\\\/\"},\"author\":{\"name\":\"Energie Commune\",\"@id\":\"https:\\\/\\\/www.renouvelle.be\\\/fr\\\/#\\\/schema\\\/person\\\/01fbe8226a07f8f3d4a1cd059b31f17a\"},\"headline\":\"Le d\u00e9veloppement \u00e9olien consommera peu de mati\u00e8res premi\u00e8res\",\"datePublished\":\"2019-08-19T14:36:06+00:00\",\"dateModified\":\"2023-07-10T21:14:50+00:00\",\"mainEntityOfPage\":{\"@id\":\"https:\\\/\\\/www.renouvelle.be\\\/fr\\\/le-developpement-eolien-consommera-peu-de-matieres-premieres\\\/\"},\"wordCount\":639,\"commentCount\":0,\"image\":{\"@id\":\"https:\\\/\\\/www.renouvelle.be\\\/fr\\\/le-developpement-eolien-consommera-peu-de-matieres-premieres\\\/#primaryimage\"},\"thumbnailUrl\":\"https:\\\/\\\/www.renouvelle.be\\\/wp-content\\\/uploads\\\/2021\\\/02\\\/istock-911501294.jpg\",\"articleSection\":[\"Technologies\"],\"inLanguage\":\"fr-FR\",\"potentialAction\":[{\"@type\":\"CommentAction\",\"name\":\"Comment\",\"target\":[\"https:\\\/\\\/www.renouvelle.be\\\/fr\\\/le-developpement-eolien-consommera-peu-de-matieres-premieres\\\/#respond\"]}]},{\"@type\":\"WebPage\",\"@id\":\"https:\\\/\\\/www.renouvelle.be\\\/fr\\\/le-developpement-eolien-consommera-peu-de-matieres-premieres\\\/\",\"url\":\"https:\\\/\\\/www.renouvelle.be\\\/fr\\\/le-developpement-eolien-consommera-peu-de-matieres-premieres\\\/\",\"name\":\"Le d\u00e9veloppement \u00e9olien consommera peu de mati\u00e8res premi\u00e8res - Renouvelle\",\"isPartOf\":{\"@id\":\"https:\\\/\\\/www.renouvelle.be\\\/fr\\\/#website\"},\"primaryImageOfPage\":{\"@id\":\"https:\\\/\\\/www.renouvelle.be\\\/fr\\\/le-developpement-eolien-consommera-peu-de-matieres-premieres\\\/#primaryimage\"},\"image\":{\"@id\":\"https:\\\/\\\/www.renouvelle.be\\\/fr\\\/le-developpement-eolien-consommera-peu-de-matieres-premieres\\\/#primaryimage\"},\"thumbnailUrl\":\"https:\\\/\\\/www.renouvelle.be\\\/wp-content\\\/uploads\\\/2021\\\/02\\\/istock-911501294.jpg\",\"datePublished\":\"2019-08-19T14:36:06+00:00\",\"dateModified\":\"2023-07-10T21:14:50+00:00\",\"author\":{\"@id\":\"https:\\\/\\\/www.renouvelle.be\\\/fr\\\/#\\\/schema\\\/person\\\/01fbe8226a07f8f3d4a1cd059b31f17a\"},\"breadcrumb\":{\"@id\":\"https:\\\/\\\/www.renouvelle.be\\\/fr\\\/le-developpement-eolien-consommera-peu-de-matieres-premieres\\\/#breadcrumb\"},\"inLanguage\":\"fr-FR\",\"potentialAction\":[{\"@type\":\"ReadAction\",\"target\":[\"https:\\\/\\\/www.renouvelle.be\\\/fr\\\/le-developpement-eolien-consommera-peu-de-matieres-premieres\\\/\"]}]},{\"@type\":\"ImageObject\",\"inLanguage\":\"fr-FR\",\"@id\":\"https:\\\/\\\/www.renouvelle.be\\\/fr\\\/le-developpement-eolien-consommera-peu-de-matieres-premieres\\\/#primaryimage\",\"url\":\"https:\\\/\\\/www.renouvelle.be\\\/wp-content\\\/uploads\\\/2021\\\/02\\\/istock-911501294.jpg\",\"contentUrl\":\"https:\\\/\\\/www.renouvelle.be\\\/wp-content\\\/uploads\\\/2021\\\/02\\\/istock-911501294.jpg\",\"width\":580,\"height\":320,\"caption\":\"Giant rotors of wind turbine on windmill construction yard to build windfarms at sea\"},{\"@type\":\"BreadcrumbList\",\"@id\":\"https:\\\/\\\/www.renouvelle.be\\\/fr\\\/le-developpement-eolien-consommera-peu-de-matieres-premieres\\\/#breadcrumb\",\"itemListElement\":[{\"@type\":\"ListItem\",\"position\":1,\"name\":\"Accueil\",\"item\":\"https:\\\/\\\/www.renouvelle.be\\\/fr\\\/\"},{\"@type\":\"ListItem\",\"position\":2,\"name\":\"Le d\u00e9veloppement \u00e9olien consommera peu de mati\u00e8res premi\u00e8res\"}]},{\"@type\":\"WebSite\",\"@id\":\"https:\\\/\\\/www.renouvelle.be\\\/fr\\\/#website\",\"url\":\"https:\\\/\\\/www.renouvelle.be\\\/fr\\\/\",\"name\":\"Renouvelle\",\"description\":\"L&#039;actualit\u00e9 de l&#039;\u00e9nergie durable\",\"potentialAction\":[{\"@type\":\"SearchAction\",\"target\":{\"@type\":\"EntryPoint\",\"urlTemplate\":\"https:\\\/\\\/www.renouvelle.be\\\/fr\\\/?s={search_term_string}\"},\"query-input\":{\"@type\":\"PropertyValueSpecification\",\"valueRequired\":true,\"valueName\":\"search_term_string\"}}],\"inLanguage\":\"fr-FR\"},{\"@type\":\"Person\",\"@id\":\"https:\\\/\\\/www.renouvelle.be\\\/fr\\\/#\\\/schema\\\/person\\\/01fbe8226a07f8f3d4a1cd059b31f17a\",\"name\":\"Energie Commune\",\"url\":\"https:\\\/\\\/www.renouvelle.be\\\/fr\\\/author\\\/apere\\\/\"}]}<\/script>\n<!-- \/ Yoast SEO plugin. -->","yoast_head_json":{"title":"Le d\u00e9veloppement \u00e9olien consommera peu de mati\u00e8res premi\u00e8res - Renouvelle","robots":{"index":"index","follow":"follow","max-snippet":"max-snippet:-1","max-image-preview":"max-image-preview:large","max-video-preview":"max-video-preview:-1"},"canonical":"https:\/\/www.renouvelle.be\/fr\/le-developpement-eolien-consommera-peu-de-matieres-premieres\/","og_locale":"fr_FR","og_type":"article","og_title":"Le d\u00e9veloppement \u00e9olien consommera peu de mati\u00e8res premi\u00e8res - Renouvelle","og_description":"Comme toute industrie en expansion, l\u2019\u00e9olien pose la question des besoins en mati\u00e8res premi\u00e8res&nbsp;: y aura-t-il assez de mat\u00e9riaux sur Terre pour fabriquer des milliers d\u2019\u00e9oliennes dans le cadre d\u2019une transition \u00e9nerg\u00e9tique 100% renouvelables&nbsp;? Bernard Multon, chercheur au laboratoire SATIE-CNRS, a r\u00e9cemment analys\u00e9 cette question dans cet article&nbsp;: D\u00e9veloppement mondial de l\u2019\u00e9olien et criticit\u00e9 des mati\u00e8res premi\u00e8res. Il s\u2019appuie, d\u2019une part, sur le sc\u00e9nario le plus ambitieux de l\u2019IRENA (200 GW de capacit\u00e9s \u00e9oliennes suppl\u00e9mentaires chaque ann\u00e9e jusqu\u2019en 2050) et, d\u2019autre part, sur l\u2019inventaire de cycle de vie d\u2019un parc \u00e9olien de 50 MW (25 machines Vestas de 2 MW) qui permet de conna\u00eetre les quantit\u00e9s de mat\u00e9riaux n\u00e9cessaires pour la construction d\u2019un parc \u00e9olien de r\u00e9f\u00e9rence (figure ci-dessous). &nbsp; Fig. : Bilan des mat\u00e9riaux d\u2019un parc \u00e9olien de 50 MW constitu\u00e9 de 25 machines Vestas V110\/2MW &#8211; Source : \u00e9tude IRENA. Selon ce chercheur, \u00ab les besoins annuels de mat\u00e9riaux (hors consid\u00e9rations de leur indispensable recyclage) peuvent ainsi \u00eatre estim\u00e9s pour un rythme annuel de 50 GW (l\u2019actuel) et de 200 GW (possible futur) et \u00eatre mis en parall\u00e8le avec la consommation annuelle mondiale (2018) tous usages confondus, face aux r\u00e9serves et ressources mondiales&nbsp;(voir tableau ci-dessous).&nbsp;Les r\u00e9serves et ressources concernant le b\u00e9ton et la fibre de verre sont absentes car elles ne sont pas quantifi\u00e9es dans la litt\u00e9rature. \u00bb Selon Bernard Multon, \u00ab&nbsp;cette analyse met en lumi\u00e8re que les besoins en mat\u00e9riaux restent, relativement aux autres usages, tr\u00e8s faibles, de l\u2019ordre du pourcent, y compris dans le cadre d\u2019une transition \u00e9nerg\u00e9tique intensive, et moins encore en ce qui concerne le b\u00e9ton. A titre de comparaison, la production automobile absorbe 12% de l\u2019acier mondial&nbsp;! Seuls les mat\u00e9riaux composites (fibre de verre, notamment) repr\u00e9senteraient une part plus significative, mais l&rsquo;\u00e9valuation de &hellip; Continue reading \"Le d\u00e9veloppement \u00e9olien consommera peu de mati\u00e8res premi\u00e8res\"","og_url":"https:\/\/www.renouvelle.be\/fr\/le-developpement-eolien-consommera-peu-de-matieres-premieres\/","og_site_name":"Renouvelle","article_published_time":"2019-08-19T14:36:06+00:00","article_modified_time":"2023-07-10T21:14:50+00:00","og_image":[{"width":580,"height":320,"url":"https:\/\/www.renouvelle.be\/wp-content\/uploads\/2021\/02\/istock-911501294.jpg","type":"image\/jpeg"}],"author":"Energie Commune","twitter_card":"summary_large_image","schema":{"@context":"https:\/\/schema.org","@graph":[{"@type":"Article","@id":"https:\/\/www.renouvelle.be\/fr\/le-developpement-eolien-consommera-peu-de-matieres-premieres\/#article","isPartOf":{"@id":"https:\/\/www.renouvelle.be\/fr\/le-developpement-eolien-consommera-peu-de-matieres-premieres\/"},"author":{"name":"Energie Commune","@id":"https:\/\/www.renouvelle.be\/fr\/#\/schema\/person\/01fbe8226a07f8f3d4a1cd059b31f17a"},"headline":"Le d\u00e9veloppement \u00e9olien consommera peu de mati\u00e8res premi\u00e8res","datePublished":"2019-08-19T14:36:06+00:00","dateModified":"2023-07-10T21:14:50+00:00","mainEntityOfPage":{"@id":"https:\/\/www.renouvelle.be\/fr\/le-developpement-eolien-consommera-peu-de-matieres-premieres\/"},"wordCount":639,"commentCount":0,"image":{"@id":"https:\/\/www.renouvelle.be\/fr\/le-developpement-eolien-consommera-peu-de-matieres-premieres\/#primaryimage"},"thumbnailUrl":"https:\/\/www.renouvelle.be\/wp-content\/uploads\/2021\/02\/istock-911501294.jpg","articleSection":["Technologies"],"inLanguage":"fr-FR","potentialAction":[{"@type":"CommentAction","name":"Comment","target":["https:\/\/www.renouvelle.be\/fr\/le-developpement-eolien-consommera-peu-de-matieres-premieres\/#respond"]}]},{"@type":"WebPage","@id":"https:\/\/www.renouvelle.be\/fr\/le-developpement-eolien-consommera-peu-de-matieres-premieres\/","url":"https:\/\/www.renouvelle.be\/fr\/le-developpement-eolien-consommera-peu-de-matieres-premieres\/","name":"Le d\u00e9veloppement \u00e9olien consommera peu de mati\u00e8res premi\u00e8res - Renouvelle","isPartOf":{"@id":"https:\/\/www.renouvelle.be\/fr\/#website"},"primaryImageOfPage":{"@id":"https:\/\/www.renouvelle.be\/fr\/le-developpement-eolien-consommera-peu-de-matieres-premieres\/#primaryimage"},"image":{"@id":"https:\/\/www.renouvelle.be\/fr\/le-developpement-eolien-consommera-peu-de-matieres-premieres\/#primaryimage"},"thumbnailUrl":"https:\/\/www.renouvelle.be\/wp-content\/uploads\/2021\/02\/istock-911501294.jpg","datePublished":"2019-08-19T14:36:06+00:00","dateModified":"2023-07-10T21:14:50+00:00","author":{"@id":"https:\/\/www.renouvelle.be\/fr\/#\/schema\/person\/01fbe8226a07f8f3d4a1cd059b31f17a"},"breadcrumb":{"@id":"https:\/\/www.renouvelle.be\/fr\/le-developpement-eolien-consommera-peu-de-matieres-premieres\/#breadcrumb"},"inLanguage":"fr-FR","potentialAction":[{"@type":"ReadAction","target":["https:\/\/www.renouvelle.be\/fr\/le-developpement-eolien-consommera-peu-de-matieres-premieres\/"]}]},{"@type":"ImageObject","inLanguage":"fr-FR","@id":"https:\/\/www.renouvelle.be\/fr\/le-developpement-eolien-consommera-peu-de-matieres-premieres\/#primaryimage","url":"https:\/\/www.renouvelle.be\/wp-content\/uploads\/2021\/02\/istock-911501294.jpg","contentUrl":"https:\/\/www.renouvelle.be\/wp-content\/uploads\/2021\/02\/istock-911501294.jpg","width":580,"height":320,"caption":"Giant rotors of wind turbine on windmill construction yard to build windfarms at sea"},{"@type":"BreadcrumbList","@id":"https:\/\/www.renouvelle.be\/fr\/le-developpement-eolien-consommera-peu-de-matieres-premieres\/#breadcrumb","itemListElement":[{"@type":"ListItem","position":1,"name":"Accueil","item":"https:\/\/www.renouvelle.be\/fr\/"},{"@type":"ListItem","position":2,"name":"Le d\u00e9veloppement \u00e9olien consommera peu de mati\u00e8res premi\u00e8res"}]},{"@type":"WebSite","@id":"https:\/\/www.renouvelle.be\/fr\/#website","url":"https:\/\/www.renouvelle.be\/fr\/","name":"Renouvelle","description":"L&#039;actualit\u00e9 de l&#039;\u00e9nergie durable","potentialAction":[{"@type":"SearchAction","target":{"@type":"EntryPoint","urlTemplate":"https:\/\/www.renouvelle.be\/fr\/?s={search_term_string}"},"query-input":{"@type":"PropertyValueSpecification","valueRequired":true,"valueName":"search_term_string"}}],"inLanguage":"fr-FR"},{"@type":"Person","@id":"https:\/\/www.renouvelle.be\/fr\/#\/schema\/person\/01fbe8226a07f8f3d4a1cd059b31f17a","name":"Energie Commune","url":"https:\/\/www.renouvelle.be\/fr\/author\/apere\/"}]}},"_links":{"self":[{"href":"https:\/\/www.renouvelle.be\/fr\/wp-json\/wp\/v2\/posts\/3737","targetHints":{"allow":["GET"]}}],"collection":[{"href":"https:\/\/www.renouvelle.be\/fr\/wp-json\/wp\/v2\/posts"}],"about":[{"href":"https:\/\/www.renouvelle.be\/fr\/wp-json\/wp\/v2\/types\/post"}],"author":[{"embeddable":true,"href":"https:\/\/www.renouvelle.be\/fr\/wp-json\/wp\/v2\/users\/3"}],"replies":[{"embeddable":true,"href":"https:\/\/www.renouvelle.be\/fr\/wp-json\/wp\/v2\/comments?post=3737"}],"version-history":[{"count":4,"href":"https:\/\/www.renouvelle.be\/fr\/wp-json\/wp\/v2\/posts\/3737\/revisions"}],"predecessor-version":[{"id":10163,"href":"https:\/\/www.renouvelle.be\/fr\/wp-json\/wp\/v2\/posts\/3737\/revisions\/10163"}],"wp:featuredmedia":[{"embeddable":true,"href":"https:\/\/www.renouvelle.be\/fr\/wp-json\/wp\/v2\/media\/4604"}],"wp:attachment":[{"href":"https:\/\/www.renouvelle.be\/fr\/wp-json\/wp\/v2\/media?parent=3737"}],"wp:term":[{"taxonomy":"category","embeddable":true,"href":"https:\/\/www.renouvelle.be\/fr\/wp-json\/wp\/v2\/categories?post=3737"},{"taxonomy":"post_tag","embeddable":true,"href":"https:\/\/www.renouvelle.be\/fr\/wp-json\/wp\/v2\/tags?post=3737"},{"taxonomy":"section","embeddable":true,"href":"https:\/\/www.renouvelle.be\/fr\/wp-json\/wp\/v2\/section?post=3737"}],"curies":[{"name":"wp","href":"https:\/\/api.w.org\/{rel}","templated":true}]}}