{"id":3736,"date":"2019-08-14T11:44:58","date_gmt":"2019-08-14T11:44:58","guid":{"rendered":"https:\/\/www.renouvelle.be\/fr\/la-centrale-de-coo-augmente-sa-capacite-de-stockage\/"},"modified":"2023-07-10T23:13:08","modified_gmt":"2023-07-10T21:13:08","slug":"la-centrale-de-coo-augmente-sa-capacite-de-stockage","status":"publish","type":"post","link":"https:\/\/www.renouvelle.be\/fr\/la-centrale-de-coo-augmente-sa-capacite-de-stockage\/","title":{"rendered":"La centrale de Coo augmente sa capacit\u00e9 de stockage"},"content":{"rendered":"<p>Cr\u00e9\u00e9e au cours des ann\u00e9es 1970, la centrale d\u2019accumulation par pompage de Coo-Trois-Ponts en Wallonie fait figure de r\u00e9f\u00e9rence en mati\u00e8re de stockage d\u2019\u00e9lectricit\u00e9 en Belgique.<\/p>\n<p>La centrale, d\u2019une capacit\u00e9 install\u00e9e de 1200 m\u00e9gawatts (MW),<strong> <\/strong>est en effet capable de stocker de l\u2019\u00e9lectricit\u00e9 \u00e0 grande \u00e9chelle (5000 MWh\/jour) gr\u00e2ce au principe du pompage-turbinage.<\/p>\n<p>Elle est constitu\u00e9e de deux bassins sup\u00e9rieurs, situ\u00e9s en hauteur sur un d\u00e9nivel\u00e9 naturel de 250 m, et d\u2019un bassin inf\u00e9rieur (photo ci-dessus et ci-dessous). Les turbines utilisent l\u2019exc\u00e8s d\u2019\u00e9lectricit\u00e9 sur le r\u00e9seau afin de ramener l\u2019eau par pompage dans les bassins sup\u00e9rieurs. Ainsi, l\u2019eau est pomp\u00e9e et stock\u00e9e durant les p\u00e9riodes o\u00f9 la production est abondante, et peut ensuite \u00eatre utilis\u00e9e au moment o\u00f9 le r\u00e9seau en a besoin. Il suffit pour cela que les turbines soient mises en marche pour pallier une baisse de production ou pour faire face \u00e0 une plus grande demande. Cette flexibilit\u00e9 est essentielle avec le d\u00e9veloppement rapide des \u00e9nergies renouvelables, dont la production est variable par d\u00e9finition.<\/p>\n<p><img decoding=\"async\" alt=\"\" src=\"\/wp-content\/uploads\/2021\/02\/post\/coo-wallonie-diapo3.jpg\" style=\"width: 580px; height: 261px;\"><\/p>\n<h2>Adapter les bassins existants<\/h2>\n<p>Avec la croissance des productions renouvelables inject\u00e9es sur le r\u00e9seau \u00e9lectrique belge, le besoin de stockage est donc de plus en plus essentiel pour assurer l\u2019approvisionnement en \u00e9lectricit\u00e9.<\/p>\n<p>Depuis plusieurs ann\u00e9es, le groupe Engie \u2013 qui g\u00e8re la centrale de Coo \u2013 envisageait une augmentation de la capacit\u00e9 de stockage sur ce site.<\/p>\n<p>Parmi les am\u00e9nagements imagin\u00e9s&nbsp;: un projet de troisi\u00e8me bassin sup\u00e9rieur reli\u00e9 \u00e0 deux nouvelles turbines, permettant d\u2019augmenter de 50&nbsp;% les capacit\u00e9s du site, passant de 1 200 MW \u00e0 1 800 MW, soit l\u2019\u00e9quivalent de la production de quatre centrales au gaz.<\/p>\n<p>Mais dans l\u2019imm\u00e9diat, Engie s\u2019engage dans un projet plus modeste avec une demande de permis, introduite d\u00e9but juillet 2019, pour augmenter de 7,5% la capacit\u00e9 de stockage et la puissance des installations existantes, ce qui \u00e9quivaut d\u2019une part \u00e0 une augmentation de 80 MW de capacit\u00e9 install\u00e9e et d\u2019autre part \u00e0 une augmentation de l\u2019\u00e9nergie stock\u00e9e de 425 MWh.<\/p>\n<p>Les travaux n\u00e9cessaires se feront en deux \u00e9tapes&nbsp;:<\/p>\n<ul>\n<li>R\u00e9hausser les digues du bassin sup\u00e9rieur 2, ce qui permettra de stocker 600 000 m\u00b3 d\u2019eau en plus.<\/li>\n<li>Remplacer plusieurs \u00e9quipements tels que le transformateur, les aubes directrices et la roue des groupes 1, 2 et 3.<\/li>\n<\/ul>\n<p>Ces travaux repr\u00e9sentent un investissement de l\u2019ordre de 50 millions d\u2019euros et devraient, selon le planning pr\u00e9visionnel, se terminer en 2024.<\/p>\n<h2>Un incitant pour le stockage<\/h2>\n<p>Ce projet a \u00e9t\u00e9 motiv\u00e9 par un incitant mis en place en 2018 par la CREG, le r\u00e9gulateur du march\u00e9 f\u00e9d\u00e9ral de l&rsquo;\u00e9nergie, en vue d&rsquo;augmenter les capacit\u00e9s de stockage en Belgique.<\/p>\n<p>En effet, un exploitant qui accroit une capacit\u00e9 de stockage existante d&rsquo;au moins 7,5% b\u00e9n\u00e9ficie pendant 5 ans d&rsquo;une exon\u00e9ration de son tarif r\u00e9seau \u00e0 hauteur de 80%.<\/p>\n<p>C&rsquo;est le cas de Engie, premier acteur \u00e0 en b\u00e9n\u00e9ficier, et qui r\u00e9cup\u00e9rera ainsi la totalit\u00e9 de son investissement.<\/p>\n<p>Par ailleurs, la construction d&rsquo;une nouvelle centrale de stockage donne droit \u00e0 une exon\u00e9ration des tarifs r\u00e9seau durant les 10 premi\u00e8res ann\u00e9es.<\/p>\n<p>Cet incitant devrait ainsi permettre d&rsquo;accro\u00eetre le stockage d&rsquo;\u00e9lectricit\u00e9 renouvelable en Belgique.<\/p>\n<h2>Projets solaire et \u00e9olien<\/h2>\n<p>Notons que deux autres projets devraient bient\u00f4t engager le site de Coo dans une transition Z\u00e9ro Carbone&nbsp;:<\/p>\n<ul>\n<li>L\u2019installation de 17&nbsp;000 panneaux solaires le long des berges du deuxi\u00e8me bassin, orient\u00e9s vers le sud, faisant de Coo-Trois-Ponts l\u2019un des plus grands parcs solaires de Wallonie.<\/li>\n<li>La mise en place de 6 \u00e9oliennes de 2 \u00e0 3,5 MW par turbine.<\/li>\n<\/ul>\n<p>&nbsp;<\/p>\n","protected":false},"excerpt":{"rendered":"<p>Cr\u00e9\u00e9e au cours des ann\u00e9es 1970, la centrale d\u2019accumulation par pompage de Coo-Trois-Ponts en Wallonie fait figure de r\u00e9f\u00e9rence en mati\u00e8re de stockage d\u2019\u00e9lectricit\u00e9 en Belgique. La centrale, d\u2019une capacit\u00e9 install\u00e9e de 1200 m\u00e9gawatts (MW), est en effet capable de stocker de l\u2019\u00e9lectricit\u00e9 \u00e0 grande \u00e9chelle (5000 MWh\/jour) gr\u00e2ce au principe du pompage-turbinage. Elle est constitu\u00e9e de deux bassins sup\u00e9rieurs, situ\u00e9s en hauteur sur un d\u00e9nivel\u00e9 naturel de 250 m, et d\u2019un bassin inf\u00e9rieur (photo ci-dessus et ci-dessous). Les turbines utilisent l\u2019exc\u00e8s d\u2019\u00e9lectricit\u00e9 sur le r\u00e9seau afin de ramener l\u2019eau par pompage dans les bassins sup\u00e9rieurs. Ainsi, l\u2019eau est pomp\u00e9e et stock\u00e9e durant les p\u00e9riodes o\u00f9 la production est abondante, et peut ensuite \u00eatre utilis\u00e9e au moment o\u00f9 le r\u00e9seau en a besoin. Il suffit pour cela que les turbines soient mises en marche pour pallier une baisse de production ou pour faire face \u00e0 une plus grande demande. Cette flexibilit\u00e9 est essentielle avec le d\u00e9veloppement rapide des \u00e9nergies renouvelables, dont la production est variable par d\u00e9finition. Adapter les bassins existants Avec la croissance des productions renouvelables inject\u00e9es sur le r\u00e9seau \u00e9lectrique belge, le besoin de stockage est donc de plus en plus essentiel pour assurer l\u2019approvisionnement en \u00e9lectricit\u00e9. Depuis plusieurs ann\u00e9es, le groupe Engie \u2013 qui g\u00e8re la centrale de Coo \u2013 envisageait une augmentation de la capacit\u00e9 de stockage sur ce site. Parmi les am\u00e9nagements imagin\u00e9s&nbsp;: un projet de troisi\u00e8me bassin sup\u00e9rieur reli\u00e9 \u00e0 deux nouvelles turbines, permettant d\u2019augmenter de 50&nbsp;% les capacit\u00e9s du site, passant de 1 200 MW \u00e0 1 800 MW, soit l\u2019\u00e9quivalent de la production de quatre centrales au gaz. Mais dans l\u2019imm\u00e9diat, Engie s\u2019engage dans un projet plus modeste avec une demande de permis, introduite d\u00e9but juillet 2019, pour augmenter de 7,5% la &hellip; <a href=\"https:\/\/www.renouvelle.be\/fr\/la-centrale-de-coo-augmente-sa-capacite-de-stockage\/\" class=\"more-link\">Continue reading<span class=\"screen-reader-text\"> \u00ab\u00a0La centrale de Coo augmente sa capacit\u00e9 de stockage\u00a0\u00bb<\/span><\/a><\/p>\n","protected":false},"author":3,"featured_media":4445,"comment_status":"open","ping_status":"open","sticky":false,"template":"","format":"standard","meta":{"_acf_changed":false,"footnotes":""},"categories":[17],"tags":[],"section":[8,14],"class_list":["post-3736","post","type-post","status-publish","format-standard","has-post-thumbnail","hentry","category-actualite-en-belgique","section-energie-renouvelables","section-stockage"],"acf":[],"yoast_head":"<!-- This site is optimized with the Yoast SEO plugin v27.5 - https:\/\/yoast.com\/product\/yoast-seo-wordpress\/ -->\n<title>La centrale de Coo augmente sa capacit\u00e9 de stockage - Renouvelle<\/title>\n<meta name=\"robots\" content=\"index, follow, max-snippet:-1, max-image-preview:large, max-video-preview:-1\" \/>\n<link rel=\"canonical\" href=\"https:\/\/www.renouvelle.be\/fr\/la-centrale-de-coo-augmente-sa-capacite-de-stockage\/\" \/>\n<meta property=\"og:locale\" content=\"fr_FR\" \/>\n<meta property=\"og:type\" content=\"article\" \/>\n<meta property=\"og:title\" content=\"La centrale de Coo augmente sa capacit\u00e9 de stockage - Renouvelle\" \/>\n<meta property=\"og:description\" content=\"Cr\u00e9\u00e9e au cours des ann\u00e9es 1970, la centrale d\u2019accumulation par pompage de Coo-Trois-Ponts en Wallonie fait figure de r\u00e9f\u00e9rence en mati\u00e8re de stockage d\u2019\u00e9lectricit\u00e9 en Belgique. La centrale, d\u2019une capacit\u00e9 install\u00e9e de 1200 m\u00e9gawatts (MW), est en effet capable de stocker de l\u2019\u00e9lectricit\u00e9 \u00e0 grande \u00e9chelle (5000 MWh\/jour) gr\u00e2ce au principe du pompage-turbinage. Elle est constitu\u00e9e de deux bassins sup\u00e9rieurs, situ\u00e9s en hauteur sur un d\u00e9nivel\u00e9 naturel de 250 m, et d\u2019un bassin inf\u00e9rieur (photo ci-dessus et ci-dessous). Les turbines utilisent l\u2019exc\u00e8s d\u2019\u00e9lectricit\u00e9 sur le r\u00e9seau afin de ramener l\u2019eau par pompage dans les bassins sup\u00e9rieurs. Ainsi, l\u2019eau est pomp\u00e9e et stock\u00e9e durant les p\u00e9riodes o\u00f9 la production est abondante, et peut ensuite \u00eatre utilis\u00e9e au moment o\u00f9 le r\u00e9seau en a besoin. Il suffit pour cela que les turbines soient mises en marche pour pallier une baisse de production ou pour faire face \u00e0 une plus grande demande. Cette flexibilit\u00e9 est essentielle avec le d\u00e9veloppement rapide des \u00e9nergies renouvelables, dont la production est variable par d\u00e9finition. Adapter les bassins existants Avec la croissance des productions renouvelables inject\u00e9es sur le r\u00e9seau \u00e9lectrique belge, le besoin de stockage est donc de plus en plus essentiel pour assurer l\u2019approvisionnement en \u00e9lectricit\u00e9. Depuis plusieurs ann\u00e9es, le groupe Engie \u2013 qui g\u00e8re la centrale de Coo \u2013 envisageait une augmentation de la capacit\u00e9 de stockage sur ce site. Parmi les am\u00e9nagements imagin\u00e9s&nbsp;: un projet de troisi\u00e8me bassin sup\u00e9rieur reli\u00e9 \u00e0 deux nouvelles turbines, permettant d\u2019augmenter de 50&nbsp;% les capacit\u00e9s du site, passant de 1 200 MW \u00e0 1 800 MW, soit l\u2019\u00e9quivalent de la production de quatre centrales au gaz. Mais dans l\u2019imm\u00e9diat, Engie s\u2019engage dans un projet plus modeste avec une demande de permis, introduite d\u00e9but juillet 2019, pour augmenter de 7,5% la &hellip; Continue reading &quot;La centrale de Coo augmente sa capacit\u00e9 de stockage&quot;\" \/>\n<meta property=\"og:url\" content=\"https:\/\/www.renouvelle.be\/fr\/la-centrale-de-coo-augmente-sa-capacite-de-stockage\/\" \/>\n<meta property=\"og:site_name\" content=\"Renouvelle\" \/>\n<meta property=\"article:published_time\" content=\"2019-08-14T11:44:58+00:00\" \/>\n<meta property=\"article:modified_time\" content=\"2023-07-10T21:13:08+00:00\" \/>\n<meta property=\"og:image\" content=\"https:\/\/www.renouvelle.be\/wp-content\/uploads\/2021\/02\/coo-wallonie-diapo4.jpg\" \/>\n\t<meta property=\"og:image:width\" content=\"580\" \/>\n\t<meta property=\"og:image:height\" content=\"261\" \/>\n\t<meta property=\"og:image:type\" content=\"image\/jpeg\" \/>\n<meta name=\"author\" content=\"Energie Commune\" \/>\n<meta name=\"twitter:card\" content=\"summary_large_image\" \/>\n<script type=\"application\/ld+json\" class=\"yoast-schema-graph\">{\"@context\":\"https:\\\/\\\/schema.org\",\"@graph\":[{\"@type\":\"Article\",\"@id\":\"https:\\\/\\\/www.renouvelle.be\\\/fr\\\/la-centrale-de-coo-augmente-sa-capacite-de-stockage\\\/#article\",\"isPartOf\":{\"@id\":\"https:\\\/\\\/www.renouvelle.be\\\/fr\\\/la-centrale-de-coo-augmente-sa-capacite-de-stockage\\\/\"},\"author\":{\"name\":\"Energie Commune\",\"@id\":\"https:\\\/\\\/www.renouvelle.be\\\/fr\\\/#\\\/schema\\\/person\\\/01fbe8226a07f8f3d4a1cd059b31f17a\"},\"headline\":\"La centrale de Coo augmente sa capacit\u00e9 de stockage\",\"datePublished\":\"2019-08-14T11:44:58+00:00\",\"dateModified\":\"2023-07-10T21:13:08+00:00\",\"mainEntityOfPage\":{\"@id\":\"https:\\\/\\\/www.renouvelle.be\\\/fr\\\/la-centrale-de-coo-augmente-sa-capacite-de-stockage\\\/\"},\"wordCount\":637,\"commentCount\":0,\"image\":{\"@id\":\"https:\\\/\\\/www.renouvelle.be\\\/fr\\\/la-centrale-de-coo-augmente-sa-capacite-de-stockage\\\/#primaryimage\"},\"thumbnailUrl\":\"https:\\\/\\\/www.renouvelle.be\\\/wp-content\\\/uploads\\\/2021\\\/02\\\/coo-wallonie-diapo4.jpg\",\"articleSection\":[\"Actualit\u00e9 en Belgique\"],\"inLanguage\":\"fr-FR\",\"potentialAction\":[{\"@type\":\"CommentAction\",\"name\":\"Comment\",\"target\":[\"https:\\\/\\\/www.renouvelle.be\\\/fr\\\/la-centrale-de-coo-augmente-sa-capacite-de-stockage\\\/#respond\"]}]},{\"@type\":\"WebPage\",\"@id\":\"https:\\\/\\\/www.renouvelle.be\\\/fr\\\/la-centrale-de-coo-augmente-sa-capacite-de-stockage\\\/\",\"url\":\"https:\\\/\\\/www.renouvelle.be\\\/fr\\\/la-centrale-de-coo-augmente-sa-capacite-de-stockage\\\/\",\"name\":\"La centrale de Coo augmente sa capacit\u00e9 de stockage - Renouvelle\",\"isPartOf\":{\"@id\":\"https:\\\/\\\/www.renouvelle.be\\\/fr\\\/#website\"},\"primaryImageOfPage\":{\"@id\":\"https:\\\/\\\/www.renouvelle.be\\\/fr\\\/la-centrale-de-coo-augmente-sa-capacite-de-stockage\\\/#primaryimage\"},\"image\":{\"@id\":\"https:\\\/\\\/www.renouvelle.be\\\/fr\\\/la-centrale-de-coo-augmente-sa-capacite-de-stockage\\\/#primaryimage\"},\"thumbnailUrl\":\"https:\\\/\\\/www.renouvelle.be\\\/wp-content\\\/uploads\\\/2021\\\/02\\\/coo-wallonie-diapo4.jpg\",\"datePublished\":\"2019-08-14T11:44:58+00:00\",\"dateModified\":\"2023-07-10T21:13:08+00:00\",\"author\":{\"@id\":\"https:\\\/\\\/www.renouvelle.be\\\/fr\\\/#\\\/schema\\\/person\\\/01fbe8226a07f8f3d4a1cd059b31f17a\"},\"breadcrumb\":{\"@id\":\"https:\\\/\\\/www.renouvelle.be\\\/fr\\\/la-centrale-de-coo-augmente-sa-capacite-de-stockage\\\/#breadcrumb\"},\"inLanguage\":\"fr-FR\",\"potentialAction\":[{\"@type\":\"ReadAction\",\"target\":[\"https:\\\/\\\/www.renouvelle.be\\\/fr\\\/la-centrale-de-coo-augmente-sa-capacite-de-stockage\\\/\"]}]},{\"@type\":\"ImageObject\",\"inLanguage\":\"fr-FR\",\"@id\":\"https:\\\/\\\/www.renouvelle.be\\\/fr\\\/la-centrale-de-coo-augmente-sa-capacite-de-stockage\\\/#primaryimage\",\"url\":\"https:\\\/\\\/www.renouvelle.be\\\/wp-content\\\/uploads\\\/2021\\\/02\\\/coo-wallonie-diapo4.jpg\",\"contentUrl\":\"https:\\\/\\\/www.renouvelle.be\\\/wp-content\\\/uploads\\\/2021\\\/02\\\/coo-wallonie-diapo4.jpg\",\"width\":580,\"height\":261},{\"@type\":\"BreadcrumbList\",\"@id\":\"https:\\\/\\\/www.renouvelle.be\\\/fr\\\/la-centrale-de-coo-augmente-sa-capacite-de-stockage\\\/#breadcrumb\",\"itemListElement\":[{\"@type\":\"ListItem\",\"position\":1,\"name\":\"Accueil\",\"item\":\"https:\\\/\\\/www.renouvelle.be\\\/fr\\\/\"},{\"@type\":\"ListItem\",\"position\":2,\"name\":\"La centrale de Coo augmente sa capacit\u00e9 de stockage\"}]},{\"@type\":\"WebSite\",\"@id\":\"https:\\\/\\\/www.renouvelle.be\\\/fr\\\/#website\",\"url\":\"https:\\\/\\\/www.renouvelle.be\\\/fr\\\/\",\"name\":\"Renouvelle\",\"description\":\"L&#039;actualit\u00e9 de l&#039;\u00e9nergie durable\",\"potentialAction\":[{\"@type\":\"SearchAction\",\"target\":{\"@type\":\"EntryPoint\",\"urlTemplate\":\"https:\\\/\\\/www.renouvelle.be\\\/fr\\\/?s={search_term_string}\"},\"query-input\":{\"@type\":\"PropertyValueSpecification\",\"valueRequired\":true,\"valueName\":\"search_term_string\"}}],\"inLanguage\":\"fr-FR\"},{\"@type\":\"Person\",\"@id\":\"https:\\\/\\\/www.renouvelle.be\\\/fr\\\/#\\\/schema\\\/person\\\/01fbe8226a07f8f3d4a1cd059b31f17a\",\"name\":\"Energie Commune\",\"url\":\"https:\\\/\\\/www.renouvelle.be\\\/fr\\\/author\\\/apere\\\/\"}]}<\/script>\n<!-- \/ Yoast SEO plugin. -->","yoast_head_json":{"title":"La centrale de Coo augmente sa capacit\u00e9 de stockage - Renouvelle","robots":{"index":"index","follow":"follow","max-snippet":"max-snippet:-1","max-image-preview":"max-image-preview:large","max-video-preview":"max-video-preview:-1"},"canonical":"https:\/\/www.renouvelle.be\/fr\/la-centrale-de-coo-augmente-sa-capacite-de-stockage\/","og_locale":"fr_FR","og_type":"article","og_title":"La centrale de Coo augmente sa capacit\u00e9 de stockage - Renouvelle","og_description":"Cr\u00e9\u00e9e au cours des ann\u00e9es 1970, la centrale d\u2019accumulation par pompage de Coo-Trois-Ponts en Wallonie fait figure de r\u00e9f\u00e9rence en mati\u00e8re de stockage d\u2019\u00e9lectricit\u00e9 en Belgique. La centrale, d\u2019une capacit\u00e9 install\u00e9e de 1200 m\u00e9gawatts (MW), est en effet capable de stocker de l\u2019\u00e9lectricit\u00e9 \u00e0 grande \u00e9chelle (5000 MWh\/jour) gr\u00e2ce au principe du pompage-turbinage. Elle est constitu\u00e9e de deux bassins sup\u00e9rieurs, situ\u00e9s en hauteur sur un d\u00e9nivel\u00e9 naturel de 250 m, et d\u2019un bassin inf\u00e9rieur (photo ci-dessus et ci-dessous). Les turbines utilisent l\u2019exc\u00e8s d\u2019\u00e9lectricit\u00e9 sur le r\u00e9seau afin de ramener l\u2019eau par pompage dans les bassins sup\u00e9rieurs. Ainsi, l\u2019eau est pomp\u00e9e et stock\u00e9e durant les p\u00e9riodes o\u00f9 la production est abondante, et peut ensuite \u00eatre utilis\u00e9e au moment o\u00f9 le r\u00e9seau en a besoin. Il suffit pour cela que les turbines soient mises en marche pour pallier une baisse de production ou pour faire face \u00e0 une plus grande demande. Cette flexibilit\u00e9 est essentielle avec le d\u00e9veloppement rapide des \u00e9nergies renouvelables, dont la production est variable par d\u00e9finition. Adapter les bassins existants Avec la croissance des productions renouvelables inject\u00e9es sur le r\u00e9seau \u00e9lectrique belge, le besoin de stockage est donc de plus en plus essentiel pour assurer l\u2019approvisionnement en \u00e9lectricit\u00e9. Depuis plusieurs ann\u00e9es, le groupe Engie \u2013 qui g\u00e8re la centrale de Coo \u2013 envisageait une augmentation de la capacit\u00e9 de stockage sur ce site. Parmi les am\u00e9nagements imagin\u00e9s&nbsp;: un projet de troisi\u00e8me bassin sup\u00e9rieur reli\u00e9 \u00e0 deux nouvelles turbines, permettant d\u2019augmenter de 50&nbsp;% les capacit\u00e9s du site, passant de 1 200 MW \u00e0 1 800 MW, soit l\u2019\u00e9quivalent de la production de quatre centrales au gaz. Mais dans l\u2019imm\u00e9diat, Engie s\u2019engage dans un projet plus modeste avec une demande de permis, introduite d\u00e9but juillet 2019, pour augmenter de 7,5% la &hellip; Continue reading \"La centrale de Coo augmente sa capacit\u00e9 de stockage\"","og_url":"https:\/\/www.renouvelle.be\/fr\/la-centrale-de-coo-augmente-sa-capacite-de-stockage\/","og_site_name":"Renouvelle","article_published_time":"2019-08-14T11:44:58+00:00","article_modified_time":"2023-07-10T21:13:08+00:00","og_image":[{"width":580,"height":261,"url":"https:\/\/www.renouvelle.be\/wp-content\/uploads\/2021\/02\/coo-wallonie-diapo4.jpg","type":"image\/jpeg"}],"author":"Energie Commune","twitter_card":"summary_large_image","schema":{"@context":"https:\/\/schema.org","@graph":[{"@type":"Article","@id":"https:\/\/www.renouvelle.be\/fr\/la-centrale-de-coo-augmente-sa-capacite-de-stockage\/#article","isPartOf":{"@id":"https:\/\/www.renouvelle.be\/fr\/la-centrale-de-coo-augmente-sa-capacite-de-stockage\/"},"author":{"name":"Energie Commune","@id":"https:\/\/www.renouvelle.be\/fr\/#\/schema\/person\/01fbe8226a07f8f3d4a1cd059b31f17a"},"headline":"La centrale de Coo augmente sa capacit\u00e9 de stockage","datePublished":"2019-08-14T11:44:58+00:00","dateModified":"2023-07-10T21:13:08+00:00","mainEntityOfPage":{"@id":"https:\/\/www.renouvelle.be\/fr\/la-centrale-de-coo-augmente-sa-capacite-de-stockage\/"},"wordCount":637,"commentCount":0,"image":{"@id":"https:\/\/www.renouvelle.be\/fr\/la-centrale-de-coo-augmente-sa-capacite-de-stockage\/#primaryimage"},"thumbnailUrl":"https:\/\/www.renouvelle.be\/wp-content\/uploads\/2021\/02\/coo-wallonie-diapo4.jpg","articleSection":["Actualit\u00e9 en Belgique"],"inLanguage":"fr-FR","potentialAction":[{"@type":"CommentAction","name":"Comment","target":["https:\/\/www.renouvelle.be\/fr\/la-centrale-de-coo-augmente-sa-capacite-de-stockage\/#respond"]}]},{"@type":"WebPage","@id":"https:\/\/www.renouvelle.be\/fr\/la-centrale-de-coo-augmente-sa-capacite-de-stockage\/","url":"https:\/\/www.renouvelle.be\/fr\/la-centrale-de-coo-augmente-sa-capacite-de-stockage\/","name":"La centrale de Coo augmente sa capacit\u00e9 de stockage - Renouvelle","isPartOf":{"@id":"https:\/\/www.renouvelle.be\/fr\/#website"},"primaryImageOfPage":{"@id":"https:\/\/www.renouvelle.be\/fr\/la-centrale-de-coo-augmente-sa-capacite-de-stockage\/#primaryimage"},"image":{"@id":"https:\/\/www.renouvelle.be\/fr\/la-centrale-de-coo-augmente-sa-capacite-de-stockage\/#primaryimage"},"thumbnailUrl":"https:\/\/www.renouvelle.be\/wp-content\/uploads\/2021\/02\/coo-wallonie-diapo4.jpg","datePublished":"2019-08-14T11:44:58+00:00","dateModified":"2023-07-10T21:13:08+00:00","author":{"@id":"https:\/\/www.renouvelle.be\/fr\/#\/schema\/person\/01fbe8226a07f8f3d4a1cd059b31f17a"},"breadcrumb":{"@id":"https:\/\/www.renouvelle.be\/fr\/la-centrale-de-coo-augmente-sa-capacite-de-stockage\/#breadcrumb"},"inLanguage":"fr-FR","potentialAction":[{"@type":"ReadAction","target":["https:\/\/www.renouvelle.be\/fr\/la-centrale-de-coo-augmente-sa-capacite-de-stockage\/"]}]},{"@type":"ImageObject","inLanguage":"fr-FR","@id":"https:\/\/www.renouvelle.be\/fr\/la-centrale-de-coo-augmente-sa-capacite-de-stockage\/#primaryimage","url":"https:\/\/www.renouvelle.be\/wp-content\/uploads\/2021\/02\/coo-wallonie-diapo4.jpg","contentUrl":"https:\/\/www.renouvelle.be\/wp-content\/uploads\/2021\/02\/coo-wallonie-diapo4.jpg","width":580,"height":261},{"@type":"BreadcrumbList","@id":"https:\/\/www.renouvelle.be\/fr\/la-centrale-de-coo-augmente-sa-capacite-de-stockage\/#breadcrumb","itemListElement":[{"@type":"ListItem","position":1,"name":"Accueil","item":"https:\/\/www.renouvelle.be\/fr\/"},{"@type":"ListItem","position":2,"name":"La centrale de Coo augmente sa capacit\u00e9 de stockage"}]},{"@type":"WebSite","@id":"https:\/\/www.renouvelle.be\/fr\/#website","url":"https:\/\/www.renouvelle.be\/fr\/","name":"Renouvelle","description":"L&#039;actualit\u00e9 de l&#039;\u00e9nergie durable","potentialAction":[{"@type":"SearchAction","target":{"@type":"EntryPoint","urlTemplate":"https:\/\/www.renouvelle.be\/fr\/?s={search_term_string}"},"query-input":{"@type":"PropertyValueSpecification","valueRequired":true,"valueName":"search_term_string"}}],"inLanguage":"fr-FR"},{"@type":"Person","@id":"https:\/\/www.renouvelle.be\/fr\/#\/schema\/person\/01fbe8226a07f8f3d4a1cd059b31f17a","name":"Energie Commune","url":"https:\/\/www.renouvelle.be\/fr\/author\/apere\/"}]}},"_links":{"self":[{"href":"https:\/\/www.renouvelle.be\/fr\/wp-json\/wp\/v2\/posts\/3736","targetHints":{"allow":["GET"]}}],"collection":[{"href":"https:\/\/www.renouvelle.be\/fr\/wp-json\/wp\/v2\/posts"}],"about":[{"href":"https:\/\/www.renouvelle.be\/fr\/wp-json\/wp\/v2\/types\/post"}],"author":[{"embeddable":true,"href":"https:\/\/www.renouvelle.be\/fr\/wp-json\/wp\/v2\/users\/3"}],"replies":[{"embeddable":true,"href":"https:\/\/www.renouvelle.be\/fr\/wp-json\/wp\/v2\/comments?post=3736"}],"version-history":[{"count":2,"href":"https:\/\/www.renouvelle.be\/fr\/wp-json\/wp\/v2\/posts\/3736\/revisions"}],"predecessor-version":[{"id":10161,"href":"https:\/\/www.renouvelle.be\/fr\/wp-json\/wp\/v2\/posts\/3736\/revisions\/10161"}],"wp:featuredmedia":[{"embeddable":true,"href":"https:\/\/www.renouvelle.be\/fr\/wp-json\/wp\/v2\/media\/4445"}],"wp:attachment":[{"href":"https:\/\/www.renouvelle.be\/fr\/wp-json\/wp\/v2\/media?parent=3736"}],"wp:term":[{"taxonomy":"category","embeddable":true,"href":"https:\/\/www.renouvelle.be\/fr\/wp-json\/wp\/v2\/categories?post=3736"},{"taxonomy":"post_tag","embeddable":true,"href":"https:\/\/www.renouvelle.be\/fr\/wp-json\/wp\/v2\/tags?post=3736"},{"taxonomy":"section","embeddable":true,"href":"https:\/\/www.renouvelle.be\/fr\/wp-json\/wp\/v2\/section?post=3736"}],"curies":[{"name":"wp","href":"https:\/\/api.w.org\/{rel}","templated":true}]}}