{"id":3725,"date":"2019-06-25T10:47:41","date_gmt":"2019-06-25T10:47:41","guid":{"rendered":""},"modified":"2023-07-10T23:10:55","modified_gmt":"2023-07-10T21:10:55","slug":"coup-de-foudre-pour-les-eoliennes","status":"publish","type":"post","link":"https:\/\/www.renouvelle.be\/fr\/coup-de-foudre-pour-les-eoliennes\/","title":{"rendered":"Coup de foudre pour les \u00e9oliennes"},"content":{"rendered":"<p>Durant un r\u00e9cent orage, un riverain a film\u00e9 la foudre qui s\u2019est abattue sur le parc \u00e9olien de Senzeille, pr\u00e8s de Cerfontaine (Belgique). Sa vid\u00e9o a \u00e9t\u00e9 largement diffus\u00e9e par les m\u00e9dias belges et les r\u00e9seaux sociaux&nbsp;:<\/p>\n<p><iframe loading=\"lazy\" src=\"\/\/www.ultimedia.com\/deliver\/generic\/iframe\/mdtk\/01032022\/src\/zkzmrx\/zone\/1\/showtitle\/1\/\" width=\"580\" height=\"349\" frameborder=\"0\" marginwidth=\"0\" marginheight=\"0\" scrolling=\"no\" allowfullscreen=\"allowfullscreen\"><\/iframe><\/p>\n<p>En Belgique, le collectif Belgorage observe et publie d\u2019ailleurs r\u00e9guli\u00e8rement des <a href=\"http:\/\/belgorage.be\/galerie-videos-hd\/instants-dorages-coups-de-foudre-simultanes-sur-des-eoliennes\" target=\"_blank\" rel=\"noopener\">vid\u00e9os de parcs \u00e9oliens foudroy\u00e9s.<\/a><\/p>\n<p>Ces images impressionnantes nous rappellent que les orages et la foudre n\u00e9cessitent une gestion toute particuli\u00e8re des risques pour les techniciens \u00e9oliens. Explications.<\/p>\n<h2>Syst\u00e8me de protection obligatoire<\/h2>\n<p>Les \u00e9oliennes \u2013 sur terre ou sur mer &#8211; sont, par d\u00e9finition, des installations saillantes dans le paysage. Elles sont donc susceptibles d\u2019attirer la foudre, comme toutes les structures pro\u00e9minentes avec \u00ab&nbsp;effet de pointe&nbsp;\u00bb (b\u00e2timent, grue, pyl\u00f4ne, \u2026).<\/p>\n<p>Pour se conformer aux normes europ\u00e9ennes de s\u00e9curit\u00e9, les constructeurs \u00e9oliens garantissent d\u00e8s lors une protection contre les risques de foudre les plus fr\u00e9quents. Un c\u00e2ble plac\u00e9 au bout des pales descend ainsi le long de la tour et assure une mise \u00e0 la terre.<\/p>\n<p>En Wallonie \u2013 comme ailleurs en Europe -, les d\u00e9veloppeurs \u00e9oliens ont ainsi l\u2019obligation l\u00e9gale d\u2019\u00e9quiper les \u00e9oliennes d\u2019un syst\u00e8me de protection contre la foudre (voir article 15 des <a href=\"http:\/\/environnement.wallonie.be\/legis\/pe\/pesect074.html\">conditions sectorielles<\/a>).<\/p>\n<h2>Evacuation des techniciens<\/h2>\n<p><img decoding=\"async\" style=\"width: 580px; height: 387px;\" src=\"\/wp-content\/uploads\/2021\/02\/post\/istock-183216469.jpg\" alt=\"\"><\/p>\n<p>En cas d\u2019orage, les r\u00e8gles de s\u00e9curit\u00e9 imposent malgr\u00e9 tout de s\u2019\u00e9loigner de tout point culminant, m\u00eame \u00e9quip\u00e9 d\u2019un paratonnerre. L&rsquo;impact direct ou indirect de la foudre sur une personne peut en effet causer des blessures graves, voire son d\u00e9c\u00e8s.<\/p>\n<p>Les techniciens qui assurent la maintenance des \u00e9oliennes ou des pyl\u00f4nes \u00e9lectriques, par exemples, doivent donc rapidement \u00e9vacuer le site.<\/p>\n<p>Les parcs \u00e9oliens se situent en effet dans des espaces ouverts et isol\u00e9s&nbsp;: plaine, zone montagneuse, haute mer, \u2026 Ces caract\u00e9ristiques impliquent des temps d&rsquo;\u00e9vacuation des travailleurs nettement plus \u00e9lev\u00e9s que dans d&rsquo;autres types de secteurs, explique ainsi cette <a href=\"https:\/\/paratonnerres-at3w.fr\/societe\/actualites\/prevention-des-risques-professionnels-dans-le-secteur-eolien\/s33c444\" target=\"_blank\" rel=\"noopener\">soci\u00e9t\u00e9<\/a> sp\u00e9cialis\u00e9e dans la protection de la foudre.<\/p>\n<p>Les op\u00e9rateurs travaillant dans une \u00e9olienne (bien souvent \u00e0 l\u2019int\u00e9rieur de la machine, donc sans visibilit\u00e9 sur le ciel) devront donc \u00eatre alert\u00e9s suffisamment \u00e0 l\u2019avance pour descendre des \u00e9oliennes et rechercher une zone de refuge. Pour que ce processus se d\u00e9roule de mani\u00e8re progressive et sans risque, les mesures pr\u00e9ventives adopt\u00e9es par les techniciens doivent \u00eatre appliqu\u00e9es des dizaines de minutes \u00e0 l\u2019avance.<\/p>\n<p>Les gestionnaires de parcs \u00e9oliens utilisent donc des services de pr\u00e9vision et alerte m\u00e9t\u00e9orologiques, tel que <a href=\"https:\/\/www.meteorage.com\/fr\" target=\"_blank\" rel=\"noopener\">Meteorage<\/a> (illustration ci-dessous) pour \u00e9valuer le risque de foudre sur un p\u00e9rim\u00e8tre g\u00e9ographique pr\u00e9cis, \u00eatre alert\u00e9 d\u2019un risque imminent (par mail ou SMS), suivre le ph\u00e9nom\u00e8ne orageux et v\u00e9rifier les \u00e9ventuels d\u00e9g\u00e2ts.<\/p>\n<p><img decoding=\"async\" style=\"width: 580px; height: 171px;\" src=\"\/wp-content\/uploads\/2021\/02\/post\/meteorage1.jpg\" alt=\"\"><\/p>\n<p>En d\u00e9but d\u2019alerte, ils peuvent ainsi anticiper et \u00e9vacuer leurs \u00e9quipes. Et en fin d\u2019alerte, ils peuvent remettre les techniciens au travail et limiter ainsi l\u2019interruption de la maintenance.<\/p>\n<p>\u00ab&nbsp;Aucun crit\u00e8re n\u2019est impos\u00e9 aux techniciens&nbsp;: s\u2019il y a le moindre risque d\u2019orage dans leur zone de travail, ils sont alert\u00e9s et oblig\u00e9s de descendre de l\u2019\u00e9olienne et de se mettre \u00e0 l\u2019abri&nbsp;\u00bb, explique Laurent Damien, Operational Manager chez ENERCON Services Belgium, la soci\u00e9t\u00e9 qui assure la maintenance de 341 \u00e9oliennes ENERCON en Belgique (marque la plus fr\u00e9quente sur les parcs \u00e9oliens), avec une \u00e9quipe de 71 techniciens (photo ci-dessous).<\/p>\n<p><img decoding=\"async\" style=\"width: 580px; height: 317px;\" src=\"\/wp-content\/uploads\/2021\/02\/post\/enercon.jpg\" alt=\"\"><\/p>\n<p><em><small>\u00a9 ENERCON Services Belgium<\/small><\/em><\/p>\n<p>M\u00eame processus chez chez EDF Renewables Services Belgium, qui g\u00e8re la maintenance de 18 parcs \u00e9oliens en Belgique (76 machines), avec une \u00e9quipe de 16 techniciens.<\/p>\n<p>\u00ab&nbsp;Les pr\u00e9visions m\u00e9t\u00e9o se basent sur des calculs de probabilit\u00e9 mais nous ne prenons aucun risque&nbsp;\u00bb, explique ainsi Wouter Holbrecht, Managing Director. \u00ab&nbsp;En cas d\u2019alerte orage, les techniciens sont pr\u00e9venus par t\u00e9l\u00e9phone et doivent rapidement quitter l\u2019\u00e9olienne et le site et se mettre \u00e0 l\u2019abri dans leur voiture.&nbsp;Gr\u00e2ce \u00e0 cette proc\u00e9dure, nous n\u2019avons jamais connu d\u2019accident. \u00bb<\/p>\n<h2>V\u00e9rification des d\u00e9g\u00e2ts<\/h2>\n<p>Outre la s\u00e9curit\u00e9 des travailleurs, les gestionnaires \u00e9oliens doivent \u00e9galement assurer le bon fonctionnement de la production d\u2019\u00e9lectricit\u00e9.<\/p>\n<p>Or la foudre peut impacter certains \u00e9l\u00e9ments d\u2019une \u00e9olienne, en particulier les pales, et provoquer une mise \u00e0 l\u2019arr\u00eat de la machine.<\/p>\n<p><img decoding=\"async\" style=\"width: 451px; height: 570px;\" src=\"\/wp-content\/uploads\/2021\/02\/post\/main-qimg-b87fc1456f1ab11019f3395b97e19297.png\" alt=\"\"><\/p>\n<p><em><small>Exemple d\u2019impact d\u2019un coup de foudre particuli\u00e8rement puissant sur une pale. Source&nbsp;<a href=\"https:\/\/www.quora.com\/How-often-does-lightning-strike-wind-turbines\" target=\"_blank\" rel=\"noopener\"><em>Quora.com.<\/em><\/a><\/small><\/em><\/p>\n<p>Les \u00e9oliennes sont d\u00e8s lors parfois \u00e9quip\u00e9es d\u2019un compteur de coups de foudre, afin de localiser et mesurer d\u2019\u00e9ventuels d\u00e9g\u00e2ts. Les gestionnaires peuvent ainsi r\u00e9parer \u00e0 temps les \u00e9l\u00e9ments fragilis\u00e9s et limiter l\u2019interruption de la production \u00e9olienne.<\/p>\n<p>Des soci\u00e9t\u00e9s \u2013 telles que <a href=\"https:\/\/www.ingesco.com\/fr\/soluciones\/proteccion\/parcs-eoliens\" target=\"_blank\" rel=\"noopener\">celle-ci<\/a> \u2013 se sont sp\u00e9cialis\u00e9es dans ces \u00e9quipements.<\/p>\n<p><em>\u00ab&nbsp;Nous utilisons les donn\u00e9es radar pour conna\u00eetre les impacts pr\u00e9cis de la foudre&nbsp;\u00bb<\/em>, poursuit Wouter Holbrecht.<em> \u00ab&nbsp;Les machines sont con\u00e7ues pour supporter la majorit\u00e9 des coups de foudre. Mais il arrive qu\u2019un coup beaucoup plus puissant touche l\u2019\u00e9olienne \u2013 en particulier les pales &#8211; et qu\u2019une r\u00e9paration soit n\u00e9cessaire.&nbsp;Mais, de mani\u00e8re g\u00e9n\u00e9rale, la foudre ne cause pas beaucoup de d\u00e9g\u00e2ts ni d\u2019arr\u00eat de la production d\u2019\u00e9lectricit\u00e9&nbsp;\u00bb<\/em>, conclut-il.<\/p>\n","protected":false},"excerpt":{"rendered":"<p>Durant un r\u00e9cent orage, un riverain a film\u00e9 la foudre qui s\u2019est abattue sur le parc \u00e9olien de Senzeille, pr\u00e8s de Cerfontaine (Belgique). Sa vid\u00e9o a \u00e9t\u00e9 largement diffus\u00e9e par les m\u00e9dias belges et les r\u00e9seaux sociaux&nbsp;: En Belgique, le collectif Belgorage observe et publie d\u2019ailleurs r\u00e9guli\u00e8rement des vid\u00e9os de parcs \u00e9oliens foudroy\u00e9s. Ces images impressionnantes nous rappellent que les orages et la foudre n\u00e9cessitent une gestion toute particuli\u00e8re des risques pour les techniciens \u00e9oliens. Explications. Syst\u00e8me de protection obligatoire Les \u00e9oliennes \u2013 sur terre ou sur mer &#8211; sont, par d\u00e9finition, des installations saillantes dans le paysage. Elles sont donc susceptibles d\u2019attirer la foudre, comme toutes les structures pro\u00e9minentes avec \u00ab&nbsp;effet de pointe&nbsp;\u00bb (b\u00e2timent, grue, pyl\u00f4ne, \u2026). Pour se conformer aux normes europ\u00e9ennes de s\u00e9curit\u00e9, les constructeurs \u00e9oliens garantissent d\u00e8s lors une protection contre les risques de foudre les plus fr\u00e9quents. Un c\u00e2ble plac\u00e9 au bout des pales descend ainsi le long de la tour et assure une mise \u00e0 la terre. En Wallonie \u2013 comme ailleurs en Europe -, les d\u00e9veloppeurs \u00e9oliens ont ainsi l\u2019obligation l\u00e9gale d\u2019\u00e9quiper les \u00e9oliennes d\u2019un syst\u00e8me de protection contre la foudre (voir article 15 des conditions sectorielles). Evacuation des techniciens En cas d\u2019orage, les r\u00e8gles de s\u00e9curit\u00e9 imposent malgr\u00e9 tout de s\u2019\u00e9loigner de tout point culminant, m\u00eame \u00e9quip\u00e9 d\u2019un paratonnerre. L&rsquo;impact direct ou indirect de la foudre sur une personne peut en effet causer des blessures graves, voire son d\u00e9c\u00e8s. Les techniciens qui assurent la maintenance des \u00e9oliennes ou des pyl\u00f4nes \u00e9lectriques, par exemples, doivent donc rapidement \u00e9vacuer le site. Les parcs \u00e9oliens se situent en effet dans des espaces ouverts et isol\u00e9s&nbsp;: plaine, zone montagneuse, haute mer, \u2026 Ces caract\u00e9ristiques impliquent des temps d&rsquo;\u00e9vacuation des travailleurs nettement plus \u00e9lev\u00e9s que dans d&rsquo;autres &hellip; <a href=\"https:\/\/www.renouvelle.be\/fr\/coup-de-foudre-pour-les-eoliennes\/\" class=\"more-link\">Continue reading<span class=\"screen-reader-text\"> \u00ab\u00a0Coup de foudre pour les \u00e9oliennes\u00a0\u00bb<\/span><\/a><\/p>\n","protected":false},"author":3,"featured_media":4501,"comment_status":"open","ping_status":"open","sticky":false,"template":"","format":"standard","meta":{"_acf_changed":false,"footnotes":""},"categories":[20],"tags":[],"section":[6],"class_list":["post-3725","post","type-post","status-publish","format-standard","has-post-thumbnail","hentry","category-technologies","section-eolien"],"acf":[],"yoast_head":"<!-- This site is optimized with the Yoast SEO plugin v27.4 - https:\/\/yoast.com\/product\/yoast-seo-wordpress\/ -->\n<title>Coup de foudre pour les \u00e9oliennes - Renouvelle<\/title>\n<meta name=\"robots\" content=\"index, follow, max-snippet:-1, max-image-preview:large, max-video-preview:-1\" \/>\n<link rel=\"canonical\" href=\"https:\/\/www.renouvelle.be\/fr\/coup-de-foudre-pour-les-eoliennes\/\" \/>\n<meta property=\"og:locale\" content=\"fr_FR\" \/>\n<meta property=\"og:type\" content=\"article\" \/>\n<meta property=\"og:title\" content=\"Coup de foudre pour les \u00e9oliennes - Renouvelle\" \/>\n<meta property=\"og:description\" content=\"Durant un r\u00e9cent orage, un riverain a film\u00e9 la foudre qui s\u2019est abattue sur le parc \u00e9olien de Senzeille, pr\u00e8s de Cerfontaine (Belgique). Sa vid\u00e9o a \u00e9t\u00e9 largement diffus\u00e9e par les m\u00e9dias belges et les r\u00e9seaux sociaux&nbsp;: En Belgique, le collectif Belgorage observe et publie d\u2019ailleurs r\u00e9guli\u00e8rement des vid\u00e9os de parcs \u00e9oliens foudroy\u00e9s. Ces images impressionnantes nous rappellent que les orages et la foudre n\u00e9cessitent une gestion toute particuli\u00e8re des risques pour les techniciens \u00e9oliens. Explications. Syst\u00e8me de protection obligatoire Les \u00e9oliennes \u2013 sur terre ou sur mer &#8211; sont, par d\u00e9finition, des installations saillantes dans le paysage. Elles sont donc susceptibles d\u2019attirer la foudre, comme toutes les structures pro\u00e9minentes avec \u00ab&nbsp;effet de pointe&nbsp;\u00bb (b\u00e2timent, grue, pyl\u00f4ne, \u2026). Pour se conformer aux normes europ\u00e9ennes de s\u00e9curit\u00e9, les constructeurs \u00e9oliens garantissent d\u00e8s lors une protection contre les risques de foudre les plus fr\u00e9quents. Un c\u00e2ble plac\u00e9 au bout des pales descend ainsi le long de la tour et assure une mise \u00e0 la terre. En Wallonie \u2013 comme ailleurs en Europe -, les d\u00e9veloppeurs \u00e9oliens ont ainsi l\u2019obligation l\u00e9gale d\u2019\u00e9quiper les \u00e9oliennes d\u2019un syst\u00e8me de protection contre la foudre (voir article 15 des conditions sectorielles). Evacuation des techniciens En cas d\u2019orage, les r\u00e8gles de s\u00e9curit\u00e9 imposent malgr\u00e9 tout de s\u2019\u00e9loigner de tout point culminant, m\u00eame \u00e9quip\u00e9 d\u2019un paratonnerre. L&rsquo;impact direct ou indirect de la foudre sur une personne peut en effet causer des blessures graves, voire son d\u00e9c\u00e8s. Les techniciens qui assurent la maintenance des \u00e9oliennes ou des pyl\u00f4nes \u00e9lectriques, par exemples, doivent donc rapidement \u00e9vacuer le site. Les parcs \u00e9oliens se situent en effet dans des espaces ouverts et isol\u00e9s&nbsp;: plaine, zone montagneuse, haute mer, \u2026 Ces caract\u00e9ristiques impliquent des temps d&rsquo;\u00e9vacuation des travailleurs nettement plus \u00e9lev\u00e9s que dans d&rsquo;autres &hellip; Continue reading &quot;Coup de foudre pour les \u00e9oliennes&quot;\" \/>\n<meta property=\"og:url\" content=\"https:\/\/www.renouvelle.be\/fr\/coup-de-foudre-pour-les-eoliennes\/\" \/>\n<meta property=\"og:site_name\" content=\"Renouvelle\" \/>\n<meta property=\"article:published_time\" content=\"2019-06-25T10:47:41+00:00\" \/>\n<meta property=\"article:modified_time\" content=\"2023-07-10T21:10:55+00:00\" \/>\n<meta property=\"og:image\" content=\"https:\/\/www.renouvelle.be\/wp-content\/uploads\/2021\/02\/foudre2.jpg\" \/>\n\t<meta property=\"og:image:width\" content=\"580\" \/>\n\t<meta property=\"og:image:height\" content=\"316\" \/>\n\t<meta property=\"og:image:type\" content=\"image\/jpeg\" \/>\n<meta name=\"author\" content=\"Energie Commune\" \/>\n<meta name=\"twitter:card\" content=\"summary_large_image\" \/>\n<script type=\"application\/ld+json\" class=\"yoast-schema-graph\">{\"@context\":\"https:\\\/\\\/schema.org\",\"@graph\":[{\"@type\":\"Article\",\"@id\":\"https:\\\/\\\/www.renouvelle.be\\\/fr\\\/coup-de-foudre-pour-les-eoliennes\\\/#article\",\"isPartOf\":{\"@id\":\"https:\\\/\\\/www.renouvelle.be\\\/fr\\\/coup-de-foudre-pour-les-eoliennes\\\/\"},\"author\":{\"name\":\"Energie Commune\",\"@id\":\"https:\\\/\\\/www.renouvelle.be\\\/fr\\\/#\\\/schema\\\/person\\\/01fbe8226a07f8f3d4a1cd059b31f17a\"},\"headline\":\"Coup de foudre pour les \u00e9oliennes\",\"datePublished\":\"2019-06-25T10:47:41+00:00\",\"dateModified\":\"2023-07-10T21:10:55+00:00\",\"mainEntityOfPage\":{\"@id\":\"https:\\\/\\\/www.renouvelle.be\\\/fr\\\/coup-de-foudre-pour-les-eoliennes\\\/\"},\"wordCount\":922,\"commentCount\":0,\"image\":{\"@id\":\"https:\\\/\\\/www.renouvelle.be\\\/fr\\\/coup-de-foudre-pour-les-eoliennes\\\/#primaryimage\"},\"thumbnailUrl\":\"https:\\\/\\\/www.renouvelle.be\\\/wp-content\\\/uploads\\\/2021\\\/02\\\/foudre2.jpg\",\"articleSection\":[\"Technologies\"],\"inLanguage\":\"fr-FR\",\"potentialAction\":[{\"@type\":\"CommentAction\",\"name\":\"Comment\",\"target\":[\"https:\\\/\\\/www.renouvelle.be\\\/fr\\\/coup-de-foudre-pour-les-eoliennes\\\/#respond\"]}]},{\"@type\":\"WebPage\",\"@id\":\"https:\\\/\\\/www.renouvelle.be\\\/fr\\\/coup-de-foudre-pour-les-eoliennes\\\/\",\"url\":\"https:\\\/\\\/www.renouvelle.be\\\/fr\\\/coup-de-foudre-pour-les-eoliennes\\\/\",\"name\":\"Coup de foudre pour les \u00e9oliennes - Renouvelle\",\"isPartOf\":{\"@id\":\"https:\\\/\\\/www.renouvelle.be\\\/fr\\\/#website\"},\"primaryImageOfPage\":{\"@id\":\"https:\\\/\\\/www.renouvelle.be\\\/fr\\\/coup-de-foudre-pour-les-eoliennes\\\/#primaryimage\"},\"image\":{\"@id\":\"https:\\\/\\\/www.renouvelle.be\\\/fr\\\/coup-de-foudre-pour-les-eoliennes\\\/#primaryimage\"},\"thumbnailUrl\":\"https:\\\/\\\/www.renouvelle.be\\\/wp-content\\\/uploads\\\/2021\\\/02\\\/foudre2.jpg\",\"datePublished\":\"2019-06-25T10:47:41+00:00\",\"dateModified\":\"2023-07-10T21:10:55+00:00\",\"author\":{\"@id\":\"https:\\\/\\\/www.renouvelle.be\\\/fr\\\/#\\\/schema\\\/person\\\/01fbe8226a07f8f3d4a1cd059b31f17a\"},\"breadcrumb\":{\"@id\":\"https:\\\/\\\/www.renouvelle.be\\\/fr\\\/coup-de-foudre-pour-les-eoliennes\\\/#breadcrumb\"},\"inLanguage\":\"fr-FR\",\"potentialAction\":[{\"@type\":\"ReadAction\",\"target\":[\"https:\\\/\\\/www.renouvelle.be\\\/fr\\\/coup-de-foudre-pour-les-eoliennes\\\/\"]}]},{\"@type\":\"ImageObject\",\"inLanguage\":\"fr-FR\",\"@id\":\"https:\\\/\\\/www.renouvelle.be\\\/fr\\\/coup-de-foudre-pour-les-eoliennes\\\/#primaryimage\",\"url\":\"https:\\\/\\\/www.renouvelle.be\\\/wp-content\\\/uploads\\\/2021\\\/02\\\/foudre2.jpg\",\"contentUrl\":\"https:\\\/\\\/www.renouvelle.be\\\/wp-content\\\/uploads\\\/2021\\\/02\\\/foudre2.jpg\",\"width\":580,\"height\":316},{\"@type\":\"BreadcrumbList\",\"@id\":\"https:\\\/\\\/www.renouvelle.be\\\/fr\\\/coup-de-foudre-pour-les-eoliennes\\\/#breadcrumb\",\"itemListElement\":[{\"@type\":\"ListItem\",\"position\":1,\"name\":\"Accueil\",\"item\":\"https:\\\/\\\/www.renouvelle.be\\\/fr\\\/\"},{\"@type\":\"ListItem\",\"position\":2,\"name\":\"Coup de foudre pour les \u00e9oliennes\"}]},{\"@type\":\"WebSite\",\"@id\":\"https:\\\/\\\/www.renouvelle.be\\\/fr\\\/#website\",\"url\":\"https:\\\/\\\/www.renouvelle.be\\\/fr\\\/\",\"name\":\"Renouvelle\",\"description\":\"L&#039;actualit\u00e9 de l&#039;\u00e9nergie durable\",\"potentialAction\":[{\"@type\":\"SearchAction\",\"target\":{\"@type\":\"EntryPoint\",\"urlTemplate\":\"https:\\\/\\\/www.renouvelle.be\\\/fr\\\/?s={search_term_string}\"},\"query-input\":{\"@type\":\"PropertyValueSpecification\",\"valueRequired\":true,\"valueName\":\"search_term_string\"}}],\"inLanguage\":\"fr-FR\"},{\"@type\":\"Person\",\"@id\":\"https:\\\/\\\/www.renouvelle.be\\\/fr\\\/#\\\/schema\\\/person\\\/01fbe8226a07f8f3d4a1cd059b31f17a\",\"name\":\"Energie Commune\",\"url\":\"https:\\\/\\\/www.renouvelle.be\\\/fr\\\/author\\\/apere\\\/\"}]}<\/script>\n<!-- \/ Yoast SEO plugin. -->","yoast_head_json":{"title":"Coup de foudre pour les \u00e9oliennes - Renouvelle","robots":{"index":"index","follow":"follow","max-snippet":"max-snippet:-1","max-image-preview":"max-image-preview:large","max-video-preview":"max-video-preview:-1"},"canonical":"https:\/\/www.renouvelle.be\/fr\/coup-de-foudre-pour-les-eoliennes\/","og_locale":"fr_FR","og_type":"article","og_title":"Coup de foudre pour les \u00e9oliennes - Renouvelle","og_description":"Durant un r\u00e9cent orage, un riverain a film\u00e9 la foudre qui s\u2019est abattue sur le parc \u00e9olien de Senzeille, pr\u00e8s de Cerfontaine (Belgique). Sa vid\u00e9o a \u00e9t\u00e9 largement diffus\u00e9e par les m\u00e9dias belges et les r\u00e9seaux sociaux&nbsp;: En Belgique, le collectif Belgorage observe et publie d\u2019ailleurs r\u00e9guli\u00e8rement des vid\u00e9os de parcs \u00e9oliens foudroy\u00e9s. Ces images impressionnantes nous rappellent que les orages et la foudre n\u00e9cessitent une gestion toute particuli\u00e8re des risques pour les techniciens \u00e9oliens. Explications. Syst\u00e8me de protection obligatoire Les \u00e9oliennes \u2013 sur terre ou sur mer &#8211; sont, par d\u00e9finition, des installations saillantes dans le paysage. Elles sont donc susceptibles d\u2019attirer la foudre, comme toutes les structures pro\u00e9minentes avec \u00ab&nbsp;effet de pointe&nbsp;\u00bb (b\u00e2timent, grue, pyl\u00f4ne, \u2026). Pour se conformer aux normes europ\u00e9ennes de s\u00e9curit\u00e9, les constructeurs \u00e9oliens garantissent d\u00e8s lors une protection contre les risques de foudre les plus fr\u00e9quents. Un c\u00e2ble plac\u00e9 au bout des pales descend ainsi le long de la tour et assure une mise \u00e0 la terre. En Wallonie \u2013 comme ailleurs en Europe -, les d\u00e9veloppeurs \u00e9oliens ont ainsi l\u2019obligation l\u00e9gale d\u2019\u00e9quiper les \u00e9oliennes d\u2019un syst\u00e8me de protection contre la foudre (voir article 15 des conditions sectorielles). Evacuation des techniciens En cas d\u2019orage, les r\u00e8gles de s\u00e9curit\u00e9 imposent malgr\u00e9 tout de s\u2019\u00e9loigner de tout point culminant, m\u00eame \u00e9quip\u00e9 d\u2019un paratonnerre. L&rsquo;impact direct ou indirect de la foudre sur une personne peut en effet causer des blessures graves, voire son d\u00e9c\u00e8s. Les techniciens qui assurent la maintenance des \u00e9oliennes ou des pyl\u00f4nes \u00e9lectriques, par exemples, doivent donc rapidement \u00e9vacuer le site. Les parcs \u00e9oliens se situent en effet dans des espaces ouverts et isol\u00e9s&nbsp;: plaine, zone montagneuse, haute mer, \u2026 Ces caract\u00e9ristiques impliquent des temps d&rsquo;\u00e9vacuation des travailleurs nettement plus \u00e9lev\u00e9s que dans d&rsquo;autres &hellip; Continue reading \"Coup de foudre pour les \u00e9oliennes\"","og_url":"https:\/\/www.renouvelle.be\/fr\/coup-de-foudre-pour-les-eoliennes\/","og_site_name":"Renouvelle","article_published_time":"2019-06-25T10:47:41+00:00","article_modified_time":"2023-07-10T21:10:55+00:00","og_image":[{"width":580,"height":316,"url":"https:\/\/www.renouvelle.be\/wp-content\/uploads\/2021\/02\/foudre2.jpg","type":"image\/jpeg"}],"author":"Energie Commune","twitter_card":"summary_large_image","schema":{"@context":"https:\/\/schema.org","@graph":[{"@type":"Article","@id":"https:\/\/www.renouvelle.be\/fr\/coup-de-foudre-pour-les-eoliennes\/#article","isPartOf":{"@id":"https:\/\/www.renouvelle.be\/fr\/coup-de-foudre-pour-les-eoliennes\/"},"author":{"name":"Energie Commune","@id":"https:\/\/www.renouvelle.be\/fr\/#\/schema\/person\/01fbe8226a07f8f3d4a1cd059b31f17a"},"headline":"Coup de foudre pour les \u00e9oliennes","datePublished":"2019-06-25T10:47:41+00:00","dateModified":"2023-07-10T21:10:55+00:00","mainEntityOfPage":{"@id":"https:\/\/www.renouvelle.be\/fr\/coup-de-foudre-pour-les-eoliennes\/"},"wordCount":922,"commentCount":0,"image":{"@id":"https:\/\/www.renouvelle.be\/fr\/coup-de-foudre-pour-les-eoliennes\/#primaryimage"},"thumbnailUrl":"https:\/\/www.renouvelle.be\/wp-content\/uploads\/2021\/02\/foudre2.jpg","articleSection":["Technologies"],"inLanguage":"fr-FR","potentialAction":[{"@type":"CommentAction","name":"Comment","target":["https:\/\/www.renouvelle.be\/fr\/coup-de-foudre-pour-les-eoliennes\/#respond"]}]},{"@type":"WebPage","@id":"https:\/\/www.renouvelle.be\/fr\/coup-de-foudre-pour-les-eoliennes\/","url":"https:\/\/www.renouvelle.be\/fr\/coup-de-foudre-pour-les-eoliennes\/","name":"Coup de foudre pour les \u00e9oliennes - Renouvelle","isPartOf":{"@id":"https:\/\/www.renouvelle.be\/fr\/#website"},"primaryImageOfPage":{"@id":"https:\/\/www.renouvelle.be\/fr\/coup-de-foudre-pour-les-eoliennes\/#primaryimage"},"image":{"@id":"https:\/\/www.renouvelle.be\/fr\/coup-de-foudre-pour-les-eoliennes\/#primaryimage"},"thumbnailUrl":"https:\/\/www.renouvelle.be\/wp-content\/uploads\/2021\/02\/foudre2.jpg","datePublished":"2019-06-25T10:47:41+00:00","dateModified":"2023-07-10T21:10:55+00:00","author":{"@id":"https:\/\/www.renouvelle.be\/fr\/#\/schema\/person\/01fbe8226a07f8f3d4a1cd059b31f17a"},"breadcrumb":{"@id":"https:\/\/www.renouvelle.be\/fr\/coup-de-foudre-pour-les-eoliennes\/#breadcrumb"},"inLanguage":"fr-FR","potentialAction":[{"@type":"ReadAction","target":["https:\/\/www.renouvelle.be\/fr\/coup-de-foudre-pour-les-eoliennes\/"]}]},{"@type":"ImageObject","inLanguage":"fr-FR","@id":"https:\/\/www.renouvelle.be\/fr\/coup-de-foudre-pour-les-eoliennes\/#primaryimage","url":"https:\/\/www.renouvelle.be\/wp-content\/uploads\/2021\/02\/foudre2.jpg","contentUrl":"https:\/\/www.renouvelle.be\/wp-content\/uploads\/2021\/02\/foudre2.jpg","width":580,"height":316},{"@type":"BreadcrumbList","@id":"https:\/\/www.renouvelle.be\/fr\/coup-de-foudre-pour-les-eoliennes\/#breadcrumb","itemListElement":[{"@type":"ListItem","position":1,"name":"Accueil","item":"https:\/\/www.renouvelle.be\/fr\/"},{"@type":"ListItem","position":2,"name":"Coup de foudre pour les \u00e9oliennes"}]},{"@type":"WebSite","@id":"https:\/\/www.renouvelle.be\/fr\/#website","url":"https:\/\/www.renouvelle.be\/fr\/","name":"Renouvelle","description":"L&#039;actualit\u00e9 de l&#039;\u00e9nergie durable","potentialAction":[{"@type":"SearchAction","target":{"@type":"EntryPoint","urlTemplate":"https:\/\/www.renouvelle.be\/fr\/?s={search_term_string}"},"query-input":{"@type":"PropertyValueSpecification","valueRequired":true,"valueName":"search_term_string"}}],"inLanguage":"fr-FR"},{"@type":"Person","@id":"https:\/\/www.renouvelle.be\/fr\/#\/schema\/person\/01fbe8226a07f8f3d4a1cd059b31f17a","name":"Energie Commune","url":"https:\/\/www.renouvelle.be\/fr\/author\/apere\/"}]}},"_links":{"self":[{"href":"https:\/\/www.renouvelle.be\/fr\/wp-json\/wp\/v2\/posts\/3725","targetHints":{"allow":["GET"]}}],"collection":[{"href":"https:\/\/www.renouvelle.be\/fr\/wp-json\/wp\/v2\/posts"}],"about":[{"href":"https:\/\/www.renouvelle.be\/fr\/wp-json\/wp\/v2\/types\/post"}],"author":[{"embeddable":true,"href":"https:\/\/www.renouvelle.be\/fr\/wp-json\/wp\/v2\/users\/3"}],"replies":[{"embeddable":true,"href":"https:\/\/www.renouvelle.be\/fr\/wp-json\/wp\/v2\/comments?post=3725"}],"version-history":[{"count":5,"href":"https:\/\/www.renouvelle.be\/fr\/wp-json\/wp\/v2\/posts\/3725\/revisions"}],"predecessor-version":[{"id":10159,"href":"https:\/\/www.renouvelle.be\/fr\/wp-json\/wp\/v2\/posts\/3725\/revisions\/10159"}],"wp:featuredmedia":[{"embeddable":true,"href":"https:\/\/www.renouvelle.be\/fr\/wp-json\/wp\/v2\/media\/4501"}],"wp:attachment":[{"href":"https:\/\/www.renouvelle.be\/fr\/wp-json\/wp\/v2\/media?parent=3725"}],"wp:term":[{"taxonomy":"category","embeddable":true,"href":"https:\/\/www.renouvelle.be\/fr\/wp-json\/wp\/v2\/categories?post=3725"},{"taxonomy":"post_tag","embeddable":true,"href":"https:\/\/www.renouvelle.be\/fr\/wp-json\/wp\/v2\/tags?post=3725"},{"taxonomy":"section","embeddable":true,"href":"https:\/\/www.renouvelle.be\/fr\/wp-json\/wp\/v2\/section?post=3725"}],"curies":[{"name":"wp","href":"https:\/\/api.w.org\/{rel}","templated":true}]}}