{"id":3717,"date":"2019-06-07T14:23:31","date_gmt":"2019-06-07T14:23:31","guid":{"rendered":""},"modified":"2023-07-10T23:09:12","modified_gmt":"2023-07-10T21:09:12","slug":"une-prise-electrique-geante-en-mer-du-nord","status":"publish","type":"post","link":"https:\/\/www.renouvelle.be\/fr\/une-prise-electrique-geante-en-mer-du-nord\/","title":{"rendered":"Une prise \u00e9lectrique g\u00e9ante en mer du Nord"},"content":{"rendered":"<p>Un chantier spectaculaire s\u2019ach\u00e8ve en mer du Nord avec l\u2019installation, en avril dernier, d\u2019une prise \u00e9lectrique g\u00e9ante au large de Zeebruges (photos ci-dessus et ci-dessous).<\/p>\n<p><img decoding=\"async\" alt=\"\" src=\"\/wp-content\/uploads\/2021\/02\/post\/mog2.jpg\" style=\"width: 580px; height: 321px;\"><\/p>\n<p><em><small>Transport de la prise \u00e9lectrique vers le grand large. Photos&nbsp;: Elia.<\/small><\/em><\/p>\n<p>Situ\u00e9e \u00e0 40 km des c\u00f4tes belges, cette prise fait partie d\u2019un important r\u00e9seau modulaire offshore (Modular Offshore Grid &#8211; MOG) qui permettra de regrouper l&rsquo;\u00e9lectricit\u00e9 produite par 4 parcs \u00e9oliens (Rentel, Seastar, Mermaid et Northwester 2) et de l&rsquo;acheminer jusqu\u2019\u00e0 la terre ferme par 3 c\u00e2bles sous-marins conjoints jusqu&rsquo;au poste \u00e0 haute tension de Stevin \u00e0 Zeebruges. Un v\u00e9ritable tour de force technique (voir sch\u00e9ma et photo ci-dessous).<\/p>\n<p><img decoding=\"async\" alt=\"\" src=\"\/wp-content\/uploads\/2021\/02\/post\/cartes_offshore_fr-ok.jpg\" style=\"width: 580px; height: 454px;\"><\/p>\n<p><img decoding=\"async\" alt=\"\" src=\"\/wp-content\/uploads\/2021\/02\/post\/mog3.jpg\" style=\"width: 580px; height: 387px;\"><\/p>\n<p><em><small>Voici le premier des 3 c\u00e2bles sous-marins qui relieront le MOG au r\u00e9seau \u00e9lectrique terrestre.<\/small><\/em><\/p>\n<p>&nbsp;<\/p>\n<p><strong>Meilleure disponibilit\u00e9 des parcs \u00e9oliens<\/strong><\/p>\n<p>Jusqu\u2019\u00e0 pr\u00e9sent, chaque parc \u00e9olien en mer du Nord \u00e9tait raccord\u00e9 au r\u00e9seau terrestre par un c\u00e2ble unique. Une panne peut donc entra\u00eener l\u2019arr\u00eat et la perte totale de la production \u00e9olienne, tant que le raccordement est d\u00e9fectueux.<\/p>\n<p>Par contre, les 4 parcs \u00e9oliens en mer raccord\u00e9s via le MOG offriront une disponibilit\u00e9 totale sup\u00e9rieure car la plateforme sera reli\u00e9e au r\u00e9seau terrestre par 3 c\u00e2bles. En cas de panne de l\u2019un des c\u00e2bles, la production \u00e9olienne continuera \u00e0 \u00eatre livr\u00e9e par les 2 autres c\u00e2bles. Les pertes possibles de production seront limit\u00e9es aux seuls moments o\u00f9 les 4 parcs tourneraient \u00e0 plein r\u00e9gime en m\u00eame temps, ce qui n\u2019arrive qu\u2019un tiers du temps.<\/p>\n<p>En outre, ce projet permet d&rsquo;\u00e9conomiser 40 km de c\u00e2bles et de r\u00e9duire les co\u00fbts de raccordement.<\/p>\n<p>Le MOG sera op\u00e9rationnel d\u00e8s septembre 2019 et jouera un r\u00f4le essentiel pour int\u00e9grer une plus grande part d\u2019\u00e9lectricit\u00e9 \u00e9olienne offshore dans le r\u00e9seau belge.<\/p>\n<p><img decoding=\"async\" alt=\"\" src=\"\/wp-content\/uploads\/2021\/02\/post\/mog4_0.jpg\" style=\"width: 580px; height: 871px;\"><\/p>\n<p>Elia pr\u00e9voie en effet d\u2019ores et d\u00e9j\u00e0 la construction d\u2019autres MOG en mer du Nord pour int\u00e9grer la future production \u00e9lectrique de la 2\u00e8me zone \u00e9olienne offshore (lire notre article <a href=\"https:\/\/www.renouvelle.be\/fr\/actualite-belgique\/la-belgique-doublera-sa-puissance-eolienne-en-mer-du-nord\" target=\"_blank\" rel=\"noopener\">La Belgique doublera sa puissance \u00e9olienne en mer du Nord<\/a>).<\/p>\n<p>Un autre chantier spectaculaire s\u2019est r\u00e9cemment achev\u00e9 en mer du Nord avec le projet Nemo Link qui relie la Belgique au Royaume Uni (lire notre article <a href=\"https:\/\/www.renouvelle.be\/fr\/actualite-internationale\/la-belgique-et-le-royaume-uni-sont-desormais-interconnectes\" target=\"_blank\" rel=\"noopener\">La Belgique et le Royaume Uni sont d\u00e9sormais interconnect\u00e9s<\/a>).<\/p>\n<p>Notons que ces chantiers \u00e9oliens ont peu d\u2019impact sur les plantes et animaux marins (lire notre article <a href=\"https:\/\/www.renouvelle.be\/fr\/actualite-belgique\/les-parcs-eoliens-en-mer-du-nord-perturbent-peu-lecosysteme\" target=\"_blank\" rel=\"noopener\">Les parcs \u00e9oliens en mer du Nord perturbent peu l\u2019\u00e9cosyst\u00e8me<\/a>).<\/p>\n<p>Les entreprises belges sont particuli\u00e8rement \u00e0 la pointe du d\u00e9veloppement \u00e9olien en mer. La Belgique se classe m\u00eame dans le top 5 mondial de l\u2019\u00e9olien offshore.<\/p>\n","protected":false},"excerpt":{"rendered":"<p>Un chantier spectaculaire s\u2019ach\u00e8ve en mer du Nord avec l\u2019installation, en avril dernier, d\u2019une prise \u00e9lectrique g\u00e9ante au large de Zeebruges (photos ci-dessus et ci-dessous). Transport de la prise \u00e9lectrique vers le grand large. Photos&nbsp;: Elia. Situ\u00e9e \u00e0 40 km des c\u00f4tes belges, cette prise fait partie d\u2019un important r\u00e9seau modulaire offshore (Modular Offshore Grid &#8211; MOG) qui permettra de regrouper l&rsquo;\u00e9lectricit\u00e9 produite par 4 parcs \u00e9oliens (Rentel, Seastar, Mermaid et Northwester 2) et de l&rsquo;acheminer jusqu\u2019\u00e0 la terre ferme par 3 c\u00e2bles sous-marins conjoints jusqu&rsquo;au poste \u00e0 haute tension de Stevin \u00e0 Zeebruges. Un v\u00e9ritable tour de force technique (voir sch\u00e9ma et photo ci-dessous). Voici le premier des 3 c\u00e2bles sous-marins qui relieront le MOG au r\u00e9seau \u00e9lectrique terrestre. &nbsp; Meilleure disponibilit\u00e9 des parcs \u00e9oliens Jusqu\u2019\u00e0 pr\u00e9sent, chaque parc \u00e9olien en mer du Nord \u00e9tait raccord\u00e9 au r\u00e9seau terrestre par un c\u00e2ble unique. Une panne peut donc entra\u00eener l\u2019arr\u00eat et la perte totale de la production \u00e9olienne, tant que le raccordement est d\u00e9fectueux. Par contre, les 4 parcs \u00e9oliens en mer raccord\u00e9s via le MOG offriront une disponibilit\u00e9 totale sup\u00e9rieure car la plateforme sera reli\u00e9e au r\u00e9seau terrestre par 3 c\u00e2bles. En cas de panne de l\u2019un des c\u00e2bles, la production \u00e9olienne continuera \u00e0 \u00eatre livr\u00e9e par les 2 autres c\u00e2bles. Les pertes possibles de production seront limit\u00e9es aux seuls moments o\u00f9 les 4 parcs tourneraient \u00e0 plein r\u00e9gime en m\u00eame temps, ce qui n\u2019arrive qu\u2019un tiers du temps. En outre, ce projet permet d&rsquo;\u00e9conomiser 40 km de c\u00e2bles et de r\u00e9duire les co\u00fbts de raccordement. Le MOG sera op\u00e9rationnel d\u00e8s septembre 2019 et jouera un r\u00f4le essentiel pour int\u00e9grer une plus grande part d\u2019\u00e9lectricit\u00e9 \u00e9olienne offshore dans le r\u00e9seau belge. Elia pr\u00e9voie en effet d\u2019ores et d\u00e9j\u00e0 la &hellip; <a href=\"https:\/\/www.renouvelle.be\/fr\/une-prise-electrique-geante-en-mer-du-nord\/\" class=\"more-link\">Continue reading<span class=\"screen-reader-text\"> \u00ab\u00a0Une prise \u00e9lectrique g\u00e9ante en mer du Nord\u00a0\u00bb<\/span><\/a><\/p>\n","protected":false},"author":3,"featured_media":4656,"comment_status":"open","ping_status":"open","sticky":false,"template":"","format":"standard","meta":{"_acf_changed":false,"footnotes":""},"categories":[17],"tags":[],"section":[6],"class_list":["post-3717","post","type-post","status-publish","format-standard","has-post-thumbnail","hentry","category-actualite-en-belgique","section-eolien"],"acf":[],"yoast_head":"<!-- This site is optimized with the Yoast SEO plugin v27.5 - https:\/\/yoast.com\/product\/yoast-seo-wordpress\/ -->\n<title>Une prise \u00e9lectrique g\u00e9ante en mer du Nord - Renouvelle<\/title>\n<meta name=\"robots\" content=\"index, follow, max-snippet:-1, max-image-preview:large, max-video-preview:-1\" \/>\n<link rel=\"canonical\" href=\"https:\/\/www.renouvelle.be\/fr\/une-prise-electrique-geante-en-mer-du-nord\/\" \/>\n<meta property=\"og:locale\" content=\"fr_FR\" \/>\n<meta property=\"og:type\" content=\"article\" \/>\n<meta property=\"og:title\" content=\"Une prise \u00e9lectrique g\u00e9ante en mer du Nord - Renouvelle\" \/>\n<meta property=\"og:description\" content=\"Un chantier spectaculaire s\u2019ach\u00e8ve en mer du Nord avec l\u2019installation, en avril dernier, d\u2019une prise \u00e9lectrique g\u00e9ante au large de Zeebruges (photos ci-dessus et ci-dessous). Transport de la prise \u00e9lectrique vers le grand large. Photos&nbsp;: Elia. Situ\u00e9e \u00e0 40 km des c\u00f4tes belges, cette prise fait partie d\u2019un important r\u00e9seau modulaire offshore (Modular Offshore Grid &#8211; MOG) qui permettra de regrouper l&rsquo;\u00e9lectricit\u00e9 produite par 4 parcs \u00e9oliens (Rentel, Seastar, Mermaid et Northwester 2) et de l&rsquo;acheminer jusqu\u2019\u00e0 la terre ferme par 3 c\u00e2bles sous-marins conjoints jusqu&rsquo;au poste \u00e0 haute tension de Stevin \u00e0 Zeebruges. Un v\u00e9ritable tour de force technique (voir sch\u00e9ma et photo ci-dessous). Voici le premier des 3 c\u00e2bles sous-marins qui relieront le MOG au r\u00e9seau \u00e9lectrique terrestre. &nbsp; Meilleure disponibilit\u00e9 des parcs \u00e9oliens Jusqu\u2019\u00e0 pr\u00e9sent, chaque parc \u00e9olien en mer du Nord \u00e9tait raccord\u00e9 au r\u00e9seau terrestre par un c\u00e2ble unique. Une panne peut donc entra\u00eener l\u2019arr\u00eat et la perte totale de la production \u00e9olienne, tant que le raccordement est d\u00e9fectueux. Par contre, les 4 parcs \u00e9oliens en mer raccord\u00e9s via le MOG offriront une disponibilit\u00e9 totale sup\u00e9rieure car la plateforme sera reli\u00e9e au r\u00e9seau terrestre par 3 c\u00e2bles. En cas de panne de l\u2019un des c\u00e2bles, la production \u00e9olienne continuera \u00e0 \u00eatre livr\u00e9e par les 2 autres c\u00e2bles. Les pertes possibles de production seront limit\u00e9es aux seuls moments o\u00f9 les 4 parcs tourneraient \u00e0 plein r\u00e9gime en m\u00eame temps, ce qui n\u2019arrive qu\u2019un tiers du temps. En outre, ce projet permet d&rsquo;\u00e9conomiser 40 km de c\u00e2bles et de r\u00e9duire les co\u00fbts de raccordement. Le MOG sera op\u00e9rationnel d\u00e8s septembre 2019 et jouera un r\u00f4le essentiel pour int\u00e9grer une plus grande part d\u2019\u00e9lectricit\u00e9 \u00e9olienne offshore dans le r\u00e9seau belge. Elia pr\u00e9voie en effet d\u2019ores et d\u00e9j\u00e0 la &hellip; Continue reading &quot;Une prise \u00e9lectrique g\u00e9ante en mer du Nord&quot;\" \/>\n<meta property=\"og:url\" content=\"https:\/\/www.renouvelle.be\/fr\/une-prise-electrique-geante-en-mer-du-nord\/\" \/>\n<meta property=\"og:site_name\" content=\"Renouvelle\" \/>\n<meta property=\"article:published_time\" content=\"2019-06-07T14:23:31+00:00\" \/>\n<meta property=\"article:modified_time\" content=\"2023-07-10T21:09:12+00:00\" \/>\n<meta property=\"og:image\" content=\"https:\/\/www.renouvelle.be\/wp-content\/uploads\/2021\/02\/mog1.jpg\" \/>\n\t<meta property=\"og:image:width\" content=\"580\" \/>\n\t<meta property=\"og:image:height\" content=\"392\" \/>\n\t<meta property=\"og:image:type\" content=\"image\/jpeg\" \/>\n<meta name=\"author\" content=\"Energie Commune\" \/>\n<meta name=\"twitter:card\" content=\"summary_large_image\" \/>\n<script type=\"application\/ld+json\" class=\"yoast-schema-graph\">{\"@context\":\"https:\\\/\\\/schema.org\",\"@graph\":[{\"@type\":\"Article\",\"@id\":\"https:\\\/\\\/www.renouvelle.be\\\/fr\\\/une-prise-electrique-geante-en-mer-du-nord\\\/#article\",\"isPartOf\":{\"@id\":\"https:\\\/\\\/www.renouvelle.be\\\/fr\\\/une-prise-electrique-geante-en-mer-du-nord\\\/\"},\"author\":{\"name\":\"Energie Commune\",\"@id\":\"https:\\\/\\\/www.renouvelle.be\\\/fr\\\/#\\\/schema\\\/person\\\/01fbe8226a07f8f3d4a1cd059b31f17a\"},\"headline\":\"Une prise \u00e9lectrique g\u00e9ante en mer du Nord\",\"datePublished\":\"2019-06-07T14:23:31+00:00\",\"dateModified\":\"2023-07-10T21:09:12+00:00\",\"mainEntityOfPage\":{\"@id\":\"https:\\\/\\\/www.renouvelle.be\\\/fr\\\/une-prise-electrique-geante-en-mer-du-nord\\\/\"},\"wordCount\":466,\"commentCount\":0,\"image\":{\"@id\":\"https:\\\/\\\/www.renouvelle.be\\\/fr\\\/une-prise-electrique-geante-en-mer-du-nord\\\/#primaryimage\"},\"thumbnailUrl\":\"https:\\\/\\\/www.renouvelle.be\\\/wp-content\\\/uploads\\\/2021\\\/02\\\/mog1.jpg\",\"articleSection\":[\"Actualit\u00e9 en Belgique\"],\"inLanguage\":\"fr-FR\",\"potentialAction\":[{\"@type\":\"CommentAction\",\"name\":\"Comment\",\"target\":[\"https:\\\/\\\/www.renouvelle.be\\\/fr\\\/une-prise-electrique-geante-en-mer-du-nord\\\/#respond\"]}]},{\"@type\":\"WebPage\",\"@id\":\"https:\\\/\\\/www.renouvelle.be\\\/fr\\\/une-prise-electrique-geante-en-mer-du-nord\\\/\",\"url\":\"https:\\\/\\\/www.renouvelle.be\\\/fr\\\/une-prise-electrique-geante-en-mer-du-nord\\\/\",\"name\":\"Une prise \u00e9lectrique g\u00e9ante en mer du Nord - Renouvelle\",\"isPartOf\":{\"@id\":\"https:\\\/\\\/www.renouvelle.be\\\/fr\\\/#website\"},\"primaryImageOfPage\":{\"@id\":\"https:\\\/\\\/www.renouvelle.be\\\/fr\\\/une-prise-electrique-geante-en-mer-du-nord\\\/#primaryimage\"},\"image\":{\"@id\":\"https:\\\/\\\/www.renouvelle.be\\\/fr\\\/une-prise-electrique-geante-en-mer-du-nord\\\/#primaryimage\"},\"thumbnailUrl\":\"https:\\\/\\\/www.renouvelle.be\\\/wp-content\\\/uploads\\\/2021\\\/02\\\/mog1.jpg\",\"datePublished\":\"2019-06-07T14:23:31+00:00\",\"dateModified\":\"2023-07-10T21:09:12+00:00\",\"author\":{\"@id\":\"https:\\\/\\\/www.renouvelle.be\\\/fr\\\/#\\\/schema\\\/person\\\/01fbe8226a07f8f3d4a1cd059b31f17a\"},\"breadcrumb\":{\"@id\":\"https:\\\/\\\/www.renouvelle.be\\\/fr\\\/une-prise-electrique-geante-en-mer-du-nord\\\/#breadcrumb\"},\"inLanguage\":\"fr-FR\",\"potentialAction\":[{\"@type\":\"ReadAction\",\"target\":[\"https:\\\/\\\/www.renouvelle.be\\\/fr\\\/une-prise-electrique-geante-en-mer-du-nord\\\/\"]}]},{\"@type\":\"ImageObject\",\"inLanguage\":\"fr-FR\",\"@id\":\"https:\\\/\\\/www.renouvelle.be\\\/fr\\\/une-prise-electrique-geante-en-mer-du-nord\\\/#primaryimage\",\"url\":\"https:\\\/\\\/www.renouvelle.be\\\/wp-content\\\/uploads\\\/2021\\\/02\\\/mog1.jpg\",\"contentUrl\":\"https:\\\/\\\/www.renouvelle.be\\\/wp-content\\\/uploads\\\/2021\\\/02\\\/mog1.jpg\",\"width\":580,\"height\":392},{\"@type\":\"BreadcrumbList\",\"@id\":\"https:\\\/\\\/www.renouvelle.be\\\/fr\\\/une-prise-electrique-geante-en-mer-du-nord\\\/#breadcrumb\",\"itemListElement\":[{\"@type\":\"ListItem\",\"position\":1,\"name\":\"Accueil\",\"item\":\"https:\\\/\\\/www.renouvelle.be\\\/fr\\\/\"},{\"@type\":\"ListItem\",\"position\":2,\"name\":\"Une prise \u00e9lectrique g\u00e9ante en mer du Nord\"}]},{\"@type\":\"WebSite\",\"@id\":\"https:\\\/\\\/www.renouvelle.be\\\/fr\\\/#website\",\"url\":\"https:\\\/\\\/www.renouvelle.be\\\/fr\\\/\",\"name\":\"Renouvelle\",\"description\":\"L&#039;actualit\u00e9 de l&#039;\u00e9nergie durable\",\"potentialAction\":[{\"@type\":\"SearchAction\",\"target\":{\"@type\":\"EntryPoint\",\"urlTemplate\":\"https:\\\/\\\/www.renouvelle.be\\\/fr\\\/?s={search_term_string}\"},\"query-input\":{\"@type\":\"PropertyValueSpecification\",\"valueRequired\":true,\"valueName\":\"search_term_string\"}}],\"inLanguage\":\"fr-FR\"},{\"@type\":\"Person\",\"@id\":\"https:\\\/\\\/www.renouvelle.be\\\/fr\\\/#\\\/schema\\\/person\\\/01fbe8226a07f8f3d4a1cd059b31f17a\",\"name\":\"Energie Commune\",\"url\":\"https:\\\/\\\/www.renouvelle.be\\\/fr\\\/author\\\/apere\\\/\"}]}<\/script>\n<!-- \/ Yoast SEO plugin. -->","yoast_head_json":{"title":"Une prise \u00e9lectrique g\u00e9ante en mer du Nord - Renouvelle","robots":{"index":"index","follow":"follow","max-snippet":"max-snippet:-1","max-image-preview":"max-image-preview:large","max-video-preview":"max-video-preview:-1"},"canonical":"https:\/\/www.renouvelle.be\/fr\/une-prise-electrique-geante-en-mer-du-nord\/","og_locale":"fr_FR","og_type":"article","og_title":"Une prise \u00e9lectrique g\u00e9ante en mer du Nord - Renouvelle","og_description":"Un chantier spectaculaire s\u2019ach\u00e8ve en mer du Nord avec l\u2019installation, en avril dernier, d\u2019une prise \u00e9lectrique g\u00e9ante au large de Zeebruges (photos ci-dessus et ci-dessous). Transport de la prise \u00e9lectrique vers le grand large. Photos&nbsp;: Elia. Situ\u00e9e \u00e0 40 km des c\u00f4tes belges, cette prise fait partie d\u2019un important r\u00e9seau modulaire offshore (Modular Offshore Grid &#8211; MOG) qui permettra de regrouper l&rsquo;\u00e9lectricit\u00e9 produite par 4 parcs \u00e9oliens (Rentel, Seastar, Mermaid et Northwester 2) et de l&rsquo;acheminer jusqu\u2019\u00e0 la terre ferme par 3 c\u00e2bles sous-marins conjoints jusqu&rsquo;au poste \u00e0 haute tension de Stevin \u00e0 Zeebruges. Un v\u00e9ritable tour de force technique (voir sch\u00e9ma et photo ci-dessous). Voici le premier des 3 c\u00e2bles sous-marins qui relieront le MOG au r\u00e9seau \u00e9lectrique terrestre. &nbsp; Meilleure disponibilit\u00e9 des parcs \u00e9oliens Jusqu\u2019\u00e0 pr\u00e9sent, chaque parc \u00e9olien en mer du Nord \u00e9tait raccord\u00e9 au r\u00e9seau terrestre par un c\u00e2ble unique. Une panne peut donc entra\u00eener l\u2019arr\u00eat et la perte totale de la production \u00e9olienne, tant que le raccordement est d\u00e9fectueux. Par contre, les 4 parcs \u00e9oliens en mer raccord\u00e9s via le MOG offriront une disponibilit\u00e9 totale sup\u00e9rieure car la plateforme sera reli\u00e9e au r\u00e9seau terrestre par 3 c\u00e2bles. En cas de panne de l\u2019un des c\u00e2bles, la production \u00e9olienne continuera \u00e0 \u00eatre livr\u00e9e par les 2 autres c\u00e2bles. Les pertes possibles de production seront limit\u00e9es aux seuls moments o\u00f9 les 4 parcs tourneraient \u00e0 plein r\u00e9gime en m\u00eame temps, ce qui n\u2019arrive qu\u2019un tiers du temps. En outre, ce projet permet d&rsquo;\u00e9conomiser 40 km de c\u00e2bles et de r\u00e9duire les co\u00fbts de raccordement. Le MOG sera op\u00e9rationnel d\u00e8s septembre 2019 et jouera un r\u00f4le essentiel pour int\u00e9grer une plus grande part d\u2019\u00e9lectricit\u00e9 \u00e9olienne offshore dans le r\u00e9seau belge. Elia pr\u00e9voie en effet d\u2019ores et d\u00e9j\u00e0 la &hellip; Continue reading \"Une prise \u00e9lectrique g\u00e9ante en mer du Nord\"","og_url":"https:\/\/www.renouvelle.be\/fr\/une-prise-electrique-geante-en-mer-du-nord\/","og_site_name":"Renouvelle","article_published_time":"2019-06-07T14:23:31+00:00","article_modified_time":"2023-07-10T21:09:12+00:00","og_image":[{"width":580,"height":392,"url":"https:\/\/www.renouvelle.be\/wp-content\/uploads\/2021\/02\/mog1.jpg","type":"image\/jpeg"}],"author":"Energie Commune","twitter_card":"summary_large_image","schema":{"@context":"https:\/\/schema.org","@graph":[{"@type":"Article","@id":"https:\/\/www.renouvelle.be\/fr\/une-prise-electrique-geante-en-mer-du-nord\/#article","isPartOf":{"@id":"https:\/\/www.renouvelle.be\/fr\/une-prise-electrique-geante-en-mer-du-nord\/"},"author":{"name":"Energie Commune","@id":"https:\/\/www.renouvelle.be\/fr\/#\/schema\/person\/01fbe8226a07f8f3d4a1cd059b31f17a"},"headline":"Une prise \u00e9lectrique g\u00e9ante en mer du Nord","datePublished":"2019-06-07T14:23:31+00:00","dateModified":"2023-07-10T21:09:12+00:00","mainEntityOfPage":{"@id":"https:\/\/www.renouvelle.be\/fr\/une-prise-electrique-geante-en-mer-du-nord\/"},"wordCount":466,"commentCount":0,"image":{"@id":"https:\/\/www.renouvelle.be\/fr\/une-prise-electrique-geante-en-mer-du-nord\/#primaryimage"},"thumbnailUrl":"https:\/\/www.renouvelle.be\/wp-content\/uploads\/2021\/02\/mog1.jpg","articleSection":["Actualit\u00e9 en Belgique"],"inLanguage":"fr-FR","potentialAction":[{"@type":"CommentAction","name":"Comment","target":["https:\/\/www.renouvelle.be\/fr\/une-prise-electrique-geante-en-mer-du-nord\/#respond"]}]},{"@type":"WebPage","@id":"https:\/\/www.renouvelle.be\/fr\/une-prise-electrique-geante-en-mer-du-nord\/","url":"https:\/\/www.renouvelle.be\/fr\/une-prise-electrique-geante-en-mer-du-nord\/","name":"Une prise \u00e9lectrique g\u00e9ante en mer du Nord - Renouvelle","isPartOf":{"@id":"https:\/\/www.renouvelle.be\/fr\/#website"},"primaryImageOfPage":{"@id":"https:\/\/www.renouvelle.be\/fr\/une-prise-electrique-geante-en-mer-du-nord\/#primaryimage"},"image":{"@id":"https:\/\/www.renouvelle.be\/fr\/une-prise-electrique-geante-en-mer-du-nord\/#primaryimage"},"thumbnailUrl":"https:\/\/www.renouvelle.be\/wp-content\/uploads\/2021\/02\/mog1.jpg","datePublished":"2019-06-07T14:23:31+00:00","dateModified":"2023-07-10T21:09:12+00:00","author":{"@id":"https:\/\/www.renouvelle.be\/fr\/#\/schema\/person\/01fbe8226a07f8f3d4a1cd059b31f17a"},"breadcrumb":{"@id":"https:\/\/www.renouvelle.be\/fr\/une-prise-electrique-geante-en-mer-du-nord\/#breadcrumb"},"inLanguage":"fr-FR","potentialAction":[{"@type":"ReadAction","target":["https:\/\/www.renouvelle.be\/fr\/une-prise-electrique-geante-en-mer-du-nord\/"]}]},{"@type":"ImageObject","inLanguage":"fr-FR","@id":"https:\/\/www.renouvelle.be\/fr\/une-prise-electrique-geante-en-mer-du-nord\/#primaryimage","url":"https:\/\/www.renouvelle.be\/wp-content\/uploads\/2021\/02\/mog1.jpg","contentUrl":"https:\/\/www.renouvelle.be\/wp-content\/uploads\/2021\/02\/mog1.jpg","width":580,"height":392},{"@type":"BreadcrumbList","@id":"https:\/\/www.renouvelle.be\/fr\/une-prise-electrique-geante-en-mer-du-nord\/#breadcrumb","itemListElement":[{"@type":"ListItem","position":1,"name":"Accueil","item":"https:\/\/www.renouvelle.be\/fr\/"},{"@type":"ListItem","position":2,"name":"Une prise \u00e9lectrique g\u00e9ante en mer du Nord"}]},{"@type":"WebSite","@id":"https:\/\/www.renouvelle.be\/fr\/#website","url":"https:\/\/www.renouvelle.be\/fr\/","name":"Renouvelle","description":"L&#039;actualit\u00e9 de l&#039;\u00e9nergie durable","potentialAction":[{"@type":"SearchAction","target":{"@type":"EntryPoint","urlTemplate":"https:\/\/www.renouvelle.be\/fr\/?s={search_term_string}"},"query-input":{"@type":"PropertyValueSpecification","valueRequired":true,"valueName":"search_term_string"}}],"inLanguage":"fr-FR"},{"@type":"Person","@id":"https:\/\/www.renouvelle.be\/fr\/#\/schema\/person\/01fbe8226a07f8f3d4a1cd059b31f17a","name":"Energie Commune","url":"https:\/\/www.renouvelle.be\/fr\/author\/apere\/"}]}},"_links":{"self":[{"href":"https:\/\/www.renouvelle.be\/fr\/wp-json\/wp\/v2\/posts\/3717","targetHints":{"allow":["GET"]}}],"collection":[{"href":"https:\/\/www.renouvelle.be\/fr\/wp-json\/wp\/v2\/posts"}],"about":[{"href":"https:\/\/www.renouvelle.be\/fr\/wp-json\/wp\/v2\/types\/post"}],"author":[{"embeddable":true,"href":"https:\/\/www.renouvelle.be\/fr\/wp-json\/wp\/v2\/users\/3"}],"replies":[{"embeddable":true,"href":"https:\/\/www.renouvelle.be\/fr\/wp-json\/wp\/v2\/comments?post=3717"}],"version-history":[{"count":2,"href":"https:\/\/www.renouvelle.be\/fr\/wp-json\/wp\/v2\/posts\/3717\/revisions"}],"predecessor-version":[{"id":10156,"href":"https:\/\/www.renouvelle.be\/fr\/wp-json\/wp\/v2\/posts\/3717\/revisions\/10156"}],"wp:featuredmedia":[{"embeddable":true,"href":"https:\/\/www.renouvelle.be\/fr\/wp-json\/wp\/v2\/media\/4656"}],"wp:attachment":[{"href":"https:\/\/www.renouvelle.be\/fr\/wp-json\/wp\/v2\/media?parent=3717"}],"wp:term":[{"taxonomy":"category","embeddable":true,"href":"https:\/\/www.renouvelle.be\/fr\/wp-json\/wp\/v2\/categories?post=3717"},{"taxonomy":"post_tag","embeddable":true,"href":"https:\/\/www.renouvelle.be\/fr\/wp-json\/wp\/v2\/tags?post=3717"},{"taxonomy":"section","embeddable":true,"href":"https:\/\/www.renouvelle.be\/fr\/wp-json\/wp\/v2\/section?post=3717"}],"curies":[{"name":"wp","href":"https:\/\/api.w.org\/{rel}","templated":true}]}}