{"id":3713,"date":"2019-05-23T12:15:54","date_gmt":"2019-05-23T12:15:54","guid":{"rendered":""},"modified":"2019-05-23T12:15:54","modified_gmt":"2019-05-23T12:15:54","slug":"un-guide-pratique-pour-la-transition-energetique-locale","status":"publish","type":"post","link":"https:\/\/www.renouvelle.be\/fr\/un-guide-pratique-pour-la-transition-energetique-locale\/","title":{"rendered":"Un guide pratique pour la transition \u00e9nerg\u00e9tique locale"},"content":{"rendered":"<p>Une commune d\u00e9sirant s\u2019engager dans la transition \u00e9nerg\u00e9tique peut b\u00e9n\u00e9ficier de nombreux guides, outils, fiches bonnes pratiques et autres mod\u00e8les publi\u00e9s par la&nbsp;<a href=\"https:\/\/www.conventiondesmaires.eu\/fr\/\" target=\"_blank\">Convention des Maires<\/a> et ses coordinateurs territoriaux (R\u00e9gion, provinces, intercommunales, etc.). Mais force est de constater qu\u2019il est difficile de s\u2019y retrouver dans cette multitude de ressources.<\/p>\n<p>De plus, le nombre de th\u00e9matiques \u00e0 prendre en compte dans ces plans climat ne cesse de croitre avec la prise de conscience progressive de l\u2019interconnexion des enjeux environnementaux, sociaux, \u00e9conomiques, d\u00e9mocratiques et culturels de cette transition.<\/p>\n<p>C\u2019est pourquoi la Wallonie a d\u00e9cid\u00e9 de publier un nouveau <a href=\"http:\/\/lampspw.wallonie.be\/dgo4\/conventiondesmaires\/guide-pratique\" target=\"_blank\">guide pratique<\/a> (mai 2019), r\u00e9alis\u00e9 par l\u2019<a href=\"http:\/\/apere.org\" target=\"_blank\">APERe<\/a>, l\u2019<a href=\"https:\/\/www.uvcw.be\/\" target=\"_blank\">UVCW<\/a> et l\u2019<a href=\"https:\/\/www.eco-conseil.be\/\" target=\"_blank\">Institut Eco-Conseil<\/a>.<\/p>\n<p>Ce guide a pour objectif de permettre aux d\u00e9cideurs et agents communaux de structurer leur approche autour de ces enjeux pour co-construire avec les acteurs locaux la strat\u00e9gie adapt\u00e9e \u00e0 leur territoire.<\/p>\n<p>Truff\u00e9 de liens vers les outils et bonnes pratiques disponibles, il est ax\u00e9 sur quatre questions de base entre lesquelles l\u2019utilisateur peut naviguer au gr\u00e9 de l\u2019avancement de son action.<\/p>\n<h2>Pourquoi un plan d\u2019action \u00e9nergie durable et climat communal (PAEDC)&nbsp;?<\/h2>\n<p>Les communes ont un r\u00f4le primordial \u00e0 jouer dans l\u2019<strong>att\u00e9nuation<\/strong> du changement climatique et l\u2019<strong>adaptation<\/strong> \u00e0 ses impacts. Le guide pratique montre en quoi un plan climat permet aux communes de r\u00e9duire leur impact environnemental et d\u2019am\u00e9liorer leur capacit\u00e9 \u00e0 absorber et d\u00e9passer les chocs \u00e0 venir (r\u00e9silience) dans une optique de d\u00e9veloppement d\u2019un cadre de vie de qualit\u00e9 pour leurs citoyens. De quoi aborder les enjeux sociaux, \u00e9conomiques, culturels et d\u00e9mocratiques des prochaines ann\u00e9es.<\/p>\n<p><img decoding=\"async\" alt=\"\" src=\"\/wp-content\/uploads\/2021\/02\/post\/graphe1_0.jpg\" style=\"width: 580px; height: 233px;\" \/><\/p>\n<h2>Qu\u2019est-ce que j\u2019y gagne&nbsp;?<\/h2>\n<p>Cette partie du guide identifie les b\u00e9n\u00e9fices directs g\u00e9n\u00e9r\u00e9s pour une commune qui mets en place un tel plan. Diminution de la pression de la facture \u00e9nerg\u00e9tique sur le budget communal, visibilit\u00e9 de l\u2019action communale par rapport \u00e0 des enjeux aujourd\u2019hui au centre de l\u2019attention, acc\u00e8s \u00e0 certains financements, r\u00e9seautage et soutiens divers\u2026 De quoi convaincre les gestionnaires les plus rigoureux.<\/p>\n<h2>C\u2019est quoi un PAEDC&nbsp;?<\/h2>\n<p>Cette partie du guide fait d\u2019abord le point sur ce qu\u2019on entend par \u00ab&nbsp;transition \u00e9nerg\u00e9tique&nbsp;\u00bb. On y d\u00e9passe l\u2019approche purement technique pour analyser les implications sociales, \u00e9conomiques, d\u00e9mocratiques et culturelles de la transition.<\/p>\n<p><img decoding=\"async\" alt=\"\" src=\"\/wp-content\/uploads\/2021\/02\/post\/graphe2_0.jpg\" style=\"width: 430px; height: 326px;\" \/><\/p>\n<p>On y liste alors les types d\u2019actions concr\u00e8tes que peut mener une commune ainsi que les \u00e9tapes pour les identifier et les planifier en les articulant avec les autres plans et programmes communaux.<\/p>\n<h2>Concr\u00e8tement, comment faire&nbsp;?<\/h2>\n<p>De l\u2019engagement politique \u00e0 la mise en \u0153uvre de la strat\u00e9gie, en passant par la co-construction et l\u2019am\u00e9lioration continue de celle-ci avec les acteurs locaux, la communication et le financement des actions, cette partie du guide fournit une multitude de conseils, astuces, bonnes pratiques et t\u00e9moignages pour obtenir pas \u00e0 pas une strat\u00e9gie impactant r\u00e9ellement le territoire communal.<\/p>\n","protected":false},"excerpt":{"rendered":"<p>Une commune d\u00e9sirant s\u2019engager dans la transition \u00e9nerg\u00e9tique peut b\u00e9n\u00e9ficier de nombreux guides, outils, fiches bonnes pratiques et autres mod\u00e8les publi\u00e9s par la&nbsp;Convention des Maires et ses coordinateurs territoriaux (R\u00e9gion, provinces, intercommunales, etc.). Mais force est de constater qu\u2019il est difficile de s\u2019y retrouver dans cette multitude de ressources. De plus, le nombre de th\u00e9matiques \u00e0 prendre en compte dans ces plans climat ne cesse de croitre avec la prise de conscience progressive de l\u2019interconnexion des enjeux environnementaux, sociaux, \u00e9conomiques, d\u00e9mocratiques et culturels de cette transition. C\u2019est pourquoi la Wallonie a d\u00e9cid\u00e9 de publier un nouveau guide pratique (mai 2019), r\u00e9alis\u00e9 par l\u2019APERe, l\u2019UVCW et l\u2019Institut Eco-Conseil. Ce guide a pour objectif de permettre aux d\u00e9cideurs et agents communaux de structurer leur approche autour de ces enjeux pour co-construire avec les acteurs locaux la strat\u00e9gie adapt\u00e9e \u00e0 leur territoire. Truff\u00e9 de liens vers les outils et bonnes pratiques disponibles, il est ax\u00e9 sur quatre questions de base entre lesquelles l\u2019utilisateur peut naviguer au gr\u00e9 de l\u2019avancement de son action. Pourquoi un plan d\u2019action \u00e9nergie durable et climat communal (PAEDC)&nbsp;? Les communes ont un r\u00f4le primordial \u00e0 jouer dans l\u2019att\u00e9nuation du changement climatique et l\u2019adaptation \u00e0 ses impacts. Le guide pratique montre en quoi un plan climat permet aux communes de r\u00e9duire leur impact environnemental et d\u2019am\u00e9liorer leur capacit\u00e9 \u00e0 absorber et d\u00e9passer les chocs \u00e0 venir (r\u00e9silience) dans une optique de d\u00e9veloppement d\u2019un cadre de vie de qualit\u00e9 pour leurs citoyens. De quoi aborder les enjeux sociaux, \u00e9conomiques, culturels et d\u00e9mocratiques des prochaines ann\u00e9es. Qu\u2019est-ce que j\u2019y gagne&nbsp;? Cette partie du guide identifie les b\u00e9n\u00e9fices directs g\u00e9n\u00e9r\u00e9s pour une commune qui mets en place un tel plan. Diminution de la pression de la facture \u00e9nerg\u00e9tique sur le budget communal, visibilit\u00e9 &hellip; <a href=\"https:\/\/www.renouvelle.be\/fr\/un-guide-pratique-pour-la-transition-energetique-locale\/\" class=\"more-link\">Continue reading<span class=\"screen-reader-text\"> \u00ab\u00a0Un guide pratique pour la transition \u00e9nerg\u00e9tique locale\u00a0\u00bb<\/span><\/a><\/p>\n","protected":false},"author":21,"featured_media":4638,"comment_status":"open","ping_status":"open","sticky":false,"template":"","format":"standard","meta":{"_acf_changed":false,"footnotes":""},"categories":[19],"tags":[],"section":[8],"class_list":["post-3713","post","type-post","status-publish","format-standard","has-post-thumbnail","hentry","category-outils-categories","section-energie-renouvelables"],"acf":[],"yoast_head":"<!-- This site is optimized with the Yoast SEO plugin v27.4 - https:\/\/yoast.com\/product\/yoast-seo-wordpress\/ -->\n<title>Un guide pratique pour la transition \u00e9nerg\u00e9tique locale - Renouvelle<\/title>\n<meta name=\"robots\" content=\"index, follow, max-snippet:-1, max-image-preview:large, max-video-preview:-1\" \/>\n<link rel=\"canonical\" href=\"https:\/\/www.renouvelle.be\/fr\/un-guide-pratique-pour-la-transition-energetique-locale\/\" \/>\n<meta property=\"og:locale\" content=\"fr_FR\" \/>\n<meta property=\"og:type\" content=\"article\" \/>\n<meta property=\"og:title\" content=\"Un guide pratique pour la transition \u00e9nerg\u00e9tique locale - Renouvelle\" \/>\n<meta property=\"og:description\" content=\"Une commune d\u00e9sirant s\u2019engager dans la transition \u00e9nerg\u00e9tique peut b\u00e9n\u00e9ficier de nombreux guides, outils, fiches bonnes pratiques et autres mod\u00e8les publi\u00e9s par la&nbsp;Convention des Maires et ses coordinateurs territoriaux (R\u00e9gion, provinces, intercommunales, etc.). Mais force est de constater qu\u2019il est difficile de s\u2019y retrouver dans cette multitude de ressources. De plus, le nombre de th\u00e9matiques \u00e0 prendre en compte dans ces plans climat ne cesse de croitre avec la prise de conscience progressive de l\u2019interconnexion des enjeux environnementaux, sociaux, \u00e9conomiques, d\u00e9mocratiques et culturels de cette transition. C\u2019est pourquoi la Wallonie a d\u00e9cid\u00e9 de publier un nouveau guide pratique (mai 2019), r\u00e9alis\u00e9 par l\u2019APERe, l\u2019UVCW et l\u2019Institut Eco-Conseil. Ce guide a pour objectif de permettre aux d\u00e9cideurs et agents communaux de structurer leur approche autour de ces enjeux pour co-construire avec les acteurs locaux la strat\u00e9gie adapt\u00e9e \u00e0 leur territoire. Truff\u00e9 de liens vers les outils et bonnes pratiques disponibles, il est ax\u00e9 sur quatre questions de base entre lesquelles l\u2019utilisateur peut naviguer au gr\u00e9 de l\u2019avancement de son action. Pourquoi un plan d\u2019action \u00e9nergie durable et climat communal (PAEDC)&nbsp;? Les communes ont un r\u00f4le primordial \u00e0 jouer dans l\u2019att\u00e9nuation du changement climatique et l\u2019adaptation \u00e0 ses impacts. Le guide pratique montre en quoi un plan climat permet aux communes de r\u00e9duire leur impact environnemental et d\u2019am\u00e9liorer leur capacit\u00e9 \u00e0 absorber et d\u00e9passer les chocs \u00e0 venir (r\u00e9silience) dans une optique de d\u00e9veloppement d\u2019un cadre de vie de qualit\u00e9 pour leurs citoyens. De quoi aborder les enjeux sociaux, \u00e9conomiques, culturels et d\u00e9mocratiques des prochaines ann\u00e9es. Qu\u2019est-ce que j\u2019y gagne&nbsp;? Cette partie du guide identifie les b\u00e9n\u00e9fices directs g\u00e9n\u00e9r\u00e9s pour une commune qui mets en place un tel plan. Diminution de la pression de la facture \u00e9nerg\u00e9tique sur le budget communal, visibilit\u00e9 &hellip; Continue reading &quot;Un guide pratique pour la transition \u00e9nerg\u00e9tique locale&quot;\" \/>\n<meta property=\"og:url\" content=\"https:\/\/www.renouvelle.be\/fr\/un-guide-pratique-pour-la-transition-energetique-locale\/\" \/>\n<meta property=\"og:site_name\" content=\"Renouvelle\" \/>\n<meta property=\"article:published_time\" content=\"2019-05-23T12:15:54+00:00\" \/>\n<meta property=\"og:image\" content=\"https:\/\/www.renouvelle.be\/wp-content\/uploads\/2021\/02\/kit-pedagogique2.jpg\" \/>\n\t<meta property=\"og:image:width\" content=\"571\" \/>\n\t<meta property=\"og:image:height\" content=\"192\" \/>\n\t<meta property=\"og:image:type\" content=\"image\/jpeg\" \/>\n<meta name=\"author\" content=\"Fr\u00e9d\u00e9ric PRAILLET\" \/>\n<meta name=\"twitter:card\" content=\"summary_large_image\" \/>\n<script type=\"application\/ld+json\" class=\"yoast-schema-graph\">{\"@context\":\"https:\\\/\\\/schema.org\",\"@graph\":[{\"@type\":\"Article\",\"@id\":\"https:\\\/\\\/www.renouvelle.be\\\/fr\\\/un-guide-pratique-pour-la-transition-energetique-locale\\\/#article\",\"isPartOf\":{\"@id\":\"https:\\\/\\\/www.renouvelle.be\\\/fr\\\/un-guide-pratique-pour-la-transition-energetique-locale\\\/\"},\"author\":{\"name\":\"Fr\u00e9d\u00e9ric PRAILLET\",\"@id\":\"https:\\\/\\\/www.renouvelle.be\\\/fr\\\/#\\\/schema\\\/person\\\/9d3565ca9db7252f965f75c1f3561a53\"},\"headline\":\"Un guide pratique pour la transition \u00e9nerg\u00e9tique locale\",\"datePublished\":\"2019-05-23T12:15:54+00:00\",\"mainEntityOfPage\":{\"@id\":\"https:\\\/\\\/www.renouvelle.be\\\/fr\\\/un-guide-pratique-pour-la-transition-energetique-locale\\\/\"},\"wordCount\":524,\"commentCount\":0,\"image\":{\"@id\":\"https:\\\/\\\/www.renouvelle.be\\\/fr\\\/un-guide-pratique-pour-la-transition-energetique-locale\\\/#primaryimage\"},\"thumbnailUrl\":\"https:\\\/\\\/www.renouvelle.be\\\/wp-content\\\/uploads\\\/2021\\\/02\\\/kit-pedagogique2.jpg\",\"articleSection\":[\"Outils\"],\"inLanguage\":\"fr-FR\",\"potentialAction\":[{\"@type\":\"CommentAction\",\"name\":\"Comment\",\"target\":[\"https:\\\/\\\/www.renouvelle.be\\\/fr\\\/un-guide-pratique-pour-la-transition-energetique-locale\\\/#respond\"]}]},{\"@type\":\"WebPage\",\"@id\":\"https:\\\/\\\/www.renouvelle.be\\\/fr\\\/un-guide-pratique-pour-la-transition-energetique-locale\\\/\",\"url\":\"https:\\\/\\\/www.renouvelle.be\\\/fr\\\/un-guide-pratique-pour-la-transition-energetique-locale\\\/\",\"name\":\"Un guide pratique pour la transition \u00e9nerg\u00e9tique locale - Renouvelle\",\"isPartOf\":{\"@id\":\"https:\\\/\\\/www.renouvelle.be\\\/fr\\\/#website\"},\"primaryImageOfPage\":{\"@id\":\"https:\\\/\\\/www.renouvelle.be\\\/fr\\\/un-guide-pratique-pour-la-transition-energetique-locale\\\/#primaryimage\"},\"image\":{\"@id\":\"https:\\\/\\\/www.renouvelle.be\\\/fr\\\/un-guide-pratique-pour-la-transition-energetique-locale\\\/#primaryimage\"},\"thumbnailUrl\":\"https:\\\/\\\/www.renouvelle.be\\\/wp-content\\\/uploads\\\/2021\\\/02\\\/kit-pedagogique2.jpg\",\"datePublished\":\"2019-05-23T12:15:54+00:00\",\"author\":{\"@id\":\"https:\\\/\\\/www.renouvelle.be\\\/fr\\\/#\\\/schema\\\/person\\\/9d3565ca9db7252f965f75c1f3561a53\"},\"breadcrumb\":{\"@id\":\"https:\\\/\\\/www.renouvelle.be\\\/fr\\\/un-guide-pratique-pour-la-transition-energetique-locale\\\/#breadcrumb\"},\"inLanguage\":\"fr-FR\",\"potentialAction\":[{\"@type\":\"ReadAction\",\"target\":[\"https:\\\/\\\/www.renouvelle.be\\\/fr\\\/un-guide-pratique-pour-la-transition-energetique-locale\\\/\"]}]},{\"@type\":\"ImageObject\",\"inLanguage\":\"fr-FR\",\"@id\":\"https:\\\/\\\/www.renouvelle.be\\\/fr\\\/un-guide-pratique-pour-la-transition-energetique-locale\\\/#primaryimage\",\"url\":\"https:\\\/\\\/www.renouvelle.be\\\/wp-content\\\/uploads\\\/2021\\\/02\\\/kit-pedagogique2.jpg\",\"contentUrl\":\"https:\\\/\\\/www.renouvelle.be\\\/wp-content\\\/uploads\\\/2021\\\/02\\\/kit-pedagogique2.jpg\",\"width\":571,\"height\":192},{\"@type\":\"BreadcrumbList\",\"@id\":\"https:\\\/\\\/www.renouvelle.be\\\/fr\\\/un-guide-pratique-pour-la-transition-energetique-locale\\\/#breadcrumb\",\"itemListElement\":[{\"@type\":\"ListItem\",\"position\":1,\"name\":\"Accueil\",\"item\":\"https:\\\/\\\/www.renouvelle.be\\\/fr\\\/\"},{\"@type\":\"ListItem\",\"position\":2,\"name\":\"Un guide pratique pour la transition \u00e9nerg\u00e9tique locale\"}]},{\"@type\":\"WebSite\",\"@id\":\"https:\\\/\\\/www.renouvelle.be\\\/fr\\\/#website\",\"url\":\"https:\\\/\\\/www.renouvelle.be\\\/fr\\\/\",\"name\":\"Renouvelle\",\"description\":\"L&#039;actualit\u00e9 de l&#039;\u00e9nergie durable\",\"potentialAction\":[{\"@type\":\"SearchAction\",\"target\":{\"@type\":\"EntryPoint\",\"urlTemplate\":\"https:\\\/\\\/www.renouvelle.be\\\/fr\\\/?s={search_term_string}\"},\"query-input\":{\"@type\":\"PropertyValueSpecification\",\"valueRequired\":true,\"valueName\":\"search_term_string\"}}],\"inLanguage\":\"fr-FR\"},{\"@type\":\"Person\",\"@id\":\"https:\\\/\\\/www.renouvelle.be\\\/fr\\\/#\\\/schema\\\/person\\\/9d3565ca9db7252f965f75c1f3561a53\",\"name\":\"Fr\u00e9d\u00e9ric PRAILLET\",\"url\":\"https:\\\/\\\/www.renouvelle.be\\\/fr\\\/author\\\/fredericpraillet\\\/\"}]}<\/script>\n<!-- \/ Yoast SEO plugin. -->","yoast_head_json":{"title":"Un guide pratique pour la transition \u00e9nerg\u00e9tique locale - Renouvelle","robots":{"index":"index","follow":"follow","max-snippet":"max-snippet:-1","max-image-preview":"max-image-preview:large","max-video-preview":"max-video-preview:-1"},"canonical":"https:\/\/www.renouvelle.be\/fr\/un-guide-pratique-pour-la-transition-energetique-locale\/","og_locale":"fr_FR","og_type":"article","og_title":"Un guide pratique pour la transition \u00e9nerg\u00e9tique locale - Renouvelle","og_description":"Une commune d\u00e9sirant s\u2019engager dans la transition \u00e9nerg\u00e9tique peut b\u00e9n\u00e9ficier de nombreux guides, outils, fiches bonnes pratiques et autres mod\u00e8les publi\u00e9s par la&nbsp;Convention des Maires et ses coordinateurs territoriaux (R\u00e9gion, provinces, intercommunales, etc.). Mais force est de constater qu\u2019il est difficile de s\u2019y retrouver dans cette multitude de ressources. De plus, le nombre de th\u00e9matiques \u00e0 prendre en compte dans ces plans climat ne cesse de croitre avec la prise de conscience progressive de l\u2019interconnexion des enjeux environnementaux, sociaux, \u00e9conomiques, d\u00e9mocratiques et culturels de cette transition. C\u2019est pourquoi la Wallonie a d\u00e9cid\u00e9 de publier un nouveau guide pratique (mai 2019), r\u00e9alis\u00e9 par l\u2019APERe, l\u2019UVCW et l\u2019Institut Eco-Conseil. Ce guide a pour objectif de permettre aux d\u00e9cideurs et agents communaux de structurer leur approche autour de ces enjeux pour co-construire avec les acteurs locaux la strat\u00e9gie adapt\u00e9e \u00e0 leur territoire. Truff\u00e9 de liens vers les outils et bonnes pratiques disponibles, il est ax\u00e9 sur quatre questions de base entre lesquelles l\u2019utilisateur peut naviguer au gr\u00e9 de l\u2019avancement de son action. Pourquoi un plan d\u2019action \u00e9nergie durable et climat communal (PAEDC)&nbsp;? Les communes ont un r\u00f4le primordial \u00e0 jouer dans l\u2019att\u00e9nuation du changement climatique et l\u2019adaptation \u00e0 ses impacts. Le guide pratique montre en quoi un plan climat permet aux communes de r\u00e9duire leur impact environnemental et d\u2019am\u00e9liorer leur capacit\u00e9 \u00e0 absorber et d\u00e9passer les chocs \u00e0 venir (r\u00e9silience) dans une optique de d\u00e9veloppement d\u2019un cadre de vie de qualit\u00e9 pour leurs citoyens. De quoi aborder les enjeux sociaux, \u00e9conomiques, culturels et d\u00e9mocratiques des prochaines ann\u00e9es. Qu\u2019est-ce que j\u2019y gagne&nbsp;? Cette partie du guide identifie les b\u00e9n\u00e9fices directs g\u00e9n\u00e9r\u00e9s pour une commune qui mets en place un tel plan. Diminution de la pression de la facture \u00e9nerg\u00e9tique sur le budget communal, visibilit\u00e9 &hellip; Continue reading \"Un guide pratique pour la transition \u00e9nerg\u00e9tique locale\"","og_url":"https:\/\/www.renouvelle.be\/fr\/un-guide-pratique-pour-la-transition-energetique-locale\/","og_site_name":"Renouvelle","article_published_time":"2019-05-23T12:15:54+00:00","og_image":[{"width":571,"height":192,"url":"https:\/\/www.renouvelle.be\/wp-content\/uploads\/2021\/02\/kit-pedagogique2.jpg","type":"image\/jpeg"}],"author":"Fr\u00e9d\u00e9ric PRAILLET","twitter_card":"summary_large_image","schema":{"@context":"https:\/\/schema.org","@graph":[{"@type":"Article","@id":"https:\/\/www.renouvelle.be\/fr\/un-guide-pratique-pour-la-transition-energetique-locale\/#article","isPartOf":{"@id":"https:\/\/www.renouvelle.be\/fr\/un-guide-pratique-pour-la-transition-energetique-locale\/"},"author":{"name":"Fr\u00e9d\u00e9ric PRAILLET","@id":"https:\/\/www.renouvelle.be\/fr\/#\/schema\/person\/9d3565ca9db7252f965f75c1f3561a53"},"headline":"Un guide pratique pour la transition \u00e9nerg\u00e9tique locale","datePublished":"2019-05-23T12:15:54+00:00","mainEntityOfPage":{"@id":"https:\/\/www.renouvelle.be\/fr\/un-guide-pratique-pour-la-transition-energetique-locale\/"},"wordCount":524,"commentCount":0,"image":{"@id":"https:\/\/www.renouvelle.be\/fr\/un-guide-pratique-pour-la-transition-energetique-locale\/#primaryimage"},"thumbnailUrl":"https:\/\/www.renouvelle.be\/wp-content\/uploads\/2021\/02\/kit-pedagogique2.jpg","articleSection":["Outils"],"inLanguage":"fr-FR","potentialAction":[{"@type":"CommentAction","name":"Comment","target":["https:\/\/www.renouvelle.be\/fr\/un-guide-pratique-pour-la-transition-energetique-locale\/#respond"]}]},{"@type":"WebPage","@id":"https:\/\/www.renouvelle.be\/fr\/un-guide-pratique-pour-la-transition-energetique-locale\/","url":"https:\/\/www.renouvelle.be\/fr\/un-guide-pratique-pour-la-transition-energetique-locale\/","name":"Un guide pratique pour la transition \u00e9nerg\u00e9tique locale - Renouvelle","isPartOf":{"@id":"https:\/\/www.renouvelle.be\/fr\/#website"},"primaryImageOfPage":{"@id":"https:\/\/www.renouvelle.be\/fr\/un-guide-pratique-pour-la-transition-energetique-locale\/#primaryimage"},"image":{"@id":"https:\/\/www.renouvelle.be\/fr\/un-guide-pratique-pour-la-transition-energetique-locale\/#primaryimage"},"thumbnailUrl":"https:\/\/www.renouvelle.be\/wp-content\/uploads\/2021\/02\/kit-pedagogique2.jpg","datePublished":"2019-05-23T12:15:54+00:00","author":{"@id":"https:\/\/www.renouvelle.be\/fr\/#\/schema\/person\/9d3565ca9db7252f965f75c1f3561a53"},"breadcrumb":{"@id":"https:\/\/www.renouvelle.be\/fr\/un-guide-pratique-pour-la-transition-energetique-locale\/#breadcrumb"},"inLanguage":"fr-FR","potentialAction":[{"@type":"ReadAction","target":["https:\/\/www.renouvelle.be\/fr\/un-guide-pratique-pour-la-transition-energetique-locale\/"]}]},{"@type":"ImageObject","inLanguage":"fr-FR","@id":"https:\/\/www.renouvelle.be\/fr\/un-guide-pratique-pour-la-transition-energetique-locale\/#primaryimage","url":"https:\/\/www.renouvelle.be\/wp-content\/uploads\/2021\/02\/kit-pedagogique2.jpg","contentUrl":"https:\/\/www.renouvelle.be\/wp-content\/uploads\/2021\/02\/kit-pedagogique2.jpg","width":571,"height":192},{"@type":"BreadcrumbList","@id":"https:\/\/www.renouvelle.be\/fr\/un-guide-pratique-pour-la-transition-energetique-locale\/#breadcrumb","itemListElement":[{"@type":"ListItem","position":1,"name":"Accueil","item":"https:\/\/www.renouvelle.be\/fr\/"},{"@type":"ListItem","position":2,"name":"Un guide pratique pour la transition \u00e9nerg\u00e9tique locale"}]},{"@type":"WebSite","@id":"https:\/\/www.renouvelle.be\/fr\/#website","url":"https:\/\/www.renouvelle.be\/fr\/","name":"Renouvelle","description":"L&#039;actualit\u00e9 de l&#039;\u00e9nergie durable","potentialAction":[{"@type":"SearchAction","target":{"@type":"EntryPoint","urlTemplate":"https:\/\/www.renouvelle.be\/fr\/?s={search_term_string}"},"query-input":{"@type":"PropertyValueSpecification","valueRequired":true,"valueName":"search_term_string"}}],"inLanguage":"fr-FR"},{"@type":"Person","@id":"https:\/\/www.renouvelle.be\/fr\/#\/schema\/person\/9d3565ca9db7252f965f75c1f3561a53","name":"Fr\u00e9d\u00e9ric PRAILLET","url":"https:\/\/www.renouvelle.be\/fr\/author\/fredericpraillet\/"}]}},"_links":{"self":[{"href":"https:\/\/www.renouvelle.be\/fr\/wp-json\/wp\/v2\/posts\/3713","targetHints":{"allow":["GET"]}}],"collection":[{"href":"https:\/\/www.renouvelle.be\/fr\/wp-json\/wp\/v2\/posts"}],"about":[{"href":"https:\/\/www.renouvelle.be\/fr\/wp-json\/wp\/v2\/types\/post"}],"author":[{"embeddable":true,"href":"https:\/\/www.renouvelle.be\/fr\/wp-json\/wp\/v2\/users\/21"}],"replies":[{"embeddable":true,"href":"https:\/\/www.renouvelle.be\/fr\/wp-json\/wp\/v2\/comments?post=3713"}],"version-history":[{"count":0,"href":"https:\/\/www.renouvelle.be\/fr\/wp-json\/wp\/v2\/posts\/3713\/revisions"}],"wp:featuredmedia":[{"embeddable":true,"href":"https:\/\/www.renouvelle.be\/fr\/wp-json\/wp\/v2\/media\/4638"}],"wp:attachment":[{"href":"https:\/\/www.renouvelle.be\/fr\/wp-json\/wp\/v2\/media?parent=3713"}],"wp:term":[{"taxonomy":"category","embeddable":true,"href":"https:\/\/www.renouvelle.be\/fr\/wp-json\/wp\/v2\/categories?post=3713"},{"taxonomy":"post_tag","embeddable":true,"href":"https:\/\/www.renouvelle.be\/fr\/wp-json\/wp\/v2\/tags?post=3713"},{"taxonomy":"section","embeddable":true,"href":"https:\/\/www.renouvelle.be\/fr\/wp-json\/wp\/v2\/section?post=3713"}],"curies":[{"name":"wp","href":"https:\/\/api.w.org\/{rel}","templated":true}]}}