{"id":3703,"date":"2019-05-14T10:01:26","date_gmt":"2019-05-14T10:01:26","guid":{"rendered":""},"modified":"2023-07-10T23:08:05","modified_gmt":"2023-07-10T21:08:05","slug":"bruxelles-developpe-ses-infrastructures-pour-bus-electriques","status":"publish","type":"post","link":"https:\/\/www.renouvelle.be\/fr\/bruxelles-developpe-ses-infrastructures-pour-bus-electriques\/","title":{"rendered":"Bruxelles d\u00e9veloppe ses infrastructures pour bus \u00e9lectriques"},"content":{"rendered":"<p>La R\u00e9gion bruxelloise et sa soci\u00e9t\u00e9 de transports en communs (STIB) d\u00e9veloppent actuellement des infrastructures en vue d\u2019\u00e9lectrifier leur flotte de bus et op\u00e9rer ainsi une mutation vers une mobilit\u00e9 propre. Renouvelle vous propose un focus sur les avanc\u00e9es bruxelloises et reviendra prochainement sur le d\u00e9veloppement des bus \u00e9lectriques en Wallonie.<\/p>\n<h2>Un sc\u00e9nario 100% \u00e9lectrique<\/h2>\n<p>A Bruxelles, la strat\u00e9gie d&rsquo;\u00e9lectrification s\u2019appuie notamment sur le projet europ\u00e9en <a href=\"https:\/\/www.eliptic-project.eu\/\" target=\"_blank\" rel=\"noopener\">Eliptic<\/a>, qui vise \u00e0 utiliser les infrastructures \u00e9lectriques existantes des transports en communs (metros, trams, trolleybus, \u2026) pour y connecter et recharger des bus \u00e9lectriques. Gr\u00e2ce \u00e0 cette approche, il s\u2019av\u00e8re en effet possible d\u2019\u00e9lectrifier une flotte de bus \u00e0 moindres co\u00fbts.<\/p>\n<p>Or, dans le cas de la R\u00e9gion bruxelloise, une analyse &#8211; bas\u00e9e sur une mod\u00e9lisation de la VUB &#8211; montre que le r\u00e9seau \u00e9lectrique 11 kV propre \u00e0 la STIB est suffisamment puissant pour y recharger l\u2019ensemble des bus, y compris dans un sc\u00e9nario o\u00f9 toute la flotte deviendrait \u00e9lectrique. La recharge pourrait s\u2019op\u00e9rer dans 3 d\u00e9p\u00f4ts de bus proches du r\u00e9seau \u00e9lectrique de la STIB, durant la nuit, lorsque le service est \u00e0 l\u2019arr\u00eat.<\/p>\n<p>L\u2019\u00e9tude prend en compte les caract\u00e9ristiques du service de bus&nbsp;bruxellois : longueur des lignes, nombre de km parcourus sur chaque ligne, gabarits des bus (petits, moyens ou grands) et donc leurs diff\u00e9rents (et futurs) besoins \u00e9lectriques, augmentation du nombre de bus mis en en circulation, \u2026 Les conclusions sont claires&nbsp;: recharg\u00e9s la nuit, tous les bus peuvent red\u00e9marrer d\u00e8s le matin avec une autonomie \u00e9lectrique suffisante pour assurer leur service toute la journ\u00e9e (lire le <a href=\"http:\/\/www.eliptic-project.eu\/wp-content\/uploads\/2021\/02\/post\/ELIPTIC%20D2.6%20Brussels%20Final%20Use%20Case%20Report.pdf\" target=\"_blank\" rel=\"noopener\">rapport<\/a> du projet Eliptic pour le cas bruxellois).<\/p>\n<h2>Premiers bus \u00e9lectriques \u00e0 Bruxelles<\/h2>\n<p>Forts des conclusions de cette \u00e9tude, la R\u00e9gion bruxelloise et la STIB ont donc d\u00e9cid\u00e9 de tester cette transition et commenc\u00e9 \u00e0 mettre leur premier mod\u00e8le \u00e9lectrique&nbsp;en service. Depuis juin 2018, 7 \u00ab&nbsp;Citybus&nbsp;\u00bb assurent le premier service full \u00e9lectrique sur la ligne 33.<\/p>\n<p>En 2019, le mouvement s\u2019amplifiera avec la mise en service de 5 bus \u00e9lectriques standards (sur les lignes 13 et 37) et de 288 bus hybrides.<\/p>\n<p>Tous ces mod\u00e8les se rechargent la nuit.<\/p>\n<p>Mais la R\u00e9gion teste \u00e9galement, depuis fin avril, un premier mod\u00e8le de v\u00e9hicule \u00e9lectrique articul\u00e9 qui se recharge aussi en journ\u00e9e, aux terminus.<\/p>\n<p>Les deux premiers exemplaires sont en test sur la ligne 64&nbsp;(photos ci-dessous).<\/p>\n<p><img decoding=\"async\" alt=\"\" src=\"\/wp-content\/uploads\/2021\/02\/post\/l64_royale-min.jpg\" style=\"width: 580px; height: 387px;\"><\/p>\n<p>Des poteaux de rechargement ont \u00e9t\u00e9 install\u00e9s au terminus de la Porte de Namur (ci-dessous) et \u00e0 l\u2019entr\u00e9e du d\u00e9p\u00f4t de Haren.<\/p>\n<p><img decoding=\"async\" alt=\"\" src=\"\/wp-content\/uploads\/2021\/02\/post\/img_0264b.jpg\" style=\"color: rgb(51, 51, 51); width: 580px; height: 397px;\"><\/p>\n<p>Les deux v\u00e9hicules sont \u00e9quip\u00e9s de la technologie \u00ab&nbsp;opportunity charging&nbsp;\u00bb et de pantographes qui leur permettent de capter l\u2019\u00e9lectricit\u00e9 transmise par les bornes de rechargement (photos ci-dessous).<\/p>\n<p><img decoding=\"async\" alt=\"\" src=\"\/wp-content\/uploads\/2021\/02\/post\/l64_inauguration-min.jpg\" style=\"width: 580px; height: 387px;\"><\/p>\n<p><img decoding=\"async\" alt=\"\" src=\"\/wp-content\/uploads\/2021\/02\/post\/img_0266b.jpg\" style=\"width: 400px; height: 533px;\"><\/p>\n<p>Le temps de charge au terminus ne dure que quelques minutes (environ 6 minutes pour un trajet de terminus \u00e0 terminus). L\u2019autonomie est de 30 \u00e0 40 km, ce qui est amplement suffisant pour une exploitation normale &#8211; en moyenne les lignes de bus font 10 km de long &#8211; et permet, le cas \u00e9ch\u00e9ant, de pouvoir \u00ab&nbsp;sauter&nbsp;\u00bb une recharge en cas de besoin.<\/p>\n<p>Les 2 v\u00e9hicules s\u2019ajouteront aux autres bus qui desservent d\u00e9j\u00e0 la ligne 64. La STIB pourra ainsi tester l\u2019autonomie de ces v\u00e9hicules, la vitesse de recharge aux terminus, les proc\u00e9dures d\u2019intervention en cas de soucis techniques aux v\u00e9hicules ou aux bornes de rechargement\u2026<\/p>\n<p>A terme, 25 bus articul\u00e9s de ce type circuleront \u00e0 Bruxelles.<\/p>\n<p>A partir du 31 ao\u00fbt 2019, la ligne 64 (dont le trajet sera modifi\u00e9 et limit\u00e9) sera la deuxi\u00e8me ligne bruxelloise exploit\u00e9e enti\u00e8rement et uniquement par des bus full \u00e9lectriques.<\/p>\n<p>A noter que des recharges similaires existent \u00e9galement en Wallonie.<\/p>\n<h2>Interconnexion et formations<\/h2>\n<p>A Bruxelles, les infrastructures de recharge \u00e9lectriques aux terminus ont profit\u00e9 d\u2019un soutien du projet <a href=\"http:\/\/benefic.eu\/fr\/accueil\" target=\"_blank\" rel=\"noopener\">BENEFIC<\/a>, qui vise \u00e0 d\u00e9velopper les points de ravitaillement en carburants alternatifs et qui s\u2019inscrit dans le programme europ\u00e9en \u201cM\u00e9canisme pour l\u2019Interconnexion en Europe\u201d.<\/p>\n<p>D\u2019ici fin 2019, 2.000 conductrices et conducteurs de la STIB auront \u00e9t\u00e9 form\u00e9s \u00e0 la conduite \u00e9cologique (permettant une r\u00e9cup\u00e9ration d\u2019\u00e9nergie au freinage) au volant d\u2019un bus \u00e9lectrique et hybride.<\/p>\n<h2>Une amorce de transition<\/h2>\n<p>La STIB n\u2019a pas encore adopt\u00e9 un objectif pr\u00e9cis et un Plan d\u2019\u00e9tapes pour \u00e9lectrifier sa flotte de bus. L\u2019achat de bus hybrides retarde quelque peu un passage g\u00e9n\u00e9ralis\u00e9 \u00e0 des bus 100% \u00e9lectriques. Mais les tests en cours amorcent malgr\u00e9 tout une transition vers une mobilit\u00e9 plus \u00e9lectrique.<\/p>\n","protected":false},"excerpt":{"rendered":"<p>La R\u00e9gion bruxelloise et sa soci\u00e9t\u00e9 de transports en communs (STIB) d\u00e9veloppent actuellement des infrastructures en vue d\u2019\u00e9lectrifier leur flotte de bus et op\u00e9rer ainsi une mutation vers une mobilit\u00e9 propre. Renouvelle vous propose un focus sur les avanc\u00e9es bruxelloises et reviendra prochainement sur le d\u00e9veloppement des bus \u00e9lectriques en Wallonie. Un sc\u00e9nario 100% \u00e9lectrique A Bruxelles, la strat\u00e9gie d&rsquo;\u00e9lectrification s\u2019appuie notamment sur le projet europ\u00e9en Eliptic, qui vise \u00e0 utiliser les infrastructures \u00e9lectriques existantes des transports en communs (metros, trams, trolleybus, \u2026) pour y connecter et recharger des bus \u00e9lectriques. Gr\u00e2ce \u00e0 cette approche, il s\u2019av\u00e8re en effet possible d\u2019\u00e9lectrifier une flotte de bus \u00e0 moindres co\u00fbts. Or, dans le cas de la R\u00e9gion bruxelloise, une analyse &#8211; bas\u00e9e sur une mod\u00e9lisation de la VUB &#8211; montre que le r\u00e9seau \u00e9lectrique 11 kV propre \u00e0 la STIB est suffisamment puissant pour y recharger l\u2019ensemble des bus, y compris dans un sc\u00e9nario o\u00f9 toute la flotte deviendrait \u00e9lectrique. La recharge pourrait s\u2019op\u00e9rer dans 3 d\u00e9p\u00f4ts de bus proches du r\u00e9seau \u00e9lectrique de la STIB, durant la nuit, lorsque le service est \u00e0 l\u2019arr\u00eat. L\u2019\u00e9tude prend en compte les caract\u00e9ristiques du service de bus&nbsp;bruxellois : longueur des lignes, nombre de km parcourus sur chaque ligne, gabarits des bus (petits, moyens ou grands) et donc leurs diff\u00e9rents (et futurs) besoins \u00e9lectriques, augmentation du nombre de bus mis en en circulation, \u2026 Les conclusions sont claires&nbsp;: recharg\u00e9s la nuit, tous les bus peuvent red\u00e9marrer d\u00e8s le matin avec une autonomie \u00e9lectrique suffisante pour assurer leur service toute la journ\u00e9e (lire le rapport du projet Eliptic pour le cas bruxellois). Premiers bus \u00e9lectriques \u00e0 Bruxelles Forts des conclusions de cette \u00e9tude, la R\u00e9gion bruxelloise et la STIB ont donc d\u00e9cid\u00e9 de tester cette transition &hellip; <a href=\"https:\/\/www.renouvelle.be\/fr\/bruxelles-developpe-ses-infrastructures-pour-bus-electriques\/\" class=\"more-link\">Continue reading<span class=\"screen-reader-text\"> \u00ab\u00a0Bruxelles d\u00e9veloppe ses infrastructures pour bus \u00e9lectriques\u00a0\u00bb<\/span><\/a><\/p>\n","protected":false},"author":3,"featured_media":4688,"comment_status":"open","ping_status":"open","sticky":false,"template":"","format":"standard","meta":{"_acf_changed":false,"footnotes":""},"categories":[17],"tags":[],"section":[],"class_list":["post-3703","post","type-post","status-publish","format-standard","has-post-thumbnail","hentry","category-actualite-en-belgique"],"acf":[],"yoast_head":"<!-- This site is optimized with the Yoast SEO plugin v27.5 - https:\/\/yoast.com\/product\/yoast-seo-wordpress\/ -->\n<title>Bruxelles d\u00e9veloppe ses infrastructures pour bus \u00e9lectriques - Renouvelle<\/title>\n<meta name=\"robots\" content=\"index, follow, max-snippet:-1, max-image-preview:large, max-video-preview:-1\" \/>\n<link rel=\"canonical\" href=\"https:\/\/www.renouvelle.be\/fr\/bruxelles-developpe-ses-infrastructures-pour-bus-electriques\/\" \/>\n<meta property=\"og:locale\" content=\"fr_FR\" \/>\n<meta property=\"og:type\" content=\"article\" \/>\n<meta property=\"og:title\" content=\"Bruxelles d\u00e9veloppe ses infrastructures pour bus \u00e9lectriques - Renouvelle\" \/>\n<meta property=\"og:description\" content=\"La R\u00e9gion bruxelloise et sa soci\u00e9t\u00e9 de transports en communs (STIB) d\u00e9veloppent actuellement des infrastructures en vue d\u2019\u00e9lectrifier leur flotte de bus et op\u00e9rer ainsi une mutation vers une mobilit\u00e9 propre. Renouvelle vous propose un focus sur les avanc\u00e9es bruxelloises et reviendra prochainement sur le d\u00e9veloppement des bus \u00e9lectriques en Wallonie. Un sc\u00e9nario 100% \u00e9lectrique A Bruxelles, la strat\u00e9gie d&rsquo;\u00e9lectrification s\u2019appuie notamment sur le projet europ\u00e9en Eliptic, qui vise \u00e0 utiliser les infrastructures \u00e9lectriques existantes des transports en communs (metros, trams, trolleybus, \u2026) pour y connecter et recharger des bus \u00e9lectriques. Gr\u00e2ce \u00e0 cette approche, il s\u2019av\u00e8re en effet possible d\u2019\u00e9lectrifier une flotte de bus \u00e0 moindres co\u00fbts. Or, dans le cas de la R\u00e9gion bruxelloise, une analyse &#8211; bas\u00e9e sur une mod\u00e9lisation de la VUB &#8211; montre que le r\u00e9seau \u00e9lectrique 11 kV propre \u00e0 la STIB est suffisamment puissant pour y recharger l\u2019ensemble des bus, y compris dans un sc\u00e9nario o\u00f9 toute la flotte deviendrait \u00e9lectrique. La recharge pourrait s\u2019op\u00e9rer dans 3 d\u00e9p\u00f4ts de bus proches du r\u00e9seau \u00e9lectrique de la STIB, durant la nuit, lorsque le service est \u00e0 l\u2019arr\u00eat. L\u2019\u00e9tude prend en compte les caract\u00e9ristiques du service de bus&nbsp;bruxellois : longueur des lignes, nombre de km parcourus sur chaque ligne, gabarits des bus (petits, moyens ou grands) et donc leurs diff\u00e9rents (et futurs) besoins \u00e9lectriques, augmentation du nombre de bus mis en en circulation, \u2026 Les conclusions sont claires&nbsp;: recharg\u00e9s la nuit, tous les bus peuvent red\u00e9marrer d\u00e8s le matin avec une autonomie \u00e9lectrique suffisante pour assurer leur service toute la journ\u00e9e (lire le rapport du projet Eliptic pour le cas bruxellois). Premiers bus \u00e9lectriques \u00e0 Bruxelles Forts des conclusions de cette \u00e9tude, la R\u00e9gion bruxelloise et la STIB ont donc d\u00e9cid\u00e9 de tester cette transition &hellip; Continue reading &quot;Bruxelles d\u00e9veloppe ses infrastructures pour bus \u00e9lectriques&quot;\" \/>\n<meta property=\"og:url\" content=\"https:\/\/www.renouvelle.be\/fr\/bruxelles-developpe-ses-infrastructures-pour-bus-electriques\/\" \/>\n<meta property=\"og:site_name\" content=\"Renouvelle\" \/>\n<meta property=\"article:published_time\" content=\"2019-05-14T10:01:26+00:00\" \/>\n<meta property=\"article:modified_time\" content=\"2023-07-10T21:08:05+00:00\" \/>\n<meta property=\"og:image\" content=\"https:\/\/www.renouvelle.be\/wp-content\/uploads\/2021\/02\/photo_habillage_l64.jpg\" \/>\n\t<meta property=\"og:image:width\" content=\"580\" \/>\n\t<meta property=\"og:image:height\" content=\"326\" \/>\n\t<meta property=\"og:image:type\" content=\"image\/jpeg\" \/>\n<meta name=\"author\" content=\"Energie Commune\" \/>\n<meta name=\"twitter:card\" content=\"summary_large_image\" \/>\n<script type=\"application\/ld+json\" class=\"yoast-schema-graph\">{\"@context\":\"https:\\\/\\\/schema.org\",\"@graph\":[{\"@type\":\"Article\",\"@id\":\"https:\\\/\\\/www.renouvelle.be\\\/fr\\\/bruxelles-developpe-ses-infrastructures-pour-bus-electriques\\\/#article\",\"isPartOf\":{\"@id\":\"https:\\\/\\\/www.renouvelle.be\\\/fr\\\/bruxelles-developpe-ses-infrastructures-pour-bus-electriques\\\/\"},\"author\":{\"name\":\"Energie Commune\",\"@id\":\"https:\\\/\\\/www.renouvelle.be\\\/fr\\\/#\\\/schema\\\/person\\\/01fbe8226a07f8f3d4a1cd059b31f17a\"},\"headline\":\"Bruxelles d\u00e9veloppe ses infrastructures pour bus \u00e9lectriques\",\"datePublished\":\"2019-05-14T10:01:26+00:00\",\"dateModified\":\"2023-07-10T21:08:05+00:00\",\"mainEntityOfPage\":{\"@id\":\"https:\\\/\\\/www.renouvelle.be\\\/fr\\\/bruxelles-developpe-ses-infrastructures-pour-bus-electriques\\\/\"},\"wordCount\":780,\"commentCount\":0,\"image\":{\"@id\":\"https:\\\/\\\/www.renouvelle.be\\\/fr\\\/bruxelles-developpe-ses-infrastructures-pour-bus-electriques\\\/#primaryimage\"},\"thumbnailUrl\":\"https:\\\/\\\/www.renouvelle.be\\\/wp-content\\\/uploads\\\/2021\\\/02\\\/photo_habillage_l64.jpg\",\"articleSection\":[\"Actualit\u00e9 en Belgique\"],\"inLanguage\":\"fr-FR\",\"potentialAction\":[{\"@type\":\"CommentAction\",\"name\":\"Comment\",\"target\":[\"https:\\\/\\\/www.renouvelle.be\\\/fr\\\/bruxelles-developpe-ses-infrastructures-pour-bus-electriques\\\/#respond\"]}]},{\"@type\":\"WebPage\",\"@id\":\"https:\\\/\\\/www.renouvelle.be\\\/fr\\\/bruxelles-developpe-ses-infrastructures-pour-bus-electriques\\\/\",\"url\":\"https:\\\/\\\/www.renouvelle.be\\\/fr\\\/bruxelles-developpe-ses-infrastructures-pour-bus-electriques\\\/\",\"name\":\"Bruxelles d\u00e9veloppe ses infrastructures pour bus \u00e9lectriques - Renouvelle\",\"isPartOf\":{\"@id\":\"https:\\\/\\\/www.renouvelle.be\\\/fr\\\/#website\"},\"primaryImageOfPage\":{\"@id\":\"https:\\\/\\\/www.renouvelle.be\\\/fr\\\/bruxelles-developpe-ses-infrastructures-pour-bus-electriques\\\/#primaryimage\"},\"image\":{\"@id\":\"https:\\\/\\\/www.renouvelle.be\\\/fr\\\/bruxelles-developpe-ses-infrastructures-pour-bus-electriques\\\/#primaryimage\"},\"thumbnailUrl\":\"https:\\\/\\\/www.renouvelle.be\\\/wp-content\\\/uploads\\\/2021\\\/02\\\/photo_habillage_l64.jpg\",\"datePublished\":\"2019-05-14T10:01:26+00:00\",\"dateModified\":\"2023-07-10T21:08:05+00:00\",\"author\":{\"@id\":\"https:\\\/\\\/www.renouvelle.be\\\/fr\\\/#\\\/schema\\\/person\\\/01fbe8226a07f8f3d4a1cd059b31f17a\"},\"breadcrumb\":{\"@id\":\"https:\\\/\\\/www.renouvelle.be\\\/fr\\\/bruxelles-developpe-ses-infrastructures-pour-bus-electriques\\\/#breadcrumb\"},\"inLanguage\":\"fr-FR\",\"potentialAction\":[{\"@type\":\"ReadAction\",\"target\":[\"https:\\\/\\\/www.renouvelle.be\\\/fr\\\/bruxelles-developpe-ses-infrastructures-pour-bus-electriques\\\/\"]}]},{\"@type\":\"ImageObject\",\"inLanguage\":\"fr-FR\",\"@id\":\"https:\\\/\\\/www.renouvelle.be\\\/fr\\\/bruxelles-developpe-ses-infrastructures-pour-bus-electriques\\\/#primaryimage\",\"url\":\"https:\\\/\\\/www.renouvelle.be\\\/wp-content\\\/uploads\\\/2021\\\/02\\\/photo_habillage_l64.jpg\",\"contentUrl\":\"https:\\\/\\\/www.renouvelle.be\\\/wp-content\\\/uploads\\\/2021\\\/02\\\/photo_habillage_l64.jpg\",\"width\":580,\"height\":326},{\"@type\":\"BreadcrumbList\",\"@id\":\"https:\\\/\\\/www.renouvelle.be\\\/fr\\\/bruxelles-developpe-ses-infrastructures-pour-bus-electriques\\\/#breadcrumb\",\"itemListElement\":[{\"@type\":\"ListItem\",\"position\":1,\"name\":\"Accueil\",\"item\":\"https:\\\/\\\/www.renouvelle.be\\\/fr\\\/\"},{\"@type\":\"ListItem\",\"position\":2,\"name\":\"Bruxelles d\u00e9veloppe ses infrastructures pour bus \u00e9lectriques\"}]},{\"@type\":\"WebSite\",\"@id\":\"https:\\\/\\\/www.renouvelle.be\\\/fr\\\/#website\",\"url\":\"https:\\\/\\\/www.renouvelle.be\\\/fr\\\/\",\"name\":\"Renouvelle\",\"description\":\"L&#039;actualit\u00e9 de l&#039;\u00e9nergie durable\",\"potentialAction\":[{\"@type\":\"SearchAction\",\"target\":{\"@type\":\"EntryPoint\",\"urlTemplate\":\"https:\\\/\\\/www.renouvelle.be\\\/fr\\\/?s={search_term_string}\"},\"query-input\":{\"@type\":\"PropertyValueSpecification\",\"valueRequired\":true,\"valueName\":\"search_term_string\"}}],\"inLanguage\":\"fr-FR\"},{\"@type\":\"Person\",\"@id\":\"https:\\\/\\\/www.renouvelle.be\\\/fr\\\/#\\\/schema\\\/person\\\/01fbe8226a07f8f3d4a1cd059b31f17a\",\"name\":\"Energie Commune\",\"url\":\"https:\\\/\\\/www.renouvelle.be\\\/fr\\\/author\\\/apere\\\/\"}]}<\/script>\n<!-- \/ Yoast SEO plugin. -->","yoast_head_json":{"title":"Bruxelles d\u00e9veloppe ses infrastructures pour bus \u00e9lectriques - Renouvelle","robots":{"index":"index","follow":"follow","max-snippet":"max-snippet:-1","max-image-preview":"max-image-preview:large","max-video-preview":"max-video-preview:-1"},"canonical":"https:\/\/www.renouvelle.be\/fr\/bruxelles-developpe-ses-infrastructures-pour-bus-electriques\/","og_locale":"fr_FR","og_type":"article","og_title":"Bruxelles d\u00e9veloppe ses infrastructures pour bus \u00e9lectriques - Renouvelle","og_description":"La R\u00e9gion bruxelloise et sa soci\u00e9t\u00e9 de transports en communs (STIB) d\u00e9veloppent actuellement des infrastructures en vue d\u2019\u00e9lectrifier leur flotte de bus et op\u00e9rer ainsi une mutation vers une mobilit\u00e9 propre. Renouvelle vous propose un focus sur les avanc\u00e9es bruxelloises et reviendra prochainement sur le d\u00e9veloppement des bus \u00e9lectriques en Wallonie. Un sc\u00e9nario 100% \u00e9lectrique A Bruxelles, la strat\u00e9gie d&rsquo;\u00e9lectrification s\u2019appuie notamment sur le projet europ\u00e9en Eliptic, qui vise \u00e0 utiliser les infrastructures \u00e9lectriques existantes des transports en communs (metros, trams, trolleybus, \u2026) pour y connecter et recharger des bus \u00e9lectriques. Gr\u00e2ce \u00e0 cette approche, il s\u2019av\u00e8re en effet possible d\u2019\u00e9lectrifier une flotte de bus \u00e0 moindres co\u00fbts. Or, dans le cas de la R\u00e9gion bruxelloise, une analyse &#8211; bas\u00e9e sur une mod\u00e9lisation de la VUB &#8211; montre que le r\u00e9seau \u00e9lectrique 11 kV propre \u00e0 la STIB est suffisamment puissant pour y recharger l\u2019ensemble des bus, y compris dans un sc\u00e9nario o\u00f9 toute la flotte deviendrait \u00e9lectrique. La recharge pourrait s\u2019op\u00e9rer dans 3 d\u00e9p\u00f4ts de bus proches du r\u00e9seau \u00e9lectrique de la STIB, durant la nuit, lorsque le service est \u00e0 l\u2019arr\u00eat. L\u2019\u00e9tude prend en compte les caract\u00e9ristiques du service de bus&nbsp;bruxellois : longueur des lignes, nombre de km parcourus sur chaque ligne, gabarits des bus (petits, moyens ou grands) et donc leurs diff\u00e9rents (et futurs) besoins \u00e9lectriques, augmentation du nombre de bus mis en en circulation, \u2026 Les conclusions sont claires&nbsp;: recharg\u00e9s la nuit, tous les bus peuvent red\u00e9marrer d\u00e8s le matin avec une autonomie \u00e9lectrique suffisante pour assurer leur service toute la journ\u00e9e (lire le rapport du projet Eliptic pour le cas bruxellois). Premiers bus \u00e9lectriques \u00e0 Bruxelles Forts des conclusions de cette \u00e9tude, la R\u00e9gion bruxelloise et la STIB ont donc d\u00e9cid\u00e9 de tester cette transition &hellip; Continue reading \"Bruxelles d\u00e9veloppe ses infrastructures pour bus \u00e9lectriques\"","og_url":"https:\/\/www.renouvelle.be\/fr\/bruxelles-developpe-ses-infrastructures-pour-bus-electriques\/","og_site_name":"Renouvelle","article_published_time":"2019-05-14T10:01:26+00:00","article_modified_time":"2023-07-10T21:08:05+00:00","og_image":[{"width":580,"height":326,"url":"https:\/\/www.renouvelle.be\/wp-content\/uploads\/2021\/02\/photo_habillage_l64.jpg","type":"image\/jpeg"}],"author":"Energie Commune","twitter_card":"summary_large_image","schema":{"@context":"https:\/\/schema.org","@graph":[{"@type":"Article","@id":"https:\/\/www.renouvelle.be\/fr\/bruxelles-developpe-ses-infrastructures-pour-bus-electriques\/#article","isPartOf":{"@id":"https:\/\/www.renouvelle.be\/fr\/bruxelles-developpe-ses-infrastructures-pour-bus-electriques\/"},"author":{"name":"Energie Commune","@id":"https:\/\/www.renouvelle.be\/fr\/#\/schema\/person\/01fbe8226a07f8f3d4a1cd059b31f17a"},"headline":"Bruxelles d\u00e9veloppe ses infrastructures pour bus \u00e9lectriques","datePublished":"2019-05-14T10:01:26+00:00","dateModified":"2023-07-10T21:08:05+00:00","mainEntityOfPage":{"@id":"https:\/\/www.renouvelle.be\/fr\/bruxelles-developpe-ses-infrastructures-pour-bus-electriques\/"},"wordCount":780,"commentCount":0,"image":{"@id":"https:\/\/www.renouvelle.be\/fr\/bruxelles-developpe-ses-infrastructures-pour-bus-electriques\/#primaryimage"},"thumbnailUrl":"https:\/\/www.renouvelle.be\/wp-content\/uploads\/2021\/02\/photo_habillage_l64.jpg","articleSection":["Actualit\u00e9 en Belgique"],"inLanguage":"fr-FR","potentialAction":[{"@type":"CommentAction","name":"Comment","target":["https:\/\/www.renouvelle.be\/fr\/bruxelles-developpe-ses-infrastructures-pour-bus-electriques\/#respond"]}]},{"@type":"WebPage","@id":"https:\/\/www.renouvelle.be\/fr\/bruxelles-developpe-ses-infrastructures-pour-bus-electriques\/","url":"https:\/\/www.renouvelle.be\/fr\/bruxelles-developpe-ses-infrastructures-pour-bus-electriques\/","name":"Bruxelles d\u00e9veloppe ses infrastructures pour bus \u00e9lectriques - Renouvelle","isPartOf":{"@id":"https:\/\/www.renouvelle.be\/fr\/#website"},"primaryImageOfPage":{"@id":"https:\/\/www.renouvelle.be\/fr\/bruxelles-developpe-ses-infrastructures-pour-bus-electriques\/#primaryimage"},"image":{"@id":"https:\/\/www.renouvelle.be\/fr\/bruxelles-developpe-ses-infrastructures-pour-bus-electriques\/#primaryimage"},"thumbnailUrl":"https:\/\/www.renouvelle.be\/wp-content\/uploads\/2021\/02\/photo_habillage_l64.jpg","datePublished":"2019-05-14T10:01:26+00:00","dateModified":"2023-07-10T21:08:05+00:00","author":{"@id":"https:\/\/www.renouvelle.be\/fr\/#\/schema\/person\/01fbe8226a07f8f3d4a1cd059b31f17a"},"breadcrumb":{"@id":"https:\/\/www.renouvelle.be\/fr\/bruxelles-developpe-ses-infrastructures-pour-bus-electriques\/#breadcrumb"},"inLanguage":"fr-FR","potentialAction":[{"@type":"ReadAction","target":["https:\/\/www.renouvelle.be\/fr\/bruxelles-developpe-ses-infrastructures-pour-bus-electriques\/"]}]},{"@type":"ImageObject","inLanguage":"fr-FR","@id":"https:\/\/www.renouvelle.be\/fr\/bruxelles-developpe-ses-infrastructures-pour-bus-electriques\/#primaryimage","url":"https:\/\/www.renouvelle.be\/wp-content\/uploads\/2021\/02\/photo_habillage_l64.jpg","contentUrl":"https:\/\/www.renouvelle.be\/wp-content\/uploads\/2021\/02\/photo_habillage_l64.jpg","width":580,"height":326},{"@type":"BreadcrumbList","@id":"https:\/\/www.renouvelle.be\/fr\/bruxelles-developpe-ses-infrastructures-pour-bus-electriques\/#breadcrumb","itemListElement":[{"@type":"ListItem","position":1,"name":"Accueil","item":"https:\/\/www.renouvelle.be\/fr\/"},{"@type":"ListItem","position":2,"name":"Bruxelles d\u00e9veloppe ses infrastructures pour bus \u00e9lectriques"}]},{"@type":"WebSite","@id":"https:\/\/www.renouvelle.be\/fr\/#website","url":"https:\/\/www.renouvelle.be\/fr\/","name":"Renouvelle","description":"L&#039;actualit\u00e9 de l&#039;\u00e9nergie durable","potentialAction":[{"@type":"SearchAction","target":{"@type":"EntryPoint","urlTemplate":"https:\/\/www.renouvelle.be\/fr\/?s={search_term_string}"},"query-input":{"@type":"PropertyValueSpecification","valueRequired":true,"valueName":"search_term_string"}}],"inLanguage":"fr-FR"},{"@type":"Person","@id":"https:\/\/www.renouvelle.be\/fr\/#\/schema\/person\/01fbe8226a07f8f3d4a1cd059b31f17a","name":"Energie Commune","url":"https:\/\/www.renouvelle.be\/fr\/author\/apere\/"}]}},"_links":{"self":[{"href":"https:\/\/www.renouvelle.be\/fr\/wp-json\/wp\/v2\/posts\/3703","targetHints":{"allow":["GET"]}}],"collection":[{"href":"https:\/\/www.renouvelle.be\/fr\/wp-json\/wp\/v2\/posts"}],"about":[{"href":"https:\/\/www.renouvelle.be\/fr\/wp-json\/wp\/v2\/types\/post"}],"author":[{"embeddable":true,"href":"https:\/\/www.renouvelle.be\/fr\/wp-json\/wp\/v2\/users\/3"}],"replies":[{"embeddable":true,"href":"https:\/\/www.renouvelle.be\/fr\/wp-json\/wp\/v2\/comments?post=3703"}],"version-history":[{"count":2,"href":"https:\/\/www.renouvelle.be\/fr\/wp-json\/wp\/v2\/posts\/3703\/revisions"}],"predecessor-version":[{"id":10155,"href":"https:\/\/www.renouvelle.be\/fr\/wp-json\/wp\/v2\/posts\/3703\/revisions\/10155"}],"wp:featuredmedia":[{"embeddable":true,"href":"https:\/\/www.renouvelle.be\/fr\/wp-json\/wp\/v2\/media\/4688"}],"wp:attachment":[{"href":"https:\/\/www.renouvelle.be\/fr\/wp-json\/wp\/v2\/media?parent=3703"}],"wp:term":[{"taxonomy":"category","embeddable":true,"href":"https:\/\/www.renouvelle.be\/fr\/wp-json\/wp\/v2\/categories?post=3703"},{"taxonomy":"post_tag","embeddable":true,"href":"https:\/\/www.renouvelle.be\/fr\/wp-json\/wp\/v2\/tags?post=3703"},{"taxonomy":"section","embeddable":true,"href":"https:\/\/www.renouvelle.be\/fr\/wp-json\/wp\/v2\/section?post=3703"}],"curies":[{"name":"wp","href":"https:\/\/api.w.org\/{rel}","templated":true}]}}