{"id":3693,"date":"2023-02-24T17:26:10","date_gmt":"2023-02-24T16:26:10","guid":{"rendered":"https:\/\/www.renouvelle.be\/fr\/le-marche-europeen-du-carbone-decolle-enfin\/"},"modified":"2023-03-21T14:22:51","modified_gmt":"2023-03-21T13:22:51","slug":"le-marche-europeen-du-carbone-passe-les-100-euros-la-tonne-pour-la-premiere-fois","status":"publish","type":"post","link":"https:\/\/www.renouvelle.be\/fr\/le-marche-europeen-du-carbone-passe-les-100-euros-la-tonne-pour-la-premiere-fois\/","title":{"rendered":"Le march\u00e9 europ\u00e9en du carbone passe les 100 euros la tonne pour la premi\u00e8re fois."},"content":{"rendered":"<p>Lanc\u00e9 en 2005, le march\u00e9 europ\u00e9en du carbone est un outil essentiel pour r\u00e9duire les gaz \u00e0 effet de serre \u00e9mis en Europe.<\/p>\n<p>Ce m\u00e9canisme fonctionne selon le principe du pollueur-payeur et fixe, pour de nombreux secteurs industriels, un plafond d\u2019\u00e9missions de CO<sub>2<\/sub> autoris\u00e9es, sous forme de quotas allou\u00e9s. Les entreprises qui d\u00e9passent ce seuil doivent alors acheter sur le march\u00e9 carbone des quotas vendus par les entreprises qui, elles, ont r\u00e9ussi \u00e0 r\u00e9duire leurs \u00e9missions au-del\u00e0 de leur objectif de r\u00e9duction.<\/p>\n<p>Depuis 2012, ce plafond diminue chaque ann\u00e9e afin de faire baisser le niveau total des \u00e9missions en Europe. De plus, une partie croissante des quotas d&rsquo;\u00e9missions n&rsquo;est plus distribu\u00e9e gratuitement, mais doit \u00eatre achet\u00e9e directement aux \u00e9tats membres par les entreprises. De ce fait, les recettes fiscales li\u00e9es au march\u00e9 carbone augmentent et permettent de financer des projets r\u00e9duisant les \u00e9missions de gaz \u00e0 effet de serre.<\/p>\n<p><img loading=\"lazy\" decoding=\"async\" class=\"aligncenter size-full wp-image-9076\" src=\"https:\/\/www.renouvelle.be\/wp-content\/uploads\/2019\/04\/marche-carbone.png\" alt=\"march\u00e9 carbone\" width=\"580\" height=\"388\" srcset=\"https:\/\/www.renouvelle.be\/wp-content\/uploads\/2019\/04\/marche-carbone.png 580w, https:\/\/www.renouvelle.be\/wp-content\/uploads\/2019\/04\/marche-carbone-300x201.png 300w\" sizes=\"auto, (max-width: 580px) 100vw, 580px\" \/><\/p>\n<p>En savoir plus sur le <a href=\"https:\/\/ec.europa.eu\/clima\/policies\/ets_fr\">march\u00e9 europ\u00e9en du carbone<\/a>.<\/p>\n<p>Ce m\u00e9canisme \u2013 baptis\u00e9 \u00ab syst\u00e8me d&rsquo;\u00e9change de quotas d&rsquo;\u00e9mission \u00bb ou ETS (Emission Trading Scheme) \u2013 a cependant connu de nombreuses limites et critiques (lire notre article et interview : <a href=\"https:\/\/www.renouvelle.be\/fr\/debats\/une-nouvelle-vie-pour-le-marche-europeen-du-carbone\">Une nouvelle vie pour le march\u00e9 europ\u00e9en du carbone ?)<\/a>.<\/p>\n<p>En effet, malgr\u00e9 un d\u00e9marrage prometteur, le prix de la tonne de CO<sub>2<\/sub> a chut\u00e9 et stagn\u00e9 \u00e0 un faible niveau durant de longues ann\u00e9es, ce qui n\u2019a pas incit\u00e9 les industriels \u00e0 faire les efforts attendus.<\/p>\n<p>Suite \u00e0 une r\u00e9forme du m\u00e9canisme, on assiste d\u00e9sormais \u00e0 une nouvelle tendance : ces derni\u00e8res ann\u00e9es, le prix du carbone est d&rsquo;abord pass\u00e9 de 5 \u00e0 20\u20ac la tonne o\u00f9 il a stagn\u00e9 jusqu&rsquo;en 2021 avant de grimper et d&rsquo;atteindre, cette semaine, un record \u00e0 plus de 100 euros la tonne. Ci-dessous un aper\u00e7u de l\u2019\u00e9volution du prix \u00e0 la tonne ces derni\u00e8res ann\u00e9es publi\u00e9 sur le site <a href=\"https:\/\/ember-climate.org\/data\/data-tools\/carbon-price-viewer\/\">Ember<\/a>.<\/p>\n<p><img loading=\"lazy\" decoding=\"async\" class=\"aligncenter size-full wp-image-9082\" src=\"https:\/\/www.renouvelle.be\/wp-content\/uploads\/2019\/04\/Image3.jpg\" alt=\"march\u00e9 CO2\" width=\"684\" height=\"381\" srcset=\"https:\/\/www.renouvelle.be\/wp-content\/uploads\/2019\/04\/Image3.jpg 684w, https:\/\/www.renouvelle.be\/wp-content\/uploads\/2019\/04\/Image3-300x167.jpg 300w\" sizes=\"auto, (max-width: 684px) 100vw, 684px\" \/><\/p>\n<p>Parmi les raisons d\u2019une telle hausse, un plus grand optimiste \u00e9conomique pour la zone euro, qui pourrait se traduire par une hausse de la production des entreprises, et donc des rejets de CO2 qui en d\u00e9coulent.<\/p>\n<p>L\u2019\u00e9volution de la r\u00e8glementation du march\u00e9 carbone au niveau europ\u00e9en visant \u00e0 durcir les r\u00e8gles du march\u00e9 vot\u00e9e d\u00e9but f\u00e9vrier par le Parlement europ\u00e9en ayant sans doute elle aussi contribu\u00e9 par ailleurs au \u00ab\u00a0sprint final\u00a0\u00bb pour franchir ce cap de 100 euros.<\/p>\n<p>Les analystes ne s\u2019attendent toutefois pas \u00e0 ce que le prix poursuive sa progression dans les prochains mois. Car, d\u2019apr\u00e8s eux, la r\u00e9\u00e9valuation \u00e0 la baisse du prix du gaz par&nbsp;<a href=\"https:\/\/www.lemondedelenergie.com\/tag\/rapport\/\">rapport<\/a>&nbsp;au charbon constitue un facteur baissier.<\/p>\n<p>L\u2019envol\u00e9e du prix du gaz en 2022 a pouss\u00e9 les entreprises, dans certains pays plus que d\u2019autres, \u00e0 se tourner vers le charbon, une \u00e9nergie bien plus \u00e9mettrice de carbone. Mais le prix du gaz naturel europ\u00e9en tourne d\u00e9sormais autour des 50 euros le m\u00e9gawattheure, un niveau pr\u00e8s de sept fois inf\u00e9rieur \u00e0 son pic d\u2019ao\u00fbt 2022.<\/p>\n<p>Les effets de la progression des \u00e9nergies renouvelables dans les processus industriels tant que dans le quotidien des entreprises devraient permettre \u00e0 celle-ci de progressivement moins rejeter de gaz \u00e0 effet de serre. Et donc \u00e0 refaire baisser les taux d\u00e9missions, et donc indirectement les demandes du march\u00e9 et donc son prix, en mati\u00e8re de carbone. Si, toutefois l\u2019effort reste commun et continu afin de tendre vers l\u2019objectif de 2050.<\/p>\n","protected":false},"excerpt":{"rendered":"<p>Lanc\u00e9 en 2005, le march\u00e9 europ\u00e9en du carbone est un outil essentiel pour r\u00e9duire les gaz \u00e0 effet de serre \u00e9mis en Europe. Ce m\u00e9canisme fonctionne selon le principe du pollueur-payeur et fixe, pour de nombreux secteurs industriels, un plafond d\u2019\u00e9missions de CO2 autoris\u00e9es, sous forme de quotas allou\u00e9s. Les entreprises qui d\u00e9passent ce seuil doivent alors acheter sur le march\u00e9 carbone des quotas vendus par les entreprises qui, elles, ont r\u00e9ussi \u00e0 r\u00e9duire leurs \u00e9missions au-del\u00e0 de leur objectif de r\u00e9duction. Depuis 2012, ce plafond diminue chaque ann\u00e9e afin de faire baisser le niveau total des \u00e9missions en Europe. De plus, une partie croissante des quotas d&rsquo;\u00e9missions n&rsquo;est plus distribu\u00e9e gratuitement, mais doit \u00eatre achet\u00e9e directement aux \u00e9tats membres par les entreprises. De ce fait, les recettes fiscales li\u00e9es au march\u00e9 carbone augmentent et permettent de financer des projets r\u00e9duisant les \u00e9missions de gaz \u00e0 effet de serre. En savoir plus sur le march\u00e9 europ\u00e9en du carbone. Ce m\u00e9canisme \u2013 baptis\u00e9 \u00ab syst\u00e8me d&rsquo;\u00e9change de quotas d&rsquo;\u00e9mission \u00bb ou ETS (Emission Trading Scheme) \u2013 a cependant connu de nombreuses limites et critiques (lire notre article et interview : Une nouvelle vie pour le march\u00e9 europ\u00e9en du carbone ?). En effet, malgr\u00e9 un d\u00e9marrage prometteur, le prix de la tonne de CO2 a chut\u00e9 et stagn\u00e9 \u00e0 un faible niveau durant de longues ann\u00e9es, ce qui n\u2019a pas incit\u00e9 les industriels \u00e0 faire les efforts attendus. Suite \u00e0 une r\u00e9forme du m\u00e9canisme, on assiste d\u00e9sormais \u00e0 une nouvelle tendance : ces derni\u00e8res ann\u00e9es, le prix du carbone est d&rsquo;abord pass\u00e9 de 5 \u00e0 20\u20ac la tonne o\u00f9 il a stagn\u00e9 jusqu&rsquo;en 2021 avant de grimper et d&rsquo;atteindre, cette semaine, un record \u00e0 plus de 100 euros la tonne. Ci-dessous un &hellip; <a href=\"https:\/\/www.renouvelle.be\/fr\/le-marche-europeen-du-carbone-passe-les-100-euros-la-tonne-pour-la-premiere-fois\/\" class=\"more-link\">Continue reading<span class=\"screen-reader-text\"> \u00ab\u00a0Le march\u00e9 europ\u00e9en du carbone passe les 100 euros la tonne pour la premi\u00e8re fois.\u00a0\u00bb<\/span><\/a><\/p>\n","protected":false},"author":32,"featured_media":4544,"comment_status":"open","ping_status":"open","sticky":false,"template":"","format":"standard","meta":{"_acf_changed":false,"footnotes":""},"categories":[16,18],"tags":[],"section":[8],"class_list":["post-3693","post","type-post","status-publish","format-standard","has-post-thumbnail","hentry","category-actualite","category-actualite-internationale","section-energie-renouvelables"],"acf":[],"yoast_head":"<!-- This site is optimized with the Yoast SEO plugin v27.5 - https:\/\/yoast.com\/product\/yoast-seo-wordpress\/ -->\n<title>Le march\u00e9 europ\u00e9en du carbone passe les 100 euros la tonne pour la premi\u00e8re fois. - Renouvelle<\/title>\n<meta name=\"description\" content=\"Le m\u00e9canisme ETS (Emission Trading Scheme) a r\u00e9cemment \u00e9t\u00e9 revu et il en est ressorti une nouvelle tendance : ces derni\u00e8res ann\u00e9es, le prix du carbone est d&#039;abord pass\u00e9 de 5 \u00e0 20\u20ac la tonne o\u00f9 il a stagn\u00e9 jusqu&#039;en 2021 avant de grimper et d&#039;atteindre, cette semaine de fin f\u00e9vrier, un record \u00e0 plus de 100 euros la tonne.\" \/>\n<meta name=\"robots\" content=\"index, follow, max-snippet:-1, max-image-preview:large, max-video-preview:-1\" \/>\n<link rel=\"canonical\" href=\"https:\/\/www.renouvelle.be\/fr\/le-marche-europeen-du-carbone-passe-les-100-euros-la-tonne-pour-la-premiere-fois\/\" \/>\n<meta property=\"og:locale\" content=\"fr_FR\" \/>\n<meta property=\"og:type\" content=\"article\" \/>\n<meta property=\"og:title\" content=\"Le march\u00e9 europ\u00e9en du carbone passe les 100 euros la tonne pour la premi\u00e8re fois. - Renouvelle\" \/>\n<meta property=\"og:description\" content=\"Le m\u00e9canisme ETS (Emission Trading Scheme) a r\u00e9cemment \u00e9t\u00e9 revu et il en est ressorti une nouvelle tendance : ces derni\u00e8res ann\u00e9es, le prix du carbone est d&#039;abord pass\u00e9 de 5 \u00e0 20\u20ac la tonne o\u00f9 il a stagn\u00e9 jusqu&#039;en 2021 avant de grimper et d&#039;atteindre, cette semaine de fin f\u00e9vrier, un record \u00e0 plus de 100 euros la tonne.\" \/>\n<meta property=\"og:url\" content=\"https:\/\/www.renouvelle.be\/fr\/le-marche-europeen-du-carbone-passe-les-100-euros-la-tonne-pour-la-premiere-fois\/\" \/>\n<meta property=\"og:site_name\" content=\"Renouvelle\" \/>\n<meta property=\"article:published_time\" content=\"2023-02-24T16:26:10+00:00\" \/>\n<meta property=\"article:modified_time\" content=\"2023-03-21T13:22:51+00:00\" \/>\n<meta property=\"og:image\" content=\"https:\/\/www.renouvelle.be\/wp-content\/uploads\/2021\/02\/istock-172337532.jpg\" \/>\n\t<meta property=\"og:image:width\" content=\"580\" \/>\n\t<meta property=\"og:image:height\" content=\"343\" \/>\n\t<meta property=\"og:image:type\" content=\"image\/jpeg\" \/>\n<meta name=\"author\" content=\"Philippe Limbourg\" \/>\n<meta name=\"twitter:card\" content=\"summary_large_image\" \/>\n<script type=\"application\/ld+json\" class=\"yoast-schema-graph\">{\"@context\":\"https:\\\/\\\/schema.org\",\"@graph\":[{\"@type\":\"Article\",\"@id\":\"https:\\\/\\\/www.renouvelle.be\\\/fr\\\/le-marche-europeen-du-carbone-passe-les-100-euros-la-tonne-pour-la-premiere-fois\\\/#article\",\"isPartOf\":{\"@id\":\"https:\\\/\\\/www.renouvelle.be\\\/fr\\\/le-marche-europeen-du-carbone-passe-les-100-euros-la-tonne-pour-la-premiere-fois\\\/\"},\"author\":{\"name\":\"Philippe Limbourg\",\"@id\":\"https:\\\/\\\/www.renouvelle.be\\\/fr\\\/#\\\/schema\\\/person\\\/980400dfd457d76423b6766ad2146490\"},\"headline\":\"Le march\u00e9 europ\u00e9en du carbone passe les 100 euros la tonne pour la premi\u00e8re fois.\",\"datePublished\":\"2023-02-24T16:26:10+00:00\",\"dateModified\":\"2023-03-21T13:22:51+00:00\",\"mainEntityOfPage\":{\"@id\":\"https:\\\/\\\/www.renouvelle.be\\\/fr\\\/le-marche-europeen-du-carbone-passe-les-100-euros-la-tonne-pour-la-premiere-fois\\\/\"},\"wordCount\":597,\"commentCount\":1,\"image\":{\"@id\":\"https:\\\/\\\/www.renouvelle.be\\\/fr\\\/le-marche-europeen-du-carbone-passe-les-100-euros-la-tonne-pour-la-premiere-fois\\\/#primaryimage\"},\"thumbnailUrl\":\"https:\\\/\\\/www.renouvelle.be\\\/wp-content\\\/uploads\\\/2021\\\/02\\\/istock-172337532.jpg\",\"articleSection\":[\"Actualit\u00e9\",\"Actualit\u00e9 internationale\"],\"inLanguage\":\"fr-FR\",\"potentialAction\":[{\"@type\":\"CommentAction\",\"name\":\"Comment\",\"target\":[\"https:\\\/\\\/www.renouvelle.be\\\/fr\\\/le-marche-europeen-du-carbone-passe-les-100-euros-la-tonne-pour-la-premiere-fois\\\/#respond\"]}]},{\"@type\":\"WebPage\",\"@id\":\"https:\\\/\\\/www.renouvelle.be\\\/fr\\\/le-marche-europeen-du-carbone-passe-les-100-euros-la-tonne-pour-la-premiere-fois\\\/\",\"url\":\"https:\\\/\\\/www.renouvelle.be\\\/fr\\\/le-marche-europeen-du-carbone-passe-les-100-euros-la-tonne-pour-la-premiere-fois\\\/\",\"name\":\"Le march\u00e9 europ\u00e9en du carbone passe les 100 euros la tonne pour la premi\u00e8re fois. - Renouvelle\",\"isPartOf\":{\"@id\":\"https:\\\/\\\/www.renouvelle.be\\\/fr\\\/#website\"},\"primaryImageOfPage\":{\"@id\":\"https:\\\/\\\/www.renouvelle.be\\\/fr\\\/le-marche-europeen-du-carbone-passe-les-100-euros-la-tonne-pour-la-premiere-fois\\\/#primaryimage\"},\"image\":{\"@id\":\"https:\\\/\\\/www.renouvelle.be\\\/fr\\\/le-marche-europeen-du-carbone-passe-les-100-euros-la-tonne-pour-la-premiere-fois\\\/#primaryimage\"},\"thumbnailUrl\":\"https:\\\/\\\/www.renouvelle.be\\\/wp-content\\\/uploads\\\/2021\\\/02\\\/istock-172337532.jpg\",\"datePublished\":\"2023-02-24T16:26:10+00:00\",\"dateModified\":\"2023-03-21T13:22:51+00:00\",\"author\":{\"@id\":\"https:\\\/\\\/www.renouvelle.be\\\/fr\\\/#\\\/schema\\\/person\\\/980400dfd457d76423b6766ad2146490\"},\"description\":\"Le m\u00e9canisme ETS (Emission Trading Scheme) a r\u00e9cemment \u00e9t\u00e9 revu et il en est ressorti une nouvelle tendance : ces derni\u00e8res ann\u00e9es, le prix du carbone est d'abord pass\u00e9 de 5 \u00e0 20\u20ac la tonne o\u00f9 il a stagn\u00e9 jusqu'en 2021 avant de grimper et d'atteindre, cette semaine de fin f\u00e9vrier, un record \u00e0 plus de 100 euros la tonne.\",\"breadcrumb\":{\"@id\":\"https:\\\/\\\/www.renouvelle.be\\\/fr\\\/le-marche-europeen-du-carbone-passe-les-100-euros-la-tonne-pour-la-premiere-fois\\\/#breadcrumb\"},\"inLanguage\":\"fr-FR\",\"potentialAction\":[{\"@type\":\"ReadAction\",\"target\":[\"https:\\\/\\\/www.renouvelle.be\\\/fr\\\/le-marche-europeen-du-carbone-passe-les-100-euros-la-tonne-pour-la-premiere-fois\\\/\"]}]},{\"@type\":\"ImageObject\",\"inLanguage\":\"fr-FR\",\"@id\":\"https:\\\/\\\/www.renouvelle.be\\\/fr\\\/le-marche-europeen-du-carbone-passe-les-100-euros-la-tonne-pour-la-premiere-fois\\\/#primaryimage\",\"url\":\"https:\\\/\\\/www.renouvelle.be\\\/wp-content\\\/uploads\\\/2021\\\/02\\\/istock-172337532.jpg\",\"contentUrl\":\"https:\\\/\\\/www.renouvelle.be\\\/wp-content\\\/uploads\\\/2021\\\/02\\\/istock-172337532.jpg\",\"width\":580,\"height\":343,\"caption\":\"\\\"CO2, chemical symbol of carbon dioxide, thought to be the main cause of global warming.See all my\\\"\"},{\"@type\":\"BreadcrumbList\",\"@id\":\"https:\\\/\\\/www.renouvelle.be\\\/fr\\\/le-marche-europeen-du-carbone-passe-les-100-euros-la-tonne-pour-la-premiere-fois\\\/#breadcrumb\",\"itemListElement\":[{\"@type\":\"ListItem\",\"position\":1,\"name\":\"Accueil\",\"item\":\"https:\\\/\\\/www.renouvelle.be\\\/fr\\\/\"},{\"@type\":\"ListItem\",\"position\":2,\"name\":\"Le march\u00e9 europ\u00e9en du carbone passe les 100 euros la tonne pour la premi\u00e8re fois.\"}]},{\"@type\":\"WebSite\",\"@id\":\"https:\\\/\\\/www.renouvelle.be\\\/fr\\\/#website\",\"url\":\"https:\\\/\\\/www.renouvelle.be\\\/fr\\\/\",\"name\":\"Renouvelle\",\"description\":\"L&#039;actualit\u00e9 de l&#039;\u00e9nergie durable\",\"potentialAction\":[{\"@type\":\"SearchAction\",\"target\":{\"@type\":\"EntryPoint\",\"urlTemplate\":\"https:\\\/\\\/www.renouvelle.be\\\/fr\\\/?s={search_term_string}\"},\"query-input\":{\"@type\":\"PropertyValueSpecification\",\"valueRequired\":true,\"valueName\":\"search_term_string\"}}],\"inLanguage\":\"fr-FR\"},{\"@type\":\"Person\",\"@id\":\"https:\\\/\\\/www.renouvelle.be\\\/fr\\\/#\\\/schema\\\/person\\\/980400dfd457d76423b6766ad2146490\",\"name\":\"Philippe Limbourg\",\"url\":\"https:\\\/\\\/www.renouvelle.be\\\/fr\\\/author\\\/philippe-limbourg\\\/\"}]}<\/script>\n<!-- \/ Yoast SEO plugin. -->","yoast_head_json":{"title":"Le march\u00e9 europ\u00e9en du carbone passe les 100 euros la tonne pour la premi\u00e8re fois. - Renouvelle","description":"Le m\u00e9canisme ETS (Emission Trading Scheme) a r\u00e9cemment \u00e9t\u00e9 revu et il en est ressorti une nouvelle tendance : ces derni\u00e8res ann\u00e9es, le prix du carbone est d'abord pass\u00e9 de 5 \u00e0 20\u20ac la tonne o\u00f9 il a stagn\u00e9 jusqu'en 2021 avant de grimper et d'atteindre, cette semaine de fin f\u00e9vrier, un record \u00e0 plus de 100 euros la tonne.","robots":{"index":"index","follow":"follow","max-snippet":"max-snippet:-1","max-image-preview":"max-image-preview:large","max-video-preview":"max-video-preview:-1"},"canonical":"https:\/\/www.renouvelle.be\/fr\/le-marche-europeen-du-carbone-passe-les-100-euros-la-tonne-pour-la-premiere-fois\/","og_locale":"fr_FR","og_type":"article","og_title":"Le march\u00e9 europ\u00e9en du carbone passe les 100 euros la tonne pour la premi\u00e8re fois. - Renouvelle","og_description":"Le m\u00e9canisme ETS (Emission Trading Scheme) a r\u00e9cemment \u00e9t\u00e9 revu et il en est ressorti une nouvelle tendance : ces derni\u00e8res ann\u00e9es, le prix du carbone est d'abord pass\u00e9 de 5 \u00e0 20\u20ac la tonne o\u00f9 il a stagn\u00e9 jusqu'en 2021 avant de grimper et d'atteindre, cette semaine de fin f\u00e9vrier, un record \u00e0 plus de 100 euros la tonne.","og_url":"https:\/\/www.renouvelle.be\/fr\/le-marche-europeen-du-carbone-passe-les-100-euros-la-tonne-pour-la-premiere-fois\/","og_site_name":"Renouvelle","article_published_time":"2023-02-24T16:26:10+00:00","article_modified_time":"2023-03-21T13:22:51+00:00","og_image":[{"width":580,"height":343,"url":"https:\/\/www.renouvelle.be\/wp-content\/uploads\/2021\/02\/istock-172337532.jpg","type":"image\/jpeg"}],"author":"Philippe Limbourg","twitter_card":"summary_large_image","schema":{"@context":"https:\/\/schema.org","@graph":[{"@type":"Article","@id":"https:\/\/www.renouvelle.be\/fr\/le-marche-europeen-du-carbone-passe-les-100-euros-la-tonne-pour-la-premiere-fois\/#article","isPartOf":{"@id":"https:\/\/www.renouvelle.be\/fr\/le-marche-europeen-du-carbone-passe-les-100-euros-la-tonne-pour-la-premiere-fois\/"},"author":{"name":"Philippe Limbourg","@id":"https:\/\/www.renouvelle.be\/fr\/#\/schema\/person\/980400dfd457d76423b6766ad2146490"},"headline":"Le march\u00e9 europ\u00e9en du carbone passe les 100 euros la tonne pour la premi\u00e8re fois.","datePublished":"2023-02-24T16:26:10+00:00","dateModified":"2023-03-21T13:22:51+00:00","mainEntityOfPage":{"@id":"https:\/\/www.renouvelle.be\/fr\/le-marche-europeen-du-carbone-passe-les-100-euros-la-tonne-pour-la-premiere-fois\/"},"wordCount":597,"commentCount":1,"image":{"@id":"https:\/\/www.renouvelle.be\/fr\/le-marche-europeen-du-carbone-passe-les-100-euros-la-tonne-pour-la-premiere-fois\/#primaryimage"},"thumbnailUrl":"https:\/\/www.renouvelle.be\/wp-content\/uploads\/2021\/02\/istock-172337532.jpg","articleSection":["Actualit\u00e9","Actualit\u00e9 internationale"],"inLanguage":"fr-FR","potentialAction":[{"@type":"CommentAction","name":"Comment","target":["https:\/\/www.renouvelle.be\/fr\/le-marche-europeen-du-carbone-passe-les-100-euros-la-tonne-pour-la-premiere-fois\/#respond"]}]},{"@type":"WebPage","@id":"https:\/\/www.renouvelle.be\/fr\/le-marche-europeen-du-carbone-passe-les-100-euros-la-tonne-pour-la-premiere-fois\/","url":"https:\/\/www.renouvelle.be\/fr\/le-marche-europeen-du-carbone-passe-les-100-euros-la-tonne-pour-la-premiere-fois\/","name":"Le march\u00e9 europ\u00e9en du carbone passe les 100 euros la tonne pour la premi\u00e8re fois. - Renouvelle","isPartOf":{"@id":"https:\/\/www.renouvelle.be\/fr\/#website"},"primaryImageOfPage":{"@id":"https:\/\/www.renouvelle.be\/fr\/le-marche-europeen-du-carbone-passe-les-100-euros-la-tonne-pour-la-premiere-fois\/#primaryimage"},"image":{"@id":"https:\/\/www.renouvelle.be\/fr\/le-marche-europeen-du-carbone-passe-les-100-euros-la-tonne-pour-la-premiere-fois\/#primaryimage"},"thumbnailUrl":"https:\/\/www.renouvelle.be\/wp-content\/uploads\/2021\/02\/istock-172337532.jpg","datePublished":"2023-02-24T16:26:10+00:00","dateModified":"2023-03-21T13:22:51+00:00","author":{"@id":"https:\/\/www.renouvelle.be\/fr\/#\/schema\/person\/980400dfd457d76423b6766ad2146490"},"description":"Le m\u00e9canisme ETS (Emission Trading Scheme) a r\u00e9cemment \u00e9t\u00e9 revu et il en est ressorti une nouvelle tendance : ces derni\u00e8res ann\u00e9es, le prix du carbone est d'abord pass\u00e9 de 5 \u00e0 20\u20ac la tonne o\u00f9 il a stagn\u00e9 jusqu'en 2021 avant de grimper et d'atteindre, cette semaine de fin f\u00e9vrier, un record \u00e0 plus de 100 euros la tonne.","breadcrumb":{"@id":"https:\/\/www.renouvelle.be\/fr\/le-marche-europeen-du-carbone-passe-les-100-euros-la-tonne-pour-la-premiere-fois\/#breadcrumb"},"inLanguage":"fr-FR","potentialAction":[{"@type":"ReadAction","target":["https:\/\/www.renouvelle.be\/fr\/le-marche-europeen-du-carbone-passe-les-100-euros-la-tonne-pour-la-premiere-fois\/"]}]},{"@type":"ImageObject","inLanguage":"fr-FR","@id":"https:\/\/www.renouvelle.be\/fr\/le-marche-europeen-du-carbone-passe-les-100-euros-la-tonne-pour-la-premiere-fois\/#primaryimage","url":"https:\/\/www.renouvelle.be\/wp-content\/uploads\/2021\/02\/istock-172337532.jpg","contentUrl":"https:\/\/www.renouvelle.be\/wp-content\/uploads\/2021\/02\/istock-172337532.jpg","width":580,"height":343,"caption":"\"CO2, chemical symbol of carbon dioxide, thought to be the main cause of global warming.See all my\""},{"@type":"BreadcrumbList","@id":"https:\/\/www.renouvelle.be\/fr\/le-marche-europeen-du-carbone-passe-les-100-euros-la-tonne-pour-la-premiere-fois\/#breadcrumb","itemListElement":[{"@type":"ListItem","position":1,"name":"Accueil","item":"https:\/\/www.renouvelle.be\/fr\/"},{"@type":"ListItem","position":2,"name":"Le march\u00e9 europ\u00e9en du carbone passe les 100 euros la tonne pour la premi\u00e8re fois."}]},{"@type":"WebSite","@id":"https:\/\/www.renouvelle.be\/fr\/#website","url":"https:\/\/www.renouvelle.be\/fr\/","name":"Renouvelle","description":"L&#039;actualit\u00e9 de l&#039;\u00e9nergie durable","potentialAction":[{"@type":"SearchAction","target":{"@type":"EntryPoint","urlTemplate":"https:\/\/www.renouvelle.be\/fr\/?s={search_term_string}"},"query-input":{"@type":"PropertyValueSpecification","valueRequired":true,"valueName":"search_term_string"}}],"inLanguage":"fr-FR"},{"@type":"Person","@id":"https:\/\/www.renouvelle.be\/fr\/#\/schema\/person\/980400dfd457d76423b6766ad2146490","name":"Philippe Limbourg","url":"https:\/\/www.renouvelle.be\/fr\/author\/philippe-limbourg\/"}]}},"_links":{"self":[{"href":"https:\/\/www.renouvelle.be\/fr\/wp-json\/wp\/v2\/posts\/3693","targetHints":{"allow":["GET"]}}],"collection":[{"href":"https:\/\/www.renouvelle.be\/fr\/wp-json\/wp\/v2\/posts"}],"about":[{"href":"https:\/\/www.renouvelle.be\/fr\/wp-json\/wp\/v2\/types\/post"}],"author":[{"embeddable":true,"href":"https:\/\/www.renouvelle.be\/fr\/wp-json\/wp\/v2\/users\/32"}],"replies":[{"embeddable":true,"href":"https:\/\/www.renouvelle.be\/fr\/wp-json\/wp\/v2\/comments?post=3693"}],"version-history":[{"count":15,"href":"https:\/\/www.renouvelle.be\/fr\/wp-json\/wp\/v2\/posts\/3693\/revisions"}],"predecessor-version":[{"id":9199,"href":"https:\/\/www.renouvelle.be\/fr\/wp-json\/wp\/v2\/posts\/3693\/revisions\/9199"}],"wp:featuredmedia":[{"embeddable":true,"href":"https:\/\/www.renouvelle.be\/fr\/wp-json\/wp\/v2\/media\/4544"}],"wp:attachment":[{"href":"https:\/\/www.renouvelle.be\/fr\/wp-json\/wp\/v2\/media?parent=3693"}],"wp:term":[{"taxonomy":"category","embeddable":true,"href":"https:\/\/www.renouvelle.be\/fr\/wp-json\/wp\/v2\/categories?post=3693"},{"taxonomy":"post_tag","embeddable":true,"href":"https:\/\/www.renouvelle.be\/fr\/wp-json\/wp\/v2\/tags?post=3693"},{"taxonomy":"section","embeddable":true,"href":"https:\/\/www.renouvelle.be\/fr\/wp-json\/wp\/v2\/section?post=3693"}],"curies":[{"name":"wp","href":"https:\/\/api.w.org\/{rel}","templated":true}]}}