{"id":3684,"date":"2019-03-21T15:46:06","date_gmt":"2019-03-21T15:46:06","guid":{"rendered":""},"modified":"2021-03-09T08:23:00","modified_gmt":"2021-03-09T07:23:00","slug":"le-photovoltaique-reste-rentable-en-wallonie-meme-avec-le-tarif-prosumer","status":"publish","type":"post","link":"https:\/\/www.renouvelle.be\/fr\/le-photovoltaique-reste-rentable-en-wallonie-meme-avec-le-tarif-prosumer\/","title":{"rendered":"Le photovolta\u00efque reste rentable en Wallonie, m\u00eame avec le tarif prosumer"},"content":{"rendered":"<p>De nombreux m\u00e9nages wallons se d\u00e9cident actuellement \u00e0 s\u2019\u00e9quiper en photovolta\u00efque, suite \u00e0 l\u2019annonce d\u2019une possible exon\u00e9ration du tarif prosumer pour toute installation avant le 1<sup>er<\/sup> juillet 2019, ce qui offrirait une meilleure rentabilit\u00e9.<\/p>\n<p>Ce regain d\u2019installation est en soi une bonne nouvelle pour le d\u00e9veloppement de la fili\u00e8re photovolta\u00efque en Wallonie et pour la lutte contre le r\u00e9chauffement climatique.<\/p>\n<p>Renouvelle souhaite cependant temporiser cet effet ponctuel car, \u00e0 ce stade&nbsp;:<\/p>\n<ul>\n<li>rien ne dit que les installations existantes seront effectivement exon\u00e9r\u00e9es du tarif prosumer&nbsp;;<\/li>\n<li>l\u2019investissement reste rentable et b\u00e9n\u00e9fique pour la collectivit\u00e9 (m\u00eame avec cette redevance).<\/li>\n<\/ul>\n<p>Nous d\u00e9veloppons ci-dessous une analyse des enjeux ainsi qu\u2019un calcul d\u00e9taill\u00e9 de la rentabilit\u00e9 solaire, avec ou sans tarif prosumer.<\/p>\n<h2>Contexte politique et institutionnel<\/h2>\n<p>Le ministre wallon de l\u2019\u00e9nergie a effectivement d\u00e9pos\u00e9 une proposition de d\u00e9cret motivant une exon\u00e9ration du tarif prosumer pour tout syst\u00e8me install\u00e9 avant le 1<sup>er<\/sup> juillet 2019. Cependant, le gouvernement wallon &#8211; qui vient de perdre sa majorit\u00e9 au parlement et se voit donc limit\u00e9 dans son action &#8211; n\u2019a pas encore adopt\u00e9 ce d\u00e9cret et il n\u2019est pas s\u00fbr qu\u2019il y parvienne avant les \u00e9lections r\u00e9gionales du 26 mai prochain.<\/p>\n<p>Ensuite, soulignons que la CWaPE &#8211; r\u00e9gulateur du march\u00e9 wallon de l\u2019\u00e9nergie &#8211; estime que cette initiative empi\u00e8te sur ses comp\u00e9tences tarifaires (d\u00e9coulant des directives europ\u00e9ennes et visant \u00e0 prot\u00e9ger l&rsquo;int\u00e9r\u00eat des utilisateurs du r\u00e9seau). Si ce d\u00e9cret devait \u00eatre adopt\u00e9, la CWaPE introduira probablement un recours. Ce serait alors \u00e0 la justice de se prononcer, ce qui prendra quelques mois.<\/p>\n<p>Au final, il est donc possible \u2013 voire probable \u2013 qu\u2019un tarif prosumer soit, dans tous les cas, appliqu\u00e9 \u00e0 tous les prosumers un jour ou l\u2019autre, peu importe la date d\u2019installation.<\/p>\n<p>Compte tenu de la grande incertitude sur cette exon\u00e9ration, Renouvelle a d\u00e9cid\u00e9 d\u2019analyser la rentabilit\u00e9 de l\u2019investissement solaire en Wallonie, avec ou sans un tarif prosumer, sur base des chiffres de co\u00fbts des installations photovolta\u00efques (toujours \u00e0 la baisse) et de leur productivit\u00e9 (toujours en hausse) de 2019. Et il en ressort que le photovolta\u00efque reste rentable, dans les deux cas (voir plus bas).<\/p>\n<p>Pr\u00e9cisons que ce tarif prosumer ne concerne pas les m\u00e9nages bruxellois, qui b\u00e9n\u00e9ficient eux aussi d\u2019une bonne rentabilit\u00e9 (lire notre article <a href=\"https:\/\/www.renouvelle.be\/fr\/technologies\/bien-dimensionner-une-installation-photovoltaique-a-bruxelles-a-partir-de-2020\">Comment optimiser la rentabilit\u00e9 d&rsquo;une installation photovolta\u00efque \u00e0 Bruxelles \u00e0 partir de 2020<\/a>).<\/p>\n<p>Mais rappelons d\u2019abord les enjeux dont il est question avec cette tarification.<\/p>\n<h2>La contribution aux co\u00fbts du r\u00e9seau aujourd\u2019hui<\/h2>\n<p>Actuellement, un consommateur r\u00e9sidentiel non producteur contribue aux co\u00fbts du r\u00e9seau \u00e9lectrique publique sur base des quantit\u00e9s d\u2019\u00e9lectricit\u00e9 (kWh) qu\u2019il a pr\u00e9lev\u00e9es. De mani\u00e8re sch\u00e9matique, une partie de ce qu\u2019il paye finance l\u2019\u00e9nergie produite et fournie, une autre finance le r\u00e9seau \u00e9lectrique et une troisi\u00e8me constitue des taxes (TVA, contribution \u00e0 l\u2019\u00e9nergie verte, \u2026).<\/p>\n<p>Les producteurs-consommateurs (prosumers) b\u00e9n\u00e9ficient, quant \u00e0 eux, d\u2019une aide sous forme du \u00ab&nbsp;compteur qui tourne \u00e0 l\u2019envers&nbsp;\u00bb. Plus justement appel\u00e9e compensation, ce principe veut qu\u2019ils contribuent aux frais du r\u00e9seau uniquement pour les quantit\u00e9s d\u2019\u00e9lectricit\u00e9 qu\u2019ils consommeraient au-del\u00e0 des quantit\u00e9s qu\u2019ils produisent.<\/p>\n<p>Un prosumer qui produit l\u2019\u00e9quivalent, ou plus, que ce qu\u2019il consomme sur une p\u00e9riode donn\u00e9e (12 mois au maximum), ne paye donc plus aucun kWh et, sur cette base, ne contribue plus aux frais du r\u00e9seau (il paye simplement la location de son compteur). Or ce consommateur utilise toujours le r\u00e9seau quand son installation photovolta\u00efque ne produit pas ou pas assez d\u2019\u00e9nergie (la nuit, les journ\u00e9es nuageuses, \u2026), sans contribuer au financement de ce service.<\/p>\n<h2>La contribution aux co\u00fbts du r\u00e9seau \u00e0 partir de janvier 2020<\/h2>\n<p>Le r\u00e9gulateur wallon (la CWaPE) a pr\u00e9vu de faire contribuer, \u00e0 partir du 1<sup>er<\/sup> janvier 2020, tous les utilisateurs du r\u00e9seau (prosumers ou pas) sur la m\u00eame base&nbsp;: les quantit\u00e9s r\u00e9ellement pr\u00e9lev\u00e9es.<\/p>\n<p>Pour identifier cette quantit\u00e9 chez un prosumer, il y a lieu de placer un compteur qui mesure s\u00e9par\u00e9ment la consommation pr\u00e9lev\u00e9e et la production inject\u00e9e, via un compteur dit \u00ab&nbsp;double flux&nbsp;\u00bb. Ces nouveaux compteurs \u2013 qui pourraient \u00e9galement avoir une fonction communicante &#8211; devraient \u00eatre disponibles chez les gestionnaires de distributions, sur demande, pour un montant de 150 \u20ac HTVA (information qui demande \u00e0 \u00eatre officialis\u00e9e par les GRD).<\/p>\n<p>Un prosumer \u00e9quip\u00e9 d\u2019un tel compteur payera les frais r\u00e9seau pour les quantit\u00e9s qu\u2019il pr\u00e9l\u00e8ve r\u00e9ellement, ind\u00e9pendamment de la quantit\u00e9 produite et inject\u00e9e sur le r\u00e9seau. Ce prosumer aura donc tout int\u00e9r\u00eat \u00e0 diminuer ses consommations (surtout nocturnes) pr\u00e9lev\u00e9es du r\u00e9seau (car plus cher) et \u00e0 d\u00e9placer ce qui est possible en journ\u00e9e, afin d\u2019augmenter son autoconsommation \u2013 deux effets vertueux tant pour ce m\u00e9nage que pour la collectivit\u00e9 (lire notre article <a href=\"https:\/\/www.renouvelle.be\/fr\/debats\/comment-financer-le-reseau-electrique-et-integrer-durablement-les-prosumers\">Comment financer le r\u00e9seau \u00e9lectrique et int\u00e9grer durablement les prosumers\u202f?<\/a>).<\/p>\n<p>Notons qu\u2019un prosumer qui souhaite garder son compteur historique (qui m\u00e9caniquement tourne \u00e0 l\u2019envers) paiera une contribution aux frais du r\u00e9seau calcul\u00e9e de mani\u00e8re forfaitaire sur la base de la puissance de son installation photovolta\u00efque. Le montant de cette contribution ne sera pas influenc\u00e9 par le comportement du prosumer.<\/p>\n<p>&nbsp;Dans tous les cas, le prosumer ne payera pas plus que le forfait calcul\u00e9.<\/p>\n<p>Avec l\u2019introduction de cette tarification, le r\u00e9seau retrouve 50 \u00e0 60 millions d\u2019euros de financement qui, actuellement, lui font d\u00e9faut.<\/p>\n<p><img decoding=\"async\" alt=\"\" src=\"\/wp-content\/uploads\/2021\/02\/post\/istock-1008867892_0.jpg\" style=\"width: 580px; height: 328px;\"><\/p>\n<h2>Quelle rentabilit\u00e9, avec ou sans tarif prosumer&nbsp;?<\/h2>\n<p>Bon, entrons maintenant dans le vif du sujet&nbsp;: quelle serait la rentabilit\u00e9 d\u2019un investissement solaire, avec ou sans tarif prosumer&nbsp;?<\/p>\n<p>Notons d\u2019abord que, vu la forte demande actuelle, nous observons des prix \u00e0 la hausse. La fili\u00e8re semble d\u2019ailleurs satur\u00e9e et il s\u2019av\u00e8re a priori \u00ab&nbsp;trop tard&nbsp;\u00bb pour obtenir une installation avant l\u2019\u00e9ch\u00e9ance annonc\u00e9e du 1<sup>er<\/sup> juillet 2019.<\/p>\n<p>A contrario, des installateurs proposent d\u2019ores et d\u00e9j\u00e0 d\u2019importantes r\u00e9duction \u2013 jusqu\u2019\u00e0 25% &#8211; pour les syst\u00e8mes qui seront install\u00e9s \u00e0 partir de juillet 2019, afin de maintenir l\u2019activit\u00e9. C\u2019est le jeu de l\u2019offre et de la demande et, au final, un m\u00e9nage qui se d\u00e9cidera plus tard b\u00e9n\u00e9ficiera sans doute d\u2019un prix plus int\u00e9ressant et gardera une bonne rentabilit\u00e9, comme nous allons le voir.<\/p>\n<p>Selon l\u2019analyse financi\u00e8re de l\u2019<a href=\"http:\/\/www.apere.org\">APERe<\/a> pour un m\u00e9nage type (installation de 5 kWc, toit bien orient\u00e9, consommation de 4.750 kWh\/an), la rentabilit\u00e9 photovolta\u00efque sera de 4 \u00e0 6% avec le tarif prosumer et de 6 \u00e0 8% sans ce tarif (dans le cas o\u00f9 le d\u00e9cret est adopt\u00e9 et tout recours rejet\u00e9). C\u2019est donc un coup de poker, mais dont la diff\u00e9rence de gain n\u2019est pas tr\u00e8s \u00e9lev\u00e9e.<\/p>\n<p><img decoding=\"async\" alt=\"\" src=\"\/wp-content\/uploads\/2021\/02\/post\/illu3_0.jpg\" style=\"width: 500px; height: 300px;\"><\/p>\n<p>Vous trouverez <a href=\"\/wp-content\/uploads\/2021\/02\/post\/calcul_rentabilite_pv_wallonie.pdf\" target=\"_blank\" rel=\"noopener\">ici<\/a> l&rsquo;explication du calcul&nbsp;en d\u00e9tail.<\/p>\n<p>Nos conclusions \u00e0 ce titre sont sans appel : avec ou sans taxe prosumer, l\u2019investissement photovolta\u00efque reste int\u00e9ressant en Wallonie. Cette d\u00e9marche reste plus rentable qu\u2019un compte \u00e9pargne et constitue un placement \u00ab&nbsp;en bon p\u00e8re de famille.&nbsp;\u00bb<\/p>\n<p>Notons que cet investissement est aujourd\u2019hui beaucoup plus mod\u00e9r\u00e9. Vu la chute des co\u00fbts de fabrication, une installation photovolta\u00efque moyenne co\u00fbte actuellement 6.000\u20ac\u00e0 7.000\u20ac, contre 30.000\u20ac \u00e0 35.000\u20ac voici 10 ans \u2013 ce qui explique pourquoi les niveaux de soutien ont \u00e9t\u00e9 r\u00e9guli\u00e8rement revus \u00e0 la baisse ces derni\u00e8res ann\u00e9es.<\/p>\n<p>Par ailleurs, la maturit\u00e9 \u00e9conomique et technologique d\u00e9montre que le photovolta\u00efque produit davantage et plus longtemps que pr\u00e9vu, ce qui en fait un investissement plus int\u00e9ressant encore (lire notre article <a href=\"https:\/\/www.renouvelle.be\/fr\/statistiques\/ensoleillement-record-en-belgique-en-2018-combien-produiront-les-panneaux-solaires\">Ensoleillement record en Belgique en 2018&nbsp;: Combien produiront les panneaux solaires demain ?<\/a>).<\/p>\n<h2 class=\"title\" id=\"page-title\">Calculez la rentabilit\u00e9 de votre installation, avec le tarif prosumer<\/h2>\n<p><em>Mise \u00e0 jour du 28 juin 2019<\/em><\/p>\n<p>Le tarif prosumer s\u2019appliquera finalement \u00e0 toutes les installations photovolta\u00efques en Wallonie d\u00e8s janvier 2020. La rentabilit\u00e9 reste cependant int\u00e9ressante. Faites votre calcul sur le Simulateur financier, qui int\u00e8gre d\u00e9sormais le tarif prosumer.<\/p>\n<p>Lire notre article <a href=\"https:\/\/www.renouvelle.be\/fr\/actualite-belgique\/photovoltaique-en-wallonie-calculez-la-rentabilite-de-votre-installation-avec-le\">Photovolta\u00efque en Wallonie : calculez la rentabilit\u00e9 de votre installation, avec le tarif prosumer.<\/a><\/p>\n<p>Faites vos calculs sur le <a href=\"http:\/\/sifpv.apere.org\/\" target=\"_blank\" rel=\"noopener\">Simulateur photovolta\u00efque financier pour particuliers en Wallonie<\/a>.<\/p>\n<p>&nbsp;<\/p>\n<p>&nbsp;<\/p>\n","protected":false},"excerpt":{"rendered":"<p>De nombreux m\u00e9nages wallons se d\u00e9cident actuellement \u00e0 s\u2019\u00e9quiper en photovolta\u00efque, suite \u00e0 l\u2019annonce d\u2019une possible exon\u00e9ration du tarif prosumer pour toute installation avant le 1er juillet 2019, ce qui offrirait une meilleure rentabilit\u00e9. Ce regain d\u2019installation est en soi une bonne nouvelle pour le d\u00e9veloppement de la fili\u00e8re photovolta\u00efque en Wallonie et pour la lutte contre le r\u00e9chauffement climatique. Renouvelle souhaite cependant temporiser cet effet ponctuel car, \u00e0 ce stade&nbsp;: rien ne dit que les installations existantes seront effectivement exon\u00e9r\u00e9es du tarif prosumer&nbsp;; l\u2019investissement reste rentable et b\u00e9n\u00e9fique pour la collectivit\u00e9 (m\u00eame avec cette redevance). Nous d\u00e9veloppons ci-dessous une analyse des enjeux ainsi qu\u2019un calcul d\u00e9taill\u00e9 de la rentabilit\u00e9 solaire, avec ou sans tarif prosumer. Contexte politique et institutionnel Le ministre wallon de l\u2019\u00e9nergie a effectivement d\u00e9pos\u00e9 une proposition de d\u00e9cret motivant une exon\u00e9ration du tarif prosumer pour tout syst\u00e8me install\u00e9 avant le 1er juillet 2019. Cependant, le gouvernement wallon &#8211; qui vient de perdre sa majorit\u00e9 au parlement et se voit donc limit\u00e9 dans son action &#8211; n\u2019a pas encore adopt\u00e9 ce d\u00e9cret et il n\u2019est pas s\u00fbr qu\u2019il y parvienne avant les \u00e9lections r\u00e9gionales du 26 mai prochain. Ensuite, soulignons que la CWaPE &#8211; r\u00e9gulateur du march\u00e9 wallon de l\u2019\u00e9nergie &#8211; estime que cette initiative empi\u00e8te sur ses comp\u00e9tences tarifaires (d\u00e9coulant des directives europ\u00e9ennes et visant \u00e0 prot\u00e9ger l&rsquo;int\u00e9r\u00eat des utilisateurs du r\u00e9seau). Si ce d\u00e9cret devait \u00eatre adopt\u00e9, la CWaPE introduira probablement un recours. Ce serait alors \u00e0 la justice de se prononcer, ce qui prendra quelques mois. Au final, il est donc possible \u2013 voire probable \u2013 qu\u2019un tarif prosumer soit, dans tous les cas, appliqu\u00e9 \u00e0 tous les prosumers un jour ou l\u2019autre, peu importe la date d\u2019installation. Compte tenu de la grande incertitude &hellip; <a href=\"https:\/\/www.renouvelle.be\/fr\/le-photovoltaique-reste-rentable-en-wallonie-meme-avec-le-tarif-prosumer\/\" class=\"more-link\">Continue reading<span class=\"screen-reader-text\"> \u00ab\u00a0Le photovolta\u00efque reste rentable en Wallonie, m\u00eame avec le tarif prosumer\u00a0\u00bb<\/span><\/a><\/p>\n","protected":false},"author":23,"featured_media":4559,"comment_status":"open","ping_status":"open","sticky":false,"template":"","format":"standard","meta":{"_acf_changed":false,"footnotes":""},"categories":[17],"tags":[],"section":[13],"class_list":["post-3684","post","type-post","status-publish","format-standard","has-post-thumbnail","hentry","category-actualite-en-belgique","section-solaire"],"acf":[],"yoast_head":"<!-- This site is optimized with the Yoast SEO plugin v27.5 - https:\/\/yoast.com\/product\/yoast-seo-wordpress\/ -->\n<title>Le photovolta\u00efque reste rentable en Wallonie, m\u00eame avec le tarif prosumer - Renouvelle<\/title>\n<meta name=\"robots\" content=\"index, follow, max-snippet:-1, max-image-preview:large, max-video-preview:-1\" \/>\n<link rel=\"canonical\" href=\"https:\/\/www.renouvelle.be\/fr\/le-photovoltaique-reste-rentable-en-wallonie-meme-avec-le-tarif-prosumer\/\" \/>\n<meta property=\"og:locale\" content=\"fr_FR\" \/>\n<meta property=\"og:type\" content=\"article\" \/>\n<meta property=\"og:title\" content=\"Le photovolta\u00efque reste rentable en Wallonie, m\u00eame avec le tarif prosumer - Renouvelle\" \/>\n<meta property=\"og:description\" content=\"De nombreux m\u00e9nages wallons se d\u00e9cident actuellement \u00e0 s\u2019\u00e9quiper en photovolta\u00efque, suite \u00e0 l\u2019annonce d\u2019une possible exon\u00e9ration du tarif prosumer pour toute installation avant le 1er juillet 2019, ce qui offrirait une meilleure rentabilit\u00e9. Ce regain d\u2019installation est en soi une bonne nouvelle pour le d\u00e9veloppement de la fili\u00e8re photovolta\u00efque en Wallonie et pour la lutte contre le r\u00e9chauffement climatique. Renouvelle souhaite cependant temporiser cet effet ponctuel car, \u00e0 ce stade&nbsp;: rien ne dit que les installations existantes seront effectivement exon\u00e9r\u00e9es du tarif prosumer&nbsp;; l\u2019investissement reste rentable et b\u00e9n\u00e9fique pour la collectivit\u00e9 (m\u00eame avec cette redevance). Nous d\u00e9veloppons ci-dessous une analyse des enjeux ainsi qu\u2019un calcul d\u00e9taill\u00e9 de la rentabilit\u00e9 solaire, avec ou sans tarif prosumer. Contexte politique et institutionnel Le ministre wallon de l\u2019\u00e9nergie a effectivement d\u00e9pos\u00e9 une proposition de d\u00e9cret motivant une exon\u00e9ration du tarif prosumer pour tout syst\u00e8me install\u00e9 avant le 1er juillet 2019. Cependant, le gouvernement wallon &#8211; qui vient de perdre sa majorit\u00e9 au parlement et se voit donc limit\u00e9 dans son action &#8211; n\u2019a pas encore adopt\u00e9 ce d\u00e9cret et il n\u2019est pas s\u00fbr qu\u2019il y parvienne avant les \u00e9lections r\u00e9gionales du 26 mai prochain. Ensuite, soulignons que la CWaPE &#8211; r\u00e9gulateur du march\u00e9 wallon de l\u2019\u00e9nergie &#8211; estime que cette initiative empi\u00e8te sur ses comp\u00e9tences tarifaires (d\u00e9coulant des directives europ\u00e9ennes et visant \u00e0 prot\u00e9ger l&rsquo;int\u00e9r\u00eat des utilisateurs du r\u00e9seau). Si ce d\u00e9cret devait \u00eatre adopt\u00e9, la CWaPE introduira probablement un recours. Ce serait alors \u00e0 la justice de se prononcer, ce qui prendra quelques mois. Au final, il est donc possible \u2013 voire probable \u2013 qu\u2019un tarif prosumer soit, dans tous les cas, appliqu\u00e9 \u00e0 tous les prosumers un jour ou l\u2019autre, peu importe la date d\u2019installation. Compte tenu de la grande incertitude &hellip; Continue reading &quot;Le photovolta\u00efque reste rentable en Wallonie, m\u00eame avec le tarif prosumer&quot;\" \/>\n<meta property=\"og:url\" content=\"https:\/\/www.renouvelle.be\/fr\/le-photovoltaique-reste-rentable-en-wallonie-meme-avec-le-tarif-prosumer\/\" \/>\n<meta property=\"og:site_name\" content=\"Renouvelle\" \/>\n<meta property=\"article:published_time\" content=\"2019-03-21T15:46:06+00:00\" \/>\n<meta property=\"article:modified_time\" content=\"2021-03-09T07:23:00+00:00\" \/>\n<meta property=\"og:image\" content=\"https:\/\/www.renouvelle.be\/wp-content\/uploads\/2021\/02\/istock-476167125.jpg\" \/>\n\t<meta property=\"og:image:width\" content=\"580\" \/>\n\t<meta property=\"og:image:height\" content=\"365\" \/>\n\t<meta property=\"og:image:type\" content=\"image\/jpeg\" \/>\n<meta name=\"author\" content=\"Jonathan LELOUX\" \/>\n<meta name=\"twitter:card\" content=\"summary_large_image\" \/>\n<script type=\"application\/ld+json\" class=\"yoast-schema-graph\">{\"@context\":\"https:\\\/\\\/schema.org\",\"@graph\":[{\"@type\":\"Article\",\"@id\":\"https:\\\/\\\/www.renouvelle.be\\\/fr\\\/le-photovoltaique-reste-rentable-en-wallonie-meme-avec-le-tarif-prosumer\\\/#article\",\"isPartOf\":{\"@id\":\"https:\\\/\\\/www.renouvelle.be\\\/fr\\\/le-photovoltaique-reste-rentable-en-wallonie-meme-avec-le-tarif-prosumer\\\/\"},\"author\":{\"name\":\"Jonathan LELOUX\",\"@id\":\"https:\\\/\\\/www.renouvelle.be\\\/fr\\\/#\\\/schema\\\/person\\\/d097e532aac731750a580101a60ab9f8\"},\"headline\":\"Le photovolta\u00efque reste rentable en Wallonie, m\u00eame avec le tarif prosumer\",\"datePublished\":\"2019-03-21T15:46:06+00:00\",\"dateModified\":\"2021-03-09T07:23:00+00:00\",\"mainEntityOfPage\":{\"@id\":\"https:\\\/\\\/www.renouvelle.be\\\/fr\\\/le-photovoltaique-reste-rentable-en-wallonie-meme-avec-le-tarif-prosumer\\\/\"},\"wordCount\":1442,\"commentCount\":0,\"image\":{\"@id\":\"https:\\\/\\\/www.renouvelle.be\\\/fr\\\/le-photovoltaique-reste-rentable-en-wallonie-meme-avec-le-tarif-prosumer\\\/#primaryimage\"},\"thumbnailUrl\":\"https:\\\/\\\/www.renouvelle.be\\\/wp-content\\\/uploads\\\/2021\\\/02\\\/istock-476167125.jpg\",\"articleSection\":[\"Actualit\u00e9 en Belgique\"],\"inLanguage\":\"fr-FR\",\"potentialAction\":[{\"@type\":\"CommentAction\",\"name\":\"Comment\",\"target\":[\"https:\\\/\\\/www.renouvelle.be\\\/fr\\\/le-photovoltaique-reste-rentable-en-wallonie-meme-avec-le-tarif-prosumer\\\/#respond\"]}]},{\"@type\":\"WebPage\",\"@id\":\"https:\\\/\\\/www.renouvelle.be\\\/fr\\\/le-photovoltaique-reste-rentable-en-wallonie-meme-avec-le-tarif-prosumer\\\/\",\"url\":\"https:\\\/\\\/www.renouvelle.be\\\/fr\\\/le-photovoltaique-reste-rentable-en-wallonie-meme-avec-le-tarif-prosumer\\\/\",\"name\":\"Le photovolta\u00efque reste rentable en Wallonie, m\u00eame avec le tarif prosumer - Renouvelle\",\"isPartOf\":{\"@id\":\"https:\\\/\\\/www.renouvelle.be\\\/fr\\\/#website\"},\"primaryImageOfPage\":{\"@id\":\"https:\\\/\\\/www.renouvelle.be\\\/fr\\\/le-photovoltaique-reste-rentable-en-wallonie-meme-avec-le-tarif-prosumer\\\/#primaryimage\"},\"image\":{\"@id\":\"https:\\\/\\\/www.renouvelle.be\\\/fr\\\/le-photovoltaique-reste-rentable-en-wallonie-meme-avec-le-tarif-prosumer\\\/#primaryimage\"},\"thumbnailUrl\":\"https:\\\/\\\/www.renouvelle.be\\\/wp-content\\\/uploads\\\/2021\\\/02\\\/istock-476167125.jpg\",\"datePublished\":\"2019-03-21T15:46:06+00:00\",\"dateModified\":\"2021-03-09T07:23:00+00:00\",\"author\":{\"@id\":\"https:\\\/\\\/www.renouvelle.be\\\/fr\\\/#\\\/schema\\\/person\\\/d097e532aac731750a580101a60ab9f8\"},\"breadcrumb\":{\"@id\":\"https:\\\/\\\/www.renouvelle.be\\\/fr\\\/le-photovoltaique-reste-rentable-en-wallonie-meme-avec-le-tarif-prosumer\\\/#breadcrumb\"},\"inLanguage\":\"fr-FR\",\"potentialAction\":[{\"@type\":\"ReadAction\",\"target\":[\"https:\\\/\\\/www.renouvelle.be\\\/fr\\\/le-photovoltaique-reste-rentable-en-wallonie-meme-avec-le-tarif-prosumer\\\/\"]}]},{\"@type\":\"ImageObject\",\"inLanguage\":\"fr-FR\",\"@id\":\"https:\\\/\\\/www.renouvelle.be\\\/fr\\\/le-photovoltaique-reste-rentable-en-wallonie-meme-avec-le-tarif-prosumer\\\/#primaryimage\",\"url\":\"https:\\\/\\\/www.renouvelle.be\\\/wp-content\\\/uploads\\\/2021\\\/02\\\/istock-476167125.jpg\",\"contentUrl\":\"https:\\\/\\\/www.renouvelle.be\\\/wp-content\\\/uploads\\\/2021\\\/02\\\/istock-476167125.jpg\",\"width\":580,\"height\":365,\"caption\":\"Solar energy concept.Isolated on white background.3d rendered.\"},{\"@type\":\"BreadcrumbList\",\"@id\":\"https:\\\/\\\/www.renouvelle.be\\\/fr\\\/le-photovoltaique-reste-rentable-en-wallonie-meme-avec-le-tarif-prosumer\\\/#breadcrumb\",\"itemListElement\":[{\"@type\":\"ListItem\",\"position\":1,\"name\":\"Accueil\",\"item\":\"https:\\\/\\\/www.renouvelle.be\\\/fr\\\/\"},{\"@type\":\"ListItem\",\"position\":2,\"name\":\"Le photovolta\u00efque reste rentable en Wallonie, m\u00eame avec le tarif prosumer\"}]},{\"@type\":\"WebSite\",\"@id\":\"https:\\\/\\\/www.renouvelle.be\\\/fr\\\/#website\",\"url\":\"https:\\\/\\\/www.renouvelle.be\\\/fr\\\/\",\"name\":\"Renouvelle\",\"description\":\"L&#039;actualit\u00e9 de l&#039;\u00e9nergie durable\",\"potentialAction\":[{\"@type\":\"SearchAction\",\"target\":{\"@type\":\"EntryPoint\",\"urlTemplate\":\"https:\\\/\\\/www.renouvelle.be\\\/fr\\\/?s={search_term_string}\"},\"query-input\":{\"@type\":\"PropertyValueSpecification\",\"valueRequired\":true,\"valueName\":\"search_term_string\"}}],\"inLanguage\":\"fr-FR\"},{\"@type\":\"Person\",\"@id\":\"https:\\\/\\\/www.renouvelle.be\\\/fr\\\/#\\\/schema\\\/person\\\/d097e532aac731750a580101a60ab9f8\",\"name\":\"Jonathan LELOUX\",\"url\":\"https:\\\/\\\/www.renouvelle.be\\\/fr\\\/author\\\/jonathanleloux\\\/\"}]}<\/script>\n<!-- \/ Yoast SEO plugin. -->","yoast_head_json":{"title":"Le photovolta\u00efque reste rentable en Wallonie, m\u00eame avec le tarif prosumer - Renouvelle","robots":{"index":"index","follow":"follow","max-snippet":"max-snippet:-1","max-image-preview":"max-image-preview:large","max-video-preview":"max-video-preview:-1"},"canonical":"https:\/\/www.renouvelle.be\/fr\/le-photovoltaique-reste-rentable-en-wallonie-meme-avec-le-tarif-prosumer\/","og_locale":"fr_FR","og_type":"article","og_title":"Le photovolta\u00efque reste rentable en Wallonie, m\u00eame avec le tarif prosumer - Renouvelle","og_description":"De nombreux m\u00e9nages wallons se d\u00e9cident actuellement \u00e0 s\u2019\u00e9quiper en photovolta\u00efque, suite \u00e0 l\u2019annonce d\u2019une possible exon\u00e9ration du tarif prosumer pour toute installation avant le 1er juillet 2019, ce qui offrirait une meilleure rentabilit\u00e9. Ce regain d\u2019installation est en soi une bonne nouvelle pour le d\u00e9veloppement de la fili\u00e8re photovolta\u00efque en Wallonie et pour la lutte contre le r\u00e9chauffement climatique. Renouvelle souhaite cependant temporiser cet effet ponctuel car, \u00e0 ce stade&nbsp;: rien ne dit que les installations existantes seront effectivement exon\u00e9r\u00e9es du tarif prosumer&nbsp;; l\u2019investissement reste rentable et b\u00e9n\u00e9fique pour la collectivit\u00e9 (m\u00eame avec cette redevance). Nous d\u00e9veloppons ci-dessous une analyse des enjeux ainsi qu\u2019un calcul d\u00e9taill\u00e9 de la rentabilit\u00e9 solaire, avec ou sans tarif prosumer. Contexte politique et institutionnel Le ministre wallon de l\u2019\u00e9nergie a effectivement d\u00e9pos\u00e9 une proposition de d\u00e9cret motivant une exon\u00e9ration du tarif prosumer pour tout syst\u00e8me install\u00e9 avant le 1er juillet 2019. Cependant, le gouvernement wallon &#8211; qui vient de perdre sa majorit\u00e9 au parlement et se voit donc limit\u00e9 dans son action &#8211; n\u2019a pas encore adopt\u00e9 ce d\u00e9cret et il n\u2019est pas s\u00fbr qu\u2019il y parvienne avant les \u00e9lections r\u00e9gionales du 26 mai prochain. Ensuite, soulignons que la CWaPE &#8211; r\u00e9gulateur du march\u00e9 wallon de l\u2019\u00e9nergie &#8211; estime que cette initiative empi\u00e8te sur ses comp\u00e9tences tarifaires (d\u00e9coulant des directives europ\u00e9ennes et visant \u00e0 prot\u00e9ger l&rsquo;int\u00e9r\u00eat des utilisateurs du r\u00e9seau). Si ce d\u00e9cret devait \u00eatre adopt\u00e9, la CWaPE introduira probablement un recours. Ce serait alors \u00e0 la justice de se prononcer, ce qui prendra quelques mois. Au final, il est donc possible \u2013 voire probable \u2013 qu\u2019un tarif prosumer soit, dans tous les cas, appliqu\u00e9 \u00e0 tous les prosumers un jour ou l\u2019autre, peu importe la date d\u2019installation. Compte tenu de la grande incertitude &hellip; Continue reading \"Le photovolta\u00efque reste rentable en Wallonie, m\u00eame avec le tarif prosumer\"","og_url":"https:\/\/www.renouvelle.be\/fr\/le-photovoltaique-reste-rentable-en-wallonie-meme-avec-le-tarif-prosumer\/","og_site_name":"Renouvelle","article_published_time":"2019-03-21T15:46:06+00:00","article_modified_time":"2021-03-09T07:23:00+00:00","og_image":[{"width":580,"height":365,"url":"https:\/\/www.renouvelle.be\/wp-content\/uploads\/2021\/02\/istock-476167125.jpg","type":"image\/jpeg"}],"author":"Jonathan LELOUX","twitter_card":"summary_large_image","schema":{"@context":"https:\/\/schema.org","@graph":[{"@type":"Article","@id":"https:\/\/www.renouvelle.be\/fr\/le-photovoltaique-reste-rentable-en-wallonie-meme-avec-le-tarif-prosumer\/#article","isPartOf":{"@id":"https:\/\/www.renouvelle.be\/fr\/le-photovoltaique-reste-rentable-en-wallonie-meme-avec-le-tarif-prosumer\/"},"author":{"name":"Jonathan LELOUX","@id":"https:\/\/www.renouvelle.be\/fr\/#\/schema\/person\/d097e532aac731750a580101a60ab9f8"},"headline":"Le photovolta\u00efque reste rentable en Wallonie, m\u00eame avec le tarif prosumer","datePublished":"2019-03-21T15:46:06+00:00","dateModified":"2021-03-09T07:23:00+00:00","mainEntityOfPage":{"@id":"https:\/\/www.renouvelle.be\/fr\/le-photovoltaique-reste-rentable-en-wallonie-meme-avec-le-tarif-prosumer\/"},"wordCount":1442,"commentCount":0,"image":{"@id":"https:\/\/www.renouvelle.be\/fr\/le-photovoltaique-reste-rentable-en-wallonie-meme-avec-le-tarif-prosumer\/#primaryimage"},"thumbnailUrl":"https:\/\/www.renouvelle.be\/wp-content\/uploads\/2021\/02\/istock-476167125.jpg","articleSection":["Actualit\u00e9 en Belgique"],"inLanguage":"fr-FR","potentialAction":[{"@type":"CommentAction","name":"Comment","target":["https:\/\/www.renouvelle.be\/fr\/le-photovoltaique-reste-rentable-en-wallonie-meme-avec-le-tarif-prosumer\/#respond"]}]},{"@type":"WebPage","@id":"https:\/\/www.renouvelle.be\/fr\/le-photovoltaique-reste-rentable-en-wallonie-meme-avec-le-tarif-prosumer\/","url":"https:\/\/www.renouvelle.be\/fr\/le-photovoltaique-reste-rentable-en-wallonie-meme-avec-le-tarif-prosumer\/","name":"Le photovolta\u00efque reste rentable en Wallonie, m\u00eame avec le tarif prosumer - Renouvelle","isPartOf":{"@id":"https:\/\/www.renouvelle.be\/fr\/#website"},"primaryImageOfPage":{"@id":"https:\/\/www.renouvelle.be\/fr\/le-photovoltaique-reste-rentable-en-wallonie-meme-avec-le-tarif-prosumer\/#primaryimage"},"image":{"@id":"https:\/\/www.renouvelle.be\/fr\/le-photovoltaique-reste-rentable-en-wallonie-meme-avec-le-tarif-prosumer\/#primaryimage"},"thumbnailUrl":"https:\/\/www.renouvelle.be\/wp-content\/uploads\/2021\/02\/istock-476167125.jpg","datePublished":"2019-03-21T15:46:06+00:00","dateModified":"2021-03-09T07:23:00+00:00","author":{"@id":"https:\/\/www.renouvelle.be\/fr\/#\/schema\/person\/d097e532aac731750a580101a60ab9f8"},"breadcrumb":{"@id":"https:\/\/www.renouvelle.be\/fr\/le-photovoltaique-reste-rentable-en-wallonie-meme-avec-le-tarif-prosumer\/#breadcrumb"},"inLanguage":"fr-FR","potentialAction":[{"@type":"ReadAction","target":["https:\/\/www.renouvelle.be\/fr\/le-photovoltaique-reste-rentable-en-wallonie-meme-avec-le-tarif-prosumer\/"]}]},{"@type":"ImageObject","inLanguage":"fr-FR","@id":"https:\/\/www.renouvelle.be\/fr\/le-photovoltaique-reste-rentable-en-wallonie-meme-avec-le-tarif-prosumer\/#primaryimage","url":"https:\/\/www.renouvelle.be\/wp-content\/uploads\/2021\/02\/istock-476167125.jpg","contentUrl":"https:\/\/www.renouvelle.be\/wp-content\/uploads\/2021\/02\/istock-476167125.jpg","width":580,"height":365,"caption":"Solar energy concept.Isolated on white background.3d rendered."},{"@type":"BreadcrumbList","@id":"https:\/\/www.renouvelle.be\/fr\/le-photovoltaique-reste-rentable-en-wallonie-meme-avec-le-tarif-prosumer\/#breadcrumb","itemListElement":[{"@type":"ListItem","position":1,"name":"Accueil","item":"https:\/\/www.renouvelle.be\/fr\/"},{"@type":"ListItem","position":2,"name":"Le photovolta\u00efque reste rentable en Wallonie, m\u00eame avec le tarif prosumer"}]},{"@type":"WebSite","@id":"https:\/\/www.renouvelle.be\/fr\/#website","url":"https:\/\/www.renouvelle.be\/fr\/","name":"Renouvelle","description":"L&#039;actualit\u00e9 de l&#039;\u00e9nergie durable","potentialAction":[{"@type":"SearchAction","target":{"@type":"EntryPoint","urlTemplate":"https:\/\/www.renouvelle.be\/fr\/?s={search_term_string}"},"query-input":{"@type":"PropertyValueSpecification","valueRequired":true,"valueName":"search_term_string"}}],"inLanguage":"fr-FR"},{"@type":"Person","@id":"https:\/\/www.renouvelle.be\/fr\/#\/schema\/person\/d097e532aac731750a580101a60ab9f8","name":"Jonathan LELOUX","url":"https:\/\/www.renouvelle.be\/fr\/author\/jonathanleloux\/"}]}},"_links":{"self":[{"href":"https:\/\/www.renouvelle.be\/fr\/wp-json\/wp\/v2\/posts\/3684","targetHints":{"allow":["GET"]}}],"collection":[{"href":"https:\/\/www.renouvelle.be\/fr\/wp-json\/wp\/v2\/posts"}],"about":[{"href":"https:\/\/www.renouvelle.be\/fr\/wp-json\/wp\/v2\/types\/post"}],"author":[{"embeddable":true,"href":"https:\/\/www.renouvelle.be\/fr\/wp-json\/wp\/v2\/users\/23"}],"replies":[{"embeddable":true,"href":"https:\/\/www.renouvelle.be\/fr\/wp-json\/wp\/v2\/comments?post=3684"}],"version-history":[{"count":1,"href":"https:\/\/www.renouvelle.be\/fr\/wp-json\/wp\/v2\/posts\/3684\/revisions"}],"predecessor-version":[{"id":5463,"href":"https:\/\/www.renouvelle.be\/fr\/wp-json\/wp\/v2\/posts\/3684\/revisions\/5463"}],"wp:featuredmedia":[{"embeddable":true,"href":"https:\/\/www.renouvelle.be\/fr\/wp-json\/wp\/v2\/media\/4559"}],"wp:attachment":[{"href":"https:\/\/www.renouvelle.be\/fr\/wp-json\/wp\/v2\/media?parent=3684"}],"wp:term":[{"taxonomy":"category","embeddable":true,"href":"https:\/\/www.renouvelle.be\/fr\/wp-json\/wp\/v2\/categories?post=3684"},{"taxonomy":"post_tag","embeddable":true,"href":"https:\/\/www.renouvelle.be\/fr\/wp-json\/wp\/v2\/tags?post=3684"},{"taxonomy":"section","embeddable":true,"href":"https:\/\/www.renouvelle.be\/fr\/wp-json\/wp\/v2\/section?post=3684"}],"curies":[{"name":"wp","href":"https:\/\/api.w.org\/{rel}","templated":true}]}}