{"id":3662,"date":"2019-02-20T13:09:24","date_gmt":"2019-02-20T13:09:24","guid":{"rendered":""},"modified":"2021-03-12T14:40:54","modified_gmt":"2021-03-12T13:40:54","slug":"entre-declin-petrolier-et-rechauffement-climatique-voici-le-temps-de-la-sobriete-energetique","status":"publish","type":"post","link":"https:\/\/www.renouvelle.be\/fr\/entre-declin-petrolier-et-rechauffement-climatique-voici-le-temps-de-la-sobriete-energetique\/","title":{"rendered":"Entre d\u00e9clin p\u00e9trolier et r\u00e9chauffement climatique, voici le temps de la sobri\u00e9t\u00e9 \u00e9nerg\u00e9tique"},"content":{"rendered":"<p>Annonc\u00e9 depuis si longtemps, le pic p\u00e9trolier semble avoir \u00e9t\u00e9 rel\u00e9gu\u00e9 dans le d\u00e9bat public au statut de mythe. Ne pas le prendre en consid\u00e9ration permet de nous maintenir dans l\u2019illusion d\u2019une croissance \u00e9conomique potentiellement infinie.<\/p>\n<p>Or l\u2019Agence internationale de l\u2019\u00e9nergie (AIE), dans son dernier rapport annuel (<a href=\"https:\/\/www.iea.org\/weo2018\">World Energy Outlook 2018<\/a>), nous ram\u00e8ne soudainement \u00e0 cette r\u00e9alit\u00e9&nbsp;: La production mondiale de p\u00e9trole conventionnel a bien atteint un pic en 2008 et n\u2019a cess\u00e9 de d\u00e9cliner depuis lors.<\/p>\n<p>Seule l\u2019arriv\u00e9e des productions de p\u00e9trole non-conventionnel (schiste) a permis de continuer \u00e0 r\u00e9pondre \u00e0 la demande. Le sursis s\u2019annonce tr\u00e8s court. Selon l\u2019AIE, il faudrait multiplier par 2 ou 3 les extractions de p\u00e9trole de schiste d\u2019ici 2025 pour maintenir le march\u00e9 \u00e0 l\u2019\u00e9quilibre.<\/p>\n<p>Mais aux Etats-Unis \u2013 premier producteur de p\u00e9trole de schiste -, les exploitants perdent surtout de l\u2019argent depuis 10 ans et les analystes s\u2019attendent \u00e0 un crash de ce secteur. Voil\u00e0 qui ne permet pas d\u2019envisager sereinement une production 2 \u00e0 3 fois plus importante d\u2019ici 2025 (lire cette <a href=\"http:\/\/petrole.blog.lemonde.fr\/2019\/02\/04\/pic-petrolier-probable-dici-a-2025-selon-lagence-internationale-de-lenergie\/?fbclid=IwAR1TMLHuPb062EcQoOpaTyEgAFmTDe0s85kCQoMO4w0IGdUN3obSP7Nl250\">analyse<\/a> de Matthieu Auzanneau sur le blog du journal Le Monde consacr\u00e9 \u00e0 l\u2019\u00e9conomie et l\u2019\u00e9cologie).<\/p>\n<p>Bref, nos soci\u00e9t\u00e9s qui carburent au p\u00e9trole seront plus que probablement forc\u00e9es de r\u00e9duire leurs consommations, plus ou moins rapidement selon leurs capacit\u00e9s \u00e0 acheter une ressource qui deviendra de plus en plus rare et donc de plus en plus ch\u00e8re.<\/p>\n<p>Pour certains pays, ce sevrage risque m\u00eame d\u2019\u00eatre brutal. Les territoires qui r\u00e9sisteront le mieux sont ceux qui seront profond\u00e9ment engag\u00e9s dans une transition (sobri\u00e9t\u00e9 \u00e9nerg\u00e9tique, \u00e9nergies renouvelables, production locale bio, etc.). A propos d\u2019effondrement et de r\u00e9silience, lire notre article <a href=\"https:\/\/www.renouvelle.be\/fr\/debats\/territoires-et-climat-la-transition-sera-dabord-culturelle\">Territoires et climat&nbsp;: la transition sera d\u2019abord culturelle&nbsp;!<\/a><\/p>\n<h2>Couvre-feu thermique et r\u00e9quisition des jardins<\/h2>\n<p>Or, \u00e0 l\u2019urgence de nous pr\u00e9parer \u00e0 un monde sans p\u00e9trole, vient s\u2019ajouter celle de la lutte contre le r\u00e9chauffement climatique.<\/p>\n<p>Ces deux contextes imposeront rapidement des contraintes tr\u00e8s fortes \u00e0 notre actuelle boulimie \u00e9nerg\u00e9tique. Des mesures drastiques devront alors \u00eatre prises et induiront de profondes modifications de nos comportements. Comment vivrons-nous ces changements&nbsp;soci\u00e9taux ?<\/p>\n<p>En septembre 2018, \u00e0 l\u2019<a href=\"https:\/\/www.youtube.com\/watch?v=R7sMZiSKmqg&amp;vl=fr\">appel<\/a> de l\u2019actrice Juliette Binoche et de l\u2019astro-physicien Aur\u00e9lien Barrau, plus de 200 personnalit\u00e9s invitaient notamment les repr\u00e9sentants politiques \u00e0 prendre des mesures \u00ab&nbsp;impopulaires et coercitives&nbsp;s\u2019opposant \u00e0 nos libert\u00e9s individuelles \u00bb.<\/p>\n<p>Des philosophes et sociologues comme Dominique Bourg et Bruno Latour int\u00e8grent cette r\u00e9flexion dans leurs travaux sur les mani\u00e8res de penser la politique au 21<sup>\u00e8me<\/sup> si\u00e8cle pour r\u00e9pondre \u00e0 ces enjeux.<\/p>\n<p>Et des revendications apparaissent en ce sens au sein des mouvements citoyens actuellement \u00e0 l\u2019\u0153uvre. Ainsi, lors d\u2019un <a href=\"https:\/\/www.rtbf.be\/info\/dossier\/la-prem1ere-soir-prem1ere\/detail_manifs-pour-le-climat-on-ne-veut-plus-de-bla-bla-on-veut-des-resultats?id=10145948&amp;fbclid=IwAR1qFA7F3bMINnVJ9btU-2gQDiy6CQ0Fg65lrWfKEcCK0K5TiGruO8wS-Kc\">d\u00e9bat radiophonique<\/a> sur les ondes de La Premi\u00e8re en marge du sixi\u00e8me jeudi de mobilisation estudiantine, la jeune rh\u00e9toricienne namuroise Ad\u00e9la\u00efde Charlier d\u00e9clarait face \u00e0 la ministre bruxelloise de l\u2019Energie C\u00e9line Fr\u00e9mault&nbsp;: \u00ab Je pense qu\u2019il faut nous mettre des limites&nbsp;\u00bb.<\/p>\n<p>Alors, quelles mesures nous imposer pour un monde sans p\u00e9trole et un climat stable&nbsp;?<\/p>\n<p>Dans un rapport publi\u00e9 r\u00e9cemment, le cabinet <em>B&amp;L Evolution<\/em> a d\u00e9taill\u00e9 l\u2019ampleur des mesures \u00e0 mettre en place en France pour limiter le r\u00e9chauffement climatique \u00e0 + 1,5\u00b0C, en s\u2019appuyant sur le sc\u00e9nario propos\u00e9 par le <a href=\"https:\/\/www.novethic.fr\/actualite\/environnement\/climat\/isr-rse\/rapport-giec-l-ultime-alerte-sur-le-rechauffement-climatique-avant-le-point-de-non-retour-146421.html\" target=\"_blank\" rel=\"noopener\">Groupe d\u2019experts intergouvernemental sur l\u2019\u00e9volution du climat (GIEC) d\u2019octobre 2018<\/a> \u2013 comme l\u2019explique le site <a href=\"https:\/\/www.novethic.fr\/actualite\/environnement\/climat\/isr-rse\/infographie-interdiction-d-acheter-une-voiture-neuve-ou-de-prendre-un-long-courrier-couvre-feu-thermique-quotas-sur-les-produits-importes-les-mesures-chocs-pour-rester-sous-1-5-c-146877.html\">Novethic<\/a>.<\/p>\n<p>Voici ci-dessous une infographie tr\u00e8s percutante &#8211; r\u00e9alis\u00e9e par Novethic &#8211; qui donne \u00e0 r\u00e9fl\u00e9chir. Elle a le m\u00e9rite de proposer des mesures concr\u00e8tes&nbsp;: couvre-feu thermique dans les logements, r\u00e9quisition des jardins cultivables, interdiction des avions long-courriers, interdiction de vendre des v\u00e9hicules neufs \u00e0 usage particulier, &#8230; Voil\u00e0 un programme qui semble actuellement difficile \u00e0 d\u00e9fendre pour un repr\u00e9sentant politique face \u00e0 ses potentiels \u00e9lecteurs. Mais ce type de travaux nous fait prendre conscience de l\u2019ampleur du d\u00e9fi soci\u00e9tal auquel nous faisons face.<\/p>\n<p>Car, outre leur vraisemblable impopularit\u00e9, la mise en place de telles mesures de rationnement pose \u00e9videmment de nombreuses questions en mati\u00e8re de d\u00e9mocratie, d\u2019in\u00e9galit\u00e9s sociales et d\u2019atteinte aux libert\u00e9s individuelles.<\/p>\n<p>Mais il s\u2019agit d\u2019y r\u00e9pondre avant qu\u2019elles ne s\u2019imposent \u00e0 nous, et ce afin de tenter un atterrissage collectif en douceur, vecteur de plus de lien social et de bien-\u00eatre.<\/p>\n<p><img decoding=\"async\" alt=\"\" src=\"\/wp-content\/uploads\/2021\/02\/post\/comment_s_aligner_sur_une_trajectoire_1_5_c_1_.png\" style=\"width: 555px; height: 1200px;\"><\/p>\n","protected":false},"excerpt":{"rendered":"<p>Annonc\u00e9 depuis si longtemps, le pic p\u00e9trolier semble avoir \u00e9t\u00e9 rel\u00e9gu\u00e9 dans le d\u00e9bat public au statut de mythe. Ne pas le prendre en consid\u00e9ration permet de nous maintenir dans l\u2019illusion d\u2019une croissance \u00e9conomique potentiellement infinie. Or l\u2019Agence internationale de l\u2019\u00e9nergie (AIE), dans son dernier rapport annuel (World Energy Outlook 2018), nous ram\u00e8ne soudainement \u00e0 cette r\u00e9alit\u00e9&nbsp;: La production mondiale de p\u00e9trole conventionnel a bien atteint un pic en 2008 et n\u2019a cess\u00e9 de d\u00e9cliner depuis lors. Seule l\u2019arriv\u00e9e des productions de p\u00e9trole non-conventionnel (schiste) a permis de continuer \u00e0 r\u00e9pondre \u00e0 la demande. Le sursis s\u2019annonce tr\u00e8s court. Selon l\u2019AIE, il faudrait multiplier par 2 ou 3 les extractions de p\u00e9trole de schiste d\u2019ici 2025 pour maintenir le march\u00e9 \u00e0 l\u2019\u00e9quilibre. Mais aux Etats-Unis \u2013 premier producteur de p\u00e9trole de schiste -, les exploitants perdent surtout de l\u2019argent depuis 10 ans et les analystes s\u2019attendent \u00e0 un crash de ce secteur. Voil\u00e0 qui ne permet pas d\u2019envisager sereinement une production 2 \u00e0 3 fois plus importante d\u2019ici 2025 (lire cette analyse de Matthieu Auzanneau sur le blog du journal Le Monde consacr\u00e9 \u00e0 l\u2019\u00e9conomie et l\u2019\u00e9cologie). Bref, nos soci\u00e9t\u00e9s qui carburent au p\u00e9trole seront plus que probablement forc\u00e9es de r\u00e9duire leurs consommations, plus ou moins rapidement selon leurs capacit\u00e9s \u00e0 acheter une ressource qui deviendra de plus en plus rare et donc de plus en plus ch\u00e8re. Pour certains pays, ce sevrage risque m\u00eame d\u2019\u00eatre brutal. Les territoires qui r\u00e9sisteront le mieux sont ceux qui seront profond\u00e9ment engag\u00e9s dans une transition (sobri\u00e9t\u00e9 \u00e9nerg\u00e9tique, \u00e9nergies renouvelables, production locale bio, etc.). A propos d\u2019effondrement et de r\u00e9silience, lire notre article Territoires et climat&nbsp;: la transition sera d\u2019abord culturelle&nbsp;! Couvre-feu thermique et r\u00e9quisition des jardins Or, \u00e0 l\u2019urgence de nous pr\u00e9parer \u00e0 &hellip; <a href=\"https:\/\/www.renouvelle.be\/fr\/entre-declin-petrolier-et-rechauffement-climatique-voici-le-temps-de-la-sobriete-energetique\/\" class=\"more-link\">Continue reading<span class=\"screen-reader-text\"> \u00ab\u00a0Entre d\u00e9clin p\u00e9trolier et r\u00e9chauffement climatique, voici le temps de la sobri\u00e9t\u00e9 \u00e9nerg\u00e9tique\u00a0\u00bb<\/span><\/a><\/p>\n","protected":false},"author":21,"featured_media":4561,"comment_status":"open","ping_status":"open","sticky":false,"template":"","format":"standard","meta":{"_acf_changed":false,"footnotes":""},"categories":[21],"tags":[],"section":[8],"class_list":["post-3662","post","type-post","status-publish","format-standard","has-post-thumbnail","hentry","category-debats","section-energie-renouvelables"],"acf":[],"yoast_head":"<!-- This site is optimized with the Yoast SEO plugin v27.4 - https:\/\/yoast.com\/product\/yoast-seo-wordpress\/ -->\n<title>Entre d\u00e9clin p\u00e9trolier et r\u00e9chauffement climatique, voici le temps de la sobri\u00e9t\u00e9 \u00e9nerg\u00e9tique - Renouvelle<\/title>\n<meta name=\"robots\" content=\"index, follow, max-snippet:-1, max-image-preview:large, max-video-preview:-1\" \/>\n<link rel=\"canonical\" href=\"https:\/\/www.renouvelle.be\/fr\/entre-declin-petrolier-et-rechauffement-climatique-voici-le-temps-de-la-sobriete-energetique\/\" \/>\n<meta property=\"og:locale\" content=\"fr_FR\" \/>\n<meta property=\"og:type\" content=\"article\" \/>\n<meta property=\"og:title\" content=\"Entre d\u00e9clin p\u00e9trolier et r\u00e9chauffement climatique, voici le temps de la sobri\u00e9t\u00e9 \u00e9nerg\u00e9tique - Renouvelle\" \/>\n<meta property=\"og:description\" content=\"Annonc\u00e9 depuis si longtemps, le pic p\u00e9trolier semble avoir \u00e9t\u00e9 rel\u00e9gu\u00e9 dans le d\u00e9bat public au statut de mythe. Ne pas le prendre en consid\u00e9ration permet de nous maintenir dans l\u2019illusion d\u2019une croissance \u00e9conomique potentiellement infinie. Or l\u2019Agence internationale de l\u2019\u00e9nergie (AIE), dans son dernier rapport annuel (World Energy Outlook 2018), nous ram\u00e8ne soudainement \u00e0 cette r\u00e9alit\u00e9&nbsp;: La production mondiale de p\u00e9trole conventionnel a bien atteint un pic en 2008 et n\u2019a cess\u00e9 de d\u00e9cliner depuis lors. Seule l\u2019arriv\u00e9e des productions de p\u00e9trole non-conventionnel (schiste) a permis de continuer \u00e0 r\u00e9pondre \u00e0 la demande. Le sursis s\u2019annonce tr\u00e8s court. Selon l\u2019AIE, il faudrait multiplier par 2 ou 3 les extractions de p\u00e9trole de schiste d\u2019ici 2025 pour maintenir le march\u00e9 \u00e0 l\u2019\u00e9quilibre. Mais aux Etats-Unis \u2013 premier producteur de p\u00e9trole de schiste -, les exploitants perdent surtout de l\u2019argent depuis 10 ans et les analystes s\u2019attendent \u00e0 un crash de ce secteur. Voil\u00e0 qui ne permet pas d\u2019envisager sereinement une production 2 \u00e0 3 fois plus importante d\u2019ici 2025 (lire cette analyse de Matthieu Auzanneau sur le blog du journal Le Monde consacr\u00e9 \u00e0 l\u2019\u00e9conomie et l\u2019\u00e9cologie). Bref, nos soci\u00e9t\u00e9s qui carburent au p\u00e9trole seront plus que probablement forc\u00e9es de r\u00e9duire leurs consommations, plus ou moins rapidement selon leurs capacit\u00e9s \u00e0 acheter une ressource qui deviendra de plus en plus rare et donc de plus en plus ch\u00e8re. Pour certains pays, ce sevrage risque m\u00eame d\u2019\u00eatre brutal. Les territoires qui r\u00e9sisteront le mieux sont ceux qui seront profond\u00e9ment engag\u00e9s dans une transition (sobri\u00e9t\u00e9 \u00e9nerg\u00e9tique, \u00e9nergies renouvelables, production locale bio, etc.). A propos d\u2019effondrement et de r\u00e9silience, lire notre article Territoires et climat&nbsp;: la transition sera d\u2019abord culturelle&nbsp;! Couvre-feu thermique et r\u00e9quisition des jardins Or, \u00e0 l\u2019urgence de nous pr\u00e9parer \u00e0 &hellip; Continue reading &quot;Entre d\u00e9clin p\u00e9trolier et r\u00e9chauffement climatique, voici le temps de la sobri\u00e9t\u00e9 \u00e9nerg\u00e9tique&quot;\" \/>\n<meta property=\"og:url\" content=\"https:\/\/www.renouvelle.be\/fr\/entre-declin-petrolier-et-rechauffement-climatique-voici-le-temps-de-la-sobriete-energetique\/\" \/>\n<meta property=\"og:site_name\" content=\"Renouvelle\" \/>\n<meta property=\"article:published_time\" content=\"2019-02-20T13:09:24+00:00\" \/>\n<meta property=\"article:modified_time\" content=\"2021-03-12T13:40:54+00:00\" \/>\n<meta property=\"og:image\" content=\"https:\/\/www.renouvelle.be\/wp-content\/uploads\/2021\/02\/istock-482676603_converti.jpg\" \/>\n\t<meta property=\"og:image:width\" content=\"580\" \/>\n\t<meta property=\"og:image:height\" content=\"316\" \/>\n\t<meta property=\"og:image:type\" content=\"image\/jpeg\" \/>\n<meta name=\"author\" content=\"Fr\u00e9d\u00e9ric PRAILLET\" \/>\n<meta name=\"twitter:card\" content=\"summary_large_image\" \/>\n<script type=\"application\/ld+json\" class=\"yoast-schema-graph\">{\"@context\":\"https:\\\/\\\/schema.org\",\"@graph\":[{\"@type\":\"Article\",\"@id\":\"https:\\\/\\\/www.renouvelle.be\\\/fr\\\/entre-declin-petrolier-et-rechauffement-climatique-voici-le-temps-de-la-sobriete-energetique\\\/#article\",\"isPartOf\":{\"@id\":\"https:\\\/\\\/www.renouvelle.be\\\/fr\\\/entre-declin-petrolier-et-rechauffement-climatique-voici-le-temps-de-la-sobriete-energetique\\\/\"},\"author\":{\"name\":\"Fr\u00e9d\u00e9ric PRAILLET\",\"@id\":\"https:\\\/\\\/www.renouvelle.be\\\/fr\\\/#\\\/schema\\\/person\\\/9d3565ca9db7252f965f75c1f3561a53\"},\"headline\":\"Entre d\u00e9clin p\u00e9trolier et r\u00e9chauffement climatique, voici le temps de la sobri\u00e9t\u00e9 \u00e9nerg\u00e9tique\",\"datePublished\":\"2019-02-20T13:09:24+00:00\",\"dateModified\":\"2021-03-12T13:40:54+00:00\",\"mainEntityOfPage\":{\"@id\":\"https:\\\/\\\/www.renouvelle.be\\\/fr\\\/entre-declin-petrolier-et-rechauffement-climatique-voici-le-temps-de-la-sobriete-energetique\\\/\"},\"wordCount\":781,\"commentCount\":0,\"image\":{\"@id\":\"https:\\\/\\\/www.renouvelle.be\\\/fr\\\/entre-declin-petrolier-et-rechauffement-climatique-voici-le-temps-de-la-sobriete-energetique\\\/#primaryimage\"},\"thumbnailUrl\":\"https:\\\/\\\/www.renouvelle.be\\\/wp-content\\\/uploads\\\/2021\\\/02\\\/istock-482676603_converti.jpg\",\"articleSection\":[\"D\u00e9bats\"],\"inLanguage\":\"fr-FR\",\"potentialAction\":[{\"@type\":\"CommentAction\",\"name\":\"Comment\",\"target\":[\"https:\\\/\\\/www.renouvelle.be\\\/fr\\\/entre-declin-petrolier-et-rechauffement-climatique-voici-le-temps-de-la-sobriete-energetique\\\/#respond\"]}]},{\"@type\":\"WebPage\",\"@id\":\"https:\\\/\\\/www.renouvelle.be\\\/fr\\\/entre-declin-petrolier-et-rechauffement-climatique-voici-le-temps-de-la-sobriete-energetique\\\/\",\"url\":\"https:\\\/\\\/www.renouvelle.be\\\/fr\\\/entre-declin-petrolier-et-rechauffement-climatique-voici-le-temps-de-la-sobriete-energetique\\\/\",\"name\":\"Entre d\u00e9clin p\u00e9trolier et r\u00e9chauffement climatique, voici le temps de la sobri\u00e9t\u00e9 \u00e9nerg\u00e9tique - Renouvelle\",\"isPartOf\":{\"@id\":\"https:\\\/\\\/www.renouvelle.be\\\/fr\\\/#website\"},\"primaryImageOfPage\":{\"@id\":\"https:\\\/\\\/www.renouvelle.be\\\/fr\\\/entre-declin-petrolier-et-rechauffement-climatique-voici-le-temps-de-la-sobriete-energetique\\\/#primaryimage\"},\"image\":{\"@id\":\"https:\\\/\\\/www.renouvelle.be\\\/fr\\\/entre-declin-petrolier-et-rechauffement-climatique-voici-le-temps-de-la-sobriete-energetique\\\/#primaryimage\"},\"thumbnailUrl\":\"https:\\\/\\\/www.renouvelle.be\\\/wp-content\\\/uploads\\\/2021\\\/02\\\/istock-482676603_converti.jpg\",\"datePublished\":\"2019-02-20T13:09:24+00:00\",\"dateModified\":\"2021-03-12T13:40:54+00:00\",\"author\":{\"@id\":\"https:\\\/\\\/www.renouvelle.be\\\/fr\\\/#\\\/schema\\\/person\\\/9d3565ca9db7252f965f75c1f3561a53\"},\"breadcrumb\":{\"@id\":\"https:\\\/\\\/www.renouvelle.be\\\/fr\\\/entre-declin-petrolier-et-rechauffement-climatique-voici-le-temps-de-la-sobriete-energetique\\\/#breadcrumb\"},\"inLanguage\":\"fr-FR\",\"potentialAction\":[{\"@type\":\"ReadAction\",\"target\":[\"https:\\\/\\\/www.renouvelle.be\\\/fr\\\/entre-declin-petrolier-et-rechauffement-climatique-voici-le-temps-de-la-sobriete-energetique\\\/\"]}]},{\"@type\":\"ImageObject\",\"inLanguage\":\"fr-FR\",\"@id\":\"https:\\\/\\\/www.renouvelle.be\\\/fr\\\/entre-declin-petrolier-et-rechauffement-climatique-voici-le-temps-de-la-sobriete-energetique\\\/#primaryimage\",\"url\":\"https:\\\/\\\/www.renouvelle.be\\\/wp-content\\\/uploads\\\/2021\\\/02\\\/istock-482676603_converti.jpg\",\"contentUrl\":\"https:\\\/\\\/www.renouvelle.be\\\/wp-content\\\/uploads\\\/2021\\\/02\\\/istock-482676603_converti.jpg\",\"width\":580,\"height\":316},{\"@type\":\"BreadcrumbList\",\"@id\":\"https:\\\/\\\/www.renouvelle.be\\\/fr\\\/entre-declin-petrolier-et-rechauffement-climatique-voici-le-temps-de-la-sobriete-energetique\\\/#breadcrumb\",\"itemListElement\":[{\"@type\":\"ListItem\",\"position\":1,\"name\":\"Accueil\",\"item\":\"https:\\\/\\\/www.renouvelle.be\\\/fr\\\/\"},{\"@type\":\"ListItem\",\"position\":2,\"name\":\"Entre d\u00e9clin p\u00e9trolier et r\u00e9chauffement climatique, voici le temps de la sobri\u00e9t\u00e9 \u00e9nerg\u00e9tique\"}]},{\"@type\":\"WebSite\",\"@id\":\"https:\\\/\\\/www.renouvelle.be\\\/fr\\\/#website\",\"url\":\"https:\\\/\\\/www.renouvelle.be\\\/fr\\\/\",\"name\":\"Renouvelle\",\"description\":\"L&#039;actualit\u00e9 de l&#039;\u00e9nergie durable\",\"potentialAction\":[{\"@type\":\"SearchAction\",\"target\":{\"@type\":\"EntryPoint\",\"urlTemplate\":\"https:\\\/\\\/www.renouvelle.be\\\/fr\\\/?s={search_term_string}\"},\"query-input\":{\"@type\":\"PropertyValueSpecification\",\"valueRequired\":true,\"valueName\":\"search_term_string\"}}],\"inLanguage\":\"fr-FR\"},{\"@type\":\"Person\",\"@id\":\"https:\\\/\\\/www.renouvelle.be\\\/fr\\\/#\\\/schema\\\/person\\\/9d3565ca9db7252f965f75c1f3561a53\",\"name\":\"Fr\u00e9d\u00e9ric PRAILLET\",\"url\":\"https:\\\/\\\/www.renouvelle.be\\\/fr\\\/author\\\/fredericpraillet\\\/\"}]}<\/script>\n<!-- \/ Yoast SEO plugin. -->","yoast_head_json":{"title":"Entre d\u00e9clin p\u00e9trolier et r\u00e9chauffement climatique, voici le temps de la sobri\u00e9t\u00e9 \u00e9nerg\u00e9tique - Renouvelle","robots":{"index":"index","follow":"follow","max-snippet":"max-snippet:-1","max-image-preview":"max-image-preview:large","max-video-preview":"max-video-preview:-1"},"canonical":"https:\/\/www.renouvelle.be\/fr\/entre-declin-petrolier-et-rechauffement-climatique-voici-le-temps-de-la-sobriete-energetique\/","og_locale":"fr_FR","og_type":"article","og_title":"Entre d\u00e9clin p\u00e9trolier et r\u00e9chauffement climatique, voici le temps de la sobri\u00e9t\u00e9 \u00e9nerg\u00e9tique - Renouvelle","og_description":"Annonc\u00e9 depuis si longtemps, le pic p\u00e9trolier semble avoir \u00e9t\u00e9 rel\u00e9gu\u00e9 dans le d\u00e9bat public au statut de mythe. Ne pas le prendre en consid\u00e9ration permet de nous maintenir dans l\u2019illusion d\u2019une croissance \u00e9conomique potentiellement infinie. Or l\u2019Agence internationale de l\u2019\u00e9nergie (AIE), dans son dernier rapport annuel (World Energy Outlook 2018), nous ram\u00e8ne soudainement \u00e0 cette r\u00e9alit\u00e9&nbsp;: La production mondiale de p\u00e9trole conventionnel a bien atteint un pic en 2008 et n\u2019a cess\u00e9 de d\u00e9cliner depuis lors. Seule l\u2019arriv\u00e9e des productions de p\u00e9trole non-conventionnel (schiste) a permis de continuer \u00e0 r\u00e9pondre \u00e0 la demande. Le sursis s\u2019annonce tr\u00e8s court. Selon l\u2019AIE, il faudrait multiplier par 2 ou 3 les extractions de p\u00e9trole de schiste d\u2019ici 2025 pour maintenir le march\u00e9 \u00e0 l\u2019\u00e9quilibre. Mais aux Etats-Unis \u2013 premier producteur de p\u00e9trole de schiste -, les exploitants perdent surtout de l\u2019argent depuis 10 ans et les analystes s\u2019attendent \u00e0 un crash de ce secteur. Voil\u00e0 qui ne permet pas d\u2019envisager sereinement une production 2 \u00e0 3 fois plus importante d\u2019ici 2025 (lire cette analyse de Matthieu Auzanneau sur le blog du journal Le Monde consacr\u00e9 \u00e0 l\u2019\u00e9conomie et l\u2019\u00e9cologie). Bref, nos soci\u00e9t\u00e9s qui carburent au p\u00e9trole seront plus que probablement forc\u00e9es de r\u00e9duire leurs consommations, plus ou moins rapidement selon leurs capacit\u00e9s \u00e0 acheter une ressource qui deviendra de plus en plus rare et donc de plus en plus ch\u00e8re. Pour certains pays, ce sevrage risque m\u00eame d\u2019\u00eatre brutal. Les territoires qui r\u00e9sisteront le mieux sont ceux qui seront profond\u00e9ment engag\u00e9s dans une transition (sobri\u00e9t\u00e9 \u00e9nerg\u00e9tique, \u00e9nergies renouvelables, production locale bio, etc.). A propos d\u2019effondrement et de r\u00e9silience, lire notre article Territoires et climat&nbsp;: la transition sera d\u2019abord culturelle&nbsp;! Couvre-feu thermique et r\u00e9quisition des jardins Or, \u00e0 l\u2019urgence de nous pr\u00e9parer \u00e0 &hellip; Continue reading \"Entre d\u00e9clin p\u00e9trolier et r\u00e9chauffement climatique, voici le temps de la sobri\u00e9t\u00e9 \u00e9nerg\u00e9tique\"","og_url":"https:\/\/www.renouvelle.be\/fr\/entre-declin-petrolier-et-rechauffement-climatique-voici-le-temps-de-la-sobriete-energetique\/","og_site_name":"Renouvelle","article_published_time":"2019-02-20T13:09:24+00:00","article_modified_time":"2021-03-12T13:40:54+00:00","og_image":[{"width":580,"height":316,"url":"https:\/\/www.renouvelle.be\/wp-content\/uploads\/2021\/02\/istock-482676603_converti.jpg","type":"image\/jpeg"}],"author":"Fr\u00e9d\u00e9ric PRAILLET","twitter_card":"summary_large_image","schema":{"@context":"https:\/\/schema.org","@graph":[{"@type":"Article","@id":"https:\/\/www.renouvelle.be\/fr\/entre-declin-petrolier-et-rechauffement-climatique-voici-le-temps-de-la-sobriete-energetique\/#article","isPartOf":{"@id":"https:\/\/www.renouvelle.be\/fr\/entre-declin-petrolier-et-rechauffement-climatique-voici-le-temps-de-la-sobriete-energetique\/"},"author":{"name":"Fr\u00e9d\u00e9ric PRAILLET","@id":"https:\/\/www.renouvelle.be\/fr\/#\/schema\/person\/9d3565ca9db7252f965f75c1f3561a53"},"headline":"Entre d\u00e9clin p\u00e9trolier et r\u00e9chauffement climatique, voici le temps de la sobri\u00e9t\u00e9 \u00e9nerg\u00e9tique","datePublished":"2019-02-20T13:09:24+00:00","dateModified":"2021-03-12T13:40:54+00:00","mainEntityOfPage":{"@id":"https:\/\/www.renouvelle.be\/fr\/entre-declin-petrolier-et-rechauffement-climatique-voici-le-temps-de-la-sobriete-energetique\/"},"wordCount":781,"commentCount":0,"image":{"@id":"https:\/\/www.renouvelle.be\/fr\/entre-declin-petrolier-et-rechauffement-climatique-voici-le-temps-de-la-sobriete-energetique\/#primaryimage"},"thumbnailUrl":"https:\/\/www.renouvelle.be\/wp-content\/uploads\/2021\/02\/istock-482676603_converti.jpg","articleSection":["D\u00e9bats"],"inLanguage":"fr-FR","potentialAction":[{"@type":"CommentAction","name":"Comment","target":["https:\/\/www.renouvelle.be\/fr\/entre-declin-petrolier-et-rechauffement-climatique-voici-le-temps-de-la-sobriete-energetique\/#respond"]}]},{"@type":"WebPage","@id":"https:\/\/www.renouvelle.be\/fr\/entre-declin-petrolier-et-rechauffement-climatique-voici-le-temps-de-la-sobriete-energetique\/","url":"https:\/\/www.renouvelle.be\/fr\/entre-declin-petrolier-et-rechauffement-climatique-voici-le-temps-de-la-sobriete-energetique\/","name":"Entre d\u00e9clin p\u00e9trolier et r\u00e9chauffement climatique, voici le temps de la sobri\u00e9t\u00e9 \u00e9nerg\u00e9tique - Renouvelle","isPartOf":{"@id":"https:\/\/www.renouvelle.be\/fr\/#website"},"primaryImageOfPage":{"@id":"https:\/\/www.renouvelle.be\/fr\/entre-declin-petrolier-et-rechauffement-climatique-voici-le-temps-de-la-sobriete-energetique\/#primaryimage"},"image":{"@id":"https:\/\/www.renouvelle.be\/fr\/entre-declin-petrolier-et-rechauffement-climatique-voici-le-temps-de-la-sobriete-energetique\/#primaryimage"},"thumbnailUrl":"https:\/\/www.renouvelle.be\/wp-content\/uploads\/2021\/02\/istock-482676603_converti.jpg","datePublished":"2019-02-20T13:09:24+00:00","dateModified":"2021-03-12T13:40:54+00:00","author":{"@id":"https:\/\/www.renouvelle.be\/fr\/#\/schema\/person\/9d3565ca9db7252f965f75c1f3561a53"},"breadcrumb":{"@id":"https:\/\/www.renouvelle.be\/fr\/entre-declin-petrolier-et-rechauffement-climatique-voici-le-temps-de-la-sobriete-energetique\/#breadcrumb"},"inLanguage":"fr-FR","potentialAction":[{"@type":"ReadAction","target":["https:\/\/www.renouvelle.be\/fr\/entre-declin-petrolier-et-rechauffement-climatique-voici-le-temps-de-la-sobriete-energetique\/"]}]},{"@type":"ImageObject","inLanguage":"fr-FR","@id":"https:\/\/www.renouvelle.be\/fr\/entre-declin-petrolier-et-rechauffement-climatique-voici-le-temps-de-la-sobriete-energetique\/#primaryimage","url":"https:\/\/www.renouvelle.be\/wp-content\/uploads\/2021\/02\/istock-482676603_converti.jpg","contentUrl":"https:\/\/www.renouvelle.be\/wp-content\/uploads\/2021\/02\/istock-482676603_converti.jpg","width":580,"height":316},{"@type":"BreadcrumbList","@id":"https:\/\/www.renouvelle.be\/fr\/entre-declin-petrolier-et-rechauffement-climatique-voici-le-temps-de-la-sobriete-energetique\/#breadcrumb","itemListElement":[{"@type":"ListItem","position":1,"name":"Accueil","item":"https:\/\/www.renouvelle.be\/fr\/"},{"@type":"ListItem","position":2,"name":"Entre d\u00e9clin p\u00e9trolier et r\u00e9chauffement climatique, voici le temps de la sobri\u00e9t\u00e9 \u00e9nerg\u00e9tique"}]},{"@type":"WebSite","@id":"https:\/\/www.renouvelle.be\/fr\/#website","url":"https:\/\/www.renouvelle.be\/fr\/","name":"Renouvelle","description":"L&#039;actualit\u00e9 de l&#039;\u00e9nergie durable","potentialAction":[{"@type":"SearchAction","target":{"@type":"EntryPoint","urlTemplate":"https:\/\/www.renouvelle.be\/fr\/?s={search_term_string}"},"query-input":{"@type":"PropertyValueSpecification","valueRequired":true,"valueName":"search_term_string"}}],"inLanguage":"fr-FR"},{"@type":"Person","@id":"https:\/\/www.renouvelle.be\/fr\/#\/schema\/person\/9d3565ca9db7252f965f75c1f3561a53","name":"Fr\u00e9d\u00e9ric PRAILLET","url":"https:\/\/www.renouvelle.be\/fr\/author\/fredericpraillet\/"}]}},"_links":{"self":[{"href":"https:\/\/www.renouvelle.be\/fr\/wp-json\/wp\/v2\/posts\/3662","targetHints":{"allow":["GET"]}}],"collection":[{"href":"https:\/\/www.renouvelle.be\/fr\/wp-json\/wp\/v2\/posts"}],"about":[{"href":"https:\/\/www.renouvelle.be\/fr\/wp-json\/wp\/v2\/types\/post"}],"author":[{"embeddable":true,"href":"https:\/\/www.renouvelle.be\/fr\/wp-json\/wp\/v2\/users\/21"}],"replies":[{"embeddable":true,"href":"https:\/\/www.renouvelle.be\/fr\/wp-json\/wp\/v2\/comments?post=3662"}],"version-history":[{"count":2,"href":"https:\/\/www.renouvelle.be\/fr\/wp-json\/wp\/v2\/posts\/3662\/revisions"}],"predecessor-version":[{"id":5540,"href":"https:\/\/www.renouvelle.be\/fr\/wp-json\/wp\/v2\/posts\/3662\/revisions\/5540"}],"wp:featuredmedia":[{"embeddable":true,"href":"https:\/\/www.renouvelle.be\/fr\/wp-json\/wp\/v2\/media\/4561"}],"wp:attachment":[{"href":"https:\/\/www.renouvelle.be\/fr\/wp-json\/wp\/v2\/media?parent=3662"}],"wp:term":[{"taxonomy":"category","embeddable":true,"href":"https:\/\/www.renouvelle.be\/fr\/wp-json\/wp\/v2\/categories?post=3662"},{"taxonomy":"post_tag","embeddable":true,"href":"https:\/\/www.renouvelle.be\/fr\/wp-json\/wp\/v2\/tags?post=3662"},{"taxonomy":"section","embeddable":true,"href":"https:\/\/www.renouvelle.be\/fr\/wp-json\/wp\/v2\/section?post=3662"}],"curies":[{"name":"wp","href":"https:\/\/api.w.org\/{rel}","templated":true}]}}