{"id":3660,"date":"2019-02-07T11:31:53","date_gmt":"2019-02-07T11:31:53","guid":{"rendered":""},"modified":"2021-03-09T08:23:30","modified_gmt":"2021-03-09T07:23:30","slug":"comment-financer-le-reseau-electrique-et-integrer-durablement-les-prosumers","status":"publish","type":"post","link":"https:\/\/www.renouvelle.be\/fr\/comment-financer-le-reseau-electrique-et-integrer-durablement-les-prosumers\/","title":{"rendered":"Comment financer le r\u00e9seau \u00e9lectrique et int\u00e9grer durablement les prosumers\u202f?"},"content":{"rendered":"<div>\n<p>Sur base d\u2019un projet de d\u00e9cret, le Gouvernement wallon compte finalement exon\u00e9rer les installations photovolta\u00efques existantes d\u2019un tarif prosumer. Celui-ci ne serait appliqu\u00e9 qu\u2019aux syst\u00e8mes install\u00e9s \u00e0 partir du 1er juillet 2019. Il n\u2019y aurait donc pas d\u2019effet r\u00e9troactif pour les 150.000 m\u00e9nages d\u00e9j\u00e0 \u00e9quip\u00e9s en photovolta\u00efque, comme l\u2019explique cet <a href=\"https:\/\/www.lecho.be\/entreprises\/energie\/Pas-de-tarif-prosumer-en-Wallonie-pour-les-installations-photovoltaiques-existantes\/10089896?\" target=\"_blank\" rel=\"noopener\">article<\/a> de L\u2019Echo.&nbsp;<\/p>\n<p>C\u2019est donc un rebondissement dans cette saga. De nombreux prosumers craignaient en effet qu\u2019un tel tarif n\u2019affecte la rentabilit\u00e9 de leur investissement solaire et s\u2019opposaient de longue date \u00e0 ce projet tarifaire r\u00e9troactif.<\/p>\n<p>Cette demi-mesure cr\u00e9e cependant deux r\u00e9gimes diff\u00e9rents pour les prosumers, avec ou sans tarif, ce qui ne repr\u00e9sente pas en soi un mod\u00e8le durable.&nbsp;<\/p>\n<p>Mais nous vous invitons de toutes fa\u00e7ons \u00e0 la plus grande prudence dans ce dossier : ce d\u00e9cret wallon ne sera peut-\u00eatre pas adopt\u00e9 avant les \u00e9lections de mai 2019, une r\u00e9glementation europ\u00e9enne pourra encore malgr\u00e9 tout imposer un tarif prosumer \u00e0 l&rsquo;ensemble des prosumers, tandis que l&rsquo;arriv\u00e9e prochaine des compteurs communiquants en Wallonie permettra techniquement de mesurer &#8211; et donc tarifer &#8211; les flux r\u00e9els de consommation d&rsquo;\u00e9lectricit\u00e9 pr\u00e9lev\u00e9e du r\u00e9seau. Bref, \u00e0 l&rsquo;heure d&rsquo;aujourd&rsquo;hui, le choix d\u2019installer du photovolta\u00efque avant juillet 2019 ne devrait pas reposer uniquement sur l&rsquo;exon\u00e9ration possible du tarif r\u00e9seau car cette mesure n\u2019est pas encore acquise et le contexte r\u00e9glementaire peut encore changer dans les prochaines ann\u00e9es.<\/p>\n<p>S&rsquo;\u00e9quiper de panneaux photovolta\u00efques reste une d\u00e9marche int\u00e9ressante et plus rentable qu&rsquo;un compte \u00e9pargne mais les prosumers sont invit\u00e9s \u00e0 booster leur autonomie solaire afin de garder une bonne rentabilit\u00e9 \u00e9conomique (lire notre article <a href=\"https:\/\/www.renouvelle.be\/fr\/actualite-belgique\/le-photovoltaique-wallon-rentable-sans-prime\">Le photovolta\u00efque wallon, rentable sans prime<\/a>).<\/p>\n<h2>Une contribution \u00e9quitable&nbsp;<\/h2>\n<p>Dans l&rsquo;imm\u00e9diat, la CWaPE, r\u00e9gulateur du march\u00e9 wallon de l\u2019\u00e9nergie et initiateur de ce tarif prosumer, a r\u00e9agi \u00e0 cette annonce par un <a href=\"https:\/\/www.cwape.be\/?dir=7&amp;news=906\" target=\"_blank\" rel=\"noopener\">communiqu\u00e9 de presse<\/a> qui rappelle ces \u00e9l\u00e9ments importants du d\u00e9bat :&nbsp;&nbsp;<\/p>\n<p>\u00ab A ce stade, l\u2019introduction d\u2019un tarif prosumer, telle qu\u2019actuellement pr\u00e9vue au 1er janvier 2020, vise \u00e0 faire contribuer de mani\u00e8re \u00e9quitable l\u2019ensemble des utilisateurs du r\u00e9seau de distribution d\u2019\u00e9lectricit\u00e9 aux co\u00fbts de celui-ci. Le tarif prosumer n\u2019est donc pas une taxe.&nbsp; &nbsp;<\/p>\n<p>Contrairement aux autres utilisateurs du r\u00e9seau, actuellement, les prosumers ne contribuent pas au financement du r\u00e9seau \u00e0 hauteur de l\u2019utilisation qu\u2019ils en font. En effet, bien qu\u2019ils disposent d\u2019une installation de production d\u2019\u00e9lectricit\u00e9, les prosumers utilisent le r\u00e9seau lorsqu\u2019ils consomment de l\u2019\u00e9lectricit\u00e9 \u00e0 un moment o\u00f9 leur installation ne produit pas ou pas assez d\u2019\u00e9nergie.&nbsp;&nbsp;<\/p>\n<p>Dans ce cas, il y a d\u00e9synchronisation entre la production et la consommation. Le prosumer peut injecter gratuitement son \u00e9nergie dans le r\u00e9seau (il n\u2019y a pas de tarif d\u2019injection dans son cas). Le tarif prosumer repose sur l\u2019id\u00e9e qu\u2019il est \u00e9quitable que le prosumer participe aux frais du r\u00e9seau lorsqu\u2019il pr\u00e9l\u00e8ve de l\u2019\u00e9nergie qu\u2019il n\u2019a pas produite lui-m\u00eame au m\u00eame instant.&nbsp;&nbsp;<\/p>\n<p>(\u2026) Ce tarif permettrait de faire baisser significativement, d\u00e8s 2020, les co\u00fbts de distribution des autres utilisateurs de r\u00e9seau en R\u00e9gion wallonne, \u00e0 savoir ceux qui ne disposent pas de petites installations de production d\u2019\u00e9lectricit\u00e9.&nbsp;&nbsp;<\/p>\n<p>L\u2019absence de cette contribution des prosumers ne constituerait pas un manque \u00e0 gagner pour les gestionnaires de r\u00e9seaux, mais une augmentation du co\u00fbt pour ces autres utilisateurs qui supportent seuls les charges du r\u00e9seau. \u00bb&nbsp;<\/p>\n<p>En effet, l\u2019enjeu consiste \u00e0 trouver un \u00e9quilibre entre les contributions des diff\u00e9rents profils (consommateurs particuliers ou entreprises, prosumers, \u2026) pour assurer un financement \u00e9quitable de ce service r\u00e9seau.&nbsp;<\/p>\n<p>Du point de vue des gestionnaires de r\u00e9seau, la non-contribution actuelle des 150.000 prosumers repr\u00e9sente de 50 \u00e0 60 millions \u20ac de recettes tarifaires en moins chaque ann\u00e9e. Or une juste contribution de leur part permettrait de r\u00e9duire les co\u00fbts de distribution des autres utilisateurs de 6 \u00e0 12%, selon le lieu o\u00f9 ils habitent.&nbsp;<\/p>\n<p>Comment d\u00e8s lors assurer un financement juste et \u00e9quitable du r\u00e9seau \u00e9lectrique en Belgique ?&nbsp;<\/p>\n<p>Sachant que, de leur c\u00f4t\u00e9, les consommateurs directement raccord\u00e9s \u00e0 la haute tension (grandes entreprises \u00e9lectro-intensives) ne payent pas pour les r\u00e9seaux de moyenne et basse tension.&nbsp;<\/p>\n<p><img decoding=\"async\" alt=\"\" src=\"\/wp-content\/uploads\/2021\/02\/post\/istock-1008867892.jpg\" style=\"width: 580px; height: 328px;\"><\/p>\n<h2>Le prosumer, un acteur positif pour la collectivit\u00e9&nbsp;<\/h2>\n<p>Renouvelle l\u2019\u00e9crivait d\u00e9j\u00e0 en 2016 : il serait absurde d\u2019appliquer \u00e0 tous les prosumers une taxe forfaitaire et aveugle; alors qu\u2019une contribution sur base des consommations r\u00e9elles offre au contraire plusieurs avantages pour la collectivit\u00e9 (lire notre article<a href=\"https:\/\/www.renouvelle.be\/fr\/debats\/pourquoi-une-taxe-sur-linjection-delectricite-photovoltaique-est-une-tres-mauvaise-idee\" target=\"_blank\" rel=\"noopener\"> Pourquoi une taxe sur l\u2019injection d\u2019\u00e9lectricit\u00e9 photovolta\u00efque est une (tr\u00e8s) mauvaise id\u00e9e<\/a>).&nbsp;<\/p>\n<p>Or un tarif bas\u00e9 sur les flux r\u00e9ellement mesur\u00e9s de pr\u00e9l\u00e8vement d\u2019\u00e9lectricit\u00e9 sur le r\u00e9seau, en plus d\u2019\u00eatre le m\u00eame syst\u00e8me pour tout le monde (producteurs photovolta\u00efques ou non), induit deux effets vertueux :&nbsp;<\/p>\n<p>Cette option incite les prosumers \u00e0 minimiser leurs consommations d\u2019\u00e9lectricit\u00e9 en dehors des p\u00e9riodes d\u2019ensoleillement, car, pr\u00e9lev\u00e9e du r\u00e9seau, elle co\u00fbte plus cher. Les prosumers ont donc un int\u00e9r\u00eat \u00e9conomique \u00e0 faire des \u00e9conomies d\u2019\u00e9lectricit\u00e9 aussi bien la nuit que la journ\u00e9e (car la journ\u00e9e peut \u00eatre tr\u00e8s sombre). Les bons gestes sont connus : LED, appareils aux meilleurs labels \u00e9nerg\u00e9tiques, \u00e9teindre en quittant une pi\u00e8ce, chasse aux appareils en veille, \u2026&nbsp; &nbsp;<\/p>\n<p>De plus, cette option incite les prosumers \u00e0 d\u00e9placer des consommations en journ\u00e9e, ce qui est possible pour lave-linge, lave-vaisselle ou s\u00e9choir de mani\u00e8re plus ou moins assist\u00e9e, avec de la programmation. Le d\u00e9placement de la production d\u2019eau chaude sanitaire, que ce soit avec une pompe \u00e0 chaleur ou un boiler \u00e9lectrique, est \u00e9galement tr\u00e8s facile \u00e0 faire.&nbsp;<\/p>\n<p><img decoding=\"async\" alt=\"\" src=\"\/wp-content\/uploads\/2021\/02\/post\/siemens_0.png\" style=\"width: 580px; height: 307px;\"><\/p>\n<p><em><small>Une contribution sur le pr\u00e9l\u00e8vement inciterait les prosumers \u00e0 programmer leurs \u00e9lectrom\u00e9nagers en journ\u00e9e, quand leurs installations photovolta\u00efques produisent, r\u00e9duisant ainsi les pics de production solaire sur le r\u00e9seau.<\/small><\/em><\/p>\n<div>\n<p>Une contribution sur le pr\u00e9l\u00e8vement valorise ainsi le prosumer en tant qu\u2019acteur vertueux d\u2019un r\u00e9seau durable. Elle induit un comportement qui, parfois \u00e0 l\u2019inverse du mod\u00e8le actuel, permet de renforcer le r\u00e9seau et de limiter la probabilit\u00e9 de black-out. De plus, en effectuant une grande partie de la gestion de l\u2019\u00e9nergie au point le plus proche de la production, via un circuit le plus court possible, le prosumer permet de diminuer les pertes en ligne du r\u00e9seau et donc de r\u00e9duire les frais du r\u00e9seau.&nbsp;&nbsp;<\/p>\n<p>Enfin, avec une mesure sur le flux de pr\u00e9l\u00e8vement plut\u00f4t qu\u2019une taxe a priori sur la puissance install\u00e9e, le l\u00e9gislateur garde la m\u00eame logique pour tous les utilisateurs domestiques du r\u00e9seau, qu\u2019ils soient producteurs photovolta\u00efques ou pas.&nbsp;<\/p>\n<p>La logique adopt\u00e9e par le projet de tarif prosumer inclut cette possibilit\u00e9, ce qui est une bonne chose. N\u00e9anmoins, pour qu\u2019elle se mette en place, il est n\u00e9cessaire de s\u2019\u00e9quiper d\u2019un compteur communiquant. Ceux-ci devrait arriver prochainement en Wallonie (lire notre article <a href=\"https:\/\/www.renouvelle.be\/fr\/actualite-belgique\/le-tarif-prosumer-wallon-sera-t-il-postpose\" target=\"_blank\" rel=\"noopener\">Le tarif prosumer wallon sera-t-il postpos\u00e9<\/a> ?).&nbsp;<\/p>\n<h2>L\u2019auto-consommation collective : l\u2019autonomie, \u00e7a se partage !&nbsp;<\/h2>\n<p>A plus long terme, il serait pertinent de d\u00e9finir des r\u00e8gles du jeu identiques pour tous les prosumers.&nbsp;<\/p>\n<p>Or il existe un mod\u00e8le contributif permettant d\u2019int\u00e9grer les prosumers actuels et futurs et de trouver un financement \u00e9quitable du r\u00e9seau : l\u2019autoconsommation collective, dont nous esp\u00e9rons l\u2019application rapide en Wallonie (lire notre article <a href=\"https:\/\/www.renouvelle.be\/fr\/actualite-belgique\/la-wallonie-avance-sur-lautoconsommation-collective\" target=\"_blank\" rel=\"noopener\">La Wallonie avance sur l\u2019autoconsommation collectiv<\/a>e).&nbsp;<\/p>\n<p>&nbsp;<\/p>\n<\/div>\n<\/div>\n","protected":false},"excerpt":{"rendered":"<p>Sur base d\u2019un projet de d\u00e9cret, le Gouvernement wallon compte finalement exon\u00e9rer les installations photovolta\u00efques existantes d\u2019un tarif prosumer. Celui-ci ne serait appliqu\u00e9 qu\u2019aux syst\u00e8mes install\u00e9s \u00e0 partir du 1er juillet 2019. Il n\u2019y aurait donc pas d\u2019effet r\u00e9troactif pour les 150.000 m\u00e9nages d\u00e9j\u00e0 \u00e9quip\u00e9s en photovolta\u00efque, comme l\u2019explique cet article de L\u2019Echo.&nbsp; C\u2019est donc un rebondissement dans cette saga. De nombreux prosumers craignaient en effet qu\u2019un tel tarif n\u2019affecte la rentabilit\u00e9 de leur investissement solaire et s\u2019opposaient de longue date \u00e0 ce projet tarifaire r\u00e9troactif. Cette demi-mesure cr\u00e9e cependant deux r\u00e9gimes diff\u00e9rents pour les prosumers, avec ou sans tarif, ce qui ne repr\u00e9sente pas en soi un mod\u00e8le durable.&nbsp; Mais nous vous invitons de toutes fa\u00e7ons \u00e0 la plus grande prudence dans ce dossier : ce d\u00e9cret wallon ne sera peut-\u00eatre pas adopt\u00e9 avant les \u00e9lections de mai 2019, une r\u00e9glementation europ\u00e9enne pourra encore malgr\u00e9 tout imposer un tarif prosumer \u00e0 l&rsquo;ensemble des prosumers, tandis que l&rsquo;arriv\u00e9e prochaine des compteurs communiquants en Wallonie permettra techniquement de mesurer &#8211; et donc tarifer &#8211; les flux r\u00e9els de consommation d&rsquo;\u00e9lectricit\u00e9 pr\u00e9lev\u00e9e du r\u00e9seau. Bref, \u00e0 l&rsquo;heure d&rsquo;aujourd&rsquo;hui, le choix d\u2019installer du photovolta\u00efque avant juillet 2019 ne devrait pas reposer uniquement sur l&rsquo;exon\u00e9ration possible du tarif r\u00e9seau car cette mesure n\u2019est pas encore acquise et le contexte r\u00e9glementaire peut encore changer dans les prochaines ann\u00e9es. S&rsquo;\u00e9quiper de panneaux photovolta\u00efques reste une d\u00e9marche int\u00e9ressante et plus rentable qu&rsquo;un compte \u00e9pargne mais les prosumers sont invit\u00e9s \u00e0 booster leur autonomie solaire afin de garder une bonne rentabilit\u00e9 \u00e9conomique (lire notre article Le photovolta\u00efque wallon, rentable sans prime). Une contribution \u00e9quitable&nbsp; Dans l&rsquo;imm\u00e9diat, la CWaPE, r\u00e9gulateur du march\u00e9 wallon de l\u2019\u00e9nergie et initiateur de ce tarif prosumer, a r\u00e9agi \u00e0 cette annonce par un communiqu\u00e9 &hellip; <a href=\"https:\/\/www.renouvelle.be\/fr\/comment-financer-le-reseau-electrique-et-integrer-durablement-les-prosumers\/\" class=\"more-link\">Continue reading<span class=\"screen-reader-text\"> \u00ab\u00a0Comment financer le r\u00e9seau \u00e9lectrique et int\u00e9grer durablement les prosumers\u202f?\u00a0\u00bb<\/span><\/a><\/p>\n","protected":false},"author":17,"featured_media":4705,"comment_status":"open","ping_status":"open","sticky":false,"template":"","format":"standard","meta":{"_acf_changed":false,"footnotes":""},"categories":[21],"tags":[],"section":[13],"class_list":["post-3660","post","type-post","status-publish","format-standard","has-post-thumbnail","hentry","category-debats","section-solaire"],"acf":[],"yoast_head":"<!-- This site is optimized with the Yoast SEO plugin v27.4 - https:\/\/yoast.com\/product\/yoast-seo-wordpress\/ -->\n<title>Comment financer le r\u00e9seau \u00e9lectrique et int\u00e9grer durablement les prosumers\u202f? - Renouvelle<\/title>\n<meta name=\"robots\" content=\"index, follow, max-snippet:-1, max-image-preview:large, max-video-preview:-1\" \/>\n<link rel=\"canonical\" href=\"https:\/\/www.renouvelle.be\/fr\/comment-financer-le-reseau-electrique-et-integrer-durablement-les-prosumers\/\" \/>\n<meta property=\"og:locale\" content=\"fr_FR\" \/>\n<meta property=\"og:type\" content=\"article\" \/>\n<meta property=\"og:title\" content=\"Comment financer le r\u00e9seau \u00e9lectrique et int\u00e9grer durablement les prosumers\u202f? - Renouvelle\" \/>\n<meta property=\"og:description\" content=\"Sur base d\u2019un projet de d\u00e9cret, le Gouvernement wallon compte finalement exon\u00e9rer les installations photovolta\u00efques existantes d\u2019un tarif prosumer. Celui-ci ne serait appliqu\u00e9 qu\u2019aux syst\u00e8mes install\u00e9s \u00e0 partir du 1er juillet 2019. Il n\u2019y aurait donc pas d\u2019effet r\u00e9troactif pour les 150.000 m\u00e9nages d\u00e9j\u00e0 \u00e9quip\u00e9s en photovolta\u00efque, comme l\u2019explique cet article de L\u2019Echo.&nbsp; C\u2019est donc un rebondissement dans cette saga. De nombreux prosumers craignaient en effet qu\u2019un tel tarif n\u2019affecte la rentabilit\u00e9 de leur investissement solaire et s\u2019opposaient de longue date \u00e0 ce projet tarifaire r\u00e9troactif. Cette demi-mesure cr\u00e9e cependant deux r\u00e9gimes diff\u00e9rents pour les prosumers, avec ou sans tarif, ce qui ne repr\u00e9sente pas en soi un mod\u00e8le durable.&nbsp; Mais nous vous invitons de toutes fa\u00e7ons \u00e0 la plus grande prudence dans ce dossier : ce d\u00e9cret wallon ne sera peut-\u00eatre pas adopt\u00e9 avant les \u00e9lections de mai 2019, une r\u00e9glementation europ\u00e9enne pourra encore malgr\u00e9 tout imposer un tarif prosumer \u00e0 l&rsquo;ensemble des prosumers, tandis que l&rsquo;arriv\u00e9e prochaine des compteurs communiquants en Wallonie permettra techniquement de mesurer &#8211; et donc tarifer &#8211; les flux r\u00e9els de consommation d&rsquo;\u00e9lectricit\u00e9 pr\u00e9lev\u00e9e du r\u00e9seau. Bref, \u00e0 l&rsquo;heure d&rsquo;aujourd&rsquo;hui, le choix d\u2019installer du photovolta\u00efque avant juillet 2019 ne devrait pas reposer uniquement sur l&rsquo;exon\u00e9ration possible du tarif r\u00e9seau car cette mesure n\u2019est pas encore acquise et le contexte r\u00e9glementaire peut encore changer dans les prochaines ann\u00e9es. S&rsquo;\u00e9quiper de panneaux photovolta\u00efques reste une d\u00e9marche int\u00e9ressante et plus rentable qu&rsquo;un compte \u00e9pargne mais les prosumers sont invit\u00e9s \u00e0 booster leur autonomie solaire afin de garder une bonne rentabilit\u00e9 \u00e9conomique (lire notre article Le photovolta\u00efque wallon, rentable sans prime). Une contribution \u00e9quitable&nbsp; Dans l&rsquo;imm\u00e9diat, la CWaPE, r\u00e9gulateur du march\u00e9 wallon de l\u2019\u00e9nergie et initiateur de ce tarif prosumer, a r\u00e9agi \u00e0 cette annonce par un communiqu\u00e9 &hellip; Continue reading &quot;Comment financer le r\u00e9seau \u00e9lectrique et int\u00e9grer durablement les prosumers\u202f?&quot;\" \/>\n<meta property=\"og:url\" content=\"https:\/\/www.renouvelle.be\/fr\/comment-financer-le-reseau-electrique-et-integrer-durablement-les-prosumers\/\" \/>\n<meta property=\"og:site_name\" content=\"Renouvelle\" \/>\n<meta property=\"article:published_time\" content=\"2019-02-07T11:31:53+00:00\" \/>\n<meta property=\"article:modified_time\" content=\"2021-03-09T07:23:30+00:00\" \/>\n<meta property=\"og:image\" content=\"https:\/\/www.renouvelle.be\/wp-content\/uploads\/2021\/02\/prosumer.jpg\" \/>\n\t<meta property=\"og:image:width\" content=\"580\" \/>\n\t<meta property=\"og:image:height\" content=\"291\" \/>\n\t<meta property=\"og:image:type\" content=\"image\/jpeg\" \/>\n<meta name=\"author\" content=\"Benjamin WILKIN\" \/>\n<meta name=\"twitter:card\" content=\"summary_large_image\" \/>\n<script type=\"application\/ld+json\" class=\"yoast-schema-graph\">{\"@context\":\"https:\\\/\\\/schema.org\",\"@graph\":[{\"@type\":\"Article\",\"@id\":\"https:\\\/\\\/www.renouvelle.be\\\/fr\\\/comment-financer-le-reseau-electrique-et-integrer-durablement-les-prosumers\\\/#article\",\"isPartOf\":{\"@id\":\"https:\\\/\\\/www.renouvelle.be\\\/fr\\\/comment-financer-le-reseau-electrique-et-integrer-durablement-les-prosumers\\\/\"},\"author\":{\"name\":\"Benjamin WILKIN\",\"@id\":\"https:\\\/\\\/www.renouvelle.be\\\/fr\\\/#\\\/schema\\\/person\\\/20d41a25c5a48ee6500cc1a14288f058\"},\"headline\":\"Comment financer le r\u00e9seau \u00e9lectrique et int\u00e9grer durablement les prosumers\u202f?\",\"datePublished\":\"2019-02-07T11:31:53+00:00\",\"dateModified\":\"2021-03-09T07:23:30+00:00\",\"mainEntityOfPage\":{\"@id\":\"https:\\\/\\\/www.renouvelle.be\\\/fr\\\/comment-financer-le-reseau-electrique-et-integrer-durablement-les-prosumers\\\/\"},\"wordCount\":1349,\"commentCount\":0,\"image\":{\"@id\":\"https:\\\/\\\/www.renouvelle.be\\\/fr\\\/comment-financer-le-reseau-electrique-et-integrer-durablement-les-prosumers\\\/#primaryimage\"},\"thumbnailUrl\":\"https:\\\/\\\/www.renouvelle.be\\\/wp-content\\\/uploads\\\/2021\\\/02\\\/prosumer.jpg\",\"articleSection\":[\"D\u00e9bats\"],\"inLanguage\":\"fr-FR\",\"potentialAction\":[{\"@type\":\"CommentAction\",\"name\":\"Comment\",\"target\":[\"https:\\\/\\\/www.renouvelle.be\\\/fr\\\/comment-financer-le-reseau-electrique-et-integrer-durablement-les-prosumers\\\/#respond\"]}]},{\"@type\":\"WebPage\",\"@id\":\"https:\\\/\\\/www.renouvelle.be\\\/fr\\\/comment-financer-le-reseau-electrique-et-integrer-durablement-les-prosumers\\\/\",\"url\":\"https:\\\/\\\/www.renouvelle.be\\\/fr\\\/comment-financer-le-reseau-electrique-et-integrer-durablement-les-prosumers\\\/\",\"name\":\"Comment financer le r\u00e9seau \u00e9lectrique et int\u00e9grer durablement les prosumers\u202f? - Renouvelle\",\"isPartOf\":{\"@id\":\"https:\\\/\\\/www.renouvelle.be\\\/fr\\\/#website\"},\"primaryImageOfPage\":{\"@id\":\"https:\\\/\\\/www.renouvelle.be\\\/fr\\\/comment-financer-le-reseau-electrique-et-integrer-durablement-les-prosumers\\\/#primaryimage\"},\"image\":{\"@id\":\"https:\\\/\\\/www.renouvelle.be\\\/fr\\\/comment-financer-le-reseau-electrique-et-integrer-durablement-les-prosumers\\\/#primaryimage\"},\"thumbnailUrl\":\"https:\\\/\\\/www.renouvelle.be\\\/wp-content\\\/uploads\\\/2021\\\/02\\\/prosumer.jpg\",\"datePublished\":\"2019-02-07T11:31:53+00:00\",\"dateModified\":\"2021-03-09T07:23:30+00:00\",\"author\":{\"@id\":\"https:\\\/\\\/www.renouvelle.be\\\/fr\\\/#\\\/schema\\\/person\\\/20d41a25c5a48ee6500cc1a14288f058\"},\"breadcrumb\":{\"@id\":\"https:\\\/\\\/www.renouvelle.be\\\/fr\\\/comment-financer-le-reseau-electrique-et-integrer-durablement-les-prosumers\\\/#breadcrumb\"},\"inLanguage\":\"fr-FR\",\"potentialAction\":[{\"@type\":\"ReadAction\",\"target\":[\"https:\\\/\\\/www.renouvelle.be\\\/fr\\\/comment-financer-le-reseau-electrique-et-integrer-durablement-les-prosumers\\\/\"]}]},{\"@type\":\"ImageObject\",\"inLanguage\":\"fr-FR\",\"@id\":\"https:\\\/\\\/www.renouvelle.be\\\/fr\\\/comment-financer-le-reseau-electrique-et-integrer-durablement-les-prosumers\\\/#primaryimage\",\"url\":\"https:\\\/\\\/www.renouvelle.be\\\/wp-content\\\/uploads\\\/2021\\\/02\\\/prosumer.jpg\",\"contentUrl\":\"https:\\\/\\\/www.renouvelle.be\\\/wp-content\\\/uploads\\\/2021\\\/02\\\/prosumer.jpg\",\"width\":580,\"height\":291},{\"@type\":\"BreadcrumbList\",\"@id\":\"https:\\\/\\\/www.renouvelle.be\\\/fr\\\/comment-financer-le-reseau-electrique-et-integrer-durablement-les-prosumers\\\/#breadcrumb\",\"itemListElement\":[{\"@type\":\"ListItem\",\"position\":1,\"name\":\"Accueil\",\"item\":\"https:\\\/\\\/www.renouvelle.be\\\/fr\\\/\"},{\"@type\":\"ListItem\",\"position\":2,\"name\":\"Comment financer le r\u00e9seau \u00e9lectrique et int\u00e9grer durablement les prosumers\u202f?\"}]},{\"@type\":\"WebSite\",\"@id\":\"https:\\\/\\\/www.renouvelle.be\\\/fr\\\/#website\",\"url\":\"https:\\\/\\\/www.renouvelle.be\\\/fr\\\/\",\"name\":\"Renouvelle\",\"description\":\"L&#039;actualit\u00e9 de l&#039;\u00e9nergie durable\",\"potentialAction\":[{\"@type\":\"SearchAction\",\"target\":{\"@type\":\"EntryPoint\",\"urlTemplate\":\"https:\\\/\\\/www.renouvelle.be\\\/fr\\\/?s={search_term_string}\"},\"query-input\":{\"@type\":\"PropertyValueSpecification\",\"valueRequired\":true,\"valueName\":\"search_term_string\"}}],\"inLanguage\":\"fr-FR\"},{\"@type\":\"Person\",\"@id\":\"https:\\\/\\\/www.renouvelle.be\\\/fr\\\/#\\\/schema\\\/person\\\/20d41a25c5a48ee6500cc1a14288f058\",\"name\":\"Benjamin WILKIN\",\"url\":\"https:\\\/\\\/www.renouvelle.be\\\/fr\\\/author\\\/benjaminwilkin\\\/\"}]}<\/script>\n<!-- \/ Yoast SEO plugin. -->","yoast_head_json":{"title":"Comment financer le r\u00e9seau \u00e9lectrique et int\u00e9grer durablement les prosumers\u202f? - Renouvelle","robots":{"index":"index","follow":"follow","max-snippet":"max-snippet:-1","max-image-preview":"max-image-preview:large","max-video-preview":"max-video-preview:-1"},"canonical":"https:\/\/www.renouvelle.be\/fr\/comment-financer-le-reseau-electrique-et-integrer-durablement-les-prosumers\/","og_locale":"fr_FR","og_type":"article","og_title":"Comment financer le r\u00e9seau \u00e9lectrique et int\u00e9grer durablement les prosumers\u202f? - Renouvelle","og_description":"Sur base d\u2019un projet de d\u00e9cret, le Gouvernement wallon compte finalement exon\u00e9rer les installations photovolta\u00efques existantes d\u2019un tarif prosumer. Celui-ci ne serait appliqu\u00e9 qu\u2019aux syst\u00e8mes install\u00e9s \u00e0 partir du 1er juillet 2019. Il n\u2019y aurait donc pas d\u2019effet r\u00e9troactif pour les 150.000 m\u00e9nages d\u00e9j\u00e0 \u00e9quip\u00e9s en photovolta\u00efque, comme l\u2019explique cet article de L\u2019Echo.&nbsp; C\u2019est donc un rebondissement dans cette saga. De nombreux prosumers craignaient en effet qu\u2019un tel tarif n\u2019affecte la rentabilit\u00e9 de leur investissement solaire et s\u2019opposaient de longue date \u00e0 ce projet tarifaire r\u00e9troactif. Cette demi-mesure cr\u00e9e cependant deux r\u00e9gimes diff\u00e9rents pour les prosumers, avec ou sans tarif, ce qui ne repr\u00e9sente pas en soi un mod\u00e8le durable.&nbsp; Mais nous vous invitons de toutes fa\u00e7ons \u00e0 la plus grande prudence dans ce dossier : ce d\u00e9cret wallon ne sera peut-\u00eatre pas adopt\u00e9 avant les \u00e9lections de mai 2019, une r\u00e9glementation europ\u00e9enne pourra encore malgr\u00e9 tout imposer un tarif prosumer \u00e0 l&rsquo;ensemble des prosumers, tandis que l&rsquo;arriv\u00e9e prochaine des compteurs communiquants en Wallonie permettra techniquement de mesurer &#8211; et donc tarifer &#8211; les flux r\u00e9els de consommation d&rsquo;\u00e9lectricit\u00e9 pr\u00e9lev\u00e9e du r\u00e9seau. Bref, \u00e0 l&rsquo;heure d&rsquo;aujourd&rsquo;hui, le choix d\u2019installer du photovolta\u00efque avant juillet 2019 ne devrait pas reposer uniquement sur l&rsquo;exon\u00e9ration possible du tarif r\u00e9seau car cette mesure n\u2019est pas encore acquise et le contexte r\u00e9glementaire peut encore changer dans les prochaines ann\u00e9es. S&rsquo;\u00e9quiper de panneaux photovolta\u00efques reste une d\u00e9marche int\u00e9ressante et plus rentable qu&rsquo;un compte \u00e9pargne mais les prosumers sont invit\u00e9s \u00e0 booster leur autonomie solaire afin de garder une bonne rentabilit\u00e9 \u00e9conomique (lire notre article Le photovolta\u00efque wallon, rentable sans prime). Une contribution \u00e9quitable&nbsp; Dans l&rsquo;imm\u00e9diat, la CWaPE, r\u00e9gulateur du march\u00e9 wallon de l\u2019\u00e9nergie et initiateur de ce tarif prosumer, a r\u00e9agi \u00e0 cette annonce par un communiqu\u00e9 &hellip; Continue reading \"Comment financer le r\u00e9seau \u00e9lectrique et int\u00e9grer durablement les prosumers\u202f?\"","og_url":"https:\/\/www.renouvelle.be\/fr\/comment-financer-le-reseau-electrique-et-integrer-durablement-les-prosumers\/","og_site_name":"Renouvelle","article_published_time":"2019-02-07T11:31:53+00:00","article_modified_time":"2021-03-09T07:23:30+00:00","og_image":[{"width":580,"height":291,"url":"https:\/\/www.renouvelle.be\/wp-content\/uploads\/2021\/02\/prosumer.jpg","type":"image\/jpeg"}],"author":"Benjamin WILKIN","twitter_card":"summary_large_image","schema":{"@context":"https:\/\/schema.org","@graph":[{"@type":"Article","@id":"https:\/\/www.renouvelle.be\/fr\/comment-financer-le-reseau-electrique-et-integrer-durablement-les-prosumers\/#article","isPartOf":{"@id":"https:\/\/www.renouvelle.be\/fr\/comment-financer-le-reseau-electrique-et-integrer-durablement-les-prosumers\/"},"author":{"name":"Benjamin WILKIN","@id":"https:\/\/www.renouvelle.be\/fr\/#\/schema\/person\/20d41a25c5a48ee6500cc1a14288f058"},"headline":"Comment financer le r\u00e9seau \u00e9lectrique et int\u00e9grer durablement les prosumers\u202f?","datePublished":"2019-02-07T11:31:53+00:00","dateModified":"2021-03-09T07:23:30+00:00","mainEntityOfPage":{"@id":"https:\/\/www.renouvelle.be\/fr\/comment-financer-le-reseau-electrique-et-integrer-durablement-les-prosumers\/"},"wordCount":1349,"commentCount":0,"image":{"@id":"https:\/\/www.renouvelle.be\/fr\/comment-financer-le-reseau-electrique-et-integrer-durablement-les-prosumers\/#primaryimage"},"thumbnailUrl":"https:\/\/www.renouvelle.be\/wp-content\/uploads\/2021\/02\/prosumer.jpg","articleSection":["D\u00e9bats"],"inLanguage":"fr-FR","potentialAction":[{"@type":"CommentAction","name":"Comment","target":["https:\/\/www.renouvelle.be\/fr\/comment-financer-le-reseau-electrique-et-integrer-durablement-les-prosumers\/#respond"]}]},{"@type":"WebPage","@id":"https:\/\/www.renouvelle.be\/fr\/comment-financer-le-reseau-electrique-et-integrer-durablement-les-prosumers\/","url":"https:\/\/www.renouvelle.be\/fr\/comment-financer-le-reseau-electrique-et-integrer-durablement-les-prosumers\/","name":"Comment financer le r\u00e9seau \u00e9lectrique et int\u00e9grer durablement les prosumers\u202f? - Renouvelle","isPartOf":{"@id":"https:\/\/www.renouvelle.be\/fr\/#website"},"primaryImageOfPage":{"@id":"https:\/\/www.renouvelle.be\/fr\/comment-financer-le-reseau-electrique-et-integrer-durablement-les-prosumers\/#primaryimage"},"image":{"@id":"https:\/\/www.renouvelle.be\/fr\/comment-financer-le-reseau-electrique-et-integrer-durablement-les-prosumers\/#primaryimage"},"thumbnailUrl":"https:\/\/www.renouvelle.be\/wp-content\/uploads\/2021\/02\/prosumer.jpg","datePublished":"2019-02-07T11:31:53+00:00","dateModified":"2021-03-09T07:23:30+00:00","author":{"@id":"https:\/\/www.renouvelle.be\/fr\/#\/schema\/person\/20d41a25c5a48ee6500cc1a14288f058"},"breadcrumb":{"@id":"https:\/\/www.renouvelle.be\/fr\/comment-financer-le-reseau-electrique-et-integrer-durablement-les-prosumers\/#breadcrumb"},"inLanguage":"fr-FR","potentialAction":[{"@type":"ReadAction","target":["https:\/\/www.renouvelle.be\/fr\/comment-financer-le-reseau-electrique-et-integrer-durablement-les-prosumers\/"]}]},{"@type":"ImageObject","inLanguage":"fr-FR","@id":"https:\/\/www.renouvelle.be\/fr\/comment-financer-le-reseau-electrique-et-integrer-durablement-les-prosumers\/#primaryimage","url":"https:\/\/www.renouvelle.be\/wp-content\/uploads\/2021\/02\/prosumer.jpg","contentUrl":"https:\/\/www.renouvelle.be\/wp-content\/uploads\/2021\/02\/prosumer.jpg","width":580,"height":291},{"@type":"BreadcrumbList","@id":"https:\/\/www.renouvelle.be\/fr\/comment-financer-le-reseau-electrique-et-integrer-durablement-les-prosumers\/#breadcrumb","itemListElement":[{"@type":"ListItem","position":1,"name":"Accueil","item":"https:\/\/www.renouvelle.be\/fr\/"},{"@type":"ListItem","position":2,"name":"Comment financer le r\u00e9seau \u00e9lectrique et int\u00e9grer durablement les prosumers\u202f?"}]},{"@type":"WebSite","@id":"https:\/\/www.renouvelle.be\/fr\/#website","url":"https:\/\/www.renouvelle.be\/fr\/","name":"Renouvelle","description":"L&#039;actualit\u00e9 de l&#039;\u00e9nergie durable","potentialAction":[{"@type":"SearchAction","target":{"@type":"EntryPoint","urlTemplate":"https:\/\/www.renouvelle.be\/fr\/?s={search_term_string}"},"query-input":{"@type":"PropertyValueSpecification","valueRequired":true,"valueName":"search_term_string"}}],"inLanguage":"fr-FR"},{"@type":"Person","@id":"https:\/\/www.renouvelle.be\/fr\/#\/schema\/person\/20d41a25c5a48ee6500cc1a14288f058","name":"Benjamin WILKIN","url":"https:\/\/www.renouvelle.be\/fr\/author\/benjaminwilkin\/"}]}},"_links":{"self":[{"href":"https:\/\/www.renouvelle.be\/fr\/wp-json\/wp\/v2\/posts\/3660","targetHints":{"allow":["GET"]}}],"collection":[{"href":"https:\/\/www.renouvelle.be\/fr\/wp-json\/wp\/v2\/posts"}],"about":[{"href":"https:\/\/www.renouvelle.be\/fr\/wp-json\/wp\/v2\/types\/post"}],"author":[{"embeddable":true,"href":"https:\/\/www.renouvelle.be\/fr\/wp-json\/wp\/v2\/users\/17"}],"replies":[{"embeddable":true,"href":"https:\/\/www.renouvelle.be\/fr\/wp-json\/wp\/v2\/comments?post=3660"}],"version-history":[{"count":1,"href":"https:\/\/www.renouvelle.be\/fr\/wp-json\/wp\/v2\/posts\/3660\/revisions"}],"predecessor-version":[{"id":5467,"href":"https:\/\/www.renouvelle.be\/fr\/wp-json\/wp\/v2\/posts\/3660\/revisions\/5467"}],"wp:featuredmedia":[{"embeddable":true,"href":"https:\/\/www.renouvelle.be\/fr\/wp-json\/wp\/v2\/media\/4705"}],"wp:attachment":[{"href":"https:\/\/www.renouvelle.be\/fr\/wp-json\/wp\/v2\/media?parent=3660"}],"wp:term":[{"taxonomy":"category","embeddable":true,"href":"https:\/\/www.renouvelle.be\/fr\/wp-json\/wp\/v2\/categories?post=3660"},{"taxonomy":"post_tag","embeddable":true,"href":"https:\/\/www.renouvelle.be\/fr\/wp-json\/wp\/v2\/tags?post=3660"},{"taxonomy":"section","embeddable":true,"href":"https:\/\/www.renouvelle.be\/fr\/wp-json\/wp\/v2\/section?post=3660"}],"curies":[{"name":"wp","href":"https:\/\/api.w.org\/{rel}","templated":true}]}}