{"id":3657,"date":"2019-02-06T13:41:40","date_gmt":"2019-02-06T13:41:40","guid":{"rendered":""},"modified":"2023-06-09T17:43:22","modified_gmt":"2023-06-09T15:43:22","slug":"remplacer-son-installation-photovoltaique-apres-10-ans-absurde","status":"publish","type":"post","link":"https:\/\/www.renouvelle.be\/fr\/remplacer-son-installation-photovoltaique-apres-10-ans-absurde\/","title":{"rendered":"Remplacer son installation photovolta\u00efque apr\u00e8s 10 ans\u202f? Absurde\u202f!"},"content":{"rendered":"<div>\n<p paraeid=\"{fce61bf2-0d7c-4879-ba2d-fd5ccead3f43}{238}\" paraid=\"311955824\">Les m\u00e9nages pionniers du photovolta\u00efque \u00e0 Bruxelles arrivent&nbsp;peu \u00e0 peu&nbsp;au terme de leurs&nbsp;10 ans de&nbsp;certificats verts.&nbsp;Selon des retours de&nbsp;terrain, certains&nbsp;de ces m\u00e9nages&nbsp;envisagent&nbsp;concr\u00e8tement de d\u00e9monter leur installation photovolta\u00efque&nbsp;\u2013 pour la revendre \u2013 et de&nbsp;la remplacer par une installation neuve.&nbsp;<\/p>\n<\/div>\n<div>\n<p paraeid=\"{8d84aaff-fccf-4719-92b1-55024e2fdae7}{13}\" paraid=\"935609766\">Cette op\u00e9ration leur permettrait de recevoir \u00e0 nouveau 10 ans de&nbsp;certificats verts et de&nbsp;b\u00e9n\u00e9ficier de la technologie actuelle et donc d\u2019une meilleure productivit\u00e9.&nbsp;<\/p>\n<\/div>\n<div>\n<p paraeid=\"{8d84aaff-fccf-4719-92b1-55024e2fdae7}{23}\" paraid=\"2142289147\">Ce&nbsp;remplacement&nbsp;de l\u2019installation&nbsp;serait d\u2019autant plus attractif financi\u00e8rement&nbsp;avec la fin de la compensation&nbsp;pr\u00e9vue \u00e0 Bruxelles en&nbsp;2020.&nbsp;<\/p>\n<\/div>\n<div>\n<p paraeid=\"{8d84aaff-fccf-4719-92b1-55024e2fdae7}{45}\" paraid=\"605307869\">Nous constatons ici un effet pervers&nbsp;du m\u00e9canisme de soutien \u00e0 la production photovolta\u00efque \u00e0 Bruxelles, seule R\u00e9gion o\u00f9 des certificats verts sont toujours octroy\u00e9s.&nbsp;<\/p>\n<\/div>\n<div>\n<p paraeid=\"{8d84aaff-fccf-4719-92b1-55024e2fdae7}{51}\" paraid=\"280524172\">Le m\u00e9canisme&nbsp;bruxellois, tel qu\u2019il fonctionne actuellement,&nbsp;peut effectivement encourager&nbsp;certains m\u00e9nages&nbsp;\u00e0 remplacer leur&nbsp;installation apr\u00e8s \u00e0 peine 10 ans, alors que celle-ci est cens\u00e9e produire&nbsp;une \u00e9lectricit\u00e9 verte pendant encore au moins 15 ans.&nbsp;<\/p>\n<\/div>\n<div>\n<p paraeid=\"{8d84aaff-fccf-4719-92b1-55024e2fdae7}{71}\" paraid=\"523477976\">Compr\u00e9hensible financi\u00e8rement, cette logique est absurde aux niveaux&nbsp;\u00e9thique (ces m\u00e9nages ont d\u00e9j\u00e0 b\u00e9n\u00e9fici\u00e9 d\u2019un soutien) et environnemental (l\u2019installation est toujours op\u00e9rationnelle).&nbsp;L\u2019\u00e9volution technologique et le gain de productivit\u00e9&nbsp;ne justifient pas non plus un remplacement&nbsp;apr\u00e8s \u00e0 peine 10 ans.&nbsp;<\/p>\n<\/div>\n<div>\n<p paraeid=\"{8d84aaff-fccf-4719-92b1-55024e2fdae7}{87}\" paraid=\"1307200661\">Les&nbsp;pouvoirs publics&nbsp;bruxellois&nbsp;sont bien conscients de ce risque de d\u00e9rive et compte&nbsp;corriger&nbsp;la r\u00e9glementation en vigueur afin de pr\u00e9venir ces&nbsp;remplacements photovolta\u00efques.&nbsp;<\/p>\n<\/div>\n<div>\n<h2 paraeid=\"{8d84aaff-fccf-4719-92b1-55024e2fdae7}{103}\" paraid=\"713445988\">Un mod\u00e8le plus vertueux&nbsp;<\/h2>\n<\/div>\n<div>\n<p paraeid=\"{8d84aaff-fccf-4719-92b1-55024e2fdae7}{109}\" paraid=\"1573246178\">A plus long terme, il existe&nbsp;un nouveau mod\u00e8le \u00e9conomique qui&nbsp;induira une logique plus vertueuse\u202f: l\u2019autoconsommation collective,&nbsp;qui sera bient\u00f4t d\u2019application en Wallonie (lire notre article&nbsp;<a href=\"https:\/\/www.renouvelle.be\/fr\/actualite-belgique\/la-wallonie-avance-sur-lautoconsommation-collective\" rel=\"noreferrer noopener\" target=\"_blank\">La Wallonie avance sur l\u2019autoconsommation collective<\/a>)&nbsp;et sans doute \u00e0 Bruxelles.&nbsp;&nbsp;<\/p>\n<p paraeid=\"{8d84aaff-fccf-4719-92b1-55024e2fdae7}{109}\" paraid=\"1573246178\"><img decoding=\"async\" alt=\"\" src=\"\/wp-content\/uploads\/2021\/02\/post\/autoconso2_0.jpg\" style=\"height: 360px; width: 580px;\"><\/p>\n<div>\n<p paraeid=\"{8d84aaff-fccf-4719-92b1-55024e2fdae7}{137}\" paraid=\"574695954\">Il s\u2019agit de rendre possible, par un cadre l\u00e9gal adapt\u00e9 \u00e0 ce nouveau march\u00e9, la mise en commun de plusieurs consommateurs situ\u00e9s dans un m\u00eame quartier \u00e0 une (ou plusieurs) installations de production renouvelable locale &#8211; photovolta\u00efque par exemple.&nbsp;<\/p>\n<\/div>\n<div>\n<p paraeid=\"{8d84aaff-fccf-4719-92b1-55024e2fdae7}{141}\" paraid=\"1556487194\">Dans cette logique, le&nbsp;prosumer&nbsp;aura tout int\u00e9r\u00eat&nbsp;\u00e0&nbsp;consommer au maximum sa production solaire (en&nbsp;programmant&nbsp;son \u00e9lectro-m\u00e9nager en journ\u00e9e)&nbsp;et \u00e0 vendre son surplus d\u2019\u00e9lectricit\u00e9 verte \u00e0 ses voisins \u2013 \u00e0 un tarif plus avantageux&nbsp;que le prix du kWh sur le r\u00e9seau.&nbsp;<\/p>\n<\/div>\n<div>\n<p paraeid=\"{8d84aaff-fccf-4719-92b1-55024e2fdae7}{167}\" paraid=\"2028880585\">Or,&nbsp;pour b\u00e9n\u00e9ficier au mieux de cette nouvelle logique \u00e9conomique,&nbsp;le&nbsp;prosumer&nbsp;aura tout int\u00e9r\u00eat \u00e0 produire&nbsp;le plus longtemps possible.&nbsp;En effet,&nbsp;son co\u00fbt de production solaire&nbsp;d\u00e9pend de l\u2019investissement initial mais aussi&nbsp;du nombre de kWh qui seront produits.&nbsp;Au fil des ann\u00e9es,&nbsp;la marge financi\u00e8re&nbsp;augmentera&nbsp;gr\u00e2ce \u00e0 la vente d\u2019\u00e9lectricit\u00e9 aux voisins.&nbsp;Il&nbsp;sera donc \u00e9conomiquement plus int\u00e9ressant de&nbsp;rentabiliser son installation photovolta\u00efque sur&nbsp;toute sa dur\u00e9e de vie&nbsp;(25 ans).&nbsp;Il ne sera alors plus question de remplacer son installation apr\u00e8s \u00e0 peine 10 ans.&nbsp;<\/p>\n<\/div>\n<div>\n<p paraeid=\"{8d84aaff-fccf-4719-92b1-55024e2fdae7}{221}\" paraid=\"940837166\">C\u2019est l\u2019un des effets vertueux du mod\u00e8le d\u2019autoconsommation collective.&nbsp;<\/p>\n<\/div>\n<div>\n<p paraeid=\"{8d84aaff-fccf-4719-92b1-55024e2fdae7}{229}\" paraid=\"2046963094\">Lire \u00e9galement notre article&nbsp;<a href=\"https:\/\/www.renouvelle.be\/fr\/debats\/comment-financer-le-reseau-electrique-et-integrer-durablement-les-prosumers\" target=\"_blank\" rel=\"noopener\">Comment financer le r\u00e9seau \u00e9lectrique et int\u00e9grer durablement les&nbsp;prosumers\u202f<\/a>?<\/p>\n<\/div>\n<\/div>\n","protected":false},"excerpt":{"rendered":"<p>Les m\u00e9nages pionniers du photovolta\u00efque \u00e0 Bruxelles arrivent&nbsp;peu \u00e0 peu&nbsp;au terme de leurs&nbsp;10 ans de&nbsp;certificats verts.&nbsp;Selon des retours de&nbsp;terrain, certains&nbsp;de ces m\u00e9nages&nbsp;envisagent&nbsp;concr\u00e8tement de d\u00e9monter leur installation photovolta\u00efque&nbsp;\u2013 pour la revendre \u2013 et de&nbsp;la remplacer par une installation neuve.&nbsp; Cette op\u00e9ration leur permettrait de recevoir \u00e0 nouveau 10 ans de&nbsp;certificats verts et de&nbsp;b\u00e9n\u00e9ficier de la technologie actuelle et donc d\u2019une meilleure productivit\u00e9.&nbsp; Ce&nbsp;remplacement&nbsp;de l\u2019installation&nbsp;serait d\u2019autant plus attractif financi\u00e8rement&nbsp;avec la fin de la compensation&nbsp;pr\u00e9vue \u00e0 Bruxelles en&nbsp;2020.&nbsp; Nous constatons ici un effet pervers&nbsp;du m\u00e9canisme de soutien \u00e0 la production photovolta\u00efque \u00e0 Bruxelles, seule R\u00e9gion o\u00f9 des certificats verts sont toujours octroy\u00e9s.&nbsp; Le m\u00e9canisme&nbsp;bruxellois, tel qu\u2019il fonctionne actuellement,&nbsp;peut effectivement encourager&nbsp;certains m\u00e9nages&nbsp;\u00e0 remplacer leur&nbsp;installation apr\u00e8s \u00e0 peine 10 ans, alors que celle-ci est cens\u00e9e produire&nbsp;une \u00e9lectricit\u00e9 verte pendant encore au moins 15 ans.&nbsp; Compr\u00e9hensible financi\u00e8rement, cette logique est absurde aux niveaux&nbsp;\u00e9thique (ces m\u00e9nages ont d\u00e9j\u00e0 b\u00e9n\u00e9fici\u00e9 d\u2019un soutien) et environnemental (l\u2019installation est toujours op\u00e9rationnelle).&nbsp;L\u2019\u00e9volution technologique et le gain de productivit\u00e9&nbsp;ne justifient pas non plus un remplacement&nbsp;apr\u00e8s \u00e0 peine 10 ans.&nbsp; Les&nbsp;pouvoirs publics&nbsp;bruxellois&nbsp;sont bien conscients de ce risque de d\u00e9rive et compte&nbsp;corriger&nbsp;la r\u00e9glementation en vigueur afin de pr\u00e9venir ces&nbsp;remplacements photovolta\u00efques.&nbsp; Un mod\u00e8le plus vertueux&nbsp; A plus long terme, il existe&nbsp;un nouveau mod\u00e8le \u00e9conomique qui&nbsp;induira une logique plus vertueuse\u202f: l\u2019autoconsommation collective,&nbsp;qui sera bient\u00f4t d\u2019application en Wallonie (lire notre article&nbsp;La Wallonie avance sur l\u2019autoconsommation collective)&nbsp;et sans doute \u00e0 Bruxelles.&nbsp;&nbsp; Il s\u2019agit de rendre possible, par un cadre l\u00e9gal adapt\u00e9 \u00e0 ce nouveau march\u00e9, la mise en commun de plusieurs consommateurs situ\u00e9s dans un m\u00eame quartier \u00e0 une (ou plusieurs) installations de production renouvelable locale &#8211; photovolta\u00efque par exemple.&nbsp; Dans cette logique, le&nbsp;prosumer&nbsp;aura tout int\u00e9r\u00eat&nbsp;\u00e0&nbsp;consommer au maximum sa production solaire (en&nbsp;programmant&nbsp;son \u00e9lectro-m\u00e9nager en journ\u00e9e)&nbsp;et \u00e0 vendre son surplus d\u2019\u00e9lectricit\u00e9 verte \u00e0 ses voisins \u2013 \u00e0 un tarif plus &hellip; <a href=\"https:\/\/www.renouvelle.be\/fr\/remplacer-son-installation-photovoltaique-apres-10-ans-absurde\/\" class=\"more-link\">Continue reading<span class=\"screen-reader-text\"> \u00ab\u00a0Remplacer son installation photovolta\u00efque apr\u00e8s 10 ans\u202f? Absurde\u202f!\u00a0\u00bb<\/span><\/a><\/p>\n","protected":false},"author":3,"featured_media":4536,"comment_status":"open","ping_status":"open","sticky":false,"template":"","format":"standard","meta":{"_acf_changed":false,"footnotes":""},"categories":[21],"tags":[],"section":[13],"class_list":["post-3657","post","type-post","status-publish","format-standard","has-post-thumbnail","hentry","category-debats","section-solaire"],"acf":[],"yoast_head":"<!-- This site is optimized with the Yoast SEO plugin v27.4 - https:\/\/yoast.com\/product\/yoast-seo-wordpress\/ -->\n<title>Remplacer son installation photovolta\u00efque apr\u00e8s 10 ans\u202f? Absurde\u202f! - Renouvelle<\/title>\n<meta name=\"robots\" content=\"index, follow, max-snippet:-1, max-image-preview:large, max-video-preview:-1\" \/>\n<link rel=\"canonical\" href=\"https:\/\/www.renouvelle.be\/fr\/remplacer-son-installation-photovoltaique-apres-10-ans-absurde\/\" \/>\n<meta property=\"og:locale\" content=\"fr_FR\" \/>\n<meta property=\"og:type\" content=\"article\" \/>\n<meta property=\"og:title\" content=\"Remplacer son installation photovolta\u00efque apr\u00e8s 10 ans\u202f? Absurde\u202f! - Renouvelle\" \/>\n<meta property=\"og:description\" content=\"Les m\u00e9nages pionniers du photovolta\u00efque \u00e0 Bruxelles arrivent&nbsp;peu \u00e0 peu&nbsp;au terme de leurs&nbsp;10 ans de&nbsp;certificats verts.&nbsp;Selon des retours de&nbsp;terrain, certains&nbsp;de ces m\u00e9nages&nbsp;envisagent&nbsp;concr\u00e8tement de d\u00e9monter leur installation photovolta\u00efque&nbsp;\u2013 pour la revendre \u2013 et de&nbsp;la remplacer par une installation neuve.&nbsp; Cette op\u00e9ration leur permettrait de recevoir \u00e0 nouveau 10 ans de&nbsp;certificats verts et de&nbsp;b\u00e9n\u00e9ficier de la technologie actuelle et donc d\u2019une meilleure productivit\u00e9.&nbsp; Ce&nbsp;remplacement&nbsp;de l\u2019installation&nbsp;serait d\u2019autant plus attractif financi\u00e8rement&nbsp;avec la fin de la compensation&nbsp;pr\u00e9vue \u00e0 Bruxelles en&nbsp;2020.&nbsp; Nous constatons ici un effet pervers&nbsp;du m\u00e9canisme de soutien \u00e0 la production photovolta\u00efque \u00e0 Bruxelles, seule R\u00e9gion o\u00f9 des certificats verts sont toujours octroy\u00e9s.&nbsp; Le m\u00e9canisme&nbsp;bruxellois, tel qu\u2019il fonctionne actuellement,&nbsp;peut effectivement encourager&nbsp;certains m\u00e9nages&nbsp;\u00e0 remplacer leur&nbsp;installation apr\u00e8s \u00e0 peine 10 ans, alors que celle-ci est cens\u00e9e produire&nbsp;une \u00e9lectricit\u00e9 verte pendant encore au moins 15 ans.&nbsp; Compr\u00e9hensible financi\u00e8rement, cette logique est absurde aux niveaux&nbsp;\u00e9thique (ces m\u00e9nages ont d\u00e9j\u00e0 b\u00e9n\u00e9fici\u00e9 d\u2019un soutien) et environnemental (l\u2019installation est toujours op\u00e9rationnelle).&nbsp;L\u2019\u00e9volution technologique et le gain de productivit\u00e9&nbsp;ne justifient pas non plus un remplacement&nbsp;apr\u00e8s \u00e0 peine 10 ans.&nbsp; Les&nbsp;pouvoirs publics&nbsp;bruxellois&nbsp;sont bien conscients de ce risque de d\u00e9rive et compte&nbsp;corriger&nbsp;la r\u00e9glementation en vigueur afin de pr\u00e9venir ces&nbsp;remplacements photovolta\u00efques.&nbsp; Un mod\u00e8le plus vertueux&nbsp; A plus long terme, il existe&nbsp;un nouveau mod\u00e8le \u00e9conomique qui&nbsp;induira une logique plus vertueuse\u202f: l\u2019autoconsommation collective,&nbsp;qui sera bient\u00f4t d\u2019application en Wallonie (lire notre article&nbsp;La Wallonie avance sur l\u2019autoconsommation collective)&nbsp;et sans doute \u00e0 Bruxelles.&nbsp;&nbsp; Il s\u2019agit de rendre possible, par un cadre l\u00e9gal adapt\u00e9 \u00e0 ce nouveau march\u00e9, la mise en commun de plusieurs consommateurs situ\u00e9s dans un m\u00eame quartier \u00e0 une (ou plusieurs) installations de production renouvelable locale &#8211; photovolta\u00efque par exemple.&nbsp; Dans cette logique, le&nbsp;prosumer&nbsp;aura tout int\u00e9r\u00eat&nbsp;\u00e0&nbsp;consommer au maximum sa production solaire (en&nbsp;programmant&nbsp;son \u00e9lectro-m\u00e9nager en journ\u00e9e)&nbsp;et \u00e0 vendre son surplus d\u2019\u00e9lectricit\u00e9 verte \u00e0 ses voisins \u2013 \u00e0 un tarif plus &hellip; Continue reading &quot;Remplacer son installation photovolta\u00efque apr\u00e8s 10 ans\u202f? Absurde\u202f!&quot;\" \/>\n<meta property=\"og:url\" content=\"https:\/\/www.renouvelle.be\/fr\/remplacer-son-installation-photovoltaique-apres-10-ans-absurde\/\" \/>\n<meta property=\"og:site_name\" content=\"Renouvelle\" \/>\n<meta property=\"article:published_time\" content=\"2019-02-06T13:41:40+00:00\" \/>\n<meta property=\"article:modified_time\" content=\"2023-06-09T15:43:22+00:00\" \/>\n<meta property=\"og:image\" content=\"https:\/\/www.renouvelle.be\/wp-content\/uploads\/2021\/02\/istock-114337789.jpg\" \/>\n\t<meta property=\"og:image:width\" content=\"580\" \/>\n\t<meta property=\"og:image:height\" content=\"407\" \/>\n\t<meta property=\"og:image:type\" content=\"image\/jpeg\" \/>\n<meta name=\"author\" content=\"Energie Commune\" \/>\n<meta name=\"twitter:card\" content=\"summary_large_image\" \/>\n<script type=\"application\/ld+json\" class=\"yoast-schema-graph\">{\"@context\":\"https:\\\/\\\/schema.org\",\"@graph\":[{\"@type\":\"Article\",\"@id\":\"https:\\\/\\\/www.renouvelle.be\\\/fr\\\/remplacer-son-installation-photovoltaique-apres-10-ans-absurde\\\/#article\",\"isPartOf\":{\"@id\":\"https:\\\/\\\/www.renouvelle.be\\\/fr\\\/remplacer-son-installation-photovoltaique-apres-10-ans-absurde\\\/\"},\"author\":{\"name\":\"Energie Commune\",\"@id\":\"https:\\\/\\\/www.renouvelle.be\\\/fr\\\/#\\\/schema\\\/person\\\/01fbe8226a07f8f3d4a1cd059b31f17a\"},\"headline\":\"Remplacer son installation photovolta\u00efque apr\u00e8s 10 ans\u202f? Absurde\u202f!\",\"datePublished\":\"2019-02-06T13:41:40+00:00\",\"dateModified\":\"2023-06-09T15:43:22+00:00\",\"mainEntityOfPage\":{\"@id\":\"https:\\\/\\\/www.renouvelle.be\\\/fr\\\/remplacer-son-installation-photovoltaique-apres-10-ans-absurde\\\/\"},\"wordCount\":599,\"commentCount\":0,\"image\":{\"@id\":\"https:\\\/\\\/www.renouvelle.be\\\/fr\\\/remplacer-son-installation-photovoltaique-apres-10-ans-absurde\\\/#primaryimage\"},\"thumbnailUrl\":\"https:\\\/\\\/www.renouvelle.be\\\/wp-content\\\/uploads\\\/2021\\\/02\\\/istock-114337789.jpg\",\"articleSection\":[\"D\u00e9bats\"],\"inLanguage\":\"fr-FR\",\"potentialAction\":[{\"@type\":\"CommentAction\",\"name\":\"Comment\",\"target\":[\"https:\\\/\\\/www.renouvelle.be\\\/fr\\\/remplacer-son-installation-photovoltaique-apres-10-ans-absurde\\\/#respond\"]}]},{\"@type\":\"WebPage\",\"@id\":\"https:\\\/\\\/www.renouvelle.be\\\/fr\\\/remplacer-son-installation-photovoltaique-apres-10-ans-absurde\\\/\",\"url\":\"https:\\\/\\\/www.renouvelle.be\\\/fr\\\/remplacer-son-installation-photovoltaique-apres-10-ans-absurde\\\/\",\"name\":\"Remplacer son installation photovolta\u00efque apr\u00e8s 10 ans\u202f? Absurde\u202f! - Renouvelle\",\"isPartOf\":{\"@id\":\"https:\\\/\\\/www.renouvelle.be\\\/fr\\\/#website\"},\"primaryImageOfPage\":{\"@id\":\"https:\\\/\\\/www.renouvelle.be\\\/fr\\\/remplacer-son-installation-photovoltaique-apres-10-ans-absurde\\\/#primaryimage\"},\"image\":{\"@id\":\"https:\\\/\\\/www.renouvelle.be\\\/fr\\\/remplacer-son-installation-photovoltaique-apres-10-ans-absurde\\\/#primaryimage\"},\"thumbnailUrl\":\"https:\\\/\\\/www.renouvelle.be\\\/wp-content\\\/uploads\\\/2021\\\/02\\\/istock-114337789.jpg\",\"datePublished\":\"2019-02-06T13:41:40+00:00\",\"dateModified\":\"2023-06-09T15:43:22+00:00\",\"author\":{\"@id\":\"https:\\\/\\\/www.renouvelle.be\\\/fr\\\/#\\\/schema\\\/person\\\/01fbe8226a07f8f3d4a1cd059b31f17a\"},\"breadcrumb\":{\"@id\":\"https:\\\/\\\/www.renouvelle.be\\\/fr\\\/remplacer-son-installation-photovoltaique-apres-10-ans-absurde\\\/#breadcrumb\"},\"inLanguage\":\"fr-FR\",\"potentialAction\":[{\"@type\":\"ReadAction\",\"target\":[\"https:\\\/\\\/www.renouvelle.be\\\/fr\\\/remplacer-son-installation-photovoltaique-apres-10-ans-absurde\\\/\"]}]},{\"@type\":\"ImageObject\",\"inLanguage\":\"fr-FR\",\"@id\":\"https:\\\/\\\/www.renouvelle.be\\\/fr\\\/remplacer-son-installation-photovoltaique-apres-10-ans-absurde\\\/#primaryimage\",\"url\":\"https:\\\/\\\/www.renouvelle.be\\\/wp-content\\\/uploads\\\/2021\\\/02\\\/istock-114337789.jpg\",\"contentUrl\":\"https:\\\/\\\/www.renouvelle.be\\\/wp-content\\\/uploads\\\/2021\\\/02\\\/istock-114337789.jpg\",\"width\":580,\"height\":407,\"caption\":\"Man installing alternative energy photovoltaic solar panels on roof\"},{\"@type\":\"BreadcrumbList\",\"@id\":\"https:\\\/\\\/www.renouvelle.be\\\/fr\\\/remplacer-son-installation-photovoltaique-apres-10-ans-absurde\\\/#breadcrumb\",\"itemListElement\":[{\"@type\":\"ListItem\",\"position\":1,\"name\":\"Accueil\",\"item\":\"https:\\\/\\\/www.renouvelle.be\\\/fr\\\/\"},{\"@type\":\"ListItem\",\"position\":2,\"name\":\"Remplacer son installation photovolta\u00efque apr\u00e8s 10 ans\u202f? Absurde\u202f!\"}]},{\"@type\":\"WebSite\",\"@id\":\"https:\\\/\\\/www.renouvelle.be\\\/fr\\\/#website\",\"url\":\"https:\\\/\\\/www.renouvelle.be\\\/fr\\\/\",\"name\":\"Renouvelle\",\"description\":\"L&#039;actualit\u00e9 de l&#039;\u00e9nergie durable\",\"potentialAction\":[{\"@type\":\"SearchAction\",\"target\":{\"@type\":\"EntryPoint\",\"urlTemplate\":\"https:\\\/\\\/www.renouvelle.be\\\/fr\\\/?s={search_term_string}\"},\"query-input\":{\"@type\":\"PropertyValueSpecification\",\"valueRequired\":true,\"valueName\":\"search_term_string\"}}],\"inLanguage\":\"fr-FR\"},{\"@type\":\"Person\",\"@id\":\"https:\\\/\\\/www.renouvelle.be\\\/fr\\\/#\\\/schema\\\/person\\\/01fbe8226a07f8f3d4a1cd059b31f17a\",\"name\":\"Energie Commune\",\"url\":\"https:\\\/\\\/www.renouvelle.be\\\/fr\\\/author\\\/apere\\\/\"}]}<\/script>\n<!-- \/ Yoast SEO plugin. -->","yoast_head_json":{"title":"Remplacer son installation photovolta\u00efque apr\u00e8s 10 ans\u202f? Absurde\u202f! - Renouvelle","robots":{"index":"index","follow":"follow","max-snippet":"max-snippet:-1","max-image-preview":"max-image-preview:large","max-video-preview":"max-video-preview:-1"},"canonical":"https:\/\/www.renouvelle.be\/fr\/remplacer-son-installation-photovoltaique-apres-10-ans-absurde\/","og_locale":"fr_FR","og_type":"article","og_title":"Remplacer son installation photovolta\u00efque apr\u00e8s 10 ans\u202f? Absurde\u202f! - Renouvelle","og_description":"Les m\u00e9nages pionniers du photovolta\u00efque \u00e0 Bruxelles arrivent&nbsp;peu \u00e0 peu&nbsp;au terme de leurs&nbsp;10 ans de&nbsp;certificats verts.&nbsp;Selon des retours de&nbsp;terrain, certains&nbsp;de ces m\u00e9nages&nbsp;envisagent&nbsp;concr\u00e8tement de d\u00e9monter leur installation photovolta\u00efque&nbsp;\u2013 pour la revendre \u2013 et de&nbsp;la remplacer par une installation neuve.&nbsp; Cette op\u00e9ration leur permettrait de recevoir \u00e0 nouveau 10 ans de&nbsp;certificats verts et de&nbsp;b\u00e9n\u00e9ficier de la technologie actuelle et donc d\u2019une meilleure productivit\u00e9.&nbsp; Ce&nbsp;remplacement&nbsp;de l\u2019installation&nbsp;serait d\u2019autant plus attractif financi\u00e8rement&nbsp;avec la fin de la compensation&nbsp;pr\u00e9vue \u00e0 Bruxelles en&nbsp;2020.&nbsp; Nous constatons ici un effet pervers&nbsp;du m\u00e9canisme de soutien \u00e0 la production photovolta\u00efque \u00e0 Bruxelles, seule R\u00e9gion o\u00f9 des certificats verts sont toujours octroy\u00e9s.&nbsp; Le m\u00e9canisme&nbsp;bruxellois, tel qu\u2019il fonctionne actuellement,&nbsp;peut effectivement encourager&nbsp;certains m\u00e9nages&nbsp;\u00e0 remplacer leur&nbsp;installation apr\u00e8s \u00e0 peine 10 ans, alors que celle-ci est cens\u00e9e produire&nbsp;une \u00e9lectricit\u00e9 verte pendant encore au moins 15 ans.&nbsp; Compr\u00e9hensible financi\u00e8rement, cette logique est absurde aux niveaux&nbsp;\u00e9thique (ces m\u00e9nages ont d\u00e9j\u00e0 b\u00e9n\u00e9fici\u00e9 d\u2019un soutien) et environnemental (l\u2019installation est toujours op\u00e9rationnelle).&nbsp;L\u2019\u00e9volution technologique et le gain de productivit\u00e9&nbsp;ne justifient pas non plus un remplacement&nbsp;apr\u00e8s \u00e0 peine 10 ans.&nbsp; Les&nbsp;pouvoirs publics&nbsp;bruxellois&nbsp;sont bien conscients de ce risque de d\u00e9rive et compte&nbsp;corriger&nbsp;la r\u00e9glementation en vigueur afin de pr\u00e9venir ces&nbsp;remplacements photovolta\u00efques.&nbsp; Un mod\u00e8le plus vertueux&nbsp; A plus long terme, il existe&nbsp;un nouveau mod\u00e8le \u00e9conomique qui&nbsp;induira une logique plus vertueuse\u202f: l\u2019autoconsommation collective,&nbsp;qui sera bient\u00f4t d\u2019application en Wallonie (lire notre article&nbsp;La Wallonie avance sur l\u2019autoconsommation collective)&nbsp;et sans doute \u00e0 Bruxelles.&nbsp;&nbsp; Il s\u2019agit de rendre possible, par un cadre l\u00e9gal adapt\u00e9 \u00e0 ce nouveau march\u00e9, la mise en commun de plusieurs consommateurs situ\u00e9s dans un m\u00eame quartier \u00e0 une (ou plusieurs) installations de production renouvelable locale &#8211; photovolta\u00efque par exemple.&nbsp; Dans cette logique, le&nbsp;prosumer&nbsp;aura tout int\u00e9r\u00eat&nbsp;\u00e0&nbsp;consommer au maximum sa production solaire (en&nbsp;programmant&nbsp;son \u00e9lectro-m\u00e9nager en journ\u00e9e)&nbsp;et \u00e0 vendre son surplus d\u2019\u00e9lectricit\u00e9 verte \u00e0 ses voisins \u2013 \u00e0 un tarif plus &hellip; Continue reading \"Remplacer son installation photovolta\u00efque apr\u00e8s 10 ans\u202f? Absurde\u202f!\"","og_url":"https:\/\/www.renouvelle.be\/fr\/remplacer-son-installation-photovoltaique-apres-10-ans-absurde\/","og_site_name":"Renouvelle","article_published_time":"2019-02-06T13:41:40+00:00","article_modified_time":"2023-06-09T15:43:22+00:00","og_image":[{"width":580,"height":407,"url":"https:\/\/www.renouvelle.be\/wp-content\/uploads\/2021\/02\/istock-114337789.jpg","type":"image\/jpeg"}],"author":"Energie Commune","twitter_card":"summary_large_image","schema":{"@context":"https:\/\/schema.org","@graph":[{"@type":"Article","@id":"https:\/\/www.renouvelle.be\/fr\/remplacer-son-installation-photovoltaique-apres-10-ans-absurde\/#article","isPartOf":{"@id":"https:\/\/www.renouvelle.be\/fr\/remplacer-son-installation-photovoltaique-apres-10-ans-absurde\/"},"author":{"name":"Energie Commune","@id":"https:\/\/www.renouvelle.be\/fr\/#\/schema\/person\/01fbe8226a07f8f3d4a1cd059b31f17a"},"headline":"Remplacer son installation photovolta\u00efque apr\u00e8s 10 ans\u202f? Absurde\u202f!","datePublished":"2019-02-06T13:41:40+00:00","dateModified":"2023-06-09T15:43:22+00:00","mainEntityOfPage":{"@id":"https:\/\/www.renouvelle.be\/fr\/remplacer-son-installation-photovoltaique-apres-10-ans-absurde\/"},"wordCount":599,"commentCount":0,"image":{"@id":"https:\/\/www.renouvelle.be\/fr\/remplacer-son-installation-photovoltaique-apres-10-ans-absurde\/#primaryimage"},"thumbnailUrl":"https:\/\/www.renouvelle.be\/wp-content\/uploads\/2021\/02\/istock-114337789.jpg","articleSection":["D\u00e9bats"],"inLanguage":"fr-FR","potentialAction":[{"@type":"CommentAction","name":"Comment","target":["https:\/\/www.renouvelle.be\/fr\/remplacer-son-installation-photovoltaique-apres-10-ans-absurde\/#respond"]}]},{"@type":"WebPage","@id":"https:\/\/www.renouvelle.be\/fr\/remplacer-son-installation-photovoltaique-apres-10-ans-absurde\/","url":"https:\/\/www.renouvelle.be\/fr\/remplacer-son-installation-photovoltaique-apres-10-ans-absurde\/","name":"Remplacer son installation photovolta\u00efque apr\u00e8s 10 ans\u202f? Absurde\u202f! - Renouvelle","isPartOf":{"@id":"https:\/\/www.renouvelle.be\/fr\/#website"},"primaryImageOfPage":{"@id":"https:\/\/www.renouvelle.be\/fr\/remplacer-son-installation-photovoltaique-apres-10-ans-absurde\/#primaryimage"},"image":{"@id":"https:\/\/www.renouvelle.be\/fr\/remplacer-son-installation-photovoltaique-apres-10-ans-absurde\/#primaryimage"},"thumbnailUrl":"https:\/\/www.renouvelle.be\/wp-content\/uploads\/2021\/02\/istock-114337789.jpg","datePublished":"2019-02-06T13:41:40+00:00","dateModified":"2023-06-09T15:43:22+00:00","author":{"@id":"https:\/\/www.renouvelle.be\/fr\/#\/schema\/person\/01fbe8226a07f8f3d4a1cd059b31f17a"},"breadcrumb":{"@id":"https:\/\/www.renouvelle.be\/fr\/remplacer-son-installation-photovoltaique-apres-10-ans-absurde\/#breadcrumb"},"inLanguage":"fr-FR","potentialAction":[{"@type":"ReadAction","target":["https:\/\/www.renouvelle.be\/fr\/remplacer-son-installation-photovoltaique-apres-10-ans-absurde\/"]}]},{"@type":"ImageObject","inLanguage":"fr-FR","@id":"https:\/\/www.renouvelle.be\/fr\/remplacer-son-installation-photovoltaique-apres-10-ans-absurde\/#primaryimage","url":"https:\/\/www.renouvelle.be\/wp-content\/uploads\/2021\/02\/istock-114337789.jpg","contentUrl":"https:\/\/www.renouvelle.be\/wp-content\/uploads\/2021\/02\/istock-114337789.jpg","width":580,"height":407,"caption":"Man installing alternative energy photovoltaic solar panels on roof"},{"@type":"BreadcrumbList","@id":"https:\/\/www.renouvelle.be\/fr\/remplacer-son-installation-photovoltaique-apres-10-ans-absurde\/#breadcrumb","itemListElement":[{"@type":"ListItem","position":1,"name":"Accueil","item":"https:\/\/www.renouvelle.be\/fr\/"},{"@type":"ListItem","position":2,"name":"Remplacer son installation photovolta\u00efque apr\u00e8s 10 ans\u202f? Absurde\u202f!"}]},{"@type":"WebSite","@id":"https:\/\/www.renouvelle.be\/fr\/#website","url":"https:\/\/www.renouvelle.be\/fr\/","name":"Renouvelle","description":"L&#039;actualit\u00e9 de l&#039;\u00e9nergie durable","potentialAction":[{"@type":"SearchAction","target":{"@type":"EntryPoint","urlTemplate":"https:\/\/www.renouvelle.be\/fr\/?s={search_term_string}"},"query-input":{"@type":"PropertyValueSpecification","valueRequired":true,"valueName":"search_term_string"}}],"inLanguage":"fr-FR"},{"@type":"Person","@id":"https:\/\/www.renouvelle.be\/fr\/#\/schema\/person\/01fbe8226a07f8f3d4a1cd059b31f17a","name":"Energie Commune","url":"https:\/\/www.renouvelle.be\/fr\/author\/apere\/"}]}},"_links":{"self":[{"href":"https:\/\/www.renouvelle.be\/fr\/wp-json\/wp\/v2\/posts\/3657","targetHints":{"allow":["GET"]}}],"collection":[{"href":"https:\/\/www.renouvelle.be\/fr\/wp-json\/wp\/v2\/posts"}],"about":[{"href":"https:\/\/www.renouvelle.be\/fr\/wp-json\/wp\/v2\/types\/post"}],"author":[{"embeddable":true,"href":"https:\/\/www.renouvelle.be\/fr\/wp-json\/wp\/v2\/users\/3"}],"replies":[{"embeddable":true,"href":"https:\/\/www.renouvelle.be\/fr\/wp-json\/wp\/v2\/comments?post=3657"}],"version-history":[{"count":3,"href":"https:\/\/www.renouvelle.be\/fr\/wp-json\/wp\/v2\/posts\/3657\/revisions"}],"predecessor-version":[{"id":9771,"href":"https:\/\/www.renouvelle.be\/fr\/wp-json\/wp\/v2\/posts\/3657\/revisions\/9771"}],"wp:featuredmedia":[{"embeddable":true,"href":"https:\/\/www.renouvelle.be\/fr\/wp-json\/wp\/v2\/media\/4536"}],"wp:attachment":[{"href":"https:\/\/www.renouvelle.be\/fr\/wp-json\/wp\/v2\/media?parent=3657"}],"wp:term":[{"taxonomy":"category","embeddable":true,"href":"https:\/\/www.renouvelle.be\/fr\/wp-json\/wp\/v2\/categories?post=3657"},{"taxonomy":"post_tag","embeddable":true,"href":"https:\/\/www.renouvelle.be\/fr\/wp-json\/wp\/v2\/tags?post=3657"},{"taxonomy":"section","embeddable":true,"href":"https:\/\/www.renouvelle.be\/fr\/wp-json\/wp\/v2\/section?post=3657"}],"curies":[{"name":"wp","href":"https:\/\/api.w.org\/{rel}","templated":true}]}}