{"id":3645,"date":"2019-01-16T13:48:32","date_gmt":"2019-01-16T13:48:32","guid":{"rendered":""},"modified":"2023-07-10T23:00:22","modified_gmt":"2023-07-10T21:00:22","slug":"la-belgique-et-le-royaume-uni-sont-desormais-interconnectes","status":"publish","type":"post","link":"https:\/\/www.renouvelle.be\/fr\/la-belgique-et-le-royaume-uni-sont-desormais-interconnectes\/","title":{"rendered":"La Belgique et le Royaume Uni sont d\u00e9sormais interconnect\u00e9s"},"content":{"rendered":"<p>La Belgique et le Royaume Uni ont officiellement inaugur\u00e9 le 5 d\u00e9cembre 2018 la premi\u00e8re interconnexion \u00e9lectrique entre les deux pays, baptis\u00e9e Nemo Link.<\/p>\n<p>Les gestionnaires de r\u00e9seaux belge (Elia) et anglais (National Grid) ont travaill\u00e9 ensemble durant 10 ans pour relever les nombreux d\u00e9fis techniques.<\/p>\n<p>Un c\u00e2ble de 140 km (dont 130 km en mer) relie d\u00e9sormais les r\u00e9seaux \u00e9lectriques anglais et belge. Il permettra le transport de 1.000 MW d&rsquo;\u00e9lectricit\u00e9 dans les deux sens, ce qui constitue \u00e0 peu pr\u00e8s la puissance d&rsquo;une centrale nucl\u00e9aire.<\/p>\n<p>Le c\u00e2ble, con\u00e7u au japon, est unique au monde par son niveau de tension (400 kV) et le mat\u00e9riel exceptionnel utilis\u00e9 pour son isolation. C\u2019est la premi\u00e8re fois qu\u2019Elia utilisera un c\u00e2ble en courant continu \u00e0 haute tension \u2013 plus adapt\u00e9 aux longues distances.<\/p>\n<p>Les stations de conversion de Richborough (RU) et Herdersbrug (BE) transformeront ce courant continu en courant alternatif pour les consommateurs.<\/p>\n<p><img decoding=\"async\" alt=\"\" src=\"\/wp-content\/uploads\/2021\/02\/post\/nemo2.jpg\" style=\"width: 580px; height: 184px;\"><\/p>\n<h2>Une route maritime \u2026explosive<\/h2>\n<p>Le c\u00e2ble Nemo Link est construit sur l\u2019une des routes maritimes les plus fr\u00e9quent\u00e9es de la plan\u00e8te. Pendant des centaines d&rsquo;ann\u00e9es, la Manche a \u00e9t\u00e9 le th\u00e9\u00e2tre de certains des moments les plus dramatiques de notre histoire commune, dont les deux guerres mondiales.<\/p>\n<p>Le chemin du c\u00e2ble de Nemo Link a d\u00fb \u00eatre minutieusement examin\u00e9 afin notamment de respecter ce patrimoine historique. Les travaux ont par exemple d\u00e9couvert un canon anglais du 17<sup>\u00e8me<\/sup> si\u00e8cle et le trac\u00e9 a d\u00fb contourner les restes d&rsquo;un bombardier am\u00e9ricain (Boeing B-17).<\/p>\n<p>Il s\u2019agissait \u00e9galement de d\u00e9tecter les explosifs. Pour garantir la s\u00e9curit\u00e9 des travailleurs, 46 bombes ont ainsi d\u00fb \u00eatre neutralis\u00e9es. Nemo Link a travaill\u00e9 en \u00e9troite collaboration avec les diff\u00e9rents gouvernements et services militaires de Belgique, du Royaume-Uni et de France.<\/p>\n<p><img decoding=\"async\" alt=\"\" src=\"\/wp-content\/uploads\/2021\/02\/post\/offshoreuk.jpg\" style=\"width: 580px; height: 326px;\"><\/p>\n<p><em><small>Le Royaume Uni compte d\u00e9j\u00e0 8 GW d\u2019\u00e9olien offshore. Les surplus de production pourront d\u00e9sormais alimenter le r\u00e9seau belge via Nemo Link. <em>\u00a9 Orsted.<\/em><\/small><\/em><\/p>\n<h2>Meilleure int\u00e9gration des productions renouvelables<\/h2>\n<p>Nemo Link est actuellement en phase test et entrera en service au premier trimestre 2019.<\/p>\n<p>Cette interconnexion est une bonne nouvelle pour la s\u00e9curit\u00e9 d\u2019approvisionnement des r\u00e9seaux \u00e9lectriques belges et anglais et pour l\u2019int\u00e9gration des \u00e9nergies renouvelables.<\/p>\n<p>Selon Wind Europe, cette interconnexion boostera l\u2019\u00e9olien offshore en mer du Nord. La f\u00e9d\u00e9ration rappelle dans un <a href=\"https:\/\/windeurope.org\/newsroom\/news\/historic-interconnector-linking-britain-and-belgium-a-major-boost-for-offshore-wind-in-the-north-sea\/\" target=\"_blank\" rel=\"noopener\">communiqu\u00e9<\/a> que le potentiel \u00e9olien en mer du Nord peut en effet couvrir jusqu\u2019\u00e0 80% de la demande d\u2019\u00e9lectricit\u00e9 en Europe. L\u2019\u00e9olien offshore y est en forte croissance et repr\u00e9sente d\u00e9j\u00e0 pr\u00e8s de 8 GW au Royaume Uni et 1 GW en Belgique (lire notre article<a href=\"https:\/\/www.renouvelle.be\/fr\/actualite-belgique\/leolien-en-mer-du-nord-monte-en-puissance\" target=\"_blank\" rel=\"noopener\"> L\u2019\u00e9olien en mer du Nord monte en puissance<\/a>).<\/p>\n<p>Une meilleure interconnexion des r\u00e9seaux europ\u00e9ens permet donc de transporter les surplus des productions renouvelables locales vers les r\u00e9gions o\u00f9 la demande d\u2019\u00e9lectricit\u00e9 est plus forte. A terme, un super r\u00e9seau europ\u00e9en pourra donc int\u00e9grer 100% d\u2019\u00e9lectricit\u00e9 renouvelables, produites localement selon les potentiels et conditions m\u00e9t\u00e9o de chaque r\u00e9gion.<\/p>\n<p>Selon Wind Europe, l\u2019inauguration du projet Nemo Link arrive \u00e0 un moment crucial car les autorit\u00e9s europ\u00e9ennes n\u00e9gocient actuellement une r\u00e9forme du march\u00e9 de l\u2019\u00e9lectricit\u00e9, qui impactera fortement l\u2019utilisation des interconnexions en Europe.<\/p>\n<p>Le Royaume Uni est d\u00e9j\u00e0 interconnect\u00e9 avec la France et les Pays-Bas, tandis que de nouvelles interconnexions sont pr\u00e9vues vers la Norv\u00e8ge, le Danemark et un 2<sup>\u00e8me<\/sup> acc\u00e8s vers la France.<\/p>\n<p>La Belgique, quant \u00e0 elle, sera \u00e9galement connect\u00e9e \u00e0 l\u2019Allemagne en 2020 (projet <a href=\"https:\/\/www.elia.be\/fr\/projets\/projets-reseau\/alegro\/alegro-content\" target=\"_blank\" rel=\"noopener\">ALEGrO<\/a>, 1.000 MW).<\/p>\n<p>Signalons enfin que chaque interconnexion peut influencer les prix de l\u2019\u00e9lectricit\u00e9 sur les deux march\u00e9s interconnect\u00e9s. Selon Wind Europe, Nemo Link devrait pousser les prix \u00e0 la baisse en Belgique et au Royaume Uni \u2013 mais d\u2019autres experts sont plus nuanc\u00e9s (lire cette analyse de <a href=\"https:\/\/www.lecho.be\/entreprises\/energie\/la-belgique-bientot-connectee-electriquement-a-la-grande-bretagne\/10009545.html\" target=\"_blank\" rel=\"noopener\">L\u2019Echo<\/a>).<\/p>\n<p>En tout cas, le d\u00e9calage horaire entre ces deux pays devrait permettre de r\u00e9duire les prix pendant les pics de consommation d\u2019\u00e9lectricit\u00e9.<\/p>\n","protected":false},"excerpt":{"rendered":"<p>La Belgique et le Royaume Uni ont officiellement inaugur\u00e9 le 5 d\u00e9cembre 2018 la premi\u00e8re interconnexion \u00e9lectrique entre les deux pays, baptis\u00e9e Nemo Link. Les gestionnaires de r\u00e9seaux belge (Elia) et anglais (National Grid) ont travaill\u00e9 ensemble durant 10 ans pour relever les nombreux d\u00e9fis techniques. Un c\u00e2ble de 140 km (dont 130 km en mer) relie d\u00e9sormais les r\u00e9seaux \u00e9lectriques anglais et belge. Il permettra le transport de 1.000 MW d&rsquo;\u00e9lectricit\u00e9 dans les deux sens, ce qui constitue \u00e0 peu pr\u00e8s la puissance d&rsquo;une centrale nucl\u00e9aire. Le c\u00e2ble, con\u00e7u au japon, est unique au monde par son niveau de tension (400 kV) et le mat\u00e9riel exceptionnel utilis\u00e9 pour son isolation. C\u2019est la premi\u00e8re fois qu\u2019Elia utilisera un c\u00e2ble en courant continu \u00e0 haute tension \u2013 plus adapt\u00e9 aux longues distances. Les stations de conversion de Richborough (RU) et Herdersbrug (BE) transformeront ce courant continu en courant alternatif pour les consommateurs. Une route maritime \u2026explosive Le c\u00e2ble Nemo Link est construit sur l\u2019une des routes maritimes les plus fr\u00e9quent\u00e9es de la plan\u00e8te. Pendant des centaines d&rsquo;ann\u00e9es, la Manche a \u00e9t\u00e9 le th\u00e9\u00e2tre de certains des moments les plus dramatiques de notre histoire commune, dont les deux guerres mondiales. Le chemin du c\u00e2ble de Nemo Link a d\u00fb \u00eatre minutieusement examin\u00e9 afin notamment de respecter ce patrimoine historique. Les travaux ont par exemple d\u00e9couvert un canon anglais du 17\u00e8me si\u00e8cle et le trac\u00e9 a d\u00fb contourner les restes d&rsquo;un bombardier am\u00e9ricain (Boeing B-17). Il s\u2019agissait \u00e9galement de d\u00e9tecter les explosifs. Pour garantir la s\u00e9curit\u00e9 des travailleurs, 46 bombes ont ainsi d\u00fb \u00eatre neutralis\u00e9es. Nemo Link a travaill\u00e9 en \u00e9troite collaboration avec les diff\u00e9rents gouvernements et services militaires de Belgique, du Royaume-Uni et de France. Le Royaume Uni compte d\u00e9j\u00e0 8 GW &hellip; <a href=\"https:\/\/www.renouvelle.be\/fr\/la-belgique-et-le-royaume-uni-sont-desormais-interconnectes\/\" class=\"more-link\">Continue reading<span class=\"screen-reader-text\"> \u00ab\u00a0La Belgique et le Royaume Uni sont d\u00e9sormais interconnect\u00e9s\u00a0\u00bb<\/span><\/a><\/p>\n","protected":false},"author":3,"featured_media":4660,"comment_status":"open","ping_status":"open","sticky":false,"template":"","format":"standard","meta":{"_acf_changed":false,"footnotes":""},"categories":[18],"tags":[],"section":[6],"class_list":["post-3645","post","type-post","status-publish","format-standard","has-post-thumbnail","hentry","category-actualite-internationale","section-eolien"],"acf":[],"yoast_head":"<!-- This site is optimized with the Yoast SEO plugin v27.5 - https:\/\/yoast.com\/product\/yoast-seo-wordpress\/ -->\n<title>La Belgique et le Royaume Uni sont d\u00e9sormais interconnect\u00e9s - Renouvelle<\/title>\n<meta name=\"robots\" content=\"index, follow, max-snippet:-1, max-image-preview:large, max-video-preview:-1\" \/>\n<link rel=\"canonical\" href=\"https:\/\/www.renouvelle.be\/fr\/la-belgique-et-le-royaume-uni-sont-desormais-interconnectes\/\" \/>\n<meta property=\"og:locale\" content=\"fr_FR\" \/>\n<meta property=\"og:type\" content=\"article\" \/>\n<meta property=\"og:title\" content=\"La Belgique et le Royaume Uni sont d\u00e9sormais interconnect\u00e9s - Renouvelle\" \/>\n<meta property=\"og:description\" content=\"La Belgique et le Royaume Uni ont officiellement inaugur\u00e9 le 5 d\u00e9cembre 2018 la premi\u00e8re interconnexion \u00e9lectrique entre les deux pays, baptis\u00e9e Nemo Link. Les gestionnaires de r\u00e9seaux belge (Elia) et anglais (National Grid) ont travaill\u00e9 ensemble durant 10 ans pour relever les nombreux d\u00e9fis techniques. Un c\u00e2ble de 140 km (dont 130 km en mer) relie d\u00e9sormais les r\u00e9seaux \u00e9lectriques anglais et belge. Il permettra le transport de 1.000 MW d&rsquo;\u00e9lectricit\u00e9 dans les deux sens, ce qui constitue \u00e0 peu pr\u00e8s la puissance d&rsquo;une centrale nucl\u00e9aire. Le c\u00e2ble, con\u00e7u au japon, est unique au monde par son niveau de tension (400 kV) et le mat\u00e9riel exceptionnel utilis\u00e9 pour son isolation. C\u2019est la premi\u00e8re fois qu\u2019Elia utilisera un c\u00e2ble en courant continu \u00e0 haute tension \u2013 plus adapt\u00e9 aux longues distances. Les stations de conversion de Richborough (RU) et Herdersbrug (BE) transformeront ce courant continu en courant alternatif pour les consommateurs. Une route maritime \u2026explosive Le c\u00e2ble Nemo Link est construit sur l\u2019une des routes maritimes les plus fr\u00e9quent\u00e9es de la plan\u00e8te. Pendant des centaines d&rsquo;ann\u00e9es, la Manche a \u00e9t\u00e9 le th\u00e9\u00e2tre de certains des moments les plus dramatiques de notre histoire commune, dont les deux guerres mondiales. Le chemin du c\u00e2ble de Nemo Link a d\u00fb \u00eatre minutieusement examin\u00e9 afin notamment de respecter ce patrimoine historique. Les travaux ont par exemple d\u00e9couvert un canon anglais du 17\u00e8me si\u00e8cle et le trac\u00e9 a d\u00fb contourner les restes d&rsquo;un bombardier am\u00e9ricain (Boeing B-17). Il s\u2019agissait \u00e9galement de d\u00e9tecter les explosifs. Pour garantir la s\u00e9curit\u00e9 des travailleurs, 46 bombes ont ainsi d\u00fb \u00eatre neutralis\u00e9es. Nemo Link a travaill\u00e9 en \u00e9troite collaboration avec les diff\u00e9rents gouvernements et services militaires de Belgique, du Royaume-Uni et de France. Le Royaume Uni compte d\u00e9j\u00e0 8 GW &hellip; Continue reading &quot;La Belgique et le Royaume Uni sont d\u00e9sormais interconnect\u00e9s&quot;\" \/>\n<meta property=\"og:url\" content=\"https:\/\/www.renouvelle.be\/fr\/la-belgique-et-le-royaume-uni-sont-desormais-interconnectes\/\" \/>\n<meta property=\"og:site_name\" content=\"Renouvelle\" \/>\n<meta property=\"article:published_time\" content=\"2019-01-16T13:48:32+00:00\" \/>\n<meta property=\"article:modified_time\" content=\"2023-07-10T21:00:22+00:00\" \/>\n<meta property=\"og:image\" content=\"https:\/\/www.renouvelle.be\/wp-content\/uploads\/2021\/02\/nemo.jpg\" \/>\n\t<meta property=\"og:image:width\" content=\"580\" \/>\n\t<meta property=\"og:image:height\" content=\"287\" \/>\n\t<meta property=\"og:image:type\" content=\"image\/jpeg\" \/>\n<meta name=\"author\" content=\"Energie Commune\" \/>\n<meta name=\"twitter:card\" content=\"summary_large_image\" \/>\n<script type=\"application\/ld+json\" class=\"yoast-schema-graph\">{\"@context\":\"https:\\\/\\\/schema.org\",\"@graph\":[{\"@type\":\"Article\",\"@id\":\"https:\\\/\\\/www.renouvelle.be\\\/fr\\\/la-belgique-et-le-royaume-uni-sont-desormais-interconnectes\\\/#article\",\"isPartOf\":{\"@id\":\"https:\\\/\\\/www.renouvelle.be\\\/fr\\\/la-belgique-et-le-royaume-uni-sont-desormais-interconnectes\\\/\"},\"author\":{\"name\":\"Energie Commune\",\"@id\":\"https:\\\/\\\/www.renouvelle.be\\\/fr\\\/#\\\/schema\\\/person\\\/01fbe8226a07f8f3d4a1cd059b31f17a\"},\"headline\":\"La Belgique et le Royaume Uni sont d\u00e9sormais interconnect\u00e9s\",\"datePublished\":\"2019-01-16T13:48:32+00:00\",\"dateModified\":\"2023-07-10T21:00:22+00:00\",\"mainEntityOfPage\":{\"@id\":\"https:\\\/\\\/www.renouvelle.be\\\/fr\\\/la-belgique-et-le-royaume-uni-sont-desormais-interconnectes\\\/\"},\"wordCount\":692,\"commentCount\":0,\"image\":{\"@id\":\"https:\\\/\\\/www.renouvelle.be\\\/fr\\\/la-belgique-et-le-royaume-uni-sont-desormais-interconnectes\\\/#primaryimage\"},\"thumbnailUrl\":\"https:\\\/\\\/www.renouvelle.be\\\/wp-content\\\/uploads\\\/2021\\\/02\\\/nemo.jpg\",\"articleSection\":[\"Actualit\u00e9 internationale\"],\"inLanguage\":\"fr-FR\",\"potentialAction\":[{\"@type\":\"CommentAction\",\"name\":\"Comment\",\"target\":[\"https:\\\/\\\/www.renouvelle.be\\\/fr\\\/la-belgique-et-le-royaume-uni-sont-desormais-interconnectes\\\/#respond\"]}]},{\"@type\":\"WebPage\",\"@id\":\"https:\\\/\\\/www.renouvelle.be\\\/fr\\\/la-belgique-et-le-royaume-uni-sont-desormais-interconnectes\\\/\",\"url\":\"https:\\\/\\\/www.renouvelle.be\\\/fr\\\/la-belgique-et-le-royaume-uni-sont-desormais-interconnectes\\\/\",\"name\":\"La Belgique et le Royaume Uni sont d\u00e9sormais interconnect\u00e9s - Renouvelle\",\"isPartOf\":{\"@id\":\"https:\\\/\\\/www.renouvelle.be\\\/fr\\\/#website\"},\"primaryImageOfPage\":{\"@id\":\"https:\\\/\\\/www.renouvelle.be\\\/fr\\\/la-belgique-et-le-royaume-uni-sont-desormais-interconnectes\\\/#primaryimage\"},\"image\":{\"@id\":\"https:\\\/\\\/www.renouvelle.be\\\/fr\\\/la-belgique-et-le-royaume-uni-sont-desormais-interconnectes\\\/#primaryimage\"},\"thumbnailUrl\":\"https:\\\/\\\/www.renouvelle.be\\\/wp-content\\\/uploads\\\/2021\\\/02\\\/nemo.jpg\",\"datePublished\":\"2019-01-16T13:48:32+00:00\",\"dateModified\":\"2023-07-10T21:00:22+00:00\",\"author\":{\"@id\":\"https:\\\/\\\/www.renouvelle.be\\\/fr\\\/#\\\/schema\\\/person\\\/01fbe8226a07f8f3d4a1cd059b31f17a\"},\"breadcrumb\":{\"@id\":\"https:\\\/\\\/www.renouvelle.be\\\/fr\\\/la-belgique-et-le-royaume-uni-sont-desormais-interconnectes\\\/#breadcrumb\"},\"inLanguage\":\"fr-FR\",\"potentialAction\":[{\"@type\":\"ReadAction\",\"target\":[\"https:\\\/\\\/www.renouvelle.be\\\/fr\\\/la-belgique-et-le-royaume-uni-sont-desormais-interconnectes\\\/\"]}]},{\"@type\":\"ImageObject\",\"inLanguage\":\"fr-FR\",\"@id\":\"https:\\\/\\\/www.renouvelle.be\\\/fr\\\/la-belgique-et-le-royaume-uni-sont-desormais-interconnectes\\\/#primaryimage\",\"url\":\"https:\\\/\\\/www.renouvelle.be\\\/wp-content\\\/uploads\\\/2021\\\/02\\\/nemo.jpg\",\"contentUrl\":\"https:\\\/\\\/www.renouvelle.be\\\/wp-content\\\/uploads\\\/2021\\\/02\\\/nemo.jpg\",\"width\":580,\"height\":287},{\"@type\":\"BreadcrumbList\",\"@id\":\"https:\\\/\\\/www.renouvelle.be\\\/fr\\\/la-belgique-et-le-royaume-uni-sont-desormais-interconnectes\\\/#breadcrumb\",\"itemListElement\":[{\"@type\":\"ListItem\",\"position\":1,\"name\":\"Accueil\",\"item\":\"https:\\\/\\\/www.renouvelle.be\\\/fr\\\/\"},{\"@type\":\"ListItem\",\"position\":2,\"name\":\"La Belgique et le Royaume Uni sont d\u00e9sormais interconnect\u00e9s\"}]},{\"@type\":\"WebSite\",\"@id\":\"https:\\\/\\\/www.renouvelle.be\\\/fr\\\/#website\",\"url\":\"https:\\\/\\\/www.renouvelle.be\\\/fr\\\/\",\"name\":\"Renouvelle\",\"description\":\"L&#039;actualit\u00e9 de l&#039;\u00e9nergie durable\",\"potentialAction\":[{\"@type\":\"SearchAction\",\"target\":{\"@type\":\"EntryPoint\",\"urlTemplate\":\"https:\\\/\\\/www.renouvelle.be\\\/fr\\\/?s={search_term_string}\"},\"query-input\":{\"@type\":\"PropertyValueSpecification\",\"valueRequired\":true,\"valueName\":\"search_term_string\"}}],\"inLanguage\":\"fr-FR\"},{\"@type\":\"Person\",\"@id\":\"https:\\\/\\\/www.renouvelle.be\\\/fr\\\/#\\\/schema\\\/person\\\/01fbe8226a07f8f3d4a1cd059b31f17a\",\"name\":\"Energie Commune\",\"url\":\"https:\\\/\\\/www.renouvelle.be\\\/fr\\\/author\\\/apere\\\/\"}]}<\/script>\n<!-- \/ Yoast SEO plugin. -->","yoast_head_json":{"title":"La Belgique et le Royaume Uni sont d\u00e9sormais interconnect\u00e9s - Renouvelle","robots":{"index":"index","follow":"follow","max-snippet":"max-snippet:-1","max-image-preview":"max-image-preview:large","max-video-preview":"max-video-preview:-1"},"canonical":"https:\/\/www.renouvelle.be\/fr\/la-belgique-et-le-royaume-uni-sont-desormais-interconnectes\/","og_locale":"fr_FR","og_type":"article","og_title":"La Belgique et le Royaume Uni sont d\u00e9sormais interconnect\u00e9s - Renouvelle","og_description":"La Belgique et le Royaume Uni ont officiellement inaugur\u00e9 le 5 d\u00e9cembre 2018 la premi\u00e8re interconnexion \u00e9lectrique entre les deux pays, baptis\u00e9e Nemo Link. Les gestionnaires de r\u00e9seaux belge (Elia) et anglais (National Grid) ont travaill\u00e9 ensemble durant 10 ans pour relever les nombreux d\u00e9fis techniques. Un c\u00e2ble de 140 km (dont 130 km en mer) relie d\u00e9sormais les r\u00e9seaux \u00e9lectriques anglais et belge. Il permettra le transport de 1.000 MW d&rsquo;\u00e9lectricit\u00e9 dans les deux sens, ce qui constitue \u00e0 peu pr\u00e8s la puissance d&rsquo;une centrale nucl\u00e9aire. Le c\u00e2ble, con\u00e7u au japon, est unique au monde par son niveau de tension (400 kV) et le mat\u00e9riel exceptionnel utilis\u00e9 pour son isolation. C\u2019est la premi\u00e8re fois qu\u2019Elia utilisera un c\u00e2ble en courant continu \u00e0 haute tension \u2013 plus adapt\u00e9 aux longues distances. Les stations de conversion de Richborough (RU) et Herdersbrug (BE) transformeront ce courant continu en courant alternatif pour les consommateurs. Une route maritime \u2026explosive Le c\u00e2ble Nemo Link est construit sur l\u2019une des routes maritimes les plus fr\u00e9quent\u00e9es de la plan\u00e8te. Pendant des centaines d&rsquo;ann\u00e9es, la Manche a \u00e9t\u00e9 le th\u00e9\u00e2tre de certains des moments les plus dramatiques de notre histoire commune, dont les deux guerres mondiales. Le chemin du c\u00e2ble de Nemo Link a d\u00fb \u00eatre minutieusement examin\u00e9 afin notamment de respecter ce patrimoine historique. Les travaux ont par exemple d\u00e9couvert un canon anglais du 17\u00e8me si\u00e8cle et le trac\u00e9 a d\u00fb contourner les restes d&rsquo;un bombardier am\u00e9ricain (Boeing B-17). Il s\u2019agissait \u00e9galement de d\u00e9tecter les explosifs. Pour garantir la s\u00e9curit\u00e9 des travailleurs, 46 bombes ont ainsi d\u00fb \u00eatre neutralis\u00e9es. Nemo Link a travaill\u00e9 en \u00e9troite collaboration avec les diff\u00e9rents gouvernements et services militaires de Belgique, du Royaume-Uni et de France. Le Royaume Uni compte d\u00e9j\u00e0 8 GW &hellip; Continue reading \"La Belgique et le Royaume Uni sont d\u00e9sormais interconnect\u00e9s\"","og_url":"https:\/\/www.renouvelle.be\/fr\/la-belgique-et-le-royaume-uni-sont-desormais-interconnectes\/","og_site_name":"Renouvelle","article_published_time":"2019-01-16T13:48:32+00:00","article_modified_time":"2023-07-10T21:00:22+00:00","og_image":[{"width":580,"height":287,"url":"https:\/\/www.renouvelle.be\/wp-content\/uploads\/2021\/02\/nemo.jpg","type":"image\/jpeg"}],"author":"Energie Commune","twitter_card":"summary_large_image","schema":{"@context":"https:\/\/schema.org","@graph":[{"@type":"Article","@id":"https:\/\/www.renouvelle.be\/fr\/la-belgique-et-le-royaume-uni-sont-desormais-interconnectes\/#article","isPartOf":{"@id":"https:\/\/www.renouvelle.be\/fr\/la-belgique-et-le-royaume-uni-sont-desormais-interconnectes\/"},"author":{"name":"Energie Commune","@id":"https:\/\/www.renouvelle.be\/fr\/#\/schema\/person\/01fbe8226a07f8f3d4a1cd059b31f17a"},"headline":"La Belgique et le Royaume Uni sont d\u00e9sormais interconnect\u00e9s","datePublished":"2019-01-16T13:48:32+00:00","dateModified":"2023-07-10T21:00:22+00:00","mainEntityOfPage":{"@id":"https:\/\/www.renouvelle.be\/fr\/la-belgique-et-le-royaume-uni-sont-desormais-interconnectes\/"},"wordCount":692,"commentCount":0,"image":{"@id":"https:\/\/www.renouvelle.be\/fr\/la-belgique-et-le-royaume-uni-sont-desormais-interconnectes\/#primaryimage"},"thumbnailUrl":"https:\/\/www.renouvelle.be\/wp-content\/uploads\/2021\/02\/nemo.jpg","articleSection":["Actualit\u00e9 internationale"],"inLanguage":"fr-FR","potentialAction":[{"@type":"CommentAction","name":"Comment","target":["https:\/\/www.renouvelle.be\/fr\/la-belgique-et-le-royaume-uni-sont-desormais-interconnectes\/#respond"]}]},{"@type":"WebPage","@id":"https:\/\/www.renouvelle.be\/fr\/la-belgique-et-le-royaume-uni-sont-desormais-interconnectes\/","url":"https:\/\/www.renouvelle.be\/fr\/la-belgique-et-le-royaume-uni-sont-desormais-interconnectes\/","name":"La Belgique et le Royaume Uni sont d\u00e9sormais interconnect\u00e9s - Renouvelle","isPartOf":{"@id":"https:\/\/www.renouvelle.be\/fr\/#website"},"primaryImageOfPage":{"@id":"https:\/\/www.renouvelle.be\/fr\/la-belgique-et-le-royaume-uni-sont-desormais-interconnectes\/#primaryimage"},"image":{"@id":"https:\/\/www.renouvelle.be\/fr\/la-belgique-et-le-royaume-uni-sont-desormais-interconnectes\/#primaryimage"},"thumbnailUrl":"https:\/\/www.renouvelle.be\/wp-content\/uploads\/2021\/02\/nemo.jpg","datePublished":"2019-01-16T13:48:32+00:00","dateModified":"2023-07-10T21:00:22+00:00","author":{"@id":"https:\/\/www.renouvelle.be\/fr\/#\/schema\/person\/01fbe8226a07f8f3d4a1cd059b31f17a"},"breadcrumb":{"@id":"https:\/\/www.renouvelle.be\/fr\/la-belgique-et-le-royaume-uni-sont-desormais-interconnectes\/#breadcrumb"},"inLanguage":"fr-FR","potentialAction":[{"@type":"ReadAction","target":["https:\/\/www.renouvelle.be\/fr\/la-belgique-et-le-royaume-uni-sont-desormais-interconnectes\/"]}]},{"@type":"ImageObject","inLanguage":"fr-FR","@id":"https:\/\/www.renouvelle.be\/fr\/la-belgique-et-le-royaume-uni-sont-desormais-interconnectes\/#primaryimage","url":"https:\/\/www.renouvelle.be\/wp-content\/uploads\/2021\/02\/nemo.jpg","contentUrl":"https:\/\/www.renouvelle.be\/wp-content\/uploads\/2021\/02\/nemo.jpg","width":580,"height":287},{"@type":"BreadcrumbList","@id":"https:\/\/www.renouvelle.be\/fr\/la-belgique-et-le-royaume-uni-sont-desormais-interconnectes\/#breadcrumb","itemListElement":[{"@type":"ListItem","position":1,"name":"Accueil","item":"https:\/\/www.renouvelle.be\/fr\/"},{"@type":"ListItem","position":2,"name":"La Belgique et le Royaume Uni sont d\u00e9sormais interconnect\u00e9s"}]},{"@type":"WebSite","@id":"https:\/\/www.renouvelle.be\/fr\/#website","url":"https:\/\/www.renouvelle.be\/fr\/","name":"Renouvelle","description":"L&#039;actualit\u00e9 de l&#039;\u00e9nergie durable","potentialAction":[{"@type":"SearchAction","target":{"@type":"EntryPoint","urlTemplate":"https:\/\/www.renouvelle.be\/fr\/?s={search_term_string}"},"query-input":{"@type":"PropertyValueSpecification","valueRequired":true,"valueName":"search_term_string"}}],"inLanguage":"fr-FR"},{"@type":"Person","@id":"https:\/\/www.renouvelle.be\/fr\/#\/schema\/person\/01fbe8226a07f8f3d4a1cd059b31f17a","name":"Energie Commune","url":"https:\/\/www.renouvelle.be\/fr\/author\/apere\/"}]}},"_links":{"self":[{"href":"https:\/\/www.renouvelle.be\/fr\/wp-json\/wp\/v2\/posts\/3645","targetHints":{"allow":["GET"]}}],"collection":[{"href":"https:\/\/www.renouvelle.be\/fr\/wp-json\/wp\/v2\/posts"}],"about":[{"href":"https:\/\/www.renouvelle.be\/fr\/wp-json\/wp\/v2\/types\/post"}],"author":[{"embeddable":true,"href":"https:\/\/www.renouvelle.be\/fr\/wp-json\/wp\/v2\/users\/3"}],"replies":[{"embeddable":true,"href":"https:\/\/www.renouvelle.be\/fr\/wp-json\/wp\/v2\/comments?post=3645"}],"version-history":[{"count":2,"href":"https:\/\/www.renouvelle.be\/fr\/wp-json\/wp\/v2\/posts\/3645\/revisions"}],"predecessor-version":[{"id":10154,"href":"https:\/\/www.renouvelle.be\/fr\/wp-json\/wp\/v2\/posts\/3645\/revisions\/10154"}],"wp:featuredmedia":[{"embeddable":true,"href":"https:\/\/www.renouvelle.be\/fr\/wp-json\/wp\/v2\/media\/4660"}],"wp:attachment":[{"href":"https:\/\/www.renouvelle.be\/fr\/wp-json\/wp\/v2\/media?parent=3645"}],"wp:term":[{"taxonomy":"category","embeddable":true,"href":"https:\/\/www.renouvelle.be\/fr\/wp-json\/wp\/v2\/categories?post=3645"},{"taxonomy":"post_tag","embeddable":true,"href":"https:\/\/www.renouvelle.be\/fr\/wp-json\/wp\/v2\/tags?post=3645"},{"taxonomy":"section","embeddable":true,"href":"https:\/\/www.renouvelle.be\/fr\/wp-json\/wp\/v2\/section?post=3645"}],"curies":[{"name":"wp","href":"https:\/\/api.w.org\/{rel}","templated":true}]}}