{"id":3643,"date":"2019-01-16T13:43:49","date_gmt":"2019-01-16T13:43:49","guid":{"rendered":"https:\/\/www.renouvelle.be\/fr\/territoires-et-climat-la-transition-sera-dabord-culturelle\/"},"modified":"2023-10-02T17:42:15","modified_gmt":"2023-10-02T15:42:15","slug":"territoires-et-climat-la-transition-sera-dabord-culturelle","status":"publish","type":"post","link":"https:\/\/www.renouvelle.be\/fr\/territoires-et-climat-la-transition-sera-dabord-culturelle\/","title":{"rendered":"Territoires et climat : la transition sera d\u2019abord culturelle !"},"content":{"rendered":"<h2>Du mythe de la croissance verte au r\u00e9cit de l\u2019effondrement<\/h2>\n<p>La mani\u00e8re dont une commune ou un groupe de communes aborde la transition \u00e9nerg\u00e9tique d\u00e9pend \u00e9norm\u00e9ment du prisme de lecture des enjeux auxquels leur territoire devra faire face dans les prochaines d\u00e9cennies.<\/p>\n<p>Le prisme actuellement dominant est celui d\u2019une r\u00e9volution industrielle verte. Il est bas\u00e9 sur la croyance en notre capacit\u00e9 de maintenir \u00e0 flots notre syst\u00e8me \u00e9conomique et financier bas\u00e9 sur la croissance tout en rencontrant des objectifs ambitieux de r\u00e9duction des \u00e9missions de gaz \u00e0 effet de serre. Il en r\u00e9sulte une vision principalement technologique de la transition. Les strat\u00e9gies qui en d\u00e9coulent se concentrent presque uniquement sur l\u2019am\u00e9lioration de l\u2019efficacit\u00e9 \u00e9nerg\u00e9tique (des b\u00e2timents, des proc\u00e9d\u00e9s industriels, des v\u00e9hicules, etc.) et le d\u00e9veloppement des \u00e9nergies renouvelables. Le principal argument utilis\u00e9 pour promotionner ces strat\u00e9gies est celui du d\u00e9veloppement \u00e9conomique du territoire \u00e0 travers la cr\u00e9ation d\u2019emplois verts, la diversification des activit\u00e9s et la r\u00e9duction de la facture \u00e9nerg\u00e9tique des acteurs locaux.<\/p>\n<p>Pourtant, cela fait plus de quarante ans qu\u2019il est scientifiquement d\u00e9montr\u00e9 que cette vision n\u2019est pas tenable dans un monde fini et nous m\u00e8nera in\u00e9vitablement dans le mur. Une des \u00e9tudes les plus robustes en la mati\u00e8re est certainement celle r\u00e9alis\u00e9e en 1972 par une \u00e9quipe de chercheurs de l\u2019Institut de technologie du Massachusetts \u00e0 la demande du Club de Rome et intitul\u00e9e <a href=\"https:\/\/www.ruedelechiquier.net\/initialesdd\/29-les-limites-a-la-croissance.html\">Les limites \u00e0 la croissance (dans un monde fini)<\/a>. Le mod\u00e8le World 3 qu\u2019ils ont d\u00e9velopp\u00e9 &#8211; et r\u00e9actualis\u00e9 en 2012 &#8211; permet une simulation informatique des interactions entre population, croissance industrielle, production de nourriture et limites des \u00e9cosyst\u00e8mes terrestres.<\/p>\n<p>Le graphique ci-dessous montre une corr\u00e9lation entre les tendances pr\u00e9dites en 1972 par les chercheurs et les \u00e9volutions r\u00e9elles observ\u00e9es jusqu\u2019en 2000. Et si les tendances futures se confirment \u00e9galement, nous devrions vivre dans les prochaines d\u00e9cennies une d\u00e9croissance forc\u00e9e, ce que d\u2019aucuns appellent un effondrement.<\/p>\n<p><img decoding=\"async\" alt=\"\" src=\"\/wp-content\/uploads\/2021\/02\/post\/illu0.jpg\" style=\"width: 580px; height: 406px;\"><\/p>\n<p><em><small>Le mod\u00e8le World 3 \u2013 Sc\u00e9nario de type \u201cbusiness as usual\u201d.<\/small><\/em><\/p>\n<p>Des voix de plus en plus nombreuses estiment m\u00eame que l\u2019effondrement de notre soci\u00e9t\u00e9 thermo-industrielle est d\u00e9j\u00e0 en marche. Et par effondrement, elles entendent&nbsp;: \u00ab&nbsp;le processus \u00e0 l\u2019issue duquel les besoins de base (eau, alimentation, logement, habillement, \u00e9nergie, soins de sant\u00e9, etc.) ne sont plus fournis (\u00e0 un co\u00fbt raisonnable) \u00e0 une majorit\u00e9 de la population par des services encadr\u00e9s par la loi \u00bb (d\u00e9finition de Yves Cochet dans cet&nbsp;<a href=\"https:\/\/www.institutmomentum.org\/faire-societe-face-a-leffondrement\/\" target=\"_blank\" rel=\"noopener\">article<\/a>).<\/p>\n<p>L\u2019actualit\u00e9 de ces derni\u00e8res semaines (manifestations pour le Climat, gilets jaunes, etc.) montre qu\u2019une prise de conscience citoyenne massive de ces enjeux est maintenant en marche, malgr\u00e9 un discours politique n\u2019en faisant que trop rarement \u00e9tat (lire notre article&nbsp;<a href=\"https:\/\/www.renouvelle.be\/fr\/debats\/gilets-jaunes-et-climat-meme-combat\" target=\"_blank\" rel=\"noopener\">Gilets jaunes et climat, m\u00eame combat&nbsp;?<\/a>).<\/p>\n<h2>D\u2019une soci\u00e9t\u00e9 industrielle centralis\u00e9e \u00e0 des territoires r\u00e9silients<\/h2>\n<p>&nbsp;<\/p>\n<p>Il semble d\u00e8s lors vital d\u2019aborder la transition \u00e9nerg\u00e9tique sous l\u2019angle de la capacit\u00e9 de notre soci\u00e9t\u00e9 \u00e0 se relever des chocs \u00e9conomiques et environnementaux auxquels elle sera in\u00e9vitablement confront\u00e9e, sans sous-estimer l\u2019importance d\u2019un syst\u00e8me d\u00e9mocratique fort et dynamique face ces bouleversements. En d\u2019autres termes, il s\u2019agit de se pr\u00e9parer au mieux et de mani\u00e8re collective \u00e0 la fin progressive, voire abrupte, du syst\u00e8me \u00e9conomique thermo-industriel centralis\u00e9 actuel en tentant de cr\u00e9er des communaut\u00e9s (communes, villages, bassins de vie) d\u00e9centralis\u00e9es et r\u00e9silientes. Cette vision conforte encore le r\u00f4le majeur des communes.&nbsp;<\/p>\n<p><img decoding=\"async\" alt=\"\" src=\"\/wp-content\/uploads\/2021\/02\/post\/illu.png\" style=\"width: 580px; height: 186px;\"><\/p>\n<h2>L\u2019indispensable remise en question culturelle<\/h2>\n<p>Les prochaines d\u00e9cennies seront donc marqu\u00e9es par une modification profonde de nos modes de vie, qu\u2019elle soit planifi\u00e9e ou subie&nbsp;: acc\u00e8s aux transports drastiquement r\u00e9duit, alimentation bas\u00e9e essentiellement sur la production locale intensive en main d\u2019\u0153uvre, perte probable de confort mat\u00e9riel et consommation d\u2019\u00e9nergie au gr\u00e9 de la production renouvelable disponible, migrations de populations, adaptation aux impacts du changement climatiques en mati\u00e8re par exemple d\u2019\u00e9rosion des sols, d\u2019augmentation de la fr\u00e9quence et de l\u2019intensit\u00e9 des intemp\u00e9ries, ou de sant\u00e9 publique, etc.<\/p>\n<p>Pour relever ces d\u00e9fis et \u00e9chapper au creusement des in\u00e9galit\u00e9s, \u00e0 la mont\u00e9e des populismes, \u00e0 la perte de coh\u00e9sion sociale et \u00e0 la violence, une r\u00e9volution culturelle collective s\u2019av\u00e8re indispensable. C\u2019est-\u00e0-dire une remise en question de nos valeurs et de nos normes qui nous permette de trouver durablement notre place dans ce monde en mutation.<\/p>\n<p><img decoding=\"async\" alt=\"\" src=\"\/wp-content\/uploads\/2021\/02\/post\/istock-901653474.jpg\" style=\"width: 580px; height: 387px;\"><\/p>\n<p><em><small>Dans le monde de demain, les citoyens devront produire une alimentation locale intensive en main d\u2019\u0153uvre.<\/small><\/em><\/p>\n<h2>Un travail culturel au c\u0153ur des strat\u00e9gies territoriales<\/h2>\n<p>Ces enjeux immenses pr\u00e9occupent d\u00e9j\u00e0 nombre de citoyens et nous concerneront in\u00e9vitablement tous dans les prochaines ann\u00e9es.<\/p>\n<p>Ce n\u2019est qu\u2019en pla\u00e7ant cette r\u00e9flexion au c\u0153ur de leur strat\u00e9gie que les communes engag\u00e9es pour le climat pourront r\u00e9ellement esp\u00e9rer rencontrer ces enjeux (lire nos articles <a href=\"https:\/\/www.renouvelle.be\/fr\/actualite-belgique\/plus-de-200-communes-wallonnes-en-transition-energetique\" target=\"_blank\" rel=\"noopener\">Plus de 200 communes wallonnes en transition \u00e9nerg\u00e9tique<\/a> et <a href=\"https:\/\/renouvelle.be\/fr\/actualite-belgique\/energie-climat-80-communes-wallonnes-passent-a-laction\" target=\"_blank\" rel=\"noopener\">Energie-Climat&nbsp;: 80 communes wallonnes passent \u00e0 l\u2019action<\/a>).<\/p>\n<p>En effet, c\u2019est en travaillant sur ces th\u00e8mes que sera possible la construction d\u00e9mocratique de nouveaux mod\u00e8les \u00e9conomiques locaux visant la transition \u00e9cologique et technologique en favorisant l\u2019inclusion sociale et la lutte contre les in\u00e9galit\u00e9s. En mati\u00e8re d\u2019\u00e9nergie, citons par exemples&nbsp;: les coop\u00e9ratives, les partenariats public-priv\u00e9-citoyens, les dynamiques de remunicipalisation, \u2026<\/p>\n<p>Sur ces sujets, lire nos articles <a href=\"https:\/\/www.renouvelle.be\/fr\/debats\/territoires-5-lengagement-local-des-cooperatives-citoyennes\" target=\"_blank\" rel=\"noopener\">Territoires : L\u2019engagement local des coop\u00e9ratives citoyennes<\/a> et <a href=\"https:\/\/www.renouvelle.be\/fr\/debats\/quand-les-villes-et-communes-recreent-des-services-publics-pour-une-transition-energetique\" target=\"_blank\" rel=\"noopener\">Quand les villes et communes (re)cr\u00e9ent des services publics pour une transition \u00e9nerg\u00e9tique solidaire<\/a>.<\/p>\n<p>Plus largement, de nombreuses initiatives locales participent \u00e0 la transition&nbsp;: monnaies locales, syst\u00e8mes d\u2019\u00e9changes locaux, repair caf\u00e9s, potagers collectifs, ressourceries, etc.<\/p>\n<p>Autrement dit, la transition \u00e9cologique n\u2019a de chance d\u2019\u00eatre v\u00e9cue de mani\u00e8re pacifique que si elle est accompagn\u00e9e d\u2019une transition sociale et \u00e9conomique \u00e0 travers de nouveaux processus d\u00e9mocratiques participatifs et inclusifs.&nbsp; Et tout cela ne peut se faire sans la construction d\u2019un nouveau socle de valeurs et normes communes.<\/p>\n<p><img decoding=\"async\" alt=\"\" src=\"\/wp-content\/uploads\/2021\/02\/post\/axes_de_transition_2.jpg\" style=\"width: 556px; height: 488px;\"><\/p>\n<p><em><small>Articulation et interconnexion des enjeux locaux de la transition. Source&nbsp;: APERe.<\/small><\/em><\/p>\n<h2>Des ressources locales \u00e0 mobiliser<\/h2>\n<p>Pour ce faire, les communes disposent de nombreuses ressources qu\u2019il s\u2019agit de f\u00e9d\u00e9rer. On pense aux centres culturels, aux \u00e9coles, aux mouvements de jeunesse, aux syndicats, aux organisations d\u2019\u00e9ducation populaire, aux initiatives citoyennes de transition, etc. Tous ont une expertise en la mati\u00e8re, un r\u00e9seau et des ressources \u00e0 m\u00eame de mettre en place et animer une conscientisation massive et un d\u00e9bat collectif.&nbsp;<\/p>\n<p>Que ce soit \u00e0 travers l\u2019organisation de projections de documentaires ou de conf\u00e9rences suivies de d\u00e9bats, la programmation des centres culturels, le lancement d\u2019appels \u00e0 projets artistiques, ou le soutien \u00e0 bien d\u2019autres initiatives imaginables, il s\u2019agit d\u2019alimenter l\u2019imaginaire collectif de nouveaux r\u00e9cits questionnant par exemple la place de l\u2019homme dans son \u00e9cosyst\u00e8me, les notions de rivalit\u00e9, de comp\u00e9tition, d\u2019entraide et de solidarit\u00e9, les perceptions du bonheur et de la qualit\u00e9 de vie, etc.<\/p>\n<p>On pourrait r\u00e9sumer ce travail de la mani\u00e8re suivante&nbsp;: \u00ab&nbsp;Imaginons les futurs qui nous semblent souhaitables. Faisons ce que nous pouvons pour y tendre et empruntons le chemin de mani\u00e8re solidaire\u2026&nbsp;\u00bb.<\/p>\n<p>&nbsp;<\/p>\n","protected":false},"excerpt":{"rendered":"<p>Du mythe de la croissance verte au r\u00e9cit de l\u2019effondrement La mani\u00e8re dont une commune ou un groupe de communes aborde la transition \u00e9nerg\u00e9tique d\u00e9pend \u00e9norm\u00e9ment du prisme de lecture des enjeux auxquels leur territoire devra faire face dans les prochaines d\u00e9cennies. Le prisme actuellement dominant est celui d\u2019une r\u00e9volution industrielle verte. Il est bas\u00e9 sur la croyance en notre capacit\u00e9 de maintenir \u00e0 flots notre syst\u00e8me \u00e9conomique et financier bas\u00e9 sur la croissance tout en rencontrant des objectifs ambitieux de r\u00e9duction des \u00e9missions de gaz \u00e0 effet de serre. Il en r\u00e9sulte une vision principalement technologique de la transition. Les strat\u00e9gies qui en d\u00e9coulent se concentrent presque uniquement sur l\u2019am\u00e9lioration de l\u2019efficacit\u00e9 \u00e9nerg\u00e9tique (des b\u00e2timents, des proc\u00e9d\u00e9s industriels, des v\u00e9hicules, etc.) et le d\u00e9veloppement des \u00e9nergies renouvelables. Le principal argument utilis\u00e9 pour promotionner ces strat\u00e9gies est celui du d\u00e9veloppement \u00e9conomique du territoire \u00e0 travers la cr\u00e9ation d\u2019emplois verts, la diversification des activit\u00e9s et la r\u00e9duction de la facture \u00e9nerg\u00e9tique des acteurs locaux. Pourtant, cela fait plus de quarante ans qu\u2019il est scientifiquement d\u00e9montr\u00e9 que cette vision n\u2019est pas tenable dans un monde fini et nous m\u00e8nera in\u00e9vitablement dans le mur. Une des \u00e9tudes les plus robustes en la mati\u00e8re est certainement celle r\u00e9alis\u00e9e en 1972 par une \u00e9quipe de chercheurs de l\u2019Institut de technologie du Massachusetts \u00e0 la demande du Club de Rome et intitul\u00e9e Les limites \u00e0 la croissance (dans un monde fini). Le mod\u00e8le World 3 qu\u2019ils ont d\u00e9velopp\u00e9 &#8211; et r\u00e9actualis\u00e9 en 2012 &#8211; permet une simulation informatique des interactions entre population, croissance industrielle, production de nourriture et limites des \u00e9cosyst\u00e8mes terrestres. Le graphique ci-dessous montre une corr\u00e9lation entre les tendances pr\u00e9dites en 1972 par les chercheurs et les \u00e9volutions r\u00e9elles observ\u00e9es jusqu\u2019en 2000. Et si &hellip; <a href=\"https:\/\/www.renouvelle.be\/fr\/territoires-et-climat-la-transition-sera-dabord-culturelle\/\" class=\"more-link\">Continue reading<span class=\"screen-reader-text\"> \u00ab\u00a0Territoires et climat : la transition sera d\u2019abord culturelle !\u00a0\u00bb<\/span><\/a><\/p>\n","protected":false},"author":3,"featured_media":4590,"comment_status":"open","ping_status":"open","sticky":false,"template":"","format":"standard","meta":{"_acf_changed":false,"footnotes":""},"categories":[17,21],"tags":[],"section":[8],"class_list":["post-3643","post","type-post","status-publish","format-standard","has-post-thumbnail","hentry","category-actualite-en-belgique","category-debats","section-energie-renouvelables"],"acf":[],"yoast_head":"<!-- This site is optimized with the Yoast SEO plugin v27.4 - https:\/\/yoast.com\/product\/yoast-seo-wordpress\/ -->\n<title>Territoires et climat : la transition sera d\u2019abord culturelle ! - Renouvelle<\/title>\n<meta name=\"robots\" content=\"index, follow, max-snippet:-1, max-image-preview:large, max-video-preview:-1\" \/>\n<link rel=\"canonical\" href=\"https:\/\/www.renouvelle.be\/fr\/territoires-et-climat-la-transition-sera-dabord-culturelle\/\" \/>\n<meta property=\"og:locale\" content=\"fr_FR\" \/>\n<meta property=\"og:type\" content=\"article\" \/>\n<meta property=\"og:title\" content=\"Territoires et climat : la transition sera d\u2019abord culturelle ! - Renouvelle\" \/>\n<meta property=\"og:description\" content=\"Du mythe de la croissance verte au r\u00e9cit de l\u2019effondrement La mani\u00e8re dont une commune ou un groupe de communes aborde la transition \u00e9nerg\u00e9tique d\u00e9pend \u00e9norm\u00e9ment du prisme de lecture des enjeux auxquels leur territoire devra faire face dans les prochaines d\u00e9cennies. Le prisme actuellement dominant est celui d\u2019une r\u00e9volution industrielle verte. Il est bas\u00e9 sur la croyance en notre capacit\u00e9 de maintenir \u00e0 flots notre syst\u00e8me \u00e9conomique et financier bas\u00e9 sur la croissance tout en rencontrant des objectifs ambitieux de r\u00e9duction des \u00e9missions de gaz \u00e0 effet de serre. Il en r\u00e9sulte une vision principalement technologique de la transition. Les strat\u00e9gies qui en d\u00e9coulent se concentrent presque uniquement sur l\u2019am\u00e9lioration de l\u2019efficacit\u00e9 \u00e9nerg\u00e9tique (des b\u00e2timents, des proc\u00e9d\u00e9s industriels, des v\u00e9hicules, etc.) et le d\u00e9veloppement des \u00e9nergies renouvelables. Le principal argument utilis\u00e9 pour promotionner ces strat\u00e9gies est celui du d\u00e9veloppement \u00e9conomique du territoire \u00e0 travers la cr\u00e9ation d\u2019emplois verts, la diversification des activit\u00e9s et la r\u00e9duction de la facture \u00e9nerg\u00e9tique des acteurs locaux. Pourtant, cela fait plus de quarante ans qu\u2019il est scientifiquement d\u00e9montr\u00e9 que cette vision n\u2019est pas tenable dans un monde fini et nous m\u00e8nera in\u00e9vitablement dans le mur. Une des \u00e9tudes les plus robustes en la mati\u00e8re est certainement celle r\u00e9alis\u00e9e en 1972 par une \u00e9quipe de chercheurs de l\u2019Institut de technologie du Massachusetts \u00e0 la demande du Club de Rome et intitul\u00e9e Les limites \u00e0 la croissance (dans un monde fini). Le mod\u00e8le World 3 qu\u2019ils ont d\u00e9velopp\u00e9 &#8211; et r\u00e9actualis\u00e9 en 2012 &#8211; permet une simulation informatique des interactions entre population, croissance industrielle, production de nourriture et limites des \u00e9cosyst\u00e8mes terrestres. Le graphique ci-dessous montre une corr\u00e9lation entre les tendances pr\u00e9dites en 1972 par les chercheurs et les \u00e9volutions r\u00e9elles observ\u00e9es jusqu\u2019en 2000. Et si &hellip; Continue reading &quot;Territoires et climat : la transition sera d\u2019abord culturelle !&quot;\" \/>\n<meta property=\"og:url\" content=\"https:\/\/www.renouvelle.be\/fr\/territoires-et-climat-la-transition-sera-dabord-culturelle\/\" \/>\n<meta property=\"og:site_name\" content=\"Renouvelle\" \/>\n<meta property=\"article:published_time\" content=\"2019-01-16T13:43:49+00:00\" \/>\n<meta property=\"article:modified_time\" content=\"2023-10-02T15:42:15+00:00\" \/>\n<meta property=\"og:image\" content=\"https:\/\/www.renouvelle.be\/wp-content\/uploads\/2021\/02\/istock-866608444-scaled.jpg\" \/>\n\t<meta property=\"og:image:width\" content=\"2560\" \/>\n\t<meta property=\"og:image:height\" content=\"1920\" \/>\n\t<meta property=\"og:image:type\" content=\"image\/jpeg\" \/>\n<meta name=\"author\" content=\"Energie Commune\" \/>\n<meta name=\"twitter:card\" content=\"summary_large_image\" \/>\n<script type=\"application\/ld+json\" class=\"yoast-schema-graph\">{\"@context\":\"https:\\\/\\\/schema.org\",\"@graph\":[{\"@type\":\"Article\",\"@id\":\"https:\\\/\\\/www.renouvelle.be\\\/fr\\\/territoires-et-climat-la-transition-sera-dabord-culturelle\\\/#article\",\"isPartOf\":{\"@id\":\"https:\\\/\\\/www.renouvelle.be\\\/fr\\\/territoires-et-climat-la-transition-sera-dabord-culturelle\\\/\"},\"author\":{\"name\":\"Energie Commune\",\"@id\":\"https:\\\/\\\/www.renouvelle.be\\\/fr\\\/#\\\/schema\\\/person\\\/01fbe8226a07f8f3d4a1cd059b31f17a\"},\"headline\":\"Territoires et climat : la transition sera d\u2019abord culturelle !\",\"datePublished\":\"2019-01-16T13:43:49+00:00\",\"dateModified\":\"2023-10-02T15:42:15+00:00\",\"mainEntityOfPage\":{\"@id\":\"https:\\\/\\\/www.renouvelle.be\\\/fr\\\/territoires-et-climat-la-transition-sera-dabord-culturelle\\\/\"},\"wordCount\":1283,\"commentCount\":0,\"image\":{\"@id\":\"https:\\\/\\\/www.renouvelle.be\\\/fr\\\/territoires-et-climat-la-transition-sera-dabord-culturelle\\\/#primaryimage\"},\"thumbnailUrl\":\"https:\\\/\\\/www.renouvelle.be\\\/wp-content\\\/uploads\\\/2021\\\/02\\\/istock-866608444-scaled.jpg\",\"articleSection\":[\"Actualit\u00e9 en Belgique\",\"D\u00e9bats\"],\"inLanguage\":\"fr-FR\",\"potentialAction\":[{\"@type\":\"CommentAction\",\"name\":\"Comment\",\"target\":[\"https:\\\/\\\/www.renouvelle.be\\\/fr\\\/territoires-et-climat-la-transition-sera-dabord-culturelle\\\/#respond\"]}]},{\"@type\":\"WebPage\",\"@id\":\"https:\\\/\\\/www.renouvelle.be\\\/fr\\\/territoires-et-climat-la-transition-sera-dabord-culturelle\\\/\",\"url\":\"https:\\\/\\\/www.renouvelle.be\\\/fr\\\/territoires-et-climat-la-transition-sera-dabord-culturelle\\\/\",\"name\":\"Territoires et climat : la transition sera d\u2019abord culturelle ! - Renouvelle\",\"isPartOf\":{\"@id\":\"https:\\\/\\\/www.renouvelle.be\\\/fr\\\/#website\"},\"primaryImageOfPage\":{\"@id\":\"https:\\\/\\\/www.renouvelle.be\\\/fr\\\/territoires-et-climat-la-transition-sera-dabord-culturelle\\\/#primaryimage\"},\"image\":{\"@id\":\"https:\\\/\\\/www.renouvelle.be\\\/fr\\\/territoires-et-climat-la-transition-sera-dabord-culturelle\\\/#primaryimage\"},\"thumbnailUrl\":\"https:\\\/\\\/www.renouvelle.be\\\/wp-content\\\/uploads\\\/2021\\\/02\\\/istock-866608444-scaled.jpg\",\"datePublished\":\"2019-01-16T13:43:49+00:00\",\"dateModified\":\"2023-10-02T15:42:15+00:00\",\"author\":{\"@id\":\"https:\\\/\\\/www.renouvelle.be\\\/fr\\\/#\\\/schema\\\/person\\\/01fbe8226a07f8f3d4a1cd059b31f17a\"},\"breadcrumb\":{\"@id\":\"https:\\\/\\\/www.renouvelle.be\\\/fr\\\/territoires-et-climat-la-transition-sera-dabord-culturelle\\\/#breadcrumb\"},\"inLanguage\":\"fr-FR\",\"potentialAction\":[{\"@type\":\"ReadAction\",\"target\":[\"https:\\\/\\\/www.renouvelle.be\\\/fr\\\/territoires-et-climat-la-transition-sera-dabord-culturelle\\\/\"]}]},{\"@type\":\"ImageObject\",\"inLanguage\":\"fr-FR\",\"@id\":\"https:\\\/\\\/www.renouvelle.be\\\/fr\\\/territoires-et-climat-la-transition-sera-dabord-culturelle\\\/#primaryimage\",\"url\":\"https:\\\/\\\/www.renouvelle.be\\\/wp-content\\\/uploads\\\/2021\\\/02\\\/istock-866608444-scaled.jpg\",\"contentUrl\":\"https:\\\/\\\/www.renouvelle.be\\\/wp-content\\\/uploads\\\/2021\\\/02\\\/istock-866608444-scaled.jpg\",\"width\":2560,\"height\":1920,\"caption\":\"Human crowd forming a big speech bubble on white background. Horizontal composition with copy space. Clipping path is included. Communication And Social Media Concept\"},{\"@type\":\"BreadcrumbList\",\"@id\":\"https:\\\/\\\/www.renouvelle.be\\\/fr\\\/territoires-et-climat-la-transition-sera-dabord-culturelle\\\/#breadcrumb\",\"itemListElement\":[{\"@type\":\"ListItem\",\"position\":1,\"name\":\"Accueil\",\"item\":\"https:\\\/\\\/www.renouvelle.be\\\/fr\\\/\"},{\"@type\":\"ListItem\",\"position\":2,\"name\":\"Territoires et climat : la transition sera d\u2019abord culturelle !\"}]},{\"@type\":\"WebSite\",\"@id\":\"https:\\\/\\\/www.renouvelle.be\\\/fr\\\/#website\",\"url\":\"https:\\\/\\\/www.renouvelle.be\\\/fr\\\/\",\"name\":\"Renouvelle\",\"description\":\"L&#039;actualit\u00e9 de l&#039;\u00e9nergie durable\",\"potentialAction\":[{\"@type\":\"SearchAction\",\"target\":{\"@type\":\"EntryPoint\",\"urlTemplate\":\"https:\\\/\\\/www.renouvelle.be\\\/fr\\\/?s={search_term_string}\"},\"query-input\":{\"@type\":\"PropertyValueSpecification\",\"valueRequired\":true,\"valueName\":\"search_term_string\"}}],\"inLanguage\":\"fr-FR\"},{\"@type\":\"Person\",\"@id\":\"https:\\\/\\\/www.renouvelle.be\\\/fr\\\/#\\\/schema\\\/person\\\/01fbe8226a07f8f3d4a1cd059b31f17a\",\"name\":\"Energie Commune\",\"url\":\"https:\\\/\\\/www.renouvelle.be\\\/fr\\\/author\\\/apere\\\/\"}]}<\/script>\n<!-- \/ Yoast SEO plugin. -->","yoast_head_json":{"title":"Territoires et climat : la transition sera d\u2019abord culturelle ! - Renouvelle","robots":{"index":"index","follow":"follow","max-snippet":"max-snippet:-1","max-image-preview":"max-image-preview:large","max-video-preview":"max-video-preview:-1"},"canonical":"https:\/\/www.renouvelle.be\/fr\/territoires-et-climat-la-transition-sera-dabord-culturelle\/","og_locale":"fr_FR","og_type":"article","og_title":"Territoires et climat : la transition sera d\u2019abord culturelle ! - Renouvelle","og_description":"Du mythe de la croissance verte au r\u00e9cit de l\u2019effondrement La mani\u00e8re dont une commune ou un groupe de communes aborde la transition \u00e9nerg\u00e9tique d\u00e9pend \u00e9norm\u00e9ment du prisme de lecture des enjeux auxquels leur territoire devra faire face dans les prochaines d\u00e9cennies. Le prisme actuellement dominant est celui d\u2019une r\u00e9volution industrielle verte. Il est bas\u00e9 sur la croyance en notre capacit\u00e9 de maintenir \u00e0 flots notre syst\u00e8me \u00e9conomique et financier bas\u00e9 sur la croissance tout en rencontrant des objectifs ambitieux de r\u00e9duction des \u00e9missions de gaz \u00e0 effet de serre. Il en r\u00e9sulte une vision principalement technologique de la transition. Les strat\u00e9gies qui en d\u00e9coulent se concentrent presque uniquement sur l\u2019am\u00e9lioration de l\u2019efficacit\u00e9 \u00e9nerg\u00e9tique (des b\u00e2timents, des proc\u00e9d\u00e9s industriels, des v\u00e9hicules, etc.) et le d\u00e9veloppement des \u00e9nergies renouvelables. Le principal argument utilis\u00e9 pour promotionner ces strat\u00e9gies est celui du d\u00e9veloppement \u00e9conomique du territoire \u00e0 travers la cr\u00e9ation d\u2019emplois verts, la diversification des activit\u00e9s et la r\u00e9duction de la facture \u00e9nerg\u00e9tique des acteurs locaux. Pourtant, cela fait plus de quarante ans qu\u2019il est scientifiquement d\u00e9montr\u00e9 que cette vision n\u2019est pas tenable dans un monde fini et nous m\u00e8nera in\u00e9vitablement dans le mur. Une des \u00e9tudes les plus robustes en la mati\u00e8re est certainement celle r\u00e9alis\u00e9e en 1972 par une \u00e9quipe de chercheurs de l\u2019Institut de technologie du Massachusetts \u00e0 la demande du Club de Rome et intitul\u00e9e Les limites \u00e0 la croissance (dans un monde fini). Le mod\u00e8le World 3 qu\u2019ils ont d\u00e9velopp\u00e9 &#8211; et r\u00e9actualis\u00e9 en 2012 &#8211; permet une simulation informatique des interactions entre population, croissance industrielle, production de nourriture et limites des \u00e9cosyst\u00e8mes terrestres. Le graphique ci-dessous montre une corr\u00e9lation entre les tendances pr\u00e9dites en 1972 par les chercheurs et les \u00e9volutions r\u00e9elles observ\u00e9es jusqu\u2019en 2000. Et si &hellip; Continue reading \"Territoires et climat : la transition sera d\u2019abord culturelle !\"","og_url":"https:\/\/www.renouvelle.be\/fr\/territoires-et-climat-la-transition-sera-dabord-culturelle\/","og_site_name":"Renouvelle","article_published_time":"2019-01-16T13:43:49+00:00","article_modified_time":"2023-10-02T15:42:15+00:00","og_image":[{"width":2560,"height":1920,"url":"https:\/\/www.renouvelle.be\/wp-content\/uploads\/2021\/02\/istock-866608444-scaled.jpg","type":"image\/jpeg"}],"author":"Energie Commune","twitter_card":"summary_large_image","schema":{"@context":"https:\/\/schema.org","@graph":[{"@type":"Article","@id":"https:\/\/www.renouvelle.be\/fr\/territoires-et-climat-la-transition-sera-dabord-culturelle\/#article","isPartOf":{"@id":"https:\/\/www.renouvelle.be\/fr\/territoires-et-climat-la-transition-sera-dabord-culturelle\/"},"author":{"name":"Energie Commune","@id":"https:\/\/www.renouvelle.be\/fr\/#\/schema\/person\/01fbe8226a07f8f3d4a1cd059b31f17a"},"headline":"Territoires et climat : la transition sera d\u2019abord culturelle !","datePublished":"2019-01-16T13:43:49+00:00","dateModified":"2023-10-02T15:42:15+00:00","mainEntityOfPage":{"@id":"https:\/\/www.renouvelle.be\/fr\/territoires-et-climat-la-transition-sera-dabord-culturelle\/"},"wordCount":1283,"commentCount":0,"image":{"@id":"https:\/\/www.renouvelle.be\/fr\/territoires-et-climat-la-transition-sera-dabord-culturelle\/#primaryimage"},"thumbnailUrl":"https:\/\/www.renouvelle.be\/wp-content\/uploads\/2021\/02\/istock-866608444-scaled.jpg","articleSection":["Actualit\u00e9 en Belgique","D\u00e9bats"],"inLanguage":"fr-FR","potentialAction":[{"@type":"CommentAction","name":"Comment","target":["https:\/\/www.renouvelle.be\/fr\/territoires-et-climat-la-transition-sera-dabord-culturelle\/#respond"]}]},{"@type":"WebPage","@id":"https:\/\/www.renouvelle.be\/fr\/territoires-et-climat-la-transition-sera-dabord-culturelle\/","url":"https:\/\/www.renouvelle.be\/fr\/territoires-et-climat-la-transition-sera-dabord-culturelle\/","name":"Territoires et climat : la transition sera d\u2019abord culturelle ! - Renouvelle","isPartOf":{"@id":"https:\/\/www.renouvelle.be\/fr\/#website"},"primaryImageOfPage":{"@id":"https:\/\/www.renouvelle.be\/fr\/territoires-et-climat-la-transition-sera-dabord-culturelle\/#primaryimage"},"image":{"@id":"https:\/\/www.renouvelle.be\/fr\/territoires-et-climat-la-transition-sera-dabord-culturelle\/#primaryimage"},"thumbnailUrl":"https:\/\/www.renouvelle.be\/wp-content\/uploads\/2021\/02\/istock-866608444-scaled.jpg","datePublished":"2019-01-16T13:43:49+00:00","dateModified":"2023-10-02T15:42:15+00:00","author":{"@id":"https:\/\/www.renouvelle.be\/fr\/#\/schema\/person\/01fbe8226a07f8f3d4a1cd059b31f17a"},"breadcrumb":{"@id":"https:\/\/www.renouvelle.be\/fr\/territoires-et-climat-la-transition-sera-dabord-culturelle\/#breadcrumb"},"inLanguage":"fr-FR","potentialAction":[{"@type":"ReadAction","target":["https:\/\/www.renouvelle.be\/fr\/territoires-et-climat-la-transition-sera-dabord-culturelle\/"]}]},{"@type":"ImageObject","inLanguage":"fr-FR","@id":"https:\/\/www.renouvelle.be\/fr\/territoires-et-climat-la-transition-sera-dabord-culturelle\/#primaryimage","url":"https:\/\/www.renouvelle.be\/wp-content\/uploads\/2021\/02\/istock-866608444-scaled.jpg","contentUrl":"https:\/\/www.renouvelle.be\/wp-content\/uploads\/2021\/02\/istock-866608444-scaled.jpg","width":2560,"height":1920,"caption":"Human crowd forming a big speech bubble on white background. Horizontal composition with copy space. Clipping path is included. Communication And Social Media Concept"},{"@type":"BreadcrumbList","@id":"https:\/\/www.renouvelle.be\/fr\/territoires-et-climat-la-transition-sera-dabord-culturelle\/#breadcrumb","itemListElement":[{"@type":"ListItem","position":1,"name":"Accueil","item":"https:\/\/www.renouvelle.be\/fr\/"},{"@type":"ListItem","position":2,"name":"Territoires et climat : la transition sera d\u2019abord culturelle !"}]},{"@type":"WebSite","@id":"https:\/\/www.renouvelle.be\/fr\/#website","url":"https:\/\/www.renouvelle.be\/fr\/","name":"Renouvelle","description":"L&#039;actualit\u00e9 de l&#039;\u00e9nergie durable","potentialAction":[{"@type":"SearchAction","target":{"@type":"EntryPoint","urlTemplate":"https:\/\/www.renouvelle.be\/fr\/?s={search_term_string}"},"query-input":{"@type":"PropertyValueSpecification","valueRequired":true,"valueName":"search_term_string"}}],"inLanguage":"fr-FR"},{"@type":"Person","@id":"https:\/\/www.renouvelle.be\/fr\/#\/schema\/person\/01fbe8226a07f8f3d4a1cd059b31f17a","name":"Energie Commune","url":"https:\/\/www.renouvelle.be\/fr\/author\/apere\/"}]}},"_links":{"self":[{"href":"https:\/\/www.renouvelle.be\/fr\/wp-json\/wp\/v2\/posts\/3643","targetHints":{"allow":["GET"]}}],"collection":[{"href":"https:\/\/www.renouvelle.be\/fr\/wp-json\/wp\/v2\/posts"}],"about":[{"href":"https:\/\/www.renouvelle.be\/fr\/wp-json\/wp\/v2\/types\/post"}],"author":[{"embeddable":true,"href":"https:\/\/www.renouvelle.be\/fr\/wp-json\/wp\/v2\/users\/3"}],"replies":[{"embeddable":true,"href":"https:\/\/www.renouvelle.be\/fr\/wp-json\/wp\/v2\/comments?post=3643"}],"version-history":[{"count":3,"href":"https:\/\/www.renouvelle.be\/fr\/wp-json\/wp\/v2\/posts\/3643\/revisions"}],"predecessor-version":[{"id":9773,"href":"https:\/\/www.renouvelle.be\/fr\/wp-json\/wp\/v2\/posts\/3643\/revisions\/9773"}],"wp:featuredmedia":[{"embeddable":true,"href":"https:\/\/www.renouvelle.be\/fr\/wp-json\/wp\/v2\/media\/4590"}],"wp:attachment":[{"href":"https:\/\/www.renouvelle.be\/fr\/wp-json\/wp\/v2\/media?parent=3643"}],"wp:term":[{"taxonomy":"category","embeddable":true,"href":"https:\/\/www.renouvelle.be\/fr\/wp-json\/wp\/v2\/categories?post=3643"},{"taxonomy":"post_tag","embeddable":true,"href":"https:\/\/www.renouvelle.be\/fr\/wp-json\/wp\/v2\/tags?post=3643"},{"taxonomy":"section","embeddable":true,"href":"https:\/\/www.renouvelle.be\/fr\/wp-json\/wp\/v2\/section?post=3643"}],"curies":[{"name":"wp","href":"https:\/\/api.w.org\/{rel}","templated":true}]}}