{"id":3593,"date":"2018-09-26T14:20:25","date_gmt":"2018-09-26T14:20:25","guid":{"rendered":""},"modified":"2023-07-10T22:35:30","modified_gmt":"2023-07-10T20:35:30","slug":"voitures-electriques-jai-besoin-dune-grande-autonomie-vraiment","status":"publish","type":"post","link":"https:\/\/www.renouvelle.be\/fr\/voitures-electriques-jai-besoin-dune-grande-autonomie-vraiment\/","title":{"rendered":"Voitures \u00e9lectriques : \u00ab J\u2019ai besoin d\u2019une grande autonomie \u00bb. Vraiment ?"},"content":{"rendered":"<p>Les constructeurs automobiles se lancent aujourd\u2019hui dans une course effr\u00e9n\u00e9e pour augmenter l\u2019autonomie des voitures \u00e9lectriques&nbsp;: de 150 km en moyenne aujourd\u2019hui, on annonce bient\u00f4t 200 km, voire 400 ou m\u00eame 500 km. Ce crit\u00e8re est devenu le principal argument de vente.<\/p>\n<p>Pourtant, la plupart des m\u00e9nages belges parcourent en moyenne 40 km par jour (selon les <a href=\"https:\/\/www.amperes.be\/wp-content\/uploads\/2018\/04\/creg-marijn-maenhoudt-limpact-du-developpement-massif-de-lelectromobilite-sur-le-reseau-electrique.pptx\">chiffres<\/a> de la CREG), avec de rares trajets plus longs.<\/p>\n<p>Est-il d\u00e8s lors pertinent de transporter toute l\u2019ann\u00e9e une batterie plus grande, plus lourde, plus ch\u00e8re, avec une plus grande empreinte \u00e9cologique de fabrication et qui entra\u00eene une hausse de consommation&nbsp;\u00e9lectrique ?<\/p>\n<p>En bref : est-il utile d\u2019acqu\u00e9rir une voiture surdimensionn\u00e9e par rapport \u00e0 nos besoins r\u00e9els de d\u00e9placements&nbsp;?<\/p>\n<p>Nous vous proposons ci-dessous 2 t\u00e9moignages qui donnent \u00e0 r\u00e9fl\u00e9chir avant achat.<\/p>\n<p>Soulignons que, dans le cadre d\u2019un d\u00e9veloppement durable de la mobilit\u00e9 \u00e9lectrique, 3 paradigmes sont \u00e0 atteindre : le choix d\u2019une petite autonomie (propos de cet article), la g\u00e9n\u00e9ralisation d\u2019un r\u00e9seau de recharge <em>lente <\/em>combin\u00e9 \u00e0 une autoconsommation collective (lire notre article <a href=\"https:\/\/www.renouvelle.be\/fr\/debats\/voitures-electriques-pour-un-reseau-de-recharge-lente\">Voitures \u00e9lectriques : pour un r\u00e9seau de recharge &#8230; lente!<\/a>) et le d\u00e9veloppement d\u2019une technologie propre (lire notre article <a href=\"https:\/\/www.renouvelle.be\/fr\/debats\/lenergie-durable-se-developpera-sans-terres-rares\">L\u2019\u00e9nergie durable se d\u00e9veloppera sans \u00ab terres rares \u00bb<\/a>).<\/p>\n<h2>T\u00e9moignage n\u00b0 1&nbsp;: Une voiture hybride inadapt\u00e9e aux besoins ?<\/h2>\n<p><img decoding=\"async\" alt=\"\" src=\"\/wp-content\/uploads\/2021\/02\/post\/voiture-hybride1.jpg\" style=\"width: 580px; height: 407px;\"><\/p>\n<p>Monsieur et madame Servais (nom d\u2019emprunt) poss\u00e8dent 2 voitures \u00e0 moteur thermique. La voiture de madame est en fin de vie et se pose donc la question de la remplacer.<\/p>\n<p>Ce couple, \u00e2g\u00e9 d\u2019environ 60 ans, habite \u00e0 8 km d\u2019une petite ville en Wallonie, sans liaison par transport en commun. Madame y travaille dans un h\u00f4pital et parcourt donc chaque jour 16 km en voiture pour ses d\u00e9placements domicile-travail.<\/p>\n<p>Monsieur, lui, est m\u00e9decin et ne peut pas estimer ces besoins de d\u00e9placements professionnels&nbsp;: il peut \u00eatre appel\u00e9 5 fois ou 25 fois par jour, pour aller voir un patient proche de chez lui ou \u00e0 20 km.<\/p>\n<p>Pour les loisirs et les vacances, ils utilisent la voiture de monsieur.<\/p>\n<p>Apr\u00e8s discussions avec des adeptes de la mobilit\u00e9 \u00e9lectrique, ils sont tent\u00e9s par le choix d\u2019une voiture neuve \u00ab&nbsp;full \u00e9lectrique&nbsp;\u00bb. Ils d\u00e9couvrent des mod\u00e8les int\u00e9ressants avec un prix de vente autour de 25.000\u20ac.<\/p>\n<p>Mais ils h\u00e9sitent en raison de l\u2019autonomie moyenne des v\u00e9hicules familiaux&nbsp;: 150 km. Est-ce suffisant&nbsp;? Cela para\u00eet peu. Et quand je dois me rendre plus loin&nbsp;? Et s\u2019il n\u2019y a pas de borne de recharge l\u00e0-bas&nbsp;? etc.<\/p>\n<p>Finalement, madame choisit un mod\u00e8le hybride essence-\u00e9lectrique avec une autonomie de 30 km et au prix de 30.000\u20ac.<\/p>\n<h3>Une mauvaise connaissance des besoins r\u00e9els<\/h3>\n<p>&nbsp;<\/p>\n<p>Au fil des semaines, elle se prend au jeu de l\u2019usage \u00e9lectrique et se rend compte qu\u2019avec une autonomie de 30 km elle peut ais\u00e9ment se rendre au travail et m\u00eame faire ses courses en fin de journ\u00e9e. Elle prend l\u2019habitude de recharger son v\u00e9hicule le soir et le week-end, \u00e0 son domicile \u2013 \u00e9quip\u00e9 en photovolta\u00efque.<\/p>\n<p>Apr\u00e8s 1 an, elle se rend \u00e9galement compte qu\u2019elle n\u2019a d\u00fb faire que 3 pleins d\u2019essence pour parcourir quelques trajets plus longs que 30 km.<\/p>\n<p>Au final, ce couple a achet\u00e9 une voiture plus ch\u00e8re qu\u2019un mod\u00e8le \u00ab&nbsp;full \u00e9lectrique&nbsp;\u00bb et avec une autonomie bien moindre.<\/p>\n<p>Dans cet exemple, l\u2019exp\u00e9rience montre qu\u2019une bonne connaissance de ses besoins r\u00e9els en d\u00e9placements permet de mieux estimer ses besoins en autonomie \u00e9lectrique et donc mieux comparer les options thermique ou \u00e9lectrique. Dans ce cas-ci, le choix d\u2019un mod\u00e8le \u00ab&nbsp;full \u00e9lectrique&nbsp;\u00bb aurait \u00e9t\u00e9 plus avantageux financi\u00e8rement et en autonomie. Madame a facilement pris de nouvelles habitudes et pourrait ais\u00e9ment pr\u00e9voir des trajets \u00e9lectriques plus longs avec des haltes pour recharger sa voiture.<\/p>\n<p>A noter que des mod\u00e8les \u00ab&nbsp;full \u00e9lectrique&nbsp;\u00bb existent depuis longtemps sur le march\u00e9, r\u00e9pondant parfaitement \u00e0 ce type de besoins. On trouve m\u00eame d\u00e9sormais des <a href=\"https:\/\/occasions.automobile-propre.com\">voitures \u00e9lectriques d\u2019occasion<\/a>, toujours op\u00e9rationnelles, \u00e0 partir de 7.500\u20ac.<\/p>\n<h2>T\u00e9moignage n\u00b0 2&nbsp;: Une autonomie de 130 km pour toute la famille<\/h2>\n<p><img decoding=\"async\" alt=\"\" src=\"\/wp-content\/uploads\/2021\/02\/post\/famille.jpg\" style=\"width: 255px; height: 166px;\"><\/p>\n<p>La Famille Henriet (nom d\u2019emprunt) vit en Wallonie avec deux jeunes enfants et doit remplacer sa voiture thermique apr\u00e8s 15 ans de bons et loyaux services.<\/p>\n<p>Une personne de confiance revend justement sa Renault Zo\u00e9 \u00e9lectrique (11.000\u20ac, 60.000 km au compteur). Cette opportunit\u00e9 d\u00e9cide la famille \u00e0 choisir une mobilit\u00e9 \u00e9lectrique.<\/p>\n<p>La batterie \u2013 en leasing et donc avec garantie \u2013 dispose d\u2019une autonomie de 130 km en \u00e9t\u00e9 et d&rsquo;environ 100 km en hiver (le froid engourdit la batterie et incite \u00e0 allumer le chauffage, ce qui augmente la consommation \u00e9lectrique et r\u00e9duit l\u2019autonomie).<\/p>\n<p>Comment cette famille se d\u00e9place avec une seule voiture et une si \u201cpetite\u201d autonomie \u00e9lectrique ?<\/p>\n<p>La famille Henriet habite pr\u00e8s d\u2019une petite gare bien desservie vers Bruxelles. Madame prend donc le train pour aller travailler \u00e0 Bruxelles. Monsieur est professeur dans une \u00e9cole secondaire situ\u00e9e \u00e0 17 km. Sur son trajet, il d\u00e9pose ses 2 filles \u00e0 l\u2019\u00e9cole maternelle et les reprend souvent en fin de journ\u00e9e. Mais comme cette \u00e9cole est situ\u00e9e \u00e0 4 km du domicile, il arrive que madame utilise un v\u00e9lo triporteur \u00e0 assistance \u00e9lectrique pour conduire ou ramener les enfants.<\/p>\n<p>Ces trajets quotidiens sont suffisamment courts pour tenir avec la batterie.<\/p>\n<p>Par contre, il n\u2019y a pas de bornes de recharge \u00e0 proximit\u00e9 de la maison, ni \u00e0 l\u2019\u00e9cole o\u00f9 la voiture est stationn\u00e9e en journ\u00e9e et la famille n\u2019a pas l\u2019habitude de faire ses courses dans un grand supermarch\u00e9 \u00e9quip\u00e9 d\u2019une borne o\u00f9 elle pourrait recharger le v\u00e9hicule pendant le shopping. Ils n\u2019ont pas envie de d\u00e9placer la voiture dans le seul but de la recharger.<\/p>\n<p>Ils d\u00e9cident donc de faire installer une borne \u00e0 domicile (pr\u00e8s de 2000\u20ac pour une borne de 3,7 kW avec l\u2019installation obligatoire d\u2019un transfo d\u2019isolement car l\u2019installation \u00e9lectrique est en mono phas\u00e9). Gr\u00e2ce \u00e0 cette borne, ils rechargent r\u00e9guli\u00e8rement la voiture, si possible en milieu de journ\u00e9e quand les panneaux photovolta\u00efques produisent le plus.<\/p>\n<p>Pas de soucis au quotidien donc pour les trajets et la recharge.<\/p>\n<p><img decoding=\"async\" alt=\"\" src=\"\/wp-content\/uploads\/2021\/02\/post\/renault-zoe.jpg\" style=\"width: 580px; height: 326px;\"><\/p>\n<h3>Des solutions pour les trajets plus longs<\/h3>\n<p>&nbsp;<\/p>\n<p>Madame se d\u00e9place quelquefois vers Namur pour le travail, ce qui est une distance limite pour tenir un aller-retour avec la batterie. Elle cherche d\u00e8s lors une borne \u00e0 Namur et recharge facilement durant sa r\u00e9union. Cependant, plusieurs r\u00e9seaux de bornes co-existent actuellement en Belgique et en Europe, avec chacun leur carte d\u2019acc\u00e8s sp\u00e9cifque, ce qui peut complexifier la recherche d\u2019un lieu de recharge.<\/p>\n<p>Madame dispose \u00e9galement &#8211; via son employeur \u2013 d&rsquo;un abonnement au service de voitures partag\u00e9es Cambio, ce qui lui permet de louer une voiture pour quelques heures quand un imp\u00e9ratif professionnel l\u2019impose (ce qui \u00e9vite de devoir acheter une deuxi\u00e8me voiture). La combinaison avec un trajet de train est souvent privil\u00e9gi\u00e9e (location Cambio pour les derniers kilom\u00e8tres).<\/p>\n<p>Une ou deux fois par mois, madame emprunte la voiture thermique de ses parents pour des trajets plus longs et\/ou vers un lieu sans borne de recharge. Mais ces trajets pourraient aussi \u00eatre effectu\u00e9s gr\u00e2ce \u00e0 un service de type Cambio si un tel service \u00e9tait disponible pr\u00e8s de son domicile.<\/p>\n<p>Apr\u00e8s 2 ans d\u2019exp\u00e9rience, la famille Henriet s\u2019av\u00e8re contente de sa nouvelle mobilit\u00e9 \u00e9lectrique. Le choix d\u2019une \u201cpetite\u201d batterie r\u00e9pond bien \u00e0 ses besoins de d\u00e9placements au quotidien.<\/p>\n","protected":false},"excerpt":{"rendered":"<p>Les constructeurs automobiles se lancent aujourd\u2019hui dans une course effr\u00e9n\u00e9e pour augmenter l\u2019autonomie des voitures \u00e9lectriques&nbsp;: de 150 km en moyenne aujourd\u2019hui, on annonce bient\u00f4t 200 km, voire 400 ou m\u00eame 500 km. Ce crit\u00e8re est devenu le principal argument de vente. Pourtant, la plupart des m\u00e9nages belges parcourent en moyenne 40 km par jour (selon les chiffres de la CREG), avec de rares trajets plus longs. Est-il d\u00e8s lors pertinent de transporter toute l\u2019ann\u00e9e une batterie plus grande, plus lourde, plus ch\u00e8re, avec une plus grande empreinte \u00e9cologique de fabrication et qui entra\u00eene une hausse de consommation&nbsp;\u00e9lectrique ? En bref : est-il utile d\u2019acqu\u00e9rir une voiture surdimensionn\u00e9e par rapport \u00e0 nos besoins r\u00e9els de d\u00e9placements&nbsp;? Nous vous proposons ci-dessous 2 t\u00e9moignages qui donnent \u00e0 r\u00e9fl\u00e9chir avant achat. Soulignons que, dans le cadre d\u2019un d\u00e9veloppement durable de la mobilit\u00e9 \u00e9lectrique, 3 paradigmes sont \u00e0 atteindre : le choix d\u2019une petite autonomie (propos de cet article), la g\u00e9n\u00e9ralisation d\u2019un r\u00e9seau de recharge lente combin\u00e9 \u00e0 une autoconsommation collective (lire notre article Voitures \u00e9lectriques : pour un r\u00e9seau de recharge &#8230; lente!) et le d\u00e9veloppement d\u2019une technologie propre (lire notre article L\u2019\u00e9nergie durable se d\u00e9veloppera sans \u00ab terres rares \u00bb). T\u00e9moignage n\u00b0 1&nbsp;: Une voiture hybride inadapt\u00e9e aux besoins ? Monsieur et madame Servais (nom d\u2019emprunt) poss\u00e8dent 2 voitures \u00e0 moteur thermique. La voiture de madame est en fin de vie et se pose donc la question de la remplacer. Ce couple, \u00e2g\u00e9 d\u2019environ 60 ans, habite \u00e0 8 km d\u2019une petite ville en Wallonie, sans liaison par transport en commun. Madame y travaille dans un h\u00f4pital et parcourt donc chaque jour 16 km en voiture pour ses d\u00e9placements domicile-travail. Monsieur, lui, est m\u00e9decin et ne peut pas estimer ces besoins de &hellip; <a href=\"https:\/\/www.renouvelle.be\/fr\/voitures-electriques-jai-besoin-dune-grande-autonomie-vraiment\/\" class=\"more-link\">Continue reading<span class=\"screen-reader-text\"> \u00ab\u00a0Voitures \u00e9lectriques : \u00ab J\u2019ai besoin d\u2019une grande autonomie \u00bb. Vraiment ?\u00a0\u00bb<\/span><\/a><\/p>\n","protected":false},"author":3,"featured_media":4541,"comment_status":"open","ping_status":"open","sticky":false,"template":"","format":"standard","meta":{"_acf_changed":false,"footnotes":""},"categories":[21],"tags":[],"section":[12],"class_list":["post-3593","post","type-post","status-publish","format-standard","has-post-thumbnail","hentry","category-debats","section-mobilite"],"acf":[],"yoast_head":"<!-- This site is optimized with the Yoast SEO plugin v27.4 - https:\/\/yoast.com\/product\/yoast-seo-wordpress\/ -->\n<title>Voitures \u00e9lectriques : \u00ab J\u2019ai besoin d\u2019une grande autonomie \u00bb. Vraiment ? - Renouvelle<\/title>\n<meta name=\"robots\" content=\"index, follow, max-snippet:-1, max-image-preview:large, max-video-preview:-1\" \/>\n<link rel=\"canonical\" href=\"https:\/\/www.renouvelle.be\/fr\/voitures-electriques-jai-besoin-dune-grande-autonomie-vraiment\/\" \/>\n<meta property=\"og:locale\" content=\"fr_FR\" \/>\n<meta property=\"og:type\" content=\"article\" \/>\n<meta property=\"og:title\" content=\"Voitures \u00e9lectriques : \u00ab J\u2019ai besoin d\u2019une grande autonomie \u00bb. Vraiment ? - Renouvelle\" \/>\n<meta property=\"og:description\" content=\"Les constructeurs automobiles se lancent aujourd\u2019hui dans une course effr\u00e9n\u00e9e pour augmenter l\u2019autonomie des voitures \u00e9lectriques&nbsp;: de 150 km en moyenne aujourd\u2019hui, on annonce bient\u00f4t 200 km, voire 400 ou m\u00eame 500 km. Ce crit\u00e8re est devenu le principal argument de vente. Pourtant, la plupart des m\u00e9nages belges parcourent en moyenne 40 km par jour (selon les chiffres de la CREG), avec de rares trajets plus longs. Est-il d\u00e8s lors pertinent de transporter toute l\u2019ann\u00e9e une batterie plus grande, plus lourde, plus ch\u00e8re, avec une plus grande empreinte \u00e9cologique de fabrication et qui entra\u00eene une hausse de consommation&nbsp;\u00e9lectrique ? En bref : est-il utile d\u2019acqu\u00e9rir une voiture surdimensionn\u00e9e par rapport \u00e0 nos besoins r\u00e9els de d\u00e9placements&nbsp;? Nous vous proposons ci-dessous 2 t\u00e9moignages qui donnent \u00e0 r\u00e9fl\u00e9chir avant achat. Soulignons que, dans le cadre d\u2019un d\u00e9veloppement durable de la mobilit\u00e9 \u00e9lectrique, 3 paradigmes sont \u00e0 atteindre : le choix d\u2019une petite autonomie (propos de cet article), la g\u00e9n\u00e9ralisation d\u2019un r\u00e9seau de recharge lente combin\u00e9 \u00e0 une autoconsommation collective (lire notre article Voitures \u00e9lectriques : pour un r\u00e9seau de recharge &#8230; lente!) et le d\u00e9veloppement d\u2019une technologie propre (lire notre article L\u2019\u00e9nergie durable se d\u00e9veloppera sans \u00ab terres rares \u00bb). T\u00e9moignage n\u00b0 1&nbsp;: Une voiture hybride inadapt\u00e9e aux besoins ? Monsieur et madame Servais (nom d\u2019emprunt) poss\u00e8dent 2 voitures \u00e0 moteur thermique. La voiture de madame est en fin de vie et se pose donc la question de la remplacer. Ce couple, \u00e2g\u00e9 d\u2019environ 60 ans, habite \u00e0 8 km d\u2019une petite ville en Wallonie, sans liaison par transport en commun. Madame y travaille dans un h\u00f4pital et parcourt donc chaque jour 16 km en voiture pour ses d\u00e9placements domicile-travail. Monsieur, lui, est m\u00e9decin et ne peut pas estimer ces besoins de &hellip; Continue reading &quot;Voitures \u00e9lectriques : \u00ab J\u2019ai besoin d\u2019une grande autonomie \u00bb. Vraiment ?&quot;\" \/>\n<meta property=\"og:url\" content=\"https:\/\/www.renouvelle.be\/fr\/voitures-electriques-jai-besoin-dune-grande-autonomie-vraiment\/\" \/>\n<meta property=\"og:site_name\" content=\"Renouvelle\" \/>\n<meta property=\"article:published_time\" content=\"2018-09-26T14:20:25+00:00\" \/>\n<meta property=\"article:modified_time\" content=\"2023-07-10T20:35:30+00:00\" \/>\n<meta property=\"og:image\" content=\"https:\/\/www.renouvelle.be\/wp-content\/uploads\/2021\/02\/istock-157006487.jpg\" \/>\n\t<meta property=\"og:image:width\" content=\"545\" \/>\n\t<meta property=\"og:image:height\" content=\"297\" \/>\n\t<meta property=\"og:image:type\" content=\"image\/jpeg\" \/>\n<meta name=\"author\" content=\"Energie Commune\" \/>\n<meta name=\"twitter:card\" content=\"summary_large_image\" \/>\n<script type=\"application\/ld+json\" class=\"yoast-schema-graph\">{\"@context\":\"https:\\\/\\\/schema.org\",\"@graph\":[{\"@type\":\"Article\",\"@id\":\"https:\\\/\\\/www.renouvelle.be\\\/fr\\\/voitures-electriques-jai-besoin-dune-grande-autonomie-vraiment\\\/#article\",\"isPartOf\":{\"@id\":\"https:\\\/\\\/www.renouvelle.be\\\/fr\\\/voitures-electriques-jai-besoin-dune-grande-autonomie-vraiment\\\/\"},\"author\":{\"name\":\"Energie Commune\",\"@id\":\"https:\\\/\\\/www.renouvelle.be\\\/fr\\\/#\\\/schema\\\/person\\\/01fbe8226a07f8f3d4a1cd059b31f17a\"},\"headline\":\"Voitures \u00e9lectriques : \u00ab J\u2019ai besoin d\u2019une grande autonomie \u00bb. Vraiment ?\",\"datePublished\":\"2018-09-26T14:20:25+00:00\",\"dateModified\":\"2023-07-10T20:35:30+00:00\",\"mainEntityOfPage\":{\"@id\":\"https:\\\/\\\/www.renouvelle.be\\\/fr\\\/voitures-electriques-jai-besoin-dune-grande-autonomie-vraiment\\\/\"},\"wordCount\":1297,\"commentCount\":0,\"image\":{\"@id\":\"https:\\\/\\\/www.renouvelle.be\\\/fr\\\/voitures-electriques-jai-besoin-dune-grande-autonomie-vraiment\\\/#primaryimage\"},\"thumbnailUrl\":\"https:\\\/\\\/www.renouvelle.be\\\/wp-content\\\/uploads\\\/2021\\\/02\\\/istock-157006487.jpg\",\"articleSection\":[\"D\u00e9bats\"],\"inLanguage\":\"fr-FR\",\"potentialAction\":[{\"@type\":\"CommentAction\",\"name\":\"Comment\",\"target\":[\"https:\\\/\\\/www.renouvelle.be\\\/fr\\\/voitures-electriques-jai-besoin-dune-grande-autonomie-vraiment\\\/#respond\"]}]},{\"@type\":\"WebPage\",\"@id\":\"https:\\\/\\\/www.renouvelle.be\\\/fr\\\/voitures-electriques-jai-besoin-dune-grande-autonomie-vraiment\\\/\",\"url\":\"https:\\\/\\\/www.renouvelle.be\\\/fr\\\/voitures-electriques-jai-besoin-dune-grande-autonomie-vraiment\\\/\",\"name\":\"Voitures \u00e9lectriques : \u00ab J\u2019ai besoin d\u2019une grande autonomie \u00bb. Vraiment ? - Renouvelle\",\"isPartOf\":{\"@id\":\"https:\\\/\\\/www.renouvelle.be\\\/fr\\\/#website\"},\"primaryImageOfPage\":{\"@id\":\"https:\\\/\\\/www.renouvelle.be\\\/fr\\\/voitures-electriques-jai-besoin-dune-grande-autonomie-vraiment\\\/#primaryimage\"},\"image\":{\"@id\":\"https:\\\/\\\/www.renouvelle.be\\\/fr\\\/voitures-electriques-jai-besoin-dune-grande-autonomie-vraiment\\\/#primaryimage\"},\"thumbnailUrl\":\"https:\\\/\\\/www.renouvelle.be\\\/wp-content\\\/uploads\\\/2021\\\/02\\\/istock-157006487.jpg\",\"datePublished\":\"2018-09-26T14:20:25+00:00\",\"dateModified\":\"2023-07-10T20:35:30+00:00\",\"author\":{\"@id\":\"https:\\\/\\\/www.renouvelle.be\\\/fr\\\/#\\\/schema\\\/person\\\/01fbe8226a07f8f3d4a1cd059b31f17a\"},\"breadcrumb\":{\"@id\":\"https:\\\/\\\/www.renouvelle.be\\\/fr\\\/voitures-electriques-jai-besoin-dune-grande-autonomie-vraiment\\\/#breadcrumb\"},\"inLanguage\":\"fr-FR\",\"potentialAction\":[{\"@type\":\"ReadAction\",\"target\":[\"https:\\\/\\\/www.renouvelle.be\\\/fr\\\/voitures-electriques-jai-besoin-dune-grande-autonomie-vraiment\\\/\"]}]},{\"@type\":\"ImageObject\",\"inLanguage\":\"fr-FR\",\"@id\":\"https:\\\/\\\/www.renouvelle.be\\\/fr\\\/voitures-electriques-jai-besoin-dune-grande-autonomie-vraiment\\\/#primaryimage\",\"url\":\"https:\\\/\\\/www.renouvelle.be\\\/wp-content\\\/uploads\\\/2021\\\/02\\\/istock-157006487.jpg\",\"contentUrl\":\"https:\\\/\\\/www.renouvelle.be\\\/wp-content\\\/uploads\\\/2021\\\/02\\\/istock-157006487.jpg\",\"width\":545,\"height\":297},{\"@type\":\"BreadcrumbList\",\"@id\":\"https:\\\/\\\/www.renouvelle.be\\\/fr\\\/voitures-electriques-jai-besoin-dune-grande-autonomie-vraiment\\\/#breadcrumb\",\"itemListElement\":[{\"@type\":\"ListItem\",\"position\":1,\"name\":\"Accueil\",\"item\":\"https:\\\/\\\/www.renouvelle.be\\\/fr\\\/\"},{\"@type\":\"ListItem\",\"position\":2,\"name\":\"Voitures \u00e9lectriques : \u00ab J\u2019ai besoin d\u2019une grande autonomie \u00bb. Vraiment ?\"}]},{\"@type\":\"WebSite\",\"@id\":\"https:\\\/\\\/www.renouvelle.be\\\/fr\\\/#website\",\"url\":\"https:\\\/\\\/www.renouvelle.be\\\/fr\\\/\",\"name\":\"Renouvelle\",\"description\":\"L&#039;actualit\u00e9 de l&#039;\u00e9nergie durable\",\"potentialAction\":[{\"@type\":\"SearchAction\",\"target\":{\"@type\":\"EntryPoint\",\"urlTemplate\":\"https:\\\/\\\/www.renouvelle.be\\\/fr\\\/?s={search_term_string}\"},\"query-input\":{\"@type\":\"PropertyValueSpecification\",\"valueRequired\":true,\"valueName\":\"search_term_string\"}}],\"inLanguage\":\"fr-FR\"},{\"@type\":\"Person\",\"@id\":\"https:\\\/\\\/www.renouvelle.be\\\/fr\\\/#\\\/schema\\\/person\\\/01fbe8226a07f8f3d4a1cd059b31f17a\",\"name\":\"Energie Commune\",\"url\":\"https:\\\/\\\/www.renouvelle.be\\\/fr\\\/author\\\/apere\\\/\"}]}<\/script>\n<!-- \/ Yoast SEO plugin. -->","yoast_head_json":{"title":"Voitures \u00e9lectriques : \u00ab J\u2019ai besoin d\u2019une grande autonomie \u00bb. Vraiment ? - Renouvelle","robots":{"index":"index","follow":"follow","max-snippet":"max-snippet:-1","max-image-preview":"max-image-preview:large","max-video-preview":"max-video-preview:-1"},"canonical":"https:\/\/www.renouvelle.be\/fr\/voitures-electriques-jai-besoin-dune-grande-autonomie-vraiment\/","og_locale":"fr_FR","og_type":"article","og_title":"Voitures \u00e9lectriques : \u00ab J\u2019ai besoin d\u2019une grande autonomie \u00bb. Vraiment ? - Renouvelle","og_description":"Les constructeurs automobiles se lancent aujourd\u2019hui dans une course effr\u00e9n\u00e9e pour augmenter l\u2019autonomie des voitures \u00e9lectriques&nbsp;: de 150 km en moyenne aujourd\u2019hui, on annonce bient\u00f4t 200 km, voire 400 ou m\u00eame 500 km. Ce crit\u00e8re est devenu le principal argument de vente. Pourtant, la plupart des m\u00e9nages belges parcourent en moyenne 40 km par jour (selon les chiffres de la CREG), avec de rares trajets plus longs. Est-il d\u00e8s lors pertinent de transporter toute l\u2019ann\u00e9e une batterie plus grande, plus lourde, plus ch\u00e8re, avec une plus grande empreinte \u00e9cologique de fabrication et qui entra\u00eene une hausse de consommation&nbsp;\u00e9lectrique ? En bref : est-il utile d\u2019acqu\u00e9rir une voiture surdimensionn\u00e9e par rapport \u00e0 nos besoins r\u00e9els de d\u00e9placements&nbsp;? Nous vous proposons ci-dessous 2 t\u00e9moignages qui donnent \u00e0 r\u00e9fl\u00e9chir avant achat. Soulignons que, dans le cadre d\u2019un d\u00e9veloppement durable de la mobilit\u00e9 \u00e9lectrique, 3 paradigmes sont \u00e0 atteindre : le choix d\u2019une petite autonomie (propos de cet article), la g\u00e9n\u00e9ralisation d\u2019un r\u00e9seau de recharge lente combin\u00e9 \u00e0 une autoconsommation collective (lire notre article Voitures \u00e9lectriques : pour un r\u00e9seau de recharge &#8230; lente!) et le d\u00e9veloppement d\u2019une technologie propre (lire notre article L\u2019\u00e9nergie durable se d\u00e9veloppera sans \u00ab terres rares \u00bb). T\u00e9moignage n\u00b0 1&nbsp;: Une voiture hybride inadapt\u00e9e aux besoins ? Monsieur et madame Servais (nom d\u2019emprunt) poss\u00e8dent 2 voitures \u00e0 moteur thermique. La voiture de madame est en fin de vie et se pose donc la question de la remplacer. Ce couple, \u00e2g\u00e9 d\u2019environ 60 ans, habite \u00e0 8 km d\u2019une petite ville en Wallonie, sans liaison par transport en commun. Madame y travaille dans un h\u00f4pital et parcourt donc chaque jour 16 km en voiture pour ses d\u00e9placements domicile-travail. Monsieur, lui, est m\u00e9decin et ne peut pas estimer ces besoins de &hellip; Continue reading \"Voitures \u00e9lectriques : \u00ab J\u2019ai besoin d\u2019une grande autonomie \u00bb. Vraiment ?\"","og_url":"https:\/\/www.renouvelle.be\/fr\/voitures-electriques-jai-besoin-dune-grande-autonomie-vraiment\/","og_site_name":"Renouvelle","article_published_time":"2018-09-26T14:20:25+00:00","article_modified_time":"2023-07-10T20:35:30+00:00","og_image":[{"width":545,"height":297,"url":"https:\/\/www.renouvelle.be\/wp-content\/uploads\/2021\/02\/istock-157006487.jpg","type":"image\/jpeg"}],"author":"Energie Commune","twitter_card":"summary_large_image","schema":{"@context":"https:\/\/schema.org","@graph":[{"@type":"Article","@id":"https:\/\/www.renouvelle.be\/fr\/voitures-electriques-jai-besoin-dune-grande-autonomie-vraiment\/#article","isPartOf":{"@id":"https:\/\/www.renouvelle.be\/fr\/voitures-electriques-jai-besoin-dune-grande-autonomie-vraiment\/"},"author":{"name":"Energie Commune","@id":"https:\/\/www.renouvelle.be\/fr\/#\/schema\/person\/01fbe8226a07f8f3d4a1cd059b31f17a"},"headline":"Voitures \u00e9lectriques : \u00ab J\u2019ai besoin d\u2019une grande autonomie \u00bb. Vraiment ?","datePublished":"2018-09-26T14:20:25+00:00","dateModified":"2023-07-10T20:35:30+00:00","mainEntityOfPage":{"@id":"https:\/\/www.renouvelle.be\/fr\/voitures-electriques-jai-besoin-dune-grande-autonomie-vraiment\/"},"wordCount":1297,"commentCount":0,"image":{"@id":"https:\/\/www.renouvelle.be\/fr\/voitures-electriques-jai-besoin-dune-grande-autonomie-vraiment\/#primaryimage"},"thumbnailUrl":"https:\/\/www.renouvelle.be\/wp-content\/uploads\/2021\/02\/istock-157006487.jpg","articleSection":["D\u00e9bats"],"inLanguage":"fr-FR","potentialAction":[{"@type":"CommentAction","name":"Comment","target":["https:\/\/www.renouvelle.be\/fr\/voitures-electriques-jai-besoin-dune-grande-autonomie-vraiment\/#respond"]}]},{"@type":"WebPage","@id":"https:\/\/www.renouvelle.be\/fr\/voitures-electriques-jai-besoin-dune-grande-autonomie-vraiment\/","url":"https:\/\/www.renouvelle.be\/fr\/voitures-electriques-jai-besoin-dune-grande-autonomie-vraiment\/","name":"Voitures \u00e9lectriques : \u00ab J\u2019ai besoin d\u2019une grande autonomie \u00bb. Vraiment ? - Renouvelle","isPartOf":{"@id":"https:\/\/www.renouvelle.be\/fr\/#website"},"primaryImageOfPage":{"@id":"https:\/\/www.renouvelle.be\/fr\/voitures-electriques-jai-besoin-dune-grande-autonomie-vraiment\/#primaryimage"},"image":{"@id":"https:\/\/www.renouvelle.be\/fr\/voitures-electriques-jai-besoin-dune-grande-autonomie-vraiment\/#primaryimage"},"thumbnailUrl":"https:\/\/www.renouvelle.be\/wp-content\/uploads\/2021\/02\/istock-157006487.jpg","datePublished":"2018-09-26T14:20:25+00:00","dateModified":"2023-07-10T20:35:30+00:00","author":{"@id":"https:\/\/www.renouvelle.be\/fr\/#\/schema\/person\/01fbe8226a07f8f3d4a1cd059b31f17a"},"breadcrumb":{"@id":"https:\/\/www.renouvelle.be\/fr\/voitures-electriques-jai-besoin-dune-grande-autonomie-vraiment\/#breadcrumb"},"inLanguage":"fr-FR","potentialAction":[{"@type":"ReadAction","target":["https:\/\/www.renouvelle.be\/fr\/voitures-electriques-jai-besoin-dune-grande-autonomie-vraiment\/"]}]},{"@type":"ImageObject","inLanguage":"fr-FR","@id":"https:\/\/www.renouvelle.be\/fr\/voitures-electriques-jai-besoin-dune-grande-autonomie-vraiment\/#primaryimage","url":"https:\/\/www.renouvelle.be\/wp-content\/uploads\/2021\/02\/istock-157006487.jpg","contentUrl":"https:\/\/www.renouvelle.be\/wp-content\/uploads\/2021\/02\/istock-157006487.jpg","width":545,"height":297},{"@type":"BreadcrumbList","@id":"https:\/\/www.renouvelle.be\/fr\/voitures-electriques-jai-besoin-dune-grande-autonomie-vraiment\/#breadcrumb","itemListElement":[{"@type":"ListItem","position":1,"name":"Accueil","item":"https:\/\/www.renouvelle.be\/fr\/"},{"@type":"ListItem","position":2,"name":"Voitures \u00e9lectriques : \u00ab J\u2019ai besoin d\u2019une grande autonomie \u00bb. Vraiment ?"}]},{"@type":"WebSite","@id":"https:\/\/www.renouvelle.be\/fr\/#website","url":"https:\/\/www.renouvelle.be\/fr\/","name":"Renouvelle","description":"L&#039;actualit\u00e9 de l&#039;\u00e9nergie durable","potentialAction":[{"@type":"SearchAction","target":{"@type":"EntryPoint","urlTemplate":"https:\/\/www.renouvelle.be\/fr\/?s={search_term_string}"},"query-input":{"@type":"PropertyValueSpecification","valueRequired":true,"valueName":"search_term_string"}}],"inLanguage":"fr-FR"},{"@type":"Person","@id":"https:\/\/www.renouvelle.be\/fr\/#\/schema\/person\/01fbe8226a07f8f3d4a1cd059b31f17a","name":"Energie Commune","url":"https:\/\/www.renouvelle.be\/fr\/author\/apere\/"}]}},"_links":{"self":[{"href":"https:\/\/www.renouvelle.be\/fr\/wp-json\/wp\/v2\/posts\/3593","targetHints":{"allow":["GET"]}}],"collection":[{"href":"https:\/\/www.renouvelle.be\/fr\/wp-json\/wp\/v2\/posts"}],"about":[{"href":"https:\/\/www.renouvelle.be\/fr\/wp-json\/wp\/v2\/types\/post"}],"author":[{"embeddable":true,"href":"https:\/\/www.renouvelle.be\/fr\/wp-json\/wp\/v2\/users\/3"}],"replies":[{"embeddable":true,"href":"https:\/\/www.renouvelle.be\/fr\/wp-json\/wp\/v2\/comments?post=3593"}],"version-history":[{"count":2,"href":"https:\/\/www.renouvelle.be\/fr\/wp-json\/wp\/v2\/posts\/3593\/revisions"}],"predecessor-version":[{"id":10144,"href":"https:\/\/www.renouvelle.be\/fr\/wp-json\/wp\/v2\/posts\/3593\/revisions\/10144"}],"wp:featuredmedia":[{"embeddable":true,"href":"https:\/\/www.renouvelle.be\/fr\/wp-json\/wp\/v2\/media\/4541"}],"wp:attachment":[{"href":"https:\/\/www.renouvelle.be\/fr\/wp-json\/wp\/v2\/media?parent=3593"}],"wp:term":[{"taxonomy":"category","embeddable":true,"href":"https:\/\/www.renouvelle.be\/fr\/wp-json\/wp\/v2\/categories?post=3593"},{"taxonomy":"post_tag","embeddable":true,"href":"https:\/\/www.renouvelle.be\/fr\/wp-json\/wp\/v2\/tags?post=3593"},{"taxonomy":"section","embeddable":true,"href":"https:\/\/www.renouvelle.be\/fr\/wp-json\/wp\/v2\/section?post=3593"}],"curies":[{"name":"wp","href":"https:\/\/api.w.org\/{rel}","templated":true}]}}