{"id":3571,"date":"2018-09-06T14:21:12","date_gmt":"2018-09-06T14:21:12","guid":{"rendered":""},"modified":"2021-03-12T14:42:32","modified_gmt":"2021-03-12T13:42:32","slug":"et-si-les-compteurs-intelligents-offraient-un-benefice-aux-menages","status":"publish","type":"post","link":"https:\/\/www.renouvelle.be\/fr\/et-si-les-compteurs-intelligents-offraient-un-benefice-aux-menages\/","title":{"rendered":"Et si les compteurs intelligents offraient un b\u00e9n\u00e9fice aux m\u00e9nages ?"},"content":{"rendered":"<p>Le d\u00e9veloppement et l\u2019installation de compteurs intelligents chez les particuliers suscitent le d\u00e9bat dans plusieurs pays europ\u00e9ens, notamment en France et en Belgique.<\/p>\n<p>De quoi s\u2019agit-il ? Ce compteur communiquant, install\u00e9 \u00e0 domicile, permet de transmettre les donn\u00e9es de consommation d\u2019\u00e9lectricit\u00e9 au gestionnaire de r\u00e9seau de distribution (GRD), qui peut ainsi am\u00e9liorer \u2013 notamment &#8211; sa gestion du r\u00e9seau, l\u2019int\u00e9gration des productions d\u2019\u00e9nergies renouvelables, les \u00e9conomies structurelles d\u2019\u00e9nergie, la gestion de la fraude et des impay\u00e9s.<\/p>\n<p>Cette innovation technologique fait cependant face \u00e0 une lev\u00e9e de boucliers. Selon des citoyens, associations, professionnels ou politiques, ces compteurs seraient intrusifs (Quelle garantie sur la protection de la vie priv\u00e9e ?), co\u00fbteux (Qui payera l\u2019installation, le GRD ou le m\u00e9nage ?) ou encore synonyme de perte d\u2019emplois peu qualifi\u00e9s (les pr\u00e9pos\u00e9s aux relev\u00e9s de compteurs).<\/p>\n<p>On pourrait r\u00e9pondre \u00e0 chaque inqui\u00e9tude : les donn\u00e9es de consommations d\u2019\u00e9lectricit\u00e9 r\u00e9v\u00e8lent tr\u00e8s peu de choses sur la vie des occupants d\u2019un logement (bien moins que Google ou Facebook), le co\u00fbt d\u2019installation n\u2019est pas forc\u00e9ment pris en charge par le m\u00e9nage, dans la mesure o\u00f9 le remplacement du compteur s\u2019inscrit dans un sch\u00e9ma pr\u00e9vu, et les t\u00e9l\u00e9-relev\u00e9s de compteurs que les m\u00e9nages introduisent eux-m\u00eames en ligne ou par t\u00e9l\u00e9phone se substituent d\u00e9j\u00e0 au passage d\u2019un employ\u00e9 du GRD.<\/p>\n<p>Les compteurs intelligents ne sont donc peut-\u00eatre pas des objets d\u00e9moniaques, mais, fondamentalement, force est de constater que dans l\u2019\u00e9tat actuel ils n\u2019offrent aucuns avantages pour les m\u00e9nages.<\/p>\n<p>D\u2019o\u00f9 une r\u00e9ticence quasi-g\u00e9n\u00e9ralis\u00e9e et relativement l\u00e9gitime.<\/p>\n<h2>Un nouveau mod\u00e8le \u00e9nerg\u00e9tique<\/h2>\n<p>L\u2019APERe (association belge pour la promotion des \u00e9nergies renouvelables) d\u00e9plore ainsi \u00ab l\u2019absence de b\u00e9n\u00e9fices imm\u00e9diats et enviables pour les utilisateurs finaux. Ces derniers n\u2019ont, \u00e0 ce stade, aucuns avantages \u00e0 changer leurs compteurs. \u00bb<\/p>\n<p>Elle recadre le d\u00e9bat : \u00ab Le compteur intelligent est un simple outil, qui doit permettre l\u2019ouverture de nouveaux mod\u00e8les \u00e9conomiques, au b\u00e9n\u00e9fice notamment des citoyens. \u00bb<\/p>\n<p>Ces mod\u00e8les doivent notamment permettre de valoriser l\u2019\u00e9nergie solaire entre tous les utilisateurs locaux (entreprises, citoyens, pouvoirs publics, \u2026), dans une logique d\u2019information, sensibilisation et solidarit\u00e9.<\/p>\n<h2>L\u2019autoconsommation collective change la donne<\/h2>\n<p>Or le mod\u00e8le \u00e9conomique le plus m\u00fbr aujourd\u2019hui est le mod\u00e8le de l\u2019autoconsommation collective. Il s\u2019agit de rendre possible, par un cadre l\u00e9gal adapt\u00e9, le raccordement de plusieurs consommateurs situ\u00e9s dans un m\u00eame quartier \u00e0 une m\u00eame installation photovolta\u00efque locale.<\/p>\n<p>On peut imaginer de nombreux cas de figure : un particulier qui \u00e9quipe son toit et partage son surplus d\u2019\u00e9lectricit\u00e9 solaire \u00e0 ses voisins, une \u00e9cole qui alimente en \u00e9lectricit\u00e9 une biblioth\u00e8que et un magasin, une grande toiture qui alimente les entreprises d\u2019un zoning, une \u00e9glise qui partage son \u00e9lectricit\u00e9 avec son voisinage \u2026 Bref, tout devient possible.<\/p>\n<p>Lire notre article <a href=\"https:\/\/www.renouvelle.be\/fr\/technologies\/lautoconsommation-collective-un-modele-rentable-a-developper-en-belgique\" target=\"_blank\" rel=\"noopener\">L\u2019autoconsommation collective, un mod\u00e8le rentable \u00e0 d\u00e9velopper en Belgique<\/a>.<\/p>\n<p><img decoding=\"async\" alt=\"\" src=\"\/wp-content\/uploads\/2021\/02\/post\/autoconsomation-4.jpg\" style=\"width: 523px; height: 385px;\"><\/p>\n<p>Les retours d\u2019exp\u00e9rience en France et en Allemagne montrent que ce mod\u00e8le change la donne et permet, entre autres, de :<\/p>\n<ul>\n<li>&nbsp; Equiper en photovolta\u00efque les toitures de logements collectifs, au b\u00e9n\u00e9fice des locataires ;<\/li>\n<li>&nbsp; Rendre possible l\u2019acc\u00e8s \u00e0 l\u2019\u00e9nergie photovolta\u00efque aux allocataires sociaux ;<\/li>\n<li>&nbsp; Permettre une solidarit\u00e9 entre les personnes \u00e0 capacit\u00e9s d\u2019investissement et les autres ;<\/li>\n<li>&nbsp; R\u00e9duire la facture \u00e9nerg\u00e9tique des m\u00e9nages ;<\/li>\n<li>&nbsp; Informer les m\u00e9nages et les conscientiser sur leur int\u00e9r\u00eat \u00e9conomique \u00e0 consommer moins ;<\/li>\n<li>&nbsp; Faire \u00e9merger des \u00ab communaut\u00e9s \u00e9nerg\u00e9tiques \u00bb &#8211; selon la nouvelle impulsion europ\u00e9enne -, qu\u2019elles soient citoyennes, d\u2019entreprises, d\u2019\u00e9coles, de b\u00e2timents publics ou un peu de tout cela ;<\/li>\n<li>&nbsp; R\u00e9partir plus \u00e9quitablement le financement des r\u00e9seaux &#8211; et des communes &#8211; entre tous les consommateurs d\u2019\u00e9lectricit\u00e9, qu\u2019ils soient prosumers ou non.<\/li>\n<li>&nbsp; Mieux synchroniser les consommations et les productions d\u2019\u00e9lectricit\u00e9, sans syst\u00e9matiquement passer par une logique de batteries ;<\/li>\n<\/ul>\n<h2>Le compteur intelligent devient un atout<\/h2>\n<p>Or ce nouveau mod\u00e8le \u00e9conomique n\u00e9cessite, entre autres, des compteurs intelligents (communiquant). Les citoyens qui souhaitent y participer ont donc tout int\u00e9r\u00eat \u00e0 s\u2019\u00e9quiper d\u2019un tel outil afin d\u2019en tirer les b\u00e9n\u00e9fices \u00e9conomique, environnemental et sociale.<\/p>\n<p>En offrant des perspectives positives qui permettent aux m\u00e9nages de devenir, encore plus que maintenant, acteurs d\u2019un mod\u00e8le r\u00e9ellement b\u00e9n\u00e9fique pour tous et pour notre environnement, le compteur communiquant deviendra un atout pour le citoyen.<\/p>\n<p>&nbsp;<\/p>\n","protected":false},"excerpt":{"rendered":"<p>Le d\u00e9veloppement et l\u2019installation de compteurs intelligents chez les particuliers suscitent le d\u00e9bat dans plusieurs pays europ\u00e9ens, notamment en France et en Belgique. De quoi s\u2019agit-il ? Ce compteur communiquant, install\u00e9 \u00e0 domicile, permet de transmettre les donn\u00e9es de consommation d\u2019\u00e9lectricit\u00e9 au gestionnaire de r\u00e9seau de distribution (GRD), qui peut ainsi am\u00e9liorer \u2013 notamment &#8211; sa gestion du r\u00e9seau, l\u2019int\u00e9gration des productions d\u2019\u00e9nergies renouvelables, les \u00e9conomies structurelles d\u2019\u00e9nergie, la gestion de la fraude et des impay\u00e9s. Cette innovation technologique fait cependant face \u00e0 une lev\u00e9e de boucliers. Selon des citoyens, associations, professionnels ou politiques, ces compteurs seraient intrusifs (Quelle garantie sur la protection de la vie priv\u00e9e ?), co\u00fbteux (Qui payera l\u2019installation, le GRD ou le m\u00e9nage ?) ou encore synonyme de perte d\u2019emplois peu qualifi\u00e9s (les pr\u00e9pos\u00e9s aux relev\u00e9s de compteurs). On pourrait r\u00e9pondre \u00e0 chaque inqui\u00e9tude : les donn\u00e9es de consommations d\u2019\u00e9lectricit\u00e9 r\u00e9v\u00e8lent tr\u00e8s peu de choses sur la vie des occupants d\u2019un logement (bien moins que Google ou Facebook), le co\u00fbt d\u2019installation n\u2019est pas forc\u00e9ment pris en charge par le m\u00e9nage, dans la mesure o\u00f9 le remplacement du compteur s\u2019inscrit dans un sch\u00e9ma pr\u00e9vu, et les t\u00e9l\u00e9-relev\u00e9s de compteurs que les m\u00e9nages introduisent eux-m\u00eames en ligne ou par t\u00e9l\u00e9phone se substituent d\u00e9j\u00e0 au passage d\u2019un employ\u00e9 du GRD. Les compteurs intelligents ne sont donc peut-\u00eatre pas des objets d\u00e9moniaques, mais, fondamentalement, force est de constater que dans l\u2019\u00e9tat actuel ils n\u2019offrent aucuns avantages pour les m\u00e9nages. D\u2019o\u00f9 une r\u00e9ticence quasi-g\u00e9n\u00e9ralis\u00e9e et relativement l\u00e9gitime. Un nouveau mod\u00e8le \u00e9nerg\u00e9tique L\u2019APERe (association belge pour la promotion des \u00e9nergies renouvelables) d\u00e9plore ainsi \u00ab l\u2019absence de b\u00e9n\u00e9fices imm\u00e9diats et enviables pour les utilisateurs finaux. Ces derniers n\u2019ont, \u00e0 ce stade, aucuns avantages \u00e0 changer leurs compteurs. \u00bb Elle recadre le d\u00e9bat : &hellip; <a href=\"https:\/\/www.renouvelle.be\/fr\/et-si-les-compteurs-intelligents-offraient-un-benefice-aux-menages\/\" class=\"more-link\">Continue reading<span class=\"screen-reader-text\"> \u00ab\u00a0Et si les compteurs intelligents offraient un b\u00e9n\u00e9fice aux m\u00e9nages ?\u00a0\u00bb<\/span><\/a><\/p>\n","protected":false},"author":17,"featured_media":4560,"comment_status":"open","ping_status":"open","sticky":false,"template":"","format":"standard","meta":{"_acf_changed":false,"footnotes":""},"categories":[21],"tags":[],"section":[8],"class_list":["post-3571","post","type-post","status-publish","format-standard","has-post-thumbnail","hentry","category-debats","section-energie-renouvelables"],"acf":[],"yoast_head":"<!-- This site is optimized with the Yoast SEO plugin v27.5 - https:\/\/yoast.com\/product\/yoast-seo-wordpress\/ -->\n<title>Et si les compteurs intelligents offraient un b\u00e9n\u00e9fice aux m\u00e9nages ? - Renouvelle<\/title>\n<meta name=\"robots\" content=\"index, follow, max-snippet:-1, max-image-preview:large, max-video-preview:-1\" \/>\n<link rel=\"canonical\" href=\"https:\/\/www.renouvelle.be\/fr\/et-si-les-compteurs-intelligents-offraient-un-benefice-aux-menages\/\" \/>\n<meta property=\"og:locale\" content=\"fr_FR\" \/>\n<meta property=\"og:type\" content=\"article\" \/>\n<meta property=\"og:title\" content=\"Et si les compteurs intelligents offraient un b\u00e9n\u00e9fice aux m\u00e9nages ? - Renouvelle\" \/>\n<meta property=\"og:description\" content=\"Le d\u00e9veloppement et l\u2019installation de compteurs intelligents chez les particuliers suscitent le d\u00e9bat dans plusieurs pays europ\u00e9ens, notamment en France et en Belgique. De quoi s\u2019agit-il ? Ce compteur communiquant, install\u00e9 \u00e0 domicile, permet de transmettre les donn\u00e9es de consommation d\u2019\u00e9lectricit\u00e9 au gestionnaire de r\u00e9seau de distribution (GRD), qui peut ainsi am\u00e9liorer \u2013 notamment &#8211; sa gestion du r\u00e9seau, l\u2019int\u00e9gration des productions d\u2019\u00e9nergies renouvelables, les \u00e9conomies structurelles d\u2019\u00e9nergie, la gestion de la fraude et des impay\u00e9s. Cette innovation technologique fait cependant face \u00e0 une lev\u00e9e de boucliers. Selon des citoyens, associations, professionnels ou politiques, ces compteurs seraient intrusifs (Quelle garantie sur la protection de la vie priv\u00e9e ?), co\u00fbteux (Qui payera l\u2019installation, le GRD ou le m\u00e9nage ?) ou encore synonyme de perte d\u2019emplois peu qualifi\u00e9s (les pr\u00e9pos\u00e9s aux relev\u00e9s de compteurs). On pourrait r\u00e9pondre \u00e0 chaque inqui\u00e9tude : les donn\u00e9es de consommations d\u2019\u00e9lectricit\u00e9 r\u00e9v\u00e8lent tr\u00e8s peu de choses sur la vie des occupants d\u2019un logement (bien moins que Google ou Facebook), le co\u00fbt d\u2019installation n\u2019est pas forc\u00e9ment pris en charge par le m\u00e9nage, dans la mesure o\u00f9 le remplacement du compteur s\u2019inscrit dans un sch\u00e9ma pr\u00e9vu, et les t\u00e9l\u00e9-relev\u00e9s de compteurs que les m\u00e9nages introduisent eux-m\u00eames en ligne ou par t\u00e9l\u00e9phone se substituent d\u00e9j\u00e0 au passage d\u2019un employ\u00e9 du GRD. Les compteurs intelligents ne sont donc peut-\u00eatre pas des objets d\u00e9moniaques, mais, fondamentalement, force est de constater que dans l\u2019\u00e9tat actuel ils n\u2019offrent aucuns avantages pour les m\u00e9nages. D\u2019o\u00f9 une r\u00e9ticence quasi-g\u00e9n\u00e9ralis\u00e9e et relativement l\u00e9gitime. Un nouveau mod\u00e8le \u00e9nerg\u00e9tique L\u2019APERe (association belge pour la promotion des \u00e9nergies renouvelables) d\u00e9plore ainsi \u00ab l\u2019absence de b\u00e9n\u00e9fices imm\u00e9diats et enviables pour les utilisateurs finaux. Ces derniers n\u2019ont, \u00e0 ce stade, aucuns avantages \u00e0 changer leurs compteurs. \u00bb Elle recadre le d\u00e9bat : &hellip; Continue reading &quot;Et si les compteurs intelligents offraient un b\u00e9n\u00e9fice aux m\u00e9nages ?&quot;\" \/>\n<meta property=\"og:url\" content=\"https:\/\/www.renouvelle.be\/fr\/et-si-les-compteurs-intelligents-offraient-un-benefice-aux-menages\/\" \/>\n<meta property=\"og:site_name\" content=\"Renouvelle\" \/>\n<meta property=\"article:published_time\" content=\"2018-09-06T14:21:12+00:00\" \/>\n<meta property=\"article:modified_time\" content=\"2021-03-12T13:42:32+00:00\" \/>\n<meta property=\"og:image\" content=\"https:\/\/www.renouvelle.be\/wp-content\/uploads\/2021\/02\/istock-477245674.jpg\" \/>\n\t<meta property=\"og:image:width\" content=\"580\" \/>\n\t<meta property=\"og:image:height\" content=\"473\" \/>\n\t<meta property=\"og:image:type\" content=\"image\/jpeg\" \/>\n<meta name=\"author\" content=\"Benjamin WILKIN\" \/>\n<meta name=\"twitter:card\" content=\"summary_large_image\" \/>\n<script type=\"application\/ld+json\" class=\"yoast-schema-graph\">{\"@context\":\"https:\\\/\\\/schema.org\",\"@graph\":[{\"@type\":\"Article\",\"@id\":\"https:\\\/\\\/www.renouvelle.be\\\/fr\\\/et-si-les-compteurs-intelligents-offraient-un-benefice-aux-menages\\\/#article\",\"isPartOf\":{\"@id\":\"https:\\\/\\\/www.renouvelle.be\\\/fr\\\/et-si-les-compteurs-intelligents-offraient-un-benefice-aux-menages\\\/\"},\"author\":{\"name\":\"Benjamin WILKIN\",\"@id\":\"https:\\\/\\\/www.renouvelle.be\\\/fr\\\/#\\\/schema\\\/person\\\/20d41a25c5a48ee6500cc1a14288f058\"},\"headline\":\"Et si les compteurs intelligents offraient un b\u00e9n\u00e9fice aux m\u00e9nages ?\",\"datePublished\":\"2018-09-06T14:21:12+00:00\",\"dateModified\":\"2021-03-12T13:42:32+00:00\",\"mainEntityOfPage\":{\"@id\":\"https:\\\/\\\/www.renouvelle.be\\\/fr\\\/et-si-les-compteurs-intelligents-offraient-un-benefice-aux-menages\\\/\"},\"wordCount\":805,\"commentCount\":0,\"image\":{\"@id\":\"https:\\\/\\\/www.renouvelle.be\\\/fr\\\/et-si-les-compteurs-intelligents-offraient-un-benefice-aux-menages\\\/#primaryimage\"},\"thumbnailUrl\":\"https:\\\/\\\/www.renouvelle.be\\\/wp-content\\\/uploads\\\/2021\\\/02\\\/istock-477245674.jpg\",\"articleSection\":[\"D\u00e9bats\"],\"inLanguage\":\"fr-FR\",\"potentialAction\":[{\"@type\":\"CommentAction\",\"name\":\"Comment\",\"target\":[\"https:\\\/\\\/www.renouvelle.be\\\/fr\\\/et-si-les-compteurs-intelligents-offraient-un-benefice-aux-menages\\\/#respond\"]}]},{\"@type\":\"WebPage\",\"@id\":\"https:\\\/\\\/www.renouvelle.be\\\/fr\\\/et-si-les-compteurs-intelligents-offraient-un-benefice-aux-menages\\\/\",\"url\":\"https:\\\/\\\/www.renouvelle.be\\\/fr\\\/et-si-les-compteurs-intelligents-offraient-un-benefice-aux-menages\\\/\",\"name\":\"Et si les compteurs intelligents offraient un b\u00e9n\u00e9fice aux m\u00e9nages ? - Renouvelle\",\"isPartOf\":{\"@id\":\"https:\\\/\\\/www.renouvelle.be\\\/fr\\\/#website\"},\"primaryImageOfPage\":{\"@id\":\"https:\\\/\\\/www.renouvelle.be\\\/fr\\\/et-si-les-compteurs-intelligents-offraient-un-benefice-aux-menages\\\/#primaryimage\"},\"image\":{\"@id\":\"https:\\\/\\\/www.renouvelle.be\\\/fr\\\/et-si-les-compteurs-intelligents-offraient-un-benefice-aux-menages\\\/#primaryimage\"},\"thumbnailUrl\":\"https:\\\/\\\/www.renouvelle.be\\\/wp-content\\\/uploads\\\/2021\\\/02\\\/istock-477245674.jpg\",\"datePublished\":\"2018-09-06T14:21:12+00:00\",\"dateModified\":\"2021-03-12T13:42:32+00:00\",\"author\":{\"@id\":\"https:\\\/\\\/www.renouvelle.be\\\/fr\\\/#\\\/schema\\\/person\\\/20d41a25c5a48ee6500cc1a14288f058\"},\"breadcrumb\":{\"@id\":\"https:\\\/\\\/www.renouvelle.be\\\/fr\\\/et-si-les-compteurs-intelligents-offraient-un-benefice-aux-menages\\\/#breadcrumb\"},\"inLanguage\":\"fr-FR\",\"potentialAction\":[{\"@type\":\"ReadAction\",\"target\":[\"https:\\\/\\\/www.renouvelle.be\\\/fr\\\/et-si-les-compteurs-intelligents-offraient-un-benefice-aux-menages\\\/\"]}]},{\"@type\":\"ImageObject\",\"inLanguage\":\"fr-FR\",\"@id\":\"https:\\\/\\\/www.renouvelle.be\\\/fr\\\/et-si-les-compteurs-intelligents-offraient-un-benefice-aux-menages\\\/#primaryimage\",\"url\":\"https:\\\/\\\/www.renouvelle.be\\\/wp-content\\\/uploads\\\/2021\\\/02\\\/istock-477245674.jpg\",\"contentUrl\":\"https:\\\/\\\/www.renouvelle.be\\\/wp-content\\\/uploads\\\/2021\\\/02\\\/istock-477245674.jpg\",\"width\":580,\"height\":473},{\"@type\":\"BreadcrumbList\",\"@id\":\"https:\\\/\\\/www.renouvelle.be\\\/fr\\\/et-si-les-compteurs-intelligents-offraient-un-benefice-aux-menages\\\/#breadcrumb\",\"itemListElement\":[{\"@type\":\"ListItem\",\"position\":1,\"name\":\"Accueil\",\"item\":\"https:\\\/\\\/www.renouvelle.be\\\/fr\\\/\"},{\"@type\":\"ListItem\",\"position\":2,\"name\":\"Et si les compteurs intelligents offraient un b\u00e9n\u00e9fice aux m\u00e9nages ?\"}]},{\"@type\":\"WebSite\",\"@id\":\"https:\\\/\\\/www.renouvelle.be\\\/fr\\\/#website\",\"url\":\"https:\\\/\\\/www.renouvelle.be\\\/fr\\\/\",\"name\":\"Renouvelle\",\"description\":\"L&#039;actualit\u00e9 de l&#039;\u00e9nergie durable\",\"potentialAction\":[{\"@type\":\"SearchAction\",\"target\":{\"@type\":\"EntryPoint\",\"urlTemplate\":\"https:\\\/\\\/www.renouvelle.be\\\/fr\\\/?s={search_term_string}\"},\"query-input\":{\"@type\":\"PropertyValueSpecification\",\"valueRequired\":true,\"valueName\":\"search_term_string\"}}],\"inLanguage\":\"fr-FR\"},{\"@type\":\"Person\",\"@id\":\"https:\\\/\\\/www.renouvelle.be\\\/fr\\\/#\\\/schema\\\/person\\\/20d41a25c5a48ee6500cc1a14288f058\",\"name\":\"Benjamin WILKIN\",\"url\":\"https:\\\/\\\/www.renouvelle.be\\\/fr\\\/author\\\/benjaminwilkin\\\/\"}]}<\/script>\n<!-- \/ Yoast SEO plugin. -->","yoast_head_json":{"title":"Et si les compteurs intelligents offraient un b\u00e9n\u00e9fice aux m\u00e9nages ? - Renouvelle","robots":{"index":"index","follow":"follow","max-snippet":"max-snippet:-1","max-image-preview":"max-image-preview:large","max-video-preview":"max-video-preview:-1"},"canonical":"https:\/\/www.renouvelle.be\/fr\/et-si-les-compteurs-intelligents-offraient-un-benefice-aux-menages\/","og_locale":"fr_FR","og_type":"article","og_title":"Et si les compteurs intelligents offraient un b\u00e9n\u00e9fice aux m\u00e9nages ? - Renouvelle","og_description":"Le d\u00e9veloppement et l\u2019installation de compteurs intelligents chez les particuliers suscitent le d\u00e9bat dans plusieurs pays europ\u00e9ens, notamment en France et en Belgique. De quoi s\u2019agit-il ? Ce compteur communiquant, install\u00e9 \u00e0 domicile, permet de transmettre les donn\u00e9es de consommation d\u2019\u00e9lectricit\u00e9 au gestionnaire de r\u00e9seau de distribution (GRD), qui peut ainsi am\u00e9liorer \u2013 notamment &#8211; sa gestion du r\u00e9seau, l\u2019int\u00e9gration des productions d\u2019\u00e9nergies renouvelables, les \u00e9conomies structurelles d\u2019\u00e9nergie, la gestion de la fraude et des impay\u00e9s. Cette innovation technologique fait cependant face \u00e0 une lev\u00e9e de boucliers. Selon des citoyens, associations, professionnels ou politiques, ces compteurs seraient intrusifs (Quelle garantie sur la protection de la vie priv\u00e9e ?), co\u00fbteux (Qui payera l\u2019installation, le GRD ou le m\u00e9nage ?) ou encore synonyme de perte d\u2019emplois peu qualifi\u00e9s (les pr\u00e9pos\u00e9s aux relev\u00e9s de compteurs). On pourrait r\u00e9pondre \u00e0 chaque inqui\u00e9tude : les donn\u00e9es de consommations d\u2019\u00e9lectricit\u00e9 r\u00e9v\u00e8lent tr\u00e8s peu de choses sur la vie des occupants d\u2019un logement (bien moins que Google ou Facebook), le co\u00fbt d\u2019installation n\u2019est pas forc\u00e9ment pris en charge par le m\u00e9nage, dans la mesure o\u00f9 le remplacement du compteur s\u2019inscrit dans un sch\u00e9ma pr\u00e9vu, et les t\u00e9l\u00e9-relev\u00e9s de compteurs que les m\u00e9nages introduisent eux-m\u00eames en ligne ou par t\u00e9l\u00e9phone se substituent d\u00e9j\u00e0 au passage d\u2019un employ\u00e9 du GRD. Les compteurs intelligents ne sont donc peut-\u00eatre pas des objets d\u00e9moniaques, mais, fondamentalement, force est de constater que dans l\u2019\u00e9tat actuel ils n\u2019offrent aucuns avantages pour les m\u00e9nages. D\u2019o\u00f9 une r\u00e9ticence quasi-g\u00e9n\u00e9ralis\u00e9e et relativement l\u00e9gitime. Un nouveau mod\u00e8le \u00e9nerg\u00e9tique L\u2019APERe (association belge pour la promotion des \u00e9nergies renouvelables) d\u00e9plore ainsi \u00ab l\u2019absence de b\u00e9n\u00e9fices imm\u00e9diats et enviables pour les utilisateurs finaux. Ces derniers n\u2019ont, \u00e0 ce stade, aucuns avantages \u00e0 changer leurs compteurs. \u00bb Elle recadre le d\u00e9bat : &hellip; Continue reading \"Et si les compteurs intelligents offraient un b\u00e9n\u00e9fice aux m\u00e9nages ?\"","og_url":"https:\/\/www.renouvelle.be\/fr\/et-si-les-compteurs-intelligents-offraient-un-benefice-aux-menages\/","og_site_name":"Renouvelle","article_published_time":"2018-09-06T14:21:12+00:00","article_modified_time":"2021-03-12T13:42:32+00:00","og_image":[{"width":580,"height":473,"url":"https:\/\/www.renouvelle.be\/wp-content\/uploads\/2021\/02\/istock-477245674.jpg","type":"image\/jpeg"}],"author":"Benjamin WILKIN","twitter_card":"summary_large_image","schema":{"@context":"https:\/\/schema.org","@graph":[{"@type":"Article","@id":"https:\/\/www.renouvelle.be\/fr\/et-si-les-compteurs-intelligents-offraient-un-benefice-aux-menages\/#article","isPartOf":{"@id":"https:\/\/www.renouvelle.be\/fr\/et-si-les-compteurs-intelligents-offraient-un-benefice-aux-menages\/"},"author":{"name":"Benjamin WILKIN","@id":"https:\/\/www.renouvelle.be\/fr\/#\/schema\/person\/20d41a25c5a48ee6500cc1a14288f058"},"headline":"Et si les compteurs intelligents offraient un b\u00e9n\u00e9fice aux m\u00e9nages ?","datePublished":"2018-09-06T14:21:12+00:00","dateModified":"2021-03-12T13:42:32+00:00","mainEntityOfPage":{"@id":"https:\/\/www.renouvelle.be\/fr\/et-si-les-compteurs-intelligents-offraient-un-benefice-aux-menages\/"},"wordCount":805,"commentCount":0,"image":{"@id":"https:\/\/www.renouvelle.be\/fr\/et-si-les-compteurs-intelligents-offraient-un-benefice-aux-menages\/#primaryimage"},"thumbnailUrl":"https:\/\/www.renouvelle.be\/wp-content\/uploads\/2021\/02\/istock-477245674.jpg","articleSection":["D\u00e9bats"],"inLanguage":"fr-FR","potentialAction":[{"@type":"CommentAction","name":"Comment","target":["https:\/\/www.renouvelle.be\/fr\/et-si-les-compteurs-intelligents-offraient-un-benefice-aux-menages\/#respond"]}]},{"@type":"WebPage","@id":"https:\/\/www.renouvelle.be\/fr\/et-si-les-compteurs-intelligents-offraient-un-benefice-aux-menages\/","url":"https:\/\/www.renouvelle.be\/fr\/et-si-les-compteurs-intelligents-offraient-un-benefice-aux-menages\/","name":"Et si les compteurs intelligents offraient un b\u00e9n\u00e9fice aux m\u00e9nages ? - Renouvelle","isPartOf":{"@id":"https:\/\/www.renouvelle.be\/fr\/#website"},"primaryImageOfPage":{"@id":"https:\/\/www.renouvelle.be\/fr\/et-si-les-compteurs-intelligents-offraient-un-benefice-aux-menages\/#primaryimage"},"image":{"@id":"https:\/\/www.renouvelle.be\/fr\/et-si-les-compteurs-intelligents-offraient-un-benefice-aux-menages\/#primaryimage"},"thumbnailUrl":"https:\/\/www.renouvelle.be\/wp-content\/uploads\/2021\/02\/istock-477245674.jpg","datePublished":"2018-09-06T14:21:12+00:00","dateModified":"2021-03-12T13:42:32+00:00","author":{"@id":"https:\/\/www.renouvelle.be\/fr\/#\/schema\/person\/20d41a25c5a48ee6500cc1a14288f058"},"breadcrumb":{"@id":"https:\/\/www.renouvelle.be\/fr\/et-si-les-compteurs-intelligents-offraient-un-benefice-aux-menages\/#breadcrumb"},"inLanguage":"fr-FR","potentialAction":[{"@type":"ReadAction","target":["https:\/\/www.renouvelle.be\/fr\/et-si-les-compteurs-intelligents-offraient-un-benefice-aux-menages\/"]}]},{"@type":"ImageObject","inLanguage":"fr-FR","@id":"https:\/\/www.renouvelle.be\/fr\/et-si-les-compteurs-intelligents-offraient-un-benefice-aux-menages\/#primaryimage","url":"https:\/\/www.renouvelle.be\/wp-content\/uploads\/2021\/02\/istock-477245674.jpg","contentUrl":"https:\/\/www.renouvelle.be\/wp-content\/uploads\/2021\/02\/istock-477245674.jpg","width":580,"height":473},{"@type":"BreadcrumbList","@id":"https:\/\/www.renouvelle.be\/fr\/et-si-les-compteurs-intelligents-offraient-un-benefice-aux-menages\/#breadcrumb","itemListElement":[{"@type":"ListItem","position":1,"name":"Accueil","item":"https:\/\/www.renouvelle.be\/fr\/"},{"@type":"ListItem","position":2,"name":"Et si les compteurs intelligents offraient un b\u00e9n\u00e9fice aux m\u00e9nages ?"}]},{"@type":"WebSite","@id":"https:\/\/www.renouvelle.be\/fr\/#website","url":"https:\/\/www.renouvelle.be\/fr\/","name":"Renouvelle","description":"L&#039;actualit\u00e9 de l&#039;\u00e9nergie durable","potentialAction":[{"@type":"SearchAction","target":{"@type":"EntryPoint","urlTemplate":"https:\/\/www.renouvelle.be\/fr\/?s={search_term_string}"},"query-input":{"@type":"PropertyValueSpecification","valueRequired":true,"valueName":"search_term_string"}}],"inLanguage":"fr-FR"},{"@type":"Person","@id":"https:\/\/www.renouvelle.be\/fr\/#\/schema\/person\/20d41a25c5a48ee6500cc1a14288f058","name":"Benjamin WILKIN","url":"https:\/\/www.renouvelle.be\/fr\/author\/benjaminwilkin\/"}]}},"_links":{"self":[{"href":"https:\/\/www.renouvelle.be\/fr\/wp-json\/wp\/v2\/posts\/3571","targetHints":{"allow":["GET"]}}],"collection":[{"href":"https:\/\/www.renouvelle.be\/fr\/wp-json\/wp\/v2\/posts"}],"about":[{"href":"https:\/\/www.renouvelle.be\/fr\/wp-json\/wp\/v2\/types\/post"}],"author":[{"embeddable":true,"href":"https:\/\/www.renouvelle.be\/fr\/wp-json\/wp\/v2\/users\/17"}],"replies":[{"embeddable":true,"href":"https:\/\/www.renouvelle.be\/fr\/wp-json\/wp\/v2\/comments?post=3571"}],"version-history":[{"count":1,"href":"https:\/\/www.renouvelle.be\/fr\/wp-json\/wp\/v2\/posts\/3571\/revisions"}],"predecessor-version":[{"id":5727,"href":"https:\/\/www.renouvelle.be\/fr\/wp-json\/wp\/v2\/posts\/3571\/revisions\/5727"}],"wp:featuredmedia":[{"embeddable":true,"href":"https:\/\/www.renouvelle.be\/fr\/wp-json\/wp\/v2\/media\/4560"}],"wp:attachment":[{"href":"https:\/\/www.renouvelle.be\/fr\/wp-json\/wp\/v2\/media?parent=3571"}],"wp:term":[{"taxonomy":"category","embeddable":true,"href":"https:\/\/www.renouvelle.be\/fr\/wp-json\/wp\/v2\/categories?post=3571"},{"taxonomy":"post_tag","embeddable":true,"href":"https:\/\/www.renouvelle.be\/fr\/wp-json\/wp\/v2\/tags?post=3571"},{"taxonomy":"section","embeddable":true,"href":"https:\/\/www.renouvelle.be\/fr\/wp-json\/wp\/v2\/section?post=3571"}],"curies":[{"name":"wp","href":"https:\/\/api.w.org\/{rel}","templated":true}]}}