{"id":3554,"date":"2018-06-21T10:04:28","date_gmt":"2018-06-21T10:04:28","guid":{"rendered":""},"modified":"2018-06-21T10:04:28","modified_gmt":"2018-06-21T10:04:28","slug":"energie-climat-combien-demplois-sur-mon-territoire","status":"publish","type":"post","link":"https:\/\/www.renouvelle.be\/fr\/energie-climat-combien-demplois-sur-mon-territoire\/","title":{"rendered":"Energie-Climat : Combien d\u2019emplois sur mon territoire ?"},"content":{"rendered":"<p>Parce que la cr\u00e9ation d\u2019emplois est un argument d\u00e9cisif en faveurs de politiques, TETE a \u00e9t\u00e9 mis en place dans le but d\u2019encourager une politique climat-\u00e9nergie ambitieuse. L\u2019outil est param\u00e9tr\u00e9 pour r\u00e9aliser des es\u00adtimations d\u2019emplois de sc\u00e9narios \u00e9nerg\u00e9tiques, sur la p\u00e9riode 2018 &#8211; 2050. Cet outil profite \u00e9galement \u00e0 diff\u00e9rents types d\u2019utilisateurs&nbsp;comme : \u00ab&nbsp;<em>des collectivit\u00e9s territoriales, des associations locales, des services d\u00e9concentr\u00e9s de l\u2019Etat, des bureaux d\u2019\u00e9tudes, des acteurs de la formation et de l\u2019emploi.<\/em>&nbsp;\u00bb peut-on lire sur le <a href=\"https:\/\/territoires-emplois.org\/\" target=\"_blank\">site TETE<\/a>.<\/p>\n<p>A cela, pr\u00e9cisons les secteurs d\u2019activit\u00e9s trait\u00e9s par l\u2019outil&nbsp;:<\/p>\n<ul>\n<li>Energies renouvelables, B\u00e2timent et chaleur, Transport, \u00c9nergies non renouvelables.<\/li>\n<li>Des sous-secteurs non couverts : g\u00e9othermie moyenne et grande profondeur, nucl\u00e9aire etc.<\/li>\n<li>Secteurs d\u2019activit\u00e9s non couverts pour des raisons d\u2019accessibilit\u00e9 de donn\u00e9es : Agriculture, Branches industrielles (chimie, acier etc.).<\/li>\n<\/ul>\n<p>Pour conclure, TETE est enti\u00e8rement gratuit en open source, il vous suffit simplement de remplir un formulaire afin de rendre l\u2019outil accessible. Il se pr\u00e9sente sous forme d\u2019un tableur Excel avec un guide d\u2019utilisation. Si vous d\u00e9sirez ma\u00eetriser parfaitement l\u2019outil et jongler avec les donn\u00e9es, il vous est loisible de participer \u00e0 des formations en vous inscrivant via le <a href=\"https:\/\/cler.org\/association\/nos-formations\/\" target=\"_blank\">catalogue des formations du CLER<\/a>.<\/p>\n<p><img decoding=\"async\" alt=\"\" src=\"\/wp-content\/uploads\/2021\/02\/post\/tete.jpg\" style=\"width: 497px; height: 381px;\" \/><\/p>\n","protected":false},"excerpt":{"rendered":"<p>Parce que la cr\u00e9ation d\u2019emplois est un argument d\u00e9cisif en faveurs de politiques, TETE a \u00e9t\u00e9 mis en place dans le but d\u2019encourager une politique climat-\u00e9nergie ambitieuse. L\u2019outil est param\u00e9tr\u00e9 pour r\u00e9aliser des es\u00adtimations d\u2019emplois de sc\u00e9narios \u00e9nerg\u00e9tiques, sur la p\u00e9riode 2018 &#8211; 2050. Cet outil profite \u00e9galement \u00e0 diff\u00e9rents types d\u2019utilisateurs&nbsp;comme : \u00ab&nbsp;des collectivit\u00e9s territoriales, des associations locales, des services d\u00e9concentr\u00e9s de l\u2019Etat, des bureaux d\u2019\u00e9tudes, des acteurs de la formation et de l\u2019emploi.&nbsp;\u00bb peut-on lire sur le site TETE. A cela, pr\u00e9cisons les secteurs d\u2019activit\u00e9s trait\u00e9s par l\u2019outil&nbsp;: Energies renouvelables, B\u00e2timent et chaleur, Transport, \u00c9nergies non renouvelables. Des sous-secteurs non couverts : g\u00e9othermie moyenne et grande profondeur, nucl\u00e9aire etc. Secteurs d\u2019activit\u00e9s non couverts pour des raisons d\u2019accessibilit\u00e9 de donn\u00e9es : Agriculture, Branches industrielles (chimie, acier etc.). Pour conclure, TETE est enti\u00e8rement gratuit en open source, il vous suffit simplement de remplir un formulaire afin de rendre l\u2019outil accessible. Il se pr\u00e9sente sous forme d\u2019un tableur Excel avec un guide d\u2019utilisation. Si vous d\u00e9sirez ma\u00eetriser parfaitement l\u2019outil et jongler avec les donn\u00e9es, il vous est loisible de participer \u00e0 des formations en vous inscrivant via le catalogue des formations du CLER.<\/p>\n","protected":false},"author":22,"featured_media":4760,"comment_status":"open","ping_status":"open","sticky":false,"template":"","format":"standard","meta":{"_acf_changed":false,"footnotes":""},"categories":[19],"tags":[],"section":[8],"class_list":["post-3554","post","type-post","status-publish","format-standard","has-post-thumbnail","hentry","category-outils-categories","section-energie-renouvelables"],"acf":[],"yoast_head":"<!-- This site is optimized with the Yoast SEO plugin v27.4 - https:\/\/yoast.com\/product\/yoast-seo-wordpress\/ -->\n<title>Energie-Climat : Combien d\u2019emplois sur mon territoire ? - Renouvelle<\/title>\n<meta name=\"robots\" content=\"index, follow, max-snippet:-1, max-image-preview:large, max-video-preview:-1\" \/>\n<link rel=\"canonical\" href=\"https:\/\/www.renouvelle.be\/fr\/energie-climat-combien-demplois-sur-mon-territoire\/\" \/>\n<meta property=\"og:locale\" content=\"fr_FR\" \/>\n<meta property=\"og:type\" content=\"article\" \/>\n<meta property=\"og:title\" content=\"Energie-Climat : Combien d\u2019emplois sur mon territoire ? - Renouvelle\" \/>\n<meta property=\"og:description\" content=\"Parce que la cr\u00e9ation d\u2019emplois est un argument d\u00e9cisif en faveurs de politiques, TETE a \u00e9t\u00e9 mis en place dans le but d\u2019encourager une politique climat-\u00e9nergie ambitieuse. L\u2019outil est param\u00e9tr\u00e9 pour r\u00e9aliser des es\u00adtimations d\u2019emplois de sc\u00e9narios \u00e9nerg\u00e9tiques, sur la p\u00e9riode 2018 &#8211; 2050. Cet outil profite \u00e9galement \u00e0 diff\u00e9rents types d\u2019utilisateurs&nbsp;comme : \u00ab&nbsp;des collectivit\u00e9s territoriales, des associations locales, des services d\u00e9concentr\u00e9s de l\u2019Etat, des bureaux d\u2019\u00e9tudes, des acteurs de la formation et de l\u2019emploi.&nbsp;\u00bb peut-on lire sur le site TETE. A cela, pr\u00e9cisons les secteurs d\u2019activit\u00e9s trait\u00e9s par l\u2019outil&nbsp;: Energies renouvelables, B\u00e2timent et chaleur, Transport, \u00c9nergies non renouvelables. Des sous-secteurs non couverts : g\u00e9othermie moyenne et grande profondeur, nucl\u00e9aire etc. Secteurs d\u2019activit\u00e9s non couverts pour des raisons d\u2019accessibilit\u00e9 de donn\u00e9es : Agriculture, Branches industrielles (chimie, acier etc.). Pour conclure, TETE est enti\u00e8rement gratuit en open source, il vous suffit simplement de remplir un formulaire afin de rendre l\u2019outil accessible. Il se pr\u00e9sente sous forme d\u2019un tableur Excel avec un guide d\u2019utilisation. Si vous d\u00e9sirez ma\u00eetriser parfaitement l\u2019outil et jongler avec les donn\u00e9es, il vous est loisible de participer \u00e0 des formations en vous inscrivant via le catalogue des formations du CLER.\" \/>\n<meta property=\"og:url\" content=\"https:\/\/www.renouvelle.be\/fr\/energie-climat-combien-demplois-sur-mon-territoire\/\" \/>\n<meta property=\"og:site_name\" content=\"Renouvelle\" \/>\n<meta property=\"article:published_time\" content=\"2018-06-21T10:04:28+00:00\" \/>\n<meta property=\"og:image\" content=\"https:\/\/www.renouvelle.be\/wp-content\/uploads\/2021\/02\/tete2.jpg\" \/>\n\t<meta property=\"og:image:width\" content=\"580\" \/>\n\t<meta property=\"og:image:height\" content=\"316\" \/>\n\t<meta property=\"og:image:type\" content=\"image\/jpeg\" \/>\n<meta name=\"author\" content=\"Minh Ch\u00e2u BUI\" \/>\n<meta name=\"twitter:card\" content=\"summary_large_image\" \/>\n<script type=\"application\/ld+json\" class=\"yoast-schema-graph\">{\"@context\":\"https:\\\/\\\/schema.org\",\"@graph\":[{\"@type\":\"Article\",\"@id\":\"https:\\\/\\\/www.renouvelle.be\\\/fr\\\/energie-climat-combien-demplois-sur-mon-territoire\\\/#article\",\"isPartOf\":{\"@id\":\"https:\\\/\\\/www.renouvelle.be\\\/fr\\\/energie-climat-combien-demplois-sur-mon-territoire\\\/\"},\"author\":{\"name\":\"Minh Ch\u00e2u BUI\",\"@id\":\"https:\\\/\\\/www.renouvelle.be\\\/fr\\\/#\\\/schema\\\/person\\\/e7a0c9d6fbb987de79ecd5ccdccec356\"},\"headline\":\"Energie-Climat : Combien d\u2019emplois sur mon territoire ?\",\"datePublished\":\"2018-06-21T10:04:28+00:00\",\"mainEntityOfPage\":{\"@id\":\"https:\\\/\\\/www.renouvelle.be\\\/fr\\\/energie-climat-combien-demplois-sur-mon-territoire\\\/\"},\"wordCount\":239,\"commentCount\":0,\"image\":{\"@id\":\"https:\\\/\\\/www.renouvelle.be\\\/fr\\\/energie-climat-combien-demplois-sur-mon-territoire\\\/#primaryimage\"},\"thumbnailUrl\":\"https:\\\/\\\/www.renouvelle.be\\\/wp-content\\\/uploads\\\/2021\\\/02\\\/tete2.jpg\",\"articleSection\":[\"Outils\"],\"inLanguage\":\"fr-FR\",\"potentialAction\":[{\"@type\":\"CommentAction\",\"name\":\"Comment\",\"target\":[\"https:\\\/\\\/www.renouvelle.be\\\/fr\\\/energie-climat-combien-demplois-sur-mon-territoire\\\/#respond\"]}]},{\"@type\":\"WebPage\",\"@id\":\"https:\\\/\\\/www.renouvelle.be\\\/fr\\\/energie-climat-combien-demplois-sur-mon-territoire\\\/\",\"url\":\"https:\\\/\\\/www.renouvelle.be\\\/fr\\\/energie-climat-combien-demplois-sur-mon-territoire\\\/\",\"name\":\"Energie-Climat : Combien d\u2019emplois sur mon territoire ? - Renouvelle\",\"isPartOf\":{\"@id\":\"https:\\\/\\\/www.renouvelle.be\\\/fr\\\/#website\"},\"primaryImageOfPage\":{\"@id\":\"https:\\\/\\\/www.renouvelle.be\\\/fr\\\/energie-climat-combien-demplois-sur-mon-territoire\\\/#primaryimage\"},\"image\":{\"@id\":\"https:\\\/\\\/www.renouvelle.be\\\/fr\\\/energie-climat-combien-demplois-sur-mon-territoire\\\/#primaryimage\"},\"thumbnailUrl\":\"https:\\\/\\\/www.renouvelle.be\\\/wp-content\\\/uploads\\\/2021\\\/02\\\/tete2.jpg\",\"datePublished\":\"2018-06-21T10:04:28+00:00\",\"author\":{\"@id\":\"https:\\\/\\\/www.renouvelle.be\\\/fr\\\/#\\\/schema\\\/person\\\/e7a0c9d6fbb987de79ecd5ccdccec356\"},\"breadcrumb\":{\"@id\":\"https:\\\/\\\/www.renouvelle.be\\\/fr\\\/energie-climat-combien-demplois-sur-mon-territoire\\\/#breadcrumb\"},\"inLanguage\":\"fr-FR\",\"potentialAction\":[{\"@type\":\"ReadAction\",\"target\":[\"https:\\\/\\\/www.renouvelle.be\\\/fr\\\/energie-climat-combien-demplois-sur-mon-territoire\\\/\"]}]},{\"@type\":\"ImageObject\",\"inLanguage\":\"fr-FR\",\"@id\":\"https:\\\/\\\/www.renouvelle.be\\\/fr\\\/energie-climat-combien-demplois-sur-mon-territoire\\\/#primaryimage\",\"url\":\"https:\\\/\\\/www.renouvelle.be\\\/wp-content\\\/uploads\\\/2021\\\/02\\\/tete2.jpg\",\"contentUrl\":\"https:\\\/\\\/www.renouvelle.be\\\/wp-content\\\/uploads\\\/2021\\\/02\\\/tete2.jpg\",\"width\":580,\"height\":316},{\"@type\":\"BreadcrumbList\",\"@id\":\"https:\\\/\\\/www.renouvelle.be\\\/fr\\\/energie-climat-combien-demplois-sur-mon-territoire\\\/#breadcrumb\",\"itemListElement\":[{\"@type\":\"ListItem\",\"position\":1,\"name\":\"Accueil\",\"item\":\"https:\\\/\\\/www.renouvelle.be\\\/fr\\\/\"},{\"@type\":\"ListItem\",\"position\":2,\"name\":\"Energie-Climat : Combien d\u2019emplois sur mon territoire ?\"}]},{\"@type\":\"WebSite\",\"@id\":\"https:\\\/\\\/www.renouvelle.be\\\/fr\\\/#website\",\"url\":\"https:\\\/\\\/www.renouvelle.be\\\/fr\\\/\",\"name\":\"Renouvelle\",\"description\":\"L&#039;actualit\u00e9 de l&#039;\u00e9nergie durable\",\"potentialAction\":[{\"@type\":\"SearchAction\",\"target\":{\"@type\":\"EntryPoint\",\"urlTemplate\":\"https:\\\/\\\/www.renouvelle.be\\\/fr\\\/?s={search_term_string}\"},\"query-input\":{\"@type\":\"PropertyValueSpecification\",\"valueRequired\":true,\"valueName\":\"search_term_string\"}}],\"inLanguage\":\"fr-FR\"},{\"@type\":\"Person\",\"@id\":\"https:\\\/\\\/www.renouvelle.be\\\/fr\\\/#\\\/schema\\\/person\\\/e7a0c9d6fbb987de79ecd5ccdccec356\",\"name\":\"Minh Ch\u00e2u BUI\",\"url\":\"https:\\\/\\\/www.renouvelle.be\\\/fr\\\/author\\\/minhchaubui\\\/\"}]}<\/script>\n<!-- \/ Yoast SEO plugin. -->","yoast_head_json":{"title":"Energie-Climat : Combien d\u2019emplois sur mon territoire ? - Renouvelle","robots":{"index":"index","follow":"follow","max-snippet":"max-snippet:-1","max-image-preview":"max-image-preview:large","max-video-preview":"max-video-preview:-1"},"canonical":"https:\/\/www.renouvelle.be\/fr\/energie-climat-combien-demplois-sur-mon-territoire\/","og_locale":"fr_FR","og_type":"article","og_title":"Energie-Climat : Combien d\u2019emplois sur mon territoire ? - Renouvelle","og_description":"Parce que la cr\u00e9ation d\u2019emplois est un argument d\u00e9cisif en faveurs de politiques, TETE a \u00e9t\u00e9 mis en place dans le but d\u2019encourager une politique climat-\u00e9nergie ambitieuse. L\u2019outil est param\u00e9tr\u00e9 pour r\u00e9aliser des es\u00adtimations d\u2019emplois de sc\u00e9narios \u00e9nerg\u00e9tiques, sur la p\u00e9riode 2018 &#8211; 2050. Cet outil profite \u00e9galement \u00e0 diff\u00e9rents types d\u2019utilisateurs&nbsp;comme : \u00ab&nbsp;des collectivit\u00e9s territoriales, des associations locales, des services d\u00e9concentr\u00e9s de l\u2019Etat, des bureaux d\u2019\u00e9tudes, des acteurs de la formation et de l\u2019emploi.&nbsp;\u00bb peut-on lire sur le site TETE. A cela, pr\u00e9cisons les secteurs d\u2019activit\u00e9s trait\u00e9s par l\u2019outil&nbsp;: Energies renouvelables, B\u00e2timent et chaleur, Transport, \u00c9nergies non renouvelables. Des sous-secteurs non couverts : g\u00e9othermie moyenne et grande profondeur, nucl\u00e9aire etc. Secteurs d\u2019activit\u00e9s non couverts pour des raisons d\u2019accessibilit\u00e9 de donn\u00e9es : Agriculture, Branches industrielles (chimie, acier etc.). Pour conclure, TETE est enti\u00e8rement gratuit en open source, il vous suffit simplement de remplir un formulaire afin de rendre l\u2019outil accessible. Il se pr\u00e9sente sous forme d\u2019un tableur Excel avec un guide d\u2019utilisation. Si vous d\u00e9sirez ma\u00eetriser parfaitement l\u2019outil et jongler avec les donn\u00e9es, il vous est loisible de participer \u00e0 des formations en vous inscrivant via le catalogue des formations du CLER.","og_url":"https:\/\/www.renouvelle.be\/fr\/energie-climat-combien-demplois-sur-mon-territoire\/","og_site_name":"Renouvelle","article_published_time":"2018-06-21T10:04:28+00:00","og_image":[{"width":580,"height":316,"url":"https:\/\/www.renouvelle.be\/wp-content\/uploads\/2021\/02\/tete2.jpg","type":"image\/jpeg"}],"author":"Minh Ch\u00e2u BUI","twitter_card":"summary_large_image","schema":{"@context":"https:\/\/schema.org","@graph":[{"@type":"Article","@id":"https:\/\/www.renouvelle.be\/fr\/energie-climat-combien-demplois-sur-mon-territoire\/#article","isPartOf":{"@id":"https:\/\/www.renouvelle.be\/fr\/energie-climat-combien-demplois-sur-mon-territoire\/"},"author":{"name":"Minh Ch\u00e2u BUI","@id":"https:\/\/www.renouvelle.be\/fr\/#\/schema\/person\/e7a0c9d6fbb987de79ecd5ccdccec356"},"headline":"Energie-Climat : Combien d\u2019emplois sur mon territoire ?","datePublished":"2018-06-21T10:04:28+00:00","mainEntityOfPage":{"@id":"https:\/\/www.renouvelle.be\/fr\/energie-climat-combien-demplois-sur-mon-territoire\/"},"wordCount":239,"commentCount":0,"image":{"@id":"https:\/\/www.renouvelle.be\/fr\/energie-climat-combien-demplois-sur-mon-territoire\/#primaryimage"},"thumbnailUrl":"https:\/\/www.renouvelle.be\/wp-content\/uploads\/2021\/02\/tete2.jpg","articleSection":["Outils"],"inLanguage":"fr-FR","potentialAction":[{"@type":"CommentAction","name":"Comment","target":["https:\/\/www.renouvelle.be\/fr\/energie-climat-combien-demplois-sur-mon-territoire\/#respond"]}]},{"@type":"WebPage","@id":"https:\/\/www.renouvelle.be\/fr\/energie-climat-combien-demplois-sur-mon-territoire\/","url":"https:\/\/www.renouvelle.be\/fr\/energie-climat-combien-demplois-sur-mon-territoire\/","name":"Energie-Climat : Combien d\u2019emplois sur mon territoire ? - Renouvelle","isPartOf":{"@id":"https:\/\/www.renouvelle.be\/fr\/#website"},"primaryImageOfPage":{"@id":"https:\/\/www.renouvelle.be\/fr\/energie-climat-combien-demplois-sur-mon-territoire\/#primaryimage"},"image":{"@id":"https:\/\/www.renouvelle.be\/fr\/energie-climat-combien-demplois-sur-mon-territoire\/#primaryimage"},"thumbnailUrl":"https:\/\/www.renouvelle.be\/wp-content\/uploads\/2021\/02\/tete2.jpg","datePublished":"2018-06-21T10:04:28+00:00","author":{"@id":"https:\/\/www.renouvelle.be\/fr\/#\/schema\/person\/e7a0c9d6fbb987de79ecd5ccdccec356"},"breadcrumb":{"@id":"https:\/\/www.renouvelle.be\/fr\/energie-climat-combien-demplois-sur-mon-territoire\/#breadcrumb"},"inLanguage":"fr-FR","potentialAction":[{"@type":"ReadAction","target":["https:\/\/www.renouvelle.be\/fr\/energie-climat-combien-demplois-sur-mon-territoire\/"]}]},{"@type":"ImageObject","inLanguage":"fr-FR","@id":"https:\/\/www.renouvelle.be\/fr\/energie-climat-combien-demplois-sur-mon-territoire\/#primaryimage","url":"https:\/\/www.renouvelle.be\/wp-content\/uploads\/2021\/02\/tete2.jpg","contentUrl":"https:\/\/www.renouvelle.be\/wp-content\/uploads\/2021\/02\/tete2.jpg","width":580,"height":316},{"@type":"BreadcrumbList","@id":"https:\/\/www.renouvelle.be\/fr\/energie-climat-combien-demplois-sur-mon-territoire\/#breadcrumb","itemListElement":[{"@type":"ListItem","position":1,"name":"Accueil","item":"https:\/\/www.renouvelle.be\/fr\/"},{"@type":"ListItem","position":2,"name":"Energie-Climat : Combien d\u2019emplois sur mon territoire ?"}]},{"@type":"WebSite","@id":"https:\/\/www.renouvelle.be\/fr\/#website","url":"https:\/\/www.renouvelle.be\/fr\/","name":"Renouvelle","description":"L&#039;actualit\u00e9 de l&#039;\u00e9nergie durable","potentialAction":[{"@type":"SearchAction","target":{"@type":"EntryPoint","urlTemplate":"https:\/\/www.renouvelle.be\/fr\/?s={search_term_string}"},"query-input":{"@type":"PropertyValueSpecification","valueRequired":true,"valueName":"search_term_string"}}],"inLanguage":"fr-FR"},{"@type":"Person","@id":"https:\/\/www.renouvelle.be\/fr\/#\/schema\/person\/e7a0c9d6fbb987de79ecd5ccdccec356","name":"Minh Ch\u00e2u BUI","url":"https:\/\/www.renouvelle.be\/fr\/author\/minhchaubui\/"}]}},"_links":{"self":[{"href":"https:\/\/www.renouvelle.be\/fr\/wp-json\/wp\/v2\/posts\/3554","targetHints":{"allow":["GET"]}}],"collection":[{"href":"https:\/\/www.renouvelle.be\/fr\/wp-json\/wp\/v2\/posts"}],"about":[{"href":"https:\/\/www.renouvelle.be\/fr\/wp-json\/wp\/v2\/types\/post"}],"author":[{"embeddable":true,"href":"https:\/\/www.renouvelle.be\/fr\/wp-json\/wp\/v2\/users\/22"}],"replies":[{"embeddable":true,"href":"https:\/\/www.renouvelle.be\/fr\/wp-json\/wp\/v2\/comments?post=3554"}],"version-history":[{"count":0,"href":"https:\/\/www.renouvelle.be\/fr\/wp-json\/wp\/v2\/posts\/3554\/revisions"}],"wp:featuredmedia":[{"embeddable":true,"href":"https:\/\/www.renouvelle.be\/fr\/wp-json\/wp\/v2\/media\/4760"}],"wp:attachment":[{"href":"https:\/\/www.renouvelle.be\/fr\/wp-json\/wp\/v2\/media?parent=3554"}],"wp:term":[{"taxonomy":"category","embeddable":true,"href":"https:\/\/www.renouvelle.be\/fr\/wp-json\/wp\/v2\/categories?post=3554"},{"taxonomy":"post_tag","embeddable":true,"href":"https:\/\/www.renouvelle.be\/fr\/wp-json\/wp\/v2\/tags?post=3554"},{"taxonomy":"section","embeddable":true,"href":"https:\/\/www.renouvelle.be\/fr\/wp-json\/wp\/v2\/section?post=3554"}],"curies":[{"name":"wp","href":"https:\/\/api.w.org\/{rel}","templated":true}]}}